{"id":193080,"date":"2026-04-26T08:47:14","date_gmt":"2026-04-26T11:47:14","guid":{"rendered":"https:\/\/gysfm.com.ar\/inicio\/el-padre-del-cuti-romero-da-el-paso-confirmo-el-armado-de-un-equipo-para-competir-en-las-elecciones-de-belgrano\/"},"modified":"2026-04-26T08:47:14","modified_gmt":"2026-04-26T11:47:14","slug":"el-padre-del-cuti-romero-da-el-paso-confirmo-el-armado-de-un-equipo-para-competir-en-las-elecciones-de-belgrano","status":"publish","type":"post","link":"https:\/\/gysfm.com.ar\/inicio\/el-padre-del-cuti-romero-da-el-paso-confirmo-el-armado-de-un-equipo-para-competir-en-las-elecciones-de-belgrano\/","title":{"rendered":"El padre del Cuti Romero da el paso: confirm\u00f3 el armado de un equipo para competir en las elecciones de Belgrano"},"content":{"rendered":"<p><\/p>\n<div id=\"article-content\">\n<p>El pap\u00e1 del Cuti ya no coquetea con la pol\u00edtica de Belgrano: la trabaja. <a target=\"_blank\" href=\"https:\/\/www.perfil.com\/noticias\/cordoba\/el-padre-del-cuti-romero-candidato-a-presidente-en-belgrano.phtml\">\u201cKito\u201d Romero<\/a> confirm\u00f3 que <strong>se re\u00fane con regularidad junto a un grupo de personas con miras a competir en las pr\u00f3ximas elecciones<\/strong> del club de barrio Alberdi. La novedad da un contorno m\u00e1s preciso a una vocaci\u00f3n que \u00e9l mismo hab\u00eda dejado entrever p\u00fablicamente hace casi un a\u00f1o, y que en mayo de 2025 comenz\u00f3 a circular a partir de conversaciones en reuniones privadas de dirigentes vinculados al f\u00fatbol.<\/p>\n<p>\u00abEstamos trabajando, <strong>nos estamos juntando casi siempre con un grupo que nunca estuvo en ninguna comisi\u00f3n<\/strong>\u00ab, dijo Romero en el programa <strong>Punto y Aparte<\/strong>, por 90.7 Punto a Punto. Y precis\u00f3: \u00abSon toda gente nueva y estamos viendo qu\u00e9 se puede armar\u00bb.<\/p>\n<p class=\"destacadoNota\"><a target=\"_blank\" href=\"https:\/\/www.perfil.com\/noticias\/cordoba\/quien-quiere-ser-presidente-belgrano-avizora-la-sucesion-de-artime.phtml\">\u00bfQui\u00e9n quiere ser presidente?: Belgrano avizora la sucesi\u00f3n de Artime<\/a><\/p>\n<p>La declaraci\u00f3n marca un salto cualitativo respecto de sus manifestaciones anteriores. A lo largo del a\u00f1o pasado, \u00abKito\u00bb hab\u00eda expresado en reiteradas oportunidades su deseo de participar en la vida institucional del club, aunque siempre con cautela y sin precisar el formato. Esta vez, la existencia de un grupo de trabajo organizado convierte la intenci\u00f3n en un proceso en curso.<\/p>\n<p>El propio Romero se encarg\u00f3, sin embargo, de matizar el alcance de sus palabras. \u00ab<strong>Me gustar\u00eda ser parte de un proyecto, pero no ser contra alguien<\/strong>. No tengo nada contra nadie\u00bb, resalt\u00f3, consciente del riesgo de que su nombre quede asociado a una oposici\u00f3n personalizada.<\/p>\n<p>\u00abSi no, despu\u00e9s sale por todos lados: el pap\u00e1 del Cuti que quiere ir contra este, contra aquel otro, y no, no tengo nada contra nadie\u00bb, aclar\u00f3. El cuidado no es menor: cualquier movimiento pol\u00edtico de \u00abKito\u00bb arrastra inevitablemente la figura de su hijo, uno de los defensores m\u00e1s cotizados del mundo, actualmente en el Tottenham de la Premier League inglesa. \u00ab<strong>Yo siempre separo. Trato de no mezclar al Cuti<\/strong>\u00ab, insisti\u00f3.<\/p>\n<p style=\"text-align:center\"><picture><source media=\"(max-width: 440px)\" srcset=\"https:\/\/fotos.perfil.com\/\/2026\/04\/23\/440\/0\/kito-romero-2226446.jpg?webp\"\/><source media=\"(max-width: 1019px)\" srcset=\"https:\/\/fotos.perfil.com\/\/2026\/04\/23\/712\/0\/kito-romero-2226446.jpg?webp\"\/><img decoding=\"async\" style=\"max-width: 100%; width: 100%;\" alt=\"..\" height=\"500\" src=\"https:\/\/fotos.perfil.com\/\/2026\/04\/23\/900\/0\/kito-romero-2226446.jpg?webp\" width=\"728\" loading=\"lazy\"\/><\/picture><\/p>\n<p>El contexto en el que se inscribe esta movida es el de un Belgrano que empieza a procesar su propia sucesi\u00f3n. El actual presidente, Luis Fabi\u00e1n Artime, se aproxima al final de su segundo mandato, con la imposibilidad estatutaria de integrar la comisi\u00f3n directiva que deba asumir en abril de 2027.<\/p>\n<p>El escenario que se avizora es el de una contienda electoral con al menos dos o tres listas. Desde la agrupaci\u00f3n opositora \u00abSiempre Belgrano\u00bb, su referente Jos\u00e9 Mar\u00eda Romero V\u00e1zquez ya anticip\u00f3 a <a target=\"_blank\" href=\"https:\/\/www.perfil.com\/noticias\/cordoba\/quien-quiere-ser-presidente-belgrano-avizora-la-sucesion-de-artime.phtml\">PERFIL C\u00d3RDOBA<\/a> que competir\u00e1n: \u00abSiempre Belgrano va a competir en las pr\u00f3ximas elecciones\u00bb. Por su parte, en el sector oficialista de \u00abBelgrano Primero\u00bb, los nombres del tesorero Lucas Bustos y del vicepresidente 3\u00b0 Marcelo Carranza aparecen como los candidatos m\u00e1s probables para encabezar una propuesta de continuidad.<\/p>\n<p class=\"destacadoNota\"><a target=\"_blank\" href=\"https:\/\/www.perfil.com\/noticias\/cordoba\/el-padre-del-cuti-gana-terreno-en-la-politica-a-traves-del-futbol-y-acciones-solidarias.phtml\">El padre del \u2018Cuti\u2019 gana terreno en la pol\u00edtica a trav\u00e9s del f\u00fatbol y acciones solidarias<\/a><\/p>\n<p>En ese mapa, \u00abKito\u00bb Romero podr\u00eda representar una tercera v\u00eda, con un perfil alejado de los bloques ya consolidados. Su capital pol\u00edtico, construido fuera de las estructuras partidarias tradicionales, es precisamente lo que busca trasladar ahora al terreno institucional del f\u00fatbol.<\/p>\n<p>El hincha pasional y el posible dirigente conviven en \u00e9l sin contradicci\u00f3n aparente. \u00abPierde Belgrano y me amargo. Mi vida es Belgrano\u201d, confes\u00f3 entre risas durante la entrevista.<\/p>\n<\/p><\/div>\n<p><script>\n                !function(f,b,e,v,n,t,s)\n                {if(f.fbq)return;n=f.fbq=function(){n.callMethod?\n                    n.callMethod.apply(n,arguments):n.queue.push(arguments)};\n                    if(!f._fbq)f._fbq=n;n.push=n;n.loaded=!0;n.version='2.0';\n                    n.queue=[];t=b.createElement(e);t.async=!0;\n                    t.src=v;s=b.getElementsByTagName(e)[0];\n                    s.parentNode.insertBefore(t,s)}(window, document,'script',\n                    'https:\/\/connect.facebook.net\/en_US\/fbevents.js');\n                window.paywallConfig.facebook_pixel=\"1000228364089342\"\n            <\/script><\/p>\n","protected":false},"excerpt":{"rendered":"<p>El pap\u00e1 del Cuti ya no coquetea con la pol\u00edtica de Belgrano: la trabaja. \u201cKito\u201d Romero confirm\u00f3 que se re\u00fane con regularidad junto a un grupo de personas con miras a competir en las pr\u00f3ximas elecciones del club de barrio Alberdi. La novedad da un contorno m\u00e1s preciso a una vocaci\u00f3n que \u00e9l mismo hab\u00eda [&hellip;]<\/p>\n","protected":false},"author":2,"featured_media":193081,"comment_status":"closed","ping_status":"closed","sticky":false,"template":"","format":"standard","meta":{"footnotes":""},"categories":[25],"tags":[],"class_list":["post-193080","post","type-post","status-publish","format-standard","has-post-thumbnail","hentry","category-nacionales"],"yoast_head":"<!-- This site is optimized with the Yoast SEO plugin v24.4 - https:\/\/yoast.com\/wordpress\/plugins\/seo\/ -->\n<title>El padre del Cuti Romero da el paso: confirm\u00f3 el armado de un equipo para competir en las elecciones de Belgrano - GYS NOTICIAS |<\/title>\n<meta name=\"robots\" content=\"index, follow, max-snippet:-1, max-image-preview:large, max-video-preview:-1\" \/>\n<link rel=\"canonical\" href=\"https:\/\/gysfm.com.ar\/inicio\/el-padre-del-cuti-romero-da-el-paso-confirmo-el-armado-de-un-equipo-para-competir-en-las-elecciones-de-belgrano\/\" \/>\n<meta property=\"og:locale\" content=\"es_ES\" \/>\n<meta property=\"og:type\" content=\"article\" \/>\n<meta property=\"og:title\" content=\"El padre del Cuti Romero da el paso: confirm\u00f3 el armado de un equipo para competir en las elecciones de Belgrano - GYS NOTICIAS |\" \/>\n<meta property=\"og:description\" content=\"El pap\u00e1 del Cuti ya no coquetea con la pol\u00edtica de Belgrano: la trabaja. \u201cKito\u201d Romero confirm\u00f3 que se re\u00fane con regularidad junto a un grupo de personas con miras a competir en las pr\u00f3ximas elecciones del club de barrio Alberdi. La novedad da un contorno m\u00e1s preciso a una vocaci\u00f3n que \u00e9l mismo hab\u00eda [&hellip;]\" \/>\n<meta property=\"og:url\" content=\"https:\/\/gysfm.com.ar\/inicio\/el-padre-del-cuti-romero-da-el-paso-confirmo-el-armado-de-un-equipo-para-competir-en-las-elecciones-de-belgrano\/\" \/>\n<meta property=\"og:site_name\" content=\"GYS NOTICIAS |\" \/>\n<meta property=\"article:published_time\" content=\"2026-04-26T11:47:14+00:00\" \/>\n<meta property=\"og:image\" content=\"https:\/\/fotos.perfil.com\/\/2026\/04\/23\/900\/0\/kito-romero-2226446.jpg?webp\" \/>\n<meta name=\"author\" content=\"Prensa G&amp;S FM\" \/>\n<meta name=\"twitter:card\" content=\"summary_large_image\" \/>\n<meta name=\"twitter:label1\" content=\"Escrito por\" \/>\n\t<meta name=\"twitter:data1\" content=\"Prensa G&amp;S FM\" \/>\n\t<meta name=\"twitter:label2\" content=\"Tiempo de lectura\" \/>\n\t<meta name=\"twitter:data2\" content=\"3 minutos\" \/>\n<script type=\"application\/ld+json\" class=\"yoast-schema-graph\">{\"@context\":\"https:\/\/schema.org\",\"@graph\":[{\"@type\":\"Article\",\"@id\":\"https:\/\/gysfm.com.ar\/inicio\/el-padre-del-cuti-romero-da-el-paso-confirmo-el-armado-de-un-equipo-para-competir-en-las-elecciones-de-belgrano\/#article\",\"isPartOf\":{\"@id\":\"https:\/\/gysfm.com.ar\/inicio\/el-padre-del-cuti-romero-da-el-paso-confirmo-el-armado-de-un-equipo-para-competir-en-las-elecciones-de-belgrano\/\"},\"author\":{\"name\":\"Prensa G&amp;S FM\",\"@id\":\"https:\/\/gysfm.com.ar\/inicio\/#\/schema\/person\/3abba7593ef2ad19e1be221d54383dc5\"},\"headline\":\"El padre del Cuti Romero da el paso: confirm\u00f3 el armado de un equipo para competir en las elecciones de Belgrano\",\"datePublished\":\"2026-04-26T11:47:14+00:00\",\"mainEntityOfPage\":{\"@id\":\"https:\/\/gysfm.com.ar\/inicio\/el-padre-del-cuti-romero-da-el-paso-confirmo-el-armado-de-un-equipo-para-competir-en-las-elecciones-de-belgrano\/\"},\"wordCount\":583,\"publisher\":{\"@id\":\"https:\/\/gysfm.com.ar\/inicio\/#organization\"},\"image\":{\"@id\":\"https:\/\/gysfm.com.ar\/inicio\/el-padre-del-cuti-romero-da-el-paso-confirmo-el-armado-de-un-equipo-para-competir-en-las-elecciones-de-belgrano\/#primaryimage\"},\"thumbnailUrl\":\"https:\/\/gysfm.com.ar\/inicio\/wp-content\/uploads\/2026\/04\/victor-quito-romero-2226341.jpg\",\"articleSection\":[\"NACIONALES\"],\"inLanguage\":\"es\"},{\"@type\":\"WebPage\",\"@id\":\"https:\/\/gysfm.com.ar\/inicio\/el-padre-del-cuti-romero-da-el-paso-confirmo-el-armado-de-un-equipo-para-competir-en-las-elecciones-de-belgrano\/\",\"url\":\"https:\/\/gysfm.com.ar\/inicio\/el-padre-del-cuti-romero-da-el-paso-confirmo-el-armado-de-un-equipo-para-competir-en-las-elecciones-de-belgrano\/\",\"name\":\"El padre del Cuti Romero da el paso: confirm\u00f3 el armado de un equipo para competir en las elecciones de Belgrano - GYS NOTICIAS |\",\"isPartOf\":{\"@id\":\"https:\/\/gysfm.com.ar\/inicio\/#website\"},\"primaryImageOfPage\":{\"@id\":\"https:\/\/gysfm.com.ar\/inicio\/el-padre-del-cuti-romero-da-el-paso-confirmo-el-armado-de-un-equipo-para-competir-en-las-elecciones-de-belgrano\/#primaryimage\"},\"image\":{\"@id\":\"https:\/\/gysfm.com.ar\/inicio\/el-padre-del-cuti-romero-da-el-paso-confirmo-el-armado-de-un-equipo-para-competir-en-las-elecciones-de-belgrano\/#primaryimage\"},\"thumbnailUrl\":\"https:\/\/gysfm.com.ar\/inicio\/wp-content\/uploads\/2026\/04\/victor-quito-romero-2226341.jpg\",\"datePublished\":\"2026-04-26T11:47:14+00:00\",\"breadcrumb\":{\"@id\":\"https:\/\/gysfm.com.ar\/inicio\/el-padre-del-cuti-romero-da-el-paso-confirmo-el-armado-de-un-equipo-para-competir-en-las-elecciones-de-belgrano\/#breadcrumb\"},\"inLanguage\":\"es\",\"potentialAction\":[{\"@type\":\"ReadAction\",\"target\":[\"https:\/\/gysfm.com.ar\/inicio\/el-padre-del-cuti-romero-da-el-paso-confirmo-el-armado-de-un-equipo-para-competir-en-las-elecciones-de-belgrano\/\"]}]},{\"@type\":\"ImageObject\",\"inLanguage\":\"es\",\"@id\":\"https:\/\/gysfm.com.ar\/inicio\/el-padre-del-cuti-romero-da-el-paso-confirmo-el-armado-de-un-equipo-para-competir-en-las-elecciones-de-belgrano\/#primaryimage\",\"url\":\"https:\/\/gysfm.com.ar\/inicio\/wp-content\/uploads\/2026\/04\/victor-quito-romero-2226341.jpg\",\"contentUrl\":\"https:\/\/gysfm.com.ar\/inicio\/wp-content\/uploads\/2026\/04\/victor-quito-romero-2226341.jpg\",\"width\":1140,\"height\":641},{\"@type\":\"BreadcrumbList\",\"@id\":\"https:\/\/gysfm.com.ar\/inicio\/el-padre-del-cuti-romero-da-el-paso-confirmo-el-armado-de-un-equipo-para-competir-en-las-elecciones-de-belgrano\/#breadcrumb\",\"itemListElement\":[{\"@type\":\"ListItem\",\"position\":1,\"name\":\"Portada\",\"item\":\"https:\/\/gysfm.com.ar\/inicio\/\"},{\"@type\":\"ListItem\",\"position\":2,\"name\":\"El padre del Cuti Romero da el paso: confirm\u00f3 el armado de un equipo para competir en las elecciones de Belgrano\"}]},{\"@type\":\"WebSite\",\"@id\":\"https:\/\/gysfm.com.ar\/inicio\/#website\",\"url\":\"https:\/\/gysfm.com.ar\/inicio\/\",\"name\":\"GYS NOTICIAS |\",\"description\":\"DIARIO - RADIO ONLINE SAN JUAN ARGENTINA\",\"publisher\":{\"@id\":\"https:\/\/gysfm.com.ar\/inicio\/#organization\"},\"potentialAction\":[{\"@type\":\"SearchAction\",\"target\":{\"@type\":\"EntryPoint\",\"urlTemplate\":\"https:\/\/gysfm.com.ar\/inicio\/?s={search_term_string}\"},\"query-input\":{\"@type\":\"PropertyValueSpecification\",\"valueRequired\":true,\"valueName\":\"search_term_string\"}}],\"inLanguage\":\"es\"},{\"@type\":\"Organization\",\"@id\":\"https:\/\/gysfm.com.ar\/inicio\/#organization\",\"name\":\"GYS NOTICIAS |\",\"url\":\"https:\/\/gysfm.com.ar\/inicio\/\",\"logo\":{\"@type\":\"ImageObject\",\"inLanguage\":\"es\",\"@id\":\"https:\/\/gysfm.com.ar\/inicio\/#\/schema\/logo\/image\/\",\"url\":\"https:\/\/gysfm.com.ar\/inicio\/wp-content\/uploads\/2023\/07\/LOGOGYS-OK.png\",\"contentUrl\":\"https:\/\/gysfm.com.ar\/inicio\/wp-content\/uploads\/2023\/07\/LOGOGYS-OK.png\",\"width\":1170,\"height\":872,\"caption\":\"GYS NOTICIAS |\"},\"image\":{\"@id\":\"https:\/\/gysfm.com.ar\/inicio\/#\/schema\/logo\/image\/\"}},{\"@type\":\"Person\",\"@id\":\"https:\/\/gysfm.com.ar\/inicio\/#\/schema\/person\/3abba7593ef2ad19e1be221d54383dc5\",\"name\":\"Prensa G&amp;S FM\",\"image\":{\"@type\":\"ImageObject\",\"inLanguage\":\"es\",\"@id\":\"https:\/\/gysfm.com.ar\/inicio\/#\/schema\/person\/image\/\",\"url\":\"https:\/\/secure.gravatar.com\/avatar\/096ec78df02049ab018702bb4ccedf659377fa92a26540b5247612077a0dbd29?s=96&d=mm&r=g\",\"contentUrl\":\"https:\/\/secure.gravatar.com\/avatar\/096ec78df02049ab018702bb4ccedf659377fa92a26540b5247612077a0dbd29?s=96&d=mm&r=g\",\"caption\":\"Prensa G&amp;S FM\"},\"sameAs\":[\"https:\/\/gysfm.com.ar\/\"],\"url\":\"https:\/\/gysfm.com.ar\/inicio\/author\/lucasm\/\"}]}<\/script>\n<!-- \/ Yoast SEO plugin. -->","yoast_head_json":{"title":"El padre del Cuti Romero da el paso: confirm\u00f3 el armado de un equipo para competir en las elecciones de Belgrano - GYS NOTICIAS |","robots":{"index":"index","follow":"follow","max-snippet":"max-snippet:-1","max-image-preview":"max-image-preview:large","max-video-preview":"max-video-preview:-1"},"canonical":"https:\/\/gysfm.com.ar\/inicio\/el-padre-del-cuti-romero-da-el-paso-confirmo-el-armado-de-un-equipo-para-competir-en-las-elecciones-de-belgrano\/","og_locale":"es_ES","og_type":"article","og_title":"El padre del Cuti Romero da el paso: confirm\u00f3 el armado de un equipo para competir en las elecciones de Belgrano - GYS NOTICIAS |","og_description":"El pap\u00e1 del Cuti ya no coquetea con la pol\u00edtica de Belgrano: la trabaja. \u201cKito\u201d Romero confirm\u00f3 que se re\u00fane con regularidad junto a un grupo de personas con miras a competir en las pr\u00f3ximas elecciones del club de barrio Alberdi. La novedad da un contorno m\u00e1s preciso a una vocaci\u00f3n que \u00e9l mismo hab\u00eda [&hellip;]","og_url":"https:\/\/gysfm.com.ar\/inicio\/el-padre-del-cuti-romero-da-el-paso-confirmo-el-armado-de-un-equipo-para-competir-en-las-elecciones-de-belgrano\/","og_site_name":"GYS NOTICIAS |","article_published_time":"2026-04-26T11:47:14+00:00","og_image":[{"url":"https:\/\/fotos.perfil.com\/\/2026\/04\/23\/900\/0\/kito-romero-2226446.jpg?webp","type":"","width":"","height":""}],"author":"Prensa G&amp;S FM","twitter_card":"summary_large_image","twitter_misc":{"Escrito por":"Prensa G&amp;S FM","Tiempo de lectura":"3 minutos"},"schema":{"@context":"https:\/\/schema.org","@graph":[{"@type":"Article","@id":"https:\/\/gysfm.com.ar\/inicio\/el-padre-del-cuti-romero-da-el-paso-confirmo-el-armado-de-un-equipo-para-competir-en-las-elecciones-de-belgrano\/#article","isPartOf":{"@id":"https:\/\/gysfm.com.ar\/inicio\/el-padre-del-cuti-romero-da-el-paso-confirmo-el-armado-de-un-equipo-para-competir-en-las-elecciones-de-belgrano\/"},"author":{"name":"Prensa G&amp;S FM","@id":"https:\/\/gysfm.com.ar\/inicio\/#\/schema\/person\/3abba7593ef2ad19e1be221d54383dc5"},"headline":"El padre del Cuti Romero da el paso: confirm\u00f3 el armado de un equipo para competir en las elecciones de Belgrano","datePublished":"2026-04-26T11:47:14+00:00","mainEntityOfPage":{"@id":"https:\/\/gysfm.com.ar\/inicio\/el-padre-del-cuti-romero-da-el-paso-confirmo-el-armado-de-un-equipo-para-competir-en-las-elecciones-de-belgrano\/"},"wordCount":583,"publisher":{"@id":"https:\/\/gysfm.com.ar\/inicio\/#organization"},"image":{"@id":"https:\/\/gysfm.com.ar\/inicio\/el-padre-del-cuti-romero-da-el-paso-confirmo-el-armado-de-un-equipo-para-competir-en-las-elecciones-de-belgrano\/#primaryimage"},"thumbnailUrl":"https:\/\/gysfm.com.ar\/inicio\/wp-content\/uploads\/2026\/04\/victor-quito-romero-2226341.jpg","articleSection":["NACIONALES"],"inLanguage":"es"},{"@type":"WebPage","@id":"https:\/\/gysfm.com.ar\/inicio\/el-padre-del-cuti-romero-da-el-paso-confirmo-el-armado-de-un-equipo-para-competir-en-las-elecciones-de-belgrano\/","url":"https:\/\/gysfm.com.ar\/inicio\/el-padre-del-cuti-romero-da-el-paso-confirmo-el-armado-de-un-equipo-para-competir-en-las-elecciones-de-belgrano\/","name":"El padre del Cuti Romero da el paso: confirm\u00f3 el armado de un equipo para competir en las elecciones de Belgrano - GYS NOTICIAS |","isPartOf":{"@id":"https:\/\/gysfm.com.ar\/inicio\/#website"},"primaryImageOfPage":{"@id":"https:\/\/gysfm.com.ar\/inicio\/el-padre-del-cuti-romero-da-el-paso-confirmo-el-armado-de-un-equipo-para-competir-en-las-elecciones-de-belgrano\/#primaryimage"},"image":{"@id":"https:\/\/gysfm.com.ar\/inicio\/el-padre-del-cuti-romero-da-el-paso-confirmo-el-armado-de-un-equipo-para-competir-en-las-elecciones-de-belgrano\/#primaryimage"},"thumbnailUrl":"https:\/\/gysfm.com.ar\/inicio\/wp-content\/uploads\/2026\/04\/victor-quito-romero-2226341.jpg","datePublished":"2026-04-26T11:47:14+00:00","breadcrumb":{"@id":"https:\/\/gysfm.com.ar\/inicio\/el-padre-del-cuti-romero-da-el-paso-confirmo-el-armado-de-un-equipo-para-competir-en-las-elecciones-de-belgrano\/#breadcrumb"},"inLanguage":"es","potentialAction":[{"@type":"ReadAction","target":["https:\/\/gysfm.com.ar\/inicio\/el-padre-del-cuti-romero-da-el-paso-confirmo-el-armado-de-un-equipo-para-competir-en-las-elecciones-de-belgrano\/"]}]},{"@type":"ImageObject","inLanguage":"es","@id":"https:\/\/gysfm.com.ar\/inicio\/el-padre-del-cuti-romero-da-el-paso-confirmo-el-armado-de-un-equipo-para-competir-en-las-elecciones-de-belgrano\/#primaryimage","url":"https:\/\/gysfm.com.ar\/inicio\/wp-content\/uploads\/2026\/04\/victor-quito-romero-2226341.jpg","contentUrl":"https:\/\/gysfm.com.ar\/inicio\/wp-content\/uploads\/2026\/04\/victor-quito-romero-2226341.jpg","width":1140,"height":641},{"@type":"BreadcrumbList","@id":"https:\/\/gysfm.com.ar\/inicio\/el-padre-del-cuti-romero-da-el-paso-confirmo-el-armado-de-un-equipo-para-competir-en-las-elecciones-de-belgrano\/#breadcrumb","itemListElement":[{"@type":"ListItem","position":1,"name":"Portada","item":"https:\/\/gysfm.com.ar\/inicio\/"},{"@type":"ListItem","position":2,"name":"El padre del Cuti Romero da el paso: confirm\u00f3 el armado de un equipo para competir en las elecciones de Belgrano"}]},{"@type":"WebSite","@id":"https:\/\/gysfm.com.ar\/inicio\/#website","url":"https:\/\/gysfm.com.ar\/inicio\/","name":"GYS NOTICIAS |","description":"DIARIO - RADIO ONLINE SAN JUAN ARGENTINA","publisher":{"@id":"https:\/\/gysfm.com.ar\/inicio\/#organization"},"potentialAction":[{"@type":"SearchAction","target":{"@type":"EntryPoint","urlTemplate":"https:\/\/gysfm.com.ar\/inicio\/?s={search_term_string}"},"query-input":{"@type":"PropertyValueSpecification","valueRequired":true,"valueName":"search_term_string"}}],"inLanguage":"es"},{"@type":"Organization","@id":"https:\/\/gysfm.com.ar\/inicio\/#organization","name":"GYS NOTICIAS |","url":"https:\/\/gysfm.com.ar\/inicio\/","logo":{"@type":"ImageObject","inLanguage":"es","@id":"https:\/\/gysfm.com.ar\/inicio\/#\/schema\/logo\/image\/","url":"https:\/\/gysfm.com.ar\/inicio\/wp-content\/uploads\/2023\/07\/LOGOGYS-OK.png","contentUrl":"https:\/\/gysfm.com.ar\/inicio\/wp-content\/uploads\/2023\/07\/LOGOGYS-OK.png","width":1170,"height":872,"caption":"GYS NOTICIAS |"},"image":{"@id":"https:\/\/gysfm.com.ar\/inicio\/#\/schema\/logo\/image\/"}},{"@type":"Person","@id":"https:\/\/gysfm.com.ar\/inicio\/#\/schema\/person\/3abba7593ef2ad19e1be221d54383dc5","name":"Prensa G&amp;S FM","image":{"@type":"ImageObject","inLanguage":"es","@id":"https:\/\/gysfm.com.ar\/inicio\/#\/schema\/person\/image\/","url":"https:\/\/secure.gravatar.com\/avatar\/096ec78df02049ab018702bb4ccedf659377fa92a26540b5247612077a0dbd29?s=96&d=mm&r=g","contentUrl":"https:\/\/secure.gravatar.com\/avatar\/096ec78df02049ab018702bb4ccedf659377fa92a26540b5247612077a0dbd29?s=96&d=mm&r=g","caption":"Prensa G&amp;S FM"},"sameAs":["https:\/\/gysfm.com.ar\/"],"url":"https:\/\/gysfm.com.ar\/inicio\/author\/lucasm\/"}]}},"_links":{"self":[{"href":"https:\/\/gysfm.com.ar\/inicio\/wp-json\/wp\/v2\/posts\/193080","targetHints":{"allow":["GET"]}}],"collection":[{"href":"https:\/\/gysfm.com.ar\/inicio\/wp-json\/wp\/v2\/posts"}],"about":[{"href":"https:\/\/gysfm.com.ar\/inicio\/wp-json\/wp\/v2\/types\/post"}],"author":[{"embeddable":true,"href":"https:\/\/gysfm.com.ar\/inicio\/wp-json\/wp\/v2\/users\/2"}],"replies":[{"embeddable":true,"href":"https:\/\/gysfm.com.ar\/inicio\/wp-json\/wp\/v2\/comments?post=193080"}],"version-history":[{"count":0,"href":"https:\/\/gysfm.com.ar\/inicio\/wp-json\/wp\/v2\/posts\/193080\/revisions"}],"wp:featuredmedia":[{"embeddable":true,"href":"https:\/\/gysfm.com.ar\/inicio\/wp-json\/wp\/v2\/media\/193081"}],"wp:attachment":[{"href":"https:\/\/gysfm.com.ar\/inicio\/wp-json\/wp\/v2\/media?parent=193080"}],"wp:term":[{"taxonomy":"category","embeddable":true,"href":"https:\/\/gysfm.com.ar\/inicio\/wp-json\/wp\/v2\/categories?post=193080"},{"taxonomy":"post_tag","embeddable":true,"href":"https:\/\/gysfm.com.ar\/inicio\/wp-json\/wp\/v2\/tags?post=193080"}],"curies":[{"name":"wp","href":"https:\/\/api.w.org\/{rel}","templated":true}]}}