{"id":193078,"date":"2026-04-26T08:16:42","date_gmt":"2026-04-26T11:16:42","guid":{"rendered":"https:\/\/gysfm.com.ar\/inicio\/alejandro-de-la-fuente-cuba-termina-siendo-exactamente-lo-que-no-quiso-ser-en-la-revolucion-de-los-60\/"},"modified":"2026-04-26T08:16:42","modified_gmt":"2026-04-26T11:16:42","slug":"alejandro-de-la-fuente-cuba-termina-siendo-exactamente-lo-que-no-quiso-ser-en-la-revolucion-de-los-60","status":"publish","type":"post","link":"https:\/\/gysfm.com.ar\/inicio\/alejandro-de-la-fuente-cuba-termina-siendo-exactamente-lo-que-no-quiso-ser-en-la-revolucion-de-los-60\/","title":{"rendered":"Alejandro de la Fuente: \u201cCuba termina siendo exactamente lo que no quiso ser en la Revoluci\u00f3n de los 60\u201d"},"content":{"rendered":"<p><\/p>\n<div id=\"article-content\">\n<p><strong>\u2014La Revoluci\u00f3n Cubana del 59, que fue un acontecimiento pol\u00edtico, probablemente, el  m\u00e1s disruptivo de Am\u00e9rica Latina del siglo XX y que fue liderado por abogados de clase media, no obreros ni campesinos, que triunf\u00f3 en un pa\u00eds que no era el m\u00e1s pobre ni el m\u00e1s desigual de Am\u00e9rica Latina, y sin embargo, produjo el experimento socialista m\u00e1s duradero del hemisferio occidental. Me gustar\u00eda que primero nos introdujera en esta paradoja de lo que sucedi\u00f3 en Cuba en el a\u00f1o 1959. <\/strong><\/p>\n<p>\u2014Es un proceso que los contempor\u00e1neos mismos encontraron muy dif\u00edcil de explicar cuando fueron testigos de lo que estaba pasando en Cuba. Me gusta mucho una cita de un observador americano, que en los a\u00f1os 50, cuando le preguntaron lo que estaba pasando en Cuba, respondi\u00f3: \u201cEsta revoluci\u00f3n nace del coraz\u00f3n, no nace del est\u00f3mago\u201d. Cuba era un pa\u00eds que no era pobre, era un pa\u00eds con unos indicadores de bienestar social realmente altos dentro del contexto de Am\u00e9rica Latina. Y la generaci\u00f3n, el grupo de gente m\u00e1s bien joven que lidera ese movimiento, lo hace con un ansia democr\u00e1tica que era un ansia frustrada despu\u00e9s del experimento constitucional de los a\u00f1os 40. Y es por ah\u00ed que hay que entender el proceso revolucionario cubano, aunque hay tambi\u00e9n indicadores de desigualdad e indicadores estructurales que pueden ayudar a explicar ese proceso. <\/p>\n<p class=\"destacadoNota\">\u201cEn la Cuba de  principios de los 90 quedaban reservas de legitimidad que ya no existen hoy.\u201d<\/p>\n<div class=\"subscription\">\n<p>\n        Esto no les gusta a los autoritarios\n    <\/p>\n<div class=\"subscription__container\">\n<div class=\"subscription__text-wrapper\">\n<p>\n                El ejercicio del periodismo profesional y cr\u00edtico es un pilar fundamental de la democracia. Por eso molesta a quienes creen ser los due\u00f1os de la verdad.\n            <\/p>\n<\/p><\/div><\/div>\n<\/div>\n<p><strong>\u2014Usted se\u00f1al\u00f3 que el castrismo de 1971 no es el castrismo de 1978. \u00bfCu\u00e1les fueron los momentos de inflexi\u00f3n en los que la Revoluci\u00f3n cambi\u00f3 de naturaleza y se fue alejando de lo que originalmente la potenci\u00f3? <\/strong><\/p>\n<p>\u2014Si tuviera que establecer una temporalidad de ese cambio, creo que lo ubicar\u00eda probablemente hacia fines de los 60, y m\u00e1s precisamente en el a\u00f1o 1970, cuando la direcci\u00f3n del proceso revolucionario cubano deja de experimentar, de buscar, de imaginar, soluciones novedosas para afiliarse claramente con un modelo sovi\u00e9tico de direcci\u00f3n y planificaci\u00f3n de la econom\u00eda. Quiz\u00e1s el gran fracaso de la zafra azucarera de 1970, que se propon\u00eda producir diez millones de toneladas de az\u00facar y que nunca llega, es la expresi\u00f3n m\u00e1s clara de eso. Pero ese momento, adem\u00e1s, est\u00e1 caracterizado por una vuelta a una ortodoxia feroz, a una tremenda estrechez intelectual. Eso da paso a lo que algunos intelectuales cubanos han descrito como el quinquenio gris, en el que se pasa de la exuberancia revolucionaria y juvenil de los a\u00f1os 60 a una ortodoxia sovi\u00e9tica de corte estalinista en los a\u00f1os 70. Una expresi\u00f3n cultural bastante clara de eso es el proceso nefasto y muy triste del poeta Heberto Padilla y su famoso mea culpa p\u00fablica, un proceso estalinista por excelencia, que muestra de alguna manera el fin del per\u00edodo m\u00e1s rom\u00e1ntico del proceso revolucionario. La ruptura con una buena parte, adem\u00e1s de la intelectualidad latinoamericana progresista, que se aleja en ese momento del proyecto revolucionario cubano, que en realidad deja de ser revolucionario para convertirse en otra cosa. <\/p>\n<p><iframe id=\"vrudo\" class=\"vrudo\" src=\"https:\/\/rudo.video\/vod\/bWqt4P?volume=0\" width=\"100%\" height=\"100%\" allowscriptaccess=\"always\" allowfullscreen=\"true\" webkitallowfullscreen=\"true\" frameborder=\"0\" scrolling=\"no\" allow=\"autoplay; fullscreen\" loading=\"lazy\" title=\"Contenido embebido\"><\/iframe><\/p>\n<p><strong>\u2014El per\u00edodo especial de los 90 y la crisis actual comparten la variable del colapso energ\u00e9tico y tambi\u00e9n la escasez. Si tuvi\u00e9ramos que establecer una diferencia conceptual entre ambos momentos, podr\u00edamos decir que el per\u00edodo especial se trat\u00f3 de una crisis del modelo econ\u00f3mico, mientras que hoy estamos frente a una crisis, no s\u00e9 si llamarlo as\u00ed, de la sociedad misma. <\/strong><\/p>\n<p>\u2014Lo que hace especial el llamado per\u00edodo especial es que ni es tan especial ni es tan per\u00edodo. Es el hecho de que, en el contexto de las d\u00e9cadas anteriores, es un momento de inflexi\u00f3n por la ca\u00edda de la Uni\u00f3n Sovi\u00e9tica. Todo el modelo que se hab\u00eda construido justamente a partir de los 70, de una dependencia clara, pero predecible de los subsidios sovi\u00e9ticos, colapsa a principios de los 90. No hay nada de especial del colapso de hoy, porque de alguna manera, el colapso de hoy ya es conocido, precisamente por la existencia del per\u00edodo especial. Pero quiz\u00e1s todav\u00eda en la Cuba de principios de los 90 quedaban reservas de legitimidad que ya no existen hoy. En los 90 todav\u00eda exist\u00eda el liderazgo hist\u00f3rico de la Revoluci\u00f3n, ese liderazgo ya no existe despu\u00e9s de la muerte de Fidel Castro. Y el colapso de hoy ya no es solo un colapso econ\u00f3mico, es un colapso que abarca muchos sectores de la vida nacional. Es dif\u00edcil pensar en un sector que no est\u00e1 tocado por ese colapso. En ese sentido, lo que estamos viviendo hoy es bastante diferente al llamado per\u00edodo especial de los 90. <\/p>\n<p><strong>\u2014Desde 2021, hace cinco a\u00f1os, uno de cada cinco cubanos abandon\u00f3 la isla. La historia de la di\u00e1spora cubana, la del 59, la del Mariel, la de los balseros, la del 94, muestra que cada oleada migratoria termin\u00f3 siendo parte constitutiva de la identidad y la pol\u00edtica cubana. \u00bfEs esta di\u00e1spora cualitativamente distinta a las anteriores o responde a la misma l\u00f3gica hist\u00f3rica de una sociedad que resuelve su crisis exportando poblaci\u00f3n? <\/strong><\/p>\n<p>\u2014Hay un elemento de continuidad que est\u00e1 incluido en la pregunta si cada crisis genera nuevas oleadas de migrantes. Pero creo que hay algo cualitativamente muy diferente en esta ocasi\u00f3n. En ocasiones anteriores, la gente hu\u00eda a partir en muchos casos de discrepancias pol\u00edticas con un sistema pol\u00edtico cerrado, en el que hab\u00eda muy poco espacio al disenso, muy poco espacio a la cr\u00edtica, muy poco espacio a formas de vida alternativas que pudieran encajar dentro de la naci\u00f3n. Hoy en d\u00eda asistimos a una estampida. Lo que ha ocurrido en Cuba en los \u00faltimos cuatro o cinco a\u00f1os es una estampida de gente joven que sale despavorida de ese pa\u00eds en busca de oportunidades de vida en el sentido m\u00e1s b\u00e1sico de la palabra. Ya no estamos necesariamente hablando de discrepancias con ciertos aspectos de la vida del pa\u00eds. Ahora estamos hablando simplemente de la posibilidad de sobrevivir, algo que se ha vuelto muy dif\u00edcil en Cuba. Aunque hay continuidades que pueden ubicar a este \u00e9xodo m\u00e1s reciente en una temporalidad mayor, creo que tambi\u00e9n ese \u00e9xodo tiene especificidades muy claras. Y adem\u00e1s estamos hablando de gente joven que sale del pa\u00eds, mujeres en edad reproductiva que a su vez hacen de la sociedad cubana o de la sociedad que queda en Cuba, una sociedad cada vez m\u00e1s improductiva, m\u00e1s anciana, con una pir\u00e1mide poblacional invertida; eso tambi\u00e9n la distingue de alguna de las oleadas migratorias anteriores. <\/p>\n<p class=\"destacadoNota\">\u201cLa dependencia de un modelo de subsidios externos es el gran fracaso de la gesti\u00f3n.\u201d<\/p>\n<p><strong>\u2014El colapso de los servicios p\u00fablicos, salud, educaci\u00f3n y transporte sugiere que el Estado cubano dej\u00f3 de cumplir sus funciones, que hist\u00f3ricamente legitimaban a la Revoluci\u00f3n. \u00bfEstamos entonces ante una crisis de gesti\u00f3n m\u00e1s que un cambio de conducci\u00f3n que podr\u00e1 revertirse en el futuro o estamos ante un agotamiento definitivo de un modelo que nunca pudo sostenerse sin un patrocinador externo, en una \u00e9poca la Uni\u00f3n Sovi\u00e9tica y luego Venezuela?<\/strong><\/p>\n<p>\u2014La dependencia de un modelo de subsidios externos es el gran fracaso de la gesti\u00f3n. Es decir, parte del problema es que el grupo gobernante actual es un grupo que si yo tuviera que caracterizarlo con una palabra, ser\u00eda incompetencia. Es un grupo que ha sido incapaz de resolver los problemas b\u00e1sicos de la naci\u00f3n, en parte porque es un grupo que continu\u00f3 aferrado a un modelo que depend\u00eda efectivamente de subsidios externos. Y la dependencia de esos subsidios externos hac\u00eda a Cuba por definici\u00f3n; es extraordinariamente vulnerable. Eso ya pas\u00f3 en los 90, con la ca\u00edda de la Uni\u00f3n Sovi\u00e9tica, y acaba de volver a pasar ahora por otras razones. Es curioso, porque la Revoluci\u00f3n en gran medida se hace para romper las dependencias externas de la naci\u00f3n cubana. Y Cuba termina siendo mucho m\u00e1s, mucho m\u00e1s dependiente de lo que nunca fue durante el per\u00edodo republicano. Los niveles de dependencia externa de Cuba en los a\u00f1os 80, por ejemplo, con el mercado sovi\u00e9tico, son superiores a la dependencia con el mercado americano antes de la Revoluci\u00f3n. Entonces, Cuba termina siendo exactamente lo que no quiso ser en el momento revolucionario de los a\u00f1os 60. <\/p>\n<div style=\"text-align:center\">\n<figure class=\"image\" style=\"display:inline-block\"><picture><source media=\"(max-width: 440px)\" srcset=\"https:\/\/fotos.perfil.com\/\/2026\/04\/26\/440\/0\/alejandro-de-la-fuente-hablo-de-cuba-en-periodismo-puro-con-jorge-fontevecchia-2227656.jpg?webp\"\/><source media=\"(max-width: 1019px)\" srcset=\"https:\/\/fotos.perfil.com\/\/2026\/04\/26\/712\/0\/alejandro-de-la-fuente-hablo-de-cuba-en-periodismo-puro-con-jorge-fontevecchia-2227656.jpg?webp\"\/><img decoding=\"async\" style=\"max-width: 100%; width: 100%;\" alt=\"Alejandro de la Fuente habl\u00f3 de Cuba en Periodismo Puro, con Jorge Fontevecchia.\" src=\"https:\/\/fotos.perfil.com\/\/2026\/04\/26\/900\/0\/alejandro-de-la-fuente-hablo-de-cuba-en-periodismo-puro-con-jorge-fontevecchia-2227656.jpg?webp\" loading=\"lazy\"\/><\/picture><figcaption>TRUMP, EL BLOQUEO Y LA PARADOJA OBAMA. \u201cObama va a Cuba, un presidente americano que hace un esfuerzo por cambiar el tono de las relaciones entre Cuba y los Estados Unidos\u201d. (FOTO MARCELO DUBINI)<\/figcaption><\/figure>\n<\/p><\/div>\n<p><strong>\u2014La generaci\u00f3n cubana actual creci\u00f3, en su mayor\u00eda, sin haber conocido a Fidel Castro, con acceso a internet, con una relaci\u00f3n completamente distinta con el relato revolucionario. La pregunta es si esa ruptura generacional con aquel mito fundacional es lo que hace irreversible esta crisis, a diferencia de todas las anteriores, en la que hab\u00eda todav\u00eda una generaci\u00f3n dispuesta a sostener la Revoluci\u00f3n. <\/strong><\/p>\n<p>\u2014La historia de Cuba, del siglo XX y del XXI frecuentemente se cuenta a trav\u00e9s de generaciones, y creo que es acertado pensar en esta generaci\u00f3n como un momento espec\u00edfico y diferente, en el sentido, sobre todo, de que esta ya es una generaci\u00f3n que crece. La Revoluci\u00f3n Cubana at\u00f3 el concepto mismo de naci\u00f3n al proyecto revolucionario. Es decir, no hab\u00eda naci\u00f3n sin Revoluci\u00f3n. Al dejar de existir la Revoluci\u00f3n, al colapsar la Revoluci\u00f3n, colapsa tambi\u00e9n un modelo de naci\u00f3n que antes del 59 ten\u00eda otros anclajes, culturales, ideol\u00f3gicos. Hab\u00eda otras mitolog\u00edas que sosten\u00edan esa idea. Lo que m\u00e1s me preocupa es que esta generaci\u00f3n crece sin ninguna de esas mitolog\u00edas, sin ninguno de esos anclajes, y que el \u00fanico anclaje que estaba a su disposici\u00f3n ha desaparecido o ha fracasado rotundamente. De manera que en estos momentos, si hay algo que distingue la coyuntura actual es que el proyecto mismo de naci\u00f3n est\u00e1 en peligro. <\/p>\n<p class=\"destacadoNota\">\u201cSi hay algo que distingue la coyuntura actual es que el proyecto mismo de<br \/>naci\u00f3n est\u00e1 en peligro.\u201d<\/p>\n<p><strong>\u2014Desde John Fitzgerald Kennedy con el embargo, los episodios de Bah\u00eda de Cochinos, con la crisis de los misiles, con la pol\u00edtica hacia Cuba que combin\u00f3 aislamiento y presi\u00f3n directa, \u00bfpodr\u00edamos decir que este momento fundacional defini\u00f3 un patr\u00f3n que, con matices, se repite hasta hoy en esa resistencia a los Estados Unidos? <\/strong><\/p>\n<p>\u2014De nuevo, volvemos al tema de las temporalidades y las continuidades. Hay algo de eso, pero tambi\u00e9n cuando uno va a pensar las relaciones entre Cuba y los Estados Unidos, especialmente desde fines del siglo XIX, es una relaci\u00f3n muy \u00edntima, con todos los problemas que tiene cualquier intimidad y todas las tensiones que implica cualquier intimidad. Despu\u00e9s del per\u00edodo revolucionario hay, por supuesto, una soberbia imperial que no puede admitir que Cuba busque un camino independiente de existencia m\u00e1s all\u00e1 de la influencia americana. Eso es una parte muy importante de la historia. Si uno mira esas relaciones con cuidado, tambi\u00e9n va a encontrar que siempre que hubo una oportunidad para mejorar las relaciones con los Estados Unidos; las autoridades cubanas hicieron todo lo posible por impedir que eso sucediera. En parte, eso es porque el conflicto con los Estados Unidos se convirti\u00f3 en uno de los fundamentos de legitimaci\u00f3n del gobierno cubano y ya no sab\u00eda lidiar con el gobierno americano desde una posici\u00f3n que no fuera la confrontaci\u00f3n. El ejemplo m\u00e1s dram\u00e1tico y m\u00e1s triste de eso es la oportunidad que se pierde durante la administraci\u00f3n del presidente Obama, que crea unas oportunidades que son ol\u00edmpicamente destruidas por la direcci\u00f3n cubana. <\/p>\n<p><strong>\u2014D\u00e9jeme ir un paso atr\u00e1s. La administraci\u00f3n de Jimmy Carter ensay\u00f3 primero un intento de distensi\u00f3n en los 70 que no prosper\u00f3. \u00bfEn qu\u00e9 se diferencia aquel acercamiento de los 70 de este \u00faltimo de Obama que usted menciona? <\/strong><\/p>\n<p>\u2014Es una excelente analog\u00eda, porque ah\u00ed hay otra oportunidad que se pierde o es directamente saboteada, como uno lo quiera mirar, especialmente por la participaci\u00f3n cubana en los conflictos de \u00c1frica. Pero la diferencia fundamental es que en los 70 Cuba ten\u00eda el apoyo garantizado de la Uni\u00f3n Sovi\u00e9tica, y ese apoyo ya no exist\u00eda cuando tiene lugar la apertura con Obama. Hay otra diferencia importante: Obama va a Cuba, aqu\u00ed tenemos un presidente americano que hace un esfuerzo por cambiar el tono de las relaciones entre Cuba y los Estados Unidos, que viaja con una delegaci\u00f3n de empresarios de primer nivel, dispuesto realmente a cambiar el tono de las relaciones entre los dos pa\u00edses. Y apenas un mes despu\u00e9s, esa visita es descrita por el canciller cubano, en una declaraci\u00f3n oficial, como un ataque a la naci\u00f3n cubana. Fidel Castro, que a\u00fan viv\u00eda, publica un art\u00edculo nefasto con el t\u00edtulo El hermano Obama, de una manera, por supuesto, ir\u00f3nica, donde refuerza la noci\u00f3n de que, aun con el disfraz de amigo estamos hablando del imperialismo, y el imperialismo es el enemigo. Entonces, enseguida se vuelve a colocar a los Estados Unidos en la cuerda tradicional de la ret\u00f3rica del imperialismo, el enemigo. Y se pierde esa oportunidad, en un momento en el que todav\u00eda exist\u00eda el apoyo del chavismo, pero ya no era el mundo de los 70. Entonces, creo que esa es una oportunidad hist\u00f3rica, malgastada, saboteada, perdida. Y francamente, creo que es imperdonable, porque a fin de cuentas, si hay una tarea importante que cualquier gobernante de Cuba tiene es encontrar una manera digna y decorosa de convivencia con los Estados Unidos. Esa oportunidad estuvo ah\u00ed y fue destruida. <\/p>\n<p class=\"destacadoNota\">\u201cEl colapso cubano no comenz\u00f3 con la orden presidencial de Trump de enero <br \/>de este a\u00f1o.\u201d<\/p>\n<p><strong>\u2014Usted dijo textualmente que es tr\u00e1gico que Trump logre por la fuerza lo que Obama intent\u00f3 lograr por cooperaci\u00f3n. \u00bfEsa tragedia que usted se\u00f1ala, entonces, es una cuesti\u00f3n de m\u00e9todo, de timing hist\u00f3rico, donde Cuba llega a esta negociaci\u00f3n en el peor momento posible? <\/strong><\/p>\n<p>\u2014Cuba no estuvo nunca tan d\u00e9bil como ahora. Ni siquiera en 1898. La naci\u00f3n cubana est\u00e1 en un momento de debilidad extrema. Es importante decir que el colapso cubano no comenz\u00f3 con la orden presidencial de Trump de enero de este a\u00f1o. El colapso cubano ya ven\u00eda avanzando desde antes, los apagones, el problema con el suministro de combustible, que ya no era tan regular como lo fue en el pasado, los impagos a los inversionistas externos, la ca\u00edda dram\u00e1tica del turismo, varios episodios epid\u00e9micos en Cuba, en un pa\u00eds que alguna vez tuvo un sistema de salud que fue la envidia de Am\u00e9rica Latina. Se llega a este momento de confrontaci\u00f3n en un momento de una enorme debilidad, donde la econom\u00eda cubana est\u00e1 destruida, donde se ha producido una aut\u00e9ntica hecatombe demogr\u00e1fica con ese \u00e9xodo del que hablamos antes. Adem\u00e1s, en un entorno geopol\u00edtico mucho m\u00e1s adverso que el que exist\u00eda con el presidente Obama. Durante a\u00f1os, las autoridades americanas exigieron, por ejemplo, que se liberara a los presos pol\u00edticos. Eso no se hizo. De hecho, las autoridades cubanas negaban la existencia de presos pol\u00edticos. Entonces, todo eso son oportunidades que se perdieron y ahora hay que enfrentar a\u00fan a lo que en alg\u00fan momento he llamado como la peor versi\u00f3n de los Estados Unidos. Hay que enfrentar a un gobierno que tiene una posici\u00f3n francamente imperial en sus relaciones con Am\u00e9rica Latina, y que vuelve a ver a Cuba simplemente como una ficha que puede ser movida o colocada de acuerdo con sus ambiciones. Y las ambiciones mismas tampoco est\u00e1n claras. Pero haber esperado a un momento como este es uno de los grandes fracasos de la direcci\u00f3n cubana. <\/p>\n<p><strong>\u2014Hubo otro episodio desaprovechado, no s\u00e9 si de la magnitud de los dos anteriores, con un presidente norteamericano cat\u00f3lico como Biden y un papa pro latinoamericano como el propio papa Francisco. \u00bfAh\u00ed tambi\u00e9n se perdi\u00f3 otra oportunidad?<\/strong><\/p>\n<p>\u2014S\u00ed, porque estoy seguro que la administraci\u00f3n Biden, y hay evidencias de esto, no estoy diciendo nada que sea especialmente especulativo, hubiera respondido favorable constructivamente al gobierno cubano si el gobierno cubano hubiera dado pasos para facilitar eso. El primer paso siempre fue la liberaci\u00f3n de los presos pol\u00edticos y, especialmente, la liberaci\u00f3n de las mil personas que fueron detenidas a partir de las manifestaciones de julio de 2021. La administraci\u00f3n Biden no pod\u00eda iniciar ning\u00fan acercamiento a Cuba sin que ese problema se resolviera antes. Adem\u00e1s, Biden era vicepresidente con Obama, cuando Obama fue caricaturizado como un enemigo imperial que hab\u00eda venido como una especie de lobo vestido de oveja, que hab\u00eda venido a Cuba para tratar de alguna forma embaucar a los cubanos. Esas son lecciones aprendidas. Durante la administraci\u00f3n Biden hubo muchas oportunidades de acercamiento que fueron tambi\u00e9n desperdiciadas. <\/p>\n<p><strong>\u2014Durante la apertura de Obama, el interlocutor del r\u00e9gimen fue Alejandro Castro Esp\u00edn, el hijo de Ra\u00fal y jefe de los servicios de inteligencia. Hoy Trump negocia con Ra\u00fal Guillermo Rodr\u00edguez Castro, el Cangrejo, nieto de Ra\u00fal y figura clave del poder militar empresarial. \u00bfQu\u00e9 nos dice de la naturaleza del r\u00e9gimen cubano de que en ambos casos los verdaderos interlocutores han sido siempre integrantes de la familia Castro, independientemente de quien ocupe formalmente la presidencia? <\/strong><\/p>\n<p>\u2014La verdad es que sobre esto sabemos poco, tenemos muy poca informaci\u00f3n, y precisamente la falta de informaci\u00f3n es la noticia, es la opacidad con la que funciona esa institucionalidad. En cualquier institucionalidad democr\u00e1tica, el primer adjetivo es transparencia. La transparencia es central en cualquier institucionalidad m\u00e1s o menos democr\u00e1tica. La opacidad de las negociaciones, la opacidad de los caminos y de las personas involucradas, el hecho de que sepamos tan poco; ha habido much\u00edsimos rumores de conversaciones de distinto tipo en M\u00e9xico, en el Caribe, en varios escenarios, y seguramente hay algo de verdad en ellas. No sabemos bien cu\u00e1nto. Y la verdad es que no me gustar\u00eda especular sobre eso, porque no tengo ninguna informaci\u00f3n, pero lo interesante es precisamente lo poco que sabemos. Deber\u00edamos saber m\u00e1s y deber\u00edamos saber si hay alguien que est\u00e1 conversando a nombre de Cuba y de la sociedad cubana. Deber\u00edamos saber qui\u00e9n es, qu\u00e9 posiciones tiene, qu\u00e9 objetivos defiende, cu\u00e1les son los temas que est\u00e1n siendo discutidos. La opacidad que rodea a todo esto es, creo yo, el problema. <\/p>\n<p class=\"destacadoNota\">\u201cHaber esperado a un momento como este es uno de los grandes fracasos de <br \/>la direcci\u00f3n cubana.\u201d<\/p>\n<p><strong>\u2014As\u00ed como fueron desmantelados los procesos de negociaci\u00f3n y de acercamiento anteriores \u2013boicoteados es el t\u00e9rmino que usted utiliz\u00f3\u2013, aun con lo peor de Estados Unidos, \u00bfexiste la posibilidad de que haya una forma de negociar con Trump que finalmente termine manteniendo siempre algo as\u00ed como un gatopardismo?<\/strong><\/p>\n<p>\u2014Es dif\u00edcil saber, porque, entre otras cosas, no tenemos idea de qu\u00e9 es lo que pretende la administraci\u00f3n americana. La administraci\u00f3n americana procede hoy en d\u00eda de una manera muy ad hoc. Despu\u00e9s, nos toca a todos nosotros, a ustedes desde la prensa, a los intelectuales, fabricar una especie de racionalidad alrededor de estas acciones que no parecen haber sido pensadas de manera muy cuidadosa. Siempre siento que nos estamos planteando una tarea imposible, porque estamos intentando nosotros fabricar la racionalidad que no existe en el dise\u00f1o de las pol\u00edticas exteriores de Estados Unidos. Algo de eso se est\u00e1 viendo, de hecho, en Ir\u00e1n ahora mismo, y el caso cubano es paradigm\u00e1tico en ese sentido. La administraci\u00f3n no ha definido claramente cu\u00e1les son los objetivos, m\u00e1s all\u00e1 de un cambio de r\u00e9gimen muy abstracto. No se sabe muy bien qu\u00e9 quiere decir eso, porque si se trata de reemplazar a Maduro con Delcy Rodr\u00edguez, si eso es cambio de r\u00e9gimen o si estamos hablando de otra cosa. Y peor a\u00fan, tampoco ha definido una hoja de ruta para llegar a cualquiera que sea el objetivo. Entonces nosotros tenemos que juntarnos y empezar a intentar armar una racionalidad alrededor de todo eso. Y en ese proceso, por supuesto, descartar las cosas que simplemente no encajan porque son tan irracionales, como pretender que Canad\u00e1 sea un Estado de la Uni\u00f3n, que simplemente las excluimos del an\u00e1lisis, porque estamos intentando fabricar una racionalidad alrededor de esas acciones. <\/p>\n<p><strong>\u2014La pregunta era esa, si es posible que para Donald Trump un cambio de r\u00e9gimen, as\u00ed como en Venezuela son los hermanos Rodr\u00edguez, puedan ser los nietos de Castro. <\/strong><\/p>\n<p>\u2014Si la pregunta es si puede ser, mi respuesta es cualquier cosa puede ser, porque de nuevo no creo que haya una visi\u00f3n muy clara o muy pensada sobre esto. Hay diferencias importantes entre Cuba y Venezuela en ese sentido, y es la inexistencia, no es que no exista una oposici\u00f3n en Cuba, s\u00ed existe, pero no ha tenido las oportunidades organizativas que con toda la represi\u00f3n logr\u00f3 mantener, con mucho esfuerzo, la oposici\u00f3n venezolana. No existe una figura central clara como s\u00ed existe en el caso de Venezuela. En Cuba no ha habido elecciones nacionales como s\u00ed hubo en Venezuela. Cualquier cosa puede ser, porque nada est\u00e1 claramente definido, y por lo tanto, tampoco nada est\u00e1 claramente excluido. <\/p>\n<p><strong>\u2014Marco Rubio es hijo de inmigrantes cubanos, durante a\u00f1os fue el principal defensor del embargo en el Senado y escribi\u00f3 que la \u00fanica salida para Cuba era la libertad y la democracia. Y hoy, como secretario de Estado de Trump, parece dispuesto a negociar con el mismo r\u00e9gimen que juraba no reconocer. \u00bfEs una transformaci\u00f3n, una traici\u00f3n de sus convicciones, una expresi\u00f3n m\u00e1s honesta de lo que siempre fue? \u00bfUn pol\u00edtico que antepone el pragmatismo a la ideolog\u00eda? \u00bfY podr\u00eda permitirnos algo relacionado con la pregunta anterior de que existiese alguna forma de negociaci\u00f3n con cierto grado de continuidad?<\/strong><\/p>\n<p>\u2014A diferencia de muchas personas en la administraci\u00f3n, el secretario Rubio es una persona competente que adem\u00e1s tiene una historia de servicio p\u00fablico en el Senado, en el Comit\u00e9 de Relaciones Exteriores. Adem\u00e1s de sus conexiones personales, familiares, con el tema cubano, con la comunidad cubanoamericana del sur de la Florida, es una persona que tiene una hoja de servicio p\u00fablico distinguida y eso hace una diferencia. El secretario Rubio se da cuenta de que generar alg\u00fan tipo de cambio en la sociedad cubana, con los tipos de aperturas que se han venido conversando, implica tener una conversaci\u00f3n con las autoridades cubanas; entonces, calificar eso de una traici\u00f3n o calificar eso de una reconversi\u00f3n ignora la dimensi\u00f3n pragm\u00e1tica pr\u00e1ctica que implica una conversaci\u00f3n de este tipo. Si el objetivo es generar ciertos cambios y hacerlo sin que eso est\u00e9 marcado por procesos de violencia o de guerra o de intervenciones, la conversaci\u00f3n es el \u00fanico camino. De manera que no me sorprende que una persona, simplemente por una cuesti\u00f3n de competencia, como \u00e9l, elija ese camino para tratar de producir alguno de los resultados, que estoy seguro de que para \u00e9l s\u00ed son m\u00e1s claros, aunque no est\u00e9n demasiado bien esbozados en la agenda de la administraci\u00f3n. <\/p>\n<p class=\"destacadoNota\">El poder en Cuba est\u00e1 en manos de un grupo empresarial, Gaesa, controlado <br \/>por los militares.\u201d<\/p>\n<p><strong>\u2014Usted mencionaba la comunidad cubana en el sur de la Florida, concretamente en Miami, que durante d\u00e9cadas fue el principal factor de presi\u00f3n para mantener el embargo y aislar al r\u00e9gimen, pero al mismo tiempo, la principal fuente que sostiene a las familias en la isla son las remesas. \u00bfC\u00f3mo procesa un historiador esa contradicci\u00f3n, una di\u00e1spora que pol\u00edticamente exige el colapso del r\u00e9gimen, pero econ\u00f3micamente, al mismo tiempo, lo sostiene?<\/strong><\/p>\n<p>\u2014El conflicto entre la comunidad cubanoamericana del sur de la Florida y los cubanos que viven en la isla es una exageraci\u00f3n con muy poca base emp\u00edrica hoy en d\u00eda. Hace muchos a\u00f1os que esa comunidad cubanoamericana y los cubanos que viven en la isla reconstruyeron tejidos interpersonales, familiares, redes sociales, que en alg\u00fan momento fueron destruidas en las primeras d\u00e9cadas del periodo revolucionario. Por eso digo reconstruyeron, porque hubo que hacer mucha reconstrucci\u00f3n, pero hace muchos a\u00f1os que ese proceso de reconstrucci\u00f3n fue iniciado y ese proceso ha avanzado mucho, y por lo tanto, las mismas personas que pueden defender, incluso de manera muy vocal, el embargo y todo eso, al otro d\u00eda env\u00edan dinero, env\u00edan recursos a sus familiares en la isla. Y adem\u00e1s, ya no solo env\u00edan dinero, los \u00faltimos veinte o treinta a\u00f1os tambi\u00e9n enviaron capitales, recursos que ayudaron a lanzar y sostener el sector privado cubano. De hecho, si en algo tengo fe, mirando hacia el futuro de la naci\u00f3n cubana, es en esos tejidos, porque no est\u00e1n marcados necesariamente por la ideolog\u00eda. Puede haber diversidad de puntos de vista al interior de esas redes. No pasa nada si el primo es budista y el otro primo es marxista. Lo que importa es que son primos y trabajan juntos en la misma empresa. Y al hacerlo veo la posibilidad de una Cuba distinta, que no sea la Cuba marcada por los eternos conflictos y por estas exclusiones que marcaron tanto nuestra vida durante las \u00faltimas d\u00e9cadas. En la reconstrucci\u00f3n de ese tejido se avanz\u00f3 mucho; eso no hace noticia, no es particularmente sexy. No es una cosa que uno vaya a convertir f\u00e1cilmente en titulares, pero si hay una historia interesante a contar, es esa. <\/p>\n<div style=\"text-align:center\">\n<figure class=\"image\" style=\"display:inline-block\"><picture><source media=\"(max-width: 440px)\" srcset=\"https:\/\/fotos.perfil.com\/\/2026\/04\/26\/440\/0\/postales-de-cuba-2227657.jpg?webp\"\/><source media=\"(max-width: 1019px)\" srcset=\"https:\/\/fotos.perfil.com\/\/2026\/04\/26\/712\/0\/postales-de-cuba-2227657.jpg?webp\"\/><img decoding=\"async\" style=\"max-width: 100%; width: 100%;\" alt=\"Postales de Cuba.\" src=\"https:\/\/fotos.perfil.com\/\/2026\/04\/26\/900\/0\/postales-de-cuba-2227657.jpg?webp\" loading=\"lazy\"\/><\/picture><figcaption>LOS ESCENARIOS DEL D\u00cdA DESPU\u00c9S. \u201cHay una comunidad cubana en el sur de la Florida muy potente que ha sido muy exitosa en los Estados Unidos, que puede ayudar mucho a la reconstrucci\u00f3n econ\u00f3mica de la isla\u201d. (FOTO AFP)<\/figcaption><\/figure>\n<\/p><\/div>\n<p><strong>\u2014Miguel D\u00edaz-Canel, formalmente presidente de Cuba desde el a\u00f1o 2018, pero Ra\u00fal Castro, aun con 94 a\u00f1os y oficialmente retirado, sigue siendo la figura pol\u00edtica decisiva. Y como mencion\u00e1bamos antes, su nieto es quien negociar\u00eda, por lo menos seg\u00fan las versiones, directamente con Washington. Ante esa fragmentaci\u00f3n del poder real, \u00bfqu\u00e9 posible ve un acuerdo sustentable y sostenible? \u00bfQui\u00e9n tiene el poder en Cuba realmente? \u00bfCon qui\u00e9n se negocia? <\/strong><\/p>\n<p>\u2014Mi lectura personal de esto es que el poder en Cuba en realidad est\u00e1 en manos de un grupo empresarial Gaesa, controlado por los militares. Y no es casual que las conversaciones, o por lo menos los rumores sobre conversaciones, se\u00f1alan que est\u00e1n teniendo lugar con personas conectadas con ese grupo. Ese grupo hoy en d\u00eda controla sectores fundamentales de la econom\u00eda cubana. Habl\u00e1bamos antes de opacidad. Es un grupo que no rinde cuentas a la naci\u00f3n, que controla sectores importantes de la econom\u00eda, pero cuyas cuentas no son p\u00fablicas, no est\u00e1n al alcance, no pueden ser examinadas, no est\u00e1n sujetas a la controlar\u00eda de la rep\u00fablica, por ejemplo. Entonces, identificar al grupo de poder con el que se puede conversar no es dif\u00edcil. Lo dif\u00edcil es c\u00f3mo lograr que en cualquier conversaci\u00f3n ese grupo acepte que cualquier apertura est\u00e1 llamada a crear otros polos de poder, otros espacios de poder, que cualquier apertura, casi por definici\u00f3n, va a reducir algo el poder de ese grupo empresarial que en estos momentos es casi monop\u00f3lico. <\/p>\n<p class=\"destacadoNota\">\u201cLos j\u00f3venes cubanos ya no saben muy bien de qu\u00e9 se habla cuando uno les habla de revoluci\u00f3n.\u201d<\/p>\n<p><strong>\u2014El grupo Gaesa controla el 40% de la econom\u00eda cubana. Tres veces el presupuesto del Estado, miles de millones depositados en cuentas en el exterior, controla fundamentalmente el turismo, que es la mayor fuente generadora de divisas. \u00bfPodr\u00eda explicar, de alguna manera did\u00e1ctica, para legos que no conocen Cuba, a qu\u00e9 se parece esto? Como si fuese en el caso de Chile, cuando el ej\u00e9rcito controlaba la producci\u00f3n de cobre y el dinero del cobre quedaba para el ej\u00e9rcito. \u00bfCu\u00e1l es este poder del grupo Gaesa? <\/strong><\/p>\n<p>\u2014En el contexto de Am\u00e9rica Latina, lo que m\u00e1s se parece a esto, y es una analog\u00eda terrible \u2013en realidad, es lo que intent\u00f3 hacer y, durante algunas d\u00e9cadas, lo logr\u00f3\u2013, es el clan Somoza en Nicaragua. Ese clan familiar y de un grupo de empresas vinculadas a la familia lleg\u00f3 a controlar sectores muy importantes de la econom\u00eda nicarag\u00fcense, hasta el punto de que terminaron alienando a sectores importantes del sector privado nicarag\u00fcense que se alej\u00f3 de la dictadura con la que hab\u00eda convivido durante mucho tiempo, porque el clan se hab\u00eda vuelto tan voraz que hab\u00eda empezado a cerrar oportunidades. Somoza mirar\u00eda con envidia a Gaesa en Cuba. Y esa es una analog\u00eda terrible. Que el proyecto revolucionario cubano haya terminado en esta especie de oligarqu\u00eda autoritaria de manos de una corporaci\u00f3n es un resultado que ciertamente es muy dif\u00edcil de vislumbrar desde los primeros a\u00f1os de la Revoluci\u00f3n. <\/p>\n<p><strong>\u2014Ahora, por lo que usted cuenta, existir\u00edan posibilidades de tensiones reales dentro de la \u00e9lite cubana, de que sectores en los que Gaesa ya no permitir\u00eda la posibilidad de compartir el poder con nadie m\u00e1s puedan generar dentro de Cuba algo similar a lo que usted mencionaba en el caso de Somoza con el empresariado nicarag\u00fcense. <\/strong><\/p>\n<p>\u2014S\u00ed, pero en el caso de Nicaragua exist\u00eda una \u00e9lite econ\u00f3mica que ven\u00eda de atr\u00e1s. En el caso cubano, esas \u00e9lites fueron destruidas, por supuesto, por el proceso mismo de la Revoluci\u00f3n y las confiscaciones y las nacionalizaciones. Ha surgido en Cuba un sector privado, que es pujante, es creativo, es joven. Es un sector que adem\u00e1s apuesta por un modelo de sociedad y de econom\u00eda mucho m\u00e1s democr\u00e1tico, mucho m\u00e1s descentralizado, mucho m\u00e1s competitivo, mucho m\u00e1s abierto. He tenido el privilegio de estar en contacto con muchos de esos empresarios y empresarias en la isla y he mantenido una conversaci\u00f3n con ellos y con ellas, porque ah\u00ed veo tambi\u00e9n reservas para un mejor futuro. Y es un grupo empresarial que quiere desarrollar sus negocios, quiere desarrollar sus empresas, pero tambi\u00e9n quiere hacerlo haciendo un mejor pa\u00eds, un pa\u00eds de prosperidad, de bienestar, donde la gente pueda ganar lo que algunos de ellos definen como salarios dignos. Es decir, que est\u00e1n pensando un modelo de desarrollo que no es un modelo olig\u00e1rquico, que no es un modelo monop\u00f3lico. Es un modelo de creatividad y de creaci\u00f3n desde las peque\u00f1as y medianas empresas. Ese sector ya existe, est\u00e1 ah\u00ed, y hay ah\u00ed unas semillas y unos espacios de futuro que vale la pena alimentar.<\/p>\n<p><strong>\u2014Se\u00f1alaba al comienzo del reportaje que el castrismo del 61 no es el castrismo del 78. Hoy Washington negociar\u00eda con el Cangrejo, un hombre se\u00f1alado por negocios il\u00edcitos, un perfil de vida ostentoso, todo lo contrario al ethos austero de la Revoluci\u00f3n. \u00bfQu\u00e9 es hoy entonces la Revoluci\u00f3n cubana? As\u00ed como la del 61 era distinta a la del 78, \u00bfesto qu\u00e9 es? <\/strong><\/p>\n<p>\u2014La Revoluci\u00f3n hoy en d\u00eda es solo una narrativa desde el poder. La Revoluci\u00f3n como proceso de cambio y de transformaci\u00f3n dej\u00f3 de existir hace mucho, mucho tiempo. Para muchos estudiosos serios, ese proceso ya marca el fin del proceso de transformaciones en los a\u00f1os 70 con la sovietizaci\u00f3n de la sociedad cubana. Claro que las revoluciones tambi\u00e9n generan sus propias mitolog\u00edas, son muy buenas escribiendo su propia historia. En esas historias, todo lo anterior pasa a ser una especie de prehistoria que debe ser subsanada o eliminada. Y esa ret\u00f3rica queda a\u00fan. Pero fuera de las p\u00e1ginas de grama es muy dif\u00edcil encontrar eso, aun en la sociedad cubana. Si uno habla con esas personas j\u00f3venes, con esa estampida de la que habl\u00e1bamos antes, y les preguntas qu\u00e9 piensan de la Revoluci\u00f3n, probablemente pedir\u00edan clarificaci\u00f3n a la pregunta. Preguntar\u00edan a qu\u00e9 se refiere usted precisamente. Yo lo entiendo mejor, porque soy de otra generaci\u00f3n. Pero esa gente joven ya no sabe muy bien de qu\u00e9 se habla cuando uno les habla de revoluci\u00f3n. <\/p>\n<p class=\"destacadoNota\">\u201cPuedo ver un papel creciente e importante de la Iglesia en el futuro dentro <br \/>de Cuba.\u201d<\/p>\n<p><strong>\u2014La captura de Maduro en enero fue le\u00edda en Cuba simult\u00e1neamente como un acto de agresi\u00f3n imperialista, pero como una advertencia sobre lo que podr\u00eda ocurrirle al r\u00e9gimen. \u00bfQu\u00e9 representa realmente la captura de Maduro en Venezuela, la p\u00e9rdida en Cuba del apoyo econ\u00f3mico venezolano, y si de alguna manera es una espada de Damocles sobre las actuales autoridades cubanas?<\/strong><\/p>\n<p>\u2014Lo que representa, en primer\u00edsimo lugar, es un fracaso ruidoso y visible del aparato de seguridad cubano que estaba a cargo de la seguridad del presidente Maduro, que construy\u00f3 tambi\u00e9n toda una mitolog\u00eda de invencibilidad y que fue clara y descarnadamente insuficiente para proteger al presidente Maduro. El hecho de que no muriera ni un soldado americano en esa operaci\u00f3n demuestra cu\u00e1n ineficaz fue el aparato de seguridad cubano, que se cre\u00eda y siempre se crey\u00f3 omnipresente ah\u00ed en Venezuela, tanto que estaba a cargo de su seguridad personal. De manera que la primera lectura de eso tiene que ver con el colapso de una cosa m\u00e1s dentro de Cuba. Y esa cosa m\u00e1s es algo muy importante, y es la inefabilidad de ese aparato de seguridad. <\/p>\n<p><strong>\u2014Mencion\u00e1bamos antes al papa Francisco en la \u00e9poca de Biden, pero al mismo tiempo hoy tenemos un papa norteamericano con cierta vocaci\u00f3n latinoamericanista por haberse dedicado mucho tiempo pastoralmente a Per\u00fa. \u00bfCu\u00e1l es el grado de importancia que usted le asigna a la Iglesia cat\u00f3lica en Cuba y hasta qu\u00e9 punto un papa, que al mismo tiempo habla espa\u00f1ol, pero es norteamericano, puede terminar siendo factor de negociaci\u00f3n? <\/strong><\/p>\n<p>\u2014El Vaticano est\u00e1 involucrado. Sabemos que est\u00e1 involucrado y que ha estado participando en conversaciones, cualesquiera que sean las conversaciones. El Vaticano es uno de los actores en eso. Lo ha sido antes y creo que lo est\u00e1 haciendo ahora. No me gusta hacer futurolog\u00eda, por eso soy historiador, pero si tuviera que adivinar, puedo ver un papel creciente e importante de la Iglesia en el futuro. Dentro de Cuba, es otra cosa, ha habido desde la Iglesia posiciones de resistencia. Ha habido desde la Iglesia posiciones muy dignas y ha habido otras posiciones que quiz\u00e1s no pueden ser descritas de esa forma. Pero est\u00e1 claro que estamos hablando de un actor importante en la Cuba de hoy y probablemente en la que viene. <\/p>\n<p><strong>\u2014El economista cubano Ricardo Torres estima que reconstruir la red el\u00e9ctrica, solo la red el\u00e9ctrica de Cuba, costar\u00eda diez mil millones de d\u00f3lares, y quien gobierne el d\u00eda despu\u00e9s necesitar\u00eda solo mil millones para que el pa\u00eds no apague las luces en la primera semana. \u00bfC\u00f3mo ser\u00eda un escenario de Cuba posterior a una reconstrucci\u00f3n, a un cambio de r\u00e9gimen? \u00bfEs viable Cuba en alguna alternativa diferente al sistema, que tambi\u00e9n parece inviable actualmente? \u00bfHay un dilema irresoluble?<\/strong><\/p>\n<p>\u2014Hay un dilema. Y vamos a asumir que las cifras de Ricardo, que es un colega a quien admiro y aprecio mucho, son buenas. La \u00fanica manera de generar esos recursos, dado que en el caso cubano no se puede ocupar los buques petroleros para a partir de ah\u00ed generar el dinero de una transformaci\u00f3n. La \u00fanica forma de hacer eso es creando un sistema transparente, un sistema claro para los inversionistas, para que sientan que pueden, de una manera sensata, segura, invertir capitales en la isla. Si esas condiciones se crean y esas condiciones se pueden crear, los flujos financieros van a ocurrir, porque hay mucha gente, incluyendo en el sur de la Florida, esperando a que se produzca una apertura. Y cuando digo apertura, estoy hablando simplemente de que haya una predictibilidad en el escenario econ\u00f3mico y pol\u00edtico de la isla que permita que los inversionistas puedan invertir. Que ya no sea el primo mand\u00e1ndole una remesa al otro primo para hacer alguna cosa, y si no funciona, bueno, no pasa nada. No, ya estamos hablando de grandes empresas, de grandes empresarios, de grandes inversionistas. Esos dineros llegar\u00edan a la isla, como dicen algunos de ellos, cuando Cuba est\u00e9 investment grade, cuando Cuba est\u00e9 ya lista para un escenario m\u00e1s o menos atractivo para las inversiones. Pero cuando eso pase, estamos hablando, a fin de cuentas, de un territorio que est\u00e1 a noventa millas de los Estados Unidos, hay una serie de ventajas interesantes. Hay una comunidad cubana en el sur de la Florida muy potente que ha sido muy exitosa en los Estados Unidos, que puede ayudar mucho a la reconstrucci\u00f3n econ\u00f3mica de la isla. Todo eso puede ser construido. Nada de eso se podr\u00e1 hacer si no se da un paso hacia la transparencia y a la predictibilidad. <\/p>\n<p><strong>\u2014Finalmente, Cuba tuvo una influencia en la \u00faltima parte del siglo XX en la formaci\u00f3n de guerrillas en toda Latinoam\u00e9rica y, al mismo tiempo, tuvo ya no desde el punto de vista militar, pero s\u00ed desde el punto de vista simb\u00f3lico y cultural, una enorme influencia en el llamado socialismo del siglo XXI. En la primera y segunda d\u00e9cada de este siglo, tanto con el chavismo como en el caso de Correa en Ecuador y, si se quiere, cierta melanc\u00f3lica inspiraci\u00f3n en el kirchnerismo en la Argentina. Este colapso actual de Cuba tiene, al mismo tiempo, un costo pol\u00edtico para la izquierda latinoamericana, hoy ya no violenta, pero s\u00ed simb\u00f3lica. <\/strong><\/p>\n<p>\u2014Tiene un costo. Sobre todo, para las izquierdas m\u00e1s antidemocr\u00e1ticas, para las versiones m\u00e1s antidemocr\u00e1ticas de las izquierdas. Personalmente, creo que hoy en d\u00eda las etiquetas de izquierda y de derecha dicen muy poco, tienen muy poco contenido real y no son particularmente \u00fatiles para pensar a los reg\u00edmenes y a los gobiernos de Am\u00e9rica Latina. Por ejemplo, \u00bfla Nicaragua de Daniel Ortega es de izquierda? \u00bfEso es la izquierda latinoamericana? O es mejor pensar la izquierda desde las experiencias electorales de Chile, de Uruguay, de Brasil? Entonces, para las izquierdas democr\u00e1ticas, cualquier afiliaci\u00f3n con Cuba es, de hecho, t\u00f3xica, porque el modelo cubano termin\u00f3 siendo un proxy de autoritarismo, de inmovilismo, un proxy antidemocr\u00e1tico que perdi\u00f3 casi todo su esplendor ideol\u00f3gico del pasado para convertirse en la pesadilla econ\u00f3mica que es Cuba hoy. Para esa izquierda democr\u00e1tica, de hecho, Cuba es un problema muy inc\u00f3modo, porque necesitan desmarcarse de Cuba para poder crear espacios de proyectos de justicia social, proyectos de inclusi\u00f3n, proyectos de bienestar que no est\u00e9n re\u00f1idos con el juego democr\u00e1tico, que sean parte del juego democr\u00e1tico. Una vez que se entra en el juego democr\u00e1tico, Cuba se convierte autom\u00e1ticamente en un tremendo lastre y un tremendo problema. Y entonces termina siendo asociada con Nicaragua, con estos experimentos, todos con alg\u00fan tufo autoritario que proliferaron en varios pa\u00edses de Am\u00e9rica Latina en el siglo XXI. <\/p>\n<p><strong>\u2014Estamos realizando este reportaje en un momento en el que es impredecible hacia d\u00f3nde puede evolucionar la guerra en Ir\u00e1n, \u00bfexiste alguna posibilidad de que por necesidades electorales en el pr\u00f3ximas elecciones de este a\u00f1o en Estados Unidos, la no existencia de un triunfo contundente en la guerra contra Ir\u00e1n, hagan a Donald Trump considerar que es Cuba el lugar donde obtener un triunfo contundente o Cuba no guarda ninguna importancia para el electorado norteamericano? <\/strong><\/p>\n<p>\u2014Esa es una excelente pregunta que, desde luego, soy incapaz de responder porque Cuba puede ser convertida en un objetivo pol\u00edtico atractivo si otras cosas salen mal. Pero al mismo tiempo, si miramos todas las encuestas de opini\u00f3n en Estados Unidos, ahora mismo hay muy poco apetito en el pueblo americano por ninguna aventura exterior, sea en Ir\u00e1n, sea en Cuba o en cualquier otro lugar. Hay muy poco apoyo popular para nada de eso. <\/p>\n<p><em><strong>Producci\u00f3n: Sol Bacigalupo.<\/strong><\/em><\/p>\n<\/p><\/div>\n<p><script>\n                !function(f,b,e,v,n,t,s)\n                {if(f.fbq)return;n=f.fbq=function(){n.callMethod?\n                    n.callMethod.apply(n,arguments):n.queue.push(arguments)};\n                    if(!f._fbq)f._fbq=n;n.push=n;n.loaded=!0;n.version='2.0';\n                    n.queue=[];t=b.createElement(e);t.async=!0;\n                    t.src=v;s=b.getElementsByTagName(e)[0];\n                    s.parentNode.insertBefore(t,s)}(window, document,'script',\n                    'https:\/\/connect.facebook.net\/en_US\/fbevents.js');\n                window.paywallConfig.facebook_pixel=\"1000228364089342\"\n            <\/script><\/p>\n","protected":false},"excerpt":{"rendered":"<p>\u2014La Revoluci\u00f3n Cubana del 59, que fue un acontecimiento pol\u00edtico, probablemente, el m\u00e1s disruptivo de Am\u00e9rica Latina del siglo XX y que fue liderado por abogados de clase media, no obreros ni campesinos, que triunf\u00f3 en un pa\u00eds que no era el m\u00e1s pobre ni el m\u00e1s desigual de Am\u00e9rica Latina, y sin embargo, produjo [&hellip;]<\/p>\n","protected":false},"author":2,"featured_media":193079,"comment_status":"closed","ping_status":"closed","sticky":false,"template":"","format":"standard","meta":{"footnotes":""},"categories":[25],"tags":[],"class_list":["post-193078","post","type-post","status-publish","format-standard","has-post-thumbnail","hentry","category-nacionales"],"yoast_head":"<!-- This site is optimized with the Yoast SEO plugin v24.4 - https:\/\/yoast.com\/wordpress\/plugins\/seo\/ -->\n<title>Alejandro de la Fuente: \u201cCuba termina siendo exactamente lo que no quiso ser en la Revoluci\u00f3n de los 60\u201d - GYS NOTICIAS |<\/title>\n<meta name=\"robots\" content=\"index, follow, max-snippet:-1, max-image-preview:large, max-video-preview:-1\" \/>\n<link rel=\"canonical\" href=\"https:\/\/gysfm.com.ar\/inicio\/alejandro-de-la-fuente-cuba-termina-siendo-exactamente-lo-que-no-quiso-ser-en-la-revolucion-de-los-60\/\" \/>\n<meta property=\"og:locale\" content=\"es_ES\" \/>\n<meta property=\"og:type\" content=\"article\" \/>\n<meta property=\"og:title\" content=\"Alejandro de la Fuente: \u201cCuba termina siendo exactamente lo que no quiso ser en la Revoluci\u00f3n de los 60\u201d - GYS NOTICIAS |\" \/>\n<meta property=\"og:description\" content=\"\u2014La Revoluci\u00f3n Cubana del 59, que fue un acontecimiento pol\u00edtico, probablemente, el m\u00e1s disruptivo de Am\u00e9rica Latina del siglo XX y que fue liderado por abogados de clase media, no obreros ni campesinos, que triunf\u00f3 en un pa\u00eds que no era el m\u00e1s pobre ni el m\u00e1s desigual de Am\u00e9rica Latina, y sin embargo, produjo [&hellip;]\" \/>\n<meta property=\"og:url\" content=\"https:\/\/gysfm.com.ar\/inicio\/alejandro-de-la-fuente-cuba-termina-siendo-exactamente-lo-que-no-quiso-ser-en-la-revolucion-de-los-60\/\" \/>\n<meta property=\"og:site_name\" content=\"GYS NOTICIAS |\" \/>\n<meta property=\"article:published_time\" content=\"2026-04-26T11:16:42+00:00\" \/>\n<meta property=\"og:image\" content=\"https:\/\/fotos.perfil.com\/\/2026\/04\/26\/900\/0\/alejandro-de-la-fuente-hablo-de-cuba-en-periodismo-puro-con-jorge-fontevecchia-2227656.jpg?webp\" \/>\n<meta name=\"author\" content=\"Prensa G&amp;S FM\" \/>\n<meta name=\"twitter:card\" content=\"summary_large_image\" \/>\n<meta name=\"twitter:label1\" content=\"Escrito por\" \/>\n\t<meta name=\"twitter:data1\" content=\"Prensa G&amp;S FM\" \/>\n\t<meta name=\"twitter:label2\" content=\"Tiempo de lectura\" \/>\n\t<meta name=\"twitter:data2\" content=\"35 minutos\" \/>\n<script type=\"application\/ld+json\" class=\"yoast-schema-graph\">{\"@context\":\"https:\/\/schema.org\",\"@graph\":[{\"@type\":\"Article\",\"@id\":\"https:\/\/gysfm.com.ar\/inicio\/alejandro-de-la-fuente-cuba-termina-siendo-exactamente-lo-que-no-quiso-ser-en-la-revolucion-de-los-60\/#article\",\"isPartOf\":{\"@id\":\"https:\/\/gysfm.com.ar\/inicio\/alejandro-de-la-fuente-cuba-termina-siendo-exactamente-lo-que-no-quiso-ser-en-la-revolucion-de-los-60\/\"},\"author\":{\"name\":\"Prensa G&amp;S FM\",\"@id\":\"https:\/\/gysfm.com.ar\/inicio\/#\/schema\/person\/3abba7593ef2ad19e1be221d54383dc5\"},\"headline\":\"Alejandro de la Fuente: \u201cCuba termina siendo exactamente lo que no quiso ser en la Revoluci\u00f3n de los 60\u201d\",\"datePublished\":\"2026-04-26T11:16:42+00:00\",\"mainEntityOfPage\":{\"@id\":\"https:\/\/gysfm.com.ar\/inicio\/alejandro-de-la-fuente-cuba-termina-siendo-exactamente-lo-que-no-quiso-ser-en-la-revolucion-de-los-60\/\"},\"wordCount\":7005,\"publisher\":{\"@id\":\"https:\/\/gysfm.com.ar\/inicio\/#organization\"},\"image\":{\"@id\":\"https:\/\/gysfm.com.ar\/inicio\/alejandro-de-la-fuente-cuba-termina-siendo-exactamente-lo-que-no-quiso-ser-en-la-revolucion-de-los-60\/#primaryimage\"},\"thumbnailUrl\":\"https:\/\/gysfm.com.ar\/inicio\/wp-content\/uploads\/2026\/04\/26042026cubaafpg-2227648.jpg\",\"articleSection\":[\"NACIONALES\"],\"inLanguage\":\"es\"},{\"@type\":\"WebPage\",\"@id\":\"https:\/\/gysfm.com.ar\/inicio\/alejandro-de-la-fuente-cuba-termina-siendo-exactamente-lo-que-no-quiso-ser-en-la-revolucion-de-los-60\/\",\"url\":\"https:\/\/gysfm.com.ar\/inicio\/alejandro-de-la-fuente-cuba-termina-siendo-exactamente-lo-que-no-quiso-ser-en-la-revolucion-de-los-60\/\",\"name\":\"Alejandro de la Fuente: \u201cCuba termina siendo exactamente lo que no quiso ser en la Revoluci\u00f3n de los 60\u201d - GYS NOTICIAS |\",\"isPartOf\":{\"@id\":\"https:\/\/gysfm.com.ar\/inicio\/#website\"},\"primaryImageOfPage\":{\"@id\":\"https:\/\/gysfm.com.ar\/inicio\/alejandro-de-la-fuente-cuba-termina-siendo-exactamente-lo-que-no-quiso-ser-en-la-revolucion-de-los-60\/#primaryimage\"},\"image\":{\"@id\":\"https:\/\/gysfm.com.ar\/inicio\/alejandro-de-la-fuente-cuba-termina-siendo-exactamente-lo-que-no-quiso-ser-en-la-revolucion-de-los-60\/#primaryimage\"},\"thumbnailUrl\":\"https:\/\/gysfm.com.ar\/inicio\/wp-content\/uploads\/2026\/04\/26042026cubaafpg-2227648.jpg\",\"datePublished\":\"2026-04-26T11:16:42+00:00\",\"breadcrumb\":{\"@id\":\"https:\/\/gysfm.com.ar\/inicio\/alejandro-de-la-fuente-cuba-termina-siendo-exactamente-lo-que-no-quiso-ser-en-la-revolucion-de-los-60\/#breadcrumb\"},\"inLanguage\":\"es\",\"potentialAction\":[{\"@type\":\"ReadAction\",\"target\":[\"https:\/\/gysfm.com.ar\/inicio\/alejandro-de-la-fuente-cuba-termina-siendo-exactamente-lo-que-no-quiso-ser-en-la-revolucion-de-los-60\/\"]}]},{\"@type\":\"ImageObject\",\"inLanguage\":\"es\",\"@id\":\"https:\/\/gysfm.com.ar\/inicio\/alejandro-de-la-fuente-cuba-termina-siendo-exactamente-lo-que-no-quiso-ser-en-la-revolucion-de-los-60\/#primaryimage\",\"url\":\"https:\/\/gysfm.com.ar\/inicio\/wp-content\/uploads\/2026\/04\/26042026cubaafpg-2227648.jpg\",\"contentUrl\":\"https:\/\/gysfm.com.ar\/inicio\/wp-content\/uploads\/2026\/04\/26042026cubaafpg-2227648.jpg\",\"width\":1140,\"height\":641},{\"@type\":\"BreadcrumbList\",\"@id\":\"https:\/\/gysfm.com.ar\/inicio\/alejandro-de-la-fuente-cuba-termina-siendo-exactamente-lo-que-no-quiso-ser-en-la-revolucion-de-los-60\/#breadcrumb\",\"itemListElement\":[{\"@type\":\"ListItem\",\"position\":1,\"name\":\"Portada\",\"item\":\"https:\/\/gysfm.com.ar\/inicio\/\"},{\"@type\":\"ListItem\",\"position\":2,\"name\":\"Alejandro de la Fuente: \u201cCuba termina siendo exactamente lo que no quiso ser en la Revoluci\u00f3n de los 60\u201d\"}]},{\"@type\":\"WebSite\",\"@id\":\"https:\/\/gysfm.com.ar\/inicio\/#website\",\"url\":\"https:\/\/gysfm.com.ar\/inicio\/\",\"name\":\"GYS NOTICIAS |\",\"description\":\"DIARIO - RADIO ONLINE SAN JUAN ARGENTINA\",\"publisher\":{\"@id\":\"https:\/\/gysfm.com.ar\/inicio\/#organization\"},\"potentialAction\":[{\"@type\":\"SearchAction\",\"target\":{\"@type\":\"EntryPoint\",\"urlTemplate\":\"https:\/\/gysfm.com.ar\/inicio\/?s={search_term_string}\"},\"query-input\":{\"@type\":\"PropertyValueSpecification\",\"valueRequired\":true,\"valueName\":\"search_term_string\"}}],\"inLanguage\":\"es\"},{\"@type\":\"Organization\",\"@id\":\"https:\/\/gysfm.com.ar\/inicio\/#organization\",\"name\":\"GYS NOTICIAS |\",\"url\":\"https:\/\/gysfm.com.ar\/inicio\/\",\"logo\":{\"@type\":\"ImageObject\",\"inLanguage\":\"es\",\"@id\":\"https:\/\/gysfm.com.ar\/inicio\/#\/schema\/logo\/image\/\",\"url\":\"https:\/\/gysfm.com.ar\/inicio\/wp-content\/uploads\/2023\/07\/LOGOGYS-OK.png\",\"contentUrl\":\"https:\/\/gysfm.com.ar\/inicio\/wp-content\/uploads\/2023\/07\/LOGOGYS-OK.png\",\"width\":1170,\"height\":872,\"caption\":\"GYS NOTICIAS |\"},\"image\":{\"@id\":\"https:\/\/gysfm.com.ar\/inicio\/#\/schema\/logo\/image\/\"}},{\"@type\":\"Person\",\"@id\":\"https:\/\/gysfm.com.ar\/inicio\/#\/schema\/person\/3abba7593ef2ad19e1be221d54383dc5\",\"name\":\"Prensa G&amp;S FM\",\"image\":{\"@type\":\"ImageObject\",\"inLanguage\":\"es\",\"@id\":\"https:\/\/gysfm.com.ar\/inicio\/#\/schema\/person\/image\/\",\"url\":\"https:\/\/secure.gravatar.com\/avatar\/096ec78df02049ab018702bb4ccedf659377fa92a26540b5247612077a0dbd29?s=96&d=mm&r=g\",\"contentUrl\":\"https:\/\/secure.gravatar.com\/avatar\/096ec78df02049ab018702bb4ccedf659377fa92a26540b5247612077a0dbd29?s=96&d=mm&r=g\",\"caption\":\"Prensa G&amp;S FM\"},\"sameAs\":[\"https:\/\/gysfm.com.ar\/\"],\"url\":\"https:\/\/gysfm.com.ar\/inicio\/author\/lucasm\/\"}]}<\/script>\n<!-- \/ Yoast SEO plugin. -->","yoast_head_json":{"title":"Alejandro de la Fuente: \u201cCuba termina siendo exactamente lo que no quiso ser en la Revoluci\u00f3n de los 60\u201d - GYS NOTICIAS |","robots":{"index":"index","follow":"follow","max-snippet":"max-snippet:-1","max-image-preview":"max-image-preview:large","max-video-preview":"max-video-preview:-1"},"canonical":"https:\/\/gysfm.com.ar\/inicio\/alejandro-de-la-fuente-cuba-termina-siendo-exactamente-lo-que-no-quiso-ser-en-la-revolucion-de-los-60\/","og_locale":"es_ES","og_type":"article","og_title":"Alejandro de la Fuente: \u201cCuba termina siendo exactamente lo que no quiso ser en la Revoluci\u00f3n de los 60\u201d - GYS NOTICIAS |","og_description":"\u2014La Revoluci\u00f3n Cubana del 59, que fue un acontecimiento pol\u00edtico, probablemente, el m\u00e1s disruptivo de Am\u00e9rica Latina del siglo XX y que fue liderado por abogados de clase media, no obreros ni campesinos, que triunf\u00f3 en un pa\u00eds que no era el m\u00e1s pobre ni el m\u00e1s desigual de Am\u00e9rica Latina, y sin embargo, produjo [&hellip;]","og_url":"https:\/\/gysfm.com.ar\/inicio\/alejandro-de-la-fuente-cuba-termina-siendo-exactamente-lo-que-no-quiso-ser-en-la-revolucion-de-los-60\/","og_site_name":"GYS NOTICIAS |","article_published_time":"2026-04-26T11:16:42+00:00","og_image":[{"url":"https:\/\/fotos.perfil.com\/\/2026\/04\/26\/900\/0\/alejandro-de-la-fuente-hablo-de-cuba-en-periodismo-puro-con-jorge-fontevecchia-2227656.jpg?webp","type":"","width":"","height":""}],"author":"Prensa G&amp;S FM","twitter_card":"summary_large_image","twitter_misc":{"Escrito por":"Prensa G&amp;S FM","Tiempo de lectura":"35 minutos"},"schema":{"@context":"https:\/\/schema.org","@graph":[{"@type":"Article","@id":"https:\/\/gysfm.com.ar\/inicio\/alejandro-de-la-fuente-cuba-termina-siendo-exactamente-lo-que-no-quiso-ser-en-la-revolucion-de-los-60\/#article","isPartOf":{"@id":"https:\/\/gysfm.com.ar\/inicio\/alejandro-de-la-fuente-cuba-termina-siendo-exactamente-lo-que-no-quiso-ser-en-la-revolucion-de-los-60\/"},"author":{"name":"Prensa G&amp;S FM","@id":"https:\/\/gysfm.com.ar\/inicio\/#\/schema\/person\/3abba7593ef2ad19e1be221d54383dc5"},"headline":"Alejandro de la Fuente: \u201cCuba termina siendo exactamente lo que no quiso ser en la Revoluci\u00f3n de los 60\u201d","datePublished":"2026-04-26T11:16:42+00:00","mainEntityOfPage":{"@id":"https:\/\/gysfm.com.ar\/inicio\/alejandro-de-la-fuente-cuba-termina-siendo-exactamente-lo-que-no-quiso-ser-en-la-revolucion-de-los-60\/"},"wordCount":7005,"publisher":{"@id":"https:\/\/gysfm.com.ar\/inicio\/#organization"},"image":{"@id":"https:\/\/gysfm.com.ar\/inicio\/alejandro-de-la-fuente-cuba-termina-siendo-exactamente-lo-que-no-quiso-ser-en-la-revolucion-de-los-60\/#primaryimage"},"thumbnailUrl":"https:\/\/gysfm.com.ar\/inicio\/wp-content\/uploads\/2026\/04\/26042026cubaafpg-2227648.jpg","articleSection":["NACIONALES"],"inLanguage":"es"},{"@type":"WebPage","@id":"https:\/\/gysfm.com.ar\/inicio\/alejandro-de-la-fuente-cuba-termina-siendo-exactamente-lo-que-no-quiso-ser-en-la-revolucion-de-los-60\/","url":"https:\/\/gysfm.com.ar\/inicio\/alejandro-de-la-fuente-cuba-termina-siendo-exactamente-lo-que-no-quiso-ser-en-la-revolucion-de-los-60\/","name":"Alejandro de la Fuente: \u201cCuba termina siendo exactamente lo que no quiso ser en la Revoluci\u00f3n de los 60\u201d - GYS NOTICIAS |","isPartOf":{"@id":"https:\/\/gysfm.com.ar\/inicio\/#website"},"primaryImageOfPage":{"@id":"https:\/\/gysfm.com.ar\/inicio\/alejandro-de-la-fuente-cuba-termina-siendo-exactamente-lo-que-no-quiso-ser-en-la-revolucion-de-los-60\/#primaryimage"},"image":{"@id":"https:\/\/gysfm.com.ar\/inicio\/alejandro-de-la-fuente-cuba-termina-siendo-exactamente-lo-que-no-quiso-ser-en-la-revolucion-de-los-60\/#primaryimage"},"thumbnailUrl":"https:\/\/gysfm.com.ar\/inicio\/wp-content\/uploads\/2026\/04\/26042026cubaafpg-2227648.jpg","datePublished":"2026-04-26T11:16:42+00:00","breadcrumb":{"@id":"https:\/\/gysfm.com.ar\/inicio\/alejandro-de-la-fuente-cuba-termina-siendo-exactamente-lo-que-no-quiso-ser-en-la-revolucion-de-los-60\/#breadcrumb"},"inLanguage":"es","potentialAction":[{"@type":"ReadAction","target":["https:\/\/gysfm.com.ar\/inicio\/alejandro-de-la-fuente-cuba-termina-siendo-exactamente-lo-que-no-quiso-ser-en-la-revolucion-de-los-60\/"]}]},{"@type":"ImageObject","inLanguage":"es","@id":"https:\/\/gysfm.com.ar\/inicio\/alejandro-de-la-fuente-cuba-termina-siendo-exactamente-lo-que-no-quiso-ser-en-la-revolucion-de-los-60\/#primaryimage","url":"https:\/\/gysfm.com.ar\/inicio\/wp-content\/uploads\/2026\/04\/26042026cubaafpg-2227648.jpg","contentUrl":"https:\/\/gysfm.com.ar\/inicio\/wp-content\/uploads\/2026\/04\/26042026cubaafpg-2227648.jpg","width":1140,"height":641},{"@type":"BreadcrumbList","@id":"https:\/\/gysfm.com.ar\/inicio\/alejandro-de-la-fuente-cuba-termina-siendo-exactamente-lo-que-no-quiso-ser-en-la-revolucion-de-los-60\/#breadcrumb","itemListElement":[{"@type":"ListItem","position":1,"name":"Portada","item":"https:\/\/gysfm.com.ar\/inicio\/"},{"@type":"ListItem","position":2,"name":"Alejandro de la Fuente: \u201cCuba termina siendo exactamente lo que no quiso ser en la Revoluci\u00f3n de los 60\u201d"}]},{"@type":"WebSite","@id":"https:\/\/gysfm.com.ar\/inicio\/#website","url":"https:\/\/gysfm.com.ar\/inicio\/","name":"GYS NOTICIAS |","description":"DIARIO - RADIO ONLINE SAN JUAN ARGENTINA","publisher":{"@id":"https:\/\/gysfm.com.ar\/inicio\/#organization"},"potentialAction":[{"@type":"SearchAction","target":{"@type":"EntryPoint","urlTemplate":"https:\/\/gysfm.com.ar\/inicio\/?s={search_term_string}"},"query-input":{"@type":"PropertyValueSpecification","valueRequired":true,"valueName":"search_term_string"}}],"inLanguage":"es"},{"@type":"Organization","@id":"https:\/\/gysfm.com.ar\/inicio\/#organization","name":"GYS NOTICIAS |","url":"https:\/\/gysfm.com.ar\/inicio\/","logo":{"@type":"ImageObject","inLanguage":"es","@id":"https:\/\/gysfm.com.ar\/inicio\/#\/schema\/logo\/image\/","url":"https:\/\/gysfm.com.ar\/inicio\/wp-content\/uploads\/2023\/07\/LOGOGYS-OK.png","contentUrl":"https:\/\/gysfm.com.ar\/inicio\/wp-content\/uploads\/2023\/07\/LOGOGYS-OK.png","width":1170,"height":872,"caption":"GYS NOTICIAS |"},"image":{"@id":"https:\/\/gysfm.com.ar\/inicio\/#\/schema\/logo\/image\/"}},{"@type":"Person","@id":"https:\/\/gysfm.com.ar\/inicio\/#\/schema\/person\/3abba7593ef2ad19e1be221d54383dc5","name":"Prensa G&amp;S FM","image":{"@type":"ImageObject","inLanguage":"es","@id":"https:\/\/gysfm.com.ar\/inicio\/#\/schema\/person\/image\/","url":"https:\/\/secure.gravatar.com\/avatar\/096ec78df02049ab018702bb4ccedf659377fa92a26540b5247612077a0dbd29?s=96&d=mm&r=g","contentUrl":"https:\/\/secure.gravatar.com\/avatar\/096ec78df02049ab018702bb4ccedf659377fa92a26540b5247612077a0dbd29?s=96&d=mm&r=g","caption":"Prensa G&amp;S FM"},"sameAs":["https:\/\/gysfm.com.ar\/"],"url":"https:\/\/gysfm.com.ar\/inicio\/author\/lucasm\/"}]}},"_links":{"self":[{"href":"https:\/\/gysfm.com.ar\/inicio\/wp-json\/wp\/v2\/posts\/193078","targetHints":{"allow":["GET"]}}],"collection":[{"href":"https:\/\/gysfm.com.ar\/inicio\/wp-json\/wp\/v2\/posts"}],"about":[{"href":"https:\/\/gysfm.com.ar\/inicio\/wp-json\/wp\/v2\/types\/post"}],"author":[{"embeddable":true,"href":"https:\/\/gysfm.com.ar\/inicio\/wp-json\/wp\/v2\/users\/2"}],"replies":[{"embeddable":true,"href":"https:\/\/gysfm.com.ar\/inicio\/wp-json\/wp\/v2\/comments?post=193078"}],"version-history":[{"count":0,"href":"https:\/\/gysfm.com.ar\/inicio\/wp-json\/wp\/v2\/posts\/193078\/revisions"}],"wp:featuredmedia":[{"embeddable":true,"href":"https:\/\/gysfm.com.ar\/inicio\/wp-json\/wp\/v2\/media\/193079"}],"wp:attachment":[{"href":"https:\/\/gysfm.com.ar\/inicio\/wp-json\/wp\/v2\/media?parent=193078"}],"wp:term":[{"taxonomy":"category","embeddable":true,"href":"https:\/\/gysfm.com.ar\/inicio\/wp-json\/wp\/v2\/categories?post=193078"},{"taxonomy":"post_tag","embeddable":true,"href":"https:\/\/gysfm.com.ar\/inicio\/wp-json\/wp\/v2\/tags?post=193078"}],"curies":[{"name":"wp","href":"https:\/\/api.w.org\/{rel}","templated":true}]}}