{"id":193072,"date":"2026-04-26T07:45:06","date_gmt":"2026-04-26T10:45:06","guid":{"rendered":"https:\/\/gysfm.com.ar\/inicio\/la-inesperada-reaccion-de-nicole-neumann-en-medio-de-la-fiesta-de-15-anos-de-allegra-cubero\/"},"modified":"2026-04-26T07:45:06","modified_gmt":"2026-04-26T10:45:06","slug":"la-inesperada-reaccion-de-nicole-neumann-en-medio-de-la-fiesta-de-15-anos-de-allegra-cubero","status":"publish","type":"post","link":"https:\/\/gysfm.com.ar\/inicio\/la-inesperada-reaccion-de-nicole-neumann-en-medio-de-la-fiesta-de-15-anos-de-allegra-cubero\/","title":{"rendered":"La inesperada reacci\u00f3n de Nicole Neumann en medio de la fiesta de 15 a\u00f1os de Allegra Cubero"},"content":{"rendered":"<p><\/p>\n<div>\n<p>El esperado festejo de 15 a\u00f1os de <a target=\"_blank\" href=\"https:\/\/caras.perfil.com\/noticias\/celebridades\/iluminacion-robotica-paredes-glitter-sonada-decoracion-15-allegra-cubero.phtml\"><strong>Allegra Cubero<\/strong><\/a> se convirti\u00f3 en el escenario de una nueva y marcada divisi\u00f3n familiar. Lo que pudo haber sido una postal de unidad para celebrar a la segunda hija de<a target=\"_blank\" href=\"https:\/\/caras.perfil.com\/noticias\/celebridades\/mica-viciconte-mostro-su-nuevo-bano-estampado-exotico-estilo-moderno-y-una-decoracion-inspirada-en-fabian-cubero.phtml\"> <strong>Fabi\u00e1n Cubero<\/strong><\/a> y <a target=\"_blank\" href=\"https:\/\/caras.perfil.com\/noticias\/celebridades\/nicole-neumann-nueva-decoracion-de-su-casa.phtml\"><strong>Nicole Neumann<\/strong><\/a>, termin\u00f3 siendo el reflejo de dos realidades opuestas: mientras los preparativos y la emoci\u00f3n dominan las redes sociales del \u00abotro lado\u00bb, la reacci\u00f3n de Nicole no tard\u00f3 en llegar.\u00a0<\/p>\n<h2>El refugio de Nicole Neumann frente a la fiesta de Allegra Cubero\u00a0<\/h2>\n<p>A trav\u00e9s de sus historias de Instagram, <strong>Nicole Neumann<\/strong> sorprendi\u00f3 a sus seguidores al mostrarse a kil\u00f3metros de distancia del sal\u00f3n de fiestas.<\/p>\n<p>La modelo comparti\u00f3 una serie de fotos que confirman su decisi\u00f3n de alejarse del foco medi\u00e1tico y la pol\u00e9mica que rode\u00f3 la organizaci\u00f3n del evento. En las im\u00e1genes se la puede ver arriba del un avi\u00f3n, con una vista nocturna de las luces de la ciudad y una etiqueta que indicaba su\u00a0ubicaci\u00f3n: \u00ab<strong>Neuqu\u00e9n, Argentina<\/strong>\u00ab.<\/p>\n<figure class=\"image\"><img decoding=\"async\" style=\"max-width: 100%; width: 100%;\" alt=\"Nicole Neumann\" src=\"https:\/\/fotos.perfil.com\/\/2026\/04\/25\/900\/0\/nicole-neumann-2227370.jpg\" loading=\"lazy\"\/>&#13;<figcaption>Las im\u00e1genes que comparti\u00f3 Nicole desde el avi\u00f3n rumbo al sur.<\/figcaption>&#13;<br \/>\n<\/figure>\n<p>Esta elecci\u00f3n de destino no es casual. Neuqu\u00e9n es la tierra donde viven los padres de su pareja,\u00a0<a target=\"_blank\" href=\"https:\/\/caras.perfil.com\/noticias\/celebridades\/fotos-manu-urcera-nicole-neumann-junto-hijo-cruz-punta-del-este.phtml\"><strong>Manuel Urcera<\/strong><\/a>, y el lugar que la modelo suele elegir como <strong>refugio <\/strong>cuando busca <strong>desconectar<\/strong>. En esta ocasi\u00f3n,<strong> Nicole Neumann<\/strong> <strong>no viaj\u00f3 sola<\/strong>: en una de las im\u00e1genes, se la ve\u00a0sosteniendo en brazos a su beb\u00e9, <strong>Cruz Urcera<\/strong>, enfocada plenamente en su presente maternal y en su nueva estructura familiar.<\/p>\n<h2>Nicole Neumann y Mica Viciconte: las tensiones detr\u00e1s de una organizaci\u00f3n dividida<\/h2>\n<p>El trasfondo de este viaje est\u00e1 marcado por las recientes tensiones. En las \u00faltimas horas, <a target=\"_blank\" href=\"https:\/\/caras.perfil.com\/noticias\/celebridades\/make-up-soft-glam-allegra-cubero-fiesta-15-anos.phtml\"><strong>Mica Viciconte<\/strong><\/a>, actual pareja de Faib\u00e1n Cubero, filtr\u00f3 detalles de la \u00abprevia\u00bb de la fiesta, lo que reaviv\u00f3 la pol\u00e9mica sobre los responsables del armado del festejo.\u00a0<\/p>\n<figure class=\"image\"><img decoding=\"async\" style=\"max-width: 100%; width: 100%;\" alt=\"Nicole Neumann y Allegra Cubero\" src=\"https:\/\/fotos.perfil.com\/\/2026\/04\/24\/900\/0\/nicole-neumann-y-allegra-cubero-2226659.jpg\" loading=\"lazy\"\/>&#13;<figcaption>Nicole Neumann y Allegra Cubero.<\/figcaption>&#13;<br \/>\n<\/figure>\n<p>Ante la exposici\u00f3n medi\u00e1tica de la fiesta y la filtraci\u00f3n de las fotos de <strong>Allegra Cubero<\/strong> emocionada junto a su padre, <a target=\"_blank\" href=\"https:\/\/caras.perfil.com\/noticias\/moda\/mini-look-cruz-urcera-nicole-neumann-compartio-orgullo-el-eligio-su-campera.phtml\"><strong>Nicole Neumann<\/strong><\/a> eligi\u00f3 <strong>no entrar en pol\u00e9micas<\/strong>. Su viaje al sur aparece como una b\u00fasqueda de paz y &#8216;desconexi\u00f3n&#8217; para evitar quedar atrapada en el centro de una disputa que, al menos por esta noche, tiene a su hija como protagonista absoluta<\/p>\n<p>\t\t\t\t\t\t\t\t\t\t<!-- tags -->\n\t\t\t\t<\/div>\n<p><script>\n\t(function(d, s, id) {\n\t\tvar js, fjs = d.getElementsByTagName(s)[0];\n\t\tif (d.getElementById(id)) return;\n\t\tjs = d.createElement(s);\n\t\tjs.id = id;\n\t\tjs.src=\"https:\/\/connect.facebook.net\/es_LA\/sdk.js#xfbml=1&version=v3.1\";\n\t\tfjs.parentNode.insertBefore(js, fjs);\n\t}(document, 'script', 'facebook-jssdk'));\n<\/script><\/p>\n","protected":false},"excerpt":{"rendered":"<p>El esperado festejo de 15 a\u00f1os de Allegra Cubero se convirti\u00f3 en el escenario de una nueva y marcada divisi\u00f3n familiar. Lo que pudo haber sido una postal de unidad para celebrar a la segunda hija de Fabi\u00e1n Cubero y Nicole Neumann, termin\u00f3 siendo el reflejo de dos realidades opuestas: mientras los preparativos y la [&hellip;]<\/p>\n","protected":false},"author":2,"featured_media":193073,"comment_status":"closed","ping_status":"closed","sticky":false,"template":"","format":"standard","meta":{"footnotes":""},"categories":[25],"tags":[],"class_list":["post-193072","post","type-post","status-publish","format-standard","has-post-thumbnail","hentry","category-nacionales"],"yoast_head":"<!-- This site is optimized with the Yoast SEO plugin v24.4 - https:\/\/yoast.com\/wordpress\/plugins\/seo\/ -->\n<title>La inesperada reacci\u00f3n de Nicole Neumann en medio de la fiesta de 15 a\u00f1os de Allegra Cubero - GYS NOTICIAS |<\/title>\n<meta name=\"robots\" content=\"index, follow, max-snippet:-1, max-image-preview:large, max-video-preview:-1\" \/>\n<link rel=\"canonical\" href=\"https:\/\/gysfm.com.ar\/inicio\/la-inesperada-reaccion-de-nicole-neumann-en-medio-de-la-fiesta-de-15-anos-de-allegra-cubero\/\" \/>\n<meta property=\"og:locale\" content=\"es_ES\" \/>\n<meta property=\"og:type\" content=\"article\" \/>\n<meta property=\"og:title\" content=\"La inesperada reacci\u00f3n de Nicole Neumann en medio de la fiesta de 15 a\u00f1os de Allegra Cubero - GYS NOTICIAS |\" \/>\n<meta property=\"og:description\" content=\"El esperado festejo de 15 a\u00f1os de Allegra Cubero se convirti\u00f3 en el escenario de una nueva y marcada divisi\u00f3n familiar. Lo que pudo haber sido una postal de unidad para celebrar a la segunda hija de Fabi\u00e1n Cubero y Nicole Neumann, termin\u00f3 siendo el reflejo de dos realidades opuestas: mientras los preparativos y la [&hellip;]\" \/>\n<meta property=\"og:url\" content=\"https:\/\/gysfm.com.ar\/inicio\/la-inesperada-reaccion-de-nicole-neumann-en-medio-de-la-fiesta-de-15-anos-de-allegra-cubero\/\" \/>\n<meta property=\"og:site_name\" content=\"GYS NOTICIAS |\" \/>\n<meta property=\"article:published_time\" content=\"2026-04-26T10:45:06+00:00\" \/>\n<meta property=\"og:image\" content=\"https:\/\/fotos.perfil.com\/\/2026\/04\/25\/900\/0\/nicole-neumann-2227370.jpg\" \/>\n<meta name=\"author\" content=\"Prensa G&amp;S FM\" \/>\n<meta name=\"twitter:card\" content=\"summary_large_image\" \/>\n<meta name=\"twitter:label1\" content=\"Escrito por\" \/>\n\t<meta name=\"twitter:data1\" content=\"Prensa G&amp;S FM\" \/>\n\t<meta name=\"twitter:label2\" content=\"Tiempo de lectura\" \/>\n\t<meta name=\"twitter:data2\" content=\"2 minutos\" \/>\n<script type=\"application\/ld+json\" class=\"yoast-schema-graph\">{\"@context\":\"https:\/\/schema.org\",\"@graph\":[{\"@type\":\"Article\",\"@id\":\"https:\/\/gysfm.com.ar\/inicio\/la-inesperada-reaccion-de-nicole-neumann-en-medio-de-la-fiesta-de-15-anos-de-allegra-cubero\/#article\",\"isPartOf\":{\"@id\":\"https:\/\/gysfm.com.ar\/inicio\/la-inesperada-reaccion-de-nicole-neumann-en-medio-de-la-fiesta-de-15-anos-de-allegra-cubero\/\"},\"author\":{\"name\":\"Prensa G&amp;S FM\",\"@id\":\"https:\/\/gysfm.com.ar\/inicio\/#\/schema\/person\/3abba7593ef2ad19e1be221d54383dc5\"},\"headline\":\"La inesperada reacci\u00f3n de Nicole Neumann en medio de la fiesta de 15 a\u00f1os de Allegra Cubero\",\"datePublished\":\"2026-04-26T10:45:06+00:00\",\"mainEntityOfPage\":{\"@id\":\"https:\/\/gysfm.com.ar\/inicio\/la-inesperada-reaccion-de-nicole-neumann-en-medio-de-la-fiesta-de-15-anos-de-allegra-cubero\/\"},\"wordCount\":412,\"publisher\":{\"@id\":\"https:\/\/gysfm.com.ar\/inicio\/#organization\"},\"image\":{\"@id\":\"https:\/\/gysfm.com.ar\/inicio\/la-inesperada-reaccion-de-nicole-neumann-en-medio-de-la-fiesta-de-15-anos-de-allegra-cubero\/#primaryimage\"},\"thumbnailUrl\":\"https:\/\/gysfm.com.ar\/inicio\/wp-content\/uploads\/2026\/04\/nicole-neumann-y-allegra-cubero-2190489.jpg\",\"articleSection\":[\"NACIONALES\"],\"inLanguage\":\"es\"},{\"@type\":\"WebPage\",\"@id\":\"https:\/\/gysfm.com.ar\/inicio\/la-inesperada-reaccion-de-nicole-neumann-en-medio-de-la-fiesta-de-15-anos-de-allegra-cubero\/\",\"url\":\"https:\/\/gysfm.com.ar\/inicio\/la-inesperada-reaccion-de-nicole-neumann-en-medio-de-la-fiesta-de-15-anos-de-allegra-cubero\/\",\"name\":\"La inesperada reacci\u00f3n de Nicole Neumann en medio de la fiesta de 15 a\u00f1os de Allegra Cubero - GYS NOTICIAS |\",\"isPartOf\":{\"@id\":\"https:\/\/gysfm.com.ar\/inicio\/#website\"},\"primaryImageOfPage\":{\"@id\":\"https:\/\/gysfm.com.ar\/inicio\/la-inesperada-reaccion-de-nicole-neumann-en-medio-de-la-fiesta-de-15-anos-de-allegra-cubero\/#primaryimage\"},\"image\":{\"@id\":\"https:\/\/gysfm.com.ar\/inicio\/la-inesperada-reaccion-de-nicole-neumann-en-medio-de-la-fiesta-de-15-anos-de-allegra-cubero\/#primaryimage\"},\"thumbnailUrl\":\"https:\/\/gysfm.com.ar\/inicio\/wp-content\/uploads\/2026\/04\/nicole-neumann-y-allegra-cubero-2190489.jpg\",\"datePublished\":\"2026-04-26T10:45:06+00:00\",\"breadcrumb\":{\"@id\":\"https:\/\/gysfm.com.ar\/inicio\/la-inesperada-reaccion-de-nicole-neumann-en-medio-de-la-fiesta-de-15-anos-de-allegra-cubero\/#breadcrumb\"},\"inLanguage\":\"es\",\"potentialAction\":[{\"@type\":\"ReadAction\",\"target\":[\"https:\/\/gysfm.com.ar\/inicio\/la-inesperada-reaccion-de-nicole-neumann-en-medio-de-la-fiesta-de-15-anos-de-allegra-cubero\/\"]}]},{\"@type\":\"ImageObject\",\"inLanguage\":\"es\",\"@id\":\"https:\/\/gysfm.com.ar\/inicio\/la-inesperada-reaccion-de-nicole-neumann-en-medio-de-la-fiesta-de-15-anos-de-allegra-cubero\/#primaryimage\",\"url\":\"https:\/\/gysfm.com.ar\/inicio\/wp-content\/uploads\/2026\/04\/nicole-neumann-y-allegra-cubero-2190489.jpg\",\"contentUrl\":\"https:\/\/gysfm.com.ar\/inicio\/wp-content\/uploads\/2026\/04\/nicole-neumann-y-allegra-cubero-2190489.jpg\",\"width\":1140,\"height\":641},{\"@type\":\"BreadcrumbList\",\"@id\":\"https:\/\/gysfm.com.ar\/inicio\/la-inesperada-reaccion-de-nicole-neumann-en-medio-de-la-fiesta-de-15-anos-de-allegra-cubero\/#breadcrumb\",\"itemListElement\":[{\"@type\":\"ListItem\",\"position\":1,\"name\":\"Portada\",\"item\":\"https:\/\/gysfm.com.ar\/inicio\/\"},{\"@type\":\"ListItem\",\"position\":2,\"name\":\"La inesperada reacci\u00f3n de Nicole Neumann en medio de la fiesta de 15 a\u00f1os de Allegra Cubero\"}]},{\"@type\":\"WebSite\",\"@id\":\"https:\/\/gysfm.com.ar\/inicio\/#website\",\"url\":\"https:\/\/gysfm.com.ar\/inicio\/\",\"name\":\"GYS NOTICIAS |\",\"description\":\"DIARIO - RADIO ONLINE SAN JUAN ARGENTINA\",\"publisher\":{\"@id\":\"https:\/\/gysfm.com.ar\/inicio\/#organization\"},\"potentialAction\":[{\"@type\":\"SearchAction\",\"target\":{\"@type\":\"EntryPoint\",\"urlTemplate\":\"https:\/\/gysfm.com.ar\/inicio\/?s={search_term_string}\"},\"query-input\":{\"@type\":\"PropertyValueSpecification\",\"valueRequired\":true,\"valueName\":\"search_term_string\"}}],\"inLanguage\":\"es\"},{\"@type\":\"Organization\",\"@id\":\"https:\/\/gysfm.com.ar\/inicio\/#organization\",\"name\":\"GYS NOTICIAS |\",\"url\":\"https:\/\/gysfm.com.ar\/inicio\/\",\"logo\":{\"@type\":\"ImageObject\",\"inLanguage\":\"es\",\"@id\":\"https:\/\/gysfm.com.ar\/inicio\/#\/schema\/logo\/image\/\",\"url\":\"https:\/\/gysfm.com.ar\/inicio\/wp-content\/uploads\/2023\/07\/LOGOGYS-OK.png\",\"contentUrl\":\"https:\/\/gysfm.com.ar\/inicio\/wp-content\/uploads\/2023\/07\/LOGOGYS-OK.png\",\"width\":1170,\"height\":872,\"caption\":\"GYS NOTICIAS |\"},\"image\":{\"@id\":\"https:\/\/gysfm.com.ar\/inicio\/#\/schema\/logo\/image\/\"}},{\"@type\":\"Person\",\"@id\":\"https:\/\/gysfm.com.ar\/inicio\/#\/schema\/person\/3abba7593ef2ad19e1be221d54383dc5\",\"name\":\"Prensa G&amp;S FM\",\"image\":{\"@type\":\"ImageObject\",\"inLanguage\":\"es\",\"@id\":\"https:\/\/gysfm.com.ar\/inicio\/#\/schema\/person\/image\/\",\"url\":\"https:\/\/secure.gravatar.com\/avatar\/096ec78df02049ab018702bb4ccedf659377fa92a26540b5247612077a0dbd29?s=96&d=mm&r=g\",\"contentUrl\":\"https:\/\/secure.gravatar.com\/avatar\/096ec78df02049ab018702bb4ccedf659377fa92a26540b5247612077a0dbd29?s=96&d=mm&r=g\",\"caption\":\"Prensa G&amp;S FM\"},\"sameAs\":[\"https:\/\/gysfm.com.ar\/\"],\"url\":\"https:\/\/gysfm.com.ar\/inicio\/author\/lucasm\/\"}]}<\/script>\n<!-- \/ Yoast SEO plugin. -->","yoast_head_json":{"title":"La inesperada reacci\u00f3n de Nicole Neumann en medio de la fiesta de 15 a\u00f1os de Allegra Cubero - GYS NOTICIAS |","robots":{"index":"index","follow":"follow","max-snippet":"max-snippet:-1","max-image-preview":"max-image-preview:large","max-video-preview":"max-video-preview:-1"},"canonical":"https:\/\/gysfm.com.ar\/inicio\/la-inesperada-reaccion-de-nicole-neumann-en-medio-de-la-fiesta-de-15-anos-de-allegra-cubero\/","og_locale":"es_ES","og_type":"article","og_title":"La inesperada reacci\u00f3n de Nicole Neumann en medio de la fiesta de 15 a\u00f1os de Allegra Cubero - GYS NOTICIAS |","og_description":"El esperado festejo de 15 a\u00f1os de Allegra Cubero se convirti\u00f3 en el escenario de una nueva y marcada divisi\u00f3n familiar. Lo que pudo haber sido una postal de unidad para celebrar a la segunda hija de Fabi\u00e1n Cubero y Nicole Neumann, termin\u00f3 siendo el reflejo de dos realidades opuestas: mientras los preparativos y la [&hellip;]","og_url":"https:\/\/gysfm.com.ar\/inicio\/la-inesperada-reaccion-de-nicole-neumann-en-medio-de-la-fiesta-de-15-anos-de-allegra-cubero\/","og_site_name":"GYS NOTICIAS |","article_published_time":"2026-04-26T10:45:06+00:00","og_image":[{"url":"https:\/\/fotos.perfil.com\/\/2026\/04\/25\/900\/0\/nicole-neumann-2227370.jpg","type":"","width":"","height":""}],"author":"Prensa G&amp;S FM","twitter_card":"summary_large_image","twitter_misc":{"Escrito por":"Prensa G&amp;S FM","Tiempo de lectura":"2 minutos"},"schema":{"@context":"https:\/\/schema.org","@graph":[{"@type":"Article","@id":"https:\/\/gysfm.com.ar\/inicio\/la-inesperada-reaccion-de-nicole-neumann-en-medio-de-la-fiesta-de-15-anos-de-allegra-cubero\/#article","isPartOf":{"@id":"https:\/\/gysfm.com.ar\/inicio\/la-inesperada-reaccion-de-nicole-neumann-en-medio-de-la-fiesta-de-15-anos-de-allegra-cubero\/"},"author":{"name":"Prensa G&amp;S FM","@id":"https:\/\/gysfm.com.ar\/inicio\/#\/schema\/person\/3abba7593ef2ad19e1be221d54383dc5"},"headline":"La inesperada reacci\u00f3n de Nicole Neumann en medio de la fiesta de 15 a\u00f1os de Allegra Cubero","datePublished":"2026-04-26T10:45:06+00:00","mainEntityOfPage":{"@id":"https:\/\/gysfm.com.ar\/inicio\/la-inesperada-reaccion-de-nicole-neumann-en-medio-de-la-fiesta-de-15-anos-de-allegra-cubero\/"},"wordCount":412,"publisher":{"@id":"https:\/\/gysfm.com.ar\/inicio\/#organization"},"image":{"@id":"https:\/\/gysfm.com.ar\/inicio\/la-inesperada-reaccion-de-nicole-neumann-en-medio-de-la-fiesta-de-15-anos-de-allegra-cubero\/#primaryimage"},"thumbnailUrl":"https:\/\/gysfm.com.ar\/inicio\/wp-content\/uploads\/2026\/04\/nicole-neumann-y-allegra-cubero-2190489.jpg","articleSection":["NACIONALES"],"inLanguage":"es"},{"@type":"WebPage","@id":"https:\/\/gysfm.com.ar\/inicio\/la-inesperada-reaccion-de-nicole-neumann-en-medio-de-la-fiesta-de-15-anos-de-allegra-cubero\/","url":"https:\/\/gysfm.com.ar\/inicio\/la-inesperada-reaccion-de-nicole-neumann-en-medio-de-la-fiesta-de-15-anos-de-allegra-cubero\/","name":"La inesperada reacci\u00f3n de Nicole Neumann en medio de la fiesta de 15 a\u00f1os de Allegra Cubero - GYS NOTICIAS |","isPartOf":{"@id":"https:\/\/gysfm.com.ar\/inicio\/#website"},"primaryImageOfPage":{"@id":"https:\/\/gysfm.com.ar\/inicio\/la-inesperada-reaccion-de-nicole-neumann-en-medio-de-la-fiesta-de-15-anos-de-allegra-cubero\/#primaryimage"},"image":{"@id":"https:\/\/gysfm.com.ar\/inicio\/la-inesperada-reaccion-de-nicole-neumann-en-medio-de-la-fiesta-de-15-anos-de-allegra-cubero\/#primaryimage"},"thumbnailUrl":"https:\/\/gysfm.com.ar\/inicio\/wp-content\/uploads\/2026\/04\/nicole-neumann-y-allegra-cubero-2190489.jpg","datePublished":"2026-04-26T10:45:06+00:00","breadcrumb":{"@id":"https:\/\/gysfm.com.ar\/inicio\/la-inesperada-reaccion-de-nicole-neumann-en-medio-de-la-fiesta-de-15-anos-de-allegra-cubero\/#breadcrumb"},"inLanguage":"es","potentialAction":[{"@type":"ReadAction","target":["https:\/\/gysfm.com.ar\/inicio\/la-inesperada-reaccion-de-nicole-neumann-en-medio-de-la-fiesta-de-15-anos-de-allegra-cubero\/"]}]},{"@type":"ImageObject","inLanguage":"es","@id":"https:\/\/gysfm.com.ar\/inicio\/la-inesperada-reaccion-de-nicole-neumann-en-medio-de-la-fiesta-de-15-anos-de-allegra-cubero\/#primaryimage","url":"https:\/\/gysfm.com.ar\/inicio\/wp-content\/uploads\/2026\/04\/nicole-neumann-y-allegra-cubero-2190489.jpg","contentUrl":"https:\/\/gysfm.com.ar\/inicio\/wp-content\/uploads\/2026\/04\/nicole-neumann-y-allegra-cubero-2190489.jpg","width":1140,"height":641},{"@type":"BreadcrumbList","@id":"https:\/\/gysfm.com.ar\/inicio\/la-inesperada-reaccion-de-nicole-neumann-en-medio-de-la-fiesta-de-15-anos-de-allegra-cubero\/#breadcrumb","itemListElement":[{"@type":"ListItem","position":1,"name":"Portada","item":"https:\/\/gysfm.com.ar\/inicio\/"},{"@type":"ListItem","position":2,"name":"La inesperada reacci\u00f3n de Nicole Neumann en medio de la fiesta de 15 a\u00f1os de Allegra Cubero"}]},{"@type":"WebSite","@id":"https:\/\/gysfm.com.ar\/inicio\/#website","url":"https:\/\/gysfm.com.ar\/inicio\/","name":"GYS NOTICIAS |","description":"DIARIO - RADIO ONLINE SAN JUAN ARGENTINA","publisher":{"@id":"https:\/\/gysfm.com.ar\/inicio\/#organization"},"potentialAction":[{"@type":"SearchAction","target":{"@type":"EntryPoint","urlTemplate":"https:\/\/gysfm.com.ar\/inicio\/?s={search_term_string}"},"query-input":{"@type":"PropertyValueSpecification","valueRequired":true,"valueName":"search_term_string"}}],"inLanguage":"es"},{"@type":"Organization","@id":"https:\/\/gysfm.com.ar\/inicio\/#organization","name":"GYS NOTICIAS |","url":"https:\/\/gysfm.com.ar\/inicio\/","logo":{"@type":"ImageObject","inLanguage":"es","@id":"https:\/\/gysfm.com.ar\/inicio\/#\/schema\/logo\/image\/","url":"https:\/\/gysfm.com.ar\/inicio\/wp-content\/uploads\/2023\/07\/LOGOGYS-OK.png","contentUrl":"https:\/\/gysfm.com.ar\/inicio\/wp-content\/uploads\/2023\/07\/LOGOGYS-OK.png","width":1170,"height":872,"caption":"GYS NOTICIAS |"},"image":{"@id":"https:\/\/gysfm.com.ar\/inicio\/#\/schema\/logo\/image\/"}},{"@type":"Person","@id":"https:\/\/gysfm.com.ar\/inicio\/#\/schema\/person\/3abba7593ef2ad19e1be221d54383dc5","name":"Prensa G&amp;S FM","image":{"@type":"ImageObject","inLanguage":"es","@id":"https:\/\/gysfm.com.ar\/inicio\/#\/schema\/person\/image\/","url":"https:\/\/secure.gravatar.com\/avatar\/096ec78df02049ab018702bb4ccedf659377fa92a26540b5247612077a0dbd29?s=96&d=mm&r=g","contentUrl":"https:\/\/secure.gravatar.com\/avatar\/096ec78df02049ab018702bb4ccedf659377fa92a26540b5247612077a0dbd29?s=96&d=mm&r=g","caption":"Prensa G&amp;S FM"},"sameAs":["https:\/\/gysfm.com.ar\/"],"url":"https:\/\/gysfm.com.ar\/inicio\/author\/lucasm\/"}]}},"_links":{"self":[{"href":"https:\/\/gysfm.com.ar\/inicio\/wp-json\/wp\/v2\/posts\/193072","targetHints":{"allow":["GET"]}}],"collection":[{"href":"https:\/\/gysfm.com.ar\/inicio\/wp-json\/wp\/v2\/posts"}],"about":[{"href":"https:\/\/gysfm.com.ar\/inicio\/wp-json\/wp\/v2\/types\/post"}],"author":[{"embeddable":true,"href":"https:\/\/gysfm.com.ar\/inicio\/wp-json\/wp\/v2\/users\/2"}],"replies":[{"embeddable":true,"href":"https:\/\/gysfm.com.ar\/inicio\/wp-json\/wp\/v2\/comments?post=193072"}],"version-history":[{"count":0,"href":"https:\/\/gysfm.com.ar\/inicio\/wp-json\/wp\/v2\/posts\/193072\/revisions"}],"wp:featuredmedia":[{"embeddable":true,"href":"https:\/\/gysfm.com.ar\/inicio\/wp-json\/wp\/v2\/media\/193073"}],"wp:attachment":[{"href":"https:\/\/gysfm.com.ar\/inicio\/wp-json\/wp\/v2\/media?parent=193072"}],"wp:term":[{"taxonomy":"category","embeddable":true,"href":"https:\/\/gysfm.com.ar\/inicio\/wp-json\/wp\/v2\/categories?post=193072"},{"taxonomy":"post_tag","embeddable":true,"href":"https:\/\/gysfm.com.ar\/inicio\/wp-json\/wp\/v2\/tags?post=193072"}],"curies":[{"name":"wp","href":"https:\/\/api.w.org\/{rel}","templated":true}]}}