{"id":193070,"date":"2026-04-26T07:14:06","date_gmt":"2026-04-26T10:14:06","guid":{"rendered":"https:\/\/gysfm.com.ar\/inicio\/de-pampita-a-barbie-simons-maru-botana-y-gege-neumann-todos-los-looks-de-uno-de-los-eventos-mas-top-de-la-ciudad\/"},"modified":"2026-04-26T07:14:06","modified_gmt":"2026-04-26T10:14:06","slug":"de-pampita-a-barbie-simons-maru-botana-y-gege-neumann-todos-los-looks-de-uno-de-los-eventos-mas-top-de-la-ciudad","status":"publish","type":"post","link":"https:\/\/gysfm.com.ar\/inicio\/de-pampita-a-barbie-simons-maru-botana-y-gege-neumann-todos-los-looks-de-uno-de-los-eventos-mas-top-de-la-ciudad\/","title":{"rendered":"De Pampita a Barbie Simons, Maru Botana y Gege Neumann: todos los looks de uno de los eventos m\u00e1s top de la ciudad"},"content":{"rendered":"<p><\/p>\n<div>\n<p><strong><a target=\"_blank\" href=\"https:\/\/caras.perfil.com\/noticias\/celebridades\/nequi-galotti-brillo-en-el-desfile-depulidemaria.phtml\">Pampita, Barbie Simons<\/a>, Maru Botana y Gege Neumann, deslumbraron con sus looks<\/strong> recientemente en\u00a0uno de los eventos m\u00e1s top de la ciudad de Buenos Aires. La cita convoc\u00f3 a grandes figuras que acompa\u00f1aron a<strong> Puli Demaria<\/strong> <strong>en la presentaci\u00f3n de \u201cRide Free \u2013 Fly High\u201d<\/strong>. El encuentro se convirti\u00f3 en un escenario donde la moda y las tendencias se hicieron presentes en cada rinc\u00f3n.<\/p>\n<h2>De Pampita a Barbie Simons, Maru Botana y Gege Neumann: todos los looks de la presentaci\u00f3n de \u201cRide Free \u2013 Fly High\u201d<\/h2>\n<p><strong><a target=\"_blank\" href=\"https:\/\/caras.perfil.com\/noticias\/espectaculos\/puli-demaria-mama-influencers-dia-madre.phtml\">Puli Demaria<\/a><\/strong> <strong>fue la gran protagonista de la noche al presentar \u201cRide Free \u2013 Fly High\u201d<\/strong> y celebrar la apertura de su nuevo espacio en La Aldea.<\/p>\n<p>La DJ, actriz, dise\u00f1adora y empresaria reuni\u00f3 a figuras destacadas en un <strong>evento que combin\u00f3 m\u00fasica, estilo y tendencias<\/strong>. La presentaci\u00f3n de su colecci\u00f3n Oto\u00f1o-Invierno de calzado marc\u00f3 un nuevo cap\u00edtulo en su trayectoria.<strong> Entre los invitados se destacaron Pampita, Maru Botana, Gege Neumann, Nancy Pazos, Lara Bernasconi, Kayla Acu\u00f1a, entre otros.<\/strong><\/p>\n<figure class=\"image\"><img decoding=\"async\" style=\"max-width: 100%; width: 100%;\" alt=\"De Pampita a Barbie Simons, Maru Botana y Gege Neumann\" src=\"https:\/\/fotos.perfil.com\/\/2026\/04\/24\/900\/0\/de-pampita-a-barbie-simons-maru-botana-y-gege-neumann-2227306.jpg\" loading=\"lazy\"\/>&#13;<figcaption>Pampita | Cr\u00e9dito: Prensa Puli.D<\/figcaption>&#13;<br \/>\n<\/figure>\n<p><strong>Pampita eligi\u00f3 un look sofisticado con impronta contempor\u00e1nea<\/strong>. Llev\u00f3 un abrigo largo en tono bord\u00f3 oscuro confeccionado en s\u00edmil cuero, que aport\u00f3 estructura y protagonismo. Debajo, la modelo luci\u00f3 un<strong> vestido abotonado pegado al cuerpo <\/strong>que sum\u00f3 un aire elegante; complet\u00f3 su elecci\u00f3n con zapatos negros de taco alto.<\/p>\n<figure class=\"image\"><img decoding=\"async\" style=\"max-width: 100%; width: 100%;\" alt=\"De Pampita a Barbie Simons, Maru Botana y Gege Neumann\" src=\"https:\/\/fotos.perfil.com\/\/2026\/04\/24\/900\/0\/de-pampita-a-barbie-simons-maru-botana-y-gege-neumann-2227307.jpg\" loading=\"lazy\"\/>&#13;<figcaption>Pampita\u00a0 | Cr\u00e9dito: Prensa Puli.D<\/figcaption>&#13;<br \/>\n<\/figure>\n<p>Durante la presentaci\u00f3n de \u201cRide Free \u2013 Fly High\u201d, <a target=\"_blank\" href=\"https:\/\/caras.perfil.com\/noticias\/celebridades\/la-nueva-vida-de-puli-demaria-a-seis-meses-de-su-separacion.phtml\"><strong>Barbie Simons<\/strong><\/a> <strong>se rob\u00f3 todas las miradas con un atuendo elegante<\/strong> con una base minimalista. Llev\u00f3 una remera gris de manga larga y corte suelto, combinada con un pantal\u00f3n negro palazzo que reforz\u00f3 la est\u00e9tica relajada pero sofisticada. <strong>Sum\u00f3 unas botas cortas en tono marr\u00f3n<\/strong>, que aportaron estructura.\u00a0<\/p>\n<figure class=\"image\"><img decoding=\"async\" style=\"max-width: 100%; width: 100%;\" alt=\"De Pampita a Barbie Simons, Maru Botana y Gege Neumann\" src=\"https:\/\/fotos.perfil.com\/\/2026\/04\/24\/900\/0\/de-pampita-a-barbie-simons-maru-botana-y-gege-neumann-2227299.jpg\" loading=\"lazy\"\/>&#13;<figcaption>Barbie Simons | Cr\u00e9dito: Prensa Puli.D<\/figcaption>&#13;<br \/>\n<\/figure>\n<p>En su llegada al evento, <strong>Puli Demaria\u00a0se luci\u00f3 con un look de estilo moderno y elegante<\/strong> con detalles que aportaron personalidad. Llev\u00f3 un vestido corto de manga larga en <strong>tono oscuro con textura brillante, que sum\u00f3 protagonismo <\/strong>y sofisticaci\u00f3n. El conjunto se complet\u00f3 con zapatos de taco alto en color negro, que resaltaron su elecci\u00f3n.<\/p>\n<figure class=\"image\"><img decoding=\"async\" style=\"max-width: 100%; width: 100%;\" alt=\"De Pampita a Barbie Simons, Maru Botana y Gege Neumann\" src=\"https:\/\/fotos.perfil.com\/\/2026\/04\/24\/900\/0\/de-pampita-a-barbie-simons-maru-botana-y-gege-neumann-2227301.jpg\" loading=\"lazy\"\/>&#13;<figcaption>Puli Demaria | Cr\u00e9dito: Prensa Puli.D<\/figcaption>&#13;<br \/>\n<\/figure>\n<figure class=\"image\"><img decoding=\"async\" style=\"max-width: 100%; width: 100%;\" alt=\"De Pampita a Barbie Simons, Maru Botana y Gege Neumann\" src=\"https:\/\/fotos.perfil.com\/\/2026\/04\/24\/900\/0\/de-pampita-a-barbie-simons-maru-botana-y-gege-neumann-2227298.jpg\" loading=\"lazy\"\/>&#13;<figcaption>Pampita y\u00a0Puli Demaria | Cr\u00e9dito: Prensa Puli.D<\/figcaption>&#13;<br \/>\n<\/figure>\n<p><strong>Entre los invitados, tambi\u00e9n\u00a0se destac\u00f3 la presencia de Maru Botana<\/strong>, quien asisti\u00f3 al evento con un atuendo con impronta moderna. Llev\u00f3 un top sin mangas en tono marr\u00f3n, superpuesto sobre una<strong> remera clara de manga larga que aport\u00f3 contraste<\/strong> y textura. El conjunto se complet\u00f3 con un pantal\u00f3n del mismo material y color.<\/p>\n<figure class=\"image\"><img decoding=\"async\" style=\"max-width: 100%; width: 100%;\" alt=\"De Pampita a Barbie Simons, Maru Botana y Gege Neumann\" src=\"https:\/\/fotos.perfil.com\/\/2026\/04\/24\/900\/0\/de-pampita-a-barbie-simons-maru-botana-y-gege-neumann-2227303.jpg\" loading=\"lazy\"\/>&#13;<figcaption>Maru Botana\u00a0 | Cr\u00e9dito: Prensa Puli.D<\/figcaption>&#13;<br \/>\n<\/figure>\n<p><strong><a target=\"_blank\" href=\"https:\/\/caras.perfil.com\/noticias\/celebridades\/puli-demaria-enfrenta-fuertes-rumores-de-separacion.phtml\">Gege Neumann<\/a><\/strong> <strong>pos\u00f3 para las c\u00e1maras con un estilo oto\u00f1al <\/strong>con detalles que marcaron tendencia. Llev\u00f3 un sweater tejido en tono beige con apliques en los hombros, acompa\u00f1ado por una falda corta marr\u00f3n. El conjunto se complet\u00f3 con botas altas de cuero a juego, que <strong>reforzaron la est\u00e9tica de temporada<\/strong>. Como accesorio, sum\u00f3 una cartera peque\u00f1a tipo bandolera en el mismo tono.<\/p>\n<figure class=\"image\"><img decoding=\"async\" style=\"max-width: 100%; width: 100%;\" alt=\"De Pampita a Barbie Simons, Maru Botana y Gege Neumann\" src=\"https:\/\/fotos.perfil.com\/\/2026\/04\/24\/900\/0\/de-pampita-a-barbie-simons-maru-botana-y-gege-neumann-2227300.jpg\" loading=\"lazy\"\/>&#13;<figcaption>Gege Neumann | Cr\u00e9dito: Prensa Puli.D<\/figcaption>&#13;<br \/>\n<\/figure>\n<p>El evento de<strong> Puli Demaria<\/strong> en La Aldea se consolid\u00f3 como una cita clave en la agenda social, al reunir moda, m\u00fasica y estilo en un mismo espacio. La presentaci\u00f3n de la colecci\u00f3n Oto\u00f1o-Invierno \u201cRide Free \u2013 Fly High\u201d y la apertura de su tienda en Pilar ofrecieron un marco ideal para celebrar de una velada marcada por la creatividad.<\/p>\n<figure class=\"image\"><img decoding=\"async\" style=\"max-width: 100%; width: 100%;\" alt=\"De Pampita a Barbie Simons, Maru Botana y Gege Neumann\" src=\"https:\/\/fotos.perfil.com\/\/2026\/04\/24\/900\/0\/de-pampita-a-barbie-simons-maru-botana-y-gege-neumann-2227304.jpg\" loading=\"lazy\"\/>&#13;<figcaption>Kayla Acu\u00f1a<\/figcaption>&#13;<br \/>\n<\/figure>\n<figure class=\"image\"><img decoding=\"async\" style=\"max-width: 100%; width: 100%;\" alt=\"De Pampita a Barbie Simons, Maru Botana y Gege Neumann\" src=\"https:\/\/fotos.perfil.com\/\/2026\/04\/24\/900\/0\/de-pampita-a-barbie-simons-maru-botana-y-gege-neumann-2227310.jpg\" loading=\"lazy\"\/>&#13;<figcaption>Lara Bernasconi | Cr\u00e9dito: Prensa Puli.D<\/figcaption>&#13;<br \/>\n<\/figure>\n<p>Durante la noche, <strong>Sabrina Garciarena<\/strong> <strong>se inclin\u00f3 por un estilo moderno y coordinado en tonos oscuros<\/strong>. Llev\u00f3 un conjunto azul compuesto por un top corto, un pantal\u00f3n de pierna ancha y una chaqueta suelta que aport\u00f3 amplitud y movimiento. Como complemento, sum\u00f3 un<strong> bolso que reforz\u00f3 la est\u00e9tica contempor\u00e1nea<\/strong>.<\/p>\n<figure class=\"image\"><img decoding=\"async\" style=\"max-width: 100%; width: 100%;\" alt=\"De Pampita a Barbie Simons, Maru Botana y Gege Neumann\" src=\"https:\/\/fotos.perfil.com\/\/2026\/04\/24\/900\/0\/de-pampita-a-barbie-simons-maru-botana-y-gege-neumann-2227308.jpg\" loading=\"lazy\"\/>&#13;<figcaption>Sabrina Garciarena\u00a0| Cr\u00e9dito: Prensa Puli.D<\/figcaption>&#13;<br \/>\n<\/figure>\n<p><strong>Nancy Pazos <\/strong>tambi\u00e9n asisti\u00f3 al evento\u00a0<strong>con un vestido en tono verde oliva<\/strong> acompa\u00f1ado por una chaqueta ligera en color beige, que sum\u00f3 contraste y estructura.<\/p>\n<figure class=\"image\"><img decoding=\"async\" style=\"max-width: 100%; width: 100%;\" alt=\"De Pampita a Barbie Simons, Maru Botana y Gege Neumann\" src=\"https:\/\/fotos.perfil.com\/\/2026\/04\/24\/900\/0\/de-pampita-a-barbie-simons-maru-botana-y-gege-neumann-2227305.jpg\" loading=\"lazy\"\/>&#13;<figcaption>Nancy Pazos\u00a0| Cr\u00e9dito: Prensa Puli.D<\/figcaption>&#13;<br \/>\n<\/figure>\n<p>Por su parte,<strong> Robertito Funes Ugarte opt\u00f3<\/strong> <strong>por un abrigo largo de s\u00edmil piel en color negro<\/strong> con ca\u00edda, que se convirti\u00f3 en la pieza central de su look. Agreg\u00f3 tambi\u00e9n una camisa blanca con estampado que aport\u00f3 contraste.\u00a0<\/p>\n<figure class=\"image\"><img decoding=\"async\" style=\"max-width: 100%; width: 100%;\" alt=\"De Pampita a Barbie Simons, Maru Botana y Gege Neumann\" src=\"https:\/\/fotos.perfil.com\/\/2026\/04\/24\/900\/0\/de-pampita-a-barbie-simons-maru-botana-y-gege-neumann-2227302.jpg\" loading=\"lazy\"\/>&#13;<figcaption>Robertito Funes\u00a0\u00a0| Cr\u00e9dito: Prensa Puli.D<\/figcaption>&#13;<br \/>\n<\/figure>\n<p><strong>Sin duda,\u00a0<a target=\"_blank\" href=\"https:\/\/caras.perfil.com\/noticias\/celebridades\/puli-demaria-roberto-garcia-moritan-propuesta-casamiento-pampita.phtml\">Pampita,\u00a0Barbie Simons<\/a>, Maru Botana, Gege Neumann y todas las celebridades\u00a0brillaron con sus looks en el evento de\u00a0Puli Demaria<\/strong>. La presentaci\u00f3n de su colecci\u00f3n Oto\u00f1o-Invierno y\u00a0\u00a0la apertura de su nuevo espacio en La Aldea, representa una nueva vitrina para la moda porte\u00f1a.\u00a0<\/p>\n<p>VDV<\/p>\n<p>\t\t\t\t\t\t\t\t\t\t<!-- tags -->\n\t\t\t\t<\/div>\n<p><script>\n\t(function(d, s, id) {\n\t\tvar js, fjs = d.getElementsByTagName(s)[0];\n\t\tif (d.getElementById(id)) return;\n\t\tjs = d.createElement(s);\n\t\tjs.id = id;\n\t\tjs.src=\"https:\/\/connect.facebook.net\/es_LA\/sdk.js#xfbml=1&version=v3.1\";\n\t\tfjs.parentNode.insertBefore(js, fjs);\n\t}(document, 'script', 'facebook-jssdk'));\n<\/script><\/p>\n","protected":false},"excerpt":{"rendered":"<p>Pampita, Barbie Simons, Maru Botana y Gege Neumann, deslumbraron con sus looks recientemente en\u00a0uno de los eventos m\u00e1s top de la ciudad de Buenos Aires. La cita convoc\u00f3 a grandes figuras que acompa\u00f1aron a Puli Demaria en la presentaci\u00f3n de \u201cRide Free \u2013 Fly High\u201d. El encuentro se convirti\u00f3 en un escenario donde la moda [&hellip;]<\/p>\n","protected":false},"author":2,"featured_media":193071,"comment_status":"closed","ping_status":"closed","sticky":false,"template":"","format":"standard","meta":{"footnotes":""},"categories":[25],"tags":[],"class_list":["post-193070","post","type-post","status-publish","format-standard","has-post-thumbnail","hentry","category-nacionales"],"yoast_head":"<!-- This site is optimized with the Yoast SEO plugin v24.4 - https:\/\/yoast.com\/wordpress\/plugins\/seo\/ -->\n<title>De Pampita a Barbie Simons, Maru Botana y Gege Neumann: todos los looks de uno de los eventos m\u00e1s top de la ciudad - GYS NOTICIAS |<\/title>\n<meta name=\"robots\" content=\"index, follow, max-snippet:-1, max-image-preview:large, max-video-preview:-1\" \/>\n<link rel=\"canonical\" href=\"https:\/\/gysfm.com.ar\/inicio\/de-pampita-a-barbie-simons-maru-botana-y-gege-neumann-todos-los-looks-de-uno-de-los-eventos-mas-top-de-la-ciudad\/\" \/>\n<meta property=\"og:locale\" content=\"es_ES\" \/>\n<meta property=\"og:type\" content=\"article\" \/>\n<meta property=\"og:title\" content=\"De Pampita a Barbie Simons, Maru Botana y Gege Neumann: todos los looks de uno de los eventos m\u00e1s top de la ciudad - GYS NOTICIAS |\" \/>\n<meta property=\"og:description\" content=\"Pampita, Barbie Simons, Maru Botana y Gege Neumann, deslumbraron con sus looks recientemente en\u00a0uno de los eventos m\u00e1s top de la ciudad de Buenos Aires. La cita convoc\u00f3 a grandes figuras que acompa\u00f1aron a Puli Demaria en la presentaci\u00f3n de \u201cRide Free \u2013 Fly High\u201d. El encuentro se convirti\u00f3 en un escenario donde la moda [&hellip;]\" \/>\n<meta property=\"og:url\" content=\"https:\/\/gysfm.com.ar\/inicio\/de-pampita-a-barbie-simons-maru-botana-y-gege-neumann-todos-los-looks-de-uno-de-los-eventos-mas-top-de-la-ciudad\/\" \/>\n<meta property=\"og:site_name\" content=\"GYS NOTICIAS |\" \/>\n<meta property=\"article:published_time\" content=\"2026-04-26T10:14:06+00:00\" \/>\n<meta property=\"og:image\" content=\"https:\/\/fotos.perfil.com\/\/2026\/04\/24\/900\/0\/de-pampita-a-barbie-simons-maru-botana-y-gege-neumann-2227306.jpg\" \/>\n<meta name=\"author\" content=\"Prensa G&amp;S FM\" \/>\n<meta name=\"twitter:card\" content=\"summary_large_image\" \/>\n<meta name=\"twitter:label1\" content=\"Escrito por\" \/>\n\t<meta name=\"twitter:data1\" content=\"Prensa G&amp;S FM\" \/>\n\t<meta name=\"twitter:label2\" content=\"Tiempo de lectura\" \/>\n\t<meta name=\"twitter:data2\" content=\"4 minutos\" \/>\n<script type=\"application\/ld+json\" class=\"yoast-schema-graph\">{\"@context\":\"https:\/\/schema.org\",\"@graph\":[{\"@type\":\"Article\",\"@id\":\"https:\/\/gysfm.com.ar\/inicio\/de-pampita-a-barbie-simons-maru-botana-y-gege-neumann-todos-los-looks-de-uno-de-los-eventos-mas-top-de-la-ciudad\/#article\",\"isPartOf\":{\"@id\":\"https:\/\/gysfm.com.ar\/inicio\/de-pampita-a-barbie-simons-maru-botana-y-gege-neumann-todos-los-looks-de-uno-de-los-eventos-mas-top-de-la-ciudad\/\"},\"author\":{\"name\":\"Prensa G&amp;S FM\",\"@id\":\"https:\/\/gysfm.com.ar\/inicio\/#\/schema\/person\/3abba7593ef2ad19e1be221d54383dc5\"},\"headline\":\"De Pampita a Barbie Simons, Maru Botana y Gege Neumann: todos los looks de uno de los eventos m\u00e1s top de la ciudad\",\"datePublished\":\"2026-04-26T10:14:06+00:00\",\"mainEntityOfPage\":{\"@id\":\"https:\/\/gysfm.com.ar\/inicio\/de-pampita-a-barbie-simons-maru-botana-y-gege-neumann-todos-los-looks-de-uno-de-los-eventos-mas-top-de-la-ciudad\/\"},\"wordCount\":811,\"publisher\":{\"@id\":\"https:\/\/gysfm.com.ar\/inicio\/#organization\"},\"image\":{\"@id\":\"https:\/\/gysfm.com.ar\/inicio\/de-pampita-a-barbie-simons-maru-botana-y-gege-neumann-todos-los-looks-de-uno-de-los-eventos-mas-top-de-la-ciudad\/#primaryimage\"},\"thumbnailUrl\":\"https:\/\/gysfm.com.ar\/inicio\/wp-content\/uploads\/2026\/04\/de-pampita-a-barbie-simons-maru-botana-y-gege-neumann-2227309.jpg\",\"articleSection\":[\"NACIONALES\"],\"inLanguage\":\"es\"},{\"@type\":\"WebPage\",\"@id\":\"https:\/\/gysfm.com.ar\/inicio\/de-pampita-a-barbie-simons-maru-botana-y-gege-neumann-todos-los-looks-de-uno-de-los-eventos-mas-top-de-la-ciudad\/\",\"url\":\"https:\/\/gysfm.com.ar\/inicio\/de-pampita-a-barbie-simons-maru-botana-y-gege-neumann-todos-los-looks-de-uno-de-los-eventos-mas-top-de-la-ciudad\/\",\"name\":\"De Pampita a Barbie Simons, Maru Botana y Gege Neumann: todos los looks de uno de los eventos m\u00e1s top de la ciudad - GYS NOTICIAS |\",\"isPartOf\":{\"@id\":\"https:\/\/gysfm.com.ar\/inicio\/#website\"},\"primaryImageOfPage\":{\"@id\":\"https:\/\/gysfm.com.ar\/inicio\/de-pampita-a-barbie-simons-maru-botana-y-gege-neumann-todos-los-looks-de-uno-de-los-eventos-mas-top-de-la-ciudad\/#primaryimage\"},\"image\":{\"@id\":\"https:\/\/gysfm.com.ar\/inicio\/de-pampita-a-barbie-simons-maru-botana-y-gege-neumann-todos-los-looks-de-uno-de-los-eventos-mas-top-de-la-ciudad\/#primaryimage\"},\"thumbnailUrl\":\"https:\/\/gysfm.com.ar\/inicio\/wp-content\/uploads\/2026\/04\/de-pampita-a-barbie-simons-maru-botana-y-gege-neumann-2227309.jpg\",\"datePublished\":\"2026-04-26T10:14:06+00:00\",\"breadcrumb\":{\"@id\":\"https:\/\/gysfm.com.ar\/inicio\/de-pampita-a-barbie-simons-maru-botana-y-gege-neumann-todos-los-looks-de-uno-de-los-eventos-mas-top-de-la-ciudad\/#breadcrumb\"},\"inLanguage\":\"es\",\"potentialAction\":[{\"@type\":\"ReadAction\",\"target\":[\"https:\/\/gysfm.com.ar\/inicio\/de-pampita-a-barbie-simons-maru-botana-y-gege-neumann-todos-los-looks-de-uno-de-los-eventos-mas-top-de-la-ciudad\/\"]}]},{\"@type\":\"ImageObject\",\"inLanguage\":\"es\",\"@id\":\"https:\/\/gysfm.com.ar\/inicio\/de-pampita-a-barbie-simons-maru-botana-y-gege-neumann-todos-los-looks-de-uno-de-los-eventos-mas-top-de-la-ciudad\/#primaryimage\",\"url\":\"https:\/\/gysfm.com.ar\/inicio\/wp-content\/uploads\/2026\/04\/de-pampita-a-barbie-simons-maru-botana-y-gege-neumann-2227309.jpg\",\"contentUrl\":\"https:\/\/gysfm.com.ar\/inicio\/wp-content\/uploads\/2026\/04\/de-pampita-a-barbie-simons-maru-botana-y-gege-neumann-2227309.jpg\",\"width\":1140,\"height\":641},{\"@type\":\"BreadcrumbList\",\"@id\":\"https:\/\/gysfm.com.ar\/inicio\/de-pampita-a-barbie-simons-maru-botana-y-gege-neumann-todos-los-looks-de-uno-de-los-eventos-mas-top-de-la-ciudad\/#breadcrumb\",\"itemListElement\":[{\"@type\":\"ListItem\",\"position\":1,\"name\":\"Portada\",\"item\":\"https:\/\/gysfm.com.ar\/inicio\/\"},{\"@type\":\"ListItem\",\"position\":2,\"name\":\"De Pampita a Barbie Simons, Maru Botana y Gege Neumann: todos los looks de uno de los eventos m\u00e1s top de la ciudad\"}]},{\"@type\":\"WebSite\",\"@id\":\"https:\/\/gysfm.com.ar\/inicio\/#website\",\"url\":\"https:\/\/gysfm.com.ar\/inicio\/\",\"name\":\"GYS NOTICIAS |\",\"description\":\"DIARIO - RADIO ONLINE SAN JUAN ARGENTINA\",\"publisher\":{\"@id\":\"https:\/\/gysfm.com.ar\/inicio\/#organization\"},\"potentialAction\":[{\"@type\":\"SearchAction\",\"target\":{\"@type\":\"EntryPoint\",\"urlTemplate\":\"https:\/\/gysfm.com.ar\/inicio\/?s={search_term_string}\"},\"query-input\":{\"@type\":\"PropertyValueSpecification\",\"valueRequired\":true,\"valueName\":\"search_term_string\"}}],\"inLanguage\":\"es\"},{\"@type\":\"Organization\",\"@id\":\"https:\/\/gysfm.com.ar\/inicio\/#organization\",\"name\":\"GYS NOTICIAS |\",\"url\":\"https:\/\/gysfm.com.ar\/inicio\/\",\"logo\":{\"@type\":\"ImageObject\",\"inLanguage\":\"es\",\"@id\":\"https:\/\/gysfm.com.ar\/inicio\/#\/schema\/logo\/image\/\",\"url\":\"https:\/\/gysfm.com.ar\/inicio\/wp-content\/uploads\/2023\/07\/LOGOGYS-OK.png\",\"contentUrl\":\"https:\/\/gysfm.com.ar\/inicio\/wp-content\/uploads\/2023\/07\/LOGOGYS-OK.png\",\"width\":1170,\"height\":872,\"caption\":\"GYS NOTICIAS |\"},\"image\":{\"@id\":\"https:\/\/gysfm.com.ar\/inicio\/#\/schema\/logo\/image\/\"}},{\"@type\":\"Person\",\"@id\":\"https:\/\/gysfm.com.ar\/inicio\/#\/schema\/person\/3abba7593ef2ad19e1be221d54383dc5\",\"name\":\"Prensa G&amp;S FM\",\"image\":{\"@type\":\"ImageObject\",\"inLanguage\":\"es\",\"@id\":\"https:\/\/gysfm.com.ar\/inicio\/#\/schema\/person\/image\/\",\"url\":\"https:\/\/secure.gravatar.com\/avatar\/096ec78df02049ab018702bb4ccedf659377fa92a26540b5247612077a0dbd29?s=96&d=mm&r=g\",\"contentUrl\":\"https:\/\/secure.gravatar.com\/avatar\/096ec78df02049ab018702bb4ccedf659377fa92a26540b5247612077a0dbd29?s=96&d=mm&r=g\",\"caption\":\"Prensa G&amp;S FM\"},\"sameAs\":[\"https:\/\/gysfm.com.ar\/\"],\"url\":\"https:\/\/gysfm.com.ar\/inicio\/author\/lucasm\/\"}]}<\/script>\n<!-- \/ Yoast SEO plugin. -->","yoast_head_json":{"title":"De Pampita a Barbie Simons, Maru Botana y Gege Neumann: todos los looks de uno de los eventos m\u00e1s top de la ciudad - GYS NOTICIAS |","robots":{"index":"index","follow":"follow","max-snippet":"max-snippet:-1","max-image-preview":"max-image-preview:large","max-video-preview":"max-video-preview:-1"},"canonical":"https:\/\/gysfm.com.ar\/inicio\/de-pampita-a-barbie-simons-maru-botana-y-gege-neumann-todos-los-looks-de-uno-de-los-eventos-mas-top-de-la-ciudad\/","og_locale":"es_ES","og_type":"article","og_title":"De Pampita a Barbie Simons, Maru Botana y Gege Neumann: todos los looks de uno de los eventos m\u00e1s top de la ciudad - GYS NOTICIAS |","og_description":"Pampita, Barbie Simons, Maru Botana y Gege Neumann, deslumbraron con sus looks recientemente en\u00a0uno de los eventos m\u00e1s top de la ciudad de Buenos Aires. La cita convoc\u00f3 a grandes figuras que acompa\u00f1aron a Puli Demaria en la presentaci\u00f3n de \u201cRide Free \u2013 Fly High\u201d. El encuentro se convirti\u00f3 en un escenario donde la moda [&hellip;]","og_url":"https:\/\/gysfm.com.ar\/inicio\/de-pampita-a-barbie-simons-maru-botana-y-gege-neumann-todos-los-looks-de-uno-de-los-eventos-mas-top-de-la-ciudad\/","og_site_name":"GYS NOTICIAS |","article_published_time":"2026-04-26T10:14:06+00:00","og_image":[{"url":"https:\/\/fotos.perfil.com\/\/2026\/04\/24\/900\/0\/de-pampita-a-barbie-simons-maru-botana-y-gege-neumann-2227306.jpg","type":"","width":"","height":""}],"author":"Prensa G&amp;S FM","twitter_card":"summary_large_image","twitter_misc":{"Escrito por":"Prensa G&amp;S FM","Tiempo de lectura":"4 minutos"},"schema":{"@context":"https:\/\/schema.org","@graph":[{"@type":"Article","@id":"https:\/\/gysfm.com.ar\/inicio\/de-pampita-a-barbie-simons-maru-botana-y-gege-neumann-todos-los-looks-de-uno-de-los-eventos-mas-top-de-la-ciudad\/#article","isPartOf":{"@id":"https:\/\/gysfm.com.ar\/inicio\/de-pampita-a-barbie-simons-maru-botana-y-gege-neumann-todos-los-looks-de-uno-de-los-eventos-mas-top-de-la-ciudad\/"},"author":{"name":"Prensa G&amp;S FM","@id":"https:\/\/gysfm.com.ar\/inicio\/#\/schema\/person\/3abba7593ef2ad19e1be221d54383dc5"},"headline":"De Pampita a Barbie Simons, Maru Botana y Gege Neumann: todos los looks de uno de los eventos m\u00e1s top de la ciudad","datePublished":"2026-04-26T10:14:06+00:00","mainEntityOfPage":{"@id":"https:\/\/gysfm.com.ar\/inicio\/de-pampita-a-barbie-simons-maru-botana-y-gege-neumann-todos-los-looks-de-uno-de-los-eventos-mas-top-de-la-ciudad\/"},"wordCount":811,"publisher":{"@id":"https:\/\/gysfm.com.ar\/inicio\/#organization"},"image":{"@id":"https:\/\/gysfm.com.ar\/inicio\/de-pampita-a-barbie-simons-maru-botana-y-gege-neumann-todos-los-looks-de-uno-de-los-eventos-mas-top-de-la-ciudad\/#primaryimage"},"thumbnailUrl":"https:\/\/gysfm.com.ar\/inicio\/wp-content\/uploads\/2026\/04\/de-pampita-a-barbie-simons-maru-botana-y-gege-neumann-2227309.jpg","articleSection":["NACIONALES"],"inLanguage":"es"},{"@type":"WebPage","@id":"https:\/\/gysfm.com.ar\/inicio\/de-pampita-a-barbie-simons-maru-botana-y-gege-neumann-todos-los-looks-de-uno-de-los-eventos-mas-top-de-la-ciudad\/","url":"https:\/\/gysfm.com.ar\/inicio\/de-pampita-a-barbie-simons-maru-botana-y-gege-neumann-todos-los-looks-de-uno-de-los-eventos-mas-top-de-la-ciudad\/","name":"De Pampita a Barbie Simons, Maru Botana y Gege Neumann: todos los looks de uno de los eventos m\u00e1s top de la ciudad - GYS NOTICIAS |","isPartOf":{"@id":"https:\/\/gysfm.com.ar\/inicio\/#website"},"primaryImageOfPage":{"@id":"https:\/\/gysfm.com.ar\/inicio\/de-pampita-a-barbie-simons-maru-botana-y-gege-neumann-todos-los-looks-de-uno-de-los-eventos-mas-top-de-la-ciudad\/#primaryimage"},"image":{"@id":"https:\/\/gysfm.com.ar\/inicio\/de-pampita-a-barbie-simons-maru-botana-y-gege-neumann-todos-los-looks-de-uno-de-los-eventos-mas-top-de-la-ciudad\/#primaryimage"},"thumbnailUrl":"https:\/\/gysfm.com.ar\/inicio\/wp-content\/uploads\/2026\/04\/de-pampita-a-barbie-simons-maru-botana-y-gege-neumann-2227309.jpg","datePublished":"2026-04-26T10:14:06+00:00","breadcrumb":{"@id":"https:\/\/gysfm.com.ar\/inicio\/de-pampita-a-barbie-simons-maru-botana-y-gege-neumann-todos-los-looks-de-uno-de-los-eventos-mas-top-de-la-ciudad\/#breadcrumb"},"inLanguage":"es","potentialAction":[{"@type":"ReadAction","target":["https:\/\/gysfm.com.ar\/inicio\/de-pampita-a-barbie-simons-maru-botana-y-gege-neumann-todos-los-looks-de-uno-de-los-eventos-mas-top-de-la-ciudad\/"]}]},{"@type":"ImageObject","inLanguage":"es","@id":"https:\/\/gysfm.com.ar\/inicio\/de-pampita-a-barbie-simons-maru-botana-y-gege-neumann-todos-los-looks-de-uno-de-los-eventos-mas-top-de-la-ciudad\/#primaryimage","url":"https:\/\/gysfm.com.ar\/inicio\/wp-content\/uploads\/2026\/04\/de-pampita-a-barbie-simons-maru-botana-y-gege-neumann-2227309.jpg","contentUrl":"https:\/\/gysfm.com.ar\/inicio\/wp-content\/uploads\/2026\/04\/de-pampita-a-barbie-simons-maru-botana-y-gege-neumann-2227309.jpg","width":1140,"height":641},{"@type":"BreadcrumbList","@id":"https:\/\/gysfm.com.ar\/inicio\/de-pampita-a-barbie-simons-maru-botana-y-gege-neumann-todos-los-looks-de-uno-de-los-eventos-mas-top-de-la-ciudad\/#breadcrumb","itemListElement":[{"@type":"ListItem","position":1,"name":"Portada","item":"https:\/\/gysfm.com.ar\/inicio\/"},{"@type":"ListItem","position":2,"name":"De Pampita a Barbie Simons, Maru Botana y Gege Neumann: todos los looks de uno de los eventos m\u00e1s top de la ciudad"}]},{"@type":"WebSite","@id":"https:\/\/gysfm.com.ar\/inicio\/#website","url":"https:\/\/gysfm.com.ar\/inicio\/","name":"GYS NOTICIAS |","description":"DIARIO - RADIO ONLINE SAN JUAN ARGENTINA","publisher":{"@id":"https:\/\/gysfm.com.ar\/inicio\/#organization"},"potentialAction":[{"@type":"SearchAction","target":{"@type":"EntryPoint","urlTemplate":"https:\/\/gysfm.com.ar\/inicio\/?s={search_term_string}"},"query-input":{"@type":"PropertyValueSpecification","valueRequired":true,"valueName":"search_term_string"}}],"inLanguage":"es"},{"@type":"Organization","@id":"https:\/\/gysfm.com.ar\/inicio\/#organization","name":"GYS NOTICIAS |","url":"https:\/\/gysfm.com.ar\/inicio\/","logo":{"@type":"ImageObject","inLanguage":"es","@id":"https:\/\/gysfm.com.ar\/inicio\/#\/schema\/logo\/image\/","url":"https:\/\/gysfm.com.ar\/inicio\/wp-content\/uploads\/2023\/07\/LOGOGYS-OK.png","contentUrl":"https:\/\/gysfm.com.ar\/inicio\/wp-content\/uploads\/2023\/07\/LOGOGYS-OK.png","width":1170,"height":872,"caption":"GYS NOTICIAS |"},"image":{"@id":"https:\/\/gysfm.com.ar\/inicio\/#\/schema\/logo\/image\/"}},{"@type":"Person","@id":"https:\/\/gysfm.com.ar\/inicio\/#\/schema\/person\/3abba7593ef2ad19e1be221d54383dc5","name":"Prensa G&amp;S FM","image":{"@type":"ImageObject","inLanguage":"es","@id":"https:\/\/gysfm.com.ar\/inicio\/#\/schema\/person\/image\/","url":"https:\/\/secure.gravatar.com\/avatar\/096ec78df02049ab018702bb4ccedf659377fa92a26540b5247612077a0dbd29?s=96&d=mm&r=g","contentUrl":"https:\/\/secure.gravatar.com\/avatar\/096ec78df02049ab018702bb4ccedf659377fa92a26540b5247612077a0dbd29?s=96&d=mm&r=g","caption":"Prensa G&amp;S FM"},"sameAs":["https:\/\/gysfm.com.ar\/"],"url":"https:\/\/gysfm.com.ar\/inicio\/author\/lucasm\/"}]}},"_links":{"self":[{"href":"https:\/\/gysfm.com.ar\/inicio\/wp-json\/wp\/v2\/posts\/193070","targetHints":{"allow":["GET"]}}],"collection":[{"href":"https:\/\/gysfm.com.ar\/inicio\/wp-json\/wp\/v2\/posts"}],"about":[{"href":"https:\/\/gysfm.com.ar\/inicio\/wp-json\/wp\/v2\/types\/post"}],"author":[{"embeddable":true,"href":"https:\/\/gysfm.com.ar\/inicio\/wp-json\/wp\/v2\/users\/2"}],"replies":[{"embeddable":true,"href":"https:\/\/gysfm.com.ar\/inicio\/wp-json\/wp\/v2\/comments?post=193070"}],"version-history":[{"count":0,"href":"https:\/\/gysfm.com.ar\/inicio\/wp-json\/wp\/v2\/posts\/193070\/revisions"}],"wp:featuredmedia":[{"embeddable":true,"href":"https:\/\/gysfm.com.ar\/inicio\/wp-json\/wp\/v2\/media\/193071"}],"wp:attachment":[{"href":"https:\/\/gysfm.com.ar\/inicio\/wp-json\/wp\/v2\/media?parent=193070"}],"wp:term":[{"taxonomy":"category","embeddable":true,"href":"https:\/\/gysfm.com.ar\/inicio\/wp-json\/wp\/v2\/categories?post=193070"},{"taxonomy":"post_tag","embeddable":true,"href":"https:\/\/gysfm.com.ar\/inicio\/wp-json\/wp\/v2\/tags?post=193070"}],"curies":[{"name":"wp","href":"https:\/\/api.w.org\/{rel}","templated":true}]}}