{"id":193063,"date":"2026-04-26T06:43:26","date_gmt":"2026-04-26T09:43:26","guid":{"rendered":"https:\/\/gysfm.com.ar\/inicio\/la-salud-cerebral-ya-no-es-sinonimo-de-enfermedad-es-un-tema-economico-educativo-y-social\/"},"modified":"2026-04-26T06:43:26","modified_gmt":"2026-04-26T09:43:26","slug":"la-salud-cerebral-ya-no-es-sinonimo-de-enfermedad-es-un-tema-economico-educativo-y-social","status":"publish","type":"post","link":"https:\/\/gysfm.com.ar\/inicio\/la-salud-cerebral-ya-no-es-sinonimo-de-enfermedad-es-un-tema-economico-educativo-y-social\/","title":{"rendered":"\u201cLa \u2018salud cerebral\u2019 ya no es sin\u00f3nimo de \u2018enfermedad\u2019:\u00a0es un tema econ\u00f3mico, educativo y social\u201d"},"content":{"rendered":"<p><\/p>\n<div id=\"article-content\">\n<p>Seg\u00fan datos de entidades muy prestigiosas como el <strong>World Economic Forum<\/strong> y el<strong> McKinsey Health Institute<\/strong>, las afecciones vinculadas al cerebro representan el <strong>24% de la carga global de enfermedades<\/strong>. Sin embargo, todos los pa\u00edses apenas dedican un porcentaje m\u00ednimo de su presupuesto de salud a atenderlas.<\/p>\n<p>Argentina no es la excepci\u00f3n. En un pa\u00eds que gusta de medirse en t\u00e9rminos de \u201csi hay, o no hay plata\u201d, las estimaciones indican que las enfermedades relacionadas con ACVs, Parkinson, Alzheimer, demencias, depresi\u00f3n y otros trastornos mentales y neurol\u00f3gicos generaron gastos en dinero equivalente al 1,4% del total del PBI de la Argentina de 2023.<\/p>\n<p class=\"destacadoNota\"><strong><a target=\"_blank\" href=\"https:\/\/www.perfil.com\/noticias\/salud\/acv-y-demencia-las-dos-enfermedades-mas-comunes-del-cerebro-y-como-evitarlas.phtml\">ACV y demencia: las dos enfermedades m\u00e1s comunes del cerebro y c\u00f3mo evitarlas<\/a><\/strong><\/p>\n<div class=\"subscription\">\n<p>\n        Esto no les gusta a los autoritarios\n    <\/p>\n<div class=\"subscription__container\">\n<div class=\"subscription__text-wrapper\">\n<p>\n                El ejercicio del periodismo profesional y cr\u00edtico es un pilar fundamental de la democracia. Por eso molesta a quienes creen ser los due\u00f1os de la verdad.\n            <\/p>\n<\/p><\/div><\/div>\n<\/div>\n<p>\u201cDe estas cifras surge el concepto de que tenemos que cuidar nuestra salud cerebral, porque es la mejor manera de <strong>ahorrar plata<\/strong> y -al mismo tiempo- mejorar la calidad de vida de la sociedad. Y es lo que nos permitir\u00e1 un mejor desarrollo\u201d, le asegur\u00f3 a <strong>PERFIL<\/strong>, con imparable entusiasmo, <strong>el neur\u00f3logo Facundo Mane<\/strong>s, reconocido profesional de la medicina, tambi\u00e9n recordado por haberse atrevido a saltar a la pol\u00edtica -fue diputado nacional-, proponiendo y votando leyes con medidas preventivas de salud p\u00fablica.<\/p>\n<p>Manes es un hacedor incansable. Se hizo conocido como cofundador de <strong><a target=\"_blank\" href=\"https:\/\/www.ineco.org.ar\/\">INECO<\/a> <\/strong>y es el responsable del Instituto de Neurociencias que funciona en la Universidad Favaloro. Tambi\u00e9n es coautor de m\u00e1s de 200 <em>papers <\/em>de investigaci\u00f3n, publicados en las mejores revistas m\u00e9dicas del mundo.<\/p>\n<p style=\"text-align:center\"><picture><source media=\"(max-width: 440px)\" srcset=\"https:\/\/fotos.perfil.com\/\/2026\/04\/24\/440\/0\/saludcerebral-2227253.jpg?webp\"\/><source media=\"(max-width: 1019px)\" srcset=\"https:\/\/fotos.perfil.com\/\/2026\/04\/24\/712\/0\/saludcerebral-2227253.jpg?webp\"\/><img decoding=\"async\" style=\"max-width: 100%; width: 100%;\" alt=\"Salud_cerebral\" src=\"https:\/\/fotos.perfil.com\/\/2026\/04\/24\/900\/0\/saludcerebral-2227253.jpg?webp\" loading=\"lazy\"\/><\/picture><\/p>\n<p><em><strong>ORGANIZADOR<\/strong>. El neur\u00f3logo Facundo Manes, reconocido profesional, responsable del evento acad\u00e9mico.<\/em><\/p>\n<p>En estos d\u00edas, el foco de su actividad es ser el \u201c<em>alma mate<\/em>r\u201d de la organizaci\u00f3n del<strong> <a target=\"_blank\" href=\"https:\/\/incyt.conicet.gov.ar\/2nd-meeting-of-the-international-alliance-on-brain-health\/\">2nd Meeting of the International Alliance on Brain Health<\/a><\/strong>, reuni\u00f3n acad\u00e9mica top que por primera vez se realiza en Argentina y que convoc\u00f3 a una veintena de expositores del mundo acad\u00e9mico global en campos como la cardiolog\u00eda, neurolog\u00eda, psiquiatr\u00eda, salud mental y nuevas ideas para el cuidado del cerebro humano.<\/p>\n<p>El meeting, organizado en colaboraci\u00f3n con <strong>The Lancet Commission<\/strong>, convoca a protagonistas y l\u00edderes para debatir cu\u00e1les son las mejores pol\u00edticas efectivas para mejorar la salud cerebral. A continuaci\u00f3n, un resumen de la charla que mantuvo con <strong>PERFIL <\/strong>en su consultorio, antes de comenzar el encuentro acad\u00e9mico.<\/p>\n<p><strong>\u2014Los n\u00fameros sobre problemas de salud cerebral son impresionantes&#8230;<\/strong><br \/>\u2014S\u00ed, por donde se los mire. Dos ejemplos: hay evidencias de que una de cada tres personas tendr\u00e1 alg\u00fan trastorno cerebral a lo largo de su vida. O sea, 3400 millones de personas en el mundo. Y hoy, en 2026, ya hay 55 millones de personas con demencias. En menos de un lustro subir\u00e1n hasta 78 millones.<\/p>\n<p><strong>\u2014\u00bfPor eso este encuentro acad\u00e9mico?<\/strong><br \/>\u2014S\u00ed. Y es la primera vez que se realiza en el hemisferio sur. Pero tratamos de que no fuera una conferencia m\u00e1s de neur\u00f3logos. Los expositores son gente superreconocida acad\u00e9micamente. Llegan autoridades de la American Academy of Neurology; la World Federation of Neurology; la World Psychiatric Association, la CEO de la Alzheimer&#8217;s Association; el jefe cient\u00edfico de la American Heart Association y la directora de Salud Mental de la OMS. En total sumamos cuarenta referentes de primer nivel mundial que llegan desde India, Singapur, Camer\u00fan, Chile, Italia, Suiza, Australia, Brasil, Polonia, Francia y EE.UU. Una concentraci\u00f3n de expertise cerebral muy rara de encontrar fuera de los pa\u00edses desarrollados.<\/p>\n<p style=\"text-align:center\"><picture><source media=\"(max-width: 440px)\" srcset=\"https:\/\/fotos.perfil.com\/\/2026\/04\/24\/440\/0\/saludcerebral-2227252.jpg?webp\"\/><source media=\"(max-width: 1019px)\" srcset=\"https:\/\/fotos.perfil.com\/\/2026\/04\/24\/712\/0\/saludcerebral-2227252.jpg?webp\"\/><img decoding=\"async\" style=\"max-width: 100%; width: 100%;\" alt=\"Salud_cerebral\" src=\"https:\/\/fotos.perfil.com\/\/2026\/04\/24\/900\/0\/saludcerebral-2227252.jpg?webp\" loading=\"lazy\"\/><\/picture><\/p>\n<p><strong>\u2014\u00bfQu\u00e9 hace distinto a este meeting? <\/strong><br \/>\u2014No es solo m\u00e9dico. Es un encuentro donde la salud cerebral se discute como un tema econ\u00f3mico, educativo y tambi\u00e9n social. Durante d\u00e9cadas hablamos de \u201cenfermedad\u201d; ahora hablamos de potencial humano y eso cambia todo.<\/p>\n<p><strong>\u2014Ahora se habla mucho de \u201ccapital cerebral\u201d. \u00bfQu\u00e9 es? <\/strong><br \/>\u2014Es la combinaci\u00f3n entre salud neurol\u00f3gica y mental y las capacidades cognitivas, emocionales y sociales de las personas: creatividad, juicio cr\u00edtico, adaptabilidad, regulaci\u00f3n emocional, empat\u00eda, resiliencia, aprendizaje continuo. Y hace unos meses el Foro Econ\u00f3mico Mundial public\u00f3 un informe que lo resume as\u00ed: el 60% de la fuerza laboral global va a necesitar nuevas habilidades para 2030, y la mayor\u00eda de esas habilidades son \u201cbrain skills\u201d (habilidades cerebrales). Necesitamos preservarlas en un cerebro sano, para poder desarrollarnos como sociedad.<\/p>\n<p><strong>\u2014\u00bfSe pueden hacer pol\u00edticas p\u00fablicas?<\/strong><br \/>\u2014Claro que s\u00ed y con una m\u00ednima inversi\u00f3n econ\u00f3mica. No s\u00e9: por ejemplo, podemos poner afiches en todos los almacenes y super chinos de todos los barrios y pueblos del pa\u00eds, con consejos simples, y estimular a los padres para que hablen m\u00e1s con sus chicos. Una gu\u00eda de preguntas. Hacer eso no cuesta nada y ayuda a toda la familia. Tambi\u00e9n se pueden hacer pol\u00edticas de nutrici\u00f3n, especialmente durante los primeros meses de vida, que se sabe son muy efectivas para la salud mental.<\/p>\n<p>En este evento, resume Manes, \u201cinsistimos en que es necesario integrar en una sola idea la salud mental y la neurol\u00f3gica porque ambas son una sola cosa. Separar salud mental de salud neurol\u00f3gica fue \u00fatil para la medicina cl\u00ednica, pero hoy nos pone un l\u00edmite para hacer mejores pol\u00edticas p\u00fablicas\u201d. Y propone: \u201cla idea que nos tiene que quedar clara es que invertir en el cerebro no es un lujo, es una necesidad estrat\u00e9gica. Si no lo hacemos, nos quedamos afuera del futuro\u201d.<\/p>\n<p style=\"text-align:center\"><picture><source media=\"(max-width: 440px)\" srcset=\"https:\/\/fotos.perfil.com\/\/2026\/04\/24\/440\/0\/saludcerebral-2227254.jpg?webp\"\/><source media=\"(max-width: 1019px)\" srcset=\"https:\/\/fotos.perfil.com\/\/2026\/04\/24\/712\/0\/saludcerebral-2227254.jpg?webp\"\/><img decoding=\"async\" style=\"max-width: 100%; width: 100%;\" alt=\"Salud_cerebral\" src=\"https:\/\/fotos.perfil.com\/\/2026\/04\/24\/900\/0\/saludcerebral-2227254.jpg?webp\" loading=\"lazy\"\/><\/picture><\/p>\n<h2><strong>Los tips para tener un cerebro sano a lo largo de los a\u00f1os<\/strong><\/h2>\n<p><strong>\u2014\u00bfQu\u00e9 podemos hacer para cuidar bien nuestra salud cerebral?<\/strong><br \/>\u2014Primero, todo lo que le hace <strong>bien al coraz\u00f3n<\/strong> -cuidar la glucemia, controlar el colesterol, la glucosa, la tensi\u00f3n arterial-, le hace bien al cerebro. Adem\u00e1s, la salud cerebral se beneficia mucho con el ejercicio f\u00edsico. Ese es el mejor ansiol\u00edtico y antidepresivo natural: caminar, <strong>moverse <\/strong>mucho, a diario. Tambi\u00e9n sabemos que la soledad cr\u00f3nica mata, \u00a1como si fuera fumar! O sea, que tenemos que <strong>socializar<\/strong>, conectar con otras personas, charlar, hacer cursos con gente. Todo eso es muy saludable. Ah\u00ed hay pa\u00edses como el nuestro que tienen ventajas comparativas porque somos sociales y familieros. <strong>Dormir bien<\/strong> es otra clave importante. Finalmente, es importante que cambiemos la forma de interpretar la realidad, con herramientas como el mindfulness, que nos ayuda a lidiar con el estr\u00e9s. Le sumar\u00eda otro punto: <strong>evitar <\/strong>en todo lo posible la dependencia y la intoxicaci\u00f3n que provocan las <strong>redes sociales.<\/strong> Nosotros tenemos que autolimitarnos su uso e -incluso- debatir que los m\u00e1s chicos directamente no las consulten.<\/p>\n<h2><strong>Urgencia en cifras<\/strong><\/h2>\n<ul>\n<li>1 de cada 3 personas tendr\u00e1 alg\u00fan trastorno cerebral a lo largo de su vida<strong> (3400 millones)<\/strong>.<\/li>\n<li>55 millones viven hoy con demencia; podr\u00edan ser <strong>78 millones en menos de un lustro.<\/strong><\/li>\n<li>Las enfermedades neurol\u00f3gicas y mentales representan el 24% de la carga global, pero reciben solo el <strong>2% de lo que destinan a presupuesto <\/strong>sanitario.<\/li>\n<li>En Argentina, el costo de no actuar en este tema <strong>equivale al 1,4% del PBI.<\/strong><\/li>\n<li>Los pa\u00edses que mejor cuiden el cerebro de su poblaci\u00f3n ser\u00e1n los que mejor innoven y crezcan en bienestar.<\/li>\n<\/ul><\/div>\n<p><script>\n                !function(f,b,e,v,n,t,s)\n                {if(f.fbq)return;n=f.fbq=function(){n.callMethod?\n                    n.callMethod.apply(n,arguments):n.queue.push(arguments)};\n                    if(!f._fbq)f._fbq=n;n.push=n;n.loaded=!0;n.version='2.0';\n                    n.queue=[];t=b.createElement(e);t.async=!0;\n                    t.src=v;s=b.getElementsByTagName(e)[0];\n                    s.parentNode.insertBefore(t,s)}(window, document,'script',\n                    'https:\/\/connect.facebook.net\/en_US\/fbevents.js');\n                window.paywallConfig.facebook_pixel=\"1000228364089342\"\n            <\/script><\/p>\n","protected":false},"excerpt":{"rendered":"<p>Seg\u00fan datos de entidades muy prestigiosas como el World Economic Forum y el McKinsey Health Institute, las afecciones vinculadas al cerebro representan el 24% de la carga global de enfermedades. Sin embargo, todos los pa\u00edses apenas dedican un porcentaje m\u00ednimo de su presupuesto de salud a atenderlas. Argentina no es la excepci\u00f3n. En un pa\u00eds [&hellip;]<\/p>\n","protected":false},"author":2,"featured_media":193064,"comment_status":"closed","ping_status":"closed","sticky":false,"template":"","format":"standard","meta":{"footnotes":""},"categories":[25],"tags":[],"class_list":["post-193063","post","type-post","status-publish","format-standard","has-post-thumbnail","hentry","category-nacionales"],"yoast_head":"<!-- This site is optimized with the Yoast SEO plugin v24.4 - https:\/\/yoast.com\/wordpress\/plugins\/seo\/ -->\n<title>\u201cLa \u2018salud cerebral\u2019 ya no es sin\u00f3nimo de \u2018enfermedad\u2019:\u00a0es un tema econ\u00f3mico, educativo y social\u201d - GYS NOTICIAS |<\/title>\n<meta name=\"robots\" content=\"index, follow, max-snippet:-1, max-image-preview:large, max-video-preview:-1\" \/>\n<link rel=\"canonical\" href=\"https:\/\/gysfm.com.ar\/inicio\/la-salud-cerebral-ya-no-es-sinonimo-de-enfermedad-es-un-tema-economico-educativo-y-social\/\" \/>\n<meta property=\"og:locale\" content=\"es_ES\" \/>\n<meta property=\"og:type\" content=\"article\" \/>\n<meta property=\"og:title\" content=\"\u201cLa \u2018salud cerebral\u2019 ya no es sin\u00f3nimo de \u2018enfermedad\u2019:\u00a0es un tema econ\u00f3mico, educativo y social\u201d - GYS NOTICIAS |\" \/>\n<meta property=\"og:description\" content=\"Seg\u00fan datos de entidades muy prestigiosas como el World Economic Forum y el McKinsey Health Institute, las afecciones vinculadas al cerebro representan el 24% de la carga global de enfermedades. Sin embargo, todos los pa\u00edses apenas dedican un porcentaje m\u00ednimo de su presupuesto de salud a atenderlas. Argentina no es la excepci\u00f3n. En un pa\u00eds [&hellip;]\" \/>\n<meta property=\"og:url\" content=\"https:\/\/gysfm.com.ar\/inicio\/la-salud-cerebral-ya-no-es-sinonimo-de-enfermedad-es-un-tema-economico-educativo-y-social\/\" \/>\n<meta property=\"og:site_name\" content=\"GYS NOTICIAS |\" \/>\n<meta property=\"article:published_time\" content=\"2026-04-26T09:43:26+00:00\" \/>\n<meta property=\"og:image\" content=\"https:\/\/fotos.perfil.com\/\/2026\/04\/24\/900\/0\/saludcerebral-2227253.jpg?webp\" \/>\n<meta name=\"author\" content=\"Prensa G&amp;S FM\" \/>\n<meta name=\"twitter:card\" content=\"summary_large_image\" \/>\n<meta name=\"twitter:label1\" content=\"Escrito por\" \/>\n\t<meta name=\"twitter:data1\" content=\"Prensa G&amp;S FM\" \/>\n\t<meta name=\"twitter:label2\" content=\"Tiempo de lectura\" \/>\n\t<meta name=\"twitter:data2\" content=\"6 minutos\" \/>\n<script type=\"application\/ld+json\" class=\"yoast-schema-graph\">{\"@context\":\"https:\/\/schema.org\",\"@graph\":[{\"@type\":\"Article\",\"@id\":\"https:\/\/gysfm.com.ar\/inicio\/la-salud-cerebral-ya-no-es-sinonimo-de-enfermedad-es-un-tema-economico-educativo-y-social\/#article\",\"isPartOf\":{\"@id\":\"https:\/\/gysfm.com.ar\/inicio\/la-salud-cerebral-ya-no-es-sinonimo-de-enfermedad-es-un-tema-economico-educativo-y-social\/\"},\"author\":{\"name\":\"Prensa G&amp;S FM\",\"@id\":\"https:\/\/gysfm.com.ar\/inicio\/#\/schema\/person\/3abba7593ef2ad19e1be221d54383dc5\"},\"headline\":\"\u201cLa \u2018salud cerebral\u2019 ya no es sin\u00f3nimo de \u2018enfermedad\u2019:\u00a0es un tema econ\u00f3mico, educativo y social\u201d\",\"datePublished\":\"2026-04-26T09:43:26+00:00\",\"mainEntityOfPage\":{\"@id\":\"https:\/\/gysfm.com.ar\/inicio\/la-salud-cerebral-ya-no-es-sinonimo-de-enfermedad-es-un-tema-economico-educativo-y-social\/\"},\"wordCount\":1254,\"publisher\":{\"@id\":\"https:\/\/gysfm.com.ar\/inicio\/#organization\"},\"image\":{\"@id\":\"https:\/\/gysfm.com.ar\/inicio\/la-salud-cerebral-ya-no-es-sinonimo-de-enfermedad-es-un-tema-economico-educativo-y-social\/#primaryimage\"},\"thumbnailUrl\":\"https:\/\/gysfm.com.ar\/inicio\/wp-content\/uploads\/2026\/04\/saludcerebral-2227251.jpg\",\"articleSection\":[\"NACIONALES\"],\"inLanguage\":\"es\"},{\"@type\":\"WebPage\",\"@id\":\"https:\/\/gysfm.com.ar\/inicio\/la-salud-cerebral-ya-no-es-sinonimo-de-enfermedad-es-un-tema-economico-educativo-y-social\/\",\"url\":\"https:\/\/gysfm.com.ar\/inicio\/la-salud-cerebral-ya-no-es-sinonimo-de-enfermedad-es-un-tema-economico-educativo-y-social\/\",\"name\":\"\u201cLa \u2018salud cerebral\u2019 ya no es sin\u00f3nimo de \u2018enfermedad\u2019:\u00a0es un tema econ\u00f3mico, educativo y social\u201d - GYS NOTICIAS |\",\"isPartOf\":{\"@id\":\"https:\/\/gysfm.com.ar\/inicio\/#website\"},\"primaryImageOfPage\":{\"@id\":\"https:\/\/gysfm.com.ar\/inicio\/la-salud-cerebral-ya-no-es-sinonimo-de-enfermedad-es-un-tema-economico-educativo-y-social\/#primaryimage\"},\"image\":{\"@id\":\"https:\/\/gysfm.com.ar\/inicio\/la-salud-cerebral-ya-no-es-sinonimo-de-enfermedad-es-un-tema-economico-educativo-y-social\/#primaryimage\"},\"thumbnailUrl\":\"https:\/\/gysfm.com.ar\/inicio\/wp-content\/uploads\/2026\/04\/saludcerebral-2227251.jpg\",\"datePublished\":\"2026-04-26T09:43:26+00:00\",\"breadcrumb\":{\"@id\":\"https:\/\/gysfm.com.ar\/inicio\/la-salud-cerebral-ya-no-es-sinonimo-de-enfermedad-es-un-tema-economico-educativo-y-social\/#breadcrumb\"},\"inLanguage\":\"es\",\"potentialAction\":[{\"@type\":\"ReadAction\",\"target\":[\"https:\/\/gysfm.com.ar\/inicio\/la-salud-cerebral-ya-no-es-sinonimo-de-enfermedad-es-un-tema-economico-educativo-y-social\/\"]}]},{\"@type\":\"ImageObject\",\"inLanguage\":\"es\",\"@id\":\"https:\/\/gysfm.com.ar\/inicio\/la-salud-cerebral-ya-no-es-sinonimo-de-enfermedad-es-un-tema-economico-educativo-y-social\/#primaryimage\",\"url\":\"https:\/\/gysfm.com.ar\/inicio\/wp-content\/uploads\/2026\/04\/saludcerebral-2227251.jpg\",\"contentUrl\":\"https:\/\/gysfm.com.ar\/inicio\/wp-content\/uploads\/2026\/04\/saludcerebral-2227251.jpg\",\"width\":1140,\"height\":641},{\"@type\":\"BreadcrumbList\",\"@id\":\"https:\/\/gysfm.com.ar\/inicio\/la-salud-cerebral-ya-no-es-sinonimo-de-enfermedad-es-un-tema-economico-educativo-y-social\/#breadcrumb\",\"itemListElement\":[{\"@type\":\"ListItem\",\"position\":1,\"name\":\"Portada\",\"item\":\"https:\/\/gysfm.com.ar\/inicio\/\"},{\"@type\":\"ListItem\",\"position\":2,\"name\":\"\u201cLa \u2018salud cerebral\u2019 ya no es sin\u00f3nimo de \u2018enfermedad\u2019:\u00a0es un tema econ\u00f3mico, educativo y social\u201d\"}]},{\"@type\":\"WebSite\",\"@id\":\"https:\/\/gysfm.com.ar\/inicio\/#website\",\"url\":\"https:\/\/gysfm.com.ar\/inicio\/\",\"name\":\"GYS NOTICIAS |\",\"description\":\"DIARIO - RADIO ONLINE SAN JUAN ARGENTINA\",\"publisher\":{\"@id\":\"https:\/\/gysfm.com.ar\/inicio\/#organization\"},\"potentialAction\":[{\"@type\":\"SearchAction\",\"target\":{\"@type\":\"EntryPoint\",\"urlTemplate\":\"https:\/\/gysfm.com.ar\/inicio\/?s={search_term_string}\"},\"query-input\":{\"@type\":\"PropertyValueSpecification\",\"valueRequired\":true,\"valueName\":\"search_term_string\"}}],\"inLanguage\":\"es\"},{\"@type\":\"Organization\",\"@id\":\"https:\/\/gysfm.com.ar\/inicio\/#organization\",\"name\":\"GYS NOTICIAS |\",\"url\":\"https:\/\/gysfm.com.ar\/inicio\/\",\"logo\":{\"@type\":\"ImageObject\",\"inLanguage\":\"es\",\"@id\":\"https:\/\/gysfm.com.ar\/inicio\/#\/schema\/logo\/image\/\",\"url\":\"https:\/\/gysfm.com.ar\/inicio\/wp-content\/uploads\/2023\/07\/LOGOGYS-OK.png\",\"contentUrl\":\"https:\/\/gysfm.com.ar\/inicio\/wp-content\/uploads\/2023\/07\/LOGOGYS-OK.png\",\"width\":1170,\"height\":872,\"caption\":\"GYS NOTICIAS |\"},\"image\":{\"@id\":\"https:\/\/gysfm.com.ar\/inicio\/#\/schema\/logo\/image\/\"}},{\"@type\":\"Person\",\"@id\":\"https:\/\/gysfm.com.ar\/inicio\/#\/schema\/person\/3abba7593ef2ad19e1be221d54383dc5\",\"name\":\"Prensa G&amp;S FM\",\"image\":{\"@type\":\"ImageObject\",\"inLanguage\":\"es\",\"@id\":\"https:\/\/gysfm.com.ar\/inicio\/#\/schema\/person\/image\/\",\"url\":\"https:\/\/secure.gravatar.com\/avatar\/096ec78df02049ab018702bb4ccedf659377fa92a26540b5247612077a0dbd29?s=96&d=mm&r=g\",\"contentUrl\":\"https:\/\/secure.gravatar.com\/avatar\/096ec78df02049ab018702bb4ccedf659377fa92a26540b5247612077a0dbd29?s=96&d=mm&r=g\",\"caption\":\"Prensa G&amp;S FM\"},\"sameAs\":[\"https:\/\/gysfm.com.ar\/\"],\"url\":\"https:\/\/gysfm.com.ar\/inicio\/author\/lucasm\/\"}]}<\/script>\n<!-- \/ Yoast SEO plugin. -->","yoast_head_json":{"title":"\u201cLa \u2018salud cerebral\u2019 ya no es sin\u00f3nimo de \u2018enfermedad\u2019:\u00a0es un tema econ\u00f3mico, educativo y social\u201d - GYS NOTICIAS |","robots":{"index":"index","follow":"follow","max-snippet":"max-snippet:-1","max-image-preview":"max-image-preview:large","max-video-preview":"max-video-preview:-1"},"canonical":"https:\/\/gysfm.com.ar\/inicio\/la-salud-cerebral-ya-no-es-sinonimo-de-enfermedad-es-un-tema-economico-educativo-y-social\/","og_locale":"es_ES","og_type":"article","og_title":"\u201cLa \u2018salud cerebral\u2019 ya no es sin\u00f3nimo de \u2018enfermedad\u2019:\u00a0es un tema econ\u00f3mico, educativo y social\u201d - GYS NOTICIAS |","og_description":"Seg\u00fan datos de entidades muy prestigiosas como el World Economic Forum y el McKinsey Health Institute, las afecciones vinculadas al cerebro representan el 24% de la carga global de enfermedades. Sin embargo, todos los pa\u00edses apenas dedican un porcentaje m\u00ednimo de su presupuesto de salud a atenderlas. Argentina no es la excepci\u00f3n. En un pa\u00eds [&hellip;]","og_url":"https:\/\/gysfm.com.ar\/inicio\/la-salud-cerebral-ya-no-es-sinonimo-de-enfermedad-es-un-tema-economico-educativo-y-social\/","og_site_name":"GYS NOTICIAS |","article_published_time":"2026-04-26T09:43:26+00:00","og_image":[{"url":"https:\/\/fotos.perfil.com\/\/2026\/04\/24\/900\/0\/saludcerebral-2227253.jpg?webp","type":"","width":"","height":""}],"author":"Prensa G&amp;S FM","twitter_card":"summary_large_image","twitter_misc":{"Escrito por":"Prensa G&amp;S FM","Tiempo de lectura":"6 minutos"},"schema":{"@context":"https:\/\/schema.org","@graph":[{"@type":"Article","@id":"https:\/\/gysfm.com.ar\/inicio\/la-salud-cerebral-ya-no-es-sinonimo-de-enfermedad-es-un-tema-economico-educativo-y-social\/#article","isPartOf":{"@id":"https:\/\/gysfm.com.ar\/inicio\/la-salud-cerebral-ya-no-es-sinonimo-de-enfermedad-es-un-tema-economico-educativo-y-social\/"},"author":{"name":"Prensa G&amp;S FM","@id":"https:\/\/gysfm.com.ar\/inicio\/#\/schema\/person\/3abba7593ef2ad19e1be221d54383dc5"},"headline":"\u201cLa \u2018salud cerebral\u2019 ya no es sin\u00f3nimo de \u2018enfermedad\u2019:\u00a0es un tema econ\u00f3mico, educativo y social\u201d","datePublished":"2026-04-26T09:43:26+00:00","mainEntityOfPage":{"@id":"https:\/\/gysfm.com.ar\/inicio\/la-salud-cerebral-ya-no-es-sinonimo-de-enfermedad-es-un-tema-economico-educativo-y-social\/"},"wordCount":1254,"publisher":{"@id":"https:\/\/gysfm.com.ar\/inicio\/#organization"},"image":{"@id":"https:\/\/gysfm.com.ar\/inicio\/la-salud-cerebral-ya-no-es-sinonimo-de-enfermedad-es-un-tema-economico-educativo-y-social\/#primaryimage"},"thumbnailUrl":"https:\/\/gysfm.com.ar\/inicio\/wp-content\/uploads\/2026\/04\/saludcerebral-2227251.jpg","articleSection":["NACIONALES"],"inLanguage":"es"},{"@type":"WebPage","@id":"https:\/\/gysfm.com.ar\/inicio\/la-salud-cerebral-ya-no-es-sinonimo-de-enfermedad-es-un-tema-economico-educativo-y-social\/","url":"https:\/\/gysfm.com.ar\/inicio\/la-salud-cerebral-ya-no-es-sinonimo-de-enfermedad-es-un-tema-economico-educativo-y-social\/","name":"\u201cLa \u2018salud cerebral\u2019 ya no es sin\u00f3nimo de \u2018enfermedad\u2019:\u00a0es un tema econ\u00f3mico, educativo y social\u201d - GYS NOTICIAS |","isPartOf":{"@id":"https:\/\/gysfm.com.ar\/inicio\/#website"},"primaryImageOfPage":{"@id":"https:\/\/gysfm.com.ar\/inicio\/la-salud-cerebral-ya-no-es-sinonimo-de-enfermedad-es-un-tema-economico-educativo-y-social\/#primaryimage"},"image":{"@id":"https:\/\/gysfm.com.ar\/inicio\/la-salud-cerebral-ya-no-es-sinonimo-de-enfermedad-es-un-tema-economico-educativo-y-social\/#primaryimage"},"thumbnailUrl":"https:\/\/gysfm.com.ar\/inicio\/wp-content\/uploads\/2026\/04\/saludcerebral-2227251.jpg","datePublished":"2026-04-26T09:43:26+00:00","breadcrumb":{"@id":"https:\/\/gysfm.com.ar\/inicio\/la-salud-cerebral-ya-no-es-sinonimo-de-enfermedad-es-un-tema-economico-educativo-y-social\/#breadcrumb"},"inLanguage":"es","potentialAction":[{"@type":"ReadAction","target":["https:\/\/gysfm.com.ar\/inicio\/la-salud-cerebral-ya-no-es-sinonimo-de-enfermedad-es-un-tema-economico-educativo-y-social\/"]}]},{"@type":"ImageObject","inLanguage":"es","@id":"https:\/\/gysfm.com.ar\/inicio\/la-salud-cerebral-ya-no-es-sinonimo-de-enfermedad-es-un-tema-economico-educativo-y-social\/#primaryimage","url":"https:\/\/gysfm.com.ar\/inicio\/wp-content\/uploads\/2026\/04\/saludcerebral-2227251.jpg","contentUrl":"https:\/\/gysfm.com.ar\/inicio\/wp-content\/uploads\/2026\/04\/saludcerebral-2227251.jpg","width":1140,"height":641},{"@type":"BreadcrumbList","@id":"https:\/\/gysfm.com.ar\/inicio\/la-salud-cerebral-ya-no-es-sinonimo-de-enfermedad-es-un-tema-economico-educativo-y-social\/#breadcrumb","itemListElement":[{"@type":"ListItem","position":1,"name":"Portada","item":"https:\/\/gysfm.com.ar\/inicio\/"},{"@type":"ListItem","position":2,"name":"\u201cLa \u2018salud cerebral\u2019 ya no es sin\u00f3nimo de \u2018enfermedad\u2019:\u00a0es un tema econ\u00f3mico, educativo y social\u201d"}]},{"@type":"WebSite","@id":"https:\/\/gysfm.com.ar\/inicio\/#website","url":"https:\/\/gysfm.com.ar\/inicio\/","name":"GYS NOTICIAS |","description":"DIARIO - RADIO ONLINE SAN JUAN ARGENTINA","publisher":{"@id":"https:\/\/gysfm.com.ar\/inicio\/#organization"},"potentialAction":[{"@type":"SearchAction","target":{"@type":"EntryPoint","urlTemplate":"https:\/\/gysfm.com.ar\/inicio\/?s={search_term_string}"},"query-input":{"@type":"PropertyValueSpecification","valueRequired":true,"valueName":"search_term_string"}}],"inLanguage":"es"},{"@type":"Organization","@id":"https:\/\/gysfm.com.ar\/inicio\/#organization","name":"GYS NOTICIAS |","url":"https:\/\/gysfm.com.ar\/inicio\/","logo":{"@type":"ImageObject","inLanguage":"es","@id":"https:\/\/gysfm.com.ar\/inicio\/#\/schema\/logo\/image\/","url":"https:\/\/gysfm.com.ar\/inicio\/wp-content\/uploads\/2023\/07\/LOGOGYS-OK.png","contentUrl":"https:\/\/gysfm.com.ar\/inicio\/wp-content\/uploads\/2023\/07\/LOGOGYS-OK.png","width":1170,"height":872,"caption":"GYS NOTICIAS |"},"image":{"@id":"https:\/\/gysfm.com.ar\/inicio\/#\/schema\/logo\/image\/"}},{"@type":"Person","@id":"https:\/\/gysfm.com.ar\/inicio\/#\/schema\/person\/3abba7593ef2ad19e1be221d54383dc5","name":"Prensa G&amp;S FM","image":{"@type":"ImageObject","inLanguage":"es","@id":"https:\/\/gysfm.com.ar\/inicio\/#\/schema\/person\/image\/","url":"https:\/\/secure.gravatar.com\/avatar\/096ec78df02049ab018702bb4ccedf659377fa92a26540b5247612077a0dbd29?s=96&d=mm&r=g","contentUrl":"https:\/\/secure.gravatar.com\/avatar\/096ec78df02049ab018702bb4ccedf659377fa92a26540b5247612077a0dbd29?s=96&d=mm&r=g","caption":"Prensa G&amp;S FM"},"sameAs":["https:\/\/gysfm.com.ar\/"],"url":"https:\/\/gysfm.com.ar\/inicio\/author\/lucasm\/"}]}},"_links":{"self":[{"href":"https:\/\/gysfm.com.ar\/inicio\/wp-json\/wp\/v2\/posts\/193063","targetHints":{"allow":["GET"]}}],"collection":[{"href":"https:\/\/gysfm.com.ar\/inicio\/wp-json\/wp\/v2\/posts"}],"about":[{"href":"https:\/\/gysfm.com.ar\/inicio\/wp-json\/wp\/v2\/types\/post"}],"author":[{"embeddable":true,"href":"https:\/\/gysfm.com.ar\/inicio\/wp-json\/wp\/v2\/users\/2"}],"replies":[{"embeddable":true,"href":"https:\/\/gysfm.com.ar\/inicio\/wp-json\/wp\/v2\/comments?post=193063"}],"version-history":[{"count":0,"href":"https:\/\/gysfm.com.ar\/inicio\/wp-json\/wp\/v2\/posts\/193063\/revisions"}],"wp:featuredmedia":[{"embeddable":true,"href":"https:\/\/gysfm.com.ar\/inicio\/wp-json\/wp\/v2\/media\/193064"}],"wp:attachment":[{"href":"https:\/\/gysfm.com.ar\/inicio\/wp-json\/wp\/v2\/media?parent=193063"}],"wp:term":[{"taxonomy":"category","embeddable":true,"href":"https:\/\/gysfm.com.ar\/inicio\/wp-json\/wp\/v2\/categories?post=193063"},{"taxonomy":"post_tag","embeddable":true,"href":"https:\/\/gysfm.com.ar\/inicio\/wp-json\/wp\/v2\/tags?post=193063"}],"curies":[{"name":"wp","href":"https:\/\/api.w.org\/{rel}","templated":true}]}}