{"id":193048,"date":"2026-04-26T04:34:05","date_gmt":"2026-04-26T07:34:05","guid":{"rendered":"https:\/\/gysfm.com.ar\/inicio\/peronismo-2027-el-desorden-libertario-lo-obliga-a-ser-opcion-y-kicillof-toma-carrera\/"},"modified":"2026-04-26T04:34:05","modified_gmt":"2026-04-26T07:34:05","slug":"peronismo-2027-el-desorden-libertario-lo-obliga-a-ser-opcion-y-kicillof-toma-carrera","status":"publish","type":"post","link":"https:\/\/gysfm.com.ar\/inicio\/peronismo-2027-el-desorden-libertario-lo-obliga-a-ser-opcion-y-kicillof-toma-carrera\/","title":{"rendered":"Peronismo 2027: el desorden libertario lo obliga a ser opci\u00f3n y Kicillof toma carrera"},"content":{"rendered":"<p><\/p>\n<div id=\"article-content\">\n<p>Los di\u00e1logos entre unos y otros se multiplicaron en el \u00faltimo mes. La crisis que atraviesa el oficialismo obliga a ordenarse a un peronismo que empieza a sentir que, con unidad y ampliaci\u00f3n, la posibilidad de 2027 asoma. Tambi\u00e9n es cierto que, cuando hay chances, la disputa interna por la candidatura puede recrudecer y hoy ning\u00fan dirigente tiene su nombre asegurado en la boleta.<\/p>\n<p>\u201cSi la elecci\u00f3n fuese hoy, los votos no los tiene\u201d, dice un importante peronista sobre la posibilidad de reelecci\u00f3n de Javier Milei. Pero admite que el tiempo que le queda al gobierno puede ayudar a su recuperaci\u00f3n. Hasta ac\u00e1, ante cada conflicto, el l\u00edder libertario supo demostrar una recuperaci\u00f3n casi milagrosa de su imagen y, por eso, nadie se anima a ensayar un resultado claro para el pr\u00f3ximo a\u00f1o. Sin embargo, saben que alguna posibilidad asoma.<\/p>\n<p>Axel Kicillof aparece como el candidato puesto. Sin embargo, su nombre a\u00fan debe atravesar la discusi\u00f3n interna. Aunque aglutine a distintos gobernadores y dirigentes, la pelea final ser\u00e1 con Cristina Kirchner y Sergio Massa, quienes hoy prefieren mantenerse fuera de la escena p\u00fablica.<\/p>\n<div class=\"subscription\">\n<p>\n        Esto no les gusta a los autoritarios\n    <\/p>\n<div class=\"subscription__container\">\n<div class=\"subscription__text-wrapper\">\n<p>\n                El ejercicio del periodismo profesional y cr\u00edtico es un pilar fundamental de la democracia. Por eso molesta a quienes creen ser los due\u00f1os de la verdad.\n            <\/p>\n<\/p><\/div><\/div>\n<\/div>\n<p>\u201cNo pod\u00e9s ser el heredero si est\u00e1s peleado con tu mam\u00e1\u201d, eval\u00faa un legislador nacional con di\u00e1logo con la dos veces presidenta. El gobernador bonaerense no pide permiso y arma. Kicillof necesita llegar posicionado a la discusi\u00f3n interna como la contracara del ajuste de Milei, dispuesto incluso a competir en una interna.<\/p>\n<p>Sergio Massa no lo admite, pero espera a que pase el mundial para \u201cempezar a carretear\u201d. El l\u00edder del Frente Renovador jug\u00f3 en 2023 sabiendo que la elecci\u00f3n era dif\u00edcil. El objetivo en aquel entonces fue que el gobierno de Alberto Fern\u00e1ndez terminara \u2014y lo hiciera lo m\u00e1s ordenado posible\u2014, asegurar la provincia de Buenos Aires y quitarle al PRO la posibilidad de regresar al poder.<\/p>\n<p>Sin lanzar candidatos, el 1 de mayo habr\u00e1 un acto en el que distintos dirigentes se reunir\u00e1n para empezar a ampliar Uni\u00f3n por la Patria. Uno de los hombres de mayor confianza de Massa est\u00e1 entre los nombres que planean aglutinar a un \u201cperonismo federal\u201d que a\u00fan no habla de posibles postulantes, pero s\u00ed busca plantear que primero est\u00e1n las ideas. Los diputados Guillermo Michel y Victoria Tolosa Paz, junto al armador porte\u00f1o Juan Manuel Olmos, buscar\u00e1n una foto con otros legisladores y dirigentes del interior el pr\u00f3ximo viernes. \u201cNo nos podemos quedar siendo solo un partido del AMBA que nos lleve a una derrota segura en el balotaje\u201d, dice uno de los referentes de este espacio.<\/p>\n<p>En la escena p\u00fablica irrumpi\u00f3 tambi\u00e9n el senador de San Juan, Sergio U\u00f1ac, quien pidi\u00f3 adelantar la discusi\u00f3n de candidaturas. Hay otros dirigentes que aparecen en los armados y que oscilan entre ser \u00e1rbitros y art\u00edfices de un espacio ganador, o lanzarse como candidatos, aunque lo primero parece el destino m\u00e1s probable. Es el caso de Ricardo Quintela (gobernador de La Rioja) y Gerardo Zamora (senador de Santiago del Estero).<\/p>\n<p>Por afuera, pero arrim\u00e1ndose a las distintas tribus del peronismo, aparecen tres nombres que podr\u00edan ser parte de un Frente de Todos ampliado: Miguel \u00c1ngel Pichetto, Emilio Monz\u00f3 y Nicol\u00e1s Massot se mueven, aunque ahora m\u00e1s enfocados en la idea de un outsider, como Jorge Brito.<\/p>\n<p>Pero esto no alcanza y en el peronismo tambi\u00e9n avanzan los di\u00e1logos con algunos radicales que no acompa\u00f1an las ideas libertarias y con gobernadores que fueron aliados de Milei y ahora sufren las consecuencias econ\u00f3micas en sus provincias.<\/p>\n<p>\u201cEs con todos y es lo que hay. Peor es perder\u201d, reconoce uno de los principales dirigentes de Uni\u00f3n por la Patria. El peronismo sabe que tiene que ordenarse mientras mira de reojo la debilidad oficialista.<\/p>\n<\/p><\/div>\n<p><script>\n                !function(f,b,e,v,n,t,s)\n                {if(f.fbq)return;n=f.fbq=function(){n.callMethod?\n                    n.callMethod.apply(n,arguments):n.queue.push(arguments)};\n                    if(!f._fbq)f._fbq=n;n.push=n;n.loaded=!0;n.version='2.0';\n                    n.queue=[];t=b.createElement(e);t.async=!0;\n                    t.src=v;s=b.getElementsByTagName(e)[0];\n                    s.parentNode.insertBefore(t,s)}(window, document,'script',\n                    'https:\/\/connect.facebook.net\/en_US\/fbevents.js');\n                window.paywallConfig.facebook_pixel=\"1000228364089342\"\n            <\/script><\/p>\n","protected":false},"excerpt":{"rendered":"<p>Los di\u00e1logos entre unos y otros se multiplicaron en el \u00faltimo mes. La crisis que atraviesa el oficialismo obliga a ordenarse a un peronismo que empieza a sentir que, con unidad y ampliaci\u00f3n, la posibilidad de 2027 asoma. Tambi\u00e9n es cierto que, cuando hay chances, la disputa interna por la candidatura puede recrudecer y hoy [&hellip;]<\/p>\n","protected":false},"author":2,"featured_media":193049,"comment_status":"closed","ping_status":"closed","sticky":false,"template":"","format":"standard","meta":{"footnotes":""},"categories":[25],"tags":[],"class_list":["post-193048","post","type-post","status-publish","format-standard","has-post-thumbnail","hentry","category-nacionales"],"yoast_head":"<!-- This site is optimized with the Yoast SEO plugin v24.4 - https:\/\/yoast.com\/wordpress\/plugins\/seo\/ -->\n<title>Peronismo 2027: el desorden libertario lo obliga a ser opci\u00f3n y Kicillof toma carrera - GYS NOTICIAS |<\/title>\n<meta name=\"robots\" content=\"index, follow, max-snippet:-1, max-image-preview:large, max-video-preview:-1\" \/>\n<link rel=\"canonical\" href=\"https:\/\/gysfm.com.ar\/inicio\/peronismo-2027-el-desorden-libertario-lo-obliga-a-ser-opcion-y-kicillof-toma-carrera\/\" \/>\n<meta property=\"og:locale\" content=\"es_ES\" \/>\n<meta property=\"og:type\" content=\"article\" \/>\n<meta property=\"og:title\" content=\"Peronismo 2027: el desorden libertario lo obliga a ser opci\u00f3n y Kicillof toma carrera - GYS NOTICIAS |\" \/>\n<meta property=\"og:description\" content=\"Los di\u00e1logos entre unos y otros se multiplicaron en el \u00faltimo mes. La crisis que atraviesa el oficialismo obliga a ordenarse a un peronismo que empieza a sentir que, con unidad y ampliaci\u00f3n, la posibilidad de 2027 asoma. Tambi\u00e9n es cierto que, cuando hay chances, la disputa interna por la candidatura puede recrudecer y hoy [&hellip;]\" \/>\n<meta property=\"og:url\" content=\"https:\/\/gysfm.com.ar\/inicio\/peronismo-2027-el-desorden-libertario-lo-obliga-a-ser-opcion-y-kicillof-toma-carrera\/\" \/>\n<meta property=\"og:site_name\" content=\"GYS NOTICIAS |\" \/>\n<meta property=\"article:published_time\" content=\"2026-04-26T07:34:05+00:00\" \/>\n<meta name=\"author\" content=\"Prensa G&amp;S FM\" \/>\n<meta name=\"twitter:card\" content=\"summary_large_image\" \/>\n<meta name=\"twitter:label1\" content=\"Escrito por\" \/>\n\t<meta name=\"twitter:data1\" content=\"Prensa G&amp;S FM\" \/>\n\t<meta name=\"twitter:label2\" content=\"Tiempo de lectura\" \/>\n\t<meta name=\"twitter:data2\" content=\"3 minutos\" \/>\n<script type=\"application\/ld+json\" class=\"yoast-schema-graph\">{\"@context\":\"https:\/\/schema.org\",\"@graph\":[{\"@type\":\"Article\",\"@id\":\"https:\/\/gysfm.com.ar\/inicio\/peronismo-2027-el-desorden-libertario-lo-obliga-a-ser-opcion-y-kicillof-toma-carrera\/#article\",\"isPartOf\":{\"@id\":\"https:\/\/gysfm.com.ar\/inicio\/peronismo-2027-el-desorden-libertario-lo-obliga-a-ser-opcion-y-kicillof-toma-carrera\/\"},\"author\":{\"name\":\"Prensa G&amp;S FM\",\"@id\":\"https:\/\/gysfm.com.ar\/inicio\/#\/schema\/person\/3abba7593ef2ad19e1be221d54383dc5\"},\"headline\":\"Peronismo 2027: el desorden libertario lo obliga a ser opci\u00f3n y Kicillof toma carrera\",\"datePublished\":\"2026-04-26T07:34:05+00:00\",\"mainEntityOfPage\":{\"@id\":\"https:\/\/gysfm.com.ar\/inicio\/peronismo-2027-el-desorden-libertario-lo-obliga-a-ser-opcion-y-kicillof-toma-carrera\/\"},\"wordCount\":700,\"publisher\":{\"@id\":\"https:\/\/gysfm.com.ar\/inicio\/#organization\"},\"image\":{\"@id\":\"https:\/\/gysfm.com.ar\/inicio\/peronismo-2027-el-desorden-libertario-lo-obliga-a-ser-opcion-y-kicillof-toma-carrera\/#primaryimage\"},\"thumbnailUrl\":\"https:\/\/gysfm.com.ar\/inicio\/wp-content\/uploads\/2026\/04\/260426kicillofmassacedocg-2227695.jpg\",\"articleSection\":[\"NACIONALES\"],\"inLanguage\":\"es\"},{\"@type\":\"WebPage\",\"@id\":\"https:\/\/gysfm.com.ar\/inicio\/peronismo-2027-el-desorden-libertario-lo-obliga-a-ser-opcion-y-kicillof-toma-carrera\/\",\"url\":\"https:\/\/gysfm.com.ar\/inicio\/peronismo-2027-el-desorden-libertario-lo-obliga-a-ser-opcion-y-kicillof-toma-carrera\/\",\"name\":\"Peronismo 2027: el desorden libertario lo obliga a ser opci\u00f3n y Kicillof toma carrera - GYS NOTICIAS |\",\"isPartOf\":{\"@id\":\"https:\/\/gysfm.com.ar\/inicio\/#website\"},\"primaryImageOfPage\":{\"@id\":\"https:\/\/gysfm.com.ar\/inicio\/peronismo-2027-el-desorden-libertario-lo-obliga-a-ser-opcion-y-kicillof-toma-carrera\/#primaryimage\"},\"image\":{\"@id\":\"https:\/\/gysfm.com.ar\/inicio\/peronismo-2027-el-desorden-libertario-lo-obliga-a-ser-opcion-y-kicillof-toma-carrera\/#primaryimage\"},\"thumbnailUrl\":\"https:\/\/gysfm.com.ar\/inicio\/wp-content\/uploads\/2026\/04\/260426kicillofmassacedocg-2227695.jpg\",\"datePublished\":\"2026-04-26T07:34:05+00:00\",\"breadcrumb\":{\"@id\":\"https:\/\/gysfm.com.ar\/inicio\/peronismo-2027-el-desorden-libertario-lo-obliga-a-ser-opcion-y-kicillof-toma-carrera\/#breadcrumb\"},\"inLanguage\":\"es\",\"potentialAction\":[{\"@type\":\"ReadAction\",\"target\":[\"https:\/\/gysfm.com.ar\/inicio\/peronismo-2027-el-desorden-libertario-lo-obliga-a-ser-opcion-y-kicillof-toma-carrera\/\"]}]},{\"@type\":\"ImageObject\",\"inLanguage\":\"es\",\"@id\":\"https:\/\/gysfm.com.ar\/inicio\/peronismo-2027-el-desorden-libertario-lo-obliga-a-ser-opcion-y-kicillof-toma-carrera\/#primaryimage\",\"url\":\"https:\/\/gysfm.com.ar\/inicio\/wp-content\/uploads\/2026\/04\/260426kicillofmassacedocg-2227695.jpg\",\"contentUrl\":\"https:\/\/gysfm.com.ar\/inicio\/wp-content\/uploads\/2026\/04\/260426kicillofmassacedocg-2227695.jpg\",\"width\":1140,\"height\":641},{\"@type\":\"BreadcrumbList\",\"@id\":\"https:\/\/gysfm.com.ar\/inicio\/peronismo-2027-el-desorden-libertario-lo-obliga-a-ser-opcion-y-kicillof-toma-carrera\/#breadcrumb\",\"itemListElement\":[{\"@type\":\"ListItem\",\"position\":1,\"name\":\"Portada\",\"item\":\"https:\/\/gysfm.com.ar\/inicio\/\"},{\"@type\":\"ListItem\",\"position\":2,\"name\":\"Peronismo 2027: el desorden libertario lo obliga a ser opci\u00f3n y Kicillof toma carrera\"}]},{\"@type\":\"WebSite\",\"@id\":\"https:\/\/gysfm.com.ar\/inicio\/#website\",\"url\":\"https:\/\/gysfm.com.ar\/inicio\/\",\"name\":\"GYS NOTICIAS |\",\"description\":\"DIARIO - RADIO ONLINE SAN JUAN ARGENTINA\",\"publisher\":{\"@id\":\"https:\/\/gysfm.com.ar\/inicio\/#organization\"},\"potentialAction\":[{\"@type\":\"SearchAction\",\"target\":{\"@type\":\"EntryPoint\",\"urlTemplate\":\"https:\/\/gysfm.com.ar\/inicio\/?s={search_term_string}\"},\"query-input\":{\"@type\":\"PropertyValueSpecification\",\"valueRequired\":true,\"valueName\":\"search_term_string\"}}],\"inLanguage\":\"es\"},{\"@type\":\"Organization\",\"@id\":\"https:\/\/gysfm.com.ar\/inicio\/#organization\",\"name\":\"GYS NOTICIAS |\",\"url\":\"https:\/\/gysfm.com.ar\/inicio\/\",\"logo\":{\"@type\":\"ImageObject\",\"inLanguage\":\"es\",\"@id\":\"https:\/\/gysfm.com.ar\/inicio\/#\/schema\/logo\/image\/\",\"url\":\"https:\/\/gysfm.com.ar\/inicio\/wp-content\/uploads\/2023\/07\/LOGOGYS-OK.png\",\"contentUrl\":\"https:\/\/gysfm.com.ar\/inicio\/wp-content\/uploads\/2023\/07\/LOGOGYS-OK.png\",\"width\":1170,\"height\":872,\"caption\":\"GYS NOTICIAS |\"},\"image\":{\"@id\":\"https:\/\/gysfm.com.ar\/inicio\/#\/schema\/logo\/image\/\"}},{\"@type\":\"Person\",\"@id\":\"https:\/\/gysfm.com.ar\/inicio\/#\/schema\/person\/3abba7593ef2ad19e1be221d54383dc5\",\"name\":\"Prensa G&amp;S FM\",\"image\":{\"@type\":\"ImageObject\",\"inLanguage\":\"es\",\"@id\":\"https:\/\/gysfm.com.ar\/inicio\/#\/schema\/person\/image\/\",\"url\":\"https:\/\/secure.gravatar.com\/avatar\/096ec78df02049ab018702bb4ccedf659377fa92a26540b5247612077a0dbd29?s=96&d=mm&r=g\",\"contentUrl\":\"https:\/\/secure.gravatar.com\/avatar\/096ec78df02049ab018702bb4ccedf659377fa92a26540b5247612077a0dbd29?s=96&d=mm&r=g\",\"caption\":\"Prensa G&amp;S FM\"},\"sameAs\":[\"https:\/\/gysfm.com.ar\/\"],\"url\":\"https:\/\/gysfm.com.ar\/inicio\/author\/lucasm\/\"}]}<\/script>\n<!-- \/ Yoast SEO plugin. -->","yoast_head_json":{"title":"Peronismo 2027: el desorden libertario lo obliga a ser opci\u00f3n y Kicillof toma carrera - GYS NOTICIAS |","robots":{"index":"index","follow":"follow","max-snippet":"max-snippet:-1","max-image-preview":"max-image-preview:large","max-video-preview":"max-video-preview:-1"},"canonical":"https:\/\/gysfm.com.ar\/inicio\/peronismo-2027-el-desorden-libertario-lo-obliga-a-ser-opcion-y-kicillof-toma-carrera\/","og_locale":"es_ES","og_type":"article","og_title":"Peronismo 2027: el desorden libertario lo obliga a ser opci\u00f3n y Kicillof toma carrera - GYS NOTICIAS |","og_description":"Los di\u00e1logos entre unos y otros se multiplicaron en el \u00faltimo mes. La crisis que atraviesa el oficialismo obliga a ordenarse a un peronismo que empieza a sentir que, con unidad y ampliaci\u00f3n, la posibilidad de 2027 asoma. Tambi\u00e9n es cierto que, cuando hay chances, la disputa interna por la candidatura puede recrudecer y hoy [&hellip;]","og_url":"https:\/\/gysfm.com.ar\/inicio\/peronismo-2027-el-desorden-libertario-lo-obliga-a-ser-opcion-y-kicillof-toma-carrera\/","og_site_name":"GYS NOTICIAS |","article_published_time":"2026-04-26T07:34:05+00:00","author":"Prensa G&amp;S FM","twitter_card":"summary_large_image","twitter_misc":{"Escrito por":"Prensa G&amp;S FM","Tiempo de lectura":"3 minutos"},"schema":{"@context":"https:\/\/schema.org","@graph":[{"@type":"Article","@id":"https:\/\/gysfm.com.ar\/inicio\/peronismo-2027-el-desorden-libertario-lo-obliga-a-ser-opcion-y-kicillof-toma-carrera\/#article","isPartOf":{"@id":"https:\/\/gysfm.com.ar\/inicio\/peronismo-2027-el-desorden-libertario-lo-obliga-a-ser-opcion-y-kicillof-toma-carrera\/"},"author":{"name":"Prensa G&amp;S FM","@id":"https:\/\/gysfm.com.ar\/inicio\/#\/schema\/person\/3abba7593ef2ad19e1be221d54383dc5"},"headline":"Peronismo 2027: el desorden libertario lo obliga a ser opci\u00f3n y Kicillof toma carrera","datePublished":"2026-04-26T07:34:05+00:00","mainEntityOfPage":{"@id":"https:\/\/gysfm.com.ar\/inicio\/peronismo-2027-el-desorden-libertario-lo-obliga-a-ser-opcion-y-kicillof-toma-carrera\/"},"wordCount":700,"publisher":{"@id":"https:\/\/gysfm.com.ar\/inicio\/#organization"},"image":{"@id":"https:\/\/gysfm.com.ar\/inicio\/peronismo-2027-el-desorden-libertario-lo-obliga-a-ser-opcion-y-kicillof-toma-carrera\/#primaryimage"},"thumbnailUrl":"https:\/\/gysfm.com.ar\/inicio\/wp-content\/uploads\/2026\/04\/260426kicillofmassacedocg-2227695.jpg","articleSection":["NACIONALES"],"inLanguage":"es"},{"@type":"WebPage","@id":"https:\/\/gysfm.com.ar\/inicio\/peronismo-2027-el-desorden-libertario-lo-obliga-a-ser-opcion-y-kicillof-toma-carrera\/","url":"https:\/\/gysfm.com.ar\/inicio\/peronismo-2027-el-desorden-libertario-lo-obliga-a-ser-opcion-y-kicillof-toma-carrera\/","name":"Peronismo 2027: el desorden libertario lo obliga a ser opci\u00f3n y Kicillof toma carrera - GYS NOTICIAS |","isPartOf":{"@id":"https:\/\/gysfm.com.ar\/inicio\/#website"},"primaryImageOfPage":{"@id":"https:\/\/gysfm.com.ar\/inicio\/peronismo-2027-el-desorden-libertario-lo-obliga-a-ser-opcion-y-kicillof-toma-carrera\/#primaryimage"},"image":{"@id":"https:\/\/gysfm.com.ar\/inicio\/peronismo-2027-el-desorden-libertario-lo-obliga-a-ser-opcion-y-kicillof-toma-carrera\/#primaryimage"},"thumbnailUrl":"https:\/\/gysfm.com.ar\/inicio\/wp-content\/uploads\/2026\/04\/260426kicillofmassacedocg-2227695.jpg","datePublished":"2026-04-26T07:34:05+00:00","breadcrumb":{"@id":"https:\/\/gysfm.com.ar\/inicio\/peronismo-2027-el-desorden-libertario-lo-obliga-a-ser-opcion-y-kicillof-toma-carrera\/#breadcrumb"},"inLanguage":"es","potentialAction":[{"@type":"ReadAction","target":["https:\/\/gysfm.com.ar\/inicio\/peronismo-2027-el-desorden-libertario-lo-obliga-a-ser-opcion-y-kicillof-toma-carrera\/"]}]},{"@type":"ImageObject","inLanguage":"es","@id":"https:\/\/gysfm.com.ar\/inicio\/peronismo-2027-el-desorden-libertario-lo-obliga-a-ser-opcion-y-kicillof-toma-carrera\/#primaryimage","url":"https:\/\/gysfm.com.ar\/inicio\/wp-content\/uploads\/2026\/04\/260426kicillofmassacedocg-2227695.jpg","contentUrl":"https:\/\/gysfm.com.ar\/inicio\/wp-content\/uploads\/2026\/04\/260426kicillofmassacedocg-2227695.jpg","width":1140,"height":641},{"@type":"BreadcrumbList","@id":"https:\/\/gysfm.com.ar\/inicio\/peronismo-2027-el-desorden-libertario-lo-obliga-a-ser-opcion-y-kicillof-toma-carrera\/#breadcrumb","itemListElement":[{"@type":"ListItem","position":1,"name":"Portada","item":"https:\/\/gysfm.com.ar\/inicio\/"},{"@type":"ListItem","position":2,"name":"Peronismo 2027: el desorden libertario lo obliga a ser opci\u00f3n y Kicillof toma carrera"}]},{"@type":"WebSite","@id":"https:\/\/gysfm.com.ar\/inicio\/#website","url":"https:\/\/gysfm.com.ar\/inicio\/","name":"GYS NOTICIAS |","description":"DIARIO - RADIO ONLINE SAN JUAN ARGENTINA","publisher":{"@id":"https:\/\/gysfm.com.ar\/inicio\/#organization"},"potentialAction":[{"@type":"SearchAction","target":{"@type":"EntryPoint","urlTemplate":"https:\/\/gysfm.com.ar\/inicio\/?s={search_term_string}"},"query-input":{"@type":"PropertyValueSpecification","valueRequired":true,"valueName":"search_term_string"}}],"inLanguage":"es"},{"@type":"Organization","@id":"https:\/\/gysfm.com.ar\/inicio\/#organization","name":"GYS NOTICIAS |","url":"https:\/\/gysfm.com.ar\/inicio\/","logo":{"@type":"ImageObject","inLanguage":"es","@id":"https:\/\/gysfm.com.ar\/inicio\/#\/schema\/logo\/image\/","url":"https:\/\/gysfm.com.ar\/inicio\/wp-content\/uploads\/2023\/07\/LOGOGYS-OK.png","contentUrl":"https:\/\/gysfm.com.ar\/inicio\/wp-content\/uploads\/2023\/07\/LOGOGYS-OK.png","width":1170,"height":872,"caption":"GYS NOTICIAS |"},"image":{"@id":"https:\/\/gysfm.com.ar\/inicio\/#\/schema\/logo\/image\/"}},{"@type":"Person","@id":"https:\/\/gysfm.com.ar\/inicio\/#\/schema\/person\/3abba7593ef2ad19e1be221d54383dc5","name":"Prensa G&amp;S FM","image":{"@type":"ImageObject","inLanguage":"es","@id":"https:\/\/gysfm.com.ar\/inicio\/#\/schema\/person\/image\/","url":"https:\/\/secure.gravatar.com\/avatar\/096ec78df02049ab018702bb4ccedf659377fa92a26540b5247612077a0dbd29?s=96&d=mm&r=g","contentUrl":"https:\/\/secure.gravatar.com\/avatar\/096ec78df02049ab018702bb4ccedf659377fa92a26540b5247612077a0dbd29?s=96&d=mm&r=g","caption":"Prensa G&amp;S FM"},"sameAs":["https:\/\/gysfm.com.ar\/"],"url":"https:\/\/gysfm.com.ar\/inicio\/author\/lucasm\/"}]}},"_links":{"self":[{"href":"https:\/\/gysfm.com.ar\/inicio\/wp-json\/wp\/v2\/posts\/193048","targetHints":{"allow":["GET"]}}],"collection":[{"href":"https:\/\/gysfm.com.ar\/inicio\/wp-json\/wp\/v2\/posts"}],"about":[{"href":"https:\/\/gysfm.com.ar\/inicio\/wp-json\/wp\/v2\/types\/post"}],"author":[{"embeddable":true,"href":"https:\/\/gysfm.com.ar\/inicio\/wp-json\/wp\/v2\/users\/2"}],"replies":[{"embeddable":true,"href":"https:\/\/gysfm.com.ar\/inicio\/wp-json\/wp\/v2\/comments?post=193048"}],"version-history":[{"count":0,"href":"https:\/\/gysfm.com.ar\/inicio\/wp-json\/wp\/v2\/posts\/193048\/revisions"}],"wp:featuredmedia":[{"embeddable":true,"href":"https:\/\/gysfm.com.ar\/inicio\/wp-json\/wp\/v2\/media\/193049"}],"wp:attachment":[{"href":"https:\/\/gysfm.com.ar\/inicio\/wp-json\/wp\/v2\/media?parent=193048"}],"wp:term":[{"taxonomy":"category","embeddable":true,"href":"https:\/\/gysfm.com.ar\/inicio\/wp-json\/wp\/v2\/categories?post=193048"},{"taxonomy":"post_tag","embeddable":true,"href":"https:\/\/gysfm.com.ar\/inicio\/wp-json\/wp\/v2\/tags?post=193048"}],"curies":[{"name":"wp","href":"https:\/\/api.w.org\/{rel}","templated":true}]}}