{"id":193046,"date":"2026-04-26T04:03:05","date_gmt":"2026-04-26T07:03:05","guid":{"rendered":"https:\/\/gysfm.com.ar\/inicio\/colapinto-la-previa-del-road-show-en-buenos-aires\/"},"modified":"2026-04-26T04:03:05","modified_gmt":"2026-04-26T07:03:05","slug":"colapinto-la-previa-del-road-show-en-buenos-aires","status":"publish","type":"post","link":"https:\/\/gysfm.com.ar\/inicio\/colapinto-la-previa-del-road-show-en-buenos-aires\/","title":{"rendered":"Colapinto: la previa del Road Show en Buenos Aires"},"content":{"rendered":"<p><\/p>\n<div>\n<p>Desde su llegada al pa\u00eds que <a target=\"_blank\" href=\"https:\/\/442.perfil.com\/noticias\/automovilismo\/alpine-censuro-un-video-donde-franco-colapinto-cantaba-por-las-islas-malvinas-y-genero-una-ola-de-polemicas-a35.phtml\"><strong>Franco Colapinto<\/strong><\/a> no para. El piloto de<strong> <\/strong><a target=\"_blank\" href=\"https:\/\/442.perfil.com\/noticias\/automovilismo\/alpine-respondio-a-las-acusaciones-de-boicot-contra-colapinto-total-transparencia.phtml\"><strong>Alpine<\/strong> <\/a>que ven\u00eda de trabajar en el Simulador y rodar un <strong>Filming Day <\/strong>en Reino Unido, ya visit\u00f3 e<a target=\"_blank\" href=\"https:\/\/442.perfil.com\/noticias\/automovilismo\/la-exhibicion-de-colapinto-con-alpine-en-buenos-aires-costos-y-fechas-a35.phtml\"><strong>l Aut\u00f3dromo de Buenos Aires,<\/strong><\/a> corri\u00f3 en <strong>Kart <\/strong>y realiz\u00f3 una conferencia de prensa, antes de la exhibici\u00f3n del domingo, organizada por <strong>BWT Alpine F1, auspiciada por Mercado Libre.<\/strong><\/p>\n<p>Tras el<strong> <a target=\"_blank\" href=\"https:\/\/442.perfil.com\/noticias\/automovilismo\/mercedes-gano-en-japon-con-antonelli-mclaren-volvio-con-todo-y-ferrari-dio-una-dura-pelea-por-el-3-lugar.phtml\">GP de Jap\u00f3n<\/a>, Colapinto <\/strong>volvi\u00f3 a la f\u00e1brica de<strong> Alpine en Enstone, Reino Unido<\/strong>, para trabajar en el Simulador y prepararse para el <strong>GP de Miami (1 al 3 de mayo)<\/strong>. El 15 de abril ya se encontraba en el circuito de <strong>Silverstone para el 2\u00b0 Filming Day<\/strong> del equipo al lleg\u00f3, como embajador de la marca, en un<strong> Alpine A390<\/strong>. <strong>Colapinto <\/strong>rod\u00f3 en el <strong>A526 <\/strong>de esta temporada los 200 km que permite el reglamento para un evento promocional, que el equipo aprovech\u00f3 para recabar m\u00e1s datos.<\/p>\n<div style=\"text-align:center\">\n<figure class=\"image\" style=\"display:inline-block\"><img decoding=\"async\" style=\"max-width: 100%; width: 100%;\" alt=\"Franco Colapinto\" src=\"https:\/\/fotos.perfil.com\/\/2026\/04\/25\/900\/0\/franco-colapinto-2227519.jpg\" loading=\"lazy\"\/>&#13;<figcaption>Franco Colapinto &#8211; Prensa de Alpine<\/figcaption>&#13;<br \/>\n<\/figure>\n<\/div>\n<p class=\"destacadoNota\"><a target=\"_blank\" href=\"https:\/\/442.perfil.com\/noticias\/automovilismo\/como-estara-el-clima-para-el-road-show-de-franco-colapinto-en-palermo.phtml\">C\u00f3mo estar\u00e1 el clima para el Road Show de Franco Colapinto en Palermo<\/a><\/p>\n<h2><em><strong>Colapinto en Buenos Aires<\/strong><\/em><\/h2>\n<p>Colapinto, que viaj\u00f3 al pa\u00eds para el<strong> <a target=\"_blank\" href=\"https:\/\/442.perfil.com\/noticias\/futbol\/como-ver-el-road-show-de-colapinto-en-vivo-y-online-a35.phtml\">Road Show del 26 de abril en Buenos Aires<\/a><\/strong>, aprovech\u00f3 su estancia para reencontrarse con familia y amigos, y arranc\u00f3 la semana visitando el <strong>Aut\u00f3dromo de Buenos Aires (Oscar y Juan Galvez<\/strong>) donde ya hab\u00eda estado en enero, renovando su licencia deportiva. All\u00ed, junto al <strong>jefe de Gobierno de la Ciudad, <a target=\"_blank\" href=\"https:\/\/442.perfil.com\/noticias\/futbol\/jorge-macri-sentencio-la-vuelta-de-los-visitantes-los-clubes-no-los-quieren-a35.phtml\">Jorge Macri <\/a><\/strong>pudo ver el avance de las<br \/>&#13;<br \/>\nobras para el nuevo circuito, que en 2027 albergar\u00e1 una fecha del <strong>Campeonato Mundial de MotoGP <\/strong>y se prepara para la calificaci\u00f3n Grado 1, exigida por la FIA, para ser parte del calendario de la F\u00f3rmula 1.<\/p>\n<p>En una charla con el <strong>jefe de Gobierno, Colapinto expres\u00f3 su deseo de que Argentina vuelva a tener un Gran Premio de F1 <\/strong>(el \u00faltimo fue en 1998) y poder ser parte de \u00e9l. Previo a su arribo al pa\u00eds, tambi\u00e9n hizo arreglos para correr en el <strong>Kart\u00f3dromo Internacional de Z\u00e1rate,<\/strong> adonde lleg\u00f3 el martes 21. El lugar fue cerrado al p\u00fablico para que Colapinto y su amigo <strong>Gabriel Gandulia<\/strong> (piloto de TC Pista) con quien corr\u00eda en el kart cuando ten\u00eda 6 a\u00f1os, pudieran disfrutar una carrera en los <strong>Tony Kart de Acosta Racing Team<\/strong>, equipados con motor KZ de competici\u00f3n.<\/p>\n<div style=\"text-align:center\">\n<figure class=\"image\" style=\"display:inline-block\"><img decoding=\"async\" style=\"max-width: 100%; width: 100%;\" alt=\"Colapinto junto a Jorge Macri en el G\u00e1lvez\" src=\"https:\/\/fotos.perfil.com\/\/2026\/04\/24\/900\/0\/colapinto-junto-a-jorge-macri-en-el-galvez-2227245.jpg\" loading=\"lazy\"\/>&#13;<figcaption>Franco Colapinto junto a Jorge Macri<\/figcaption>&#13;<br \/>\n<\/figure>\n<\/div>\n<p>&#13;<br \/>\nEl viernes <strong>Colapinto <\/strong>estuvo presente en las oficinas de <strong>Mercado Libre en Saavedra<\/strong> para una conferencia de prensa en la que estuvieron los medios m\u00e1s importantes y reconocidos periodistas, entre ellos <strong>Juan Fossaroli, relator de ESPN <\/strong>que siempre est\u00e1 apostado en los circuitos. El Planetario, tambi\u00e9n le dio la bienvenida a Colapinto con luminarias especiales que reflejaron durante la noche los colores de Alpine, rosa y azul. <strong>Previo al Road Show Alpine present\u00f3 el Lotus E20<\/strong> con el que <strong>Colapinto <\/strong>har\u00e1 la exhibici\u00f3n, decorado con la <strong>livery del A526<\/strong> con el que corre actualmente, que rod\u00f3 en las calles porte\u00f1as rodeando el Obelisco.<\/p>\n<div style=\"text-align:center\">\n<figure class=\"image\" style=\"display:inline-block\"><img decoding=\"async\" style=\"max-width: 100%; width: 100%;\" alt=\"Franco Colapinto en Buenos Aires\" src=\"https:\/\/fotos.perfil.com\/\/2026\/04\/24\/900\/0\/franco-colapinto-en-buenos-aires-2226902.jpg\" loading=\"lazy\"\/>&#13;<figcaption>Franco Colapinto en las oficinas de uno de sus sponsors<\/figcaption>&#13;<br \/>\n<\/figure>\n<\/div>\n<p class=\"destacadoNota\"><a target=\"_blank\" href=\"https:\/\/442.perfil.com\/noticias\/automovilismo\/f1-2027-regresa-el-gp-de-turquia-y-se-abre-una-posibilidad-para-argentina-a35.phtml\">F1 2027: Regresa el GP de Turqu\u00eda y se abre una posibilidad para Argentina<\/a><\/p>\n<p>La cita para el <strong>Road Show ser\u00e1 ma\u00f1ana, domingo 26 de abril en Palermo<\/strong>, en un mini circuito armado especialmente para el evento, entre<strong> Avenida del Libertador y Figueroa Alcorta, <\/strong>rodeando el monumento a Los Espa\u00f1oles, que contar\u00e1 con tribunas y boxes. Las actividades ser\u00e1n<strong> transmitidas en directo por ESPN a partir de las 9 hora local a trav\u00e9s de Disney Premium<\/strong> e incluir\u00e1n entrevistas, gastronom\u00eda (en un formato similar al se ofrece en un paddock de F1), espect\u00e1culos musicales y DJ\u2019s que animar\u00e1n el evento.<\/p>\n<p><strong>Colapinto se subir\u00e1 al Lotus E20 con motor V8 que fuera pilotado en 2012 por Kimi R\u00e4ik\u00f6nen,<em> \u2018Iceman\u2019<\/em> <\/strong>(campe\u00f3n mundial de F1 2007, Ferrari). Ser\u00e1 la primera vez que se vea un F\u00f3rmula 1 en las calles de Buenos Aires, desde que <strong>Daniel Ricciardo lo hiciera en 2012 a bordo del RB7 de Red Bull, con el que Sebastian Vettel logr\u00f3 su 2\u00b0 Campeonato Mundial <\/strong>de F\u00f3rmula 1 (2011). El piloto argentino tambi\u00e9n har\u00e1 una demostraci\u00f3n en el M<strong>ercedes \u2018Flecha de plata\u2019 <\/strong>con el que corri\u00f3 <strong>Juan Manuel Fangio<\/strong> (una r\u00e9plica) y al final de evento har\u00e1 una recorrida en un bus para saludar a los fans.<\/p>\n<p>Ma\u00f1ana los fans que esperan ansiosos ver a <strong>Colapinto <\/strong>a bordo de un monoplaza tambi\u00e9n disfrutar\u00e1n de un incre\u00edble espect\u00e1culo, en una versi\u00f3n m\u00e1s acotada de lo que es en realidad un evento de <strong>F\u00f3rmula 1<\/strong>, mientras que los representantes de <strong>Alpine <\/strong>y sus patrocinadores tendr\u00e1n la oportunidad de medir el inter\u00e9s del p\u00fablico argentino, un mercado que ya es de inter\u00e9s para la m\u00e1xima categor\u00eda.<\/p>\n<p><strong><em>LT.<\/em><\/strong><\/p>\n<p>\t\t\t\t\t<!-- tags --><\/p><\/div>\n<p><script async defer crossorigin=\"anonymous\" src=\"https:\/\/connect.facebook.net\/es_LA\/sdk.js#xfbml=1&#038;version=v10.0&#038;appId=2243118389309392&#038;autoLogAppEvents=1\" nonce=\"9rD4vd6X\"><\/script><\/p>\n","protected":false},"excerpt":{"rendered":"<p>Desde su llegada al pa\u00eds que Franco Colapinto no para. El piloto de Alpine que ven\u00eda de trabajar en el Simulador y rodar un Filming Day en Reino Unido, ya visit\u00f3 el Aut\u00f3dromo de Buenos Aires, corri\u00f3 en Kart y realiz\u00f3 una conferencia de prensa, antes de la exhibici\u00f3n del domingo, organizada por BWT Alpine [&hellip;]<\/p>\n","protected":false},"author":2,"featured_media":193047,"comment_status":"closed","ping_status":"closed","sticky":false,"template":"","format":"standard","meta":{"footnotes":""},"categories":[25],"tags":[],"class_list":["post-193046","post","type-post","status-publish","format-standard","has-post-thumbnail","hentry","category-nacionales"],"yoast_head":"<!-- This site is optimized with the Yoast SEO plugin v24.4 - https:\/\/yoast.com\/wordpress\/plugins\/seo\/ -->\n<title>Colapinto: la previa del Road Show en Buenos Aires - GYS NOTICIAS |<\/title>\n<meta name=\"robots\" content=\"index, follow, max-snippet:-1, max-image-preview:large, max-video-preview:-1\" \/>\n<link rel=\"canonical\" href=\"https:\/\/gysfm.com.ar\/inicio\/colapinto-la-previa-del-road-show-en-buenos-aires\/\" \/>\n<meta property=\"og:locale\" content=\"es_ES\" \/>\n<meta property=\"og:type\" content=\"article\" \/>\n<meta property=\"og:title\" content=\"Colapinto: la previa del Road Show en Buenos Aires - GYS NOTICIAS |\" \/>\n<meta property=\"og:description\" content=\"Desde su llegada al pa\u00eds que Franco Colapinto no para. El piloto de Alpine que ven\u00eda de trabajar en el Simulador y rodar un Filming Day en Reino Unido, ya visit\u00f3 el Aut\u00f3dromo de Buenos Aires, corri\u00f3 en Kart y realiz\u00f3 una conferencia de prensa, antes de la exhibici\u00f3n del domingo, organizada por BWT Alpine [&hellip;]\" \/>\n<meta property=\"og:url\" content=\"https:\/\/gysfm.com.ar\/inicio\/colapinto-la-previa-del-road-show-en-buenos-aires\/\" \/>\n<meta property=\"og:site_name\" content=\"GYS NOTICIAS |\" \/>\n<meta property=\"article:published_time\" content=\"2026-04-26T07:03:05+00:00\" \/>\n<meta property=\"og:image\" content=\"https:\/\/fotos.perfil.com\/\/2026\/04\/25\/900\/0\/franco-colapinto-2227519.jpg\" \/>\n<meta name=\"author\" content=\"Prensa G&amp;S FM\" \/>\n<meta name=\"twitter:card\" content=\"summary_large_image\" \/>\n<meta name=\"twitter:label1\" content=\"Escrito por\" \/>\n\t<meta name=\"twitter:data1\" content=\"Prensa G&amp;S FM\" \/>\n\t<meta name=\"twitter:label2\" content=\"Tiempo de lectura\" \/>\n\t<meta name=\"twitter:data2\" content=\"4 minutos\" \/>\n<script type=\"application\/ld+json\" class=\"yoast-schema-graph\">{\"@context\":\"https:\/\/schema.org\",\"@graph\":[{\"@type\":\"Article\",\"@id\":\"https:\/\/gysfm.com.ar\/inicio\/colapinto-la-previa-del-road-show-en-buenos-aires\/#article\",\"isPartOf\":{\"@id\":\"https:\/\/gysfm.com.ar\/inicio\/colapinto-la-previa-del-road-show-en-buenos-aires\/\"},\"author\":{\"name\":\"Prensa G&amp;S FM\",\"@id\":\"https:\/\/gysfm.com.ar\/inicio\/#\/schema\/person\/3abba7593ef2ad19e1be221d54383dc5\"},\"headline\":\"Colapinto: la previa del Road Show en Buenos Aires\",\"datePublished\":\"2026-04-26T07:03:05+00:00\",\"mainEntityOfPage\":{\"@id\":\"https:\/\/gysfm.com.ar\/inicio\/colapinto-la-previa-del-road-show-en-buenos-aires\/\"},\"wordCount\":816,\"publisher\":{\"@id\":\"https:\/\/gysfm.com.ar\/inicio\/#organization\"},\"image\":{\"@id\":\"https:\/\/gysfm.com.ar\/inicio\/colapinto-la-previa-del-road-show-en-buenos-aires\/#primaryimage\"},\"thumbnailUrl\":\"https:\/\/gysfm.com.ar\/inicio\/wp-content\/uploads\/2026\/04\/franco-colapinto-2227587.jpg\",\"articleSection\":[\"NACIONALES\"],\"inLanguage\":\"es\"},{\"@type\":\"WebPage\",\"@id\":\"https:\/\/gysfm.com.ar\/inicio\/colapinto-la-previa-del-road-show-en-buenos-aires\/\",\"url\":\"https:\/\/gysfm.com.ar\/inicio\/colapinto-la-previa-del-road-show-en-buenos-aires\/\",\"name\":\"Colapinto: la previa del Road Show en Buenos Aires - GYS NOTICIAS |\",\"isPartOf\":{\"@id\":\"https:\/\/gysfm.com.ar\/inicio\/#website\"},\"primaryImageOfPage\":{\"@id\":\"https:\/\/gysfm.com.ar\/inicio\/colapinto-la-previa-del-road-show-en-buenos-aires\/#primaryimage\"},\"image\":{\"@id\":\"https:\/\/gysfm.com.ar\/inicio\/colapinto-la-previa-del-road-show-en-buenos-aires\/#primaryimage\"},\"thumbnailUrl\":\"https:\/\/gysfm.com.ar\/inicio\/wp-content\/uploads\/2026\/04\/franco-colapinto-2227587.jpg\",\"datePublished\":\"2026-04-26T07:03:05+00:00\",\"breadcrumb\":{\"@id\":\"https:\/\/gysfm.com.ar\/inicio\/colapinto-la-previa-del-road-show-en-buenos-aires\/#breadcrumb\"},\"inLanguage\":\"es\",\"potentialAction\":[{\"@type\":\"ReadAction\",\"target\":[\"https:\/\/gysfm.com.ar\/inicio\/colapinto-la-previa-del-road-show-en-buenos-aires\/\"]}]},{\"@type\":\"ImageObject\",\"inLanguage\":\"es\",\"@id\":\"https:\/\/gysfm.com.ar\/inicio\/colapinto-la-previa-del-road-show-en-buenos-aires\/#primaryimage\",\"url\":\"https:\/\/gysfm.com.ar\/inicio\/wp-content\/uploads\/2026\/04\/franco-colapinto-2227587.jpg\",\"contentUrl\":\"https:\/\/gysfm.com.ar\/inicio\/wp-content\/uploads\/2026\/04\/franco-colapinto-2227587.jpg\",\"width\":1140,\"height\":641},{\"@type\":\"BreadcrumbList\",\"@id\":\"https:\/\/gysfm.com.ar\/inicio\/colapinto-la-previa-del-road-show-en-buenos-aires\/#breadcrumb\",\"itemListElement\":[{\"@type\":\"ListItem\",\"position\":1,\"name\":\"Portada\",\"item\":\"https:\/\/gysfm.com.ar\/inicio\/\"},{\"@type\":\"ListItem\",\"position\":2,\"name\":\"Colapinto: la previa del Road Show en Buenos Aires\"}]},{\"@type\":\"WebSite\",\"@id\":\"https:\/\/gysfm.com.ar\/inicio\/#website\",\"url\":\"https:\/\/gysfm.com.ar\/inicio\/\",\"name\":\"GYS NOTICIAS |\",\"description\":\"DIARIO - RADIO ONLINE SAN JUAN ARGENTINA\",\"publisher\":{\"@id\":\"https:\/\/gysfm.com.ar\/inicio\/#organization\"},\"potentialAction\":[{\"@type\":\"SearchAction\",\"target\":{\"@type\":\"EntryPoint\",\"urlTemplate\":\"https:\/\/gysfm.com.ar\/inicio\/?s={search_term_string}\"},\"query-input\":{\"@type\":\"PropertyValueSpecification\",\"valueRequired\":true,\"valueName\":\"search_term_string\"}}],\"inLanguage\":\"es\"},{\"@type\":\"Organization\",\"@id\":\"https:\/\/gysfm.com.ar\/inicio\/#organization\",\"name\":\"GYS NOTICIAS |\",\"url\":\"https:\/\/gysfm.com.ar\/inicio\/\",\"logo\":{\"@type\":\"ImageObject\",\"inLanguage\":\"es\",\"@id\":\"https:\/\/gysfm.com.ar\/inicio\/#\/schema\/logo\/image\/\",\"url\":\"https:\/\/gysfm.com.ar\/inicio\/wp-content\/uploads\/2023\/07\/LOGOGYS-OK.png\",\"contentUrl\":\"https:\/\/gysfm.com.ar\/inicio\/wp-content\/uploads\/2023\/07\/LOGOGYS-OK.png\",\"width\":1170,\"height\":872,\"caption\":\"GYS NOTICIAS |\"},\"image\":{\"@id\":\"https:\/\/gysfm.com.ar\/inicio\/#\/schema\/logo\/image\/\"}},{\"@type\":\"Person\",\"@id\":\"https:\/\/gysfm.com.ar\/inicio\/#\/schema\/person\/3abba7593ef2ad19e1be221d54383dc5\",\"name\":\"Prensa G&amp;S FM\",\"image\":{\"@type\":\"ImageObject\",\"inLanguage\":\"es\",\"@id\":\"https:\/\/gysfm.com.ar\/inicio\/#\/schema\/person\/image\/\",\"url\":\"https:\/\/secure.gravatar.com\/avatar\/096ec78df02049ab018702bb4ccedf659377fa92a26540b5247612077a0dbd29?s=96&d=mm&r=g\",\"contentUrl\":\"https:\/\/secure.gravatar.com\/avatar\/096ec78df02049ab018702bb4ccedf659377fa92a26540b5247612077a0dbd29?s=96&d=mm&r=g\",\"caption\":\"Prensa G&amp;S FM\"},\"sameAs\":[\"https:\/\/gysfm.com.ar\/\"],\"url\":\"https:\/\/gysfm.com.ar\/inicio\/author\/lucasm\/\"}]}<\/script>\n<!-- \/ Yoast SEO plugin. -->","yoast_head_json":{"title":"Colapinto: la previa del Road Show en Buenos Aires - GYS NOTICIAS |","robots":{"index":"index","follow":"follow","max-snippet":"max-snippet:-1","max-image-preview":"max-image-preview:large","max-video-preview":"max-video-preview:-1"},"canonical":"https:\/\/gysfm.com.ar\/inicio\/colapinto-la-previa-del-road-show-en-buenos-aires\/","og_locale":"es_ES","og_type":"article","og_title":"Colapinto: la previa del Road Show en Buenos Aires - GYS NOTICIAS |","og_description":"Desde su llegada al pa\u00eds que Franco Colapinto no para. El piloto de Alpine que ven\u00eda de trabajar en el Simulador y rodar un Filming Day en Reino Unido, ya visit\u00f3 el Aut\u00f3dromo de Buenos Aires, corri\u00f3 en Kart y realiz\u00f3 una conferencia de prensa, antes de la exhibici\u00f3n del domingo, organizada por BWT Alpine [&hellip;]","og_url":"https:\/\/gysfm.com.ar\/inicio\/colapinto-la-previa-del-road-show-en-buenos-aires\/","og_site_name":"GYS NOTICIAS |","article_published_time":"2026-04-26T07:03:05+00:00","og_image":[{"url":"https:\/\/fotos.perfil.com\/\/2026\/04\/25\/900\/0\/franco-colapinto-2227519.jpg","type":"","width":"","height":""}],"author":"Prensa G&amp;S FM","twitter_card":"summary_large_image","twitter_misc":{"Escrito por":"Prensa G&amp;S FM","Tiempo de lectura":"4 minutos"},"schema":{"@context":"https:\/\/schema.org","@graph":[{"@type":"Article","@id":"https:\/\/gysfm.com.ar\/inicio\/colapinto-la-previa-del-road-show-en-buenos-aires\/#article","isPartOf":{"@id":"https:\/\/gysfm.com.ar\/inicio\/colapinto-la-previa-del-road-show-en-buenos-aires\/"},"author":{"name":"Prensa G&amp;S FM","@id":"https:\/\/gysfm.com.ar\/inicio\/#\/schema\/person\/3abba7593ef2ad19e1be221d54383dc5"},"headline":"Colapinto: la previa del Road Show en Buenos Aires","datePublished":"2026-04-26T07:03:05+00:00","mainEntityOfPage":{"@id":"https:\/\/gysfm.com.ar\/inicio\/colapinto-la-previa-del-road-show-en-buenos-aires\/"},"wordCount":816,"publisher":{"@id":"https:\/\/gysfm.com.ar\/inicio\/#organization"},"image":{"@id":"https:\/\/gysfm.com.ar\/inicio\/colapinto-la-previa-del-road-show-en-buenos-aires\/#primaryimage"},"thumbnailUrl":"https:\/\/gysfm.com.ar\/inicio\/wp-content\/uploads\/2026\/04\/franco-colapinto-2227587.jpg","articleSection":["NACIONALES"],"inLanguage":"es"},{"@type":"WebPage","@id":"https:\/\/gysfm.com.ar\/inicio\/colapinto-la-previa-del-road-show-en-buenos-aires\/","url":"https:\/\/gysfm.com.ar\/inicio\/colapinto-la-previa-del-road-show-en-buenos-aires\/","name":"Colapinto: la previa del Road Show en Buenos Aires - GYS NOTICIAS |","isPartOf":{"@id":"https:\/\/gysfm.com.ar\/inicio\/#website"},"primaryImageOfPage":{"@id":"https:\/\/gysfm.com.ar\/inicio\/colapinto-la-previa-del-road-show-en-buenos-aires\/#primaryimage"},"image":{"@id":"https:\/\/gysfm.com.ar\/inicio\/colapinto-la-previa-del-road-show-en-buenos-aires\/#primaryimage"},"thumbnailUrl":"https:\/\/gysfm.com.ar\/inicio\/wp-content\/uploads\/2026\/04\/franco-colapinto-2227587.jpg","datePublished":"2026-04-26T07:03:05+00:00","breadcrumb":{"@id":"https:\/\/gysfm.com.ar\/inicio\/colapinto-la-previa-del-road-show-en-buenos-aires\/#breadcrumb"},"inLanguage":"es","potentialAction":[{"@type":"ReadAction","target":["https:\/\/gysfm.com.ar\/inicio\/colapinto-la-previa-del-road-show-en-buenos-aires\/"]}]},{"@type":"ImageObject","inLanguage":"es","@id":"https:\/\/gysfm.com.ar\/inicio\/colapinto-la-previa-del-road-show-en-buenos-aires\/#primaryimage","url":"https:\/\/gysfm.com.ar\/inicio\/wp-content\/uploads\/2026\/04\/franco-colapinto-2227587.jpg","contentUrl":"https:\/\/gysfm.com.ar\/inicio\/wp-content\/uploads\/2026\/04\/franco-colapinto-2227587.jpg","width":1140,"height":641},{"@type":"BreadcrumbList","@id":"https:\/\/gysfm.com.ar\/inicio\/colapinto-la-previa-del-road-show-en-buenos-aires\/#breadcrumb","itemListElement":[{"@type":"ListItem","position":1,"name":"Portada","item":"https:\/\/gysfm.com.ar\/inicio\/"},{"@type":"ListItem","position":2,"name":"Colapinto: la previa del Road Show en Buenos Aires"}]},{"@type":"WebSite","@id":"https:\/\/gysfm.com.ar\/inicio\/#website","url":"https:\/\/gysfm.com.ar\/inicio\/","name":"GYS NOTICIAS |","description":"DIARIO - RADIO ONLINE SAN JUAN ARGENTINA","publisher":{"@id":"https:\/\/gysfm.com.ar\/inicio\/#organization"},"potentialAction":[{"@type":"SearchAction","target":{"@type":"EntryPoint","urlTemplate":"https:\/\/gysfm.com.ar\/inicio\/?s={search_term_string}"},"query-input":{"@type":"PropertyValueSpecification","valueRequired":true,"valueName":"search_term_string"}}],"inLanguage":"es"},{"@type":"Organization","@id":"https:\/\/gysfm.com.ar\/inicio\/#organization","name":"GYS NOTICIAS |","url":"https:\/\/gysfm.com.ar\/inicio\/","logo":{"@type":"ImageObject","inLanguage":"es","@id":"https:\/\/gysfm.com.ar\/inicio\/#\/schema\/logo\/image\/","url":"https:\/\/gysfm.com.ar\/inicio\/wp-content\/uploads\/2023\/07\/LOGOGYS-OK.png","contentUrl":"https:\/\/gysfm.com.ar\/inicio\/wp-content\/uploads\/2023\/07\/LOGOGYS-OK.png","width":1170,"height":872,"caption":"GYS NOTICIAS |"},"image":{"@id":"https:\/\/gysfm.com.ar\/inicio\/#\/schema\/logo\/image\/"}},{"@type":"Person","@id":"https:\/\/gysfm.com.ar\/inicio\/#\/schema\/person\/3abba7593ef2ad19e1be221d54383dc5","name":"Prensa G&amp;S FM","image":{"@type":"ImageObject","inLanguage":"es","@id":"https:\/\/gysfm.com.ar\/inicio\/#\/schema\/person\/image\/","url":"https:\/\/secure.gravatar.com\/avatar\/096ec78df02049ab018702bb4ccedf659377fa92a26540b5247612077a0dbd29?s=96&d=mm&r=g","contentUrl":"https:\/\/secure.gravatar.com\/avatar\/096ec78df02049ab018702bb4ccedf659377fa92a26540b5247612077a0dbd29?s=96&d=mm&r=g","caption":"Prensa G&amp;S FM"},"sameAs":["https:\/\/gysfm.com.ar\/"],"url":"https:\/\/gysfm.com.ar\/inicio\/author\/lucasm\/"}]}},"_links":{"self":[{"href":"https:\/\/gysfm.com.ar\/inicio\/wp-json\/wp\/v2\/posts\/193046","targetHints":{"allow":["GET"]}}],"collection":[{"href":"https:\/\/gysfm.com.ar\/inicio\/wp-json\/wp\/v2\/posts"}],"about":[{"href":"https:\/\/gysfm.com.ar\/inicio\/wp-json\/wp\/v2\/types\/post"}],"author":[{"embeddable":true,"href":"https:\/\/gysfm.com.ar\/inicio\/wp-json\/wp\/v2\/users\/2"}],"replies":[{"embeddable":true,"href":"https:\/\/gysfm.com.ar\/inicio\/wp-json\/wp\/v2\/comments?post=193046"}],"version-history":[{"count":0,"href":"https:\/\/gysfm.com.ar\/inicio\/wp-json\/wp\/v2\/posts\/193046\/revisions"}],"wp:featuredmedia":[{"embeddable":true,"href":"https:\/\/gysfm.com.ar\/inicio\/wp-json\/wp\/v2\/media\/193047"}],"wp:attachment":[{"href":"https:\/\/gysfm.com.ar\/inicio\/wp-json\/wp\/v2\/media?parent=193046"}],"wp:term":[{"taxonomy":"category","embeddable":true,"href":"https:\/\/gysfm.com.ar\/inicio\/wp-json\/wp\/v2\/categories?post=193046"},{"taxonomy":"post_tag","embeddable":true,"href":"https:\/\/gysfm.com.ar\/inicio\/wp-json\/wp\/v2\/tags?post=193046"}],"curies":[{"name":"wp","href":"https:\/\/api.w.org\/{rel}","templated":true}]}}