{"id":193041,"date":"2026-04-26T03:32:10","date_gmt":"2026-04-26T06:32:10","guid":{"rendered":"https:\/\/gysfm.com.ar\/inicio\/river-vs-aldosivi-por-la-16-fecha-del-torneo-apertura\/"},"modified":"2026-04-26T03:32:10","modified_gmt":"2026-04-26T06:32:10","slug":"river-vs-aldosivi-por-la-16-fecha-del-torneo-apertura","status":"publish","type":"post","link":"https:\/\/gysfm.com.ar\/inicio\/river-vs-aldosivi-por-la-16-fecha-del-torneo-apertura\/","title":{"rendered":"River vs. Aldosivi, por la 16\u00b0 fecha del Torneo Apertura"},"content":{"rendered":"<p><\/p>\n<div>\n<p><iframe src=\"https:\/\/perfil.datafactory.la\/html\/v3\/minapp\/modules\/futbol\/itemMaM\/itemMaM.html?channel=deportes.futbol.primeraa.795945.mam&amp;lang=es_LA\" class=\"\" width=\"100%\" height=\"100%\" style=\"border:0\" allowfullscreen=\"\" loading=\"lazy\"><\/iframe><\/p>\n<p><a target=\"_blank\" href=\"https:\/\/442.perfil.com\/noticias\/futbol\/eduardo-coudet-definio-a-los-convocados-de-river-para-recibir-a-aldosivi-en-el-monumental.phtml\"><strong>River en el\u00a0Monumental<\/strong><\/a>\u00a0empata\u00a01-1 con\u00a0<a target=\"_blank\" href=\"https:\/\/442.perfil.com\/noticias\/futbol\/como-estara-el-clima-para-el-partido-entre-river-y-aldosivi-en-el-monumental-a35.phtml\"><strong>Aldosivi<\/strong><\/a>\u00a0por el partido de la fecha\u00a0<strong>16\u00aa fecha del Torneo Apertura: <\/strong>Giuliano <strong>Galoppo\u00a0y <\/strong>Tom\u00e1s <strong>Fern\u00e1ndez hicieron\u00a0los goles<\/strong><\/p>\n<p><strong>El Millo <\/strong>fue dominante en la primera mitad, aunque por momentos fue reprobado por su gente.\u00a0<strong>Giuliano Galoppo, Facundo Colidio y Maxi Salas<\/strong> fueron silbados por el p\u00fablico Millonario en el inicio, pero con el pasar de los minutos, el equipo gener\u00f3 las m\u00e1s claras y mejores aires corrieron por el <em>Monu<\/em>.<\/p>\n<p><strong>El Tibur\u00f3n<\/strong> tuvo solo un tiro, que fue detr\u00e1s de mitad de cancha y sobre el final, con una falta en el inicio de la jugada que gener\u00f3 pol\u00e9mica<strong>, River se adelant\u00f3 con un gol de rebote<\/strong> producto de la presi\u00f3n de <strong>La Banda<\/strong> sobre el \u00e1rea del<strong> equipo marplatense.<\/strong><\/p>\n<p><iframe id=\"vrudo\" class=\"vrudo\" src=\"https:\/\/rudo.video\/vod\/bWqOf3?volume=0\" width=\"100%\" height=\"100%\" allowscriptaccess=\"always\" allowfullscreen=\"true\" webkitallowfullscreen=\"true\" frameborder=\"0\" scrolling=\"no\" allow=\"autoplay; fullscreen\" loading=\"lazy\"><\/iframe><\/p>\n<p><strong>River se qued\u00f3 un poco en el segundo tiempo<\/strong>, por lo que el Tibur\u00f3n empez\u00f3 a ganar metros, pero a los 27 minutos del segundo tiempo, buen cambio de frente para <em>Fernando Rom\u00e1n<\/em> y, desde la izquierda, puso el centro para que <strong>Tom\u00e1s Fernandez la empuje y ponga el empate 1-1.<\/strong><\/p>\n<p><iframe id=\"vrudo\" class=\"vrudo\" src=\"https:\/\/rudo.video\/vod\/bWqPfz?volume=0\" width=\"100%\" height=\"100%\" allowscriptaccess=\"always\" allowfullscreen=\"true\" webkitallowfullscreen=\"true\" frameborder=\"0\" scrolling=\"no\" allow=\"autoplay; fullscreen\" loading=\"lazy\"><\/iframe><\/p>\n<p>Minutos de<em><strong> \u00abMovete, River Movete\u00bb<\/strong><\/em>\u00a0lo dejaron expuestos a los jugadores con su gente, pero la respuesta de Colidio diez minutos despu\u00e9s volvieron a dejar al Millonario arriba en el marcador. Sobre el final, gran pase del ex Tigre para que <strong>Joaqu\u00edn Freitas<\/strong> corra y encontr\u00f3 a <strong>Kendry P\u00e1ez<\/strong><\/p>\n<p><iframe id=\"vrudo\" class=\"vrudo\" src=\"https:\/\/rudo.video\/vod\/bWqPvU?volume=0\" width=\"100%\" height=\"100%\" allowscriptaccess=\"always\" allowfullscreen=\"true\" webkitallowfullscreen=\"true\" frameborder=\"0\" scrolling=\"no\" allow=\"autoplay; fullscreen\" loading=\"lazy\"><\/iframe><\/p>\n<h2><strong><em>EL MINUTO A MINUTO:<\/em><\/strong><\/h2>\n<p><iframe class=\"df-iframe\" src=\"https:\/\/perfil.datafactory.la\/html\/v3\/minapp\/modules\/futbol\/commentary\/commentary.html?channel=deportes.futbol.primeraa.795945&amp;amp&amp;lang=es_LA\" width=\"100%\" height=\"500\" scrolling=\"auto\" style=\"width: 1px&amp; min-width: 100%&amp; *width: 100%\" loading=\"lazy\"><\/iframe><\/p>\n<p>\u00bfC\u00f3mo llega River?<\/p>\n<p>El \u00e1nimo en N\u00fa\u00f1ez sufri\u00f3 una sacudida tras la derrota 0-1 ante Boca en el \u00faltimo Supercl\u00e1sico. Fue la primera ca\u00edda del ciclo <em>Chacho <\/em>Coudet, cortando una racha que generaba ilusi\u00f3n.<\/p>\n<div style=\"text-align:center\">\n<figure class=\"image\" style=\"display:inline-block\"><img decoding=\"async\" style=\"max-width: 100%; width: 100%;\" alt=\"river plate\" height=\"383\" src=\"https:\/\/fotos.perfil.com\/\/\/2026\/04\/16\/900\/0\/river-vs-carabobo-2221482.jpg\" width=\"711\" loading=\"lazy\"\/>&#13;<figcaption>River Plate<\/figcaption>&#13;<br \/>\n<\/figure>\n<\/div>\n<p>Por otra parte, River\u00a0marcha segundo en su zona con 26 unidades, a cuatro de Independiente Rivadavia, por lo que el triunfo es obligatorio para luchar por el liderato de la Zona B.<\/p>\n<p>\u00bfC\u00f3mo llega Aldosivi?<\/p>\n<p>El presente del equipo marplatense es cr\u00edtico. Se ubica en la 14\u00b0 posici\u00f3n de la tabla con apenas 7 unidades, producto de siete empates y siete derrotas.\u00a0A\u00fan no conoce la victoria en el torneo y su situaci\u00f3n en los promedios es una preocupaci\u00f3n constante para el cuerpo t\u00e9cnico y los hinchas.<\/p>\n<div style=\"text-align:center\">\n<figure class=\"image\" style=\"display:inline-block\"><img decoding=\"async\" style=\"max-width: 100%; width: 100%;\" alt=\"ALDOSIVI\" height=\"361\" src=\"https:\/\/fotos.perfil.com\/\/\/2025\/10\/22\/900\/0\/aldosivi-2123316.jpg\" width=\"642\" loading=\"lazy\"\/>&#13;<figcaption>Aldosivi<\/figcaption>&#13;<br \/>\n<\/figure>\n<\/div>\n<p>Llegan de empatar 1-1 frente a Racing Club, un resultado que, si bien no les permiti\u00f3 sumar de a tres, les sirvi\u00f3 como envi\u00f3n an\u00edmico para intentar frenar al <em>Millonario<\/em>.<\/p>\n<p>River vs. Aldosivi: las posibles formaciones<\/p>\n<p><u><strong>River: <\/strong><\/u>Santiago\u00a0<strong>Beltr\u00e1n<\/strong>; Gonzalo\u00a0<strong>Montiel<\/strong>, Lucas\u00a0<strong>Mart\u00ednez Quarta<\/strong>,\u00a0Germ\u00e1n\u00a0<strong>Pezzella\u00a0<\/strong>o Lautaro\u00a0<strong>Rivero<\/strong>, Marcos\u00a0<strong>Acu\u00f1a<\/strong>; An\u00edbal\u00a0<strong>Moreno<\/strong>, Juan Cruz\u00a0<strong>Meza<\/strong>, Tom\u00e1s\u00a0<strong>Galv\u00e1n<\/strong>;\u00a0Ian\u00a0<strong>Subiabre<\/strong>\u00a0o Kendry\u00a0<strong>P\u00e1ez<\/strong>, Facundo\u00a0<strong>Colidio\u00a0<\/strong>y Maximiliano\u00a0<strong>Salas.<\/strong><\/p>\n<p><u><strong>Aldosivi:\u00a0<\/strong><\/u>Axel\u00a0<strong>Werner<\/strong>; Rodrigo\u00a0<strong>Gonz\u00e1lez<\/strong>, N\u00e9stor\u00a0<strong>Breitenbruch<\/strong>, Nicol\u00e1s\u00a0<strong>Salazar<\/strong>, Santiago\u00a0<strong>Moya<\/strong>, Lucas\u00a0<strong>Rodr\u00edguez<\/strong>; Federico\u00a0<strong>Gino<\/strong>, Felipe\u00a0<strong>Anso<\/strong>, Agust\u00edn\u00a0<strong>Palavecino<\/strong>, Mart\u00edn\u00a0<strong>Garc\u00eda<\/strong>; Nicol\u00e1s\u00a0<strong>Cordero<\/strong>.<\/p>\n<p>Estad\u00edsticas y Minuto a Minuto<\/p>\n<p><iframe class=\"df-iframe\" src=\"https:\/\/perfil.datafactory.la\/html\/v3\/minapp\/modules\/futbol\/liveHome\/liveHome.html?channel=deportes.futbol.primeraa.795945&amp;amp&amp;lang=es_LA\" width=\"100%\" height=\"2000\" scrolling=\"auto\" style=\"width: 1px&amp; min-width: 100%&amp; *width: 100%\" loading=\"lazy\"><\/iframe><\/p>\n<p><iframe class=\"df-iframe\" src=\"https:\/\/perfil.datafactory.la\/html\/v3\/minapp\/modules\/futbol\/gamecast\/gamecast.html?channel=deportes.futbol.primeraa.795945&amp;amp&amp;lang=es_LA\" width=\"100%\" height=\"1000\" scrolling=\"auto\" style=\"width: 1px&amp; min-width: 100%&amp; *width: 100%\" loading=\"lazy\"><\/iframe><\/p>\n<h2>\u00a0<\/h2>\n<p><iframe src=\"https:\/\/perfil.datafactory.la\/html\/v3\/minapp\/modules\/futbol\/itemMaM\/itemMaM.html?channel=deportes.futbol.primeraa.795945.mam&amp;lang=es_LA\" class=\"\" width=\"100%\" height=\"100%\" style=\"border:0\" allowfullscreen=\"\" loading=\"lazy\"><\/iframe><\/p>\n<p>\t\t\t\t\t<!-- tags --><\/p><\/div>\n<p><script async defer crossorigin=\"anonymous\" src=\"https:\/\/connect.facebook.net\/es_LA\/sdk.js#xfbml=1&#038;version=v10.0&#038;appId=2243118389309392&#038;autoLogAppEvents=1\" nonce=\"9rD4vd6X\"><\/script><\/p>\n","protected":false},"excerpt":{"rendered":"<p>River en el\u00a0Monumental\u00a0empata\u00a01-1 con\u00a0Aldosivi\u00a0por el partido de la fecha\u00a016\u00aa fecha del Torneo Apertura: Giuliano Galoppo\u00a0y Tom\u00e1s Fern\u00e1ndez hicieron\u00a0los goles El Millo fue dominante en la primera mitad, aunque por momentos fue reprobado por su gente.\u00a0Giuliano Galoppo, Facundo Colidio y Maxi Salas fueron silbados por el p\u00fablico Millonario en el inicio, pero con el pasar de [&hellip;]<\/p>\n","protected":false},"author":2,"featured_media":193042,"comment_status":"closed","ping_status":"closed","sticky":false,"template":"","format":"standard","meta":{"footnotes":""},"categories":[25],"tags":[],"class_list":["post-193041","post","type-post","status-publish","format-standard","has-post-thumbnail","hentry","category-nacionales"],"yoast_head":"<!-- This site is optimized with the Yoast SEO plugin v24.4 - https:\/\/yoast.com\/wordpress\/plugins\/seo\/ -->\n<title>River vs. Aldosivi, por la 16\u00b0 fecha del Torneo Apertura - GYS NOTICIAS |<\/title>\n<meta name=\"robots\" content=\"index, follow, max-snippet:-1, max-image-preview:large, max-video-preview:-1\" \/>\n<link rel=\"canonical\" href=\"https:\/\/gysfm.com.ar\/inicio\/river-vs-aldosivi-por-la-16-fecha-del-torneo-apertura\/\" \/>\n<meta property=\"og:locale\" content=\"es_ES\" \/>\n<meta property=\"og:type\" content=\"article\" \/>\n<meta property=\"og:title\" content=\"River vs. Aldosivi, por la 16\u00b0 fecha del Torneo Apertura - GYS NOTICIAS |\" \/>\n<meta property=\"og:description\" content=\"River en el\u00a0Monumental\u00a0empata\u00a01-1 con\u00a0Aldosivi\u00a0por el partido de la fecha\u00a016\u00aa fecha del Torneo Apertura: Giuliano Galoppo\u00a0y Tom\u00e1s Fern\u00e1ndez hicieron\u00a0los goles El Millo fue dominante en la primera mitad, aunque por momentos fue reprobado por su gente.\u00a0Giuliano Galoppo, Facundo Colidio y Maxi Salas fueron silbados por el p\u00fablico Millonario en el inicio, pero con el pasar de [&hellip;]\" \/>\n<meta property=\"og:url\" content=\"https:\/\/gysfm.com.ar\/inicio\/river-vs-aldosivi-por-la-16-fecha-del-torneo-apertura\/\" \/>\n<meta property=\"og:site_name\" content=\"GYS NOTICIAS |\" \/>\n<meta property=\"article:published_time\" content=\"2026-04-26T06:32:10+00:00\" \/>\n<meta property=\"og:image\" content=\"https:\/\/fotos.perfil.com\/\/\/2026\/04\/16\/900\/0\/river-vs-carabobo-2221482.jpg\" \/>\n<meta name=\"author\" content=\"Prensa G&amp;S FM\" \/>\n<meta name=\"twitter:card\" content=\"summary_large_image\" \/>\n<meta name=\"twitter:label1\" content=\"Escrito por\" \/>\n\t<meta name=\"twitter:data1\" content=\"Prensa G&amp;S FM\" \/>\n\t<meta name=\"twitter:label2\" content=\"Tiempo de lectura\" \/>\n\t<meta name=\"twitter:data2\" content=\"2 minutos\" \/>\n<script type=\"application\/ld+json\" class=\"yoast-schema-graph\">{\"@context\":\"https:\/\/schema.org\",\"@graph\":[{\"@type\":\"Article\",\"@id\":\"https:\/\/gysfm.com.ar\/inicio\/river-vs-aldosivi-por-la-16-fecha-del-torneo-apertura\/#article\",\"isPartOf\":{\"@id\":\"https:\/\/gysfm.com.ar\/inicio\/river-vs-aldosivi-por-la-16-fecha-del-torneo-apertura\/\"},\"author\":{\"name\":\"Prensa G&amp;S FM\",\"@id\":\"https:\/\/gysfm.com.ar\/inicio\/#\/schema\/person\/3abba7593ef2ad19e1be221d54383dc5\"},\"headline\":\"River vs. Aldosivi, por la 16\u00b0 fecha del Torneo Apertura\",\"datePublished\":\"2026-04-26T06:32:10+00:00\",\"mainEntityOfPage\":{\"@id\":\"https:\/\/gysfm.com.ar\/inicio\/river-vs-aldosivi-por-la-16-fecha-del-torneo-apertura\/\"},\"wordCount\":503,\"publisher\":{\"@id\":\"https:\/\/gysfm.com.ar\/inicio\/#organization\"},\"image\":{\"@id\":\"https:\/\/gysfm.com.ar\/inicio\/river-vs-aldosivi-por-la-16-fecha-del-torneo-apertura\/#primaryimage\"},\"thumbnailUrl\":\"https:\/\/gysfm.com.ar\/inicio\/wp-content\/uploads\/2026\/04\/giuliano-galoppo-2227659.jpg\",\"articleSection\":[\"NACIONALES\"],\"inLanguage\":\"es\"},{\"@type\":\"WebPage\",\"@id\":\"https:\/\/gysfm.com.ar\/inicio\/river-vs-aldosivi-por-la-16-fecha-del-torneo-apertura\/\",\"url\":\"https:\/\/gysfm.com.ar\/inicio\/river-vs-aldosivi-por-la-16-fecha-del-torneo-apertura\/\",\"name\":\"River vs. Aldosivi, por la 16\u00b0 fecha del Torneo Apertura - GYS NOTICIAS |\",\"isPartOf\":{\"@id\":\"https:\/\/gysfm.com.ar\/inicio\/#website\"},\"primaryImageOfPage\":{\"@id\":\"https:\/\/gysfm.com.ar\/inicio\/river-vs-aldosivi-por-la-16-fecha-del-torneo-apertura\/#primaryimage\"},\"image\":{\"@id\":\"https:\/\/gysfm.com.ar\/inicio\/river-vs-aldosivi-por-la-16-fecha-del-torneo-apertura\/#primaryimage\"},\"thumbnailUrl\":\"https:\/\/gysfm.com.ar\/inicio\/wp-content\/uploads\/2026\/04\/giuliano-galoppo-2227659.jpg\",\"datePublished\":\"2026-04-26T06:32:10+00:00\",\"breadcrumb\":{\"@id\":\"https:\/\/gysfm.com.ar\/inicio\/river-vs-aldosivi-por-la-16-fecha-del-torneo-apertura\/#breadcrumb\"},\"inLanguage\":\"es\",\"potentialAction\":[{\"@type\":\"ReadAction\",\"target\":[\"https:\/\/gysfm.com.ar\/inicio\/river-vs-aldosivi-por-la-16-fecha-del-torneo-apertura\/\"]}]},{\"@type\":\"ImageObject\",\"inLanguage\":\"es\",\"@id\":\"https:\/\/gysfm.com.ar\/inicio\/river-vs-aldosivi-por-la-16-fecha-del-torneo-apertura\/#primaryimage\",\"url\":\"https:\/\/gysfm.com.ar\/inicio\/wp-content\/uploads\/2026\/04\/giuliano-galoppo-2227659.jpg\",\"contentUrl\":\"https:\/\/gysfm.com.ar\/inicio\/wp-content\/uploads\/2026\/04\/giuliano-galoppo-2227659.jpg\",\"width\":1140,\"height\":641},{\"@type\":\"BreadcrumbList\",\"@id\":\"https:\/\/gysfm.com.ar\/inicio\/river-vs-aldosivi-por-la-16-fecha-del-torneo-apertura\/#breadcrumb\",\"itemListElement\":[{\"@type\":\"ListItem\",\"position\":1,\"name\":\"Portada\",\"item\":\"https:\/\/gysfm.com.ar\/inicio\/\"},{\"@type\":\"ListItem\",\"position\":2,\"name\":\"River vs. Aldosivi, por la 16\u00b0 fecha del Torneo Apertura\"}]},{\"@type\":\"WebSite\",\"@id\":\"https:\/\/gysfm.com.ar\/inicio\/#website\",\"url\":\"https:\/\/gysfm.com.ar\/inicio\/\",\"name\":\"GYS NOTICIAS |\",\"description\":\"DIARIO - RADIO ONLINE SAN JUAN ARGENTINA\",\"publisher\":{\"@id\":\"https:\/\/gysfm.com.ar\/inicio\/#organization\"},\"potentialAction\":[{\"@type\":\"SearchAction\",\"target\":{\"@type\":\"EntryPoint\",\"urlTemplate\":\"https:\/\/gysfm.com.ar\/inicio\/?s={search_term_string}\"},\"query-input\":{\"@type\":\"PropertyValueSpecification\",\"valueRequired\":true,\"valueName\":\"search_term_string\"}}],\"inLanguage\":\"es\"},{\"@type\":\"Organization\",\"@id\":\"https:\/\/gysfm.com.ar\/inicio\/#organization\",\"name\":\"GYS NOTICIAS |\",\"url\":\"https:\/\/gysfm.com.ar\/inicio\/\",\"logo\":{\"@type\":\"ImageObject\",\"inLanguage\":\"es\",\"@id\":\"https:\/\/gysfm.com.ar\/inicio\/#\/schema\/logo\/image\/\",\"url\":\"https:\/\/gysfm.com.ar\/inicio\/wp-content\/uploads\/2023\/07\/LOGOGYS-OK.png\",\"contentUrl\":\"https:\/\/gysfm.com.ar\/inicio\/wp-content\/uploads\/2023\/07\/LOGOGYS-OK.png\",\"width\":1170,\"height\":872,\"caption\":\"GYS NOTICIAS |\"},\"image\":{\"@id\":\"https:\/\/gysfm.com.ar\/inicio\/#\/schema\/logo\/image\/\"}},{\"@type\":\"Person\",\"@id\":\"https:\/\/gysfm.com.ar\/inicio\/#\/schema\/person\/3abba7593ef2ad19e1be221d54383dc5\",\"name\":\"Prensa G&amp;S FM\",\"image\":{\"@type\":\"ImageObject\",\"inLanguage\":\"es\",\"@id\":\"https:\/\/gysfm.com.ar\/inicio\/#\/schema\/person\/image\/\",\"url\":\"https:\/\/secure.gravatar.com\/avatar\/096ec78df02049ab018702bb4ccedf659377fa92a26540b5247612077a0dbd29?s=96&d=mm&r=g\",\"contentUrl\":\"https:\/\/secure.gravatar.com\/avatar\/096ec78df02049ab018702bb4ccedf659377fa92a26540b5247612077a0dbd29?s=96&d=mm&r=g\",\"caption\":\"Prensa G&amp;S FM\"},\"sameAs\":[\"https:\/\/gysfm.com.ar\/\"],\"url\":\"https:\/\/gysfm.com.ar\/inicio\/author\/lucasm\/\"}]}<\/script>\n<!-- \/ Yoast SEO plugin. -->","yoast_head_json":{"title":"River vs. Aldosivi, por la 16\u00b0 fecha del Torneo Apertura - GYS NOTICIAS |","robots":{"index":"index","follow":"follow","max-snippet":"max-snippet:-1","max-image-preview":"max-image-preview:large","max-video-preview":"max-video-preview:-1"},"canonical":"https:\/\/gysfm.com.ar\/inicio\/river-vs-aldosivi-por-la-16-fecha-del-torneo-apertura\/","og_locale":"es_ES","og_type":"article","og_title":"River vs. Aldosivi, por la 16\u00b0 fecha del Torneo Apertura - GYS NOTICIAS |","og_description":"River en el\u00a0Monumental\u00a0empata\u00a01-1 con\u00a0Aldosivi\u00a0por el partido de la fecha\u00a016\u00aa fecha del Torneo Apertura: Giuliano Galoppo\u00a0y Tom\u00e1s Fern\u00e1ndez hicieron\u00a0los goles El Millo fue dominante en la primera mitad, aunque por momentos fue reprobado por su gente.\u00a0Giuliano Galoppo, Facundo Colidio y Maxi Salas fueron silbados por el p\u00fablico Millonario en el inicio, pero con el pasar de [&hellip;]","og_url":"https:\/\/gysfm.com.ar\/inicio\/river-vs-aldosivi-por-la-16-fecha-del-torneo-apertura\/","og_site_name":"GYS NOTICIAS |","article_published_time":"2026-04-26T06:32:10+00:00","og_image":[{"url":"https:\/\/fotos.perfil.com\/\/\/2026\/04\/16\/900\/0\/river-vs-carabobo-2221482.jpg","type":"","width":"","height":""}],"author":"Prensa G&amp;S FM","twitter_card":"summary_large_image","twitter_misc":{"Escrito por":"Prensa G&amp;S FM","Tiempo de lectura":"2 minutos"},"schema":{"@context":"https:\/\/schema.org","@graph":[{"@type":"Article","@id":"https:\/\/gysfm.com.ar\/inicio\/river-vs-aldosivi-por-la-16-fecha-del-torneo-apertura\/#article","isPartOf":{"@id":"https:\/\/gysfm.com.ar\/inicio\/river-vs-aldosivi-por-la-16-fecha-del-torneo-apertura\/"},"author":{"name":"Prensa G&amp;S FM","@id":"https:\/\/gysfm.com.ar\/inicio\/#\/schema\/person\/3abba7593ef2ad19e1be221d54383dc5"},"headline":"River vs. Aldosivi, por la 16\u00b0 fecha del Torneo Apertura","datePublished":"2026-04-26T06:32:10+00:00","mainEntityOfPage":{"@id":"https:\/\/gysfm.com.ar\/inicio\/river-vs-aldosivi-por-la-16-fecha-del-torneo-apertura\/"},"wordCount":503,"publisher":{"@id":"https:\/\/gysfm.com.ar\/inicio\/#organization"},"image":{"@id":"https:\/\/gysfm.com.ar\/inicio\/river-vs-aldosivi-por-la-16-fecha-del-torneo-apertura\/#primaryimage"},"thumbnailUrl":"https:\/\/gysfm.com.ar\/inicio\/wp-content\/uploads\/2026\/04\/giuliano-galoppo-2227659.jpg","articleSection":["NACIONALES"],"inLanguage":"es"},{"@type":"WebPage","@id":"https:\/\/gysfm.com.ar\/inicio\/river-vs-aldosivi-por-la-16-fecha-del-torneo-apertura\/","url":"https:\/\/gysfm.com.ar\/inicio\/river-vs-aldosivi-por-la-16-fecha-del-torneo-apertura\/","name":"River vs. Aldosivi, por la 16\u00b0 fecha del Torneo Apertura - GYS NOTICIAS |","isPartOf":{"@id":"https:\/\/gysfm.com.ar\/inicio\/#website"},"primaryImageOfPage":{"@id":"https:\/\/gysfm.com.ar\/inicio\/river-vs-aldosivi-por-la-16-fecha-del-torneo-apertura\/#primaryimage"},"image":{"@id":"https:\/\/gysfm.com.ar\/inicio\/river-vs-aldosivi-por-la-16-fecha-del-torneo-apertura\/#primaryimage"},"thumbnailUrl":"https:\/\/gysfm.com.ar\/inicio\/wp-content\/uploads\/2026\/04\/giuliano-galoppo-2227659.jpg","datePublished":"2026-04-26T06:32:10+00:00","breadcrumb":{"@id":"https:\/\/gysfm.com.ar\/inicio\/river-vs-aldosivi-por-la-16-fecha-del-torneo-apertura\/#breadcrumb"},"inLanguage":"es","potentialAction":[{"@type":"ReadAction","target":["https:\/\/gysfm.com.ar\/inicio\/river-vs-aldosivi-por-la-16-fecha-del-torneo-apertura\/"]}]},{"@type":"ImageObject","inLanguage":"es","@id":"https:\/\/gysfm.com.ar\/inicio\/river-vs-aldosivi-por-la-16-fecha-del-torneo-apertura\/#primaryimage","url":"https:\/\/gysfm.com.ar\/inicio\/wp-content\/uploads\/2026\/04\/giuliano-galoppo-2227659.jpg","contentUrl":"https:\/\/gysfm.com.ar\/inicio\/wp-content\/uploads\/2026\/04\/giuliano-galoppo-2227659.jpg","width":1140,"height":641},{"@type":"BreadcrumbList","@id":"https:\/\/gysfm.com.ar\/inicio\/river-vs-aldosivi-por-la-16-fecha-del-torneo-apertura\/#breadcrumb","itemListElement":[{"@type":"ListItem","position":1,"name":"Portada","item":"https:\/\/gysfm.com.ar\/inicio\/"},{"@type":"ListItem","position":2,"name":"River vs. Aldosivi, por la 16\u00b0 fecha del Torneo Apertura"}]},{"@type":"WebSite","@id":"https:\/\/gysfm.com.ar\/inicio\/#website","url":"https:\/\/gysfm.com.ar\/inicio\/","name":"GYS NOTICIAS |","description":"DIARIO - RADIO ONLINE SAN JUAN ARGENTINA","publisher":{"@id":"https:\/\/gysfm.com.ar\/inicio\/#organization"},"potentialAction":[{"@type":"SearchAction","target":{"@type":"EntryPoint","urlTemplate":"https:\/\/gysfm.com.ar\/inicio\/?s={search_term_string}"},"query-input":{"@type":"PropertyValueSpecification","valueRequired":true,"valueName":"search_term_string"}}],"inLanguage":"es"},{"@type":"Organization","@id":"https:\/\/gysfm.com.ar\/inicio\/#organization","name":"GYS NOTICIAS |","url":"https:\/\/gysfm.com.ar\/inicio\/","logo":{"@type":"ImageObject","inLanguage":"es","@id":"https:\/\/gysfm.com.ar\/inicio\/#\/schema\/logo\/image\/","url":"https:\/\/gysfm.com.ar\/inicio\/wp-content\/uploads\/2023\/07\/LOGOGYS-OK.png","contentUrl":"https:\/\/gysfm.com.ar\/inicio\/wp-content\/uploads\/2023\/07\/LOGOGYS-OK.png","width":1170,"height":872,"caption":"GYS NOTICIAS |"},"image":{"@id":"https:\/\/gysfm.com.ar\/inicio\/#\/schema\/logo\/image\/"}},{"@type":"Person","@id":"https:\/\/gysfm.com.ar\/inicio\/#\/schema\/person\/3abba7593ef2ad19e1be221d54383dc5","name":"Prensa G&amp;S FM","image":{"@type":"ImageObject","inLanguage":"es","@id":"https:\/\/gysfm.com.ar\/inicio\/#\/schema\/person\/image\/","url":"https:\/\/secure.gravatar.com\/avatar\/096ec78df02049ab018702bb4ccedf659377fa92a26540b5247612077a0dbd29?s=96&d=mm&r=g","contentUrl":"https:\/\/secure.gravatar.com\/avatar\/096ec78df02049ab018702bb4ccedf659377fa92a26540b5247612077a0dbd29?s=96&d=mm&r=g","caption":"Prensa G&amp;S FM"},"sameAs":["https:\/\/gysfm.com.ar\/"],"url":"https:\/\/gysfm.com.ar\/inicio\/author\/lucasm\/"}]}},"_links":{"self":[{"href":"https:\/\/gysfm.com.ar\/inicio\/wp-json\/wp\/v2\/posts\/193041","targetHints":{"allow":["GET"]}}],"collection":[{"href":"https:\/\/gysfm.com.ar\/inicio\/wp-json\/wp\/v2\/posts"}],"about":[{"href":"https:\/\/gysfm.com.ar\/inicio\/wp-json\/wp\/v2\/types\/post"}],"author":[{"embeddable":true,"href":"https:\/\/gysfm.com.ar\/inicio\/wp-json\/wp\/v2\/users\/2"}],"replies":[{"embeddable":true,"href":"https:\/\/gysfm.com.ar\/inicio\/wp-json\/wp\/v2\/comments?post=193041"}],"version-history":[{"count":0,"href":"https:\/\/gysfm.com.ar\/inicio\/wp-json\/wp\/v2\/posts\/193041\/revisions"}],"wp:featuredmedia":[{"embeddable":true,"href":"https:\/\/gysfm.com.ar\/inicio\/wp-json\/wp\/v2\/media\/193042"}],"wp:attachment":[{"href":"https:\/\/gysfm.com.ar\/inicio\/wp-json\/wp\/v2\/media?parent=193041"}],"wp:term":[{"taxonomy":"category","embeddable":true,"href":"https:\/\/gysfm.com.ar\/inicio\/wp-json\/wp\/v2\/categories?post=193041"},{"taxonomy":"post_tag","embeddable":true,"href":"https:\/\/gysfm.com.ar\/inicio\/wp-json\/wp\/v2\/tags?post=193041"}],"curies":[{"name":"wp","href":"https:\/\/api.w.org\/{rel}","templated":true}]}}