{"id":193011,"date":"2026-04-25T23:43:17","date_gmt":"2026-04-26T02:43:17","guid":{"rendered":"https:\/\/gysfm.com.ar\/inicio\/evacuaron-a-trump-por-una-amenaza-durante-una-cena-con-periodistas\/"},"modified":"2026-04-25T23:43:18","modified_gmt":"2026-04-26T02:43:18","slug":"evacuaron-a-trump-por-una-amenaza-durante-una-cena-con-periodistas","status":"publish","type":"post","link":"https:\/\/gysfm.com.ar\/inicio\/evacuaron-a-trump-por-una-amenaza-durante-una-cena-con-periodistas\/","title":{"rendered":"Evacuaron a Trump por una amenaza durante una cena con periodistas"},"content":{"rendered":"<p> <br \/>\n<\/p>\n<div>\n<p class=\"com-paragraph  --capital --s\">WASHINGTON.\u2013 El presidente <strong>Donald Trump<\/strong> y altos funcionarios de su administraci\u00f3n fueron evacuados abruptamente de la <strong>cena anual de corresponsales de la Casa Blanca<\/strong> este s\u00e1bado por la noche luego de que <a href=\"https:\/\/www.lanacion.com.ar\/el-mundo\/los-videos-del-momento-de-la-evacuacion-a-donald-trump-nid25042026\/\" target=\"_self\" title=\"https:\/\/www.lanacion.com.ar\/el-mundo\/los-videos-del-momento-de-la-evacuacion-a-donald-trump-nid25042026\/\" class=\"com-link break-word\" data-mrf-recirculation=\"n_link_parrafo\">se escucharan estallidos en el lobby del hotel<\/a> en el que se desarrollaba el evento, en esta capital, lo que oblig\u00f3 a activar el protocolo de seguridad del Servicio Secreto. El mandatario no sufri\u00f3 heridas.<\/p>\n<p class=\"com-paragraph   --s\">Seg\u00fan diversos reportes, los asistentes \u2014entre ellos cientos de periodistas\u2014 se cubrieron al o\u00edr los estruendos, mientras agentes del Servicio Secreto <strong>retiraban r\u00e1pidamente al mandatario; a su esposa, Melania Trump; al vicepresidente, JD Vance<\/strong>, y a otros funcionarios del gobierno.<\/p>\n<p class=\"com-paragraph   --s\">Los reportes oficiales indicaron que<strong> ninguno de los funcionarios result\u00f3 herido<\/strong>, al tiempo que el sospechoso tras el tiroteo fue <strong>detenido<\/strong>, seg\u00fan confirm\u00f3 el propio Trump. Las autoridades identificaron al presunto tirador como un hombre de 30 a\u00f1os originario de California, inform\u00f3 la CNN.<\/p>\n<div class=\"content-media\">\n<section role=\"button\" class=\"mod-media   \">\n<figure role=\"button\" tabindex=\"0\" class=\"mod-figure \"><figcaption class=\"mod-figcaption\"><span class=\"com-text --caption --twoxs\">Agentes del Servicio Secreto, en la Cena de Corresponsales en Washington. <\/span><span class=\"com-text --credit --twoxs\">MANDEL NGAN &#8211; AFP<\/span><\/figcaption><\/figure>\n<\/section>\n<\/div>\n<p class=\"com-paragraph   --s\">\u201cHa sido una noche intensa en Washington DC. El Servicio Secreto y las fuerzas del orden han realizado un trabajo fant\u00e1stico. Actuaron con rapidez y valent\u00eda.<strong> El tirador ha sido detenido, y recomend\u00e9 que el espect\u00e1culo contin\u00fae<\/strong>; no obstante, me guiar\u00e9 enteramente por las indicaciones de las fuerzas del orden. Ellos tomar\u00e1n una decisi\u00f3n en breve\u201d, escribi\u00f3 Trump en su cuenta de Truth Social, minutos despu\u00e9s de ser evacuado.<\/p>\n<div class=\"content-media\">\n<section role=\"button\" class=\"mod-media   \">\n<figure role=\"button\" tabindex=\"0\" class=\"mod-figure \"><figcaption class=\"mod-figcaption\"><span class=\"com-text --caption --twoxs\">La foto del agresor en la cena de corresponsales, compartida por Donald Trump en Truth Social.<\/span><\/figcaption><\/figure>\n<\/section>\n<\/div>\n<p class=\"com-paragraph   --s\">\u201cIndependientemente de dicha decisi\u00f3n, <strong>la velada ser\u00e1 muy distinta a lo planeado<\/strong> y, sencillamente, tendremos que volver a hacerlo\u201d, a\u00f1adi\u00f3 el presidente republicano. Luego la secretarias de Prensa, Karoline Leavitt, inform\u00f3 que el mandatario dio una conferencia de prensa en la Casa Blanca cerca de las 22.30 (hora local).<\/p>\n<p><iframe src=\"https:\/\/truthsocial.com\/@realDonaldTrump\/116468367583052130\/embed\" class=\"truthsocial-embed\" style=\"max-width: 100%; border: 0\" width=\"600\" allowfullscreen=\"allowfullscreen\"><\/iframe><\/p>\n<p class=\"com-paragraph   --s\">Trump, que hab\u00eda llegado pocos minutos antes, se encontraba sentado en el estrado, en la parte delantera del sal\u00f3n del <strong>Hotel Hilton<\/strong>, ubicado muy cerca de la Casa Blanca. Las im\u00e1genes registradas mostraron el momento en que se produjo la evacuaci\u00f3n.<\/p>\n<p class=\"com-paragraph   --s\">Las fuerzas de seguridad no precisaron el origen de los estallidos en el lobby, que llevaron a que los cientos de invitados en el sal\u00f3n central donde se desarrollaba la cena <strong>se tiraran al suelo ante la confusi\u00f3n<\/strong>.<\/p>\n<div class=\"content-media cursor-pointer container-center-100\">\n<section class=\"media-container relative ratio-16-9 mod-media pb-32\">\n<figure class=\"mod-video\">\n<div class=\"video-player bg-black ratio-16-9\" data-has-jwplayer=\"true\" data-video-id-jw=\"2lV2ouIv\" data-config=\"{&quot;title&quot;:&quot;Otros funcionarios del gobierno estadounidense tambi\u00e9n debieron ser evacuados&quot;,&quot;mediaId&quot;:&quot;2lV2ouIv&quot;,&quot;playerId&quot;:&quot;ih0086X3&quot;,&quot;playlist&quot;:[{&quot;mediaid&quot;:&quot;2lV2ouIv&quot;,&quot;sources&quot;:[{&quot;file&quot;:&quot;https:\/\/cdn.jwplayer.com\/manifests\/2lV2ouIv.m3u8&quot;,&quot;type&quot;:&quot;application\/vnd.apple.mpegurl&quot;},{&quot;bitrate&quot;:461096,&quot;file&quot;:&quot;https:\/\/cdn.jwplayer.com\/videos\/2lV2ouIv-kTExGaWf.mp4&quot;,&quot;filesize&quot;:1671474,&quot;framerate&quot;:30,&quot;height&quot;:180,&quot;label&quot;:&quot;180p&quot;,&quot;type&quot;:&quot;video\/mp4&quot;,&quot;width&quot;:320},{&quot;bitrate&quot;:697401,&quot;file&quot;:&quot;https:\/\/cdn.jwplayer.com\/videos\/2lV2ouIv-K8B0kybS.mp4&quot;,&quot;filesize&quot;:2528079,&quot;framerate&quot;:30,&quot;height&quot;:270,&quot;label&quot;:&quot;270p&quot;,&quot;type&quot;:&quot;video\/mp4&quot;,&quot;width&quot;:480},{&quot;bitrate&quot;:114513,&quot;file&quot;:&quot;https:\/\/cdn.jwplayer.com\/videos\/2lV2ouIv-hz5z2Tv4.m4a&quot;,&quot;filesize&quot;:415113,&quot;label&quot;:&quot;AAC Audio&quot;,&quot;type&quot;:&quot;audio\/mp4&quot;},{&quot;bitrate&quot;:660120,&quot;file&quot;:&quot;https:\/\/cdn.jwplayer.com\/videos\/2lV2ouIv-FnZGUVnC.mp4&quot;,&quot;filesize&quot;:2392936,&quot;framerate&quot;:30,&quot;height&quot;:360,&quot;label&quot;:&quot;360p&quot;,&quot;type&quot;:&quot;video\/mp4&quot;,&quot;width&quot;:640}]}],&quot;hasAutoplay&quot;:false,&quot;autostart&quot;:true,&quot;tagsUrl&quot;:&quot;https:\/\/pubads.g.doubleclick.net\/gampad\/ads?slotname=\/133919216\/la_nacion_video\/nota\/preroll&amp;sz=640x480|400x300&amp;ciu_szs=300x250&amp;unviewed_position_start=1&amp;output=vast&amp;impl=s&amp;env=vp&amp;gdfp_req=1&amp;ad_rule=0&amp;vad_type=linear&amp;vpos=preroll&amp;cust_params=tags_nuevos%3Dte_donald_trump%2Cte_estados_unidos%2Cte_washington%2Cca_estados_unidos%2Cca_el_mundo%2Cau_guillermo_idiart%2CIBPR7MC6Z5FCRELGC2SE3XBOKE&amp;pod=3&amp;ppos=1&amp;lip=true&amp;min_ad_duration=0&amp;max_ad_duration=30000&amp;vrid=6256&amp;url=https%3A%2F%2Fwww.lanacion.com.ar%2Festados-unidos%2Fevacuaron-a-trump-de-la-casa-blanca-por-una-amenaza-durante-una-cena-con-periodistas-nid25042026%2F%3Fvariant%3DA&amp;description_url=https%3A%2F%2Fwww.lanacion.com.ar%2Festados-unidos%2Fevacuaron-a-trump-de-la-casa-blanca-por-una-amenaza-durante-una-cena-con-periodistas-nid25042026%2F%3Fvariant%3DA&amp;video_doc_id=short_onecue&amp;cmsid=496&amp;kfa=0&amp;tfcd=0&amp;correlator=1777171278389&quot;,&quot;arcSite&quot;:&quot;la-nacion-ar&quot;,&quot;duration&quot;:&quot;29000&quot;}\">\n<div id=\"facade-2lV2ouIv\" class=\"content-facade-jw relative bg-black ratio-16-9\"><picture><source media=\"(max-width: 767px)\" srcset=\"https:\/\/resizer.glanacion.com\/resizer\/v2\/https%3A%2F%2Fcdn.jwplayer.com%2Fv2%2Fmedia%2F2lV2ouIv%2Fposter.jpg%3Fwidth%3D720?auth=70b426513d0a9a85c5b52b303ccadc85106fbd0a1b0fa07369f99d66e56beaf8&amp;width=480&amp;quality=70&amp;smart=false\"\/><\/picture><\/div>\n<\/div><figcaption class=\"border border-1 border-bottom border-light-300 relative px-16 py-8 min-h-36 w-100_md px-0_l mb-8 bg-white\"><span class=\"text ln-text text-16 block\">Otros funcionarios del gobierno estadounidense tambi\u00e9n debieron ser evacuados<\/span><\/figcaption><\/figure>\n<\/section>\n<\/div>\n<p class=\"com-paragraph   --s\">Seg\u00fan el pool de prensa de la Casa Blanca \u2014un grupo de periodistas que se trasladan con el presidente\u2014, un miembro del Servicio Secreto grit\u00f3 <strong>\u201c\u00a1Disparos!\u00bb<\/strong>.<\/p>\n<p class=\"com-paragraph   --s\">Una invitada a la cena, Erin Thielman \u2014veterana militar\u2014, sali\u00f3 del sal\u00f3n para llamar a su hijo y escuch\u00f3 <strong>tres fuertes estruendos que, seg\u00fan cre\u00eda, eran disparos<\/strong>, detallo el<em> The Wall Street Journal<\/em>. La mujer <strong>vio a un hombre caer justo delante de ella y llevaba consigo lo que parec\u00eda ser un fusil y cargadores<\/strong>, a\u00f1adi\u00f3 el diario. Thielman baj\u00f3 entonces las escaleras y vio a los agentes de seguridad desenfundando sus pistolas.<\/p>\n<p class=\"com-paragraph   --s\">El evento, organizado por la Asociaci\u00f3n de Corresponsales de la Casa Blanca, re\u00fane cada a\u00f1o a representantes de la prensa y autoridades en una de las citas m\u00e1s tradicionales del calendario pol\u00edtico estadounidense.<\/p>\n<p class=\"com-paragraph   --s\"><strong>Los organizadores en un primer momento dijeron que esperaban reanudar el evento<\/strong>, pero luego se\u00f1alaron que el propio Trump -que ten\u00eda previsto dar un discurso esta noche- lo reagendar\u00eda dentro de los pr\u00f3ximos 30 d\u00edas.<\/p>\n<p class=\"com-paragraph   --s\">Weijia Jiang, presidenta de la Asociaci\u00f3n de Corresponsales, anunci\u00f3 finalmente que todos deb\u00edan abandonar el hotel. Hubo aplausos cuando dijo que el presidente y la primera dama se encontraban a salvo. \u201cVi a todos informando, y eso es lo que hacemos. Gracias a Dios, todos est\u00e1n a salvo\u201d, dijo.<\/p>\n<p class=\"com-paragraph   --s\">La asistencia de Trump a la cena anual de la Asociaci\u00f3n de Corresponsales de la Casa Blanca -su primera vez como presidente en el evento\u2014 era un momento muy esperado a ra\u00edz de la conflictiva relaci\u00f3n que el l\u00edder republicano mantiene con los periodistas de muchos medios, a los que suele dedicar fuertes cr\u00edpticas y ataques.<\/p>\n<div class=\"content-media\">\n<section role=\"button\" class=\"mod-media   \">\n<figure role=\"button\" tabindex=\"0\" class=\"mod-figure \"><figcaption class=\"mod-figcaption\"><span class=\"com-text --caption --twoxs\">El secretario de Salud, Robert F. Kennedy Jr., es evacuado por el Servicio Secreto de la Cena de Corresponsales de la Casa Blanca.<\/span><span class=\"com-text --credit --twoxs\">MANDEL NGAN &#8211; AFP<\/span><\/figcaption><\/figure>\n<\/section>\n<\/div>\n<p class=\"com-paragraph   --s\">Hab\u00eda una fuerte expectativa en Washington sobre qu\u00e9 tipo de mensaje transmitir\u00eda el presidente que demand\u00f3 y amenaz\u00f3 a muchos medios de comunicaci\u00f3n norteamericanos frente a cientos de los <strong>periodistas <\/strong>m\u00e1s destacados del pa\u00eds.<\/p>\n<p class=\"com-paragraph   --s\">Trump y su esposa hab\u00edan llegado puntual al Hotel Hilton a las 20 (hora local). Los invitados llevaban apenas unos pocos minutos de cena -se hab\u00eda servido la entrada, burrata de b\u00fafala con pepinos y pistachos tost\u00e1dos- cuando todo se alter\u00f3 en la parte trasera del sal\u00f3n.<\/p>\n<p class=\"com-paragraph   --s\">Luego, los agentes de seguridad corrieron a toda velocidad por los pasillos en direcci\u00f3n al escenario, donde se encontraba sentado Trump. Se gener\u00f3 un repentino p\u00e1nico y, a continuaci\u00f3n, los asistentes se tiraron bajo sus asientos y las mesas.<\/p>\n<p class=\"com-paragraph   --s\">Los efectivos de seguridad, con las armas desenfundadas, irrumpieron en el estrado mientras el presidente, Melania Trump y Vance eran escoltados r\u00e1pidamente hacia la salida.<\/p>\n<p class=\"com-paragraph   --s\">Adem\u00e1s, varios miembros del gabinete y altos funcionarios de su equipo estaban entre los asistentes. El secretario de Estado, <strong>Marco Rubio<\/strong>; el secretario de Guerra; <strong>Pete Hegseth<\/strong>; el secretario del Tesoro, <strong>Scott Bessent<\/strong>: la directora de Inteligencia Nacional, <strong>Tulsi Gabbard<\/strong>; el secretario de Transporte, <strong>Sean Duffy<\/strong>; la secretaria de Prensa, <strong>Karoline Leavitt<\/strong>; el director de Comunicaciones de la Casa Blanca, <strong>Steven Cheung<\/strong>; el director del FBI, <strong>Kash Patel<\/strong>; el fiscal general interino, <strong>Todd Blanche<\/strong>; el jefe adjunto de gabinete y uno de los asesores de seguridad nacional, <strong>Stephen Miller<\/strong>, y el secretario de Salud, <strong>Robert F. Kennedy Jr.<\/strong>, estaban en el sal\u00f3n.<\/p>\n<p class=\"com-paragraph   --s\">\u201cSe escucharon ruidos de disparos en la parte trasera de la cena de la Asociaci\u00f3n de Corresponsales de la Casa Blanca. Agentes del Servicio Secreto corrieron por el pasillo central pasando junto a m\u00ed. Gritos de los invitados. Sacaron al presidente y a la primera dama de inmediato mientras nos tir\u00e1bamos al suelo. Algunas personas se escondieron bajo las mesas\u201d, escribi\u00f3 en X una de las invitadas, Jennifer Jacobs, de CBS News.<\/p>\n<p class=\"com-paragraph   --s\">\u201cStephen Miller protegi\u00f3 a su esposa, Katie, embarazada, en el suelo, hasta que un oficial de seguridad lleg\u00f3 a su lado. Hubo un peque\u00f1o retraso para sacar a algunos secretarios de gabinete\u201d, a\u00f1adi\u00f3.<\/p>\n<p class=\"com-paragraph   --s\">El representante dem\u00f3crata <strong>Jared Moskowitz (Florida)<\/strong>, quien tambi\u00e9n se encontraba en la cena, coment\u00f3 en la red social X que fue llevado a una sala segura tras escucharse los ruidos fuertes. \u201cQuiero dar las gracias a las fuerzas del orden, a la polic\u00eda del Capitolio\u201d, dijo el legislador en su publicaci\u00f3n. \u201cPersonalmente, quiero agradecer a Steve Scalise, quien me llev\u00f3 a una sala segura\u201d, a\u00f1adi\u00f3.<\/p>\n<p class=\"com-paragraph   --s\">Por su parte, el representante republicano <strong>Andrew Ogles (Tennessee) <\/strong>afirm\u00f3 en un video compartido en X que \u00e9l y otros dos congresistas republicanos presentes en el evento lograron salir de la sala con la ayuda del Servicio Secreto. \u201cRecen por nuestro pa\u00eds. Recen por los l\u00edderes que estaban, y que tal vez sigan estando, en las instalaciones\u201d, dijo, cuando la confusi\u00f3n a\u00fan reinada en la noche de Washington.<\/p>\n<p class=\"com-paragraph   --s\">El discurso que el presidente ten\u00eda planeado pronunciar ser\u00eda<strong> \u201cmuy entretenido\u201d<\/strong>, hab\u00eda adelantado este viernes Leavitt.<\/p>\n<p class=\"com-paragraph   --s\">\u201cCreo que es muy apropiado que, en el 250 aniversario de nuestra naci\u00f3n, el presidente m\u00e1s transparente y accesible asista por primera vez a la Cena de Corresponales de la Casa Blanca, y su discurso ser\u00e1 muy entretenido, se los aseguro\u201d, declar\u00f3 a la prensa.<\/p>\n<p class=\"com-paragraph   --s\">La cena televisada, celebrada en el hotel Washington Hilton, ya hab\u00eda sido un punto de conflicto cultural en el pasado, con el ataque verbal de Stephen Colbert a George W. Bush en 2006, o la cr\u00edtica de Seth Meyers en 2011 sobre las ambiciones presidenciales de Trump.<\/p>\n<section class=\"container-center-100 mb-40 border border-bottom border-thin border-neutral-light-700\">\n<hr\/>\n<\/section>\n<\/div>\n<p><script id=\"facebookpixel\" defer=\"\" type=\"text\/javascript\">\n        !function(f,b,e,v,n,t,s)\n        {if(f.fbq)return;n=f.fbq=function(){n.callMethod?\n        n.callMethod.apply(n,arguments):n.queue.push(arguments)};\n        if(!f._fbq)f._fbq=n;n.push=n;n.loaded=!0;n.version='2.0';\n        n.queue=[];t=b.createElement(e);t.async=!0;\n        t.src=v;s=b.getElementsByTagName(e)[0];\n        s.parentNode.insertBefore(t,s)}(window, document,'script',\n        'https:\/\/connect.facebook.net\/en_US\/fbevents.js');\n        fbq('init', '492459597522335');\n        fbq('track', 'PageView');\n    <\/script><br \/>\n<br \/><\/p>\n","protected":false},"excerpt":{"rendered":"<p>WASHINGTON.\u2013 El presidente Donald Trump y altos funcionarios de su administraci\u00f3n fueron evacuados abruptamente de la cena anual de corresponsales de la Casa Blanca este s\u00e1bado por la noche luego de que se escucharan estallidos en el lobby del hotel en el que se desarrollaba el evento, en esta capital, lo que oblig\u00f3 a activar [&hellip;]<\/p>\n","protected":false},"author":2,"featured_media":193012,"comment_status":"closed","ping_status":"closed","sticky":false,"template":"","format":"standard","meta":{"footnotes":""},"categories":[26],"tags":[],"class_list":["post-193011","post","type-post","status-publish","format-standard","has-post-thumbnail","hentry","category-internacionales"],"yoast_head":"<!-- This site is optimized with the Yoast SEO plugin v24.4 - https:\/\/yoast.com\/wordpress\/plugins\/seo\/ -->\n<title>Evacuaron a Trump por una amenaza durante una cena con periodistas - GYS NOTICIAS |<\/title>\n<meta name=\"robots\" content=\"index, follow, max-snippet:-1, max-image-preview:large, max-video-preview:-1\" \/>\n<link rel=\"canonical\" href=\"https:\/\/gysfm.com.ar\/inicio\/evacuaron-a-trump-por-una-amenaza-durante-una-cena-con-periodistas\/\" \/>\n<meta property=\"og:locale\" content=\"es_ES\" \/>\n<meta property=\"og:type\" content=\"article\" \/>\n<meta property=\"og:title\" content=\"Evacuaron a Trump por una amenaza durante una cena con periodistas - GYS NOTICIAS |\" \/>\n<meta property=\"og:description\" content=\"WASHINGTON.\u2013 El presidente Donald Trump y altos funcionarios de su administraci\u00f3n fueron evacuados abruptamente de la cena anual de corresponsales de la Casa Blanca este s\u00e1bado por la noche luego de que se escucharan estallidos en el lobby del hotel en el que se desarrollaba el evento, en esta capital, lo que oblig\u00f3 a activar [&hellip;]\" \/>\n<meta property=\"og:url\" content=\"https:\/\/gysfm.com.ar\/inicio\/evacuaron-a-trump-por-una-amenaza-durante-una-cena-con-periodistas\/\" \/>\n<meta property=\"og:site_name\" content=\"GYS NOTICIAS |\" \/>\n<meta property=\"article:published_time\" content=\"2026-04-26T02:43:17+00:00\" \/>\n<meta property=\"article:modified_time\" content=\"2026-04-26T02:43:18+00:00\" \/>\n<meta property=\"og:image\" content=\"https:\/\/gysfm.com.ar\/inicio\/wp-content\/uploads\/2026\/04\/el-momento-de-la-evacuacion-del-presidente-donald-KHUCCVB3LJBBPGHQFZFNJXDRR4.JPG\" \/>\n\t<meta property=\"og:image:width\" content=\"1200\" \/>\n\t<meta property=\"og:image:height\" content=\"800\" \/>\n\t<meta property=\"og:image:type\" content=\"image\/jpeg\" \/>\n<meta name=\"author\" content=\"Prensa G&amp;S FM\" \/>\n<meta name=\"twitter:card\" content=\"summary_large_image\" \/>\n<meta name=\"twitter:label1\" content=\"Escrito por\" \/>\n\t<meta name=\"twitter:data1\" content=\"Prensa G&amp;S FM\" \/>\n\t<meta name=\"twitter:label2\" content=\"Tiempo de lectura\" \/>\n\t<meta name=\"twitter:data2\" content=\"7 minutos\" \/>\n<script type=\"application\/ld+json\" class=\"yoast-schema-graph\">{\"@context\":\"https:\/\/schema.org\",\"@graph\":[{\"@type\":\"Article\",\"@id\":\"https:\/\/gysfm.com.ar\/inicio\/evacuaron-a-trump-por-una-amenaza-durante-una-cena-con-periodistas\/#article\",\"isPartOf\":{\"@id\":\"https:\/\/gysfm.com.ar\/inicio\/evacuaron-a-trump-por-una-amenaza-durante-una-cena-con-periodistas\/\"},\"author\":{\"name\":\"Prensa G&amp;S FM\",\"@id\":\"https:\/\/gysfm.com.ar\/inicio\/#\/schema\/person\/3abba7593ef2ad19e1be221d54383dc5\"},\"headline\":\"Evacuaron a Trump por una amenaza durante una cena con periodistas\",\"datePublished\":\"2026-04-26T02:43:17+00:00\",\"dateModified\":\"2026-04-26T02:43:18+00:00\",\"mainEntityOfPage\":{\"@id\":\"https:\/\/gysfm.com.ar\/inicio\/evacuaron-a-trump-por-una-amenaza-durante-una-cena-con-periodistas\/\"},\"wordCount\":1369,\"publisher\":{\"@id\":\"https:\/\/gysfm.com.ar\/inicio\/#organization\"},\"image\":{\"@id\":\"https:\/\/gysfm.com.ar\/inicio\/evacuaron-a-trump-por-una-amenaza-durante-una-cena-con-periodistas\/#primaryimage\"},\"thumbnailUrl\":\"https:\/\/gysfm.com.ar\/inicio\/wp-content\/uploads\/2026\/04\/el-momento-de-la-evacuacion-del-presidente-donald-KHUCCVB3LJBBPGHQFZFNJXDRR4.JPG\",\"articleSection\":[\"INTERNACIONALES\"],\"inLanguage\":\"es\"},{\"@type\":\"WebPage\",\"@id\":\"https:\/\/gysfm.com.ar\/inicio\/evacuaron-a-trump-por-una-amenaza-durante-una-cena-con-periodistas\/\",\"url\":\"https:\/\/gysfm.com.ar\/inicio\/evacuaron-a-trump-por-una-amenaza-durante-una-cena-con-periodistas\/\",\"name\":\"Evacuaron a Trump por una amenaza durante una cena con periodistas - GYS NOTICIAS |\",\"isPartOf\":{\"@id\":\"https:\/\/gysfm.com.ar\/inicio\/#website\"},\"primaryImageOfPage\":{\"@id\":\"https:\/\/gysfm.com.ar\/inicio\/evacuaron-a-trump-por-una-amenaza-durante-una-cena-con-periodistas\/#primaryimage\"},\"image\":{\"@id\":\"https:\/\/gysfm.com.ar\/inicio\/evacuaron-a-trump-por-una-amenaza-durante-una-cena-con-periodistas\/#primaryimage\"},\"thumbnailUrl\":\"https:\/\/gysfm.com.ar\/inicio\/wp-content\/uploads\/2026\/04\/el-momento-de-la-evacuacion-del-presidente-donald-KHUCCVB3LJBBPGHQFZFNJXDRR4.JPG\",\"datePublished\":\"2026-04-26T02:43:17+00:00\",\"dateModified\":\"2026-04-26T02:43:18+00:00\",\"breadcrumb\":{\"@id\":\"https:\/\/gysfm.com.ar\/inicio\/evacuaron-a-trump-por-una-amenaza-durante-una-cena-con-periodistas\/#breadcrumb\"},\"inLanguage\":\"es\",\"potentialAction\":[{\"@type\":\"ReadAction\",\"target\":[\"https:\/\/gysfm.com.ar\/inicio\/evacuaron-a-trump-por-una-amenaza-durante-una-cena-con-periodistas\/\"]}]},{\"@type\":\"ImageObject\",\"inLanguage\":\"es\",\"@id\":\"https:\/\/gysfm.com.ar\/inicio\/evacuaron-a-trump-por-una-amenaza-durante-una-cena-con-periodistas\/#primaryimage\",\"url\":\"https:\/\/gysfm.com.ar\/inicio\/wp-content\/uploads\/2026\/04\/el-momento-de-la-evacuacion-del-presidente-donald-KHUCCVB3LJBBPGHQFZFNJXDRR4.JPG\",\"contentUrl\":\"https:\/\/gysfm.com.ar\/inicio\/wp-content\/uploads\/2026\/04\/el-momento-de-la-evacuacion-del-presidente-donald-KHUCCVB3LJBBPGHQFZFNJXDRR4.JPG\",\"width\":1200,\"height\":800},{\"@type\":\"BreadcrumbList\",\"@id\":\"https:\/\/gysfm.com.ar\/inicio\/evacuaron-a-trump-por-una-amenaza-durante-una-cena-con-periodistas\/#breadcrumb\",\"itemListElement\":[{\"@type\":\"ListItem\",\"position\":1,\"name\":\"Portada\",\"item\":\"https:\/\/gysfm.com.ar\/inicio\/\"},{\"@type\":\"ListItem\",\"position\":2,\"name\":\"Evacuaron a Trump por una amenaza durante una cena con periodistas\"}]},{\"@type\":\"WebSite\",\"@id\":\"https:\/\/gysfm.com.ar\/inicio\/#website\",\"url\":\"https:\/\/gysfm.com.ar\/inicio\/\",\"name\":\"GYS NOTICIAS |\",\"description\":\"DIARIO - RADIO ONLINE SAN JUAN ARGENTINA\",\"publisher\":{\"@id\":\"https:\/\/gysfm.com.ar\/inicio\/#organization\"},\"potentialAction\":[{\"@type\":\"SearchAction\",\"target\":{\"@type\":\"EntryPoint\",\"urlTemplate\":\"https:\/\/gysfm.com.ar\/inicio\/?s={search_term_string}\"},\"query-input\":{\"@type\":\"PropertyValueSpecification\",\"valueRequired\":true,\"valueName\":\"search_term_string\"}}],\"inLanguage\":\"es\"},{\"@type\":\"Organization\",\"@id\":\"https:\/\/gysfm.com.ar\/inicio\/#organization\",\"name\":\"GYS NOTICIAS |\",\"url\":\"https:\/\/gysfm.com.ar\/inicio\/\",\"logo\":{\"@type\":\"ImageObject\",\"inLanguage\":\"es\",\"@id\":\"https:\/\/gysfm.com.ar\/inicio\/#\/schema\/logo\/image\/\",\"url\":\"https:\/\/gysfm.com.ar\/inicio\/wp-content\/uploads\/2023\/07\/LOGOGYS-OK.png\",\"contentUrl\":\"https:\/\/gysfm.com.ar\/inicio\/wp-content\/uploads\/2023\/07\/LOGOGYS-OK.png\",\"width\":1170,\"height\":872,\"caption\":\"GYS NOTICIAS |\"},\"image\":{\"@id\":\"https:\/\/gysfm.com.ar\/inicio\/#\/schema\/logo\/image\/\"}},{\"@type\":\"Person\",\"@id\":\"https:\/\/gysfm.com.ar\/inicio\/#\/schema\/person\/3abba7593ef2ad19e1be221d54383dc5\",\"name\":\"Prensa G&amp;S FM\",\"image\":{\"@type\":\"ImageObject\",\"inLanguage\":\"es\",\"@id\":\"https:\/\/gysfm.com.ar\/inicio\/#\/schema\/person\/image\/\",\"url\":\"https:\/\/secure.gravatar.com\/avatar\/096ec78df02049ab018702bb4ccedf659377fa92a26540b5247612077a0dbd29?s=96&d=mm&r=g\",\"contentUrl\":\"https:\/\/secure.gravatar.com\/avatar\/096ec78df02049ab018702bb4ccedf659377fa92a26540b5247612077a0dbd29?s=96&d=mm&r=g\",\"caption\":\"Prensa G&amp;S FM\"},\"sameAs\":[\"https:\/\/gysfm.com.ar\/\"],\"url\":\"https:\/\/gysfm.com.ar\/inicio\/author\/lucasm\/\"}]}<\/script>\n<!-- \/ Yoast SEO plugin. -->","yoast_head_json":{"title":"Evacuaron a Trump por una amenaza durante una cena con periodistas - GYS NOTICIAS |","robots":{"index":"index","follow":"follow","max-snippet":"max-snippet:-1","max-image-preview":"max-image-preview:large","max-video-preview":"max-video-preview:-1"},"canonical":"https:\/\/gysfm.com.ar\/inicio\/evacuaron-a-trump-por-una-amenaza-durante-una-cena-con-periodistas\/","og_locale":"es_ES","og_type":"article","og_title":"Evacuaron a Trump por una amenaza durante una cena con periodistas - GYS NOTICIAS |","og_description":"WASHINGTON.\u2013 El presidente Donald Trump y altos funcionarios de su administraci\u00f3n fueron evacuados abruptamente de la cena anual de corresponsales de la Casa Blanca este s\u00e1bado por la noche luego de que se escucharan estallidos en el lobby del hotel en el que se desarrollaba el evento, en esta capital, lo que oblig\u00f3 a activar [&hellip;]","og_url":"https:\/\/gysfm.com.ar\/inicio\/evacuaron-a-trump-por-una-amenaza-durante-una-cena-con-periodistas\/","og_site_name":"GYS NOTICIAS |","article_published_time":"2026-04-26T02:43:17+00:00","article_modified_time":"2026-04-26T02:43:18+00:00","og_image":[{"width":1200,"height":800,"url":"https:\/\/gysfm.com.ar\/inicio\/wp-content\/uploads\/2026\/04\/el-momento-de-la-evacuacion-del-presidente-donald-KHUCCVB3LJBBPGHQFZFNJXDRR4.JPG","type":"image\/jpeg"}],"author":"Prensa G&amp;S FM","twitter_card":"summary_large_image","twitter_misc":{"Escrito por":"Prensa G&amp;S FM","Tiempo de lectura":"7 minutos"},"schema":{"@context":"https:\/\/schema.org","@graph":[{"@type":"Article","@id":"https:\/\/gysfm.com.ar\/inicio\/evacuaron-a-trump-por-una-amenaza-durante-una-cena-con-periodistas\/#article","isPartOf":{"@id":"https:\/\/gysfm.com.ar\/inicio\/evacuaron-a-trump-por-una-amenaza-durante-una-cena-con-periodistas\/"},"author":{"name":"Prensa G&amp;S FM","@id":"https:\/\/gysfm.com.ar\/inicio\/#\/schema\/person\/3abba7593ef2ad19e1be221d54383dc5"},"headline":"Evacuaron a Trump por una amenaza durante una cena con periodistas","datePublished":"2026-04-26T02:43:17+00:00","dateModified":"2026-04-26T02:43:18+00:00","mainEntityOfPage":{"@id":"https:\/\/gysfm.com.ar\/inicio\/evacuaron-a-trump-por-una-amenaza-durante-una-cena-con-periodistas\/"},"wordCount":1369,"publisher":{"@id":"https:\/\/gysfm.com.ar\/inicio\/#organization"},"image":{"@id":"https:\/\/gysfm.com.ar\/inicio\/evacuaron-a-trump-por-una-amenaza-durante-una-cena-con-periodistas\/#primaryimage"},"thumbnailUrl":"https:\/\/gysfm.com.ar\/inicio\/wp-content\/uploads\/2026\/04\/el-momento-de-la-evacuacion-del-presidente-donald-KHUCCVB3LJBBPGHQFZFNJXDRR4.JPG","articleSection":["INTERNACIONALES"],"inLanguage":"es"},{"@type":"WebPage","@id":"https:\/\/gysfm.com.ar\/inicio\/evacuaron-a-trump-por-una-amenaza-durante-una-cena-con-periodistas\/","url":"https:\/\/gysfm.com.ar\/inicio\/evacuaron-a-trump-por-una-amenaza-durante-una-cena-con-periodistas\/","name":"Evacuaron a Trump por una amenaza durante una cena con periodistas - GYS NOTICIAS |","isPartOf":{"@id":"https:\/\/gysfm.com.ar\/inicio\/#website"},"primaryImageOfPage":{"@id":"https:\/\/gysfm.com.ar\/inicio\/evacuaron-a-trump-por-una-amenaza-durante-una-cena-con-periodistas\/#primaryimage"},"image":{"@id":"https:\/\/gysfm.com.ar\/inicio\/evacuaron-a-trump-por-una-amenaza-durante-una-cena-con-periodistas\/#primaryimage"},"thumbnailUrl":"https:\/\/gysfm.com.ar\/inicio\/wp-content\/uploads\/2026\/04\/el-momento-de-la-evacuacion-del-presidente-donald-KHUCCVB3LJBBPGHQFZFNJXDRR4.JPG","datePublished":"2026-04-26T02:43:17+00:00","dateModified":"2026-04-26T02:43:18+00:00","breadcrumb":{"@id":"https:\/\/gysfm.com.ar\/inicio\/evacuaron-a-trump-por-una-amenaza-durante-una-cena-con-periodistas\/#breadcrumb"},"inLanguage":"es","potentialAction":[{"@type":"ReadAction","target":["https:\/\/gysfm.com.ar\/inicio\/evacuaron-a-trump-por-una-amenaza-durante-una-cena-con-periodistas\/"]}]},{"@type":"ImageObject","inLanguage":"es","@id":"https:\/\/gysfm.com.ar\/inicio\/evacuaron-a-trump-por-una-amenaza-durante-una-cena-con-periodistas\/#primaryimage","url":"https:\/\/gysfm.com.ar\/inicio\/wp-content\/uploads\/2026\/04\/el-momento-de-la-evacuacion-del-presidente-donald-KHUCCVB3LJBBPGHQFZFNJXDRR4.JPG","contentUrl":"https:\/\/gysfm.com.ar\/inicio\/wp-content\/uploads\/2026\/04\/el-momento-de-la-evacuacion-del-presidente-donald-KHUCCVB3LJBBPGHQFZFNJXDRR4.JPG","width":1200,"height":800},{"@type":"BreadcrumbList","@id":"https:\/\/gysfm.com.ar\/inicio\/evacuaron-a-trump-por-una-amenaza-durante-una-cena-con-periodistas\/#breadcrumb","itemListElement":[{"@type":"ListItem","position":1,"name":"Portada","item":"https:\/\/gysfm.com.ar\/inicio\/"},{"@type":"ListItem","position":2,"name":"Evacuaron a Trump por una amenaza durante una cena con periodistas"}]},{"@type":"WebSite","@id":"https:\/\/gysfm.com.ar\/inicio\/#website","url":"https:\/\/gysfm.com.ar\/inicio\/","name":"GYS NOTICIAS |","description":"DIARIO - RADIO ONLINE SAN JUAN ARGENTINA","publisher":{"@id":"https:\/\/gysfm.com.ar\/inicio\/#organization"},"potentialAction":[{"@type":"SearchAction","target":{"@type":"EntryPoint","urlTemplate":"https:\/\/gysfm.com.ar\/inicio\/?s={search_term_string}"},"query-input":{"@type":"PropertyValueSpecification","valueRequired":true,"valueName":"search_term_string"}}],"inLanguage":"es"},{"@type":"Organization","@id":"https:\/\/gysfm.com.ar\/inicio\/#organization","name":"GYS NOTICIAS |","url":"https:\/\/gysfm.com.ar\/inicio\/","logo":{"@type":"ImageObject","inLanguage":"es","@id":"https:\/\/gysfm.com.ar\/inicio\/#\/schema\/logo\/image\/","url":"https:\/\/gysfm.com.ar\/inicio\/wp-content\/uploads\/2023\/07\/LOGOGYS-OK.png","contentUrl":"https:\/\/gysfm.com.ar\/inicio\/wp-content\/uploads\/2023\/07\/LOGOGYS-OK.png","width":1170,"height":872,"caption":"GYS NOTICIAS |"},"image":{"@id":"https:\/\/gysfm.com.ar\/inicio\/#\/schema\/logo\/image\/"}},{"@type":"Person","@id":"https:\/\/gysfm.com.ar\/inicio\/#\/schema\/person\/3abba7593ef2ad19e1be221d54383dc5","name":"Prensa G&amp;S FM","image":{"@type":"ImageObject","inLanguage":"es","@id":"https:\/\/gysfm.com.ar\/inicio\/#\/schema\/person\/image\/","url":"https:\/\/secure.gravatar.com\/avatar\/096ec78df02049ab018702bb4ccedf659377fa92a26540b5247612077a0dbd29?s=96&d=mm&r=g","contentUrl":"https:\/\/secure.gravatar.com\/avatar\/096ec78df02049ab018702bb4ccedf659377fa92a26540b5247612077a0dbd29?s=96&d=mm&r=g","caption":"Prensa G&amp;S FM"},"sameAs":["https:\/\/gysfm.com.ar\/"],"url":"https:\/\/gysfm.com.ar\/inicio\/author\/lucasm\/"}]}},"_links":{"self":[{"href":"https:\/\/gysfm.com.ar\/inicio\/wp-json\/wp\/v2\/posts\/193011","targetHints":{"allow":["GET"]}}],"collection":[{"href":"https:\/\/gysfm.com.ar\/inicio\/wp-json\/wp\/v2\/posts"}],"about":[{"href":"https:\/\/gysfm.com.ar\/inicio\/wp-json\/wp\/v2\/types\/post"}],"author":[{"embeddable":true,"href":"https:\/\/gysfm.com.ar\/inicio\/wp-json\/wp\/v2\/users\/2"}],"replies":[{"embeddable":true,"href":"https:\/\/gysfm.com.ar\/inicio\/wp-json\/wp\/v2\/comments?post=193011"}],"version-history":[{"count":1,"href":"https:\/\/gysfm.com.ar\/inicio\/wp-json\/wp\/v2\/posts\/193011\/revisions"}],"predecessor-version":[{"id":193013,"href":"https:\/\/gysfm.com.ar\/inicio\/wp-json\/wp\/v2\/posts\/193011\/revisions\/193013"}],"wp:featuredmedia":[{"embeddable":true,"href":"https:\/\/gysfm.com.ar\/inicio\/wp-json\/wp\/v2\/media\/193012"}],"wp:attachment":[{"href":"https:\/\/gysfm.com.ar\/inicio\/wp-json\/wp\/v2\/media?parent=193011"}],"wp:term":[{"taxonomy":"category","embeddable":true,"href":"https:\/\/gysfm.com.ar\/inicio\/wp-json\/wp\/v2\/categories?post=193011"},{"taxonomy":"post_tag","embeddable":true,"href":"https:\/\/gysfm.com.ar\/inicio\/wp-json\/wp\/v2\/tags?post=193011"}],"curies":[{"name":"wp","href":"https:\/\/api.w.org\/{rel}","templated":true}]}}