{"id":193009,"date":"2026-04-25T23:23:08","date_gmt":"2026-04-26T02:23:08","guid":{"rendered":"https:\/\/gysfm.com.ar\/inicio\/pronostico-del-tiempo-vuelve-el-frio-al-amba\/"},"modified":"2026-04-25T23:23:08","modified_gmt":"2026-04-26T02:23:08","slug":"pronostico-del-tiempo-vuelve-el-frio-al-amba","status":"publish","type":"post","link":"https:\/\/gysfm.com.ar\/inicio\/pronostico-del-tiempo-vuelve-el-frio-al-amba\/","title":{"rendered":"Pronostico del tiempo: vuelve el fr\u00edo al AMBA"},"content":{"rendered":"<p><\/p>\n<div id=\"article-content\">\n<p>Tras varios d\u00edas con<a target=\"_blank\" href=\"https:\/\/www.perfil.com\/noticias\/reperfilar\/reaparecio-la-nutria-mas-chica-del-mundo-tras-7-anos.phtml\"><strong> temperaturas templadas e incluso registros por encima de lo habitual para esta \u00e9poca,<\/strong><\/a> el <strong>\u00c1rea Metropolitana de Buenos Aires (AMBA)<\/strong> podr\u00eda experimentar un cambio en las<strong> condiciones del tiempo en los pr\u00f3ximos d\u00edas<\/strong>, con el regreso de marcas t\u00e9rmicas m\u00e1s acordes al oto\u00f1o.<\/p>\n<p>Seg\u00fan anticipan los pron\u00f3sticos meteorol\u00f3gicos, un frente de aire fr\u00edo avanzar\u00e1 desde el sur del pa\u00eds hacia el centro, lo que<strong> provocar\u00e1 un descenso gradual de las temperaturas, especialmente en las m\u00ednimas.<\/strong> Este cambio comenzar\u00eda a sentirse hacia el fin de semana, cuando los registros podr\u00edan ubicarse por debajo de los 10 grados durante las primeras horas del d\u00eda.<\/p>\n<p><iframe id=\"vrudo\" class=\"vrudo\" src=\"https:\/\/rudo.video\/vod\/czGnerZ5N3U?volume=0\" width=\"100%\" height=\"100%\" allowscriptaccess=\"always\" allowfullscreen=\"true\" webkitallowfullscreen=\"true\" frameborder=\"0\" scrolling=\"no\" allow=\"autoplay; fullscreen\" loading=\"lazy\" title=\"Contenido embebido\"><\/iframe><\/p>\n<p>Adem\u00e1s del descenso t\u00e9rmico,<strong> no se descarta la presencia de lluvias aisladas o chaparrones,<\/strong> producto de la inestabilidad asociada al ingreso de esta masa de aire. Sin embargo, no se prev\u00e9n fen\u00f3menos intensos ni alertas meteorol\u00f3gicas por el momento.<\/p>\n<div class=\"subscription\">\n<p>\n        Esto no les gusta a los autoritarios\n    <\/p>\n<div class=\"subscription__container\">\n<div class=\"subscription__text-wrapper\">\n<p>\n                El ejercicio del periodismo profesional y cr\u00edtico es un pilar fundamental de la democracia. Por eso molesta a quienes creen ser los due\u00f1os de la verdad.\n            <\/p>\n<\/p><\/div><\/div>\n<\/div>\n<p>Especialistas se\u00f1alan que<strong> estas oscilaciones son habituales en esta \u00e9poca del a\u00f1o, <\/strong>caracterizada por la transici\u00f3n entre el calor residual del verano y el avance progresivo de condiciones m\u00e1s fr\u00edas. De este modo, el \u201cveranito\u201d de los \u00faltimos d\u00edas dar\u00eda paso a jornadas m\u00e1s frescas y con mayor amplitud t\u00e9rmica.<\/p>\n<p>En este contexto, recomiendan retomar el uso de abrigo, especialmente durante la ma\u00f1ana y la noche, y mantenerse informados a trav\u00e9s de los reportes oficiales ante posibles cambios en el pron\u00f3stico.<\/p>\n<p>As\u00ed, el oto\u00f1o comienza a hacerse sentir con m\u00e1s fuerza en el AMBA, marcando el rumbo hacia temperaturas cada vez m\u00e1s bajas en las pr\u00f3ximas semanas.<\/p>\n<\/p><\/div>\n<p><script>\n                !function(f,b,e,v,n,t,s)\n                {if(f.fbq)return;n=f.fbq=function(){n.callMethod?\n                    n.callMethod.apply(n,arguments):n.queue.push(arguments)};\n                    if(!f._fbq)f._fbq=n;n.push=n;n.loaded=!0;n.version='2.0';\n                    n.queue=[];t=b.createElement(e);t.async=!0;\n                    t.src=v;s=b.getElementsByTagName(e)[0];\n                    s.parentNode.insertBefore(t,s)}(window, document,'script',\n                    'https:\/\/connect.facebook.net\/en_US\/fbevents.js');\n                window.paywallConfig.facebook_pixel=\"1000228364089342\"\n            <\/script><\/p>\n","protected":false},"excerpt":{"rendered":"<p>Tras varios d\u00edas con temperaturas templadas e incluso registros por encima de lo habitual para esta \u00e9poca, el \u00c1rea Metropolitana de Buenos Aires (AMBA) podr\u00eda experimentar un cambio en las condiciones del tiempo en los pr\u00f3ximos d\u00edas, con el regreso de marcas t\u00e9rmicas m\u00e1s acordes al oto\u00f1o. Seg\u00fan anticipan los pron\u00f3sticos meteorol\u00f3gicos, un frente de [&hellip;]<\/p>\n","protected":false},"author":2,"featured_media":193010,"comment_status":"closed","ping_status":"closed","sticky":false,"template":"","format":"standard","meta":{"footnotes":""},"categories":[25],"tags":[],"class_list":["post-193009","post","type-post","status-publish","format-standard","has-post-thumbnail","hentry","category-nacionales"],"yoast_head":"<!-- This site is optimized with the Yoast SEO plugin v24.4 - https:\/\/yoast.com\/wordpress\/plugins\/seo\/ -->\n<title>Pronostico del tiempo: vuelve el fr\u00edo al AMBA - GYS NOTICIAS |<\/title>\n<meta name=\"robots\" content=\"index, follow, max-snippet:-1, max-image-preview:large, max-video-preview:-1\" \/>\n<link rel=\"canonical\" href=\"https:\/\/gysfm.com.ar\/inicio\/pronostico-del-tiempo-vuelve-el-frio-al-amba\/\" \/>\n<meta property=\"og:locale\" content=\"es_ES\" \/>\n<meta property=\"og:type\" content=\"article\" \/>\n<meta property=\"og:title\" content=\"Pronostico del tiempo: vuelve el fr\u00edo al AMBA - GYS NOTICIAS |\" \/>\n<meta property=\"og:description\" content=\"Tras varios d\u00edas con temperaturas templadas e incluso registros por encima de lo habitual para esta \u00e9poca, el \u00c1rea Metropolitana de Buenos Aires (AMBA) podr\u00eda experimentar un cambio en las condiciones del tiempo en los pr\u00f3ximos d\u00edas, con el regreso de marcas t\u00e9rmicas m\u00e1s acordes al oto\u00f1o. Seg\u00fan anticipan los pron\u00f3sticos meteorol\u00f3gicos, un frente de [&hellip;]\" \/>\n<meta property=\"og:url\" content=\"https:\/\/gysfm.com.ar\/inicio\/pronostico-del-tiempo-vuelve-el-frio-al-amba\/\" \/>\n<meta property=\"og:site_name\" content=\"GYS NOTICIAS |\" \/>\n<meta property=\"article:published_time\" content=\"2026-04-26T02:23:08+00:00\" \/>\n<meta name=\"author\" content=\"Prensa G&amp;S FM\" \/>\n<meta name=\"twitter:card\" content=\"summary_large_image\" \/>\n<meta name=\"twitter:label1\" content=\"Escrito por\" \/>\n\t<meta name=\"twitter:data1\" content=\"Prensa G&amp;S FM\" \/>\n\t<meta name=\"twitter:label2\" content=\"Tiempo de lectura\" \/>\n\t<meta name=\"twitter:data2\" content=\"2 minutos\" \/>\n<script type=\"application\/ld+json\" class=\"yoast-schema-graph\">{\"@context\":\"https:\/\/schema.org\",\"@graph\":[{\"@type\":\"Article\",\"@id\":\"https:\/\/gysfm.com.ar\/inicio\/pronostico-del-tiempo-vuelve-el-frio-al-amba\/#article\",\"isPartOf\":{\"@id\":\"https:\/\/gysfm.com.ar\/inicio\/pronostico-del-tiempo-vuelve-el-frio-al-amba\/\"},\"author\":{\"name\":\"Prensa G&amp;S FM\",\"@id\":\"https:\/\/gysfm.com.ar\/inicio\/#\/schema\/person\/3abba7593ef2ad19e1be221d54383dc5\"},\"headline\":\"Pronostico del tiempo: vuelve el fr\u00edo al AMBA\",\"datePublished\":\"2026-04-26T02:23:08+00:00\",\"mainEntityOfPage\":{\"@id\":\"https:\/\/gysfm.com.ar\/inicio\/pronostico-del-tiempo-vuelve-el-frio-al-amba\/\"},\"wordCount\":332,\"publisher\":{\"@id\":\"https:\/\/gysfm.com.ar\/inicio\/#organization\"},\"image\":{\"@id\":\"https:\/\/gysfm.com.ar\/inicio\/pronostico-del-tiempo-vuelve-el-frio-al-amba\/#primaryimage\"},\"thumbnailUrl\":\"https:\/\/gysfm.com.ar\/inicio\/wp-content\/uploads\/2026\/04\/frio-2208383.jpg\",\"articleSection\":[\"NACIONALES\"],\"inLanguage\":\"es\"},{\"@type\":\"WebPage\",\"@id\":\"https:\/\/gysfm.com.ar\/inicio\/pronostico-del-tiempo-vuelve-el-frio-al-amba\/\",\"url\":\"https:\/\/gysfm.com.ar\/inicio\/pronostico-del-tiempo-vuelve-el-frio-al-amba\/\",\"name\":\"Pronostico del tiempo: vuelve el fr\u00edo al AMBA - GYS NOTICIAS |\",\"isPartOf\":{\"@id\":\"https:\/\/gysfm.com.ar\/inicio\/#website\"},\"primaryImageOfPage\":{\"@id\":\"https:\/\/gysfm.com.ar\/inicio\/pronostico-del-tiempo-vuelve-el-frio-al-amba\/#primaryimage\"},\"image\":{\"@id\":\"https:\/\/gysfm.com.ar\/inicio\/pronostico-del-tiempo-vuelve-el-frio-al-amba\/#primaryimage\"},\"thumbnailUrl\":\"https:\/\/gysfm.com.ar\/inicio\/wp-content\/uploads\/2026\/04\/frio-2208383.jpg\",\"datePublished\":\"2026-04-26T02:23:08+00:00\",\"breadcrumb\":{\"@id\":\"https:\/\/gysfm.com.ar\/inicio\/pronostico-del-tiempo-vuelve-el-frio-al-amba\/#breadcrumb\"},\"inLanguage\":\"es\",\"potentialAction\":[{\"@type\":\"ReadAction\",\"target\":[\"https:\/\/gysfm.com.ar\/inicio\/pronostico-del-tiempo-vuelve-el-frio-al-amba\/\"]}]},{\"@type\":\"ImageObject\",\"inLanguage\":\"es\",\"@id\":\"https:\/\/gysfm.com.ar\/inicio\/pronostico-del-tiempo-vuelve-el-frio-al-amba\/#primaryimage\",\"url\":\"https:\/\/gysfm.com.ar\/inicio\/wp-content\/uploads\/2026\/04\/frio-2208383.jpg\",\"contentUrl\":\"https:\/\/gysfm.com.ar\/inicio\/wp-content\/uploads\/2026\/04\/frio-2208383.jpg\",\"width\":1140,\"height\":641},{\"@type\":\"BreadcrumbList\",\"@id\":\"https:\/\/gysfm.com.ar\/inicio\/pronostico-del-tiempo-vuelve-el-frio-al-amba\/#breadcrumb\",\"itemListElement\":[{\"@type\":\"ListItem\",\"position\":1,\"name\":\"Portada\",\"item\":\"https:\/\/gysfm.com.ar\/inicio\/\"},{\"@type\":\"ListItem\",\"position\":2,\"name\":\"Pronostico del tiempo: vuelve el fr\u00edo al AMBA\"}]},{\"@type\":\"WebSite\",\"@id\":\"https:\/\/gysfm.com.ar\/inicio\/#website\",\"url\":\"https:\/\/gysfm.com.ar\/inicio\/\",\"name\":\"GYS NOTICIAS |\",\"description\":\"DIARIO - RADIO ONLINE SAN JUAN ARGENTINA\",\"publisher\":{\"@id\":\"https:\/\/gysfm.com.ar\/inicio\/#organization\"},\"potentialAction\":[{\"@type\":\"SearchAction\",\"target\":{\"@type\":\"EntryPoint\",\"urlTemplate\":\"https:\/\/gysfm.com.ar\/inicio\/?s={search_term_string}\"},\"query-input\":{\"@type\":\"PropertyValueSpecification\",\"valueRequired\":true,\"valueName\":\"search_term_string\"}}],\"inLanguage\":\"es\"},{\"@type\":\"Organization\",\"@id\":\"https:\/\/gysfm.com.ar\/inicio\/#organization\",\"name\":\"GYS NOTICIAS |\",\"url\":\"https:\/\/gysfm.com.ar\/inicio\/\",\"logo\":{\"@type\":\"ImageObject\",\"inLanguage\":\"es\",\"@id\":\"https:\/\/gysfm.com.ar\/inicio\/#\/schema\/logo\/image\/\",\"url\":\"https:\/\/gysfm.com.ar\/inicio\/wp-content\/uploads\/2023\/07\/LOGOGYS-OK.png\",\"contentUrl\":\"https:\/\/gysfm.com.ar\/inicio\/wp-content\/uploads\/2023\/07\/LOGOGYS-OK.png\",\"width\":1170,\"height\":872,\"caption\":\"GYS NOTICIAS |\"},\"image\":{\"@id\":\"https:\/\/gysfm.com.ar\/inicio\/#\/schema\/logo\/image\/\"}},{\"@type\":\"Person\",\"@id\":\"https:\/\/gysfm.com.ar\/inicio\/#\/schema\/person\/3abba7593ef2ad19e1be221d54383dc5\",\"name\":\"Prensa G&amp;S FM\",\"image\":{\"@type\":\"ImageObject\",\"inLanguage\":\"es\",\"@id\":\"https:\/\/gysfm.com.ar\/inicio\/#\/schema\/person\/image\/\",\"url\":\"https:\/\/secure.gravatar.com\/avatar\/096ec78df02049ab018702bb4ccedf659377fa92a26540b5247612077a0dbd29?s=96&d=mm&r=g\",\"contentUrl\":\"https:\/\/secure.gravatar.com\/avatar\/096ec78df02049ab018702bb4ccedf659377fa92a26540b5247612077a0dbd29?s=96&d=mm&r=g\",\"caption\":\"Prensa G&amp;S FM\"},\"sameAs\":[\"https:\/\/gysfm.com.ar\/\"],\"url\":\"https:\/\/gysfm.com.ar\/inicio\/author\/lucasm\/\"}]}<\/script>\n<!-- \/ Yoast SEO plugin. -->","yoast_head_json":{"title":"Pronostico del tiempo: vuelve el fr\u00edo al AMBA - GYS NOTICIAS |","robots":{"index":"index","follow":"follow","max-snippet":"max-snippet:-1","max-image-preview":"max-image-preview:large","max-video-preview":"max-video-preview:-1"},"canonical":"https:\/\/gysfm.com.ar\/inicio\/pronostico-del-tiempo-vuelve-el-frio-al-amba\/","og_locale":"es_ES","og_type":"article","og_title":"Pronostico del tiempo: vuelve el fr\u00edo al AMBA - GYS NOTICIAS |","og_description":"Tras varios d\u00edas con temperaturas templadas e incluso registros por encima de lo habitual para esta \u00e9poca, el \u00c1rea Metropolitana de Buenos Aires (AMBA) podr\u00eda experimentar un cambio en las condiciones del tiempo en los pr\u00f3ximos d\u00edas, con el regreso de marcas t\u00e9rmicas m\u00e1s acordes al oto\u00f1o. Seg\u00fan anticipan los pron\u00f3sticos meteorol\u00f3gicos, un frente de [&hellip;]","og_url":"https:\/\/gysfm.com.ar\/inicio\/pronostico-del-tiempo-vuelve-el-frio-al-amba\/","og_site_name":"GYS NOTICIAS |","article_published_time":"2026-04-26T02:23:08+00:00","author":"Prensa G&amp;S FM","twitter_card":"summary_large_image","twitter_misc":{"Escrito por":"Prensa G&amp;S FM","Tiempo de lectura":"2 minutos"},"schema":{"@context":"https:\/\/schema.org","@graph":[{"@type":"Article","@id":"https:\/\/gysfm.com.ar\/inicio\/pronostico-del-tiempo-vuelve-el-frio-al-amba\/#article","isPartOf":{"@id":"https:\/\/gysfm.com.ar\/inicio\/pronostico-del-tiempo-vuelve-el-frio-al-amba\/"},"author":{"name":"Prensa G&amp;S FM","@id":"https:\/\/gysfm.com.ar\/inicio\/#\/schema\/person\/3abba7593ef2ad19e1be221d54383dc5"},"headline":"Pronostico del tiempo: vuelve el fr\u00edo al AMBA","datePublished":"2026-04-26T02:23:08+00:00","mainEntityOfPage":{"@id":"https:\/\/gysfm.com.ar\/inicio\/pronostico-del-tiempo-vuelve-el-frio-al-amba\/"},"wordCount":332,"publisher":{"@id":"https:\/\/gysfm.com.ar\/inicio\/#organization"},"image":{"@id":"https:\/\/gysfm.com.ar\/inicio\/pronostico-del-tiempo-vuelve-el-frio-al-amba\/#primaryimage"},"thumbnailUrl":"https:\/\/gysfm.com.ar\/inicio\/wp-content\/uploads\/2026\/04\/frio-2208383.jpg","articleSection":["NACIONALES"],"inLanguage":"es"},{"@type":"WebPage","@id":"https:\/\/gysfm.com.ar\/inicio\/pronostico-del-tiempo-vuelve-el-frio-al-amba\/","url":"https:\/\/gysfm.com.ar\/inicio\/pronostico-del-tiempo-vuelve-el-frio-al-amba\/","name":"Pronostico del tiempo: vuelve el fr\u00edo al AMBA - GYS NOTICIAS |","isPartOf":{"@id":"https:\/\/gysfm.com.ar\/inicio\/#website"},"primaryImageOfPage":{"@id":"https:\/\/gysfm.com.ar\/inicio\/pronostico-del-tiempo-vuelve-el-frio-al-amba\/#primaryimage"},"image":{"@id":"https:\/\/gysfm.com.ar\/inicio\/pronostico-del-tiempo-vuelve-el-frio-al-amba\/#primaryimage"},"thumbnailUrl":"https:\/\/gysfm.com.ar\/inicio\/wp-content\/uploads\/2026\/04\/frio-2208383.jpg","datePublished":"2026-04-26T02:23:08+00:00","breadcrumb":{"@id":"https:\/\/gysfm.com.ar\/inicio\/pronostico-del-tiempo-vuelve-el-frio-al-amba\/#breadcrumb"},"inLanguage":"es","potentialAction":[{"@type":"ReadAction","target":["https:\/\/gysfm.com.ar\/inicio\/pronostico-del-tiempo-vuelve-el-frio-al-amba\/"]}]},{"@type":"ImageObject","inLanguage":"es","@id":"https:\/\/gysfm.com.ar\/inicio\/pronostico-del-tiempo-vuelve-el-frio-al-amba\/#primaryimage","url":"https:\/\/gysfm.com.ar\/inicio\/wp-content\/uploads\/2026\/04\/frio-2208383.jpg","contentUrl":"https:\/\/gysfm.com.ar\/inicio\/wp-content\/uploads\/2026\/04\/frio-2208383.jpg","width":1140,"height":641},{"@type":"BreadcrumbList","@id":"https:\/\/gysfm.com.ar\/inicio\/pronostico-del-tiempo-vuelve-el-frio-al-amba\/#breadcrumb","itemListElement":[{"@type":"ListItem","position":1,"name":"Portada","item":"https:\/\/gysfm.com.ar\/inicio\/"},{"@type":"ListItem","position":2,"name":"Pronostico del tiempo: vuelve el fr\u00edo al AMBA"}]},{"@type":"WebSite","@id":"https:\/\/gysfm.com.ar\/inicio\/#website","url":"https:\/\/gysfm.com.ar\/inicio\/","name":"GYS NOTICIAS |","description":"DIARIO - RADIO ONLINE SAN JUAN ARGENTINA","publisher":{"@id":"https:\/\/gysfm.com.ar\/inicio\/#organization"},"potentialAction":[{"@type":"SearchAction","target":{"@type":"EntryPoint","urlTemplate":"https:\/\/gysfm.com.ar\/inicio\/?s={search_term_string}"},"query-input":{"@type":"PropertyValueSpecification","valueRequired":true,"valueName":"search_term_string"}}],"inLanguage":"es"},{"@type":"Organization","@id":"https:\/\/gysfm.com.ar\/inicio\/#organization","name":"GYS NOTICIAS |","url":"https:\/\/gysfm.com.ar\/inicio\/","logo":{"@type":"ImageObject","inLanguage":"es","@id":"https:\/\/gysfm.com.ar\/inicio\/#\/schema\/logo\/image\/","url":"https:\/\/gysfm.com.ar\/inicio\/wp-content\/uploads\/2023\/07\/LOGOGYS-OK.png","contentUrl":"https:\/\/gysfm.com.ar\/inicio\/wp-content\/uploads\/2023\/07\/LOGOGYS-OK.png","width":1170,"height":872,"caption":"GYS NOTICIAS |"},"image":{"@id":"https:\/\/gysfm.com.ar\/inicio\/#\/schema\/logo\/image\/"}},{"@type":"Person","@id":"https:\/\/gysfm.com.ar\/inicio\/#\/schema\/person\/3abba7593ef2ad19e1be221d54383dc5","name":"Prensa G&amp;S FM","image":{"@type":"ImageObject","inLanguage":"es","@id":"https:\/\/gysfm.com.ar\/inicio\/#\/schema\/person\/image\/","url":"https:\/\/secure.gravatar.com\/avatar\/096ec78df02049ab018702bb4ccedf659377fa92a26540b5247612077a0dbd29?s=96&d=mm&r=g","contentUrl":"https:\/\/secure.gravatar.com\/avatar\/096ec78df02049ab018702bb4ccedf659377fa92a26540b5247612077a0dbd29?s=96&d=mm&r=g","caption":"Prensa G&amp;S FM"},"sameAs":["https:\/\/gysfm.com.ar\/"],"url":"https:\/\/gysfm.com.ar\/inicio\/author\/lucasm\/"}]}},"_links":{"self":[{"href":"https:\/\/gysfm.com.ar\/inicio\/wp-json\/wp\/v2\/posts\/193009","targetHints":{"allow":["GET"]}}],"collection":[{"href":"https:\/\/gysfm.com.ar\/inicio\/wp-json\/wp\/v2\/posts"}],"about":[{"href":"https:\/\/gysfm.com.ar\/inicio\/wp-json\/wp\/v2\/types\/post"}],"author":[{"embeddable":true,"href":"https:\/\/gysfm.com.ar\/inicio\/wp-json\/wp\/v2\/users\/2"}],"replies":[{"embeddable":true,"href":"https:\/\/gysfm.com.ar\/inicio\/wp-json\/wp\/v2\/comments?post=193009"}],"version-history":[{"count":0,"href":"https:\/\/gysfm.com.ar\/inicio\/wp-json\/wp\/v2\/posts\/193009\/revisions"}],"wp:featuredmedia":[{"embeddable":true,"href":"https:\/\/gysfm.com.ar\/inicio\/wp-json\/wp\/v2\/media\/193010"}],"wp:attachment":[{"href":"https:\/\/gysfm.com.ar\/inicio\/wp-json\/wp\/v2\/media?parent=193009"}],"wp:term":[{"taxonomy":"category","embeddable":true,"href":"https:\/\/gysfm.com.ar\/inicio\/wp-json\/wp\/v2\/categories?post=193009"},{"taxonomy":"post_tag","embeddable":true,"href":"https:\/\/gysfm.com.ar\/inicio\/wp-json\/wp\/v2\/tags?post=193009"}],"curies":[{"name":"wp","href":"https:\/\/api.w.org\/{rel}","templated":true}]}}