{"id":193007,"date":"2026-04-25T22:52:10","date_gmt":"2026-04-26T01:52:10","guid":{"rendered":"https:\/\/gysfm.com.ar\/inicio\/como-impacta-la-pobreza-en-los-ninos\/"},"modified":"2026-04-25T22:52:10","modified_gmt":"2026-04-26T01:52:10","slug":"como-impacta-la-pobreza-en-los-ninos","status":"publish","type":"post","link":"https:\/\/gysfm.com.ar\/inicio\/como-impacta-la-pobreza-en-los-ninos\/","title":{"rendered":"C\u00f3mo impacta la pobreza en los ni\u00f1os"},"content":{"rendered":"<p><\/p>\n<div id=\"article-content\">\n<p>Una<strong> encuesta de la Deuda Social Argentina y de la Universidad Cat\u00f3lica Argentina<\/strong> revel\u00f3 que la pobreza infantil en el<a target=\"_blank\" href=\"https:\/\/www.perfil.com\/noticias\/reperfilar\/casi-6-de-cada-10-ninos-son-pobres-en-la-argentina.phtml\"> <strong>pa\u00eds alcanz\u00f3 el 53,6%, mientras que la indigencia se ubic\u00f3 en 10,7. <\/strong><\/a><\/p>\n<p>El informe tambi\u00e9n expuso que el 28,8% de los <strong>ni\u00f1os y adolescentes sufri\u00f3 inseguridad alimentaria en 2025, con un 13,2%<\/strong> en su forma m\u00e1s severa, aunque estos indicadores mejoraron frente al 2024, a\u00fan no se logra recuperar los niveles previos a 2017. <\/p>\n<p>La problem\u00e1tica golpea m\u00e1s fuerte a los hogares de menores ingresos y en el conurbano bonaerense. <\/p>\n<div class=\"subscription\">\n<p>\n        Esto no les gusta a los autoritarios\n    <\/p>\n<div class=\"subscription__container\">\n<div class=\"subscription__text-wrapper\">\n<p>\n                El ejercicio del periodismo profesional y cr\u00edtico es un pilar fundamental de la democracia. Por eso molesta a quienes creen ser los due\u00f1os de la verdad.\n            <\/p>\n<\/p><\/div><\/div>\n<\/div>\n<p><iframe id=\"vrudo\" class=\"vrudo\" src=\"https:\/\/rudo.video\/vod\/yiOk0zqbHim?volume=0\" width=\"100%\" height=\"100%\" allowscriptaccess=\"always\" allowfullscreen=\"true\" webkitallowfullscreen=\"true\" frameborder=\"0\" scrolling=\"no\" allow=\"autoplay; fullscreen\" loading=\"lazy\" title=\"Contenido embebido\"><\/iframe><\/p>\n<p>En ese contexto la<strong> asistencia alimentaria alcanz\u00f3 el 64,8% de los chicos, el valor m\u00e1s alto de toda la serie. <\/strong><\/p>\n<p>Este aumento se consolid\u00f3 a partir de 2020, impulsado por la expansi\u00f3n de comedores infantiles, y comunitarios, y la implementaci\u00f3n de la Tarjeta Alimentar. <\/p>\n<p>La cobertura de transferencias como la Asignaci\u00f3n Universal por hijo, lleg\u00f3 al 42,5% de los ni\u00f1os, lo que implica una ca\u00edda del 3,3 puntos porcentuales respecto del 2024. <\/p>\n<p>Las condiciones de vida tambi\u00e9n reflejan d\u00e9ficit estructurales. El 18,1% de las ni\u00f1eces viven en viviendas precarias, y el 20,9% en situaci\u00f3n de hacinamiento. <\/p>\n<p>El informe tambi\u00e9n hace hincapi\u00e9 en la ca\u00edda sostenida de la natalidad. Mientras que en 1991 el 56% de los hogares ten\u00eda menores de 18 a\u00f1os. <\/p>\n<\/p><\/div>\n<p><script>\n                !function(f,b,e,v,n,t,s)\n                {if(f.fbq)return;n=f.fbq=function(){n.callMethod?\n                    n.callMethod.apply(n,arguments):n.queue.push(arguments)};\n                    if(!f._fbq)f._fbq=n;n.push=n;n.loaded=!0;n.version='2.0';\n                    n.queue=[];t=b.createElement(e);t.async=!0;\n                    t.src=v;s=b.getElementsByTagName(e)[0];\n                    s.parentNode.insertBefore(t,s)}(window, document,'script',\n                    'https:\/\/connect.facebook.net\/en_US\/fbevents.js');\n                window.paywallConfig.facebook_pixel=\"1000228364089342\"\n            <\/script><\/p>\n","protected":false},"excerpt":{"rendered":"<p>Una encuesta de la Deuda Social Argentina y de la Universidad Cat\u00f3lica Argentina revel\u00f3 que la pobreza infantil en el pa\u00eds alcanz\u00f3 el 53,6%, mientras que la indigencia se ubic\u00f3 en 10,7. El informe tambi\u00e9n expuso que el 28,8% de los ni\u00f1os y adolescentes sufri\u00f3 inseguridad alimentaria en 2025, con un 13,2% en su forma [&hellip;]<\/p>\n","protected":false},"author":2,"featured_media":193008,"comment_status":"closed","ping_status":"closed","sticky":false,"template":"","format":"standard","meta":{"footnotes":""},"categories":[25],"tags":[],"class_list":["post-193007","post","type-post","status-publish","format-standard","has-post-thumbnail","hentry","category-nacionales"],"yoast_head":"<!-- This site is optimized with the Yoast SEO plugin v24.4 - https:\/\/yoast.com\/wordpress\/plugins\/seo\/ -->\n<title>C\u00f3mo impacta la pobreza en los ni\u00f1os - GYS NOTICIAS |<\/title>\n<meta name=\"robots\" content=\"index, follow, max-snippet:-1, max-image-preview:large, max-video-preview:-1\" \/>\n<link rel=\"canonical\" href=\"https:\/\/gysfm.com.ar\/inicio\/como-impacta-la-pobreza-en-los-ninos\/\" \/>\n<meta property=\"og:locale\" content=\"es_ES\" \/>\n<meta property=\"og:type\" content=\"article\" \/>\n<meta property=\"og:title\" content=\"C\u00f3mo impacta la pobreza en los ni\u00f1os - GYS NOTICIAS |\" \/>\n<meta property=\"og:description\" content=\"Una encuesta de la Deuda Social Argentina y de la Universidad Cat\u00f3lica Argentina revel\u00f3 que la pobreza infantil en el pa\u00eds alcanz\u00f3 el 53,6%, mientras que la indigencia se ubic\u00f3 en 10,7. El informe tambi\u00e9n expuso que el 28,8% de los ni\u00f1os y adolescentes sufri\u00f3 inseguridad alimentaria en 2025, con un 13,2% en su forma [&hellip;]\" \/>\n<meta property=\"og:url\" content=\"https:\/\/gysfm.com.ar\/inicio\/como-impacta-la-pobreza-en-los-ninos\/\" \/>\n<meta property=\"og:site_name\" content=\"GYS NOTICIAS |\" \/>\n<meta property=\"article:published_time\" content=\"2026-04-26T01:52:10+00:00\" \/>\n<meta name=\"author\" content=\"Prensa G&amp;S FM\" \/>\n<meta name=\"twitter:card\" content=\"summary_large_image\" \/>\n<meta name=\"twitter:label1\" content=\"Escrito por\" \/>\n\t<meta name=\"twitter:data1\" content=\"Prensa G&amp;S FM\" \/>\n\t<meta name=\"twitter:label2\" content=\"Tiempo de lectura\" \/>\n\t<meta name=\"twitter:data2\" content=\"1 minuto\" \/>\n<script type=\"application\/ld+json\" class=\"yoast-schema-graph\">{\"@context\":\"https:\/\/schema.org\",\"@graph\":[{\"@type\":\"Article\",\"@id\":\"https:\/\/gysfm.com.ar\/inicio\/como-impacta-la-pobreza-en-los-ninos\/#article\",\"isPartOf\":{\"@id\":\"https:\/\/gysfm.com.ar\/inicio\/como-impacta-la-pobreza-en-los-ninos\/\"},\"author\":{\"name\":\"Prensa G&amp;S FM\",\"@id\":\"https:\/\/gysfm.com.ar\/inicio\/#\/schema\/person\/3abba7593ef2ad19e1be221d54383dc5\"},\"headline\":\"C\u00f3mo impacta la pobreza en los ni\u00f1os\",\"datePublished\":\"2026-04-26T01:52:10+00:00\",\"mainEntityOfPage\":{\"@id\":\"https:\/\/gysfm.com.ar\/inicio\/como-impacta-la-pobreza-en-los-ninos\/\"},\"wordCount\":261,\"publisher\":{\"@id\":\"https:\/\/gysfm.com.ar\/inicio\/#organization\"},\"image\":{\"@id\":\"https:\/\/gysfm.com.ar\/inicio\/como-impacta-la-pobreza-en-los-ninos\/#primaryimage\"},\"thumbnailUrl\":\"https:\/\/gysfm.com.ar\/inicio\/wp-content\/uploads\/2026\/04\/040426pobrezacomedorpopularcomunitariocedocg-2214681.jpg\",\"articleSection\":[\"NACIONALES\"],\"inLanguage\":\"es\"},{\"@type\":\"WebPage\",\"@id\":\"https:\/\/gysfm.com.ar\/inicio\/como-impacta-la-pobreza-en-los-ninos\/\",\"url\":\"https:\/\/gysfm.com.ar\/inicio\/como-impacta-la-pobreza-en-los-ninos\/\",\"name\":\"C\u00f3mo impacta la pobreza en los ni\u00f1os - GYS NOTICIAS |\",\"isPartOf\":{\"@id\":\"https:\/\/gysfm.com.ar\/inicio\/#website\"},\"primaryImageOfPage\":{\"@id\":\"https:\/\/gysfm.com.ar\/inicio\/como-impacta-la-pobreza-en-los-ninos\/#primaryimage\"},\"image\":{\"@id\":\"https:\/\/gysfm.com.ar\/inicio\/como-impacta-la-pobreza-en-los-ninos\/#primaryimage\"},\"thumbnailUrl\":\"https:\/\/gysfm.com.ar\/inicio\/wp-content\/uploads\/2026\/04\/040426pobrezacomedorpopularcomunitariocedocg-2214681.jpg\",\"datePublished\":\"2026-04-26T01:52:10+00:00\",\"breadcrumb\":{\"@id\":\"https:\/\/gysfm.com.ar\/inicio\/como-impacta-la-pobreza-en-los-ninos\/#breadcrumb\"},\"inLanguage\":\"es\",\"potentialAction\":[{\"@type\":\"ReadAction\",\"target\":[\"https:\/\/gysfm.com.ar\/inicio\/como-impacta-la-pobreza-en-los-ninos\/\"]}]},{\"@type\":\"ImageObject\",\"inLanguage\":\"es\",\"@id\":\"https:\/\/gysfm.com.ar\/inicio\/como-impacta-la-pobreza-en-los-ninos\/#primaryimage\",\"url\":\"https:\/\/gysfm.com.ar\/inicio\/wp-content\/uploads\/2026\/04\/040426pobrezacomedorpopularcomunitariocedocg-2214681.jpg\",\"contentUrl\":\"https:\/\/gysfm.com.ar\/inicio\/wp-content\/uploads\/2026\/04\/040426pobrezacomedorpopularcomunitariocedocg-2214681.jpg\",\"width\":1140,\"height\":641},{\"@type\":\"BreadcrumbList\",\"@id\":\"https:\/\/gysfm.com.ar\/inicio\/como-impacta-la-pobreza-en-los-ninos\/#breadcrumb\",\"itemListElement\":[{\"@type\":\"ListItem\",\"position\":1,\"name\":\"Portada\",\"item\":\"https:\/\/gysfm.com.ar\/inicio\/\"},{\"@type\":\"ListItem\",\"position\":2,\"name\":\"C\u00f3mo impacta la pobreza en los ni\u00f1os\"}]},{\"@type\":\"WebSite\",\"@id\":\"https:\/\/gysfm.com.ar\/inicio\/#website\",\"url\":\"https:\/\/gysfm.com.ar\/inicio\/\",\"name\":\"GYS NOTICIAS |\",\"description\":\"DIARIO - RADIO ONLINE SAN JUAN ARGENTINA\",\"publisher\":{\"@id\":\"https:\/\/gysfm.com.ar\/inicio\/#organization\"},\"potentialAction\":[{\"@type\":\"SearchAction\",\"target\":{\"@type\":\"EntryPoint\",\"urlTemplate\":\"https:\/\/gysfm.com.ar\/inicio\/?s={search_term_string}\"},\"query-input\":{\"@type\":\"PropertyValueSpecification\",\"valueRequired\":true,\"valueName\":\"search_term_string\"}}],\"inLanguage\":\"es\"},{\"@type\":\"Organization\",\"@id\":\"https:\/\/gysfm.com.ar\/inicio\/#organization\",\"name\":\"GYS NOTICIAS |\",\"url\":\"https:\/\/gysfm.com.ar\/inicio\/\",\"logo\":{\"@type\":\"ImageObject\",\"inLanguage\":\"es\",\"@id\":\"https:\/\/gysfm.com.ar\/inicio\/#\/schema\/logo\/image\/\",\"url\":\"https:\/\/gysfm.com.ar\/inicio\/wp-content\/uploads\/2023\/07\/LOGOGYS-OK.png\",\"contentUrl\":\"https:\/\/gysfm.com.ar\/inicio\/wp-content\/uploads\/2023\/07\/LOGOGYS-OK.png\",\"width\":1170,\"height\":872,\"caption\":\"GYS NOTICIAS |\"},\"image\":{\"@id\":\"https:\/\/gysfm.com.ar\/inicio\/#\/schema\/logo\/image\/\"}},{\"@type\":\"Person\",\"@id\":\"https:\/\/gysfm.com.ar\/inicio\/#\/schema\/person\/3abba7593ef2ad19e1be221d54383dc5\",\"name\":\"Prensa G&amp;S FM\",\"image\":{\"@type\":\"ImageObject\",\"inLanguage\":\"es\",\"@id\":\"https:\/\/gysfm.com.ar\/inicio\/#\/schema\/person\/image\/\",\"url\":\"https:\/\/secure.gravatar.com\/avatar\/096ec78df02049ab018702bb4ccedf659377fa92a26540b5247612077a0dbd29?s=96&d=mm&r=g\",\"contentUrl\":\"https:\/\/secure.gravatar.com\/avatar\/096ec78df02049ab018702bb4ccedf659377fa92a26540b5247612077a0dbd29?s=96&d=mm&r=g\",\"caption\":\"Prensa G&amp;S FM\"},\"sameAs\":[\"https:\/\/gysfm.com.ar\/\"],\"url\":\"https:\/\/gysfm.com.ar\/inicio\/author\/lucasm\/\"}]}<\/script>\n<!-- \/ Yoast SEO plugin. -->","yoast_head_json":{"title":"C\u00f3mo impacta la pobreza en los ni\u00f1os - GYS NOTICIAS |","robots":{"index":"index","follow":"follow","max-snippet":"max-snippet:-1","max-image-preview":"max-image-preview:large","max-video-preview":"max-video-preview:-1"},"canonical":"https:\/\/gysfm.com.ar\/inicio\/como-impacta-la-pobreza-en-los-ninos\/","og_locale":"es_ES","og_type":"article","og_title":"C\u00f3mo impacta la pobreza en los ni\u00f1os - GYS NOTICIAS |","og_description":"Una encuesta de la Deuda Social Argentina y de la Universidad Cat\u00f3lica Argentina revel\u00f3 que la pobreza infantil en el pa\u00eds alcanz\u00f3 el 53,6%, mientras que la indigencia se ubic\u00f3 en 10,7. El informe tambi\u00e9n expuso que el 28,8% de los ni\u00f1os y adolescentes sufri\u00f3 inseguridad alimentaria en 2025, con un 13,2% en su forma [&hellip;]","og_url":"https:\/\/gysfm.com.ar\/inicio\/como-impacta-la-pobreza-en-los-ninos\/","og_site_name":"GYS NOTICIAS |","article_published_time":"2026-04-26T01:52:10+00:00","author":"Prensa G&amp;S FM","twitter_card":"summary_large_image","twitter_misc":{"Escrito por":"Prensa G&amp;S FM","Tiempo de lectura":"1 minuto"},"schema":{"@context":"https:\/\/schema.org","@graph":[{"@type":"Article","@id":"https:\/\/gysfm.com.ar\/inicio\/como-impacta-la-pobreza-en-los-ninos\/#article","isPartOf":{"@id":"https:\/\/gysfm.com.ar\/inicio\/como-impacta-la-pobreza-en-los-ninos\/"},"author":{"name":"Prensa G&amp;S FM","@id":"https:\/\/gysfm.com.ar\/inicio\/#\/schema\/person\/3abba7593ef2ad19e1be221d54383dc5"},"headline":"C\u00f3mo impacta la pobreza en los ni\u00f1os","datePublished":"2026-04-26T01:52:10+00:00","mainEntityOfPage":{"@id":"https:\/\/gysfm.com.ar\/inicio\/como-impacta-la-pobreza-en-los-ninos\/"},"wordCount":261,"publisher":{"@id":"https:\/\/gysfm.com.ar\/inicio\/#organization"},"image":{"@id":"https:\/\/gysfm.com.ar\/inicio\/como-impacta-la-pobreza-en-los-ninos\/#primaryimage"},"thumbnailUrl":"https:\/\/gysfm.com.ar\/inicio\/wp-content\/uploads\/2026\/04\/040426pobrezacomedorpopularcomunitariocedocg-2214681.jpg","articleSection":["NACIONALES"],"inLanguage":"es"},{"@type":"WebPage","@id":"https:\/\/gysfm.com.ar\/inicio\/como-impacta-la-pobreza-en-los-ninos\/","url":"https:\/\/gysfm.com.ar\/inicio\/como-impacta-la-pobreza-en-los-ninos\/","name":"C\u00f3mo impacta la pobreza en los ni\u00f1os - GYS NOTICIAS |","isPartOf":{"@id":"https:\/\/gysfm.com.ar\/inicio\/#website"},"primaryImageOfPage":{"@id":"https:\/\/gysfm.com.ar\/inicio\/como-impacta-la-pobreza-en-los-ninos\/#primaryimage"},"image":{"@id":"https:\/\/gysfm.com.ar\/inicio\/como-impacta-la-pobreza-en-los-ninos\/#primaryimage"},"thumbnailUrl":"https:\/\/gysfm.com.ar\/inicio\/wp-content\/uploads\/2026\/04\/040426pobrezacomedorpopularcomunitariocedocg-2214681.jpg","datePublished":"2026-04-26T01:52:10+00:00","breadcrumb":{"@id":"https:\/\/gysfm.com.ar\/inicio\/como-impacta-la-pobreza-en-los-ninos\/#breadcrumb"},"inLanguage":"es","potentialAction":[{"@type":"ReadAction","target":["https:\/\/gysfm.com.ar\/inicio\/como-impacta-la-pobreza-en-los-ninos\/"]}]},{"@type":"ImageObject","inLanguage":"es","@id":"https:\/\/gysfm.com.ar\/inicio\/como-impacta-la-pobreza-en-los-ninos\/#primaryimage","url":"https:\/\/gysfm.com.ar\/inicio\/wp-content\/uploads\/2026\/04\/040426pobrezacomedorpopularcomunitariocedocg-2214681.jpg","contentUrl":"https:\/\/gysfm.com.ar\/inicio\/wp-content\/uploads\/2026\/04\/040426pobrezacomedorpopularcomunitariocedocg-2214681.jpg","width":1140,"height":641},{"@type":"BreadcrumbList","@id":"https:\/\/gysfm.com.ar\/inicio\/como-impacta-la-pobreza-en-los-ninos\/#breadcrumb","itemListElement":[{"@type":"ListItem","position":1,"name":"Portada","item":"https:\/\/gysfm.com.ar\/inicio\/"},{"@type":"ListItem","position":2,"name":"C\u00f3mo impacta la pobreza en los ni\u00f1os"}]},{"@type":"WebSite","@id":"https:\/\/gysfm.com.ar\/inicio\/#website","url":"https:\/\/gysfm.com.ar\/inicio\/","name":"GYS NOTICIAS |","description":"DIARIO - RADIO ONLINE SAN JUAN ARGENTINA","publisher":{"@id":"https:\/\/gysfm.com.ar\/inicio\/#organization"},"potentialAction":[{"@type":"SearchAction","target":{"@type":"EntryPoint","urlTemplate":"https:\/\/gysfm.com.ar\/inicio\/?s={search_term_string}"},"query-input":{"@type":"PropertyValueSpecification","valueRequired":true,"valueName":"search_term_string"}}],"inLanguage":"es"},{"@type":"Organization","@id":"https:\/\/gysfm.com.ar\/inicio\/#organization","name":"GYS NOTICIAS |","url":"https:\/\/gysfm.com.ar\/inicio\/","logo":{"@type":"ImageObject","inLanguage":"es","@id":"https:\/\/gysfm.com.ar\/inicio\/#\/schema\/logo\/image\/","url":"https:\/\/gysfm.com.ar\/inicio\/wp-content\/uploads\/2023\/07\/LOGOGYS-OK.png","contentUrl":"https:\/\/gysfm.com.ar\/inicio\/wp-content\/uploads\/2023\/07\/LOGOGYS-OK.png","width":1170,"height":872,"caption":"GYS NOTICIAS |"},"image":{"@id":"https:\/\/gysfm.com.ar\/inicio\/#\/schema\/logo\/image\/"}},{"@type":"Person","@id":"https:\/\/gysfm.com.ar\/inicio\/#\/schema\/person\/3abba7593ef2ad19e1be221d54383dc5","name":"Prensa G&amp;S FM","image":{"@type":"ImageObject","inLanguage":"es","@id":"https:\/\/gysfm.com.ar\/inicio\/#\/schema\/person\/image\/","url":"https:\/\/secure.gravatar.com\/avatar\/096ec78df02049ab018702bb4ccedf659377fa92a26540b5247612077a0dbd29?s=96&d=mm&r=g","contentUrl":"https:\/\/secure.gravatar.com\/avatar\/096ec78df02049ab018702bb4ccedf659377fa92a26540b5247612077a0dbd29?s=96&d=mm&r=g","caption":"Prensa G&amp;S FM"},"sameAs":["https:\/\/gysfm.com.ar\/"],"url":"https:\/\/gysfm.com.ar\/inicio\/author\/lucasm\/"}]}},"_links":{"self":[{"href":"https:\/\/gysfm.com.ar\/inicio\/wp-json\/wp\/v2\/posts\/193007","targetHints":{"allow":["GET"]}}],"collection":[{"href":"https:\/\/gysfm.com.ar\/inicio\/wp-json\/wp\/v2\/posts"}],"about":[{"href":"https:\/\/gysfm.com.ar\/inicio\/wp-json\/wp\/v2\/types\/post"}],"author":[{"embeddable":true,"href":"https:\/\/gysfm.com.ar\/inicio\/wp-json\/wp\/v2\/users\/2"}],"replies":[{"embeddable":true,"href":"https:\/\/gysfm.com.ar\/inicio\/wp-json\/wp\/v2\/comments?post=193007"}],"version-history":[{"count":0,"href":"https:\/\/gysfm.com.ar\/inicio\/wp-json\/wp\/v2\/posts\/193007\/revisions"}],"wp:featuredmedia":[{"embeddable":true,"href":"https:\/\/gysfm.com.ar\/inicio\/wp-json\/wp\/v2\/media\/193008"}],"wp:attachment":[{"href":"https:\/\/gysfm.com.ar\/inicio\/wp-json\/wp\/v2\/media?parent=193007"}],"wp:term":[{"taxonomy":"category","embeddable":true,"href":"https:\/\/gysfm.com.ar\/inicio\/wp-json\/wp\/v2\/categories?post=193007"},{"taxonomy":"post_tag","embeddable":true,"href":"https:\/\/gysfm.com.ar\/inicio\/wp-json\/wp\/v2\/tags?post=193007"}],"curies":[{"name":"wp","href":"https:\/\/api.w.org\/{rel}","templated":true}]}}