{"id":192862,"date":"2026-04-25T03:37:06","date_gmt":"2026-04-25T06:37:06","guid":{"rendered":"https:\/\/gysfm.com.ar\/inicio\/manaos-debera-pagar-una-indemnizacion-de-800-millones\/"},"modified":"2026-04-25T03:37:06","modified_gmt":"2026-04-25T06:37:06","slug":"manaos-debera-pagar-una-indemnizacion-de-800-millones","status":"publish","type":"post","link":"https:\/\/gysfm.com.ar\/inicio\/manaos-debera-pagar-una-indemnizacion-de-800-millones\/","title":{"rendered":"Manaos deber\u00e1 pagar una indemnizaci\u00f3n de $800 millones"},"content":{"rendered":"<p><\/p>\n<div id=\"article-content\">\n<p>La <strong>empresa de bebidas Refres Now S.A<\/strong>., conocida por su marca Manaos, fue condenada a <a target=\"_blank\" href=\"https:\/\/www.perfil.com\/noticias\/reperfilar\/europa-busca-prohibir-las-redes-sociales-a-los-menores-de-16-anos.phtml\"><strong>abonar una indemnizaci\u00f3n de $800 millones tras un fallo judicial<\/strong><\/a> que la <strong>responsabiliza por da\u00f1os y perjuicios <\/strong>en un caso que gener\u00f3 fuerte repercusi\u00f3n en el sector empresarial.<\/p>\n<p>La sentencia fue dictada por un tribunal civil que consider\u00f3 <strong>acreditadas las irregularidades denunciadas por la parte demandante. <\/strong>Seg\u00fan se desprende del expediente, la compa\u00f1\u00eda incurri\u00f3 en<strong> conductas que derivaron en perjuicios econ\u00f3micos significativos,<\/strong> lo que motiv\u00f3 el reclamo judicial que culmin\u00f3 con este fallo.<\/p>\n<p><iframe id=\"vrudo\" class=\"vrudo\" src=\"https:\/\/rudo.video\/vod\/yiNMrKMLZVS?volume=0\" width=\"100%\" height=\"100%\" allowscriptaccess=\"always\" allowfullscreen=\"true\" webkitallowfullscreen=\"true\" frameborder=\"0\" scrolling=\"no\" allow=\"autoplay; fullscreen\" loading=\"lazy\" title=\"Contenido embebido\"><\/iframe><\/p>\n<p>Fuentes judiciales se\u00f1alaron que la <strong>resoluci\u00f3n contempla no solo el pago de la indemnizaci\u00f3n,<\/strong> sino tambi\u00e9n intereses y costas del proceso, lo que podr\u00eda elevar el monto total a desembolsar. Adem\u00e1s, <strong>no se descarta que la firma apele la decisi\u00f3n en instancias superiores.<\/strong><\/p>\n<div class=\"subscription\">\n<p>\n        Esto no les gusta a los autoritarios\n    <\/p>\n<div class=\"subscription__container\">\n<div class=\"subscription__text-wrapper\">\n<p>\n                El ejercicio del periodismo profesional y cr\u00edtico es un pilar fundamental de la democracia. Por eso molesta a quienes creen ser los due\u00f1os de la verdad.\n            <\/p>\n<\/p><\/div><\/div>\n<\/div>\n<p>Desde la empresa evitaron hacer declaraciones p\u00fablicas inmediatas, aunque trascendi\u00f3 que el equipo legal analiza los pasos a seguir. En tanto, especialistas en derecho comercial advierten que<strong> el caso podr\u00eda sentar un precedente relevante en materia de responsabilidad empresarial.<\/strong><\/p>\n<p>El impacto de la medida tambi\u00e9n podr\u00eda sentirse en el mercado de bebidas, donde <strong>Manaos ocupa un lugar destacado por su pol\u00edtica de precios competitivos<\/strong>. Analistas sostienen que una sanci\u00f3n de esta magnitud podr\u00eda afectar la estructura financiera de la compa\u00f1\u00eda y su estrategia comercial en el corto plazo.<\/p>\n<p>Mientras tanto, el fallo reaviva el debate sobre los controles y regulaciones en el sector, as\u00ed como la necesidad de reforzar mecanismos que garanticen pr\u00e1cticas empresariales transparentes.<\/p>\n<\/p><\/div>\n<p><script>\n                !function(f,b,e,v,n,t,s)\n                {if(f.fbq)return;n=f.fbq=function(){n.callMethod?\n                    n.callMethod.apply(n,arguments):n.queue.push(arguments)};\n                    if(!f._fbq)f._fbq=n;n.push=n;n.loaded=!0;n.version='2.0';\n                    n.queue=[];t=b.createElement(e);t.async=!0;\n                    t.src=v;s=b.getElementsByTagName(e)[0];\n                    s.parentNode.insertBefore(t,s)}(window, document,'script',\n                    'https:\/\/connect.facebook.net\/en_US\/fbevents.js');\n                window.paywallConfig.facebook_pixel=\"1000228364089342\"\n            <\/script><\/p>\n","protected":false},"excerpt":{"rendered":"<p>La empresa de bebidas Refres Now S.A., conocida por su marca Manaos, fue condenada a abonar una indemnizaci\u00f3n de $800 millones tras un fallo judicial que la responsabiliza por da\u00f1os y perjuicios en un caso que gener\u00f3 fuerte repercusi\u00f3n en el sector empresarial. La sentencia fue dictada por un tribunal civil que consider\u00f3 acreditadas las [&hellip;]<\/p>\n","protected":false},"author":2,"featured_media":192863,"comment_status":"closed","ping_status":"closed","sticky":false,"template":"","format":"standard","meta":{"footnotes":""},"categories":[25],"tags":[],"class_list":["post-192862","post","type-post","status-publish","format-standard","has-post-thumbnail","hentry","category-nacionales"],"yoast_head":"<!-- This site is optimized with the Yoast SEO plugin v24.4 - https:\/\/yoast.com\/wordpress\/plugins\/seo\/ -->\n<title>Manaos deber\u00e1 pagar una indemnizaci\u00f3n de $800 millones - GYS NOTICIAS |<\/title>\n<meta name=\"robots\" content=\"index, follow, max-snippet:-1, max-image-preview:large, max-video-preview:-1\" \/>\n<link rel=\"canonical\" href=\"https:\/\/gysfm.com.ar\/inicio\/manaos-debera-pagar-una-indemnizacion-de-800-millones\/\" \/>\n<meta property=\"og:locale\" content=\"es_ES\" \/>\n<meta property=\"og:type\" content=\"article\" \/>\n<meta property=\"og:title\" content=\"Manaos deber\u00e1 pagar una indemnizaci\u00f3n de $800 millones - GYS NOTICIAS |\" \/>\n<meta property=\"og:description\" content=\"La empresa de bebidas Refres Now S.A., conocida por su marca Manaos, fue condenada a abonar una indemnizaci\u00f3n de $800 millones tras un fallo judicial que la responsabiliza por da\u00f1os y perjuicios en un caso que gener\u00f3 fuerte repercusi\u00f3n en el sector empresarial. La sentencia fue dictada por un tribunal civil que consider\u00f3 acreditadas las [&hellip;]\" \/>\n<meta property=\"og:url\" content=\"https:\/\/gysfm.com.ar\/inicio\/manaos-debera-pagar-una-indemnizacion-de-800-millones\/\" \/>\n<meta property=\"og:site_name\" content=\"GYS NOTICIAS |\" \/>\n<meta property=\"article:published_time\" content=\"2026-04-25T06:37:06+00:00\" \/>\n<meta name=\"author\" content=\"Prensa G&amp;S FM\" \/>\n<meta name=\"twitter:card\" content=\"summary_large_image\" \/>\n<meta name=\"twitter:label1\" content=\"Escrito por\" \/>\n\t<meta name=\"twitter:data1\" content=\"Prensa G&amp;S FM\" \/>\n\t<meta name=\"twitter:label2\" content=\"Tiempo de lectura\" \/>\n\t<meta name=\"twitter:data2\" content=\"2 minutos\" \/>\n<script type=\"application\/ld+json\" class=\"yoast-schema-graph\">{\"@context\":\"https:\/\/schema.org\",\"@graph\":[{\"@type\":\"Article\",\"@id\":\"https:\/\/gysfm.com.ar\/inicio\/manaos-debera-pagar-una-indemnizacion-de-800-millones\/#article\",\"isPartOf\":{\"@id\":\"https:\/\/gysfm.com.ar\/inicio\/manaos-debera-pagar-una-indemnizacion-de-800-millones\/\"},\"author\":{\"name\":\"Prensa G&amp;S FM\",\"@id\":\"https:\/\/gysfm.com.ar\/inicio\/#\/schema\/person\/3abba7593ef2ad19e1be221d54383dc5\"},\"headline\":\"Manaos deber\u00e1 pagar una indemnizaci\u00f3n de $800 millones\",\"datePublished\":\"2026-04-25T06:37:06+00:00\",\"mainEntityOfPage\":{\"@id\":\"https:\/\/gysfm.com.ar\/inicio\/manaos-debera-pagar-una-indemnizacion-de-800-millones\/\"},\"wordCount\":311,\"publisher\":{\"@id\":\"https:\/\/gysfm.com.ar\/inicio\/#organization\"},\"image\":{\"@id\":\"https:\/\/gysfm.com.ar\/inicio\/manaos-debera-pagar-una-indemnizacion-de-800-millones\/#primaryimage\"},\"thumbnailUrl\":\"https:\/\/gysfm.com.ar\/inicio\/wp-content\/uploads\/2026\/04\/manaos-debera-pagar-una-indemnizacion-de-800-millones-2226458.jpg\",\"articleSection\":[\"NACIONALES\"],\"inLanguage\":\"es\"},{\"@type\":\"WebPage\",\"@id\":\"https:\/\/gysfm.com.ar\/inicio\/manaos-debera-pagar-una-indemnizacion-de-800-millones\/\",\"url\":\"https:\/\/gysfm.com.ar\/inicio\/manaos-debera-pagar-una-indemnizacion-de-800-millones\/\",\"name\":\"Manaos deber\u00e1 pagar una indemnizaci\u00f3n de $800 millones - GYS NOTICIAS |\",\"isPartOf\":{\"@id\":\"https:\/\/gysfm.com.ar\/inicio\/#website\"},\"primaryImageOfPage\":{\"@id\":\"https:\/\/gysfm.com.ar\/inicio\/manaos-debera-pagar-una-indemnizacion-de-800-millones\/#primaryimage\"},\"image\":{\"@id\":\"https:\/\/gysfm.com.ar\/inicio\/manaos-debera-pagar-una-indemnizacion-de-800-millones\/#primaryimage\"},\"thumbnailUrl\":\"https:\/\/gysfm.com.ar\/inicio\/wp-content\/uploads\/2026\/04\/manaos-debera-pagar-una-indemnizacion-de-800-millones-2226458.jpg\",\"datePublished\":\"2026-04-25T06:37:06+00:00\",\"breadcrumb\":{\"@id\":\"https:\/\/gysfm.com.ar\/inicio\/manaos-debera-pagar-una-indemnizacion-de-800-millones\/#breadcrumb\"},\"inLanguage\":\"es\",\"potentialAction\":[{\"@type\":\"ReadAction\",\"target\":[\"https:\/\/gysfm.com.ar\/inicio\/manaos-debera-pagar-una-indemnizacion-de-800-millones\/\"]}]},{\"@type\":\"ImageObject\",\"inLanguage\":\"es\",\"@id\":\"https:\/\/gysfm.com.ar\/inicio\/manaos-debera-pagar-una-indemnizacion-de-800-millones\/#primaryimage\",\"url\":\"https:\/\/gysfm.com.ar\/inicio\/wp-content\/uploads\/2026\/04\/manaos-debera-pagar-una-indemnizacion-de-800-millones-2226458.jpg\",\"contentUrl\":\"https:\/\/gysfm.com.ar\/inicio\/wp-content\/uploads\/2026\/04\/manaos-debera-pagar-una-indemnizacion-de-800-millones-2226458.jpg\",\"width\":1140,\"height\":641},{\"@type\":\"BreadcrumbList\",\"@id\":\"https:\/\/gysfm.com.ar\/inicio\/manaos-debera-pagar-una-indemnizacion-de-800-millones\/#breadcrumb\",\"itemListElement\":[{\"@type\":\"ListItem\",\"position\":1,\"name\":\"Portada\",\"item\":\"https:\/\/gysfm.com.ar\/inicio\/\"},{\"@type\":\"ListItem\",\"position\":2,\"name\":\"Manaos deber\u00e1 pagar una indemnizaci\u00f3n de $800 millones\"}]},{\"@type\":\"WebSite\",\"@id\":\"https:\/\/gysfm.com.ar\/inicio\/#website\",\"url\":\"https:\/\/gysfm.com.ar\/inicio\/\",\"name\":\"GYS NOTICIAS |\",\"description\":\"DIARIO - RADIO ONLINE SAN JUAN ARGENTINA\",\"publisher\":{\"@id\":\"https:\/\/gysfm.com.ar\/inicio\/#organization\"},\"potentialAction\":[{\"@type\":\"SearchAction\",\"target\":{\"@type\":\"EntryPoint\",\"urlTemplate\":\"https:\/\/gysfm.com.ar\/inicio\/?s={search_term_string}\"},\"query-input\":{\"@type\":\"PropertyValueSpecification\",\"valueRequired\":true,\"valueName\":\"search_term_string\"}}],\"inLanguage\":\"es\"},{\"@type\":\"Organization\",\"@id\":\"https:\/\/gysfm.com.ar\/inicio\/#organization\",\"name\":\"GYS NOTICIAS |\",\"url\":\"https:\/\/gysfm.com.ar\/inicio\/\",\"logo\":{\"@type\":\"ImageObject\",\"inLanguage\":\"es\",\"@id\":\"https:\/\/gysfm.com.ar\/inicio\/#\/schema\/logo\/image\/\",\"url\":\"https:\/\/gysfm.com.ar\/inicio\/wp-content\/uploads\/2023\/07\/LOGOGYS-OK.png\",\"contentUrl\":\"https:\/\/gysfm.com.ar\/inicio\/wp-content\/uploads\/2023\/07\/LOGOGYS-OK.png\",\"width\":1170,\"height\":872,\"caption\":\"GYS NOTICIAS |\"},\"image\":{\"@id\":\"https:\/\/gysfm.com.ar\/inicio\/#\/schema\/logo\/image\/\"}},{\"@type\":\"Person\",\"@id\":\"https:\/\/gysfm.com.ar\/inicio\/#\/schema\/person\/3abba7593ef2ad19e1be221d54383dc5\",\"name\":\"Prensa G&amp;S FM\",\"image\":{\"@type\":\"ImageObject\",\"inLanguage\":\"es\",\"@id\":\"https:\/\/gysfm.com.ar\/inicio\/#\/schema\/person\/image\/\",\"url\":\"https:\/\/secure.gravatar.com\/avatar\/096ec78df02049ab018702bb4ccedf659377fa92a26540b5247612077a0dbd29?s=96&d=mm&r=g\",\"contentUrl\":\"https:\/\/secure.gravatar.com\/avatar\/096ec78df02049ab018702bb4ccedf659377fa92a26540b5247612077a0dbd29?s=96&d=mm&r=g\",\"caption\":\"Prensa G&amp;S FM\"},\"sameAs\":[\"https:\/\/gysfm.com.ar\/\"],\"url\":\"https:\/\/gysfm.com.ar\/inicio\/author\/lucasm\/\"}]}<\/script>\n<!-- \/ Yoast SEO plugin. -->","yoast_head_json":{"title":"Manaos deber\u00e1 pagar una indemnizaci\u00f3n de $800 millones - GYS NOTICIAS |","robots":{"index":"index","follow":"follow","max-snippet":"max-snippet:-1","max-image-preview":"max-image-preview:large","max-video-preview":"max-video-preview:-1"},"canonical":"https:\/\/gysfm.com.ar\/inicio\/manaos-debera-pagar-una-indemnizacion-de-800-millones\/","og_locale":"es_ES","og_type":"article","og_title":"Manaos deber\u00e1 pagar una indemnizaci\u00f3n de $800 millones - GYS NOTICIAS |","og_description":"La empresa de bebidas Refres Now S.A., conocida por su marca Manaos, fue condenada a abonar una indemnizaci\u00f3n de $800 millones tras un fallo judicial que la responsabiliza por da\u00f1os y perjuicios en un caso que gener\u00f3 fuerte repercusi\u00f3n en el sector empresarial. La sentencia fue dictada por un tribunal civil que consider\u00f3 acreditadas las [&hellip;]","og_url":"https:\/\/gysfm.com.ar\/inicio\/manaos-debera-pagar-una-indemnizacion-de-800-millones\/","og_site_name":"GYS NOTICIAS |","article_published_time":"2026-04-25T06:37:06+00:00","author":"Prensa G&amp;S FM","twitter_card":"summary_large_image","twitter_misc":{"Escrito por":"Prensa G&amp;S FM","Tiempo de lectura":"2 minutos"},"schema":{"@context":"https:\/\/schema.org","@graph":[{"@type":"Article","@id":"https:\/\/gysfm.com.ar\/inicio\/manaos-debera-pagar-una-indemnizacion-de-800-millones\/#article","isPartOf":{"@id":"https:\/\/gysfm.com.ar\/inicio\/manaos-debera-pagar-una-indemnizacion-de-800-millones\/"},"author":{"name":"Prensa G&amp;S FM","@id":"https:\/\/gysfm.com.ar\/inicio\/#\/schema\/person\/3abba7593ef2ad19e1be221d54383dc5"},"headline":"Manaos deber\u00e1 pagar una indemnizaci\u00f3n de $800 millones","datePublished":"2026-04-25T06:37:06+00:00","mainEntityOfPage":{"@id":"https:\/\/gysfm.com.ar\/inicio\/manaos-debera-pagar-una-indemnizacion-de-800-millones\/"},"wordCount":311,"publisher":{"@id":"https:\/\/gysfm.com.ar\/inicio\/#organization"},"image":{"@id":"https:\/\/gysfm.com.ar\/inicio\/manaos-debera-pagar-una-indemnizacion-de-800-millones\/#primaryimage"},"thumbnailUrl":"https:\/\/gysfm.com.ar\/inicio\/wp-content\/uploads\/2026\/04\/manaos-debera-pagar-una-indemnizacion-de-800-millones-2226458.jpg","articleSection":["NACIONALES"],"inLanguage":"es"},{"@type":"WebPage","@id":"https:\/\/gysfm.com.ar\/inicio\/manaos-debera-pagar-una-indemnizacion-de-800-millones\/","url":"https:\/\/gysfm.com.ar\/inicio\/manaos-debera-pagar-una-indemnizacion-de-800-millones\/","name":"Manaos deber\u00e1 pagar una indemnizaci\u00f3n de $800 millones - GYS NOTICIAS |","isPartOf":{"@id":"https:\/\/gysfm.com.ar\/inicio\/#website"},"primaryImageOfPage":{"@id":"https:\/\/gysfm.com.ar\/inicio\/manaos-debera-pagar-una-indemnizacion-de-800-millones\/#primaryimage"},"image":{"@id":"https:\/\/gysfm.com.ar\/inicio\/manaos-debera-pagar-una-indemnizacion-de-800-millones\/#primaryimage"},"thumbnailUrl":"https:\/\/gysfm.com.ar\/inicio\/wp-content\/uploads\/2026\/04\/manaos-debera-pagar-una-indemnizacion-de-800-millones-2226458.jpg","datePublished":"2026-04-25T06:37:06+00:00","breadcrumb":{"@id":"https:\/\/gysfm.com.ar\/inicio\/manaos-debera-pagar-una-indemnizacion-de-800-millones\/#breadcrumb"},"inLanguage":"es","potentialAction":[{"@type":"ReadAction","target":["https:\/\/gysfm.com.ar\/inicio\/manaos-debera-pagar-una-indemnizacion-de-800-millones\/"]}]},{"@type":"ImageObject","inLanguage":"es","@id":"https:\/\/gysfm.com.ar\/inicio\/manaos-debera-pagar-una-indemnizacion-de-800-millones\/#primaryimage","url":"https:\/\/gysfm.com.ar\/inicio\/wp-content\/uploads\/2026\/04\/manaos-debera-pagar-una-indemnizacion-de-800-millones-2226458.jpg","contentUrl":"https:\/\/gysfm.com.ar\/inicio\/wp-content\/uploads\/2026\/04\/manaos-debera-pagar-una-indemnizacion-de-800-millones-2226458.jpg","width":1140,"height":641},{"@type":"BreadcrumbList","@id":"https:\/\/gysfm.com.ar\/inicio\/manaos-debera-pagar-una-indemnizacion-de-800-millones\/#breadcrumb","itemListElement":[{"@type":"ListItem","position":1,"name":"Portada","item":"https:\/\/gysfm.com.ar\/inicio\/"},{"@type":"ListItem","position":2,"name":"Manaos deber\u00e1 pagar una indemnizaci\u00f3n de $800 millones"}]},{"@type":"WebSite","@id":"https:\/\/gysfm.com.ar\/inicio\/#website","url":"https:\/\/gysfm.com.ar\/inicio\/","name":"GYS NOTICIAS |","description":"DIARIO - RADIO ONLINE SAN JUAN ARGENTINA","publisher":{"@id":"https:\/\/gysfm.com.ar\/inicio\/#organization"},"potentialAction":[{"@type":"SearchAction","target":{"@type":"EntryPoint","urlTemplate":"https:\/\/gysfm.com.ar\/inicio\/?s={search_term_string}"},"query-input":{"@type":"PropertyValueSpecification","valueRequired":true,"valueName":"search_term_string"}}],"inLanguage":"es"},{"@type":"Organization","@id":"https:\/\/gysfm.com.ar\/inicio\/#organization","name":"GYS NOTICIAS |","url":"https:\/\/gysfm.com.ar\/inicio\/","logo":{"@type":"ImageObject","inLanguage":"es","@id":"https:\/\/gysfm.com.ar\/inicio\/#\/schema\/logo\/image\/","url":"https:\/\/gysfm.com.ar\/inicio\/wp-content\/uploads\/2023\/07\/LOGOGYS-OK.png","contentUrl":"https:\/\/gysfm.com.ar\/inicio\/wp-content\/uploads\/2023\/07\/LOGOGYS-OK.png","width":1170,"height":872,"caption":"GYS NOTICIAS |"},"image":{"@id":"https:\/\/gysfm.com.ar\/inicio\/#\/schema\/logo\/image\/"}},{"@type":"Person","@id":"https:\/\/gysfm.com.ar\/inicio\/#\/schema\/person\/3abba7593ef2ad19e1be221d54383dc5","name":"Prensa G&amp;S FM","image":{"@type":"ImageObject","inLanguage":"es","@id":"https:\/\/gysfm.com.ar\/inicio\/#\/schema\/person\/image\/","url":"https:\/\/secure.gravatar.com\/avatar\/096ec78df02049ab018702bb4ccedf659377fa92a26540b5247612077a0dbd29?s=96&d=mm&r=g","contentUrl":"https:\/\/secure.gravatar.com\/avatar\/096ec78df02049ab018702bb4ccedf659377fa92a26540b5247612077a0dbd29?s=96&d=mm&r=g","caption":"Prensa G&amp;S FM"},"sameAs":["https:\/\/gysfm.com.ar\/"],"url":"https:\/\/gysfm.com.ar\/inicio\/author\/lucasm\/"}]}},"_links":{"self":[{"href":"https:\/\/gysfm.com.ar\/inicio\/wp-json\/wp\/v2\/posts\/192862","targetHints":{"allow":["GET"]}}],"collection":[{"href":"https:\/\/gysfm.com.ar\/inicio\/wp-json\/wp\/v2\/posts"}],"about":[{"href":"https:\/\/gysfm.com.ar\/inicio\/wp-json\/wp\/v2\/types\/post"}],"author":[{"embeddable":true,"href":"https:\/\/gysfm.com.ar\/inicio\/wp-json\/wp\/v2\/users\/2"}],"replies":[{"embeddable":true,"href":"https:\/\/gysfm.com.ar\/inicio\/wp-json\/wp\/v2\/comments?post=192862"}],"version-history":[{"count":0,"href":"https:\/\/gysfm.com.ar\/inicio\/wp-json\/wp\/v2\/posts\/192862\/revisions"}],"wp:featuredmedia":[{"embeddable":true,"href":"https:\/\/gysfm.com.ar\/inicio\/wp-json\/wp\/v2\/media\/192863"}],"wp:attachment":[{"href":"https:\/\/gysfm.com.ar\/inicio\/wp-json\/wp\/v2\/media?parent=192862"}],"wp:term":[{"taxonomy":"category","embeddable":true,"href":"https:\/\/gysfm.com.ar\/inicio\/wp-json\/wp\/v2\/categories?post=192862"},{"taxonomy":"post_tag","embeddable":true,"href":"https:\/\/gysfm.com.ar\/inicio\/wp-json\/wp\/v2\/tags?post=192862"}],"curies":[{"name":"wp","href":"https:\/\/api.w.org\/{rel}","templated":true}]}}