{"id":192855,"date":"2026-04-25T02:35:09","date_gmt":"2026-04-25T05:35:09","guid":{"rendered":"https:\/\/gysfm.com.ar\/inicio\/ola-polar-en-caba-la-semana-que-viene-se-espera-la-manana-mas-helada-de-lo-que-va-del-ano\/"},"modified":"2026-04-25T02:35:09","modified_gmt":"2026-04-25T05:35:09","slug":"ola-polar-en-caba-la-semana-que-viene-se-espera-la-manana-mas-helada-de-lo-que-va-del-ano","status":"publish","type":"post","link":"https:\/\/gysfm.com.ar\/inicio\/ola-polar-en-caba-la-semana-que-viene-se-espera-la-manana-mas-helada-de-lo-que-va-del-ano\/","title":{"rendered":"Ola polar en CABA, la semana que viene se espera la ma\u00f1ana m\u00e1s helada de lo que va del a\u00f1o"},"content":{"rendered":"<p><\/p>\n<div id=\"article-content\">\n<p>La<strong> ola polar <\/strong>que avanza sobre el centro del pa\u00eds ya comienza a sentirse con fuerza en el AMBA y anticipa un escenario de fr\u00edo extremo para los pr\u00f3ximos d\u00edas. Seg\u00fan las proyecciones oficiales del <a target=\"_blank\" href=\"https:\/\/www.perfil.com\/noticias\/clima\/clima-en-rosario-jornada-estable-con-temperaturas-frescas-y-cielo-despejado-tras-las-lluvias-a35.phtml\"><strong>Servicio Meteorol\u00f3gico Naciona<\/strong>l<\/a> (SMN), el lunes 27 de abril  la<strong> Ciudad de Buenos Aires (CABA)<\/strong> atravesar\u00e1 la ma\u00f1ana m\u00e1s helada en lo que va del a\u00f1o, con una temperatura inicial de<strong> 8 \u00b0C<\/strong>. El cambio m\u00e1s marcado estar\u00e1 caracterizado por un fuerte descenso t\u00e9rmico en las primeras horas de la semana.<\/p>\n<p>El fen\u00f3meno, impulsado por una masa de aire fr\u00edo proveniente del sur, provocar\u00e1 un marcado descenso t\u00e9rmico acompa\u00f1ado por vientos intensos y cielo mayormente despejado. <\/p>\n<p class=\"destacadoNota\"><a target=\"_blank\" href=\"https:\/\/www.perfil.com\/noticias\/clima\/clima-en-ciudad-de-buenos-aires-jornada-estable-y-templada-para-este-viernes-24-de-abril-a35.phtml\">Clima en Ciudad de Buenos Aires: jornada estable y templada para este viernes 24 de abril<\/a><\/p>\n<div class=\"subscription\">\n<p>\n        Esto no les gusta a los autoritarios\n    <\/p>\n<div class=\"subscription__container\">\n<div class=\"subscription__text-wrapper\">\n<p>\n                El ejercicio del periodismo profesional y cr\u00edtico es un pilar fundamental de la democracia. Por eso molesta a quienes creen ser los due\u00f1os de la verdad.\n            <\/p>\n<\/p><\/div><\/div>\n<\/div>\n<p>Estas condiciones favorecen la p\u00e9rdida de calor durante la noche, lo que intensifica las heladas matinales. Los especialistas del SMN advierten que no se tratar\u00e1 de un evento aislado, sino de varios d\u00edas consecutivos con temperaturas inusualmente bajas para esta altura del a\u00f1o. <\/p>\n<p>La din\u00e1mica meteorol\u00f3gica marc\u00f3 el inicio de una transici\u00f3n estacional profunda, y el pron\u00f3stico anticip\u00f3 una semana dividida en dos etapas: una fase inicial de lluvias intensas en el noreste y un cierre dominado por el ingreso de una <strong>masa de aire polar <\/strong>que traer\u00e1 un baja abrupta de la temperatura y las primeras heladas del a\u00f1o a la regi\u00f3n central.<\/p>\n<div style=\"text-align:center\">\n<figure class=\"image\" style=\"display:inline-block\"><picture><source media=\"(max-width: 440px)\" srcset=\"https:\/\/fotos.perfil.com\/\/2026\/04\/23\/440\/0\/servico-meteorologico-nacional-23042026-2226235.jpg?webp\"\/><source media=\"(max-width: 1019px)\" srcset=\"https:\/\/fotos.perfil.com\/\/2026\/04\/23\/712\/0\/servico-meteorologico-nacional-23042026-2226235.jpg?webp\"\/><img decoding=\"async\" style=\"max-width: 100%; width: 100%;\" alt=\"Servico Meteorol\u00f3gico Nacional 23042026\" height=\"700\" src=\"https:\/\/fotos.perfil.com\/\/2026\/04\/23\/900\/0\/servico-meteorologico-nacional-23042026-2226235.jpg?webp\" width=\"1300\" loading=\"lazy\"\/><\/picture><figcaption><strong>Pron\u00f3stico extendido del Servicio Meteorol\u00f3gico Nacional en CABA<\/strong><\/figcaption><\/figure>\n<\/p><\/div>\n<p>La semana comenz\u00f3, en<strong> Buenos Aires<\/strong>, con dos jornadas con lluvias intensas, pero transcurre con buenas condiciones del clima y amplitud t\u00e9rmica, con bajas marcas en horas de la ma\u00f1ana.<\/p>\n<p class=\"destacadoNota\"><a target=\"_blank\" href=\"https:\/\/www.perfil.com\/noticias\/clima\/una-masa-de-aire-proveniente-de-la-antartida-se-a35-hara-sentir-en-todo-el-pais-se-preven-minimas-cercanas-a-los-0c.phtml\">Llega una masa de aire fr\u00edo desde la Ant\u00e1rtida y refresca todo el pa\u00eds: habr\u00e1 m\u00ednimas cerca de los 0\u00b0C<\/a><\/p>\n<h3>Informe del Servicio Meteorol\u00f3gico Nacional: temperaturas en CABA y Provincia de Buenos Aires<\/h3>\n<p>De acuerdo con el \u00faltimo reporte del<strong> Servicio Meteorol\u00f3gico Nacional<\/strong>, el pico de fr\u00edo se registrar\u00e1 entre el martes y el jueves de la pr\u00f3xima semana. Para la <strong>Ciudad de Buenos Aires<\/strong>, se prev\u00e9n temperaturas m\u00ednimas de entre 0 \u00b0C y 2 \u00b0C, con sensaciones t\u00e9rmicas inferiores debido al viento. Las m\u00e1ximas, en tanto, oscilar\u00e1n entre los 8 \u00b0C y 11 \u00b0C.<\/p>\n<p>En el conurbano bonaerense, el impacto ser\u00e1 a\u00fan m\u00e1s fuerte. Distritos como La Matanza, Lomas de Zamora y Moreno podr\u00edan registrar m\u00ednimas cercanas a -1 \u00b0C, con heladas durante las primeras horas del d\u00eda<\/p>\n<div style=\"text-align:center\">\n<figure class=\"image\" style=\"display:inline-block\"><picture><source media=\"(max-width: 440px)\" srcset=\"https:\/\/fotos.perfil.com\/\/2025\/08\/06\/440\/0\/frio-en-buenos-aires-20250805-2075148.jpg?webp\"\/><source media=\"(max-width: 1019px)\" srcset=\"https:\/\/fotos.perfil.com\/\/2025\/08\/06\/712\/0\/frio-en-buenos-aires-20250805-2075148.jpg?webp\"\/><img decoding=\"async\" style=\"max-width: 100%; width: 100%;\" alt=\"Fr\u00edo en Buenos Aires 20250805\" height=\"730\" src=\"https:\/\/fotos.perfil.com\/\/2025\/08\/06\/900\/0\/frio-en-buenos-aires-20250805-2075148.jpg?webp\" width=\"1300\" loading=\"lazy\"\/><\/picture><figcaption><strong>Ola polar en provincia de Buenos Aires<\/strong><\/figcaption><\/figure>\n<\/p><\/div>\n<p>.Hacia el interior de la provincia, el fr\u00edo se intensificar\u00e1. En ciudades como La Plata, Olavarr\u00eda y Azul, las m\u00ednimas podr\u00edan ubicarse entre -2 \u00b0C y 0 \u00b0C, mientras que las m\u00e1ximas no superar\u00edan los 10 \u00b0C. Incluso, en zonas rurales, no se descartan temperaturas m\u00e1s bajas debido a la menor influencia urbana.<\/p>\n<p class=\"destacadoNota\"><a target=\"_blank\" href=\"https:\/\/www.perfil.com\/noticias\/clima\/clima-en-mar-del-plata-dia-despejado-y-agradable-para-disfrutar-de-la-costa-a35.phtml\">Clima en Mar del Plata: d\u00eda despejado y agradable para disfrutar de la costa<\/a><\/p>\n<p>El organismo tambi\u00e9n anticip\u00f3 estabilidad atmosf\u00e9rica, con baja nubosidad y sin precipitaciones durante los d\u00edas m\u00e1s fr\u00edos. Estas condiciones favorecer\u00e1n la formaci\u00f3n de heladas generalizadas en gran parte de la regi\u00f3n pampeana.<\/p>\n<p>PM\/ff<\/p>\n<\/p><\/div>\n<p><script>\n                !function(f,b,e,v,n,t,s)\n                {if(f.fbq)return;n=f.fbq=function(){n.callMethod?\n                    n.callMethod.apply(n,arguments):n.queue.push(arguments)};\n                    if(!f._fbq)f._fbq=n;n.push=n;n.loaded=!0;n.version='2.0';\n                    n.queue=[];t=b.createElement(e);t.async=!0;\n                    t.src=v;s=b.getElementsByTagName(e)[0];\n                    s.parentNode.insertBefore(t,s)}(window, document,'script',\n                    'https:\/\/connect.facebook.net\/en_US\/fbevents.js');\n                window.paywallConfig.facebook_pixel=\"1000228364089342\"\n            <\/script><\/p>\n","protected":false},"excerpt":{"rendered":"<p>La ola polar que avanza sobre el centro del pa\u00eds ya comienza a sentirse con fuerza en el AMBA y anticipa un escenario de fr\u00edo extremo para los pr\u00f3ximos d\u00edas. Seg\u00fan las proyecciones oficiales del Servicio Meteorol\u00f3gico Nacional (SMN), el lunes 27 de abril la Ciudad de Buenos Aires (CABA) atravesar\u00e1 la ma\u00f1ana m\u00e1s helada [&hellip;]<\/p>\n","protected":false},"author":2,"featured_media":192856,"comment_status":"closed","ping_status":"closed","sticky":false,"template":"","format":"standard","meta":{"footnotes":""},"categories":[25],"tags":[],"class_list":["post-192855","post","type-post","status-publish","format-standard","has-post-thumbnail","hentry","category-nacionales"],"yoast_head":"<!-- This site is optimized with the Yoast SEO plugin v24.4 - https:\/\/yoast.com\/wordpress\/plugins\/seo\/ -->\n<title>Ola polar en CABA, la semana que viene se espera la ma\u00f1ana m\u00e1s helada de lo que va del a\u00f1o - GYS NOTICIAS |<\/title>\n<meta name=\"robots\" content=\"index, follow, max-snippet:-1, max-image-preview:large, max-video-preview:-1\" \/>\n<link rel=\"canonical\" href=\"https:\/\/gysfm.com.ar\/inicio\/ola-polar-en-caba-la-semana-que-viene-se-espera-la-manana-mas-helada-de-lo-que-va-del-ano\/\" \/>\n<meta property=\"og:locale\" content=\"es_ES\" \/>\n<meta property=\"og:type\" content=\"article\" \/>\n<meta property=\"og:title\" content=\"Ola polar en CABA, la semana que viene se espera la ma\u00f1ana m\u00e1s helada de lo que va del a\u00f1o - GYS NOTICIAS |\" \/>\n<meta property=\"og:description\" content=\"La ola polar que avanza sobre el centro del pa\u00eds ya comienza a sentirse con fuerza en el AMBA y anticipa un escenario de fr\u00edo extremo para los pr\u00f3ximos d\u00edas. Seg\u00fan las proyecciones oficiales del Servicio Meteorol\u00f3gico Nacional (SMN), el lunes 27 de abril la Ciudad de Buenos Aires (CABA) atravesar\u00e1 la ma\u00f1ana m\u00e1s helada [&hellip;]\" \/>\n<meta property=\"og:url\" content=\"https:\/\/gysfm.com.ar\/inicio\/ola-polar-en-caba-la-semana-que-viene-se-espera-la-manana-mas-helada-de-lo-que-va-del-ano\/\" \/>\n<meta property=\"og:site_name\" content=\"GYS NOTICIAS |\" \/>\n<meta property=\"article:published_time\" content=\"2026-04-25T05:35:09+00:00\" \/>\n<meta property=\"og:image\" content=\"https:\/\/fotos.perfil.com\/\/2026\/04\/23\/900\/0\/servico-meteorologico-nacional-23042026-2226235.jpg?webp\" \/>\n<meta name=\"author\" content=\"Prensa G&amp;S FM\" \/>\n<meta name=\"twitter:card\" content=\"summary_large_image\" \/>\n<meta name=\"twitter:label1\" content=\"Escrito por\" \/>\n\t<meta name=\"twitter:data1\" content=\"Prensa G&amp;S FM\" \/>\n\t<meta name=\"twitter:label2\" content=\"Tiempo de lectura\" \/>\n\t<meta name=\"twitter:data2\" content=\"3 minutos\" \/>\n<script type=\"application\/ld+json\" class=\"yoast-schema-graph\">{\"@context\":\"https:\/\/schema.org\",\"@graph\":[{\"@type\":\"Article\",\"@id\":\"https:\/\/gysfm.com.ar\/inicio\/ola-polar-en-caba-la-semana-que-viene-se-espera-la-manana-mas-helada-de-lo-que-va-del-ano\/#article\",\"isPartOf\":{\"@id\":\"https:\/\/gysfm.com.ar\/inicio\/ola-polar-en-caba-la-semana-que-viene-se-espera-la-manana-mas-helada-de-lo-que-va-del-ano\/\"},\"author\":{\"name\":\"Prensa G&amp;S FM\",\"@id\":\"https:\/\/gysfm.com.ar\/inicio\/#\/schema\/person\/3abba7593ef2ad19e1be221d54383dc5\"},\"headline\":\"Ola polar en CABA, la semana que viene se espera la ma\u00f1ana m\u00e1s helada de lo que va del a\u00f1o\",\"datePublished\":\"2026-04-25T05:35:09+00:00\",\"mainEntityOfPage\":{\"@id\":\"https:\/\/gysfm.com.ar\/inicio\/ola-polar-en-caba-la-semana-que-viene-se-espera-la-manana-mas-helada-de-lo-que-va-del-ano\/\"},\"wordCount\":617,\"publisher\":{\"@id\":\"https:\/\/gysfm.com.ar\/inicio\/#organization\"},\"image\":{\"@id\":\"https:\/\/gysfm.com.ar\/inicio\/ola-polar-en-caba-la-semana-que-viene-se-espera-la-manana-mas-helada-de-lo-que-va-del-ano\/#primaryimage\"},\"thumbnailUrl\":\"https:\/\/gysfm.com.ar\/inicio\/wp-content\/uploads\/2026\/04\/frio-en-buenos-aires-20250805-2075147.jpg\",\"articleSection\":[\"NACIONALES\"],\"inLanguage\":\"es\"},{\"@type\":\"WebPage\",\"@id\":\"https:\/\/gysfm.com.ar\/inicio\/ola-polar-en-caba-la-semana-que-viene-se-espera-la-manana-mas-helada-de-lo-que-va-del-ano\/\",\"url\":\"https:\/\/gysfm.com.ar\/inicio\/ola-polar-en-caba-la-semana-que-viene-se-espera-la-manana-mas-helada-de-lo-que-va-del-ano\/\",\"name\":\"Ola polar en CABA, la semana que viene se espera la ma\u00f1ana m\u00e1s helada de lo que va del a\u00f1o - GYS NOTICIAS |\",\"isPartOf\":{\"@id\":\"https:\/\/gysfm.com.ar\/inicio\/#website\"},\"primaryImageOfPage\":{\"@id\":\"https:\/\/gysfm.com.ar\/inicio\/ola-polar-en-caba-la-semana-que-viene-se-espera-la-manana-mas-helada-de-lo-que-va-del-ano\/#primaryimage\"},\"image\":{\"@id\":\"https:\/\/gysfm.com.ar\/inicio\/ola-polar-en-caba-la-semana-que-viene-se-espera-la-manana-mas-helada-de-lo-que-va-del-ano\/#primaryimage\"},\"thumbnailUrl\":\"https:\/\/gysfm.com.ar\/inicio\/wp-content\/uploads\/2026\/04\/frio-en-buenos-aires-20250805-2075147.jpg\",\"datePublished\":\"2026-04-25T05:35:09+00:00\",\"breadcrumb\":{\"@id\":\"https:\/\/gysfm.com.ar\/inicio\/ola-polar-en-caba-la-semana-que-viene-se-espera-la-manana-mas-helada-de-lo-que-va-del-ano\/#breadcrumb\"},\"inLanguage\":\"es\",\"potentialAction\":[{\"@type\":\"ReadAction\",\"target\":[\"https:\/\/gysfm.com.ar\/inicio\/ola-polar-en-caba-la-semana-que-viene-se-espera-la-manana-mas-helada-de-lo-que-va-del-ano\/\"]}]},{\"@type\":\"ImageObject\",\"inLanguage\":\"es\",\"@id\":\"https:\/\/gysfm.com.ar\/inicio\/ola-polar-en-caba-la-semana-que-viene-se-espera-la-manana-mas-helada-de-lo-que-va-del-ano\/#primaryimage\",\"url\":\"https:\/\/gysfm.com.ar\/inicio\/wp-content\/uploads\/2026\/04\/frio-en-buenos-aires-20250805-2075147.jpg\",\"contentUrl\":\"https:\/\/gysfm.com.ar\/inicio\/wp-content\/uploads\/2026\/04\/frio-en-buenos-aires-20250805-2075147.jpg\",\"width\":1140,\"height\":641},{\"@type\":\"BreadcrumbList\",\"@id\":\"https:\/\/gysfm.com.ar\/inicio\/ola-polar-en-caba-la-semana-que-viene-se-espera-la-manana-mas-helada-de-lo-que-va-del-ano\/#breadcrumb\",\"itemListElement\":[{\"@type\":\"ListItem\",\"position\":1,\"name\":\"Portada\",\"item\":\"https:\/\/gysfm.com.ar\/inicio\/\"},{\"@type\":\"ListItem\",\"position\":2,\"name\":\"Ola polar en CABA, la semana que viene se espera la ma\u00f1ana m\u00e1s helada de lo que va del a\u00f1o\"}]},{\"@type\":\"WebSite\",\"@id\":\"https:\/\/gysfm.com.ar\/inicio\/#website\",\"url\":\"https:\/\/gysfm.com.ar\/inicio\/\",\"name\":\"GYS NOTICIAS |\",\"description\":\"DIARIO - RADIO ONLINE SAN JUAN ARGENTINA\",\"publisher\":{\"@id\":\"https:\/\/gysfm.com.ar\/inicio\/#organization\"},\"potentialAction\":[{\"@type\":\"SearchAction\",\"target\":{\"@type\":\"EntryPoint\",\"urlTemplate\":\"https:\/\/gysfm.com.ar\/inicio\/?s={search_term_string}\"},\"query-input\":{\"@type\":\"PropertyValueSpecification\",\"valueRequired\":true,\"valueName\":\"search_term_string\"}}],\"inLanguage\":\"es\"},{\"@type\":\"Organization\",\"@id\":\"https:\/\/gysfm.com.ar\/inicio\/#organization\",\"name\":\"GYS NOTICIAS |\",\"url\":\"https:\/\/gysfm.com.ar\/inicio\/\",\"logo\":{\"@type\":\"ImageObject\",\"inLanguage\":\"es\",\"@id\":\"https:\/\/gysfm.com.ar\/inicio\/#\/schema\/logo\/image\/\",\"url\":\"https:\/\/gysfm.com.ar\/inicio\/wp-content\/uploads\/2023\/07\/LOGOGYS-OK.png\",\"contentUrl\":\"https:\/\/gysfm.com.ar\/inicio\/wp-content\/uploads\/2023\/07\/LOGOGYS-OK.png\",\"width\":1170,\"height\":872,\"caption\":\"GYS NOTICIAS |\"},\"image\":{\"@id\":\"https:\/\/gysfm.com.ar\/inicio\/#\/schema\/logo\/image\/\"}},{\"@type\":\"Person\",\"@id\":\"https:\/\/gysfm.com.ar\/inicio\/#\/schema\/person\/3abba7593ef2ad19e1be221d54383dc5\",\"name\":\"Prensa G&amp;S FM\",\"image\":{\"@type\":\"ImageObject\",\"inLanguage\":\"es\",\"@id\":\"https:\/\/gysfm.com.ar\/inicio\/#\/schema\/person\/image\/\",\"url\":\"https:\/\/secure.gravatar.com\/avatar\/096ec78df02049ab018702bb4ccedf659377fa92a26540b5247612077a0dbd29?s=96&d=mm&r=g\",\"contentUrl\":\"https:\/\/secure.gravatar.com\/avatar\/096ec78df02049ab018702bb4ccedf659377fa92a26540b5247612077a0dbd29?s=96&d=mm&r=g\",\"caption\":\"Prensa G&amp;S FM\"},\"sameAs\":[\"https:\/\/gysfm.com.ar\/\"],\"url\":\"https:\/\/gysfm.com.ar\/inicio\/author\/lucasm\/\"}]}<\/script>\n<!-- \/ Yoast SEO plugin. -->","yoast_head_json":{"title":"Ola polar en CABA, la semana que viene se espera la ma\u00f1ana m\u00e1s helada de lo que va del a\u00f1o - GYS NOTICIAS |","robots":{"index":"index","follow":"follow","max-snippet":"max-snippet:-1","max-image-preview":"max-image-preview:large","max-video-preview":"max-video-preview:-1"},"canonical":"https:\/\/gysfm.com.ar\/inicio\/ola-polar-en-caba-la-semana-que-viene-se-espera-la-manana-mas-helada-de-lo-que-va-del-ano\/","og_locale":"es_ES","og_type":"article","og_title":"Ola polar en CABA, la semana que viene se espera la ma\u00f1ana m\u00e1s helada de lo que va del a\u00f1o - GYS NOTICIAS |","og_description":"La ola polar que avanza sobre el centro del pa\u00eds ya comienza a sentirse con fuerza en el AMBA y anticipa un escenario de fr\u00edo extremo para los pr\u00f3ximos d\u00edas. Seg\u00fan las proyecciones oficiales del Servicio Meteorol\u00f3gico Nacional (SMN), el lunes 27 de abril la Ciudad de Buenos Aires (CABA) atravesar\u00e1 la ma\u00f1ana m\u00e1s helada [&hellip;]","og_url":"https:\/\/gysfm.com.ar\/inicio\/ola-polar-en-caba-la-semana-que-viene-se-espera-la-manana-mas-helada-de-lo-que-va-del-ano\/","og_site_name":"GYS NOTICIAS |","article_published_time":"2026-04-25T05:35:09+00:00","og_image":[{"url":"https:\/\/fotos.perfil.com\/\/2026\/04\/23\/900\/0\/servico-meteorologico-nacional-23042026-2226235.jpg?webp","type":"","width":"","height":""}],"author":"Prensa G&amp;S FM","twitter_card":"summary_large_image","twitter_misc":{"Escrito por":"Prensa G&amp;S FM","Tiempo de lectura":"3 minutos"},"schema":{"@context":"https:\/\/schema.org","@graph":[{"@type":"Article","@id":"https:\/\/gysfm.com.ar\/inicio\/ola-polar-en-caba-la-semana-que-viene-se-espera-la-manana-mas-helada-de-lo-que-va-del-ano\/#article","isPartOf":{"@id":"https:\/\/gysfm.com.ar\/inicio\/ola-polar-en-caba-la-semana-que-viene-se-espera-la-manana-mas-helada-de-lo-que-va-del-ano\/"},"author":{"name":"Prensa G&amp;S FM","@id":"https:\/\/gysfm.com.ar\/inicio\/#\/schema\/person\/3abba7593ef2ad19e1be221d54383dc5"},"headline":"Ola polar en CABA, la semana que viene se espera la ma\u00f1ana m\u00e1s helada de lo que va del a\u00f1o","datePublished":"2026-04-25T05:35:09+00:00","mainEntityOfPage":{"@id":"https:\/\/gysfm.com.ar\/inicio\/ola-polar-en-caba-la-semana-que-viene-se-espera-la-manana-mas-helada-de-lo-que-va-del-ano\/"},"wordCount":617,"publisher":{"@id":"https:\/\/gysfm.com.ar\/inicio\/#organization"},"image":{"@id":"https:\/\/gysfm.com.ar\/inicio\/ola-polar-en-caba-la-semana-que-viene-se-espera-la-manana-mas-helada-de-lo-que-va-del-ano\/#primaryimage"},"thumbnailUrl":"https:\/\/gysfm.com.ar\/inicio\/wp-content\/uploads\/2026\/04\/frio-en-buenos-aires-20250805-2075147.jpg","articleSection":["NACIONALES"],"inLanguage":"es"},{"@type":"WebPage","@id":"https:\/\/gysfm.com.ar\/inicio\/ola-polar-en-caba-la-semana-que-viene-se-espera-la-manana-mas-helada-de-lo-que-va-del-ano\/","url":"https:\/\/gysfm.com.ar\/inicio\/ola-polar-en-caba-la-semana-que-viene-se-espera-la-manana-mas-helada-de-lo-que-va-del-ano\/","name":"Ola polar en CABA, la semana que viene se espera la ma\u00f1ana m\u00e1s helada de lo que va del a\u00f1o - GYS NOTICIAS |","isPartOf":{"@id":"https:\/\/gysfm.com.ar\/inicio\/#website"},"primaryImageOfPage":{"@id":"https:\/\/gysfm.com.ar\/inicio\/ola-polar-en-caba-la-semana-que-viene-se-espera-la-manana-mas-helada-de-lo-que-va-del-ano\/#primaryimage"},"image":{"@id":"https:\/\/gysfm.com.ar\/inicio\/ola-polar-en-caba-la-semana-que-viene-se-espera-la-manana-mas-helada-de-lo-que-va-del-ano\/#primaryimage"},"thumbnailUrl":"https:\/\/gysfm.com.ar\/inicio\/wp-content\/uploads\/2026\/04\/frio-en-buenos-aires-20250805-2075147.jpg","datePublished":"2026-04-25T05:35:09+00:00","breadcrumb":{"@id":"https:\/\/gysfm.com.ar\/inicio\/ola-polar-en-caba-la-semana-que-viene-se-espera-la-manana-mas-helada-de-lo-que-va-del-ano\/#breadcrumb"},"inLanguage":"es","potentialAction":[{"@type":"ReadAction","target":["https:\/\/gysfm.com.ar\/inicio\/ola-polar-en-caba-la-semana-que-viene-se-espera-la-manana-mas-helada-de-lo-que-va-del-ano\/"]}]},{"@type":"ImageObject","inLanguage":"es","@id":"https:\/\/gysfm.com.ar\/inicio\/ola-polar-en-caba-la-semana-que-viene-se-espera-la-manana-mas-helada-de-lo-que-va-del-ano\/#primaryimage","url":"https:\/\/gysfm.com.ar\/inicio\/wp-content\/uploads\/2026\/04\/frio-en-buenos-aires-20250805-2075147.jpg","contentUrl":"https:\/\/gysfm.com.ar\/inicio\/wp-content\/uploads\/2026\/04\/frio-en-buenos-aires-20250805-2075147.jpg","width":1140,"height":641},{"@type":"BreadcrumbList","@id":"https:\/\/gysfm.com.ar\/inicio\/ola-polar-en-caba-la-semana-que-viene-se-espera-la-manana-mas-helada-de-lo-que-va-del-ano\/#breadcrumb","itemListElement":[{"@type":"ListItem","position":1,"name":"Portada","item":"https:\/\/gysfm.com.ar\/inicio\/"},{"@type":"ListItem","position":2,"name":"Ola polar en CABA, la semana que viene se espera la ma\u00f1ana m\u00e1s helada de lo que va del a\u00f1o"}]},{"@type":"WebSite","@id":"https:\/\/gysfm.com.ar\/inicio\/#website","url":"https:\/\/gysfm.com.ar\/inicio\/","name":"GYS NOTICIAS |","description":"DIARIO - RADIO ONLINE SAN JUAN ARGENTINA","publisher":{"@id":"https:\/\/gysfm.com.ar\/inicio\/#organization"},"potentialAction":[{"@type":"SearchAction","target":{"@type":"EntryPoint","urlTemplate":"https:\/\/gysfm.com.ar\/inicio\/?s={search_term_string}"},"query-input":{"@type":"PropertyValueSpecification","valueRequired":true,"valueName":"search_term_string"}}],"inLanguage":"es"},{"@type":"Organization","@id":"https:\/\/gysfm.com.ar\/inicio\/#organization","name":"GYS NOTICIAS |","url":"https:\/\/gysfm.com.ar\/inicio\/","logo":{"@type":"ImageObject","inLanguage":"es","@id":"https:\/\/gysfm.com.ar\/inicio\/#\/schema\/logo\/image\/","url":"https:\/\/gysfm.com.ar\/inicio\/wp-content\/uploads\/2023\/07\/LOGOGYS-OK.png","contentUrl":"https:\/\/gysfm.com.ar\/inicio\/wp-content\/uploads\/2023\/07\/LOGOGYS-OK.png","width":1170,"height":872,"caption":"GYS NOTICIAS |"},"image":{"@id":"https:\/\/gysfm.com.ar\/inicio\/#\/schema\/logo\/image\/"}},{"@type":"Person","@id":"https:\/\/gysfm.com.ar\/inicio\/#\/schema\/person\/3abba7593ef2ad19e1be221d54383dc5","name":"Prensa G&amp;S FM","image":{"@type":"ImageObject","inLanguage":"es","@id":"https:\/\/gysfm.com.ar\/inicio\/#\/schema\/person\/image\/","url":"https:\/\/secure.gravatar.com\/avatar\/096ec78df02049ab018702bb4ccedf659377fa92a26540b5247612077a0dbd29?s=96&d=mm&r=g","contentUrl":"https:\/\/secure.gravatar.com\/avatar\/096ec78df02049ab018702bb4ccedf659377fa92a26540b5247612077a0dbd29?s=96&d=mm&r=g","caption":"Prensa G&amp;S FM"},"sameAs":["https:\/\/gysfm.com.ar\/"],"url":"https:\/\/gysfm.com.ar\/inicio\/author\/lucasm\/"}]}},"_links":{"self":[{"href":"https:\/\/gysfm.com.ar\/inicio\/wp-json\/wp\/v2\/posts\/192855","targetHints":{"allow":["GET"]}}],"collection":[{"href":"https:\/\/gysfm.com.ar\/inicio\/wp-json\/wp\/v2\/posts"}],"about":[{"href":"https:\/\/gysfm.com.ar\/inicio\/wp-json\/wp\/v2\/types\/post"}],"author":[{"embeddable":true,"href":"https:\/\/gysfm.com.ar\/inicio\/wp-json\/wp\/v2\/users\/2"}],"replies":[{"embeddable":true,"href":"https:\/\/gysfm.com.ar\/inicio\/wp-json\/wp\/v2\/comments?post=192855"}],"version-history":[{"count":0,"href":"https:\/\/gysfm.com.ar\/inicio\/wp-json\/wp\/v2\/posts\/192855\/revisions"}],"wp:featuredmedia":[{"embeddable":true,"href":"https:\/\/gysfm.com.ar\/inicio\/wp-json\/wp\/v2\/media\/192856"}],"wp:attachment":[{"href":"https:\/\/gysfm.com.ar\/inicio\/wp-json\/wp\/v2\/media?parent=192855"}],"wp:term":[{"taxonomy":"category","embeddable":true,"href":"https:\/\/gysfm.com.ar\/inicio\/wp-json\/wp\/v2\/categories?post=192855"},{"taxonomy":"post_tag","embeddable":true,"href":"https:\/\/gysfm.com.ar\/inicio\/wp-json\/wp\/v2\/tags?post=192855"}],"curies":[{"name":"wp","href":"https:\/\/api.w.org\/{rel}","templated":true}]}}