{"id":192852,"date":"2026-04-25T02:17:19","date_gmt":"2026-04-25T05:17:19","guid":{"rendered":"https:\/\/gysfm.com.ar\/inicio\/en-que-consiste-la-decision-de-trump-de-retirar-el-apoyo-a-reino-unido-en-malvinas-segun-un-analista-internacional\/"},"modified":"2026-04-25T02:17:20","modified_gmt":"2026-04-25T05:17:20","slug":"en-que-consiste-la-decision-de-trump-de-retirar-el-apoyo-a-reino-unido-en-malvinas-segun-un-analista-internacional","status":"publish","type":"post","link":"https:\/\/gysfm.com.ar\/inicio\/en-que-consiste-la-decision-de-trump-de-retirar-el-apoyo-a-reino-unido-en-malvinas-segun-un-analista-internacional\/","title":{"rendered":"En qu\u00e9 consiste la decisi\u00f3n de Trump de retirar el apoyo a Reino Unido en Malvinas, seg\u00fan un analista internacional"},"content":{"rendered":"<p> <br \/>\n<\/p>\n<div>\n<p class=\"com-paragraph  --capital --s\">En medio de versiones sobre un <strong>giro en la pol\u00edtica exterior de Estados Unidos<\/strong>, el analista internacional <a href=\"https:\/\/www.lanacion.com.ar\/el-mundo\/en-que-consiste-la-nueva-estrategia-del-regimen-irani-a-casi-dos-meses-de-iniciada-la-guerra-segun-nid24042026\/\" target=\"_self\" title=\"https:\/\/www.lanacion.com.ar\/el-mundo\/en-que-consiste-la-nueva-estrategia-del-regimen-irani-a-casi-dos-meses-de-iniciada-la-guerra-segun-nid24042026\/\" class=\"com-link break-word\" data-mrf-recirculation=\"n_link_parrafo\"><strong>Andr\u00e9s Repetto<\/strong><\/a> analiz\u00f3 en<em> LN+<\/em> qu\u00e9 implicar\u00eda una <strong>eventual decisi\u00f3n de Donald Trump de retirar el apoyo a Reino Unido en el conflicto por las Islas Malvinas<\/strong>.<\/p>\n<p class=\"com-paragraph   --s\">Seg\u00fan explic\u00f3, por el momento no se trata de una medida formal, sino de una se\u00f1al surgida de un documento interno del Pent\u00e1gono.<strong> \u201cEs una revisi\u00f3n, un mail del Pent\u00e1gono, no es nada oficial todav\u00eda\u201d<\/strong>, aclar\u00f3.<\/p>\n<div class=\"content-media cursor-pointer container-center-100\">\n<section class=\"media-container relative ratio-16-9 mod-media pb-32\">\n<figure class=\"mod-video\">\n<div class=\"video-player bg-black ratio-16-9\" data-has-jwplayer=\"true\" data-video-id-jw=\"YPaoP4y8\" data-config=\"{&quot;title&quot;:&quot;Andres Repetto - Trump evalua apoyar a la Argentina en la disputa con Reino Unido por las Malvinas&quot;,&quot;mediaId&quot;:&quot;YPaoP4y8&quot;,&quot;playerId&quot;:&quot;ih0086X3&quot;,&quot;playlist&quot;:[{&quot;mediaid&quot;:&quot;YPaoP4y8&quot;,&quot;sources&quot;:[{&quot;file&quot;:&quot;https:\/\/cdn.jwplayer.com\/manifests\/YPaoP4y8.m3u8&quot;,&quot;type&quot;:&quot;application\/vnd.apple.mpegurl&quot;},{&quot;bitrate&quot;:259064,&quot;file&quot;:&quot;https:\/\/cdn.jwplayer.com\/videos\/YPaoP4y8-kTExGaWf.mp4&quot;,&quot;filesize&quot;:9391078,&quot;framerate&quot;:25,&quot;height&quot;:180,&quot;label&quot;:&quot;180p&quot;,&quot;type&quot;:&quot;video\/mp4&quot;,&quot;width&quot;:320},{&quot;bitrate&quot;:376157,&quot;file&quot;:&quot;https:\/\/cdn.jwplayer.com\/videos\/YPaoP4y8-K8B0kybS.mp4&quot;,&quot;filesize&quot;:13635702,&quot;framerate&quot;:25,&quot;height&quot;:270,&quot;label&quot;:&quot;270p&quot;,&quot;type&quot;:&quot;video\/mp4&quot;,&quot;width&quot;:480},{&quot;bitrate&quot;:975845,&quot;file&quot;:&quot;https:\/\/cdn.jwplayer.com\/videos\/YPaoP4y8-46NIuRKO.mp4&quot;,&quot;filesize&quot;:35374402,&quot;framerate&quot;:25,&quot;height&quot;:720,&quot;label&quot;:&quot;720p&quot;,&quot;type&quot;:&quot;video\/mp4&quot;,&quot;width&quot;:1280},{&quot;bitrate&quot;:113520,&quot;file&quot;:&quot;https:\/\/cdn.jwplayer.com\/videos\/YPaoP4y8-hz5z2Tv4.m4a&quot;,&quot;filesize&quot;:4115103,&quot;label&quot;:&quot;AAC Audio&quot;,&quot;type&quot;:&quot;audio\/mp4&quot;},{&quot;bitrate&quot;:1993572,&quot;file&quot;:&quot;https:\/\/cdn.jwplayer.com\/videos\/YPaoP4y8-SomplJdm.mp4&quot;,&quot;filesize&quot;:72267008,&quot;framerate&quot;:25,&quot;height&quot;:1080,&quot;label&quot;:&quot;1080p&quot;,&quot;type&quot;:&quot;video\/mp4&quot;,&quot;width&quot;:1920},{&quot;bitrate&quot;:417717,&quot;file&quot;:&quot;https:\/\/cdn.jwplayer.com\/videos\/YPaoP4y8-FnZGUVnC.mp4&quot;,&quot;filesize&quot;:15142245,&quot;framerate&quot;:25,&quot;height&quot;:360,&quot;label&quot;:&quot;360p&quot;,&quot;type&quot;:&quot;video\/mp4&quot;,&quot;width&quot;:640},{&quot;bitrate&quot;:667905,&quot;file&quot;:&quot;https:\/\/cdn.jwplayer.com\/videos\/YPaoP4y8-0G6Pwvlw.mp4&quot;,&quot;filesize&quot;:24211568,&quot;framerate&quot;:25,&quot;height&quot;:540,&quot;label&quot;:&quot;540p&quot;,&quot;type&quot;:&quot;video\/mp4&quot;,&quot;width&quot;:960}]}],&quot;hasAutoplay&quot;:false,&quot;autostart&quot;:true,&quot;tagsUrl&quot;:&quot;https:\/\/pubads.g.doubleclick.net\/gampad\/ads?slotname=\/133919216\/la_nacion_video\/nota\/preroll&amp;sz=640x480|400x300&amp;ciu_szs=300x250&amp;unviewed_position_start=1&amp;output=vast&amp;impl=s&amp;env=vp&amp;gdfp_req=1&amp;ad_rule=0&amp;vad_type=linear&amp;vpos=preroll&amp;cust_params=tags_nuevos%3Dte_donald_trump%2Cte_donald_trump__presidente_de_ee_uu_%2Cte_estados_unidos%2Cte_islas_malvinas%2Cte_reino_unido%2Cte_argentina%2Cte_javier_milei%2Cte_ln_%2Cte_audiencia%2Cca_el_mundo%2Cca_ln_%2C%2C2XZXBRZIGBDKVN55KVZWKRCHIY&amp;pod=3&amp;ppos=1&amp;lip=true&amp;min_ad_duration=0&amp;max_ad_duration=30000&amp;vrid=6256&amp;url=https%3A%2F%2Fwww.lanacion.com.ar%2Fel-mundo%2Fen-que-consiste-la-decision-de-trump-de-retirar-el-apoyo-a-reino-unido-en-malvinas-segun-un-analista-nid24042026%2F%3Fvariant%3DA&amp;description_url=https%3A%2F%2Fwww.lanacion.com.ar%2Fel-mundo%2Fen-que-consiste-la-decision-de-trump-de-retirar-el-apoyo-a-reino-unido-en-malvinas-segun-un-analista-nid24042026%2F%3Fvariant%3DA&amp;video_doc_id=short_onecue&amp;cmsid=496&amp;kfa=0&amp;tfcd=0&amp;correlator=1777093829812&quot;,&quot;arcSite&quot;:&quot;la-nacion-ar&quot;,&quot;duration&quot;:&quot;290000&quot;}\">\n<div id=\"facade-YPaoP4y8\" class=\"content-facade-jw relative bg-black ratio-16-9\"><picture><source media=\"(max-width: 767px)\" srcset=\"https:\/\/resizer.glanacion.com\/resizer\/v2\/https%3A%2F%2Fcdn.jwplayer.com%2Fv2%2Fmedia%2FYPaoP4y8%2Fposter.jpg%3Fwidth%3D720?auth=a4240be5de73c16c5481c07ee7c743092396a37eabb15f073e36ce151e4f119d&amp;width=480&amp;quality=70&amp;smart=false\"\/><\/picture><\/div>\n<\/div><figcaption class=\"border border-1 border-bottom border-light-300 relative px-16 py-8 min-h-36 w-100_md px-0_l mb-8 bg-white\"><span class=\"text ln-text text-16 block\">Andres Repetto &#8211; Trump evalua apoyar a la Argentina en la disputa con Reino Unido por las Malvinas<\/span><\/figcaption><\/figure>\n<\/section>\n<\/div>\n<p class=\"com-paragraph   --s\">Repetto sostuvo que el trasfondo del movimiento no est\u00e1 directamente vinculado con la Argentina, sino con la estrategia de Trump frente a sus aliados hist\u00f3ricos.<\/p>\n<p class=\"com-paragraph   --s\"><strong>\u201cEl objetivo es pegarle a la OTAN\u201d<\/strong>, afirm\u00f3, en referencia a la OTAN, con la que el expresidente mantiene crecientes diferencias. En ese contexto, un eventual retiro del respaldo a la posici\u00f3n brit\u00e1nica sobre Malvinas ser\u00eda, seg\u00fan el analista, parte de un mensaje pol\u00edtico m\u00e1s amplio hacia Europa. <\/p>\n<div class=\"content-media\">\n<section role=\"button\" class=\"mod-media   \">\n<figure role=\"button\" tabindex=\"0\" class=\"mod-figure \"><figcaption class=\"mod-figcaption\"><span class=\"com-text --caption --twoxs\">El presidente estadounidense Donald Trump con el secretario general de la OTAN Mark Rutte, en la Oficina Oval en la Casa Blanca en Washington, el 22 de octubre del 2025 <\/span><span class=\"com-text --credit --twoxs\">Alex Brandon &#8211; AP<\/span><\/figcaption><\/figure>\n<\/section>\n<\/div>\n<p class=\"com-paragraph   --s\">El especialista advirti\u00f3 que, aun si se concretara, el impacto concreto sobre la disputa ser\u00eda incierto.<\/p>\n<p class=\"com-paragraph   --s\"><strong>\u201cHablar de qu\u00e9 significar\u00eda es entrar en especulaci\u00f3n\u201d<\/strong>, plante\u00f3, y enumer\u00f3 posibles escenarios: desde un cambio en votaciones internacionales hasta una postura neutral o incluso un apoyo indirecto a la Argentina.<\/p>\n<p class=\"com-paragraph   --s\">Sin embargo, remarc\u00f3 que ninguna de esas alternativas est\u00e1 confirmada. <strong>\u201cM\u00e1s all\u00e1 del rebote que tiene, no sabemos qu\u00e9 pasar\u00eda en la pr\u00e1ctica\u201d<\/strong>, se\u00f1al\u00f3.<\/p>\n<div class=\"content-media\">\n<section role=\"button\" class=\"mod-media   \">\n<figure role=\"button\" tabindex=\"0\" class=\"mod-figure \"><figcaption class=\"mod-figcaption\"><span class=\"com-text --caption --twoxs\">The Sun puso en su apertura la noticia sobre las Malvinas<\/span><\/figcaption><\/figure>\n<\/section>\n<\/div>\n<p class=\"com-paragraph   --s\">El origen de la pol\u00e9mica es un correo interno del Pent\u00e1gono que plantea revisar el <strong>respaldo \u201cincondicional\u201d a Reino Unido<\/strong> en distintos temas, entre ellos el de Malvinas. De acuerdo con Repetto, ese tipo de filtraciones deben leerse con cautela. <strong>\u201cHoy es una revisi\u00f3n, ma\u00f1ana puede ser nada o puede escalar\u201d<\/strong>, explic\u00f3.<\/p>\n<p class=\"com-paragraph   --s\">Ante este escenario, el analista consider\u00f3 que la diplomacia argentina deber\u00eda manejarse con prudencia. Sugiri\u00f3 tomar como referencia la postura de otros pa\u00edses ante situaciones similares, <strong>priorizando los canales formales por sobre versiones no confirmadas<\/strong>. <strong> <\/strong><\/p>\n<section class=\"container-center-100 mb-40 border border-bottom border-thin border-neutral-light-700\">\n<hr\/>\n<\/section>\n<\/div>\n<p><script id=\"facebookpixel\" defer=\"\" type=\"text\/javascript\">\n        !function(f,b,e,v,n,t,s)\n        {if(f.fbq)return;n=f.fbq=function(){n.callMethod?\n        n.callMethod.apply(n,arguments):n.queue.push(arguments)};\n        if(!f._fbq)f._fbq=n;n.push=n;n.loaded=!0;n.version='2.0';\n        n.queue=[];t=b.createElement(e);t.async=!0;\n        t.src=v;s=b.getElementsByTagName(e)[0];\n        s.parentNode.insertBefore(t,s)}(window, document,'script',\n        'https:\/\/connect.facebook.net\/en_US\/fbevents.js');\n        fbq('init', '492459597522335');\n        fbq('track', 'PageView');\n    <\/script><br \/>\n<br \/><\/p>\n","protected":false},"excerpt":{"rendered":"<p>En medio de versiones sobre un giro en la pol\u00edtica exterior de Estados Unidos, el analista internacional Andr\u00e9s Repetto analiz\u00f3 en LN+ qu\u00e9 implicar\u00eda una eventual decisi\u00f3n de Donald Trump de retirar el apoyo a Reino Unido en el conflicto por las Islas Malvinas. Seg\u00fan explic\u00f3, por el momento no se trata de una medida [&hellip;]<\/p>\n","protected":false},"author":2,"featured_media":192853,"comment_status":"closed","ping_status":"closed","sticky":false,"template":"","format":"standard","meta":{"footnotes":""},"categories":[26],"tags":[],"class_list":["post-192852","post","type-post","status-publish","format-standard","has-post-thumbnail","hentry","category-internacionales"],"yoast_head":"<!-- This site is optimized with the Yoast SEO plugin v24.4 - https:\/\/yoast.com\/wordpress\/plugins\/seo\/ -->\n<title>En qu\u00e9 consiste la decisi\u00f3n de Trump de retirar el apoyo a Reino Unido en Malvinas, seg\u00fan un analista internacional - GYS NOTICIAS |<\/title>\n<meta name=\"robots\" content=\"index, follow, max-snippet:-1, max-image-preview:large, max-video-preview:-1\" \/>\n<link rel=\"canonical\" href=\"https:\/\/gysfm.com.ar\/inicio\/en-que-consiste-la-decision-de-trump-de-retirar-el-apoyo-a-reino-unido-en-malvinas-segun-un-analista-internacional\/\" \/>\n<meta property=\"og:locale\" content=\"es_ES\" \/>\n<meta property=\"og:type\" content=\"article\" \/>\n<meta property=\"og:title\" content=\"En qu\u00e9 consiste la decisi\u00f3n de Trump de retirar el apoyo a Reino Unido en Malvinas, seg\u00fan un analista internacional - GYS NOTICIAS |\" \/>\n<meta property=\"og:description\" content=\"En medio de versiones sobre un giro en la pol\u00edtica exterior de Estados Unidos, el analista internacional Andr\u00e9s Repetto analiz\u00f3 en LN+ qu\u00e9 implicar\u00eda una eventual decisi\u00f3n de Donald Trump de retirar el apoyo a Reino Unido en el conflicto por las Islas Malvinas. Seg\u00fan explic\u00f3, por el momento no se trata de una medida [&hellip;]\" \/>\n<meta property=\"og:url\" content=\"https:\/\/gysfm.com.ar\/inicio\/en-que-consiste-la-decision-de-trump-de-retirar-el-apoyo-a-reino-unido-en-malvinas-segun-un-analista-internacional\/\" \/>\n<meta property=\"og:site_name\" content=\"GYS NOTICIAS |\" \/>\n<meta property=\"article:published_time\" content=\"2026-04-25T05:17:19+00:00\" \/>\n<meta property=\"article:modified_time\" content=\"2026-04-25T05:17:20+00:00\" \/>\n<meta property=\"og:image\" content=\"https:\/\/gysfm.com.ar\/inicio\/wp-content\/uploads\/2026\/04\/el-presidente-donald-trump-junto-a-javier-milei-CRN4MF2RFRELHPHND5AR3PJLHA.jpg\" \/>\n\t<meta property=\"og:image:width\" content=\"1200\" \/>\n\t<meta property=\"og:image:height\" content=\"800\" \/>\n\t<meta property=\"og:image:type\" content=\"image\/jpeg\" \/>\n<meta name=\"author\" content=\"Prensa G&amp;S FM\" \/>\n<meta name=\"twitter:card\" content=\"summary_large_image\" \/>\n<meta name=\"twitter:label1\" content=\"Escrito por\" \/>\n\t<meta name=\"twitter:data1\" content=\"Prensa G&amp;S FM\" \/>\n\t<meta name=\"twitter:label2\" content=\"Tiempo de lectura\" \/>\n\t<meta name=\"twitter:data2\" content=\"2 minutos\" \/>\n<script type=\"application\/ld+json\" class=\"yoast-schema-graph\">{\"@context\":\"https:\/\/schema.org\",\"@graph\":[{\"@type\":\"Article\",\"@id\":\"https:\/\/gysfm.com.ar\/inicio\/en-que-consiste-la-decision-de-trump-de-retirar-el-apoyo-a-reino-unido-en-malvinas-segun-un-analista-internacional\/#article\",\"isPartOf\":{\"@id\":\"https:\/\/gysfm.com.ar\/inicio\/en-que-consiste-la-decision-de-trump-de-retirar-el-apoyo-a-reino-unido-en-malvinas-segun-un-analista-internacional\/\"},\"author\":{\"name\":\"Prensa G&amp;S FM\",\"@id\":\"https:\/\/gysfm.com.ar\/inicio\/#\/schema\/person\/3abba7593ef2ad19e1be221d54383dc5\"},\"headline\":\"En qu\u00e9 consiste la decisi\u00f3n de Trump de retirar el apoyo a Reino Unido en Malvinas, seg\u00fan un analista internacional\",\"datePublished\":\"2026-04-25T05:17:19+00:00\",\"dateModified\":\"2026-04-25T05:17:20+00:00\",\"mainEntityOfPage\":{\"@id\":\"https:\/\/gysfm.com.ar\/inicio\/en-que-consiste-la-decision-de-trump-de-retirar-el-apoyo-a-reino-unido-en-malvinas-segun-un-analista-internacional\/\"},\"wordCount\":426,\"publisher\":{\"@id\":\"https:\/\/gysfm.com.ar\/inicio\/#organization\"},\"image\":{\"@id\":\"https:\/\/gysfm.com.ar\/inicio\/en-que-consiste-la-decision-de-trump-de-retirar-el-apoyo-a-reino-unido-en-malvinas-segun-un-analista-internacional\/#primaryimage\"},\"thumbnailUrl\":\"https:\/\/gysfm.com.ar\/inicio\/wp-content\/uploads\/2026\/04\/el-presidente-donald-trump-junto-a-javier-milei-CRN4MF2RFRELHPHND5AR3PJLHA.jpg\",\"articleSection\":[\"INTERNACIONALES\"],\"inLanguage\":\"es\"},{\"@type\":\"WebPage\",\"@id\":\"https:\/\/gysfm.com.ar\/inicio\/en-que-consiste-la-decision-de-trump-de-retirar-el-apoyo-a-reino-unido-en-malvinas-segun-un-analista-internacional\/\",\"url\":\"https:\/\/gysfm.com.ar\/inicio\/en-que-consiste-la-decision-de-trump-de-retirar-el-apoyo-a-reino-unido-en-malvinas-segun-un-analista-internacional\/\",\"name\":\"En qu\u00e9 consiste la decisi\u00f3n de Trump de retirar el apoyo a Reino Unido en Malvinas, seg\u00fan un analista internacional - GYS NOTICIAS |\",\"isPartOf\":{\"@id\":\"https:\/\/gysfm.com.ar\/inicio\/#website\"},\"primaryImageOfPage\":{\"@id\":\"https:\/\/gysfm.com.ar\/inicio\/en-que-consiste-la-decision-de-trump-de-retirar-el-apoyo-a-reino-unido-en-malvinas-segun-un-analista-internacional\/#primaryimage\"},\"image\":{\"@id\":\"https:\/\/gysfm.com.ar\/inicio\/en-que-consiste-la-decision-de-trump-de-retirar-el-apoyo-a-reino-unido-en-malvinas-segun-un-analista-internacional\/#primaryimage\"},\"thumbnailUrl\":\"https:\/\/gysfm.com.ar\/inicio\/wp-content\/uploads\/2026\/04\/el-presidente-donald-trump-junto-a-javier-milei-CRN4MF2RFRELHPHND5AR3PJLHA.jpg\",\"datePublished\":\"2026-04-25T05:17:19+00:00\",\"dateModified\":\"2026-04-25T05:17:20+00:00\",\"breadcrumb\":{\"@id\":\"https:\/\/gysfm.com.ar\/inicio\/en-que-consiste-la-decision-de-trump-de-retirar-el-apoyo-a-reino-unido-en-malvinas-segun-un-analista-internacional\/#breadcrumb\"},\"inLanguage\":\"es\",\"potentialAction\":[{\"@type\":\"ReadAction\",\"target\":[\"https:\/\/gysfm.com.ar\/inicio\/en-que-consiste-la-decision-de-trump-de-retirar-el-apoyo-a-reino-unido-en-malvinas-segun-un-analista-internacional\/\"]}]},{\"@type\":\"ImageObject\",\"inLanguage\":\"es\",\"@id\":\"https:\/\/gysfm.com.ar\/inicio\/en-que-consiste-la-decision-de-trump-de-retirar-el-apoyo-a-reino-unido-en-malvinas-segun-un-analista-internacional\/#primaryimage\",\"url\":\"https:\/\/gysfm.com.ar\/inicio\/wp-content\/uploads\/2026\/04\/el-presidente-donald-trump-junto-a-javier-milei-CRN4MF2RFRELHPHND5AR3PJLHA.jpg\",\"contentUrl\":\"https:\/\/gysfm.com.ar\/inicio\/wp-content\/uploads\/2026\/04\/el-presidente-donald-trump-junto-a-javier-milei-CRN4MF2RFRELHPHND5AR3PJLHA.jpg\",\"width\":1200,\"height\":800},{\"@type\":\"BreadcrumbList\",\"@id\":\"https:\/\/gysfm.com.ar\/inicio\/en-que-consiste-la-decision-de-trump-de-retirar-el-apoyo-a-reino-unido-en-malvinas-segun-un-analista-internacional\/#breadcrumb\",\"itemListElement\":[{\"@type\":\"ListItem\",\"position\":1,\"name\":\"Portada\",\"item\":\"https:\/\/gysfm.com.ar\/inicio\/\"},{\"@type\":\"ListItem\",\"position\":2,\"name\":\"En qu\u00e9 consiste la decisi\u00f3n de Trump de retirar el apoyo a Reino Unido en Malvinas, seg\u00fan un analista internacional\"}]},{\"@type\":\"WebSite\",\"@id\":\"https:\/\/gysfm.com.ar\/inicio\/#website\",\"url\":\"https:\/\/gysfm.com.ar\/inicio\/\",\"name\":\"GYS NOTICIAS |\",\"description\":\"DIARIO - RADIO ONLINE SAN JUAN ARGENTINA\",\"publisher\":{\"@id\":\"https:\/\/gysfm.com.ar\/inicio\/#organization\"},\"potentialAction\":[{\"@type\":\"SearchAction\",\"target\":{\"@type\":\"EntryPoint\",\"urlTemplate\":\"https:\/\/gysfm.com.ar\/inicio\/?s={search_term_string}\"},\"query-input\":{\"@type\":\"PropertyValueSpecification\",\"valueRequired\":true,\"valueName\":\"search_term_string\"}}],\"inLanguage\":\"es\"},{\"@type\":\"Organization\",\"@id\":\"https:\/\/gysfm.com.ar\/inicio\/#organization\",\"name\":\"GYS NOTICIAS |\",\"url\":\"https:\/\/gysfm.com.ar\/inicio\/\",\"logo\":{\"@type\":\"ImageObject\",\"inLanguage\":\"es\",\"@id\":\"https:\/\/gysfm.com.ar\/inicio\/#\/schema\/logo\/image\/\",\"url\":\"https:\/\/gysfm.com.ar\/inicio\/wp-content\/uploads\/2023\/07\/LOGOGYS-OK.png\",\"contentUrl\":\"https:\/\/gysfm.com.ar\/inicio\/wp-content\/uploads\/2023\/07\/LOGOGYS-OK.png\",\"width\":1170,\"height\":872,\"caption\":\"GYS NOTICIAS |\"},\"image\":{\"@id\":\"https:\/\/gysfm.com.ar\/inicio\/#\/schema\/logo\/image\/\"}},{\"@type\":\"Person\",\"@id\":\"https:\/\/gysfm.com.ar\/inicio\/#\/schema\/person\/3abba7593ef2ad19e1be221d54383dc5\",\"name\":\"Prensa G&amp;S FM\",\"image\":{\"@type\":\"ImageObject\",\"inLanguage\":\"es\",\"@id\":\"https:\/\/gysfm.com.ar\/inicio\/#\/schema\/person\/image\/\",\"url\":\"https:\/\/secure.gravatar.com\/avatar\/096ec78df02049ab018702bb4ccedf659377fa92a26540b5247612077a0dbd29?s=96&d=mm&r=g\",\"contentUrl\":\"https:\/\/secure.gravatar.com\/avatar\/096ec78df02049ab018702bb4ccedf659377fa92a26540b5247612077a0dbd29?s=96&d=mm&r=g\",\"caption\":\"Prensa G&amp;S FM\"},\"sameAs\":[\"https:\/\/gysfm.com.ar\/\"],\"url\":\"https:\/\/gysfm.com.ar\/inicio\/author\/lucasm\/\"}]}<\/script>\n<!-- \/ Yoast SEO plugin. -->","yoast_head_json":{"title":"En qu\u00e9 consiste la decisi\u00f3n de Trump de retirar el apoyo a Reino Unido en Malvinas, seg\u00fan un analista internacional - GYS NOTICIAS |","robots":{"index":"index","follow":"follow","max-snippet":"max-snippet:-1","max-image-preview":"max-image-preview:large","max-video-preview":"max-video-preview:-1"},"canonical":"https:\/\/gysfm.com.ar\/inicio\/en-que-consiste-la-decision-de-trump-de-retirar-el-apoyo-a-reino-unido-en-malvinas-segun-un-analista-internacional\/","og_locale":"es_ES","og_type":"article","og_title":"En qu\u00e9 consiste la decisi\u00f3n de Trump de retirar el apoyo a Reino Unido en Malvinas, seg\u00fan un analista internacional - GYS NOTICIAS |","og_description":"En medio de versiones sobre un giro en la pol\u00edtica exterior de Estados Unidos, el analista internacional Andr\u00e9s Repetto analiz\u00f3 en LN+ qu\u00e9 implicar\u00eda una eventual decisi\u00f3n de Donald Trump de retirar el apoyo a Reino Unido en el conflicto por las Islas Malvinas. Seg\u00fan explic\u00f3, por el momento no se trata de una medida [&hellip;]","og_url":"https:\/\/gysfm.com.ar\/inicio\/en-que-consiste-la-decision-de-trump-de-retirar-el-apoyo-a-reino-unido-en-malvinas-segun-un-analista-internacional\/","og_site_name":"GYS NOTICIAS |","article_published_time":"2026-04-25T05:17:19+00:00","article_modified_time":"2026-04-25T05:17:20+00:00","og_image":[{"width":1200,"height":800,"url":"https:\/\/gysfm.com.ar\/inicio\/wp-content\/uploads\/2026\/04\/el-presidente-donald-trump-junto-a-javier-milei-CRN4MF2RFRELHPHND5AR3PJLHA.jpg","type":"image\/jpeg"}],"author":"Prensa G&amp;S FM","twitter_card":"summary_large_image","twitter_misc":{"Escrito por":"Prensa G&amp;S FM","Tiempo de lectura":"2 minutos"},"schema":{"@context":"https:\/\/schema.org","@graph":[{"@type":"Article","@id":"https:\/\/gysfm.com.ar\/inicio\/en-que-consiste-la-decision-de-trump-de-retirar-el-apoyo-a-reino-unido-en-malvinas-segun-un-analista-internacional\/#article","isPartOf":{"@id":"https:\/\/gysfm.com.ar\/inicio\/en-que-consiste-la-decision-de-trump-de-retirar-el-apoyo-a-reino-unido-en-malvinas-segun-un-analista-internacional\/"},"author":{"name":"Prensa G&amp;S FM","@id":"https:\/\/gysfm.com.ar\/inicio\/#\/schema\/person\/3abba7593ef2ad19e1be221d54383dc5"},"headline":"En qu\u00e9 consiste la decisi\u00f3n de Trump de retirar el apoyo a Reino Unido en Malvinas, seg\u00fan un analista internacional","datePublished":"2026-04-25T05:17:19+00:00","dateModified":"2026-04-25T05:17:20+00:00","mainEntityOfPage":{"@id":"https:\/\/gysfm.com.ar\/inicio\/en-que-consiste-la-decision-de-trump-de-retirar-el-apoyo-a-reino-unido-en-malvinas-segun-un-analista-internacional\/"},"wordCount":426,"publisher":{"@id":"https:\/\/gysfm.com.ar\/inicio\/#organization"},"image":{"@id":"https:\/\/gysfm.com.ar\/inicio\/en-que-consiste-la-decision-de-trump-de-retirar-el-apoyo-a-reino-unido-en-malvinas-segun-un-analista-internacional\/#primaryimage"},"thumbnailUrl":"https:\/\/gysfm.com.ar\/inicio\/wp-content\/uploads\/2026\/04\/el-presidente-donald-trump-junto-a-javier-milei-CRN4MF2RFRELHPHND5AR3PJLHA.jpg","articleSection":["INTERNACIONALES"],"inLanguage":"es"},{"@type":"WebPage","@id":"https:\/\/gysfm.com.ar\/inicio\/en-que-consiste-la-decision-de-trump-de-retirar-el-apoyo-a-reino-unido-en-malvinas-segun-un-analista-internacional\/","url":"https:\/\/gysfm.com.ar\/inicio\/en-que-consiste-la-decision-de-trump-de-retirar-el-apoyo-a-reino-unido-en-malvinas-segun-un-analista-internacional\/","name":"En qu\u00e9 consiste la decisi\u00f3n de Trump de retirar el apoyo a Reino Unido en Malvinas, seg\u00fan un analista internacional - GYS NOTICIAS |","isPartOf":{"@id":"https:\/\/gysfm.com.ar\/inicio\/#website"},"primaryImageOfPage":{"@id":"https:\/\/gysfm.com.ar\/inicio\/en-que-consiste-la-decision-de-trump-de-retirar-el-apoyo-a-reino-unido-en-malvinas-segun-un-analista-internacional\/#primaryimage"},"image":{"@id":"https:\/\/gysfm.com.ar\/inicio\/en-que-consiste-la-decision-de-trump-de-retirar-el-apoyo-a-reino-unido-en-malvinas-segun-un-analista-internacional\/#primaryimage"},"thumbnailUrl":"https:\/\/gysfm.com.ar\/inicio\/wp-content\/uploads\/2026\/04\/el-presidente-donald-trump-junto-a-javier-milei-CRN4MF2RFRELHPHND5AR3PJLHA.jpg","datePublished":"2026-04-25T05:17:19+00:00","dateModified":"2026-04-25T05:17:20+00:00","breadcrumb":{"@id":"https:\/\/gysfm.com.ar\/inicio\/en-que-consiste-la-decision-de-trump-de-retirar-el-apoyo-a-reino-unido-en-malvinas-segun-un-analista-internacional\/#breadcrumb"},"inLanguage":"es","potentialAction":[{"@type":"ReadAction","target":["https:\/\/gysfm.com.ar\/inicio\/en-que-consiste-la-decision-de-trump-de-retirar-el-apoyo-a-reino-unido-en-malvinas-segun-un-analista-internacional\/"]}]},{"@type":"ImageObject","inLanguage":"es","@id":"https:\/\/gysfm.com.ar\/inicio\/en-que-consiste-la-decision-de-trump-de-retirar-el-apoyo-a-reino-unido-en-malvinas-segun-un-analista-internacional\/#primaryimage","url":"https:\/\/gysfm.com.ar\/inicio\/wp-content\/uploads\/2026\/04\/el-presidente-donald-trump-junto-a-javier-milei-CRN4MF2RFRELHPHND5AR3PJLHA.jpg","contentUrl":"https:\/\/gysfm.com.ar\/inicio\/wp-content\/uploads\/2026\/04\/el-presidente-donald-trump-junto-a-javier-milei-CRN4MF2RFRELHPHND5AR3PJLHA.jpg","width":1200,"height":800},{"@type":"BreadcrumbList","@id":"https:\/\/gysfm.com.ar\/inicio\/en-que-consiste-la-decision-de-trump-de-retirar-el-apoyo-a-reino-unido-en-malvinas-segun-un-analista-internacional\/#breadcrumb","itemListElement":[{"@type":"ListItem","position":1,"name":"Portada","item":"https:\/\/gysfm.com.ar\/inicio\/"},{"@type":"ListItem","position":2,"name":"En qu\u00e9 consiste la decisi\u00f3n de Trump de retirar el apoyo a Reino Unido en Malvinas, seg\u00fan un analista internacional"}]},{"@type":"WebSite","@id":"https:\/\/gysfm.com.ar\/inicio\/#website","url":"https:\/\/gysfm.com.ar\/inicio\/","name":"GYS NOTICIAS |","description":"DIARIO - RADIO ONLINE SAN JUAN ARGENTINA","publisher":{"@id":"https:\/\/gysfm.com.ar\/inicio\/#organization"},"potentialAction":[{"@type":"SearchAction","target":{"@type":"EntryPoint","urlTemplate":"https:\/\/gysfm.com.ar\/inicio\/?s={search_term_string}"},"query-input":{"@type":"PropertyValueSpecification","valueRequired":true,"valueName":"search_term_string"}}],"inLanguage":"es"},{"@type":"Organization","@id":"https:\/\/gysfm.com.ar\/inicio\/#organization","name":"GYS NOTICIAS |","url":"https:\/\/gysfm.com.ar\/inicio\/","logo":{"@type":"ImageObject","inLanguage":"es","@id":"https:\/\/gysfm.com.ar\/inicio\/#\/schema\/logo\/image\/","url":"https:\/\/gysfm.com.ar\/inicio\/wp-content\/uploads\/2023\/07\/LOGOGYS-OK.png","contentUrl":"https:\/\/gysfm.com.ar\/inicio\/wp-content\/uploads\/2023\/07\/LOGOGYS-OK.png","width":1170,"height":872,"caption":"GYS NOTICIAS |"},"image":{"@id":"https:\/\/gysfm.com.ar\/inicio\/#\/schema\/logo\/image\/"}},{"@type":"Person","@id":"https:\/\/gysfm.com.ar\/inicio\/#\/schema\/person\/3abba7593ef2ad19e1be221d54383dc5","name":"Prensa G&amp;S FM","image":{"@type":"ImageObject","inLanguage":"es","@id":"https:\/\/gysfm.com.ar\/inicio\/#\/schema\/person\/image\/","url":"https:\/\/secure.gravatar.com\/avatar\/096ec78df02049ab018702bb4ccedf659377fa92a26540b5247612077a0dbd29?s=96&d=mm&r=g","contentUrl":"https:\/\/secure.gravatar.com\/avatar\/096ec78df02049ab018702bb4ccedf659377fa92a26540b5247612077a0dbd29?s=96&d=mm&r=g","caption":"Prensa G&amp;S FM"},"sameAs":["https:\/\/gysfm.com.ar\/"],"url":"https:\/\/gysfm.com.ar\/inicio\/author\/lucasm\/"}]}},"_links":{"self":[{"href":"https:\/\/gysfm.com.ar\/inicio\/wp-json\/wp\/v2\/posts\/192852","targetHints":{"allow":["GET"]}}],"collection":[{"href":"https:\/\/gysfm.com.ar\/inicio\/wp-json\/wp\/v2\/posts"}],"about":[{"href":"https:\/\/gysfm.com.ar\/inicio\/wp-json\/wp\/v2\/types\/post"}],"author":[{"embeddable":true,"href":"https:\/\/gysfm.com.ar\/inicio\/wp-json\/wp\/v2\/users\/2"}],"replies":[{"embeddable":true,"href":"https:\/\/gysfm.com.ar\/inicio\/wp-json\/wp\/v2\/comments?post=192852"}],"version-history":[{"count":1,"href":"https:\/\/gysfm.com.ar\/inicio\/wp-json\/wp\/v2\/posts\/192852\/revisions"}],"predecessor-version":[{"id":192854,"href":"https:\/\/gysfm.com.ar\/inicio\/wp-json\/wp\/v2\/posts\/192852\/revisions\/192854"}],"wp:featuredmedia":[{"embeddable":true,"href":"https:\/\/gysfm.com.ar\/inicio\/wp-json\/wp\/v2\/media\/192853"}],"wp:attachment":[{"href":"https:\/\/gysfm.com.ar\/inicio\/wp-json\/wp\/v2\/media?parent=192852"}],"wp:term":[{"taxonomy":"category","embeddable":true,"href":"https:\/\/gysfm.com.ar\/inicio\/wp-json\/wp\/v2\/categories?post=192852"},{"taxonomy":"post_tag","embeddable":true,"href":"https:\/\/gysfm.com.ar\/inicio\/wp-json\/wp\/v2\/tags?post=192852"}],"curies":[{"name":"wp","href":"https:\/\/api.w.org\/{rel}","templated":true}]}}