{"id":192850,"date":"2026-04-25T02:03:11","date_gmt":"2026-04-25T05:03:11","guid":{"rendered":"https:\/\/gysfm.com.ar\/inicio\/artemis-ii-la-nasa-logro-un-hito-con-el-envio-de-imagenes-desde-la-luna-a-una-velocidad-de-260-megabits-por-segundo\/"},"modified":"2026-04-25T02:03:11","modified_gmt":"2026-04-25T05:03:11","slug":"artemis-ii-la-nasa-logro-un-hito-con-el-envio-de-imagenes-desde-la-luna-a-una-velocidad-de-260-megabits-por-segundo","status":"publish","type":"post","link":"https:\/\/gysfm.com.ar\/inicio\/artemis-ii-la-nasa-logro-un-hito-con-el-envio-de-imagenes-desde-la-luna-a-una-velocidad-de-260-megabits-por-segundo\/","title":{"rendered":"Artemis II: la NASA logr\u00f3 un hito con el env\u00edo de im\u00e1genes desde la Luna a una velocidad de 260 megabits por segundo"},"content":{"rendered":"<p><\/p>\n<div id=\"article-content\">\n<p>La misi\u00f3n <a target=\"_blank\" href=\"https:\/\/www.perfil.com\/noticias\/ciencia\/artemis-ii-los-astronautas-pueden-perder-el-15-de-masa-osea-por-mes-segun-la-sociedad-espanola-de-reumatologia.phtml\"><strong>Artemis II<\/strong> c<\/a>ontin\u00faa en el centro de la escena cient\u00edfica tras un avance tecnol\u00f3gico sin precedentes. La <a target=\"_blank\" href=\"https:\/\/www.perfil.com\/noticias\/ciencia\/la-nasa-y-spacex-lanzan-una-nueva-mision-a-la-estacion-espacial-cuando-despega-y-que-tareas-realizara-a35.phtml\"><strong>NASA<\/strong><\/a> confirm\u00f3 que logr\u00f3 transmitir<strong> <\/strong><strong>im\u00e1genes<\/strong> desde las cercan\u00edas de la <strong>Luna<\/strong> a una velocidad de 260 megabits por segundo, marcando <strong>un salto significativo en las comunicaciones espaciales a larga distancia.<\/strong> La transmisi\u00f3n se realiz\u00f3 a trav\u00e9s sistemas de comunicaci\u00f3n avanzados que combinan radiofrecuencia y enlaces \u00f3pticos. <\/p>\n<p>La tecnolog\u00eda descripta permite enviar grandes vol\u00famenes de datos en tiempos mucho m\u00e1s reducidos que las estructuras tradicionales. La nave Orion de la agencia espacial estadounidense fue equipada con equipos de \u00faltima generaci\u00f3n que posibilitaron sostener el env\u00edo de las fotograf\u00edas, incluso a distancias superiores a los 38.000 kil\u00f3metros.<\/p>\n<p class=\"destacadoNota\"><a target=\"_blank\" href=\"https:\/\/www.perfil.com\/noticias\/ciencia\/astronauta-de-artemis-ii-cristina-koch-cuando-las-personas-viven-en-microgravedad-los-organos-vestibulares-no-funcionan-correctamente.phtml\">Astronauta de Artemis II, Cristina Koch: \u201cCuando las personas viven en microgravedad, los \u00f3rganos vestibulares no funcionan correctamente\u201d<\/a><\/p>\n<div class=\"subscription\">\n<p>\n        Esto no les gusta a los autoritarios\n    <\/p>\n<div class=\"subscription__container\">\n<div class=\"subscription__text-wrapper\">\n<p>\n                El ejercicio del periodismo profesional y cr\u00edtico es un pilar fundamental de la democracia. Por eso molesta a quienes creen ser los due\u00f1os de la verdad.\n            <\/p>\n<\/p><\/div><\/div>\n<\/div>\n<p>Desde transmisiones en tiempo real hasta el env\u00edo de datos cient\u00edficos complejos, la capacidad de mantener un flujo constante de informaci\u00f3n entre la Tierra y el espacio profundo ser\u00e1 fundamental en los pr\u00f3ximos a\u00f1os. <\/p>\n<div style=\"text-align:center\">\n<figure class=\"image\" style=\"display:inline-block\"><picture><source media=\"(max-width: 440px)\" srcset=\"https:\/\/fotos.perfil.com\/\/2026\/04\/23\/440\/0\/luna-artemis-ii-23042026-2226388.jpg?webp\"\/><source media=\"(max-width: 1019px)\" srcset=\"https:\/\/fotos.perfil.com\/\/2026\/04\/23\/712\/0\/luna-artemis-ii-23042026-2226388.jpg?webp\"\/><img decoding=\"async\" style=\"max-width: 100%; width: 100%;\" alt=\"Luna Artemis II 23042026\" height=\"730\" src=\"https:\/\/fotos.perfil.com\/\/2026\/04\/23\/900\/0\/luna-artemis-ii-23042026-2226388.jpg?webp\" width=\"1300\" loading=\"lazy\"\/><\/picture><figcaption><strong>Imagenes de la Luna en alta definici\u00f3n tomadas por Artemis II<\/strong><\/figcaption><\/figure>\n<\/p><\/div>\n<p>Adem\u00e1s, este tipo de tecnolog\u00eda tambi\u00e9n ser\u00e1 clave para las futuras misiones a Marte, donde la comunicaci\u00f3n eficiente ser\u00e1 a\u00fan m\u00e1s desafiante. El logro no s\u00f3lo representa un avance en la calidad y velocidad de las comunicaciones, sino que tambi\u00e9n abre la puerta a nuevas posibilidades para la exploraci\u00f3n espacial en las futuras misiones tripuladas. <\/p>\n<p>Con este hito, la <strong>NASA<\/strong> no solo demuestra su capacidad de innovaci\u00f3n, sino que tambi\u00e9n sienta las bases para una nueva era en la <strong>exploraci\u00f3n espacial<\/strong>, donde la conectividad ser\u00e1 tan importante como la propulsi\u00f3n o la ingenier\u00eda <\/p>\n<p class=\"destacadoNota\"><a target=\"_blank\" href=\"https:\/\/www.perfil.com\/noticias\/ciencia\/el-astronauta-victor-glover-sobre-la-reentrada-a-la-atmosfera-a35-de-artemis-ii-hay-algo-que-no-estoy-listo-para-hacer-publico.phtml\"> El astronauta Victor Glover sobre la reentrada a la atm\u00f3sfera de Artemis II: \u201cHay algo que no estoy listo para hacer p\u00fablico\u201d<\/a><\/p>\n<h2>Im\u00e1genes en alta definici\u00f3n desde la Luna: un salto clave para la tripulaci\u00f3n de Artemis II<\/h2>\n<p>Uno de los aspectos m\u00e1s impactantes de este avance fue la capacidad de la tripulaci\u00f3n de<strong> Artemis II <\/strong>de recibir y enviar<strong> im\u00e1genes<\/strong> en alta definici\u00f3n casi en tiempo real. Gracias a esta mejora, los astronautas pueden acceder a material visual con un nivel de detalle sin precedentes, lo que optimiza tanto la toma de decisiones como el monitoreo de los sistemas de la nave y del entorno lunar.<\/p>\n<div style=\"text-align:center\">\n<figure class=\"image\" style=\"display:inline-block\"><picture><source media=\"(max-width: 440px)\" srcset=\"https:\/\/fotos.perfil.com\/\/2026\/04\/23\/440\/0\/luna-artemis-ii-23042026-2226386.jpg?webp\"\/><source media=\"(max-width: 1019px)\" srcset=\"https:\/\/fotos.perfil.com\/\/2026\/04\/23\/712\/0\/luna-artemis-ii-23042026-2226386.jpg?webp\"\/><img decoding=\"async\" style=\"max-width: 100%; width: 100%;\" alt=\"Luna Artemis II 23042026\" height=\"730\" src=\"https:\/\/fotos.perfil.com\/\/2026\/04\/23\/900\/0\/luna-artemis-ii-23042026-2226386.jpg?webp\" width=\"1300\" loading=\"lazy\"\/><\/picture><figcaption><strong>Im\u00e1genes en alta resoluci\u00f3n tomadas por la misi\u00f3n Artemis II<\/strong><\/figcaption><\/figure>\n<\/p><\/div>\n<p>Las im\u00e1genes transmitidas por la exitosa tripulaci\u00f3n de la<strong> NASA<\/strong> incluyen vistas de la superficie lunar, registros del espacio profundo y datos visuales clave para las maniobras de navegaci\u00f3n. Esta calidad de transmisi\u00f3n tambi\u00e9n permite que los equipos en la Tierra sigan cada paso de la misi\u00f3n con una precisi\u00f3n in\u00e9dita, reduciendo los m\u00e1rgenes de error y mejorando la seguridad de la tripulaci\u00f3n.<\/p>\n<p class=\"destacadoNota\"><a target=\"_blank\" href=\"https:\/\/www.perfil.com\/noticias\/ciencia\/artemis-iv-la-nasa-decidio-que-el-esperado-alunizaje-debera-esperar-y-se-postergara-para-2028.phtml\">Artemis IV: la NASA decidi\u00f3 que el esperado alunizaje deber\u00e1 esperar y se postergar\u00e1 para 2028<\/a><\/p>\n<p>Adem\u00e1s, este avance tiene un fuerte impacto en la divulgaci\u00f3n cient\u00edfica. La posibilidad de compartir im\u00e1genes en alta definici\u00f3n con el p\u00fablico en general transforma la manera en que se viven las misiones espaciales, acercando la exploraci\u00f3n del espacio a millones de personas en todo el mundo.<\/p>\n<p>PM \/ EM<\/p>\n<\/p><\/div>\n<p><script>\n                !function(f,b,e,v,n,t,s)\n                {if(f.fbq)return;n=f.fbq=function(){n.callMethod?\n                    n.callMethod.apply(n,arguments):n.queue.push(arguments)};\n                    if(!f._fbq)f._fbq=n;n.push=n;n.loaded=!0;n.version='2.0';\n                    n.queue=[];t=b.createElement(e);t.async=!0;\n                    t.src=v;s=b.getElementsByTagName(e)[0];\n                    s.parentNode.insertBefore(t,s)}(window, document,'script',\n                    'https:\/\/connect.facebook.net\/en_US\/fbevents.js');\n                window.paywallConfig.facebook_pixel=\"1000228364089342\"\n            <\/script><\/p>\n","protected":false},"excerpt":{"rendered":"<p>La misi\u00f3n Artemis II contin\u00faa en el centro de la escena cient\u00edfica tras un avance tecnol\u00f3gico sin precedentes. La NASA confirm\u00f3 que logr\u00f3 transmitir im\u00e1genes desde las cercan\u00edas de la Luna a una velocidad de 260 megabits por segundo, marcando un salto significativo en las comunicaciones espaciales a larga distancia. La transmisi\u00f3n se realiz\u00f3 a [&hellip;]<\/p>\n","protected":false},"author":2,"featured_media":192851,"comment_status":"closed","ping_status":"closed","sticky":false,"template":"","format":"standard","meta":{"footnotes":""},"categories":[25],"tags":[],"class_list":["post-192850","post","type-post","status-publish","format-standard","has-post-thumbnail","hentry","category-nacionales"],"yoast_head":"<!-- This site is optimized with the Yoast SEO plugin v24.4 - https:\/\/yoast.com\/wordpress\/plugins\/seo\/ -->\n<title>Artemis II: la NASA logr\u00f3 un hito con el env\u00edo de im\u00e1genes desde la Luna a una velocidad de 260 megabits por segundo - GYS NOTICIAS |<\/title>\n<meta name=\"robots\" content=\"index, follow, max-snippet:-1, max-image-preview:large, max-video-preview:-1\" \/>\n<link rel=\"canonical\" href=\"https:\/\/gysfm.com.ar\/inicio\/artemis-ii-la-nasa-logro-un-hito-con-el-envio-de-imagenes-desde-la-luna-a-una-velocidad-de-260-megabits-por-segundo\/\" \/>\n<meta property=\"og:locale\" content=\"es_ES\" \/>\n<meta property=\"og:type\" content=\"article\" \/>\n<meta property=\"og:title\" content=\"Artemis II: la NASA logr\u00f3 un hito con el env\u00edo de im\u00e1genes desde la Luna a una velocidad de 260 megabits por segundo - GYS NOTICIAS |\" \/>\n<meta property=\"og:description\" content=\"La misi\u00f3n Artemis II contin\u00faa en el centro de la escena cient\u00edfica tras un avance tecnol\u00f3gico sin precedentes. La NASA confirm\u00f3 que logr\u00f3 transmitir im\u00e1genes desde las cercan\u00edas de la Luna a una velocidad de 260 megabits por segundo, marcando un salto significativo en las comunicaciones espaciales a larga distancia. La transmisi\u00f3n se realiz\u00f3 a [&hellip;]\" \/>\n<meta property=\"og:url\" content=\"https:\/\/gysfm.com.ar\/inicio\/artemis-ii-la-nasa-logro-un-hito-con-el-envio-de-imagenes-desde-la-luna-a-una-velocidad-de-260-megabits-por-segundo\/\" \/>\n<meta property=\"og:site_name\" content=\"GYS NOTICIAS |\" \/>\n<meta property=\"article:published_time\" content=\"2026-04-25T05:03:11+00:00\" \/>\n<meta property=\"og:image\" content=\"https:\/\/fotos.perfil.com\/\/2026\/04\/23\/900\/0\/luna-artemis-ii-23042026-2226388.jpg?webp\" \/>\n<meta name=\"author\" content=\"Prensa G&amp;S FM\" \/>\n<meta name=\"twitter:card\" content=\"summary_large_image\" \/>\n<meta name=\"twitter:label1\" content=\"Escrito por\" \/>\n\t<meta name=\"twitter:data1\" content=\"Prensa G&amp;S FM\" \/>\n\t<meta name=\"twitter:label2\" content=\"Tiempo de lectura\" \/>\n\t<meta name=\"twitter:data2\" content=\"3 minutos\" \/>\n<script type=\"application\/ld+json\" class=\"yoast-schema-graph\">{\"@context\":\"https:\/\/schema.org\",\"@graph\":[{\"@type\":\"Article\",\"@id\":\"https:\/\/gysfm.com.ar\/inicio\/artemis-ii-la-nasa-logro-un-hito-con-el-envio-de-imagenes-desde-la-luna-a-una-velocidad-de-260-megabits-por-segundo\/#article\",\"isPartOf\":{\"@id\":\"https:\/\/gysfm.com.ar\/inicio\/artemis-ii-la-nasa-logro-un-hito-con-el-envio-de-imagenes-desde-la-luna-a-una-velocidad-de-260-megabits-por-segundo\/\"},\"author\":{\"name\":\"Prensa G&amp;S FM\",\"@id\":\"https:\/\/gysfm.com.ar\/inicio\/#\/schema\/person\/3abba7593ef2ad19e1be221d54383dc5\"},\"headline\":\"Artemis II: la NASA logr\u00f3 un hito con el env\u00edo de im\u00e1genes desde la Luna a una velocidad de 260 megabits por segundo\",\"datePublished\":\"2026-04-25T05:03:11+00:00\",\"mainEntityOfPage\":{\"@id\":\"https:\/\/gysfm.com.ar\/inicio\/artemis-ii-la-nasa-logro-un-hito-con-el-envio-de-imagenes-desde-la-luna-a-una-velocidad-de-260-megabits-por-segundo\/\"},\"wordCount\":637,\"publisher\":{\"@id\":\"https:\/\/gysfm.com.ar\/inicio\/#organization\"},\"image\":{\"@id\":\"https:\/\/gysfm.com.ar\/inicio\/artemis-ii-la-nasa-logro-un-hito-con-el-envio-de-imagenes-desde-la-luna-a-una-velocidad-de-260-megabits-por-segundo\/#primaryimage\"},\"thumbnailUrl\":\"https:\/\/gysfm.com.ar\/inicio\/wp-content\/uploads\/2026\/04\/luna-artemis-ii-23042026-2226387.jpg\",\"articleSection\":[\"NACIONALES\"],\"inLanguage\":\"es\"},{\"@type\":\"WebPage\",\"@id\":\"https:\/\/gysfm.com.ar\/inicio\/artemis-ii-la-nasa-logro-un-hito-con-el-envio-de-imagenes-desde-la-luna-a-una-velocidad-de-260-megabits-por-segundo\/\",\"url\":\"https:\/\/gysfm.com.ar\/inicio\/artemis-ii-la-nasa-logro-un-hito-con-el-envio-de-imagenes-desde-la-luna-a-una-velocidad-de-260-megabits-por-segundo\/\",\"name\":\"Artemis II: la NASA logr\u00f3 un hito con el env\u00edo de im\u00e1genes desde la Luna a una velocidad de 260 megabits por segundo - GYS NOTICIAS |\",\"isPartOf\":{\"@id\":\"https:\/\/gysfm.com.ar\/inicio\/#website\"},\"primaryImageOfPage\":{\"@id\":\"https:\/\/gysfm.com.ar\/inicio\/artemis-ii-la-nasa-logro-un-hito-con-el-envio-de-imagenes-desde-la-luna-a-una-velocidad-de-260-megabits-por-segundo\/#primaryimage\"},\"image\":{\"@id\":\"https:\/\/gysfm.com.ar\/inicio\/artemis-ii-la-nasa-logro-un-hito-con-el-envio-de-imagenes-desde-la-luna-a-una-velocidad-de-260-megabits-por-segundo\/#primaryimage\"},\"thumbnailUrl\":\"https:\/\/gysfm.com.ar\/inicio\/wp-content\/uploads\/2026\/04\/luna-artemis-ii-23042026-2226387.jpg\",\"datePublished\":\"2026-04-25T05:03:11+00:00\",\"breadcrumb\":{\"@id\":\"https:\/\/gysfm.com.ar\/inicio\/artemis-ii-la-nasa-logro-un-hito-con-el-envio-de-imagenes-desde-la-luna-a-una-velocidad-de-260-megabits-por-segundo\/#breadcrumb\"},\"inLanguage\":\"es\",\"potentialAction\":[{\"@type\":\"ReadAction\",\"target\":[\"https:\/\/gysfm.com.ar\/inicio\/artemis-ii-la-nasa-logro-un-hito-con-el-envio-de-imagenes-desde-la-luna-a-una-velocidad-de-260-megabits-por-segundo\/\"]}]},{\"@type\":\"ImageObject\",\"inLanguage\":\"es\",\"@id\":\"https:\/\/gysfm.com.ar\/inicio\/artemis-ii-la-nasa-logro-un-hito-con-el-envio-de-imagenes-desde-la-luna-a-una-velocidad-de-260-megabits-por-segundo\/#primaryimage\",\"url\":\"https:\/\/gysfm.com.ar\/inicio\/wp-content\/uploads\/2026\/04\/luna-artemis-ii-23042026-2226387.jpg\",\"contentUrl\":\"https:\/\/gysfm.com.ar\/inicio\/wp-content\/uploads\/2026\/04\/luna-artemis-ii-23042026-2226387.jpg\",\"width\":1140,\"height\":641},{\"@type\":\"BreadcrumbList\",\"@id\":\"https:\/\/gysfm.com.ar\/inicio\/artemis-ii-la-nasa-logro-un-hito-con-el-envio-de-imagenes-desde-la-luna-a-una-velocidad-de-260-megabits-por-segundo\/#breadcrumb\",\"itemListElement\":[{\"@type\":\"ListItem\",\"position\":1,\"name\":\"Portada\",\"item\":\"https:\/\/gysfm.com.ar\/inicio\/\"},{\"@type\":\"ListItem\",\"position\":2,\"name\":\"Artemis II: la NASA logr\u00f3 un hito con el env\u00edo de im\u00e1genes desde la Luna a una velocidad de 260 megabits por segundo\"}]},{\"@type\":\"WebSite\",\"@id\":\"https:\/\/gysfm.com.ar\/inicio\/#website\",\"url\":\"https:\/\/gysfm.com.ar\/inicio\/\",\"name\":\"GYS NOTICIAS |\",\"description\":\"DIARIO - RADIO ONLINE SAN JUAN ARGENTINA\",\"publisher\":{\"@id\":\"https:\/\/gysfm.com.ar\/inicio\/#organization\"},\"potentialAction\":[{\"@type\":\"SearchAction\",\"target\":{\"@type\":\"EntryPoint\",\"urlTemplate\":\"https:\/\/gysfm.com.ar\/inicio\/?s={search_term_string}\"},\"query-input\":{\"@type\":\"PropertyValueSpecification\",\"valueRequired\":true,\"valueName\":\"search_term_string\"}}],\"inLanguage\":\"es\"},{\"@type\":\"Organization\",\"@id\":\"https:\/\/gysfm.com.ar\/inicio\/#organization\",\"name\":\"GYS NOTICIAS |\",\"url\":\"https:\/\/gysfm.com.ar\/inicio\/\",\"logo\":{\"@type\":\"ImageObject\",\"inLanguage\":\"es\",\"@id\":\"https:\/\/gysfm.com.ar\/inicio\/#\/schema\/logo\/image\/\",\"url\":\"https:\/\/gysfm.com.ar\/inicio\/wp-content\/uploads\/2023\/07\/LOGOGYS-OK.png\",\"contentUrl\":\"https:\/\/gysfm.com.ar\/inicio\/wp-content\/uploads\/2023\/07\/LOGOGYS-OK.png\",\"width\":1170,\"height\":872,\"caption\":\"GYS NOTICIAS |\"},\"image\":{\"@id\":\"https:\/\/gysfm.com.ar\/inicio\/#\/schema\/logo\/image\/\"}},{\"@type\":\"Person\",\"@id\":\"https:\/\/gysfm.com.ar\/inicio\/#\/schema\/person\/3abba7593ef2ad19e1be221d54383dc5\",\"name\":\"Prensa G&amp;S FM\",\"image\":{\"@type\":\"ImageObject\",\"inLanguage\":\"es\",\"@id\":\"https:\/\/gysfm.com.ar\/inicio\/#\/schema\/person\/image\/\",\"url\":\"https:\/\/secure.gravatar.com\/avatar\/096ec78df02049ab018702bb4ccedf659377fa92a26540b5247612077a0dbd29?s=96&d=mm&r=g\",\"contentUrl\":\"https:\/\/secure.gravatar.com\/avatar\/096ec78df02049ab018702bb4ccedf659377fa92a26540b5247612077a0dbd29?s=96&d=mm&r=g\",\"caption\":\"Prensa G&amp;S FM\"},\"sameAs\":[\"https:\/\/gysfm.com.ar\/\"],\"url\":\"https:\/\/gysfm.com.ar\/inicio\/author\/lucasm\/\"}]}<\/script>\n<!-- \/ Yoast SEO plugin. -->","yoast_head_json":{"title":"Artemis II: la NASA logr\u00f3 un hito con el env\u00edo de im\u00e1genes desde la Luna a una velocidad de 260 megabits por segundo - GYS NOTICIAS |","robots":{"index":"index","follow":"follow","max-snippet":"max-snippet:-1","max-image-preview":"max-image-preview:large","max-video-preview":"max-video-preview:-1"},"canonical":"https:\/\/gysfm.com.ar\/inicio\/artemis-ii-la-nasa-logro-un-hito-con-el-envio-de-imagenes-desde-la-luna-a-una-velocidad-de-260-megabits-por-segundo\/","og_locale":"es_ES","og_type":"article","og_title":"Artemis II: la NASA logr\u00f3 un hito con el env\u00edo de im\u00e1genes desde la Luna a una velocidad de 260 megabits por segundo - GYS NOTICIAS |","og_description":"La misi\u00f3n Artemis II contin\u00faa en el centro de la escena cient\u00edfica tras un avance tecnol\u00f3gico sin precedentes. La NASA confirm\u00f3 que logr\u00f3 transmitir im\u00e1genes desde las cercan\u00edas de la Luna a una velocidad de 260 megabits por segundo, marcando un salto significativo en las comunicaciones espaciales a larga distancia. La transmisi\u00f3n se realiz\u00f3 a [&hellip;]","og_url":"https:\/\/gysfm.com.ar\/inicio\/artemis-ii-la-nasa-logro-un-hito-con-el-envio-de-imagenes-desde-la-luna-a-una-velocidad-de-260-megabits-por-segundo\/","og_site_name":"GYS NOTICIAS |","article_published_time":"2026-04-25T05:03:11+00:00","og_image":[{"url":"https:\/\/fotos.perfil.com\/\/2026\/04\/23\/900\/0\/luna-artemis-ii-23042026-2226388.jpg?webp","type":"","width":"","height":""}],"author":"Prensa G&amp;S FM","twitter_card":"summary_large_image","twitter_misc":{"Escrito por":"Prensa G&amp;S FM","Tiempo de lectura":"3 minutos"},"schema":{"@context":"https:\/\/schema.org","@graph":[{"@type":"Article","@id":"https:\/\/gysfm.com.ar\/inicio\/artemis-ii-la-nasa-logro-un-hito-con-el-envio-de-imagenes-desde-la-luna-a-una-velocidad-de-260-megabits-por-segundo\/#article","isPartOf":{"@id":"https:\/\/gysfm.com.ar\/inicio\/artemis-ii-la-nasa-logro-un-hito-con-el-envio-de-imagenes-desde-la-luna-a-una-velocidad-de-260-megabits-por-segundo\/"},"author":{"name":"Prensa G&amp;S FM","@id":"https:\/\/gysfm.com.ar\/inicio\/#\/schema\/person\/3abba7593ef2ad19e1be221d54383dc5"},"headline":"Artemis II: la NASA logr\u00f3 un hito con el env\u00edo de im\u00e1genes desde la Luna a una velocidad de 260 megabits por segundo","datePublished":"2026-04-25T05:03:11+00:00","mainEntityOfPage":{"@id":"https:\/\/gysfm.com.ar\/inicio\/artemis-ii-la-nasa-logro-un-hito-con-el-envio-de-imagenes-desde-la-luna-a-una-velocidad-de-260-megabits-por-segundo\/"},"wordCount":637,"publisher":{"@id":"https:\/\/gysfm.com.ar\/inicio\/#organization"},"image":{"@id":"https:\/\/gysfm.com.ar\/inicio\/artemis-ii-la-nasa-logro-un-hito-con-el-envio-de-imagenes-desde-la-luna-a-una-velocidad-de-260-megabits-por-segundo\/#primaryimage"},"thumbnailUrl":"https:\/\/gysfm.com.ar\/inicio\/wp-content\/uploads\/2026\/04\/luna-artemis-ii-23042026-2226387.jpg","articleSection":["NACIONALES"],"inLanguage":"es"},{"@type":"WebPage","@id":"https:\/\/gysfm.com.ar\/inicio\/artemis-ii-la-nasa-logro-un-hito-con-el-envio-de-imagenes-desde-la-luna-a-una-velocidad-de-260-megabits-por-segundo\/","url":"https:\/\/gysfm.com.ar\/inicio\/artemis-ii-la-nasa-logro-un-hito-con-el-envio-de-imagenes-desde-la-luna-a-una-velocidad-de-260-megabits-por-segundo\/","name":"Artemis II: la NASA logr\u00f3 un hito con el env\u00edo de im\u00e1genes desde la Luna a una velocidad de 260 megabits por segundo - GYS NOTICIAS |","isPartOf":{"@id":"https:\/\/gysfm.com.ar\/inicio\/#website"},"primaryImageOfPage":{"@id":"https:\/\/gysfm.com.ar\/inicio\/artemis-ii-la-nasa-logro-un-hito-con-el-envio-de-imagenes-desde-la-luna-a-una-velocidad-de-260-megabits-por-segundo\/#primaryimage"},"image":{"@id":"https:\/\/gysfm.com.ar\/inicio\/artemis-ii-la-nasa-logro-un-hito-con-el-envio-de-imagenes-desde-la-luna-a-una-velocidad-de-260-megabits-por-segundo\/#primaryimage"},"thumbnailUrl":"https:\/\/gysfm.com.ar\/inicio\/wp-content\/uploads\/2026\/04\/luna-artemis-ii-23042026-2226387.jpg","datePublished":"2026-04-25T05:03:11+00:00","breadcrumb":{"@id":"https:\/\/gysfm.com.ar\/inicio\/artemis-ii-la-nasa-logro-un-hito-con-el-envio-de-imagenes-desde-la-luna-a-una-velocidad-de-260-megabits-por-segundo\/#breadcrumb"},"inLanguage":"es","potentialAction":[{"@type":"ReadAction","target":["https:\/\/gysfm.com.ar\/inicio\/artemis-ii-la-nasa-logro-un-hito-con-el-envio-de-imagenes-desde-la-luna-a-una-velocidad-de-260-megabits-por-segundo\/"]}]},{"@type":"ImageObject","inLanguage":"es","@id":"https:\/\/gysfm.com.ar\/inicio\/artemis-ii-la-nasa-logro-un-hito-con-el-envio-de-imagenes-desde-la-luna-a-una-velocidad-de-260-megabits-por-segundo\/#primaryimage","url":"https:\/\/gysfm.com.ar\/inicio\/wp-content\/uploads\/2026\/04\/luna-artemis-ii-23042026-2226387.jpg","contentUrl":"https:\/\/gysfm.com.ar\/inicio\/wp-content\/uploads\/2026\/04\/luna-artemis-ii-23042026-2226387.jpg","width":1140,"height":641},{"@type":"BreadcrumbList","@id":"https:\/\/gysfm.com.ar\/inicio\/artemis-ii-la-nasa-logro-un-hito-con-el-envio-de-imagenes-desde-la-luna-a-una-velocidad-de-260-megabits-por-segundo\/#breadcrumb","itemListElement":[{"@type":"ListItem","position":1,"name":"Portada","item":"https:\/\/gysfm.com.ar\/inicio\/"},{"@type":"ListItem","position":2,"name":"Artemis II: la NASA logr\u00f3 un hito con el env\u00edo de im\u00e1genes desde la Luna a una velocidad de 260 megabits por segundo"}]},{"@type":"WebSite","@id":"https:\/\/gysfm.com.ar\/inicio\/#website","url":"https:\/\/gysfm.com.ar\/inicio\/","name":"GYS NOTICIAS |","description":"DIARIO - RADIO ONLINE SAN JUAN ARGENTINA","publisher":{"@id":"https:\/\/gysfm.com.ar\/inicio\/#organization"},"potentialAction":[{"@type":"SearchAction","target":{"@type":"EntryPoint","urlTemplate":"https:\/\/gysfm.com.ar\/inicio\/?s={search_term_string}"},"query-input":{"@type":"PropertyValueSpecification","valueRequired":true,"valueName":"search_term_string"}}],"inLanguage":"es"},{"@type":"Organization","@id":"https:\/\/gysfm.com.ar\/inicio\/#organization","name":"GYS NOTICIAS |","url":"https:\/\/gysfm.com.ar\/inicio\/","logo":{"@type":"ImageObject","inLanguage":"es","@id":"https:\/\/gysfm.com.ar\/inicio\/#\/schema\/logo\/image\/","url":"https:\/\/gysfm.com.ar\/inicio\/wp-content\/uploads\/2023\/07\/LOGOGYS-OK.png","contentUrl":"https:\/\/gysfm.com.ar\/inicio\/wp-content\/uploads\/2023\/07\/LOGOGYS-OK.png","width":1170,"height":872,"caption":"GYS NOTICIAS |"},"image":{"@id":"https:\/\/gysfm.com.ar\/inicio\/#\/schema\/logo\/image\/"}},{"@type":"Person","@id":"https:\/\/gysfm.com.ar\/inicio\/#\/schema\/person\/3abba7593ef2ad19e1be221d54383dc5","name":"Prensa G&amp;S FM","image":{"@type":"ImageObject","inLanguage":"es","@id":"https:\/\/gysfm.com.ar\/inicio\/#\/schema\/person\/image\/","url":"https:\/\/secure.gravatar.com\/avatar\/096ec78df02049ab018702bb4ccedf659377fa92a26540b5247612077a0dbd29?s=96&d=mm&r=g","contentUrl":"https:\/\/secure.gravatar.com\/avatar\/096ec78df02049ab018702bb4ccedf659377fa92a26540b5247612077a0dbd29?s=96&d=mm&r=g","caption":"Prensa G&amp;S FM"},"sameAs":["https:\/\/gysfm.com.ar\/"],"url":"https:\/\/gysfm.com.ar\/inicio\/author\/lucasm\/"}]}},"_links":{"self":[{"href":"https:\/\/gysfm.com.ar\/inicio\/wp-json\/wp\/v2\/posts\/192850","targetHints":{"allow":["GET"]}}],"collection":[{"href":"https:\/\/gysfm.com.ar\/inicio\/wp-json\/wp\/v2\/posts"}],"about":[{"href":"https:\/\/gysfm.com.ar\/inicio\/wp-json\/wp\/v2\/types\/post"}],"author":[{"embeddable":true,"href":"https:\/\/gysfm.com.ar\/inicio\/wp-json\/wp\/v2\/users\/2"}],"replies":[{"embeddable":true,"href":"https:\/\/gysfm.com.ar\/inicio\/wp-json\/wp\/v2\/comments?post=192850"}],"version-history":[{"count":0,"href":"https:\/\/gysfm.com.ar\/inicio\/wp-json\/wp\/v2\/posts\/192850\/revisions"}],"wp:featuredmedia":[{"embeddable":true,"href":"https:\/\/gysfm.com.ar\/inicio\/wp-json\/wp\/v2\/media\/192851"}],"wp:attachment":[{"href":"https:\/\/gysfm.com.ar\/inicio\/wp-json\/wp\/v2\/media?parent=192850"}],"wp:term":[{"taxonomy":"category","embeddable":true,"href":"https:\/\/gysfm.com.ar\/inicio\/wp-json\/wp\/v2\/categories?post=192850"},{"taxonomy":"post_tag","embeddable":true,"href":"https:\/\/gysfm.com.ar\/inicio\/wp-json\/wp\/v2\/tags?post=192850"}],"curies":[{"name":"wp","href":"https:\/\/api.w.org\/{rel}","templated":true}]}}