{"id":192849,"date":"2026-04-25T01:32:31","date_gmt":"2026-04-25T04:32:31","guid":{"rendered":"https:\/\/gysfm.com.ar\/inicio\/la-hora-de-america-latina-en-la-onu\/"},"modified":"2026-04-25T01:32:31","modified_gmt":"2026-04-25T04:32:31","slug":"la-hora-de-america-latina-en-la-onu","status":"publish","type":"post","link":"https:\/\/gysfm.com.ar\/inicio\/la-hora-de-america-latina-en-la-onu\/","title":{"rendered":"La hora de Am\u00e9rica Latina en la ONU"},"content":{"rendered":"<p><\/p>\n<div id=\"article-content\">\n<p>La<strong> Organizaci\u00f3n de las Naciones Unidas<\/strong> atraviesa uno de los momentos de mayor debilidad y descr\u00e9dito desde su creaci\u00f3n en <strong>1945,<\/strong> cuando naci\u00f3 como un experimento multilateral in\u00e9dito orientado a dejar atr\u00e1s definitivamente la guerra y promover el desarrollo.<\/p>\n<p>Si bien las cr\u00edticas por la lentitud de respuesta y la ineficiencia de sus organismos frente a los grandes problemas globales se ven\u00edan acumulando desde hace a\u00f1os, las guerras en Ucrania y en <strong>Medio Oriente<\/strong> terminaron por poner en entredicho su capacidad y, en particular, la del <strong>Consejo de Seguridad<\/strong>, para cumplir su funci\u00f3n primordial de garantizar la paz y la seguridad internacionales.<\/p>\n<p>La llamada \u201ccrisis del multilateralismo\u201d no es un fen\u00f3meno aislado: se corresponde y, a la vez, retroalimenta el <a target=\"_blank\" href=\"https:\/\/www.perfil.com\/noticias\/opinion\/la-onu-un-reflejo-del-pasado.phtml\">agotamiento del orden geopol\u00edtico que dio origen a la ONU hace ocho d\u00e9cadas<\/a>. Estamos atravesando una transici\u00f3n incierta hacia una nueva configuraci\u00f3n del sistema internacional, a\u00fan indefinida, pero en la que el desenlace de la disputa estrat\u00e9gica entre Estados Unidos y China tendr\u00e1 un peso determinante.<\/p>\n<div class=\"subscription\">\n<p>\n        Esto no les gusta a los autoritarios\n    <\/p>\n<div class=\"subscription__container\">\n<div class=\"subscription__text-wrapper\">\n<p>\n                El ejercicio del periodismo profesional y cr\u00edtico es un pilar fundamental de la democracia. Por eso molesta a quienes creen ser los due\u00f1os de la verdad.\n            <\/p>\n<\/p><\/div><\/div>\n<\/div>\n<h2>Am\u00e9rica Latina y ONU<\/h2>\n<p>En ese contexto, y conforme a una regla no escrita de equilibrio regional, Am\u00e9rica Latina aparece en condiciones de asumir la<a target=\"_blank\" href=\"https:\/\/www.perfil.com\/noticias\/actualidad\/guterres-estoy-alarmado-el-ataque-de-eeuu-a-iran-es-peligrosa-escalada-en-una-region-al-limite.phtml\"> Secretar\u00eda General de la ONU, cargo que dejar\u00e1 el portugu\u00e9s Ant\u00f3nio Guterres<\/a> tras una d\u00e9cada. Entre los candidatos de la regi\u00f3n se destacan el argentino <strong>Rafael Grossi<\/strong>, la ex presidenta chilena <strong>Michelle Bachelet<\/strong> y la costarricense <strong>Rebeca Grynspan<\/strong>; fuera de Am\u00e9rica Latina, tambi\u00e9n suena el ex presidente senegal\u00e9s Macky Sall.<\/p>\n<p>El proceso de selecci\u00f3n est\u00e1 fuertemente condicionado por el poder de veto de los cinco miembros permanentes del <strong>Consejo de Seguridad<\/strong> (Estados Unidos, China, Rusia, Francia y Reino Unido), cuya influencia suele pesar m\u00e1s que los respaldos formales. En ese marco, Grossi ha logrado consolidar un perfil t\u00e9cnico-diplom\u00e1tico de alto nivel, especialmente valorado por su rol en escenarios cr\u00edticos como <strong>Ucrania <\/strong>e Ir\u00e1n desde el Organismo Internacional de Energ\u00eda At\u00f3mica, lo que lo posiciona como una figura de creciente consideraci\u00f3n en el actual contexto internacional.<\/p>\n<h2>La hora de Am\u00e9rica Latina<\/h2>\n<p>M\u00e1s all\u00e1 de los nombres propios, Am\u00e9rica Latina enfrenta una oportunidad singular para salir de un prolongado cono de sombras y recuperar una gravitaci\u00f3n diplom\u00e1tica y multilateral que supo tener en otros momentos. Esta vez, no ya como espectadora, sino como protagonista en la reconstrucci\u00f3n de un sistema internacional deteriorado que, pese a sus limitaciones, ha sido capaz de producir avances significativos para la humanidad: desde la codificaci\u00f3n del derecho internacional hasta la implementaci\u00f3n de pol\u00edticas concretas en m\u00faltiples \u00e1mbitos y pa\u00edses.<\/p>\n<p class=\"destacadoNota\"><a target=\"_blank\" href=\"https:\/\/www.perfil.com\/noticias\/opinion\/ilusion-en-el-nombre-de-la-onu.phtml\">Ilusi\u00f3n, en el nombre de la ONU<\/a><\/p>\n<p>Aprovechar esa oportunidad depender\u00e1, en buena medida, de la capacidad de la regi\u00f3n para actuar con sentido estrat\u00e9gico y vocaci\u00f3n de unidad. M\u00e1s que la dispersi\u00f3n de candidaturas, lo que el contexto exige es la convergencia en torno a una figura que exprese con claridad los intereses y la proyecci\u00f3n internacional de <strong>Am\u00e9rica Latina. <\/strong><\/p>\n<p>No se trata solo de una aspiraci\u00f3n regional, sino de una necesidad del propio sistema multilateral: en un momento de fragmentaci\u00f3n global, la elecci\u00f3n de un liderazgo latinoamericano puede contribuir a recomponer equilibrios, recuperar legitimidad y aportar una mirada indispensable desde el Sur Global. La experiencia hist\u00f3rica as\u00ed lo demuestra: el peruano Javier P\u00e9rez de Cu\u00e9llar fue, hasta ahora, el \u00fanico latinoamericano en ocupar la Secretar\u00eda General (1982-1991), en un contexto tambi\u00e9n desafiante para el sistema internacional.<\/p>\n<p>Un secretario general, por s\u00ed solo, no revertir\u00e1 la profunda crisis que atraviesa la ONU y su sistema. Pero una conducci\u00f3n surgida de Am\u00e9rica Latina -la regi\u00f3n m\u00e1s desigual del planeta y, al mismo tiempo, un espejo de los desaf\u00edos del desarrollo en el Sur Global- puede aportar una perspectiva renovadora y orientada al futuro. <\/p>\n<p>En un escenario atravesado por divisiones crecientes y por la proliferaci\u00f3n de esquemas de gobernanza paralelos, recuperar una visi\u00f3n universal, representativa y eficaz no es solo deseable: es indispensable.<\/p>\n<h4><em>\u201cEfecto Mariposa\u201d es un ciclo de conversaciones sobre pol\u00edtica internacional producido por Fundaci\u00f3n Embajada Abierta y conducido por Jorge Arg\u00fcello que se emite por Canal E los jueves a las 22 y los domingos a las 23. <\/em><\/h4>\n<\/p><\/div>\n<p><script>\n                !function(f,b,e,v,n,t,s)\n                {if(f.fbq)return;n=f.fbq=function(){n.callMethod?\n                    n.callMethod.apply(n,arguments):n.queue.push(arguments)};\n                    if(!f._fbq)f._fbq=n;n.push=n;n.loaded=!0;n.version='2.0';\n                    n.queue=[];t=b.createElement(e);t.async=!0;\n                    t.src=v;s=b.getElementsByTagName(e)[0];\n                    s.parentNode.insertBefore(t,s)}(window, document,'script',\n                    'https:\/\/connect.facebook.net\/en_US\/fbevents.js');\n                window.paywallConfig.facebook_pixel=\"1000228364089342\"\n            <\/script><\/p>\n","protected":false},"excerpt":{"rendered":"<p>La Organizaci\u00f3n de las Naciones Unidas atraviesa uno de los momentos de mayor debilidad y descr\u00e9dito desde su creaci\u00f3n en 1945, cuando naci\u00f3 como un experimento multilateral in\u00e9dito orientado a dejar atr\u00e1s definitivamente la guerra y promover el desarrollo. Si bien las cr\u00edticas por la lentitud de respuesta y la ineficiencia de sus organismos frente [&hellip;]<\/p>\n","protected":false},"author":2,"featured_media":175079,"comment_status":"closed","ping_status":"closed","sticky":false,"template":"","format":"standard","meta":{"footnotes":""},"categories":[25],"tags":[],"class_list":["post-192849","post","type-post","status-publish","format-standard","has-post-thumbnail","hentry","category-nacionales"],"yoast_head":"<!-- This site is optimized with the Yoast SEO plugin v24.4 - https:\/\/yoast.com\/wordpress\/plugins\/seo\/ -->\n<title>La hora de Am\u00e9rica Latina en la ONU - GYS NOTICIAS |<\/title>\n<meta name=\"robots\" content=\"index, follow, max-snippet:-1, max-image-preview:large, max-video-preview:-1\" \/>\n<link rel=\"canonical\" href=\"https:\/\/gysfm.com.ar\/inicio\/la-hora-de-america-latina-en-la-onu\/\" \/>\n<meta property=\"og:locale\" content=\"es_ES\" \/>\n<meta property=\"og:type\" content=\"article\" \/>\n<meta property=\"og:title\" content=\"La hora de Am\u00e9rica Latina en la ONU - GYS NOTICIAS |\" \/>\n<meta property=\"og:description\" content=\"La Organizaci\u00f3n de las Naciones Unidas atraviesa uno de los momentos de mayor debilidad y descr\u00e9dito desde su creaci\u00f3n en 1945, cuando naci\u00f3 como un experimento multilateral in\u00e9dito orientado a dejar atr\u00e1s definitivamente la guerra y promover el desarrollo. Si bien las cr\u00edticas por la lentitud de respuesta y la ineficiencia de sus organismos frente [&hellip;]\" \/>\n<meta property=\"og:url\" content=\"https:\/\/gysfm.com.ar\/inicio\/la-hora-de-america-latina-en-la-onu\/\" \/>\n<meta property=\"og:site_name\" content=\"GYS NOTICIAS |\" \/>\n<meta property=\"article:published_time\" content=\"2026-04-25T04:32:31+00:00\" \/>\n<meta name=\"author\" content=\"Prensa G&amp;S FM\" \/>\n<meta name=\"twitter:card\" content=\"summary_large_image\" \/>\n<meta name=\"twitter:label1\" content=\"Escrito por\" \/>\n\t<meta name=\"twitter:data1\" content=\"Prensa G&amp;S FM\" \/>\n\t<meta name=\"twitter:label2\" content=\"Tiempo de lectura\" \/>\n\t<meta name=\"twitter:data2\" content=\"4 minutos\" \/>\n<script type=\"application\/ld+json\" class=\"yoast-schema-graph\">{\"@context\":\"https:\/\/schema.org\",\"@graph\":[{\"@type\":\"Article\",\"@id\":\"https:\/\/gysfm.com.ar\/inicio\/la-hora-de-america-latina-en-la-onu\/#article\",\"isPartOf\":{\"@id\":\"https:\/\/gysfm.com.ar\/inicio\/la-hora-de-america-latina-en-la-onu\/\"},\"author\":{\"name\":\"Prensa G&amp;S FM\",\"@id\":\"https:\/\/gysfm.com.ar\/inicio\/#\/schema\/person\/3abba7593ef2ad19e1be221d54383dc5\"},\"headline\":\"La hora de Am\u00e9rica Latina en la ONU\",\"datePublished\":\"2026-04-25T04:32:31+00:00\",\"mainEntityOfPage\":{\"@id\":\"https:\/\/gysfm.com.ar\/inicio\/la-hora-de-america-latina-en-la-onu\/\"},\"wordCount\":785,\"publisher\":{\"@id\":\"https:\/\/gysfm.com.ar\/inicio\/#organization\"},\"image\":{\"@id\":\"https:\/\/gysfm.com.ar\/inicio\/la-hora-de-america-latina-en-la-onu\/#primaryimage\"},\"thumbnailUrl\":\"https:\/\/gysfm.com.ar\/inicio\/wp-content\/uploads\/2026\/01\/el-hombre-nuclear-rafael-grossi-dirige-el-organismo-internacional-de-energia-atomica-2167822.jpg\",\"articleSection\":[\"NACIONALES\"],\"inLanguage\":\"es\"},{\"@type\":\"WebPage\",\"@id\":\"https:\/\/gysfm.com.ar\/inicio\/la-hora-de-america-latina-en-la-onu\/\",\"url\":\"https:\/\/gysfm.com.ar\/inicio\/la-hora-de-america-latina-en-la-onu\/\",\"name\":\"La hora de Am\u00e9rica Latina en la ONU - GYS NOTICIAS |\",\"isPartOf\":{\"@id\":\"https:\/\/gysfm.com.ar\/inicio\/#website\"},\"primaryImageOfPage\":{\"@id\":\"https:\/\/gysfm.com.ar\/inicio\/la-hora-de-america-latina-en-la-onu\/#primaryimage\"},\"image\":{\"@id\":\"https:\/\/gysfm.com.ar\/inicio\/la-hora-de-america-latina-en-la-onu\/#primaryimage\"},\"thumbnailUrl\":\"https:\/\/gysfm.com.ar\/inicio\/wp-content\/uploads\/2026\/01\/el-hombre-nuclear-rafael-grossi-dirige-el-organismo-internacional-de-energia-atomica-2167822.jpg\",\"datePublished\":\"2026-04-25T04:32:31+00:00\",\"breadcrumb\":{\"@id\":\"https:\/\/gysfm.com.ar\/inicio\/la-hora-de-america-latina-en-la-onu\/#breadcrumb\"},\"inLanguage\":\"es\",\"potentialAction\":[{\"@type\":\"ReadAction\",\"target\":[\"https:\/\/gysfm.com.ar\/inicio\/la-hora-de-america-latina-en-la-onu\/\"]}]},{\"@type\":\"ImageObject\",\"inLanguage\":\"es\",\"@id\":\"https:\/\/gysfm.com.ar\/inicio\/la-hora-de-america-latina-en-la-onu\/#primaryimage\",\"url\":\"https:\/\/gysfm.com.ar\/inicio\/wp-content\/uploads\/2026\/01\/el-hombre-nuclear-rafael-grossi-dirige-el-organismo-internacional-de-energia-atomica-2167822.jpg\",\"contentUrl\":\"https:\/\/gysfm.com.ar\/inicio\/wp-content\/uploads\/2026\/01\/el-hombre-nuclear-rafael-grossi-dirige-el-organismo-internacional-de-energia-atomica-2167822.jpg\",\"width\":1140,\"height\":641},{\"@type\":\"BreadcrumbList\",\"@id\":\"https:\/\/gysfm.com.ar\/inicio\/la-hora-de-america-latina-en-la-onu\/#breadcrumb\",\"itemListElement\":[{\"@type\":\"ListItem\",\"position\":1,\"name\":\"Portada\",\"item\":\"https:\/\/gysfm.com.ar\/inicio\/\"},{\"@type\":\"ListItem\",\"position\":2,\"name\":\"La hora de Am\u00e9rica Latina en la ONU\"}]},{\"@type\":\"WebSite\",\"@id\":\"https:\/\/gysfm.com.ar\/inicio\/#website\",\"url\":\"https:\/\/gysfm.com.ar\/inicio\/\",\"name\":\"GYS NOTICIAS |\",\"description\":\"DIARIO - RADIO ONLINE SAN JUAN ARGENTINA\",\"publisher\":{\"@id\":\"https:\/\/gysfm.com.ar\/inicio\/#organization\"},\"potentialAction\":[{\"@type\":\"SearchAction\",\"target\":{\"@type\":\"EntryPoint\",\"urlTemplate\":\"https:\/\/gysfm.com.ar\/inicio\/?s={search_term_string}\"},\"query-input\":{\"@type\":\"PropertyValueSpecification\",\"valueRequired\":true,\"valueName\":\"search_term_string\"}}],\"inLanguage\":\"es\"},{\"@type\":\"Organization\",\"@id\":\"https:\/\/gysfm.com.ar\/inicio\/#organization\",\"name\":\"GYS NOTICIAS |\",\"url\":\"https:\/\/gysfm.com.ar\/inicio\/\",\"logo\":{\"@type\":\"ImageObject\",\"inLanguage\":\"es\",\"@id\":\"https:\/\/gysfm.com.ar\/inicio\/#\/schema\/logo\/image\/\",\"url\":\"https:\/\/gysfm.com.ar\/inicio\/wp-content\/uploads\/2023\/07\/LOGOGYS-OK.png\",\"contentUrl\":\"https:\/\/gysfm.com.ar\/inicio\/wp-content\/uploads\/2023\/07\/LOGOGYS-OK.png\",\"width\":1170,\"height\":872,\"caption\":\"GYS NOTICIAS |\"},\"image\":{\"@id\":\"https:\/\/gysfm.com.ar\/inicio\/#\/schema\/logo\/image\/\"}},{\"@type\":\"Person\",\"@id\":\"https:\/\/gysfm.com.ar\/inicio\/#\/schema\/person\/3abba7593ef2ad19e1be221d54383dc5\",\"name\":\"Prensa G&amp;S FM\",\"image\":{\"@type\":\"ImageObject\",\"inLanguage\":\"es\",\"@id\":\"https:\/\/gysfm.com.ar\/inicio\/#\/schema\/person\/image\/\",\"url\":\"https:\/\/secure.gravatar.com\/avatar\/096ec78df02049ab018702bb4ccedf659377fa92a26540b5247612077a0dbd29?s=96&d=mm&r=g\",\"contentUrl\":\"https:\/\/secure.gravatar.com\/avatar\/096ec78df02049ab018702bb4ccedf659377fa92a26540b5247612077a0dbd29?s=96&d=mm&r=g\",\"caption\":\"Prensa G&amp;S FM\"},\"sameAs\":[\"https:\/\/gysfm.com.ar\/\"],\"url\":\"https:\/\/gysfm.com.ar\/inicio\/author\/lucasm\/\"}]}<\/script>\n<!-- \/ Yoast SEO plugin. -->","yoast_head_json":{"title":"La hora de Am\u00e9rica Latina en la ONU - GYS NOTICIAS |","robots":{"index":"index","follow":"follow","max-snippet":"max-snippet:-1","max-image-preview":"max-image-preview:large","max-video-preview":"max-video-preview:-1"},"canonical":"https:\/\/gysfm.com.ar\/inicio\/la-hora-de-america-latina-en-la-onu\/","og_locale":"es_ES","og_type":"article","og_title":"La hora de Am\u00e9rica Latina en la ONU - GYS NOTICIAS |","og_description":"La Organizaci\u00f3n de las Naciones Unidas atraviesa uno de los momentos de mayor debilidad y descr\u00e9dito desde su creaci\u00f3n en 1945, cuando naci\u00f3 como un experimento multilateral in\u00e9dito orientado a dejar atr\u00e1s definitivamente la guerra y promover el desarrollo. Si bien las cr\u00edticas por la lentitud de respuesta y la ineficiencia de sus organismos frente [&hellip;]","og_url":"https:\/\/gysfm.com.ar\/inicio\/la-hora-de-america-latina-en-la-onu\/","og_site_name":"GYS NOTICIAS |","article_published_time":"2026-04-25T04:32:31+00:00","author":"Prensa G&amp;S FM","twitter_card":"summary_large_image","twitter_misc":{"Escrito por":"Prensa G&amp;S FM","Tiempo de lectura":"4 minutos"},"schema":{"@context":"https:\/\/schema.org","@graph":[{"@type":"Article","@id":"https:\/\/gysfm.com.ar\/inicio\/la-hora-de-america-latina-en-la-onu\/#article","isPartOf":{"@id":"https:\/\/gysfm.com.ar\/inicio\/la-hora-de-america-latina-en-la-onu\/"},"author":{"name":"Prensa G&amp;S FM","@id":"https:\/\/gysfm.com.ar\/inicio\/#\/schema\/person\/3abba7593ef2ad19e1be221d54383dc5"},"headline":"La hora de Am\u00e9rica Latina en la ONU","datePublished":"2026-04-25T04:32:31+00:00","mainEntityOfPage":{"@id":"https:\/\/gysfm.com.ar\/inicio\/la-hora-de-america-latina-en-la-onu\/"},"wordCount":785,"publisher":{"@id":"https:\/\/gysfm.com.ar\/inicio\/#organization"},"image":{"@id":"https:\/\/gysfm.com.ar\/inicio\/la-hora-de-america-latina-en-la-onu\/#primaryimage"},"thumbnailUrl":"https:\/\/gysfm.com.ar\/inicio\/wp-content\/uploads\/2026\/01\/el-hombre-nuclear-rafael-grossi-dirige-el-organismo-internacional-de-energia-atomica-2167822.jpg","articleSection":["NACIONALES"],"inLanguage":"es"},{"@type":"WebPage","@id":"https:\/\/gysfm.com.ar\/inicio\/la-hora-de-america-latina-en-la-onu\/","url":"https:\/\/gysfm.com.ar\/inicio\/la-hora-de-america-latina-en-la-onu\/","name":"La hora de Am\u00e9rica Latina en la ONU - GYS NOTICIAS |","isPartOf":{"@id":"https:\/\/gysfm.com.ar\/inicio\/#website"},"primaryImageOfPage":{"@id":"https:\/\/gysfm.com.ar\/inicio\/la-hora-de-america-latina-en-la-onu\/#primaryimage"},"image":{"@id":"https:\/\/gysfm.com.ar\/inicio\/la-hora-de-america-latina-en-la-onu\/#primaryimage"},"thumbnailUrl":"https:\/\/gysfm.com.ar\/inicio\/wp-content\/uploads\/2026\/01\/el-hombre-nuclear-rafael-grossi-dirige-el-organismo-internacional-de-energia-atomica-2167822.jpg","datePublished":"2026-04-25T04:32:31+00:00","breadcrumb":{"@id":"https:\/\/gysfm.com.ar\/inicio\/la-hora-de-america-latina-en-la-onu\/#breadcrumb"},"inLanguage":"es","potentialAction":[{"@type":"ReadAction","target":["https:\/\/gysfm.com.ar\/inicio\/la-hora-de-america-latina-en-la-onu\/"]}]},{"@type":"ImageObject","inLanguage":"es","@id":"https:\/\/gysfm.com.ar\/inicio\/la-hora-de-america-latina-en-la-onu\/#primaryimage","url":"https:\/\/gysfm.com.ar\/inicio\/wp-content\/uploads\/2026\/01\/el-hombre-nuclear-rafael-grossi-dirige-el-organismo-internacional-de-energia-atomica-2167822.jpg","contentUrl":"https:\/\/gysfm.com.ar\/inicio\/wp-content\/uploads\/2026\/01\/el-hombre-nuclear-rafael-grossi-dirige-el-organismo-internacional-de-energia-atomica-2167822.jpg","width":1140,"height":641},{"@type":"BreadcrumbList","@id":"https:\/\/gysfm.com.ar\/inicio\/la-hora-de-america-latina-en-la-onu\/#breadcrumb","itemListElement":[{"@type":"ListItem","position":1,"name":"Portada","item":"https:\/\/gysfm.com.ar\/inicio\/"},{"@type":"ListItem","position":2,"name":"La hora de Am\u00e9rica Latina en la ONU"}]},{"@type":"WebSite","@id":"https:\/\/gysfm.com.ar\/inicio\/#website","url":"https:\/\/gysfm.com.ar\/inicio\/","name":"GYS NOTICIAS |","description":"DIARIO - RADIO ONLINE SAN JUAN ARGENTINA","publisher":{"@id":"https:\/\/gysfm.com.ar\/inicio\/#organization"},"potentialAction":[{"@type":"SearchAction","target":{"@type":"EntryPoint","urlTemplate":"https:\/\/gysfm.com.ar\/inicio\/?s={search_term_string}"},"query-input":{"@type":"PropertyValueSpecification","valueRequired":true,"valueName":"search_term_string"}}],"inLanguage":"es"},{"@type":"Organization","@id":"https:\/\/gysfm.com.ar\/inicio\/#organization","name":"GYS NOTICIAS |","url":"https:\/\/gysfm.com.ar\/inicio\/","logo":{"@type":"ImageObject","inLanguage":"es","@id":"https:\/\/gysfm.com.ar\/inicio\/#\/schema\/logo\/image\/","url":"https:\/\/gysfm.com.ar\/inicio\/wp-content\/uploads\/2023\/07\/LOGOGYS-OK.png","contentUrl":"https:\/\/gysfm.com.ar\/inicio\/wp-content\/uploads\/2023\/07\/LOGOGYS-OK.png","width":1170,"height":872,"caption":"GYS NOTICIAS |"},"image":{"@id":"https:\/\/gysfm.com.ar\/inicio\/#\/schema\/logo\/image\/"}},{"@type":"Person","@id":"https:\/\/gysfm.com.ar\/inicio\/#\/schema\/person\/3abba7593ef2ad19e1be221d54383dc5","name":"Prensa G&amp;S FM","image":{"@type":"ImageObject","inLanguage":"es","@id":"https:\/\/gysfm.com.ar\/inicio\/#\/schema\/person\/image\/","url":"https:\/\/secure.gravatar.com\/avatar\/096ec78df02049ab018702bb4ccedf659377fa92a26540b5247612077a0dbd29?s=96&d=mm&r=g","contentUrl":"https:\/\/secure.gravatar.com\/avatar\/096ec78df02049ab018702bb4ccedf659377fa92a26540b5247612077a0dbd29?s=96&d=mm&r=g","caption":"Prensa G&amp;S FM"},"sameAs":["https:\/\/gysfm.com.ar\/"],"url":"https:\/\/gysfm.com.ar\/inicio\/author\/lucasm\/"}]}},"_links":{"self":[{"href":"https:\/\/gysfm.com.ar\/inicio\/wp-json\/wp\/v2\/posts\/192849","targetHints":{"allow":["GET"]}}],"collection":[{"href":"https:\/\/gysfm.com.ar\/inicio\/wp-json\/wp\/v2\/posts"}],"about":[{"href":"https:\/\/gysfm.com.ar\/inicio\/wp-json\/wp\/v2\/types\/post"}],"author":[{"embeddable":true,"href":"https:\/\/gysfm.com.ar\/inicio\/wp-json\/wp\/v2\/users\/2"}],"replies":[{"embeddable":true,"href":"https:\/\/gysfm.com.ar\/inicio\/wp-json\/wp\/v2\/comments?post=192849"}],"version-history":[{"count":0,"href":"https:\/\/gysfm.com.ar\/inicio\/wp-json\/wp\/v2\/posts\/192849\/revisions"}],"wp:featuredmedia":[{"embeddable":true,"href":"https:\/\/gysfm.com.ar\/inicio\/wp-json\/wp\/v2\/media\/175079"}],"wp:attachment":[{"href":"https:\/\/gysfm.com.ar\/inicio\/wp-json\/wp\/v2\/media?parent=192849"}],"wp:term":[{"taxonomy":"category","embeddable":true,"href":"https:\/\/gysfm.com.ar\/inicio\/wp-json\/wp\/v2\/categories?post=192849"},{"taxonomy":"post_tag","embeddable":true,"href":"https:\/\/gysfm.com.ar\/inicio\/wp-json\/wp\/v2\/tags?post=192849"}],"curies":[{"name":"wp","href":"https:\/\/api.w.org\/{rel}","templated":true}]}}