{"id":192844,"date":"2026-04-25T01:01:20","date_gmt":"2026-04-25T04:01:20","guid":{"rendered":"https:\/\/gysfm.com.ar\/inicio\/el-poder-del-sur-global-como-america-latina-puede-liderar-el-nuevo-orden-frente-al-caos-de-trump\/"},"modified":"2026-04-25T01:01:20","modified_gmt":"2026-04-25T04:01:20","slug":"el-poder-del-sur-global-como-america-latina-puede-liderar-el-nuevo-orden-frente-al-caos-de-trump","status":"publish","type":"post","link":"https:\/\/gysfm.com.ar\/inicio\/el-poder-del-sur-global-como-america-latina-puede-liderar-el-nuevo-orden-frente-al-caos-de-trump\/","title":{"rendered":"El poder del Sur Global: c\u00f3mo Am\u00e9rica Latina puede liderar el nuevo orden frente al caos de Trump"},"content":{"rendered":"<p><\/p>\n<div id=\"article-content\">\n<p>SANTIAGO\u2014 Durante d\u00e9cadas, el poder global eman\u00f3 de Europa y Estados Unidos. Esa era, ciertamente, mi visi\u00f3n cuando pis\u00e9 por primera vez el Hemisferio Norte como estudiante de posgrado en la Universidad de Cambridge. Pero gestionar las relaciones econ\u00f3micas internacionales de Chile bajo el mandato del ex presidente Gabriel Boric revel\u00f3 <strong>cu\u00e1nto poder puede ejercer el Sur Global si decide hacerlo<\/strong>.<\/p>\n<p>Esto es evidente no solo en los datos, sino tambi\u00e9n en la mesa de negociaciones. En 2025, viaj\u00e9 con Boric, otros miembros del gabinete y l\u00edderes empresariales, acad\u00e9micos, figuras culturales y emprendedores chilenos a la India para negociar un Acuerdo de Asociaci\u00f3n Econ\u00f3mica Integral. Ambas partes segu\u00edan las antiguas prescripciones de los economistas del desarrollo: <a target=\"_blank\" href=\"https:\/\/www.perfil.com\/noticias\/opinion\/el-mundo-esta-aprendiendo-a-funcionar-sin-estados-unidos.phtml\"><strong>diversificar los socios comerciales, abrir nuevos mercados y profundizar la integraci\u00f3n Sur-Sur<\/strong><\/a>.<\/p>\n<p>Pero durante el viaje, el presidente de EE. UU., Donald Trump, anunci\u00f3 sus aranceles \u201crec\u00edprocos\u201d contra la mayor\u00eda de los socios comerciales de Estados Unidos, rompiendo las reglas del comercio mundial. Para el Sur Global, esto fue una bofetada. Nunca esperamos que el desarrollo estuviera libre de luchas y contradicciones. Pero el rumbo era claro: una mayor integraci\u00f3n econ\u00f3mica global potenciar\u00eda el crecimiento. Y <strong>las reglas e instituciones eran compartidas, hasta que el pa\u00eds que las dise\u00f1\u00f3 decidi\u00f3 eximirse de ellas<\/strong>.<\/p>\n<div class=\"subscription\">\n<p>\n        Esto no les gusta a los autoritarios\n    <\/p>\n<div class=\"subscription__container\">\n<div class=\"subscription__text-wrapper\">\n<p>\n                El ejercicio del periodismo profesional y cr\u00edtico es un pilar fundamental de la democracia. Por eso molesta a quienes creen ser los due\u00f1os de la verdad.\n            <\/p>\n<\/p><\/div><\/div>\n<\/div>\n<p class=\"destacadoNota\"><a target=\"_blank\" href=\"https:\/\/www.perfil.com\/noticias\/opinion\/preparada-o-no-el-futuro-post-americano-de-europa-ya-esta-aqui.phtml\">El fin de la era OTAN: Europa se enfrenta al abismo de su seguridad sin el escudo de EEUU<\/a><\/p>\n<p>Quiz\u00e1s lo m\u00e1s sorprendente es que el sistema multilateral basado en reglas funcion\u00f3 para el mundo en desarrollo. En 1952, Estados Unidos, con solo el 6% de la poblaci\u00f3n mundial, produc\u00eda alrededor del 40% del PIB global. En contraste, <strong>Estados Unidos produce ahora el 15% del PIB mundial<\/strong>, mientras que China ha pasado de casi cero al 20%.<\/p>\n<p>La redistribuci\u00f3n se extiende m\u00e1s all\u00e1 del eje EE. UU.-China. En la d\u00e9cada de 1970, la econom\u00eda de Alemania era el doble de la de India; hoy, la de India es casi tres veces mayor que la de Alemania. El economista de la City University de Nueva York, Branko Milanovi\u0107, ha calificado esto como <strong>\u201cla mayor redistribuci\u00f3n de ingresos individuales desde la Revoluci\u00f3n Industrial\u201d<\/strong>.<\/p>\n<p>Como mostraron Milanovi\u0107 y Christoph Lakner del Banco Mundial en un estudio emblem\u00e1tico, las mayores ganancias relativas de ingresos entre 1988 y 2008 fueron para cientos de millones de personas situadas en la mediana global, principalmente en pa\u00edses asi\u00e1ticos, elev\u00e1ndolas a la clase media. El mismo proceso condujo al estancamiento de los ingresos de la clase trabajadora y media en los pa\u00edses ricos. <strong>El sistema redujo la pobreza global y desplaz\u00f3 el equilibrio del poder internacional<\/strong>.<\/p>\n<p>La integraci\u00f3n en la econom\u00eda global fue una condici\u00f3n necesaria pero insuficiente para el desarrollo. <strong>Los pa\u00edses que m\u00e1s ganaron con la globalizaci\u00f3n ten\u00edan un plan<\/strong>. China es el ejemplo m\u00e1s obvio, pero Corea del Sur, Vietnam e Indonesia siguieron un camino similar: dise\u00f1aron estrategias de desarrollo a largo plazo e invirtieron en educaci\u00f3n, pol\u00edtica industrial y tecnolog\u00eda.<\/p>\n<p class=\"destacadoNota\"><a target=\"_blank\" href=\"https:\/\/www.perfil.com\/noticias\/opinion\/el-populista-contra-el-papa.phtml\">El populista contra el papa: Le\u00f3n XIV desaf\u00eda la moral de Trump<\/a><\/p>\n<p>Los pa\u00edses que carecieron de un plan, particularmente en el mundo desarrollado, abrieron sus econom\u00edas sin construir una capacidad interna para redistribuir las ganancias. Ese <strong>fracaso en la gesti\u00f3n de los riesgos de la globalizaci\u00f3n se ha convertido en el problema de todos<\/strong>, porque ha generado el descontento pol\u00edtico que ahora envuelve a Occidente y fractura el orden internacional.<\/p>\n<p>Algunos de los mayores desaf\u00edos que enfrenta el mundo hoy, como el cambio clim\u00e1tico y la gesti\u00f3n de la IA, solo pueden abordarse mediante reglas comunes y colaboraci\u00f3n transfronteriza. Sabemos que el cambio tecnol\u00f3gico es uno de los <strong>principales impulsores de la creciente desigualdad dentro de los pa\u00edses<\/strong>, y que los m\u00e1s pobres son los que sufren el impacto de la crisis clim\u00e1tica. Ambos problemas exigen di\u00e1logo, y ninguno puede ser resuelto por el m\u00e1s fuerte actuando solo.<\/p>\n<p>Muchos de los recursos cr\u00edticos necesarios para combatir el cambio clim\u00e1tico y potenciar la transici\u00f3n tecnol\u00f3gica se concentran en Am\u00e9rica Latina, lo que otorga a la regi\u00f3n una nueva influencia. Pero la influencia sin coordinaci\u00f3n crea riesgos. Y en este momento, <strong>Am\u00e9rica Latina carece de una estrategia regional<\/strong>.<\/p>\n<p>Dise\u00f1ar una no es una aspiraci\u00f3n ut\u00f3pica. La Asociaci\u00f3n de Naciones del Sudeste Asi\u00e1tico se construy\u00f3 sobre el reconocimiento de que las econom\u00edas m\u00e1s peque\u00f1as necesitan posiciones colectivas para negociar con las grandes potencias. A medida que las reglas que antes limitaban a estas potencias se debilitan, <strong>la solidaridad regional se ha vuelto a\u00fan m\u00e1s importante<\/strong>.<\/p>\n<p>Forjar v\u00ednculos m\u00e1s estrechos entre los gobiernos latinoamericanos, los sectores privados y las sociedades civiles ya no es una opci\u00f3n; es un imperativo. La \u00faltima ola de globalizaci\u00f3n ilustr\u00f3 la importancia de <strong>pol\u00edticas que distribuyan las ganancias de manera equitativa y marcos fiscales que conviertan la renta de los recursos en inversi\u00f3n p\u00fablica<\/strong>. La planificaci\u00f3n es la diferencia entre el desarrollo y la dependencia.<\/p>\n<p>Cuando este periodo de desorden trumpista d\u00e9 paso a la reconstrucci\u00f3n, el Sur Global debe llegar a la mesa con propuestas, no solo quejas. El orden que ahora se fractura se construy\u00f3 en gran medida sin nosotros, pero no tiene por qu\u00e9 ocurrir lo mismo con el pr\u00f3ximo. Los pa\u00edses que no pueden imponer sus preferencias por la fuerza deben <strong>continuar el trabajo de coordinaci\u00f3n y colaboraci\u00f3n para crear un sistema global donde las reglas se apliquen a todos<\/strong>.<\/p>\n<p><strong><em>(*) Claudia Sanhueza es ex viceministra de Hacienda y ex subsecretaria de Relaciones Econ\u00f3micas Internacionales de Chile.<\/em><\/strong><\/p>\n<\/p><\/div>\n<p><script>\n                !function(f,b,e,v,n,t,s)\n                {if(f.fbq)return;n=f.fbq=function(){n.callMethod?\n                    n.callMethod.apply(n,arguments):n.queue.push(arguments)};\n                    if(!f._fbq)f._fbq=n;n.push=n;n.loaded=!0;n.version='2.0';\n                    n.queue=[];t=b.createElement(e);t.async=!0;\n                    t.src=v;s=b.getElementsByTagName(e)[0];\n                    s.parentNode.insertBefore(t,s)}(window, document,'script',\n                    'https:\/\/connect.facebook.net\/en_US\/fbevents.js');\n                window.paywallConfig.facebook_pixel=\"1000228364089342\"\n            <\/script><\/p>\n","protected":false},"excerpt":{"rendered":"<p>SANTIAGO\u2014 Durante d\u00e9cadas, el poder global eman\u00f3 de Europa y Estados Unidos. Esa era, ciertamente, mi visi\u00f3n cuando pis\u00e9 por primera vez el Hemisferio Norte como estudiante de posgrado en la Universidad de Cambridge. Pero gestionar las relaciones econ\u00f3micas internacionales de Chile bajo el mandato del ex presidente Gabriel Boric revel\u00f3 cu\u00e1nto poder puede ejercer [&hellip;]<\/p>\n","protected":false},"author":2,"featured_media":192845,"comment_status":"closed","ping_status":"closed","sticky":false,"template":"","format":"standard","meta":{"footnotes":""},"categories":[25],"tags":[],"class_list":["post-192844","post","type-post","status-publish","format-standard","has-post-thumbnail","hentry","category-nacionales"],"yoast_head":"<!-- This site is optimized with the Yoast SEO plugin v24.4 - https:\/\/yoast.com\/wordpress\/plugins\/seo\/ -->\n<title>El poder del Sur Global: c\u00f3mo Am\u00e9rica Latina puede liderar el nuevo orden frente al caos de Trump - GYS NOTICIAS |<\/title>\n<meta name=\"robots\" content=\"index, follow, max-snippet:-1, max-image-preview:large, max-video-preview:-1\" \/>\n<link rel=\"canonical\" href=\"https:\/\/gysfm.com.ar\/inicio\/el-poder-del-sur-global-como-america-latina-puede-liderar-el-nuevo-orden-frente-al-caos-de-trump\/\" \/>\n<meta property=\"og:locale\" content=\"es_ES\" \/>\n<meta property=\"og:type\" content=\"article\" \/>\n<meta property=\"og:title\" content=\"El poder del Sur Global: c\u00f3mo Am\u00e9rica Latina puede liderar el nuevo orden frente al caos de Trump - GYS NOTICIAS |\" \/>\n<meta property=\"og:description\" content=\"SANTIAGO\u2014 Durante d\u00e9cadas, el poder global eman\u00f3 de Europa y Estados Unidos. Esa era, ciertamente, mi visi\u00f3n cuando pis\u00e9 por primera vez el Hemisferio Norte como estudiante de posgrado en la Universidad de Cambridge. Pero gestionar las relaciones econ\u00f3micas internacionales de Chile bajo el mandato del ex presidente Gabriel Boric revel\u00f3 cu\u00e1nto poder puede ejercer [&hellip;]\" \/>\n<meta property=\"og:url\" content=\"https:\/\/gysfm.com.ar\/inicio\/el-poder-del-sur-global-como-america-latina-puede-liderar-el-nuevo-orden-frente-al-caos-de-trump\/\" \/>\n<meta property=\"og:site_name\" content=\"GYS NOTICIAS |\" \/>\n<meta property=\"article:published_time\" content=\"2026-04-25T04:01:20+00:00\" \/>\n<meta name=\"author\" content=\"Prensa G&amp;S FM\" \/>\n<meta name=\"twitter:card\" content=\"summary_large_image\" \/>\n<meta name=\"twitter:label1\" content=\"Escrito por\" \/>\n\t<meta name=\"twitter:data1\" content=\"Prensa G&amp;S FM\" \/>\n\t<meta name=\"twitter:label2\" content=\"Tiempo de lectura\" \/>\n\t<meta name=\"twitter:data2\" content=\"5 minutos\" \/>\n<script type=\"application\/ld+json\" class=\"yoast-schema-graph\">{\"@context\":\"https:\/\/schema.org\",\"@graph\":[{\"@type\":\"Article\",\"@id\":\"https:\/\/gysfm.com.ar\/inicio\/el-poder-del-sur-global-como-america-latina-puede-liderar-el-nuevo-orden-frente-al-caos-de-trump\/#article\",\"isPartOf\":{\"@id\":\"https:\/\/gysfm.com.ar\/inicio\/el-poder-del-sur-global-como-america-latina-puede-liderar-el-nuevo-orden-frente-al-caos-de-trump\/\"},\"author\":{\"name\":\"Prensa G&amp;S FM\",\"@id\":\"https:\/\/gysfm.com.ar\/inicio\/#\/schema\/person\/3abba7593ef2ad19e1be221d54383dc5\"},\"headline\":\"El poder del Sur Global: c\u00f3mo Am\u00e9rica Latina puede liderar el nuevo orden frente al caos de Trump\",\"datePublished\":\"2026-04-25T04:01:20+00:00\",\"mainEntityOfPage\":{\"@id\":\"https:\/\/gysfm.com.ar\/inicio\/el-poder-del-sur-global-como-america-latina-puede-liderar-el-nuevo-orden-frente-al-caos-de-trump\/\"},\"wordCount\":1036,\"publisher\":{\"@id\":\"https:\/\/gysfm.com.ar\/inicio\/#organization\"},\"image\":{\"@id\":\"https:\/\/gysfm.com.ar\/inicio\/el-poder-del-sur-global-como-america-latina-puede-liderar-el-nuevo-orden-frente-al-caos-de-trump\/#primaryimage\"},\"thumbnailUrl\":\"https:\/\/gysfm.com.ar\/inicio\/wp-content\/uploads\/2026\/04\/comercio-2227015.jpg\",\"articleSection\":[\"NACIONALES\"],\"inLanguage\":\"es\"},{\"@type\":\"WebPage\",\"@id\":\"https:\/\/gysfm.com.ar\/inicio\/el-poder-del-sur-global-como-america-latina-puede-liderar-el-nuevo-orden-frente-al-caos-de-trump\/\",\"url\":\"https:\/\/gysfm.com.ar\/inicio\/el-poder-del-sur-global-como-america-latina-puede-liderar-el-nuevo-orden-frente-al-caos-de-trump\/\",\"name\":\"El poder del Sur Global: c\u00f3mo Am\u00e9rica Latina puede liderar el nuevo orden frente al caos de Trump - GYS NOTICIAS |\",\"isPartOf\":{\"@id\":\"https:\/\/gysfm.com.ar\/inicio\/#website\"},\"primaryImageOfPage\":{\"@id\":\"https:\/\/gysfm.com.ar\/inicio\/el-poder-del-sur-global-como-america-latina-puede-liderar-el-nuevo-orden-frente-al-caos-de-trump\/#primaryimage\"},\"image\":{\"@id\":\"https:\/\/gysfm.com.ar\/inicio\/el-poder-del-sur-global-como-america-latina-puede-liderar-el-nuevo-orden-frente-al-caos-de-trump\/#primaryimage\"},\"thumbnailUrl\":\"https:\/\/gysfm.com.ar\/inicio\/wp-content\/uploads\/2026\/04\/comercio-2227015.jpg\",\"datePublished\":\"2026-04-25T04:01:20+00:00\",\"breadcrumb\":{\"@id\":\"https:\/\/gysfm.com.ar\/inicio\/el-poder-del-sur-global-como-america-latina-puede-liderar-el-nuevo-orden-frente-al-caos-de-trump\/#breadcrumb\"},\"inLanguage\":\"es\",\"potentialAction\":[{\"@type\":\"ReadAction\",\"target\":[\"https:\/\/gysfm.com.ar\/inicio\/el-poder-del-sur-global-como-america-latina-puede-liderar-el-nuevo-orden-frente-al-caos-de-trump\/\"]}]},{\"@type\":\"ImageObject\",\"inLanguage\":\"es\",\"@id\":\"https:\/\/gysfm.com.ar\/inicio\/el-poder-del-sur-global-como-america-latina-puede-liderar-el-nuevo-orden-frente-al-caos-de-trump\/#primaryimage\",\"url\":\"https:\/\/gysfm.com.ar\/inicio\/wp-content\/uploads\/2026\/04\/comercio-2227015.jpg\",\"contentUrl\":\"https:\/\/gysfm.com.ar\/inicio\/wp-content\/uploads\/2026\/04\/comercio-2227015.jpg\",\"width\":1140,\"height\":641},{\"@type\":\"BreadcrumbList\",\"@id\":\"https:\/\/gysfm.com.ar\/inicio\/el-poder-del-sur-global-como-america-latina-puede-liderar-el-nuevo-orden-frente-al-caos-de-trump\/#breadcrumb\",\"itemListElement\":[{\"@type\":\"ListItem\",\"position\":1,\"name\":\"Portada\",\"item\":\"https:\/\/gysfm.com.ar\/inicio\/\"},{\"@type\":\"ListItem\",\"position\":2,\"name\":\"El poder del Sur Global: c\u00f3mo Am\u00e9rica Latina puede liderar el nuevo orden frente al caos de Trump\"}]},{\"@type\":\"WebSite\",\"@id\":\"https:\/\/gysfm.com.ar\/inicio\/#website\",\"url\":\"https:\/\/gysfm.com.ar\/inicio\/\",\"name\":\"GYS NOTICIAS |\",\"description\":\"DIARIO - RADIO ONLINE SAN JUAN ARGENTINA\",\"publisher\":{\"@id\":\"https:\/\/gysfm.com.ar\/inicio\/#organization\"},\"potentialAction\":[{\"@type\":\"SearchAction\",\"target\":{\"@type\":\"EntryPoint\",\"urlTemplate\":\"https:\/\/gysfm.com.ar\/inicio\/?s={search_term_string}\"},\"query-input\":{\"@type\":\"PropertyValueSpecification\",\"valueRequired\":true,\"valueName\":\"search_term_string\"}}],\"inLanguage\":\"es\"},{\"@type\":\"Organization\",\"@id\":\"https:\/\/gysfm.com.ar\/inicio\/#organization\",\"name\":\"GYS NOTICIAS |\",\"url\":\"https:\/\/gysfm.com.ar\/inicio\/\",\"logo\":{\"@type\":\"ImageObject\",\"inLanguage\":\"es\",\"@id\":\"https:\/\/gysfm.com.ar\/inicio\/#\/schema\/logo\/image\/\",\"url\":\"https:\/\/gysfm.com.ar\/inicio\/wp-content\/uploads\/2023\/07\/LOGOGYS-OK.png\",\"contentUrl\":\"https:\/\/gysfm.com.ar\/inicio\/wp-content\/uploads\/2023\/07\/LOGOGYS-OK.png\",\"width\":1170,\"height\":872,\"caption\":\"GYS NOTICIAS |\"},\"image\":{\"@id\":\"https:\/\/gysfm.com.ar\/inicio\/#\/schema\/logo\/image\/\"}},{\"@type\":\"Person\",\"@id\":\"https:\/\/gysfm.com.ar\/inicio\/#\/schema\/person\/3abba7593ef2ad19e1be221d54383dc5\",\"name\":\"Prensa G&amp;S FM\",\"image\":{\"@type\":\"ImageObject\",\"inLanguage\":\"es\",\"@id\":\"https:\/\/gysfm.com.ar\/inicio\/#\/schema\/person\/image\/\",\"url\":\"https:\/\/secure.gravatar.com\/avatar\/096ec78df02049ab018702bb4ccedf659377fa92a26540b5247612077a0dbd29?s=96&d=mm&r=g\",\"contentUrl\":\"https:\/\/secure.gravatar.com\/avatar\/096ec78df02049ab018702bb4ccedf659377fa92a26540b5247612077a0dbd29?s=96&d=mm&r=g\",\"caption\":\"Prensa G&amp;S FM\"},\"sameAs\":[\"https:\/\/gysfm.com.ar\/\"],\"url\":\"https:\/\/gysfm.com.ar\/inicio\/author\/lucasm\/\"}]}<\/script>\n<!-- \/ Yoast SEO plugin. -->","yoast_head_json":{"title":"El poder del Sur Global: c\u00f3mo Am\u00e9rica Latina puede liderar el nuevo orden frente al caos de Trump - GYS NOTICIAS |","robots":{"index":"index","follow":"follow","max-snippet":"max-snippet:-1","max-image-preview":"max-image-preview:large","max-video-preview":"max-video-preview:-1"},"canonical":"https:\/\/gysfm.com.ar\/inicio\/el-poder-del-sur-global-como-america-latina-puede-liderar-el-nuevo-orden-frente-al-caos-de-trump\/","og_locale":"es_ES","og_type":"article","og_title":"El poder del Sur Global: c\u00f3mo Am\u00e9rica Latina puede liderar el nuevo orden frente al caos de Trump - GYS NOTICIAS |","og_description":"SANTIAGO\u2014 Durante d\u00e9cadas, el poder global eman\u00f3 de Europa y Estados Unidos. Esa era, ciertamente, mi visi\u00f3n cuando pis\u00e9 por primera vez el Hemisferio Norte como estudiante de posgrado en la Universidad de Cambridge. Pero gestionar las relaciones econ\u00f3micas internacionales de Chile bajo el mandato del ex presidente Gabriel Boric revel\u00f3 cu\u00e1nto poder puede ejercer [&hellip;]","og_url":"https:\/\/gysfm.com.ar\/inicio\/el-poder-del-sur-global-como-america-latina-puede-liderar-el-nuevo-orden-frente-al-caos-de-trump\/","og_site_name":"GYS NOTICIAS |","article_published_time":"2026-04-25T04:01:20+00:00","author":"Prensa G&amp;S FM","twitter_card":"summary_large_image","twitter_misc":{"Escrito por":"Prensa G&amp;S FM","Tiempo de lectura":"5 minutos"},"schema":{"@context":"https:\/\/schema.org","@graph":[{"@type":"Article","@id":"https:\/\/gysfm.com.ar\/inicio\/el-poder-del-sur-global-como-america-latina-puede-liderar-el-nuevo-orden-frente-al-caos-de-trump\/#article","isPartOf":{"@id":"https:\/\/gysfm.com.ar\/inicio\/el-poder-del-sur-global-como-america-latina-puede-liderar-el-nuevo-orden-frente-al-caos-de-trump\/"},"author":{"name":"Prensa G&amp;S FM","@id":"https:\/\/gysfm.com.ar\/inicio\/#\/schema\/person\/3abba7593ef2ad19e1be221d54383dc5"},"headline":"El poder del Sur Global: c\u00f3mo Am\u00e9rica Latina puede liderar el nuevo orden frente al caos de Trump","datePublished":"2026-04-25T04:01:20+00:00","mainEntityOfPage":{"@id":"https:\/\/gysfm.com.ar\/inicio\/el-poder-del-sur-global-como-america-latina-puede-liderar-el-nuevo-orden-frente-al-caos-de-trump\/"},"wordCount":1036,"publisher":{"@id":"https:\/\/gysfm.com.ar\/inicio\/#organization"},"image":{"@id":"https:\/\/gysfm.com.ar\/inicio\/el-poder-del-sur-global-como-america-latina-puede-liderar-el-nuevo-orden-frente-al-caos-de-trump\/#primaryimage"},"thumbnailUrl":"https:\/\/gysfm.com.ar\/inicio\/wp-content\/uploads\/2026\/04\/comercio-2227015.jpg","articleSection":["NACIONALES"],"inLanguage":"es"},{"@type":"WebPage","@id":"https:\/\/gysfm.com.ar\/inicio\/el-poder-del-sur-global-como-america-latina-puede-liderar-el-nuevo-orden-frente-al-caos-de-trump\/","url":"https:\/\/gysfm.com.ar\/inicio\/el-poder-del-sur-global-como-america-latina-puede-liderar-el-nuevo-orden-frente-al-caos-de-trump\/","name":"El poder del Sur Global: c\u00f3mo Am\u00e9rica Latina puede liderar el nuevo orden frente al caos de Trump - GYS NOTICIAS |","isPartOf":{"@id":"https:\/\/gysfm.com.ar\/inicio\/#website"},"primaryImageOfPage":{"@id":"https:\/\/gysfm.com.ar\/inicio\/el-poder-del-sur-global-como-america-latina-puede-liderar-el-nuevo-orden-frente-al-caos-de-trump\/#primaryimage"},"image":{"@id":"https:\/\/gysfm.com.ar\/inicio\/el-poder-del-sur-global-como-america-latina-puede-liderar-el-nuevo-orden-frente-al-caos-de-trump\/#primaryimage"},"thumbnailUrl":"https:\/\/gysfm.com.ar\/inicio\/wp-content\/uploads\/2026\/04\/comercio-2227015.jpg","datePublished":"2026-04-25T04:01:20+00:00","breadcrumb":{"@id":"https:\/\/gysfm.com.ar\/inicio\/el-poder-del-sur-global-como-america-latina-puede-liderar-el-nuevo-orden-frente-al-caos-de-trump\/#breadcrumb"},"inLanguage":"es","potentialAction":[{"@type":"ReadAction","target":["https:\/\/gysfm.com.ar\/inicio\/el-poder-del-sur-global-como-america-latina-puede-liderar-el-nuevo-orden-frente-al-caos-de-trump\/"]}]},{"@type":"ImageObject","inLanguage":"es","@id":"https:\/\/gysfm.com.ar\/inicio\/el-poder-del-sur-global-como-america-latina-puede-liderar-el-nuevo-orden-frente-al-caos-de-trump\/#primaryimage","url":"https:\/\/gysfm.com.ar\/inicio\/wp-content\/uploads\/2026\/04\/comercio-2227015.jpg","contentUrl":"https:\/\/gysfm.com.ar\/inicio\/wp-content\/uploads\/2026\/04\/comercio-2227015.jpg","width":1140,"height":641},{"@type":"BreadcrumbList","@id":"https:\/\/gysfm.com.ar\/inicio\/el-poder-del-sur-global-como-america-latina-puede-liderar-el-nuevo-orden-frente-al-caos-de-trump\/#breadcrumb","itemListElement":[{"@type":"ListItem","position":1,"name":"Portada","item":"https:\/\/gysfm.com.ar\/inicio\/"},{"@type":"ListItem","position":2,"name":"El poder del Sur Global: c\u00f3mo Am\u00e9rica Latina puede liderar el nuevo orden frente al caos de Trump"}]},{"@type":"WebSite","@id":"https:\/\/gysfm.com.ar\/inicio\/#website","url":"https:\/\/gysfm.com.ar\/inicio\/","name":"GYS NOTICIAS |","description":"DIARIO - RADIO ONLINE SAN JUAN ARGENTINA","publisher":{"@id":"https:\/\/gysfm.com.ar\/inicio\/#organization"},"potentialAction":[{"@type":"SearchAction","target":{"@type":"EntryPoint","urlTemplate":"https:\/\/gysfm.com.ar\/inicio\/?s={search_term_string}"},"query-input":{"@type":"PropertyValueSpecification","valueRequired":true,"valueName":"search_term_string"}}],"inLanguage":"es"},{"@type":"Organization","@id":"https:\/\/gysfm.com.ar\/inicio\/#organization","name":"GYS NOTICIAS |","url":"https:\/\/gysfm.com.ar\/inicio\/","logo":{"@type":"ImageObject","inLanguage":"es","@id":"https:\/\/gysfm.com.ar\/inicio\/#\/schema\/logo\/image\/","url":"https:\/\/gysfm.com.ar\/inicio\/wp-content\/uploads\/2023\/07\/LOGOGYS-OK.png","contentUrl":"https:\/\/gysfm.com.ar\/inicio\/wp-content\/uploads\/2023\/07\/LOGOGYS-OK.png","width":1170,"height":872,"caption":"GYS NOTICIAS |"},"image":{"@id":"https:\/\/gysfm.com.ar\/inicio\/#\/schema\/logo\/image\/"}},{"@type":"Person","@id":"https:\/\/gysfm.com.ar\/inicio\/#\/schema\/person\/3abba7593ef2ad19e1be221d54383dc5","name":"Prensa G&amp;S FM","image":{"@type":"ImageObject","inLanguage":"es","@id":"https:\/\/gysfm.com.ar\/inicio\/#\/schema\/person\/image\/","url":"https:\/\/secure.gravatar.com\/avatar\/096ec78df02049ab018702bb4ccedf659377fa92a26540b5247612077a0dbd29?s=96&d=mm&r=g","contentUrl":"https:\/\/secure.gravatar.com\/avatar\/096ec78df02049ab018702bb4ccedf659377fa92a26540b5247612077a0dbd29?s=96&d=mm&r=g","caption":"Prensa G&amp;S FM"},"sameAs":["https:\/\/gysfm.com.ar\/"],"url":"https:\/\/gysfm.com.ar\/inicio\/author\/lucasm\/"}]}},"_links":{"self":[{"href":"https:\/\/gysfm.com.ar\/inicio\/wp-json\/wp\/v2\/posts\/192844","targetHints":{"allow":["GET"]}}],"collection":[{"href":"https:\/\/gysfm.com.ar\/inicio\/wp-json\/wp\/v2\/posts"}],"about":[{"href":"https:\/\/gysfm.com.ar\/inicio\/wp-json\/wp\/v2\/types\/post"}],"author":[{"embeddable":true,"href":"https:\/\/gysfm.com.ar\/inicio\/wp-json\/wp\/v2\/users\/2"}],"replies":[{"embeddable":true,"href":"https:\/\/gysfm.com.ar\/inicio\/wp-json\/wp\/v2\/comments?post=192844"}],"version-history":[{"count":0,"href":"https:\/\/gysfm.com.ar\/inicio\/wp-json\/wp\/v2\/posts\/192844\/revisions"}],"wp:featuredmedia":[{"embeddable":true,"href":"https:\/\/gysfm.com.ar\/inicio\/wp-json\/wp\/v2\/media\/192845"}],"wp:attachment":[{"href":"https:\/\/gysfm.com.ar\/inicio\/wp-json\/wp\/v2\/media?parent=192844"}],"wp:term":[{"taxonomy":"category","embeddable":true,"href":"https:\/\/gysfm.com.ar\/inicio\/wp-json\/wp\/v2\/categories?post=192844"},{"taxonomy":"post_tag","embeddable":true,"href":"https:\/\/gysfm.com.ar\/inicio\/wp-json\/wp\/v2\/tags?post=192844"}],"curies":[{"name":"wp","href":"https:\/\/api.w.org\/{rel}","templated":true}]}}