{"id":192842,"date":"2026-04-25T00:30:14","date_gmt":"2026-04-25T03:30:14","guid":{"rendered":"https:\/\/gysfm.com.ar\/inicio\/democracia-en-peligro-el-modelo-economico-que-alimenta-al-autoritarismo\/"},"modified":"2026-04-25T00:30:14","modified_gmt":"2026-04-25T03:30:14","slug":"democracia-en-peligro-el-modelo-economico-que-alimenta-al-autoritarismo","status":"publish","type":"post","link":"https:\/\/gysfm.com.ar\/inicio\/democracia-en-peligro-el-modelo-economico-que-alimenta-al-autoritarismo\/","title":{"rendered":"Democracia en peligro: el modelo econ\u00f3mico que alimenta al autoritarismo"},"content":{"rendered":"<p><\/p>\n<div id=\"article-content\">\n<p>S\u00c3O PAULO\u2014 El recientemente concluido encuentro de la Movilizaci\u00f3n Progresista Global en Barcelona reuni\u00f3 a l\u00edderes pol\u00edticos, legisladores y activistas de todo el mundo, unidos por una preocupaci\u00f3n com\u00fan: la democracia est\u00e1 bajo ataque. El presidente del gobierno espa\u00f1ol, Pedro S\u00e1nchez, lo describi\u00f3 como un <strong>esfuerzo colectivo para enfrentar el ascenso global del autoritarismo<\/strong>, mientras que el <a target=\"_blank\" href=\"https:\/\/www.perfil.com\/noticias\/politica\/no-queremos-el-regreso-de-emperadores-que-se-creen-duenos-del-mundo.phtml\"><strong>presidente brasile\u00f1o, Luiz In\u00e1cio Lula da Silva<\/strong><\/a>, hizo un llamado a reconstruir el multilateralismo y \u201c<em>volver a poner la justicia social en el centro de la agenda global<\/em>\u201d.<\/p>\n<p>M\u00e1s all\u00e1 de estas declaraciones, la reuni\u00f3n se\u00f1al\u00f3 un consenso emergente de que defender la democracia liberal requiere repensar sus cimientos econ\u00f3micos. Como observ\u00f3 Lula, <strong>la democracia no puede sobrevivir a menos que mejore el nivel de vida de las personas<\/strong>.<\/p>\n<p>Detr\u00e1s de ese sentimiento est\u00e1 el reconocimiento de que nuestro sistema econ\u00f3mico actual \u2014basado en el libre mercado, la intervenci\u00f3n gubernamental limitada y la primac\u00eda de la elecci\u00f3n individual\u2014 ha <strong>fracasado en ofrecer una prosperidad compartida o en sostener la gobernanza democr\u00e1tica<\/strong>. Cada vez m\u00e1s, su supervivencia depende de la coerci\u00f3n y de pr\u00e1cticas autoritarias. Por lo tanto, un discurso prodemocracia que busque preservar el statu quo corre el riesgo de profundizar la crisis.<\/p>\n<div class=\"subscription\">\n<p>\n        Esto no les gusta a los autoritarios\n    <\/p>\n<div class=\"subscription__container\">\n<div class=\"subscription__text-wrapper\">\n<p>\n                El ejercicio del periodismo profesional y cr\u00edtico es un pilar fundamental de la democracia. Por eso molesta a quienes creen ser los due\u00f1os de la verdad.\n            <\/p>\n<\/p><\/div><\/div>\n<\/div>\n<p class=\"destacadoNota\"><a target=\"_blank\" href=\"https:\/\/www.perfil.com\/noticias\/opinion\/el-mundo-esta-aprendiendo-a-funcionar-sin-estados-unidos.phtml\">El fin de la hegemon\u00eda: El Sur Global toma las riendas frente al caos de Estados Unidos<\/a><\/p>\n<p>El modelo econ\u00f3mico predominante ha erosionado el empleo estable, ha debilitado las protecciones laborales y ha privatizado servicios p\u00fablicos esenciales, dejando a grandes segmentos de la sociedad expuestos y vulnerables. Para muchos, esto ha significado <strong>trabajo precario, aumento del coste de la vida y una disminuci\u00f3n de las perspectivas de futuro<\/strong>. El resultado no ha sido solo penurias econ\u00f3micas, sino tambi\u00e9n un profundo sentimiento de abandono y resentimiento.<\/p>\n<p>Este descontento econ\u00f3mico ha tenido consecuencias pol\u00edticas de gran alcance. Cuando la democracia liberal no logra proporcionar bienestar material, protecciones sociales y un sentido de equidad, las <strong>fuerzas antidemocr\u00e1ticas canalizan la frustraci\u00f3n y la ira popular hacia los migrantes, las minor\u00edas y enemigos imaginarios<\/strong>. Al mismo tiempo, los movimientos autoritarios se presentan como veh\u00edculos para impulsar agendas econ\u00f3micas que ya no dependen del consentimiento de los trabajadores, sino de la coacci\u00f3n.<\/p>\n<p>En el coraz\u00f3n de este modelo fallido reside el poderoso mito de que los mercados son \u00e1rbitros neutrales del m\u00e9rito, que recompensan a los individuos seg\u00fan su esfuerzo y talento. La desigualdad no se trata como un problema, sino como un motor de eficiencia e innovaci\u00f3n. Sin embargo, a medida que las disparidades de ingresos y riqueza se ensanchan y las oportunidades se reducen, el relato empieza a desmoronarse y la gente cuestiona cada vez m\u00e1s <strong>c\u00f3mo se reparten las recompensas econ\u00f3micas y pierde la confianza en la imparcialidad de las reglas del juego<\/strong>.<\/p>\n<p>Para defender la democracia, debemos ir m\u00e1s all\u00e1 de tratar los s\u00edntomas y abordar las causas subyacentes de la crisis actual. Durante su presidencia del G20, Sud\u00e1frica ha dado un paso importante en esta direcci\u00f3n al convocar al <strong>Comit\u00e9 Extraordinario de Expertos Independientes sobre Desigualdad Global<\/strong>, presidido por el economista y premio Nobel Joseph Stiglitz. Tratando la desigualdad como un riesgo sist\u00e9mico tanto para la estabilidad econ\u00f3mica como para la democracia, el Comit\u00e9 ha propuesto la creaci\u00f3n de un organismo internacional permanente para apoyar una acci\u00f3n global coordinada.<\/p>\n<p class=\"destacadoNota\"><a target=\"_blank\" href=\"https:\/\/www.perfil.com\/noticias\/project-syndicate\/los-rusos-a-casa.phtml\">El eco de 1989 en 2026: Hungr\u00eda expulsa a Orb\u00e1n, pero no a su sistema<\/a><\/p>\n<p>Siguiendo el modelo de instituciones como el Panel Intergubernamental sobre el Cambio Clim\u00e1tico, dicho organismo podr\u00eda consolidar pruebas, rastrear tendencias globales y dar forma a los debates pol\u00edticos. Tambi\u00e9n podr\u00eda servir como plataforma de coordinaci\u00f3n entre gobiernos y organizaciones internacionales, complementada por paneles nacionales de desigualdad que <strong>traduzcan los conocimientos globales en estrategias espec\u00edficas para cada pa\u00eds<\/strong>. Estos esfuerzos deber\u00edan incluir evaluaciones sistem\u00e1ticas del impacto distributivo de las pol\u00edticas p\u00fablicas, una vigilancia estrecha de la din\u00e1mica del mercado laboral y la presentaci\u00f3n peri\u00f3dica de informes p\u00fablicos.<\/p>\n<p>Cumplir con esta agenda requiere un cambio estructural hacia mercados laborales justos e inclusivos. Los salarios m\u00ednimos s\u00f3lidos, el empleo estable y la negociaci\u00f3n colectiva no son meros instrumentos pol\u00edticos; son <strong>instituciones democr\u00e1ticas que garantizan la seguridad y la capacidad de acci\u00f3n del individuo<\/strong>. En t\u00e9rminos m\u00e1s generales, reconstruir la democracia exige restaurar el papel del Estado en la provisi\u00f3n de bienes p\u00fablicos esenciales como la educaci\u00f3n, la salud y la vivienda. Estas inversiones pueden financiarse mediante una reforma fiscal, que sigue siendo una de las herramientas m\u00e1s poderosas para reducir la desigualdad.<\/p>\n<p>La transici\u00f3n hacia una econom\u00eda justa exige un nuevo modelo de desarrollo que alinee el progreso econ\u00f3mico con la inclusi\u00f3n social y las prioridades ambientales. Durante demasiado tiempo, la idea de la planificaci\u00f3n econ\u00f3mica ha sido descartada como algo anticuado. Pero el <strong>desarrollo es un proyecto pol\u00edtico deliberado, no el resultado inevitable de unos mercados que funcionan bien<\/strong>. La inversi\u00f3n p\u00fablica y la pol\u00edtica industrial son fundamentales para dar forma a econom\u00edas sostenibles y dirigir los recursos hacia objetivos colectivos en lugar de hacia estrechos intereses privados.<\/p>\n<p>Al presentar una alternativa clara y convincente a las prioridades pol\u00edticas actuales, la Movilizaci\u00f3n Progresista Global ofrece una oportunidad \u00fanica para avanzar hacia un <strong>modelo econ\u00f3mico que reduzca la desigualdad, proteja el planeta y fortalezca las instituciones p\u00fablicas<\/strong>. La respuesta al resurgimiento del autoritarismo no es remendar un sistema roto, sino adoptar una visi\u00f3n progresista audaz y unificadora.<\/p>\n<p>La democracia no puede sobrevivir solo mediante procedimientos. Necesita una base de igualdad, seguridad y prosperidad compartida. De lo contrario, acabaremos donde estamos ahora.<\/p>\n<p><strong><em>Pedro Rossi es vicepresidente y economista jefe del Global Fund for a New Economy.<\/em><\/strong><\/p>\n<\/p><\/div>\n<p><script>\n                !function(f,b,e,v,n,t,s)\n                {if(f.fbq)return;n=f.fbq=function(){n.callMethod?\n                    n.callMethod.apply(n,arguments):n.queue.push(arguments)};\n                    if(!f._fbq)f._fbq=n;n.push=n;n.loaded=!0;n.version='2.0';\n                    n.queue=[];t=b.createElement(e);t.async=!0;\n                    t.src=v;s=b.getElementsByTagName(e)[0];\n                    s.parentNode.insertBefore(t,s)}(window, document,'script',\n                    'https:\/\/connect.facebook.net\/en_US\/fbevents.js');\n                window.paywallConfig.facebook_pixel=\"1000228364089342\"\n            <\/script><\/p>\n","protected":false},"excerpt":{"rendered":"<p>S\u00c3O PAULO\u2014 El recientemente concluido encuentro de la Movilizaci\u00f3n Progresista Global en Barcelona reuni\u00f3 a l\u00edderes pol\u00edticos, legisladores y activistas de todo el mundo, unidos por una preocupaci\u00f3n com\u00fan: la democracia est\u00e1 bajo ataque. El presidente del gobierno espa\u00f1ol, Pedro S\u00e1nchez, lo describi\u00f3 como un esfuerzo colectivo para enfrentar el ascenso global del autoritarismo, mientras [&hellip;]<\/p>\n","protected":false},"author":2,"featured_media":192843,"comment_status":"closed","ping_status":"closed","sticky":false,"template":"","format":"standard","meta":{"footnotes":""},"categories":[25],"tags":[],"class_list":["post-192842","post","type-post","status-publish","format-standard","has-post-thumbnail","hentry","category-nacionales"],"yoast_head":"<!-- This site is optimized with the Yoast SEO plugin v24.4 - https:\/\/yoast.com\/wordpress\/plugins\/seo\/ -->\n<title>Democracia en peligro: el modelo econ\u00f3mico que alimenta al autoritarismo - GYS NOTICIAS |<\/title>\n<meta name=\"robots\" content=\"index, follow, max-snippet:-1, max-image-preview:large, max-video-preview:-1\" \/>\n<link rel=\"canonical\" href=\"https:\/\/gysfm.com.ar\/inicio\/democracia-en-peligro-el-modelo-economico-que-alimenta-al-autoritarismo\/\" \/>\n<meta property=\"og:locale\" content=\"es_ES\" \/>\n<meta property=\"og:type\" content=\"article\" \/>\n<meta property=\"og:title\" content=\"Democracia en peligro: el modelo econ\u00f3mico que alimenta al autoritarismo - GYS NOTICIAS |\" \/>\n<meta property=\"og:description\" content=\"S\u00c3O PAULO\u2014 El recientemente concluido encuentro de la Movilizaci\u00f3n Progresista Global en Barcelona reuni\u00f3 a l\u00edderes pol\u00edticos, legisladores y activistas de todo el mundo, unidos por una preocupaci\u00f3n com\u00fan: la democracia est\u00e1 bajo ataque. El presidente del gobierno espa\u00f1ol, Pedro S\u00e1nchez, lo describi\u00f3 como un esfuerzo colectivo para enfrentar el ascenso global del autoritarismo, mientras [&hellip;]\" \/>\n<meta property=\"og:url\" content=\"https:\/\/gysfm.com.ar\/inicio\/democracia-en-peligro-el-modelo-economico-que-alimenta-al-autoritarismo\/\" \/>\n<meta property=\"og:site_name\" content=\"GYS NOTICIAS |\" \/>\n<meta property=\"article:published_time\" content=\"2026-04-25T03:30:14+00:00\" \/>\n<meta name=\"author\" content=\"Prensa G&amp;S FM\" \/>\n<meta name=\"twitter:card\" content=\"summary_large_image\" \/>\n<meta name=\"twitter:label1\" content=\"Escrito por\" \/>\n\t<meta name=\"twitter:data1\" content=\"Prensa G&amp;S FM\" \/>\n\t<meta name=\"twitter:label2\" content=\"Tiempo de lectura\" \/>\n\t<meta name=\"twitter:data2\" content=\"5 minutos\" \/>\n<script type=\"application\/ld+json\" class=\"yoast-schema-graph\">{\"@context\":\"https:\/\/schema.org\",\"@graph\":[{\"@type\":\"Article\",\"@id\":\"https:\/\/gysfm.com.ar\/inicio\/democracia-en-peligro-el-modelo-economico-que-alimenta-al-autoritarismo\/#article\",\"isPartOf\":{\"@id\":\"https:\/\/gysfm.com.ar\/inicio\/democracia-en-peligro-el-modelo-economico-que-alimenta-al-autoritarismo\/\"},\"author\":{\"name\":\"Prensa G&amp;S FM\",\"@id\":\"https:\/\/gysfm.com.ar\/inicio\/#\/schema\/person\/3abba7593ef2ad19e1be221d54383dc5\"},\"headline\":\"Democracia en peligro: el modelo econ\u00f3mico que alimenta al autoritarismo\",\"datePublished\":\"2026-04-25T03:30:14+00:00\",\"mainEntityOfPage\":{\"@id\":\"https:\/\/gysfm.com.ar\/inicio\/democracia-en-peligro-el-modelo-economico-que-alimenta-al-autoritarismo\/\"},\"wordCount\":1057,\"publisher\":{\"@id\":\"https:\/\/gysfm.com.ar\/inicio\/#organization\"},\"image\":{\"@id\":\"https:\/\/gysfm.com.ar\/inicio\/democracia-en-peligro-el-modelo-economico-que-alimenta-al-autoritarismo\/#primaryimage\"},\"thumbnailUrl\":\"https:\/\/gysfm.com.ar\/inicio\/wp-content\/uploads\/2026\/04\/cambio-climatico-2227022.jpg\",\"articleSection\":[\"NACIONALES\"],\"inLanguage\":\"es\"},{\"@type\":\"WebPage\",\"@id\":\"https:\/\/gysfm.com.ar\/inicio\/democracia-en-peligro-el-modelo-economico-que-alimenta-al-autoritarismo\/\",\"url\":\"https:\/\/gysfm.com.ar\/inicio\/democracia-en-peligro-el-modelo-economico-que-alimenta-al-autoritarismo\/\",\"name\":\"Democracia en peligro: el modelo econ\u00f3mico que alimenta al autoritarismo - GYS NOTICIAS |\",\"isPartOf\":{\"@id\":\"https:\/\/gysfm.com.ar\/inicio\/#website\"},\"primaryImageOfPage\":{\"@id\":\"https:\/\/gysfm.com.ar\/inicio\/democracia-en-peligro-el-modelo-economico-que-alimenta-al-autoritarismo\/#primaryimage\"},\"image\":{\"@id\":\"https:\/\/gysfm.com.ar\/inicio\/democracia-en-peligro-el-modelo-economico-que-alimenta-al-autoritarismo\/#primaryimage\"},\"thumbnailUrl\":\"https:\/\/gysfm.com.ar\/inicio\/wp-content\/uploads\/2026\/04\/cambio-climatico-2227022.jpg\",\"datePublished\":\"2026-04-25T03:30:14+00:00\",\"breadcrumb\":{\"@id\":\"https:\/\/gysfm.com.ar\/inicio\/democracia-en-peligro-el-modelo-economico-que-alimenta-al-autoritarismo\/#breadcrumb\"},\"inLanguage\":\"es\",\"potentialAction\":[{\"@type\":\"ReadAction\",\"target\":[\"https:\/\/gysfm.com.ar\/inicio\/democracia-en-peligro-el-modelo-economico-que-alimenta-al-autoritarismo\/\"]}]},{\"@type\":\"ImageObject\",\"inLanguage\":\"es\",\"@id\":\"https:\/\/gysfm.com.ar\/inicio\/democracia-en-peligro-el-modelo-economico-que-alimenta-al-autoritarismo\/#primaryimage\",\"url\":\"https:\/\/gysfm.com.ar\/inicio\/wp-content\/uploads\/2026\/04\/cambio-climatico-2227022.jpg\",\"contentUrl\":\"https:\/\/gysfm.com.ar\/inicio\/wp-content\/uploads\/2026\/04\/cambio-climatico-2227022.jpg\",\"width\":1140,\"height\":641},{\"@type\":\"BreadcrumbList\",\"@id\":\"https:\/\/gysfm.com.ar\/inicio\/democracia-en-peligro-el-modelo-economico-que-alimenta-al-autoritarismo\/#breadcrumb\",\"itemListElement\":[{\"@type\":\"ListItem\",\"position\":1,\"name\":\"Portada\",\"item\":\"https:\/\/gysfm.com.ar\/inicio\/\"},{\"@type\":\"ListItem\",\"position\":2,\"name\":\"Democracia en peligro: el modelo econ\u00f3mico que alimenta al autoritarismo\"}]},{\"@type\":\"WebSite\",\"@id\":\"https:\/\/gysfm.com.ar\/inicio\/#website\",\"url\":\"https:\/\/gysfm.com.ar\/inicio\/\",\"name\":\"GYS NOTICIAS |\",\"description\":\"DIARIO - RADIO ONLINE SAN JUAN ARGENTINA\",\"publisher\":{\"@id\":\"https:\/\/gysfm.com.ar\/inicio\/#organization\"},\"potentialAction\":[{\"@type\":\"SearchAction\",\"target\":{\"@type\":\"EntryPoint\",\"urlTemplate\":\"https:\/\/gysfm.com.ar\/inicio\/?s={search_term_string}\"},\"query-input\":{\"@type\":\"PropertyValueSpecification\",\"valueRequired\":true,\"valueName\":\"search_term_string\"}}],\"inLanguage\":\"es\"},{\"@type\":\"Organization\",\"@id\":\"https:\/\/gysfm.com.ar\/inicio\/#organization\",\"name\":\"GYS NOTICIAS |\",\"url\":\"https:\/\/gysfm.com.ar\/inicio\/\",\"logo\":{\"@type\":\"ImageObject\",\"inLanguage\":\"es\",\"@id\":\"https:\/\/gysfm.com.ar\/inicio\/#\/schema\/logo\/image\/\",\"url\":\"https:\/\/gysfm.com.ar\/inicio\/wp-content\/uploads\/2023\/07\/LOGOGYS-OK.png\",\"contentUrl\":\"https:\/\/gysfm.com.ar\/inicio\/wp-content\/uploads\/2023\/07\/LOGOGYS-OK.png\",\"width\":1170,\"height\":872,\"caption\":\"GYS NOTICIAS |\"},\"image\":{\"@id\":\"https:\/\/gysfm.com.ar\/inicio\/#\/schema\/logo\/image\/\"}},{\"@type\":\"Person\",\"@id\":\"https:\/\/gysfm.com.ar\/inicio\/#\/schema\/person\/3abba7593ef2ad19e1be221d54383dc5\",\"name\":\"Prensa G&amp;S FM\",\"image\":{\"@type\":\"ImageObject\",\"inLanguage\":\"es\",\"@id\":\"https:\/\/gysfm.com.ar\/inicio\/#\/schema\/person\/image\/\",\"url\":\"https:\/\/secure.gravatar.com\/avatar\/096ec78df02049ab018702bb4ccedf659377fa92a26540b5247612077a0dbd29?s=96&d=mm&r=g\",\"contentUrl\":\"https:\/\/secure.gravatar.com\/avatar\/096ec78df02049ab018702bb4ccedf659377fa92a26540b5247612077a0dbd29?s=96&d=mm&r=g\",\"caption\":\"Prensa G&amp;S FM\"},\"sameAs\":[\"https:\/\/gysfm.com.ar\/\"],\"url\":\"https:\/\/gysfm.com.ar\/inicio\/author\/lucasm\/\"}]}<\/script>\n<!-- \/ Yoast SEO plugin. -->","yoast_head_json":{"title":"Democracia en peligro: el modelo econ\u00f3mico que alimenta al autoritarismo - GYS NOTICIAS |","robots":{"index":"index","follow":"follow","max-snippet":"max-snippet:-1","max-image-preview":"max-image-preview:large","max-video-preview":"max-video-preview:-1"},"canonical":"https:\/\/gysfm.com.ar\/inicio\/democracia-en-peligro-el-modelo-economico-que-alimenta-al-autoritarismo\/","og_locale":"es_ES","og_type":"article","og_title":"Democracia en peligro: el modelo econ\u00f3mico que alimenta al autoritarismo - GYS NOTICIAS |","og_description":"S\u00c3O PAULO\u2014 El recientemente concluido encuentro de la Movilizaci\u00f3n Progresista Global en Barcelona reuni\u00f3 a l\u00edderes pol\u00edticos, legisladores y activistas de todo el mundo, unidos por una preocupaci\u00f3n com\u00fan: la democracia est\u00e1 bajo ataque. El presidente del gobierno espa\u00f1ol, Pedro S\u00e1nchez, lo describi\u00f3 como un esfuerzo colectivo para enfrentar el ascenso global del autoritarismo, mientras [&hellip;]","og_url":"https:\/\/gysfm.com.ar\/inicio\/democracia-en-peligro-el-modelo-economico-que-alimenta-al-autoritarismo\/","og_site_name":"GYS NOTICIAS |","article_published_time":"2026-04-25T03:30:14+00:00","author":"Prensa G&amp;S FM","twitter_card":"summary_large_image","twitter_misc":{"Escrito por":"Prensa G&amp;S FM","Tiempo de lectura":"5 minutos"},"schema":{"@context":"https:\/\/schema.org","@graph":[{"@type":"Article","@id":"https:\/\/gysfm.com.ar\/inicio\/democracia-en-peligro-el-modelo-economico-que-alimenta-al-autoritarismo\/#article","isPartOf":{"@id":"https:\/\/gysfm.com.ar\/inicio\/democracia-en-peligro-el-modelo-economico-que-alimenta-al-autoritarismo\/"},"author":{"name":"Prensa G&amp;S FM","@id":"https:\/\/gysfm.com.ar\/inicio\/#\/schema\/person\/3abba7593ef2ad19e1be221d54383dc5"},"headline":"Democracia en peligro: el modelo econ\u00f3mico que alimenta al autoritarismo","datePublished":"2026-04-25T03:30:14+00:00","mainEntityOfPage":{"@id":"https:\/\/gysfm.com.ar\/inicio\/democracia-en-peligro-el-modelo-economico-que-alimenta-al-autoritarismo\/"},"wordCount":1057,"publisher":{"@id":"https:\/\/gysfm.com.ar\/inicio\/#organization"},"image":{"@id":"https:\/\/gysfm.com.ar\/inicio\/democracia-en-peligro-el-modelo-economico-que-alimenta-al-autoritarismo\/#primaryimage"},"thumbnailUrl":"https:\/\/gysfm.com.ar\/inicio\/wp-content\/uploads\/2026\/04\/cambio-climatico-2227022.jpg","articleSection":["NACIONALES"],"inLanguage":"es"},{"@type":"WebPage","@id":"https:\/\/gysfm.com.ar\/inicio\/democracia-en-peligro-el-modelo-economico-que-alimenta-al-autoritarismo\/","url":"https:\/\/gysfm.com.ar\/inicio\/democracia-en-peligro-el-modelo-economico-que-alimenta-al-autoritarismo\/","name":"Democracia en peligro: el modelo econ\u00f3mico que alimenta al autoritarismo - GYS NOTICIAS |","isPartOf":{"@id":"https:\/\/gysfm.com.ar\/inicio\/#website"},"primaryImageOfPage":{"@id":"https:\/\/gysfm.com.ar\/inicio\/democracia-en-peligro-el-modelo-economico-que-alimenta-al-autoritarismo\/#primaryimage"},"image":{"@id":"https:\/\/gysfm.com.ar\/inicio\/democracia-en-peligro-el-modelo-economico-que-alimenta-al-autoritarismo\/#primaryimage"},"thumbnailUrl":"https:\/\/gysfm.com.ar\/inicio\/wp-content\/uploads\/2026\/04\/cambio-climatico-2227022.jpg","datePublished":"2026-04-25T03:30:14+00:00","breadcrumb":{"@id":"https:\/\/gysfm.com.ar\/inicio\/democracia-en-peligro-el-modelo-economico-que-alimenta-al-autoritarismo\/#breadcrumb"},"inLanguage":"es","potentialAction":[{"@type":"ReadAction","target":["https:\/\/gysfm.com.ar\/inicio\/democracia-en-peligro-el-modelo-economico-que-alimenta-al-autoritarismo\/"]}]},{"@type":"ImageObject","inLanguage":"es","@id":"https:\/\/gysfm.com.ar\/inicio\/democracia-en-peligro-el-modelo-economico-que-alimenta-al-autoritarismo\/#primaryimage","url":"https:\/\/gysfm.com.ar\/inicio\/wp-content\/uploads\/2026\/04\/cambio-climatico-2227022.jpg","contentUrl":"https:\/\/gysfm.com.ar\/inicio\/wp-content\/uploads\/2026\/04\/cambio-climatico-2227022.jpg","width":1140,"height":641},{"@type":"BreadcrumbList","@id":"https:\/\/gysfm.com.ar\/inicio\/democracia-en-peligro-el-modelo-economico-que-alimenta-al-autoritarismo\/#breadcrumb","itemListElement":[{"@type":"ListItem","position":1,"name":"Portada","item":"https:\/\/gysfm.com.ar\/inicio\/"},{"@type":"ListItem","position":2,"name":"Democracia en peligro: el modelo econ\u00f3mico que alimenta al autoritarismo"}]},{"@type":"WebSite","@id":"https:\/\/gysfm.com.ar\/inicio\/#website","url":"https:\/\/gysfm.com.ar\/inicio\/","name":"GYS NOTICIAS |","description":"DIARIO - RADIO ONLINE SAN JUAN ARGENTINA","publisher":{"@id":"https:\/\/gysfm.com.ar\/inicio\/#organization"},"potentialAction":[{"@type":"SearchAction","target":{"@type":"EntryPoint","urlTemplate":"https:\/\/gysfm.com.ar\/inicio\/?s={search_term_string}"},"query-input":{"@type":"PropertyValueSpecification","valueRequired":true,"valueName":"search_term_string"}}],"inLanguage":"es"},{"@type":"Organization","@id":"https:\/\/gysfm.com.ar\/inicio\/#organization","name":"GYS NOTICIAS |","url":"https:\/\/gysfm.com.ar\/inicio\/","logo":{"@type":"ImageObject","inLanguage":"es","@id":"https:\/\/gysfm.com.ar\/inicio\/#\/schema\/logo\/image\/","url":"https:\/\/gysfm.com.ar\/inicio\/wp-content\/uploads\/2023\/07\/LOGOGYS-OK.png","contentUrl":"https:\/\/gysfm.com.ar\/inicio\/wp-content\/uploads\/2023\/07\/LOGOGYS-OK.png","width":1170,"height":872,"caption":"GYS NOTICIAS |"},"image":{"@id":"https:\/\/gysfm.com.ar\/inicio\/#\/schema\/logo\/image\/"}},{"@type":"Person","@id":"https:\/\/gysfm.com.ar\/inicio\/#\/schema\/person\/3abba7593ef2ad19e1be221d54383dc5","name":"Prensa G&amp;S FM","image":{"@type":"ImageObject","inLanguage":"es","@id":"https:\/\/gysfm.com.ar\/inicio\/#\/schema\/person\/image\/","url":"https:\/\/secure.gravatar.com\/avatar\/096ec78df02049ab018702bb4ccedf659377fa92a26540b5247612077a0dbd29?s=96&d=mm&r=g","contentUrl":"https:\/\/secure.gravatar.com\/avatar\/096ec78df02049ab018702bb4ccedf659377fa92a26540b5247612077a0dbd29?s=96&d=mm&r=g","caption":"Prensa G&amp;S FM"},"sameAs":["https:\/\/gysfm.com.ar\/"],"url":"https:\/\/gysfm.com.ar\/inicio\/author\/lucasm\/"}]}},"_links":{"self":[{"href":"https:\/\/gysfm.com.ar\/inicio\/wp-json\/wp\/v2\/posts\/192842","targetHints":{"allow":["GET"]}}],"collection":[{"href":"https:\/\/gysfm.com.ar\/inicio\/wp-json\/wp\/v2\/posts"}],"about":[{"href":"https:\/\/gysfm.com.ar\/inicio\/wp-json\/wp\/v2\/types\/post"}],"author":[{"embeddable":true,"href":"https:\/\/gysfm.com.ar\/inicio\/wp-json\/wp\/v2\/users\/2"}],"replies":[{"embeddable":true,"href":"https:\/\/gysfm.com.ar\/inicio\/wp-json\/wp\/v2\/comments?post=192842"}],"version-history":[{"count":0,"href":"https:\/\/gysfm.com.ar\/inicio\/wp-json\/wp\/v2\/posts\/192842\/revisions"}],"wp:featuredmedia":[{"embeddable":true,"href":"https:\/\/gysfm.com.ar\/inicio\/wp-json\/wp\/v2\/media\/192843"}],"wp:attachment":[{"href":"https:\/\/gysfm.com.ar\/inicio\/wp-json\/wp\/v2\/media?parent=192842"}],"wp:term":[{"taxonomy":"category","embeddable":true,"href":"https:\/\/gysfm.com.ar\/inicio\/wp-json\/wp\/v2\/categories?post=192842"},{"taxonomy":"post_tag","embeddable":true,"href":"https:\/\/gysfm.com.ar\/inicio\/wp-json\/wp\/v2\/tags?post=192842"}],"curies":[{"name":"wp","href":"https:\/\/api.w.org\/{rel}","templated":true}]}}