{"id":192839,"date":"2026-04-25T00:12:13","date_gmt":"2026-04-25T03:12:13","guid":{"rendered":"https:\/\/gysfm.com.ar\/inicio\/se-quiebra-una-racha-con-la-pobreza-y-podria-haber-un-cambio-de-tendencia-en-el-arranque-de-2026\/"},"modified":"2026-04-25T00:12:14","modified_gmt":"2026-04-25T03:12:14","slug":"se-quiebra-una-racha-con-la-pobreza-y-podria-haber-un-cambio-de-tendencia-en-el-arranque-de-2026","status":"publish","type":"post","link":"https:\/\/gysfm.com.ar\/inicio\/se-quiebra-una-racha-con-la-pobreza-y-podria-haber-un-cambio-de-tendencia-en-el-arranque-de-2026\/","title":{"rendered":"Se quiebra una racha con la pobreza y podr\u00eda haber un cambio de tendencia en el arranque de 2026"},"content":{"rendered":"<p><\/p>\n<div>\n<p class=\"com-paragraph  --capital --s\">Los datos oficiales del Indec confirmaron hoy que <strong>la pobreza quebr\u00f3 una racha<\/strong> de seis trimestres consecutivos a la baja, lo que abri\u00f3 la posibilidad \u2014no certera a\u00fan\u2014 de que, en un contexto de aumento de la inflaci\u00f3n y salarios deprimidos, el primer trimestre de este a\u00f1o muestre una suba de la pobreza. <\/p>\n<p class=\"com-paragraph   --s\">La pobreza salt\u00f3 al primer trimestre de 2024 a 54,8% en el marco del plan de estabilizaci\u00f3n que encar\u00f3 el Gobierno para ordenar una econom\u00eda que hab\u00eda terminado 2023 con la inflaci\u00f3n m\u00e1s alta en m\u00e1s de tres d\u00e9cadas. Baja de precios mediante -gracias a un super\u00e1vit primario, y saneamiento monetario y cambiario, entre otras medidas a las que se sum\u00f3 el significativo aumento de la asistencia social a indigentes-,<strong> logr\u00f3 bajar la pobreza trimestre a trimestre -m\u00e1s all\u00e1 de la estacionalidad- hasta el tercero de 2025. <\/strong><\/p>\n<p class=\"com-paragraph   --s\">El Indec public\u00f3 hoy los microdatos del cuarto trimestre de 2025. <strong>Se trata del primer trimestre que quiebra esa racha oficial.<\/strong> Del tercer trimestre, cuando la pobreza marc\u00f3 un 26,9%, se pas\u00f3 a 29,9% en el cuarto, seg\u00fan el procesamiento de los datos oficiales de la Universidad Cat\u00f3lica Argentina (UCA). Es un alza en la cantidad de pobres que <strong>llega a los 1,2 millones, seg\u00fan las proyecciones al total de poblaci\u00f3n de la consultora ExQuanti. <\/strong><\/p>\n<p class=\"com-paragraph   --s\">Fue el propio Gobierno, cuando los n\u00fameros daban bien, el que inaugur\u00f3 la publicaci\u00f3n del movimiento del porcentaje de pobres por trimestre. En rigor, el Indec publica semestralmente para evitar variaciones bruscas vinculadas a la estacionalidad de los ingresos. <strong>El \u00faltimo semestre termin\u00f3 con una pobreza de 28,2%, lo que implic\u00f3 una ca\u00edda significativa de ese flagelo frente al primer semestre (31,6%) y al mismo per\u00edodo de 2024 (38,1%).<\/strong><\/p>\n<p class=\"com-paragraph   --s\">La indigencia, seg\u00fan el c\u00e1lculo que hizo la UCA, apenas se habr\u00eda movido entre el tercer y el cuarto trimestre del a\u00f1o pasado: <strong>de 6,0% a 6,1%. <\/strong><\/p>\n<p class=\"com-paragraph   --s\">Tanto ExQuanti como el econometrista de la Universidad Torcuato DiTella (UTDT), Mart\u00edn Gonzal\u00e9z Rozada, hab\u00edan proyectado, cuando se conoci\u00f3 el \u00faltimo dato de pobreza, que el cuarto trimestre hab\u00eda tenido un repunte. Los primeros hab\u00edan estimado un 29,5%, cifra aproximada a la de hoy. La UTDT hab\u00eda calculado el mismo n\u00famero que los t\u00e9cnicos de ExQuanti. <\/p>\n<div class=\"content-media\">\n<section role=\"button\" class=\"mod-media   \">\n<figure role=\"button\" tabindex=\"0\" class=\"mod-figure \"><figcaption class=\"mod-figcaption\"><span class=\"com-text --caption --twoxs\">Los c\u00e1lculos de la UCA en base a los microdatos del cuarto trimestre<\/span><\/figcaption><\/figure>\n<\/section>\n<\/div>\n<p class=\"com-paragraph   --s\">Para evitar las diferencias por los pagos de aguinaldos, principalmente, la comparaci\u00f3n entre trimestres debe hacerse entre per\u00edodos pares o impares. Si se contrasta el \u00faltimo trimestre de 2025 con el segundo del mismo a\u00f1o o con el cuarto de 2024, el Gobierno puede celebrar a\u00fan un descenso. Sin embargo, para los analistas, el quiebre de la racha trimestral, como la desaceleraci\u00f3n que ven\u00eda mostrando la baja en los \u00faltimos tiempos, sumada a la persistencia de la inflaci\u00f3n e ingresos deteriorados (pese al debate entre datos que existe), anticipar\u00eda <strong>una suba de la pobreza en el primer trimestre de este a\u00f1o, el mismo que Javier Milei calific\u00f3 como \u201cdif\u00edcil\u201d. <\/strong><\/p>\n<p class=\"com-paragraph   --s\">Sin embargo, esa suba de la pobreza tambi\u00e9n podr\u00eda ser transitoria, teniendo en cuenta que, m\u00e1s all\u00e1 de los malos datos de salarios, inflaci\u00f3n y actividad del primer trimestre, comenzaron a aparecer proyecciones privadas que prev\u00e9n una desaceleraci\u00f3n de los precios (en torno al 2,5%), un mejoramiento de los salarios asociado a los cierres de paritarias y un rebote de algunas actividades El tiempo dir\u00e1 si se refleja en los datos socioecon\u00f3micos oficiales y si efectivamente ese repunte es sostenido en el tiempo. De hecho, el ministro de Econom\u00eda, Luis Caputo, afirm\u00f3 que se vienen \u201clos mejores 18 meses\u201d para la econom\u00eda, por lo que las elecciones presidenciales del a\u00f1o que viene ser\u00e1n un \u201cpaseo por el parque\u201d para el oficialismo libertario. <\/p>\n<p class=\"com-paragraph   --s\">\u201cCon la CBT (Canasta B\u00e1sica Total) de marzo, el nowcast proyecta una tasa de pobreza de 29,0% para el semestre Oct25Mar26. El IC al 95% es [27,5% &#8211; 30,4%]\u201d, escribi\u00f3 Gonz\u00e1lez Rozada d\u00edas atr\u00e1s. \u201cLa incidencia proyectada se puede descomponer mec\u00e1nicamente en un promedio ponderado de una tasa de pobreza de 29,5% para el cuarto trimestre de 2025<strong> y 28,4% para el primer trimestre de 2026\u2033,<\/strong> estim\u00f3 el especialista. El tercer trimestre de 2025 \u2014comparable con el primero de 2026\u2014 fue de <strong>26,9%.<\/strong> <\/p>\n<p class=\"com-paragraph   --s\">\u201cEn t\u00e9rminos de fiabilidad del indicador, dados los cambios en la medici\u00f3n de los ingresos, solo ser\u00eda factible hacer comparables entre el primer trimestre de 2024 en adelante,<strong> lo cual destaca la ca\u00edda con respecto al contexto de devaluaci\u00f3n, ajuste, liberaci\u00f3n de precios, entre otros. <\/strong>En ese marco, igualmente, <strong>el proceso de ca\u00edda se habr\u00eda estabilizado a finales del a\u00f1o pasado y estar\u00eda teniendo un aumento durante el primer trimestre de este a\u00f1o\u201d,<\/strong> dijo a <strong>LA NACION,<\/strong> Agust\u00edn Salvia, coordinador del Observatorio de la Deuda Social de la UCA. <\/p>\n<p class=\"com-paragraph   --s\">En el Gobierno hubo una menci\u00f3n a la baja de la pobreza, especialmente en ni\u00f1os. La hizo la ministra de Desarrollo Social, Sandra Pettovello.<strong> \u201cLa pobreza infantil muestra un descenso sostenido. A fines de 2023, casi 7 de cada 10 chicos eran pobres. Hoy son 4 de cada 10\u2033,<\/strong> dijo la funcionaria. <\/p>\n<p class=\"com-paragraph   --s\">\u201cEn solo dos a\u00f1os logramos bajar casi 30 puntos porcentuales, que representan millones de chicos. Desde el Ministerio de Capital Humano trabajamos para ampliar las oportunidades de las familias y garantizar mejores condiciones de desarrollo para los chicos. En ese camino, es clave considerar que distintas mediciones pueden arrojar resultados diferentes seg\u00fan su metodolog\u00eda. Por eso, se toma como referencia la fuente oficial del Indec, que ofrece datos consistentes y representativos a nivel nacional\u201d, afirm\u00f3 una de las funcionarias m\u00e1s cercanas al Presidente. <\/p>\n<p class=\"com-paragraph   --s\">En su \u00faltimo informe, ExQuanti reconoci\u00f3 que <strong>\u201cha existido una importante reducci\u00f3n de la pobreza lograda por la actual gesti\u00f3n\u201d,<\/strong> pero \u2013en un debate abierto con la perspectiva que propala el Gobierno sobre los pobres que el kirchnerismo meti\u00f3 debajo de la alfombra y dej\u00f3 en \u201cherencia\u201d a la actual gesti\u00f3n\u2013, se\u00f1al\u00f3 que <strong>\u201cfue precedida del m\u00e1s significativo aumento que se haya experimentado en el total de personas pobres en un lapso de tiempo tan corto, si se observa la serie reciente\u201d. <\/strong>En el documento elaborado por sus especialistas se discute as\u00ed el \u201cefecto Milei\u201d en la pobreza y la exitosa consigna de que el libertario sac\u00f3 a 12 millones de personas de ese flagelo. <\/p>\n<p class=\"com-paragraph   --s\">\u201cDebe advertirse que vino precedida (la baja de la pobreza en el mile\u00edsmo) de un incremento de 7,7 millones de personas pobres atribuible a su propia influencia\u201d, indicaron los especialistas en pobreza de ExQuanti. En el Gobierno afirman que eran los pobres escondidos debajo de la alfombra gracias al Plan Platita y los congelamientos. \u201cLa evoluci\u00f3n neta de pobres para la \u2018Era Milei\u2019 es de una reducci\u00f3n efectiva de 2,56 millones de personas\u201d, calcularon.<\/p>\n<p class=\"com-paragraph   --s\">ExQuanti agreg\u00f3 que hoy existen en la Argentina un 41% m\u00e1s de pobres que en 2017. A\u00fan hay 4,5 millones m\u00e1s de pobres que hace ocho a\u00f1os. \u201cCon el agravante de que, a partir de fines de 2025,<strong> la pobreza vuelve a subir\u201d, <\/strong>adelantaron. Para el Gobierno, ser\u00e1 s\u00f3lo una suba transitoria, ya que, como dijo un integrante del equipo de Caputo, la econom\u00eda entr\u00f3 al punto dulce. <\/p>\n<section class=\"container-center-100 mb-40 border border-bottom border-thin border-neutral-light-700\">\n<hr\/>\n<\/section>\n<\/div>\n<p><script id=\"facebookpixel\" defer=\"\" type=\"text\/javascript\">\n        !function(f,b,e,v,n,t,s)\n        {if(f.fbq)return;n=f.fbq=function(){n.callMethod?\n        n.callMethod.apply(n,arguments):n.queue.push(arguments)};\n        if(!f._fbq)f._fbq=n;n.push=n;n.loaded=!0;n.version='2.0';\n        n.queue=[];t=b.createElement(e);t.async=!0;\n        t.src=v;s=b.getElementsByTagName(e)[0];\n        s.parentNode.insertBefore(t,s)}(window, document,'script',\n        'https:\/\/connect.facebook.net\/en_US\/fbevents.js');\n        fbq('init', '492459597522335');\n        fbq('track', 'PageView');\n    <\/script><\/p>\n","protected":false},"excerpt":{"rendered":"<p>Los datos oficiales del Indec confirmaron hoy que la pobreza quebr\u00f3 una racha de seis trimestres consecutivos a la baja, lo que abri\u00f3 la posibilidad \u2014no certera a\u00fan\u2014 de que, en un contexto de aumento de la inflaci\u00f3n y salarios deprimidos, el primer trimestre de este a\u00f1o muestre una suba de la pobreza. La pobreza [&hellip;]<\/p>\n","protected":false},"author":1,"featured_media":192840,"comment_status":"closed","ping_status":"closed","sticky":false,"template":"","format":"standard","meta":{"footnotes":""},"categories":[28],"tags":[],"class_list":["post-192839","post","type-post","status-publish","format-standard","has-post-thumbnail","hentry","category-economia"],"yoast_head":"<!-- This site is optimized with the Yoast SEO plugin v24.4 - https:\/\/yoast.com\/wordpress\/plugins\/seo\/ -->\n<title>Se quiebra una racha con la pobreza y podr\u00eda haber un cambio de tendencia en el arranque de 2026 - GYS NOTICIAS |<\/title>\n<meta name=\"robots\" content=\"index, follow, max-snippet:-1, max-image-preview:large, max-video-preview:-1\" \/>\n<link rel=\"canonical\" href=\"https:\/\/gysfm.com.ar\/inicio\/se-quiebra-una-racha-con-la-pobreza-y-podria-haber-un-cambio-de-tendencia-en-el-arranque-de-2026\/\" \/>\n<meta property=\"og:locale\" content=\"es_ES\" \/>\n<meta property=\"og:type\" content=\"article\" \/>\n<meta property=\"og:title\" content=\"Se quiebra una racha con la pobreza y podr\u00eda haber un cambio de tendencia en el arranque de 2026 - GYS NOTICIAS |\" \/>\n<meta property=\"og:description\" content=\"Los datos oficiales del Indec confirmaron hoy que la pobreza quebr\u00f3 una racha de seis trimestres consecutivos a la baja, lo que abri\u00f3 la posibilidad \u2014no certera a\u00fan\u2014 de que, en un contexto de aumento de la inflaci\u00f3n y salarios deprimidos, el primer trimestre de este a\u00f1o muestre una suba de la pobreza. La pobreza [&hellip;]\" \/>\n<meta property=\"og:url\" content=\"https:\/\/gysfm.com.ar\/inicio\/se-quiebra-una-racha-con-la-pobreza-y-podria-haber-un-cambio-de-tendencia-en-el-arranque-de-2026\/\" \/>\n<meta property=\"og:site_name\" content=\"GYS NOTICIAS |\" \/>\n<meta property=\"article:published_time\" content=\"2026-04-25T03:12:13+00:00\" \/>\n<meta property=\"article:modified_time\" content=\"2026-04-25T03:12:14+00:00\" \/>\n<meta property=\"og:image\" content=\"https:\/\/gysfm.com.ar\/inicio\/wp-content\/uploads\/2026\/04\/la-pobreza-quebro-una-racha-en-el-cuarto-4YW2TO63OBEARCK5Q66IIF7DWE.JPG\" \/>\n\t<meta property=\"og:image:width\" content=\"1200\" \/>\n\t<meta property=\"og:image:height\" content=\"800\" \/>\n\t<meta property=\"og:image:type\" content=\"image\/jpeg\" \/>\n<meta name=\"author\" content=\"admin\" \/>\n<meta name=\"twitter:card\" content=\"summary_large_image\" \/>\n<meta name=\"twitter:label1\" content=\"Escrito por\" \/>\n\t<meta name=\"twitter:data1\" content=\"admin\" \/>\n\t<meta name=\"twitter:label2\" content=\"Tiempo de lectura\" \/>\n\t<meta name=\"twitter:data2\" content=\"6 minutos\" \/>\n<script type=\"application\/ld+json\" class=\"yoast-schema-graph\">{\"@context\":\"https:\/\/schema.org\",\"@graph\":[{\"@type\":\"Article\",\"@id\":\"https:\/\/gysfm.com.ar\/inicio\/se-quiebra-una-racha-con-la-pobreza-y-podria-haber-un-cambio-de-tendencia-en-el-arranque-de-2026\/#article\",\"isPartOf\":{\"@id\":\"https:\/\/gysfm.com.ar\/inicio\/se-quiebra-una-racha-con-la-pobreza-y-podria-haber-un-cambio-de-tendencia-en-el-arranque-de-2026\/\"},\"author\":{\"name\":\"admin\",\"@id\":\"https:\/\/gysfm.com.ar\/inicio\/#\/schema\/person\/5bedd7ecd35cc35548d89effafa23696\"},\"headline\":\"Se quiebra una racha con la pobreza y podr\u00eda haber un cambio de tendencia en el arranque de 2026\",\"datePublished\":\"2026-04-25T03:12:13+00:00\",\"dateModified\":\"2026-04-25T03:12:14+00:00\",\"mainEntityOfPage\":{\"@id\":\"https:\/\/gysfm.com.ar\/inicio\/se-quiebra-una-racha-con-la-pobreza-y-podria-haber-un-cambio-de-tendencia-en-el-arranque-de-2026\/\"},\"wordCount\":1242,\"publisher\":{\"@id\":\"https:\/\/gysfm.com.ar\/inicio\/#organization\"},\"image\":{\"@id\":\"https:\/\/gysfm.com.ar\/inicio\/se-quiebra-una-racha-con-la-pobreza-y-podria-haber-un-cambio-de-tendencia-en-el-arranque-de-2026\/#primaryimage\"},\"thumbnailUrl\":\"https:\/\/gysfm.com.ar\/inicio\/wp-content\/uploads\/2026\/04\/la-pobreza-quebro-una-racha-en-el-cuarto-4YW2TO63OBEARCK5Q66IIF7DWE.JPG\",\"articleSection\":[\"ECONOMIA\"],\"inLanguage\":\"es\"},{\"@type\":\"WebPage\",\"@id\":\"https:\/\/gysfm.com.ar\/inicio\/se-quiebra-una-racha-con-la-pobreza-y-podria-haber-un-cambio-de-tendencia-en-el-arranque-de-2026\/\",\"url\":\"https:\/\/gysfm.com.ar\/inicio\/se-quiebra-una-racha-con-la-pobreza-y-podria-haber-un-cambio-de-tendencia-en-el-arranque-de-2026\/\",\"name\":\"Se quiebra una racha con la pobreza y podr\u00eda haber un cambio de tendencia en el arranque de 2026 - GYS NOTICIAS |\",\"isPartOf\":{\"@id\":\"https:\/\/gysfm.com.ar\/inicio\/#website\"},\"primaryImageOfPage\":{\"@id\":\"https:\/\/gysfm.com.ar\/inicio\/se-quiebra-una-racha-con-la-pobreza-y-podria-haber-un-cambio-de-tendencia-en-el-arranque-de-2026\/#primaryimage\"},\"image\":{\"@id\":\"https:\/\/gysfm.com.ar\/inicio\/se-quiebra-una-racha-con-la-pobreza-y-podria-haber-un-cambio-de-tendencia-en-el-arranque-de-2026\/#primaryimage\"},\"thumbnailUrl\":\"https:\/\/gysfm.com.ar\/inicio\/wp-content\/uploads\/2026\/04\/la-pobreza-quebro-una-racha-en-el-cuarto-4YW2TO63OBEARCK5Q66IIF7DWE.JPG\",\"datePublished\":\"2026-04-25T03:12:13+00:00\",\"dateModified\":\"2026-04-25T03:12:14+00:00\",\"breadcrumb\":{\"@id\":\"https:\/\/gysfm.com.ar\/inicio\/se-quiebra-una-racha-con-la-pobreza-y-podria-haber-un-cambio-de-tendencia-en-el-arranque-de-2026\/#breadcrumb\"},\"inLanguage\":\"es\",\"potentialAction\":[{\"@type\":\"ReadAction\",\"target\":[\"https:\/\/gysfm.com.ar\/inicio\/se-quiebra-una-racha-con-la-pobreza-y-podria-haber-un-cambio-de-tendencia-en-el-arranque-de-2026\/\"]}]},{\"@type\":\"ImageObject\",\"inLanguage\":\"es\",\"@id\":\"https:\/\/gysfm.com.ar\/inicio\/se-quiebra-una-racha-con-la-pobreza-y-podria-haber-un-cambio-de-tendencia-en-el-arranque-de-2026\/#primaryimage\",\"url\":\"https:\/\/gysfm.com.ar\/inicio\/wp-content\/uploads\/2026\/04\/la-pobreza-quebro-una-racha-en-el-cuarto-4YW2TO63OBEARCK5Q66IIF7DWE.JPG\",\"contentUrl\":\"https:\/\/gysfm.com.ar\/inicio\/wp-content\/uploads\/2026\/04\/la-pobreza-quebro-una-racha-en-el-cuarto-4YW2TO63OBEARCK5Q66IIF7DWE.JPG\",\"width\":1200,\"height\":800},{\"@type\":\"BreadcrumbList\",\"@id\":\"https:\/\/gysfm.com.ar\/inicio\/se-quiebra-una-racha-con-la-pobreza-y-podria-haber-un-cambio-de-tendencia-en-el-arranque-de-2026\/#breadcrumb\",\"itemListElement\":[{\"@type\":\"ListItem\",\"position\":1,\"name\":\"Portada\",\"item\":\"https:\/\/gysfm.com.ar\/inicio\/\"},{\"@type\":\"ListItem\",\"position\":2,\"name\":\"Se quiebra una racha con la pobreza y podr\u00eda haber un cambio de tendencia en el arranque de 2026\"}]},{\"@type\":\"WebSite\",\"@id\":\"https:\/\/gysfm.com.ar\/inicio\/#website\",\"url\":\"https:\/\/gysfm.com.ar\/inicio\/\",\"name\":\"GYS NOTICIAS |\",\"description\":\"DIARIO - RADIO ONLINE SAN JUAN ARGENTINA\",\"publisher\":{\"@id\":\"https:\/\/gysfm.com.ar\/inicio\/#organization\"},\"potentialAction\":[{\"@type\":\"SearchAction\",\"target\":{\"@type\":\"EntryPoint\",\"urlTemplate\":\"https:\/\/gysfm.com.ar\/inicio\/?s={search_term_string}\"},\"query-input\":{\"@type\":\"PropertyValueSpecification\",\"valueRequired\":true,\"valueName\":\"search_term_string\"}}],\"inLanguage\":\"es\"},{\"@type\":\"Organization\",\"@id\":\"https:\/\/gysfm.com.ar\/inicio\/#organization\",\"name\":\"GYS NOTICIAS |\",\"url\":\"https:\/\/gysfm.com.ar\/inicio\/\",\"logo\":{\"@type\":\"ImageObject\",\"inLanguage\":\"es\",\"@id\":\"https:\/\/gysfm.com.ar\/inicio\/#\/schema\/logo\/image\/\",\"url\":\"https:\/\/gysfm.com.ar\/inicio\/wp-content\/uploads\/2023\/07\/LOGOGYS-OK.png\",\"contentUrl\":\"https:\/\/gysfm.com.ar\/inicio\/wp-content\/uploads\/2023\/07\/LOGOGYS-OK.png\",\"width\":1170,\"height\":872,\"caption\":\"GYS NOTICIAS |\"},\"image\":{\"@id\":\"https:\/\/gysfm.com.ar\/inicio\/#\/schema\/logo\/image\/\"}},{\"@type\":\"Person\",\"@id\":\"https:\/\/gysfm.com.ar\/inicio\/#\/schema\/person\/5bedd7ecd35cc35548d89effafa23696\",\"name\":\"admin\",\"image\":{\"@type\":\"ImageObject\",\"inLanguage\":\"es\",\"@id\":\"https:\/\/gysfm.com.ar\/inicio\/#\/schema\/person\/image\/\",\"url\":\"https:\/\/secure.gravatar.com\/avatar\/c331d312b5243fb64d5ba28108a447b27c925295129a363082c9ea52c28d32c2?s=96&d=mm&r=g\",\"contentUrl\":\"https:\/\/secure.gravatar.com\/avatar\/c331d312b5243fb64d5ba28108a447b27c925295129a363082c9ea52c28d32c2?s=96&d=mm&r=g\",\"caption\":\"admin\"},\"sameAs\":[\"https:\/\/gysfm.com.ar\/inicio\"],\"url\":\"https:\/\/gysfm.com.ar\/inicio\/author\/admin\/\"}]}<\/script>\n<!-- \/ Yoast SEO plugin. -->","yoast_head_json":{"title":"Se quiebra una racha con la pobreza y podr\u00eda haber un cambio de tendencia en el arranque de 2026 - GYS NOTICIAS |","robots":{"index":"index","follow":"follow","max-snippet":"max-snippet:-1","max-image-preview":"max-image-preview:large","max-video-preview":"max-video-preview:-1"},"canonical":"https:\/\/gysfm.com.ar\/inicio\/se-quiebra-una-racha-con-la-pobreza-y-podria-haber-un-cambio-de-tendencia-en-el-arranque-de-2026\/","og_locale":"es_ES","og_type":"article","og_title":"Se quiebra una racha con la pobreza y podr\u00eda haber un cambio de tendencia en el arranque de 2026 - GYS NOTICIAS |","og_description":"Los datos oficiales del Indec confirmaron hoy que la pobreza quebr\u00f3 una racha de seis trimestres consecutivos a la baja, lo que abri\u00f3 la posibilidad \u2014no certera a\u00fan\u2014 de que, en un contexto de aumento de la inflaci\u00f3n y salarios deprimidos, el primer trimestre de este a\u00f1o muestre una suba de la pobreza. La pobreza [&hellip;]","og_url":"https:\/\/gysfm.com.ar\/inicio\/se-quiebra-una-racha-con-la-pobreza-y-podria-haber-un-cambio-de-tendencia-en-el-arranque-de-2026\/","og_site_name":"GYS NOTICIAS |","article_published_time":"2026-04-25T03:12:13+00:00","article_modified_time":"2026-04-25T03:12:14+00:00","og_image":[{"width":1200,"height":800,"url":"https:\/\/gysfm.com.ar\/inicio\/wp-content\/uploads\/2026\/04\/la-pobreza-quebro-una-racha-en-el-cuarto-4YW2TO63OBEARCK5Q66IIF7DWE.JPG","type":"image\/jpeg"}],"author":"admin","twitter_card":"summary_large_image","twitter_misc":{"Escrito por":"admin","Tiempo de lectura":"6 minutos"},"schema":{"@context":"https:\/\/schema.org","@graph":[{"@type":"Article","@id":"https:\/\/gysfm.com.ar\/inicio\/se-quiebra-una-racha-con-la-pobreza-y-podria-haber-un-cambio-de-tendencia-en-el-arranque-de-2026\/#article","isPartOf":{"@id":"https:\/\/gysfm.com.ar\/inicio\/se-quiebra-una-racha-con-la-pobreza-y-podria-haber-un-cambio-de-tendencia-en-el-arranque-de-2026\/"},"author":{"name":"admin","@id":"https:\/\/gysfm.com.ar\/inicio\/#\/schema\/person\/5bedd7ecd35cc35548d89effafa23696"},"headline":"Se quiebra una racha con la pobreza y podr\u00eda haber un cambio de tendencia en el arranque de 2026","datePublished":"2026-04-25T03:12:13+00:00","dateModified":"2026-04-25T03:12:14+00:00","mainEntityOfPage":{"@id":"https:\/\/gysfm.com.ar\/inicio\/se-quiebra-una-racha-con-la-pobreza-y-podria-haber-un-cambio-de-tendencia-en-el-arranque-de-2026\/"},"wordCount":1242,"publisher":{"@id":"https:\/\/gysfm.com.ar\/inicio\/#organization"},"image":{"@id":"https:\/\/gysfm.com.ar\/inicio\/se-quiebra-una-racha-con-la-pobreza-y-podria-haber-un-cambio-de-tendencia-en-el-arranque-de-2026\/#primaryimage"},"thumbnailUrl":"https:\/\/gysfm.com.ar\/inicio\/wp-content\/uploads\/2026\/04\/la-pobreza-quebro-una-racha-en-el-cuarto-4YW2TO63OBEARCK5Q66IIF7DWE.JPG","articleSection":["ECONOMIA"],"inLanguage":"es"},{"@type":"WebPage","@id":"https:\/\/gysfm.com.ar\/inicio\/se-quiebra-una-racha-con-la-pobreza-y-podria-haber-un-cambio-de-tendencia-en-el-arranque-de-2026\/","url":"https:\/\/gysfm.com.ar\/inicio\/se-quiebra-una-racha-con-la-pobreza-y-podria-haber-un-cambio-de-tendencia-en-el-arranque-de-2026\/","name":"Se quiebra una racha con la pobreza y podr\u00eda haber un cambio de tendencia en el arranque de 2026 - GYS NOTICIAS |","isPartOf":{"@id":"https:\/\/gysfm.com.ar\/inicio\/#website"},"primaryImageOfPage":{"@id":"https:\/\/gysfm.com.ar\/inicio\/se-quiebra-una-racha-con-la-pobreza-y-podria-haber-un-cambio-de-tendencia-en-el-arranque-de-2026\/#primaryimage"},"image":{"@id":"https:\/\/gysfm.com.ar\/inicio\/se-quiebra-una-racha-con-la-pobreza-y-podria-haber-un-cambio-de-tendencia-en-el-arranque-de-2026\/#primaryimage"},"thumbnailUrl":"https:\/\/gysfm.com.ar\/inicio\/wp-content\/uploads\/2026\/04\/la-pobreza-quebro-una-racha-en-el-cuarto-4YW2TO63OBEARCK5Q66IIF7DWE.JPG","datePublished":"2026-04-25T03:12:13+00:00","dateModified":"2026-04-25T03:12:14+00:00","breadcrumb":{"@id":"https:\/\/gysfm.com.ar\/inicio\/se-quiebra-una-racha-con-la-pobreza-y-podria-haber-un-cambio-de-tendencia-en-el-arranque-de-2026\/#breadcrumb"},"inLanguage":"es","potentialAction":[{"@type":"ReadAction","target":["https:\/\/gysfm.com.ar\/inicio\/se-quiebra-una-racha-con-la-pobreza-y-podria-haber-un-cambio-de-tendencia-en-el-arranque-de-2026\/"]}]},{"@type":"ImageObject","inLanguage":"es","@id":"https:\/\/gysfm.com.ar\/inicio\/se-quiebra-una-racha-con-la-pobreza-y-podria-haber-un-cambio-de-tendencia-en-el-arranque-de-2026\/#primaryimage","url":"https:\/\/gysfm.com.ar\/inicio\/wp-content\/uploads\/2026\/04\/la-pobreza-quebro-una-racha-en-el-cuarto-4YW2TO63OBEARCK5Q66IIF7DWE.JPG","contentUrl":"https:\/\/gysfm.com.ar\/inicio\/wp-content\/uploads\/2026\/04\/la-pobreza-quebro-una-racha-en-el-cuarto-4YW2TO63OBEARCK5Q66IIF7DWE.JPG","width":1200,"height":800},{"@type":"BreadcrumbList","@id":"https:\/\/gysfm.com.ar\/inicio\/se-quiebra-una-racha-con-la-pobreza-y-podria-haber-un-cambio-de-tendencia-en-el-arranque-de-2026\/#breadcrumb","itemListElement":[{"@type":"ListItem","position":1,"name":"Portada","item":"https:\/\/gysfm.com.ar\/inicio\/"},{"@type":"ListItem","position":2,"name":"Se quiebra una racha con la pobreza y podr\u00eda haber un cambio de tendencia en el arranque de 2026"}]},{"@type":"WebSite","@id":"https:\/\/gysfm.com.ar\/inicio\/#website","url":"https:\/\/gysfm.com.ar\/inicio\/","name":"GYS NOTICIAS |","description":"DIARIO - RADIO ONLINE SAN JUAN ARGENTINA","publisher":{"@id":"https:\/\/gysfm.com.ar\/inicio\/#organization"},"potentialAction":[{"@type":"SearchAction","target":{"@type":"EntryPoint","urlTemplate":"https:\/\/gysfm.com.ar\/inicio\/?s={search_term_string}"},"query-input":{"@type":"PropertyValueSpecification","valueRequired":true,"valueName":"search_term_string"}}],"inLanguage":"es"},{"@type":"Organization","@id":"https:\/\/gysfm.com.ar\/inicio\/#organization","name":"GYS NOTICIAS |","url":"https:\/\/gysfm.com.ar\/inicio\/","logo":{"@type":"ImageObject","inLanguage":"es","@id":"https:\/\/gysfm.com.ar\/inicio\/#\/schema\/logo\/image\/","url":"https:\/\/gysfm.com.ar\/inicio\/wp-content\/uploads\/2023\/07\/LOGOGYS-OK.png","contentUrl":"https:\/\/gysfm.com.ar\/inicio\/wp-content\/uploads\/2023\/07\/LOGOGYS-OK.png","width":1170,"height":872,"caption":"GYS NOTICIAS |"},"image":{"@id":"https:\/\/gysfm.com.ar\/inicio\/#\/schema\/logo\/image\/"}},{"@type":"Person","@id":"https:\/\/gysfm.com.ar\/inicio\/#\/schema\/person\/5bedd7ecd35cc35548d89effafa23696","name":"admin","image":{"@type":"ImageObject","inLanguage":"es","@id":"https:\/\/gysfm.com.ar\/inicio\/#\/schema\/person\/image\/","url":"https:\/\/secure.gravatar.com\/avatar\/c331d312b5243fb64d5ba28108a447b27c925295129a363082c9ea52c28d32c2?s=96&d=mm&r=g","contentUrl":"https:\/\/secure.gravatar.com\/avatar\/c331d312b5243fb64d5ba28108a447b27c925295129a363082c9ea52c28d32c2?s=96&d=mm&r=g","caption":"admin"},"sameAs":["https:\/\/gysfm.com.ar\/inicio"],"url":"https:\/\/gysfm.com.ar\/inicio\/author\/admin\/"}]}},"_links":{"self":[{"href":"https:\/\/gysfm.com.ar\/inicio\/wp-json\/wp\/v2\/posts\/192839","targetHints":{"allow":["GET"]}}],"collection":[{"href":"https:\/\/gysfm.com.ar\/inicio\/wp-json\/wp\/v2\/posts"}],"about":[{"href":"https:\/\/gysfm.com.ar\/inicio\/wp-json\/wp\/v2\/types\/post"}],"author":[{"embeddable":true,"href":"https:\/\/gysfm.com.ar\/inicio\/wp-json\/wp\/v2\/users\/1"}],"replies":[{"embeddable":true,"href":"https:\/\/gysfm.com.ar\/inicio\/wp-json\/wp\/v2\/comments?post=192839"}],"version-history":[{"count":1,"href":"https:\/\/gysfm.com.ar\/inicio\/wp-json\/wp\/v2\/posts\/192839\/revisions"}],"predecessor-version":[{"id":192841,"href":"https:\/\/gysfm.com.ar\/inicio\/wp-json\/wp\/v2\/posts\/192839\/revisions\/192841"}],"wp:featuredmedia":[{"embeddable":true,"href":"https:\/\/gysfm.com.ar\/inicio\/wp-json\/wp\/v2\/media\/192840"}],"wp:attachment":[{"href":"https:\/\/gysfm.com.ar\/inicio\/wp-json\/wp\/v2\/media?parent=192839"}],"wp:term":[{"taxonomy":"category","embeddable":true,"href":"https:\/\/gysfm.com.ar\/inicio\/wp-json\/wp\/v2\/categories?post=192839"},{"taxonomy":"post_tag","embeddable":true,"href":"https:\/\/gysfm.com.ar\/inicio\/wp-json\/wp\/v2\/tags?post=192839"}],"curies":[{"name":"wp","href":"https:\/\/api.w.org\/{rel}","templated":true}]}}