{"id":192834,"date":"2026-04-25T00:02:29","date_gmt":"2026-04-25T03:02:29","guid":{"rendered":"https:\/\/gysfm.com.ar\/inicio\/la-produccion-cayo-33-anual-en-febrero-y-los-locales-vacios-se-multiplican\/"},"modified":"2026-04-25T00:02:29","modified_gmt":"2026-04-25T03:02:29","slug":"la-produccion-cayo-33-anual-en-febrero-y-los-locales-vacios-se-multiplican","status":"publish","type":"post","link":"https:\/\/gysfm.com.ar\/inicio\/la-produccion-cayo-33-anual-en-febrero-y-los-locales-vacios-se-multiplican\/","title":{"rendered":"la producci\u00f3n cay\u00f3 33% anual en febrero y los locales vac\u00edos se multiplican"},"content":{"rendered":"<p> <br \/>\n<\/p>\n<div id=\"\">\n<p id=\"p-1777057669012-86522\" data-start=\"419\" data-end=\"743\">La recesi\u00f3n, la ca\u00edda del consumo y la apertura indiscriminada de importaciones, que genera un avance sobre el <em>fast fashion,<\/em> fueron el terreno f\u00e9rtil para una <strong>fuerte crisis en la industria textil e indumentaria<\/strong><strong>. <\/strong> Sin embargo, ya no es solo un dato de producci\u00f3n sino que pas\u00f3 a convertirse en una <strong>postal urbana<\/strong>. Con m\u00e1s de dos a\u00f1os consecutivos de ca\u00edda de la actividad, el impacto se siente de lleno en el empleo, el cierre de empresas y en los locales comerciales vac\u00edos.<\/p>\n<\/div>\n<div id=\"\">\n<p id=\"p-1777057664683-67098\" data-start=\"745\" data-end=\"1005\">La producci\u00f3n textil cay\u00f3 <strong data-start=\"801\" data-end=\"830\">33% interanual en febrero<\/strong> y acumul\u00f3 un retroceso del <strong data-start=\"858\" data-end=\"879\">36% frente a 2023<\/strong>, mientras que la confecci\u00f3n de prendas registr\u00f3 una baja del <strong data-start=\"941\" data-end=\"964\">18% respecto de 2025<\/strong>, seg\u00fan inform\u00f3 la fundaci\u00f3n <strong>ProTejer<\/strong>.<\/p>\n<\/div>\n<div id=\"\">\n<p id=\"p-1777059485223-14911\" data-start=\"1007\" data-end=\"1246\">El freno en la actividad convive con niveles de capacidad ociosa in\u00e9ditos: <strong>6 de cada 10 m\u00e1quinas textiles <\/strong>permanecieron paradas, en promedio, durante los a\u00f1os 2024 y 2025, alcanzando incluso <strong>7 de cada 10 m\u00e1quinas <\/strong>detenidas en los \u00faltimos meses, siendo reflejo de un entramado productivo que no logra sostener su funcionamiento.<\/p>\n<\/div>\n<div id=\"\">\n<h2 id=\"p-1777057664683-11324\" data-section-id=\"p1cg0q\" data-start=\"1248\" data-end=\"1315\">Menos consumo, m\u00e1s importaciones y p\u00e9rdida de competitividad<\/h2>\n<p id=\"p-1777057664683-66908\" data-start=\"1317\" data-end=\"1552\">El deterioro responde a m\u00faltiples factores. Por un lado, la <strong>ca\u00edda del poder adquisitivo<\/strong> reconfigur\u00f3 el <strong>gasto de los hogares<\/strong>, que destinan una <strong>mayor proporci\u00f3n de sus ingresos a servicios b\u00e1sicos<\/strong> y <strong>reducen consumos como la indumentaria<\/strong>. Por otro, el <strong>frente externo presiona con fuerza<\/strong>: las importaciones de ropa crecieron <strong data-start=\"1639\" data-end=\"1655\">185% en cantidades durante 2025<\/strong> y se mantienen en niveles elevados durante 2026, muchas veces a precios considerablemente bajos, producto del <em>fast fashion<\/em>, un modelo de negocio que produce grandes vol\u00famenes de ropa a bajo costo y baja calidad, replicando tendencias para un consumo desechable.<\/p>\n<\/div>\n<div id=\"\">\n<p id=\"p-1777057664683-91713\" data-start=\"1794\" data-end=\"1957\">A esto se suma la <strong>apreciaci\u00f3n del tipo de cambio<\/strong> y la <strong>expansi\u00f3n de compras en el exterior<\/strong> -tanto v\u00eda turismo como courier, que en este \u00faltimo caso mostraron un salto del 274% durante el a\u00f1o pasado-, que restan demanda al mercado local. El resultado es un sector que pierde empresas y empleo: se destruyeron m\u00e1s de <strong data-start=\"2061\" data-end=\"2102\">20.700 puestos de trabajo registrados <\/strong>entre fines de 2023 y diciembre 2025, mientras que en ese per\u00edodo cerraron m\u00e1s de <strong data-start=\"2121\" data-end=\"2135\">650 firmas<\/strong>, un ajuste superior al promedio de la industria. Esto representa una ca\u00edda de 17% en el empleo y 11% en establecimientos productivos.<\/p>\n<\/div>\n<div id=\"\">\n<h2 id=\"p-1777057664683-74225\" data-section-id=\"1a1urux\" data-start=\"2224\" data-end=\"2276\">De la crisis productiva a las persianas bajas<\/h2>\n<p id=\"p-1777057664683-57091\" data-start=\"2278\" data-end=\"2613\">El impacto de la actividad redund\u00f3 en una baja de persianas en los principales corredores de indumentaria. Seg\u00fan la <strong>C\u00e1mara Argentina de Comercio y Servicios (CAC)<\/strong>, en el primer bimestre de 2026 se registraron <strong data-start=\"2419\" data-end=\"2465\">284 locales vac\u00edos, en alquiler o en venta<\/strong> en las principales \u00e1reas comerciales de la Ciudad de Buenos Aires, con una suba del <strong data-start=\"2550\" data-end=\"2570\">38,5% interanual<\/strong> y del <strong data-start=\"2577\" data-end=\"2612\">43,4% frente al bimestre previo<\/strong>.<\/p>\n<p id=\"p-1777057664683-70130\" data-start=\"2615\" data-end=\"2778\">El dato m\u00e1s elocuente es la explosi\u00f3n de la oferta: los locales en alquiler aumentaron <strong data-start=\"2702\" data-end=\"2723\">158,8% interanual<\/strong>, una se\u00f1al clara de negocios que no logran sostenerse.<\/p>\n<p id=\"p-1777060614522-83993\" data-start=\"2615\" data-end=\"2778\">La esquina de <strong>Cabildo y Juramento<\/strong>, que <strong>Conociendo Rusia<\/strong> inmortaliz\u00f3 en una de sus canciones, ya no es de los lugares m\u00e1s buscados por los comerciantes. En el corredor de avenida Cabildo, la cantidad de locales vac\u00edos se dispar\u00f3 un <strong>177,8% en el primer bimestre del a\u00f1o frente al mismo per\u00edodo de 2025<\/strong>.<\/p>\n<p id=\"p-1777060763059-43930\" data-start=\"2615\" data-end=\"2778\">Algo similar ocurre en otro de los corredores, pero que suele tener precios m\u00e1s populares. La <strong data-start=\"2946\" data-end=\"2968\">avenida Avellaneda<\/strong>, uno de los polos textiles m\u00e1s importantes del pa\u00eds, se multiplican los locales vac\u00edos en un contexto de menor circulaci\u00f3n y ca\u00edda de ventas. El aumento en la m\u00edtica avenida del barrio porte\u00f1o de Flores -sus colores ya no existen ni pueden darle a su boca una sonrisa otra vez, como sol\u00edan rezar <strong>Los Piojos<\/strong>&#8211; se dispar\u00f3 <strong>160% en el mismo per\u00edodo<\/strong>.<\/p>\n<p id=\"p-1777060940460-24458\" data-start=\"2615\" data-end=\"2778\">Otras avenidas como <strong>Corrientes, Rivadavia<\/strong> y <strong>Santa Fe<\/strong> tambi\u00e9n evidencian una alta desocupaci\u00f3n de locales, aunque con menor variaci\u00f3n: 68, 63, y 58 persianas bajas, respectivamente. Actualmente, la mayor disponibilidad de locales en alquiler refleja un cambio en la din\u00e1mica: menor consumo, costos elevados y dificultades para sostener m\u00e1rgenes.<\/p>\n<p id=\"p-1777057664683-78714\" data-start=\"3715\" data-end=\"3943\" data-is-last-node=\"\" data-is-only-node=\"\">Con menos producci\u00f3n, menos empleo y una demanda debilitada, el sector textil empieza a mostrar su ajuste en la calle. Y lo hace en lugares emblem\u00e1ticos, donde las persianas bajas ya no son la excepci\u00f3n, sino una se\u00f1al de \u00e9poca.<\/p>\n<\/p><\/div>\n<p><script>\n!function(f,b,e,v,n,t,s)\n{if(f.fbq)return;n=f.fbq=function(){n.callMethod?\nn.callMethod.apply(n,arguments):n.queue.push(arguments)};\nif(!f._fbq)f._fbq=n;n.push=n;n.loaded=!0;n.version='2.0';\nn.queue=[];t=b.createElement(e);t.async=!0;\nt.src=v;s=b.getElementsByTagName(e)[0];\ns.parentNode.insertBefore(t,s)}(window,document,'script',\n'https:\/\/connect.facebook.net\/en_US\/fbevents.js');\nfbq('init', '2047048335588113');\nfbq('track', 'PageView');\n<\/script><br \/>\n<br \/><\/p>\n","protected":false},"excerpt":{"rendered":"<p>La recesi\u00f3n, la ca\u00edda del consumo y la apertura indiscriminada de importaciones, que genera un avance sobre el fast fashion, fueron el terreno f\u00e9rtil para una fuerte crisis en la industria textil e indumentaria. Sin embargo, ya no es solo un dato de producci\u00f3n sino que pas\u00f3 a convertirse en una postal urbana. Con m\u00e1s [&hellip;]<\/p>\n","protected":false},"author":1,"featured_media":192835,"comment_status":"closed","ping_status":"closed","sticky":false,"template":"","format":"standard","meta":{"footnotes":""},"categories":[28],"tags":[],"class_list":["post-192834","post","type-post","status-publish","format-standard","has-post-thumbnail","hentry","category-economia"],"yoast_head":"<!-- This site is optimized with the Yoast SEO plugin v24.4 - https:\/\/yoast.com\/wordpress\/plugins\/seo\/ -->\n<title>la producci\u00f3n cay\u00f3 33% anual en febrero y los locales vac\u00edos se multiplican - GYS NOTICIAS |<\/title>\n<meta name=\"robots\" content=\"index, follow, max-snippet:-1, max-image-preview:large, max-video-preview:-1\" \/>\n<link rel=\"canonical\" href=\"https:\/\/gysfm.com.ar\/inicio\/la-produccion-cayo-33-anual-en-febrero-y-los-locales-vacios-se-multiplican\/\" \/>\n<meta property=\"og:locale\" content=\"es_ES\" \/>\n<meta property=\"og:type\" content=\"article\" \/>\n<meta property=\"og:title\" content=\"la producci\u00f3n cay\u00f3 33% anual en febrero y los locales vac\u00edos se multiplican - GYS NOTICIAS |\" \/>\n<meta property=\"og:description\" content=\"La recesi\u00f3n, la ca\u00edda del consumo y la apertura indiscriminada de importaciones, que genera un avance sobre el fast fashion, fueron el terreno f\u00e9rtil para una fuerte crisis en la industria textil e indumentaria. Sin embargo, ya no es solo un dato de producci\u00f3n sino que pas\u00f3 a convertirse en una postal urbana. Con m\u00e1s [&hellip;]\" \/>\n<meta property=\"og:url\" content=\"https:\/\/gysfm.com.ar\/inicio\/la-produccion-cayo-33-anual-en-febrero-y-los-locales-vacios-se-multiplican\/\" \/>\n<meta property=\"og:site_name\" content=\"GYS NOTICIAS |\" \/>\n<meta property=\"article:published_time\" content=\"2026-04-25T03:02:29+00:00\" \/>\n<meta name=\"author\" content=\"admin\" \/>\n<meta name=\"twitter:card\" content=\"summary_large_image\" \/>\n<meta name=\"twitter:label1\" content=\"Escrito por\" \/>\n\t<meta name=\"twitter:data1\" content=\"admin\" \/>\n\t<meta name=\"twitter:label2\" content=\"Tiempo de lectura\" \/>\n\t<meta name=\"twitter:data2\" content=\"4 minutos\" \/>\n<script type=\"application\/ld+json\" class=\"yoast-schema-graph\">{\"@context\":\"https:\/\/schema.org\",\"@graph\":[{\"@type\":\"Article\",\"@id\":\"https:\/\/gysfm.com.ar\/inicio\/la-produccion-cayo-33-anual-en-febrero-y-los-locales-vacios-se-multiplican\/#article\",\"isPartOf\":{\"@id\":\"https:\/\/gysfm.com.ar\/inicio\/la-produccion-cayo-33-anual-en-febrero-y-los-locales-vacios-se-multiplican\/\"},\"author\":{\"name\":\"admin\",\"@id\":\"https:\/\/gysfm.com.ar\/inicio\/#\/schema\/person\/5bedd7ecd35cc35548d89effafa23696\"},\"headline\":\"la producci\u00f3n cay\u00f3 33% anual en febrero y los locales vac\u00edos se multiplican\",\"datePublished\":\"2026-04-25T03:02:29+00:00\",\"mainEntityOfPage\":{\"@id\":\"https:\/\/gysfm.com.ar\/inicio\/la-produccion-cayo-33-anual-en-febrero-y-los-locales-vacios-se-multiplican\/\"},\"wordCount\":741,\"publisher\":{\"@id\":\"https:\/\/gysfm.com.ar\/inicio\/#organization\"},\"image\":{\"@id\":\"https:\/\/gysfm.com.ar\/inicio\/la-produccion-cayo-33-anual-en-febrero-y-los-locales-vacios-se-multiplican\/#primaryimage\"},\"thumbnailUrl\":\"https:\/\/gysfm.com.ar\/inicio\/wp-content\/uploads\/2026\/04\/locales-vacios-ciudad.jpeg\",\"articleSection\":[\"ECONOMIA\"],\"inLanguage\":\"es\"},{\"@type\":\"WebPage\",\"@id\":\"https:\/\/gysfm.com.ar\/inicio\/la-produccion-cayo-33-anual-en-febrero-y-los-locales-vacios-se-multiplican\/\",\"url\":\"https:\/\/gysfm.com.ar\/inicio\/la-produccion-cayo-33-anual-en-febrero-y-los-locales-vacios-se-multiplican\/\",\"name\":\"la producci\u00f3n cay\u00f3 33% anual en febrero y los locales vac\u00edos se multiplican - GYS NOTICIAS |\",\"isPartOf\":{\"@id\":\"https:\/\/gysfm.com.ar\/inicio\/#website\"},\"primaryImageOfPage\":{\"@id\":\"https:\/\/gysfm.com.ar\/inicio\/la-produccion-cayo-33-anual-en-febrero-y-los-locales-vacios-se-multiplican\/#primaryimage\"},\"image\":{\"@id\":\"https:\/\/gysfm.com.ar\/inicio\/la-produccion-cayo-33-anual-en-febrero-y-los-locales-vacios-se-multiplican\/#primaryimage\"},\"thumbnailUrl\":\"https:\/\/gysfm.com.ar\/inicio\/wp-content\/uploads\/2026\/04\/locales-vacios-ciudad.jpeg\",\"datePublished\":\"2026-04-25T03:02:29+00:00\",\"breadcrumb\":{\"@id\":\"https:\/\/gysfm.com.ar\/inicio\/la-produccion-cayo-33-anual-en-febrero-y-los-locales-vacios-se-multiplican\/#breadcrumb\"},\"inLanguage\":\"es\",\"potentialAction\":[{\"@type\":\"ReadAction\",\"target\":[\"https:\/\/gysfm.com.ar\/inicio\/la-produccion-cayo-33-anual-en-febrero-y-los-locales-vacios-se-multiplican\/\"]}]},{\"@type\":\"ImageObject\",\"inLanguage\":\"es\",\"@id\":\"https:\/\/gysfm.com.ar\/inicio\/la-produccion-cayo-33-anual-en-febrero-y-los-locales-vacios-se-multiplican\/#primaryimage\",\"url\":\"https:\/\/gysfm.com.ar\/inicio\/wp-content\/uploads\/2026\/04\/locales-vacios-ciudad.jpeg\",\"contentUrl\":\"https:\/\/gysfm.com.ar\/inicio\/wp-content\/uploads\/2026\/04\/locales-vacios-ciudad.jpeg\",\"width\":1200,\"height\":675},{\"@type\":\"BreadcrumbList\",\"@id\":\"https:\/\/gysfm.com.ar\/inicio\/la-produccion-cayo-33-anual-en-febrero-y-los-locales-vacios-se-multiplican\/#breadcrumb\",\"itemListElement\":[{\"@type\":\"ListItem\",\"position\":1,\"name\":\"Portada\",\"item\":\"https:\/\/gysfm.com.ar\/inicio\/\"},{\"@type\":\"ListItem\",\"position\":2,\"name\":\"la producci\u00f3n cay\u00f3 33% anual en febrero y los locales vac\u00edos se multiplican\"}]},{\"@type\":\"WebSite\",\"@id\":\"https:\/\/gysfm.com.ar\/inicio\/#website\",\"url\":\"https:\/\/gysfm.com.ar\/inicio\/\",\"name\":\"GYS NOTICIAS |\",\"description\":\"DIARIO - RADIO ONLINE SAN JUAN ARGENTINA\",\"publisher\":{\"@id\":\"https:\/\/gysfm.com.ar\/inicio\/#organization\"},\"potentialAction\":[{\"@type\":\"SearchAction\",\"target\":{\"@type\":\"EntryPoint\",\"urlTemplate\":\"https:\/\/gysfm.com.ar\/inicio\/?s={search_term_string}\"},\"query-input\":{\"@type\":\"PropertyValueSpecification\",\"valueRequired\":true,\"valueName\":\"search_term_string\"}}],\"inLanguage\":\"es\"},{\"@type\":\"Organization\",\"@id\":\"https:\/\/gysfm.com.ar\/inicio\/#organization\",\"name\":\"GYS NOTICIAS |\",\"url\":\"https:\/\/gysfm.com.ar\/inicio\/\",\"logo\":{\"@type\":\"ImageObject\",\"inLanguage\":\"es\",\"@id\":\"https:\/\/gysfm.com.ar\/inicio\/#\/schema\/logo\/image\/\",\"url\":\"https:\/\/gysfm.com.ar\/inicio\/wp-content\/uploads\/2023\/07\/LOGOGYS-OK.png\",\"contentUrl\":\"https:\/\/gysfm.com.ar\/inicio\/wp-content\/uploads\/2023\/07\/LOGOGYS-OK.png\",\"width\":1170,\"height\":872,\"caption\":\"GYS NOTICIAS |\"},\"image\":{\"@id\":\"https:\/\/gysfm.com.ar\/inicio\/#\/schema\/logo\/image\/\"}},{\"@type\":\"Person\",\"@id\":\"https:\/\/gysfm.com.ar\/inicio\/#\/schema\/person\/5bedd7ecd35cc35548d89effafa23696\",\"name\":\"admin\",\"image\":{\"@type\":\"ImageObject\",\"inLanguage\":\"es\",\"@id\":\"https:\/\/gysfm.com.ar\/inicio\/#\/schema\/person\/image\/\",\"url\":\"https:\/\/secure.gravatar.com\/avatar\/c331d312b5243fb64d5ba28108a447b27c925295129a363082c9ea52c28d32c2?s=96&d=mm&r=g\",\"contentUrl\":\"https:\/\/secure.gravatar.com\/avatar\/c331d312b5243fb64d5ba28108a447b27c925295129a363082c9ea52c28d32c2?s=96&d=mm&r=g\",\"caption\":\"admin\"},\"sameAs\":[\"https:\/\/gysfm.com.ar\/inicio\"],\"url\":\"https:\/\/gysfm.com.ar\/inicio\/author\/admin\/\"}]}<\/script>\n<!-- \/ Yoast SEO plugin. -->","yoast_head_json":{"title":"la producci\u00f3n cay\u00f3 33% anual en febrero y los locales vac\u00edos se multiplican - GYS NOTICIAS |","robots":{"index":"index","follow":"follow","max-snippet":"max-snippet:-1","max-image-preview":"max-image-preview:large","max-video-preview":"max-video-preview:-1"},"canonical":"https:\/\/gysfm.com.ar\/inicio\/la-produccion-cayo-33-anual-en-febrero-y-los-locales-vacios-se-multiplican\/","og_locale":"es_ES","og_type":"article","og_title":"la producci\u00f3n cay\u00f3 33% anual en febrero y los locales vac\u00edos se multiplican - GYS NOTICIAS |","og_description":"La recesi\u00f3n, la ca\u00edda del consumo y la apertura indiscriminada de importaciones, que genera un avance sobre el fast fashion, fueron el terreno f\u00e9rtil para una fuerte crisis en la industria textil e indumentaria. Sin embargo, ya no es solo un dato de producci\u00f3n sino que pas\u00f3 a convertirse en una postal urbana. Con m\u00e1s [&hellip;]","og_url":"https:\/\/gysfm.com.ar\/inicio\/la-produccion-cayo-33-anual-en-febrero-y-los-locales-vacios-se-multiplican\/","og_site_name":"GYS NOTICIAS |","article_published_time":"2026-04-25T03:02:29+00:00","author":"admin","twitter_card":"summary_large_image","twitter_misc":{"Escrito por":"admin","Tiempo de lectura":"4 minutos"},"schema":{"@context":"https:\/\/schema.org","@graph":[{"@type":"Article","@id":"https:\/\/gysfm.com.ar\/inicio\/la-produccion-cayo-33-anual-en-febrero-y-los-locales-vacios-se-multiplican\/#article","isPartOf":{"@id":"https:\/\/gysfm.com.ar\/inicio\/la-produccion-cayo-33-anual-en-febrero-y-los-locales-vacios-se-multiplican\/"},"author":{"name":"admin","@id":"https:\/\/gysfm.com.ar\/inicio\/#\/schema\/person\/5bedd7ecd35cc35548d89effafa23696"},"headline":"la producci\u00f3n cay\u00f3 33% anual en febrero y los locales vac\u00edos se multiplican","datePublished":"2026-04-25T03:02:29+00:00","mainEntityOfPage":{"@id":"https:\/\/gysfm.com.ar\/inicio\/la-produccion-cayo-33-anual-en-febrero-y-los-locales-vacios-se-multiplican\/"},"wordCount":741,"publisher":{"@id":"https:\/\/gysfm.com.ar\/inicio\/#organization"},"image":{"@id":"https:\/\/gysfm.com.ar\/inicio\/la-produccion-cayo-33-anual-en-febrero-y-los-locales-vacios-se-multiplican\/#primaryimage"},"thumbnailUrl":"https:\/\/gysfm.com.ar\/inicio\/wp-content\/uploads\/2026\/04\/locales-vacios-ciudad.jpeg","articleSection":["ECONOMIA"],"inLanguage":"es"},{"@type":"WebPage","@id":"https:\/\/gysfm.com.ar\/inicio\/la-produccion-cayo-33-anual-en-febrero-y-los-locales-vacios-se-multiplican\/","url":"https:\/\/gysfm.com.ar\/inicio\/la-produccion-cayo-33-anual-en-febrero-y-los-locales-vacios-se-multiplican\/","name":"la producci\u00f3n cay\u00f3 33% anual en febrero y los locales vac\u00edos se multiplican - GYS NOTICIAS |","isPartOf":{"@id":"https:\/\/gysfm.com.ar\/inicio\/#website"},"primaryImageOfPage":{"@id":"https:\/\/gysfm.com.ar\/inicio\/la-produccion-cayo-33-anual-en-febrero-y-los-locales-vacios-se-multiplican\/#primaryimage"},"image":{"@id":"https:\/\/gysfm.com.ar\/inicio\/la-produccion-cayo-33-anual-en-febrero-y-los-locales-vacios-se-multiplican\/#primaryimage"},"thumbnailUrl":"https:\/\/gysfm.com.ar\/inicio\/wp-content\/uploads\/2026\/04\/locales-vacios-ciudad.jpeg","datePublished":"2026-04-25T03:02:29+00:00","breadcrumb":{"@id":"https:\/\/gysfm.com.ar\/inicio\/la-produccion-cayo-33-anual-en-febrero-y-los-locales-vacios-se-multiplican\/#breadcrumb"},"inLanguage":"es","potentialAction":[{"@type":"ReadAction","target":["https:\/\/gysfm.com.ar\/inicio\/la-produccion-cayo-33-anual-en-febrero-y-los-locales-vacios-se-multiplican\/"]}]},{"@type":"ImageObject","inLanguage":"es","@id":"https:\/\/gysfm.com.ar\/inicio\/la-produccion-cayo-33-anual-en-febrero-y-los-locales-vacios-se-multiplican\/#primaryimage","url":"https:\/\/gysfm.com.ar\/inicio\/wp-content\/uploads\/2026\/04\/locales-vacios-ciudad.jpeg","contentUrl":"https:\/\/gysfm.com.ar\/inicio\/wp-content\/uploads\/2026\/04\/locales-vacios-ciudad.jpeg","width":1200,"height":675},{"@type":"BreadcrumbList","@id":"https:\/\/gysfm.com.ar\/inicio\/la-produccion-cayo-33-anual-en-febrero-y-los-locales-vacios-se-multiplican\/#breadcrumb","itemListElement":[{"@type":"ListItem","position":1,"name":"Portada","item":"https:\/\/gysfm.com.ar\/inicio\/"},{"@type":"ListItem","position":2,"name":"la producci\u00f3n cay\u00f3 33% anual en febrero y los locales vac\u00edos se multiplican"}]},{"@type":"WebSite","@id":"https:\/\/gysfm.com.ar\/inicio\/#website","url":"https:\/\/gysfm.com.ar\/inicio\/","name":"GYS NOTICIAS |","description":"DIARIO - RADIO ONLINE SAN JUAN ARGENTINA","publisher":{"@id":"https:\/\/gysfm.com.ar\/inicio\/#organization"},"potentialAction":[{"@type":"SearchAction","target":{"@type":"EntryPoint","urlTemplate":"https:\/\/gysfm.com.ar\/inicio\/?s={search_term_string}"},"query-input":{"@type":"PropertyValueSpecification","valueRequired":true,"valueName":"search_term_string"}}],"inLanguage":"es"},{"@type":"Organization","@id":"https:\/\/gysfm.com.ar\/inicio\/#organization","name":"GYS NOTICIAS |","url":"https:\/\/gysfm.com.ar\/inicio\/","logo":{"@type":"ImageObject","inLanguage":"es","@id":"https:\/\/gysfm.com.ar\/inicio\/#\/schema\/logo\/image\/","url":"https:\/\/gysfm.com.ar\/inicio\/wp-content\/uploads\/2023\/07\/LOGOGYS-OK.png","contentUrl":"https:\/\/gysfm.com.ar\/inicio\/wp-content\/uploads\/2023\/07\/LOGOGYS-OK.png","width":1170,"height":872,"caption":"GYS NOTICIAS |"},"image":{"@id":"https:\/\/gysfm.com.ar\/inicio\/#\/schema\/logo\/image\/"}},{"@type":"Person","@id":"https:\/\/gysfm.com.ar\/inicio\/#\/schema\/person\/5bedd7ecd35cc35548d89effafa23696","name":"admin","image":{"@type":"ImageObject","inLanguage":"es","@id":"https:\/\/gysfm.com.ar\/inicio\/#\/schema\/person\/image\/","url":"https:\/\/secure.gravatar.com\/avatar\/c331d312b5243fb64d5ba28108a447b27c925295129a363082c9ea52c28d32c2?s=96&d=mm&r=g","contentUrl":"https:\/\/secure.gravatar.com\/avatar\/c331d312b5243fb64d5ba28108a447b27c925295129a363082c9ea52c28d32c2?s=96&d=mm&r=g","caption":"admin"},"sameAs":["https:\/\/gysfm.com.ar\/inicio"],"url":"https:\/\/gysfm.com.ar\/inicio\/author\/admin\/"}]}},"_links":{"self":[{"href":"https:\/\/gysfm.com.ar\/inicio\/wp-json\/wp\/v2\/posts\/192834","targetHints":{"allow":["GET"]}}],"collection":[{"href":"https:\/\/gysfm.com.ar\/inicio\/wp-json\/wp\/v2\/posts"}],"about":[{"href":"https:\/\/gysfm.com.ar\/inicio\/wp-json\/wp\/v2\/types\/post"}],"author":[{"embeddable":true,"href":"https:\/\/gysfm.com.ar\/inicio\/wp-json\/wp\/v2\/users\/1"}],"replies":[{"embeddable":true,"href":"https:\/\/gysfm.com.ar\/inicio\/wp-json\/wp\/v2\/comments?post=192834"}],"version-history":[{"count":0,"href":"https:\/\/gysfm.com.ar\/inicio\/wp-json\/wp\/v2\/posts\/192834\/revisions"}],"wp:featuredmedia":[{"embeddable":true,"href":"https:\/\/gysfm.com.ar\/inicio\/wp-json\/wp\/v2\/media\/192835"}],"wp:attachment":[{"href":"https:\/\/gysfm.com.ar\/inicio\/wp-json\/wp\/v2\/media?parent=192834"}],"wp:term":[{"taxonomy":"category","embeddable":true,"href":"https:\/\/gysfm.com.ar\/inicio\/wp-json\/wp\/v2\/categories?post=192834"},{"taxonomy":"post_tag","embeddable":true,"href":"https:\/\/gysfm.com.ar\/inicio\/wp-json\/wp\/v2\/tags?post=192834"}],"curies":[{"name":"wp","href":"https:\/\/api.w.org\/{rel}","templated":true}]}}