{"id":192832,"date":"2026-04-24T23:59:05","date_gmt":"2026-04-25T02:59:05","guid":{"rendered":"https:\/\/gysfm.com.ar\/inicio\/franco-colapinto-en-buenos-aires-el-sueno-de-un-f1-en-casa\/"},"modified":"2026-04-24T23:59:05","modified_gmt":"2026-04-25T02:59:05","slug":"franco-colapinto-en-buenos-aires-el-sueno-de-un-f1-en-casa","status":"publish","type":"post","link":"https:\/\/gysfm.com.ar\/inicio\/franco-colapinto-en-buenos-aires-el-sueno-de-un-f1-en-casa\/","title":{"rendered":"Franco Colapinto en Buenos Aires: el sue\u00f1o de un F1 en casa"},"content":{"rendered":"<p><\/p>\n<div>\n<p>El piloto argentino <a target=\"_blank\" href=\"https:\/\/442.perfil.com\/noticias\/automovilismo\/cambios-en-f1-miami-beneficia-a-franco-colapinto.phtml\"><strong>Franco Colapinto<\/strong><\/a> comenz\u00f3 a palpitar su esperada exhibici\u00f3n en <strong>Buenos Aires<\/strong> durante una conferencia de prensa celebrada en las oficinas de <strong>Mercado Libre<\/strong>, en el barrio de <strong>Saavedra<\/strong>. Ante una gran expectativa, el corredor confirm\u00f3 que el <a target=\"_blank\" href=\"https:\/\/442.perfil.com\/noticias\/automovilismo\/franco-colapinto-en-buenos-aires-horarios-acceso-y-fan-zone-del-road-show-de-este-domingo.phtml\">pr\u00f3ximo domingo 26 de abril<\/a> cumplir\u00e1 uno de sus grandes sue\u00f1os\u00a0al\u00a0pilotar un <strong>F\u00f3rmula 1<\/strong> en suelo nacional, marcando un hito en su carrera tras su ascenso a la m\u00e1xima categor\u00eda con <strong>Alpine<\/strong>.<\/p>\n<figure class=\"image\"><img decoding=\"async\" style=\"max-width: 100%; width: 100%;\" alt=\"Franco Colapinto en Buenos Aires\" src=\"https:\/\/fotos.perfil.com\/\/2026\/04\/24\/900\/0\/franco-colapinto-en-buenos-aires-2226902.jpg\" loading=\"lazy\"\/>&#13;<figcaption>Franco Colapinto en Buenos Aires<\/figcaption>&#13;<br \/>\n<\/figure>\n<h2><strong>El despliegue de Alpine en Palermo<\/strong><\/h2>\n<p>El evento cont\u00f3 con la conducci\u00f3n de <strong>Iv\u00e1n de Pineda<\/strong>, quien moder\u00f3 el encuentro ante la prensa acreditada, todo bajo la coordinaci\u00f3n del equipo de prensa y comunicaci\u00f3n de <strong>Alpine<\/strong>. La exhibici\u00f3n, denominada <strong>Road Show<\/strong>, tendr\u00e1 lugar en un trazado especialmente dise\u00f1ado en los bosques de <strong>Palermo<\/strong>. La organizaci\u00f3n ha dispuesto sectores con acceso libre y gratuito, buscando que la pasi\u00f3n por el automovilismo llegue a todos los seguidores locales.<\/p>\n<figure class=\"image\"><img decoding=\"async\" style=\"max-width: 100%; width: 100%;\" alt=\"Franco Colapinto en Buenos Aires\" src=\"https:\/\/fotos.perfil.com\/\/2026\/04\/03\/900\/0\/franco-colapinto-en-buenos-aires-2214513.png\" loading=\"lazy\"\/>&#13;<figcaption>El trazado en el correr\u00e1 Colapinto en Buenos Aires<\/figcaption>&#13;<br \/>\n<\/figure>\n<h2><strong>La cercan\u00eda con el p\u00fablico argentino y la chance que la F\u00f3rmula 1 vuelva al pa\u00eds<\/strong><\/h2>\n<p>\u201cQue haya muchos argentinos al lado m\u00edo va a ser muy especial, y algo que nunca tuve. En lugares como M\u00e9xico suelen aparecer m\u00e1s, pero <strong>correr en las calles de Buenos Aires, es un verdadero sue\u00f1o hecho realidad\u201d<\/strong>, asegur\u00f3 Franco, que agreg\u00f3 \u201cQuer\u00eda darle algo de vuelta a la gente que me da tanto apoyo, es un honor y un placer poder traer el auto ac\u00e1. Ojal\u00e1 que lo disfruten, que salga muy lindo\u201d<\/p>\n<p class=\"destacadoNota\"><a target=\"_blank\" href=\"https:\/\/442.perfil.com\/noticias\/automovilismo\/guia-de-accesos-como-llegar-gratis-al-road-show-en-los-bosques-de-palermo-a35.phtml\">Gu\u00eda de accesos: c\u00f3mo llegar gratis al Road Show de Colapinto este domingo<\/a><\/p>\n<p>\u201cCreo que <strong>es el primer pasito para que vuelva la F\u00f3rmula 1<\/strong> al pa\u00eds, para demostrar el cari\u00f1o, lo que genera en la gente poner un auto en la pista, es dif\u00edcil de explicarlo, y la forma m\u00e1s f\u00e1cil de hac\u00e9rselo saber a las autoridades es mostr\u00e1rselo\u201d, asegur\u00f3 Colapinto, que tambi\u00e9n dej\u00f3 en claro que \u00abno es algo f\u00e1cil\u00bb.<\/p>\n<h2><strong>Emoci\u00f3n por el legado de Fangio<\/strong><\/h2>\n<p>Uno de los anuncios que mayor impacto caus\u00f3 fue la confirmaci\u00f3n de que <strong>Colapinto<\/strong> no solo estar\u00e1 al mando del monoplaza actual de <strong>Alpine<\/strong>. El piloto tendr\u00e1 el privilegio de conducir la legendaria <strong>\u00abFlecha de Plata\u00bb<\/strong> de <strong>Juan Manuel Fangio<\/strong>, un momento que calific\u00f3 como \u00abm\u00e1s emocionante\u00bb que la propia prueba moderna. Con su carisma habitual, brome\u00f3 sobre los cortes de tr\u00e1nsito y los baches, prometiendo un show inolvidable para todos los presentes.<\/p>\n<p>NZ<\/p>\n<p>\t\t\t\t\t<!-- tags --><\/p><\/div>\n<p><script async defer crossorigin=\"anonymous\" src=\"https:\/\/connect.facebook.net\/es_LA\/sdk.js#xfbml=1&#038;version=v10.0&#038;appId=2243118389309392&#038;autoLogAppEvents=1\" nonce=\"9rD4vd6X\"><\/script><\/p>\n","protected":false},"excerpt":{"rendered":"<p>El piloto argentino Franco Colapinto comenz\u00f3 a palpitar su esperada exhibici\u00f3n en Buenos Aires durante una conferencia de prensa celebrada en las oficinas de Mercado Libre, en el barrio de Saavedra. Ante una gran expectativa, el corredor confirm\u00f3 que el pr\u00f3ximo domingo 26 de abril cumplir\u00e1 uno de sus grandes sue\u00f1os\u00a0al\u00a0pilotar un F\u00f3rmula 1 en [&hellip;]<\/p>\n","protected":false},"author":2,"featured_media":192833,"comment_status":"closed","ping_status":"closed","sticky":false,"template":"","format":"standard","meta":{"footnotes":""},"categories":[25],"tags":[],"class_list":["post-192832","post","type-post","status-publish","format-standard","has-post-thumbnail","hentry","category-nacionales"],"yoast_head":"<!-- This site is optimized with the Yoast SEO plugin v24.4 - https:\/\/yoast.com\/wordpress\/plugins\/seo\/ -->\n<title>Franco Colapinto en Buenos Aires: el sue\u00f1o de un F1 en casa - GYS NOTICIAS |<\/title>\n<meta name=\"robots\" content=\"index, follow, max-snippet:-1, max-image-preview:large, max-video-preview:-1\" \/>\n<link rel=\"canonical\" href=\"https:\/\/gysfm.com.ar\/inicio\/franco-colapinto-en-buenos-aires-el-sueno-de-un-f1-en-casa\/\" \/>\n<meta property=\"og:locale\" content=\"es_ES\" \/>\n<meta property=\"og:type\" content=\"article\" \/>\n<meta property=\"og:title\" content=\"Franco Colapinto en Buenos Aires: el sue\u00f1o de un F1 en casa - GYS NOTICIAS |\" \/>\n<meta property=\"og:description\" content=\"El piloto argentino Franco Colapinto comenz\u00f3 a palpitar su esperada exhibici\u00f3n en Buenos Aires durante una conferencia de prensa celebrada en las oficinas de Mercado Libre, en el barrio de Saavedra. Ante una gran expectativa, el corredor confirm\u00f3 que el pr\u00f3ximo domingo 26 de abril cumplir\u00e1 uno de sus grandes sue\u00f1os\u00a0al\u00a0pilotar un F\u00f3rmula 1 en [&hellip;]\" \/>\n<meta property=\"og:url\" content=\"https:\/\/gysfm.com.ar\/inicio\/franco-colapinto-en-buenos-aires-el-sueno-de-un-f1-en-casa\/\" \/>\n<meta property=\"og:site_name\" content=\"GYS NOTICIAS |\" \/>\n<meta property=\"article:published_time\" content=\"2026-04-25T02:59:05+00:00\" \/>\n<meta property=\"og:image\" content=\"https:\/\/fotos.perfil.com\/\/2026\/04\/24\/900\/0\/franco-colapinto-en-buenos-aires-2226902.jpg\" \/>\n<meta name=\"author\" content=\"Prensa G&amp;S FM\" \/>\n<meta name=\"twitter:card\" content=\"summary_large_image\" \/>\n<meta name=\"twitter:label1\" content=\"Escrito por\" \/>\n\t<meta name=\"twitter:data1\" content=\"Prensa G&amp;S FM\" \/>\n\t<meta name=\"twitter:label2\" content=\"Tiempo de lectura\" \/>\n\t<meta name=\"twitter:data2\" content=\"2 minutos\" \/>\n<script type=\"application\/ld+json\" class=\"yoast-schema-graph\">{\"@context\":\"https:\/\/schema.org\",\"@graph\":[{\"@type\":\"Article\",\"@id\":\"https:\/\/gysfm.com.ar\/inicio\/franco-colapinto-en-buenos-aires-el-sueno-de-un-f1-en-casa\/#article\",\"isPartOf\":{\"@id\":\"https:\/\/gysfm.com.ar\/inicio\/franco-colapinto-en-buenos-aires-el-sueno-de-un-f1-en-casa\/\"},\"author\":{\"name\":\"Prensa G&amp;S FM\",\"@id\":\"https:\/\/gysfm.com.ar\/inicio\/#\/schema\/person\/3abba7593ef2ad19e1be221d54383dc5\"},\"headline\":\"Franco Colapinto en Buenos Aires: el sue\u00f1o de un F1 en casa\",\"datePublished\":\"2026-04-25T02:59:05+00:00\",\"mainEntityOfPage\":{\"@id\":\"https:\/\/gysfm.com.ar\/inicio\/franco-colapinto-en-buenos-aires-el-sueno-de-un-f1-en-casa\/\"},\"wordCount\":454,\"publisher\":{\"@id\":\"https:\/\/gysfm.com.ar\/inicio\/#organization\"},\"image\":{\"@id\":\"https:\/\/gysfm.com.ar\/inicio\/franco-colapinto-en-buenos-aires-el-sueno-de-un-f1-en-casa\/#primaryimage\"},\"thumbnailUrl\":\"https:\/\/gysfm.com.ar\/inicio\/wp-content\/uploads\/2026\/04\/franco-colapinto-en-buenos-aires-2227130.jpg\",\"articleSection\":[\"NACIONALES\"],\"inLanguage\":\"es\"},{\"@type\":\"WebPage\",\"@id\":\"https:\/\/gysfm.com.ar\/inicio\/franco-colapinto-en-buenos-aires-el-sueno-de-un-f1-en-casa\/\",\"url\":\"https:\/\/gysfm.com.ar\/inicio\/franco-colapinto-en-buenos-aires-el-sueno-de-un-f1-en-casa\/\",\"name\":\"Franco Colapinto en Buenos Aires: el sue\u00f1o de un F1 en casa - GYS NOTICIAS |\",\"isPartOf\":{\"@id\":\"https:\/\/gysfm.com.ar\/inicio\/#website\"},\"primaryImageOfPage\":{\"@id\":\"https:\/\/gysfm.com.ar\/inicio\/franco-colapinto-en-buenos-aires-el-sueno-de-un-f1-en-casa\/#primaryimage\"},\"image\":{\"@id\":\"https:\/\/gysfm.com.ar\/inicio\/franco-colapinto-en-buenos-aires-el-sueno-de-un-f1-en-casa\/#primaryimage\"},\"thumbnailUrl\":\"https:\/\/gysfm.com.ar\/inicio\/wp-content\/uploads\/2026\/04\/franco-colapinto-en-buenos-aires-2227130.jpg\",\"datePublished\":\"2026-04-25T02:59:05+00:00\",\"breadcrumb\":{\"@id\":\"https:\/\/gysfm.com.ar\/inicio\/franco-colapinto-en-buenos-aires-el-sueno-de-un-f1-en-casa\/#breadcrumb\"},\"inLanguage\":\"es\",\"potentialAction\":[{\"@type\":\"ReadAction\",\"target\":[\"https:\/\/gysfm.com.ar\/inicio\/franco-colapinto-en-buenos-aires-el-sueno-de-un-f1-en-casa\/\"]}]},{\"@type\":\"ImageObject\",\"inLanguage\":\"es\",\"@id\":\"https:\/\/gysfm.com.ar\/inicio\/franco-colapinto-en-buenos-aires-el-sueno-de-un-f1-en-casa\/#primaryimage\",\"url\":\"https:\/\/gysfm.com.ar\/inicio\/wp-content\/uploads\/2026\/04\/franco-colapinto-en-buenos-aires-2227130.jpg\",\"contentUrl\":\"https:\/\/gysfm.com.ar\/inicio\/wp-content\/uploads\/2026\/04\/franco-colapinto-en-buenos-aires-2227130.jpg\",\"width\":1140,\"height\":641},{\"@type\":\"BreadcrumbList\",\"@id\":\"https:\/\/gysfm.com.ar\/inicio\/franco-colapinto-en-buenos-aires-el-sueno-de-un-f1-en-casa\/#breadcrumb\",\"itemListElement\":[{\"@type\":\"ListItem\",\"position\":1,\"name\":\"Portada\",\"item\":\"https:\/\/gysfm.com.ar\/inicio\/\"},{\"@type\":\"ListItem\",\"position\":2,\"name\":\"Franco Colapinto en Buenos Aires: el sue\u00f1o de un F1 en casa\"}]},{\"@type\":\"WebSite\",\"@id\":\"https:\/\/gysfm.com.ar\/inicio\/#website\",\"url\":\"https:\/\/gysfm.com.ar\/inicio\/\",\"name\":\"GYS NOTICIAS |\",\"description\":\"DIARIO - RADIO ONLINE SAN JUAN ARGENTINA\",\"publisher\":{\"@id\":\"https:\/\/gysfm.com.ar\/inicio\/#organization\"},\"potentialAction\":[{\"@type\":\"SearchAction\",\"target\":{\"@type\":\"EntryPoint\",\"urlTemplate\":\"https:\/\/gysfm.com.ar\/inicio\/?s={search_term_string}\"},\"query-input\":{\"@type\":\"PropertyValueSpecification\",\"valueRequired\":true,\"valueName\":\"search_term_string\"}}],\"inLanguage\":\"es\"},{\"@type\":\"Organization\",\"@id\":\"https:\/\/gysfm.com.ar\/inicio\/#organization\",\"name\":\"GYS NOTICIAS |\",\"url\":\"https:\/\/gysfm.com.ar\/inicio\/\",\"logo\":{\"@type\":\"ImageObject\",\"inLanguage\":\"es\",\"@id\":\"https:\/\/gysfm.com.ar\/inicio\/#\/schema\/logo\/image\/\",\"url\":\"https:\/\/gysfm.com.ar\/inicio\/wp-content\/uploads\/2023\/07\/LOGOGYS-OK.png\",\"contentUrl\":\"https:\/\/gysfm.com.ar\/inicio\/wp-content\/uploads\/2023\/07\/LOGOGYS-OK.png\",\"width\":1170,\"height\":872,\"caption\":\"GYS NOTICIAS |\"},\"image\":{\"@id\":\"https:\/\/gysfm.com.ar\/inicio\/#\/schema\/logo\/image\/\"}},{\"@type\":\"Person\",\"@id\":\"https:\/\/gysfm.com.ar\/inicio\/#\/schema\/person\/3abba7593ef2ad19e1be221d54383dc5\",\"name\":\"Prensa G&amp;S FM\",\"image\":{\"@type\":\"ImageObject\",\"inLanguage\":\"es\",\"@id\":\"https:\/\/gysfm.com.ar\/inicio\/#\/schema\/person\/image\/\",\"url\":\"https:\/\/secure.gravatar.com\/avatar\/096ec78df02049ab018702bb4ccedf659377fa92a26540b5247612077a0dbd29?s=96&d=mm&r=g\",\"contentUrl\":\"https:\/\/secure.gravatar.com\/avatar\/096ec78df02049ab018702bb4ccedf659377fa92a26540b5247612077a0dbd29?s=96&d=mm&r=g\",\"caption\":\"Prensa G&amp;S FM\"},\"sameAs\":[\"https:\/\/gysfm.com.ar\/\"],\"url\":\"https:\/\/gysfm.com.ar\/inicio\/author\/lucasm\/\"}]}<\/script>\n<!-- \/ Yoast SEO plugin. -->","yoast_head_json":{"title":"Franco Colapinto en Buenos Aires: el sue\u00f1o de un F1 en casa - GYS NOTICIAS |","robots":{"index":"index","follow":"follow","max-snippet":"max-snippet:-1","max-image-preview":"max-image-preview:large","max-video-preview":"max-video-preview:-1"},"canonical":"https:\/\/gysfm.com.ar\/inicio\/franco-colapinto-en-buenos-aires-el-sueno-de-un-f1-en-casa\/","og_locale":"es_ES","og_type":"article","og_title":"Franco Colapinto en Buenos Aires: el sue\u00f1o de un F1 en casa - GYS NOTICIAS |","og_description":"El piloto argentino Franco Colapinto comenz\u00f3 a palpitar su esperada exhibici\u00f3n en Buenos Aires durante una conferencia de prensa celebrada en las oficinas de Mercado Libre, en el barrio de Saavedra. Ante una gran expectativa, el corredor confirm\u00f3 que el pr\u00f3ximo domingo 26 de abril cumplir\u00e1 uno de sus grandes sue\u00f1os\u00a0al\u00a0pilotar un F\u00f3rmula 1 en [&hellip;]","og_url":"https:\/\/gysfm.com.ar\/inicio\/franco-colapinto-en-buenos-aires-el-sueno-de-un-f1-en-casa\/","og_site_name":"GYS NOTICIAS |","article_published_time":"2026-04-25T02:59:05+00:00","og_image":[{"url":"https:\/\/fotos.perfil.com\/\/2026\/04\/24\/900\/0\/franco-colapinto-en-buenos-aires-2226902.jpg","type":"","width":"","height":""}],"author":"Prensa G&amp;S FM","twitter_card":"summary_large_image","twitter_misc":{"Escrito por":"Prensa G&amp;S FM","Tiempo de lectura":"2 minutos"},"schema":{"@context":"https:\/\/schema.org","@graph":[{"@type":"Article","@id":"https:\/\/gysfm.com.ar\/inicio\/franco-colapinto-en-buenos-aires-el-sueno-de-un-f1-en-casa\/#article","isPartOf":{"@id":"https:\/\/gysfm.com.ar\/inicio\/franco-colapinto-en-buenos-aires-el-sueno-de-un-f1-en-casa\/"},"author":{"name":"Prensa G&amp;S FM","@id":"https:\/\/gysfm.com.ar\/inicio\/#\/schema\/person\/3abba7593ef2ad19e1be221d54383dc5"},"headline":"Franco Colapinto en Buenos Aires: el sue\u00f1o de un F1 en casa","datePublished":"2026-04-25T02:59:05+00:00","mainEntityOfPage":{"@id":"https:\/\/gysfm.com.ar\/inicio\/franco-colapinto-en-buenos-aires-el-sueno-de-un-f1-en-casa\/"},"wordCount":454,"publisher":{"@id":"https:\/\/gysfm.com.ar\/inicio\/#organization"},"image":{"@id":"https:\/\/gysfm.com.ar\/inicio\/franco-colapinto-en-buenos-aires-el-sueno-de-un-f1-en-casa\/#primaryimage"},"thumbnailUrl":"https:\/\/gysfm.com.ar\/inicio\/wp-content\/uploads\/2026\/04\/franco-colapinto-en-buenos-aires-2227130.jpg","articleSection":["NACIONALES"],"inLanguage":"es"},{"@type":"WebPage","@id":"https:\/\/gysfm.com.ar\/inicio\/franco-colapinto-en-buenos-aires-el-sueno-de-un-f1-en-casa\/","url":"https:\/\/gysfm.com.ar\/inicio\/franco-colapinto-en-buenos-aires-el-sueno-de-un-f1-en-casa\/","name":"Franco Colapinto en Buenos Aires: el sue\u00f1o de un F1 en casa - GYS NOTICIAS |","isPartOf":{"@id":"https:\/\/gysfm.com.ar\/inicio\/#website"},"primaryImageOfPage":{"@id":"https:\/\/gysfm.com.ar\/inicio\/franco-colapinto-en-buenos-aires-el-sueno-de-un-f1-en-casa\/#primaryimage"},"image":{"@id":"https:\/\/gysfm.com.ar\/inicio\/franco-colapinto-en-buenos-aires-el-sueno-de-un-f1-en-casa\/#primaryimage"},"thumbnailUrl":"https:\/\/gysfm.com.ar\/inicio\/wp-content\/uploads\/2026\/04\/franco-colapinto-en-buenos-aires-2227130.jpg","datePublished":"2026-04-25T02:59:05+00:00","breadcrumb":{"@id":"https:\/\/gysfm.com.ar\/inicio\/franco-colapinto-en-buenos-aires-el-sueno-de-un-f1-en-casa\/#breadcrumb"},"inLanguage":"es","potentialAction":[{"@type":"ReadAction","target":["https:\/\/gysfm.com.ar\/inicio\/franco-colapinto-en-buenos-aires-el-sueno-de-un-f1-en-casa\/"]}]},{"@type":"ImageObject","inLanguage":"es","@id":"https:\/\/gysfm.com.ar\/inicio\/franco-colapinto-en-buenos-aires-el-sueno-de-un-f1-en-casa\/#primaryimage","url":"https:\/\/gysfm.com.ar\/inicio\/wp-content\/uploads\/2026\/04\/franco-colapinto-en-buenos-aires-2227130.jpg","contentUrl":"https:\/\/gysfm.com.ar\/inicio\/wp-content\/uploads\/2026\/04\/franco-colapinto-en-buenos-aires-2227130.jpg","width":1140,"height":641},{"@type":"BreadcrumbList","@id":"https:\/\/gysfm.com.ar\/inicio\/franco-colapinto-en-buenos-aires-el-sueno-de-un-f1-en-casa\/#breadcrumb","itemListElement":[{"@type":"ListItem","position":1,"name":"Portada","item":"https:\/\/gysfm.com.ar\/inicio\/"},{"@type":"ListItem","position":2,"name":"Franco Colapinto en Buenos Aires: el sue\u00f1o de un F1 en casa"}]},{"@type":"WebSite","@id":"https:\/\/gysfm.com.ar\/inicio\/#website","url":"https:\/\/gysfm.com.ar\/inicio\/","name":"GYS NOTICIAS |","description":"DIARIO - RADIO ONLINE SAN JUAN ARGENTINA","publisher":{"@id":"https:\/\/gysfm.com.ar\/inicio\/#organization"},"potentialAction":[{"@type":"SearchAction","target":{"@type":"EntryPoint","urlTemplate":"https:\/\/gysfm.com.ar\/inicio\/?s={search_term_string}"},"query-input":{"@type":"PropertyValueSpecification","valueRequired":true,"valueName":"search_term_string"}}],"inLanguage":"es"},{"@type":"Organization","@id":"https:\/\/gysfm.com.ar\/inicio\/#organization","name":"GYS NOTICIAS |","url":"https:\/\/gysfm.com.ar\/inicio\/","logo":{"@type":"ImageObject","inLanguage":"es","@id":"https:\/\/gysfm.com.ar\/inicio\/#\/schema\/logo\/image\/","url":"https:\/\/gysfm.com.ar\/inicio\/wp-content\/uploads\/2023\/07\/LOGOGYS-OK.png","contentUrl":"https:\/\/gysfm.com.ar\/inicio\/wp-content\/uploads\/2023\/07\/LOGOGYS-OK.png","width":1170,"height":872,"caption":"GYS NOTICIAS |"},"image":{"@id":"https:\/\/gysfm.com.ar\/inicio\/#\/schema\/logo\/image\/"}},{"@type":"Person","@id":"https:\/\/gysfm.com.ar\/inicio\/#\/schema\/person\/3abba7593ef2ad19e1be221d54383dc5","name":"Prensa G&amp;S FM","image":{"@type":"ImageObject","inLanguage":"es","@id":"https:\/\/gysfm.com.ar\/inicio\/#\/schema\/person\/image\/","url":"https:\/\/secure.gravatar.com\/avatar\/096ec78df02049ab018702bb4ccedf659377fa92a26540b5247612077a0dbd29?s=96&d=mm&r=g","contentUrl":"https:\/\/secure.gravatar.com\/avatar\/096ec78df02049ab018702bb4ccedf659377fa92a26540b5247612077a0dbd29?s=96&d=mm&r=g","caption":"Prensa G&amp;S FM"},"sameAs":["https:\/\/gysfm.com.ar\/"],"url":"https:\/\/gysfm.com.ar\/inicio\/author\/lucasm\/"}]}},"_links":{"self":[{"href":"https:\/\/gysfm.com.ar\/inicio\/wp-json\/wp\/v2\/posts\/192832","targetHints":{"allow":["GET"]}}],"collection":[{"href":"https:\/\/gysfm.com.ar\/inicio\/wp-json\/wp\/v2\/posts"}],"about":[{"href":"https:\/\/gysfm.com.ar\/inicio\/wp-json\/wp\/v2\/types\/post"}],"author":[{"embeddable":true,"href":"https:\/\/gysfm.com.ar\/inicio\/wp-json\/wp\/v2\/users\/2"}],"replies":[{"embeddable":true,"href":"https:\/\/gysfm.com.ar\/inicio\/wp-json\/wp\/v2\/comments?post=192832"}],"version-history":[{"count":0,"href":"https:\/\/gysfm.com.ar\/inicio\/wp-json\/wp\/v2\/posts\/192832\/revisions"}],"wp:featuredmedia":[{"embeddable":true,"href":"https:\/\/gysfm.com.ar\/inicio\/wp-json\/wp\/v2\/media\/192833"}],"wp:attachment":[{"href":"https:\/\/gysfm.com.ar\/inicio\/wp-json\/wp\/v2\/media?parent=192832"}],"wp:term":[{"taxonomy":"category","embeddable":true,"href":"https:\/\/gysfm.com.ar\/inicio\/wp-json\/wp\/v2\/categories?post=192832"},{"taxonomy":"post_tag","embeddable":true,"href":"https:\/\/gysfm.com.ar\/inicio\/wp-json\/wp\/v2\/tags?post=192832"}],"curies":[{"name":"wp","href":"https:\/\/api.w.org\/{rel}","templated":true}]}}