{"id":192830,"date":"2026-04-24T23:28:25","date_gmt":"2026-04-25T02:28:25","guid":{"rendered":"https:\/\/gysfm.com.ar\/inicio\/el-gobierno-convoca-una-licitacion-privada-para-remodelar-la-terminal-de-retiro\/"},"modified":"2026-04-24T23:28:25","modified_gmt":"2026-04-25T02:28:25","slug":"el-gobierno-convoca-una-licitacion-privada-para-remodelar-la-terminal-de-retiro","status":"publish","type":"post","link":"https:\/\/gysfm.com.ar\/inicio\/el-gobierno-convoca-una-licitacion-privada-para-remodelar-la-terminal-de-retiro\/","title":{"rendered":"El Gobierno convoca una licitaci\u00f3n privada para remodelar la terminal de Retiro"},"content":{"rendered":"<p><\/p>\n<div id=\"article-content\">\n<p>El Gobierno nacional avanz\u00f3 con una nueva <a target=\"_blank\" href=\"https:\/\/www.perfil.com\/noticias\/economia\/el-gobierno-se-apura-a-privatizar-el-agua-el-gas-y-la-luz-para-enviar-una-senal-a-wall-street-a40.phtml\">licitaci\u00f3n <\/a>para la <strong>remodelaci\u00f3n integral de la T<a target=\"_blank\" href=\"https:\/\/weekend.perfil.com\/noticias\/informativo\/trenes-de-larga-distancia-rigen-nuevos-horarios-para-el-ramal-retiro-rosario.phtml\">erminal de \u00d3mnibus de Retiro<\/a><\/strong>, la principal estaci\u00f3n terrestre de larga distancia del pa\u00eds. La medida, oficializada a trav\u00e9s de<a target=\"_blank\" href=\"https:\/\/www.boletinoficial.gob.ar\/detalleAviso\/primera\/341112\/20260424\">l <strong>Decreto 273\/2026<\/strong><\/a>, declara de inter\u00e9s p\u00fablico una iniciativa privada y habilita al Ministerio de Econom\u00eda a convocar a licitaci\u00f3n p\u00fablica bajo un esquema de <strong>concesi\u00f3n con financiamiento 100% privado<\/strong>.<\/p>\n<p class=\"destacadoNota\"><a target=\"_blank\" href=\"https:\/\/www.perfil.com\/noticias\/canal-e\/mujeres-al-volante-del-transporte-pesado-la-apuesta-por-mas-diversidad-en-logistica.phtml\">Mujeres al volante del transporte pesado: la apuesta por m\u00e1s diversidad en log\u00edstica<\/a><\/p>\n<p>En la termina<strong>l circulan entre 10 y 12 millones de pasajeros al a\u00f1o con picos de hasta 2 millones mensuales en temporada alt<\/strong>a y opera m\u00e1s de 300 mil servicios anuales que conectan la Ciudad de Buenos Aires con todo el territorio nacional y pa\u00edses lim\u00edtrofes.<\/p>\n<p style=\"text-align:center\"><picture><source media=\"(max-width: 440px)\" srcset=\"https:\/\/fotos.perfil.com\/\/2026\/04\/24\/440\/0\/posteo-luis-caputo-24042026-2226782.jpg?webp\"\/><source media=\"(max-width: 1019px)\" srcset=\"https:\/\/fotos.perfil.com\/\/2026\/04\/24\/712\/0\/posteo-luis-caputo-24042026-2226782.jpg?webp\"\/><img decoding=\"async\" style=\"max-width: 100%; width: 100%;\" alt=\"Posteo Luis Caputo 24042026\" src=\"https:\/\/fotos.perfil.com\/\/2026\/04\/24\/900\/0\/posteo-luis-caputo-24042026-2226782.jpg?webp\" loading=\"lazy\"\/><\/picture><\/p>\n<p>El anuncio fue difundido por e<a target=\"_blank\" href=\"https:\/\/www.perfil.com\/noticias\/canal-e\/roberto-cachanosky-hoy-el-banco-central-es-como-una-especie-de-secretaria-del-ministerio-de-economia.phtml\">l Ministerio de Econom\u00eda<\/a> y tambi\u00e9n replicado por el ministro <strong>Luis Caputo<\/strong> en sus redes sociales, en l\u00ednea con el mensaje oficial de reemplazar obras financiadas por el Estado por proyectos sostenidos por capital privado. El <strong>Gobierno busca presentar el caso Retiro como parte de una nueva etapa en infraestructura<\/strong>: inversi\u00f3n privada, competencia en la licitaci\u00f3n, canon para el Estado y continuidad del servicio durante la transici\u00f3n.<\/p>\n<p>Seg\u00fan el texto oficial, la iniciativa apunta a poner fin a \u201cm\u00e1s de 30 a\u00f1os de atraso y decadencia\u201d en la terminal y a modernizar una infraestructura clave para el transporte de pasajeros. Por Retiro circulan entre <strong>10 y 12 millones de personas por a\u00f1o<\/strong>, con picos de hasta <strong>2 millones mensuales<\/strong> en temporada alta, y se operan m\u00e1s de <strong>300.000 servicios anuales<\/strong> que conectan la Ciudad de Buenos Aires con el resto del pa\u00eds y con destinos internacionales lim\u00edtrofes.<\/p>\n<p style=\"text-align:center\"><picture><source media=\"(max-width: 440px)\" srcset=\"https:\/\/fotos.perfil.com\/\/2026\/04\/24\/440\/0\/posteo-ministerio-de-economia-24042026-2226783.jpg?webp\"\/><source media=\"(max-width: 1019px)\" srcset=\"https:\/\/fotos.perfil.com\/\/2026\/04\/24\/712\/0\/posteo-ministerio-de-economia-24042026-2226783.jpg?webp\"\/><img decoding=\"async\" style=\"max-width: 100%; width: 100%;\" alt=\"Posteo Ministerio de Econom\u00eda 24042026\" src=\"https:\/\/fotos.perfil.com\/\/2026\/04\/24\/900\/0\/posteo-ministerio-de-economia-24042026-2226783.jpg?webp\" loading=\"lazy\"\/><\/picture><\/p>\n<p>El decreto publicado en el Bolet\u00edn Oficial precisa que la iniciativa privada fue presentada por <strong>Inverlat Investments S.A., Service Trade S.A., Inversiones Peirod S.A. y BV Investment S.A.<\/strong>. El proyecto se denomina \u201cObra de remodelaci\u00f3n, transformaci\u00f3n, puesta en valor, operaci\u00f3n, administraci\u00f3n y explotaci\u00f3n comercial del centro de transporte de \u00f3mnibus de pasajeros de Retiro y sus usos anexos\u201d.<\/p>\n<h2><strong>Qu\u00e9 obras se prev\u00e9n en la Terminal de Retiro<\/strong><\/h2>\n<p>El plan incluye el <strong>reacondicionamiento, modernizaci\u00f3n y ampliaci\u00f3n<\/strong> de la terminal, adem\u00e1s de l<strong>a mejora de los servicios de administraci\u00f3n, mantenimiento y operaci\u00f3n<\/strong>. Tambi\u00e9n se prev\u00e9 la incorporaci\u00f3n de nuevas d\u00e1rsenas, la optimizaci\u00f3n de la circulaci\u00f3n interna, la mejora de la seguridad y el desarrollo de espacios complementarios que ser\u00e1n definidos durante el proceso licitatorio.<\/p>\n<p>En los considerandos del decreto, el Gobierno sostiene que la propuesta busca transformar la Estaci\u00f3n Terminal de \u00d3mnibus Retiro en un \u201cpolo intermodal eficiente, accesible y contempor\u00e1neo\u201d, con una reconfiguraci\u00f3n funcional, nuevos servicios y una mejor integraci\u00f3n urbana. Tambi\u00e9n <strong>se menciona el objetivo de incrementar el flujo de personas y mercader\u00edas a trav\u00e9s de obras, servicios complementarios y explotaci\u00f3n de \u00e1reas rentables.<\/strong><\/p>\n<p>La concesi\u00f3n ser\u00e1 por <strong>30 a\u00f1os<\/strong>. Durante ese per\u00edodo, el adjudicatario deber\u00e1 asumir la totalidad de la inversi\u00f3n y la operaci\u00f3n del sistema, percibir\u00e1 los ingresos derivados de la explotaci\u00f3n comercial y abonar\u00e1 un <strong>canon mensual al Estado nacional<\/strong>. El Ministerio de Econom\u00eda tendr\u00e1 a su cargo la elaboraci\u00f3n de los pliegos, la convocatoria a licitaci\u00f3n y la adjudicaci\u00f3n.<\/p>\n<h2><strong>El antecedente TEBA y una concesi\u00f3n vencida<\/strong><\/h2>\n<p>Uno de los puntos m\u00e1s sensibles del anuncio es el antecedente de la actual concesi\u00f3n. La Terminal de Retiro es operada desde <strong>1993<\/strong> por <strong>TEBA S.A.<\/strong>, empresa hist\u00f3ricamente vinculada a <strong>N\u00e9stor Otero<\/strong>. El contrato original venc\u00eda en 2005, luego fue prorrogado en forma directa hasta 2015 y, desde entonces, la operaci\u00f3n continu\u00f3 bajo distintos esquemas transitorios.<\/p>\n<p style=\"text-align:center\"><picture><source media=\"(max-width: 440px)\" srcset=\"https:\/\/fotos.perfil.com\/\/2026\/04\/24\/440\/0\/terminal-de-omnibus-retiro-24042026-2226784.jpg?webp\"\/><source media=\"(max-width: 1019px)\" srcset=\"https:\/\/fotos.perfil.com\/\/2026\/04\/24\/712\/0\/terminal-de-omnibus-retiro-24042026-2226784.jpg?webp\"\/><img decoding=\"async\" style=\"max-width: 100%; width: 100%;\" alt=\"Terminal de \u00f3mnibus Retiro 24042026\" src=\"https:\/\/fotos.perfil.com\/\/2026\/04\/24\/900\/0\/terminal-de-omnibus-retiro-24042026-2226784.jpg?webp\" loading=\"lazy\"\/><\/picture><\/p>\n<p>El Gobierno sostiene que esa situaci\u00f3n deriv\u00f3 en un deterioro progresivo del servicio, con deficiencias de infraestructura, problemas de mantenimiento, falta de iluminaci\u00f3n, fallas de seguridad y condiciones insuficientes de confort para los usuarios. En paralelo, el comunicado oficial remarca que distintos gobiernos intentaron avanzar con nuevas licitaciones, pero no lograron concretarlas.<\/p>\n<p class=\"destacadoNota\"><a target=\"_blank\" href=\"https:\/\/www.perfil.com\/noticias\/sociedad\/micros-de-larga-distancia-nuevo-regimen-obliga-a-registrar-el-equipaje-por-pasajero.phtml\">Micros de larga distancia: qu\u00e9 cambia con el nuevo registro obligatorio del equipaje<\/a><\/p>\n<p>El decreto tambi\u00e9n dispone la derogaci\u00f3n del llamado licitatorio de 2015 y establece que el operador actual continuar\u00e1 prestando el servicio en las condiciones vigentes hasta que el nuevo adjudicatario asuma formalmente la concesi\u00f3n.<\/p>\n<h2><strong>Caputo y la estrategia de infraestructura privada<\/strong><\/h2>\n<p>El mensaje de Caputo en redes se inscribe en una l\u00ednea que el ministro viene repitiendo para distintas \u00e1reas de infraestructura: <a target=\"_blank\" href=\"https:\/\/www.perfil.com\/noticias\/economia\/el-gobierno-se-apura-a-privatizar-el-agua-el-gas-y-la-luz-para-enviar-una-senal-a-wall-street-a40.phtml\">sustituir el modelo de obra p\u00fablica financiada con recursos presupuestarios por esquemas de concesi\u00f3n, inversi\u00f3n privada<\/a> y pago de c\u00e1nones o explotaci\u00f3n comercial. En este caso, Econom\u00eda remarc\u00f3 que el proyecto no demandar\u00e1 financiamiento del Tesoro y que apunta a generar previsibilidad para grandes inversiones.<\/p>\n<p>La lectura econ\u00f3mica del Gobierno es que el ordenamiento macroecon\u00f3mico permitir\u00eda recuperar confianza para encarar proyectos de gran escala sin comprometer recursos fiscales. El comunicado oficial sostuvo que la posibilidad de avanzar con financiamiento privado es consecuencia de la estabilizaci\u00f3n de variables econ\u00f3micas y de reglas claras para la inversi\u00f3n.<\/p>\n<p class=\"destacadoNota\"><a target=\"_blank\" href=\"https:\/\/www.perfil.com\/noticias\/amp\/sociedad\/golpe-al-bolsillo-y-esperas-eternas-la-crisis-del-combustible-saco-de-circulacion-al-40-de-los-colectivos-en-el-amba.phtml\">La crisis del combustible sac\u00f3 de circulaci\u00f3n al 40% de los colectivos en el AMBA<\/a><\/p>\n<p>En la pr\u00e1ctica, la nueva licitaci\u00f3n de Retiro ser\u00e1 una prueba para ese modelo. El proceso deber\u00e1 mostrar si el sector privado convalida la ecuaci\u00f3n econ\u00f3mica de la concesi\u00f3n, qu\u00e9 nivel de inversi\u00f3n compromete, c\u00f3mo se actualizar\u00e1 el canon y qu\u00e9 impacto tendr\u00e1 la explotaci\u00f3n comercial de una terminal que funciona como nodo estrat\u00e9gico de pasajeros, encomiendas y servicios.<\/p>\n<h2><strong>Qu\u00e9 falta para que avance la licitaci\u00f3n<\/strong><\/h2>\n<p>A partir de la declaraci\u00f3n de inter\u00e9s p\u00fablico, el Ministerio de Econom\u00eda deber\u00e1 avanzar con los pliegos t\u00e9cnicos, econ\u00f3micos y jur\u00eddicos, convocar a licitaci\u00f3n y definir las condiciones de adjudicaci\u00f3n. El Bolet\u00edn Oficial establece que tambi\u00e9n deber\u00e1 intervenir el Gobierno de la Ciudad de Buenos Aires para expedirse sobre la viabilidad urban\u00edstica de las obras proyectadas.<\/p>\n<p>Mientras tanto, el servicio deber\u00e1 mantenerse sin interrupciones. El Gobierno asegur\u00f3 que la transici\u00f3n se har\u00e1 con continuidad operativa hasta que se adjudique la nueva concesi\u00f3n. Para millones de pasajeros que utilizan Retiro cada a\u00f1o, el principal interrogante ser\u00e1 si la futura inversi\u00f3n se traducir\u00e1 en mejoras concretas: mayor seguridad, instalaciones renovadas, mejor circulaci\u00f3n, m\u00e1s d\u00e1rsenas, servicios adecuados y una terminal integrada al entorno urbano.<\/p>\n<p>lr\/fl<\/p>\n<\/p><\/div>\n<p><script>\n                !function(f,b,e,v,n,t,s)\n                {if(f.fbq)return;n=f.fbq=function(){n.callMethod?\n                    n.callMethod.apply(n,arguments):n.queue.push(arguments)};\n                    if(!f._fbq)f._fbq=n;n.push=n;n.loaded=!0;n.version='2.0';\n                    n.queue=[];t=b.createElement(e);t.async=!0;\n                    t.src=v;s=b.getElementsByTagName(e)[0];\n                    s.parentNode.insertBefore(t,s)}(window, document,'script',\n                    'https:\/\/connect.facebook.net\/en_US\/fbevents.js');\n                window.paywallConfig.facebook_pixel=\"1000228364089342\"\n            <\/script><\/p>\n","protected":false},"excerpt":{"rendered":"<p>El Gobierno nacional avanz\u00f3 con una nueva licitaci\u00f3n para la remodelaci\u00f3n integral de la Terminal de \u00d3mnibus de Retiro, la principal estaci\u00f3n terrestre de larga distancia del pa\u00eds. La medida, oficializada a trav\u00e9s del Decreto 273\/2026, declara de inter\u00e9s p\u00fablico una iniciativa privada y habilita al Ministerio de Econom\u00eda a convocar a licitaci\u00f3n p\u00fablica bajo [&hellip;]<\/p>\n","protected":false},"author":2,"featured_media":192831,"comment_status":"closed","ping_status":"closed","sticky":false,"template":"","format":"standard","meta":{"footnotes":""},"categories":[25],"tags":[],"class_list":["post-192830","post","type-post","status-publish","format-standard","has-post-thumbnail","hentry","category-nacionales"],"yoast_head":"<!-- This site is optimized with the Yoast SEO plugin v24.4 - https:\/\/yoast.com\/wordpress\/plugins\/seo\/ -->\n<title>El Gobierno convoca una licitaci\u00f3n privada para remodelar la terminal de Retiro - GYS NOTICIAS |<\/title>\n<meta name=\"robots\" content=\"index, follow, max-snippet:-1, max-image-preview:large, max-video-preview:-1\" \/>\n<link rel=\"canonical\" href=\"https:\/\/gysfm.com.ar\/inicio\/el-gobierno-convoca-una-licitacion-privada-para-remodelar-la-terminal-de-retiro\/\" \/>\n<meta property=\"og:locale\" content=\"es_ES\" \/>\n<meta property=\"og:type\" content=\"article\" \/>\n<meta property=\"og:title\" content=\"El Gobierno convoca una licitaci\u00f3n privada para remodelar la terminal de Retiro - GYS NOTICIAS |\" \/>\n<meta property=\"og:description\" content=\"El Gobierno nacional avanz\u00f3 con una nueva licitaci\u00f3n para la remodelaci\u00f3n integral de la Terminal de \u00d3mnibus de Retiro, la principal estaci\u00f3n terrestre de larga distancia del pa\u00eds. La medida, oficializada a trav\u00e9s del Decreto 273\/2026, declara de inter\u00e9s p\u00fablico una iniciativa privada y habilita al Ministerio de Econom\u00eda a convocar a licitaci\u00f3n p\u00fablica bajo [&hellip;]\" \/>\n<meta property=\"og:url\" content=\"https:\/\/gysfm.com.ar\/inicio\/el-gobierno-convoca-una-licitacion-privada-para-remodelar-la-terminal-de-retiro\/\" \/>\n<meta property=\"og:site_name\" content=\"GYS NOTICIAS |\" \/>\n<meta property=\"article:published_time\" content=\"2026-04-25T02:28:25+00:00\" \/>\n<meta property=\"og:image\" content=\"https:\/\/fotos.perfil.com\/\/2026\/04\/24\/900\/0\/posteo-luis-caputo-24042026-2226782.jpg?webp\" \/>\n<meta name=\"author\" content=\"Prensa G&amp;S FM\" \/>\n<meta name=\"twitter:card\" content=\"summary_large_image\" \/>\n<meta name=\"twitter:label1\" content=\"Escrito por\" \/>\n\t<meta name=\"twitter:data1\" content=\"Prensa G&amp;S FM\" \/>\n\t<meta name=\"twitter:label2\" content=\"Tiempo de lectura\" \/>\n\t<meta name=\"twitter:data2\" content=\"6 minutos\" \/>\n<script type=\"application\/ld+json\" class=\"yoast-schema-graph\">{\"@context\":\"https:\/\/schema.org\",\"@graph\":[{\"@type\":\"Article\",\"@id\":\"https:\/\/gysfm.com.ar\/inicio\/el-gobierno-convoca-una-licitacion-privada-para-remodelar-la-terminal-de-retiro\/#article\",\"isPartOf\":{\"@id\":\"https:\/\/gysfm.com.ar\/inicio\/el-gobierno-convoca-una-licitacion-privada-para-remodelar-la-terminal-de-retiro\/\"},\"author\":{\"name\":\"Prensa G&amp;S FM\",\"@id\":\"https:\/\/gysfm.com.ar\/inicio\/#\/schema\/person\/3abba7593ef2ad19e1be221d54383dc5\"},\"headline\":\"El Gobierno convoca una licitaci\u00f3n privada para remodelar la terminal de Retiro\",\"datePublished\":\"2026-04-25T02:28:25+00:00\",\"mainEntityOfPage\":{\"@id\":\"https:\/\/gysfm.com.ar\/inicio\/el-gobierno-convoca-una-licitacion-privada-para-remodelar-la-terminal-de-retiro\/\"},\"wordCount\":1128,\"publisher\":{\"@id\":\"https:\/\/gysfm.com.ar\/inicio\/#organization\"},\"image\":{\"@id\":\"https:\/\/gysfm.com.ar\/inicio\/el-gobierno-convoca-una-licitacion-privada-para-remodelar-la-terminal-de-retiro\/#primaryimage\"},\"thumbnailUrl\":\"https:\/\/gysfm.com.ar\/inicio\/wp-content\/uploads\/2026\/04\/micro-la-plata-retiro-18112025-2139446.jpg\",\"articleSection\":[\"NACIONALES\"],\"inLanguage\":\"es\"},{\"@type\":\"WebPage\",\"@id\":\"https:\/\/gysfm.com.ar\/inicio\/el-gobierno-convoca-una-licitacion-privada-para-remodelar-la-terminal-de-retiro\/\",\"url\":\"https:\/\/gysfm.com.ar\/inicio\/el-gobierno-convoca-una-licitacion-privada-para-remodelar-la-terminal-de-retiro\/\",\"name\":\"El Gobierno convoca una licitaci\u00f3n privada para remodelar la terminal de Retiro - GYS NOTICIAS |\",\"isPartOf\":{\"@id\":\"https:\/\/gysfm.com.ar\/inicio\/#website\"},\"primaryImageOfPage\":{\"@id\":\"https:\/\/gysfm.com.ar\/inicio\/el-gobierno-convoca-una-licitacion-privada-para-remodelar-la-terminal-de-retiro\/#primaryimage\"},\"image\":{\"@id\":\"https:\/\/gysfm.com.ar\/inicio\/el-gobierno-convoca-una-licitacion-privada-para-remodelar-la-terminal-de-retiro\/#primaryimage\"},\"thumbnailUrl\":\"https:\/\/gysfm.com.ar\/inicio\/wp-content\/uploads\/2026\/04\/micro-la-plata-retiro-18112025-2139446.jpg\",\"datePublished\":\"2026-04-25T02:28:25+00:00\",\"breadcrumb\":{\"@id\":\"https:\/\/gysfm.com.ar\/inicio\/el-gobierno-convoca-una-licitacion-privada-para-remodelar-la-terminal-de-retiro\/#breadcrumb\"},\"inLanguage\":\"es\",\"potentialAction\":[{\"@type\":\"ReadAction\",\"target\":[\"https:\/\/gysfm.com.ar\/inicio\/el-gobierno-convoca-una-licitacion-privada-para-remodelar-la-terminal-de-retiro\/\"]}]},{\"@type\":\"ImageObject\",\"inLanguage\":\"es\",\"@id\":\"https:\/\/gysfm.com.ar\/inicio\/el-gobierno-convoca-una-licitacion-privada-para-remodelar-la-terminal-de-retiro\/#primaryimage\",\"url\":\"https:\/\/gysfm.com.ar\/inicio\/wp-content\/uploads\/2026\/04\/micro-la-plata-retiro-18112025-2139446.jpg\",\"contentUrl\":\"https:\/\/gysfm.com.ar\/inicio\/wp-content\/uploads\/2026\/04\/micro-la-plata-retiro-18112025-2139446.jpg\",\"width\":1140,\"height\":641},{\"@type\":\"BreadcrumbList\",\"@id\":\"https:\/\/gysfm.com.ar\/inicio\/el-gobierno-convoca-una-licitacion-privada-para-remodelar-la-terminal-de-retiro\/#breadcrumb\",\"itemListElement\":[{\"@type\":\"ListItem\",\"position\":1,\"name\":\"Portada\",\"item\":\"https:\/\/gysfm.com.ar\/inicio\/\"},{\"@type\":\"ListItem\",\"position\":2,\"name\":\"El Gobierno convoca una licitaci\u00f3n privada para remodelar la terminal de Retiro\"}]},{\"@type\":\"WebSite\",\"@id\":\"https:\/\/gysfm.com.ar\/inicio\/#website\",\"url\":\"https:\/\/gysfm.com.ar\/inicio\/\",\"name\":\"GYS NOTICIAS |\",\"description\":\"DIARIO - RADIO ONLINE SAN JUAN ARGENTINA\",\"publisher\":{\"@id\":\"https:\/\/gysfm.com.ar\/inicio\/#organization\"},\"potentialAction\":[{\"@type\":\"SearchAction\",\"target\":{\"@type\":\"EntryPoint\",\"urlTemplate\":\"https:\/\/gysfm.com.ar\/inicio\/?s={search_term_string}\"},\"query-input\":{\"@type\":\"PropertyValueSpecification\",\"valueRequired\":true,\"valueName\":\"search_term_string\"}}],\"inLanguage\":\"es\"},{\"@type\":\"Organization\",\"@id\":\"https:\/\/gysfm.com.ar\/inicio\/#organization\",\"name\":\"GYS NOTICIAS |\",\"url\":\"https:\/\/gysfm.com.ar\/inicio\/\",\"logo\":{\"@type\":\"ImageObject\",\"inLanguage\":\"es\",\"@id\":\"https:\/\/gysfm.com.ar\/inicio\/#\/schema\/logo\/image\/\",\"url\":\"https:\/\/gysfm.com.ar\/inicio\/wp-content\/uploads\/2023\/07\/LOGOGYS-OK.png\",\"contentUrl\":\"https:\/\/gysfm.com.ar\/inicio\/wp-content\/uploads\/2023\/07\/LOGOGYS-OK.png\",\"width\":1170,\"height\":872,\"caption\":\"GYS NOTICIAS |\"},\"image\":{\"@id\":\"https:\/\/gysfm.com.ar\/inicio\/#\/schema\/logo\/image\/\"}},{\"@type\":\"Person\",\"@id\":\"https:\/\/gysfm.com.ar\/inicio\/#\/schema\/person\/3abba7593ef2ad19e1be221d54383dc5\",\"name\":\"Prensa G&amp;S FM\",\"image\":{\"@type\":\"ImageObject\",\"inLanguage\":\"es\",\"@id\":\"https:\/\/gysfm.com.ar\/inicio\/#\/schema\/person\/image\/\",\"url\":\"https:\/\/secure.gravatar.com\/avatar\/096ec78df02049ab018702bb4ccedf659377fa92a26540b5247612077a0dbd29?s=96&d=mm&r=g\",\"contentUrl\":\"https:\/\/secure.gravatar.com\/avatar\/096ec78df02049ab018702bb4ccedf659377fa92a26540b5247612077a0dbd29?s=96&d=mm&r=g\",\"caption\":\"Prensa G&amp;S FM\"},\"sameAs\":[\"https:\/\/gysfm.com.ar\/\"],\"url\":\"https:\/\/gysfm.com.ar\/inicio\/author\/lucasm\/\"}]}<\/script>\n<!-- \/ Yoast SEO plugin. -->","yoast_head_json":{"title":"El Gobierno convoca una licitaci\u00f3n privada para remodelar la terminal de Retiro - GYS NOTICIAS |","robots":{"index":"index","follow":"follow","max-snippet":"max-snippet:-1","max-image-preview":"max-image-preview:large","max-video-preview":"max-video-preview:-1"},"canonical":"https:\/\/gysfm.com.ar\/inicio\/el-gobierno-convoca-una-licitacion-privada-para-remodelar-la-terminal-de-retiro\/","og_locale":"es_ES","og_type":"article","og_title":"El Gobierno convoca una licitaci\u00f3n privada para remodelar la terminal de Retiro - GYS NOTICIAS |","og_description":"El Gobierno nacional avanz\u00f3 con una nueva licitaci\u00f3n para la remodelaci\u00f3n integral de la Terminal de \u00d3mnibus de Retiro, la principal estaci\u00f3n terrestre de larga distancia del pa\u00eds. La medida, oficializada a trav\u00e9s del Decreto 273\/2026, declara de inter\u00e9s p\u00fablico una iniciativa privada y habilita al Ministerio de Econom\u00eda a convocar a licitaci\u00f3n p\u00fablica bajo [&hellip;]","og_url":"https:\/\/gysfm.com.ar\/inicio\/el-gobierno-convoca-una-licitacion-privada-para-remodelar-la-terminal-de-retiro\/","og_site_name":"GYS NOTICIAS |","article_published_time":"2026-04-25T02:28:25+00:00","og_image":[{"url":"https:\/\/fotos.perfil.com\/\/2026\/04\/24\/900\/0\/posteo-luis-caputo-24042026-2226782.jpg?webp","type":"","width":"","height":""}],"author":"Prensa G&amp;S FM","twitter_card":"summary_large_image","twitter_misc":{"Escrito por":"Prensa G&amp;S FM","Tiempo de lectura":"6 minutos"},"schema":{"@context":"https:\/\/schema.org","@graph":[{"@type":"Article","@id":"https:\/\/gysfm.com.ar\/inicio\/el-gobierno-convoca-una-licitacion-privada-para-remodelar-la-terminal-de-retiro\/#article","isPartOf":{"@id":"https:\/\/gysfm.com.ar\/inicio\/el-gobierno-convoca-una-licitacion-privada-para-remodelar-la-terminal-de-retiro\/"},"author":{"name":"Prensa G&amp;S FM","@id":"https:\/\/gysfm.com.ar\/inicio\/#\/schema\/person\/3abba7593ef2ad19e1be221d54383dc5"},"headline":"El Gobierno convoca una licitaci\u00f3n privada para remodelar la terminal de Retiro","datePublished":"2026-04-25T02:28:25+00:00","mainEntityOfPage":{"@id":"https:\/\/gysfm.com.ar\/inicio\/el-gobierno-convoca-una-licitacion-privada-para-remodelar-la-terminal-de-retiro\/"},"wordCount":1128,"publisher":{"@id":"https:\/\/gysfm.com.ar\/inicio\/#organization"},"image":{"@id":"https:\/\/gysfm.com.ar\/inicio\/el-gobierno-convoca-una-licitacion-privada-para-remodelar-la-terminal-de-retiro\/#primaryimage"},"thumbnailUrl":"https:\/\/gysfm.com.ar\/inicio\/wp-content\/uploads\/2026\/04\/micro-la-plata-retiro-18112025-2139446.jpg","articleSection":["NACIONALES"],"inLanguage":"es"},{"@type":"WebPage","@id":"https:\/\/gysfm.com.ar\/inicio\/el-gobierno-convoca-una-licitacion-privada-para-remodelar-la-terminal-de-retiro\/","url":"https:\/\/gysfm.com.ar\/inicio\/el-gobierno-convoca-una-licitacion-privada-para-remodelar-la-terminal-de-retiro\/","name":"El Gobierno convoca una licitaci\u00f3n privada para remodelar la terminal de Retiro - GYS NOTICIAS |","isPartOf":{"@id":"https:\/\/gysfm.com.ar\/inicio\/#website"},"primaryImageOfPage":{"@id":"https:\/\/gysfm.com.ar\/inicio\/el-gobierno-convoca-una-licitacion-privada-para-remodelar-la-terminal-de-retiro\/#primaryimage"},"image":{"@id":"https:\/\/gysfm.com.ar\/inicio\/el-gobierno-convoca-una-licitacion-privada-para-remodelar-la-terminal-de-retiro\/#primaryimage"},"thumbnailUrl":"https:\/\/gysfm.com.ar\/inicio\/wp-content\/uploads\/2026\/04\/micro-la-plata-retiro-18112025-2139446.jpg","datePublished":"2026-04-25T02:28:25+00:00","breadcrumb":{"@id":"https:\/\/gysfm.com.ar\/inicio\/el-gobierno-convoca-una-licitacion-privada-para-remodelar-la-terminal-de-retiro\/#breadcrumb"},"inLanguage":"es","potentialAction":[{"@type":"ReadAction","target":["https:\/\/gysfm.com.ar\/inicio\/el-gobierno-convoca-una-licitacion-privada-para-remodelar-la-terminal-de-retiro\/"]}]},{"@type":"ImageObject","inLanguage":"es","@id":"https:\/\/gysfm.com.ar\/inicio\/el-gobierno-convoca-una-licitacion-privada-para-remodelar-la-terminal-de-retiro\/#primaryimage","url":"https:\/\/gysfm.com.ar\/inicio\/wp-content\/uploads\/2026\/04\/micro-la-plata-retiro-18112025-2139446.jpg","contentUrl":"https:\/\/gysfm.com.ar\/inicio\/wp-content\/uploads\/2026\/04\/micro-la-plata-retiro-18112025-2139446.jpg","width":1140,"height":641},{"@type":"BreadcrumbList","@id":"https:\/\/gysfm.com.ar\/inicio\/el-gobierno-convoca-una-licitacion-privada-para-remodelar-la-terminal-de-retiro\/#breadcrumb","itemListElement":[{"@type":"ListItem","position":1,"name":"Portada","item":"https:\/\/gysfm.com.ar\/inicio\/"},{"@type":"ListItem","position":2,"name":"El Gobierno convoca una licitaci\u00f3n privada para remodelar la terminal de Retiro"}]},{"@type":"WebSite","@id":"https:\/\/gysfm.com.ar\/inicio\/#website","url":"https:\/\/gysfm.com.ar\/inicio\/","name":"GYS NOTICIAS |","description":"DIARIO - RADIO ONLINE SAN JUAN ARGENTINA","publisher":{"@id":"https:\/\/gysfm.com.ar\/inicio\/#organization"},"potentialAction":[{"@type":"SearchAction","target":{"@type":"EntryPoint","urlTemplate":"https:\/\/gysfm.com.ar\/inicio\/?s={search_term_string}"},"query-input":{"@type":"PropertyValueSpecification","valueRequired":true,"valueName":"search_term_string"}}],"inLanguage":"es"},{"@type":"Organization","@id":"https:\/\/gysfm.com.ar\/inicio\/#organization","name":"GYS NOTICIAS |","url":"https:\/\/gysfm.com.ar\/inicio\/","logo":{"@type":"ImageObject","inLanguage":"es","@id":"https:\/\/gysfm.com.ar\/inicio\/#\/schema\/logo\/image\/","url":"https:\/\/gysfm.com.ar\/inicio\/wp-content\/uploads\/2023\/07\/LOGOGYS-OK.png","contentUrl":"https:\/\/gysfm.com.ar\/inicio\/wp-content\/uploads\/2023\/07\/LOGOGYS-OK.png","width":1170,"height":872,"caption":"GYS NOTICIAS |"},"image":{"@id":"https:\/\/gysfm.com.ar\/inicio\/#\/schema\/logo\/image\/"}},{"@type":"Person","@id":"https:\/\/gysfm.com.ar\/inicio\/#\/schema\/person\/3abba7593ef2ad19e1be221d54383dc5","name":"Prensa G&amp;S FM","image":{"@type":"ImageObject","inLanguage":"es","@id":"https:\/\/gysfm.com.ar\/inicio\/#\/schema\/person\/image\/","url":"https:\/\/secure.gravatar.com\/avatar\/096ec78df02049ab018702bb4ccedf659377fa92a26540b5247612077a0dbd29?s=96&d=mm&r=g","contentUrl":"https:\/\/secure.gravatar.com\/avatar\/096ec78df02049ab018702bb4ccedf659377fa92a26540b5247612077a0dbd29?s=96&d=mm&r=g","caption":"Prensa G&amp;S FM"},"sameAs":["https:\/\/gysfm.com.ar\/"],"url":"https:\/\/gysfm.com.ar\/inicio\/author\/lucasm\/"}]}},"_links":{"self":[{"href":"https:\/\/gysfm.com.ar\/inicio\/wp-json\/wp\/v2\/posts\/192830","targetHints":{"allow":["GET"]}}],"collection":[{"href":"https:\/\/gysfm.com.ar\/inicio\/wp-json\/wp\/v2\/posts"}],"about":[{"href":"https:\/\/gysfm.com.ar\/inicio\/wp-json\/wp\/v2\/types\/post"}],"author":[{"embeddable":true,"href":"https:\/\/gysfm.com.ar\/inicio\/wp-json\/wp\/v2\/users\/2"}],"replies":[{"embeddable":true,"href":"https:\/\/gysfm.com.ar\/inicio\/wp-json\/wp\/v2\/comments?post=192830"}],"version-history":[{"count":0,"href":"https:\/\/gysfm.com.ar\/inicio\/wp-json\/wp\/v2\/posts\/192830\/revisions"}],"wp:featuredmedia":[{"embeddable":true,"href":"https:\/\/gysfm.com.ar\/inicio\/wp-json\/wp\/v2\/media\/192831"}],"wp:attachment":[{"href":"https:\/\/gysfm.com.ar\/inicio\/wp-json\/wp\/v2\/media?parent=192830"}],"wp:term":[{"taxonomy":"category","embeddable":true,"href":"https:\/\/gysfm.com.ar\/inicio\/wp-json\/wp\/v2\/categories?post=192830"},{"taxonomy":"post_tag","embeddable":true,"href":"https:\/\/gysfm.com.ar\/inicio\/wp-json\/wp\/v2\/tags?post=192830"}],"curies":[{"name":"wp","href":"https:\/\/api.w.org\/{rel}","templated":true}]}}