{"id":192825,"date":"2026-04-24T22:57:05","date_gmt":"2026-04-25T01:57:05","guid":{"rendered":"https:\/\/gysfm.com.ar\/inicio\/cuanto-deberia-crecer-la-actividad-para-que-los-proximos-18-meses-sean-los-mejores-de-argentina\/"},"modified":"2026-04-24T22:57:05","modified_gmt":"2026-04-25T01:57:05","slug":"cuanto-deberia-crecer-la-actividad-para-que-los-proximos-18-meses-sean-los-mejores-de-argentina","status":"publish","type":"post","link":"https:\/\/gysfm.com.ar\/inicio\/cuanto-deberia-crecer-la-actividad-para-que-los-proximos-18-meses-sean-los-mejores-de-argentina\/","title":{"rendered":"Cu\u00e1nto deber\u00eda crecer la actividad para que los pr\u00f3ximos 18 meses sean los \u00abmejores\u00bb de Argentina"},"content":{"rendered":"<p><\/p>\n<div id=\"article-content\">\n<p>Esta semana, el INDEC difundi\u00f3 el <a target=\"_blank\" href=\"https:\/\/www.perfil.com\/noticias\/economia\/la-actividad-economica-cayo-26-en-febrero-segun-el-indec-a40.phtml\"><strong>Estimador Mensual de Actividad Econ\u00f3mica (EMAE)<\/strong><\/a> correspondiente a febrero de 2026, que mostr\u00f3 una <strong>ca\u00edda del 2,6%<\/strong> mensual, en t\u00e9rminos desestacionalizados, similar a la registrada en diciembre de 2023. El dato contrasta con el optimismo del Gobierno: <a target=\"_blank\" href=\"https:\/\/www.perfil.com\/noticias\/economia\/amcham-summit-2026-luis-caputo-abre-la-agenda-economica-ante-empresarios.phtml\">\u201c<strong>Los pr\u00f3ximos 18 meses<\/strong> van a ser los mejores que Argentina haya visto en las \u00faltimas d\u00e9cadas\u201d<\/a>, asegur\u00f3 el ministro de Econom\u00eda, <strong>Luis Caputo<\/strong>. Por eso, surge la pregunta sobre cu\u00e1nto deber\u00eda crecer la actividad para que esa proyecci\u00f3n se concrete, una cuesti\u00f3n que ya analizan las consultoras y especialistas.<\/p>\n<p class=\"destacadoNota\"><a target=\"_blank\" href=\"https:\/\/www.perfil.com\/noticias\/economia\/amcham-summit-2026-luis-caputo-abre-la-agenda-economica-ante-empresarios.phtml\">\u201cNo hay vuelta atr\u00e1s\u201d: Caputo pidi\u00f3 a empresarios adaptarse al nuevo modelo econ\u00f3mico<\/a><\/p>\n<p>De acuerdo con el EMAE, solo <strong>cuatro sectores lograron crecer<\/strong> en la comparaci\u00f3n interanual durante febrero: Intermediaci\u00f3n Financiera (+6%), Agro (+8,4%), Miner\u00eda (+9,9%) y Pesca (+14%). En conjunto, estos rubros aportaron apenas <strong>1 punto porcentual al crecimiento<\/strong>,<a target=\"_blank\" href=\"https:\/\/www.perfil.com\/noticias\/economia\/javier-milei-aseguro-que-la-inflacion-va-a-empezar-a-ceder-y-anticipo-una-desaceleracion-en-los-proximos-meses.phtml\"> insuficiente para compensar las ca\u00eddas del resto de la econom\u00eda.<\/a><\/p>\n<div style=\"text-align:center\">\n<figure class=\"image\" style=\"display:inline-block\"><picture><source media=\"(max-width: 440px)\" srcset=\"https:\/\/fotos.perfil.com\/\/2026\/04\/22\/440\/0\/emae-2225803.jpg?webp\"\/><source media=\"(max-width: 1019px)\" srcset=\"https:\/\/fotos.perfil.com\/\/2026\/04\/22\/712\/0\/emae-2225803.jpg?webp\"\/><img decoding=\"async\" style=\"max-width: 100%; width: 100%;\" alt=\"EMAE febrero 2026\" src=\"https:\/\/fotos.perfil.com\/\/2026\/04\/22\/900\/0\/emae-2225803.jpg?webp\" loading=\"lazy\"\/><\/picture>&#13;<figcaption>EMAE de febrero 2026<\/figcaption>&#13;<br \/>\n<\/figure>\n<\/div>\n<p>Entre los <strong>sectores m\u00e1s afectados<\/strong> se destac\u00f3 la industria <strong>manufacturera<\/strong>, que <strong>retrocedi\u00f3 8,7% interanual <\/strong>y acumul\u00f3 su octavo mes consecutivo en baja. Tambi\u00e9n el <strong>comercio <\/strong>mostr\u00f3 un deterioro significativo, con <strong>una ca\u00edda del 7%<\/strong>, duplicando el ritmo de contracci\u00f3n previo. Por su parte, la construcci\u00f3n, que hab\u00eda mostrado una mejora en enero, volvi\u00f3 a terreno negativo en febrero, con una baja del 0,6%.<\/p>\n<p>En este contexto, la economista <strong>Florencia Fiorentin<\/strong>, de <em>Epyca Consultores<\/em>, se\u00f1al\u00f3 que \u201c<strong>los per\u00edodos de mayor crecimiento sostenido<\/strong> ocurrieron hace al menos 15 a\u00f1os y se asociaron con dinamismo en industria, empleo registrado y salarios reales, que son exactamente los sectores y variables que hoy est\u00e1n rezagados\u201d.<\/p>\n<p class=\"destacadoNota\"><a target=\"_blank\" href=\"https:\/\/www.perfil.com\/noticias\/economia\/la-actividad-economica-cayo-26-en-febrero-segun-el-indec-a40.phtml\">La actividad econ\u00f3mica cay\u00f3 2,6% en febrero, seg\u00fan el INDEC<\/a><\/p>\n<p>La especialista estim\u00f3 adem\u00e1s que \u201cla econom\u00eda<strong> tendr\u00eda que crecer alrededor del 12%<\/strong> en esos 18 meses pr\u00f3ximos\u201d, una meta que luce exigente considerando que<strong> se parte de \u201cuna ca\u00edda acumulada de 0,2% en el primer bimestre<\/strong>\u201d.<\/p>\n<p>Fiorentin advirti\u00f3 que \u201cel modelo actual no parece tener los instrumentos para cerrarla: los sectores que lideran el crecimiento tienen <strong>bajos encadenamientos productivos<\/strong> y parte de su buen desempe\u00f1o responde a factores circunstanciales, <strong>no al modelo en s\u00ed<\/strong>\u201d.<\/p>\n<h2><strong>Un arranque de a\u00f1o con se\u00f1ales d\u00e9biles<\/strong><\/h2>\n<p>Fiorentin tambi\u00e9n remarc\u00f3 que el inicio de 2026 <strong>\u201carranc\u00f3 con se\u00f1ales mixtas que se inclinan hacia el rojo\u201d<\/strong>, y plante\u00f3 que el desempe\u00f1o futuro depender\u00e1 en gran medida de si el Gobierno decide revisar sus herramientas de pol\u00edtica econ\u00f3mica, algo que, seg\u00fan indic\u00f3, hasta el momento no se ha evidenciado.<\/p>\n<p class=\"destacadoNota\"><a target=\"_blank\" href=\"https:\/\/www.perfil.com\/noticias\/canal-e\/julio-gambina-el-gobierno-hace-campana-con-datos-macroeconomicos-pero-no-impactan-en-la-poblacion.phtml\">Julio Gambina: \u201cEl gobierno hace campa\u00f1a con datos macroecon\u00f3micos, pero no impactan en la poblaci\u00f3n\u201d<\/a><\/p>\n<p>En la misma l\u00ednea, la consultora <em>Labour, Capital &amp; Growth<\/em><em> (LCG)<\/em> sostuvo que, incluso con el crecimiento de enero y el arrastre estad\u00edstico positivo dejado por diciembre (1,9 puntos porcentuales), <strong>no se esperaba un fuerte repunte <\/strong>de la actividad en 2026.<\/p>\n<div style=\"text-align:center\">\n<figure class=\"image\" style=\"display:inline-block\"><picture><source media=\"(max-width: 440px)\" srcset=\"https:\/\/fotos.perfil.com\/\/2026\/04\/24\/440\/0\/emae-feb2026-segun-lcg-2226807.png?webp\"\/><source media=\"(max-width: 1019px)\" srcset=\"https:\/\/fotos.perfil.com\/\/2026\/04\/24\/712\/0\/emae-feb2026-segun-lcg-2226807.png?webp\"\/><img decoding=\"async\" style=\"max-width: 100%; width: 100%;\" alt=\"EMAE feb2026 seg\u00fan LCG\" src=\"https:\/\/fotos.perfil.com\/\/2026\/04\/24\/900\/0\/emae-feb2026-segun-lcg-2226807.png\" loading=\"lazy\"\/><\/picture>&#13;<figcaption>Cr\u00e9dito: LCG<\/figcaption>&#13;<br \/>\n<\/figure>\n<\/div>\n<p>Seg\u00fan sus proyecciones, <strong>la econom\u00eda crecer\u00eda por debajo del 3% anual <\/strong>promedio, impulsada por pocos sectores, con un derrame limitado hacia el resto. Adem\u00e1s, advirtieron que el dato del INDEC \u201cimplica que la demanda interna no logra consolidar una recuperaci\u00f3n, afectada por el bajo poder adquisitivo y la retracci\u00f3n del cr\u00e9dito\u201d.<\/p>\n<p class=\"destacadoNota\"><a target=\"_blank\" href=\"https:\/\/www.perfil.com\/noticias\/economia\/actividad-economica-tras-la-fuerte-caida-en-febrero-habria-un-rebote-positivo-en-marzo-segun-privados-a40.phtml\">Actividad econ\u00f3mica: tras la fuerte ca\u00edda en febrero, habr\u00eda un rebote positivo en marzo<\/a><\/p>\n<p>Por su parte, el Centro de Estudios Pol\u00edticos y Econ\u00f3micos (CEPEC) puso el foco en el deterioro del entramado productivo. \u201cLa industria manufacturera se contrajo 8,7% interanual y el comercio 7%. <strong>Son sectores clave porque generan gran parte del empleo<\/strong>, as\u00ed que la alerta laboral est\u00e1 m\u00e1s que encendida\u201d, se\u00f1alaron.<\/p>\n<p>La entidad dirigida por<strong> Leo Anzalone<\/strong> agreg\u00f3 que \u201cotra vez, <strong>el crecimiento depende de los recursos naturales<\/strong>,<strong> no del mercado interno\u201d<\/strong>, y consider\u00f3 que \u201cel dato es flojo y el a\u00f1o arranca d\u00e9bil\u201d, en un contexto de recuperaci\u00f3n desigual, \u201catada al agro y la energ\u00eda, mientras el consumo, la industria y el empleo siguen sin reaccionar\u201d.<\/p>\n<p style=\"text-align:center\"><picture><source media=\"(max-width: 440px)\" srcset=\"https:\/\/fotos.perfil.com\/\/2026\/03\/09\/440\/0\/la-industria-perdio-160-empleos-por-dia-en-dos-anos-2199077.jpg?webp\"\/><source media=\"(max-width: 1019px)\" srcset=\"https:\/\/fotos.perfil.com\/\/2026\/03\/09\/712\/0\/la-industria-perdio-160-empleos-por-dia-en-dos-anos-2199077.jpg?webp\"\/><img decoding=\"async\" style=\"max-width: 100%; width: 100%;\" alt=\"La industria perdi\u00f3 160 empleos por d\u00eda en dos a\u00f1os.\" src=\"https:\/\/fotos.perfil.com\/\/2026\/03\/09\/900\/0\/la-industria-perdio-160-empleos-por-dia-en-dos-anos-2199077.jpg?webp\" loading=\"lazy\"\/><\/picture><\/p>\n<h2><strong>Una recuperaci\u00f3n en \u201cK\u201d<\/strong><\/h2>\n<p>En este escenario, algunos economistas caracterizan la din\u00e1mica actual como <strong>una recuperaci\u00f3n en \u201cK\u201d<\/strong>, donde conviven sectores en expansi\u00f3n con otros en retroceso. El economista y director de la consultora Sist\u00e9mica, Federico Poli, explic\u00f3 que por un lado se ubican \u201clos sectores primarios de ventajas comparativas naturales, a los que se les otorgaron potentes beneficios para la inversi\u00f3n, son proveedores de divisas y muestran un dinamismo creciente\u201d.<\/p>\n<p>En contraste, se\u00f1al\u00f3 que \u201clos sectores de transformaci\u00f3n manufacturera\u201d est\u00e1n siendo \u201cfuertemente afectados por <strong>precios relativos distorsionados, la apertura externa y problemas estructurales<\/strong> hist\u00f3ricos, en un mercado recesivo\u201d.<\/p>\n<p class=\"destacadoNota\"><a target=\"_blank\" href=\"https:\/\/www.perfil.com\/noticias\/economia\/javier-milei-aseguro-que-la-inflacion-va-a-empezar-a-ceder-y-anticipo-una-desaceleracion-en-los-proximos-meses.phtml\">Javier Milei insiste en que \u201cla inflaci\u00f3n va a empezar con cero este a\u00f1o\u201d<\/a><\/p>\n<p>Seg\u00fan su an\u00e1lisis, estos sectores \u2014clave para el empleo y el desarrollo tecnol\u00f3gico\u2014 <strong>atraviesan un proceso de reestructuraci\u00f3n \u201ca golpes de mercado\u201d<\/strong>, que implica destrucci\u00f3n de capital y puestos de trabajo. A esto se suma la debilidad de la demanda interna, impactada por el ajuste fiscal y monetario, junto con la ca\u00edda de salarios e ingresos fijos, lo que tambi\u00e9n afecta al comercio y a la construcci\u00f3n, dos actividades intensivas en empleo.<\/p>\n<p>En este contexto, el desaf\u00edo de alcanzar un crecimiento sostenido en los pr\u00f3ximos 18 meses <strong>aparece condicionado por una recuperaci\u00f3n desigual<\/strong>, con impulso concentrado en pocos sectores y sin se\u00f1ales claras de reactivaci\u00f3n del mercado interno.<\/p>\n<p>GZ \/ lr<\/p>\n<\/p><\/div>\n<p><script>\n                !function(f,b,e,v,n,t,s)\n                {if(f.fbq)return;n=f.fbq=function(){n.callMethod?\n                    n.callMethod.apply(n,arguments):n.queue.push(arguments)};\n                    if(!f._fbq)f._fbq=n;n.push=n;n.loaded=!0;n.version='2.0';\n                    n.queue=[];t=b.createElement(e);t.async=!0;\n                    t.src=v;s=b.getElementsByTagName(e)[0];\n                    s.parentNode.insertBefore(t,s)}(window, document,'script',\n                    'https:\/\/connect.facebook.net\/en_US\/fbevents.js');\n                window.paywallConfig.facebook_pixel=\"1000228364089342\"\n            <\/script><\/p>\n","protected":false},"excerpt":{"rendered":"<p>Esta semana, el INDEC difundi\u00f3 el Estimador Mensual de Actividad Econ\u00f3mica (EMAE) correspondiente a febrero de 2026, que mostr\u00f3 una ca\u00edda del 2,6% mensual, en t\u00e9rminos desestacionalizados, similar a la registrada en diciembre de 2023. El dato contrasta con el optimismo del Gobierno: \u201cLos pr\u00f3ximos 18 meses van a ser los mejores que Argentina haya [&hellip;]<\/p>\n","protected":false},"author":2,"featured_media":192826,"comment_status":"closed","ping_status":"closed","sticky":false,"template":"","format":"standard","meta":{"footnotes":""},"categories":[25],"tags":[],"class_list":["post-192825","post","type-post","status-publish","format-standard","has-post-thumbnail","hentry","category-nacionales"],"yoast_head":"<!-- This site is optimized with the Yoast SEO plugin v24.4 - https:\/\/yoast.com\/wordpress\/plugins\/seo\/ -->\n<title>Cu\u00e1nto deber\u00eda crecer la actividad para que los pr\u00f3ximos 18 meses sean los &quot;mejores&quot; de Argentina - GYS NOTICIAS |<\/title>\n<meta name=\"robots\" content=\"index, follow, max-snippet:-1, max-image-preview:large, max-video-preview:-1\" \/>\n<link rel=\"canonical\" href=\"https:\/\/gysfm.com.ar\/inicio\/cuanto-deberia-crecer-la-actividad-para-que-los-proximos-18-meses-sean-los-mejores-de-argentina\/\" \/>\n<meta property=\"og:locale\" content=\"es_ES\" \/>\n<meta property=\"og:type\" content=\"article\" \/>\n<meta property=\"og:title\" content=\"Cu\u00e1nto deber\u00eda crecer la actividad para que los pr\u00f3ximos 18 meses sean los &quot;mejores&quot; de Argentina - GYS NOTICIAS |\" \/>\n<meta property=\"og:description\" content=\"Esta semana, el INDEC difundi\u00f3 el Estimador Mensual de Actividad Econ\u00f3mica (EMAE) correspondiente a febrero de 2026, que mostr\u00f3 una ca\u00edda del 2,6% mensual, en t\u00e9rminos desestacionalizados, similar a la registrada en diciembre de 2023. El dato contrasta con el optimismo del Gobierno: \u201cLos pr\u00f3ximos 18 meses van a ser los mejores que Argentina haya [&hellip;]\" \/>\n<meta property=\"og:url\" content=\"https:\/\/gysfm.com.ar\/inicio\/cuanto-deberia-crecer-la-actividad-para-que-los-proximos-18-meses-sean-los-mejores-de-argentina\/\" \/>\n<meta property=\"og:site_name\" content=\"GYS NOTICIAS |\" \/>\n<meta property=\"article:published_time\" content=\"2026-04-25T01:57:05+00:00\" \/>\n<meta property=\"og:image\" content=\"https:\/\/fotos.perfil.com\/\/2026\/04\/22\/900\/0\/emae-2225803.jpg?webp\" \/>\n<meta name=\"author\" content=\"Prensa G&amp;S FM\" \/>\n<meta name=\"twitter:card\" content=\"summary_large_image\" \/>\n<meta name=\"twitter:label1\" content=\"Escrito por\" \/>\n\t<meta name=\"twitter:data1\" content=\"Prensa G&amp;S FM\" \/>\n\t<meta name=\"twitter:label2\" content=\"Tiempo de lectura\" \/>\n\t<meta name=\"twitter:data2\" content=\"5 minutos\" \/>\n<script type=\"application\/ld+json\" class=\"yoast-schema-graph\">{\"@context\":\"https:\/\/schema.org\",\"@graph\":[{\"@type\":\"Article\",\"@id\":\"https:\/\/gysfm.com.ar\/inicio\/cuanto-deberia-crecer-la-actividad-para-que-los-proximos-18-meses-sean-los-mejores-de-argentina\/#article\",\"isPartOf\":{\"@id\":\"https:\/\/gysfm.com.ar\/inicio\/cuanto-deberia-crecer-la-actividad-para-que-los-proximos-18-meses-sean-los-mejores-de-argentina\/\"},\"author\":{\"name\":\"Prensa G&amp;S FM\",\"@id\":\"https:\/\/gysfm.com.ar\/inicio\/#\/schema\/person\/3abba7593ef2ad19e1be221d54383dc5\"},\"headline\":\"Cu\u00e1nto deber\u00eda crecer la actividad para que los pr\u00f3ximos 18 meses sean los \u00abmejores\u00bb de Argentina\",\"datePublished\":\"2026-04-25T01:57:05+00:00\",\"mainEntityOfPage\":{\"@id\":\"https:\/\/gysfm.com.ar\/inicio\/cuanto-deberia-crecer-la-actividad-para-que-los-proximos-18-meses-sean-los-mejores-de-argentina\/\"},\"wordCount\":947,\"publisher\":{\"@id\":\"https:\/\/gysfm.com.ar\/inicio\/#organization\"},\"image\":{\"@id\":\"https:\/\/gysfm.com.ar\/inicio\/cuanto-deberia-crecer-la-actividad-para-que-los-proximos-18-meses-sean-los-mejores-de-argentina\/#primaryimage\"},\"thumbnailUrl\":\"https:\/\/gysfm.com.ar\/inicio\/wp-content\/uploads\/2026\/04\/javier-milei-y-luis-caputo-2196737.jpg\",\"articleSection\":[\"NACIONALES\"],\"inLanguage\":\"es\"},{\"@type\":\"WebPage\",\"@id\":\"https:\/\/gysfm.com.ar\/inicio\/cuanto-deberia-crecer-la-actividad-para-que-los-proximos-18-meses-sean-los-mejores-de-argentina\/\",\"url\":\"https:\/\/gysfm.com.ar\/inicio\/cuanto-deberia-crecer-la-actividad-para-que-los-proximos-18-meses-sean-los-mejores-de-argentina\/\",\"name\":\"Cu\u00e1nto deber\u00eda crecer la actividad para que los pr\u00f3ximos 18 meses sean los \\\"mejores\\\" de Argentina - GYS NOTICIAS |\",\"isPartOf\":{\"@id\":\"https:\/\/gysfm.com.ar\/inicio\/#website\"},\"primaryImageOfPage\":{\"@id\":\"https:\/\/gysfm.com.ar\/inicio\/cuanto-deberia-crecer-la-actividad-para-que-los-proximos-18-meses-sean-los-mejores-de-argentina\/#primaryimage\"},\"image\":{\"@id\":\"https:\/\/gysfm.com.ar\/inicio\/cuanto-deberia-crecer-la-actividad-para-que-los-proximos-18-meses-sean-los-mejores-de-argentina\/#primaryimage\"},\"thumbnailUrl\":\"https:\/\/gysfm.com.ar\/inicio\/wp-content\/uploads\/2026\/04\/javier-milei-y-luis-caputo-2196737.jpg\",\"datePublished\":\"2026-04-25T01:57:05+00:00\",\"breadcrumb\":{\"@id\":\"https:\/\/gysfm.com.ar\/inicio\/cuanto-deberia-crecer-la-actividad-para-que-los-proximos-18-meses-sean-los-mejores-de-argentina\/#breadcrumb\"},\"inLanguage\":\"es\",\"potentialAction\":[{\"@type\":\"ReadAction\",\"target\":[\"https:\/\/gysfm.com.ar\/inicio\/cuanto-deberia-crecer-la-actividad-para-que-los-proximos-18-meses-sean-los-mejores-de-argentina\/\"]}]},{\"@type\":\"ImageObject\",\"inLanguage\":\"es\",\"@id\":\"https:\/\/gysfm.com.ar\/inicio\/cuanto-deberia-crecer-la-actividad-para-que-los-proximos-18-meses-sean-los-mejores-de-argentina\/#primaryimage\",\"url\":\"https:\/\/gysfm.com.ar\/inicio\/wp-content\/uploads\/2026\/04\/javier-milei-y-luis-caputo-2196737.jpg\",\"contentUrl\":\"https:\/\/gysfm.com.ar\/inicio\/wp-content\/uploads\/2026\/04\/javier-milei-y-luis-caputo-2196737.jpg\",\"width\":1140,\"height\":641},{\"@type\":\"BreadcrumbList\",\"@id\":\"https:\/\/gysfm.com.ar\/inicio\/cuanto-deberia-crecer-la-actividad-para-que-los-proximos-18-meses-sean-los-mejores-de-argentina\/#breadcrumb\",\"itemListElement\":[{\"@type\":\"ListItem\",\"position\":1,\"name\":\"Portada\",\"item\":\"https:\/\/gysfm.com.ar\/inicio\/\"},{\"@type\":\"ListItem\",\"position\":2,\"name\":\"Cu\u00e1nto deber\u00eda crecer la actividad para que los pr\u00f3ximos 18 meses sean los \u00abmejores\u00bb de Argentina\"}]},{\"@type\":\"WebSite\",\"@id\":\"https:\/\/gysfm.com.ar\/inicio\/#website\",\"url\":\"https:\/\/gysfm.com.ar\/inicio\/\",\"name\":\"GYS NOTICIAS |\",\"description\":\"DIARIO - RADIO ONLINE SAN JUAN ARGENTINA\",\"publisher\":{\"@id\":\"https:\/\/gysfm.com.ar\/inicio\/#organization\"},\"potentialAction\":[{\"@type\":\"SearchAction\",\"target\":{\"@type\":\"EntryPoint\",\"urlTemplate\":\"https:\/\/gysfm.com.ar\/inicio\/?s={search_term_string}\"},\"query-input\":{\"@type\":\"PropertyValueSpecification\",\"valueRequired\":true,\"valueName\":\"search_term_string\"}}],\"inLanguage\":\"es\"},{\"@type\":\"Organization\",\"@id\":\"https:\/\/gysfm.com.ar\/inicio\/#organization\",\"name\":\"GYS NOTICIAS |\",\"url\":\"https:\/\/gysfm.com.ar\/inicio\/\",\"logo\":{\"@type\":\"ImageObject\",\"inLanguage\":\"es\",\"@id\":\"https:\/\/gysfm.com.ar\/inicio\/#\/schema\/logo\/image\/\",\"url\":\"https:\/\/gysfm.com.ar\/inicio\/wp-content\/uploads\/2023\/07\/LOGOGYS-OK.png\",\"contentUrl\":\"https:\/\/gysfm.com.ar\/inicio\/wp-content\/uploads\/2023\/07\/LOGOGYS-OK.png\",\"width\":1170,\"height\":872,\"caption\":\"GYS NOTICIAS |\"},\"image\":{\"@id\":\"https:\/\/gysfm.com.ar\/inicio\/#\/schema\/logo\/image\/\"}},{\"@type\":\"Person\",\"@id\":\"https:\/\/gysfm.com.ar\/inicio\/#\/schema\/person\/3abba7593ef2ad19e1be221d54383dc5\",\"name\":\"Prensa G&amp;S FM\",\"image\":{\"@type\":\"ImageObject\",\"inLanguage\":\"es\",\"@id\":\"https:\/\/gysfm.com.ar\/inicio\/#\/schema\/person\/image\/\",\"url\":\"https:\/\/secure.gravatar.com\/avatar\/096ec78df02049ab018702bb4ccedf659377fa92a26540b5247612077a0dbd29?s=96&d=mm&r=g\",\"contentUrl\":\"https:\/\/secure.gravatar.com\/avatar\/096ec78df02049ab018702bb4ccedf659377fa92a26540b5247612077a0dbd29?s=96&d=mm&r=g\",\"caption\":\"Prensa G&amp;S FM\"},\"sameAs\":[\"https:\/\/gysfm.com.ar\/\"],\"url\":\"https:\/\/gysfm.com.ar\/inicio\/author\/lucasm\/\"}]}<\/script>\n<!-- \/ Yoast SEO plugin. -->","yoast_head_json":{"title":"Cu\u00e1nto deber\u00eda crecer la actividad para que los pr\u00f3ximos 18 meses sean los \"mejores\" de Argentina - GYS NOTICIAS |","robots":{"index":"index","follow":"follow","max-snippet":"max-snippet:-1","max-image-preview":"max-image-preview:large","max-video-preview":"max-video-preview:-1"},"canonical":"https:\/\/gysfm.com.ar\/inicio\/cuanto-deberia-crecer-la-actividad-para-que-los-proximos-18-meses-sean-los-mejores-de-argentina\/","og_locale":"es_ES","og_type":"article","og_title":"Cu\u00e1nto deber\u00eda crecer la actividad para que los pr\u00f3ximos 18 meses sean los \"mejores\" de Argentina - GYS NOTICIAS |","og_description":"Esta semana, el INDEC difundi\u00f3 el Estimador Mensual de Actividad Econ\u00f3mica (EMAE) correspondiente a febrero de 2026, que mostr\u00f3 una ca\u00edda del 2,6% mensual, en t\u00e9rminos desestacionalizados, similar a la registrada en diciembre de 2023. El dato contrasta con el optimismo del Gobierno: \u201cLos pr\u00f3ximos 18 meses van a ser los mejores que Argentina haya [&hellip;]","og_url":"https:\/\/gysfm.com.ar\/inicio\/cuanto-deberia-crecer-la-actividad-para-que-los-proximos-18-meses-sean-los-mejores-de-argentina\/","og_site_name":"GYS NOTICIAS |","article_published_time":"2026-04-25T01:57:05+00:00","og_image":[{"url":"https:\/\/fotos.perfil.com\/\/2026\/04\/22\/900\/0\/emae-2225803.jpg?webp","type":"","width":"","height":""}],"author":"Prensa G&amp;S FM","twitter_card":"summary_large_image","twitter_misc":{"Escrito por":"Prensa G&amp;S FM","Tiempo de lectura":"5 minutos"},"schema":{"@context":"https:\/\/schema.org","@graph":[{"@type":"Article","@id":"https:\/\/gysfm.com.ar\/inicio\/cuanto-deberia-crecer-la-actividad-para-que-los-proximos-18-meses-sean-los-mejores-de-argentina\/#article","isPartOf":{"@id":"https:\/\/gysfm.com.ar\/inicio\/cuanto-deberia-crecer-la-actividad-para-que-los-proximos-18-meses-sean-los-mejores-de-argentina\/"},"author":{"name":"Prensa G&amp;S FM","@id":"https:\/\/gysfm.com.ar\/inicio\/#\/schema\/person\/3abba7593ef2ad19e1be221d54383dc5"},"headline":"Cu\u00e1nto deber\u00eda crecer la actividad para que los pr\u00f3ximos 18 meses sean los \u00abmejores\u00bb de Argentina","datePublished":"2026-04-25T01:57:05+00:00","mainEntityOfPage":{"@id":"https:\/\/gysfm.com.ar\/inicio\/cuanto-deberia-crecer-la-actividad-para-que-los-proximos-18-meses-sean-los-mejores-de-argentina\/"},"wordCount":947,"publisher":{"@id":"https:\/\/gysfm.com.ar\/inicio\/#organization"},"image":{"@id":"https:\/\/gysfm.com.ar\/inicio\/cuanto-deberia-crecer-la-actividad-para-que-los-proximos-18-meses-sean-los-mejores-de-argentina\/#primaryimage"},"thumbnailUrl":"https:\/\/gysfm.com.ar\/inicio\/wp-content\/uploads\/2026\/04\/javier-milei-y-luis-caputo-2196737.jpg","articleSection":["NACIONALES"],"inLanguage":"es"},{"@type":"WebPage","@id":"https:\/\/gysfm.com.ar\/inicio\/cuanto-deberia-crecer-la-actividad-para-que-los-proximos-18-meses-sean-los-mejores-de-argentina\/","url":"https:\/\/gysfm.com.ar\/inicio\/cuanto-deberia-crecer-la-actividad-para-que-los-proximos-18-meses-sean-los-mejores-de-argentina\/","name":"Cu\u00e1nto deber\u00eda crecer la actividad para que los pr\u00f3ximos 18 meses sean los \"mejores\" de Argentina - GYS NOTICIAS |","isPartOf":{"@id":"https:\/\/gysfm.com.ar\/inicio\/#website"},"primaryImageOfPage":{"@id":"https:\/\/gysfm.com.ar\/inicio\/cuanto-deberia-crecer-la-actividad-para-que-los-proximos-18-meses-sean-los-mejores-de-argentina\/#primaryimage"},"image":{"@id":"https:\/\/gysfm.com.ar\/inicio\/cuanto-deberia-crecer-la-actividad-para-que-los-proximos-18-meses-sean-los-mejores-de-argentina\/#primaryimage"},"thumbnailUrl":"https:\/\/gysfm.com.ar\/inicio\/wp-content\/uploads\/2026\/04\/javier-milei-y-luis-caputo-2196737.jpg","datePublished":"2026-04-25T01:57:05+00:00","breadcrumb":{"@id":"https:\/\/gysfm.com.ar\/inicio\/cuanto-deberia-crecer-la-actividad-para-que-los-proximos-18-meses-sean-los-mejores-de-argentina\/#breadcrumb"},"inLanguage":"es","potentialAction":[{"@type":"ReadAction","target":["https:\/\/gysfm.com.ar\/inicio\/cuanto-deberia-crecer-la-actividad-para-que-los-proximos-18-meses-sean-los-mejores-de-argentina\/"]}]},{"@type":"ImageObject","inLanguage":"es","@id":"https:\/\/gysfm.com.ar\/inicio\/cuanto-deberia-crecer-la-actividad-para-que-los-proximos-18-meses-sean-los-mejores-de-argentina\/#primaryimage","url":"https:\/\/gysfm.com.ar\/inicio\/wp-content\/uploads\/2026\/04\/javier-milei-y-luis-caputo-2196737.jpg","contentUrl":"https:\/\/gysfm.com.ar\/inicio\/wp-content\/uploads\/2026\/04\/javier-milei-y-luis-caputo-2196737.jpg","width":1140,"height":641},{"@type":"BreadcrumbList","@id":"https:\/\/gysfm.com.ar\/inicio\/cuanto-deberia-crecer-la-actividad-para-que-los-proximos-18-meses-sean-los-mejores-de-argentina\/#breadcrumb","itemListElement":[{"@type":"ListItem","position":1,"name":"Portada","item":"https:\/\/gysfm.com.ar\/inicio\/"},{"@type":"ListItem","position":2,"name":"Cu\u00e1nto deber\u00eda crecer la actividad para que los pr\u00f3ximos 18 meses sean los \u00abmejores\u00bb de Argentina"}]},{"@type":"WebSite","@id":"https:\/\/gysfm.com.ar\/inicio\/#website","url":"https:\/\/gysfm.com.ar\/inicio\/","name":"GYS NOTICIAS |","description":"DIARIO - RADIO ONLINE SAN JUAN ARGENTINA","publisher":{"@id":"https:\/\/gysfm.com.ar\/inicio\/#organization"},"potentialAction":[{"@type":"SearchAction","target":{"@type":"EntryPoint","urlTemplate":"https:\/\/gysfm.com.ar\/inicio\/?s={search_term_string}"},"query-input":{"@type":"PropertyValueSpecification","valueRequired":true,"valueName":"search_term_string"}}],"inLanguage":"es"},{"@type":"Organization","@id":"https:\/\/gysfm.com.ar\/inicio\/#organization","name":"GYS NOTICIAS |","url":"https:\/\/gysfm.com.ar\/inicio\/","logo":{"@type":"ImageObject","inLanguage":"es","@id":"https:\/\/gysfm.com.ar\/inicio\/#\/schema\/logo\/image\/","url":"https:\/\/gysfm.com.ar\/inicio\/wp-content\/uploads\/2023\/07\/LOGOGYS-OK.png","contentUrl":"https:\/\/gysfm.com.ar\/inicio\/wp-content\/uploads\/2023\/07\/LOGOGYS-OK.png","width":1170,"height":872,"caption":"GYS NOTICIAS |"},"image":{"@id":"https:\/\/gysfm.com.ar\/inicio\/#\/schema\/logo\/image\/"}},{"@type":"Person","@id":"https:\/\/gysfm.com.ar\/inicio\/#\/schema\/person\/3abba7593ef2ad19e1be221d54383dc5","name":"Prensa G&amp;S FM","image":{"@type":"ImageObject","inLanguage":"es","@id":"https:\/\/gysfm.com.ar\/inicio\/#\/schema\/person\/image\/","url":"https:\/\/secure.gravatar.com\/avatar\/096ec78df02049ab018702bb4ccedf659377fa92a26540b5247612077a0dbd29?s=96&d=mm&r=g","contentUrl":"https:\/\/secure.gravatar.com\/avatar\/096ec78df02049ab018702bb4ccedf659377fa92a26540b5247612077a0dbd29?s=96&d=mm&r=g","caption":"Prensa G&amp;S FM"},"sameAs":["https:\/\/gysfm.com.ar\/"],"url":"https:\/\/gysfm.com.ar\/inicio\/author\/lucasm\/"}]}},"_links":{"self":[{"href":"https:\/\/gysfm.com.ar\/inicio\/wp-json\/wp\/v2\/posts\/192825","targetHints":{"allow":["GET"]}}],"collection":[{"href":"https:\/\/gysfm.com.ar\/inicio\/wp-json\/wp\/v2\/posts"}],"about":[{"href":"https:\/\/gysfm.com.ar\/inicio\/wp-json\/wp\/v2\/types\/post"}],"author":[{"embeddable":true,"href":"https:\/\/gysfm.com.ar\/inicio\/wp-json\/wp\/v2\/users\/2"}],"replies":[{"embeddable":true,"href":"https:\/\/gysfm.com.ar\/inicio\/wp-json\/wp\/v2\/comments?post=192825"}],"version-history":[{"count":0,"href":"https:\/\/gysfm.com.ar\/inicio\/wp-json\/wp\/v2\/posts\/192825\/revisions"}],"wp:featuredmedia":[{"embeddable":true,"href":"https:\/\/gysfm.com.ar\/inicio\/wp-json\/wp\/v2\/media\/192826"}],"wp:attachment":[{"href":"https:\/\/gysfm.com.ar\/inicio\/wp-json\/wp\/v2\/media?parent=192825"}],"wp:term":[{"taxonomy":"category","embeddable":true,"href":"https:\/\/gysfm.com.ar\/inicio\/wp-json\/wp\/v2\/categories?post=192825"},{"taxonomy":"post_tag","embeddable":true,"href":"https:\/\/gysfm.com.ar\/inicio\/wp-json\/wp\/v2\/tags?post=192825"}],"curies":[{"name":"wp","href":"https:\/\/api.w.org\/{rel}","templated":true}]}}