{"id":192804,"date":"2026-04-24T20:08:33","date_gmt":"2026-04-24T23:08:33","guid":{"rendered":"https:\/\/gysfm.com.ar\/inicio\/con-el-dolar-calmo-la-demanda-volvio-a-retroceder-en-marzo\/"},"modified":"2026-04-24T20:08:34","modified_gmt":"2026-04-24T23:08:34","slug":"con-el-dolar-calmo-la-demanda-volvio-a-retroceder-en-marzo","status":"publish","type":"post","link":"https:\/\/gysfm.com.ar\/inicio\/con-el-dolar-calmo-la-demanda-volvio-a-retroceder-en-marzo\/","title":{"rendered":"Con el d\u00f3lar calmo, la demanda volvi\u00f3 a retroceder en marzo"},"content":{"rendered":"<p><\/p>\n<div>\n<p class=\"com-paragraph   --s\"><strong>Los datos oficiales confirmaron lo que se presum\u00eda: la demanda de d\u00f3lares<\/strong> <strong>cay\u00f3 en marzo. <\/strong>Se suele mover al alza cada vez que el billete sube de cotizaci\u00f3n y tiende a desinflarse cuando comienza a estabilizarse.<strong> <\/strong><\/p>\n<p class=\"com-paragraph   --s\"><strong>Las \u201cpersonas humanas\u201d realizaron compras netas de moneda extranjera por US$2470 millones,<\/strong> cifra inferior a los US$2552 millones que hab\u00edan adquirido en febrero y m\u00e1s lejos a\u00fan de los US$3146 millones que demandaron en enero. As\u00ed, <mark class=\"hl_underline\">el acumulado de compras minoristas en el a\u00f1o llega a US$8168 millones.<\/mark><\/p>\n<div class=\"content-media\">\n<section role=\"button\" class=\"mod-media   \">\n<figure role=\"button\" tabindex=\"0\" class=\"mod-figure \"><figcaption class=\"mod-figcaption\"><span class=\"com-text --caption --twoxs\">Vladimir Werning, vicepresidente del Banco Central, durante su presentaci\u00f3n en el IAEF<\/span><span class=\"com-text --credit --twoxs\">Jorge Wohlert                       <\/span><\/figcaption><\/figure>\n<\/section>\n<\/div>\n<p class=\"com-paragraph   --s\">A su vez, medida por la compra neta de billetes y transferencias de divisas sin fines espec\u00edficos, la demanda lleg\u00f3 a <strong>US$1782 millones<\/strong>, retrocediendo <strong>16,4% respecto de febrero<\/strong> y marcando <strong>el menor nivel desde noviembre pasado<\/strong>. Interanualmente creci\u00f3 m\u00e1s de diez veces, aunque se trata de un dato anecd\u00f3tico porque en marzo de 2025 a\u00fan reg\u00eda el cepo y la demanda estaba severamente limitada.<\/p>\n<p class=\"com-paragraph   --s\">El balance report\u00f3 incluso que <strong>los US$2470 millones comprados por individuos fueron explicados principalmente por gastos corrientes<\/strong> (US$1300 millones), mientras que unos US$600 millones constituyeron ahorros en moneda extranjera en cuentas locales y cerca de US$100 millones fueron destinados a formaci\u00f3n de activos externos. Ofrece as\u00ed un grado de detalle sobre estos movimientos que hasta ahora no se hac\u00eda p\u00fablico.<\/p>\n<p class=\"com-paragraph   --s\">El <strong>menor apetito por el d\u00f3lar<\/strong>, que hab\u00eda sido adelantado por el vicepresidente del Banco Central (BCRA), Vladimir Werning, semanas atr\u00e1s, en Washington, durante una ponencia ante inversores internacionales, fue confirmado hoy al conocerse el <strong>balance cambiario<\/strong> que esa entidad publica al cierre de cada mes, con datos del per\u00edodo previo. <\/p>\n<p class=\"com-paragraph   --s\">En esa oportunidad, Werning busc\u00f3 convencer a su auditorio de que<strong> el Gobierno est\u00e1 en camino de lograr que el ente monetario recupere una tenencia de reservas propia positiva,<\/strong> en l\u00ednea con lo pactado con el FMI.<\/p>\n<div class=\"content-media\">\n<section role=\"button\" class=\"mod-media   \">\n<figure role=\"button\" tabindex=\"0\" class=\"mod-figure \"><figcaption class=\"mod-figcaption\"><span class=\"com-text --caption --twoxs\">La cuenta cambiaria sigue mejorando<\/span><\/figcaption><\/figure>\n<\/section>\n<\/div>\n<p class=\"com-paragraph   --s\">El informe conocido hoy confirma los dichos del funcionario, especialmente en relaci\u00f3n con una <strong>mejora de la cuenta corriente cambiaria<\/strong>, una variable muy seguida por los mercados porque refleja el <strong>saldo total entre el ingreso y la salida de divisas del pa\u00eds.<\/strong><\/p>\n<p class=\"com-paragraph   --s\"><strong>Si bien el resultado de esa cuenta fue negativo en marzo, lo fue por apenas US$88 millones<\/strong>, un n\u00famero que contrasta de manera palmaria con el rojo de US$1674 millones registrado en el mismo mes del a\u00f1o pasado y que representa la sexta mejora mensual consecutiva.<\/p>\n<p class=\"com-paragraph   --s\">El resultado del mes \u201cse explic\u00f3 por los egresos netos de las cuentas \u2018Ingreso primario\u2019 (US$1321 millones) y \u2018Servicios\u2019 (US$522 millones), parcialmente compensados por los ingresos netos de \u2018Bienes\u2019 (US$1737 millones) e \u2018Ingreso secundario\u2019 (US$17 millones)\u201d, detalla el informe oficial.<\/p>\n<p class=\"com-paragraph   --s\">Esta nueva mejora se registr\u00f3 pese a que <strong>la salida neta por remisi\u00f3n de utilidades de empresas al exterior fue de US$876 millones,<\/strong> el mayor nivel desde mayo de 2019, al quedar habilitados esos giros tras casi siete a\u00f1os de estar impedidos.<\/p>\n<div class=\"content-media\">\n<section role=\"button\" class=\"mod-media   \">\n<figure role=\"button\" tabindex=\"0\" class=\"mod-figure \"><figcaption class=\"mod-figcaption\"><span class=\"com-text --caption --twoxs\">Detalle de la demanda de individuos<\/span><\/figcaption><\/figure>\n<\/section>\n<\/div>\n<p class=\"com-paragraph   --s\">Otro dato significativo es que <strong>baj\u00f3 el d\u00e9ficit de la cuenta de servicios, al caer el turismo emisivo, <\/strong>aunque se descuenta que volver\u00e1 a moverse al alza en los pr\u00f3ximos meses por gastos vinculados con viajes para presenciar el Mundial de f\u00fatbol.<\/p>\n<p class=\"com-paragraph   --s\">La cuenta <strong>\u201cServicios\u201d<\/strong> registr\u00f3 un d\u00e9ficit de unos <strong>US$522 millones<\/strong> en el tercer mes del a\u00f1o, y la estimaci\u00f3n de la cuenta<strong> \u201cViajes y pasajes\u201d <\/strong>a trav\u00e9s del mercado de cambios result\u00f3 en egresos netos por <strong>US$393 millones<\/strong>, producto de egresos brutos por unos US$780 millones e ingresos brutos cercanos a US$387 millones.<\/p>\n<p class=\"com-paragraph   --s\">El resto de los movimientos en el rubro \u201cServicios\u201d se explic\u00f3 por los egresos netos de \u201cOtros servicios\u201d (US$ 244 millones), \u201cFletes y seguros\u201d (US$114 millones) y de bienes despachados mediante servicios postales (US$98 millones), que fueron parcialmente compensados por los ingresos netos en concepto de \u201cServicios empresariales, profesionales y t\u00e9cnicos\u201d (US$327 millones).<\/p>\n<p class=\"com-paragraph   --s\">La que cerr\u00f3 m\u00e1s deficitaria fue la<strong> cuenta cambiaria financiera: salieron por ese canal US$2255 millones en marzo<\/strong>. Todo por fuertes \u201crojos\u201d del sector financiero (US$1742 millones) y del gobierno nacional y el BCRA (US$1044 millones), parcialmente compensados por los ingresos netos por US$543 millones aportados por el sector privado no financiero.<\/p>\n<p class=\"com-paragraph   --s\"><strong>Y la que hizo el mejor aporte fue la cuenta de bienes, que cerr\u00f3 con un saldo positivo de US$1737 millones<\/strong> (aunque algo menor al de enero y febrero), dado que se registraron cobros de exportaciones por US$7329 millones y pagos por importaciones por US$5592 millones, hizo notar el economista Am\u00edlcar Collante, de Profit Consultores.<\/p>\n<section class=\"container-center-100 mb-40 border border-bottom border-thin border-neutral-light-700\">\n<hr\/>\n<\/section>\n<\/div>\n<p><script id=\"facebookpixel\" defer=\"\" type=\"text\/javascript\">\n        !function(f,b,e,v,n,t,s)\n        {if(f.fbq)return;n=f.fbq=function(){n.callMethod?\n        n.callMethod.apply(n,arguments):n.queue.push(arguments)};\n        if(!f._fbq)f._fbq=n;n.push=n;n.loaded=!0;n.version='2.0';\n        n.queue=[];t=b.createElement(e);t.async=!0;\n        t.src=v;s=b.getElementsByTagName(e)[0];\n        s.parentNode.insertBefore(t,s)}(window, document,'script',\n        'https:\/\/connect.facebook.net\/en_US\/fbevents.js');\n        fbq('init', '492459597522335');\n        fbq('track', 'PageView');\n    <\/script><\/p>\n","protected":false},"excerpt":{"rendered":"<p>Los datos oficiales confirmaron lo que se presum\u00eda: la demanda de d\u00f3lares cay\u00f3 en marzo. Se suele mover al alza cada vez que el billete sube de cotizaci\u00f3n y tiende a desinflarse cuando comienza a estabilizarse. Las \u201cpersonas humanas\u201d realizaron compras netas de moneda extranjera por US$2470 millones, cifra inferior a los US$2552 millones que [&hellip;]<\/p>\n","protected":false},"author":1,"featured_media":192805,"comment_status":"closed","ping_status":"closed","sticky":false,"template":"","format":"standard","meta":{"footnotes":""},"categories":[28],"tags":[],"class_list":["post-192804","post","type-post","status-publish","format-standard","has-post-thumbnail","hentry","category-economia"],"yoast_head":"<!-- This site is optimized with the Yoast SEO plugin v24.4 - https:\/\/yoast.com\/wordpress\/plugins\/seo\/ -->\n<title>Con el d\u00f3lar calmo, la demanda volvi\u00f3 a retroceder en marzo - GYS NOTICIAS |<\/title>\n<meta name=\"robots\" content=\"index, follow, max-snippet:-1, max-image-preview:large, max-video-preview:-1\" \/>\n<link rel=\"canonical\" href=\"https:\/\/gysfm.com.ar\/inicio\/con-el-dolar-calmo-la-demanda-volvio-a-retroceder-en-marzo\/\" \/>\n<meta property=\"og:locale\" content=\"es_ES\" \/>\n<meta property=\"og:type\" content=\"article\" \/>\n<meta property=\"og:title\" content=\"Con el d\u00f3lar calmo, la demanda volvi\u00f3 a retroceder en marzo - GYS NOTICIAS |\" \/>\n<meta property=\"og:description\" content=\"Los datos oficiales confirmaron lo que se presum\u00eda: la demanda de d\u00f3lares cay\u00f3 en marzo. Se suele mover al alza cada vez que el billete sube de cotizaci\u00f3n y tiende a desinflarse cuando comienza a estabilizarse. Las \u201cpersonas humanas\u201d realizaron compras netas de moneda extranjera por US$2470 millones, cifra inferior a los US$2552 millones que [&hellip;]\" \/>\n<meta property=\"og:url\" content=\"https:\/\/gysfm.com.ar\/inicio\/con-el-dolar-calmo-la-demanda-volvio-a-retroceder-en-marzo\/\" \/>\n<meta property=\"og:site_name\" content=\"GYS NOTICIAS |\" \/>\n<meta property=\"article:published_time\" content=\"2026-04-24T23:08:33+00:00\" \/>\n<meta property=\"article:modified_time\" content=\"2026-04-24T23:08:34+00:00\" \/>\n<meta property=\"og:image\" content=\"https:\/\/gysfm.com.ar\/inicio\/wp-content\/uploads\/2026\/04\/el-dolar-baja-y-deja-de-ser-objeto-de-KX6A5FUNJJAMNPOYPZU24HBJNE.JPG\" \/>\n\t<meta property=\"og:image:width\" content=\"1200\" \/>\n\t<meta property=\"og:image:height\" content=\"800\" \/>\n\t<meta property=\"og:image:type\" content=\"image\/jpeg\" \/>\n<meta name=\"author\" content=\"admin\" \/>\n<meta name=\"twitter:card\" content=\"summary_large_image\" \/>\n<meta name=\"twitter:label1\" content=\"Escrito por\" \/>\n\t<meta name=\"twitter:data1\" content=\"admin\" \/>\n\t<meta name=\"twitter:label2\" content=\"Tiempo de lectura\" \/>\n\t<meta name=\"twitter:data2\" content=\"4 minutos\" \/>\n<script type=\"application\/ld+json\" class=\"yoast-schema-graph\">{\"@context\":\"https:\/\/schema.org\",\"@graph\":[{\"@type\":\"Article\",\"@id\":\"https:\/\/gysfm.com.ar\/inicio\/con-el-dolar-calmo-la-demanda-volvio-a-retroceder-en-marzo\/#article\",\"isPartOf\":{\"@id\":\"https:\/\/gysfm.com.ar\/inicio\/con-el-dolar-calmo-la-demanda-volvio-a-retroceder-en-marzo\/\"},\"author\":{\"name\":\"admin\",\"@id\":\"https:\/\/gysfm.com.ar\/inicio\/#\/schema\/person\/5bedd7ecd35cc35548d89effafa23696\"},\"headline\":\"Con el d\u00f3lar calmo, la demanda volvi\u00f3 a retroceder en marzo\",\"datePublished\":\"2026-04-24T23:08:33+00:00\",\"dateModified\":\"2026-04-24T23:08:34+00:00\",\"mainEntityOfPage\":{\"@id\":\"https:\/\/gysfm.com.ar\/inicio\/con-el-dolar-calmo-la-demanda-volvio-a-retroceder-en-marzo\/\"},\"wordCount\":791,\"publisher\":{\"@id\":\"https:\/\/gysfm.com.ar\/inicio\/#organization\"},\"image\":{\"@id\":\"https:\/\/gysfm.com.ar\/inicio\/con-el-dolar-calmo-la-demanda-volvio-a-retroceder-en-marzo\/#primaryimage\"},\"thumbnailUrl\":\"https:\/\/gysfm.com.ar\/inicio\/wp-content\/uploads\/2026\/04\/el-dolar-baja-y-deja-de-ser-objeto-de-KX6A5FUNJJAMNPOYPZU24HBJNE.JPG\",\"articleSection\":[\"ECONOMIA\"],\"inLanguage\":\"es\"},{\"@type\":\"WebPage\",\"@id\":\"https:\/\/gysfm.com.ar\/inicio\/con-el-dolar-calmo-la-demanda-volvio-a-retroceder-en-marzo\/\",\"url\":\"https:\/\/gysfm.com.ar\/inicio\/con-el-dolar-calmo-la-demanda-volvio-a-retroceder-en-marzo\/\",\"name\":\"Con el d\u00f3lar calmo, la demanda volvi\u00f3 a retroceder en marzo - GYS NOTICIAS |\",\"isPartOf\":{\"@id\":\"https:\/\/gysfm.com.ar\/inicio\/#website\"},\"primaryImageOfPage\":{\"@id\":\"https:\/\/gysfm.com.ar\/inicio\/con-el-dolar-calmo-la-demanda-volvio-a-retroceder-en-marzo\/#primaryimage\"},\"image\":{\"@id\":\"https:\/\/gysfm.com.ar\/inicio\/con-el-dolar-calmo-la-demanda-volvio-a-retroceder-en-marzo\/#primaryimage\"},\"thumbnailUrl\":\"https:\/\/gysfm.com.ar\/inicio\/wp-content\/uploads\/2026\/04\/el-dolar-baja-y-deja-de-ser-objeto-de-KX6A5FUNJJAMNPOYPZU24HBJNE.JPG\",\"datePublished\":\"2026-04-24T23:08:33+00:00\",\"dateModified\":\"2026-04-24T23:08:34+00:00\",\"breadcrumb\":{\"@id\":\"https:\/\/gysfm.com.ar\/inicio\/con-el-dolar-calmo-la-demanda-volvio-a-retroceder-en-marzo\/#breadcrumb\"},\"inLanguage\":\"es\",\"potentialAction\":[{\"@type\":\"ReadAction\",\"target\":[\"https:\/\/gysfm.com.ar\/inicio\/con-el-dolar-calmo-la-demanda-volvio-a-retroceder-en-marzo\/\"]}]},{\"@type\":\"ImageObject\",\"inLanguage\":\"es\",\"@id\":\"https:\/\/gysfm.com.ar\/inicio\/con-el-dolar-calmo-la-demanda-volvio-a-retroceder-en-marzo\/#primaryimage\",\"url\":\"https:\/\/gysfm.com.ar\/inicio\/wp-content\/uploads\/2026\/04\/el-dolar-baja-y-deja-de-ser-objeto-de-KX6A5FUNJJAMNPOYPZU24HBJNE.JPG\",\"contentUrl\":\"https:\/\/gysfm.com.ar\/inicio\/wp-content\/uploads\/2026\/04\/el-dolar-baja-y-deja-de-ser-objeto-de-KX6A5FUNJJAMNPOYPZU24HBJNE.JPG\",\"width\":1200,\"height\":800},{\"@type\":\"BreadcrumbList\",\"@id\":\"https:\/\/gysfm.com.ar\/inicio\/con-el-dolar-calmo-la-demanda-volvio-a-retroceder-en-marzo\/#breadcrumb\",\"itemListElement\":[{\"@type\":\"ListItem\",\"position\":1,\"name\":\"Portada\",\"item\":\"https:\/\/gysfm.com.ar\/inicio\/\"},{\"@type\":\"ListItem\",\"position\":2,\"name\":\"Con el d\u00f3lar calmo, la demanda volvi\u00f3 a retroceder en marzo\"}]},{\"@type\":\"WebSite\",\"@id\":\"https:\/\/gysfm.com.ar\/inicio\/#website\",\"url\":\"https:\/\/gysfm.com.ar\/inicio\/\",\"name\":\"GYS NOTICIAS |\",\"description\":\"DIARIO - RADIO ONLINE SAN JUAN ARGENTINA\",\"publisher\":{\"@id\":\"https:\/\/gysfm.com.ar\/inicio\/#organization\"},\"potentialAction\":[{\"@type\":\"SearchAction\",\"target\":{\"@type\":\"EntryPoint\",\"urlTemplate\":\"https:\/\/gysfm.com.ar\/inicio\/?s={search_term_string}\"},\"query-input\":{\"@type\":\"PropertyValueSpecification\",\"valueRequired\":true,\"valueName\":\"search_term_string\"}}],\"inLanguage\":\"es\"},{\"@type\":\"Organization\",\"@id\":\"https:\/\/gysfm.com.ar\/inicio\/#organization\",\"name\":\"GYS NOTICIAS |\",\"url\":\"https:\/\/gysfm.com.ar\/inicio\/\",\"logo\":{\"@type\":\"ImageObject\",\"inLanguage\":\"es\",\"@id\":\"https:\/\/gysfm.com.ar\/inicio\/#\/schema\/logo\/image\/\",\"url\":\"https:\/\/gysfm.com.ar\/inicio\/wp-content\/uploads\/2023\/07\/LOGOGYS-OK.png\",\"contentUrl\":\"https:\/\/gysfm.com.ar\/inicio\/wp-content\/uploads\/2023\/07\/LOGOGYS-OK.png\",\"width\":1170,\"height\":872,\"caption\":\"GYS NOTICIAS |\"},\"image\":{\"@id\":\"https:\/\/gysfm.com.ar\/inicio\/#\/schema\/logo\/image\/\"}},{\"@type\":\"Person\",\"@id\":\"https:\/\/gysfm.com.ar\/inicio\/#\/schema\/person\/5bedd7ecd35cc35548d89effafa23696\",\"name\":\"admin\",\"image\":{\"@type\":\"ImageObject\",\"inLanguage\":\"es\",\"@id\":\"https:\/\/gysfm.com.ar\/inicio\/#\/schema\/person\/image\/\",\"url\":\"https:\/\/secure.gravatar.com\/avatar\/c331d312b5243fb64d5ba28108a447b27c925295129a363082c9ea52c28d32c2?s=96&d=mm&r=g\",\"contentUrl\":\"https:\/\/secure.gravatar.com\/avatar\/c331d312b5243fb64d5ba28108a447b27c925295129a363082c9ea52c28d32c2?s=96&d=mm&r=g\",\"caption\":\"admin\"},\"sameAs\":[\"https:\/\/gysfm.com.ar\/inicio\"],\"url\":\"https:\/\/gysfm.com.ar\/inicio\/author\/admin\/\"}]}<\/script>\n<!-- \/ Yoast SEO plugin. -->","yoast_head_json":{"title":"Con el d\u00f3lar calmo, la demanda volvi\u00f3 a retroceder en marzo - GYS NOTICIAS |","robots":{"index":"index","follow":"follow","max-snippet":"max-snippet:-1","max-image-preview":"max-image-preview:large","max-video-preview":"max-video-preview:-1"},"canonical":"https:\/\/gysfm.com.ar\/inicio\/con-el-dolar-calmo-la-demanda-volvio-a-retroceder-en-marzo\/","og_locale":"es_ES","og_type":"article","og_title":"Con el d\u00f3lar calmo, la demanda volvi\u00f3 a retroceder en marzo - GYS NOTICIAS |","og_description":"Los datos oficiales confirmaron lo que se presum\u00eda: la demanda de d\u00f3lares cay\u00f3 en marzo. Se suele mover al alza cada vez que el billete sube de cotizaci\u00f3n y tiende a desinflarse cuando comienza a estabilizarse. Las \u201cpersonas humanas\u201d realizaron compras netas de moneda extranjera por US$2470 millones, cifra inferior a los US$2552 millones que [&hellip;]","og_url":"https:\/\/gysfm.com.ar\/inicio\/con-el-dolar-calmo-la-demanda-volvio-a-retroceder-en-marzo\/","og_site_name":"GYS NOTICIAS |","article_published_time":"2026-04-24T23:08:33+00:00","article_modified_time":"2026-04-24T23:08:34+00:00","og_image":[{"width":1200,"height":800,"url":"https:\/\/gysfm.com.ar\/inicio\/wp-content\/uploads\/2026\/04\/el-dolar-baja-y-deja-de-ser-objeto-de-KX6A5FUNJJAMNPOYPZU24HBJNE.JPG","type":"image\/jpeg"}],"author":"admin","twitter_card":"summary_large_image","twitter_misc":{"Escrito por":"admin","Tiempo de lectura":"4 minutos"},"schema":{"@context":"https:\/\/schema.org","@graph":[{"@type":"Article","@id":"https:\/\/gysfm.com.ar\/inicio\/con-el-dolar-calmo-la-demanda-volvio-a-retroceder-en-marzo\/#article","isPartOf":{"@id":"https:\/\/gysfm.com.ar\/inicio\/con-el-dolar-calmo-la-demanda-volvio-a-retroceder-en-marzo\/"},"author":{"name":"admin","@id":"https:\/\/gysfm.com.ar\/inicio\/#\/schema\/person\/5bedd7ecd35cc35548d89effafa23696"},"headline":"Con el d\u00f3lar calmo, la demanda volvi\u00f3 a retroceder en marzo","datePublished":"2026-04-24T23:08:33+00:00","dateModified":"2026-04-24T23:08:34+00:00","mainEntityOfPage":{"@id":"https:\/\/gysfm.com.ar\/inicio\/con-el-dolar-calmo-la-demanda-volvio-a-retroceder-en-marzo\/"},"wordCount":791,"publisher":{"@id":"https:\/\/gysfm.com.ar\/inicio\/#organization"},"image":{"@id":"https:\/\/gysfm.com.ar\/inicio\/con-el-dolar-calmo-la-demanda-volvio-a-retroceder-en-marzo\/#primaryimage"},"thumbnailUrl":"https:\/\/gysfm.com.ar\/inicio\/wp-content\/uploads\/2026\/04\/el-dolar-baja-y-deja-de-ser-objeto-de-KX6A5FUNJJAMNPOYPZU24HBJNE.JPG","articleSection":["ECONOMIA"],"inLanguage":"es"},{"@type":"WebPage","@id":"https:\/\/gysfm.com.ar\/inicio\/con-el-dolar-calmo-la-demanda-volvio-a-retroceder-en-marzo\/","url":"https:\/\/gysfm.com.ar\/inicio\/con-el-dolar-calmo-la-demanda-volvio-a-retroceder-en-marzo\/","name":"Con el d\u00f3lar calmo, la demanda volvi\u00f3 a retroceder en marzo - GYS NOTICIAS |","isPartOf":{"@id":"https:\/\/gysfm.com.ar\/inicio\/#website"},"primaryImageOfPage":{"@id":"https:\/\/gysfm.com.ar\/inicio\/con-el-dolar-calmo-la-demanda-volvio-a-retroceder-en-marzo\/#primaryimage"},"image":{"@id":"https:\/\/gysfm.com.ar\/inicio\/con-el-dolar-calmo-la-demanda-volvio-a-retroceder-en-marzo\/#primaryimage"},"thumbnailUrl":"https:\/\/gysfm.com.ar\/inicio\/wp-content\/uploads\/2026\/04\/el-dolar-baja-y-deja-de-ser-objeto-de-KX6A5FUNJJAMNPOYPZU24HBJNE.JPG","datePublished":"2026-04-24T23:08:33+00:00","dateModified":"2026-04-24T23:08:34+00:00","breadcrumb":{"@id":"https:\/\/gysfm.com.ar\/inicio\/con-el-dolar-calmo-la-demanda-volvio-a-retroceder-en-marzo\/#breadcrumb"},"inLanguage":"es","potentialAction":[{"@type":"ReadAction","target":["https:\/\/gysfm.com.ar\/inicio\/con-el-dolar-calmo-la-demanda-volvio-a-retroceder-en-marzo\/"]}]},{"@type":"ImageObject","inLanguage":"es","@id":"https:\/\/gysfm.com.ar\/inicio\/con-el-dolar-calmo-la-demanda-volvio-a-retroceder-en-marzo\/#primaryimage","url":"https:\/\/gysfm.com.ar\/inicio\/wp-content\/uploads\/2026\/04\/el-dolar-baja-y-deja-de-ser-objeto-de-KX6A5FUNJJAMNPOYPZU24HBJNE.JPG","contentUrl":"https:\/\/gysfm.com.ar\/inicio\/wp-content\/uploads\/2026\/04\/el-dolar-baja-y-deja-de-ser-objeto-de-KX6A5FUNJJAMNPOYPZU24HBJNE.JPG","width":1200,"height":800},{"@type":"BreadcrumbList","@id":"https:\/\/gysfm.com.ar\/inicio\/con-el-dolar-calmo-la-demanda-volvio-a-retroceder-en-marzo\/#breadcrumb","itemListElement":[{"@type":"ListItem","position":1,"name":"Portada","item":"https:\/\/gysfm.com.ar\/inicio\/"},{"@type":"ListItem","position":2,"name":"Con el d\u00f3lar calmo, la demanda volvi\u00f3 a retroceder en marzo"}]},{"@type":"WebSite","@id":"https:\/\/gysfm.com.ar\/inicio\/#website","url":"https:\/\/gysfm.com.ar\/inicio\/","name":"GYS NOTICIAS |","description":"DIARIO - RADIO ONLINE SAN JUAN ARGENTINA","publisher":{"@id":"https:\/\/gysfm.com.ar\/inicio\/#organization"},"potentialAction":[{"@type":"SearchAction","target":{"@type":"EntryPoint","urlTemplate":"https:\/\/gysfm.com.ar\/inicio\/?s={search_term_string}"},"query-input":{"@type":"PropertyValueSpecification","valueRequired":true,"valueName":"search_term_string"}}],"inLanguage":"es"},{"@type":"Organization","@id":"https:\/\/gysfm.com.ar\/inicio\/#organization","name":"GYS NOTICIAS |","url":"https:\/\/gysfm.com.ar\/inicio\/","logo":{"@type":"ImageObject","inLanguage":"es","@id":"https:\/\/gysfm.com.ar\/inicio\/#\/schema\/logo\/image\/","url":"https:\/\/gysfm.com.ar\/inicio\/wp-content\/uploads\/2023\/07\/LOGOGYS-OK.png","contentUrl":"https:\/\/gysfm.com.ar\/inicio\/wp-content\/uploads\/2023\/07\/LOGOGYS-OK.png","width":1170,"height":872,"caption":"GYS NOTICIAS |"},"image":{"@id":"https:\/\/gysfm.com.ar\/inicio\/#\/schema\/logo\/image\/"}},{"@type":"Person","@id":"https:\/\/gysfm.com.ar\/inicio\/#\/schema\/person\/5bedd7ecd35cc35548d89effafa23696","name":"admin","image":{"@type":"ImageObject","inLanguage":"es","@id":"https:\/\/gysfm.com.ar\/inicio\/#\/schema\/person\/image\/","url":"https:\/\/secure.gravatar.com\/avatar\/c331d312b5243fb64d5ba28108a447b27c925295129a363082c9ea52c28d32c2?s=96&d=mm&r=g","contentUrl":"https:\/\/secure.gravatar.com\/avatar\/c331d312b5243fb64d5ba28108a447b27c925295129a363082c9ea52c28d32c2?s=96&d=mm&r=g","caption":"admin"},"sameAs":["https:\/\/gysfm.com.ar\/inicio"],"url":"https:\/\/gysfm.com.ar\/inicio\/author\/admin\/"}]}},"_links":{"self":[{"href":"https:\/\/gysfm.com.ar\/inicio\/wp-json\/wp\/v2\/posts\/192804","targetHints":{"allow":["GET"]}}],"collection":[{"href":"https:\/\/gysfm.com.ar\/inicio\/wp-json\/wp\/v2\/posts"}],"about":[{"href":"https:\/\/gysfm.com.ar\/inicio\/wp-json\/wp\/v2\/types\/post"}],"author":[{"embeddable":true,"href":"https:\/\/gysfm.com.ar\/inicio\/wp-json\/wp\/v2\/users\/1"}],"replies":[{"embeddable":true,"href":"https:\/\/gysfm.com.ar\/inicio\/wp-json\/wp\/v2\/comments?post=192804"}],"version-history":[{"count":1,"href":"https:\/\/gysfm.com.ar\/inicio\/wp-json\/wp\/v2\/posts\/192804\/revisions"}],"predecessor-version":[{"id":192806,"href":"https:\/\/gysfm.com.ar\/inicio\/wp-json\/wp\/v2\/posts\/192804\/revisions\/192806"}],"wp:featuredmedia":[{"embeddable":true,"href":"https:\/\/gysfm.com.ar\/inicio\/wp-json\/wp\/v2\/media\/192805"}],"wp:attachment":[{"href":"https:\/\/gysfm.com.ar\/inicio\/wp-json\/wp\/v2\/media?parent=192804"}],"wp:term":[{"taxonomy":"category","embeddable":true,"href":"https:\/\/gysfm.com.ar\/inicio\/wp-json\/wp\/v2\/categories?post=192804"},{"taxonomy":"post_tag","embeddable":true,"href":"https:\/\/gysfm.com.ar\/inicio\/wp-json\/wp\/v2\/tags?post=192804"}],"curies":[{"name":"wp","href":"https:\/\/api.w.org\/{rel}","templated":true}]}}