{"id":192731,"date":"2026-04-24T13:08:16","date_gmt":"2026-04-24T16:08:16","guid":{"rendered":"https:\/\/gysfm.com.ar\/inicio\/chernobyl-la-irradiacion-de-alimentos-a-40-anos-del-accidente-nuclear\/"},"modified":"2026-04-24T13:08:16","modified_gmt":"2026-04-24T16:08:16","slug":"chernobyl-la-irradiacion-de-alimentos-a-40-anos-del-accidente-nuclear","status":"publish","type":"post","link":"https:\/\/gysfm.com.ar\/inicio\/chernobyl-la-irradiacion-de-alimentos-a-40-anos-del-accidente-nuclear\/","title":{"rendered":"Chernobyl: la irradiaci\u00f3n de alimentos a 40 a\u00f1os del accidente nuclear"},"content":{"rendered":"<p><\/p>\n<div id=\"article-content\">\n<p>El <strong>26 de abril de 1986<\/strong> una <a target=\"_blank\" href=\"https:\/\/www.perfil.com\/noticias\/reperfilar\/chernobyl-se-cumplen-36-anos-del-accidente-nuclear-mas-grande-de-la-historia.phtml\">explosi\u00f3n en la central nuclear de <strong>Chernobyl<\/strong><\/a><strong> <\/strong>gener\u00f3 un desastre tecnol\u00f3gico que afect\u00f3 a gran parte de la ex Uni\u00f3n Sovi\u00e9tica, hoy territorios de Beielorrusia, Ucrania y la Federaci\u00f3n de Rusia. Este incidente es recordado como uno de los mayores <strong>accidentes nucleares<\/strong> de la historia mundial.<\/p>\n<p>Si hoy pensamos en Chernobyl, el imaginario social lo lleva a una zona verde, con<strong> nubes t\u00f3xicas y animales radiactivos<\/strong>. Parte de lo que la ciencia ficci\u00f3n y las series animadas nos muestran nos llevan a pensar en esas representaciones. <\/p>\n<p>Sin embargo, hoy la <strong>Zona de Exclusi\u00f3n de Chernobyl <\/strong>que engloba aproximadamente <strong>2.800 km\u00b2 <\/strong>es una de las <strong>mayores reservas naturales de Europa<\/strong>, luego del accidente. Qu\u00e9 paradoja de los seres humanos: ocasionamos un accidente antropog\u00e9nico y esto hizo que lo convierta en un espacio natural. <\/p>\n<div class=\"subscription\">\n<p>\n        Esto no les gusta a los autoritarios\n    <\/p>\n<div class=\"subscription__container\">\n<div class=\"subscription__text-wrapper\">\n<p>\n                El ejercicio del periodismo profesional y cr\u00edtico es un pilar fundamental de la democracia. Por eso molesta a quienes creen ser los due\u00f1os de la verdad.\n            <\/p>\n<\/p><\/div><\/div>\n<\/div>\n<p>Nuevamente, como en las series y pel\u00edculas catastr\u00f3sficas, se puede apreciar c\u00f3mo en las edificaciones comienza a crecer todo lo verde y ser espacio para el h\u00e1bitat de animales. Ahora bien, ese espacio natural: <strong>\u00bfpuede ser cultivable?<\/strong><\/p>\n<div style=\"text-align:center\">\n<figure class=\"image\" style=\"display:inline-block\"><picture><source media=\"(max-width: 440px)\" srcset=\"https:\/\/fotos.perfil.com\/\/2026\/04\/23\/440\/0\/ranas-de-san-antonio-chernobyl-23042026-2226335.jpg?webp\"\/><source media=\"(max-width: 1019px)\" srcset=\"https:\/\/fotos.perfil.com\/\/2026\/04\/23\/712\/0\/ranas-de-san-antonio-chernobyl-23042026-2226335.jpg?webp\"\/><img decoding=\"async\" style=\"max-width: 100%; width: 100%;\" alt=\"Ranas de San Antonio Chernobyl 23042026\" src=\"https:\/\/fotos.perfil.com\/\/2026\/04\/23\/900\/0\/ranas-de-san-antonio-chernobyl-23042026-2226335.jpg?webp\" loading=\"lazy\"\/><\/picture><figcaption>La rana arbor\u00edcola oriental desarroll\u00f3 m\u00e1s melamina en su piel, una protecci\u00f3n contra los rayos ionizantes<\/figcaption><\/figure>\n<\/p><\/div>\n<p>Existen controversias sobre esta pregunta, que es muy dif\u00edcil de responder. Por un lado, hay posiciones posteriores a<strong> <\/strong>1990 en las que se afirma que la tierra puede <strong>volver a utilizarse<\/strong>. En contraposici\u00f3n, varios estudios encontraron<strong> tasas de mutaci\u00f3n relativamente altas.<\/strong><\/p>\n<blockquote>\n<p><a target=\"_blank\" href=\"https:\/\/www.perfil.com\/noticias\/elobservador\/verdad-y-posverdades-en-la-exitosa-serie-sobre-el-drama-de-chernobyl.phtml\">Qu\u00e9 paradoja la de los seres humanos: ocasionamos un accidente antropog\u00e9nico y esto hizo que convierta en un espacio natural\u00bb<\/a><\/p>\n<\/blockquote>\n<p>M\u00e1s all\u00e1 de que la vegetaci\u00f3n en los alrededores de la Zona de Exclusi\u00f3n muestra un <strong>reverdecimiento <\/strong>importante, la contaminaci\u00f3n de tierras, como la que puede ocurrir en un accidente grave, puede provocar <strong>niveles inaceptables de radion\u00faclidos<\/strong> en los alimentos. <\/p>\n<p>Recordemos que cuando un alimento est\u00e1 contaminado genera una <strong>Enfermedad Transmitida por Alimentos (ETA)<\/strong>, que puede tener su origen biol\u00f3gico (virus, bacterias, par\u00e1sitos, hongos), qu\u00edmico (sustancias t\u00f3xicas, metales pesados, exceso de aditivos) y f\u00edsicos, como la radiaci\u00f3n. <\/p>\n<div style=\"text-align:center\">\n<figure class=\"image\" style=\"display:inline-block\"><picture><source media=\"(max-width: 440px)\" srcset=\"https:\/\/fotos.perfil.com\/\/2026\/04\/23\/440\/0\/perros-salvajes-de-chernobyl-23042026-2226338.jpg?webp\"\/><source media=\"(max-width: 1019px)\" srcset=\"https:\/\/fotos.perfil.com\/\/2026\/04\/23\/712\/0\/perros-salvajes-de-chernobyl-23042026-2226338.jpg?webp\"\/><img decoding=\"async\" style=\"max-width: 100%; width: 100%;\" alt=\"Perros salvajes de Chernobyl 23042026\" src=\"https:\/\/fotos.perfil.com\/\/2026\/04\/23\/900\/0\/perros-salvajes-de-chernobyl-23042026-2226338.jpg?webp\" loading=\"lazy\"\/><\/picture><figcaption>Los perros salvajes sobrevivieron y lograron \u00abrestaurar\u00bb su ADN con relativa rapidez<\/figcaption><\/figure>\n<\/p><\/div>\n<p>Los principales radion\u00faclidos que generan preocupaci\u00f3n por su efecto contaminante en la producci\u00f3n de tierra, posterior a un accidente en un reactor nuclear, son el <strong>I131<\/strong>, el <strong>Cs137<\/strong>, el <strong>Cs134 <\/strong>y el<strong> Sr90<\/strong>. De por s\u00ed, todos los suelos utilizados en cultivos pueden presentar radion\u00faclidos. Sin embargo, hay que tener en cuenta que la contaminaci\u00f3n excesiva puede provocar niveles inaceptables de radion\u00faclidos en los alimentos, ya que podr\u00edan afectar a la salud. <\/p>\n<blockquote>\n<p><a target=\"_blank\" href=\"https:\/\/www.perfil.com\/noticias\/actualidad\/rojo-sobre-rojo.phtml\">Algunos agricultores realizan una producci\u00f3n no oficial en algunas zonas de Chernobyl, y al ser pr\u00e1cticas no reguladas, pueden alterar la <strong>seguridad alimentaria de la poblaci\u00f3n<\/strong>\u00ab<\/a><\/p>\n<\/blockquote>\n<p>Hay que tener en cuenta que la <strong>radiaci\u00f3n ionizante<\/strong>, es decir, aquella capaz de atravesar la materia, es utilizada en alimentos como una forma de conservaci\u00f3n. El proceso conocido como <strong>irradiaci\u00f3n de alimentos<\/strong>, o esterilizaci\u00f3n en fr\u00edo, expone a los alimentos a radiaciones ionizantes, durante un tiempo y una dosis acorde, con el fin de controlar ciertos par\u00e1metros, de acuerdo al tipo de alimento. <\/p>\n<p>\u00bfCu\u00e1l es la ventaja? que se trata de una forma de eliminar microorganismos sin utilizar tratamientos t\u00e9rmicos. No nos olvidemos que cualquier tratamiento t\u00e9rmico es un m\u00e9todo efectivo para la <strong>destrucci\u00f3n de microrganismos y sus esporas<\/strong>, pero puede ocasionar cambios en las propiedades nutricionales y sensoriales. <\/p>\n<p>En Argentina, la irradiaci\u00f3n es regulada por el <a target=\"_blank\" href=\"https:\/\/www.argentina.gob.ar\/anmat\/codigoalimentario\">C\u00f3digo Alimentario Argentino (CAA)<\/a> donde se establecen los <strong>l\u00edmites de las dosis <\/strong>seg\u00fan el objetivo por diferente clase de alimentos. Las fuentes de radiaci\u00f3n provienen de <strong>Co60<\/strong> y de <strong>Cs137<\/strong>.<\/p>\n<p>La irradiaci\u00f3n permite conservar los alimentos en condiciones \u00f3ptimas durante m\u00e1s tiempo, al eliminar microorganismos que podr\u00edan causar ETA. Este tratamiento es ideal, como se mencion\u00f3 al inicio, para aquellos <strong>alimentos termosensibles<\/strong> y, adem\u00e1s, permite <strong>evitar el uso de agroqu\u00edmicos o conservantes qu\u00edmicos. <\/strong><\/p>\n<p>Este es un claro ejemplo de c\u00f3mo <strong>la ciencia y la tecnolog\u00eda<\/strong>, pueden, en un momento afectar al ambiente, la salud y la producci\u00f3n de alimentos y, por otro lado, ser un tratamiento alternativo de conservaci\u00f3n. <\/p>\n<p class=\"destacadoNota\"><a target=\"_blank\" href=\"https:\/\/www.perfil.com\/noticias\/opinion\/julian-gadano-verdaderos-heroes-de-chernobyl.phtml\">Los verdaderos h\u00e9roes de Chernobyl<\/a><\/p>\n<p>Un accidente m\u00e1s reciente en la central nuclear de <strong>Fukushima<\/strong>, el 11 de marzo de 2011, dej\u00f3 en evidencia que, incluso en la actualidad, <strong>la poblaci\u00f3n humana no est\u00e1 segura<\/strong>, a pesar de las avanzadas medidas de seguridad sobre el uso de la radiaci\u00f3n. <\/p>\n<p>Hoy en d\u00eda el debate por el uso de los suelos cultivables en Chernobyl sigue. Las posturas que, como mencionamos al inicio, sostienen que se pueden utilizar los suelos se encuentran limitadas por las<strong> complejidades pol\u00edticas<\/strong> y lleva a que algunos agricultores, desde un posicionamiento informal, realicen producci\u00f3n no oficial en algunas zonas, lo cual aumenta el riesgo al tratarse de pr\u00e1cticas no reguladas y que pueden alterar la <strong>seguridad alimentaria <\/strong>de la poblaci\u00f3n. <\/p>\n<p>Por otro lado, las investigaciones que se llevan a cabo para analizar la producci\u00f3n de alimentos en tierra siguen. Y este no es un dato menor, porque es importante para lograr la seguridad alimentaria que la ciencia y la tecnolog\u00eda, de la mano de la investigaci\u00f3n cient\u00edfica, hagan sus aportes. Valorar las investigaciones en esta y todas las \u00e1reas es una forma de buscar una respuesta oficial a esta controversia. <\/p>\n<p><em>* Doctor de la Universidad Nacional de Quilmes en Ciencia y Tecnolog\u00eda, Ingeniero en Alimentos, egresado  de la UNQ, Diplomado Superior en Ense\u00f1anza de las Ciencias Sociales por Flacso, codirector del Grupo de Investigaci\u00f3n en Ense\u00f1anza de las Ciencias (GIECIEN).<\/em><\/p>\n<\/p><\/div>\n<p><script>\n                !function(f,b,e,v,n,t,s)\n                {if(f.fbq)return;n=f.fbq=function(){n.callMethod?\n                    n.callMethod.apply(n,arguments):n.queue.push(arguments)};\n                    if(!f._fbq)f._fbq=n;n.push=n;n.loaded=!0;n.version='2.0';\n                    n.queue=[];t=b.createElement(e);t.async=!0;\n                    t.src=v;s=b.getElementsByTagName(e)[0];\n                    s.parentNode.insertBefore(t,s)}(window, document,'script',\n                    'https:\/\/connect.facebook.net\/en_US\/fbevents.js');\n                window.paywallConfig.facebook_pixel=\"1000228364089342\"\n            <\/script><\/p>\n","protected":false},"excerpt":{"rendered":"<p>El 26 de abril de 1986 una explosi\u00f3n en la central nuclear de Chernobyl gener\u00f3 un desastre tecnol\u00f3gico que afect\u00f3 a gran parte de la ex Uni\u00f3n Sovi\u00e9tica, hoy territorios de Beielorrusia, Ucrania y la Federaci\u00f3n de Rusia. Este incidente es recordado como uno de los mayores accidentes nucleares de la historia mundial. Si hoy [&hellip;]<\/p>\n","protected":false},"author":2,"featured_media":192732,"comment_status":"closed","ping_status":"closed","sticky":false,"template":"","format":"standard","meta":{"footnotes":""},"categories":[25],"tags":[],"class_list":["post-192731","post","type-post","status-publish","format-standard","has-post-thumbnail","hentry","category-nacionales"],"yoast_head":"<!-- This site is optimized with the Yoast SEO plugin v24.4 - https:\/\/yoast.com\/wordpress\/plugins\/seo\/ -->\n<title>Chernobyl: la irradiaci\u00f3n de alimentos a 40 a\u00f1os del accidente nuclear - GYS NOTICIAS |<\/title>\n<meta name=\"robots\" content=\"index, follow, max-snippet:-1, max-image-preview:large, max-video-preview:-1\" \/>\n<link rel=\"canonical\" href=\"https:\/\/gysfm.com.ar\/inicio\/chernobyl-la-irradiacion-de-alimentos-a-40-anos-del-accidente-nuclear\/\" \/>\n<meta property=\"og:locale\" content=\"es_ES\" \/>\n<meta property=\"og:type\" content=\"article\" \/>\n<meta property=\"og:title\" content=\"Chernobyl: la irradiaci\u00f3n de alimentos a 40 a\u00f1os del accidente nuclear - GYS NOTICIAS |\" \/>\n<meta property=\"og:description\" content=\"El 26 de abril de 1986 una explosi\u00f3n en la central nuclear de Chernobyl gener\u00f3 un desastre tecnol\u00f3gico que afect\u00f3 a gran parte de la ex Uni\u00f3n Sovi\u00e9tica, hoy territorios de Beielorrusia, Ucrania y la Federaci\u00f3n de Rusia. Este incidente es recordado como uno de los mayores accidentes nucleares de la historia mundial. Si hoy [&hellip;]\" \/>\n<meta property=\"og:url\" content=\"https:\/\/gysfm.com.ar\/inicio\/chernobyl-la-irradiacion-de-alimentos-a-40-anos-del-accidente-nuclear\/\" \/>\n<meta property=\"og:site_name\" content=\"GYS NOTICIAS |\" \/>\n<meta property=\"article:published_time\" content=\"2026-04-24T16:08:16+00:00\" \/>\n<meta property=\"og:image\" content=\"https:\/\/fotos.perfil.com\/\/2026\/04\/23\/900\/0\/ranas-de-san-antonio-chernobyl-23042026-2226335.jpg?webp\" \/>\n<meta name=\"author\" content=\"Prensa G&amp;S FM\" \/>\n<meta name=\"twitter:card\" content=\"summary_large_image\" \/>\n<meta name=\"twitter:label1\" content=\"Escrito por\" \/>\n\t<meta name=\"twitter:data1\" content=\"Prensa G&amp;S FM\" \/>\n\t<meta name=\"twitter:label2\" content=\"Tiempo de lectura\" \/>\n\t<meta name=\"twitter:data2\" content=\"5 minutos\" \/>\n<script type=\"application\/ld+json\" class=\"yoast-schema-graph\">{\"@context\":\"https:\/\/schema.org\",\"@graph\":[{\"@type\":\"Article\",\"@id\":\"https:\/\/gysfm.com.ar\/inicio\/chernobyl-la-irradiacion-de-alimentos-a-40-anos-del-accidente-nuclear\/#article\",\"isPartOf\":{\"@id\":\"https:\/\/gysfm.com.ar\/inicio\/chernobyl-la-irradiacion-de-alimentos-a-40-anos-del-accidente-nuclear\/\"},\"author\":{\"name\":\"Prensa G&amp;S FM\",\"@id\":\"https:\/\/gysfm.com.ar\/inicio\/#\/schema\/person\/3abba7593ef2ad19e1be221d54383dc5\"},\"headline\":\"Chernobyl: la irradiaci\u00f3n de alimentos a 40 a\u00f1os del accidente nuclear\",\"datePublished\":\"2026-04-24T16:08:16+00:00\",\"mainEntityOfPage\":{\"@id\":\"https:\/\/gysfm.com.ar\/inicio\/chernobyl-la-irradiacion-de-alimentos-a-40-anos-del-accidente-nuclear\/\"},\"wordCount\":1024,\"publisher\":{\"@id\":\"https:\/\/gysfm.com.ar\/inicio\/#organization\"},\"image\":{\"@id\":\"https:\/\/gysfm.com.ar\/inicio\/chernobyl-la-irradiacion-de-alimentos-a-40-anos-del-accidente-nuclear\/#primaryimage\"},\"thumbnailUrl\":\"https:\/\/gysfm.com.ar\/inicio\/wp-content\/uploads\/2026\/04\/trigo-y-maiz-cultivado-en-la-zona-de-exclusion-de-chernobyl-20260422-2226010.jpg\",\"articleSection\":[\"NACIONALES\"],\"inLanguage\":\"es\"},{\"@type\":\"WebPage\",\"@id\":\"https:\/\/gysfm.com.ar\/inicio\/chernobyl-la-irradiacion-de-alimentos-a-40-anos-del-accidente-nuclear\/\",\"url\":\"https:\/\/gysfm.com.ar\/inicio\/chernobyl-la-irradiacion-de-alimentos-a-40-anos-del-accidente-nuclear\/\",\"name\":\"Chernobyl: la irradiaci\u00f3n de alimentos a 40 a\u00f1os del accidente nuclear - GYS NOTICIAS |\",\"isPartOf\":{\"@id\":\"https:\/\/gysfm.com.ar\/inicio\/#website\"},\"primaryImageOfPage\":{\"@id\":\"https:\/\/gysfm.com.ar\/inicio\/chernobyl-la-irradiacion-de-alimentos-a-40-anos-del-accidente-nuclear\/#primaryimage\"},\"image\":{\"@id\":\"https:\/\/gysfm.com.ar\/inicio\/chernobyl-la-irradiacion-de-alimentos-a-40-anos-del-accidente-nuclear\/#primaryimage\"},\"thumbnailUrl\":\"https:\/\/gysfm.com.ar\/inicio\/wp-content\/uploads\/2026\/04\/trigo-y-maiz-cultivado-en-la-zona-de-exclusion-de-chernobyl-20260422-2226010.jpg\",\"datePublished\":\"2026-04-24T16:08:16+00:00\",\"breadcrumb\":{\"@id\":\"https:\/\/gysfm.com.ar\/inicio\/chernobyl-la-irradiacion-de-alimentos-a-40-anos-del-accidente-nuclear\/#breadcrumb\"},\"inLanguage\":\"es\",\"potentialAction\":[{\"@type\":\"ReadAction\",\"target\":[\"https:\/\/gysfm.com.ar\/inicio\/chernobyl-la-irradiacion-de-alimentos-a-40-anos-del-accidente-nuclear\/\"]}]},{\"@type\":\"ImageObject\",\"inLanguage\":\"es\",\"@id\":\"https:\/\/gysfm.com.ar\/inicio\/chernobyl-la-irradiacion-de-alimentos-a-40-anos-del-accidente-nuclear\/#primaryimage\",\"url\":\"https:\/\/gysfm.com.ar\/inicio\/wp-content\/uploads\/2026\/04\/trigo-y-maiz-cultivado-en-la-zona-de-exclusion-de-chernobyl-20260422-2226010.jpg\",\"contentUrl\":\"https:\/\/gysfm.com.ar\/inicio\/wp-content\/uploads\/2026\/04\/trigo-y-maiz-cultivado-en-la-zona-de-exclusion-de-chernobyl-20260422-2226010.jpg\",\"width\":1140,\"height\":641},{\"@type\":\"BreadcrumbList\",\"@id\":\"https:\/\/gysfm.com.ar\/inicio\/chernobyl-la-irradiacion-de-alimentos-a-40-anos-del-accidente-nuclear\/#breadcrumb\",\"itemListElement\":[{\"@type\":\"ListItem\",\"position\":1,\"name\":\"Portada\",\"item\":\"https:\/\/gysfm.com.ar\/inicio\/\"},{\"@type\":\"ListItem\",\"position\":2,\"name\":\"Chernobyl: la irradiaci\u00f3n de alimentos a 40 a\u00f1os del accidente nuclear\"}]},{\"@type\":\"WebSite\",\"@id\":\"https:\/\/gysfm.com.ar\/inicio\/#website\",\"url\":\"https:\/\/gysfm.com.ar\/inicio\/\",\"name\":\"GYS NOTICIAS |\",\"description\":\"DIARIO - RADIO ONLINE SAN JUAN ARGENTINA\",\"publisher\":{\"@id\":\"https:\/\/gysfm.com.ar\/inicio\/#organization\"},\"potentialAction\":[{\"@type\":\"SearchAction\",\"target\":{\"@type\":\"EntryPoint\",\"urlTemplate\":\"https:\/\/gysfm.com.ar\/inicio\/?s={search_term_string}\"},\"query-input\":{\"@type\":\"PropertyValueSpecification\",\"valueRequired\":true,\"valueName\":\"search_term_string\"}}],\"inLanguage\":\"es\"},{\"@type\":\"Organization\",\"@id\":\"https:\/\/gysfm.com.ar\/inicio\/#organization\",\"name\":\"GYS NOTICIAS |\",\"url\":\"https:\/\/gysfm.com.ar\/inicio\/\",\"logo\":{\"@type\":\"ImageObject\",\"inLanguage\":\"es\",\"@id\":\"https:\/\/gysfm.com.ar\/inicio\/#\/schema\/logo\/image\/\",\"url\":\"https:\/\/gysfm.com.ar\/inicio\/wp-content\/uploads\/2023\/07\/LOGOGYS-OK.png\",\"contentUrl\":\"https:\/\/gysfm.com.ar\/inicio\/wp-content\/uploads\/2023\/07\/LOGOGYS-OK.png\",\"width\":1170,\"height\":872,\"caption\":\"GYS NOTICIAS |\"},\"image\":{\"@id\":\"https:\/\/gysfm.com.ar\/inicio\/#\/schema\/logo\/image\/\"}},{\"@type\":\"Person\",\"@id\":\"https:\/\/gysfm.com.ar\/inicio\/#\/schema\/person\/3abba7593ef2ad19e1be221d54383dc5\",\"name\":\"Prensa G&amp;S FM\",\"image\":{\"@type\":\"ImageObject\",\"inLanguage\":\"es\",\"@id\":\"https:\/\/gysfm.com.ar\/inicio\/#\/schema\/person\/image\/\",\"url\":\"https:\/\/secure.gravatar.com\/avatar\/096ec78df02049ab018702bb4ccedf659377fa92a26540b5247612077a0dbd29?s=96&d=mm&r=g\",\"contentUrl\":\"https:\/\/secure.gravatar.com\/avatar\/096ec78df02049ab018702bb4ccedf659377fa92a26540b5247612077a0dbd29?s=96&d=mm&r=g\",\"caption\":\"Prensa G&amp;S FM\"},\"sameAs\":[\"https:\/\/gysfm.com.ar\/\"],\"url\":\"https:\/\/gysfm.com.ar\/inicio\/author\/lucasm\/\"}]}<\/script>\n<!-- \/ Yoast SEO plugin. -->","yoast_head_json":{"title":"Chernobyl: la irradiaci\u00f3n de alimentos a 40 a\u00f1os del accidente nuclear - GYS NOTICIAS |","robots":{"index":"index","follow":"follow","max-snippet":"max-snippet:-1","max-image-preview":"max-image-preview:large","max-video-preview":"max-video-preview:-1"},"canonical":"https:\/\/gysfm.com.ar\/inicio\/chernobyl-la-irradiacion-de-alimentos-a-40-anos-del-accidente-nuclear\/","og_locale":"es_ES","og_type":"article","og_title":"Chernobyl: la irradiaci\u00f3n de alimentos a 40 a\u00f1os del accidente nuclear - GYS NOTICIAS |","og_description":"El 26 de abril de 1986 una explosi\u00f3n en la central nuclear de Chernobyl gener\u00f3 un desastre tecnol\u00f3gico que afect\u00f3 a gran parte de la ex Uni\u00f3n Sovi\u00e9tica, hoy territorios de Beielorrusia, Ucrania y la Federaci\u00f3n de Rusia. Este incidente es recordado como uno de los mayores accidentes nucleares de la historia mundial. Si hoy [&hellip;]","og_url":"https:\/\/gysfm.com.ar\/inicio\/chernobyl-la-irradiacion-de-alimentos-a-40-anos-del-accidente-nuclear\/","og_site_name":"GYS NOTICIAS |","article_published_time":"2026-04-24T16:08:16+00:00","og_image":[{"url":"https:\/\/fotos.perfil.com\/\/2026\/04\/23\/900\/0\/ranas-de-san-antonio-chernobyl-23042026-2226335.jpg?webp","type":"","width":"","height":""}],"author":"Prensa G&amp;S FM","twitter_card":"summary_large_image","twitter_misc":{"Escrito por":"Prensa G&amp;S FM","Tiempo de lectura":"5 minutos"},"schema":{"@context":"https:\/\/schema.org","@graph":[{"@type":"Article","@id":"https:\/\/gysfm.com.ar\/inicio\/chernobyl-la-irradiacion-de-alimentos-a-40-anos-del-accidente-nuclear\/#article","isPartOf":{"@id":"https:\/\/gysfm.com.ar\/inicio\/chernobyl-la-irradiacion-de-alimentos-a-40-anos-del-accidente-nuclear\/"},"author":{"name":"Prensa G&amp;S FM","@id":"https:\/\/gysfm.com.ar\/inicio\/#\/schema\/person\/3abba7593ef2ad19e1be221d54383dc5"},"headline":"Chernobyl: la irradiaci\u00f3n de alimentos a 40 a\u00f1os del accidente nuclear","datePublished":"2026-04-24T16:08:16+00:00","mainEntityOfPage":{"@id":"https:\/\/gysfm.com.ar\/inicio\/chernobyl-la-irradiacion-de-alimentos-a-40-anos-del-accidente-nuclear\/"},"wordCount":1024,"publisher":{"@id":"https:\/\/gysfm.com.ar\/inicio\/#organization"},"image":{"@id":"https:\/\/gysfm.com.ar\/inicio\/chernobyl-la-irradiacion-de-alimentos-a-40-anos-del-accidente-nuclear\/#primaryimage"},"thumbnailUrl":"https:\/\/gysfm.com.ar\/inicio\/wp-content\/uploads\/2026\/04\/trigo-y-maiz-cultivado-en-la-zona-de-exclusion-de-chernobyl-20260422-2226010.jpg","articleSection":["NACIONALES"],"inLanguage":"es"},{"@type":"WebPage","@id":"https:\/\/gysfm.com.ar\/inicio\/chernobyl-la-irradiacion-de-alimentos-a-40-anos-del-accidente-nuclear\/","url":"https:\/\/gysfm.com.ar\/inicio\/chernobyl-la-irradiacion-de-alimentos-a-40-anos-del-accidente-nuclear\/","name":"Chernobyl: la irradiaci\u00f3n de alimentos a 40 a\u00f1os del accidente nuclear - GYS NOTICIAS |","isPartOf":{"@id":"https:\/\/gysfm.com.ar\/inicio\/#website"},"primaryImageOfPage":{"@id":"https:\/\/gysfm.com.ar\/inicio\/chernobyl-la-irradiacion-de-alimentos-a-40-anos-del-accidente-nuclear\/#primaryimage"},"image":{"@id":"https:\/\/gysfm.com.ar\/inicio\/chernobyl-la-irradiacion-de-alimentos-a-40-anos-del-accidente-nuclear\/#primaryimage"},"thumbnailUrl":"https:\/\/gysfm.com.ar\/inicio\/wp-content\/uploads\/2026\/04\/trigo-y-maiz-cultivado-en-la-zona-de-exclusion-de-chernobyl-20260422-2226010.jpg","datePublished":"2026-04-24T16:08:16+00:00","breadcrumb":{"@id":"https:\/\/gysfm.com.ar\/inicio\/chernobyl-la-irradiacion-de-alimentos-a-40-anos-del-accidente-nuclear\/#breadcrumb"},"inLanguage":"es","potentialAction":[{"@type":"ReadAction","target":["https:\/\/gysfm.com.ar\/inicio\/chernobyl-la-irradiacion-de-alimentos-a-40-anos-del-accidente-nuclear\/"]}]},{"@type":"ImageObject","inLanguage":"es","@id":"https:\/\/gysfm.com.ar\/inicio\/chernobyl-la-irradiacion-de-alimentos-a-40-anos-del-accidente-nuclear\/#primaryimage","url":"https:\/\/gysfm.com.ar\/inicio\/wp-content\/uploads\/2026\/04\/trigo-y-maiz-cultivado-en-la-zona-de-exclusion-de-chernobyl-20260422-2226010.jpg","contentUrl":"https:\/\/gysfm.com.ar\/inicio\/wp-content\/uploads\/2026\/04\/trigo-y-maiz-cultivado-en-la-zona-de-exclusion-de-chernobyl-20260422-2226010.jpg","width":1140,"height":641},{"@type":"BreadcrumbList","@id":"https:\/\/gysfm.com.ar\/inicio\/chernobyl-la-irradiacion-de-alimentos-a-40-anos-del-accidente-nuclear\/#breadcrumb","itemListElement":[{"@type":"ListItem","position":1,"name":"Portada","item":"https:\/\/gysfm.com.ar\/inicio\/"},{"@type":"ListItem","position":2,"name":"Chernobyl: la irradiaci\u00f3n de alimentos a 40 a\u00f1os del accidente nuclear"}]},{"@type":"WebSite","@id":"https:\/\/gysfm.com.ar\/inicio\/#website","url":"https:\/\/gysfm.com.ar\/inicio\/","name":"GYS NOTICIAS |","description":"DIARIO - RADIO ONLINE SAN JUAN ARGENTINA","publisher":{"@id":"https:\/\/gysfm.com.ar\/inicio\/#organization"},"potentialAction":[{"@type":"SearchAction","target":{"@type":"EntryPoint","urlTemplate":"https:\/\/gysfm.com.ar\/inicio\/?s={search_term_string}"},"query-input":{"@type":"PropertyValueSpecification","valueRequired":true,"valueName":"search_term_string"}}],"inLanguage":"es"},{"@type":"Organization","@id":"https:\/\/gysfm.com.ar\/inicio\/#organization","name":"GYS NOTICIAS |","url":"https:\/\/gysfm.com.ar\/inicio\/","logo":{"@type":"ImageObject","inLanguage":"es","@id":"https:\/\/gysfm.com.ar\/inicio\/#\/schema\/logo\/image\/","url":"https:\/\/gysfm.com.ar\/inicio\/wp-content\/uploads\/2023\/07\/LOGOGYS-OK.png","contentUrl":"https:\/\/gysfm.com.ar\/inicio\/wp-content\/uploads\/2023\/07\/LOGOGYS-OK.png","width":1170,"height":872,"caption":"GYS NOTICIAS |"},"image":{"@id":"https:\/\/gysfm.com.ar\/inicio\/#\/schema\/logo\/image\/"}},{"@type":"Person","@id":"https:\/\/gysfm.com.ar\/inicio\/#\/schema\/person\/3abba7593ef2ad19e1be221d54383dc5","name":"Prensa G&amp;S FM","image":{"@type":"ImageObject","inLanguage":"es","@id":"https:\/\/gysfm.com.ar\/inicio\/#\/schema\/person\/image\/","url":"https:\/\/secure.gravatar.com\/avatar\/096ec78df02049ab018702bb4ccedf659377fa92a26540b5247612077a0dbd29?s=96&d=mm&r=g","contentUrl":"https:\/\/secure.gravatar.com\/avatar\/096ec78df02049ab018702bb4ccedf659377fa92a26540b5247612077a0dbd29?s=96&d=mm&r=g","caption":"Prensa G&amp;S FM"},"sameAs":["https:\/\/gysfm.com.ar\/"],"url":"https:\/\/gysfm.com.ar\/inicio\/author\/lucasm\/"}]}},"_links":{"self":[{"href":"https:\/\/gysfm.com.ar\/inicio\/wp-json\/wp\/v2\/posts\/192731","targetHints":{"allow":["GET"]}}],"collection":[{"href":"https:\/\/gysfm.com.ar\/inicio\/wp-json\/wp\/v2\/posts"}],"about":[{"href":"https:\/\/gysfm.com.ar\/inicio\/wp-json\/wp\/v2\/types\/post"}],"author":[{"embeddable":true,"href":"https:\/\/gysfm.com.ar\/inicio\/wp-json\/wp\/v2\/users\/2"}],"replies":[{"embeddable":true,"href":"https:\/\/gysfm.com.ar\/inicio\/wp-json\/wp\/v2\/comments?post=192731"}],"version-history":[{"count":0,"href":"https:\/\/gysfm.com.ar\/inicio\/wp-json\/wp\/v2\/posts\/192731\/revisions"}],"wp:featuredmedia":[{"embeddable":true,"href":"https:\/\/gysfm.com.ar\/inicio\/wp-json\/wp\/v2\/media\/192732"}],"wp:attachment":[{"href":"https:\/\/gysfm.com.ar\/inicio\/wp-json\/wp\/v2\/media?parent=192731"}],"wp:term":[{"taxonomy":"category","embeddable":true,"href":"https:\/\/gysfm.com.ar\/inicio\/wp-json\/wp\/v2\/categories?post=192731"},{"taxonomy":"post_tag","embeddable":true,"href":"https:\/\/gysfm.com.ar\/inicio\/wp-json\/wp\/v2\/tags?post=192731"}],"curies":[{"name":"wp","href":"https:\/\/api.w.org\/{rel}","templated":true}]}}