{"id":192621,"date":"2026-04-23T23:03:12","date_gmt":"2026-04-24T02:03:12","guid":{"rendered":"https:\/\/gysfm.com.ar\/inicio\/quienes-son-los-dos-periodistas-denunciados-por-la-casa-militar-por-filmar-en-los-pasillos-de-la-casa-rosada\/"},"modified":"2026-04-23T23:03:12","modified_gmt":"2026-04-24T02:03:12","slug":"quienes-son-los-dos-periodistas-denunciados-por-la-casa-militar-por-filmar-en-los-pasillos-de-la-casa-rosada","status":"publish","type":"post","link":"https:\/\/gysfm.com.ar\/inicio\/quienes-son-los-dos-periodistas-denunciados-por-la-casa-militar-por-filmar-en-los-pasillos-de-la-casa-rosada\/","title":{"rendered":"Qui\u00e9nes son los dos periodistas denunciados por la Casa Militar por filmar en los pasillos de la Casa Rosada"},"content":{"rendered":"<p><\/p>\n<div id=\"article-content\">\n<p>El Gobierno nacional denunci\u00f3 penalmente a los <a target=\"_blank\" href=\"https:\/\/https:\/\/www.perfil.com\/noticias\/politica\/el-gobierno-explico-por-que-prohibio-el-ingreso-de-periodistas-a-la-casa-rosada-el-unico-fin-es-garantizar-la-seguridad-nacional.phtml\">periodistas<\/a> <strong>Luciana Geuna <\/strong>e <strong>Ignacio Salerno<\/strong> por la difusi\u00f3n de un informe grabado dentro de la Casa Rosada, en una causa que qued\u00f3 radicada en el juzgado de <strong>Ariel Lijo <\/strong>en Comodoro Py, bajo cargos vinculados a la presunta divulgaci\u00f3n de secretos pol\u00edticos y militares.<\/p>\n<p>Para el Gobierno esta situaci\u00f3n fue el disparador para suspender el ingreso a la prensa acreditada a la Sala de Periodistas de la Casa Rosada, un hecho que <strong>no registra antecedentes<\/strong>. As\u00ed, quedaron sin efecto las pr\u00f3rrogas a las acreditaciones del a\u00f1o 2025 hasta que no se aclaren los hechos.<\/p>\n<p>Seg\u00fan la presentaci\u00f3n realizada por la Casa Militar, contra Geuna y Salerno, el material period\u00edstico habr\u00eda <strong>vulnerado la seguridad de las instalaciones y expuesto informaci\u00f3n considerada estrat\u00e9gica<\/strong> para el funcionamiento del Poder Ejecutivo. En paralelo, el Gobierno dispuso medidas administrativas sobre los involucrados.<\/p>\n<div class=\"subscription\">\n<p>\n        Esto no les gusta a los autoritarios\n    <\/p>\n<div class=\"subscription__container\">\n<div class=\"subscription__text-wrapper\">\n<p>\n                El ejercicio del periodismo profesional y cr\u00edtico es un pilar fundamental de la democracia. Por eso molesta a quienes creen ser los due\u00f1os de la verdad.\n            <\/p>\n<\/p><\/div><\/div>\n<\/div>\n<p class=\"destacadoNota\"><a target=\"_blank\" href=\"https:\/\/www.perfil.com\/noticias\/politica\/el-gobierno-de-javier-milei-prohibio-el-ingreso-a-los-periodistas-acreditados-a-la-casa-rosada.phtml\">El Gobierno de Javier Milei prohibi\u00f3 el ingreso a los periodistas acreditados a la Casa Rosada<\/a><\/p>\n<p>La denuncia se\u00f1ala que ambos periodistas, integrantes del equipo de TN, participaron en la producci\u00f3n de un informe emitido el domingo en el programa <em>Y ma\u00f1ana qu\u00e9<\/em>, donde se mostraron distintos sectores del palacio de gobierno. De acuerdo con la acusaci\u00f3n, las im\u00e1genes habr\u00edan sido registradas de manera<strong> furtiva y sin autorizaci\u00f3n oficia<\/strong>l.<\/p>\n<p>En ese marco, la Casa Militar sostuvo que el video exhibe s<strong>istemas de vigilancia, equipos de comunicaci\u00f3n y dispositivos de control de acceso<\/strong> que deben permanecer bajo reserva. La presentaci\u00f3n judicial invoca posibles delitos contra la seguridad nacional previstos en el C\u00f3digo Penal y en la Ley Nacional de Inteligencia, al considerar que el contenido difundido podr\u00eda facilitar informaci\u00f3n sensible sobre los movimientos presidenciales.<\/p>\n<h2>Qui\u00e9nes son los dos periodistas denunciados<\/h2>\n<p><strong>Luciana Geuna<\/strong>  es  una periodista nacida en Rosario especializada en pol\u00edtica y actualidad. Condujo noticieros en en<em> Todo Notcias (TN)<\/em> y <em>Canal 13<\/em> y desde 2024 participa en el canal de streaming <em>Olga<\/em>.<\/p>\n<p>Entre 2005 y 2013 form\u00f3 parte de los ciclos radiales y televisivos del periodista <strong>Jorge Lanata<\/strong>. <\/p>\n<p>En 2023 fue una de las moderadoras del debate presidencial del balotaje que termin\u00f3 con la llegada de Javier Milei al poder.<\/p>\n<p><strong>Ignacio Salerno<\/strong>, por su parte, es un periodista especializado en temas pol\u00edticos que se desempe\u00f1a en TN y hasta ahora cumplia funciones como acraditado en la Casa de Gobierno.<\/p>\n<p class=\"destacadoNota\"><a target=\"_blank\" href=\"https:\/\/https:\/\/www.perfil.com\/noticias\/modo-fontevecchia\/dia-865-peter-thiel-el-enemigo-de-la-democracia-se-reune-con-milei-modof.phtml\">D\u00eda 865: Peter Thiel, el enemigo de la democracia, se re\u00fane con Milei<\/a><\/p>\n<h2>Qu\u00e9 dijo Javier Milei<\/h2>\n<p>El presidente Javier Milei, quien se encontraba en Israel al momento de la emisi\u00f3n del informe, cuestion\u00f3 p\u00fablicamente a los periodistas a trav\u00e9s de su cuenta en la red social X. Calific\u00f3 el hecho como<strong> delictivo <\/strong>y reclam\u00f3 sanciones, en l\u00ednea con sus cr\u00edticas recurrentes hacia sectores de la prensa. \u201cBASURAS REPUGNANTES&#8230; Espero que esto llegue hasta los m\u00e1ximos responsables\u201d, escribi\u00f3.<\/p>\n<p>Adem\u00e1s de la causa judicial, el Gobierno aplic\u00f3 sanciones administrativas. La Secretar\u00eda de Comunicaci\u00f3n y Medios encuadr\u00f3 el episodio como una falta grave al reglamento interno, que proh\u00edbe registrar im\u00e1genes en \u00e1reas no habilitadas.<\/p>\n<p>La normativa vigente establece que la transmisi\u00f3n en vivo o la grabaci\u00f3n en zonas restringidas constituye una infracci\u00f3n pasible de sanci\u00f3n, incluida la revocaci\u00f3n de credenciales. Desde el \u00e1rea de seguridad nacional remarcaron que la difusi\u00f3n del material implic\u00f3 \u201c<strong>riesgos injustificados\u201d<\/strong> para el funcionamiento del Ejecutivo y la integridad del Presidente, al revelar la ubicaci\u00f3n de despachos y salas de reuniones estrat\u00e9gicas.<\/p>\n<p>LT<\/p>\n<\/p><\/div>\n<p><script>\n                !function(f,b,e,v,n,t,s)\n                {if(f.fbq)return;n=f.fbq=function(){n.callMethod?\n                    n.callMethod.apply(n,arguments):n.queue.push(arguments)};\n                    if(!f._fbq)f._fbq=n;n.push=n;n.loaded=!0;n.version='2.0';\n                    n.queue=[];t=b.createElement(e);t.async=!0;\n                    t.src=v;s=b.getElementsByTagName(e)[0];\n                    s.parentNode.insertBefore(t,s)}(window, document,'script',\n                    'https:\/\/connect.facebook.net\/en_US\/fbevents.js');\n                window.paywallConfig.facebook_pixel=\"1000228364089342\"\n            <\/script><\/p>\n","protected":false},"excerpt":{"rendered":"<p>El Gobierno nacional denunci\u00f3 penalmente a los periodistas Luciana Geuna e Ignacio Salerno por la difusi\u00f3n de un informe grabado dentro de la Casa Rosada, en una causa que qued\u00f3 radicada en el juzgado de Ariel Lijo en Comodoro Py, bajo cargos vinculados a la presunta divulgaci\u00f3n de secretos pol\u00edticos y militares. Para el Gobierno [&hellip;]<\/p>\n","protected":false},"author":2,"featured_media":192622,"comment_status":"closed","ping_status":"closed","sticky":false,"template":"","format":"standard","meta":{"footnotes":""},"categories":[25],"tags":[],"class_list":["post-192621","post","type-post","status-publish","format-standard","has-post-thumbnail","hentry","category-nacionales"],"yoast_head":"<!-- This site is optimized with the Yoast SEO plugin v24.4 - https:\/\/yoast.com\/wordpress\/plugins\/seo\/ -->\n<title>Qui\u00e9nes son los dos periodistas denunciados por la Casa Militar por filmar en los pasillos de la Casa Rosada - GYS NOTICIAS |<\/title>\n<meta name=\"robots\" content=\"index, follow, max-snippet:-1, max-image-preview:large, max-video-preview:-1\" \/>\n<link rel=\"canonical\" href=\"https:\/\/gysfm.com.ar\/inicio\/quienes-son-los-dos-periodistas-denunciados-por-la-casa-militar-por-filmar-en-los-pasillos-de-la-casa-rosada\/\" \/>\n<meta property=\"og:locale\" content=\"es_ES\" \/>\n<meta property=\"og:type\" content=\"article\" \/>\n<meta property=\"og:title\" content=\"Qui\u00e9nes son los dos periodistas denunciados por la Casa Militar por filmar en los pasillos de la Casa Rosada - GYS NOTICIAS |\" \/>\n<meta property=\"og:description\" content=\"El Gobierno nacional denunci\u00f3 penalmente a los periodistas Luciana Geuna e Ignacio Salerno por la difusi\u00f3n de un informe grabado dentro de la Casa Rosada, en una causa que qued\u00f3 radicada en el juzgado de Ariel Lijo en Comodoro Py, bajo cargos vinculados a la presunta divulgaci\u00f3n de secretos pol\u00edticos y militares. Para el Gobierno [&hellip;]\" \/>\n<meta property=\"og:url\" content=\"https:\/\/gysfm.com.ar\/inicio\/quienes-son-los-dos-periodistas-denunciados-por-la-casa-militar-por-filmar-en-los-pasillos-de-la-casa-rosada\/\" \/>\n<meta property=\"og:site_name\" content=\"GYS NOTICIAS |\" \/>\n<meta property=\"article:published_time\" content=\"2026-04-24T02:03:12+00:00\" \/>\n<meta name=\"author\" content=\"Prensa G&amp;S FM\" \/>\n<meta name=\"twitter:card\" content=\"summary_large_image\" \/>\n<meta name=\"twitter:label1\" content=\"Escrito por\" \/>\n\t<meta name=\"twitter:data1\" content=\"Prensa G&amp;S FM\" \/>\n\t<meta name=\"twitter:label2\" content=\"Tiempo de lectura\" \/>\n\t<meta name=\"twitter:data2\" content=\"3 minutos\" \/>\n<script type=\"application\/ld+json\" class=\"yoast-schema-graph\">{\"@context\":\"https:\/\/schema.org\",\"@graph\":[{\"@type\":\"Article\",\"@id\":\"https:\/\/gysfm.com.ar\/inicio\/quienes-son-los-dos-periodistas-denunciados-por-la-casa-militar-por-filmar-en-los-pasillos-de-la-casa-rosada\/#article\",\"isPartOf\":{\"@id\":\"https:\/\/gysfm.com.ar\/inicio\/quienes-son-los-dos-periodistas-denunciados-por-la-casa-militar-por-filmar-en-los-pasillos-de-la-casa-rosada\/\"},\"author\":{\"name\":\"Prensa G&amp;S FM\",\"@id\":\"https:\/\/gysfm.com.ar\/inicio\/#\/schema\/person\/3abba7593ef2ad19e1be221d54383dc5\"},\"headline\":\"Qui\u00e9nes son los dos periodistas denunciados por la Casa Militar por filmar en los pasillos de la Casa Rosada\",\"datePublished\":\"2026-04-24T02:03:12+00:00\",\"mainEntityOfPage\":{\"@id\":\"https:\/\/gysfm.com.ar\/inicio\/quienes-son-los-dos-periodistas-denunciados-por-la-casa-militar-por-filmar-en-los-pasillos-de-la-casa-rosada\/\"},\"wordCount\":656,\"publisher\":{\"@id\":\"https:\/\/gysfm.com.ar\/inicio\/#organization\"},\"image\":{\"@id\":\"https:\/\/gysfm.com.ar\/inicio\/quienes-son-los-dos-periodistas-denunciados-por-la-casa-militar-por-filmar-en-los-pasillos-de-la-casa-rosada\/#primaryimage\"},\"thumbnailUrl\":\"https:\/\/gysfm.com.ar\/inicio\/wp-content\/uploads\/2026\/04\/ignacio-salerno-y-luciana-geuna-23042026-2226251.jpg\",\"articleSection\":[\"NACIONALES\"],\"inLanguage\":\"es\"},{\"@type\":\"WebPage\",\"@id\":\"https:\/\/gysfm.com.ar\/inicio\/quienes-son-los-dos-periodistas-denunciados-por-la-casa-militar-por-filmar-en-los-pasillos-de-la-casa-rosada\/\",\"url\":\"https:\/\/gysfm.com.ar\/inicio\/quienes-son-los-dos-periodistas-denunciados-por-la-casa-militar-por-filmar-en-los-pasillos-de-la-casa-rosada\/\",\"name\":\"Qui\u00e9nes son los dos periodistas denunciados por la Casa Militar por filmar en los pasillos de la Casa Rosada - GYS NOTICIAS |\",\"isPartOf\":{\"@id\":\"https:\/\/gysfm.com.ar\/inicio\/#website\"},\"primaryImageOfPage\":{\"@id\":\"https:\/\/gysfm.com.ar\/inicio\/quienes-son-los-dos-periodistas-denunciados-por-la-casa-militar-por-filmar-en-los-pasillos-de-la-casa-rosada\/#primaryimage\"},\"image\":{\"@id\":\"https:\/\/gysfm.com.ar\/inicio\/quienes-son-los-dos-periodistas-denunciados-por-la-casa-militar-por-filmar-en-los-pasillos-de-la-casa-rosada\/#primaryimage\"},\"thumbnailUrl\":\"https:\/\/gysfm.com.ar\/inicio\/wp-content\/uploads\/2026\/04\/ignacio-salerno-y-luciana-geuna-23042026-2226251.jpg\",\"datePublished\":\"2026-04-24T02:03:12+00:00\",\"breadcrumb\":{\"@id\":\"https:\/\/gysfm.com.ar\/inicio\/quienes-son-los-dos-periodistas-denunciados-por-la-casa-militar-por-filmar-en-los-pasillos-de-la-casa-rosada\/#breadcrumb\"},\"inLanguage\":\"es\",\"potentialAction\":[{\"@type\":\"ReadAction\",\"target\":[\"https:\/\/gysfm.com.ar\/inicio\/quienes-son-los-dos-periodistas-denunciados-por-la-casa-militar-por-filmar-en-los-pasillos-de-la-casa-rosada\/\"]}]},{\"@type\":\"ImageObject\",\"inLanguage\":\"es\",\"@id\":\"https:\/\/gysfm.com.ar\/inicio\/quienes-son-los-dos-periodistas-denunciados-por-la-casa-militar-por-filmar-en-los-pasillos-de-la-casa-rosada\/#primaryimage\",\"url\":\"https:\/\/gysfm.com.ar\/inicio\/wp-content\/uploads\/2026\/04\/ignacio-salerno-y-luciana-geuna-23042026-2226251.jpg\",\"contentUrl\":\"https:\/\/gysfm.com.ar\/inicio\/wp-content\/uploads\/2026\/04\/ignacio-salerno-y-luciana-geuna-23042026-2226251.jpg\",\"width\":1140,\"height\":641},{\"@type\":\"BreadcrumbList\",\"@id\":\"https:\/\/gysfm.com.ar\/inicio\/quienes-son-los-dos-periodistas-denunciados-por-la-casa-militar-por-filmar-en-los-pasillos-de-la-casa-rosada\/#breadcrumb\",\"itemListElement\":[{\"@type\":\"ListItem\",\"position\":1,\"name\":\"Portada\",\"item\":\"https:\/\/gysfm.com.ar\/inicio\/\"},{\"@type\":\"ListItem\",\"position\":2,\"name\":\"Qui\u00e9nes son los dos periodistas denunciados por la Casa Militar por filmar en los pasillos de la Casa Rosada\"}]},{\"@type\":\"WebSite\",\"@id\":\"https:\/\/gysfm.com.ar\/inicio\/#website\",\"url\":\"https:\/\/gysfm.com.ar\/inicio\/\",\"name\":\"GYS NOTICIAS |\",\"description\":\"DIARIO - RADIO ONLINE SAN JUAN ARGENTINA\",\"publisher\":{\"@id\":\"https:\/\/gysfm.com.ar\/inicio\/#organization\"},\"potentialAction\":[{\"@type\":\"SearchAction\",\"target\":{\"@type\":\"EntryPoint\",\"urlTemplate\":\"https:\/\/gysfm.com.ar\/inicio\/?s={search_term_string}\"},\"query-input\":{\"@type\":\"PropertyValueSpecification\",\"valueRequired\":true,\"valueName\":\"search_term_string\"}}],\"inLanguage\":\"es\"},{\"@type\":\"Organization\",\"@id\":\"https:\/\/gysfm.com.ar\/inicio\/#organization\",\"name\":\"GYS NOTICIAS |\",\"url\":\"https:\/\/gysfm.com.ar\/inicio\/\",\"logo\":{\"@type\":\"ImageObject\",\"inLanguage\":\"es\",\"@id\":\"https:\/\/gysfm.com.ar\/inicio\/#\/schema\/logo\/image\/\",\"url\":\"https:\/\/gysfm.com.ar\/inicio\/wp-content\/uploads\/2023\/07\/LOGOGYS-OK.png\",\"contentUrl\":\"https:\/\/gysfm.com.ar\/inicio\/wp-content\/uploads\/2023\/07\/LOGOGYS-OK.png\",\"width\":1170,\"height\":872,\"caption\":\"GYS NOTICIAS |\"},\"image\":{\"@id\":\"https:\/\/gysfm.com.ar\/inicio\/#\/schema\/logo\/image\/\"}},{\"@type\":\"Person\",\"@id\":\"https:\/\/gysfm.com.ar\/inicio\/#\/schema\/person\/3abba7593ef2ad19e1be221d54383dc5\",\"name\":\"Prensa G&amp;S FM\",\"image\":{\"@type\":\"ImageObject\",\"inLanguage\":\"es\",\"@id\":\"https:\/\/gysfm.com.ar\/inicio\/#\/schema\/person\/image\/\",\"url\":\"https:\/\/secure.gravatar.com\/avatar\/096ec78df02049ab018702bb4ccedf659377fa92a26540b5247612077a0dbd29?s=96&d=mm&r=g\",\"contentUrl\":\"https:\/\/secure.gravatar.com\/avatar\/096ec78df02049ab018702bb4ccedf659377fa92a26540b5247612077a0dbd29?s=96&d=mm&r=g\",\"caption\":\"Prensa G&amp;S FM\"},\"sameAs\":[\"https:\/\/gysfm.com.ar\/\"],\"url\":\"https:\/\/gysfm.com.ar\/inicio\/author\/lucasm\/\"}]}<\/script>\n<!-- \/ Yoast SEO plugin. -->","yoast_head_json":{"title":"Qui\u00e9nes son los dos periodistas denunciados por la Casa Militar por filmar en los pasillos de la Casa Rosada - GYS NOTICIAS |","robots":{"index":"index","follow":"follow","max-snippet":"max-snippet:-1","max-image-preview":"max-image-preview:large","max-video-preview":"max-video-preview:-1"},"canonical":"https:\/\/gysfm.com.ar\/inicio\/quienes-son-los-dos-periodistas-denunciados-por-la-casa-militar-por-filmar-en-los-pasillos-de-la-casa-rosada\/","og_locale":"es_ES","og_type":"article","og_title":"Qui\u00e9nes son los dos periodistas denunciados por la Casa Militar por filmar en los pasillos de la Casa Rosada - GYS NOTICIAS |","og_description":"El Gobierno nacional denunci\u00f3 penalmente a los periodistas Luciana Geuna e Ignacio Salerno por la difusi\u00f3n de un informe grabado dentro de la Casa Rosada, en una causa que qued\u00f3 radicada en el juzgado de Ariel Lijo en Comodoro Py, bajo cargos vinculados a la presunta divulgaci\u00f3n de secretos pol\u00edticos y militares. Para el Gobierno [&hellip;]","og_url":"https:\/\/gysfm.com.ar\/inicio\/quienes-son-los-dos-periodistas-denunciados-por-la-casa-militar-por-filmar-en-los-pasillos-de-la-casa-rosada\/","og_site_name":"GYS NOTICIAS |","article_published_time":"2026-04-24T02:03:12+00:00","author":"Prensa G&amp;S FM","twitter_card":"summary_large_image","twitter_misc":{"Escrito por":"Prensa G&amp;S FM","Tiempo de lectura":"3 minutos"},"schema":{"@context":"https:\/\/schema.org","@graph":[{"@type":"Article","@id":"https:\/\/gysfm.com.ar\/inicio\/quienes-son-los-dos-periodistas-denunciados-por-la-casa-militar-por-filmar-en-los-pasillos-de-la-casa-rosada\/#article","isPartOf":{"@id":"https:\/\/gysfm.com.ar\/inicio\/quienes-son-los-dos-periodistas-denunciados-por-la-casa-militar-por-filmar-en-los-pasillos-de-la-casa-rosada\/"},"author":{"name":"Prensa G&amp;S FM","@id":"https:\/\/gysfm.com.ar\/inicio\/#\/schema\/person\/3abba7593ef2ad19e1be221d54383dc5"},"headline":"Qui\u00e9nes son los dos periodistas denunciados por la Casa Militar por filmar en los pasillos de la Casa Rosada","datePublished":"2026-04-24T02:03:12+00:00","mainEntityOfPage":{"@id":"https:\/\/gysfm.com.ar\/inicio\/quienes-son-los-dos-periodistas-denunciados-por-la-casa-militar-por-filmar-en-los-pasillos-de-la-casa-rosada\/"},"wordCount":656,"publisher":{"@id":"https:\/\/gysfm.com.ar\/inicio\/#organization"},"image":{"@id":"https:\/\/gysfm.com.ar\/inicio\/quienes-son-los-dos-periodistas-denunciados-por-la-casa-militar-por-filmar-en-los-pasillos-de-la-casa-rosada\/#primaryimage"},"thumbnailUrl":"https:\/\/gysfm.com.ar\/inicio\/wp-content\/uploads\/2026\/04\/ignacio-salerno-y-luciana-geuna-23042026-2226251.jpg","articleSection":["NACIONALES"],"inLanguage":"es"},{"@type":"WebPage","@id":"https:\/\/gysfm.com.ar\/inicio\/quienes-son-los-dos-periodistas-denunciados-por-la-casa-militar-por-filmar-en-los-pasillos-de-la-casa-rosada\/","url":"https:\/\/gysfm.com.ar\/inicio\/quienes-son-los-dos-periodistas-denunciados-por-la-casa-militar-por-filmar-en-los-pasillos-de-la-casa-rosada\/","name":"Qui\u00e9nes son los dos periodistas denunciados por la Casa Militar por filmar en los pasillos de la Casa Rosada - GYS NOTICIAS |","isPartOf":{"@id":"https:\/\/gysfm.com.ar\/inicio\/#website"},"primaryImageOfPage":{"@id":"https:\/\/gysfm.com.ar\/inicio\/quienes-son-los-dos-periodistas-denunciados-por-la-casa-militar-por-filmar-en-los-pasillos-de-la-casa-rosada\/#primaryimage"},"image":{"@id":"https:\/\/gysfm.com.ar\/inicio\/quienes-son-los-dos-periodistas-denunciados-por-la-casa-militar-por-filmar-en-los-pasillos-de-la-casa-rosada\/#primaryimage"},"thumbnailUrl":"https:\/\/gysfm.com.ar\/inicio\/wp-content\/uploads\/2026\/04\/ignacio-salerno-y-luciana-geuna-23042026-2226251.jpg","datePublished":"2026-04-24T02:03:12+00:00","breadcrumb":{"@id":"https:\/\/gysfm.com.ar\/inicio\/quienes-son-los-dos-periodistas-denunciados-por-la-casa-militar-por-filmar-en-los-pasillos-de-la-casa-rosada\/#breadcrumb"},"inLanguage":"es","potentialAction":[{"@type":"ReadAction","target":["https:\/\/gysfm.com.ar\/inicio\/quienes-son-los-dos-periodistas-denunciados-por-la-casa-militar-por-filmar-en-los-pasillos-de-la-casa-rosada\/"]}]},{"@type":"ImageObject","inLanguage":"es","@id":"https:\/\/gysfm.com.ar\/inicio\/quienes-son-los-dos-periodistas-denunciados-por-la-casa-militar-por-filmar-en-los-pasillos-de-la-casa-rosada\/#primaryimage","url":"https:\/\/gysfm.com.ar\/inicio\/wp-content\/uploads\/2026\/04\/ignacio-salerno-y-luciana-geuna-23042026-2226251.jpg","contentUrl":"https:\/\/gysfm.com.ar\/inicio\/wp-content\/uploads\/2026\/04\/ignacio-salerno-y-luciana-geuna-23042026-2226251.jpg","width":1140,"height":641},{"@type":"BreadcrumbList","@id":"https:\/\/gysfm.com.ar\/inicio\/quienes-son-los-dos-periodistas-denunciados-por-la-casa-militar-por-filmar-en-los-pasillos-de-la-casa-rosada\/#breadcrumb","itemListElement":[{"@type":"ListItem","position":1,"name":"Portada","item":"https:\/\/gysfm.com.ar\/inicio\/"},{"@type":"ListItem","position":2,"name":"Qui\u00e9nes son los dos periodistas denunciados por la Casa Militar por filmar en los pasillos de la Casa Rosada"}]},{"@type":"WebSite","@id":"https:\/\/gysfm.com.ar\/inicio\/#website","url":"https:\/\/gysfm.com.ar\/inicio\/","name":"GYS NOTICIAS |","description":"DIARIO - RADIO ONLINE SAN JUAN ARGENTINA","publisher":{"@id":"https:\/\/gysfm.com.ar\/inicio\/#organization"},"potentialAction":[{"@type":"SearchAction","target":{"@type":"EntryPoint","urlTemplate":"https:\/\/gysfm.com.ar\/inicio\/?s={search_term_string}"},"query-input":{"@type":"PropertyValueSpecification","valueRequired":true,"valueName":"search_term_string"}}],"inLanguage":"es"},{"@type":"Organization","@id":"https:\/\/gysfm.com.ar\/inicio\/#organization","name":"GYS NOTICIAS |","url":"https:\/\/gysfm.com.ar\/inicio\/","logo":{"@type":"ImageObject","inLanguage":"es","@id":"https:\/\/gysfm.com.ar\/inicio\/#\/schema\/logo\/image\/","url":"https:\/\/gysfm.com.ar\/inicio\/wp-content\/uploads\/2023\/07\/LOGOGYS-OK.png","contentUrl":"https:\/\/gysfm.com.ar\/inicio\/wp-content\/uploads\/2023\/07\/LOGOGYS-OK.png","width":1170,"height":872,"caption":"GYS NOTICIAS |"},"image":{"@id":"https:\/\/gysfm.com.ar\/inicio\/#\/schema\/logo\/image\/"}},{"@type":"Person","@id":"https:\/\/gysfm.com.ar\/inicio\/#\/schema\/person\/3abba7593ef2ad19e1be221d54383dc5","name":"Prensa G&amp;S FM","image":{"@type":"ImageObject","inLanguage":"es","@id":"https:\/\/gysfm.com.ar\/inicio\/#\/schema\/person\/image\/","url":"https:\/\/secure.gravatar.com\/avatar\/096ec78df02049ab018702bb4ccedf659377fa92a26540b5247612077a0dbd29?s=96&d=mm&r=g","contentUrl":"https:\/\/secure.gravatar.com\/avatar\/096ec78df02049ab018702bb4ccedf659377fa92a26540b5247612077a0dbd29?s=96&d=mm&r=g","caption":"Prensa G&amp;S FM"},"sameAs":["https:\/\/gysfm.com.ar\/"],"url":"https:\/\/gysfm.com.ar\/inicio\/author\/lucasm\/"}]}},"_links":{"self":[{"href":"https:\/\/gysfm.com.ar\/inicio\/wp-json\/wp\/v2\/posts\/192621","targetHints":{"allow":["GET"]}}],"collection":[{"href":"https:\/\/gysfm.com.ar\/inicio\/wp-json\/wp\/v2\/posts"}],"about":[{"href":"https:\/\/gysfm.com.ar\/inicio\/wp-json\/wp\/v2\/types\/post"}],"author":[{"embeddable":true,"href":"https:\/\/gysfm.com.ar\/inicio\/wp-json\/wp\/v2\/users\/2"}],"replies":[{"embeddable":true,"href":"https:\/\/gysfm.com.ar\/inicio\/wp-json\/wp\/v2\/comments?post=192621"}],"version-history":[{"count":0,"href":"https:\/\/gysfm.com.ar\/inicio\/wp-json\/wp\/v2\/posts\/192621\/revisions"}],"wp:featuredmedia":[{"embeddable":true,"href":"https:\/\/gysfm.com.ar\/inicio\/wp-json\/wp\/v2\/media\/192622"}],"wp:attachment":[{"href":"https:\/\/gysfm.com.ar\/inicio\/wp-json\/wp\/v2\/media?parent=192621"}],"wp:term":[{"taxonomy":"category","embeddable":true,"href":"https:\/\/gysfm.com.ar\/inicio\/wp-json\/wp\/v2\/categories?post=192621"},{"taxonomy":"post_tag","embeddable":true,"href":"https:\/\/gysfm.com.ar\/inicio\/wp-json\/wp\/v2\/tags?post=192621"}],"curies":[{"name":"wp","href":"https:\/\/api.w.org\/{rel}","templated":true}]}}