{"id":192618,"date":"2026-04-23T22:42:11","date_gmt":"2026-04-24T01:42:11","guid":{"rendered":"https:\/\/gysfm.com.ar\/inicio\/pedro-sanchez-se-refirio-a-cataluna-como-un-pais-independiente-y-genero-polemica\/"},"modified":"2026-04-23T22:42:11","modified_gmt":"2026-04-24T01:42:11","slug":"pedro-sanchez-se-refirio-a-cataluna-como-un-pais-independiente-y-genero-polemica","status":"publish","type":"post","link":"https:\/\/gysfm.com.ar\/inicio\/pedro-sanchez-se-refirio-a-cataluna-como-un-pais-independiente-y-genero-polemica\/","title":{"rendered":"Pedro S\u00e1nchez se refiri\u00f3 a Catalu\u00f1a como un \u201cpa\u00eds\u201d independiente y gener\u00f3 pol\u00e9mica"},"content":{"rendered":"<p> <br \/>\n<\/p>\n<div>\n<p class=\"com-paragraph  --capital --s\">En un careo con dos de sus mayores opositores, el <a href=\"https:\/\/www.lanacion.com.ar\/el-mundo\/nueva-embestida-de-espana-contra-israel-sanchez-pedira-a-la-ue-que-rompa-su-acuerdo-de-asociacion-nid19042026\/\" target=\"_self\" title=\"https:\/\/www.lanacion.com.ar\/el-mundo\/nueva-embestida-de-espana-contra-israel-sanchez-pedira-a-la-ue-que-rompa-su-acuerdo-de-asociacion-nid19042026\/\" class=\"com-link break-word\" data-mrf-recirculation=\"n_link_parrafo\">presidente del Gobierno espa\u00f1ol, <strong>Pedro S\u00e1nchez<\/strong><\/a><strong>, se refiri\u00f3 a Espa\u00f1a y a Catalu\u00f1a como dos naciones separadas<\/strong>, reconociendo a este \u00faltimo como un<strong> pa\u00eds independiente<\/strong>. De esta forma, el mandatario izquierdista se sum\u00f3 a un debate que desde hace a\u00f1os cruza la pol\u00edtica y la sociedad: los intentos de <strong>constituir una Rep\u00fablica Catalana independiente del Estado espa\u00f1ol<\/strong>. <\/p>\n<p class=\"com-paragraph   --s\">En una sesi\u00f3n parlamentaria frente a <strong>Alberto N\u00fa\u00f1ez Feij\u00f3o<\/strong> (del Partido Popular) y <strong>M\u00edriam Nogueras<\/strong> (de Junts), S\u00e1nchez defendi\u00f3 las pol\u00edticas migratorias de regularizaci\u00f3n de su gobierno y consider\u00f3 que los extranjeros son personas que \u201ccontribuyen al crecimiento del pa\u00eds\u201d. En ese punto, seg\u00fan consign\u00f3 <a href=\"https:\/\/www.elmundo.es\/espana\/2026\/04\/22\/69e87b6b21efa090168b457f.html\" target=\"_blank\" title=\"https:\/\/www.elmundo.es\/espana\/2026\/04\/22\/69e87b6b21efa090168b457f.html\" class=\"com-link break-word\" data-mrf-recirculation=\"n_link_parrafo\" rel=\"nofollow\"><em>El Mundo<\/em><\/a>, asegur\u00f3 que \u201c<strong>su Gobierno har\u00e1 de Catalu\u00f1a y Espa\u00f1a pa\u00edses mejores<\/strong>\u201d.<\/p>\n<p class=\"com-paragraph   --s\">Esta no fue la primera vez que el l\u00edder del PSOE hace alusi\u00f3n al <strong>proceso independentista <\/strong>\u2014o <em>proc\u00e8s<\/em>, como le dicen los locales\u2014. Hace un a\u00f1o, durante la reuni\u00f3n Anual del C\u00edrculo de Econom\u00eda en <strong>Barcelona<\/strong>, ya hab\u00eda afirmado que Espa\u00f1a y Catalu\u00f1a eran \u201c<strong>pa\u00edses extraordinarios<\/strong>\u201d. <\/p>\n<div class=\"content-media\">\n<section role=\"button\" class=\"mod-media   \">\n<figure role=\"button\" tabindex=\"0\" class=\"mod-figure \"><figcaption class=\"mod-figcaption\"><span class=\"com-text --caption --twoxs\">Pedro S\u00e1nchez.<\/span><span class=\"com-text --credit --twoxs\">THOMAS COEX &#8211; AFP<\/span><\/figcaption><\/figure>\n<\/section>\n<\/div>\n<p class=\"com-paragraph   --s\">S\u00e1nchez se encuentra en Barcelona para patrocinar una cumbre de l\u00edderes mundiales de la izquierda. Entre los dirigentes presentes figuran el presidente brasile\u00f1o, <strong>Lula da Silva<\/strong>, el colombiano <strong>Gustavo Petro<\/strong>, el sudafricano, <strong>Cyril Ramaphosa<\/strong>, y la mexicana <strong>Claudia Sheinbaum <\/strong>en la que ser\u00e1 su primera visita a Espa\u00f1a tras a\u00f1os de tensiones bilaterales por la negativa de Madrid de disculparse por la colonizaci\u00f3n. La presencia argentina estar\u00e1 cubierta por el <strong>gobernador de Buenos Aires, Axel Kicillof<\/strong>.<\/p>\n<p class=\"com-paragraph   --s\">Asimismo, tambi\u00e9n asistir\u00e1n al c\u00f3nclave \u2014que tiene objetivo visualizar una alternativa program\u00e1tica de izquierda a la ola conservadora liderada por Donald Trump\u2014 el gobernador de Minnesota <strong>Tim Kaine<\/strong>, el alcalde de Nueva York, <strong>Zohran Mamdani<\/strong>, la vicepresidenta de la Comisi\u00f3n Europea, <strong>Teresa Ribera<\/strong> y el presidente del Partido Socialista Europeo, el sueco<strong> Stefan L\u00f6fven<\/strong>.<\/p>\n<p class=\"com-paragraph   --s\">El principal inter\u00e9s del encuentro fue m\u00e1s bien simb\u00f3lico: <strong>la uni\u00f3n de las izquierdas de ambos lados del Atl\u00e1ntico en un momento de gran agitaci\u00f3n geopol\u00edtica a nivel global<\/strong>. A su vez, uno de los objetivos de la cumbre es <a href=\"https:\/\/www.lanacion.com.ar\/el-mundo\/pedro-sanchez-busca-consolidarse-como-referente-del-progresismo-mundial-en-una-cumbre-en-barcelona-nid17042026\/\" target=\"_self\" title=\"https:\/\/www.lanacion.com.ar\/el-mundo\/pedro-sanchez-busca-consolidarse-como-referente-del-progresismo-mundial-en-una-cumbre-en-barcelona-nid17042026\/\" class=\"com-link break-word\" data-mrf-recirculation=\"n_link_parrafo\"><strong>realzar la imagen de S\u00e1nchez como referente del progresismo a nivel mundial<\/strong><\/a>. <\/p>\n<div class=\"content-media\">\n<section role=\"button\" class=\"mod-media   \">\n<figure role=\"button\" tabindex=\"0\" class=\"mod-figure \"><figcaption class=\"mod-figcaption\"><span class=\"com-text --caption --twoxs\">S\u00e1nchez posa junto al presidente de Brasil, Luiz In\u00e1cio Lula da Silva.<\/span><span class=\"com-text --credit --twoxs\">Joan Monfort &#8211; AP<\/span><\/figcaption><\/figure>\n<\/section>\n<\/div>\n<p class=\"com-paragraph   --s\">Adem\u00e1s de su postura independentista, S\u00e1nchez siempre se opuso a cualquier tipo de complicidad con la ofensiva israel\u00ed en Gaza, se plant\u00f3 ante las exigencias de Trump de multiplicar el gasto militar o de colaborar en la guerra contra Ir\u00e1n. <\/p>\n<p class=\"com-paragraph   --s\">La pr\u00f3xima cita electoral para S\u00e1nchez ser\u00e1 el <strong>17 de mayo con las elecciones en Andaluc\u00eda, la comunidad espa\u00f1ola m\u00e1s poblada<\/strong>. El propio Lula da Silva tambi\u00e9n se enfrentar\u00e1 pronto al desaf\u00edo de la reelecci\u00f3n. A pesar de su popularidad a nivel internacional, ni S\u00e1nchez ni Lula tienen garantizada la victoria en su propia casa. Pero al menos, este fin de semana en Barcelona se tradujo en <strong>la firma de una serie de acuerdos estrat\u00e9gicos y comerciales<\/strong>.<\/p>\n<section class=\"container-center-100 mb-40 border border-bottom border-thin border-neutral-light-700\">\n<hr\/>\n<\/section>\n<\/div>\n<p><script id=\"facebookpixel\" defer=\"\" type=\"text\/javascript\">\n        !function(f,b,e,v,n,t,s)\n        {if(f.fbq)return;n=f.fbq=function(){n.callMethod?\n        n.callMethod.apply(n,arguments):n.queue.push(arguments)};\n        if(!f._fbq)f._fbq=n;n.push=n;n.loaded=!0;n.version='2.0';\n        n.queue=[];t=b.createElement(e);t.async=!0;\n        t.src=v;s=b.getElementsByTagName(e)[0];\n        s.parentNode.insertBefore(t,s)}(window, document,'script',\n        'https:\/\/connect.facebook.net\/en_US\/fbevents.js');\n        fbq('init', '492459597522335');\n        fbq('track', 'PageView');\n    <\/script><br \/>\n<br \/><\/p>\n","protected":false},"excerpt":{"rendered":"<p>En un careo con dos de sus mayores opositores, el presidente del Gobierno espa\u00f1ol, Pedro S\u00e1nchez, se refiri\u00f3 a Espa\u00f1a y a Catalu\u00f1a como dos naciones separadas, reconociendo a este \u00faltimo como un pa\u00eds independiente. De esta forma, el mandatario izquierdista se sum\u00f3 a un debate que desde hace a\u00f1os cruza la pol\u00edtica y la [&hellip;]<\/p>\n","protected":false},"author":2,"featured_media":192619,"comment_status":"closed","ping_status":"closed","sticky":false,"template":"","format":"standard","meta":{"footnotes":""},"categories":[26],"tags":[],"class_list":["post-192618","post","type-post","status-publish","format-standard","has-post-thumbnail","hentry","category-internacionales"],"yoast_head":"<!-- This site is optimized with the Yoast SEO plugin v24.4 - https:\/\/yoast.com\/wordpress\/plugins\/seo\/ -->\n<title>Pedro S\u00e1nchez se refiri\u00f3 a Catalu\u00f1a como un \u201cpa\u00eds\u201d independiente y gener\u00f3 pol\u00e9mica - GYS NOTICIAS |<\/title>\n<meta name=\"robots\" content=\"index, follow, max-snippet:-1, max-image-preview:large, max-video-preview:-1\" \/>\n<link rel=\"canonical\" href=\"https:\/\/gysfm.com.ar\/inicio\/pedro-sanchez-se-refirio-a-cataluna-como-un-pais-independiente-y-genero-polemica\/\" \/>\n<meta property=\"og:locale\" content=\"es_ES\" \/>\n<meta property=\"og:type\" content=\"article\" \/>\n<meta property=\"og:title\" content=\"Pedro S\u00e1nchez se refiri\u00f3 a Catalu\u00f1a como un \u201cpa\u00eds\u201d independiente y gener\u00f3 pol\u00e9mica - GYS NOTICIAS |\" \/>\n<meta property=\"og:description\" content=\"En un careo con dos de sus mayores opositores, el presidente del Gobierno espa\u00f1ol, Pedro S\u00e1nchez, se refiri\u00f3 a Espa\u00f1a y a Catalu\u00f1a como dos naciones separadas, reconociendo a este \u00faltimo como un pa\u00eds independiente. De esta forma, el mandatario izquierdista se sum\u00f3 a un debate que desde hace a\u00f1os cruza la pol\u00edtica y la [&hellip;]\" \/>\n<meta property=\"og:url\" content=\"https:\/\/gysfm.com.ar\/inicio\/pedro-sanchez-se-refirio-a-cataluna-como-un-pais-independiente-y-genero-polemica\/\" \/>\n<meta property=\"og:site_name\" content=\"GYS NOTICIAS |\" \/>\n<meta property=\"article:published_time\" content=\"2026-04-24T01:42:11+00:00\" \/>\n<meta property=\"og:image\" content=\"https:\/\/gysfm.com.ar\/inicio\/wp-content\/uploads\/2026\/04\/el-presidente-de-espana-pedro-W6BCHJGCY5DIDO6Y2C2MN4KTTU.JPG\" \/>\n\t<meta property=\"og:image:width\" content=\"1200\" \/>\n\t<meta property=\"og:image:height\" content=\"800\" \/>\n\t<meta property=\"og:image:type\" content=\"image\/jpeg\" \/>\n<meta name=\"author\" content=\"Prensa G&amp;S FM\" \/>\n<meta name=\"twitter:card\" content=\"summary_large_image\" \/>\n<meta name=\"twitter:label1\" content=\"Escrito por\" \/>\n\t<meta name=\"twitter:data1\" content=\"Prensa G&amp;S FM\" \/>\n\t<meta name=\"twitter:label2\" content=\"Tiempo de lectura\" \/>\n\t<meta name=\"twitter:data2\" content=\"3 minutos\" \/>\n<script type=\"application\/ld+json\" class=\"yoast-schema-graph\">{\"@context\":\"https:\/\/schema.org\",\"@graph\":[{\"@type\":\"Article\",\"@id\":\"https:\/\/gysfm.com.ar\/inicio\/pedro-sanchez-se-refirio-a-cataluna-como-un-pais-independiente-y-genero-polemica\/#article\",\"isPartOf\":{\"@id\":\"https:\/\/gysfm.com.ar\/inicio\/pedro-sanchez-se-refirio-a-cataluna-como-un-pais-independiente-y-genero-polemica\/\"},\"author\":{\"name\":\"Prensa G&amp;S FM\",\"@id\":\"https:\/\/gysfm.com.ar\/inicio\/#\/schema\/person\/3abba7593ef2ad19e1be221d54383dc5\"},\"headline\":\"Pedro S\u00e1nchez se refiri\u00f3 a Catalu\u00f1a como un \u201cpa\u00eds\u201d independiente y gener\u00f3 pol\u00e9mica\",\"datePublished\":\"2026-04-24T01:42:11+00:00\",\"mainEntityOfPage\":{\"@id\":\"https:\/\/gysfm.com.ar\/inicio\/pedro-sanchez-se-refirio-a-cataluna-como-un-pais-independiente-y-genero-polemica\/\"},\"wordCount\":578,\"publisher\":{\"@id\":\"https:\/\/gysfm.com.ar\/inicio\/#organization\"},\"image\":{\"@id\":\"https:\/\/gysfm.com.ar\/inicio\/pedro-sanchez-se-refirio-a-cataluna-como-un-pais-independiente-y-genero-polemica\/#primaryimage\"},\"thumbnailUrl\":\"https:\/\/gysfm.com.ar\/inicio\/wp-content\/uploads\/2026\/04\/el-presidente-de-espana-pedro-W6BCHJGCY5DIDO6Y2C2MN4KTTU.JPG\",\"articleSection\":[\"INTERNACIONALES\"],\"inLanguage\":\"es\"},{\"@type\":\"WebPage\",\"@id\":\"https:\/\/gysfm.com.ar\/inicio\/pedro-sanchez-se-refirio-a-cataluna-como-un-pais-independiente-y-genero-polemica\/\",\"url\":\"https:\/\/gysfm.com.ar\/inicio\/pedro-sanchez-se-refirio-a-cataluna-como-un-pais-independiente-y-genero-polemica\/\",\"name\":\"Pedro S\u00e1nchez se refiri\u00f3 a Catalu\u00f1a como un \u201cpa\u00eds\u201d independiente y gener\u00f3 pol\u00e9mica - GYS NOTICIAS |\",\"isPartOf\":{\"@id\":\"https:\/\/gysfm.com.ar\/inicio\/#website\"},\"primaryImageOfPage\":{\"@id\":\"https:\/\/gysfm.com.ar\/inicio\/pedro-sanchez-se-refirio-a-cataluna-como-un-pais-independiente-y-genero-polemica\/#primaryimage\"},\"image\":{\"@id\":\"https:\/\/gysfm.com.ar\/inicio\/pedro-sanchez-se-refirio-a-cataluna-como-un-pais-independiente-y-genero-polemica\/#primaryimage\"},\"thumbnailUrl\":\"https:\/\/gysfm.com.ar\/inicio\/wp-content\/uploads\/2026\/04\/el-presidente-de-espana-pedro-W6BCHJGCY5DIDO6Y2C2MN4KTTU.JPG\",\"datePublished\":\"2026-04-24T01:42:11+00:00\",\"breadcrumb\":{\"@id\":\"https:\/\/gysfm.com.ar\/inicio\/pedro-sanchez-se-refirio-a-cataluna-como-un-pais-independiente-y-genero-polemica\/#breadcrumb\"},\"inLanguage\":\"es\",\"potentialAction\":[{\"@type\":\"ReadAction\",\"target\":[\"https:\/\/gysfm.com.ar\/inicio\/pedro-sanchez-se-refirio-a-cataluna-como-un-pais-independiente-y-genero-polemica\/\"]}]},{\"@type\":\"ImageObject\",\"inLanguage\":\"es\",\"@id\":\"https:\/\/gysfm.com.ar\/inicio\/pedro-sanchez-se-refirio-a-cataluna-como-un-pais-independiente-y-genero-polemica\/#primaryimage\",\"url\":\"https:\/\/gysfm.com.ar\/inicio\/wp-content\/uploads\/2026\/04\/el-presidente-de-espana-pedro-W6BCHJGCY5DIDO6Y2C2MN4KTTU.JPG\",\"contentUrl\":\"https:\/\/gysfm.com.ar\/inicio\/wp-content\/uploads\/2026\/04\/el-presidente-de-espana-pedro-W6BCHJGCY5DIDO6Y2C2MN4KTTU.JPG\",\"width\":1200,\"height\":800},{\"@type\":\"BreadcrumbList\",\"@id\":\"https:\/\/gysfm.com.ar\/inicio\/pedro-sanchez-se-refirio-a-cataluna-como-un-pais-independiente-y-genero-polemica\/#breadcrumb\",\"itemListElement\":[{\"@type\":\"ListItem\",\"position\":1,\"name\":\"Portada\",\"item\":\"https:\/\/gysfm.com.ar\/inicio\/\"},{\"@type\":\"ListItem\",\"position\":2,\"name\":\"Pedro S\u00e1nchez se refiri\u00f3 a Catalu\u00f1a como un \u201cpa\u00eds\u201d independiente y gener\u00f3 pol\u00e9mica\"}]},{\"@type\":\"WebSite\",\"@id\":\"https:\/\/gysfm.com.ar\/inicio\/#website\",\"url\":\"https:\/\/gysfm.com.ar\/inicio\/\",\"name\":\"GYS NOTICIAS |\",\"description\":\"DIARIO - RADIO ONLINE SAN JUAN ARGENTINA\",\"publisher\":{\"@id\":\"https:\/\/gysfm.com.ar\/inicio\/#organization\"},\"potentialAction\":[{\"@type\":\"SearchAction\",\"target\":{\"@type\":\"EntryPoint\",\"urlTemplate\":\"https:\/\/gysfm.com.ar\/inicio\/?s={search_term_string}\"},\"query-input\":{\"@type\":\"PropertyValueSpecification\",\"valueRequired\":true,\"valueName\":\"search_term_string\"}}],\"inLanguage\":\"es\"},{\"@type\":\"Organization\",\"@id\":\"https:\/\/gysfm.com.ar\/inicio\/#organization\",\"name\":\"GYS NOTICIAS |\",\"url\":\"https:\/\/gysfm.com.ar\/inicio\/\",\"logo\":{\"@type\":\"ImageObject\",\"inLanguage\":\"es\",\"@id\":\"https:\/\/gysfm.com.ar\/inicio\/#\/schema\/logo\/image\/\",\"url\":\"https:\/\/gysfm.com.ar\/inicio\/wp-content\/uploads\/2023\/07\/LOGOGYS-OK.png\",\"contentUrl\":\"https:\/\/gysfm.com.ar\/inicio\/wp-content\/uploads\/2023\/07\/LOGOGYS-OK.png\",\"width\":1170,\"height\":872,\"caption\":\"GYS NOTICIAS |\"},\"image\":{\"@id\":\"https:\/\/gysfm.com.ar\/inicio\/#\/schema\/logo\/image\/\"}},{\"@type\":\"Person\",\"@id\":\"https:\/\/gysfm.com.ar\/inicio\/#\/schema\/person\/3abba7593ef2ad19e1be221d54383dc5\",\"name\":\"Prensa G&amp;S FM\",\"image\":{\"@type\":\"ImageObject\",\"inLanguage\":\"es\",\"@id\":\"https:\/\/gysfm.com.ar\/inicio\/#\/schema\/person\/image\/\",\"url\":\"https:\/\/secure.gravatar.com\/avatar\/096ec78df02049ab018702bb4ccedf659377fa92a26540b5247612077a0dbd29?s=96&d=mm&r=g\",\"contentUrl\":\"https:\/\/secure.gravatar.com\/avatar\/096ec78df02049ab018702bb4ccedf659377fa92a26540b5247612077a0dbd29?s=96&d=mm&r=g\",\"caption\":\"Prensa G&amp;S FM\"},\"sameAs\":[\"https:\/\/gysfm.com.ar\/\"],\"url\":\"https:\/\/gysfm.com.ar\/inicio\/author\/lucasm\/\"}]}<\/script>\n<!-- \/ Yoast SEO plugin. -->","yoast_head_json":{"title":"Pedro S\u00e1nchez se refiri\u00f3 a Catalu\u00f1a como un \u201cpa\u00eds\u201d independiente y gener\u00f3 pol\u00e9mica - GYS NOTICIAS |","robots":{"index":"index","follow":"follow","max-snippet":"max-snippet:-1","max-image-preview":"max-image-preview:large","max-video-preview":"max-video-preview:-1"},"canonical":"https:\/\/gysfm.com.ar\/inicio\/pedro-sanchez-se-refirio-a-cataluna-como-un-pais-independiente-y-genero-polemica\/","og_locale":"es_ES","og_type":"article","og_title":"Pedro S\u00e1nchez se refiri\u00f3 a Catalu\u00f1a como un \u201cpa\u00eds\u201d independiente y gener\u00f3 pol\u00e9mica - GYS NOTICIAS |","og_description":"En un careo con dos de sus mayores opositores, el presidente del Gobierno espa\u00f1ol, Pedro S\u00e1nchez, se refiri\u00f3 a Espa\u00f1a y a Catalu\u00f1a como dos naciones separadas, reconociendo a este \u00faltimo como un pa\u00eds independiente. De esta forma, el mandatario izquierdista se sum\u00f3 a un debate que desde hace a\u00f1os cruza la pol\u00edtica y la [&hellip;]","og_url":"https:\/\/gysfm.com.ar\/inicio\/pedro-sanchez-se-refirio-a-cataluna-como-un-pais-independiente-y-genero-polemica\/","og_site_name":"GYS NOTICIAS |","article_published_time":"2026-04-24T01:42:11+00:00","og_image":[{"width":1200,"height":800,"url":"https:\/\/gysfm.com.ar\/inicio\/wp-content\/uploads\/2026\/04\/el-presidente-de-espana-pedro-W6BCHJGCY5DIDO6Y2C2MN4KTTU.JPG","type":"image\/jpeg"}],"author":"Prensa G&amp;S FM","twitter_card":"summary_large_image","twitter_misc":{"Escrito por":"Prensa G&amp;S FM","Tiempo de lectura":"3 minutos"},"schema":{"@context":"https:\/\/schema.org","@graph":[{"@type":"Article","@id":"https:\/\/gysfm.com.ar\/inicio\/pedro-sanchez-se-refirio-a-cataluna-como-un-pais-independiente-y-genero-polemica\/#article","isPartOf":{"@id":"https:\/\/gysfm.com.ar\/inicio\/pedro-sanchez-se-refirio-a-cataluna-como-un-pais-independiente-y-genero-polemica\/"},"author":{"name":"Prensa G&amp;S FM","@id":"https:\/\/gysfm.com.ar\/inicio\/#\/schema\/person\/3abba7593ef2ad19e1be221d54383dc5"},"headline":"Pedro S\u00e1nchez se refiri\u00f3 a Catalu\u00f1a como un \u201cpa\u00eds\u201d independiente y gener\u00f3 pol\u00e9mica","datePublished":"2026-04-24T01:42:11+00:00","mainEntityOfPage":{"@id":"https:\/\/gysfm.com.ar\/inicio\/pedro-sanchez-se-refirio-a-cataluna-como-un-pais-independiente-y-genero-polemica\/"},"wordCount":578,"publisher":{"@id":"https:\/\/gysfm.com.ar\/inicio\/#organization"},"image":{"@id":"https:\/\/gysfm.com.ar\/inicio\/pedro-sanchez-se-refirio-a-cataluna-como-un-pais-independiente-y-genero-polemica\/#primaryimage"},"thumbnailUrl":"https:\/\/gysfm.com.ar\/inicio\/wp-content\/uploads\/2026\/04\/el-presidente-de-espana-pedro-W6BCHJGCY5DIDO6Y2C2MN4KTTU.JPG","articleSection":["INTERNACIONALES"],"inLanguage":"es"},{"@type":"WebPage","@id":"https:\/\/gysfm.com.ar\/inicio\/pedro-sanchez-se-refirio-a-cataluna-como-un-pais-independiente-y-genero-polemica\/","url":"https:\/\/gysfm.com.ar\/inicio\/pedro-sanchez-se-refirio-a-cataluna-como-un-pais-independiente-y-genero-polemica\/","name":"Pedro S\u00e1nchez se refiri\u00f3 a Catalu\u00f1a como un \u201cpa\u00eds\u201d independiente y gener\u00f3 pol\u00e9mica - GYS NOTICIAS |","isPartOf":{"@id":"https:\/\/gysfm.com.ar\/inicio\/#website"},"primaryImageOfPage":{"@id":"https:\/\/gysfm.com.ar\/inicio\/pedro-sanchez-se-refirio-a-cataluna-como-un-pais-independiente-y-genero-polemica\/#primaryimage"},"image":{"@id":"https:\/\/gysfm.com.ar\/inicio\/pedro-sanchez-se-refirio-a-cataluna-como-un-pais-independiente-y-genero-polemica\/#primaryimage"},"thumbnailUrl":"https:\/\/gysfm.com.ar\/inicio\/wp-content\/uploads\/2026\/04\/el-presidente-de-espana-pedro-W6BCHJGCY5DIDO6Y2C2MN4KTTU.JPG","datePublished":"2026-04-24T01:42:11+00:00","breadcrumb":{"@id":"https:\/\/gysfm.com.ar\/inicio\/pedro-sanchez-se-refirio-a-cataluna-como-un-pais-independiente-y-genero-polemica\/#breadcrumb"},"inLanguage":"es","potentialAction":[{"@type":"ReadAction","target":["https:\/\/gysfm.com.ar\/inicio\/pedro-sanchez-se-refirio-a-cataluna-como-un-pais-independiente-y-genero-polemica\/"]}]},{"@type":"ImageObject","inLanguage":"es","@id":"https:\/\/gysfm.com.ar\/inicio\/pedro-sanchez-se-refirio-a-cataluna-como-un-pais-independiente-y-genero-polemica\/#primaryimage","url":"https:\/\/gysfm.com.ar\/inicio\/wp-content\/uploads\/2026\/04\/el-presidente-de-espana-pedro-W6BCHJGCY5DIDO6Y2C2MN4KTTU.JPG","contentUrl":"https:\/\/gysfm.com.ar\/inicio\/wp-content\/uploads\/2026\/04\/el-presidente-de-espana-pedro-W6BCHJGCY5DIDO6Y2C2MN4KTTU.JPG","width":1200,"height":800},{"@type":"BreadcrumbList","@id":"https:\/\/gysfm.com.ar\/inicio\/pedro-sanchez-se-refirio-a-cataluna-como-un-pais-independiente-y-genero-polemica\/#breadcrumb","itemListElement":[{"@type":"ListItem","position":1,"name":"Portada","item":"https:\/\/gysfm.com.ar\/inicio\/"},{"@type":"ListItem","position":2,"name":"Pedro S\u00e1nchez se refiri\u00f3 a Catalu\u00f1a como un \u201cpa\u00eds\u201d independiente y gener\u00f3 pol\u00e9mica"}]},{"@type":"WebSite","@id":"https:\/\/gysfm.com.ar\/inicio\/#website","url":"https:\/\/gysfm.com.ar\/inicio\/","name":"GYS NOTICIAS |","description":"DIARIO - RADIO ONLINE SAN JUAN ARGENTINA","publisher":{"@id":"https:\/\/gysfm.com.ar\/inicio\/#organization"},"potentialAction":[{"@type":"SearchAction","target":{"@type":"EntryPoint","urlTemplate":"https:\/\/gysfm.com.ar\/inicio\/?s={search_term_string}"},"query-input":{"@type":"PropertyValueSpecification","valueRequired":true,"valueName":"search_term_string"}}],"inLanguage":"es"},{"@type":"Organization","@id":"https:\/\/gysfm.com.ar\/inicio\/#organization","name":"GYS NOTICIAS |","url":"https:\/\/gysfm.com.ar\/inicio\/","logo":{"@type":"ImageObject","inLanguage":"es","@id":"https:\/\/gysfm.com.ar\/inicio\/#\/schema\/logo\/image\/","url":"https:\/\/gysfm.com.ar\/inicio\/wp-content\/uploads\/2023\/07\/LOGOGYS-OK.png","contentUrl":"https:\/\/gysfm.com.ar\/inicio\/wp-content\/uploads\/2023\/07\/LOGOGYS-OK.png","width":1170,"height":872,"caption":"GYS NOTICIAS |"},"image":{"@id":"https:\/\/gysfm.com.ar\/inicio\/#\/schema\/logo\/image\/"}},{"@type":"Person","@id":"https:\/\/gysfm.com.ar\/inicio\/#\/schema\/person\/3abba7593ef2ad19e1be221d54383dc5","name":"Prensa G&amp;S FM","image":{"@type":"ImageObject","inLanguage":"es","@id":"https:\/\/gysfm.com.ar\/inicio\/#\/schema\/person\/image\/","url":"https:\/\/secure.gravatar.com\/avatar\/096ec78df02049ab018702bb4ccedf659377fa92a26540b5247612077a0dbd29?s=96&d=mm&r=g","contentUrl":"https:\/\/secure.gravatar.com\/avatar\/096ec78df02049ab018702bb4ccedf659377fa92a26540b5247612077a0dbd29?s=96&d=mm&r=g","caption":"Prensa G&amp;S FM"},"sameAs":["https:\/\/gysfm.com.ar\/"],"url":"https:\/\/gysfm.com.ar\/inicio\/author\/lucasm\/"}]}},"_links":{"self":[{"href":"https:\/\/gysfm.com.ar\/inicio\/wp-json\/wp\/v2\/posts\/192618","targetHints":{"allow":["GET"]}}],"collection":[{"href":"https:\/\/gysfm.com.ar\/inicio\/wp-json\/wp\/v2\/posts"}],"about":[{"href":"https:\/\/gysfm.com.ar\/inicio\/wp-json\/wp\/v2\/types\/post"}],"author":[{"embeddable":true,"href":"https:\/\/gysfm.com.ar\/inicio\/wp-json\/wp\/v2\/users\/2"}],"replies":[{"embeddable":true,"href":"https:\/\/gysfm.com.ar\/inicio\/wp-json\/wp\/v2\/comments?post=192618"}],"version-history":[{"count":1,"href":"https:\/\/gysfm.com.ar\/inicio\/wp-json\/wp\/v2\/posts\/192618\/revisions"}],"predecessor-version":[{"id":192620,"href":"https:\/\/gysfm.com.ar\/inicio\/wp-json\/wp\/v2\/posts\/192618\/revisions\/192620"}],"wp:featuredmedia":[{"embeddable":true,"href":"https:\/\/gysfm.com.ar\/inicio\/wp-json\/wp\/v2\/media\/192619"}],"wp:attachment":[{"href":"https:\/\/gysfm.com.ar\/inicio\/wp-json\/wp\/v2\/media?parent=192618"}],"wp:term":[{"taxonomy":"category","embeddable":true,"href":"https:\/\/gysfm.com.ar\/inicio\/wp-json\/wp\/v2\/categories?post=192618"},{"taxonomy":"post_tag","embeddable":true,"href":"https:\/\/gysfm.com.ar\/inicio\/wp-json\/wp\/v2\/tags?post=192618"}],"curies":[{"name":"wp","href":"https:\/\/api.w.org\/{rel}","templated":true}]}}