{"id":192616,"date":"2026-04-23T22:32:13","date_gmt":"2026-04-24T01:32:13","guid":{"rendered":"https:\/\/gysfm.com.ar\/inicio\/peter-thiel-compro-la-casa-mas-cara-de-buenos-aires-pago-cerca-de-us12-millones-en-barrio-parque\/"},"modified":"2026-04-23T22:32:13","modified_gmt":"2026-04-24T01:32:13","slug":"peter-thiel-compro-la-casa-mas-cara-de-buenos-aires-pago-cerca-de-us12-millones-en-barrio-parque","status":"publish","type":"post","link":"https:\/\/gysfm.com.ar\/inicio\/peter-thiel-compro-la-casa-mas-cara-de-buenos-aires-pago-cerca-de-us12-millones-en-barrio-parque\/","title":{"rendered":"Peter Thiel compr\u00f3 la casa m\u00e1s cara de Buenos Aires: pag\u00f3 cerca de u$s12 millones en Barrio Parque"},"content":{"rendered":"<p><\/p>\n<div id=\"article-content\">\n<p>El magnate tecnol\u00f3gico <a target=\"_blank\" href=\"https:\/\/www.perfil.com\/noticias\/politica\/como-se-compone-la-fortuna-de-peter-thiel-inversiones-participaciones-y-el-rol-de-palantir-a35.phtml\"><strong>Peter Thiel<\/strong><\/a> compr\u00f3 una de las propiedades m\u00e1s exclusivas de Buenos Aires y marc\u00f3 un r\u00e9cord en el <strong>mercado inmobiliario premium porte\u00f1o<\/strong>. La operaci\u00f3n se cerr\u00f3 en torno a los <strong>u$s12 millones<\/strong> y convirti\u00f3 a la residencia en una de las ventas m\u00e1s altas de los \u00faltimos tiempos en <strong>Barrio Parque<\/strong>, tambi\u00e9n conocido como <strong>Palermo Chico<\/strong>.<\/p>\n<p>Thiel, cofundador de PayPal junto a Elon Musk, referente global del capital de riesgo tecnol\u00f3gico y uno de los primeros inversores de Facebook, eligi\u00f3 una mansi\u00f3n ubicada cerca de la calle <strong>Mariscal Ram\u00f3n Castilla al 3000<\/strong>, en uno de los enclaves m\u00e1s exclusivos de la Ciudad de Buenos Aires.<\/p>\n<p style=\"text-align:center\"><picture><source media=\"(max-width: 440px)\" srcset=\"https:\/\/fotos.perfil.com\/\/2026\/04\/23\/440\/0\/peter-thiel-20260423-2226533.jpg?webp\"\/><source media=\"(max-width: 1019px)\" srcset=\"https:\/\/fotos.perfil.com\/\/2026\/04\/23\/712\/0\/peter-thiel-20260423-2226533.jpg?webp\"\/><img decoding=\"async\" style=\"max-width: 100%; width: 100%;\" alt=\"Peter Thiel 20260423\" src=\"https:\/\/fotos.perfil.com\/\/2026\/04\/23\/900\/0\/peter-thiel-20260423-2226533.jpg?webp\" loading=\"lazy\"\/><\/picture><\/p>\n<div class=\"subscription\">\n<p>\n        Esto no les gusta a los autoritarios\n    <\/p>\n<div class=\"subscription__container\">\n<div class=\"subscription__text-wrapper\">\n<p>\n                El ejercicio del periodismo profesional y cr\u00edtico es un pilar fundamental de la democracia. Por eso molesta a quienes creen ser los due\u00f1os de la verdad.\n            <\/p>\n<\/p><\/div><\/div>\n<\/div>\n<p>La propiedad fue reciclada de manera integral antes de la venta y cuenta con m\u00e1s de <strong>1.600 metros cuadrados cubiertos<\/strong>, una dimensi\u00f3n poco habitual incluso dentro del segmento de <strong>ultra lujo<\/strong>.<\/p>\n<h2>C\u00f3mo es la casa m\u00e1s cara que compr\u00f3 Peter Thiel en Buenos Aires<\/h2>\n<p>La residencia mantiene el estilo cl\u00e1sico de las grandes mansiones de Barrio Parque, pero fue modernizada con <strong>materiales de alta gama<\/strong> y detalles importados en sectores clave como cocina, ba\u00f1os y espacios de recepci\u00f3n.<\/p>\n<p>En la planta baja tiene <strong>doble acceso, un amplio living, comedor formal, escritorio, cocina integrada visualmente con el jard\u00edn<\/strong> y un sector destinado a plater\u00eda y vinos. Uno de los puntos m\u00e1s llamativos es una <strong>gran escalera de m\u00e1rmol<\/strong> que conecta los distintos niveles de la casa.<\/p>\n<p class=\"destacadoNota\"><a target=\"_blank\" href=\"https:\/\/www.perfil.com\/noticias\/protagonistas\/que-hace-peter-thiel-en-la-argentinadel-superclasico-a-negociar-contratos-de-vigilancia-con-santiago-caputo.phtml\">Qu\u00e9 hace Peter Thiel en la Argentina: Supercl\u00e1sico, flan con dulce de leche y contratos de vigilancia con Santiago Caputo<\/a><\/p>\n<p>En la planta superior se distribuyen <strong>seis dormitorios en suite<\/strong>, adem\u00e1s de otro escritorio, lavadero y \u00e1reas de servicio. Tambi\u00e9n incluye una <strong>cava de vinos<\/strong> y una gran terraza con vista al jard\u00edn.<\/p>\n<p>La est\u00e9tica combina detalles originales con una impronta moderna, minimalista y elegante, algo muy valorado dentro del mercado internacional de propiedades premium.<\/p>\n<h2>Por qu\u00e9 Peter Thiel eligi\u00f3 invertir en Argentina<\/h2>\n<p>La compra no se interpreta solo como una operaci\u00f3n inmobiliaria. Fuentes del sector aseguran que este tipo de decisiones suelen responder a <strong>estrategias patrimoniales de largo plazo<\/strong>.<\/p>\n<p>Thiel mantiene afinidad con el presidente <strong>Javier Milei<\/strong> con quien se vio hoy en Casa Rosada y sigue de cerca el rumbo econ\u00f3mico argentino. Durante su visita al pa\u00eds tambi\u00e9n mantuvo reuniones con empresarios y otros referentes pol\u00edticos.<\/p>\n<p>Su patrimonio supera los <strong>u$s30.000 millones<\/strong> y su perfil combina tecnolog\u00eda, geopol\u00edtica e inversiones estrat\u00e9gicas. Por eso, la adquisici\u00f3n de una base en Buenos Aires tambi\u00e9n es le\u00edda como una apuesta de posicionamiento.<\/p>\n<p>En el mercado inmobiliario sostienen que no se trata de compras impulsivas. <strong>\u201cSon decisiones donde pesan la ubicaci\u00f3n, la calidad arquitect\u00f3nica y el resguardo de valor\u201d<\/strong>, explican.<\/p>\n<h2>Barrio Parque, el refugio del lujo porte\u00f1o<\/h2>\n<p><strong>Barrio Parque<\/strong>, tambi\u00e9n conocido como <strong>Palermo Chico<\/strong>, es uno de los barrios m\u00e1s exclusivos de la Ciudad. All\u00ed conviven embajadas, residencias diplom\u00e1ticas, empresarios y figuras hist\u00f3ricas como Mirtha Legrand y Susana Gim\u00e9nez.<\/p>\n<p>La baja densidad, el entorno verde y la escasa oferta hacen que cada operaci\u00f3n tenga un valor especial.<\/p>\n<p class=\"destacadoNota\"><a target=\"_blank\" href=\"https:\/\/www.perfil.com\/noticias\/politica\/quien-es-peter-thiel-el-aliado-de-silicon-valley-que-se-cruzara-con-javier-milei.phtml\">Qui\u00e9n es Peter Thiel, el aliado de Silicon Valley que se cruzar\u00e1 con Javier Milei<\/a><\/p>\n<p>Especialistas del sector remarcan que en este tipo de propiedades no solo se paga por los metros cuadrados, sino tambi\u00e9n por la <strong>historia, el dise\u00f1o, la privacidad y la singularidad del inmueble<\/strong>.<\/p>\n<p>La llegada de un inversor internacional como Peter Thiel vuelve a poner a <strong>Buenos Aires en el radar global del real estate de lujo<\/strong> y refuerza el atractivo de los activos \u00fanicos en un contexto econ\u00f3mico cambiante.<\/p>\n<p><em>LB\/DCQ<\/em><\/p>\n<\/p><\/div>\n<p><script>\n                !function(f,b,e,v,n,t,s)\n                {if(f.fbq)return;n=f.fbq=function(){n.callMethod?\n                    n.callMethod.apply(n,arguments):n.queue.push(arguments)};\n                    if(!f._fbq)f._fbq=n;n.push=n;n.loaded=!0;n.version='2.0';\n                    n.queue=[];t=b.createElement(e);t.async=!0;\n                    t.src=v;s=b.getElementsByTagName(e)[0];\n                    s.parentNode.insertBefore(t,s)}(window, document,'script',\n                    'https:\/\/connect.facebook.net\/en_US\/fbevents.js');\n                window.paywallConfig.facebook_pixel=\"1000228364089342\"\n            <\/script><\/p>\n","protected":false},"excerpt":{"rendered":"<p>El magnate tecnol\u00f3gico Peter Thiel compr\u00f3 una de las propiedades m\u00e1s exclusivas de Buenos Aires y marc\u00f3 un r\u00e9cord en el mercado inmobiliario premium porte\u00f1o. La operaci\u00f3n se cerr\u00f3 en torno a los u$s12 millones y convirti\u00f3 a la residencia en una de las ventas m\u00e1s altas de los \u00faltimos tiempos en Barrio Parque, tambi\u00e9n [&hellip;]<\/p>\n","protected":false},"author":2,"featured_media":192617,"comment_status":"closed","ping_status":"closed","sticky":false,"template":"","format":"standard","meta":{"footnotes":""},"categories":[25],"tags":[],"class_list":["post-192616","post","type-post","status-publish","format-standard","has-post-thumbnail","hentry","category-nacionales"],"yoast_head":"<!-- This site is optimized with the Yoast SEO plugin v24.4 - https:\/\/yoast.com\/wordpress\/plugins\/seo\/ -->\n<title>Peter Thiel compr\u00f3 la casa m\u00e1s cara de Buenos Aires: pag\u00f3 cerca de u$s12 millones en Barrio Parque - GYS NOTICIAS |<\/title>\n<meta name=\"robots\" content=\"index, follow, max-snippet:-1, max-image-preview:large, max-video-preview:-1\" \/>\n<link rel=\"canonical\" href=\"https:\/\/gysfm.com.ar\/inicio\/peter-thiel-compro-la-casa-mas-cara-de-buenos-aires-pago-cerca-de-us12-millones-en-barrio-parque\/\" \/>\n<meta property=\"og:locale\" content=\"es_ES\" \/>\n<meta property=\"og:type\" content=\"article\" \/>\n<meta property=\"og:title\" content=\"Peter Thiel compr\u00f3 la casa m\u00e1s cara de Buenos Aires: pag\u00f3 cerca de u$s12 millones en Barrio Parque - GYS NOTICIAS |\" \/>\n<meta property=\"og:description\" content=\"El magnate tecnol\u00f3gico Peter Thiel compr\u00f3 una de las propiedades m\u00e1s exclusivas de Buenos Aires y marc\u00f3 un r\u00e9cord en el mercado inmobiliario premium porte\u00f1o. La operaci\u00f3n se cerr\u00f3 en torno a los u$s12 millones y convirti\u00f3 a la residencia en una de las ventas m\u00e1s altas de los \u00faltimos tiempos en Barrio Parque, tambi\u00e9n [&hellip;]\" \/>\n<meta property=\"og:url\" content=\"https:\/\/gysfm.com.ar\/inicio\/peter-thiel-compro-la-casa-mas-cara-de-buenos-aires-pago-cerca-de-us12-millones-en-barrio-parque\/\" \/>\n<meta property=\"og:site_name\" content=\"GYS NOTICIAS |\" \/>\n<meta property=\"article:published_time\" content=\"2026-04-24T01:32:13+00:00\" \/>\n<meta property=\"og:image\" content=\"https:\/\/fotos.perfil.com\/\/2026\/04\/23\/900\/0\/peter-thiel-20260423-2226533.jpg?webp\" \/>\n<meta name=\"author\" content=\"Prensa G&amp;S FM\" \/>\n<meta name=\"twitter:card\" content=\"summary_large_image\" \/>\n<meta name=\"twitter:label1\" content=\"Escrito por\" \/>\n\t<meta name=\"twitter:data1\" content=\"Prensa G&amp;S FM\" \/>\n\t<meta name=\"twitter:label2\" content=\"Tiempo de lectura\" \/>\n\t<meta name=\"twitter:data2\" content=\"3 minutos\" \/>\n<script type=\"application\/ld+json\" class=\"yoast-schema-graph\">{\"@context\":\"https:\/\/schema.org\",\"@graph\":[{\"@type\":\"Article\",\"@id\":\"https:\/\/gysfm.com.ar\/inicio\/peter-thiel-compro-la-casa-mas-cara-de-buenos-aires-pago-cerca-de-us12-millones-en-barrio-parque\/#article\",\"isPartOf\":{\"@id\":\"https:\/\/gysfm.com.ar\/inicio\/peter-thiel-compro-la-casa-mas-cara-de-buenos-aires-pago-cerca-de-us12-millones-en-barrio-parque\/\"},\"author\":{\"name\":\"Prensa G&amp;S FM\",\"@id\":\"https:\/\/gysfm.com.ar\/inicio\/#\/schema\/person\/3abba7593ef2ad19e1be221d54383dc5\"},\"headline\":\"Peter Thiel compr\u00f3 la casa m\u00e1s cara de Buenos Aires: pag\u00f3 cerca de u$s12 millones en Barrio Parque\",\"datePublished\":\"2026-04-24T01:32:13+00:00\",\"mainEntityOfPage\":{\"@id\":\"https:\/\/gysfm.com.ar\/inicio\/peter-thiel-compro-la-casa-mas-cara-de-buenos-aires-pago-cerca-de-us12-millones-en-barrio-parque\/\"},\"wordCount\":690,\"publisher\":{\"@id\":\"https:\/\/gysfm.com.ar\/inicio\/#organization\"},\"image\":{\"@id\":\"https:\/\/gysfm.com.ar\/inicio\/peter-thiel-compro-la-casa-mas-cara-de-buenos-aires-pago-cerca-de-us12-millones-en-barrio-parque\/#primaryimage\"},\"thumbnailUrl\":\"https:\/\/gysfm.com.ar\/inicio\/wp-content\/uploads\/2026\/04\/peter-thiel-20260423-2226534.jpg\",\"articleSection\":[\"NACIONALES\"],\"inLanguage\":\"es\"},{\"@type\":\"WebPage\",\"@id\":\"https:\/\/gysfm.com.ar\/inicio\/peter-thiel-compro-la-casa-mas-cara-de-buenos-aires-pago-cerca-de-us12-millones-en-barrio-parque\/\",\"url\":\"https:\/\/gysfm.com.ar\/inicio\/peter-thiel-compro-la-casa-mas-cara-de-buenos-aires-pago-cerca-de-us12-millones-en-barrio-parque\/\",\"name\":\"Peter Thiel compr\u00f3 la casa m\u00e1s cara de Buenos Aires: pag\u00f3 cerca de u$s12 millones en Barrio Parque - GYS NOTICIAS |\",\"isPartOf\":{\"@id\":\"https:\/\/gysfm.com.ar\/inicio\/#website\"},\"primaryImageOfPage\":{\"@id\":\"https:\/\/gysfm.com.ar\/inicio\/peter-thiel-compro-la-casa-mas-cara-de-buenos-aires-pago-cerca-de-us12-millones-en-barrio-parque\/#primaryimage\"},\"image\":{\"@id\":\"https:\/\/gysfm.com.ar\/inicio\/peter-thiel-compro-la-casa-mas-cara-de-buenos-aires-pago-cerca-de-us12-millones-en-barrio-parque\/#primaryimage\"},\"thumbnailUrl\":\"https:\/\/gysfm.com.ar\/inicio\/wp-content\/uploads\/2026\/04\/peter-thiel-20260423-2226534.jpg\",\"datePublished\":\"2026-04-24T01:32:13+00:00\",\"breadcrumb\":{\"@id\":\"https:\/\/gysfm.com.ar\/inicio\/peter-thiel-compro-la-casa-mas-cara-de-buenos-aires-pago-cerca-de-us12-millones-en-barrio-parque\/#breadcrumb\"},\"inLanguage\":\"es\",\"potentialAction\":[{\"@type\":\"ReadAction\",\"target\":[\"https:\/\/gysfm.com.ar\/inicio\/peter-thiel-compro-la-casa-mas-cara-de-buenos-aires-pago-cerca-de-us12-millones-en-barrio-parque\/\"]}]},{\"@type\":\"ImageObject\",\"inLanguage\":\"es\",\"@id\":\"https:\/\/gysfm.com.ar\/inicio\/peter-thiel-compro-la-casa-mas-cara-de-buenos-aires-pago-cerca-de-us12-millones-en-barrio-parque\/#primaryimage\",\"url\":\"https:\/\/gysfm.com.ar\/inicio\/wp-content\/uploads\/2026\/04\/peter-thiel-20260423-2226534.jpg\",\"contentUrl\":\"https:\/\/gysfm.com.ar\/inicio\/wp-content\/uploads\/2026\/04\/peter-thiel-20260423-2226534.jpg\",\"width\":1140,\"height\":641},{\"@type\":\"BreadcrumbList\",\"@id\":\"https:\/\/gysfm.com.ar\/inicio\/peter-thiel-compro-la-casa-mas-cara-de-buenos-aires-pago-cerca-de-us12-millones-en-barrio-parque\/#breadcrumb\",\"itemListElement\":[{\"@type\":\"ListItem\",\"position\":1,\"name\":\"Portada\",\"item\":\"https:\/\/gysfm.com.ar\/inicio\/\"},{\"@type\":\"ListItem\",\"position\":2,\"name\":\"Peter Thiel compr\u00f3 la casa m\u00e1s cara de Buenos Aires: pag\u00f3 cerca de u$s12 millones en Barrio Parque\"}]},{\"@type\":\"WebSite\",\"@id\":\"https:\/\/gysfm.com.ar\/inicio\/#website\",\"url\":\"https:\/\/gysfm.com.ar\/inicio\/\",\"name\":\"GYS NOTICIAS |\",\"description\":\"DIARIO - RADIO ONLINE SAN JUAN ARGENTINA\",\"publisher\":{\"@id\":\"https:\/\/gysfm.com.ar\/inicio\/#organization\"},\"potentialAction\":[{\"@type\":\"SearchAction\",\"target\":{\"@type\":\"EntryPoint\",\"urlTemplate\":\"https:\/\/gysfm.com.ar\/inicio\/?s={search_term_string}\"},\"query-input\":{\"@type\":\"PropertyValueSpecification\",\"valueRequired\":true,\"valueName\":\"search_term_string\"}}],\"inLanguage\":\"es\"},{\"@type\":\"Organization\",\"@id\":\"https:\/\/gysfm.com.ar\/inicio\/#organization\",\"name\":\"GYS NOTICIAS |\",\"url\":\"https:\/\/gysfm.com.ar\/inicio\/\",\"logo\":{\"@type\":\"ImageObject\",\"inLanguage\":\"es\",\"@id\":\"https:\/\/gysfm.com.ar\/inicio\/#\/schema\/logo\/image\/\",\"url\":\"https:\/\/gysfm.com.ar\/inicio\/wp-content\/uploads\/2023\/07\/LOGOGYS-OK.png\",\"contentUrl\":\"https:\/\/gysfm.com.ar\/inicio\/wp-content\/uploads\/2023\/07\/LOGOGYS-OK.png\",\"width\":1170,\"height\":872,\"caption\":\"GYS NOTICIAS |\"},\"image\":{\"@id\":\"https:\/\/gysfm.com.ar\/inicio\/#\/schema\/logo\/image\/\"}},{\"@type\":\"Person\",\"@id\":\"https:\/\/gysfm.com.ar\/inicio\/#\/schema\/person\/3abba7593ef2ad19e1be221d54383dc5\",\"name\":\"Prensa G&amp;S FM\",\"image\":{\"@type\":\"ImageObject\",\"inLanguage\":\"es\",\"@id\":\"https:\/\/gysfm.com.ar\/inicio\/#\/schema\/person\/image\/\",\"url\":\"https:\/\/secure.gravatar.com\/avatar\/096ec78df02049ab018702bb4ccedf659377fa92a26540b5247612077a0dbd29?s=96&d=mm&r=g\",\"contentUrl\":\"https:\/\/secure.gravatar.com\/avatar\/096ec78df02049ab018702bb4ccedf659377fa92a26540b5247612077a0dbd29?s=96&d=mm&r=g\",\"caption\":\"Prensa G&amp;S FM\"},\"sameAs\":[\"https:\/\/gysfm.com.ar\/\"],\"url\":\"https:\/\/gysfm.com.ar\/inicio\/author\/lucasm\/\"}]}<\/script>\n<!-- \/ Yoast SEO plugin. -->","yoast_head_json":{"title":"Peter Thiel compr\u00f3 la casa m\u00e1s cara de Buenos Aires: pag\u00f3 cerca de u$s12 millones en Barrio Parque - GYS NOTICIAS |","robots":{"index":"index","follow":"follow","max-snippet":"max-snippet:-1","max-image-preview":"max-image-preview:large","max-video-preview":"max-video-preview:-1"},"canonical":"https:\/\/gysfm.com.ar\/inicio\/peter-thiel-compro-la-casa-mas-cara-de-buenos-aires-pago-cerca-de-us12-millones-en-barrio-parque\/","og_locale":"es_ES","og_type":"article","og_title":"Peter Thiel compr\u00f3 la casa m\u00e1s cara de Buenos Aires: pag\u00f3 cerca de u$s12 millones en Barrio Parque - GYS NOTICIAS |","og_description":"El magnate tecnol\u00f3gico Peter Thiel compr\u00f3 una de las propiedades m\u00e1s exclusivas de Buenos Aires y marc\u00f3 un r\u00e9cord en el mercado inmobiliario premium porte\u00f1o. La operaci\u00f3n se cerr\u00f3 en torno a los u$s12 millones y convirti\u00f3 a la residencia en una de las ventas m\u00e1s altas de los \u00faltimos tiempos en Barrio Parque, tambi\u00e9n [&hellip;]","og_url":"https:\/\/gysfm.com.ar\/inicio\/peter-thiel-compro-la-casa-mas-cara-de-buenos-aires-pago-cerca-de-us12-millones-en-barrio-parque\/","og_site_name":"GYS NOTICIAS |","article_published_time":"2026-04-24T01:32:13+00:00","og_image":[{"url":"https:\/\/fotos.perfil.com\/\/2026\/04\/23\/900\/0\/peter-thiel-20260423-2226533.jpg?webp","type":"","width":"","height":""}],"author":"Prensa G&amp;S FM","twitter_card":"summary_large_image","twitter_misc":{"Escrito por":"Prensa G&amp;S FM","Tiempo de lectura":"3 minutos"},"schema":{"@context":"https:\/\/schema.org","@graph":[{"@type":"Article","@id":"https:\/\/gysfm.com.ar\/inicio\/peter-thiel-compro-la-casa-mas-cara-de-buenos-aires-pago-cerca-de-us12-millones-en-barrio-parque\/#article","isPartOf":{"@id":"https:\/\/gysfm.com.ar\/inicio\/peter-thiel-compro-la-casa-mas-cara-de-buenos-aires-pago-cerca-de-us12-millones-en-barrio-parque\/"},"author":{"name":"Prensa G&amp;S FM","@id":"https:\/\/gysfm.com.ar\/inicio\/#\/schema\/person\/3abba7593ef2ad19e1be221d54383dc5"},"headline":"Peter Thiel compr\u00f3 la casa m\u00e1s cara de Buenos Aires: pag\u00f3 cerca de u$s12 millones en Barrio Parque","datePublished":"2026-04-24T01:32:13+00:00","mainEntityOfPage":{"@id":"https:\/\/gysfm.com.ar\/inicio\/peter-thiel-compro-la-casa-mas-cara-de-buenos-aires-pago-cerca-de-us12-millones-en-barrio-parque\/"},"wordCount":690,"publisher":{"@id":"https:\/\/gysfm.com.ar\/inicio\/#organization"},"image":{"@id":"https:\/\/gysfm.com.ar\/inicio\/peter-thiel-compro-la-casa-mas-cara-de-buenos-aires-pago-cerca-de-us12-millones-en-barrio-parque\/#primaryimage"},"thumbnailUrl":"https:\/\/gysfm.com.ar\/inicio\/wp-content\/uploads\/2026\/04\/peter-thiel-20260423-2226534.jpg","articleSection":["NACIONALES"],"inLanguage":"es"},{"@type":"WebPage","@id":"https:\/\/gysfm.com.ar\/inicio\/peter-thiel-compro-la-casa-mas-cara-de-buenos-aires-pago-cerca-de-us12-millones-en-barrio-parque\/","url":"https:\/\/gysfm.com.ar\/inicio\/peter-thiel-compro-la-casa-mas-cara-de-buenos-aires-pago-cerca-de-us12-millones-en-barrio-parque\/","name":"Peter Thiel compr\u00f3 la casa m\u00e1s cara de Buenos Aires: pag\u00f3 cerca de u$s12 millones en Barrio Parque - GYS NOTICIAS |","isPartOf":{"@id":"https:\/\/gysfm.com.ar\/inicio\/#website"},"primaryImageOfPage":{"@id":"https:\/\/gysfm.com.ar\/inicio\/peter-thiel-compro-la-casa-mas-cara-de-buenos-aires-pago-cerca-de-us12-millones-en-barrio-parque\/#primaryimage"},"image":{"@id":"https:\/\/gysfm.com.ar\/inicio\/peter-thiel-compro-la-casa-mas-cara-de-buenos-aires-pago-cerca-de-us12-millones-en-barrio-parque\/#primaryimage"},"thumbnailUrl":"https:\/\/gysfm.com.ar\/inicio\/wp-content\/uploads\/2026\/04\/peter-thiel-20260423-2226534.jpg","datePublished":"2026-04-24T01:32:13+00:00","breadcrumb":{"@id":"https:\/\/gysfm.com.ar\/inicio\/peter-thiel-compro-la-casa-mas-cara-de-buenos-aires-pago-cerca-de-us12-millones-en-barrio-parque\/#breadcrumb"},"inLanguage":"es","potentialAction":[{"@type":"ReadAction","target":["https:\/\/gysfm.com.ar\/inicio\/peter-thiel-compro-la-casa-mas-cara-de-buenos-aires-pago-cerca-de-us12-millones-en-barrio-parque\/"]}]},{"@type":"ImageObject","inLanguage":"es","@id":"https:\/\/gysfm.com.ar\/inicio\/peter-thiel-compro-la-casa-mas-cara-de-buenos-aires-pago-cerca-de-us12-millones-en-barrio-parque\/#primaryimage","url":"https:\/\/gysfm.com.ar\/inicio\/wp-content\/uploads\/2026\/04\/peter-thiel-20260423-2226534.jpg","contentUrl":"https:\/\/gysfm.com.ar\/inicio\/wp-content\/uploads\/2026\/04\/peter-thiel-20260423-2226534.jpg","width":1140,"height":641},{"@type":"BreadcrumbList","@id":"https:\/\/gysfm.com.ar\/inicio\/peter-thiel-compro-la-casa-mas-cara-de-buenos-aires-pago-cerca-de-us12-millones-en-barrio-parque\/#breadcrumb","itemListElement":[{"@type":"ListItem","position":1,"name":"Portada","item":"https:\/\/gysfm.com.ar\/inicio\/"},{"@type":"ListItem","position":2,"name":"Peter Thiel compr\u00f3 la casa m\u00e1s cara de Buenos Aires: pag\u00f3 cerca de u$s12 millones en Barrio Parque"}]},{"@type":"WebSite","@id":"https:\/\/gysfm.com.ar\/inicio\/#website","url":"https:\/\/gysfm.com.ar\/inicio\/","name":"GYS NOTICIAS |","description":"DIARIO - RADIO ONLINE SAN JUAN ARGENTINA","publisher":{"@id":"https:\/\/gysfm.com.ar\/inicio\/#organization"},"potentialAction":[{"@type":"SearchAction","target":{"@type":"EntryPoint","urlTemplate":"https:\/\/gysfm.com.ar\/inicio\/?s={search_term_string}"},"query-input":{"@type":"PropertyValueSpecification","valueRequired":true,"valueName":"search_term_string"}}],"inLanguage":"es"},{"@type":"Organization","@id":"https:\/\/gysfm.com.ar\/inicio\/#organization","name":"GYS NOTICIAS |","url":"https:\/\/gysfm.com.ar\/inicio\/","logo":{"@type":"ImageObject","inLanguage":"es","@id":"https:\/\/gysfm.com.ar\/inicio\/#\/schema\/logo\/image\/","url":"https:\/\/gysfm.com.ar\/inicio\/wp-content\/uploads\/2023\/07\/LOGOGYS-OK.png","contentUrl":"https:\/\/gysfm.com.ar\/inicio\/wp-content\/uploads\/2023\/07\/LOGOGYS-OK.png","width":1170,"height":872,"caption":"GYS NOTICIAS |"},"image":{"@id":"https:\/\/gysfm.com.ar\/inicio\/#\/schema\/logo\/image\/"}},{"@type":"Person","@id":"https:\/\/gysfm.com.ar\/inicio\/#\/schema\/person\/3abba7593ef2ad19e1be221d54383dc5","name":"Prensa G&amp;S FM","image":{"@type":"ImageObject","inLanguage":"es","@id":"https:\/\/gysfm.com.ar\/inicio\/#\/schema\/person\/image\/","url":"https:\/\/secure.gravatar.com\/avatar\/096ec78df02049ab018702bb4ccedf659377fa92a26540b5247612077a0dbd29?s=96&d=mm&r=g","contentUrl":"https:\/\/secure.gravatar.com\/avatar\/096ec78df02049ab018702bb4ccedf659377fa92a26540b5247612077a0dbd29?s=96&d=mm&r=g","caption":"Prensa G&amp;S FM"},"sameAs":["https:\/\/gysfm.com.ar\/"],"url":"https:\/\/gysfm.com.ar\/inicio\/author\/lucasm\/"}]}},"_links":{"self":[{"href":"https:\/\/gysfm.com.ar\/inicio\/wp-json\/wp\/v2\/posts\/192616","targetHints":{"allow":["GET"]}}],"collection":[{"href":"https:\/\/gysfm.com.ar\/inicio\/wp-json\/wp\/v2\/posts"}],"about":[{"href":"https:\/\/gysfm.com.ar\/inicio\/wp-json\/wp\/v2\/types\/post"}],"author":[{"embeddable":true,"href":"https:\/\/gysfm.com.ar\/inicio\/wp-json\/wp\/v2\/users\/2"}],"replies":[{"embeddable":true,"href":"https:\/\/gysfm.com.ar\/inicio\/wp-json\/wp\/v2\/comments?post=192616"}],"version-history":[{"count":0,"href":"https:\/\/gysfm.com.ar\/inicio\/wp-json\/wp\/v2\/posts\/192616\/revisions"}],"wp:featuredmedia":[{"embeddable":true,"href":"https:\/\/gysfm.com.ar\/inicio\/wp-json\/wp\/v2\/media\/192617"}],"wp:attachment":[{"href":"https:\/\/gysfm.com.ar\/inicio\/wp-json\/wp\/v2\/media?parent=192616"}],"wp:term":[{"taxonomy":"category","embeddable":true,"href":"https:\/\/gysfm.com.ar\/inicio\/wp-json\/wp\/v2\/categories?post=192616"},{"taxonomy":"post_tag","embeddable":true,"href":"https:\/\/gysfm.com.ar\/inicio\/wp-json\/wp\/v2\/tags?post=192616"}],"curies":[{"name":"wp","href":"https:\/\/api.w.org\/{rel}","templated":true}]}}