{"id":192614,"date":"2026-04-23T22:01:15","date_gmt":"2026-04-24T01:01:15","guid":{"rendered":"https:\/\/gysfm.com.ar\/inicio\/los-argentinos-dejaron-de-comer-5-kilos-de-carne-vacuna-en-un-ano-por-el-alza-de-precios\/"},"modified":"2026-04-23T22:01:15","modified_gmt":"2026-04-24T01:01:15","slug":"los-argentinos-dejaron-de-comer-5-kilos-de-carne-vacuna-en-un-ano-por-el-alza-de-precios","status":"publish","type":"post","link":"https:\/\/gysfm.com.ar\/inicio\/los-argentinos-dejaron-de-comer-5-kilos-de-carne-vacuna-en-un-ano-por-el-alza-de-precios\/","title":{"rendered":"Los argentinos dejaron de comer 5 kilos de carne vacuna en un a\u00f1o por el alza de precios"},"content":{"rendered":"<p><\/p>\n<div id=\"article-content\">\n<p>En el \u00faltimo a\u00f1o, los argentinos <a target=\"_blank\" href=\"https:\/\/www.perfil.com\/noticias\/reperfilar\/baja-el-consumo-de-carne.phtml\">pasaron de consumir 49,5 kilos de carne vacuna a 44,5 kilos anuales<\/a> por persona, en sinton\u00eda con el aumento de precios, de acuerdo con un informe de la <a target=\"_blank\" href=\"https:\/\/www.perfil.com\/noticias\/canal-e\/fuerte-presion-fiscal-en-el-agro-como-impactan-los-costos-y-los-impuestos.phtml\"><strong>Fundaci\u00f3n Agropecuaria para el Desarrollo de Argentina (FADA)<\/strong>. <\/a><\/p>\n<p>El motivo de esta migraci\u00f3n se explica en que mientras que la inflaci\u00f3n general se ubic\u00f3 en un 33%, <strong>la carne de vaca se dispar\u00f3 un 64%.<\/strong> En contraste, la carne de cerdo aument\u00f3 un <strong>25%<\/strong> y los l\u00e1cteos un <strong>13%<\/strong>.<\/p>\n<p class=\"destacadoNota\"><a target=\"_blank\" href=\"https:\/\/www.perfil.com\/noticias\/economia\/la-confianza-del-consumidor-cayo-57-en-abril-y-toco-su-nivel-mas-bajo-en-meses-a40.phtml\">La confianza del consumidor cay\u00f3 5,7% en abril y toc\u00f3 su nivel m\u00e1s bajo en meses<\/a><\/p>\n<p><a target=\"_blank\" href=\"https:\/\/www.perfil.com\/noticias\/canal-e\/miguel-schiariti-explico-el-cambio-en-el-consumo-el-bolsillo-termina-decidiendo-en-el-mostrador.phtml\"><strong>Miguel Schiariti,<\/strong><\/a> de CICCRA, es bien gr\u00e1fico: \u201cCon el valor de <strong>un kilo de carne vacuna se pueden comprar 4 kilos de pollo o casi 3 de cerdo\u201d.<\/strong><\/p>\n<p><strong>\u00abLa suba de los precios cambia los h\u00e1bitos\u00bb<\/strong>, explica <strong>Antonella Semadeni<\/strong>, economista de FADA. \u00abEsta diferencia caus\u00f3 que muchas familias opten por el cerdo \u2014cuyo consumo subi\u00f3 un kilo y medio, llegando a los 19,3 kg\u2014 como una alternativa m\u00e1s amigable\u00bb.<\/p>\n<p>No solo la din\u00e1mica interna presiona los precios; el contexto internacional juega su partido. La guerra en Medio Oriente ha comenzado a filtrar costos indirectos en los alimentos b\u00e1sicos. El foco est\u00e1 puesto en el <strong>Estrecho de Ormuz<\/strong>: su bloqueo afecta el precio de los combustibles y, por ende, de los fletes.<\/p>\n<p><strong>Los costos pesan el 51% del precio de la carne, el 61% del pan y el 71% de la leche<\/strong> y podr\u00edan pesar m\u00e1s por el aumento del combustible y la urea que se utiliza para los cultivos, seg\u00fan FADA.<\/p>\n<p>\u201cEn el actual contexto de guerra, <strong>el primer costo que va a subir es el de los fletes, principalmente por el aumento en los combustibles<\/strong> debido al bloqueo del estrecho de Ormuz. El flete representa el 6% del precio del sachet de leche y es el 8% de los costos del productor de trigo\u201d, detalla Nicolle Pisani Claro, Economista Jefa FADA.<\/p>\n<p>\u201cLos aumentos en la log\u00edstica van a repercutir en precios y en las ganancias de los diferentes eslabones que producen estos alimentos\u201d, afirma la economista.<\/p>\n<p>El Estado sentando a la mesa: 1 de cada 4 pesos son impuestos<\/p>\n<p>Uno de los datos m\u00e1s contundentes del informe es la carga tributaria. Independientemente del producto, el Estado retiene una porci\u00f3n sustancial de lo que paga el consumidor.<\/p>\n<p>Tanto en pan, como en carne y l\u00e1cteos \u00ab$1 de cada $4 que pagamos son impuestos\u00bb, revela <strong>Mar\u00eda Luz Silvetti<\/strong>, economista de la fundaci\u00f3n. \u00abPor cada cuatro bollitos de pan, nos comemos uno de impuestos\u00bb, a\u00f1ade. Del total de esa carga, el <strong>70% corresponde a tributos nacionales<\/strong> (como el IVA), seguidos por ingresos brutos provinciales y tasas municipales.<\/p>\n<h3>Radiograf\u00eda por producto: \u00bfQu\u00e9 pagamos cuando compramos?<\/h3>\n<p>El informe de FADA desglosa la cadena de valor para entender que el precio final no es un n\u00famero azaroso, sino un acumulado de eslabones:<\/p>\n<p>Existe la creencia de que el precio del ma\u00edz o el trigo determina el valor del alimento. Sin embargo, Semadeni aclara que el ma\u00edz solo representa el <strong>6%<\/strong> del precio final de la carne de vaca y el trigo apenas el <strong>10%<\/strong> en el caso del pan. El 90% restante se reparte en log\u00edstica, energ\u00eda, mano de obra e impuestos.<\/p>\n<h3>El proceso detr\u00e1s del bife y el pan<\/h3>\n<p>En el <strong>precio de la carne, un 51% son los costos, 28% los impuestos y 21% la ganancia.<\/strong> \u201cPara llegar a los bifes que compramos es necesario un proceso que lleva a\u00f1os, con costos importantes como la tierra donde se cr\u00edan los animales, la sanidad, la alimentaci\u00f3n, el transporte, el personal\u201d, explica Fiorella Savarino, economista FADA. En el precio de la carne de vaca, se reparte el 35% en la cr\u00eda, 16% el feedlot, 1% frigor\u00edfico, 20% carnicer\u00eda y 28% impuestos.<\/p>\n<p>En el caso del <strong>pan el 61% son costos de producir, el 24% impuestos y el 15% la ganancia<\/strong>. En los eslabones de la cadena desde el origen, la producci\u00f3n del trigo en el campo es el 7% del precio del pan, el molino el 4% y la panader\u00eda el 65%, el otro 24% son los impuestos.<\/p>\n<p>En la <strong>leche 71% son costos, 26% son impuestos y s\u00f3lo un 3% son ganancias.<\/strong> Del valor que pagamos al comprar un sachet, el tambo es el 27%, 24% la industria, 23% el comercio y 26% los impuestos.<\/p>\n<p>LM<\/p>\n<\/p><\/div>\n<p><script>\n                !function(f,b,e,v,n,t,s)\n                {if(f.fbq)return;n=f.fbq=function(){n.callMethod?\n                    n.callMethod.apply(n,arguments):n.queue.push(arguments)};\n                    if(!f._fbq)f._fbq=n;n.push=n;n.loaded=!0;n.version='2.0';\n                    n.queue=[];t=b.createElement(e);t.async=!0;\n                    t.src=v;s=b.getElementsByTagName(e)[0];\n                    s.parentNode.insertBefore(t,s)}(window, document,'script',\n                    'https:\/\/connect.facebook.net\/en_US\/fbevents.js');\n                window.paywallConfig.facebook_pixel=\"1000228364089342\"\n            <\/script><\/p>\n","protected":false},"excerpt":{"rendered":"<p>En el \u00faltimo a\u00f1o, los argentinos pasaron de consumir 49,5 kilos de carne vacuna a 44,5 kilos anuales por persona, en sinton\u00eda con el aumento de precios, de acuerdo con un informe de la Fundaci\u00f3n Agropecuaria para el Desarrollo de Argentina (FADA). El motivo de esta migraci\u00f3n se explica en que mientras que la inflaci\u00f3n [&hellip;]<\/p>\n","protected":false},"author":2,"featured_media":192615,"comment_status":"closed","ping_status":"closed","sticky":false,"template":"","format":"standard","meta":{"footnotes":""},"categories":[25],"tags":[],"class_list":["post-192614","post","type-post","status-publish","format-standard","has-post-thumbnail","hentry","category-nacionales"],"yoast_head":"<!-- This site is optimized with the Yoast SEO plugin v24.4 - https:\/\/yoast.com\/wordpress\/plugins\/seo\/ -->\n<title>Los argentinos dejaron de comer 5 kilos de carne vacuna en un a\u00f1o por el alza de precios - GYS NOTICIAS |<\/title>\n<meta name=\"robots\" content=\"index, follow, max-snippet:-1, max-image-preview:large, max-video-preview:-1\" \/>\n<link rel=\"canonical\" href=\"https:\/\/gysfm.com.ar\/inicio\/los-argentinos-dejaron-de-comer-5-kilos-de-carne-vacuna-en-un-ano-por-el-alza-de-precios\/\" \/>\n<meta property=\"og:locale\" content=\"es_ES\" \/>\n<meta property=\"og:type\" content=\"article\" \/>\n<meta property=\"og:title\" content=\"Los argentinos dejaron de comer 5 kilos de carne vacuna en un a\u00f1o por el alza de precios - GYS NOTICIAS |\" \/>\n<meta property=\"og:description\" content=\"En el \u00faltimo a\u00f1o, los argentinos pasaron de consumir 49,5 kilos de carne vacuna a 44,5 kilos anuales por persona, en sinton\u00eda con el aumento de precios, de acuerdo con un informe de la Fundaci\u00f3n Agropecuaria para el Desarrollo de Argentina (FADA). El motivo de esta migraci\u00f3n se explica en que mientras que la inflaci\u00f3n [&hellip;]\" \/>\n<meta property=\"og:url\" content=\"https:\/\/gysfm.com.ar\/inicio\/los-argentinos-dejaron-de-comer-5-kilos-de-carne-vacuna-en-un-ano-por-el-alza-de-precios\/\" \/>\n<meta property=\"og:site_name\" content=\"GYS NOTICIAS |\" \/>\n<meta property=\"article:published_time\" content=\"2026-04-24T01:01:15+00:00\" \/>\n<meta name=\"author\" content=\"Prensa G&amp;S FM\" \/>\n<meta name=\"twitter:card\" content=\"summary_large_image\" \/>\n<meta name=\"twitter:label1\" content=\"Escrito por\" \/>\n\t<meta name=\"twitter:data1\" content=\"Prensa G&amp;S FM\" \/>\n\t<meta name=\"twitter:label2\" content=\"Tiempo de lectura\" \/>\n\t<meta name=\"twitter:data2\" content=\"4 minutos\" \/>\n<script type=\"application\/ld+json\" class=\"yoast-schema-graph\">{\"@context\":\"https:\/\/schema.org\",\"@graph\":[{\"@type\":\"Article\",\"@id\":\"https:\/\/gysfm.com.ar\/inicio\/los-argentinos-dejaron-de-comer-5-kilos-de-carne-vacuna-en-un-ano-por-el-alza-de-precios\/#article\",\"isPartOf\":{\"@id\":\"https:\/\/gysfm.com.ar\/inicio\/los-argentinos-dejaron-de-comer-5-kilos-de-carne-vacuna-en-un-ano-por-el-alza-de-precios\/\"},\"author\":{\"name\":\"Prensa G&amp;S FM\",\"@id\":\"https:\/\/gysfm.com.ar\/inicio\/#\/schema\/person\/3abba7593ef2ad19e1be221d54383dc5\"},\"headline\":\"Los argentinos dejaron de comer 5 kilos de carne vacuna en un a\u00f1o por el alza de precios\",\"datePublished\":\"2026-04-24T01:01:15+00:00\",\"mainEntityOfPage\":{\"@id\":\"https:\/\/gysfm.com.ar\/inicio\/los-argentinos-dejaron-de-comer-5-kilos-de-carne-vacuna-en-un-ano-por-el-alza-de-precios\/\"},\"wordCount\":732,\"publisher\":{\"@id\":\"https:\/\/gysfm.com.ar\/inicio\/#organization\"},\"image\":{\"@id\":\"https:\/\/gysfm.com.ar\/inicio\/los-argentinos-dejaron-de-comer-5-kilos-de-carne-vacuna-en-un-ano-por-el-alza-de-precios\/#primaryimage\"},\"thumbnailUrl\":\"https:\/\/gysfm.com.ar\/inicio\/wp-content\/uploads\/2026\/04\/190426carniceriacarnenag-2223455.jpg\",\"articleSection\":[\"NACIONALES\"],\"inLanguage\":\"es\"},{\"@type\":\"WebPage\",\"@id\":\"https:\/\/gysfm.com.ar\/inicio\/los-argentinos-dejaron-de-comer-5-kilos-de-carne-vacuna-en-un-ano-por-el-alza-de-precios\/\",\"url\":\"https:\/\/gysfm.com.ar\/inicio\/los-argentinos-dejaron-de-comer-5-kilos-de-carne-vacuna-en-un-ano-por-el-alza-de-precios\/\",\"name\":\"Los argentinos dejaron de comer 5 kilos de carne vacuna en un a\u00f1o por el alza de precios - GYS NOTICIAS |\",\"isPartOf\":{\"@id\":\"https:\/\/gysfm.com.ar\/inicio\/#website\"},\"primaryImageOfPage\":{\"@id\":\"https:\/\/gysfm.com.ar\/inicio\/los-argentinos-dejaron-de-comer-5-kilos-de-carne-vacuna-en-un-ano-por-el-alza-de-precios\/#primaryimage\"},\"image\":{\"@id\":\"https:\/\/gysfm.com.ar\/inicio\/los-argentinos-dejaron-de-comer-5-kilos-de-carne-vacuna-en-un-ano-por-el-alza-de-precios\/#primaryimage\"},\"thumbnailUrl\":\"https:\/\/gysfm.com.ar\/inicio\/wp-content\/uploads\/2026\/04\/190426carniceriacarnenag-2223455.jpg\",\"datePublished\":\"2026-04-24T01:01:15+00:00\",\"breadcrumb\":{\"@id\":\"https:\/\/gysfm.com.ar\/inicio\/los-argentinos-dejaron-de-comer-5-kilos-de-carne-vacuna-en-un-ano-por-el-alza-de-precios\/#breadcrumb\"},\"inLanguage\":\"es\",\"potentialAction\":[{\"@type\":\"ReadAction\",\"target\":[\"https:\/\/gysfm.com.ar\/inicio\/los-argentinos-dejaron-de-comer-5-kilos-de-carne-vacuna-en-un-ano-por-el-alza-de-precios\/\"]}]},{\"@type\":\"ImageObject\",\"inLanguage\":\"es\",\"@id\":\"https:\/\/gysfm.com.ar\/inicio\/los-argentinos-dejaron-de-comer-5-kilos-de-carne-vacuna-en-un-ano-por-el-alza-de-precios\/#primaryimage\",\"url\":\"https:\/\/gysfm.com.ar\/inicio\/wp-content\/uploads\/2026\/04\/190426carniceriacarnenag-2223455.jpg\",\"contentUrl\":\"https:\/\/gysfm.com.ar\/inicio\/wp-content\/uploads\/2026\/04\/190426carniceriacarnenag-2223455.jpg\",\"width\":1140,\"height\":641},{\"@type\":\"BreadcrumbList\",\"@id\":\"https:\/\/gysfm.com.ar\/inicio\/los-argentinos-dejaron-de-comer-5-kilos-de-carne-vacuna-en-un-ano-por-el-alza-de-precios\/#breadcrumb\",\"itemListElement\":[{\"@type\":\"ListItem\",\"position\":1,\"name\":\"Portada\",\"item\":\"https:\/\/gysfm.com.ar\/inicio\/\"},{\"@type\":\"ListItem\",\"position\":2,\"name\":\"Los argentinos dejaron de comer 5 kilos de carne vacuna en un a\u00f1o por el alza de precios\"}]},{\"@type\":\"WebSite\",\"@id\":\"https:\/\/gysfm.com.ar\/inicio\/#website\",\"url\":\"https:\/\/gysfm.com.ar\/inicio\/\",\"name\":\"GYS NOTICIAS |\",\"description\":\"DIARIO - RADIO ONLINE SAN JUAN ARGENTINA\",\"publisher\":{\"@id\":\"https:\/\/gysfm.com.ar\/inicio\/#organization\"},\"potentialAction\":[{\"@type\":\"SearchAction\",\"target\":{\"@type\":\"EntryPoint\",\"urlTemplate\":\"https:\/\/gysfm.com.ar\/inicio\/?s={search_term_string}\"},\"query-input\":{\"@type\":\"PropertyValueSpecification\",\"valueRequired\":true,\"valueName\":\"search_term_string\"}}],\"inLanguage\":\"es\"},{\"@type\":\"Organization\",\"@id\":\"https:\/\/gysfm.com.ar\/inicio\/#organization\",\"name\":\"GYS NOTICIAS |\",\"url\":\"https:\/\/gysfm.com.ar\/inicio\/\",\"logo\":{\"@type\":\"ImageObject\",\"inLanguage\":\"es\",\"@id\":\"https:\/\/gysfm.com.ar\/inicio\/#\/schema\/logo\/image\/\",\"url\":\"https:\/\/gysfm.com.ar\/inicio\/wp-content\/uploads\/2023\/07\/LOGOGYS-OK.png\",\"contentUrl\":\"https:\/\/gysfm.com.ar\/inicio\/wp-content\/uploads\/2023\/07\/LOGOGYS-OK.png\",\"width\":1170,\"height\":872,\"caption\":\"GYS NOTICIAS |\"},\"image\":{\"@id\":\"https:\/\/gysfm.com.ar\/inicio\/#\/schema\/logo\/image\/\"}},{\"@type\":\"Person\",\"@id\":\"https:\/\/gysfm.com.ar\/inicio\/#\/schema\/person\/3abba7593ef2ad19e1be221d54383dc5\",\"name\":\"Prensa G&amp;S FM\",\"image\":{\"@type\":\"ImageObject\",\"inLanguage\":\"es\",\"@id\":\"https:\/\/gysfm.com.ar\/inicio\/#\/schema\/person\/image\/\",\"url\":\"https:\/\/secure.gravatar.com\/avatar\/096ec78df02049ab018702bb4ccedf659377fa92a26540b5247612077a0dbd29?s=96&d=mm&r=g\",\"contentUrl\":\"https:\/\/secure.gravatar.com\/avatar\/096ec78df02049ab018702bb4ccedf659377fa92a26540b5247612077a0dbd29?s=96&d=mm&r=g\",\"caption\":\"Prensa G&amp;S FM\"},\"sameAs\":[\"https:\/\/gysfm.com.ar\/\"],\"url\":\"https:\/\/gysfm.com.ar\/inicio\/author\/lucasm\/\"}]}<\/script>\n<!-- \/ Yoast SEO plugin. -->","yoast_head_json":{"title":"Los argentinos dejaron de comer 5 kilos de carne vacuna en un a\u00f1o por el alza de precios - GYS NOTICIAS |","robots":{"index":"index","follow":"follow","max-snippet":"max-snippet:-1","max-image-preview":"max-image-preview:large","max-video-preview":"max-video-preview:-1"},"canonical":"https:\/\/gysfm.com.ar\/inicio\/los-argentinos-dejaron-de-comer-5-kilos-de-carne-vacuna-en-un-ano-por-el-alza-de-precios\/","og_locale":"es_ES","og_type":"article","og_title":"Los argentinos dejaron de comer 5 kilos de carne vacuna en un a\u00f1o por el alza de precios - GYS NOTICIAS |","og_description":"En el \u00faltimo a\u00f1o, los argentinos pasaron de consumir 49,5 kilos de carne vacuna a 44,5 kilos anuales por persona, en sinton\u00eda con el aumento de precios, de acuerdo con un informe de la Fundaci\u00f3n Agropecuaria para el Desarrollo de Argentina (FADA). El motivo de esta migraci\u00f3n se explica en que mientras que la inflaci\u00f3n [&hellip;]","og_url":"https:\/\/gysfm.com.ar\/inicio\/los-argentinos-dejaron-de-comer-5-kilos-de-carne-vacuna-en-un-ano-por-el-alza-de-precios\/","og_site_name":"GYS NOTICIAS |","article_published_time":"2026-04-24T01:01:15+00:00","author":"Prensa G&amp;S FM","twitter_card":"summary_large_image","twitter_misc":{"Escrito por":"Prensa G&amp;S FM","Tiempo de lectura":"4 minutos"},"schema":{"@context":"https:\/\/schema.org","@graph":[{"@type":"Article","@id":"https:\/\/gysfm.com.ar\/inicio\/los-argentinos-dejaron-de-comer-5-kilos-de-carne-vacuna-en-un-ano-por-el-alza-de-precios\/#article","isPartOf":{"@id":"https:\/\/gysfm.com.ar\/inicio\/los-argentinos-dejaron-de-comer-5-kilos-de-carne-vacuna-en-un-ano-por-el-alza-de-precios\/"},"author":{"name":"Prensa G&amp;S FM","@id":"https:\/\/gysfm.com.ar\/inicio\/#\/schema\/person\/3abba7593ef2ad19e1be221d54383dc5"},"headline":"Los argentinos dejaron de comer 5 kilos de carne vacuna en un a\u00f1o por el alza de precios","datePublished":"2026-04-24T01:01:15+00:00","mainEntityOfPage":{"@id":"https:\/\/gysfm.com.ar\/inicio\/los-argentinos-dejaron-de-comer-5-kilos-de-carne-vacuna-en-un-ano-por-el-alza-de-precios\/"},"wordCount":732,"publisher":{"@id":"https:\/\/gysfm.com.ar\/inicio\/#organization"},"image":{"@id":"https:\/\/gysfm.com.ar\/inicio\/los-argentinos-dejaron-de-comer-5-kilos-de-carne-vacuna-en-un-ano-por-el-alza-de-precios\/#primaryimage"},"thumbnailUrl":"https:\/\/gysfm.com.ar\/inicio\/wp-content\/uploads\/2026\/04\/190426carniceriacarnenag-2223455.jpg","articleSection":["NACIONALES"],"inLanguage":"es"},{"@type":"WebPage","@id":"https:\/\/gysfm.com.ar\/inicio\/los-argentinos-dejaron-de-comer-5-kilos-de-carne-vacuna-en-un-ano-por-el-alza-de-precios\/","url":"https:\/\/gysfm.com.ar\/inicio\/los-argentinos-dejaron-de-comer-5-kilos-de-carne-vacuna-en-un-ano-por-el-alza-de-precios\/","name":"Los argentinos dejaron de comer 5 kilos de carne vacuna en un a\u00f1o por el alza de precios - GYS NOTICIAS |","isPartOf":{"@id":"https:\/\/gysfm.com.ar\/inicio\/#website"},"primaryImageOfPage":{"@id":"https:\/\/gysfm.com.ar\/inicio\/los-argentinos-dejaron-de-comer-5-kilos-de-carne-vacuna-en-un-ano-por-el-alza-de-precios\/#primaryimage"},"image":{"@id":"https:\/\/gysfm.com.ar\/inicio\/los-argentinos-dejaron-de-comer-5-kilos-de-carne-vacuna-en-un-ano-por-el-alza-de-precios\/#primaryimage"},"thumbnailUrl":"https:\/\/gysfm.com.ar\/inicio\/wp-content\/uploads\/2026\/04\/190426carniceriacarnenag-2223455.jpg","datePublished":"2026-04-24T01:01:15+00:00","breadcrumb":{"@id":"https:\/\/gysfm.com.ar\/inicio\/los-argentinos-dejaron-de-comer-5-kilos-de-carne-vacuna-en-un-ano-por-el-alza-de-precios\/#breadcrumb"},"inLanguage":"es","potentialAction":[{"@type":"ReadAction","target":["https:\/\/gysfm.com.ar\/inicio\/los-argentinos-dejaron-de-comer-5-kilos-de-carne-vacuna-en-un-ano-por-el-alza-de-precios\/"]}]},{"@type":"ImageObject","inLanguage":"es","@id":"https:\/\/gysfm.com.ar\/inicio\/los-argentinos-dejaron-de-comer-5-kilos-de-carne-vacuna-en-un-ano-por-el-alza-de-precios\/#primaryimage","url":"https:\/\/gysfm.com.ar\/inicio\/wp-content\/uploads\/2026\/04\/190426carniceriacarnenag-2223455.jpg","contentUrl":"https:\/\/gysfm.com.ar\/inicio\/wp-content\/uploads\/2026\/04\/190426carniceriacarnenag-2223455.jpg","width":1140,"height":641},{"@type":"BreadcrumbList","@id":"https:\/\/gysfm.com.ar\/inicio\/los-argentinos-dejaron-de-comer-5-kilos-de-carne-vacuna-en-un-ano-por-el-alza-de-precios\/#breadcrumb","itemListElement":[{"@type":"ListItem","position":1,"name":"Portada","item":"https:\/\/gysfm.com.ar\/inicio\/"},{"@type":"ListItem","position":2,"name":"Los argentinos dejaron de comer 5 kilos de carne vacuna en un a\u00f1o por el alza de precios"}]},{"@type":"WebSite","@id":"https:\/\/gysfm.com.ar\/inicio\/#website","url":"https:\/\/gysfm.com.ar\/inicio\/","name":"GYS NOTICIAS |","description":"DIARIO - RADIO ONLINE SAN JUAN ARGENTINA","publisher":{"@id":"https:\/\/gysfm.com.ar\/inicio\/#organization"},"potentialAction":[{"@type":"SearchAction","target":{"@type":"EntryPoint","urlTemplate":"https:\/\/gysfm.com.ar\/inicio\/?s={search_term_string}"},"query-input":{"@type":"PropertyValueSpecification","valueRequired":true,"valueName":"search_term_string"}}],"inLanguage":"es"},{"@type":"Organization","@id":"https:\/\/gysfm.com.ar\/inicio\/#organization","name":"GYS NOTICIAS |","url":"https:\/\/gysfm.com.ar\/inicio\/","logo":{"@type":"ImageObject","inLanguage":"es","@id":"https:\/\/gysfm.com.ar\/inicio\/#\/schema\/logo\/image\/","url":"https:\/\/gysfm.com.ar\/inicio\/wp-content\/uploads\/2023\/07\/LOGOGYS-OK.png","contentUrl":"https:\/\/gysfm.com.ar\/inicio\/wp-content\/uploads\/2023\/07\/LOGOGYS-OK.png","width":1170,"height":872,"caption":"GYS NOTICIAS |"},"image":{"@id":"https:\/\/gysfm.com.ar\/inicio\/#\/schema\/logo\/image\/"}},{"@type":"Person","@id":"https:\/\/gysfm.com.ar\/inicio\/#\/schema\/person\/3abba7593ef2ad19e1be221d54383dc5","name":"Prensa G&amp;S FM","image":{"@type":"ImageObject","inLanguage":"es","@id":"https:\/\/gysfm.com.ar\/inicio\/#\/schema\/person\/image\/","url":"https:\/\/secure.gravatar.com\/avatar\/096ec78df02049ab018702bb4ccedf659377fa92a26540b5247612077a0dbd29?s=96&d=mm&r=g","contentUrl":"https:\/\/secure.gravatar.com\/avatar\/096ec78df02049ab018702bb4ccedf659377fa92a26540b5247612077a0dbd29?s=96&d=mm&r=g","caption":"Prensa G&amp;S FM"},"sameAs":["https:\/\/gysfm.com.ar\/"],"url":"https:\/\/gysfm.com.ar\/inicio\/author\/lucasm\/"}]}},"_links":{"self":[{"href":"https:\/\/gysfm.com.ar\/inicio\/wp-json\/wp\/v2\/posts\/192614","targetHints":{"allow":["GET"]}}],"collection":[{"href":"https:\/\/gysfm.com.ar\/inicio\/wp-json\/wp\/v2\/posts"}],"about":[{"href":"https:\/\/gysfm.com.ar\/inicio\/wp-json\/wp\/v2\/types\/post"}],"author":[{"embeddable":true,"href":"https:\/\/gysfm.com.ar\/inicio\/wp-json\/wp\/v2\/users\/2"}],"replies":[{"embeddable":true,"href":"https:\/\/gysfm.com.ar\/inicio\/wp-json\/wp\/v2\/comments?post=192614"}],"version-history":[{"count":0,"href":"https:\/\/gysfm.com.ar\/inicio\/wp-json\/wp\/v2\/posts\/192614\/revisions"}],"wp:featuredmedia":[{"embeddable":true,"href":"https:\/\/gysfm.com.ar\/inicio\/wp-json\/wp\/v2\/media\/192615"}],"wp:attachment":[{"href":"https:\/\/gysfm.com.ar\/inicio\/wp-json\/wp\/v2\/media?parent=192614"}],"wp:term":[{"taxonomy":"category","embeddable":true,"href":"https:\/\/gysfm.com.ar\/inicio\/wp-json\/wp\/v2\/categories?post=192614"},{"taxonomy":"post_tag","embeddable":true,"href":"https:\/\/gysfm.com.ar\/inicio\/wp-json\/wp\/v2\/tags?post=192614"}],"curies":[{"name":"wp","href":"https:\/\/api.w.org\/{rel}","templated":true}]}}