{"id":192608,"date":"2026-04-23T21:41:20","date_gmt":"2026-04-24T00:41:20","guid":{"rendered":"https:\/\/gysfm.com.ar\/inicio\/detuvieron-en-la-ciudad-a-un-sospechoso-del-crimen-del-precandidato-a-presidente-de-colombia-miguel-uribe-turbay\/"},"modified":"2026-04-23T21:41:22","modified_gmt":"2026-04-24T00:41:22","slug":"detuvieron-en-la-ciudad-a-un-sospechoso-del-crimen-del-precandidato-a-presidente-de-colombia-miguel-uribe-turbay","status":"publish","type":"post","link":"https:\/\/gysfm.com.ar\/inicio\/detuvieron-en-la-ciudad-a-un-sospechoso-del-crimen-del-precandidato-a-presidente-de-colombia-miguel-uribe-turbay\/","title":{"rendered":"Detuvieron en la Ciudad a un sospechoso del crimen del precandidato a presidente de Colombia Miguel Uribe Turbay"},"content":{"rendered":"<p> <br \/>\n<\/p>\n<div>\n<p class=\"com-paragraph  --capital --s\">Un <strong>hombre de nacionalidad colombiana que estaba pr\u00f3fugo de la Justicia y con pedido de captura internacional por haber presuntamente participado del crimen del candidato a presidente de Colombia<\/strong>, <strong>Miguel Uribe Turbay<\/strong>, fue <strong>detenido<\/strong> este martes en la ciudad de Buenos Aires cuando <strong>se acerc\u00f3 a un tribunal para acordar la pena en un juicio abreviado por un robo de auto protagonizado en el distrito porte\u00f1o<\/strong>.<\/p>\n<p class=\"com-paragraph   --s\">Seg\u00fan pudo saber <strong>LA NACION<\/strong>, el acusado, identificado como <strong>Brayan Ferney Cruz Castillo \u2014de 30 a\u00f1os\u2014<\/strong>, cay\u00f3 en el marco de un operativo conjunto de la <strong>Divisi\u00f3n Seguridad y Custodia del Poder Judicial de la Polic\u00eda Federal Argentina (PFA) <\/strong>y la <strong>Divisi\u00f3n Investigaci\u00f3n Federal de Fugitivos y Extradiciones<\/strong> que pertenece al departamento que tiene la<strong> Interpol<\/strong> en la Argentina. <\/p>\n<div class=\"content-media\">\n<section role=\"button\" class=\"mod-media   \">\n<figure role=\"button\" tabindex=\"0\" class=\"mod-figure \"><figcaption class=\"mod-figcaption\"><span class=\"com-text --caption --twoxs\">Detuvieron en la Ciudad a un sospechoso del crimen del precandidato a presidente de Colombia Miguel Uribe Turbay.<\/span><span class=\"com-text --credit --twoxs\">PFA<\/span><\/figcaption><\/figure>\n<\/section>\n<\/div>\n<p class=\"com-paragraph   --s\">La aprehensi\u00f3n por el delito de<strong> magnicidio <\/strong>se produjo a partir de una investigaci\u00f3n del \u00c1rea de Casos Complejos de la Unidad Fiscal Corrientes, a cargo de la fiscal general Tamara Ahimar\u00e1 Pourcel, con la intervenci\u00f3n del auxiliar fiscal Juan Mart\u00edn Mari\u00f1o Fages. Cruz Castillo <strong>qued\u00f3 detenido a disposici\u00f3n del Juzgado Nacional en lo Criminal y Correccional Federal N.\u00ba 12<\/strong>, a cargo de Juli\u00e1n Ercolini, que intervendr\u00e1 en el tr\u00e1mite de cooperaci\u00f3n internacional y el eventual proceso de extradici\u00f3n.<\/p>\n<p class=\"com-paragraph   --s\">Hasta el momento, el presidente de Colombia, <strong>Gustavo Petro<\/strong>, no se pronunci\u00f3 sobre la detenci\u00f3n.<\/p>\n<p class=\"com-paragraph   --s\">De acuerdo con la investigaci\u00f3n desarrollada en Colombia, <strong>el atentado habr\u00eda sido ejecutado por una estructura criminal organizada con intervenci\u00f3n de m\u00faltiples actores<\/strong>. Fue en ese marco que <strong>surgieron indicios de que Cruz Castillo podr\u00eda haber tenido participaci\u00f3n en aspectos log\u00edsticos del hecho, as\u00ed como tambi\u00e9n de su eventual ingreso a la Argentina, a partir del an\u00e1lisis de direcciones IP que lo ubicaban en el pa\u00eds<\/strong>, informaron fuentes judiciales a<strong> LA NACION<\/strong>.<\/p>\n<p class=\"com-paragraph   --s\">Ante ello, la fiscal\u00eda dispuso profundizar las tareas investigativas en coordinaci\u00f3n con la Unidad Fiscal Especializada en Criminalidad Organizada (Ufeco) y encomend\u00f3 diligencias al \u201cEscuadr\u00f3n Buenos Aires\u201d de Gendarmer\u00eda. <\/p>\n<p class=\"com-paragraph   --s\">Como parte de la investigaci\u00f3n, se requiri\u00f3 informaci\u00f3n a la <strong>Direcci\u00f3n Nacional de Migraciones <\/strong>para detectar si Cruz Castillo hab\u00eda ingresado a Argentina. El organismo inform\u00f3 que <strong>el imputado se encontraba en situaci\u00f3n irregular en el pa\u00eds <\/strong>y que, adem\u00e1s, <strong>ten\u00eda una orden de expulsi\u00f3n vigente, originada tras un hurto automotor en la Ciudad Aut\u00f3noma de Buenos Aires<\/strong>.<\/p>\n<p class=\"com-paragraph   --s\">Los investigadores avanzaron y establecieron contacto con la fiscal\u00eda interviniente en ese expediente porte\u00f1o, la cual inform\u00f3 que este 20 de abril de 2026 el imputado hab\u00eda aceptado suscribir un acuerdo de juicio abreviado ante el Tribunal Oral en lo Criminal y Correccional N.\u00ba 28. Finalmente, <strong>Cruz Castillo fue detenido en los tribunales de la calle Paraguay al 1500 de la Capital Federal<\/strong>.<\/p>\n<div class=\"content-media cursor-pointer container-center-100\">\n<section class=\"media-container relative ratio-16-9 mod-media pb-32\">\n<figure class=\"mod-video\">\n<div class=\"video-player bg-black ratio-16-9\" data-has-jwplayer=\"true\" data-video-id-jw=\"fVwhVNyA\" data-config=\"{&quot;title&quot;:&quot;Detuvieron en la Ciudad a un sospechoso del crimen del precandidato a presidente de Colombia Miguel Uribe Turbay&quot;,&quot;mediaId&quot;:&quot;fVwhVNyA&quot;,&quot;playerId&quot;:&quot;ih0086X3&quot;,&quot;playlist&quot;:[{&quot;mediaid&quot;:&quot;fVwhVNyA&quot;,&quot;sources&quot;:[{&quot;file&quot;:&quot;https:\/\/cdn.jwplayer.com\/manifests\/fVwhVNyA.m3u8&quot;,&quot;type&quot;:&quot;application\/vnd.apple.mpegurl&quot;},{&quot;bitrate&quot;:491126,&quot;file&quot;:&quot;https:\/\/cdn.jwplayer.com\/videos\/fVwhVNyA-kTExGaWf.mp4&quot;,&quot;filesize&quot;:552517,&quot;framerate&quot;:60,&quot;height&quot;:320,&quot;label&quot;:&quot;180p&quot;,&quot;type&quot;:&quot;video\/mp4&quot;,&quot;width&quot;:178},{&quot;bitrate&quot;:709467,&quot;file&quot;:&quot;https:\/\/cdn.jwplayer.com\/videos\/fVwhVNyA-K8B0kybS.mp4&quot;,&quot;filesize&quot;:798151,&quot;framerate&quot;:60,&quot;height&quot;:478,&quot;label&quot;:&quot;270p&quot;,&quot;type&quot;:&quot;video\/mp4&quot;,&quot;width&quot;:268},{&quot;bitrate&quot;:993992,&quot;file&quot;:&quot;https:\/\/cdn.jwplayer.com\/videos\/fVwhVNyA-FnZGUVnC.mp4&quot;,&quot;filesize&quot;:1118242,&quot;framerate&quot;:60,&quot;height&quot;:638,&quot;label&quot;:&quot;360p&quot;,&quot;type&quot;:&quot;video\/mp4&quot;,&quot;width&quot;:356}]}],&quot;hasAutoplay&quot;:false,&quot;autostart&quot;:true,&quot;tagsUrl&quot;:&quot;https:\/\/pubads.g.doubleclick.net\/gampad\/ads?slotname=\/133919216\/la_nacion_video\/nota\/preroll&amp;sz=640x480|400x300&amp;ciu_szs=300x250&amp;unviewed_position_start=1&amp;output=vast&amp;impl=s&amp;env=vp&amp;gdfp_req=1&amp;ad_rule=0&amp;vad_type=linear&amp;vpos=preroll&amp;cust_params=tags_nuevos%3Dte_colombia%2Cte_policia_federal_argentina%2Cte_magnicidio%2Cca_seguridad%2Cca_el_mundo%2Cau_valeria_musse%2CQNQUNA5K35HXNIJ355P2CZKUZI&amp;pod=3&amp;ppos=1&amp;lip=true&amp;min_ad_duration=0&amp;max_ad_duration=30000&amp;vrid=6256&amp;url=https%3A%2F%2Fwww.lanacion.com.ar%2Fseguridad%2Fdetuvieron-en-la-ciudad-a-un-sospechoso-del-crimen-del-precandidato-a-presidente-de-colombia-miguel-nid22042026%2F%3Fvariant%3DA&amp;description_url=https%3A%2F%2Fwww.lanacion.com.ar%2Fseguridad%2Fdetuvieron-en-la-ciudad-a-un-sospechoso-del-crimen-del-precandidato-a-presidente-de-colombia-miguel-nid22042026%2F%3Fvariant%3DA&amp;video_doc_id=short_onecue&amp;cmsid=496&amp;kfa=0&amp;tfcd=0&amp;correlator=1776991279594&quot;,&quot;arcSite&quot;:&quot;la-nacion-ar&quot;,&quot;duration&quot;:&quot;9000&quot;}\">\n<div id=\"facade-fVwhVNyA\" class=\"content-facade-jw relative bg-black ratio-16-9\"><picture><source media=\"(max-width: 767px)\" srcset=\"https:\/\/resizer.glanacion.com\/resizer\/v2\/https%3A%2F%2Fcdn.jwplayer.com%2Fv2%2Fmedia%2FfVwhVNyA%2Fposter.jpg%3Fwidth%3D720?auth=e3531c67f2332658341199957e2f5a9e1e6416945cfabe708856453433eb9775&amp;width=480&amp;quality=70&amp;smart=false\"\/><\/picture><\/div>\n<\/div><figcaption class=\"border border-1 border-bottom border-light-300 relative px-16 py-8 min-h-36 w-100_md px-0_l mb-8 bg-white\"><span class=\"text ln-text text-16 block\">Detuvieron en la Ciudad a un sospechoso del crimen del precandidato a presidente de Colombia Miguel Uribe Turbay<\/span><\/figcaption><\/figure>\n<\/section>\n<\/div>\n<p class=\"com-paragraph   --s\">De acuerdo con la <strong>notificaci\u00f3n roja que emiti\u00f3 la sede que tiene Interpol en Bogot\u00e1<\/strong>, el colombiano est\u00e1 sospechado de ser el presunto responsable de la planeaci\u00f3n y ejecuci\u00f3n de un atentado terrorista contra Uribe Turbay. <strong>Se cree que, en complicidad con otras personas, el 3 de junio de 2025 instal\u00f3 un artefacto explosivo con una base magn\u00e9tica en un veh\u00edculo oficial que pertenec\u00eda a la custodia del candidato presidencial. Si bien este hecho no prosper\u00f3, agregaron las fuentes, se investig\u00f3. <\/strong>Luego, el 7 de junio, Uribe Turbay fue nuevamente atacado y muri\u00f3 dos meses despu\u00e9s.<\/p>\n<p class=\"com-paragraph   --s\">La investigaci\u00f3n gira en torno a que Cruz Castillo y sus c\u00f3mplices <strong>habr\u00edan estado realizando durante varios d\u00edas previos al magnicidio labores de inteligencia<\/strong> a los lugares de entrada y salida del veh\u00edculo para colocar el artefacto explosivo.<\/p>\n<div class=\"content-media\">\n<section role=\"button\" class=\"mod-media   \">\n<figure role=\"button\" tabindex=\"0\" class=\"mod-figure \"><figcaption class=\"mod-figcaption\"><span class=\"com-text --caption --twoxs\">El velorio de Uribe Turbay<\/span><span class=\"com-text --credit --twoxs\">Mauricio Moreno\/ El Tiempo, Colombia &#8211; GDAPHOTO<\/span><\/figcaption><\/figure>\n<\/section>\n<\/div>\n<p class=\"com-paragraph   --s\">El precandidato presidencial y senador colombiano Uribe Turbay, de 39 a\u00f1os, fue baleado en junio de 2025 <strong>cuando hac\u00eda campa\u00f1a en el occidente de la capital colombiana. Falleci\u00f3 dos meses despu\u00e9s tras no recuperarse de las heridas<\/strong>. <\/p>\n<p class=\"com-paragraph   --s\">Las <strong>autoridades colombianas ofrecieron una recompensa de 3000 millones de pesos (unos 740.000 d\u00f3lares) por informaci\u00f3n <\/strong>que permita identificar y capturar a los responsables del magnicidio. Estados Unidos, Inglaterra y Emiratos \u00c1rabes apoyan a Colombia en la investigaci\u00f3n.<\/p>\n<div class=\"content-media cursor-pointer container-center-100\">\n<section class=\"media-container relative ratio-16-9 mod-media pb-32\">\n<figure class=\"mod-video\">\n<div class=\"video-player bg-black ratio-16-9\" data-has-jwplayer=\"true\" data-video-id-jw=\"sJWHhxNq\" data-config=\"{&quot;title&quot;:&quot;As\u00ed fue baleado el senador en Colombia &quot;,&quot;mediaId&quot;:&quot;sJWHhxNq&quot;,&quot;playerId&quot;:&quot;ih0086X3&quot;,&quot;playlist&quot;:[{&quot;mediaid&quot;:&quot;sJWHhxNq&quot;,&quot;sources&quot;:[{&quot;file&quot;:&quot;https:\/\/cdn.jwplayer.com\/manifests\/sJWHhxNq.m3u8&quot;,&quot;type&quot;:&quot;application\/vnd.apple.mpegurl&quot;},{&quot;bitrate&quot;:552418,&quot;file&quot;:&quot;https:\/\/cdn.jwplayer.com\/videos\/sJWHhxNq-kTExGaWf.mp4&quot;,&quot;filesize&quot;:10150692,&quot;framerate&quot;:30,&quot;height&quot;:320,&quot;label&quot;:&quot;180p&quot;,&quot;type&quot;:&quot;video\/mp4&quot;,&quot;width&quot;:180},{&quot;bitrate&quot;:748354,&quot;file&quot;:&quot;https:\/\/cdn.jwplayer.com\/videos\/sJWHhxNq-K8B0kybS.mp4&quot;,&quot;filesize&quot;:13751018,&quot;framerate&quot;:30,&quot;height&quot;:480,&quot;label&quot;:&quot;270p&quot;,&quot;type&quot;:&quot;video\/mp4&quot;,&quot;width&quot;:270},{&quot;bitrate&quot;:114065,&quot;file&quot;:&quot;https:\/\/cdn.jwplayer.com\/videos\/sJWHhxNq-hz5z2Tv4.m4a&quot;,&quot;filesize&quot;:2095950,&quot;label&quot;:&quot;AAC Audio&quot;,&quot;type&quot;:&quot;audio\/mp4&quot;},{&quot;bitrate&quot;:836028,&quot;file&quot;:&quot;https:\/\/cdn.jwplayer.com\/videos\/sJWHhxNq-FnZGUVnC.mp4&quot;,&quot;filesize&quot;:15362024,&quot;framerate&quot;:30,&quot;height&quot;:640,&quot;label&quot;:&quot;360p&quot;,&quot;type&quot;:&quot;video\/mp4&quot;,&quot;width&quot;:360}]}],&quot;hasAutoplay&quot;:false,&quot;autostart&quot;:true,&quot;tagsUrl&quot;:&quot;https:\/\/pubads.g.doubleclick.net\/gampad\/ads?slotname=\/133919216\/la_nacion_video\/nota\/preroll&amp;sz=640x480|400x300&amp;ciu_szs=300x250&amp;unviewed_position_start=1&amp;output=vast&amp;impl=s&amp;env=vp&amp;gdfp_req=1&amp;ad_rule=0&amp;vad_type=linear&amp;vpos=preroll&amp;cust_params=tags_nuevos%3Dte_colombia%2Cte_policia_federal_argentina%2Cte_magnicidio%2Cca_seguridad%2Cca_el_mundo%2Cau_valeria_musse%2CQNQUNA5K35HXNIJ355P2CZKUZI&amp;pod=3&amp;ppos=1&amp;lip=true&amp;min_ad_duration=0&amp;max_ad_duration=30000&amp;vrid=6256&amp;url=https%3A%2F%2Fwww.lanacion.com.ar%2Fseguridad%2Fdetuvieron-en-la-ciudad-a-un-sospechoso-del-crimen-del-precandidato-a-presidente-de-colombia-miguel-nid22042026%2F%3Fvariant%3DA&amp;description_url=https%3A%2F%2Fwww.lanacion.com.ar%2Fseguridad%2Fdetuvieron-en-la-ciudad-a-un-sospechoso-del-crimen-del-precandidato-a-presidente-de-colombia-miguel-nid22042026%2F%3Fvariant%3DA&amp;video_doc_id=short_onecue&amp;cmsid=496&amp;kfa=0&amp;tfcd=0&amp;correlator=1776991279594&quot;,&quot;arcSite&quot;:&quot;la-nacion-ar&quot;,&quot;duration&quot;:&quot;147000&quot;}\">\n<div id=\"facade-sJWHhxNq\" class=\"content-facade-jw relative bg-black ratio-16-9\"><picture><source media=\"(max-width: 767px)\" srcset=\"https:\/\/resizer.glanacion.com\/resizer\/v2\/https%3A%2F%2Fcdn.jwplayer.com%2Fv2%2Fmedia%2FsJWHhxNq%2Fposter.jpg%3Fwidth%3D720?auth=f6c88221c9e0a1d2ff39edbccf5f3895ba5c754ef25134cd2f14b0bb094a083a&amp;width=480&amp;quality=70&amp;smart=false\"\/><img class=\"image com-image flex --cover\" decoding=\"async\" fetchpriority=\"low\" loading=\"lazy\" src=\"https:\/\/gysfm.com.ar\/inicio\/wp-content\/uploads\/2026\/04\/https:\/\/cdn.jwplayer.com\/v2\/media\/sJWHhxNq\/poster.jpg\" alt=\"As\u00ed fue baleado el senador en Colombia \"\/><\/picture><\/div>\n<\/div><figcaption class=\"border border-1 border-bottom border-light-300 relative px-16 py-8 min-h-36 w-100_md px-0_l mb-8 bg-white\"><span class=\"text ln-text text-16 block\">As\u00ed fue baleado el senador en Colombia <\/span><\/figcaption><\/figure>\n<\/section>\n<\/div>\n<p class=\"com-paragraph   --s\">Conocida la noticia del deceso del legislador, el presidente Petro hab\u00eda dicho en un mensaje en su cuenta de X que la investigaci\u00f3n deb\u00eda profundizarse y sostuvo que su gobierno no persigue a la oposici\u00f3n. \u201cEstamos tristes, nos duele la muerte de Miguel, como si fuera de los nuestros. Es una derrota.\u00a0Cada vez que cae un colombiano asesinado es una derrota de Colombia y de la vida\u201d, sostuvo entonces el mandatario izquierdista.<\/p>\n<section class=\"container-center-100 mb-40 border border-bottom border-thin border-neutral-light-700\">\n<hr\/>\n<\/section>\n<\/div>\n<p><script id=\"facebookpixel\" defer=\"\" type=\"text\/javascript\">\n        !function(f,b,e,v,n,t,s)\n        {if(f.fbq)return;n=f.fbq=function(){n.callMethod?\n        n.callMethod.apply(n,arguments):n.queue.push(arguments)};\n        if(!f._fbq)f._fbq=n;n.push=n;n.loaded=!0;n.version='2.0';\n        n.queue=[];t=b.createElement(e);t.async=!0;\n        t.src=v;s=b.getElementsByTagName(e)[0];\n        s.parentNode.insertBefore(t,s)}(window, document,'script',\n        'https:\/\/connect.facebook.net\/en_US\/fbevents.js');\n        fbq('init', '492459597522335');\n        fbq('track', 'PageView');\n    <\/script><br \/>\n<br \/><\/p>\n","protected":false},"excerpt":{"rendered":"<p>Un hombre de nacionalidad colombiana que estaba pr\u00f3fugo de la Justicia y con pedido de captura internacional por haber presuntamente participado del crimen del candidato a presidente de Colombia, Miguel Uribe Turbay, fue detenido este martes en la ciudad de Buenos Aires cuando se acerc\u00f3 a un tribunal para acordar la pena en un juicio [&hellip;]<\/p>\n","protected":false},"author":2,"featured_media":192609,"comment_status":"closed","ping_status":"closed","sticky":false,"template":"","format":"standard","meta":{"footnotes":""},"categories":[26],"tags":[],"class_list":["post-192608","post","type-post","status-publish","format-standard","has-post-thumbnail","hentry","category-internacionales"],"yoast_head":"<!-- This site is optimized with the Yoast SEO plugin v24.4 - https:\/\/yoast.com\/wordpress\/plugins\/seo\/ -->\n<title>Detuvieron en la Ciudad a un sospechoso del crimen del precandidato a presidente de Colombia Miguel Uribe Turbay - GYS NOTICIAS |<\/title>\n<meta name=\"robots\" content=\"index, follow, max-snippet:-1, max-image-preview:large, max-video-preview:-1\" \/>\n<link rel=\"canonical\" href=\"https:\/\/gysfm.com.ar\/inicio\/detuvieron-en-la-ciudad-a-un-sospechoso-del-crimen-del-precandidato-a-presidente-de-colombia-miguel-uribe-turbay\/\" \/>\n<meta property=\"og:locale\" content=\"es_ES\" \/>\n<meta property=\"og:type\" content=\"article\" \/>\n<meta property=\"og:title\" content=\"Detuvieron en la Ciudad a un sospechoso del crimen del precandidato a presidente de Colombia Miguel Uribe Turbay - GYS NOTICIAS |\" \/>\n<meta property=\"og:description\" content=\"Un hombre de nacionalidad colombiana que estaba pr\u00f3fugo de la Justicia y con pedido de captura internacional por haber presuntamente participado del crimen del candidato a presidente de Colombia, Miguel Uribe Turbay, fue detenido este martes en la ciudad de Buenos Aires cuando se acerc\u00f3 a un tribunal para acordar la pena en un juicio [&hellip;]\" \/>\n<meta property=\"og:url\" content=\"https:\/\/gysfm.com.ar\/inicio\/detuvieron-en-la-ciudad-a-un-sospechoso-del-crimen-del-precandidato-a-presidente-de-colombia-miguel-uribe-turbay\/\" \/>\n<meta property=\"og:site_name\" content=\"GYS NOTICIAS |\" \/>\n<meta property=\"article:published_time\" content=\"2026-04-24T00:41:20+00:00\" \/>\n<meta property=\"article:modified_time\" content=\"2026-04-24T00:41:22+00:00\" \/>\n<meta property=\"og:image\" content=\"https:\/\/gysfm.com.ar\/inicio\/wp-content\/uploads\/2026\/04\/miguel-uribe-turbay-precandidato-presidencial-en-AA5ILLKVCZHQHPA7IKQHQNXANE.webp.jpeg\" \/>\n\t<meta property=\"og:image:width\" content=\"1200\" \/>\n\t<meta property=\"og:image:height\" content=\"800\" \/>\n\t<meta property=\"og:image:type\" content=\"image\/jpeg\" \/>\n<meta name=\"author\" content=\"Prensa G&amp;S FM\" \/>\n<meta name=\"twitter:card\" content=\"summary_large_image\" \/>\n<meta name=\"twitter:label1\" content=\"Escrito por\" \/>\n\t<meta name=\"twitter:data1\" content=\"Prensa G&amp;S FM\" \/>\n\t<meta name=\"twitter:label2\" content=\"Tiempo de lectura\" \/>\n\t<meta name=\"twitter:data2\" content=\"4 minutos\" \/>\n<script type=\"application\/ld+json\" class=\"yoast-schema-graph\">{\"@context\":\"https:\/\/schema.org\",\"@graph\":[{\"@type\":\"Article\",\"@id\":\"https:\/\/gysfm.com.ar\/inicio\/detuvieron-en-la-ciudad-a-un-sospechoso-del-crimen-del-precandidato-a-presidente-de-colombia-miguel-uribe-turbay\/#article\",\"isPartOf\":{\"@id\":\"https:\/\/gysfm.com.ar\/inicio\/detuvieron-en-la-ciudad-a-un-sospechoso-del-crimen-del-precandidato-a-presidente-de-colombia-miguel-uribe-turbay\/\"},\"author\":{\"name\":\"Prensa G&amp;S FM\",\"@id\":\"https:\/\/gysfm.com.ar\/inicio\/#\/schema\/person\/3abba7593ef2ad19e1be221d54383dc5\"},\"headline\":\"Detuvieron en la Ciudad a un sospechoso del crimen del precandidato a presidente de Colombia Miguel Uribe Turbay\",\"datePublished\":\"2026-04-24T00:41:20+00:00\",\"dateModified\":\"2026-04-24T00:41:22+00:00\",\"mainEntityOfPage\":{\"@id\":\"https:\/\/gysfm.com.ar\/inicio\/detuvieron-en-la-ciudad-a-un-sospechoso-del-crimen-del-precandidato-a-presidente-de-colombia-miguel-uribe-turbay\/\"},\"wordCount\":855,\"publisher\":{\"@id\":\"https:\/\/gysfm.com.ar\/inicio\/#organization\"},\"image\":{\"@id\":\"https:\/\/gysfm.com.ar\/inicio\/detuvieron-en-la-ciudad-a-un-sospechoso-del-crimen-del-precandidato-a-presidente-de-colombia-miguel-uribe-turbay\/#primaryimage\"},\"thumbnailUrl\":\"https:\/\/gysfm.com.ar\/inicio\/wp-content\/uploads\/2026\/04\/miguel-uribe-turbay-precandidato-presidencial-en-AA5ILLKVCZHQHPA7IKQHQNXANE.webp.jpeg\",\"articleSection\":[\"INTERNACIONALES\"],\"inLanguage\":\"es\"},{\"@type\":\"WebPage\",\"@id\":\"https:\/\/gysfm.com.ar\/inicio\/detuvieron-en-la-ciudad-a-un-sospechoso-del-crimen-del-precandidato-a-presidente-de-colombia-miguel-uribe-turbay\/\",\"url\":\"https:\/\/gysfm.com.ar\/inicio\/detuvieron-en-la-ciudad-a-un-sospechoso-del-crimen-del-precandidato-a-presidente-de-colombia-miguel-uribe-turbay\/\",\"name\":\"Detuvieron en la Ciudad a un sospechoso del crimen del precandidato a presidente de Colombia Miguel Uribe Turbay - GYS NOTICIAS |\",\"isPartOf\":{\"@id\":\"https:\/\/gysfm.com.ar\/inicio\/#website\"},\"primaryImageOfPage\":{\"@id\":\"https:\/\/gysfm.com.ar\/inicio\/detuvieron-en-la-ciudad-a-un-sospechoso-del-crimen-del-precandidato-a-presidente-de-colombia-miguel-uribe-turbay\/#primaryimage\"},\"image\":{\"@id\":\"https:\/\/gysfm.com.ar\/inicio\/detuvieron-en-la-ciudad-a-un-sospechoso-del-crimen-del-precandidato-a-presidente-de-colombia-miguel-uribe-turbay\/#primaryimage\"},\"thumbnailUrl\":\"https:\/\/gysfm.com.ar\/inicio\/wp-content\/uploads\/2026\/04\/miguel-uribe-turbay-precandidato-presidencial-en-AA5ILLKVCZHQHPA7IKQHQNXANE.webp.jpeg\",\"datePublished\":\"2026-04-24T00:41:20+00:00\",\"dateModified\":\"2026-04-24T00:41:22+00:00\",\"breadcrumb\":{\"@id\":\"https:\/\/gysfm.com.ar\/inicio\/detuvieron-en-la-ciudad-a-un-sospechoso-del-crimen-del-precandidato-a-presidente-de-colombia-miguel-uribe-turbay\/#breadcrumb\"},\"inLanguage\":\"es\",\"potentialAction\":[{\"@type\":\"ReadAction\",\"target\":[\"https:\/\/gysfm.com.ar\/inicio\/detuvieron-en-la-ciudad-a-un-sospechoso-del-crimen-del-precandidato-a-presidente-de-colombia-miguel-uribe-turbay\/\"]}]},{\"@type\":\"ImageObject\",\"inLanguage\":\"es\",\"@id\":\"https:\/\/gysfm.com.ar\/inicio\/detuvieron-en-la-ciudad-a-un-sospechoso-del-crimen-del-precandidato-a-presidente-de-colombia-miguel-uribe-turbay\/#primaryimage\",\"url\":\"https:\/\/gysfm.com.ar\/inicio\/wp-content\/uploads\/2026\/04\/miguel-uribe-turbay-precandidato-presidencial-en-AA5ILLKVCZHQHPA7IKQHQNXANE.webp.jpeg\",\"contentUrl\":\"https:\/\/gysfm.com.ar\/inicio\/wp-content\/uploads\/2026\/04\/miguel-uribe-turbay-precandidato-presidencial-en-AA5ILLKVCZHQHPA7IKQHQNXANE.webp.jpeg\",\"width\":1200,\"height\":800},{\"@type\":\"BreadcrumbList\",\"@id\":\"https:\/\/gysfm.com.ar\/inicio\/detuvieron-en-la-ciudad-a-un-sospechoso-del-crimen-del-precandidato-a-presidente-de-colombia-miguel-uribe-turbay\/#breadcrumb\",\"itemListElement\":[{\"@type\":\"ListItem\",\"position\":1,\"name\":\"Portada\",\"item\":\"https:\/\/gysfm.com.ar\/inicio\/\"},{\"@type\":\"ListItem\",\"position\":2,\"name\":\"Detuvieron en la Ciudad a un sospechoso del crimen del precandidato a presidente de Colombia Miguel Uribe Turbay\"}]},{\"@type\":\"WebSite\",\"@id\":\"https:\/\/gysfm.com.ar\/inicio\/#website\",\"url\":\"https:\/\/gysfm.com.ar\/inicio\/\",\"name\":\"GYS NOTICIAS |\",\"description\":\"DIARIO - RADIO ONLINE SAN JUAN ARGENTINA\",\"publisher\":{\"@id\":\"https:\/\/gysfm.com.ar\/inicio\/#organization\"},\"potentialAction\":[{\"@type\":\"SearchAction\",\"target\":{\"@type\":\"EntryPoint\",\"urlTemplate\":\"https:\/\/gysfm.com.ar\/inicio\/?s={search_term_string}\"},\"query-input\":{\"@type\":\"PropertyValueSpecification\",\"valueRequired\":true,\"valueName\":\"search_term_string\"}}],\"inLanguage\":\"es\"},{\"@type\":\"Organization\",\"@id\":\"https:\/\/gysfm.com.ar\/inicio\/#organization\",\"name\":\"GYS NOTICIAS |\",\"url\":\"https:\/\/gysfm.com.ar\/inicio\/\",\"logo\":{\"@type\":\"ImageObject\",\"inLanguage\":\"es\",\"@id\":\"https:\/\/gysfm.com.ar\/inicio\/#\/schema\/logo\/image\/\",\"url\":\"https:\/\/gysfm.com.ar\/inicio\/wp-content\/uploads\/2023\/07\/LOGOGYS-OK.png\",\"contentUrl\":\"https:\/\/gysfm.com.ar\/inicio\/wp-content\/uploads\/2023\/07\/LOGOGYS-OK.png\",\"width\":1170,\"height\":872,\"caption\":\"GYS NOTICIAS |\"},\"image\":{\"@id\":\"https:\/\/gysfm.com.ar\/inicio\/#\/schema\/logo\/image\/\"}},{\"@type\":\"Person\",\"@id\":\"https:\/\/gysfm.com.ar\/inicio\/#\/schema\/person\/3abba7593ef2ad19e1be221d54383dc5\",\"name\":\"Prensa G&amp;S FM\",\"image\":{\"@type\":\"ImageObject\",\"inLanguage\":\"es\",\"@id\":\"https:\/\/gysfm.com.ar\/inicio\/#\/schema\/person\/image\/\",\"url\":\"https:\/\/secure.gravatar.com\/avatar\/096ec78df02049ab018702bb4ccedf659377fa92a26540b5247612077a0dbd29?s=96&d=mm&r=g\",\"contentUrl\":\"https:\/\/secure.gravatar.com\/avatar\/096ec78df02049ab018702bb4ccedf659377fa92a26540b5247612077a0dbd29?s=96&d=mm&r=g\",\"caption\":\"Prensa G&amp;S FM\"},\"sameAs\":[\"https:\/\/gysfm.com.ar\/\"],\"url\":\"https:\/\/gysfm.com.ar\/inicio\/author\/lucasm\/\"}]}<\/script>\n<!-- \/ Yoast SEO plugin. -->","yoast_head_json":{"title":"Detuvieron en la Ciudad a un sospechoso del crimen del precandidato a presidente de Colombia Miguel Uribe Turbay - GYS NOTICIAS |","robots":{"index":"index","follow":"follow","max-snippet":"max-snippet:-1","max-image-preview":"max-image-preview:large","max-video-preview":"max-video-preview:-1"},"canonical":"https:\/\/gysfm.com.ar\/inicio\/detuvieron-en-la-ciudad-a-un-sospechoso-del-crimen-del-precandidato-a-presidente-de-colombia-miguel-uribe-turbay\/","og_locale":"es_ES","og_type":"article","og_title":"Detuvieron en la Ciudad a un sospechoso del crimen del precandidato a presidente de Colombia Miguel Uribe Turbay - GYS NOTICIAS |","og_description":"Un hombre de nacionalidad colombiana que estaba pr\u00f3fugo de la Justicia y con pedido de captura internacional por haber presuntamente participado del crimen del candidato a presidente de Colombia, Miguel Uribe Turbay, fue detenido este martes en la ciudad de Buenos Aires cuando se acerc\u00f3 a un tribunal para acordar la pena en un juicio [&hellip;]","og_url":"https:\/\/gysfm.com.ar\/inicio\/detuvieron-en-la-ciudad-a-un-sospechoso-del-crimen-del-precandidato-a-presidente-de-colombia-miguel-uribe-turbay\/","og_site_name":"GYS NOTICIAS |","article_published_time":"2026-04-24T00:41:20+00:00","article_modified_time":"2026-04-24T00:41:22+00:00","og_image":[{"width":1200,"height":800,"url":"https:\/\/gysfm.com.ar\/inicio\/wp-content\/uploads\/2026\/04\/miguel-uribe-turbay-precandidato-presidencial-en-AA5ILLKVCZHQHPA7IKQHQNXANE.webp.jpeg","type":"image\/jpeg"}],"author":"Prensa G&amp;S FM","twitter_card":"summary_large_image","twitter_misc":{"Escrito por":"Prensa G&amp;S FM","Tiempo de lectura":"4 minutos"},"schema":{"@context":"https:\/\/schema.org","@graph":[{"@type":"Article","@id":"https:\/\/gysfm.com.ar\/inicio\/detuvieron-en-la-ciudad-a-un-sospechoso-del-crimen-del-precandidato-a-presidente-de-colombia-miguel-uribe-turbay\/#article","isPartOf":{"@id":"https:\/\/gysfm.com.ar\/inicio\/detuvieron-en-la-ciudad-a-un-sospechoso-del-crimen-del-precandidato-a-presidente-de-colombia-miguel-uribe-turbay\/"},"author":{"name":"Prensa G&amp;S FM","@id":"https:\/\/gysfm.com.ar\/inicio\/#\/schema\/person\/3abba7593ef2ad19e1be221d54383dc5"},"headline":"Detuvieron en la Ciudad a un sospechoso del crimen del precandidato a presidente de Colombia Miguel Uribe Turbay","datePublished":"2026-04-24T00:41:20+00:00","dateModified":"2026-04-24T00:41:22+00:00","mainEntityOfPage":{"@id":"https:\/\/gysfm.com.ar\/inicio\/detuvieron-en-la-ciudad-a-un-sospechoso-del-crimen-del-precandidato-a-presidente-de-colombia-miguel-uribe-turbay\/"},"wordCount":855,"publisher":{"@id":"https:\/\/gysfm.com.ar\/inicio\/#organization"},"image":{"@id":"https:\/\/gysfm.com.ar\/inicio\/detuvieron-en-la-ciudad-a-un-sospechoso-del-crimen-del-precandidato-a-presidente-de-colombia-miguel-uribe-turbay\/#primaryimage"},"thumbnailUrl":"https:\/\/gysfm.com.ar\/inicio\/wp-content\/uploads\/2026\/04\/miguel-uribe-turbay-precandidato-presidencial-en-AA5ILLKVCZHQHPA7IKQHQNXANE.webp.jpeg","articleSection":["INTERNACIONALES"],"inLanguage":"es"},{"@type":"WebPage","@id":"https:\/\/gysfm.com.ar\/inicio\/detuvieron-en-la-ciudad-a-un-sospechoso-del-crimen-del-precandidato-a-presidente-de-colombia-miguel-uribe-turbay\/","url":"https:\/\/gysfm.com.ar\/inicio\/detuvieron-en-la-ciudad-a-un-sospechoso-del-crimen-del-precandidato-a-presidente-de-colombia-miguel-uribe-turbay\/","name":"Detuvieron en la Ciudad a un sospechoso del crimen del precandidato a presidente de Colombia Miguel Uribe Turbay - GYS NOTICIAS |","isPartOf":{"@id":"https:\/\/gysfm.com.ar\/inicio\/#website"},"primaryImageOfPage":{"@id":"https:\/\/gysfm.com.ar\/inicio\/detuvieron-en-la-ciudad-a-un-sospechoso-del-crimen-del-precandidato-a-presidente-de-colombia-miguel-uribe-turbay\/#primaryimage"},"image":{"@id":"https:\/\/gysfm.com.ar\/inicio\/detuvieron-en-la-ciudad-a-un-sospechoso-del-crimen-del-precandidato-a-presidente-de-colombia-miguel-uribe-turbay\/#primaryimage"},"thumbnailUrl":"https:\/\/gysfm.com.ar\/inicio\/wp-content\/uploads\/2026\/04\/miguel-uribe-turbay-precandidato-presidencial-en-AA5ILLKVCZHQHPA7IKQHQNXANE.webp.jpeg","datePublished":"2026-04-24T00:41:20+00:00","dateModified":"2026-04-24T00:41:22+00:00","breadcrumb":{"@id":"https:\/\/gysfm.com.ar\/inicio\/detuvieron-en-la-ciudad-a-un-sospechoso-del-crimen-del-precandidato-a-presidente-de-colombia-miguel-uribe-turbay\/#breadcrumb"},"inLanguage":"es","potentialAction":[{"@type":"ReadAction","target":["https:\/\/gysfm.com.ar\/inicio\/detuvieron-en-la-ciudad-a-un-sospechoso-del-crimen-del-precandidato-a-presidente-de-colombia-miguel-uribe-turbay\/"]}]},{"@type":"ImageObject","inLanguage":"es","@id":"https:\/\/gysfm.com.ar\/inicio\/detuvieron-en-la-ciudad-a-un-sospechoso-del-crimen-del-precandidato-a-presidente-de-colombia-miguel-uribe-turbay\/#primaryimage","url":"https:\/\/gysfm.com.ar\/inicio\/wp-content\/uploads\/2026\/04\/miguel-uribe-turbay-precandidato-presidencial-en-AA5ILLKVCZHQHPA7IKQHQNXANE.webp.jpeg","contentUrl":"https:\/\/gysfm.com.ar\/inicio\/wp-content\/uploads\/2026\/04\/miguel-uribe-turbay-precandidato-presidencial-en-AA5ILLKVCZHQHPA7IKQHQNXANE.webp.jpeg","width":1200,"height":800},{"@type":"BreadcrumbList","@id":"https:\/\/gysfm.com.ar\/inicio\/detuvieron-en-la-ciudad-a-un-sospechoso-del-crimen-del-precandidato-a-presidente-de-colombia-miguel-uribe-turbay\/#breadcrumb","itemListElement":[{"@type":"ListItem","position":1,"name":"Portada","item":"https:\/\/gysfm.com.ar\/inicio\/"},{"@type":"ListItem","position":2,"name":"Detuvieron en la Ciudad a un sospechoso del crimen del precandidato a presidente de Colombia Miguel Uribe Turbay"}]},{"@type":"WebSite","@id":"https:\/\/gysfm.com.ar\/inicio\/#website","url":"https:\/\/gysfm.com.ar\/inicio\/","name":"GYS NOTICIAS |","description":"DIARIO - RADIO ONLINE SAN JUAN ARGENTINA","publisher":{"@id":"https:\/\/gysfm.com.ar\/inicio\/#organization"},"potentialAction":[{"@type":"SearchAction","target":{"@type":"EntryPoint","urlTemplate":"https:\/\/gysfm.com.ar\/inicio\/?s={search_term_string}"},"query-input":{"@type":"PropertyValueSpecification","valueRequired":true,"valueName":"search_term_string"}}],"inLanguage":"es"},{"@type":"Organization","@id":"https:\/\/gysfm.com.ar\/inicio\/#organization","name":"GYS NOTICIAS |","url":"https:\/\/gysfm.com.ar\/inicio\/","logo":{"@type":"ImageObject","inLanguage":"es","@id":"https:\/\/gysfm.com.ar\/inicio\/#\/schema\/logo\/image\/","url":"https:\/\/gysfm.com.ar\/inicio\/wp-content\/uploads\/2023\/07\/LOGOGYS-OK.png","contentUrl":"https:\/\/gysfm.com.ar\/inicio\/wp-content\/uploads\/2023\/07\/LOGOGYS-OK.png","width":1170,"height":872,"caption":"GYS NOTICIAS |"},"image":{"@id":"https:\/\/gysfm.com.ar\/inicio\/#\/schema\/logo\/image\/"}},{"@type":"Person","@id":"https:\/\/gysfm.com.ar\/inicio\/#\/schema\/person\/3abba7593ef2ad19e1be221d54383dc5","name":"Prensa G&amp;S FM","image":{"@type":"ImageObject","inLanguage":"es","@id":"https:\/\/gysfm.com.ar\/inicio\/#\/schema\/person\/image\/","url":"https:\/\/secure.gravatar.com\/avatar\/096ec78df02049ab018702bb4ccedf659377fa92a26540b5247612077a0dbd29?s=96&d=mm&r=g","contentUrl":"https:\/\/secure.gravatar.com\/avatar\/096ec78df02049ab018702bb4ccedf659377fa92a26540b5247612077a0dbd29?s=96&d=mm&r=g","caption":"Prensa G&amp;S FM"},"sameAs":["https:\/\/gysfm.com.ar\/"],"url":"https:\/\/gysfm.com.ar\/inicio\/author\/lucasm\/"}]}},"_links":{"self":[{"href":"https:\/\/gysfm.com.ar\/inicio\/wp-json\/wp\/v2\/posts\/192608","targetHints":{"allow":["GET"]}}],"collection":[{"href":"https:\/\/gysfm.com.ar\/inicio\/wp-json\/wp\/v2\/posts"}],"about":[{"href":"https:\/\/gysfm.com.ar\/inicio\/wp-json\/wp\/v2\/types\/post"}],"author":[{"embeddable":true,"href":"https:\/\/gysfm.com.ar\/inicio\/wp-json\/wp\/v2\/users\/2"}],"replies":[{"embeddable":true,"href":"https:\/\/gysfm.com.ar\/inicio\/wp-json\/wp\/v2\/comments?post=192608"}],"version-history":[{"count":1,"href":"https:\/\/gysfm.com.ar\/inicio\/wp-json\/wp\/v2\/posts\/192608\/revisions"}],"predecessor-version":[{"id":192610,"href":"https:\/\/gysfm.com.ar\/inicio\/wp-json\/wp\/v2\/posts\/192608\/revisions\/192610"}],"wp:featuredmedia":[{"embeddable":true,"href":"https:\/\/gysfm.com.ar\/inicio\/wp-json\/wp\/v2\/media\/192609"}],"wp:attachment":[{"href":"https:\/\/gysfm.com.ar\/inicio\/wp-json\/wp\/v2\/media?parent=192608"}],"wp:term":[{"taxonomy":"category","embeddable":true,"href":"https:\/\/gysfm.com.ar\/inicio\/wp-json\/wp\/v2\/categories?post=192608"},{"taxonomy":"post_tag","embeddable":true,"href":"https:\/\/gysfm.com.ar\/inicio\/wp-json\/wp\/v2\/tags?post=192608"}],"curies":[{"name":"wp","href":"https:\/\/api.w.org\/{rel}","templated":true}]}}