{"id":192606,"date":"2026-04-23T21:30:13","date_gmt":"2026-04-24T00:30:13","guid":{"rendered":"https:\/\/gysfm.com.ar\/inicio\/boca-visita-a-defensa-y-justicia-en-busca-de-sellar-su-clasificacion-a-los-playoffs\/"},"modified":"2026-04-23T21:30:13","modified_gmt":"2026-04-24T00:30:13","slug":"boca-visita-a-defensa-y-justicia-en-busca-de-sellar-su-clasificacion-a-los-playoffs","status":"publish","type":"post","link":"https:\/\/gysfm.com.ar\/inicio\/boca-visita-a-defensa-y-justicia-en-busca-de-sellar-su-clasificacion-a-los-playoffs\/","title":{"rendered":"Boca visita a Defensa y Justicia en busca de sellar su clasificaci\u00f3n a los playoffs"},"content":{"rendered":"<p><\/p>\n<div>\n<p><iframe src=\"https:\/\/perfil.datafactory.la\/html\/v3\/minapp\/modules\/futbol\/itemMaM\/itemMaM.html?channel=deportes.futbol.primeraa.795938.mam&amp;lang=es_LA\" class=\"\" width=\"100%\" height=\"100%\" style=\"border:0\" allowfullscreen=\"\" loading=\"lazy\"><\/iframe><\/p>\n<p>Luego de ganar el Supercl\u00e1sico, desde\u00a0las<strong> 20:00 horas de este jueves<\/strong>, <strong><a target=\"_blank\" href=\"https:\/\/442.perfil.com\/noticias\/futbol\/claudio-ubeda-dio-a-conocer-los-convocados-de-boca-para-visitar-a-defensa-y-justicia.phtml\">Boca <\/a>abre\u00a0la 16\u00aa fecha del <a target=\"_blank\" href=\"https:\/\/442.perfil.com\/noticias\/futbol\/asi-esta-el-cuadro-de-octavos-del-apertura-a-dos-fechas-del-final-a35.phtml\">Torneo Apertura<\/a> en su visita a Defensa y Justicia.<\/strong><\/p>\n<p>Con el <strong>Estadio Norberto <em>Tito <\/em>Tomaghello<\/strong> como sede, el encuentro es\u00a0arbitrado por<strong>\u00a0Andr\u00e9s Gariano<\/strong> y se puede ver en vivo a trav\u00e9s de la transmisi\u00f3n exclusiva de <em><strong>ESPN Premium.<\/strong><\/em><\/p>\n<h2>Estad\u00edsticas y Minuto a Minuto<\/h2>\n<p>\u00a0<\/p>\n<p><strong>Minuto 55 \/ <\/strong>Zeballos amag\u00f3 dentro del \u00e1rea, se sac\u00f3 de encima a la defensa local, pero su derechazo se fue apenas desviado.<\/p>\n<p><strong>Comenz\u00f3 el segundo tiempo<\/strong><\/p>\n<p><strong>Final del primer tiempo<\/strong><\/p>\n<p><strong>Minuto 40 \/<\/strong>\u00a0Mariano Soso, director t\u00e9cnico de Defensa y Justicia, fue expulsado debido a reiterados reclamos al \u00e1rbitro Gariano. Es la tercera vez en el campeonato que recibe la tarjeta roja.<\/p>\n<p><strong>Minuto 35 \/<\/strong>\u00a0El partido estuvo demorado unos minutos debido a que un simpatizante de Boca se descompuso en la parcialidad Xeneize. Adem\u00e1s, algunos fan\u00e1ticos de Defensa invadieron la cancha.<\/p>\n<h3>Milton Gim\u00e9nez volvi\u00f3 al gol en Boca: recuperaron la pelota y la colg\u00f3 del \u00e1ngulo para el 1-0<\/h3>\n<p><iframe id=\"vrudo\" class=\"vrudo\" src=\"https:\/\/rudo.video\/vod\/bWqd3n?volume=0\" width=\"100%\" height=\"100%\" allowscriptaccess=\"always\" allowfullscreen=\"true\" webkitallowfullscreen=\"true\" frameborder=\"0\" scrolling=\"no\" allow=\"autoplay; fullscreen\" loading=\"lazy\"><\/iframe><\/p>\n<p><strong>Minuto 20 <\/strong>\/\u00a0Defensa comenz\u00f3 dominando la posesi\u00f3n de pelota, pero Boca, poco a poco, se recompone e intenta implementar su juego en cancha visitante. De todas formas, el <em>Halc\u00f3n <\/em>sigue siendo superior al <em>Xeneize<\/em>.<\/p>\n<p><strong>Minuto 7 \/ <\/strong>Guti\u00e9rrez hab\u00eda adelantado a los locales con un gran cabezazo, pero el \u00e1rbitro Andr\u00e9s Gariano y el VAR lo anularon por offside.<\/p>\n<p><iframe id=\"vrudo\" class=\"vrudo\" src=\"https:\/\/rudo.video\/vod\/bWqdmZ?volume=0\" width=\"100%\" height=\"100%\" allowscriptaccess=\"always\" allowfullscreen=\"true\" webkitallowfullscreen=\"true\" frameborder=\"0\" scrolling=\"no\" allow=\"autoplay; fullscreen\" loading=\"lazy\"><\/iframe><\/p>\n<p><strong>Arranc\u00f3 el encuentro en Florencio Varela<\/strong><\/p>\n<h3><strong>Cambi\u00f3 de \u00faltimo momento en Boca: en la entrada en calor se lesion\u00f3 Ander Herrera y jugar\u00e1 Milton Delgado en su lugar<\/strong><\/h3>\n<p><iframe class=\"df-iframe\" src=\"https:\/\/perfil.datafactory.la\/html\/v3\/minapp\/modules\/futbol\/liveHome\/liveHome.html?channel=deportes.futbol.primeraa.795938&amp;amp&amp;lang=es_LA\" width=\"100%\" height=\"2000\" scrolling=\"auto\" style=\"width: 1px&amp; min-width: 100%&amp; *width: 100%\" loading=\"lazy\"><\/iframe><\/p>\n<p><iframe class=\"df-iframe\" src=\"https:\/\/perfil.datafactory.la\/html\/v3\/minapp\/modules\/futbol\/gamecast\/gamecast.html?channel=deportes.futbol.primeraa.795938&amp;amp&amp;lang=es_LA\" width=\"100%\" height=\"1000\" scrolling=\"auto\" style=\"width: 1px&amp; min-width: 100%&amp; *width: 100%\" loading=\"lazy\"><\/iframe><\/p>\n<h2>C\u00f3mo llega Boca<\/h2>\n<p>El <em>Xeneize <\/em>llega a Florencio Varela en el mejor momento de confianza de este semestre. La victoria en el Supercl\u00e1sico frente a River no solo otorg\u00f3 los tres puntos, sino que signific\u00f3 un espaldarazo an\u00edmico fundamental en la b\u00fasqueda de asegurar su clasificaci\u00f3n a los playoffs.<\/p>\n<div style=\"text-align:center\">\n<figure class=\"image\" style=\"display:inline-block\"><img decoding=\"async\" style=\"max-width: 100%; width: 100%;\" alt=\"boca\" height=\"377\" src=\"https:\/\/fotos.perfil.com\/\/\/2026\/04\/20\/900\/0\/superclasico-2223811.jpg\" width=\"671\" loading=\"lazy\"\/>&#13;<figcaption>River 0 &#8211; 1 Boca<\/figcaption>&#13;<br \/>\n<\/figure>\n<\/div>\n<p>Con el calendario apretado debido a la competencia internacional, es probable que el entrenador rote algunas piezas, buscando frescura en el mediocampo sin perder la agresividad que mostr\u00f3 el equipo en sus \u00faltimas presentaciones.<\/p>\n<h2>C\u00f3mo llega Defensa y Justicia<\/h2>\n<p>Por su parte, el conjunto local llega a este encuentro en deuda con su gente tras perder 3-1 de visitante ante Independiente, por lo que deber\u00e1 sumar de a tres si quiere meterse entre los 8 mejores del Apertura.<\/p>\n<div style=\"text-align:center\">\n<figure class=\"image\" style=\"display:inline-block\"><img decoding=\"async\" style=\"max-width: 100%; width: 100%;\" alt=\"defensa\" height=\"714\" src=\"http:\/\/fotos.perfil.com\/\/2026\/04\/23\/900\/0\/defensa-y-justicia-vs-independiente-2226006.jpg\" width=\"571\" loading=\"lazy\"\/>&#13;<figcaption>Independiente 3 &#8211; 1 Defensa y Justicia<\/figcaption>&#13;<br \/>\n<\/figure>\n<\/div>\n<p>Con una racha m\u00e1s que negativa tras perder tres partidos consecutivos, Defensa buscar\u00e1 capitalizar el apoyo de su gente para incomodar a un Boca que, si bien llega entonado, podr\u00eda sufrir el desgaste f\u00edsico de una semana intensa.<\/p>\n<h2>Defensa y Justicia vs. Boca: las\u00a0formaciones<\/h2>\n<p><u><strong>Defensa y Justicia:<\/strong><\/u>\u00a0Cristopher\u00a0<strong>Fiermar\u00edn<\/strong>; David\u00a0<strong>Mart\u00ednez<\/strong>, Ayrton\u00a0<strong>Portillo<\/strong>, Dami\u00e1n\u00a0<strong>Fern\u00e1ndez<\/strong>, Emiliano\u00a0<strong>Amor<\/strong>, Lucas\u00a0<strong>Souto<\/strong>; Santiago\u00a0<strong>Sosa Yung<\/strong>, Aaron\u00a0<strong>Molinas<\/strong>; Facundo\u00a0<strong>Altamira<\/strong>, Agust\u00edn\u00a0<strong>Hausch\u00a0<\/strong>y Juan\u00a0<strong>Guti\u00e9rrez<\/strong>.<\/p>\n<p><u><strong>Boca:\u00a0<\/strong><\/u>Leandro\u00a0<strong>Brey<\/strong>; Juan\u00a0<strong>Barinaga<\/strong>; Nicol\u00e1s\u00a0<strong>Figal<\/strong>, Marco\u00a0<strong>Pellegrino<\/strong>, Malcom\u00a0<strong>Braida<\/strong>; Milton <strong>Delgado<\/strong>, Alan\u00a0<strong>Velasco<\/strong>, Tom\u00e1s\u00a0<strong>Belmonte<\/strong>; Exequiel\u00a0<strong>Zeballos<\/strong>; Milton\u00a0<strong>Gim\u00e9nez\u00a0<\/strong>y \u00c1ngel\u00a0<strong>Romero<\/strong>.\u00a0<\/p>\n<p>\u00a0<\/p>\n<p>FMZ<\/p>\n<p><iframe src=\"https:\/\/perfil.datafactory.la\/html\/v3\/minapp\/modules\/futbol\/itemMaM\/itemMaM.html?channel=deportes.futbol.primeraa.795938.mam&amp;lang=es_LA\" class=\"\" width=\"100%\" height=\"100%\" style=\"border:0\" allowfullscreen=\"\" loading=\"lazy\"><\/iframe><\/p>\n<p>\t\t\t\t\t<!-- tags --><\/p><\/div>\n<p><script async defer crossorigin=\"anonymous\" src=\"https:\/\/connect.facebook.net\/es_LA\/sdk.js#xfbml=1&#038;version=v10.0&#038;appId=2243118389309392&#038;autoLogAppEvents=1\" nonce=\"9rD4vd6X\"><\/script><\/p>\n","protected":false},"excerpt":{"rendered":"<p>Luego de ganar el Supercl\u00e1sico, desde\u00a0las 20:00 horas de este jueves, Boca abre\u00a0la 16\u00aa fecha del Torneo Apertura en su visita a Defensa y Justicia. Con el Estadio Norberto Tito Tomaghello como sede, el encuentro es\u00a0arbitrado por\u00a0Andr\u00e9s Gariano y se puede ver en vivo a trav\u00e9s de la transmisi\u00f3n exclusiva de ESPN Premium. Estad\u00edsticas y [&hellip;]<\/p>\n","protected":false},"author":2,"featured_media":192607,"comment_status":"closed","ping_status":"closed","sticky":false,"template":"","format":"standard","meta":{"footnotes":""},"categories":[25],"tags":[],"class_list":["post-192606","post","type-post","status-publish","format-standard","has-post-thumbnail","hentry","category-nacionales"],"yoast_head":"<!-- This site is optimized with the Yoast SEO plugin v24.4 - https:\/\/yoast.com\/wordpress\/plugins\/seo\/ -->\n<title>Boca visita a Defensa y Justicia en busca de sellar su clasificaci\u00f3n a los playoffs - GYS NOTICIAS |<\/title>\n<meta name=\"robots\" content=\"index, follow, max-snippet:-1, max-image-preview:large, max-video-preview:-1\" \/>\n<link rel=\"canonical\" href=\"https:\/\/gysfm.com.ar\/inicio\/boca-visita-a-defensa-y-justicia-en-busca-de-sellar-su-clasificacion-a-los-playoffs\/\" \/>\n<meta property=\"og:locale\" content=\"es_ES\" \/>\n<meta property=\"og:type\" content=\"article\" \/>\n<meta property=\"og:title\" content=\"Boca visita a Defensa y Justicia en busca de sellar su clasificaci\u00f3n a los playoffs - GYS NOTICIAS |\" \/>\n<meta property=\"og:description\" content=\"Luego de ganar el Supercl\u00e1sico, desde\u00a0las 20:00 horas de este jueves, Boca abre\u00a0la 16\u00aa fecha del Torneo Apertura en su visita a Defensa y Justicia. Con el Estadio Norberto Tito Tomaghello como sede, el encuentro es\u00a0arbitrado por\u00a0Andr\u00e9s Gariano y se puede ver en vivo a trav\u00e9s de la transmisi\u00f3n exclusiva de ESPN Premium. Estad\u00edsticas y [&hellip;]\" \/>\n<meta property=\"og:url\" content=\"https:\/\/gysfm.com.ar\/inicio\/boca-visita-a-defensa-y-justicia-en-busca-de-sellar-su-clasificacion-a-los-playoffs\/\" \/>\n<meta property=\"og:site_name\" content=\"GYS NOTICIAS |\" \/>\n<meta property=\"article:published_time\" content=\"2026-04-24T00:30:13+00:00\" \/>\n<meta property=\"og:image\" content=\"https:\/\/fotos.perfil.com\/\/\/2026\/04\/20\/900\/0\/superclasico-2223811.jpg\" \/>\n<meta name=\"author\" content=\"Prensa G&amp;S FM\" \/>\n<meta name=\"twitter:card\" content=\"summary_large_image\" \/>\n<meta name=\"twitter:label1\" content=\"Escrito por\" \/>\n\t<meta name=\"twitter:data1\" content=\"Prensa G&amp;S FM\" \/>\n\t<meta name=\"twitter:label2\" content=\"Tiempo de lectura\" \/>\n\t<meta name=\"twitter:data2\" content=\"3 minutos\" \/>\n<script type=\"application\/ld+json\" class=\"yoast-schema-graph\">{\"@context\":\"https:\/\/schema.org\",\"@graph\":[{\"@type\":\"Article\",\"@id\":\"https:\/\/gysfm.com.ar\/inicio\/boca-visita-a-defensa-y-justicia-en-busca-de-sellar-su-clasificacion-a-los-playoffs\/#article\",\"isPartOf\":{\"@id\":\"https:\/\/gysfm.com.ar\/inicio\/boca-visita-a-defensa-y-justicia-en-busca-de-sellar-su-clasificacion-a-los-playoffs\/\"},\"author\":{\"name\":\"Prensa G&amp;S FM\",\"@id\":\"https:\/\/gysfm.com.ar\/inicio\/#\/schema\/person\/3abba7593ef2ad19e1be221d54383dc5\"},\"headline\":\"Boca visita a Defensa y Justicia en busca de sellar su clasificaci\u00f3n a los playoffs\",\"datePublished\":\"2026-04-24T00:30:13+00:00\",\"mainEntityOfPage\":{\"@id\":\"https:\/\/gysfm.com.ar\/inicio\/boca-visita-a-defensa-y-justicia-en-busca-de-sellar-su-clasificacion-a-los-playoffs\/\"},\"wordCount\":528,\"publisher\":{\"@id\":\"https:\/\/gysfm.com.ar\/inicio\/#organization\"},\"image\":{\"@id\":\"https:\/\/gysfm.com.ar\/inicio\/boca-visita-a-defensa-y-justicia-en-busca-de-sellar-su-clasificacion-a-los-playoffs\/#primaryimage\"},\"thumbnailUrl\":\"https:\/\/gysfm.com.ar\/inicio\/wp-content\/uploads\/2026\/04\/boca-vs-defensa-y-justicia-2226608.jpg\",\"articleSection\":[\"NACIONALES\"],\"inLanguage\":\"es\"},{\"@type\":\"WebPage\",\"@id\":\"https:\/\/gysfm.com.ar\/inicio\/boca-visita-a-defensa-y-justicia-en-busca-de-sellar-su-clasificacion-a-los-playoffs\/\",\"url\":\"https:\/\/gysfm.com.ar\/inicio\/boca-visita-a-defensa-y-justicia-en-busca-de-sellar-su-clasificacion-a-los-playoffs\/\",\"name\":\"Boca visita a Defensa y Justicia en busca de sellar su clasificaci\u00f3n a los playoffs - GYS NOTICIAS |\",\"isPartOf\":{\"@id\":\"https:\/\/gysfm.com.ar\/inicio\/#website\"},\"primaryImageOfPage\":{\"@id\":\"https:\/\/gysfm.com.ar\/inicio\/boca-visita-a-defensa-y-justicia-en-busca-de-sellar-su-clasificacion-a-los-playoffs\/#primaryimage\"},\"image\":{\"@id\":\"https:\/\/gysfm.com.ar\/inicio\/boca-visita-a-defensa-y-justicia-en-busca-de-sellar-su-clasificacion-a-los-playoffs\/#primaryimage\"},\"thumbnailUrl\":\"https:\/\/gysfm.com.ar\/inicio\/wp-content\/uploads\/2026\/04\/boca-vs-defensa-y-justicia-2226608.jpg\",\"datePublished\":\"2026-04-24T00:30:13+00:00\",\"breadcrumb\":{\"@id\":\"https:\/\/gysfm.com.ar\/inicio\/boca-visita-a-defensa-y-justicia-en-busca-de-sellar-su-clasificacion-a-los-playoffs\/#breadcrumb\"},\"inLanguage\":\"es\",\"potentialAction\":[{\"@type\":\"ReadAction\",\"target\":[\"https:\/\/gysfm.com.ar\/inicio\/boca-visita-a-defensa-y-justicia-en-busca-de-sellar-su-clasificacion-a-los-playoffs\/\"]}]},{\"@type\":\"ImageObject\",\"inLanguage\":\"es\",\"@id\":\"https:\/\/gysfm.com.ar\/inicio\/boca-visita-a-defensa-y-justicia-en-busca-de-sellar-su-clasificacion-a-los-playoffs\/#primaryimage\",\"url\":\"https:\/\/gysfm.com.ar\/inicio\/wp-content\/uploads\/2026\/04\/boca-vs-defensa-y-justicia-2226608.jpg\",\"contentUrl\":\"https:\/\/gysfm.com.ar\/inicio\/wp-content\/uploads\/2026\/04\/boca-vs-defensa-y-justicia-2226608.jpg\",\"width\":1140,\"height\":641},{\"@type\":\"BreadcrumbList\",\"@id\":\"https:\/\/gysfm.com.ar\/inicio\/boca-visita-a-defensa-y-justicia-en-busca-de-sellar-su-clasificacion-a-los-playoffs\/#breadcrumb\",\"itemListElement\":[{\"@type\":\"ListItem\",\"position\":1,\"name\":\"Portada\",\"item\":\"https:\/\/gysfm.com.ar\/inicio\/\"},{\"@type\":\"ListItem\",\"position\":2,\"name\":\"Boca visita a Defensa y Justicia en busca de sellar su clasificaci\u00f3n a los playoffs\"}]},{\"@type\":\"WebSite\",\"@id\":\"https:\/\/gysfm.com.ar\/inicio\/#website\",\"url\":\"https:\/\/gysfm.com.ar\/inicio\/\",\"name\":\"GYS NOTICIAS |\",\"description\":\"DIARIO - RADIO ONLINE SAN JUAN ARGENTINA\",\"publisher\":{\"@id\":\"https:\/\/gysfm.com.ar\/inicio\/#organization\"},\"potentialAction\":[{\"@type\":\"SearchAction\",\"target\":{\"@type\":\"EntryPoint\",\"urlTemplate\":\"https:\/\/gysfm.com.ar\/inicio\/?s={search_term_string}\"},\"query-input\":{\"@type\":\"PropertyValueSpecification\",\"valueRequired\":true,\"valueName\":\"search_term_string\"}}],\"inLanguage\":\"es\"},{\"@type\":\"Organization\",\"@id\":\"https:\/\/gysfm.com.ar\/inicio\/#organization\",\"name\":\"GYS NOTICIAS |\",\"url\":\"https:\/\/gysfm.com.ar\/inicio\/\",\"logo\":{\"@type\":\"ImageObject\",\"inLanguage\":\"es\",\"@id\":\"https:\/\/gysfm.com.ar\/inicio\/#\/schema\/logo\/image\/\",\"url\":\"https:\/\/gysfm.com.ar\/inicio\/wp-content\/uploads\/2023\/07\/LOGOGYS-OK.png\",\"contentUrl\":\"https:\/\/gysfm.com.ar\/inicio\/wp-content\/uploads\/2023\/07\/LOGOGYS-OK.png\",\"width\":1170,\"height\":872,\"caption\":\"GYS NOTICIAS |\"},\"image\":{\"@id\":\"https:\/\/gysfm.com.ar\/inicio\/#\/schema\/logo\/image\/\"}},{\"@type\":\"Person\",\"@id\":\"https:\/\/gysfm.com.ar\/inicio\/#\/schema\/person\/3abba7593ef2ad19e1be221d54383dc5\",\"name\":\"Prensa G&amp;S FM\",\"image\":{\"@type\":\"ImageObject\",\"inLanguage\":\"es\",\"@id\":\"https:\/\/gysfm.com.ar\/inicio\/#\/schema\/person\/image\/\",\"url\":\"https:\/\/secure.gravatar.com\/avatar\/096ec78df02049ab018702bb4ccedf659377fa92a26540b5247612077a0dbd29?s=96&d=mm&r=g\",\"contentUrl\":\"https:\/\/secure.gravatar.com\/avatar\/096ec78df02049ab018702bb4ccedf659377fa92a26540b5247612077a0dbd29?s=96&d=mm&r=g\",\"caption\":\"Prensa G&amp;S FM\"},\"sameAs\":[\"https:\/\/gysfm.com.ar\/\"],\"url\":\"https:\/\/gysfm.com.ar\/inicio\/author\/lucasm\/\"}]}<\/script>\n<!-- \/ Yoast SEO plugin. -->","yoast_head_json":{"title":"Boca visita a Defensa y Justicia en busca de sellar su clasificaci\u00f3n a los playoffs - GYS NOTICIAS |","robots":{"index":"index","follow":"follow","max-snippet":"max-snippet:-1","max-image-preview":"max-image-preview:large","max-video-preview":"max-video-preview:-1"},"canonical":"https:\/\/gysfm.com.ar\/inicio\/boca-visita-a-defensa-y-justicia-en-busca-de-sellar-su-clasificacion-a-los-playoffs\/","og_locale":"es_ES","og_type":"article","og_title":"Boca visita a Defensa y Justicia en busca de sellar su clasificaci\u00f3n a los playoffs - GYS NOTICIAS |","og_description":"Luego de ganar el Supercl\u00e1sico, desde\u00a0las 20:00 horas de este jueves, Boca abre\u00a0la 16\u00aa fecha del Torneo Apertura en su visita a Defensa y Justicia. Con el Estadio Norberto Tito Tomaghello como sede, el encuentro es\u00a0arbitrado por\u00a0Andr\u00e9s Gariano y se puede ver en vivo a trav\u00e9s de la transmisi\u00f3n exclusiva de ESPN Premium. Estad\u00edsticas y [&hellip;]","og_url":"https:\/\/gysfm.com.ar\/inicio\/boca-visita-a-defensa-y-justicia-en-busca-de-sellar-su-clasificacion-a-los-playoffs\/","og_site_name":"GYS NOTICIAS |","article_published_time":"2026-04-24T00:30:13+00:00","og_image":[{"url":"https:\/\/fotos.perfil.com\/\/\/2026\/04\/20\/900\/0\/superclasico-2223811.jpg","type":"","width":"","height":""}],"author":"Prensa G&amp;S FM","twitter_card":"summary_large_image","twitter_misc":{"Escrito por":"Prensa G&amp;S FM","Tiempo de lectura":"3 minutos"},"schema":{"@context":"https:\/\/schema.org","@graph":[{"@type":"Article","@id":"https:\/\/gysfm.com.ar\/inicio\/boca-visita-a-defensa-y-justicia-en-busca-de-sellar-su-clasificacion-a-los-playoffs\/#article","isPartOf":{"@id":"https:\/\/gysfm.com.ar\/inicio\/boca-visita-a-defensa-y-justicia-en-busca-de-sellar-su-clasificacion-a-los-playoffs\/"},"author":{"name":"Prensa G&amp;S FM","@id":"https:\/\/gysfm.com.ar\/inicio\/#\/schema\/person\/3abba7593ef2ad19e1be221d54383dc5"},"headline":"Boca visita a Defensa y Justicia en busca de sellar su clasificaci\u00f3n a los playoffs","datePublished":"2026-04-24T00:30:13+00:00","mainEntityOfPage":{"@id":"https:\/\/gysfm.com.ar\/inicio\/boca-visita-a-defensa-y-justicia-en-busca-de-sellar-su-clasificacion-a-los-playoffs\/"},"wordCount":528,"publisher":{"@id":"https:\/\/gysfm.com.ar\/inicio\/#organization"},"image":{"@id":"https:\/\/gysfm.com.ar\/inicio\/boca-visita-a-defensa-y-justicia-en-busca-de-sellar-su-clasificacion-a-los-playoffs\/#primaryimage"},"thumbnailUrl":"https:\/\/gysfm.com.ar\/inicio\/wp-content\/uploads\/2026\/04\/boca-vs-defensa-y-justicia-2226608.jpg","articleSection":["NACIONALES"],"inLanguage":"es"},{"@type":"WebPage","@id":"https:\/\/gysfm.com.ar\/inicio\/boca-visita-a-defensa-y-justicia-en-busca-de-sellar-su-clasificacion-a-los-playoffs\/","url":"https:\/\/gysfm.com.ar\/inicio\/boca-visita-a-defensa-y-justicia-en-busca-de-sellar-su-clasificacion-a-los-playoffs\/","name":"Boca visita a Defensa y Justicia en busca de sellar su clasificaci\u00f3n a los playoffs - GYS NOTICIAS |","isPartOf":{"@id":"https:\/\/gysfm.com.ar\/inicio\/#website"},"primaryImageOfPage":{"@id":"https:\/\/gysfm.com.ar\/inicio\/boca-visita-a-defensa-y-justicia-en-busca-de-sellar-su-clasificacion-a-los-playoffs\/#primaryimage"},"image":{"@id":"https:\/\/gysfm.com.ar\/inicio\/boca-visita-a-defensa-y-justicia-en-busca-de-sellar-su-clasificacion-a-los-playoffs\/#primaryimage"},"thumbnailUrl":"https:\/\/gysfm.com.ar\/inicio\/wp-content\/uploads\/2026\/04\/boca-vs-defensa-y-justicia-2226608.jpg","datePublished":"2026-04-24T00:30:13+00:00","breadcrumb":{"@id":"https:\/\/gysfm.com.ar\/inicio\/boca-visita-a-defensa-y-justicia-en-busca-de-sellar-su-clasificacion-a-los-playoffs\/#breadcrumb"},"inLanguage":"es","potentialAction":[{"@type":"ReadAction","target":["https:\/\/gysfm.com.ar\/inicio\/boca-visita-a-defensa-y-justicia-en-busca-de-sellar-su-clasificacion-a-los-playoffs\/"]}]},{"@type":"ImageObject","inLanguage":"es","@id":"https:\/\/gysfm.com.ar\/inicio\/boca-visita-a-defensa-y-justicia-en-busca-de-sellar-su-clasificacion-a-los-playoffs\/#primaryimage","url":"https:\/\/gysfm.com.ar\/inicio\/wp-content\/uploads\/2026\/04\/boca-vs-defensa-y-justicia-2226608.jpg","contentUrl":"https:\/\/gysfm.com.ar\/inicio\/wp-content\/uploads\/2026\/04\/boca-vs-defensa-y-justicia-2226608.jpg","width":1140,"height":641},{"@type":"BreadcrumbList","@id":"https:\/\/gysfm.com.ar\/inicio\/boca-visita-a-defensa-y-justicia-en-busca-de-sellar-su-clasificacion-a-los-playoffs\/#breadcrumb","itemListElement":[{"@type":"ListItem","position":1,"name":"Portada","item":"https:\/\/gysfm.com.ar\/inicio\/"},{"@type":"ListItem","position":2,"name":"Boca visita a Defensa y Justicia en busca de sellar su clasificaci\u00f3n a los playoffs"}]},{"@type":"WebSite","@id":"https:\/\/gysfm.com.ar\/inicio\/#website","url":"https:\/\/gysfm.com.ar\/inicio\/","name":"GYS NOTICIAS |","description":"DIARIO - RADIO ONLINE SAN JUAN ARGENTINA","publisher":{"@id":"https:\/\/gysfm.com.ar\/inicio\/#organization"},"potentialAction":[{"@type":"SearchAction","target":{"@type":"EntryPoint","urlTemplate":"https:\/\/gysfm.com.ar\/inicio\/?s={search_term_string}"},"query-input":{"@type":"PropertyValueSpecification","valueRequired":true,"valueName":"search_term_string"}}],"inLanguage":"es"},{"@type":"Organization","@id":"https:\/\/gysfm.com.ar\/inicio\/#organization","name":"GYS NOTICIAS |","url":"https:\/\/gysfm.com.ar\/inicio\/","logo":{"@type":"ImageObject","inLanguage":"es","@id":"https:\/\/gysfm.com.ar\/inicio\/#\/schema\/logo\/image\/","url":"https:\/\/gysfm.com.ar\/inicio\/wp-content\/uploads\/2023\/07\/LOGOGYS-OK.png","contentUrl":"https:\/\/gysfm.com.ar\/inicio\/wp-content\/uploads\/2023\/07\/LOGOGYS-OK.png","width":1170,"height":872,"caption":"GYS NOTICIAS |"},"image":{"@id":"https:\/\/gysfm.com.ar\/inicio\/#\/schema\/logo\/image\/"}},{"@type":"Person","@id":"https:\/\/gysfm.com.ar\/inicio\/#\/schema\/person\/3abba7593ef2ad19e1be221d54383dc5","name":"Prensa G&amp;S FM","image":{"@type":"ImageObject","inLanguage":"es","@id":"https:\/\/gysfm.com.ar\/inicio\/#\/schema\/person\/image\/","url":"https:\/\/secure.gravatar.com\/avatar\/096ec78df02049ab018702bb4ccedf659377fa92a26540b5247612077a0dbd29?s=96&d=mm&r=g","contentUrl":"https:\/\/secure.gravatar.com\/avatar\/096ec78df02049ab018702bb4ccedf659377fa92a26540b5247612077a0dbd29?s=96&d=mm&r=g","caption":"Prensa G&amp;S FM"},"sameAs":["https:\/\/gysfm.com.ar\/"],"url":"https:\/\/gysfm.com.ar\/inicio\/author\/lucasm\/"}]}},"_links":{"self":[{"href":"https:\/\/gysfm.com.ar\/inicio\/wp-json\/wp\/v2\/posts\/192606","targetHints":{"allow":["GET"]}}],"collection":[{"href":"https:\/\/gysfm.com.ar\/inicio\/wp-json\/wp\/v2\/posts"}],"about":[{"href":"https:\/\/gysfm.com.ar\/inicio\/wp-json\/wp\/v2\/types\/post"}],"author":[{"embeddable":true,"href":"https:\/\/gysfm.com.ar\/inicio\/wp-json\/wp\/v2\/users\/2"}],"replies":[{"embeddable":true,"href":"https:\/\/gysfm.com.ar\/inicio\/wp-json\/wp\/v2\/comments?post=192606"}],"version-history":[{"count":0,"href":"https:\/\/gysfm.com.ar\/inicio\/wp-json\/wp\/v2\/posts\/192606\/revisions"}],"wp:featuredmedia":[{"embeddable":true,"href":"https:\/\/gysfm.com.ar\/inicio\/wp-json\/wp\/v2\/media\/192607"}],"wp:attachment":[{"href":"https:\/\/gysfm.com.ar\/inicio\/wp-json\/wp\/v2\/media?parent=192606"}],"wp:term":[{"taxonomy":"category","embeddable":true,"href":"https:\/\/gysfm.com.ar\/inicio\/wp-json\/wp\/v2\/categories?post=192606"},{"taxonomy":"post_tag","embeddable":true,"href":"https:\/\/gysfm.com.ar\/inicio\/wp-json\/wp\/v2\/tags?post=192606"}],"curies":[{"name":"wp","href":"https:\/\/api.w.org\/{rel}","templated":true}]}}