{"id":192560,"date":"2026-04-23T16:20:05","date_gmt":"2026-04-23T19:20:05","guid":{"rendered":"https:\/\/gysfm.com.ar\/inicio\/marcelo-macarron-y-sus-hijos-apuntaron-a-los-fiscales-del-caso-nora-dalmasso-nos-destruyeron\/"},"modified":"2026-04-23T16:20:05","modified_gmt":"2026-04-23T19:20:05","slug":"marcelo-macarron-y-sus-hijos-apuntaron-a-los-fiscales-del-caso-nora-dalmasso-nos-destruyeron","status":"publish","type":"post","link":"https:\/\/gysfm.com.ar\/inicio\/marcelo-macarron-y-sus-hijos-apuntaron-a-los-fiscales-del-caso-nora-dalmasso-nos-destruyeron\/","title":{"rendered":"Marcelo Macarr\u00f3n y sus hijos apuntaron a los fiscales del caso Nora Dalmasso: \u00abNos destruyeron\u00bb"},"content":{"rendered":"<p><\/p>\n<div id=\"article-content\">\n<p><a target=\"_blank\" href=\"https:\/\/www.perfil.com\/noticias\/cordoba\/caso-dalmasso-los-tres-fiscales-defendieron-su-actuacion-en-el-inicio-del-jury-en-cordoba.phtml\"><strong>El crimen de Nora Dalmasso<\/strong><\/a>, uno de los casos m\u00e1s controvertidos de la historia argentina, atraviesa un nuevo cap\u00edtulo con <strong>el jury a los tres fiscales<\/strong> que intervinieron en los primeros a\u00f1os de la investigaci\u00f3n, acusados por <strong>mal desempe\u00f1o<\/strong> y negligencia. Este martes, <a target=\"_blank\" href=\"https:\/\/www.perfil.com\/noticias\/cordoba\/en-vivo-caso-dalmasso-comenzo-el-historico-jury-contra-los-tres-fiscales.phtml\"><strong>Marcelo Macarr\u00f3n<\/strong><\/a>, viudo de la mujer asesinada en noviembre de 2006, y sus hijos apuntaron duramente contra los funcionarios judiciales y los culparon por la posible <strong>prescripci\u00f3n de la causa<\/strong>.<\/p>\n<p><strong>\u00abActuaron culpando siempre a la familia\u00bb<\/strong>, sostuvo Macarr\u00f3n al referirse a los fiscales <a target=\"_blank\" href=\"https:\/\/www.perfil.com\/noticias\/cordoba\/elevan-a-juicio-al-exsubjefe-alejandro-mercado-manejo-una-banda-de-leales-mientras-proyectaba-una-imagen-de-eficiencia.phtml\"><strong>Javier Di Santo, Daniel Miralles y Luis Pizarro<\/strong><\/a>, quienes sucesivamente estuvieron a cargo de la causa por la el asesinato y abuso sexual de Dalmasso, ocurrido en su casa del barrio privado <strong>Villa Golf Club<\/strong>, en <strong>R\u00edo Cuarto<\/strong>, entre 2007 y 2019. El proceso se lleva a cabo en la Legislatura Unicameral de C\u00f3rdoba.<\/p>\n<p class=\"destacadoNota\"><a target=\"_blank\" href=\"https:\/\/www.perfil.com\/noticias\/cordoba\/caso-dalmasso-los-tres-fiscales-defendieron-su-actuacion-en-el-inicio-del-jury-en-cordoba.phtml\">Caso Dalmasso: los tres fiscales defendieron su actuaci\u00f3n en el inicio del jury en C\u00f3rdoba<\/a><\/p>\n<div class=\"subscription\">\n<p>\n        Esto no les gusta a los autoritarios\n    <\/p>\n<div class=\"subscription__container\">\n<div class=\"subscription__text-wrapper\">\n<p>\n                El ejercicio del periodismo profesional y cr\u00edtico es un pilar fundamental de la democracia. Por eso molesta a quienes creen ser los due\u00f1os de la verdad.\n            <\/p>\n<\/p><\/div><\/div>\n<\/div>\n<p>El fiscal Di Santo encabez\u00f3 la instrucci\u00f3n hasta el 2015, y durante ese per\u00edodo primero orden\u00f3 la detenci\u00f3n del pintor <a target=\"_blank\" href=\"https:\/\/www.perfil.com\/noticias\/cordoba\/duro-testimonio-de-la-familia-macarron-ante-el-jury-acusaron-a-los-fiscales-de-persecucion-e-inoperancia.phtml\"><strong>Gast\u00f3n Z\u00e1rate<\/strong><\/a>, que medi\u00e1ticamente pas\u00f3 a ser <strong>conocido como \u201cEl Perejil\u201d<\/strong>, ya que no estaba involucrado en el hecho y se dec\u00eda que lo hab\u00edan acusado para cerrar r\u00e1pido el caso. Despu\u00e9s, dirigi\u00f3 el caso contra<strong> Facundo Macarr\u00f3n<\/strong>, hijo de la v\u00edctima, a quien tambi\u00e9n pidi\u00f3 que se lo arreste.<\/p>\n<p>Entre 2016 a 2017 la causa estuvo en manos de Miralles, que tuvo como <strong>hip\u00f3tesis un presunto<\/strong> <strong>crimen por encargo <\/strong>que habr\u00eda orquestado Marcelo Macarr\u00f3n, que al momento de la muerte de su esposa se hallaba en un torneo de golf en Uruguay. Luego fue reemplazado por Pizarro, que desech\u00f3 la idea de un sicario y <strong>sospech\u00f3 que el esposo directamente viaj\u00f3 <\/strong>desde Punta del Este para matar a su mujer. La investigaci\u00f3n de este \u00faltimo finalmente lo llev\u00f3 a juicio, <a target=\"_blank\" href=\"https:\/\/www.perfil.com\/noticias\/cordoba\/caso-dalmasso-los-tres-fiscales-defendieron-su-actuacion-en-el-inicio-del-jury-en-cordoba.phtml\">donde en 2022 <strong>se decidi\u00f3 su absoluci\u00f3n<\/strong><\/a>.<\/p>\n<div style=\"text-align:center\">\n<figure class=\"image\" style=\"display:inline-block\"><picture><source media=\"(max-width: 440px)\" srcset=\"https:\/\/fotos.perfil.com\/\/2026\/03\/28\/440\/0\/nora-dalmasso-2211306.jpg?webp\"\/><source media=\"(max-width: 1019px)\" srcset=\"https:\/\/fotos.perfil.com\/\/2026\/03\/28\/712\/0\/nora-dalmasso-2211306.jpg?webp\"\/><img decoding=\"async\" style=\"max-width: 100%; width: 100%;\" alt=\"Nora Dalmasso\" src=\"https:\/\/fotos.perfil.com\/\/2026\/03\/28\/900\/0\/nora-dalmasso-2211306.jpg?webp\" loading=\"lazy\"\/><\/picture><figcaption>Nora Dalmasso.<\/figcaption><\/figure>\n<\/p><\/div>\n<p>La acusaci\u00f3n principal contra los tres integrantes del Ministerio P\u00fablico Fiscal radica en que <strong>omitieron pruebas gen\u00e9ticas<\/strong> y <strong>testimoniales<\/strong> importantes que habr\u00edan permitido avanzar hacia el esclarecimiento del caso mucho antes.<\/p>\n<p>Se lleg\u00f3 a esta afirmaci\u00f3n cuando el fiscal Pablo J\u00e1vega tom\u00f3 el expediente tras el proceso al viudo, <strong>descubri\u00f3 en dos a\u00f1os<\/strong> que el supuesto asesino era <strong>Roberto B\u00e1rzola<\/strong>, un parquetista que hab\u00eda trabajado en la casa en ese momento. Lleg\u00f3 a este hallazgo solo analizando las pruebas que hab\u00edan estado desde el inicio. <\/p>\n<h2>Marcelo Macarr\u00f3n: \u00abSufr\u00ed alcoholismo y mi familia me contuvo\u00bb<\/h2>\n<p>En medio de su testimonial, el traumat\u00f3logo <strong>cruz\u00f3 al <a target=\"_blank\" href=\"https:\/\/www.perfil.com\/noticias\/cordoba\/caso-nora-dalmasso-el-jury-deja-al-descubierto-una-investigacion-zigzagueante-que-corona-un-crimen-impune.phtml\">fiscal Di Santo<\/a><\/strong>, que previamente se hab\u00eda quebrado ante el jurado al defender sus actuaciones durante la causa. \u201c\u00bfSe larg\u00f3 a llorar en esta sala? Es una verg\u00fcenza para la provincia. <strong>\u00bfPor qu\u00e9 no lloro 19 a\u00f1os atr\u00e1s? Hubiese llorado como llor\u00e9 yo\u00bb.<\/strong><\/p>\n<p>A su vez, calific\u00f3 de imposibles las l\u00edneas investigativas que se construyeron en su contra, como la posibilidad de haber viajado desde Punta del Este a R\u00edo Cuarto para cometer el crimen y luego regresar a la ciudad uruguaya para seguir jugando al golf. <strong>\u201cSe ve que el fiscal Pizarro ve muchas pel\u00edculas de ciencia ficci\u00f3n<\/strong>. Me trajo de Punta del Este, mat\u00e9 a mi mujer y volv\u00ed a Punta. <strong>Es novelesco<\/strong>\u201d, lanz\u00f3.<\/p>\n<div style=\"text-align:center\">\n<figure class=\"image\" style=\"display:inline-block\"><picture><source media=\"(max-width: 440px)\" srcset=\"https:\/\/fotos.perfil.com\/\/2026\/04\/21\/440\/0\/juicio-por-el-caso-de-nora-dalmasso-2225020.jpg?webp\"\/><source media=\"(max-width: 1019px)\" srcset=\"https:\/\/fotos.perfil.com\/\/2026\/04\/21\/712\/0\/juicio-por-el-caso-de-nora-dalmasso-2225020.jpg?webp\"\/><img decoding=\"async\" style=\"max-width: 100%; width: 100%;\" alt=\"Juicio por el caso de Nora Dalmasso\" src=\"https:\/\/fotos.perfil.com\/\/2026\/04\/21\/900\/0\/juicio-por-el-caso-de-nora-dalmasso-2225020.jpg?webp\" loading=\"lazy\"\/><\/picture><figcaption>Jury a los fiscales que investigaron el caso de Nora Dalmasso.<\/figcaption><\/figure>\n<\/p><\/div>\n<p><strong>\u201cMe somet\u00ed a un juicio porque soy inocente\u00bb<\/strong>, explic\u00f3 el viudo sobre el debate oral y p\u00fablico que debi\u00f3 afrontar en 2022. \u00abIba a dar la posibilidad de que siguieran investigando y eso <strong>me provoc\u00f3 graves problemas de salud, cuatro stents en ese per\u00edodo\u00bb<\/strong>, continu\u00f3 diciendo. Adem\u00e1s, detall\u00f3 otras complicaciones que tuvo vinculadas a la angustia y la presi\u00f3n por el crimen de su esposa: <strong>\u00abSufr\u00ed alcoholismo y mi familia me contuvo\u201d.<\/strong><\/p>\n<p>En ese sentido, revel\u00f3 que <strong>debi\u00f3 internarse en una cl\u00ednica de rehabilitaci\u00f3n<\/strong> y desde hace cuatro a\u00f1os que no toma bebidas alcoh\u00f3licas. \u00abHoy en d\u00eda atiendo en mi consultorio de forma normal; y estoy orgulloso como padre de tener a dos hijos exitosos. Todos pudimos salir adelantes con tratamientos psicol\u00f3gicos y psiqui\u00e1tricos\u00bb, manifest\u00f3 Macarr\u00f3n.<\/p>\n<p>Por \u00faltimo, complet\u00f3: \u201cCuando ocurri\u00f3 la muerte, en vez de tomar una conducta de <strong>contenci\u00f3n familiar<\/strong> como en cualquier lado, actuaron culpando siempre a la familia. <strong>Nunca se les ilumin\u00f3 el cerebro <\/strong>para pensar en otras pruebas, y eso que hab\u00eda pruebas suficientes con los <a target=\"_blank\" href=\"https:\/\/www.perfil.com\/noticias\/cordoba\/jury-a-los-fiscales-que-investigaron-el-crimen-de-nora-dalmasso-comenzara-el-21-de-abril.phtml\">parquetistas (en relaci\u00f3n a B\u00e1rzola)<\/a>\u00ab.<\/p>\n<h2>Las declaraciones de los hijos de Nora Dalmasso<\/h2>\n<p>\u00ab<strong>Fueron cobardes; nos destruyeron como familia<\/strong>\u00ab, sostuvo Facundo ante la fiscal general adjunta<strong> <\/strong>Bettina Croppi, que representa al Ministerio P\u00fablico Fiscal de C\u00f3rdoba en el juicio pol\u00edtico. Al mismo tiempo, el joven les pregunt\u00f3 si hab\u00edan tenido \u00abalg\u00fan tipo de remordimiento\u00bb hacia ellos debido al lugar en el que los colocaron en el caso.<\/p>\n<div style=\"text-align:center\">\n<figure class=\"image\" style=\"display:inline-block\"><picture><source media=\"(max-width: 440px)\" srcset=\"https:\/\/fotos.perfil.com\/\/2026\/04\/22\/440\/0\/facundo-macarron-2225200.jpg?webp\"\/><source media=\"(max-width: 1019px)\" srcset=\"https:\/\/fotos.perfil.com\/\/2026\/04\/22\/712\/0\/facundo-macarron-2225200.jpg?webp\"\/><img decoding=\"async\" style=\"max-width: 100%; width: 100%;\" alt=\"Facundo Macarr\u00f3n\" src=\"https:\/\/fotos.perfil.com\/\/2026\/04\/22\/900\/0\/facundo-macarron-2225200.jpg?webp\" loading=\"lazy\"\/><\/picture><figcaption>Facundo Macarr\u00f3n en el jury contra los tres fiscales que investigaron el asesinato de su madre.<\/figcaption><\/figure>\n<\/p><\/div>\n<p>\u00abNo es f\u00e1cil ser <strong>se\u00f1alado como un matricida<\/strong> y que<strong> se revele mi <a target=\"_blank\" href=\"https:\/\/www.perfil.com\/noticias\/cordoba\/en-vivo-caso-dalmasso-comenzo-el-historico-jury-contra-los-tres-fiscales.phtml\">orientaci\u00f3n sexual frente a todo un pa\u00eds<\/a><\/strong>. Cuando me imputaron, hab\u00eda un claro condicionamiento a todos los testigos, amigos m\u00edos. Se insinuaba que <strong>por ser gay uno \u2018tiende al delito\u2019<\/strong>. Eso lo dijo un fiscal y su equipo de investigaci\u00f3n\u00bb, agreg\u00f3 al recordar c\u00f3mo fue involucrado en el asesinato de su madre, cuando ten\u00eda 19 a\u00f1os.<\/p>\n<p>En esa l\u00ednea, sostuvo: <strong>\u201cMe arruinaron la juventud y hasta me obligaron a \u2018salir del closet\u2019\u201d.<\/strong><\/p>\n<p>Por otro lado, concluy\u00f3 diciendo que en ese entonces no estaba preparado para contar un tema tan personal en su vida y asegur\u00f3 que<strong> le dejaron \u00abun trauma\u00bb<\/strong> y una gran desconfianza. \u00abFue muy duro; el poco reparo que pueden llegar a tener para <strong>estos temas y la poca protecci\u00f3n<\/strong>\u201d.<\/p>\n<div style=\"text-align:center\">\n<figure class=\"image\" style=\"display:inline-block\"><picture><source media=\"(max-width: 440px)\" srcset=\"https:\/\/fotos.perfil.com\/\/2026\/04\/22\/440\/0\/valentina-macarron-2225201.jpg?webp\"\/><source media=\"(max-width: 1019px)\" srcset=\"https:\/\/fotos.perfil.com\/\/2026\/04\/22\/712\/0\/valentina-macarron-2225201.jpg?webp\"\/><img decoding=\"async\" style=\"max-width: 100%; width: 100%;\" alt=\"Valentina Macarr\u00f3n\" src=\"https:\/\/fotos.perfil.com\/\/2026\/04\/22\/900\/0\/valentina-macarron-2225201.jpg?webp\" loading=\"lazy\"\/><\/picture><figcaption>Valentina Macarr\u00f3n.<\/figcaption><\/figure>\n<\/p><\/div>\n<p>A su turno, su hermana, <strong>Valentina Macarr\u00f3n<\/strong>, declar\u00f3 a trav\u00e9s de una videoconferencia por <em>Zoom<\/em> y dijo que inicialmente hab\u00edan depositado su certeza y credibilidad en la labor de Di Santo. \u00abLe dimos nuestra confianza; <strong>estuvo 10 a\u00f1os con la causa y nunca lleg\u00f3 a la verdad<\/strong>. Jam\u00e1s hubo un pedido de disculpas\u00bb. Luego, coment\u00f3 que cuando lleg\u00f3 Miralles \u00ab<strong>abrieron su coraz\u00f3n<\/strong>\u00bb al hablar del caso y a la semana imput\u00f3 a su padre.<\/p>\n<p>Por \u00faltimo, expres\u00f3 que tuvieron mayor tranquilidad ante la intervenci\u00f3n del fiscal Pablo J\u00e1vega en el expediente: <strong>\u00abEn dos a\u00f1os logr\u00f3 encontrar al verdadero culpable<\/strong>, necesitamos que la Justicia est\u00e9 a la altura\u00bb.<\/p>\n<h2>La pista de B\u00e1rzola y la prescripci\u00f3n<\/h2>\n<p>Otro de los testigos que habl\u00f3 fue el abogado <strong>Gustavo Liebau,<\/strong> que los patrocin\u00f3 legalmente desde 2007 y describi\u00f3 de forma detallada c\u00f3mo fueron las instancias de investigaci\u00f3n de los fiscales Di Santo, Miralles y Pizarro. Adem\u00e1s, indic\u00f3 que la familia nunca pudo ser querellante en la causa y solicitar medidas para profundizar en acusaciones contra posibles sospechosos por las <strong>imputaciones a Facundo y a Marcelo<\/strong>.<\/p>\n<p>Tambi\u00e9n subray\u00f3 que a los tres d\u00edas del crimen ya hab\u00eda sido <a target=\"_blank\" href=\"https:\/\/www.perfil.com\/noticias\/cordoba\/claves-del-jury-a-los-fiscales-un-adn-masculino-nn-y-una-extensa-investigacion-incluyo-a-barzola.phtml\"><strong>mencionado B\u00e1rzola en la causa<\/strong><\/a>. Su ex jefe, Walter Gonz\u00e1lez, hab\u00eda hablado del actual sospechoso como una de las personas que hab\u00eda estado trabajando en la casa. Coment\u00f3 que en ese entonces se <strong>ordenaron an\u00e1lisis de ADN sobre personas que no estaban imputadas<\/strong>, pero no avanzaron sobre el parquetista, pese a que exist\u00edan indicios de que hab\u00eda estado <strong>en el lugar y momento del hecho<\/strong>, y que habr\u00eda mentido para justificar su presencia.<\/p>\n<p>B\u00e1rzola declar\u00f3 como testigo durante el juicio. Luego del debate, J\u00e1vega <strong>dispuso cotejar el ADN<\/strong> de las muestras de la ropa de Nora y de su cuerpo con 45 personas: los an\u00e1lisis indicaron que los rastros gen\u00e9ticos del sospechoso estaban <strong>en al menos<\/strong> <strong>diez puntos del cinto <\/strong>de la bata con la que ahorcaron a Nora<strong> <\/strong>y hab\u00eda un <strong>vello p\u00fabico <\/strong>en la zona \u00edntima de la v\u00edctima. <\/p>\n<p>En 2025, la C\u00e1mara 2\u00b0 del Crimen de R\u00edo Cuarto <strong>sobresey\u00f3 a Roberto Barzola <\/strong>de la imputaci\u00f3n de homicidio y violaci\u00f3n por el paso de tiempo, ya que <strong>15 a\u00f1os es el m\u00e1ximo que fija<\/strong> la ley para que caduque la posibilidad de perseguir penalmente a una persona por un delito de este tipo. Sin embargo, el fiscal dijo que esta <strong>decisi\u00f3n a\u00fan no est\u00e1 firme <\/strong>y se esperan informes para determinar si corresponde o no la prescripci\u00f3n.<\/p>\n<p>FP<\/p>\n<\/p><\/div>\n<p><script>\n                !function(f,b,e,v,n,t,s)\n                {if(f.fbq)return;n=f.fbq=function(){n.callMethod?\n                    n.callMethod.apply(n,arguments):n.queue.push(arguments)};\n                    if(!f._fbq)f._fbq=n;n.push=n;n.loaded=!0;n.version='2.0';\n                    n.queue=[];t=b.createElement(e);t.async=!0;\n                    t.src=v;s=b.getElementsByTagName(e)[0];\n                    s.parentNode.insertBefore(t,s)}(window, document,'script',\n                    'https:\/\/connect.facebook.net\/en_US\/fbevents.js');\n                window.paywallConfig.facebook_pixel=\"1000228364089342\"\n            <\/script><\/p>\n","protected":false},"excerpt":{"rendered":"<p>El crimen de Nora Dalmasso, uno de los casos m\u00e1s controvertidos de la historia argentina, atraviesa un nuevo cap\u00edtulo con el jury a los tres fiscales que intervinieron en los primeros a\u00f1os de la investigaci\u00f3n, acusados por mal desempe\u00f1o y negligencia. Este martes, Marcelo Macarr\u00f3n, viudo de la mujer asesinada en noviembre de 2006, y [&hellip;]<\/p>\n","protected":false},"author":2,"featured_media":192561,"comment_status":"closed","ping_status":"closed","sticky":false,"template":"","format":"standard","meta":{"footnotes":""},"categories":[25],"tags":[],"class_list":["post-192560","post","type-post","status-publish","format-standard","has-post-thumbnail","hentry","category-nacionales"],"yoast_head":"<!-- This site is optimized with the Yoast SEO plugin v24.4 - https:\/\/yoast.com\/wordpress\/plugins\/seo\/ -->\n<title>Marcelo Macarr\u00f3n y sus hijos apuntaron a los fiscales del caso Nora Dalmasso: &quot;Nos destruyeron&quot; - GYS NOTICIAS |<\/title>\n<meta name=\"robots\" content=\"index, follow, max-snippet:-1, max-image-preview:large, max-video-preview:-1\" \/>\n<link rel=\"canonical\" href=\"https:\/\/gysfm.com.ar\/inicio\/marcelo-macarron-y-sus-hijos-apuntaron-a-los-fiscales-del-caso-nora-dalmasso-nos-destruyeron\/\" \/>\n<meta property=\"og:locale\" content=\"es_ES\" \/>\n<meta property=\"og:type\" content=\"article\" \/>\n<meta property=\"og:title\" content=\"Marcelo Macarr\u00f3n y sus hijos apuntaron a los fiscales del caso Nora Dalmasso: &quot;Nos destruyeron&quot; - GYS NOTICIAS |\" \/>\n<meta property=\"og:description\" content=\"El crimen de Nora Dalmasso, uno de los casos m\u00e1s controvertidos de la historia argentina, atraviesa un nuevo cap\u00edtulo con el jury a los tres fiscales que intervinieron en los primeros a\u00f1os de la investigaci\u00f3n, acusados por mal desempe\u00f1o y negligencia. Este martes, Marcelo Macarr\u00f3n, viudo de la mujer asesinada en noviembre de 2006, y [&hellip;]\" \/>\n<meta property=\"og:url\" content=\"https:\/\/gysfm.com.ar\/inicio\/marcelo-macarron-y-sus-hijos-apuntaron-a-los-fiscales-del-caso-nora-dalmasso-nos-destruyeron\/\" \/>\n<meta property=\"og:site_name\" content=\"GYS NOTICIAS |\" \/>\n<meta property=\"article:published_time\" content=\"2026-04-23T19:20:05+00:00\" \/>\n<meta property=\"og:image\" content=\"https:\/\/fotos.perfil.com\/\/2026\/03\/28\/900\/0\/nora-dalmasso-2211306.jpg?webp\" \/>\n<meta name=\"author\" content=\"Prensa G&amp;S FM\" \/>\n<meta name=\"twitter:card\" content=\"summary_large_image\" \/>\n<meta name=\"twitter:label1\" content=\"Escrito por\" \/>\n\t<meta name=\"twitter:data1\" content=\"Prensa G&amp;S FM\" \/>\n\t<meta name=\"twitter:label2\" content=\"Tiempo de lectura\" \/>\n\t<meta name=\"twitter:data2\" content=\"7 minutos\" \/>\n<script type=\"application\/ld+json\" class=\"yoast-schema-graph\">{\"@context\":\"https:\/\/schema.org\",\"@graph\":[{\"@type\":\"Article\",\"@id\":\"https:\/\/gysfm.com.ar\/inicio\/marcelo-macarron-y-sus-hijos-apuntaron-a-los-fiscales-del-caso-nora-dalmasso-nos-destruyeron\/#article\",\"isPartOf\":{\"@id\":\"https:\/\/gysfm.com.ar\/inicio\/marcelo-macarron-y-sus-hijos-apuntaron-a-los-fiscales-del-caso-nora-dalmasso-nos-destruyeron\/\"},\"author\":{\"name\":\"Prensa G&amp;S FM\",\"@id\":\"https:\/\/gysfm.com.ar\/inicio\/#\/schema\/person\/3abba7593ef2ad19e1be221d54383dc5\"},\"headline\":\"Marcelo Macarr\u00f3n y sus hijos apuntaron a los fiscales del caso Nora Dalmasso: \u00abNos destruyeron\u00bb\",\"datePublished\":\"2026-04-23T19:20:05+00:00\",\"mainEntityOfPage\":{\"@id\":\"https:\/\/gysfm.com.ar\/inicio\/marcelo-macarron-y-sus-hijos-apuntaron-a-los-fiscales-del-caso-nora-dalmasso-nos-destruyeron\/\"},\"wordCount\":1509,\"publisher\":{\"@id\":\"https:\/\/gysfm.com.ar\/inicio\/#organization\"},\"image\":{\"@id\":\"https:\/\/gysfm.com.ar\/inicio\/marcelo-macarron-y-sus-hijos-apuntaron-a-los-fiscales-del-caso-nora-dalmasso-nos-destruyeron\/#primaryimage\"},\"thumbnailUrl\":\"https:\/\/gysfm.com.ar\/inicio\/wp-content\/uploads\/2026\/04\/valentina-marcelo-y-facundo-macarron-22042026-2225579.jpg\",\"articleSection\":[\"NACIONALES\"],\"inLanguage\":\"es\"},{\"@type\":\"WebPage\",\"@id\":\"https:\/\/gysfm.com.ar\/inicio\/marcelo-macarron-y-sus-hijos-apuntaron-a-los-fiscales-del-caso-nora-dalmasso-nos-destruyeron\/\",\"url\":\"https:\/\/gysfm.com.ar\/inicio\/marcelo-macarron-y-sus-hijos-apuntaron-a-los-fiscales-del-caso-nora-dalmasso-nos-destruyeron\/\",\"name\":\"Marcelo Macarr\u00f3n y sus hijos apuntaron a los fiscales del caso Nora Dalmasso: \\\"Nos destruyeron\\\" - GYS NOTICIAS |\",\"isPartOf\":{\"@id\":\"https:\/\/gysfm.com.ar\/inicio\/#website\"},\"primaryImageOfPage\":{\"@id\":\"https:\/\/gysfm.com.ar\/inicio\/marcelo-macarron-y-sus-hijos-apuntaron-a-los-fiscales-del-caso-nora-dalmasso-nos-destruyeron\/#primaryimage\"},\"image\":{\"@id\":\"https:\/\/gysfm.com.ar\/inicio\/marcelo-macarron-y-sus-hijos-apuntaron-a-los-fiscales-del-caso-nora-dalmasso-nos-destruyeron\/#primaryimage\"},\"thumbnailUrl\":\"https:\/\/gysfm.com.ar\/inicio\/wp-content\/uploads\/2026\/04\/valentina-marcelo-y-facundo-macarron-22042026-2225579.jpg\",\"datePublished\":\"2026-04-23T19:20:05+00:00\",\"breadcrumb\":{\"@id\":\"https:\/\/gysfm.com.ar\/inicio\/marcelo-macarron-y-sus-hijos-apuntaron-a-los-fiscales-del-caso-nora-dalmasso-nos-destruyeron\/#breadcrumb\"},\"inLanguage\":\"es\",\"potentialAction\":[{\"@type\":\"ReadAction\",\"target\":[\"https:\/\/gysfm.com.ar\/inicio\/marcelo-macarron-y-sus-hijos-apuntaron-a-los-fiscales-del-caso-nora-dalmasso-nos-destruyeron\/\"]}]},{\"@type\":\"ImageObject\",\"inLanguage\":\"es\",\"@id\":\"https:\/\/gysfm.com.ar\/inicio\/marcelo-macarron-y-sus-hijos-apuntaron-a-los-fiscales-del-caso-nora-dalmasso-nos-destruyeron\/#primaryimage\",\"url\":\"https:\/\/gysfm.com.ar\/inicio\/wp-content\/uploads\/2026\/04\/valentina-marcelo-y-facundo-macarron-22042026-2225579.jpg\",\"contentUrl\":\"https:\/\/gysfm.com.ar\/inicio\/wp-content\/uploads\/2026\/04\/valentina-marcelo-y-facundo-macarron-22042026-2225579.jpg\",\"width\":1140,\"height\":641},{\"@type\":\"BreadcrumbList\",\"@id\":\"https:\/\/gysfm.com.ar\/inicio\/marcelo-macarron-y-sus-hijos-apuntaron-a-los-fiscales-del-caso-nora-dalmasso-nos-destruyeron\/#breadcrumb\",\"itemListElement\":[{\"@type\":\"ListItem\",\"position\":1,\"name\":\"Portada\",\"item\":\"https:\/\/gysfm.com.ar\/inicio\/\"},{\"@type\":\"ListItem\",\"position\":2,\"name\":\"Marcelo Macarr\u00f3n y sus hijos apuntaron a los fiscales del caso Nora Dalmasso: \u00abNos destruyeron\u00bb\"}]},{\"@type\":\"WebSite\",\"@id\":\"https:\/\/gysfm.com.ar\/inicio\/#website\",\"url\":\"https:\/\/gysfm.com.ar\/inicio\/\",\"name\":\"GYS NOTICIAS |\",\"description\":\"DIARIO - RADIO ONLINE SAN JUAN ARGENTINA\",\"publisher\":{\"@id\":\"https:\/\/gysfm.com.ar\/inicio\/#organization\"},\"potentialAction\":[{\"@type\":\"SearchAction\",\"target\":{\"@type\":\"EntryPoint\",\"urlTemplate\":\"https:\/\/gysfm.com.ar\/inicio\/?s={search_term_string}\"},\"query-input\":{\"@type\":\"PropertyValueSpecification\",\"valueRequired\":true,\"valueName\":\"search_term_string\"}}],\"inLanguage\":\"es\"},{\"@type\":\"Organization\",\"@id\":\"https:\/\/gysfm.com.ar\/inicio\/#organization\",\"name\":\"GYS NOTICIAS |\",\"url\":\"https:\/\/gysfm.com.ar\/inicio\/\",\"logo\":{\"@type\":\"ImageObject\",\"inLanguage\":\"es\",\"@id\":\"https:\/\/gysfm.com.ar\/inicio\/#\/schema\/logo\/image\/\",\"url\":\"https:\/\/gysfm.com.ar\/inicio\/wp-content\/uploads\/2023\/07\/LOGOGYS-OK.png\",\"contentUrl\":\"https:\/\/gysfm.com.ar\/inicio\/wp-content\/uploads\/2023\/07\/LOGOGYS-OK.png\",\"width\":1170,\"height\":872,\"caption\":\"GYS NOTICIAS |\"},\"image\":{\"@id\":\"https:\/\/gysfm.com.ar\/inicio\/#\/schema\/logo\/image\/\"}},{\"@type\":\"Person\",\"@id\":\"https:\/\/gysfm.com.ar\/inicio\/#\/schema\/person\/3abba7593ef2ad19e1be221d54383dc5\",\"name\":\"Prensa G&amp;S FM\",\"image\":{\"@type\":\"ImageObject\",\"inLanguage\":\"es\",\"@id\":\"https:\/\/gysfm.com.ar\/inicio\/#\/schema\/person\/image\/\",\"url\":\"https:\/\/secure.gravatar.com\/avatar\/096ec78df02049ab018702bb4ccedf659377fa92a26540b5247612077a0dbd29?s=96&d=mm&r=g\",\"contentUrl\":\"https:\/\/secure.gravatar.com\/avatar\/096ec78df02049ab018702bb4ccedf659377fa92a26540b5247612077a0dbd29?s=96&d=mm&r=g\",\"caption\":\"Prensa G&amp;S FM\"},\"sameAs\":[\"https:\/\/gysfm.com.ar\/\"],\"url\":\"https:\/\/gysfm.com.ar\/inicio\/author\/lucasm\/\"}]}<\/script>\n<!-- \/ Yoast SEO plugin. -->","yoast_head_json":{"title":"Marcelo Macarr\u00f3n y sus hijos apuntaron a los fiscales del caso Nora Dalmasso: \"Nos destruyeron\" - GYS NOTICIAS |","robots":{"index":"index","follow":"follow","max-snippet":"max-snippet:-1","max-image-preview":"max-image-preview:large","max-video-preview":"max-video-preview:-1"},"canonical":"https:\/\/gysfm.com.ar\/inicio\/marcelo-macarron-y-sus-hijos-apuntaron-a-los-fiscales-del-caso-nora-dalmasso-nos-destruyeron\/","og_locale":"es_ES","og_type":"article","og_title":"Marcelo Macarr\u00f3n y sus hijos apuntaron a los fiscales del caso Nora Dalmasso: \"Nos destruyeron\" - GYS NOTICIAS |","og_description":"El crimen de Nora Dalmasso, uno de los casos m\u00e1s controvertidos de la historia argentina, atraviesa un nuevo cap\u00edtulo con el jury a los tres fiscales que intervinieron en los primeros a\u00f1os de la investigaci\u00f3n, acusados por mal desempe\u00f1o y negligencia. Este martes, Marcelo Macarr\u00f3n, viudo de la mujer asesinada en noviembre de 2006, y [&hellip;]","og_url":"https:\/\/gysfm.com.ar\/inicio\/marcelo-macarron-y-sus-hijos-apuntaron-a-los-fiscales-del-caso-nora-dalmasso-nos-destruyeron\/","og_site_name":"GYS NOTICIAS |","article_published_time":"2026-04-23T19:20:05+00:00","og_image":[{"url":"https:\/\/fotos.perfil.com\/\/2026\/03\/28\/900\/0\/nora-dalmasso-2211306.jpg?webp","type":"","width":"","height":""}],"author":"Prensa G&amp;S FM","twitter_card":"summary_large_image","twitter_misc":{"Escrito por":"Prensa G&amp;S FM","Tiempo de lectura":"7 minutos"},"schema":{"@context":"https:\/\/schema.org","@graph":[{"@type":"Article","@id":"https:\/\/gysfm.com.ar\/inicio\/marcelo-macarron-y-sus-hijos-apuntaron-a-los-fiscales-del-caso-nora-dalmasso-nos-destruyeron\/#article","isPartOf":{"@id":"https:\/\/gysfm.com.ar\/inicio\/marcelo-macarron-y-sus-hijos-apuntaron-a-los-fiscales-del-caso-nora-dalmasso-nos-destruyeron\/"},"author":{"name":"Prensa G&amp;S FM","@id":"https:\/\/gysfm.com.ar\/inicio\/#\/schema\/person\/3abba7593ef2ad19e1be221d54383dc5"},"headline":"Marcelo Macarr\u00f3n y sus hijos apuntaron a los fiscales del caso Nora Dalmasso: \u00abNos destruyeron\u00bb","datePublished":"2026-04-23T19:20:05+00:00","mainEntityOfPage":{"@id":"https:\/\/gysfm.com.ar\/inicio\/marcelo-macarron-y-sus-hijos-apuntaron-a-los-fiscales-del-caso-nora-dalmasso-nos-destruyeron\/"},"wordCount":1509,"publisher":{"@id":"https:\/\/gysfm.com.ar\/inicio\/#organization"},"image":{"@id":"https:\/\/gysfm.com.ar\/inicio\/marcelo-macarron-y-sus-hijos-apuntaron-a-los-fiscales-del-caso-nora-dalmasso-nos-destruyeron\/#primaryimage"},"thumbnailUrl":"https:\/\/gysfm.com.ar\/inicio\/wp-content\/uploads\/2026\/04\/valentina-marcelo-y-facundo-macarron-22042026-2225579.jpg","articleSection":["NACIONALES"],"inLanguage":"es"},{"@type":"WebPage","@id":"https:\/\/gysfm.com.ar\/inicio\/marcelo-macarron-y-sus-hijos-apuntaron-a-los-fiscales-del-caso-nora-dalmasso-nos-destruyeron\/","url":"https:\/\/gysfm.com.ar\/inicio\/marcelo-macarron-y-sus-hijos-apuntaron-a-los-fiscales-del-caso-nora-dalmasso-nos-destruyeron\/","name":"Marcelo Macarr\u00f3n y sus hijos apuntaron a los fiscales del caso Nora Dalmasso: \"Nos destruyeron\" - GYS NOTICIAS |","isPartOf":{"@id":"https:\/\/gysfm.com.ar\/inicio\/#website"},"primaryImageOfPage":{"@id":"https:\/\/gysfm.com.ar\/inicio\/marcelo-macarron-y-sus-hijos-apuntaron-a-los-fiscales-del-caso-nora-dalmasso-nos-destruyeron\/#primaryimage"},"image":{"@id":"https:\/\/gysfm.com.ar\/inicio\/marcelo-macarron-y-sus-hijos-apuntaron-a-los-fiscales-del-caso-nora-dalmasso-nos-destruyeron\/#primaryimage"},"thumbnailUrl":"https:\/\/gysfm.com.ar\/inicio\/wp-content\/uploads\/2026\/04\/valentina-marcelo-y-facundo-macarron-22042026-2225579.jpg","datePublished":"2026-04-23T19:20:05+00:00","breadcrumb":{"@id":"https:\/\/gysfm.com.ar\/inicio\/marcelo-macarron-y-sus-hijos-apuntaron-a-los-fiscales-del-caso-nora-dalmasso-nos-destruyeron\/#breadcrumb"},"inLanguage":"es","potentialAction":[{"@type":"ReadAction","target":["https:\/\/gysfm.com.ar\/inicio\/marcelo-macarron-y-sus-hijos-apuntaron-a-los-fiscales-del-caso-nora-dalmasso-nos-destruyeron\/"]}]},{"@type":"ImageObject","inLanguage":"es","@id":"https:\/\/gysfm.com.ar\/inicio\/marcelo-macarron-y-sus-hijos-apuntaron-a-los-fiscales-del-caso-nora-dalmasso-nos-destruyeron\/#primaryimage","url":"https:\/\/gysfm.com.ar\/inicio\/wp-content\/uploads\/2026\/04\/valentina-marcelo-y-facundo-macarron-22042026-2225579.jpg","contentUrl":"https:\/\/gysfm.com.ar\/inicio\/wp-content\/uploads\/2026\/04\/valentina-marcelo-y-facundo-macarron-22042026-2225579.jpg","width":1140,"height":641},{"@type":"BreadcrumbList","@id":"https:\/\/gysfm.com.ar\/inicio\/marcelo-macarron-y-sus-hijos-apuntaron-a-los-fiscales-del-caso-nora-dalmasso-nos-destruyeron\/#breadcrumb","itemListElement":[{"@type":"ListItem","position":1,"name":"Portada","item":"https:\/\/gysfm.com.ar\/inicio\/"},{"@type":"ListItem","position":2,"name":"Marcelo Macarr\u00f3n y sus hijos apuntaron a los fiscales del caso Nora Dalmasso: \u00abNos destruyeron\u00bb"}]},{"@type":"WebSite","@id":"https:\/\/gysfm.com.ar\/inicio\/#website","url":"https:\/\/gysfm.com.ar\/inicio\/","name":"GYS NOTICIAS |","description":"DIARIO - RADIO ONLINE SAN JUAN ARGENTINA","publisher":{"@id":"https:\/\/gysfm.com.ar\/inicio\/#organization"},"potentialAction":[{"@type":"SearchAction","target":{"@type":"EntryPoint","urlTemplate":"https:\/\/gysfm.com.ar\/inicio\/?s={search_term_string}"},"query-input":{"@type":"PropertyValueSpecification","valueRequired":true,"valueName":"search_term_string"}}],"inLanguage":"es"},{"@type":"Organization","@id":"https:\/\/gysfm.com.ar\/inicio\/#organization","name":"GYS NOTICIAS |","url":"https:\/\/gysfm.com.ar\/inicio\/","logo":{"@type":"ImageObject","inLanguage":"es","@id":"https:\/\/gysfm.com.ar\/inicio\/#\/schema\/logo\/image\/","url":"https:\/\/gysfm.com.ar\/inicio\/wp-content\/uploads\/2023\/07\/LOGOGYS-OK.png","contentUrl":"https:\/\/gysfm.com.ar\/inicio\/wp-content\/uploads\/2023\/07\/LOGOGYS-OK.png","width":1170,"height":872,"caption":"GYS NOTICIAS |"},"image":{"@id":"https:\/\/gysfm.com.ar\/inicio\/#\/schema\/logo\/image\/"}},{"@type":"Person","@id":"https:\/\/gysfm.com.ar\/inicio\/#\/schema\/person\/3abba7593ef2ad19e1be221d54383dc5","name":"Prensa G&amp;S FM","image":{"@type":"ImageObject","inLanguage":"es","@id":"https:\/\/gysfm.com.ar\/inicio\/#\/schema\/person\/image\/","url":"https:\/\/secure.gravatar.com\/avatar\/096ec78df02049ab018702bb4ccedf659377fa92a26540b5247612077a0dbd29?s=96&d=mm&r=g","contentUrl":"https:\/\/secure.gravatar.com\/avatar\/096ec78df02049ab018702bb4ccedf659377fa92a26540b5247612077a0dbd29?s=96&d=mm&r=g","caption":"Prensa G&amp;S FM"},"sameAs":["https:\/\/gysfm.com.ar\/"],"url":"https:\/\/gysfm.com.ar\/inicio\/author\/lucasm\/"}]}},"_links":{"self":[{"href":"https:\/\/gysfm.com.ar\/inicio\/wp-json\/wp\/v2\/posts\/192560","targetHints":{"allow":["GET"]}}],"collection":[{"href":"https:\/\/gysfm.com.ar\/inicio\/wp-json\/wp\/v2\/posts"}],"about":[{"href":"https:\/\/gysfm.com.ar\/inicio\/wp-json\/wp\/v2\/types\/post"}],"author":[{"embeddable":true,"href":"https:\/\/gysfm.com.ar\/inicio\/wp-json\/wp\/v2\/users\/2"}],"replies":[{"embeddable":true,"href":"https:\/\/gysfm.com.ar\/inicio\/wp-json\/wp\/v2\/comments?post=192560"}],"version-history":[{"count":0,"href":"https:\/\/gysfm.com.ar\/inicio\/wp-json\/wp\/v2\/posts\/192560\/revisions"}],"wp:featuredmedia":[{"embeddable":true,"href":"https:\/\/gysfm.com.ar\/inicio\/wp-json\/wp\/v2\/media\/192561"}],"wp:attachment":[{"href":"https:\/\/gysfm.com.ar\/inicio\/wp-json\/wp\/v2\/media?parent=192560"}],"wp:term":[{"taxonomy":"category","embeddable":true,"href":"https:\/\/gysfm.com.ar\/inicio\/wp-json\/wp\/v2\/categories?post=192560"},{"taxonomy":"post_tag","embeddable":true,"href":"https:\/\/gysfm.com.ar\/inicio\/wp-json\/wp\/v2\/tags?post=192560"}],"curies":[{"name":"wp","href":"https:\/\/api.w.org\/{rel}","templated":true}]}}