{"id":192559,"date":"2026-04-23T16:16:11","date_gmt":"2026-04-23T19:16:11","guid":{"rendered":"https:\/\/gysfm.com.ar\/inicio\/el-gobierno-piso-pagos-por-2-billones-en-marzo-para-cerrar-la-revision-del-fmi\/"},"modified":"2026-04-23T16:16:11","modified_gmt":"2026-04-23T19:16:11","slug":"el-gobierno-piso-pagos-por-2-billones-en-marzo-para-cerrar-la-revision-del-fmi","status":"publish","type":"post","link":"https:\/\/gysfm.com.ar\/inicio\/el-gobierno-piso-pagos-por-2-billones-en-marzo-para-cerrar-la-revision-del-fmi\/","title":{"rendered":"El Gobierno pis\u00f3 pagos por $2 billones en marzo para cerrar la revisi\u00f3n del FMI"},"content":{"rendered":"<p> <br \/>\n<\/p>\n<div id=\"\">\n<p id=\"p-1776945839613-18248\">El pilar de la estabilidad del Gobierno de Javier Milei, <strong>el super\u00e1vit fiscal, no tiene la solidez que le hubiera brindado una reforma del Estado <\/strong>que haya derivado en un menor gasto. En rigor se mantiene en funci\u00f3n del esfuerzo diario por no gastar. As\u00ed lo demuestran los datos de la Tesorer\u00eda General de la Naci\u00f3n. <strong>La deuda exigible de la Administraci\u00f3n Central,<\/strong> que es la Presidencia, los ministerios, y los poderes Legislativo y Judicial, <strong>creci\u00f3 14% en t\u00e9rminos reales desde marzo del a\u00f1o pasado <\/strong>al mismo mes de este.<\/p>\n<\/div>\n<div id=\"\">\n<p id=\"p-1776945839613-25415\">Es lo que se conoce <strong>como deuda flotante<\/strong>. Es decir, el Gobierno recibe la factura del un proveedor y demora el pago. As\u00ed se explica que en el \u00faltimo mes y medio hayan <strong>proliferado protestas en diferentes \u00e1reas por demoras de pagos a proveedores.<\/strong><\/p>\n<\/p><\/div>\n<div id=\"\">\n<p id=\"p-1776945839613-38598\">En marzo, este<strong> tipo de deuda salt\u00f3 a $4,04 billones, desde los $1,94 billones de febrero<\/strong>. Es decir:<strong> se pisaron pagos por casi $2 billones<\/strong>. En marzo del a\u00f1o pasado, el monto adeudado era equivalente a $3,5 billones ajustados por la inflaci\u00f3n anual.<\/p>\n<\/div>\n<div id=\"\">\n<h2 id=\"p-1776949249243-943\">Pagos pisados y la negociaci\u00f3n con el FMI<\/h2>\n<p id=\"p-1776945839613-47247\"><strong>Tal como lo hab\u00eda anticipado \u00c1mbito <\/strong> recientemente, el incremento de la deuda flotante <strong>coincidi\u00f3 con la revisi\u00f3n peri\u00f3dica del acuerdo con el FMI.<\/strong> Como la entidad solo se fija en el el \u00abbase caja\u00bb, es decir, dinero que entra contra dinero que sale, los n\u00fameros del mes cerraron bien. Entre enero y marzo, el Gobierno ten\u00eda que tener $4,3 billones de saldo primario favorable y alcanz\u00f3 uno de $4,5.<strong> Si no hubiera demorado el pago a proveedores, es probable que no hubiera conseguido cumplir.<\/strong><\/p>\n<\/p><\/div>\n<div id=\"\">\n<p id=\"p-1776945839613-58180\"> Un operador del mercado de capitales se\u00f1al\u00f3 recientemente en una charla con inversores que si bien la regla del super\u00e1vit se cumple, el Gobierno <strong>lo est\u00e1 haciendo \u00aba los ponchazos\u00bb. <\/strong>Y eso se debe a que la<strong> recaudaci\u00f3n de impuestos sigue en baja<\/strong>, en parte por el menor consumo y por la ca\u00edda de sectores como la industria, que traccionan actividad en las zonas urbanas, y por las <strong>rebajas de impuestos <\/strong>otorgadas a algunos sectores, como el campo.<\/p>\n<p id=\"p-1776945839613-88908\">La <strong>cosecha r\u00e9cord de la actual campa\u00f1a y el boom exportador primario no consiguen compensar la ca\u00edda de recursos.<\/strong> En el primer trimestre el Gobierno registr\u00f3 fuertes ingresos por m\u00e1s de $2 billones, sobre todo, por la privatizaci\u00f3n de la represa del Comahue y por rentas del Fondo de Garant\u00eda de Sustentabilidad de la ANSES.<\/p>\n<p id=\"p-1776945839613-30449\">Al respecto, el economista e historiador <strong>Pablo Gerchunoff <\/strong>afirm\u00f3 en una entrevista para un canal de streaming: \u00abHay que sostener el equilibrio fiscal, pero como (Javier Milei) no quiere cobrar un impuesto m\u00e1s progresivo est\u00e1 paralizado. No puede hacer las rutas porque ser\u00eda desequilibrio fiscal.<strong> Hay que decirlo, no tiene equilibrio fiscal, tiene gasto reprimido\u00bb.<\/strong><\/p>\n<h2 id=\"p-1776945839613-10691\">Aprobadas las metas, baja la deuda<\/h2>\n<p id=\"p-1776945839613-49697\">El recurso de <strong>pisar pagos no es novedoso. Se aplic\u00f3 varias veces durante la gesti\u00f3n de Alberto Fern\u00e1ndez<\/strong>, luego del acuerdo que firm\u00f3 el entonces ministro Mart\u00edn Guzm\u00e1n. Al llegar a fin de a\u00f1o, la deuda exigible de la Administraci\u00f3n Central crec\u00eda y luego bajaba en enero. As\u00ed se trataba de cerrar los n\u00fameros.<\/p>\n<p id=\"p-1776945839613-94738\"><strong>La deuda flotante es un<\/strong> <strong>recurso permitido por el FMI, pero con ciertos l\u00edmites<\/strong>, ya que no puede superar al 10% del gasto corriente. As\u00ed que ahora<strong> es de esperar que el Gobierno trate de ponerse al d\u00eda en las pr\u00f3ximas semanas.<\/strong><\/p>\n<p id=\"p-1776945839613-73924\">La verdad es que el equipo econ\u00f3mico apuesta a una recuperaci\u00f3n m\u00e1s importante de la actividad econ\u00f3mica durante el segundo semestre, de la mano de una ca\u00edda de la inflaci\u00f3n. Y si ello ocurre, la recaudaci\u00f3n fiscal deber\u00eda subir.<\/p>\n<p id=\"p-1776945839613-43822\">Seg\u00fan datos del Instituto Argentino de An\u00e1lisis Fiscal (IARAF), en el primer trimestre \u00ab<strong>los ingresos tributarios tuvieron un descenso en t\u00e9rminos reales del 8%\u00bb, pero \u00ablos no tributarios subieron un 38,9% real interanual<\/strong>, impulsados por los ingresos extraordinarios por la privatizaci\u00f3n de la gesti\u00f3n de las represas del Comahue\u00bb. Se puede asegurar que el ancla fiscal es producto de la voluntad del Gobierno de defenderla, m\u00e1s que de una estructura del Estado.<\/p>\n<\/div>\n<p><script>\n!function(f,b,e,v,n,t,s)\n{if(f.fbq)return;n=f.fbq=function(){n.callMethod?\nn.callMethod.apply(n,arguments):n.queue.push(arguments)};\nif(!f._fbq)f._fbq=n;n.push=n;n.loaded=!0;n.version='2.0';\nn.queue=[];t=b.createElement(e);t.async=!0;\nt.src=v;s=b.getElementsByTagName(e)[0];\ns.parentNode.insertBefore(t,s)}(window,document,'script',\n'https:\/\/connect.facebook.net\/en_US\/fbevents.js');\nfbq('init', '2047048335588113');\nfbq('track', 'PageView');\n<\/script><br \/>\n<br \/><\/p>\n","protected":false},"excerpt":{"rendered":"<p>El pilar de la estabilidad del Gobierno de Javier Milei, el super\u00e1vit fiscal, no tiene la solidez que le hubiera brindado una reforma del Estado que haya derivado en un menor gasto. En rigor se mantiene en funci\u00f3n del esfuerzo diario por no gastar. As\u00ed lo demuestran los datos de la Tesorer\u00eda General de la [&hellip;]<\/p>\n","protected":false},"author":1,"featured_media":156144,"comment_status":"closed","ping_status":"closed","sticky":false,"template":"","format":"standard","meta":{"footnotes":""},"categories":[28],"tags":[],"class_list":["post-192559","post","type-post","status-publish","format-standard","has-post-thumbnail","hentry","category-economia"],"yoast_head":"<!-- This site is optimized with the Yoast SEO plugin v24.4 - https:\/\/yoast.com\/wordpress\/plugins\/seo\/ -->\n<title>El Gobierno pis\u00f3 pagos por $2 billones en marzo para cerrar la revisi\u00f3n del FMI - GYS NOTICIAS |<\/title>\n<meta name=\"robots\" content=\"index, follow, max-snippet:-1, max-image-preview:large, max-video-preview:-1\" \/>\n<link rel=\"canonical\" href=\"https:\/\/gysfm.com.ar\/inicio\/el-gobierno-piso-pagos-por-2-billones-en-marzo-para-cerrar-la-revision-del-fmi\/\" \/>\n<meta property=\"og:locale\" content=\"es_ES\" \/>\n<meta property=\"og:type\" content=\"article\" \/>\n<meta property=\"og:title\" content=\"El Gobierno pis\u00f3 pagos por $2 billones en marzo para cerrar la revisi\u00f3n del FMI - GYS NOTICIAS |\" \/>\n<meta property=\"og:description\" content=\"El pilar de la estabilidad del Gobierno de Javier Milei, el super\u00e1vit fiscal, no tiene la solidez que le hubiera brindado una reforma del Estado que haya derivado en un menor gasto. En rigor se mantiene en funci\u00f3n del esfuerzo diario por no gastar. As\u00ed lo demuestran los datos de la Tesorer\u00eda General de la [&hellip;]\" \/>\n<meta property=\"og:url\" content=\"https:\/\/gysfm.com.ar\/inicio\/el-gobierno-piso-pagos-por-2-billones-en-marzo-para-cerrar-la-revision-del-fmi\/\" \/>\n<meta property=\"og:site_name\" content=\"GYS NOTICIAS |\" \/>\n<meta property=\"article:published_time\" content=\"2026-04-23T19:16:11+00:00\" \/>\n<meta name=\"author\" content=\"admin\" \/>\n<meta name=\"twitter:card\" content=\"summary_large_image\" \/>\n<meta name=\"twitter:label1\" content=\"Escrito por\" \/>\n\t<meta name=\"twitter:data1\" content=\"admin\" \/>\n\t<meta name=\"twitter:label2\" content=\"Tiempo de lectura\" \/>\n\t<meta name=\"twitter:data2\" content=\"4 minutos\" \/>\n<script type=\"application\/ld+json\" class=\"yoast-schema-graph\">{\"@context\":\"https:\/\/schema.org\",\"@graph\":[{\"@type\":\"Article\",\"@id\":\"https:\/\/gysfm.com.ar\/inicio\/el-gobierno-piso-pagos-por-2-billones-en-marzo-para-cerrar-la-revision-del-fmi\/#article\",\"isPartOf\":{\"@id\":\"https:\/\/gysfm.com.ar\/inicio\/el-gobierno-piso-pagos-por-2-billones-en-marzo-para-cerrar-la-revision-del-fmi\/\"},\"author\":{\"name\":\"admin\",\"@id\":\"https:\/\/gysfm.com.ar\/inicio\/#\/schema\/person\/5bedd7ecd35cc35548d89effafa23696\"},\"headline\":\"El Gobierno pis\u00f3 pagos por $2 billones en marzo para cerrar la revisi\u00f3n del FMI\",\"datePublished\":\"2026-04-23T19:16:11+00:00\",\"mainEntityOfPage\":{\"@id\":\"https:\/\/gysfm.com.ar\/inicio\/el-gobierno-piso-pagos-por-2-billones-en-marzo-para-cerrar-la-revision-del-fmi\/\"},\"wordCount\":728,\"publisher\":{\"@id\":\"https:\/\/gysfm.com.ar\/inicio\/#organization\"},\"image\":{\"@id\":\"https:\/\/gysfm.com.ar\/inicio\/el-gobierno-piso-pagos-por-2-billones-en-marzo-para-cerrar-la-revision-del-fmi\/#primaryimage\"},\"thumbnailUrl\":\"https:\/\/gysfm.com.ar\/inicio\/wp-content\/uploads\/2025\/10\/georgieva-caputo.jpg\",\"articleSection\":[\"ECONOMIA\"],\"inLanguage\":\"es\"},{\"@type\":\"WebPage\",\"@id\":\"https:\/\/gysfm.com.ar\/inicio\/el-gobierno-piso-pagos-por-2-billones-en-marzo-para-cerrar-la-revision-del-fmi\/\",\"url\":\"https:\/\/gysfm.com.ar\/inicio\/el-gobierno-piso-pagos-por-2-billones-en-marzo-para-cerrar-la-revision-del-fmi\/\",\"name\":\"El Gobierno pis\u00f3 pagos por $2 billones en marzo para cerrar la revisi\u00f3n del FMI - GYS NOTICIAS |\",\"isPartOf\":{\"@id\":\"https:\/\/gysfm.com.ar\/inicio\/#website\"},\"primaryImageOfPage\":{\"@id\":\"https:\/\/gysfm.com.ar\/inicio\/el-gobierno-piso-pagos-por-2-billones-en-marzo-para-cerrar-la-revision-del-fmi\/#primaryimage\"},\"image\":{\"@id\":\"https:\/\/gysfm.com.ar\/inicio\/el-gobierno-piso-pagos-por-2-billones-en-marzo-para-cerrar-la-revision-del-fmi\/#primaryimage\"},\"thumbnailUrl\":\"https:\/\/gysfm.com.ar\/inicio\/wp-content\/uploads\/2025\/10\/georgieva-caputo.jpg\",\"datePublished\":\"2026-04-23T19:16:11+00:00\",\"breadcrumb\":{\"@id\":\"https:\/\/gysfm.com.ar\/inicio\/el-gobierno-piso-pagos-por-2-billones-en-marzo-para-cerrar-la-revision-del-fmi\/#breadcrumb\"},\"inLanguage\":\"es\",\"potentialAction\":[{\"@type\":\"ReadAction\",\"target\":[\"https:\/\/gysfm.com.ar\/inicio\/el-gobierno-piso-pagos-por-2-billones-en-marzo-para-cerrar-la-revision-del-fmi\/\"]}]},{\"@type\":\"ImageObject\",\"inLanguage\":\"es\",\"@id\":\"https:\/\/gysfm.com.ar\/inicio\/el-gobierno-piso-pagos-por-2-billones-en-marzo-para-cerrar-la-revision-del-fmi\/#primaryimage\",\"url\":\"https:\/\/gysfm.com.ar\/inicio\/wp-content\/uploads\/2025\/10\/georgieva-caputo.jpg\",\"contentUrl\":\"https:\/\/gysfm.com.ar\/inicio\/wp-content\/uploads\/2025\/10\/georgieva-caputo.jpg\",\"width\":1200,\"height\":675},{\"@type\":\"BreadcrumbList\",\"@id\":\"https:\/\/gysfm.com.ar\/inicio\/el-gobierno-piso-pagos-por-2-billones-en-marzo-para-cerrar-la-revision-del-fmi\/#breadcrumb\",\"itemListElement\":[{\"@type\":\"ListItem\",\"position\":1,\"name\":\"Portada\",\"item\":\"https:\/\/gysfm.com.ar\/inicio\/\"},{\"@type\":\"ListItem\",\"position\":2,\"name\":\"El Gobierno pis\u00f3 pagos por $2 billones en marzo para cerrar la revisi\u00f3n del FMI\"}]},{\"@type\":\"WebSite\",\"@id\":\"https:\/\/gysfm.com.ar\/inicio\/#website\",\"url\":\"https:\/\/gysfm.com.ar\/inicio\/\",\"name\":\"GYS NOTICIAS |\",\"description\":\"DIARIO - RADIO ONLINE SAN JUAN ARGENTINA\",\"publisher\":{\"@id\":\"https:\/\/gysfm.com.ar\/inicio\/#organization\"},\"potentialAction\":[{\"@type\":\"SearchAction\",\"target\":{\"@type\":\"EntryPoint\",\"urlTemplate\":\"https:\/\/gysfm.com.ar\/inicio\/?s={search_term_string}\"},\"query-input\":{\"@type\":\"PropertyValueSpecification\",\"valueRequired\":true,\"valueName\":\"search_term_string\"}}],\"inLanguage\":\"es\"},{\"@type\":\"Organization\",\"@id\":\"https:\/\/gysfm.com.ar\/inicio\/#organization\",\"name\":\"GYS NOTICIAS |\",\"url\":\"https:\/\/gysfm.com.ar\/inicio\/\",\"logo\":{\"@type\":\"ImageObject\",\"inLanguage\":\"es\",\"@id\":\"https:\/\/gysfm.com.ar\/inicio\/#\/schema\/logo\/image\/\",\"url\":\"https:\/\/gysfm.com.ar\/inicio\/wp-content\/uploads\/2023\/07\/LOGOGYS-OK.png\",\"contentUrl\":\"https:\/\/gysfm.com.ar\/inicio\/wp-content\/uploads\/2023\/07\/LOGOGYS-OK.png\",\"width\":1170,\"height\":872,\"caption\":\"GYS NOTICIAS |\"},\"image\":{\"@id\":\"https:\/\/gysfm.com.ar\/inicio\/#\/schema\/logo\/image\/\"}},{\"@type\":\"Person\",\"@id\":\"https:\/\/gysfm.com.ar\/inicio\/#\/schema\/person\/5bedd7ecd35cc35548d89effafa23696\",\"name\":\"admin\",\"image\":{\"@type\":\"ImageObject\",\"inLanguage\":\"es\",\"@id\":\"https:\/\/gysfm.com.ar\/inicio\/#\/schema\/person\/image\/\",\"url\":\"https:\/\/secure.gravatar.com\/avatar\/c331d312b5243fb64d5ba28108a447b27c925295129a363082c9ea52c28d32c2?s=96&d=mm&r=g\",\"contentUrl\":\"https:\/\/secure.gravatar.com\/avatar\/c331d312b5243fb64d5ba28108a447b27c925295129a363082c9ea52c28d32c2?s=96&d=mm&r=g\",\"caption\":\"admin\"},\"sameAs\":[\"https:\/\/gysfm.com.ar\/inicio\"],\"url\":\"https:\/\/gysfm.com.ar\/inicio\/author\/admin\/\"}]}<\/script>\n<!-- \/ Yoast SEO plugin. -->","yoast_head_json":{"title":"El Gobierno pis\u00f3 pagos por $2 billones en marzo para cerrar la revisi\u00f3n del FMI - GYS NOTICIAS |","robots":{"index":"index","follow":"follow","max-snippet":"max-snippet:-1","max-image-preview":"max-image-preview:large","max-video-preview":"max-video-preview:-1"},"canonical":"https:\/\/gysfm.com.ar\/inicio\/el-gobierno-piso-pagos-por-2-billones-en-marzo-para-cerrar-la-revision-del-fmi\/","og_locale":"es_ES","og_type":"article","og_title":"El Gobierno pis\u00f3 pagos por $2 billones en marzo para cerrar la revisi\u00f3n del FMI - GYS NOTICIAS |","og_description":"El pilar de la estabilidad del Gobierno de Javier Milei, el super\u00e1vit fiscal, no tiene la solidez que le hubiera brindado una reforma del Estado que haya derivado en un menor gasto. En rigor se mantiene en funci\u00f3n del esfuerzo diario por no gastar. As\u00ed lo demuestran los datos de la Tesorer\u00eda General de la [&hellip;]","og_url":"https:\/\/gysfm.com.ar\/inicio\/el-gobierno-piso-pagos-por-2-billones-en-marzo-para-cerrar-la-revision-del-fmi\/","og_site_name":"GYS NOTICIAS |","article_published_time":"2026-04-23T19:16:11+00:00","author":"admin","twitter_card":"summary_large_image","twitter_misc":{"Escrito por":"admin","Tiempo de lectura":"4 minutos"},"schema":{"@context":"https:\/\/schema.org","@graph":[{"@type":"Article","@id":"https:\/\/gysfm.com.ar\/inicio\/el-gobierno-piso-pagos-por-2-billones-en-marzo-para-cerrar-la-revision-del-fmi\/#article","isPartOf":{"@id":"https:\/\/gysfm.com.ar\/inicio\/el-gobierno-piso-pagos-por-2-billones-en-marzo-para-cerrar-la-revision-del-fmi\/"},"author":{"name":"admin","@id":"https:\/\/gysfm.com.ar\/inicio\/#\/schema\/person\/5bedd7ecd35cc35548d89effafa23696"},"headline":"El Gobierno pis\u00f3 pagos por $2 billones en marzo para cerrar la revisi\u00f3n del FMI","datePublished":"2026-04-23T19:16:11+00:00","mainEntityOfPage":{"@id":"https:\/\/gysfm.com.ar\/inicio\/el-gobierno-piso-pagos-por-2-billones-en-marzo-para-cerrar-la-revision-del-fmi\/"},"wordCount":728,"publisher":{"@id":"https:\/\/gysfm.com.ar\/inicio\/#organization"},"image":{"@id":"https:\/\/gysfm.com.ar\/inicio\/el-gobierno-piso-pagos-por-2-billones-en-marzo-para-cerrar-la-revision-del-fmi\/#primaryimage"},"thumbnailUrl":"https:\/\/gysfm.com.ar\/inicio\/wp-content\/uploads\/2025\/10\/georgieva-caputo.jpg","articleSection":["ECONOMIA"],"inLanguage":"es"},{"@type":"WebPage","@id":"https:\/\/gysfm.com.ar\/inicio\/el-gobierno-piso-pagos-por-2-billones-en-marzo-para-cerrar-la-revision-del-fmi\/","url":"https:\/\/gysfm.com.ar\/inicio\/el-gobierno-piso-pagos-por-2-billones-en-marzo-para-cerrar-la-revision-del-fmi\/","name":"El Gobierno pis\u00f3 pagos por $2 billones en marzo para cerrar la revisi\u00f3n del FMI - GYS NOTICIAS |","isPartOf":{"@id":"https:\/\/gysfm.com.ar\/inicio\/#website"},"primaryImageOfPage":{"@id":"https:\/\/gysfm.com.ar\/inicio\/el-gobierno-piso-pagos-por-2-billones-en-marzo-para-cerrar-la-revision-del-fmi\/#primaryimage"},"image":{"@id":"https:\/\/gysfm.com.ar\/inicio\/el-gobierno-piso-pagos-por-2-billones-en-marzo-para-cerrar-la-revision-del-fmi\/#primaryimage"},"thumbnailUrl":"https:\/\/gysfm.com.ar\/inicio\/wp-content\/uploads\/2025\/10\/georgieva-caputo.jpg","datePublished":"2026-04-23T19:16:11+00:00","breadcrumb":{"@id":"https:\/\/gysfm.com.ar\/inicio\/el-gobierno-piso-pagos-por-2-billones-en-marzo-para-cerrar-la-revision-del-fmi\/#breadcrumb"},"inLanguage":"es","potentialAction":[{"@type":"ReadAction","target":["https:\/\/gysfm.com.ar\/inicio\/el-gobierno-piso-pagos-por-2-billones-en-marzo-para-cerrar-la-revision-del-fmi\/"]}]},{"@type":"ImageObject","inLanguage":"es","@id":"https:\/\/gysfm.com.ar\/inicio\/el-gobierno-piso-pagos-por-2-billones-en-marzo-para-cerrar-la-revision-del-fmi\/#primaryimage","url":"https:\/\/gysfm.com.ar\/inicio\/wp-content\/uploads\/2025\/10\/georgieva-caputo.jpg","contentUrl":"https:\/\/gysfm.com.ar\/inicio\/wp-content\/uploads\/2025\/10\/georgieva-caputo.jpg","width":1200,"height":675},{"@type":"BreadcrumbList","@id":"https:\/\/gysfm.com.ar\/inicio\/el-gobierno-piso-pagos-por-2-billones-en-marzo-para-cerrar-la-revision-del-fmi\/#breadcrumb","itemListElement":[{"@type":"ListItem","position":1,"name":"Portada","item":"https:\/\/gysfm.com.ar\/inicio\/"},{"@type":"ListItem","position":2,"name":"El Gobierno pis\u00f3 pagos por $2 billones en marzo para cerrar la revisi\u00f3n del FMI"}]},{"@type":"WebSite","@id":"https:\/\/gysfm.com.ar\/inicio\/#website","url":"https:\/\/gysfm.com.ar\/inicio\/","name":"GYS NOTICIAS |","description":"DIARIO - RADIO ONLINE SAN JUAN ARGENTINA","publisher":{"@id":"https:\/\/gysfm.com.ar\/inicio\/#organization"},"potentialAction":[{"@type":"SearchAction","target":{"@type":"EntryPoint","urlTemplate":"https:\/\/gysfm.com.ar\/inicio\/?s={search_term_string}"},"query-input":{"@type":"PropertyValueSpecification","valueRequired":true,"valueName":"search_term_string"}}],"inLanguage":"es"},{"@type":"Organization","@id":"https:\/\/gysfm.com.ar\/inicio\/#organization","name":"GYS NOTICIAS |","url":"https:\/\/gysfm.com.ar\/inicio\/","logo":{"@type":"ImageObject","inLanguage":"es","@id":"https:\/\/gysfm.com.ar\/inicio\/#\/schema\/logo\/image\/","url":"https:\/\/gysfm.com.ar\/inicio\/wp-content\/uploads\/2023\/07\/LOGOGYS-OK.png","contentUrl":"https:\/\/gysfm.com.ar\/inicio\/wp-content\/uploads\/2023\/07\/LOGOGYS-OK.png","width":1170,"height":872,"caption":"GYS NOTICIAS |"},"image":{"@id":"https:\/\/gysfm.com.ar\/inicio\/#\/schema\/logo\/image\/"}},{"@type":"Person","@id":"https:\/\/gysfm.com.ar\/inicio\/#\/schema\/person\/5bedd7ecd35cc35548d89effafa23696","name":"admin","image":{"@type":"ImageObject","inLanguage":"es","@id":"https:\/\/gysfm.com.ar\/inicio\/#\/schema\/person\/image\/","url":"https:\/\/secure.gravatar.com\/avatar\/c331d312b5243fb64d5ba28108a447b27c925295129a363082c9ea52c28d32c2?s=96&d=mm&r=g","contentUrl":"https:\/\/secure.gravatar.com\/avatar\/c331d312b5243fb64d5ba28108a447b27c925295129a363082c9ea52c28d32c2?s=96&d=mm&r=g","caption":"admin"},"sameAs":["https:\/\/gysfm.com.ar\/inicio"],"url":"https:\/\/gysfm.com.ar\/inicio\/author\/admin\/"}]}},"_links":{"self":[{"href":"https:\/\/gysfm.com.ar\/inicio\/wp-json\/wp\/v2\/posts\/192559","targetHints":{"allow":["GET"]}}],"collection":[{"href":"https:\/\/gysfm.com.ar\/inicio\/wp-json\/wp\/v2\/posts"}],"about":[{"href":"https:\/\/gysfm.com.ar\/inicio\/wp-json\/wp\/v2\/types\/post"}],"author":[{"embeddable":true,"href":"https:\/\/gysfm.com.ar\/inicio\/wp-json\/wp\/v2\/users\/1"}],"replies":[{"embeddable":true,"href":"https:\/\/gysfm.com.ar\/inicio\/wp-json\/wp\/v2\/comments?post=192559"}],"version-history":[{"count":0,"href":"https:\/\/gysfm.com.ar\/inicio\/wp-json\/wp\/v2\/posts\/192559\/revisions"}],"wp:featuredmedia":[{"embeddable":true,"href":"https:\/\/gysfm.com.ar\/inicio\/wp-json\/wp\/v2\/media\/156144"}],"wp:attachment":[{"href":"https:\/\/gysfm.com.ar\/inicio\/wp-json\/wp\/v2\/media?parent=192559"}],"wp:term":[{"taxonomy":"category","embeddable":true,"href":"https:\/\/gysfm.com.ar\/inicio\/wp-json\/wp\/v2\/categories?post=192559"},{"taxonomy":"post_tag","embeddable":true,"href":"https:\/\/gysfm.com.ar\/inicio\/wp-json\/wp\/v2\/tags?post=192559"}],"curies":[{"name":"wp","href":"https:\/\/api.w.org\/{rel}","templated":true}]}}