{"id":192557,"date":"2026-04-23T15:49:05","date_gmt":"2026-04-23T18:49:05","guid":{"rendered":"https:\/\/gysfm.com.ar\/inicio\/adorni-flojo-de-papeles-le-debe-65-mil-dolares-a-feijoo-y-la-deuda-no-esta-documentada\/"},"modified":"2026-04-23T15:49:05","modified_gmt":"2026-04-23T18:49:05","slug":"adorni-flojo-de-papeles-le-debe-65-mil-dolares-a-feijoo-y-la-deuda-no-esta-documentada","status":"publish","type":"post","link":"https:\/\/gysfm.com.ar\/inicio\/adorni-flojo-de-papeles-le-debe-65-mil-dolares-a-feijoo-y-la-deuda-no-esta-documentada\/","title":{"rendered":"Adorni, flojo de papeles: le debe 65 mil d\u00f3lares a Feijoo y la deuda no est\u00e1 documentada"},"content":{"rendered":"<p><\/p>\n<div id=\"article-content\">\n<p>La causa que investiga al jefe de Gabinete,<strong> <a target=\"_blank\" href=\"https:\/\/www.perfil.com\/noticias\/politica\/la-inmobiliaria-dijo-que-el-departamento-de-adorni-de-la-calle-miro-se-pudo-haber-vendido-a-345000-dolares.phtml\">Manuel Adorni<\/a><\/strong>, por <strong>presunto enriquecimiento il\u00edcito<\/strong> por la adquisici\u00f3n de distinta propiedades desde que lleg\u00f3 a la funci\u00f3n p\u00fablica, suma un nuevo cap\u00edtulo este <strong>mi\u00e9rcoles con la declaraci\u00f3n ante la fiscal\u00eda de Pablo Mart\u00edn Feijoo,<\/strong> amigo del jefe de Gabinete, quien organiz\u00f3 la compraventa del departamento de la calle <strong>Mir\u00f3 al 500<\/strong> en Caballito.<\/p>\n<p>Fuentes judiciales ligadas a la causa se\u00f1alaron que Feijoo asegur\u00f3 que le pidieron al jefe de Gabinete 300 mil d\u00f3lares por el departamento y el funcionario respondi\u00f3 que apenas ten\u00eda 30 mil. En funci\u00f3n de eso se pact\u00f3 el pago de 30 mil d\u00f3lares en efectivo y los <strong>200 mil d\u00f3lares, sin inter\u00e9s, con un plazo de devoluci\u00f3n de un a\u00f1o <\/strong>que le prestaron <strong>Beatriz Viegas<\/strong> y <strong>Claudia Sbabo<\/strong>. La novedad que surgi\u00f3 del testimonio de Feijoo es que <strong>Adorni tambi\u00e9n le debe a \u00e9l 65 mil d\u00f3lares<\/strong> por los gastos que habr\u00edan hecho para mejorar la propiedad entre mayo y noviembre del a\u00f1o pasado, que es una deuda que est\u00e1 sin documentar y que a\u00fan el funcionario no le pag\u00f3. O sea que entre lo que pag\u00f3 y lo que tiene que pagar, el total de la operaci\u00f3n por la venta del departamento de Caballito es de <strong>295 mil d\u00f3lares.<\/strong><\/p>\n<p><strong>Se trata de un valor m\u00e1s cercano al precio del mercado <\/strong>que indic\u00f3 la due\u00f1a de la inmobilaria que particip\u00f3 en la primera operaci\u00f3n, Natalia Rucci, quien dijo que la propiedad se pudo haber vendido en 345 mil d\u00f3lares. Rucci y su marido, Marcelo Trimarchi, estuvieron involucrados en la venta de la propiedad, que era del ex jugador de f\u00fatbol Hugo Morales, a Viegas y Sbabo, que se concret\u00f3 en mayo pasado. Este lunes declararon ante Pollicita.<\/p>\n<div class=\"subscription\">\n<p>\n        Esto no les gusta a los autoritarios\n    <\/p>\n<div class=\"subscription__container\">\n<div class=\"subscription__text-wrapper\">\n<p>\n                El ejercicio del periodismo profesional y cr\u00edtico es un pilar fundamental de la democracia. Por eso molesta a quienes creen ser los due\u00f1os de la verdad.\n            <\/p>\n<\/p><\/div><\/div>\n<\/div>\n<p>Feijoo dijo que Viegas y Sbabo se dedicaban a comprar departamentos, remodelarlos y venderlos.<\/p>\n<p>Los 65 mil d\u00f3lares que adeuda Adorni a Feijoo <strong>se pagar\u00edan con la venta del departamento de la calle Asamblea,<\/strong> que Adorni y su esposa hab\u00edan comprado antes de que llegue a la funci\u00f3n p\u00fablica con un cr\u00e9dito del Instituto de la Vivienda de la Ciudad. La desarrolladora inmobiliaria de Feijoo, en la que es socio de Leandor Miano, tiene en venta dicha porpiedad, en la zona de Parque Chacabuco.<\/p>\n<p>De la declaraci\u00f3n del portero del edificio de la calle Miro al 500, donde vive Adorni, el dato saliente, siempre de acuerdo a las fuentes ligadas a la causa, es que <strong>el funcionario compr\u00f3 una serie de electrodom\u00e9sticos y los pag\u00f3 todos en efectivo.<\/strong><\/p>\n<p>Feijoo, que es socio de Leandro Miano en la <strong>empresa desarrolladora TJS Group<\/strong> y en la <strong>constructora Avda SRL, <\/strong>se present\u00f3 ante el fiscal Gerardo Pollicita que tiene delegada la causa. Se retir\u00f3 cerca de las 12 por un ascensor pegado a la fiscal\u00eda y no hizo declaraciones a la prensa. De la testimonial particip\u00f3 el abogado de Adorni, Mat\u00edas Ledesma, que tampoco hizo declaraciones a los medios acreditados.<\/p>\n<p>La madre de Feijoo, <strong>Beatriz Viegas,<\/strong> es una de las jubiladas que le vendieron y financiaron la propiedad a Adorni, junto a <strong>Claudia Sbabo. <\/strong>El hijastro de Sbabo y socio de Feijoo, Leandro Miano, estaba citado a declarar para esta semana pero la audiencia se pospuso para el pr\u00f3ximo 6 de mayo.<\/p>\n<p>Ambas participaron de la operaci\u00f3n no solo como propietarias, sino adem\u00e1s como acreedoras de una hipoteca por <strong>200 mil d\u00f3lares, sin inter\u00e9s, con un plazo de devoluci\u00f3n de un a\u00f1o<\/strong> y en caso de incumplimiento el inmueble deber\u00eda restituirse, seg\u00fan el acuerdo.<\/p>\n<p class=\"destacadoNota\"><a target=\"_blank\" href=\"https:\/\/www.perfil.com\/noticias\/politica\/manuel-adorni-diezmo-misa-memes.phtml\">Manuel Adorni frente al diezmo y la velocidad meme argentina <\/a><\/p>\n<h2>El rastro de las refacciones en el Country Indio Cua<\/h2>\n<p>En la investigaci\u00f3n interviene el fiscal<strong> Gerardo Pollicita<\/strong>, quien busca identificar el origen de los fondos para las operaciones inmobiliarias realizadas por el funcionario. El expediente, que se tramita en el juzgado federal a cargo de <a target=\"_blank\" href=\"https:\/\/www.perfil.com\/noticias\/politica\/escuela-de-yoga-apartan-al-juez-lijo-de-la-causa-por-expresiones-ofensivas-a-victimas-de-trata.phtml\"><strong>Ariel Lijo<\/strong><\/a>, tendr\u00e1 varias audiencias en los pr\u00f3ximos d\u00edas. <\/p>\n<p>Otro inmueble que se suma a la investigaci\u00f3n es una casa en el <strong>Country Indio Cua<\/strong>, en la localidad de Exaltaci\u00f3n de la Cruz, en provincia de Buenos Aires, que se encuentra registrada a nombre de la esposa de Adorni, <strong>Bettina Angeletti<\/strong>. En la vivienda se realizaron mejoras con el contratista <strong>Mat\u00edas Tabar<\/strong>, de la firma Grupo AA, quien estaba citado para declarar el viernes 24 de abril <strong>pero se posterg\u00f3 para la semana pr\u00f3xima.<\/strong><\/p>\n<p>Para este mi\u00e9rcoles tambi\u00e9n est\u00e1 previsto que declare el ex due\u00f1o de la casa del country, <strong>Juan Ernesto Cosentino,<\/strong> citado por Pollicita.<\/p>\n<p class=\"destacadoNota\"><a target=\"_blank\" href=\"https:\/\/www.perfil.com\/noticias\/politica\/victoria-villarruel-destrozo-a-manuel-adorni-diego-santilli-y-martin-menem-lo-peor-de-la-casta.phtml\">Victoria Villarruel destroz\u00f3 a Manuel Adorni, Diego Santilli y Mart\u00edn Menem: \u00abLo peor de la casta\u00bb<\/a><\/p>\n<h2>La trazabilidad inmobiliaria, en el foco de la fiscal\u00eda <\/h2>\n<p>En el marco de la investigaci\u00f3n por el patrimonio del funcionario, la fiscal\u00eda ha intensificado las medidas para reconstruir la <strong>trazabilidad<\/strong> de sus operaciones inmobiliarias, con el departamento de la calle Mir\u00f3 como eje central. <\/p>\n<p>Durante una extensa declaraci\u00f3n del lunes pasado, la corredora <strong>Natalia Rucci<\/strong> \u2014quien intervino en la venta del inmueble junto a su esposo,<strong> Marcelo Trimarchi<\/strong>\u2014 se\u00f1al\u00f3 una marcada discrepancia en los valores de la propiedad: mientras que por su experiencia el precio de mercado deber\u00eda haber sido de<strong> 345 mil d\u00f3lares<\/strong>, la unidad, que inicialmente se ofert\u00f3 a <strong>375 <\/strong>mil, termin\u00f3 vendi\u00e9ndose por apenas<strong> 230 mil d\u00f3lares <\/strong>tras sucesivas bajas.  <\/p>\n<p>Esta diferencia de m\u00e1s de<strong> 100 mil d\u00f3lares <\/strong>resulta clave para los investigadores, quienes buscan determinar si la maniobra respondi\u00f3 a una l\u00f3gica de mercado o si form\u00f3 parte de un esquema de ocultamiento patrimonial. <\/p>\n<p>LT<\/p>\n<\/p><\/div>\n<p><script>\n                !function(f,b,e,v,n,t,s)\n                {if(f.fbq)return;n=f.fbq=function(){n.callMethod?\n                    n.callMethod.apply(n,arguments):n.queue.push(arguments)};\n                    if(!f._fbq)f._fbq=n;n.push=n;n.loaded=!0;n.version='2.0';\n                    n.queue=[];t=b.createElement(e);t.async=!0;\n                    t.src=v;s=b.getElementsByTagName(e)[0];\n                    s.parentNode.insertBefore(t,s)}(window, document,'script',\n                    'https:\/\/connect.facebook.net\/en_US\/fbevents.js');\n                window.paywallConfig.facebook_pixel=\"1000228364089342\"\n            <\/script><\/p>\n","protected":false},"excerpt":{"rendered":"<p>La causa que investiga al jefe de Gabinete, Manuel Adorni, por presunto enriquecimiento il\u00edcito por la adquisici\u00f3n de distinta propiedades desde que lleg\u00f3 a la funci\u00f3n p\u00fablica, suma un nuevo cap\u00edtulo este mi\u00e9rcoles con la declaraci\u00f3n ante la fiscal\u00eda de Pablo Mart\u00edn Feijoo, amigo del jefe de Gabinete, quien organiz\u00f3 la compraventa del departamento de [&hellip;]<\/p>\n","protected":false},"author":2,"featured_media":192558,"comment_status":"closed","ping_status":"closed","sticky":false,"template":"","format":"standard","meta":{"footnotes":""},"categories":[25],"tags":[],"class_list":["post-192557","post","type-post","status-publish","format-standard","has-post-thumbnail","hentry","category-nacionales"],"yoast_head":"<!-- This site is optimized with the Yoast SEO plugin v24.4 - https:\/\/yoast.com\/wordpress\/plugins\/seo\/ -->\n<title>Adorni, flojo de papeles: le debe 65 mil d\u00f3lares a Feijoo y la deuda no est\u00e1 documentada - GYS NOTICIAS |<\/title>\n<meta name=\"robots\" content=\"index, follow, max-snippet:-1, max-image-preview:large, max-video-preview:-1\" \/>\n<link rel=\"canonical\" href=\"https:\/\/gysfm.com.ar\/inicio\/adorni-flojo-de-papeles-le-debe-65-mil-dolares-a-feijoo-y-la-deuda-no-esta-documentada\/\" \/>\n<meta property=\"og:locale\" content=\"es_ES\" \/>\n<meta property=\"og:type\" content=\"article\" \/>\n<meta property=\"og:title\" content=\"Adorni, flojo de papeles: le debe 65 mil d\u00f3lares a Feijoo y la deuda no est\u00e1 documentada - GYS NOTICIAS |\" \/>\n<meta property=\"og:description\" content=\"La causa que investiga al jefe de Gabinete, Manuel Adorni, por presunto enriquecimiento il\u00edcito por la adquisici\u00f3n de distinta propiedades desde que lleg\u00f3 a la funci\u00f3n p\u00fablica, suma un nuevo cap\u00edtulo este mi\u00e9rcoles con la declaraci\u00f3n ante la fiscal\u00eda de Pablo Mart\u00edn Feijoo, amigo del jefe de Gabinete, quien organiz\u00f3 la compraventa del departamento de [&hellip;]\" \/>\n<meta property=\"og:url\" content=\"https:\/\/gysfm.com.ar\/inicio\/adorni-flojo-de-papeles-le-debe-65-mil-dolares-a-feijoo-y-la-deuda-no-esta-documentada\/\" \/>\n<meta property=\"og:site_name\" content=\"GYS NOTICIAS |\" \/>\n<meta property=\"article:published_time\" content=\"2026-04-23T18:49:05+00:00\" \/>\n<meta name=\"author\" content=\"Prensa G&amp;S FM\" \/>\n<meta name=\"twitter:card\" content=\"summary_large_image\" \/>\n<meta name=\"twitter:label1\" content=\"Escrito por\" \/>\n\t<meta name=\"twitter:data1\" content=\"Prensa G&amp;S FM\" \/>\n\t<meta name=\"twitter:label2\" content=\"Tiempo de lectura\" \/>\n\t<meta name=\"twitter:data2\" content=\"5 minutos\" \/>\n<script type=\"application\/ld+json\" class=\"yoast-schema-graph\">{\"@context\":\"https:\/\/schema.org\",\"@graph\":[{\"@type\":\"Article\",\"@id\":\"https:\/\/gysfm.com.ar\/inicio\/adorni-flojo-de-papeles-le-debe-65-mil-dolares-a-feijoo-y-la-deuda-no-esta-documentada\/#article\",\"isPartOf\":{\"@id\":\"https:\/\/gysfm.com.ar\/inicio\/adorni-flojo-de-papeles-le-debe-65-mil-dolares-a-feijoo-y-la-deuda-no-esta-documentada\/\"},\"author\":{\"name\":\"Prensa G&amp;S FM\",\"@id\":\"https:\/\/gysfm.com.ar\/inicio\/#\/schema\/person\/3abba7593ef2ad19e1be221d54383dc5\"},\"headline\":\"Adorni, flojo de papeles: le debe 65 mil d\u00f3lares a Feijoo y la deuda no est\u00e1 documentada\",\"datePublished\":\"2026-04-23T18:49:05+00:00\",\"mainEntityOfPage\":{\"@id\":\"https:\/\/gysfm.com.ar\/inicio\/adorni-flojo-de-papeles-le-debe-65-mil-dolares-a-feijoo-y-la-deuda-no-esta-documentada\/\"},\"wordCount\":1014,\"publisher\":{\"@id\":\"https:\/\/gysfm.com.ar\/inicio\/#organization\"},\"image\":{\"@id\":\"https:\/\/gysfm.com.ar\/inicio\/adorni-flojo-de-papeles-le-debe-65-mil-dolares-a-feijoo-y-la-deuda-no-esta-documentada\/#primaryimage\"},\"thumbnailUrl\":\"https:\/\/gysfm.com.ar\/inicio\/wp-content\/uploads\/2026\/04\/manuel-adorni-2222848.jpg\",\"articleSection\":[\"NACIONALES\"],\"inLanguage\":\"es\"},{\"@type\":\"WebPage\",\"@id\":\"https:\/\/gysfm.com.ar\/inicio\/adorni-flojo-de-papeles-le-debe-65-mil-dolares-a-feijoo-y-la-deuda-no-esta-documentada\/\",\"url\":\"https:\/\/gysfm.com.ar\/inicio\/adorni-flojo-de-papeles-le-debe-65-mil-dolares-a-feijoo-y-la-deuda-no-esta-documentada\/\",\"name\":\"Adorni, flojo de papeles: le debe 65 mil d\u00f3lares a Feijoo y la deuda no est\u00e1 documentada - GYS NOTICIAS |\",\"isPartOf\":{\"@id\":\"https:\/\/gysfm.com.ar\/inicio\/#website\"},\"primaryImageOfPage\":{\"@id\":\"https:\/\/gysfm.com.ar\/inicio\/adorni-flojo-de-papeles-le-debe-65-mil-dolares-a-feijoo-y-la-deuda-no-esta-documentada\/#primaryimage\"},\"image\":{\"@id\":\"https:\/\/gysfm.com.ar\/inicio\/adorni-flojo-de-papeles-le-debe-65-mil-dolares-a-feijoo-y-la-deuda-no-esta-documentada\/#primaryimage\"},\"thumbnailUrl\":\"https:\/\/gysfm.com.ar\/inicio\/wp-content\/uploads\/2026\/04\/manuel-adorni-2222848.jpg\",\"datePublished\":\"2026-04-23T18:49:05+00:00\",\"breadcrumb\":{\"@id\":\"https:\/\/gysfm.com.ar\/inicio\/adorni-flojo-de-papeles-le-debe-65-mil-dolares-a-feijoo-y-la-deuda-no-esta-documentada\/#breadcrumb\"},\"inLanguage\":\"es\",\"potentialAction\":[{\"@type\":\"ReadAction\",\"target\":[\"https:\/\/gysfm.com.ar\/inicio\/adorni-flojo-de-papeles-le-debe-65-mil-dolares-a-feijoo-y-la-deuda-no-esta-documentada\/\"]}]},{\"@type\":\"ImageObject\",\"inLanguage\":\"es\",\"@id\":\"https:\/\/gysfm.com.ar\/inicio\/adorni-flojo-de-papeles-le-debe-65-mil-dolares-a-feijoo-y-la-deuda-no-esta-documentada\/#primaryimage\",\"url\":\"https:\/\/gysfm.com.ar\/inicio\/wp-content\/uploads\/2026\/04\/manuel-adorni-2222848.jpg\",\"contentUrl\":\"https:\/\/gysfm.com.ar\/inicio\/wp-content\/uploads\/2026\/04\/manuel-adorni-2222848.jpg\",\"width\":1140,\"height\":641},{\"@type\":\"BreadcrumbList\",\"@id\":\"https:\/\/gysfm.com.ar\/inicio\/adorni-flojo-de-papeles-le-debe-65-mil-dolares-a-feijoo-y-la-deuda-no-esta-documentada\/#breadcrumb\",\"itemListElement\":[{\"@type\":\"ListItem\",\"position\":1,\"name\":\"Portada\",\"item\":\"https:\/\/gysfm.com.ar\/inicio\/\"},{\"@type\":\"ListItem\",\"position\":2,\"name\":\"Adorni, flojo de papeles: le debe 65 mil d\u00f3lares a Feijoo y la deuda no est\u00e1 documentada\"}]},{\"@type\":\"WebSite\",\"@id\":\"https:\/\/gysfm.com.ar\/inicio\/#website\",\"url\":\"https:\/\/gysfm.com.ar\/inicio\/\",\"name\":\"GYS NOTICIAS |\",\"description\":\"DIARIO - RADIO ONLINE SAN JUAN ARGENTINA\",\"publisher\":{\"@id\":\"https:\/\/gysfm.com.ar\/inicio\/#organization\"},\"potentialAction\":[{\"@type\":\"SearchAction\",\"target\":{\"@type\":\"EntryPoint\",\"urlTemplate\":\"https:\/\/gysfm.com.ar\/inicio\/?s={search_term_string}\"},\"query-input\":{\"@type\":\"PropertyValueSpecification\",\"valueRequired\":true,\"valueName\":\"search_term_string\"}}],\"inLanguage\":\"es\"},{\"@type\":\"Organization\",\"@id\":\"https:\/\/gysfm.com.ar\/inicio\/#organization\",\"name\":\"GYS NOTICIAS |\",\"url\":\"https:\/\/gysfm.com.ar\/inicio\/\",\"logo\":{\"@type\":\"ImageObject\",\"inLanguage\":\"es\",\"@id\":\"https:\/\/gysfm.com.ar\/inicio\/#\/schema\/logo\/image\/\",\"url\":\"https:\/\/gysfm.com.ar\/inicio\/wp-content\/uploads\/2023\/07\/LOGOGYS-OK.png\",\"contentUrl\":\"https:\/\/gysfm.com.ar\/inicio\/wp-content\/uploads\/2023\/07\/LOGOGYS-OK.png\",\"width\":1170,\"height\":872,\"caption\":\"GYS NOTICIAS |\"},\"image\":{\"@id\":\"https:\/\/gysfm.com.ar\/inicio\/#\/schema\/logo\/image\/\"}},{\"@type\":\"Person\",\"@id\":\"https:\/\/gysfm.com.ar\/inicio\/#\/schema\/person\/3abba7593ef2ad19e1be221d54383dc5\",\"name\":\"Prensa G&amp;S FM\",\"image\":{\"@type\":\"ImageObject\",\"inLanguage\":\"es\",\"@id\":\"https:\/\/gysfm.com.ar\/inicio\/#\/schema\/person\/image\/\",\"url\":\"https:\/\/secure.gravatar.com\/avatar\/096ec78df02049ab018702bb4ccedf659377fa92a26540b5247612077a0dbd29?s=96&d=mm&r=g\",\"contentUrl\":\"https:\/\/secure.gravatar.com\/avatar\/096ec78df02049ab018702bb4ccedf659377fa92a26540b5247612077a0dbd29?s=96&d=mm&r=g\",\"caption\":\"Prensa G&amp;S FM\"},\"sameAs\":[\"https:\/\/gysfm.com.ar\/\"],\"url\":\"https:\/\/gysfm.com.ar\/inicio\/author\/lucasm\/\"}]}<\/script>\n<!-- \/ Yoast SEO plugin. -->","yoast_head_json":{"title":"Adorni, flojo de papeles: le debe 65 mil d\u00f3lares a Feijoo y la deuda no est\u00e1 documentada - GYS NOTICIAS |","robots":{"index":"index","follow":"follow","max-snippet":"max-snippet:-1","max-image-preview":"max-image-preview:large","max-video-preview":"max-video-preview:-1"},"canonical":"https:\/\/gysfm.com.ar\/inicio\/adorni-flojo-de-papeles-le-debe-65-mil-dolares-a-feijoo-y-la-deuda-no-esta-documentada\/","og_locale":"es_ES","og_type":"article","og_title":"Adorni, flojo de papeles: le debe 65 mil d\u00f3lares a Feijoo y la deuda no est\u00e1 documentada - GYS NOTICIAS |","og_description":"La causa que investiga al jefe de Gabinete, Manuel Adorni, por presunto enriquecimiento il\u00edcito por la adquisici\u00f3n de distinta propiedades desde que lleg\u00f3 a la funci\u00f3n p\u00fablica, suma un nuevo cap\u00edtulo este mi\u00e9rcoles con la declaraci\u00f3n ante la fiscal\u00eda de Pablo Mart\u00edn Feijoo, amigo del jefe de Gabinete, quien organiz\u00f3 la compraventa del departamento de [&hellip;]","og_url":"https:\/\/gysfm.com.ar\/inicio\/adorni-flojo-de-papeles-le-debe-65-mil-dolares-a-feijoo-y-la-deuda-no-esta-documentada\/","og_site_name":"GYS NOTICIAS |","article_published_time":"2026-04-23T18:49:05+00:00","author":"Prensa G&amp;S FM","twitter_card":"summary_large_image","twitter_misc":{"Escrito por":"Prensa G&amp;S FM","Tiempo de lectura":"5 minutos"},"schema":{"@context":"https:\/\/schema.org","@graph":[{"@type":"Article","@id":"https:\/\/gysfm.com.ar\/inicio\/adorni-flojo-de-papeles-le-debe-65-mil-dolares-a-feijoo-y-la-deuda-no-esta-documentada\/#article","isPartOf":{"@id":"https:\/\/gysfm.com.ar\/inicio\/adorni-flojo-de-papeles-le-debe-65-mil-dolares-a-feijoo-y-la-deuda-no-esta-documentada\/"},"author":{"name":"Prensa G&amp;S FM","@id":"https:\/\/gysfm.com.ar\/inicio\/#\/schema\/person\/3abba7593ef2ad19e1be221d54383dc5"},"headline":"Adorni, flojo de papeles: le debe 65 mil d\u00f3lares a Feijoo y la deuda no est\u00e1 documentada","datePublished":"2026-04-23T18:49:05+00:00","mainEntityOfPage":{"@id":"https:\/\/gysfm.com.ar\/inicio\/adorni-flojo-de-papeles-le-debe-65-mil-dolares-a-feijoo-y-la-deuda-no-esta-documentada\/"},"wordCount":1014,"publisher":{"@id":"https:\/\/gysfm.com.ar\/inicio\/#organization"},"image":{"@id":"https:\/\/gysfm.com.ar\/inicio\/adorni-flojo-de-papeles-le-debe-65-mil-dolares-a-feijoo-y-la-deuda-no-esta-documentada\/#primaryimage"},"thumbnailUrl":"https:\/\/gysfm.com.ar\/inicio\/wp-content\/uploads\/2026\/04\/manuel-adorni-2222848.jpg","articleSection":["NACIONALES"],"inLanguage":"es"},{"@type":"WebPage","@id":"https:\/\/gysfm.com.ar\/inicio\/adorni-flojo-de-papeles-le-debe-65-mil-dolares-a-feijoo-y-la-deuda-no-esta-documentada\/","url":"https:\/\/gysfm.com.ar\/inicio\/adorni-flojo-de-papeles-le-debe-65-mil-dolares-a-feijoo-y-la-deuda-no-esta-documentada\/","name":"Adorni, flojo de papeles: le debe 65 mil d\u00f3lares a Feijoo y la deuda no est\u00e1 documentada - GYS NOTICIAS |","isPartOf":{"@id":"https:\/\/gysfm.com.ar\/inicio\/#website"},"primaryImageOfPage":{"@id":"https:\/\/gysfm.com.ar\/inicio\/adorni-flojo-de-papeles-le-debe-65-mil-dolares-a-feijoo-y-la-deuda-no-esta-documentada\/#primaryimage"},"image":{"@id":"https:\/\/gysfm.com.ar\/inicio\/adorni-flojo-de-papeles-le-debe-65-mil-dolares-a-feijoo-y-la-deuda-no-esta-documentada\/#primaryimage"},"thumbnailUrl":"https:\/\/gysfm.com.ar\/inicio\/wp-content\/uploads\/2026\/04\/manuel-adorni-2222848.jpg","datePublished":"2026-04-23T18:49:05+00:00","breadcrumb":{"@id":"https:\/\/gysfm.com.ar\/inicio\/adorni-flojo-de-papeles-le-debe-65-mil-dolares-a-feijoo-y-la-deuda-no-esta-documentada\/#breadcrumb"},"inLanguage":"es","potentialAction":[{"@type":"ReadAction","target":["https:\/\/gysfm.com.ar\/inicio\/adorni-flojo-de-papeles-le-debe-65-mil-dolares-a-feijoo-y-la-deuda-no-esta-documentada\/"]}]},{"@type":"ImageObject","inLanguage":"es","@id":"https:\/\/gysfm.com.ar\/inicio\/adorni-flojo-de-papeles-le-debe-65-mil-dolares-a-feijoo-y-la-deuda-no-esta-documentada\/#primaryimage","url":"https:\/\/gysfm.com.ar\/inicio\/wp-content\/uploads\/2026\/04\/manuel-adorni-2222848.jpg","contentUrl":"https:\/\/gysfm.com.ar\/inicio\/wp-content\/uploads\/2026\/04\/manuel-adorni-2222848.jpg","width":1140,"height":641},{"@type":"BreadcrumbList","@id":"https:\/\/gysfm.com.ar\/inicio\/adorni-flojo-de-papeles-le-debe-65-mil-dolares-a-feijoo-y-la-deuda-no-esta-documentada\/#breadcrumb","itemListElement":[{"@type":"ListItem","position":1,"name":"Portada","item":"https:\/\/gysfm.com.ar\/inicio\/"},{"@type":"ListItem","position":2,"name":"Adorni, flojo de papeles: le debe 65 mil d\u00f3lares a Feijoo y la deuda no est\u00e1 documentada"}]},{"@type":"WebSite","@id":"https:\/\/gysfm.com.ar\/inicio\/#website","url":"https:\/\/gysfm.com.ar\/inicio\/","name":"GYS NOTICIAS |","description":"DIARIO - RADIO ONLINE SAN JUAN ARGENTINA","publisher":{"@id":"https:\/\/gysfm.com.ar\/inicio\/#organization"},"potentialAction":[{"@type":"SearchAction","target":{"@type":"EntryPoint","urlTemplate":"https:\/\/gysfm.com.ar\/inicio\/?s={search_term_string}"},"query-input":{"@type":"PropertyValueSpecification","valueRequired":true,"valueName":"search_term_string"}}],"inLanguage":"es"},{"@type":"Organization","@id":"https:\/\/gysfm.com.ar\/inicio\/#organization","name":"GYS NOTICIAS |","url":"https:\/\/gysfm.com.ar\/inicio\/","logo":{"@type":"ImageObject","inLanguage":"es","@id":"https:\/\/gysfm.com.ar\/inicio\/#\/schema\/logo\/image\/","url":"https:\/\/gysfm.com.ar\/inicio\/wp-content\/uploads\/2023\/07\/LOGOGYS-OK.png","contentUrl":"https:\/\/gysfm.com.ar\/inicio\/wp-content\/uploads\/2023\/07\/LOGOGYS-OK.png","width":1170,"height":872,"caption":"GYS NOTICIAS |"},"image":{"@id":"https:\/\/gysfm.com.ar\/inicio\/#\/schema\/logo\/image\/"}},{"@type":"Person","@id":"https:\/\/gysfm.com.ar\/inicio\/#\/schema\/person\/3abba7593ef2ad19e1be221d54383dc5","name":"Prensa G&amp;S FM","image":{"@type":"ImageObject","inLanguage":"es","@id":"https:\/\/gysfm.com.ar\/inicio\/#\/schema\/person\/image\/","url":"https:\/\/secure.gravatar.com\/avatar\/096ec78df02049ab018702bb4ccedf659377fa92a26540b5247612077a0dbd29?s=96&d=mm&r=g","contentUrl":"https:\/\/secure.gravatar.com\/avatar\/096ec78df02049ab018702bb4ccedf659377fa92a26540b5247612077a0dbd29?s=96&d=mm&r=g","caption":"Prensa G&amp;S FM"},"sameAs":["https:\/\/gysfm.com.ar\/"],"url":"https:\/\/gysfm.com.ar\/inicio\/author\/lucasm\/"}]}},"_links":{"self":[{"href":"https:\/\/gysfm.com.ar\/inicio\/wp-json\/wp\/v2\/posts\/192557","targetHints":{"allow":["GET"]}}],"collection":[{"href":"https:\/\/gysfm.com.ar\/inicio\/wp-json\/wp\/v2\/posts"}],"about":[{"href":"https:\/\/gysfm.com.ar\/inicio\/wp-json\/wp\/v2\/types\/post"}],"author":[{"embeddable":true,"href":"https:\/\/gysfm.com.ar\/inicio\/wp-json\/wp\/v2\/users\/2"}],"replies":[{"embeddable":true,"href":"https:\/\/gysfm.com.ar\/inicio\/wp-json\/wp\/v2\/comments?post=192557"}],"version-history":[{"count":0,"href":"https:\/\/gysfm.com.ar\/inicio\/wp-json\/wp\/v2\/posts\/192557\/revisions"}],"wp:featuredmedia":[{"embeddable":true,"href":"https:\/\/gysfm.com.ar\/inicio\/wp-json\/wp\/v2\/media\/192558"}],"wp:attachment":[{"href":"https:\/\/gysfm.com.ar\/inicio\/wp-json\/wp\/v2\/media?parent=192557"}],"wp:term":[{"taxonomy":"category","embeddable":true,"href":"https:\/\/gysfm.com.ar\/inicio\/wp-json\/wp\/v2\/categories?post=192557"},{"taxonomy":"post_tag","embeddable":true,"href":"https:\/\/gysfm.com.ar\/inicio\/wp-json\/wp\/v2\/tags?post=192557"}],"curies":[{"name":"wp","href":"https:\/\/api.w.org\/{rel}","templated":true}]}}