{"id":192545,"date":"2026-04-23T14:47:20","date_gmt":"2026-04-23T17:47:20","guid":{"rendered":"https:\/\/gysfm.com.ar\/inicio\/operaron-a-charly-garcia-que-se-sabe-sobre-su-estado-de-salud-tras-la-intervencion\/"},"modified":"2026-04-23T14:47:20","modified_gmt":"2026-04-23T17:47:20","slug":"operaron-a-charly-garcia-que-se-sabe-sobre-su-estado-de-salud-tras-la-intervencion","status":"publish","type":"post","link":"https:\/\/gysfm.com.ar\/inicio\/operaron-a-charly-garcia-que-se-sabe-sobre-su-estado-de-salud-tras-la-intervencion\/","title":{"rendered":"Operaron a Charly Garc\u00eda: qu\u00e9 se sabe sobre su estado de salud tras la intervenci\u00f3n"},"content":{"rendered":"<p><\/p>\n<div id=\"article-content\">\n<p>El hist\u00f3rico m\u00fasico <a target=\"_blank\" href=\"https:\/\/www.perfil.com\/noticias\/protagonistas\/charly-garcia-aparecio-en-el-festival-medio-y-medio-para-ver-a-leon-gieco.phtml\"><strong>Charly Garc\u00eda<\/strong><\/a> fue <strong>operado<\/strong> este mi\u00e9rcoles y <strong>contin\u00faa internado<\/strong> en una cl\u00ednica de la <strong>Ciudad de Buenos Aires<\/strong>. Su entorno familiar llevaron tranquilidad sobre su estado de salud. <\/p>\n<p>El artista fue sometido a una <strong>nefrectom\u00eda parcial<\/strong>, una intervenci\u00f3n quir\u00fargica en la que se <strong>extirpa una parte del ri\u00f1\u00f3n<\/strong>, en el Instituto Argentino de Diagn\u00f3stico y Tratamiento (IADT). <\/p>\n<p class=\"destacadoNota\"><a target=\"_blank\" href=\"https:\/\/www.perfil.com\/noticias\/sociedad\/franco-colapinto-vuelve-a-revolucionar-buenos-aires-horarios-cortes-y-como-convivira-el-road-show-con-la-feria-del-libro.phtml\">Franco Colapinto vuelve a revolucionar Buenos Aires: horarios, cortes y c\u00f3mo convivir\u00e1 el Road Show con la Feria del Libro<\/a><\/p>\n<div class=\"subscription\">\n<p>\n        Esto no les gusta a los autoritarios\n    <\/p>\n<div class=\"subscription__container\">\n<div class=\"subscription__text-wrapper\">\n<p>\n                El ejercicio del periodismo profesional y cr\u00edtico es un pilar fundamental de la democracia. Por eso molesta a quienes creen ser los due\u00f1os de la verdad.\n            <\/p>\n<\/p><\/div><\/div>\n<\/div>\n<p>Su representante inform\u00f3 que la <strong>operaci\u00f3n estaba programada previamente<\/strong> y no se trat\u00f3 de una urgencia m\u00e9dica. Tras la intervenci\u00f3n, allegados al m\u00fasico aseguraron que el procedimiento <strong>\u00absali\u00f3 de todo bien\u00bb<\/strong>.  <\/p>\n<p>Luego de la cirug\u00eda, el referente del rock nacional qued\u00f3 internado en una habitaci\u00f3n com\u00fan. All\u00ed <strong>sigue adelante con el proceso de recuperaci\u00f3n<\/strong> y seguimiento m\u00e9dico. <\/p>\n<p class=\"destacadoNota\"><a target=\"_blank\" href=\"https:\/\/www.perfil.com\/noticias\/sociedad\/santiago-maratea-fue-inhabilitado-para-conducir-por-grabarse-con-el-celular-mientras-manejaba-sin-cinturon.phtml\">Santiago Maratea fue inhabilitado para conducir por grabarse con el celular mientras manejaba sin cintur\u00f3n<\/a><\/p>\n<p>El equipo m\u00e9dico mantiene un monitoreo constante sobre la evoluci\u00f3n del paciente. Al tratarse de una intervenci\u00f3n planificada, el protocolo de recuperaci\u00f3n cuenta con niveles elevados de previsibilidad<\/p>\n<p>La noticia gener\u00f3 preocupaci\u00f3n entre sus seguidores debido a los antecedentes de la salud del artista. En los \u00faltimos a\u00f1os atraves\u00f3 <strong>distintas internaciones y tratamientos m\u00e9dicos<\/strong>. <\/p>\n<\/p><\/div>\n<p><script>\n                !function(f,b,e,v,n,t,s)\n                {if(f.fbq)return;n=f.fbq=function(){n.callMethod?\n                    n.callMethod.apply(n,arguments):n.queue.push(arguments)};\n                    if(!f._fbq)f._fbq=n;n.push=n;n.loaded=!0;n.version='2.0';\n                    n.queue=[];t=b.createElement(e);t.async=!0;\n                    t.src=v;s=b.getElementsByTagName(e)[0];\n                    s.parentNode.insertBefore(t,s)}(window, document,'script',\n                    'https:\/\/connect.facebook.net\/en_US\/fbevents.js');\n                window.paywallConfig.facebook_pixel=\"1000228364089342\"\n            <\/script><\/p>\n","protected":false},"excerpt":{"rendered":"<p>El hist\u00f3rico m\u00fasico Charly Garc\u00eda fue operado este mi\u00e9rcoles y contin\u00faa internado en una cl\u00ednica de la Ciudad de Buenos Aires. Su entorno familiar llevaron tranquilidad sobre su estado de salud. El artista fue sometido a una nefrectom\u00eda parcial, una intervenci\u00f3n quir\u00fargica en la que se extirpa una parte del ri\u00f1\u00f3n, en el Instituto Argentino [&hellip;]<\/p>\n","protected":false},"author":2,"featured_media":192546,"comment_status":"closed","ping_status":"closed","sticky":false,"template":"","format":"standard","meta":{"footnotes":""},"categories":[25],"tags":[],"class_list":["post-192545","post","type-post","status-publish","format-standard","has-post-thumbnail","hentry","category-nacionales"],"yoast_head":"<!-- This site is optimized with the Yoast SEO plugin v24.4 - https:\/\/yoast.com\/wordpress\/plugins\/seo\/ -->\n<title>Operaron a Charly Garc\u00eda: qu\u00e9 se sabe sobre su estado de salud tras la intervenci\u00f3n - GYS NOTICIAS |<\/title>\n<meta name=\"robots\" content=\"index, follow, max-snippet:-1, max-image-preview:large, max-video-preview:-1\" \/>\n<link rel=\"canonical\" href=\"https:\/\/gysfm.com.ar\/inicio\/operaron-a-charly-garcia-que-se-sabe-sobre-su-estado-de-salud-tras-la-intervencion\/\" \/>\n<meta property=\"og:locale\" content=\"es_ES\" \/>\n<meta property=\"og:type\" content=\"article\" \/>\n<meta property=\"og:title\" content=\"Operaron a Charly Garc\u00eda: qu\u00e9 se sabe sobre su estado de salud tras la intervenci\u00f3n - GYS NOTICIAS |\" \/>\n<meta property=\"og:description\" content=\"El hist\u00f3rico m\u00fasico Charly Garc\u00eda fue operado este mi\u00e9rcoles y contin\u00faa internado en una cl\u00ednica de la Ciudad de Buenos Aires. Su entorno familiar llevaron tranquilidad sobre su estado de salud. El artista fue sometido a una nefrectom\u00eda parcial, una intervenci\u00f3n quir\u00fargica en la que se extirpa una parte del ri\u00f1\u00f3n, en el Instituto Argentino [&hellip;]\" \/>\n<meta property=\"og:url\" content=\"https:\/\/gysfm.com.ar\/inicio\/operaron-a-charly-garcia-que-se-sabe-sobre-su-estado-de-salud-tras-la-intervencion\/\" \/>\n<meta property=\"og:site_name\" content=\"GYS NOTICIAS |\" \/>\n<meta property=\"article:published_time\" content=\"2026-04-23T17:47:20+00:00\" \/>\n<meta name=\"author\" content=\"Prensa G&amp;S FM\" \/>\n<meta name=\"twitter:card\" content=\"summary_large_image\" \/>\n<meta name=\"twitter:label1\" content=\"Escrito por\" \/>\n\t<meta name=\"twitter:data1\" content=\"Prensa G&amp;S FM\" \/>\n\t<meta name=\"twitter:label2\" content=\"Tiempo de lectura\" \/>\n\t<meta name=\"twitter:data2\" content=\"1 minuto\" \/>\n<script type=\"application\/ld+json\" class=\"yoast-schema-graph\">{\"@context\":\"https:\/\/schema.org\",\"@graph\":[{\"@type\":\"Article\",\"@id\":\"https:\/\/gysfm.com.ar\/inicio\/operaron-a-charly-garcia-que-se-sabe-sobre-su-estado-de-salud-tras-la-intervencion\/#article\",\"isPartOf\":{\"@id\":\"https:\/\/gysfm.com.ar\/inicio\/operaron-a-charly-garcia-que-se-sabe-sobre-su-estado-de-salud-tras-la-intervencion\/\"},\"author\":{\"name\":\"Prensa G&amp;S FM\",\"@id\":\"https:\/\/gysfm.com.ar\/inicio\/#\/schema\/person\/3abba7593ef2ad19e1be221d54383dc5\"},\"headline\":\"Operaron a Charly Garc\u00eda: qu\u00e9 se sabe sobre su estado de salud tras la intervenci\u00f3n\",\"datePublished\":\"2026-04-23T17:47:20+00:00\",\"mainEntityOfPage\":{\"@id\":\"https:\/\/gysfm.com.ar\/inicio\/operaron-a-charly-garcia-que-se-sabe-sobre-su-estado-de-salud-tras-la-intervencion\/\"},\"wordCount\":287,\"publisher\":{\"@id\":\"https:\/\/gysfm.com.ar\/inicio\/#organization\"},\"image\":{\"@id\":\"https:\/\/gysfm.com.ar\/inicio\/operaron-a-charly-garcia-que-se-sabe-sobre-su-estado-de-salud-tras-la-intervencion\/#primaryimage\"},\"thumbnailUrl\":\"https:\/\/gysfm.com.ar\/inicio\/wp-content\/uploads\/2026\/04\/charly-garcia-2175254.jpg\",\"articleSection\":[\"NACIONALES\"],\"inLanguage\":\"es\"},{\"@type\":\"WebPage\",\"@id\":\"https:\/\/gysfm.com.ar\/inicio\/operaron-a-charly-garcia-que-se-sabe-sobre-su-estado-de-salud-tras-la-intervencion\/\",\"url\":\"https:\/\/gysfm.com.ar\/inicio\/operaron-a-charly-garcia-que-se-sabe-sobre-su-estado-de-salud-tras-la-intervencion\/\",\"name\":\"Operaron a Charly Garc\u00eda: qu\u00e9 se sabe sobre su estado de salud tras la intervenci\u00f3n - GYS NOTICIAS |\",\"isPartOf\":{\"@id\":\"https:\/\/gysfm.com.ar\/inicio\/#website\"},\"primaryImageOfPage\":{\"@id\":\"https:\/\/gysfm.com.ar\/inicio\/operaron-a-charly-garcia-que-se-sabe-sobre-su-estado-de-salud-tras-la-intervencion\/#primaryimage\"},\"image\":{\"@id\":\"https:\/\/gysfm.com.ar\/inicio\/operaron-a-charly-garcia-que-se-sabe-sobre-su-estado-de-salud-tras-la-intervencion\/#primaryimage\"},\"thumbnailUrl\":\"https:\/\/gysfm.com.ar\/inicio\/wp-content\/uploads\/2026\/04\/charly-garcia-2175254.jpg\",\"datePublished\":\"2026-04-23T17:47:20+00:00\",\"breadcrumb\":{\"@id\":\"https:\/\/gysfm.com.ar\/inicio\/operaron-a-charly-garcia-que-se-sabe-sobre-su-estado-de-salud-tras-la-intervencion\/#breadcrumb\"},\"inLanguage\":\"es\",\"potentialAction\":[{\"@type\":\"ReadAction\",\"target\":[\"https:\/\/gysfm.com.ar\/inicio\/operaron-a-charly-garcia-que-se-sabe-sobre-su-estado-de-salud-tras-la-intervencion\/\"]}]},{\"@type\":\"ImageObject\",\"inLanguage\":\"es\",\"@id\":\"https:\/\/gysfm.com.ar\/inicio\/operaron-a-charly-garcia-que-se-sabe-sobre-su-estado-de-salud-tras-la-intervencion\/#primaryimage\",\"url\":\"https:\/\/gysfm.com.ar\/inicio\/wp-content\/uploads\/2026\/04\/charly-garcia-2175254.jpg\",\"contentUrl\":\"https:\/\/gysfm.com.ar\/inicio\/wp-content\/uploads\/2026\/04\/charly-garcia-2175254.jpg\",\"width\":1140,\"height\":641},{\"@type\":\"BreadcrumbList\",\"@id\":\"https:\/\/gysfm.com.ar\/inicio\/operaron-a-charly-garcia-que-se-sabe-sobre-su-estado-de-salud-tras-la-intervencion\/#breadcrumb\",\"itemListElement\":[{\"@type\":\"ListItem\",\"position\":1,\"name\":\"Portada\",\"item\":\"https:\/\/gysfm.com.ar\/inicio\/\"},{\"@type\":\"ListItem\",\"position\":2,\"name\":\"Operaron a Charly Garc\u00eda: qu\u00e9 se sabe sobre su estado de salud tras la intervenci\u00f3n\"}]},{\"@type\":\"WebSite\",\"@id\":\"https:\/\/gysfm.com.ar\/inicio\/#website\",\"url\":\"https:\/\/gysfm.com.ar\/inicio\/\",\"name\":\"GYS NOTICIAS |\",\"description\":\"DIARIO - RADIO ONLINE SAN JUAN ARGENTINA\",\"publisher\":{\"@id\":\"https:\/\/gysfm.com.ar\/inicio\/#organization\"},\"potentialAction\":[{\"@type\":\"SearchAction\",\"target\":{\"@type\":\"EntryPoint\",\"urlTemplate\":\"https:\/\/gysfm.com.ar\/inicio\/?s={search_term_string}\"},\"query-input\":{\"@type\":\"PropertyValueSpecification\",\"valueRequired\":true,\"valueName\":\"search_term_string\"}}],\"inLanguage\":\"es\"},{\"@type\":\"Organization\",\"@id\":\"https:\/\/gysfm.com.ar\/inicio\/#organization\",\"name\":\"GYS NOTICIAS |\",\"url\":\"https:\/\/gysfm.com.ar\/inicio\/\",\"logo\":{\"@type\":\"ImageObject\",\"inLanguage\":\"es\",\"@id\":\"https:\/\/gysfm.com.ar\/inicio\/#\/schema\/logo\/image\/\",\"url\":\"https:\/\/gysfm.com.ar\/inicio\/wp-content\/uploads\/2023\/07\/LOGOGYS-OK.png\",\"contentUrl\":\"https:\/\/gysfm.com.ar\/inicio\/wp-content\/uploads\/2023\/07\/LOGOGYS-OK.png\",\"width\":1170,\"height\":872,\"caption\":\"GYS NOTICIAS |\"},\"image\":{\"@id\":\"https:\/\/gysfm.com.ar\/inicio\/#\/schema\/logo\/image\/\"}},{\"@type\":\"Person\",\"@id\":\"https:\/\/gysfm.com.ar\/inicio\/#\/schema\/person\/3abba7593ef2ad19e1be221d54383dc5\",\"name\":\"Prensa G&amp;S FM\",\"image\":{\"@type\":\"ImageObject\",\"inLanguage\":\"es\",\"@id\":\"https:\/\/gysfm.com.ar\/inicio\/#\/schema\/person\/image\/\",\"url\":\"https:\/\/secure.gravatar.com\/avatar\/096ec78df02049ab018702bb4ccedf659377fa92a26540b5247612077a0dbd29?s=96&d=mm&r=g\",\"contentUrl\":\"https:\/\/secure.gravatar.com\/avatar\/096ec78df02049ab018702bb4ccedf659377fa92a26540b5247612077a0dbd29?s=96&d=mm&r=g\",\"caption\":\"Prensa G&amp;S FM\"},\"sameAs\":[\"https:\/\/gysfm.com.ar\/\"],\"url\":\"https:\/\/gysfm.com.ar\/inicio\/author\/lucasm\/\"}]}<\/script>\n<!-- \/ Yoast SEO plugin. -->","yoast_head_json":{"title":"Operaron a Charly Garc\u00eda: qu\u00e9 se sabe sobre su estado de salud tras la intervenci\u00f3n - GYS NOTICIAS |","robots":{"index":"index","follow":"follow","max-snippet":"max-snippet:-1","max-image-preview":"max-image-preview:large","max-video-preview":"max-video-preview:-1"},"canonical":"https:\/\/gysfm.com.ar\/inicio\/operaron-a-charly-garcia-que-se-sabe-sobre-su-estado-de-salud-tras-la-intervencion\/","og_locale":"es_ES","og_type":"article","og_title":"Operaron a Charly Garc\u00eda: qu\u00e9 se sabe sobre su estado de salud tras la intervenci\u00f3n - GYS NOTICIAS |","og_description":"El hist\u00f3rico m\u00fasico Charly Garc\u00eda fue operado este mi\u00e9rcoles y contin\u00faa internado en una cl\u00ednica de la Ciudad de Buenos Aires. Su entorno familiar llevaron tranquilidad sobre su estado de salud. El artista fue sometido a una nefrectom\u00eda parcial, una intervenci\u00f3n quir\u00fargica en la que se extirpa una parte del ri\u00f1\u00f3n, en el Instituto Argentino [&hellip;]","og_url":"https:\/\/gysfm.com.ar\/inicio\/operaron-a-charly-garcia-que-se-sabe-sobre-su-estado-de-salud-tras-la-intervencion\/","og_site_name":"GYS NOTICIAS |","article_published_time":"2026-04-23T17:47:20+00:00","author":"Prensa G&amp;S FM","twitter_card":"summary_large_image","twitter_misc":{"Escrito por":"Prensa G&amp;S FM","Tiempo de lectura":"1 minuto"},"schema":{"@context":"https:\/\/schema.org","@graph":[{"@type":"Article","@id":"https:\/\/gysfm.com.ar\/inicio\/operaron-a-charly-garcia-que-se-sabe-sobre-su-estado-de-salud-tras-la-intervencion\/#article","isPartOf":{"@id":"https:\/\/gysfm.com.ar\/inicio\/operaron-a-charly-garcia-que-se-sabe-sobre-su-estado-de-salud-tras-la-intervencion\/"},"author":{"name":"Prensa G&amp;S FM","@id":"https:\/\/gysfm.com.ar\/inicio\/#\/schema\/person\/3abba7593ef2ad19e1be221d54383dc5"},"headline":"Operaron a Charly Garc\u00eda: qu\u00e9 se sabe sobre su estado de salud tras la intervenci\u00f3n","datePublished":"2026-04-23T17:47:20+00:00","mainEntityOfPage":{"@id":"https:\/\/gysfm.com.ar\/inicio\/operaron-a-charly-garcia-que-se-sabe-sobre-su-estado-de-salud-tras-la-intervencion\/"},"wordCount":287,"publisher":{"@id":"https:\/\/gysfm.com.ar\/inicio\/#organization"},"image":{"@id":"https:\/\/gysfm.com.ar\/inicio\/operaron-a-charly-garcia-que-se-sabe-sobre-su-estado-de-salud-tras-la-intervencion\/#primaryimage"},"thumbnailUrl":"https:\/\/gysfm.com.ar\/inicio\/wp-content\/uploads\/2026\/04\/charly-garcia-2175254.jpg","articleSection":["NACIONALES"],"inLanguage":"es"},{"@type":"WebPage","@id":"https:\/\/gysfm.com.ar\/inicio\/operaron-a-charly-garcia-que-se-sabe-sobre-su-estado-de-salud-tras-la-intervencion\/","url":"https:\/\/gysfm.com.ar\/inicio\/operaron-a-charly-garcia-que-se-sabe-sobre-su-estado-de-salud-tras-la-intervencion\/","name":"Operaron a Charly Garc\u00eda: qu\u00e9 se sabe sobre su estado de salud tras la intervenci\u00f3n - GYS NOTICIAS |","isPartOf":{"@id":"https:\/\/gysfm.com.ar\/inicio\/#website"},"primaryImageOfPage":{"@id":"https:\/\/gysfm.com.ar\/inicio\/operaron-a-charly-garcia-que-se-sabe-sobre-su-estado-de-salud-tras-la-intervencion\/#primaryimage"},"image":{"@id":"https:\/\/gysfm.com.ar\/inicio\/operaron-a-charly-garcia-que-se-sabe-sobre-su-estado-de-salud-tras-la-intervencion\/#primaryimage"},"thumbnailUrl":"https:\/\/gysfm.com.ar\/inicio\/wp-content\/uploads\/2026\/04\/charly-garcia-2175254.jpg","datePublished":"2026-04-23T17:47:20+00:00","breadcrumb":{"@id":"https:\/\/gysfm.com.ar\/inicio\/operaron-a-charly-garcia-que-se-sabe-sobre-su-estado-de-salud-tras-la-intervencion\/#breadcrumb"},"inLanguage":"es","potentialAction":[{"@type":"ReadAction","target":["https:\/\/gysfm.com.ar\/inicio\/operaron-a-charly-garcia-que-se-sabe-sobre-su-estado-de-salud-tras-la-intervencion\/"]}]},{"@type":"ImageObject","inLanguage":"es","@id":"https:\/\/gysfm.com.ar\/inicio\/operaron-a-charly-garcia-que-se-sabe-sobre-su-estado-de-salud-tras-la-intervencion\/#primaryimage","url":"https:\/\/gysfm.com.ar\/inicio\/wp-content\/uploads\/2026\/04\/charly-garcia-2175254.jpg","contentUrl":"https:\/\/gysfm.com.ar\/inicio\/wp-content\/uploads\/2026\/04\/charly-garcia-2175254.jpg","width":1140,"height":641},{"@type":"BreadcrumbList","@id":"https:\/\/gysfm.com.ar\/inicio\/operaron-a-charly-garcia-que-se-sabe-sobre-su-estado-de-salud-tras-la-intervencion\/#breadcrumb","itemListElement":[{"@type":"ListItem","position":1,"name":"Portada","item":"https:\/\/gysfm.com.ar\/inicio\/"},{"@type":"ListItem","position":2,"name":"Operaron a Charly Garc\u00eda: qu\u00e9 se sabe sobre su estado de salud tras la intervenci\u00f3n"}]},{"@type":"WebSite","@id":"https:\/\/gysfm.com.ar\/inicio\/#website","url":"https:\/\/gysfm.com.ar\/inicio\/","name":"GYS NOTICIAS |","description":"DIARIO - RADIO ONLINE SAN JUAN ARGENTINA","publisher":{"@id":"https:\/\/gysfm.com.ar\/inicio\/#organization"},"potentialAction":[{"@type":"SearchAction","target":{"@type":"EntryPoint","urlTemplate":"https:\/\/gysfm.com.ar\/inicio\/?s={search_term_string}"},"query-input":{"@type":"PropertyValueSpecification","valueRequired":true,"valueName":"search_term_string"}}],"inLanguage":"es"},{"@type":"Organization","@id":"https:\/\/gysfm.com.ar\/inicio\/#organization","name":"GYS NOTICIAS |","url":"https:\/\/gysfm.com.ar\/inicio\/","logo":{"@type":"ImageObject","inLanguage":"es","@id":"https:\/\/gysfm.com.ar\/inicio\/#\/schema\/logo\/image\/","url":"https:\/\/gysfm.com.ar\/inicio\/wp-content\/uploads\/2023\/07\/LOGOGYS-OK.png","contentUrl":"https:\/\/gysfm.com.ar\/inicio\/wp-content\/uploads\/2023\/07\/LOGOGYS-OK.png","width":1170,"height":872,"caption":"GYS NOTICIAS |"},"image":{"@id":"https:\/\/gysfm.com.ar\/inicio\/#\/schema\/logo\/image\/"}},{"@type":"Person","@id":"https:\/\/gysfm.com.ar\/inicio\/#\/schema\/person\/3abba7593ef2ad19e1be221d54383dc5","name":"Prensa G&amp;S FM","image":{"@type":"ImageObject","inLanguage":"es","@id":"https:\/\/gysfm.com.ar\/inicio\/#\/schema\/person\/image\/","url":"https:\/\/secure.gravatar.com\/avatar\/096ec78df02049ab018702bb4ccedf659377fa92a26540b5247612077a0dbd29?s=96&d=mm&r=g","contentUrl":"https:\/\/secure.gravatar.com\/avatar\/096ec78df02049ab018702bb4ccedf659377fa92a26540b5247612077a0dbd29?s=96&d=mm&r=g","caption":"Prensa G&amp;S FM"},"sameAs":["https:\/\/gysfm.com.ar\/"],"url":"https:\/\/gysfm.com.ar\/inicio\/author\/lucasm\/"}]}},"_links":{"self":[{"href":"https:\/\/gysfm.com.ar\/inicio\/wp-json\/wp\/v2\/posts\/192545","targetHints":{"allow":["GET"]}}],"collection":[{"href":"https:\/\/gysfm.com.ar\/inicio\/wp-json\/wp\/v2\/posts"}],"about":[{"href":"https:\/\/gysfm.com.ar\/inicio\/wp-json\/wp\/v2\/types\/post"}],"author":[{"embeddable":true,"href":"https:\/\/gysfm.com.ar\/inicio\/wp-json\/wp\/v2\/users\/2"}],"replies":[{"embeddable":true,"href":"https:\/\/gysfm.com.ar\/inicio\/wp-json\/wp\/v2\/comments?post=192545"}],"version-history":[{"count":0,"href":"https:\/\/gysfm.com.ar\/inicio\/wp-json\/wp\/v2\/posts\/192545\/revisions"}],"wp:featuredmedia":[{"embeddable":true,"href":"https:\/\/gysfm.com.ar\/inicio\/wp-json\/wp\/v2\/media\/192546"}],"wp:attachment":[{"href":"https:\/\/gysfm.com.ar\/inicio\/wp-json\/wp\/v2\/media?parent=192545"}],"wp:term":[{"taxonomy":"category","embeddable":true,"href":"https:\/\/gysfm.com.ar\/inicio\/wp-json\/wp\/v2\/categories?post=192545"},{"taxonomy":"post_tag","embeddable":true,"href":"https:\/\/gysfm.com.ar\/inicio\/wp-json\/wp\/v2\/tags?post=192545"}],"curies":[{"name":"wp","href":"https:\/\/api.w.org\/{rel}","templated":true}]}}