{"id":192526,"date":"2026-04-23T13:12:07","date_gmt":"2026-04-23T16:12:07","guid":{"rendered":"https:\/\/gysfm.com.ar\/inicio\/por-primera-vez-una-mujer-presidira-el-colegio-publico-de-la-abogacia-porteno\/"},"modified":"2026-04-23T13:12:07","modified_gmt":"2026-04-23T16:12:07","slug":"por-primera-vez-una-mujer-presidira-el-colegio-publico-de-la-abogacia-porteno","status":"publish","type":"post","link":"https:\/\/gysfm.com.ar\/inicio\/por-primera-vez-una-mujer-presidira-el-colegio-publico-de-la-abogacia-porteno\/","title":{"rendered":"Por primera vez una mujer presidir\u00e1 el Colegio P\u00fablico de la Abogac\u00eda porte\u00f1o"},"content":{"rendered":"<p><\/p>\n<div id=\"article-content\">\n<p>Con el <strong>47 por ciento de los votos,<\/strong> la abogada <strong>Alejandra Garc\u00eda<\/strong> se impuso este mi\u00e9rcoles en las elecciones del <strong>Colegio P\u00fablico de la Abogac\u00eda porte\u00f1o<\/strong> y ser\u00e1 la primera mujer en conducir la entidad. Garc\u00eda era parte de la lista Unidad en Defensa de la Abogac\u00eda y dar\u00e1 continuidad a la gesti\u00f3n que inici\u00f3 hace cuatro a\u00f1os<strong> <a target=\"_blank\" href=\"https:\/\/www.perfil.com\/noticias\/actualidad\/gil-lavedra-le-respondio-a-milei-denostar-a-la-abogacia-es-inadmisible.phtml\">Ricardo Gil Lavedra<\/a><\/strong>.<\/p>\n<p>Durante los dos d\u00edas,<strong> votaron 16554 abogados y abogadas.<\/strong> Se trata de 3000 matriculados m\u00e1s que en las elecciones de 2024. La lista de Garc\u00eda obtuvo unos 7400 votos, casi el doble que la agrupaci\u00f3n Gente de Derecho, que cosech\u00f3 poco m\u00e1s de 4100.<\/p>\n<p class=\"destacadoNota\"><a target=\"_blank\" href=\"https:\/\/www.perfil.com\/noticias\/actualidad\/gil-lavedra-le-respondio-a-milei-denostar-a-la-abogacia-es-inadmisible.phtml\">\u00abUna afrenta inadmisible\u00bb: Gil Lavedra le respondi\u00f3 a Milei por llamar \u201ccaranchos laborales\u201d a los abogados<\/a><\/p>\n<div class=\"subscription\">\n<p>\n        Esto no les gusta a los autoritarios\n    <\/p>\n<div class=\"subscription__container\">\n<div class=\"subscription__text-wrapper\">\n<p>\n                El ejercicio del periodismo profesional y cr\u00edtico es un pilar fundamental de la democracia. Por eso molesta a quienes creen ser los due\u00f1os de la verdad.\n            <\/p>\n<\/p><\/div><\/div>\n<\/div>\n<p>\u201cLa contundencia del triunfo revela que la abogac\u00eda est\u00e1 dispuesta a tener un Colegio p\u00fablico serio, respetuoso, que defienda las incumbencias, los honorarios y tambi\u00e9n la <strong>independencia judicial<\/strong> y las garant\u00edas del Estado de derecho\u201d, sostuvo Gil Lavedra.<\/p>\n<p>En tanto, Garc\u00eda, que era hasta ahora coordinadora Legal y T\u00e9cnica de la instituci\u00f3n, asegur\u00f3 que \u201cel resultado refleja el reconocimiento a un trabajo sostenido durante estos cuatro a\u00f1os. Un Colegio que se orden\u00f3, moderniz\u00f3 y volvi\u00f3 a estar presente cada vez que se intent\u00f3 afectar nuestro ejercicio profesional\u201d.<\/p>\n<p>\u201cEse es el camino que los abogados y abogadas hoy validan. Y es tambi\u00e9n la confirmaci\u00f3n de una convicci\u00f3n: <strong>el ejercicio de la abogac\u00eda no es individual<\/strong>\u201d, plante\u00f3 Garc\u00eda.<\/p>\n<p class=\"destacadoNota\"><a target=\"_blank\" href=\"https:\/\/www.perfil.com\/noticias\/politica\/abogados-y-colegios-profesionales-exigen-a-milei-cubrir-las-vacantes-en-la-justicia-y-enviar-pliegos-al-senado.phtml\">Abogados y colegios profesionales exigen a Milei cubrir las vacantes en la Justicia y enviar pliegos al Senado<\/a><\/p>\n<p>Adem\u00e1s, Garc\u00eda prometi\u00f3 \u201cseguir adelante con un Colegio que interviene cuando est\u00e1n en juego nuestras incumbencias, sostiene la defensa de nuestros honorarios y asume su responsabilidad institucional frente a las condiciones en las que ejercemos la profesi\u00f3n\u201d.<\/p>\n<p>Consultada sobre el hecho de ser la primera mujer en presidir el Colegio P\u00fablico, la abogada subray\u00f3 que \u201cno es un m\u00e9rito individual\u201d.<\/p>\n<p>\u201cEs el resultado de una forma de conducir que llev\u00f3 adelante Ricardo Gil Lavedra, que abri\u00f3 espacios y nos trat\u00f3 como iguales.<strong> <\/strong>Y es, adem\u00e1s, <strong>parte de un camino que muchas mujeres fueron construyendo antes,<\/strong> y al que me honra dar continuidad\u201d, afirm\u00f3.<\/p>\n<p class=\"destacadoNota\"><a target=\"_blank\" href=\"https:\/\/www.perfil.com\/noticias\/nea\/gil-lavedra-rechazo-la-ampliacion-de-la-corte-suprema-por-la-falta-de-confianza-en-la-justicia.phtml\">Gil Lavedra rechaz\u00f3 la ampliaci\u00f3n de la Corte Suprema \u00abpor la falta de confianza en la justicia\u00bb<\/a><\/p>\n<p>En las elecciones que se llevaron adelante este martes y mi\u00e9rcoles en el edificio del Colegio, en Corrientes al 1400, participaron cinco listas: Unidad en Defensa de la Abogac\u00eda, Gente de Derecho, Espacio Abierto de Abogados, Por M\u00e1s Abogac\u00eda y Los que Vemos el Colegio.<\/p>\n<p>Desde una de las listas opositoras el abogado <strong>Daniel Llermanos<\/strong> salud\u00f3 a Garc\u00eda: \u201cEn nombre de Abogados Solidarios y como integrante de la Lista 47 que postul\u00f3 a Jorge Rizzo (&#8230;) felicito a la flamante candidata electa Alejandra Garc\u00eda quien contar\u00e1 con toda la colaboraci\u00f3n necesaria para que su gesti\u00f3n sea en beneficio de todos los colegas. Nuestros mejores deseos\u201d.<\/p>\n<p>LT<\/p>\n<\/p><\/div>\n<p><script>\n                !function(f,b,e,v,n,t,s)\n                {if(f.fbq)return;n=f.fbq=function(){n.callMethod?\n                    n.callMethod.apply(n,arguments):n.queue.push(arguments)};\n                    if(!f._fbq)f._fbq=n;n.push=n;n.loaded=!0;n.version='2.0';\n                    n.queue=[];t=b.createElement(e);t.async=!0;\n                    t.src=v;s=b.getElementsByTagName(e)[0];\n                    s.parentNode.insertBefore(t,s)}(window, document,'script',\n                    'https:\/\/connect.facebook.net\/en_US\/fbevents.js');\n                window.paywallConfig.facebook_pixel=\"1000228364089342\"\n            <\/script><\/p>\n","protected":false},"excerpt":{"rendered":"<p>Con el 47 por ciento de los votos, la abogada Alejandra Garc\u00eda se impuso este mi\u00e9rcoles en las elecciones del Colegio P\u00fablico de la Abogac\u00eda porte\u00f1o y ser\u00e1 la primera mujer en conducir la entidad. Garc\u00eda era parte de la lista Unidad en Defensa de la Abogac\u00eda y dar\u00e1 continuidad a la gesti\u00f3n que inici\u00f3 [&hellip;]<\/p>\n","protected":false},"author":2,"featured_media":192527,"comment_status":"closed","ping_status":"closed","sticky":false,"template":"","format":"standard","meta":{"footnotes":""},"categories":[25],"tags":[],"class_list":["post-192526","post","type-post","status-publish","format-standard","has-post-thumbnail","hentry","category-nacionales"],"yoast_head":"<!-- This site is optimized with the Yoast SEO plugin v24.4 - https:\/\/yoast.com\/wordpress\/plugins\/seo\/ -->\n<title>Por primera vez una mujer presidir\u00e1 el Colegio P\u00fablico de la Abogac\u00eda porte\u00f1o - GYS NOTICIAS |<\/title>\n<meta name=\"robots\" content=\"index, follow, max-snippet:-1, max-image-preview:large, max-video-preview:-1\" \/>\n<link rel=\"canonical\" href=\"https:\/\/gysfm.com.ar\/inicio\/por-primera-vez-una-mujer-presidira-el-colegio-publico-de-la-abogacia-porteno\/\" \/>\n<meta property=\"og:locale\" content=\"es_ES\" \/>\n<meta property=\"og:type\" content=\"article\" \/>\n<meta property=\"og:title\" content=\"Por primera vez una mujer presidir\u00e1 el Colegio P\u00fablico de la Abogac\u00eda porte\u00f1o - GYS NOTICIAS |\" \/>\n<meta property=\"og:description\" content=\"Con el 47 por ciento de los votos, la abogada Alejandra Garc\u00eda se impuso este mi\u00e9rcoles en las elecciones del Colegio P\u00fablico de la Abogac\u00eda porte\u00f1o y ser\u00e1 la primera mujer en conducir la entidad. Garc\u00eda era parte de la lista Unidad en Defensa de la Abogac\u00eda y dar\u00e1 continuidad a la gesti\u00f3n que inici\u00f3 [&hellip;]\" \/>\n<meta property=\"og:url\" content=\"https:\/\/gysfm.com.ar\/inicio\/por-primera-vez-una-mujer-presidira-el-colegio-publico-de-la-abogacia-porteno\/\" \/>\n<meta property=\"og:site_name\" content=\"GYS NOTICIAS |\" \/>\n<meta property=\"article:published_time\" content=\"2026-04-23T16:12:07+00:00\" \/>\n<meta name=\"author\" content=\"Prensa G&amp;S FM\" \/>\n<meta name=\"twitter:card\" content=\"summary_large_image\" \/>\n<meta name=\"twitter:label1\" content=\"Escrito por\" \/>\n\t<meta name=\"twitter:data1\" content=\"Prensa G&amp;S FM\" \/>\n\t<meta name=\"twitter:label2\" content=\"Tiempo de lectura\" \/>\n\t<meta name=\"twitter:data2\" content=\"3 minutos\" \/>\n<script type=\"application\/ld+json\" class=\"yoast-schema-graph\">{\"@context\":\"https:\/\/schema.org\",\"@graph\":[{\"@type\":\"Article\",\"@id\":\"https:\/\/gysfm.com.ar\/inicio\/por-primera-vez-una-mujer-presidira-el-colegio-publico-de-la-abogacia-porteno\/#article\",\"isPartOf\":{\"@id\":\"https:\/\/gysfm.com.ar\/inicio\/por-primera-vez-una-mujer-presidira-el-colegio-publico-de-la-abogacia-porteno\/\"},\"author\":{\"name\":\"Prensa G&amp;S FM\",\"@id\":\"https:\/\/gysfm.com.ar\/inicio\/#\/schema\/person\/3abba7593ef2ad19e1be221d54383dc5\"},\"headline\":\"Por primera vez una mujer presidir\u00e1 el Colegio P\u00fablico de la Abogac\u00eda porte\u00f1o\",\"datePublished\":\"2026-04-23T16:12:07+00:00\",\"mainEntityOfPage\":{\"@id\":\"https:\/\/gysfm.com.ar\/inicio\/por-primera-vez-una-mujer-presidira-el-colegio-publico-de-la-abogacia-porteno\/\"},\"wordCount\":566,\"publisher\":{\"@id\":\"https:\/\/gysfm.com.ar\/inicio\/#organization\"},\"image\":{\"@id\":\"https:\/\/gysfm.com.ar\/inicio\/por-primera-vez-una-mujer-presidira-el-colegio-publico-de-la-abogacia-porteno\/#primaryimage\"},\"thumbnailUrl\":\"https:\/\/gysfm.com.ar\/inicio\/wp-content\/uploads\/2026\/04\/garcia-y-gil-lavedra-2226174.jpg\",\"articleSection\":[\"NACIONALES\"],\"inLanguage\":\"es\"},{\"@type\":\"WebPage\",\"@id\":\"https:\/\/gysfm.com.ar\/inicio\/por-primera-vez-una-mujer-presidira-el-colegio-publico-de-la-abogacia-porteno\/\",\"url\":\"https:\/\/gysfm.com.ar\/inicio\/por-primera-vez-una-mujer-presidira-el-colegio-publico-de-la-abogacia-porteno\/\",\"name\":\"Por primera vez una mujer presidir\u00e1 el Colegio P\u00fablico de la Abogac\u00eda porte\u00f1o - GYS NOTICIAS |\",\"isPartOf\":{\"@id\":\"https:\/\/gysfm.com.ar\/inicio\/#website\"},\"primaryImageOfPage\":{\"@id\":\"https:\/\/gysfm.com.ar\/inicio\/por-primera-vez-una-mujer-presidira-el-colegio-publico-de-la-abogacia-porteno\/#primaryimage\"},\"image\":{\"@id\":\"https:\/\/gysfm.com.ar\/inicio\/por-primera-vez-una-mujer-presidira-el-colegio-publico-de-la-abogacia-porteno\/#primaryimage\"},\"thumbnailUrl\":\"https:\/\/gysfm.com.ar\/inicio\/wp-content\/uploads\/2026\/04\/garcia-y-gil-lavedra-2226174.jpg\",\"datePublished\":\"2026-04-23T16:12:07+00:00\",\"breadcrumb\":{\"@id\":\"https:\/\/gysfm.com.ar\/inicio\/por-primera-vez-una-mujer-presidira-el-colegio-publico-de-la-abogacia-porteno\/#breadcrumb\"},\"inLanguage\":\"es\",\"potentialAction\":[{\"@type\":\"ReadAction\",\"target\":[\"https:\/\/gysfm.com.ar\/inicio\/por-primera-vez-una-mujer-presidira-el-colegio-publico-de-la-abogacia-porteno\/\"]}]},{\"@type\":\"ImageObject\",\"inLanguage\":\"es\",\"@id\":\"https:\/\/gysfm.com.ar\/inicio\/por-primera-vez-una-mujer-presidira-el-colegio-publico-de-la-abogacia-porteno\/#primaryimage\",\"url\":\"https:\/\/gysfm.com.ar\/inicio\/wp-content\/uploads\/2026\/04\/garcia-y-gil-lavedra-2226174.jpg\",\"contentUrl\":\"https:\/\/gysfm.com.ar\/inicio\/wp-content\/uploads\/2026\/04\/garcia-y-gil-lavedra-2226174.jpg\",\"width\":1140,\"height\":641},{\"@type\":\"BreadcrumbList\",\"@id\":\"https:\/\/gysfm.com.ar\/inicio\/por-primera-vez-una-mujer-presidira-el-colegio-publico-de-la-abogacia-porteno\/#breadcrumb\",\"itemListElement\":[{\"@type\":\"ListItem\",\"position\":1,\"name\":\"Portada\",\"item\":\"https:\/\/gysfm.com.ar\/inicio\/\"},{\"@type\":\"ListItem\",\"position\":2,\"name\":\"Por primera vez una mujer presidir\u00e1 el Colegio P\u00fablico de la Abogac\u00eda porte\u00f1o\"}]},{\"@type\":\"WebSite\",\"@id\":\"https:\/\/gysfm.com.ar\/inicio\/#website\",\"url\":\"https:\/\/gysfm.com.ar\/inicio\/\",\"name\":\"GYS NOTICIAS |\",\"description\":\"DIARIO - RADIO ONLINE SAN JUAN ARGENTINA\",\"publisher\":{\"@id\":\"https:\/\/gysfm.com.ar\/inicio\/#organization\"},\"potentialAction\":[{\"@type\":\"SearchAction\",\"target\":{\"@type\":\"EntryPoint\",\"urlTemplate\":\"https:\/\/gysfm.com.ar\/inicio\/?s={search_term_string}\"},\"query-input\":{\"@type\":\"PropertyValueSpecification\",\"valueRequired\":true,\"valueName\":\"search_term_string\"}}],\"inLanguage\":\"es\"},{\"@type\":\"Organization\",\"@id\":\"https:\/\/gysfm.com.ar\/inicio\/#organization\",\"name\":\"GYS NOTICIAS |\",\"url\":\"https:\/\/gysfm.com.ar\/inicio\/\",\"logo\":{\"@type\":\"ImageObject\",\"inLanguage\":\"es\",\"@id\":\"https:\/\/gysfm.com.ar\/inicio\/#\/schema\/logo\/image\/\",\"url\":\"https:\/\/gysfm.com.ar\/inicio\/wp-content\/uploads\/2023\/07\/LOGOGYS-OK.png\",\"contentUrl\":\"https:\/\/gysfm.com.ar\/inicio\/wp-content\/uploads\/2023\/07\/LOGOGYS-OK.png\",\"width\":1170,\"height\":872,\"caption\":\"GYS NOTICIAS |\"},\"image\":{\"@id\":\"https:\/\/gysfm.com.ar\/inicio\/#\/schema\/logo\/image\/\"}},{\"@type\":\"Person\",\"@id\":\"https:\/\/gysfm.com.ar\/inicio\/#\/schema\/person\/3abba7593ef2ad19e1be221d54383dc5\",\"name\":\"Prensa G&amp;S FM\",\"image\":{\"@type\":\"ImageObject\",\"inLanguage\":\"es\",\"@id\":\"https:\/\/gysfm.com.ar\/inicio\/#\/schema\/person\/image\/\",\"url\":\"https:\/\/secure.gravatar.com\/avatar\/096ec78df02049ab018702bb4ccedf659377fa92a26540b5247612077a0dbd29?s=96&d=mm&r=g\",\"contentUrl\":\"https:\/\/secure.gravatar.com\/avatar\/096ec78df02049ab018702bb4ccedf659377fa92a26540b5247612077a0dbd29?s=96&d=mm&r=g\",\"caption\":\"Prensa G&amp;S FM\"},\"sameAs\":[\"https:\/\/gysfm.com.ar\/\"],\"url\":\"https:\/\/gysfm.com.ar\/inicio\/author\/lucasm\/\"}]}<\/script>\n<!-- \/ Yoast SEO plugin. -->","yoast_head_json":{"title":"Por primera vez una mujer presidir\u00e1 el Colegio P\u00fablico de la Abogac\u00eda porte\u00f1o - GYS NOTICIAS |","robots":{"index":"index","follow":"follow","max-snippet":"max-snippet:-1","max-image-preview":"max-image-preview:large","max-video-preview":"max-video-preview:-1"},"canonical":"https:\/\/gysfm.com.ar\/inicio\/por-primera-vez-una-mujer-presidira-el-colegio-publico-de-la-abogacia-porteno\/","og_locale":"es_ES","og_type":"article","og_title":"Por primera vez una mujer presidir\u00e1 el Colegio P\u00fablico de la Abogac\u00eda porte\u00f1o - GYS NOTICIAS |","og_description":"Con el 47 por ciento de los votos, la abogada Alejandra Garc\u00eda se impuso este mi\u00e9rcoles en las elecciones del Colegio P\u00fablico de la Abogac\u00eda porte\u00f1o y ser\u00e1 la primera mujer en conducir la entidad. Garc\u00eda era parte de la lista Unidad en Defensa de la Abogac\u00eda y dar\u00e1 continuidad a la gesti\u00f3n que inici\u00f3 [&hellip;]","og_url":"https:\/\/gysfm.com.ar\/inicio\/por-primera-vez-una-mujer-presidira-el-colegio-publico-de-la-abogacia-porteno\/","og_site_name":"GYS NOTICIAS |","article_published_time":"2026-04-23T16:12:07+00:00","author":"Prensa G&amp;S FM","twitter_card":"summary_large_image","twitter_misc":{"Escrito por":"Prensa G&amp;S FM","Tiempo de lectura":"3 minutos"},"schema":{"@context":"https:\/\/schema.org","@graph":[{"@type":"Article","@id":"https:\/\/gysfm.com.ar\/inicio\/por-primera-vez-una-mujer-presidira-el-colegio-publico-de-la-abogacia-porteno\/#article","isPartOf":{"@id":"https:\/\/gysfm.com.ar\/inicio\/por-primera-vez-una-mujer-presidira-el-colegio-publico-de-la-abogacia-porteno\/"},"author":{"name":"Prensa G&amp;S FM","@id":"https:\/\/gysfm.com.ar\/inicio\/#\/schema\/person\/3abba7593ef2ad19e1be221d54383dc5"},"headline":"Por primera vez una mujer presidir\u00e1 el Colegio P\u00fablico de la Abogac\u00eda porte\u00f1o","datePublished":"2026-04-23T16:12:07+00:00","mainEntityOfPage":{"@id":"https:\/\/gysfm.com.ar\/inicio\/por-primera-vez-una-mujer-presidira-el-colegio-publico-de-la-abogacia-porteno\/"},"wordCount":566,"publisher":{"@id":"https:\/\/gysfm.com.ar\/inicio\/#organization"},"image":{"@id":"https:\/\/gysfm.com.ar\/inicio\/por-primera-vez-una-mujer-presidira-el-colegio-publico-de-la-abogacia-porteno\/#primaryimage"},"thumbnailUrl":"https:\/\/gysfm.com.ar\/inicio\/wp-content\/uploads\/2026\/04\/garcia-y-gil-lavedra-2226174.jpg","articleSection":["NACIONALES"],"inLanguage":"es"},{"@type":"WebPage","@id":"https:\/\/gysfm.com.ar\/inicio\/por-primera-vez-una-mujer-presidira-el-colegio-publico-de-la-abogacia-porteno\/","url":"https:\/\/gysfm.com.ar\/inicio\/por-primera-vez-una-mujer-presidira-el-colegio-publico-de-la-abogacia-porteno\/","name":"Por primera vez una mujer presidir\u00e1 el Colegio P\u00fablico de la Abogac\u00eda porte\u00f1o - GYS NOTICIAS |","isPartOf":{"@id":"https:\/\/gysfm.com.ar\/inicio\/#website"},"primaryImageOfPage":{"@id":"https:\/\/gysfm.com.ar\/inicio\/por-primera-vez-una-mujer-presidira-el-colegio-publico-de-la-abogacia-porteno\/#primaryimage"},"image":{"@id":"https:\/\/gysfm.com.ar\/inicio\/por-primera-vez-una-mujer-presidira-el-colegio-publico-de-la-abogacia-porteno\/#primaryimage"},"thumbnailUrl":"https:\/\/gysfm.com.ar\/inicio\/wp-content\/uploads\/2026\/04\/garcia-y-gil-lavedra-2226174.jpg","datePublished":"2026-04-23T16:12:07+00:00","breadcrumb":{"@id":"https:\/\/gysfm.com.ar\/inicio\/por-primera-vez-una-mujer-presidira-el-colegio-publico-de-la-abogacia-porteno\/#breadcrumb"},"inLanguage":"es","potentialAction":[{"@type":"ReadAction","target":["https:\/\/gysfm.com.ar\/inicio\/por-primera-vez-una-mujer-presidira-el-colegio-publico-de-la-abogacia-porteno\/"]}]},{"@type":"ImageObject","inLanguage":"es","@id":"https:\/\/gysfm.com.ar\/inicio\/por-primera-vez-una-mujer-presidira-el-colegio-publico-de-la-abogacia-porteno\/#primaryimage","url":"https:\/\/gysfm.com.ar\/inicio\/wp-content\/uploads\/2026\/04\/garcia-y-gil-lavedra-2226174.jpg","contentUrl":"https:\/\/gysfm.com.ar\/inicio\/wp-content\/uploads\/2026\/04\/garcia-y-gil-lavedra-2226174.jpg","width":1140,"height":641},{"@type":"BreadcrumbList","@id":"https:\/\/gysfm.com.ar\/inicio\/por-primera-vez-una-mujer-presidira-el-colegio-publico-de-la-abogacia-porteno\/#breadcrumb","itemListElement":[{"@type":"ListItem","position":1,"name":"Portada","item":"https:\/\/gysfm.com.ar\/inicio\/"},{"@type":"ListItem","position":2,"name":"Por primera vez una mujer presidir\u00e1 el Colegio P\u00fablico de la Abogac\u00eda porte\u00f1o"}]},{"@type":"WebSite","@id":"https:\/\/gysfm.com.ar\/inicio\/#website","url":"https:\/\/gysfm.com.ar\/inicio\/","name":"GYS NOTICIAS |","description":"DIARIO - RADIO ONLINE SAN JUAN ARGENTINA","publisher":{"@id":"https:\/\/gysfm.com.ar\/inicio\/#organization"},"potentialAction":[{"@type":"SearchAction","target":{"@type":"EntryPoint","urlTemplate":"https:\/\/gysfm.com.ar\/inicio\/?s={search_term_string}"},"query-input":{"@type":"PropertyValueSpecification","valueRequired":true,"valueName":"search_term_string"}}],"inLanguage":"es"},{"@type":"Organization","@id":"https:\/\/gysfm.com.ar\/inicio\/#organization","name":"GYS NOTICIAS |","url":"https:\/\/gysfm.com.ar\/inicio\/","logo":{"@type":"ImageObject","inLanguage":"es","@id":"https:\/\/gysfm.com.ar\/inicio\/#\/schema\/logo\/image\/","url":"https:\/\/gysfm.com.ar\/inicio\/wp-content\/uploads\/2023\/07\/LOGOGYS-OK.png","contentUrl":"https:\/\/gysfm.com.ar\/inicio\/wp-content\/uploads\/2023\/07\/LOGOGYS-OK.png","width":1170,"height":872,"caption":"GYS NOTICIAS |"},"image":{"@id":"https:\/\/gysfm.com.ar\/inicio\/#\/schema\/logo\/image\/"}},{"@type":"Person","@id":"https:\/\/gysfm.com.ar\/inicio\/#\/schema\/person\/3abba7593ef2ad19e1be221d54383dc5","name":"Prensa G&amp;S FM","image":{"@type":"ImageObject","inLanguage":"es","@id":"https:\/\/gysfm.com.ar\/inicio\/#\/schema\/person\/image\/","url":"https:\/\/secure.gravatar.com\/avatar\/096ec78df02049ab018702bb4ccedf659377fa92a26540b5247612077a0dbd29?s=96&d=mm&r=g","contentUrl":"https:\/\/secure.gravatar.com\/avatar\/096ec78df02049ab018702bb4ccedf659377fa92a26540b5247612077a0dbd29?s=96&d=mm&r=g","caption":"Prensa G&amp;S FM"},"sameAs":["https:\/\/gysfm.com.ar\/"],"url":"https:\/\/gysfm.com.ar\/inicio\/author\/lucasm\/"}]}},"_links":{"self":[{"href":"https:\/\/gysfm.com.ar\/inicio\/wp-json\/wp\/v2\/posts\/192526","targetHints":{"allow":["GET"]}}],"collection":[{"href":"https:\/\/gysfm.com.ar\/inicio\/wp-json\/wp\/v2\/posts"}],"about":[{"href":"https:\/\/gysfm.com.ar\/inicio\/wp-json\/wp\/v2\/types\/post"}],"author":[{"embeddable":true,"href":"https:\/\/gysfm.com.ar\/inicio\/wp-json\/wp\/v2\/users\/2"}],"replies":[{"embeddable":true,"href":"https:\/\/gysfm.com.ar\/inicio\/wp-json\/wp\/v2\/comments?post=192526"}],"version-history":[{"count":0,"href":"https:\/\/gysfm.com.ar\/inicio\/wp-json\/wp\/v2\/posts\/192526\/revisions"}],"wp:featuredmedia":[{"embeddable":true,"href":"https:\/\/gysfm.com.ar\/inicio\/wp-json\/wp\/v2\/media\/192527"}],"wp:attachment":[{"href":"https:\/\/gysfm.com.ar\/inicio\/wp-json\/wp\/v2\/media?parent=192526"}],"wp:term":[{"taxonomy":"category","embeddable":true,"href":"https:\/\/gysfm.com.ar\/inicio\/wp-json\/wp\/v2\/categories?post=192526"},{"taxonomy":"post_tag","embeddable":true,"href":"https:\/\/gysfm.com.ar\/inicio\/wp-json\/wp\/v2\/tags?post=192526"}],"curies":[{"name":"wp","href":"https:\/\/api.w.org\/{rel}","templated":true}]}}