{"id":192500,"date":"2026-04-23T09:35:14","date_gmt":"2026-04-23T12:35:14","guid":{"rendered":"https:\/\/gysfm.com.ar\/inicio\/la-desgarradora-despedida-de-paula-chaves-por-la-muerte-de-su-perro-moro-fuiste-y-seras-parte-de-esta-familia-por-siempre\/"},"modified":"2026-04-23T09:35:14","modified_gmt":"2026-04-23T12:35:14","slug":"la-desgarradora-despedida-de-paula-chaves-por-la-muerte-de-su-perro-moro-fuiste-y-seras-parte-de-esta-familia-por-siempre","status":"publish","type":"post","link":"https:\/\/gysfm.com.ar\/inicio\/la-desgarradora-despedida-de-paula-chaves-por-la-muerte-de-su-perro-moro-fuiste-y-seras-parte-de-esta-familia-por-siempre\/","title":{"rendered":"La desgarradora despedida de Paula Chaves por la muerte de su perro Moro: \u00abFuiste y ser\u00e1s parte de esta familia por siempre\u00bb"},"content":{"rendered":"<p><\/p>\n<div id=\"article-content\">\n<p><a target=\"_blank\" href=\"https:\/\/exitoina.perfil.com\/noticias\/destacada\/dolor-paula-chaves-pedro-alfonso-muerte-perro-moro-principio-esta-familia.phtml\"><strong>Pedro Alfonso<\/strong><\/a> y <a target=\"_blank\" href=\"https:\/\/exitoina.perfil.com\/noticias\/escandalo\/paula-chaves-rompio-el-silencio-tras-el-escandalo-que-protagonizo-en-olga-la-pase-muy-mal.phtml\"><strong>Paula Chaves<\/strong><\/a> atraviesan un duro momento por la muerte de su perro <strong>Moro<\/strong>, el bulldog franc\u00e9s que el productor le regal\u00f3 a la modelo en los inicios de su relaci\u00f3n. Luego de unas horas, la conductora le dedic\u00f3 un mensaje especial\u00a0a su mascota que jam\u00e1s olvidar\u00e1 con algunos videos e im\u00e1genes en sus redes sociales.<\/p>\n<p><strong>\u00abSe fue a pasear Moro. As\u00ed quiero pensarlo Chanchi, no me imagin\u00e9 que esto iba a ser tan duro. Pero celebro haberte tenido como mi primer hijo de 4 patas\u00bb<\/strong>, expres\u00f3 en su publicaci\u00f3n a trav\u00e9s de su cuenta de Instagram con un carrete de fotos y videos de Moro.<\/p>\n<p><iframe id=\"vrudo\" class=\"vrudo\" src=\"https:\/\/rudo.video\/vod\/bWp6HO?volume=0\" width=\"100%\" height=\"100%\" allowscriptaccess=\"always\" allowfullscreen=\"true\" webkitallowfullscreen=\"true\" frameborder=\"0\" scrolling=\"no\" allow=\"autoplay; fullscreen\" loading=\"lazy\"><\/iframe><\/p>\n<p><iframe id=\"vrudo\" class=\"vrudo\" src=\"https:\/\/rudo.video\/vod\/bWp6Il?volume=0\" width=\"100%\" height=\"100%\" allowscriptaccess=\"always\" allowfullscreen=\"true\" webkitallowfullscreen=\"true\" frameborder=\"0\" scrolling=\"no\" allow=\"autoplay; fullscreen\" loading=\"lazy\"><\/iframe><\/p>\n<p><strong>\u00abAs\u00ed te siento, me ayudaste a perder el miedo a vivir sola, me ayudaste a enterarme cada vez que estaba embarazada, me ayudaste a criarlos. Fuiste y ser\u00e1s parte de esta familia x siempre\u00bb,<\/strong> continu\u00f3.<\/p>\n<p><iframe id=\"vrudo\" class=\"vrudo\" src=\"https:\/\/rudo.video\/vod\/bWp6Jl?volume=0\" width=\"100%\" height=\"100%\" allowscriptaccess=\"always\" allowfullscreen=\"true\" webkitallowfullscreen=\"true\" frameborder=\"0\" scrolling=\"no\" allow=\"autoplay; fullscreen\" loading=\"lazy\"><\/iframe><\/p>\n<div style=\"text-align:center\">\n<figure class=\"image\" style=\"display:inline-block\"><img decoding=\"async\" style=\"max-width: 100%; width: 100%;\" alt=\"Paula Chaves con Moro 2\" src=\"https:\/\/fotos.perfil.com\/\/2026\/04\/22\/900\/0\/paula-chaves-con-moro-2-2225313.jpg\" loading=\"lazy\"\/>&#13;<figcaption>Paula Chaves con Moro. (Captura Instagram: @chavespauok)<\/figcaption>&#13;<br \/>\n<\/figure>\n<\/div>\n<p><strong>\u00abNo sab\u00edas que tu raza no pod\u00eda nadar, y te autopercibiste Golden y Terranova desde siempre. Quer\u00edas hablarme , todos me trataban de loca, pero para m\u00ed siempre dijiste AGUA y PAU\u00bb,<\/strong> record\u00f3.<\/p>\n<div style=\"text-align:center\">\n<figure class=\"image\" style=\"display:inline-block\"><img decoding=\"async\" style=\"max-width: 100%; width: 100%;\" alt=\"Moro con la familia Chaves 3\" src=\"https:\/\/fotos.perfil.com\/\/2026\/04\/22\/900\/0\/moro-con-la-familia-chaves-3-2225307.jpg\" loading=\"lazy\"\/>&#13;<figcaption>Moro. (Captura Instagram: @chavespauok)<\/figcaption>&#13;<br \/>\n<\/figure>\n<\/div>\n<p><strong>\u00abTe bancaste los mil rescatados que llegaban a casa y les chupabas la juventud. Nos criaste a Rosita la sarnosita y dejaste tu huella en ella\u00bb,<\/strong> asegur\u00f3 la modelo en referencia a las mascotas que llegaban a su casa como <strong>\u00abhogar de tr\u00e1nsito\u00bb<\/strong> hasta que consiguieran una familia.<\/p>\n<div style=\"text-align:center\">\n<figure class=\"image\" style=\"display:inline-block\"><img decoding=\"async\" style=\"max-width: 100%; width: 100%;\" alt=\"Moro 1\" src=\"https:\/\/fotos.perfil.com\/\/2026\/04\/22\/900\/0\/moro-1-2225314.jpg\" loading=\"lazy\"\/>&#13;<figcaption>Moro. (Captura Instagram: @chavespauok)<\/figcaption>&#13;<br \/>\n<\/figure>\n<\/div>\n<div style=\"text-align:center\">\n<figure class=\"image\" style=\"display:inline-block\"><img decoding=\"async\" style=\"max-width: 100%; width: 100%;\" alt=\"Moro con Olivia\" src=\"https:\/\/fotos.perfil.com\/\/2026\/04\/22\/900\/0\/moro-con-olivia-2225316.jpg\" loading=\"lazy\"\/>&#13;<figcaption>Moro con Olivia. (Captura Instagram: @chavespauok)<\/figcaption>&#13;<br \/>\n<\/figure>\n<\/div>\n<p><iframe id=\"vrudo\" class=\"vrudo\" src=\"https:\/\/rudo.video\/vod\/bWp6P1?volume=0\" width=\"100%\" height=\"100%\" allowscriptaccess=\"always\" allowfullscreen=\"true\" webkitallowfullscreen=\"true\" frameborder=\"0\" scrolling=\"no\" allow=\"autoplay; fullscreen\" loading=\"lazy\"><\/iframe><\/p>\n<p><iframe id=\"vrudo\" class=\"vrudo\" src=\"https:\/\/rudo.video\/vod\/bWp6PZ?volume=0\" width=\"100%\" height=\"100%\" allowscriptaccess=\"always\" allowfullscreen=\"true\" webkitallowfullscreen=\"true\" frameborder=\"0\" scrolling=\"no\" allow=\"autoplay; fullscreen\" loading=\"lazy\"><\/iframe><\/p>\n<p><strong>\u00abUniste y le diste mucho amor a esta familia. Te crie en mi cuello porque eras tan beb\u00e9 cuando llegaste a mi vida que a\u00fan te faltaba calor y latido de una mam\u00e1. Y eso fui, tu mam\u00e1 humana. Te di besos y me sentiste hasta el \u00faltimo suspiro\u00bb,<\/strong> asegur\u00f3. En sus historias de Instagram, adem\u00e1s, agreg\u00f3:\u00a0<strong>\u00abMucho tiempo no quiso estar pegado. Y ahora todo volvi\u00f3 ah\u00ed, donde siempre estuvo. Te amo, Moro\u00bb<\/strong>,<\/p>\n<p><iframe id=\"vrudo\" class=\"vrudo\" src=\"https:\/\/rudo.video\/vod\/bWpqcc?volume=0\" width=\"100%\" height=\"100%\" allowscriptaccess=\"always\" allowfullscreen=\"true\" webkitallowfullscreen=\"true\" frameborder=\"0\" scrolling=\"no\" allow=\"autoplay; fullscreen\" loading=\"lazy\"><\/iframe><\/p>\n<div style=\"text-align:center\">\n<figure class=\"image\" style=\"display:inline-block\"><img decoding=\"async\" style=\"max-width: 100%; width: 100%;\" alt=\"Moro con los hijos de Paula Chaves y Pedro Alfonso 2\" src=\"https:\/\/fotos.perfil.com\/\/2026\/04\/22\/900\/0\/moro-con-los-hijos-de-paula-chaves-y-pedro-alfonso-2-2225317.jpg\" loading=\"lazy\"\/>&#13;<figcaption>Moro con los hijos de Paula Chaves y Pedro Alfonso.\u00a0(Captura Instagram: @chavespauok)<\/figcaption>&#13;<br \/>\n<\/figure>\n<\/div>\n<p><iframe id=\"vrudo\" class=\"vrudo\" src=\"https:\/\/rudo.video\/vod\/bWp6QM?volume=0\" width=\"100%\" height=\"100%\" allowscriptaccess=\"always\" allowfullscreen=\"true\" webkitallowfullscreen=\"true\" frameborder=\"0\" scrolling=\"no\" allow=\"autoplay; fullscreen\" loading=\"lazy\"><\/iframe><\/p>\n<p>Sobre el final de su publicaci\u00f3, con mucha tristeza, <strong>Paula Chaves<\/strong> agreg\u00f3:<strong> \u00abMe duele el alma, me va a costar encontrarte en alg\u00fan lado, pero\u00a0le vamos a buscar la vuelta. AND\u00c1 A PASEAR A LA ETERNIDAD\u00bb.<\/strong><\/p>\n<p><iframe id=\"vrudo\" class=\"vrudo\" src=\"https:\/\/rudo.video\/vod\/bWp6Rg?volume=0\" width=\"100%\" height=\"100%\" allowscriptaccess=\"always\" allowfullscreen=\"true\" webkitallowfullscreen=\"true\" frameborder=\"0\" scrolling=\"no\" allow=\"autoplay; fullscreen\" loading=\"lazy\"><\/iframe><\/p>\n<p><iframe id=\"vrudo\" class=\"vrudo\" src=\"https:\/\/rudo.video\/vod\/bWp6R0?volume=0\" width=\"100%\" height=\"100%\" allowscriptaccess=\"always\" allowfullscreen=\"true\" webkitallowfullscreen=\"true\" frameborder=\"0\" scrolling=\"no\" allow=\"autoplay; fullscreen\" loading=\"lazy\"><\/iframe><\/p>\n<p>Desde que comenz\u00f3 la relaci\u00f3n de <strong>Paula Chaves y Pedro Alfonso<\/strong>, el perro ocup\u00f3 un lugar primordial en su vida. Fue testigo del crecimiento del v\u00ednculo, de la convivencia y luego la llegada de los hijos. La historia de Moro comenz\u00f3 en plena pista del <strong>Bailando por un Sue\u00f1o (El Trece)<\/strong>, en 2010.<\/p>\n<p><iframe id=\"vrudo\" class=\"vrudo\" src=\"https:\/\/rudo.video\/vod\/bWp7jt?volume=0\" width=\"100%\" height=\"100%\" allowscriptaccess=\"always\" allowfullscreen=\"true\" webkitallowfullscreen=\"true\" frameborder=\"0\" scrolling=\"no\" allow=\"autoplay; fullscreen\" loading=\"lazy\"><\/iframe><\/p>\n<p><strong>\u201cTodo empez\u00f3 en Showmatch. A\u00f1o 2010. Se regalaban perros por un anuncio que hab\u00eda de un alimento balanceado. No desaprovech\u00e9 oportunidad y ped\u00ed que me regalen uno\u201d<\/strong>, relat\u00f3 tiempo atr\u00e1s. Pedro, que estaba en plena etapa de conquista, concret\u00f3 ese deseo, y el\u00a0peque\u00f1o cachorro (de 35 d\u00edas) se sum\u00f3 a la vida de la pareja.<\/p>\n<h2>\u00bfC\u00f3mo fue la despedida de Pedro Alfonso a Moro?<\/h2>\n<p><strong>Pedro Alfonso<\/strong> tambi\u00e9n mostr\u00f3 su angustia a trav\u00e9s de una publicaci\u00f3n en su cuenta de Instagram y expres\u00f3:\u00a0<strong>\u00abY te fuiste Moro. En paz.\u00a0<\/strong>Nos hiciste muy felices y te vamos a extra\u00f1ar siempre. Gracias por ser tan compa\u00f1ero. Por hacernos re\u00edr tanto. Por acompa\u00f1ar a nuestros hijos a crecer. Y\u00a0<strong>por ser la uni\u00f3n y el principio de esta familia.\u00a0<\/strong>Tan inteligente. Tanto como para dejarnos despedirte junto a Pau. Juntos. Los 3. Con amor y paz. Fuiste \u00fanico, Morito\u00bb.<\/p>\n<div style=\"text-align:center\">\n<figure class=\"image\" style=\"display:inline-block\"><img decoding=\"async\" style=\"max-width: 100%; width: 100%;\" alt=\"Moro, el perro de Paula y Pedro\" src=\"https:\/\/fotos.perfil.com\/\/2026\/04\/21\/900\/0\/moro-el-perro-de-paula-y-pedro-2224930.jpg\" loading=\"lazy\"\/>&#13;<figcaption>Moro, el perro de Paula Chaves y Pedro Alfonso.<\/figcaption>&#13;<br \/>\n<\/figure>\n<\/div>\n<div style=\"text-align:center\">\n<figure class=\"image\" style=\"display:inline-block\"><img decoding=\"async\" style=\"max-width: 100%; width: 100%;\" alt=\"Moro, el perro de Paula y Pedro\" src=\"https:\/\/fotos.perfil.com\/\/2026\/04\/21\/900\/0\/moro-el-perro-de-paula-y-pedro-2224933.jpg\" loading=\"lazy\"\/>&#13;<figcaption>Moro, el perro de Paula Chaves y Pedro Alfonso.<\/figcaption>&#13;<br \/>\n<\/figure>\n<\/div>\n<div style=\"text-align:center\">\n<figure class=\"image\" style=\"display:inline-block\"><img decoding=\"async\" style=\"max-width: 100%; width: 100%;\" alt=\"Moro, el perro de Paula y Pedro\" src=\"https:\/\/fotos.perfil.com\/\/2026\/04\/21\/900\/0\/moro-el-perro-de-paula-y-pedro-2224932.jpg\" loading=\"lazy\"\/>&#13;<figcaption>Moro, el perro de Paula Chaves y Pedro Alfonso.<\/figcaption>&#13;<br \/>\n<\/figure>\n<\/div>\n<div style=\"text-align:center\">\n<figure class=\"image\" style=\"display:inline-block\"><img decoding=\"async\" style=\"max-width: 100%; width: 100%;\" alt=\"Moro, el perro de Paula y Pedro\" src=\"https:\/\/fotos.perfil.com\/\/2026\/04\/21\/900\/0\/moro-el-perro-de-paula-y-pedro-2224931.jpg\" loading=\"lazy\"\/>&#13;<figcaption>Moro, el perro de Paula Chaves y Pedro Alfonso.<\/figcaption>&#13;<br \/>\n<\/figure>\n<\/div>\n<div style=\"text-align:center\">\n<figure class=\"image\" style=\"display:inline-block\"><img decoding=\"async\" style=\"max-width: 100%; width: 100%;\" alt=\"Moro, el perro de Paula y Pedro\" src=\"https:\/\/fotos.perfil.com\/\/2026\/04\/21\/900\/0\/moro-el-perro-de-paula-y-pedro-2224936.jpg\" loading=\"lazy\"\/>&#13;<figcaption>Moro, el perro de Paula Chaves y Pedro Alfonso.<\/figcaption>&#13;<br \/>\n<\/figure>\n<\/div>\n<div style=\"text-align:center\">\n<figure class=\"image\" style=\"display:inline-block\"><img decoding=\"async\" style=\"max-width: 100%; width: 100%;\" alt=\"Moro, el perro de Paula y Pedro\" src=\"https:\/\/fotos.perfil.com\/\/2026\/04\/21\/900\/0\/moro-el-perro-de-paula-y-pedro-2224935.jpg\" loading=\"lazy\"\/>&#13;<figcaption>Moro, el perro de Paula Chaves y Pedro Alfonso.<\/figcaption>&#13;<br \/>\n<\/figure>\n<\/div>\n<div style=\"text-align:center\">\n<figure class=\"image\" style=\"display:inline-block\"><img decoding=\"async\" style=\"max-width: 100%; width: 100%;\" alt=\"Moro, el perro de Paula y Pedro\" src=\"https:\/\/fotos.perfil.com\/\/2026\/04\/21\/900\/0\/moro-el-perro-de-paula-y-pedro-2224934.jpg\" loading=\"lazy\"\/>&#13;<figcaption>Moro, el perro de Paula Chaves y Pedro Alfonso.<\/figcaption>&#13;<br \/>\n<\/figure>\n<\/div>\n<div style=\"text-align:center\">\n<figure class=\"image\" style=\"display:inline-block\"><img decoding=\"async\" style=\"max-width: 100%; width: 100%;\" alt=\"Moro, el perro de Paula y Pedro\" src=\"https:\/\/fotos.perfil.com\/\/2026\/04\/21\/900\/0\/moro-el-perro-de-paula-y-pedro-2224939.jpg\" loading=\"lazy\"\/>&#13;<figcaption>Moro, el perro de Paula Chaves y Pedro Alfonso.<\/figcaption>&#13;<br \/>\n<\/figure>\n<\/div>\n<div style=\"text-align:center\">\n<figure class=\"image\" style=\"display:inline-block\"><img decoding=\"async\" style=\"max-width: 100%; width: 100%;\" alt=\"Moro, el perro de Paula y Pedro\" src=\"https:\/\/fotos.perfil.com\/\/2026\/04\/21\/900\/0\/moro-el-perro-de-paula-y-pedro-2224938.jpg\" loading=\"lazy\"\/>&#13;<figcaption>Moro, el perro de Paula Chaves y Pedro Alfonso.<\/figcaption>&#13;<br \/>\n<\/figure>\n<\/div>\n<div style=\"text-align:center\">\n<figure class=\"image\" style=\"display:inline-block\"><img decoding=\"async\" style=\"max-width: 100%; width: 100%;\" alt=\"Moro, el perro de Paula y Pedro\" src=\"https:\/\/fotos.perfil.com\/\/2026\/04\/21\/900\/0\/moro-el-perro-de-paula-y-pedro-2224937.jpg\" loading=\"lazy\"\/>&#13;<figcaption>Moro, el perro de Paula Chaves y Pedro Alfonso.<\/figcaption>&#13;<br \/>\n<\/figure>\n<\/div>\n<div style=\"text-align:center\">\n<figure class=\"image\" style=\"display:inline-block\"><img decoding=\"async\" style=\"max-width: 100%; width: 100%;\" alt=\"Moro, el perro de Paula y Pedro\" src=\"https:\/\/fotos.perfil.com\/\/2026\/04\/21\/900\/0\/moro-el-perro-de-paula-y-pedro-2224940.jpg\" loading=\"lazy\"\/>&#13;<figcaption>Moro, el perro de Paula Chaves y Pedro Alfonso.<\/figcaption>&#13;<br \/>\n<\/figure>\n<\/div>\n<p><iframe id=\"vrudo\" class=\"vrudo\" src=\"https:\/\/rudo.video\/vod\/bWppQ1?volume=0\" width=\"100%\" height=\"100%\" allowscriptaccess=\"always\" allowfullscreen=\"true\" webkitallowfullscreen=\"true\" frameborder=\"0\" scrolling=\"no\" allow=\"autoplay; fullscreen\" loading=\"lazy\"><\/iframe><\/p>\n<p><strong>Pedro Alfonso<\/strong> continu\u00f3 compartiendo im\u00e1genes de <strong>Moro<\/strong>, mostrando el profundo v\u00ednculo no solo con <strong>Paula Chaves<\/strong>, sino tambi\u00e9n con sus hijos:\u00a0<strong>Olivia\u00a0<\/strong>(13),\u00a0<strong>Baltazar\u00a0<\/strong>(10) y\u00a0<strong>Filipa\u00a0<\/strong>(6).<\/p>\n<\/p><\/div>\n<p><script>\n\t(function(d, s, id) {\n\t\tvar js, fjs = d.getElementsByTagName(s)[0];\n\t\tif (d.getElementById(id)) return;\n\t\tjs = d.createElement(s);\n\t\tjs.id = id;\n\t\tjs.src=\"https:\/\/connect.facebook.net\/es_LA\/sdk.js#xfbml=1&version=v3.1\";\n\t\tfjs.parentNode.insertBefore(js, fjs);\n\t}(document, 'script', 'facebook-jssdk'));\n<\/script><\/p>\n","protected":false},"excerpt":{"rendered":"<p>Pedro Alfonso y Paula Chaves atraviesan un duro momento por la muerte de su perro Moro, el bulldog franc\u00e9s que el productor le regal\u00f3 a la modelo en los inicios de su relaci\u00f3n. Luego de unas horas, la conductora le dedic\u00f3 un mensaje especial\u00a0a su mascota que jam\u00e1s olvidar\u00e1 con algunos videos e im\u00e1genes en [&hellip;]<\/p>\n","protected":false},"author":2,"featured_media":192501,"comment_status":"closed","ping_status":"closed","sticky":false,"template":"","format":"standard","meta":{"footnotes":""},"categories":[25],"tags":[],"class_list":["post-192500","post","type-post","status-publish","format-standard","has-post-thumbnail","hentry","category-nacionales"],"yoast_head":"<!-- This site is optimized with the Yoast SEO plugin v24.4 - https:\/\/yoast.com\/wordpress\/plugins\/seo\/ -->\n<title>La desgarradora despedida de Paula Chaves por la muerte de su perro Moro: &quot;Fuiste y ser\u00e1s parte de esta familia por siempre&quot; - GYS NOTICIAS |<\/title>\n<meta name=\"robots\" content=\"index, follow, max-snippet:-1, max-image-preview:large, max-video-preview:-1\" \/>\n<link rel=\"canonical\" href=\"https:\/\/gysfm.com.ar\/inicio\/la-desgarradora-despedida-de-paula-chaves-por-la-muerte-de-su-perro-moro-fuiste-y-seras-parte-de-esta-familia-por-siempre\/\" \/>\n<meta property=\"og:locale\" content=\"es_ES\" \/>\n<meta property=\"og:type\" content=\"article\" \/>\n<meta property=\"og:title\" content=\"La desgarradora despedida de Paula Chaves por la muerte de su perro Moro: &quot;Fuiste y ser\u00e1s parte de esta familia por siempre&quot; - GYS NOTICIAS |\" \/>\n<meta property=\"og:description\" content=\"Pedro Alfonso y Paula Chaves atraviesan un duro momento por la muerte de su perro Moro, el bulldog franc\u00e9s que el productor le regal\u00f3 a la modelo en los inicios de su relaci\u00f3n. Luego de unas horas, la conductora le dedic\u00f3 un mensaje especial\u00a0a su mascota que jam\u00e1s olvidar\u00e1 con algunos videos e im\u00e1genes en [&hellip;]\" \/>\n<meta property=\"og:url\" content=\"https:\/\/gysfm.com.ar\/inicio\/la-desgarradora-despedida-de-paula-chaves-por-la-muerte-de-su-perro-moro-fuiste-y-seras-parte-de-esta-familia-por-siempre\/\" \/>\n<meta property=\"og:site_name\" content=\"GYS NOTICIAS |\" \/>\n<meta property=\"article:published_time\" content=\"2026-04-23T12:35:14+00:00\" \/>\n<meta property=\"og:image\" content=\"https:\/\/fotos.perfil.com\/\/2026\/04\/22\/900\/0\/paula-chaves-con-moro-2-2225313.jpg\" \/>\n<meta name=\"author\" content=\"Prensa G&amp;S FM\" \/>\n<meta name=\"twitter:card\" content=\"summary_large_image\" \/>\n<meta name=\"twitter:label1\" content=\"Escrito por\" \/>\n\t<meta name=\"twitter:data1\" content=\"Prensa G&amp;S FM\" \/>\n\t<meta name=\"twitter:label2\" content=\"Tiempo de lectura\" \/>\n\t<meta name=\"twitter:data2\" content=\"4 minutos\" \/>\n<script type=\"application\/ld+json\" class=\"yoast-schema-graph\">{\"@context\":\"https:\/\/schema.org\",\"@graph\":[{\"@type\":\"Article\",\"@id\":\"https:\/\/gysfm.com.ar\/inicio\/la-desgarradora-despedida-de-paula-chaves-por-la-muerte-de-su-perro-moro-fuiste-y-seras-parte-de-esta-familia-por-siempre\/#article\",\"isPartOf\":{\"@id\":\"https:\/\/gysfm.com.ar\/inicio\/la-desgarradora-despedida-de-paula-chaves-por-la-muerte-de-su-perro-moro-fuiste-y-seras-parte-de-esta-familia-por-siempre\/\"},\"author\":{\"name\":\"Prensa G&amp;S FM\",\"@id\":\"https:\/\/gysfm.com.ar\/inicio\/#\/schema\/person\/3abba7593ef2ad19e1be221d54383dc5\"},\"headline\":\"La desgarradora despedida de Paula Chaves por la muerte de su perro Moro: \u00abFuiste y ser\u00e1s parte de esta familia por siempre\u00bb\",\"datePublished\":\"2026-04-23T12:35:14+00:00\",\"mainEntityOfPage\":{\"@id\":\"https:\/\/gysfm.com.ar\/inicio\/la-desgarradora-despedida-de-paula-chaves-por-la-muerte-de-su-perro-moro-fuiste-y-seras-parte-de-esta-familia-por-siempre\/\"},\"wordCount\":744,\"publisher\":{\"@id\":\"https:\/\/gysfm.com.ar\/inicio\/#organization\"},\"image\":{\"@id\":\"https:\/\/gysfm.com.ar\/inicio\/la-desgarradora-despedida-de-paula-chaves-por-la-muerte-de-su-perro-moro-fuiste-y-seras-parte-de-esta-familia-por-siempre\/#primaryimage\"},\"thumbnailUrl\":\"https:\/\/gysfm.com.ar\/inicio\/wp-content\/uploads\/2026\/04\/paula-chaves-con-moro-2225330.jpg\",\"articleSection\":[\"NACIONALES\"],\"inLanguage\":\"es\"},{\"@type\":\"WebPage\",\"@id\":\"https:\/\/gysfm.com.ar\/inicio\/la-desgarradora-despedida-de-paula-chaves-por-la-muerte-de-su-perro-moro-fuiste-y-seras-parte-de-esta-familia-por-siempre\/\",\"url\":\"https:\/\/gysfm.com.ar\/inicio\/la-desgarradora-despedida-de-paula-chaves-por-la-muerte-de-su-perro-moro-fuiste-y-seras-parte-de-esta-familia-por-siempre\/\",\"name\":\"La desgarradora despedida de Paula Chaves por la muerte de su perro Moro: \\\"Fuiste y ser\u00e1s parte de esta familia por siempre\\\" - GYS NOTICIAS |\",\"isPartOf\":{\"@id\":\"https:\/\/gysfm.com.ar\/inicio\/#website\"},\"primaryImageOfPage\":{\"@id\":\"https:\/\/gysfm.com.ar\/inicio\/la-desgarradora-despedida-de-paula-chaves-por-la-muerte-de-su-perro-moro-fuiste-y-seras-parte-de-esta-familia-por-siempre\/#primaryimage\"},\"image\":{\"@id\":\"https:\/\/gysfm.com.ar\/inicio\/la-desgarradora-despedida-de-paula-chaves-por-la-muerte-de-su-perro-moro-fuiste-y-seras-parte-de-esta-familia-por-siempre\/#primaryimage\"},\"thumbnailUrl\":\"https:\/\/gysfm.com.ar\/inicio\/wp-content\/uploads\/2026\/04\/paula-chaves-con-moro-2225330.jpg\",\"datePublished\":\"2026-04-23T12:35:14+00:00\",\"breadcrumb\":{\"@id\":\"https:\/\/gysfm.com.ar\/inicio\/la-desgarradora-despedida-de-paula-chaves-por-la-muerte-de-su-perro-moro-fuiste-y-seras-parte-de-esta-familia-por-siempre\/#breadcrumb\"},\"inLanguage\":\"es\",\"potentialAction\":[{\"@type\":\"ReadAction\",\"target\":[\"https:\/\/gysfm.com.ar\/inicio\/la-desgarradora-despedida-de-paula-chaves-por-la-muerte-de-su-perro-moro-fuiste-y-seras-parte-de-esta-familia-por-siempre\/\"]}]},{\"@type\":\"ImageObject\",\"inLanguage\":\"es\",\"@id\":\"https:\/\/gysfm.com.ar\/inicio\/la-desgarradora-despedida-de-paula-chaves-por-la-muerte-de-su-perro-moro-fuiste-y-seras-parte-de-esta-familia-por-siempre\/#primaryimage\",\"url\":\"https:\/\/gysfm.com.ar\/inicio\/wp-content\/uploads\/2026\/04\/paula-chaves-con-moro-2225330.jpg\",\"contentUrl\":\"https:\/\/gysfm.com.ar\/inicio\/wp-content\/uploads\/2026\/04\/paula-chaves-con-moro-2225330.jpg\",\"width\":1140,\"height\":641},{\"@type\":\"BreadcrumbList\",\"@id\":\"https:\/\/gysfm.com.ar\/inicio\/la-desgarradora-despedida-de-paula-chaves-por-la-muerte-de-su-perro-moro-fuiste-y-seras-parte-de-esta-familia-por-siempre\/#breadcrumb\",\"itemListElement\":[{\"@type\":\"ListItem\",\"position\":1,\"name\":\"Portada\",\"item\":\"https:\/\/gysfm.com.ar\/inicio\/\"},{\"@type\":\"ListItem\",\"position\":2,\"name\":\"La desgarradora despedida de Paula Chaves por la muerte de su perro Moro: \u00abFuiste y ser\u00e1s parte de esta familia por siempre\u00bb\"}]},{\"@type\":\"WebSite\",\"@id\":\"https:\/\/gysfm.com.ar\/inicio\/#website\",\"url\":\"https:\/\/gysfm.com.ar\/inicio\/\",\"name\":\"GYS NOTICIAS |\",\"description\":\"DIARIO - RADIO ONLINE SAN JUAN ARGENTINA\",\"publisher\":{\"@id\":\"https:\/\/gysfm.com.ar\/inicio\/#organization\"},\"potentialAction\":[{\"@type\":\"SearchAction\",\"target\":{\"@type\":\"EntryPoint\",\"urlTemplate\":\"https:\/\/gysfm.com.ar\/inicio\/?s={search_term_string}\"},\"query-input\":{\"@type\":\"PropertyValueSpecification\",\"valueRequired\":true,\"valueName\":\"search_term_string\"}}],\"inLanguage\":\"es\"},{\"@type\":\"Organization\",\"@id\":\"https:\/\/gysfm.com.ar\/inicio\/#organization\",\"name\":\"GYS NOTICIAS |\",\"url\":\"https:\/\/gysfm.com.ar\/inicio\/\",\"logo\":{\"@type\":\"ImageObject\",\"inLanguage\":\"es\",\"@id\":\"https:\/\/gysfm.com.ar\/inicio\/#\/schema\/logo\/image\/\",\"url\":\"https:\/\/gysfm.com.ar\/inicio\/wp-content\/uploads\/2023\/07\/LOGOGYS-OK.png\",\"contentUrl\":\"https:\/\/gysfm.com.ar\/inicio\/wp-content\/uploads\/2023\/07\/LOGOGYS-OK.png\",\"width\":1170,\"height\":872,\"caption\":\"GYS NOTICIAS |\"},\"image\":{\"@id\":\"https:\/\/gysfm.com.ar\/inicio\/#\/schema\/logo\/image\/\"}},{\"@type\":\"Person\",\"@id\":\"https:\/\/gysfm.com.ar\/inicio\/#\/schema\/person\/3abba7593ef2ad19e1be221d54383dc5\",\"name\":\"Prensa G&amp;S FM\",\"image\":{\"@type\":\"ImageObject\",\"inLanguage\":\"es\",\"@id\":\"https:\/\/gysfm.com.ar\/inicio\/#\/schema\/person\/image\/\",\"url\":\"https:\/\/secure.gravatar.com\/avatar\/096ec78df02049ab018702bb4ccedf659377fa92a26540b5247612077a0dbd29?s=96&d=mm&r=g\",\"contentUrl\":\"https:\/\/secure.gravatar.com\/avatar\/096ec78df02049ab018702bb4ccedf659377fa92a26540b5247612077a0dbd29?s=96&d=mm&r=g\",\"caption\":\"Prensa G&amp;S FM\"},\"sameAs\":[\"https:\/\/gysfm.com.ar\/\"],\"url\":\"https:\/\/gysfm.com.ar\/inicio\/author\/lucasm\/\"}]}<\/script>\n<!-- \/ Yoast SEO plugin. -->","yoast_head_json":{"title":"La desgarradora despedida de Paula Chaves por la muerte de su perro Moro: \"Fuiste y ser\u00e1s parte de esta familia por siempre\" - GYS NOTICIAS |","robots":{"index":"index","follow":"follow","max-snippet":"max-snippet:-1","max-image-preview":"max-image-preview:large","max-video-preview":"max-video-preview:-1"},"canonical":"https:\/\/gysfm.com.ar\/inicio\/la-desgarradora-despedida-de-paula-chaves-por-la-muerte-de-su-perro-moro-fuiste-y-seras-parte-de-esta-familia-por-siempre\/","og_locale":"es_ES","og_type":"article","og_title":"La desgarradora despedida de Paula Chaves por la muerte de su perro Moro: \"Fuiste y ser\u00e1s parte de esta familia por siempre\" - GYS NOTICIAS |","og_description":"Pedro Alfonso y Paula Chaves atraviesan un duro momento por la muerte de su perro Moro, el bulldog franc\u00e9s que el productor le regal\u00f3 a la modelo en los inicios de su relaci\u00f3n. Luego de unas horas, la conductora le dedic\u00f3 un mensaje especial\u00a0a su mascota que jam\u00e1s olvidar\u00e1 con algunos videos e im\u00e1genes en [&hellip;]","og_url":"https:\/\/gysfm.com.ar\/inicio\/la-desgarradora-despedida-de-paula-chaves-por-la-muerte-de-su-perro-moro-fuiste-y-seras-parte-de-esta-familia-por-siempre\/","og_site_name":"GYS NOTICIAS |","article_published_time":"2026-04-23T12:35:14+00:00","og_image":[{"url":"https:\/\/fotos.perfil.com\/\/2026\/04\/22\/900\/0\/paula-chaves-con-moro-2-2225313.jpg","type":"","width":"","height":""}],"author":"Prensa G&amp;S FM","twitter_card":"summary_large_image","twitter_misc":{"Escrito por":"Prensa G&amp;S FM","Tiempo de lectura":"4 minutos"},"schema":{"@context":"https:\/\/schema.org","@graph":[{"@type":"Article","@id":"https:\/\/gysfm.com.ar\/inicio\/la-desgarradora-despedida-de-paula-chaves-por-la-muerte-de-su-perro-moro-fuiste-y-seras-parte-de-esta-familia-por-siempre\/#article","isPartOf":{"@id":"https:\/\/gysfm.com.ar\/inicio\/la-desgarradora-despedida-de-paula-chaves-por-la-muerte-de-su-perro-moro-fuiste-y-seras-parte-de-esta-familia-por-siempre\/"},"author":{"name":"Prensa G&amp;S FM","@id":"https:\/\/gysfm.com.ar\/inicio\/#\/schema\/person\/3abba7593ef2ad19e1be221d54383dc5"},"headline":"La desgarradora despedida de Paula Chaves por la muerte de su perro Moro: \u00abFuiste y ser\u00e1s parte de esta familia por siempre\u00bb","datePublished":"2026-04-23T12:35:14+00:00","mainEntityOfPage":{"@id":"https:\/\/gysfm.com.ar\/inicio\/la-desgarradora-despedida-de-paula-chaves-por-la-muerte-de-su-perro-moro-fuiste-y-seras-parte-de-esta-familia-por-siempre\/"},"wordCount":744,"publisher":{"@id":"https:\/\/gysfm.com.ar\/inicio\/#organization"},"image":{"@id":"https:\/\/gysfm.com.ar\/inicio\/la-desgarradora-despedida-de-paula-chaves-por-la-muerte-de-su-perro-moro-fuiste-y-seras-parte-de-esta-familia-por-siempre\/#primaryimage"},"thumbnailUrl":"https:\/\/gysfm.com.ar\/inicio\/wp-content\/uploads\/2026\/04\/paula-chaves-con-moro-2225330.jpg","articleSection":["NACIONALES"],"inLanguage":"es"},{"@type":"WebPage","@id":"https:\/\/gysfm.com.ar\/inicio\/la-desgarradora-despedida-de-paula-chaves-por-la-muerte-de-su-perro-moro-fuiste-y-seras-parte-de-esta-familia-por-siempre\/","url":"https:\/\/gysfm.com.ar\/inicio\/la-desgarradora-despedida-de-paula-chaves-por-la-muerte-de-su-perro-moro-fuiste-y-seras-parte-de-esta-familia-por-siempre\/","name":"La desgarradora despedida de Paula Chaves por la muerte de su perro Moro: \"Fuiste y ser\u00e1s parte de esta familia por siempre\" - GYS NOTICIAS |","isPartOf":{"@id":"https:\/\/gysfm.com.ar\/inicio\/#website"},"primaryImageOfPage":{"@id":"https:\/\/gysfm.com.ar\/inicio\/la-desgarradora-despedida-de-paula-chaves-por-la-muerte-de-su-perro-moro-fuiste-y-seras-parte-de-esta-familia-por-siempre\/#primaryimage"},"image":{"@id":"https:\/\/gysfm.com.ar\/inicio\/la-desgarradora-despedida-de-paula-chaves-por-la-muerte-de-su-perro-moro-fuiste-y-seras-parte-de-esta-familia-por-siempre\/#primaryimage"},"thumbnailUrl":"https:\/\/gysfm.com.ar\/inicio\/wp-content\/uploads\/2026\/04\/paula-chaves-con-moro-2225330.jpg","datePublished":"2026-04-23T12:35:14+00:00","breadcrumb":{"@id":"https:\/\/gysfm.com.ar\/inicio\/la-desgarradora-despedida-de-paula-chaves-por-la-muerte-de-su-perro-moro-fuiste-y-seras-parte-de-esta-familia-por-siempre\/#breadcrumb"},"inLanguage":"es","potentialAction":[{"@type":"ReadAction","target":["https:\/\/gysfm.com.ar\/inicio\/la-desgarradora-despedida-de-paula-chaves-por-la-muerte-de-su-perro-moro-fuiste-y-seras-parte-de-esta-familia-por-siempre\/"]}]},{"@type":"ImageObject","inLanguage":"es","@id":"https:\/\/gysfm.com.ar\/inicio\/la-desgarradora-despedida-de-paula-chaves-por-la-muerte-de-su-perro-moro-fuiste-y-seras-parte-de-esta-familia-por-siempre\/#primaryimage","url":"https:\/\/gysfm.com.ar\/inicio\/wp-content\/uploads\/2026\/04\/paula-chaves-con-moro-2225330.jpg","contentUrl":"https:\/\/gysfm.com.ar\/inicio\/wp-content\/uploads\/2026\/04\/paula-chaves-con-moro-2225330.jpg","width":1140,"height":641},{"@type":"BreadcrumbList","@id":"https:\/\/gysfm.com.ar\/inicio\/la-desgarradora-despedida-de-paula-chaves-por-la-muerte-de-su-perro-moro-fuiste-y-seras-parte-de-esta-familia-por-siempre\/#breadcrumb","itemListElement":[{"@type":"ListItem","position":1,"name":"Portada","item":"https:\/\/gysfm.com.ar\/inicio\/"},{"@type":"ListItem","position":2,"name":"La desgarradora despedida de Paula Chaves por la muerte de su perro Moro: \u00abFuiste y ser\u00e1s parte de esta familia por siempre\u00bb"}]},{"@type":"WebSite","@id":"https:\/\/gysfm.com.ar\/inicio\/#website","url":"https:\/\/gysfm.com.ar\/inicio\/","name":"GYS NOTICIAS |","description":"DIARIO - RADIO ONLINE SAN JUAN ARGENTINA","publisher":{"@id":"https:\/\/gysfm.com.ar\/inicio\/#organization"},"potentialAction":[{"@type":"SearchAction","target":{"@type":"EntryPoint","urlTemplate":"https:\/\/gysfm.com.ar\/inicio\/?s={search_term_string}"},"query-input":{"@type":"PropertyValueSpecification","valueRequired":true,"valueName":"search_term_string"}}],"inLanguage":"es"},{"@type":"Organization","@id":"https:\/\/gysfm.com.ar\/inicio\/#organization","name":"GYS NOTICIAS |","url":"https:\/\/gysfm.com.ar\/inicio\/","logo":{"@type":"ImageObject","inLanguage":"es","@id":"https:\/\/gysfm.com.ar\/inicio\/#\/schema\/logo\/image\/","url":"https:\/\/gysfm.com.ar\/inicio\/wp-content\/uploads\/2023\/07\/LOGOGYS-OK.png","contentUrl":"https:\/\/gysfm.com.ar\/inicio\/wp-content\/uploads\/2023\/07\/LOGOGYS-OK.png","width":1170,"height":872,"caption":"GYS NOTICIAS |"},"image":{"@id":"https:\/\/gysfm.com.ar\/inicio\/#\/schema\/logo\/image\/"}},{"@type":"Person","@id":"https:\/\/gysfm.com.ar\/inicio\/#\/schema\/person\/3abba7593ef2ad19e1be221d54383dc5","name":"Prensa G&amp;S FM","image":{"@type":"ImageObject","inLanguage":"es","@id":"https:\/\/gysfm.com.ar\/inicio\/#\/schema\/person\/image\/","url":"https:\/\/secure.gravatar.com\/avatar\/096ec78df02049ab018702bb4ccedf659377fa92a26540b5247612077a0dbd29?s=96&d=mm&r=g","contentUrl":"https:\/\/secure.gravatar.com\/avatar\/096ec78df02049ab018702bb4ccedf659377fa92a26540b5247612077a0dbd29?s=96&d=mm&r=g","caption":"Prensa G&amp;S FM"},"sameAs":["https:\/\/gysfm.com.ar\/"],"url":"https:\/\/gysfm.com.ar\/inicio\/author\/lucasm\/"}]}},"_links":{"self":[{"href":"https:\/\/gysfm.com.ar\/inicio\/wp-json\/wp\/v2\/posts\/192500","targetHints":{"allow":["GET"]}}],"collection":[{"href":"https:\/\/gysfm.com.ar\/inicio\/wp-json\/wp\/v2\/posts"}],"about":[{"href":"https:\/\/gysfm.com.ar\/inicio\/wp-json\/wp\/v2\/types\/post"}],"author":[{"embeddable":true,"href":"https:\/\/gysfm.com.ar\/inicio\/wp-json\/wp\/v2\/users\/2"}],"replies":[{"embeddable":true,"href":"https:\/\/gysfm.com.ar\/inicio\/wp-json\/wp\/v2\/comments?post=192500"}],"version-history":[{"count":0,"href":"https:\/\/gysfm.com.ar\/inicio\/wp-json\/wp\/v2\/posts\/192500\/revisions"}],"wp:featuredmedia":[{"embeddable":true,"href":"https:\/\/gysfm.com.ar\/inicio\/wp-json\/wp\/v2\/media\/192501"}],"wp:attachment":[{"href":"https:\/\/gysfm.com.ar\/inicio\/wp-json\/wp\/v2\/media?parent=192500"}],"wp:term":[{"taxonomy":"category","embeddable":true,"href":"https:\/\/gysfm.com.ar\/inicio\/wp-json\/wp\/v2\/categories?post=192500"},{"taxonomy":"post_tag","embeddable":true,"href":"https:\/\/gysfm.com.ar\/inicio\/wp-json\/wp\/v2\/tags?post=192500"}],"curies":[{"name":"wp","href":"https:\/\/api.w.org\/{rel}","templated":true}]}}