{"id":192494,"date":"2026-04-23T09:04:19","date_gmt":"2026-04-23T12:04:19","guid":{"rendered":"https:\/\/gysfm.com.ar\/inicio\/heeseung-exmiembro-de-enhypen-hizo-su-primera-aparicion-publica-tras-cambiar-su-nombre-a-evan\/"},"modified":"2026-04-23T09:04:19","modified_gmt":"2026-04-23T12:04:19","slug":"heeseung-exmiembro-de-enhypen-hizo-su-primera-aparicion-publica-tras-cambiar-su-nombre-a-evan","status":"publish","type":"post","link":"https:\/\/gysfm.com.ar\/inicio\/heeseung-exmiembro-de-enhypen-hizo-su-primera-aparicion-publica-tras-cambiar-su-nombre-a-evan\/","title":{"rendered":"Heeseung, exmiembro de ENHYPEN, hizo su primera aparici\u00f3n p\u00fablica tras cambiar su nombre a EVAN"},"content":{"rendered":"<p><\/p>\n<div id=\"article-content\">\n<p>El cantante <a target=\"_blank\" href=\"https:\/\/exitoina.perfil.com\/noticias\/musica\/heeseung-exmiembro-enhypen-solista-nombre-evan.phtml\"><strong>Heeseung<\/strong><\/a>, exmiembro del grupo de K-Pop ENHYPEN, hizo su primera aparici\u00f3n p\u00fablica oficial desde que cambi\u00f3 su nombre art\u00edstico a <strong>EVAN <\/strong>.<\/p>\n<p><strong>Evan <\/strong>asisti\u00f3 a un evento promocional de una marca global de lentes de contacto de colores, que se llev\u00f3 a cabo el 22 en la tienda Musinsa Megastore del distrito de Seongdong, Se\u00fal.<\/p>\n<p>El cantante surcoreano, de 24 a\u00f1os,\u00a0llam\u00f3 la atenci\u00f3n por su cabello rubio. Combin\u00f3 su nuevo nuevo look con un elegante traje negro.<\/p>\n<div style=\"text-align:center\">\n<figure class=\"image\" style=\"display:inline-block\"><img decoding=\"async\" style=\"max-width: 100%; width: 100%;\" alt=\"Evan \" src=\"https:\/\/fotos.perfil.com\/\/2026\/04\/22\/900\/0\/evan-2225971.jpg\" loading=\"lazy\"\/>&#13;<figcaption>Evan (antes\u00a0Heeseung)<\/figcaption>&#13;<br \/>\n<\/figure>\n<\/div>\n<p>Esta aparici\u00f3n es especialmente significativa, ya que marca su primer evento oficial desde que dej\u00f3 ENHYPEN y anunci\u00f3 su carrera en solitario bajo un nuevo nombre.<\/p>\n<p><strong>EVAN\u00a0<\/strong>es un vocalista vers\u00e1til definido por un tono moderno y sofisticado. Debut\u00f3 en 2020 como HEESEUNG de ENHYPEN, y desde entonces se ha labrado una reputaci\u00f3n por su versatilidad vocal, sus habilidades interpretativas y su presencia esc\u00e9nica, antes de abandonar la banda el 10 de marzo para emprender una carrera en solitario.\u00a0<\/p>\n<p>Habiendo mostrado consistentemente su rango creativo a trav\u00e9s de la composici\u00f3n y producci\u00f3n de canciones, ahora est\u00e1 listo para definir un nuevo cap\u00edtulo como artista solista.<\/p>\n<div style=\"text-align:center\">\n<figure class=\"image\" style=\"display:inline-block\"><img decoding=\"async\" style=\"max-width: 100%; width: 100%;\" alt=\"EVAN \" src=\"https:\/\/fotos.perfil.com\/\/2026\/04\/09\/900\/0\/evan-2217986.jpg\" loading=\"lazy\"\/>&#13;<figcaption>EVAN<\/figcaption>&#13;<br \/>\n<\/figure>\n<\/div>\n<p>El nombre &#8216;EVAN&#8217; captura una dimensi\u00f3n alternativa de su identidad y representa la esencia de su arte musical. A trav\u00e9s de esta personalidad, busca compartir un sonido moldeado completamente por su propio color \u00fanico y profundidad emocional.\u00a0<\/p>\n<p>El anuncio provoc\u00f3 reacciones negativas de algunos fans, quienes exigieron que reconsiderara su decisi\u00f3n, pero tanto ENHYPEN como EVAN se han estado preparando desde entonces para continuar sus respectivas carreras por separado.<\/p>\n<p>Por otro lado, EVAN\u00a0ha sido confirmado como parte del cartel de &#8216;<strong>KCON LA 2026&#8242;,<\/strong> \u00a0que tendr\u00e1 lugar en el Crypto.com Arena de Los \u00c1ngeles. Seg\u00fan el cartel oficial del escenario \u00a0&#8216;M Countdown&#8217; , EVAN actuar\u00e1 el domingo 16 de agosto junto a los cabezas de cartel TXT , JO1 , NEXZ , MEOVV , ALLDAY PROJECT y ALPHA DRIVE ONE .<\/p>\n<h2>\u00bfCu\u00e1l es la cuenta de Instagram de Heeseung?<\/h2>\n<p>Adem\u00e1s, EVAN abri\u00f3 su cuenta personal de Instagram:\u00a0<strong><a target=\"_blank\" href=\"https:\/\/www.instagram.com\/h_evva_n\/\">h_evva_n<\/a><\/strong>.<\/p>\n<\/p><\/div>\n<p><script>\n\t(function(d, s, id) {\n\t\tvar js, fjs = d.getElementsByTagName(s)[0];\n\t\tif (d.getElementById(id)) return;\n\t\tjs = d.createElement(s);\n\t\tjs.id = id;\n\t\tjs.src=\"https:\/\/connect.facebook.net\/es_LA\/sdk.js#xfbml=1&version=v3.1\";\n\t\tfjs.parentNode.insertBefore(js, fjs);\n\t}(document, 'script', 'facebook-jssdk'));\n<\/script><script async src=\"\/\/www.instagram.com\/embed.js\"><\/script><\/p>\n","protected":false},"excerpt":{"rendered":"<p>El cantante Heeseung, exmiembro del grupo de K-Pop ENHYPEN, hizo su primera aparici\u00f3n p\u00fablica oficial desde que cambi\u00f3 su nombre art\u00edstico a EVAN . Evan asisti\u00f3 a un evento promocional de una marca global de lentes de contacto de colores, que se llev\u00f3 a cabo el 22 en la tienda Musinsa Megastore del distrito de [&hellip;]<\/p>\n","protected":false},"author":2,"featured_media":192495,"comment_status":"closed","ping_status":"closed","sticky":false,"template":"","format":"standard","meta":{"footnotes":""},"categories":[25],"tags":[],"class_list":["post-192494","post","type-post","status-publish","format-standard","has-post-thumbnail","hentry","category-nacionales"],"yoast_head":"<!-- This site is optimized with the Yoast SEO plugin v24.4 - https:\/\/yoast.com\/wordpress\/plugins\/seo\/ -->\n<title>Heeseung, exmiembro de ENHYPEN, hizo su primera aparici\u00f3n p\u00fablica tras cambiar su nombre a EVAN - GYS NOTICIAS |<\/title>\n<meta name=\"robots\" content=\"index, follow, max-snippet:-1, max-image-preview:large, max-video-preview:-1\" \/>\n<link rel=\"canonical\" href=\"https:\/\/gysfm.com.ar\/inicio\/heeseung-exmiembro-de-enhypen-hizo-su-primera-aparicion-publica-tras-cambiar-su-nombre-a-evan\/\" \/>\n<meta property=\"og:locale\" content=\"es_ES\" \/>\n<meta property=\"og:type\" content=\"article\" \/>\n<meta property=\"og:title\" content=\"Heeseung, exmiembro de ENHYPEN, hizo su primera aparici\u00f3n p\u00fablica tras cambiar su nombre a EVAN - GYS NOTICIAS |\" \/>\n<meta property=\"og:description\" content=\"El cantante Heeseung, exmiembro del grupo de K-Pop ENHYPEN, hizo su primera aparici\u00f3n p\u00fablica oficial desde que cambi\u00f3 su nombre art\u00edstico a EVAN . Evan asisti\u00f3 a un evento promocional de una marca global de lentes de contacto de colores, que se llev\u00f3 a cabo el 22 en la tienda Musinsa Megastore del distrito de [&hellip;]\" \/>\n<meta property=\"og:url\" content=\"https:\/\/gysfm.com.ar\/inicio\/heeseung-exmiembro-de-enhypen-hizo-su-primera-aparicion-publica-tras-cambiar-su-nombre-a-evan\/\" \/>\n<meta property=\"og:site_name\" content=\"GYS NOTICIAS |\" \/>\n<meta property=\"article:published_time\" content=\"2026-04-23T12:04:19+00:00\" \/>\n<meta property=\"og:image\" content=\"https:\/\/fotos.perfil.com\/\/2026\/04\/22\/900\/0\/evan-2225971.jpg\" \/>\n<meta name=\"author\" content=\"Prensa G&amp;S FM\" \/>\n<meta name=\"twitter:card\" content=\"summary_large_image\" \/>\n<meta name=\"twitter:label1\" content=\"Escrito por\" \/>\n\t<meta name=\"twitter:data1\" content=\"Prensa G&amp;S FM\" \/>\n\t<meta name=\"twitter:label2\" content=\"Tiempo de lectura\" \/>\n\t<meta name=\"twitter:data2\" content=\"2 minutos\" \/>\n<script type=\"application\/ld+json\" class=\"yoast-schema-graph\">{\"@context\":\"https:\/\/schema.org\",\"@graph\":[{\"@type\":\"Article\",\"@id\":\"https:\/\/gysfm.com.ar\/inicio\/heeseung-exmiembro-de-enhypen-hizo-su-primera-aparicion-publica-tras-cambiar-su-nombre-a-evan\/#article\",\"isPartOf\":{\"@id\":\"https:\/\/gysfm.com.ar\/inicio\/heeseung-exmiembro-de-enhypen-hizo-su-primera-aparicion-publica-tras-cambiar-su-nombre-a-evan\/\"},\"author\":{\"name\":\"Prensa G&amp;S FM\",\"@id\":\"https:\/\/gysfm.com.ar\/inicio\/#\/schema\/person\/3abba7593ef2ad19e1be221d54383dc5\"},\"headline\":\"Heeseung, exmiembro de ENHYPEN, hizo su primera aparici\u00f3n p\u00fablica tras cambiar su nombre a EVAN\",\"datePublished\":\"2026-04-23T12:04:19+00:00\",\"mainEntityOfPage\":{\"@id\":\"https:\/\/gysfm.com.ar\/inicio\/heeseung-exmiembro-de-enhypen-hizo-su-primera-aparicion-publica-tras-cambiar-su-nombre-a-evan\/\"},\"wordCount\":364,\"publisher\":{\"@id\":\"https:\/\/gysfm.com.ar\/inicio\/#organization\"},\"image\":{\"@id\":\"https:\/\/gysfm.com.ar\/inicio\/heeseung-exmiembro-de-enhypen-hizo-su-primera-aparicion-publica-tras-cambiar-su-nombre-a-evan\/#primaryimage\"},\"thumbnailUrl\":\"https:\/\/gysfm.com.ar\/inicio\/wp-content\/uploads\/2026\/04\/evan-2225970.jpg\",\"articleSection\":[\"NACIONALES\"],\"inLanguage\":\"es\"},{\"@type\":\"WebPage\",\"@id\":\"https:\/\/gysfm.com.ar\/inicio\/heeseung-exmiembro-de-enhypen-hizo-su-primera-aparicion-publica-tras-cambiar-su-nombre-a-evan\/\",\"url\":\"https:\/\/gysfm.com.ar\/inicio\/heeseung-exmiembro-de-enhypen-hizo-su-primera-aparicion-publica-tras-cambiar-su-nombre-a-evan\/\",\"name\":\"Heeseung, exmiembro de ENHYPEN, hizo su primera aparici\u00f3n p\u00fablica tras cambiar su nombre a EVAN - GYS NOTICIAS |\",\"isPartOf\":{\"@id\":\"https:\/\/gysfm.com.ar\/inicio\/#website\"},\"primaryImageOfPage\":{\"@id\":\"https:\/\/gysfm.com.ar\/inicio\/heeseung-exmiembro-de-enhypen-hizo-su-primera-aparicion-publica-tras-cambiar-su-nombre-a-evan\/#primaryimage\"},\"image\":{\"@id\":\"https:\/\/gysfm.com.ar\/inicio\/heeseung-exmiembro-de-enhypen-hizo-su-primera-aparicion-publica-tras-cambiar-su-nombre-a-evan\/#primaryimage\"},\"thumbnailUrl\":\"https:\/\/gysfm.com.ar\/inicio\/wp-content\/uploads\/2026\/04\/evan-2225970.jpg\",\"datePublished\":\"2026-04-23T12:04:19+00:00\",\"breadcrumb\":{\"@id\":\"https:\/\/gysfm.com.ar\/inicio\/heeseung-exmiembro-de-enhypen-hizo-su-primera-aparicion-publica-tras-cambiar-su-nombre-a-evan\/#breadcrumb\"},\"inLanguage\":\"es\",\"potentialAction\":[{\"@type\":\"ReadAction\",\"target\":[\"https:\/\/gysfm.com.ar\/inicio\/heeseung-exmiembro-de-enhypen-hizo-su-primera-aparicion-publica-tras-cambiar-su-nombre-a-evan\/\"]}]},{\"@type\":\"ImageObject\",\"inLanguage\":\"es\",\"@id\":\"https:\/\/gysfm.com.ar\/inicio\/heeseung-exmiembro-de-enhypen-hizo-su-primera-aparicion-publica-tras-cambiar-su-nombre-a-evan\/#primaryimage\",\"url\":\"https:\/\/gysfm.com.ar\/inicio\/wp-content\/uploads\/2026\/04\/evan-2225970.jpg\",\"contentUrl\":\"https:\/\/gysfm.com.ar\/inicio\/wp-content\/uploads\/2026\/04\/evan-2225970.jpg\",\"width\":1140,\"height\":641},{\"@type\":\"BreadcrumbList\",\"@id\":\"https:\/\/gysfm.com.ar\/inicio\/heeseung-exmiembro-de-enhypen-hizo-su-primera-aparicion-publica-tras-cambiar-su-nombre-a-evan\/#breadcrumb\",\"itemListElement\":[{\"@type\":\"ListItem\",\"position\":1,\"name\":\"Portada\",\"item\":\"https:\/\/gysfm.com.ar\/inicio\/\"},{\"@type\":\"ListItem\",\"position\":2,\"name\":\"Heeseung, exmiembro de ENHYPEN, hizo su primera aparici\u00f3n p\u00fablica tras cambiar su nombre a EVAN\"}]},{\"@type\":\"WebSite\",\"@id\":\"https:\/\/gysfm.com.ar\/inicio\/#website\",\"url\":\"https:\/\/gysfm.com.ar\/inicio\/\",\"name\":\"GYS NOTICIAS |\",\"description\":\"DIARIO - RADIO ONLINE SAN JUAN ARGENTINA\",\"publisher\":{\"@id\":\"https:\/\/gysfm.com.ar\/inicio\/#organization\"},\"potentialAction\":[{\"@type\":\"SearchAction\",\"target\":{\"@type\":\"EntryPoint\",\"urlTemplate\":\"https:\/\/gysfm.com.ar\/inicio\/?s={search_term_string}\"},\"query-input\":{\"@type\":\"PropertyValueSpecification\",\"valueRequired\":true,\"valueName\":\"search_term_string\"}}],\"inLanguage\":\"es\"},{\"@type\":\"Organization\",\"@id\":\"https:\/\/gysfm.com.ar\/inicio\/#organization\",\"name\":\"GYS NOTICIAS |\",\"url\":\"https:\/\/gysfm.com.ar\/inicio\/\",\"logo\":{\"@type\":\"ImageObject\",\"inLanguage\":\"es\",\"@id\":\"https:\/\/gysfm.com.ar\/inicio\/#\/schema\/logo\/image\/\",\"url\":\"https:\/\/gysfm.com.ar\/inicio\/wp-content\/uploads\/2023\/07\/LOGOGYS-OK.png\",\"contentUrl\":\"https:\/\/gysfm.com.ar\/inicio\/wp-content\/uploads\/2023\/07\/LOGOGYS-OK.png\",\"width\":1170,\"height\":872,\"caption\":\"GYS NOTICIAS |\"},\"image\":{\"@id\":\"https:\/\/gysfm.com.ar\/inicio\/#\/schema\/logo\/image\/\"}},{\"@type\":\"Person\",\"@id\":\"https:\/\/gysfm.com.ar\/inicio\/#\/schema\/person\/3abba7593ef2ad19e1be221d54383dc5\",\"name\":\"Prensa G&amp;S FM\",\"image\":{\"@type\":\"ImageObject\",\"inLanguage\":\"es\",\"@id\":\"https:\/\/gysfm.com.ar\/inicio\/#\/schema\/person\/image\/\",\"url\":\"https:\/\/secure.gravatar.com\/avatar\/096ec78df02049ab018702bb4ccedf659377fa92a26540b5247612077a0dbd29?s=96&d=mm&r=g\",\"contentUrl\":\"https:\/\/secure.gravatar.com\/avatar\/096ec78df02049ab018702bb4ccedf659377fa92a26540b5247612077a0dbd29?s=96&d=mm&r=g\",\"caption\":\"Prensa G&amp;S FM\"},\"sameAs\":[\"https:\/\/gysfm.com.ar\/\"],\"url\":\"https:\/\/gysfm.com.ar\/inicio\/author\/lucasm\/\"}]}<\/script>\n<!-- \/ Yoast SEO plugin. -->","yoast_head_json":{"title":"Heeseung, exmiembro de ENHYPEN, hizo su primera aparici\u00f3n p\u00fablica tras cambiar su nombre a EVAN - GYS NOTICIAS |","robots":{"index":"index","follow":"follow","max-snippet":"max-snippet:-1","max-image-preview":"max-image-preview:large","max-video-preview":"max-video-preview:-1"},"canonical":"https:\/\/gysfm.com.ar\/inicio\/heeseung-exmiembro-de-enhypen-hizo-su-primera-aparicion-publica-tras-cambiar-su-nombre-a-evan\/","og_locale":"es_ES","og_type":"article","og_title":"Heeseung, exmiembro de ENHYPEN, hizo su primera aparici\u00f3n p\u00fablica tras cambiar su nombre a EVAN - GYS NOTICIAS |","og_description":"El cantante Heeseung, exmiembro del grupo de K-Pop ENHYPEN, hizo su primera aparici\u00f3n p\u00fablica oficial desde que cambi\u00f3 su nombre art\u00edstico a EVAN . Evan asisti\u00f3 a un evento promocional de una marca global de lentes de contacto de colores, que se llev\u00f3 a cabo el 22 en la tienda Musinsa Megastore del distrito de [&hellip;]","og_url":"https:\/\/gysfm.com.ar\/inicio\/heeseung-exmiembro-de-enhypen-hizo-su-primera-aparicion-publica-tras-cambiar-su-nombre-a-evan\/","og_site_name":"GYS NOTICIAS |","article_published_time":"2026-04-23T12:04:19+00:00","og_image":[{"url":"https:\/\/fotos.perfil.com\/\/2026\/04\/22\/900\/0\/evan-2225971.jpg","type":"","width":"","height":""}],"author":"Prensa G&amp;S FM","twitter_card":"summary_large_image","twitter_misc":{"Escrito por":"Prensa G&amp;S FM","Tiempo de lectura":"2 minutos"},"schema":{"@context":"https:\/\/schema.org","@graph":[{"@type":"Article","@id":"https:\/\/gysfm.com.ar\/inicio\/heeseung-exmiembro-de-enhypen-hizo-su-primera-aparicion-publica-tras-cambiar-su-nombre-a-evan\/#article","isPartOf":{"@id":"https:\/\/gysfm.com.ar\/inicio\/heeseung-exmiembro-de-enhypen-hizo-su-primera-aparicion-publica-tras-cambiar-su-nombre-a-evan\/"},"author":{"name":"Prensa G&amp;S FM","@id":"https:\/\/gysfm.com.ar\/inicio\/#\/schema\/person\/3abba7593ef2ad19e1be221d54383dc5"},"headline":"Heeseung, exmiembro de ENHYPEN, hizo su primera aparici\u00f3n p\u00fablica tras cambiar su nombre a EVAN","datePublished":"2026-04-23T12:04:19+00:00","mainEntityOfPage":{"@id":"https:\/\/gysfm.com.ar\/inicio\/heeseung-exmiembro-de-enhypen-hizo-su-primera-aparicion-publica-tras-cambiar-su-nombre-a-evan\/"},"wordCount":364,"publisher":{"@id":"https:\/\/gysfm.com.ar\/inicio\/#organization"},"image":{"@id":"https:\/\/gysfm.com.ar\/inicio\/heeseung-exmiembro-de-enhypen-hizo-su-primera-aparicion-publica-tras-cambiar-su-nombre-a-evan\/#primaryimage"},"thumbnailUrl":"https:\/\/gysfm.com.ar\/inicio\/wp-content\/uploads\/2026\/04\/evan-2225970.jpg","articleSection":["NACIONALES"],"inLanguage":"es"},{"@type":"WebPage","@id":"https:\/\/gysfm.com.ar\/inicio\/heeseung-exmiembro-de-enhypen-hizo-su-primera-aparicion-publica-tras-cambiar-su-nombre-a-evan\/","url":"https:\/\/gysfm.com.ar\/inicio\/heeseung-exmiembro-de-enhypen-hizo-su-primera-aparicion-publica-tras-cambiar-su-nombre-a-evan\/","name":"Heeseung, exmiembro de ENHYPEN, hizo su primera aparici\u00f3n p\u00fablica tras cambiar su nombre a EVAN - GYS NOTICIAS |","isPartOf":{"@id":"https:\/\/gysfm.com.ar\/inicio\/#website"},"primaryImageOfPage":{"@id":"https:\/\/gysfm.com.ar\/inicio\/heeseung-exmiembro-de-enhypen-hizo-su-primera-aparicion-publica-tras-cambiar-su-nombre-a-evan\/#primaryimage"},"image":{"@id":"https:\/\/gysfm.com.ar\/inicio\/heeseung-exmiembro-de-enhypen-hizo-su-primera-aparicion-publica-tras-cambiar-su-nombre-a-evan\/#primaryimage"},"thumbnailUrl":"https:\/\/gysfm.com.ar\/inicio\/wp-content\/uploads\/2026\/04\/evan-2225970.jpg","datePublished":"2026-04-23T12:04:19+00:00","breadcrumb":{"@id":"https:\/\/gysfm.com.ar\/inicio\/heeseung-exmiembro-de-enhypen-hizo-su-primera-aparicion-publica-tras-cambiar-su-nombre-a-evan\/#breadcrumb"},"inLanguage":"es","potentialAction":[{"@type":"ReadAction","target":["https:\/\/gysfm.com.ar\/inicio\/heeseung-exmiembro-de-enhypen-hizo-su-primera-aparicion-publica-tras-cambiar-su-nombre-a-evan\/"]}]},{"@type":"ImageObject","inLanguage":"es","@id":"https:\/\/gysfm.com.ar\/inicio\/heeseung-exmiembro-de-enhypen-hizo-su-primera-aparicion-publica-tras-cambiar-su-nombre-a-evan\/#primaryimage","url":"https:\/\/gysfm.com.ar\/inicio\/wp-content\/uploads\/2026\/04\/evan-2225970.jpg","contentUrl":"https:\/\/gysfm.com.ar\/inicio\/wp-content\/uploads\/2026\/04\/evan-2225970.jpg","width":1140,"height":641},{"@type":"BreadcrumbList","@id":"https:\/\/gysfm.com.ar\/inicio\/heeseung-exmiembro-de-enhypen-hizo-su-primera-aparicion-publica-tras-cambiar-su-nombre-a-evan\/#breadcrumb","itemListElement":[{"@type":"ListItem","position":1,"name":"Portada","item":"https:\/\/gysfm.com.ar\/inicio\/"},{"@type":"ListItem","position":2,"name":"Heeseung, exmiembro de ENHYPEN, hizo su primera aparici\u00f3n p\u00fablica tras cambiar su nombre a EVAN"}]},{"@type":"WebSite","@id":"https:\/\/gysfm.com.ar\/inicio\/#website","url":"https:\/\/gysfm.com.ar\/inicio\/","name":"GYS NOTICIAS |","description":"DIARIO - RADIO ONLINE SAN JUAN ARGENTINA","publisher":{"@id":"https:\/\/gysfm.com.ar\/inicio\/#organization"},"potentialAction":[{"@type":"SearchAction","target":{"@type":"EntryPoint","urlTemplate":"https:\/\/gysfm.com.ar\/inicio\/?s={search_term_string}"},"query-input":{"@type":"PropertyValueSpecification","valueRequired":true,"valueName":"search_term_string"}}],"inLanguage":"es"},{"@type":"Organization","@id":"https:\/\/gysfm.com.ar\/inicio\/#organization","name":"GYS NOTICIAS |","url":"https:\/\/gysfm.com.ar\/inicio\/","logo":{"@type":"ImageObject","inLanguage":"es","@id":"https:\/\/gysfm.com.ar\/inicio\/#\/schema\/logo\/image\/","url":"https:\/\/gysfm.com.ar\/inicio\/wp-content\/uploads\/2023\/07\/LOGOGYS-OK.png","contentUrl":"https:\/\/gysfm.com.ar\/inicio\/wp-content\/uploads\/2023\/07\/LOGOGYS-OK.png","width":1170,"height":872,"caption":"GYS NOTICIAS |"},"image":{"@id":"https:\/\/gysfm.com.ar\/inicio\/#\/schema\/logo\/image\/"}},{"@type":"Person","@id":"https:\/\/gysfm.com.ar\/inicio\/#\/schema\/person\/3abba7593ef2ad19e1be221d54383dc5","name":"Prensa G&amp;S FM","image":{"@type":"ImageObject","inLanguage":"es","@id":"https:\/\/gysfm.com.ar\/inicio\/#\/schema\/person\/image\/","url":"https:\/\/secure.gravatar.com\/avatar\/096ec78df02049ab018702bb4ccedf659377fa92a26540b5247612077a0dbd29?s=96&d=mm&r=g","contentUrl":"https:\/\/secure.gravatar.com\/avatar\/096ec78df02049ab018702bb4ccedf659377fa92a26540b5247612077a0dbd29?s=96&d=mm&r=g","caption":"Prensa G&amp;S FM"},"sameAs":["https:\/\/gysfm.com.ar\/"],"url":"https:\/\/gysfm.com.ar\/inicio\/author\/lucasm\/"}]}},"_links":{"self":[{"href":"https:\/\/gysfm.com.ar\/inicio\/wp-json\/wp\/v2\/posts\/192494","targetHints":{"allow":["GET"]}}],"collection":[{"href":"https:\/\/gysfm.com.ar\/inicio\/wp-json\/wp\/v2\/posts"}],"about":[{"href":"https:\/\/gysfm.com.ar\/inicio\/wp-json\/wp\/v2\/types\/post"}],"author":[{"embeddable":true,"href":"https:\/\/gysfm.com.ar\/inicio\/wp-json\/wp\/v2\/users\/2"}],"replies":[{"embeddable":true,"href":"https:\/\/gysfm.com.ar\/inicio\/wp-json\/wp\/v2\/comments?post=192494"}],"version-history":[{"count":0,"href":"https:\/\/gysfm.com.ar\/inicio\/wp-json\/wp\/v2\/posts\/192494\/revisions"}],"wp:featuredmedia":[{"embeddable":true,"href":"https:\/\/gysfm.com.ar\/inicio\/wp-json\/wp\/v2\/media\/192495"}],"wp:attachment":[{"href":"https:\/\/gysfm.com.ar\/inicio\/wp-json\/wp\/v2\/media?parent=192494"}],"wp:term":[{"taxonomy":"category","embeddable":true,"href":"https:\/\/gysfm.com.ar\/inicio\/wp-json\/wp\/v2\/categories?post=192494"},{"taxonomy":"post_tag","embeddable":true,"href":"https:\/\/gysfm.com.ar\/inicio\/wp-json\/wp\/v2\/tags?post=192494"}],"curies":[{"name":"wp","href":"https:\/\/api.w.org\/{rel}","templated":true}]}}