{"id":192492,"date":"2026-04-23T08:33:18","date_gmt":"2026-04-23T11:33:18","guid":{"rendered":"https:\/\/gysfm.com.ar\/inicio\/taeyang-de-bigbang-lanzara-un-nuevo-album-en-solitario-en-mayo\/"},"modified":"2026-04-23T08:33:18","modified_gmt":"2026-04-23T11:33:18","slug":"taeyang-de-bigbang-lanzara-un-nuevo-album-en-solitario-en-mayo","status":"publish","type":"post","link":"https:\/\/gysfm.com.ar\/inicio\/taeyang-de-bigbang-lanzara-un-nuevo-album-en-solitario-en-mayo\/","title":{"rendered":"Taeyang, de BIGBANG, lanzar\u00e1 un nuevo \u00e1lbum en solitario en mayo"},"content":{"rendered":"<p><\/p>\n<div id=\"article-content\">\n<p><a target=\"_blank\" href=\"https:\/\/exitoina.perfil.com\/noticias\/musica\/grupo-bigbang-reyes-k-pop-gira-mundial-durante-su-ultima-actuacion-coachella.phtml\"><strong>Taeyang<\/strong><\/a>, integrante del veterano grupo de K-pop BIGBANG, lanzar\u00e1 su nuevo \u00e1lbum en solitario el 18 de mayo, inform\u00f3, este martes, su agencia de representaci\u00f3n, The Black Label.<\/p>\n<p>El nuevo disco, titulado <strong>\u00abQuintessence\u00bb<\/strong>, ser\u00e1 el cuarto \u00e1lbum en solitario de larga duraci\u00f3n del cantante. Supone, adem\u00e1s, su primer lanzamiento en unos tres a\u00f1os desde su \u00e1lbum de reproducci\u00f3n extendida \u00abDown to Earth\u00bb, en 2023, y su primer \u00e1lbum de estudio en casi nueve a\u00f1os desde \u00abWhite Night\u00bb, de 2017.<\/p>\n<div style=\"text-align:center\">\n<figure class=\"image\" style=\"display:inline-block\"><img decoding=\"async\" style=\"max-width: 100%; width: 100%;\" alt=\"Quintessence Taeyang\" src=\"https:\/\/fotos.perfil.com\/\/2026\/04\/22\/900\/0\/quintessence-taeyang-2225964.jpg\" loading=\"lazy\"\/>&#13;<figcaption>Quintessence de Taeyang<\/figcaption>&#13;<br \/>\n<\/figure>\n<\/div>\n<p><strong>\u00abA trav\u00e9s de &#8216;Quintessence&#8217;, Taeyang mostrar\u00e1 sus capacidades como artista solista polifac\u00e9tico y presentar\u00e1 un nuevo mundo musical propio\u00bb<\/strong>, se\u00f1al\u00f3 la agencia.<\/p>\n<p>El cantante, quien debut\u00f3 con BIGBANG en 2006, celebra este a\u00f1o el 20\u00ba aniversario de su debut.<\/p>\n<p>El grupo actu\u00f3 recientemente en el Festival de M\u00fasica y Artes de Coachella Valley, en Indio, California, los d\u00edas 12 y 19 de abril (hora local), donde tambi\u00e9n anunci\u00f3 planes para un nuevo \u00e1lbum y una gira mundial.<\/p>\n<\/p><\/div>\n<p><script>\n\t(function(d, s, id) {\n\t\tvar js, fjs = d.getElementsByTagName(s)[0];\n\t\tif (d.getElementById(id)) return;\n\t\tjs = d.createElement(s);\n\t\tjs.id = id;\n\t\tjs.src=\"https:\/\/connect.facebook.net\/es_LA\/sdk.js#xfbml=1&version=v3.1\";\n\t\tfjs.parentNode.insertBefore(js, fjs);\n\t}(document, 'script', 'facebook-jssdk'));\n<\/script><\/p>\n","protected":false},"excerpt":{"rendered":"<p>Taeyang, integrante del veterano grupo de K-pop BIGBANG, lanzar\u00e1 su nuevo \u00e1lbum en solitario el 18 de mayo, inform\u00f3, este martes, su agencia de representaci\u00f3n, The Black Label. El nuevo disco, titulado \u00abQuintessence\u00bb, ser\u00e1 el cuarto \u00e1lbum en solitario de larga duraci\u00f3n del cantante. Supone, adem\u00e1s, su primer lanzamiento en unos tres a\u00f1os desde su [&hellip;]<\/p>\n","protected":false},"author":2,"featured_media":192493,"comment_status":"closed","ping_status":"closed","sticky":false,"template":"","format":"standard","meta":{"footnotes":""},"categories":[25],"tags":[],"class_list":["post-192492","post","type-post","status-publish","format-standard","has-post-thumbnail","hentry","category-nacionales"],"yoast_head":"<!-- This site is optimized with the Yoast SEO plugin v24.4 - https:\/\/yoast.com\/wordpress\/plugins\/seo\/ -->\n<title>Taeyang, de BIGBANG, lanzar\u00e1 un nuevo \u00e1lbum en solitario en mayo - GYS NOTICIAS |<\/title>\n<meta name=\"robots\" content=\"index, follow, max-snippet:-1, max-image-preview:large, max-video-preview:-1\" \/>\n<link rel=\"canonical\" href=\"https:\/\/gysfm.com.ar\/inicio\/taeyang-de-bigbang-lanzara-un-nuevo-album-en-solitario-en-mayo\/\" \/>\n<meta property=\"og:locale\" content=\"es_ES\" \/>\n<meta property=\"og:type\" content=\"article\" \/>\n<meta property=\"og:title\" content=\"Taeyang, de BIGBANG, lanzar\u00e1 un nuevo \u00e1lbum en solitario en mayo - GYS NOTICIAS |\" \/>\n<meta property=\"og:description\" content=\"Taeyang, integrante del veterano grupo de K-pop BIGBANG, lanzar\u00e1 su nuevo \u00e1lbum en solitario el 18 de mayo, inform\u00f3, este martes, su agencia de representaci\u00f3n, The Black Label. El nuevo disco, titulado \u00abQuintessence\u00bb, ser\u00e1 el cuarto \u00e1lbum en solitario de larga duraci\u00f3n del cantante. Supone, adem\u00e1s, su primer lanzamiento en unos tres a\u00f1os desde su [&hellip;]\" \/>\n<meta property=\"og:url\" content=\"https:\/\/gysfm.com.ar\/inicio\/taeyang-de-bigbang-lanzara-un-nuevo-album-en-solitario-en-mayo\/\" \/>\n<meta property=\"og:site_name\" content=\"GYS NOTICIAS |\" \/>\n<meta property=\"article:published_time\" content=\"2026-04-23T11:33:18+00:00\" \/>\n<meta property=\"og:image\" content=\"https:\/\/fotos.perfil.com\/\/2026\/04\/22\/900\/0\/quintessence-taeyang-2225964.jpg\" \/>\n<meta name=\"author\" content=\"Prensa G&amp;S FM\" \/>\n<meta name=\"twitter:card\" content=\"summary_large_image\" \/>\n<meta name=\"twitter:label1\" content=\"Escrito por\" \/>\n\t<meta name=\"twitter:data1\" content=\"Prensa G&amp;S FM\" \/>\n\t<meta name=\"twitter:label2\" content=\"Tiempo de lectura\" \/>\n\t<meta name=\"twitter:data2\" content=\"1 minuto\" \/>\n<script type=\"application\/ld+json\" class=\"yoast-schema-graph\">{\"@context\":\"https:\/\/schema.org\",\"@graph\":[{\"@type\":\"Article\",\"@id\":\"https:\/\/gysfm.com.ar\/inicio\/taeyang-de-bigbang-lanzara-un-nuevo-album-en-solitario-en-mayo\/#article\",\"isPartOf\":{\"@id\":\"https:\/\/gysfm.com.ar\/inicio\/taeyang-de-bigbang-lanzara-un-nuevo-album-en-solitario-en-mayo\/\"},\"author\":{\"name\":\"Prensa G&amp;S FM\",\"@id\":\"https:\/\/gysfm.com.ar\/inicio\/#\/schema\/person\/3abba7593ef2ad19e1be221d54383dc5\"},\"headline\":\"Taeyang, de BIGBANG, lanzar\u00e1 un nuevo \u00e1lbum en solitario en mayo\",\"datePublished\":\"2026-04-23T11:33:18+00:00\",\"mainEntityOfPage\":{\"@id\":\"https:\/\/gysfm.com.ar\/inicio\/taeyang-de-bigbang-lanzara-un-nuevo-album-en-solitario-en-mayo\/\"},\"wordCount\":176,\"publisher\":{\"@id\":\"https:\/\/gysfm.com.ar\/inicio\/#organization\"},\"image\":{\"@id\":\"https:\/\/gysfm.com.ar\/inicio\/taeyang-de-bigbang-lanzara-un-nuevo-album-en-solitario-en-mayo\/#primaryimage\"},\"thumbnailUrl\":\"https:\/\/gysfm.com.ar\/inicio\/wp-content\/uploads\/2026\/04\/taeyang-2225967.jpg\",\"articleSection\":[\"NACIONALES\"],\"inLanguage\":\"es\"},{\"@type\":\"WebPage\",\"@id\":\"https:\/\/gysfm.com.ar\/inicio\/taeyang-de-bigbang-lanzara-un-nuevo-album-en-solitario-en-mayo\/\",\"url\":\"https:\/\/gysfm.com.ar\/inicio\/taeyang-de-bigbang-lanzara-un-nuevo-album-en-solitario-en-mayo\/\",\"name\":\"Taeyang, de BIGBANG, lanzar\u00e1 un nuevo \u00e1lbum en solitario en mayo - GYS NOTICIAS |\",\"isPartOf\":{\"@id\":\"https:\/\/gysfm.com.ar\/inicio\/#website\"},\"primaryImageOfPage\":{\"@id\":\"https:\/\/gysfm.com.ar\/inicio\/taeyang-de-bigbang-lanzara-un-nuevo-album-en-solitario-en-mayo\/#primaryimage\"},\"image\":{\"@id\":\"https:\/\/gysfm.com.ar\/inicio\/taeyang-de-bigbang-lanzara-un-nuevo-album-en-solitario-en-mayo\/#primaryimage\"},\"thumbnailUrl\":\"https:\/\/gysfm.com.ar\/inicio\/wp-content\/uploads\/2026\/04\/taeyang-2225967.jpg\",\"datePublished\":\"2026-04-23T11:33:18+00:00\",\"breadcrumb\":{\"@id\":\"https:\/\/gysfm.com.ar\/inicio\/taeyang-de-bigbang-lanzara-un-nuevo-album-en-solitario-en-mayo\/#breadcrumb\"},\"inLanguage\":\"es\",\"potentialAction\":[{\"@type\":\"ReadAction\",\"target\":[\"https:\/\/gysfm.com.ar\/inicio\/taeyang-de-bigbang-lanzara-un-nuevo-album-en-solitario-en-mayo\/\"]}]},{\"@type\":\"ImageObject\",\"inLanguage\":\"es\",\"@id\":\"https:\/\/gysfm.com.ar\/inicio\/taeyang-de-bigbang-lanzara-un-nuevo-album-en-solitario-en-mayo\/#primaryimage\",\"url\":\"https:\/\/gysfm.com.ar\/inicio\/wp-content\/uploads\/2026\/04\/taeyang-2225967.jpg\",\"contentUrl\":\"https:\/\/gysfm.com.ar\/inicio\/wp-content\/uploads\/2026\/04\/taeyang-2225967.jpg\",\"width\":1140,\"height\":641},{\"@type\":\"BreadcrumbList\",\"@id\":\"https:\/\/gysfm.com.ar\/inicio\/taeyang-de-bigbang-lanzara-un-nuevo-album-en-solitario-en-mayo\/#breadcrumb\",\"itemListElement\":[{\"@type\":\"ListItem\",\"position\":1,\"name\":\"Portada\",\"item\":\"https:\/\/gysfm.com.ar\/inicio\/\"},{\"@type\":\"ListItem\",\"position\":2,\"name\":\"Taeyang, de BIGBANG, lanzar\u00e1 un nuevo \u00e1lbum en solitario en mayo\"}]},{\"@type\":\"WebSite\",\"@id\":\"https:\/\/gysfm.com.ar\/inicio\/#website\",\"url\":\"https:\/\/gysfm.com.ar\/inicio\/\",\"name\":\"GYS NOTICIAS |\",\"description\":\"DIARIO - RADIO ONLINE SAN JUAN ARGENTINA\",\"publisher\":{\"@id\":\"https:\/\/gysfm.com.ar\/inicio\/#organization\"},\"potentialAction\":[{\"@type\":\"SearchAction\",\"target\":{\"@type\":\"EntryPoint\",\"urlTemplate\":\"https:\/\/gysfm.com.ar\/inicio\/?s={search_term_string}\"},\"query-input\":{\"@type\":\"PropertyValueSpecification\",\"valueRequired\":true,\"valueName\":\"search_term_string\"}}],\"inLanguage\":\"es\"},{\"@type\":\"Organization\",\"@id\":\"https:\/\/gysfm.com.ar\/inicio\/#organization\",\"name\":\"GYS NOTICIAS |\",\"url\":\"https:\/\/gysfm.com.ar\/inicio\/\",\"logo\":{\"@type\":\"ImageObject\",\"inLanguage\":\"es\",\"@id\":\"https:\/\/gysfm.com.ar\/inicio\/#\/schema\/logo\/image\/\",\"url\":\"https:\/\/gysfm.com.ar\/inicio\/wp-content\/uploads\/2023\/07\/LOGOGYS-OK.png\",\"contentUrl\":\"https:\/\/gysfm.com.ar\/inicio\/wp-content\/uploads\/2023\/07\/LOGOGYS-OK.png\",\"width\":1170,\"height\":872,\"caption\":\"GYS NOTICIAS |\"},\"image\":{\"@id\":\"https:\/\/gysfm.com.ar\/inicio\/#\/schema\/logo\/image\/\"}},{\"@type\":\"Person\",\"@id\":\"https:\/\/gysfm.com.ar\/inicio\/#\/schema\/person\/3abba7593ef2ad19e1be221d54383dc5\",\"name\":\"Prensa G&amp;S FM\",\"image\":{\"@type\":\"ImageObject\",\"inLanguage\":\"es\",\"@id\":\"https:\/\/gysfm.com.ar\/inicio\/#\/schema\/person\/image\/\",\"url\":\"https:\/\/secure.gravatar.com\/avatar\/096ec78df02049ab018702bb4ccedf659377fa92a26540b5247612077a0dbd29?s=96&d=mm&r=g\",\"contentUrl\":\"https:\/\/secure.gravatar.com\/avatar\/096ec78df02049ab018702bb4ccedf659377fa92a26540b5247612077a0dbd29?s=96&d=mm&r=g\",\"caption\":\"Prensa G&amp;S FM\"},\"sameAs\":[\"https:\/\/gysfm.com.ar\/\"],\"url\":\"https:\/\/gysfm.com.ar\/inicio\/author\/lucasm\/\"}]}<\/script>\n<!-- \/ Yoast SEO plugin. -->","yoast_head_json":{"title":"Taeyang, de BIGBANG, lanzar\u00e1 un nuevo \u00e1lbum en solitario en mayo - GYS NOTICIAS |","robots":{"index":"index","follow":"follow","max-snippet":"max-snippet:-1","max-image-preview":"max-image-preview:large","max-video-preview":"max-video-preview:-1"},"canonical":"https:\/\/gysfm.com.ar\/inicio\/taeyang-de-bigbang-lanzara-un-nuevo-album-en-solitario-en-mayo\/","og_locale":"es_ES","og_type":"article","og_title":"Taeyang, de BIGBANG, lanzar\u00e1 un nuevo \u00e1lbum en solitario en mayo - GYS NOTICIAS |","og_description":"Taeyang, integrante del veterano grupo de K-pop BIGBANG, lanzar\u00e1 su nuevo \u00e1lbum en solitario el 18 de mayo, inform\u00f3, este martes, su agencia de representaci\u00f3n, The Black Label. El nuevo disco, titulado \u00abQuintessence\u00bb, ser\u00e1 el cuarto \u00e1lbum en solitario de larga duraci\u00f3n del cantante. Supone, adem\u00e1s, su primer lanzamiento en unos tres a\u00f1os desde su [&hellip;]","og_url":"https:\/\/gysfm.com.ar\/inicio\/taeyang-de-bigbang-lanzara-un-nuevo-album-en-solitario-en-mayo\/","og_site_name":"GYS NOTICIAS |","article_published_time":"2026-04-23T11:33:18+00:00","og_image":[{"url":"https:\/\/fotos.perfil.com\/\/2026\/04\/22\/900\/0\/quintessence-taeyang-2225964.jpg","type":"","width":"","height":""}],"author":"Prensa G&amp;S FM","twitter_card":"summary_large_image","twitter_misc":{"Escrito por":"Prensa G&amp;S FM","Tiempo de lectura":"1 minuto"},"schema":{"@context":"https:\/\/schema.org","@graph":[{"@type":"Article","@id":"https:\/\/gysfm.com.ar\/inicio\/taeyang-de-bigbang-lanzara-un-nuevo-album-en-solitario-en-mayo\/#article","isPartOf":{"@id":"https:\/\/gysfm.com.ar\/inicio\/taeyang-de-bigbang-lanzara-un-nuevo-album-en-solitario-en-mayo\/"},"author":{"name":"Prensa G&amp;S FM","@id":"https:\/\/gysfm.com.ar\/inicio\/#\/schema\/person\/3abba7593ef2ad19e1be221d54383dc5"},"headline":"Taeyang, de BIGBANG, lanzar\u00e1 un nuevo \u00e1lbum en solitario en mayo","datePublished":"2026-04-23T11:33:18+00:00","mainEntityOfPage":{"@id":"https:\/\/gysfm.com.ar\/inicio\/taeyang-de-bigbang-lanzara-un-nuevo-album-en-solitario-en-mayo\/"},"wordCount":176,"publisher":{"@id":"https:\/\/gysfm.com.ar\/inicio\/#organization"},"image":{"@id":"https:\/\/gysfm.com.ar\/inicio\/taeyang-de-bigbang-lanzara-un-nuevo-album-en-solitario-en-mayo\/#primaryimage"},"thumbnailUrl":"https:\/\/gysfm.com.ar\/inicio\/wp-content\/uploads\/2026\/04\/taeyang-2225967.jpg","articleSection":["NACIONALES"],"inLanguage":"es"},{"@type":"WebPage","@id":"https:\/\/gysfm.com.ar\/inicio\/taeyang-de-bigbang-lanzara-un-nuevo-album-en-solitario-en-mayo\/","url":"https:\/\/gysfm.com.ar\/inicio\/taeyang-de-bigbang-lanzara-un-nuevo-album-en-solitario-en-mayo\/","name":"Taeyang, de BIGBANG, lanzar\u00e1 un nuevo \u00e1lbum en solitario en mayo - GYS NOTICIAS |","isPartOf":{"@id":"https:\/\/gysfm.com.ar\/inicio\/#website"},"primaryImageOfPage":{"@id":"https:\/\/gysfm.com.ar\/inicio\/taeyang-de-bigbang-lanzara-un-nuevo-album-en-solitario-en-mayo\/#primaryimage"},"image":{"@id":"https:\/\/gysfm.com.ar\/inicio\/taeyang-de-bigbang-lanzara-un-nuevo-album-en-solitario-en-mayo\/#primaryimage"},"thumbnailUrl":"https:\/\/gysfm.com.ar\/inicio\/wp-content\/uploads\/2026\/04\/taeyang-2225967.jpg","datePublished":"2026-04-23T11:33:18+00:00","breadcrumb":{"@id":"https:\/\/gysfm.com.ar\/inicio\/taeyang-de-bigbang-lanzara-un-nuevo-album-en-solitario-en-mayo\/#breadcrumb"},"inLanguage":"es","potentialAction":[{"@type":"ReadAction","target":["https:\/\/gysfm.com.ar\/inicio\/taeyang-de-bigbang-lanzara-un-nuevo-album-en-solitario-en-mayo\/"]}]},{"@type":"ImageObject","inLanguage":"es","@id":"https:\/\/gysfm.com.ar\/inicio\/taeyang-de-bigbang-lanzara-un-nuevo-album-en-solitario-en-mayo\/#primaryimage","url":"https:\/\/gysfm.com.ar\/inicio\/wp-content\/uploads\/2026\/04\/taeyang-2225967.jpg","contentUrl":"https:\/\/gysfm.com.ar\/inicio\/wp-content\/uploads\/2026\/04\/taeyang-2225967.jpg","width":1140,"height":641},{"@type":"BreadcrumbList","@id":"https:\/\/gysfm.com.ar\/inicio\/taeyang-de-bigbang-lanzara-un-nuevo-album-en-solitario-en-mayo\/#breadcrumb","itemListElement":[{"@type":"ListItem","position":1,"name":"Portada","item":"https:\/\/gysfm.com.ar\/inicio\/"},{"@type":"ListItem","position":2,"name":"Taeyang, de BIGBANG, lanzar\u00e1 un nuevo \u00e1lbum en solitario en mayo"}]},{"@type":"WebSite","@id":"https:\/\/gysfm.com.ar\/inicio\/#website","url":"https:\/\/gysfm.com.ar\/inicio\/","name":"GYS NOTICIAS |","description":"DIARIO - RADIO ONLINE SAN JUAN ARGENTINA","publisher":{"@id":"https:\/\/gysfm.com.ar\/inicio\/#organization"},"potentialAction":[{"@type":"SearchAction","target":{"@type":"EntryPoint","urlTemplate":"https:\/\/gysfm.com.ar\/inicio\/?s={search_term_string}"},"query-input":{"@type":"PropertyValueSpecification","valueRequired":true,"valueName":"search_term_string"}}],"inLanguage":"es"},{"@type":"Organization","@id":"https:\/\/gysfm.com.ar\/inicio\/#organization","name":"GYS NOTICIAS |","url":"https:\/\/gysfm.com.ar\/inicio\/","logo":{"@type":"ImageObject","inLanguage":"es","@id":"https:\/\/gysfm.com.ar\/inicio\/#\/schema\/logo\/image\/","url":"https:\/\/gysfm.com.ar\/inicio\/wp-content\/uploads\/2023\/07\/LOGOGYS-OK.png","contentUrl":"https:\/\/gysfm.com.ar\/inicio\/wp-content\/uploads\/2023\/07\/LOGOGYS-OK.png","width":1170,"height":872,"caption":"GYS NOTICIAS |"},"image":{"@id":"https:\/\/gysfm.com.ar\/inicio\/#\/schema\/logo\/image\/"}},{"@type":"Person","@id":"https:\/\/gysfm.com.ar\/inicio\/#\/schema\/person\/3abba7593ef2ad19e1be221d54383dc5","name":"Prensa G&amp;S FM","image":{"@type":"ImageObject","inLanguage":"es","@id":"https:\/\/gysfm.com.ar\/inicio\/#\/schema\/person\/image\/","url":"https:\/\/secure.gravatar.com\/avatar\/096ec78df02049ab018702bb4ccedf659377fa92a26540b5247612077a0dbd29?s=96&d=mm&r=g","contentUrl":"https:\/\/secure.gravatar.com\/avatar\/096ec78df02049ab018702bb4ccedf659377fa92a26540b5247612077a0dbd29?s=96&d=mm&r=g","caption":"Prensa G&amp;S FM"},"sameAs":["https:\/\/gysfm.com.ar\/"],"url":"https:\/\/gysfm.com.ar\/inicio\/author\/lucasm\/"}]}},"_links":{"self":[{"href":"https:\/\/gysfm.com.ar\/inicio\/wp-json\/wp\/v2\/posts\/192492","targetHints":{"allow":["GET"]}}],"collection":[{"href":"https:\/\/gysfm.com.ar\/inicio\/wp-json\/wp\/v2\/posts"}],"about":[{"href":"https:\/\/gysfm.com.ar\/inicio\/wp-json\/wp\/v2\/types\/post"}],"author":[{"embeddable":true,"href":"https:\/\/gysfm.com.ar\/inicio\/wp-json\/wp\/v2\/users\/2"}],"replies":[{"embeddable":true,"href":"https:\/\/gysfm.com.ar\/inicio\/wp-json\/wp\/v2\/comments?post=192492"}],"version-history":[{"count":0,"href":"https:\/\/gysfm.com.ar\/inicio\/wp-json\/wp\/v2\/posts\/192492\/revisions"}],"wp:featuredmedia":[{"embeddable":true,"href":"https:\/\/gysfm.com.ar\/inicio\/wp-json\/wp\/v2\/media\/192493"}],"wp:attachment":[{"href":"https:\/\/gysfm.com.ar\/inicio\/wp-json\/wp\/v2\/media?parent=192492"}],"wp:term":[{"taxonomy":"category","embeddable":true,"href":"https:\/\/gysfm.com.ar\/inicio\/wp-json\/wp\/v2\/categories?post=192492"},{"taxonomy":"post_tag","embeddable":true,"href":"https:\/\/gysfm.com.ar\/inicio\/wp-json\/wp\/v2\/tags?post=192492"}],"curies":[{"name":"wp","href":"https:\/\/api.w.org\/{rel}","templated":true}]}}