{"id":192409,"date":"2026-04-22T21:59:07","date_gmt":"2026-04-23T00:59:07","guid":{"rendered":"https:\/\/gysfm.com.ar\/inicio\/ivan-cachanosky-los-salarios-hace-meses-que-estan-perdiendo-contra-la-inflacion\/"},"modified":"2026-04-22T21:59:07","modified_gmt":"2026-04-23T00:59:07","slug":"ivan-cachanosky-los-salarios-hace-meses-que-estan-perdiendo-contra-la-inflacion","status":"publish","type":"post","link":"https:\/\/gysfm.com.ar\/inicio\/ivan-cachanosky-los-salarios-hace-meses-que-estan-perdiendo-contra-la-inflacion\/","title":{"rendered":"Iv\u00e1n Cachanosky: \u201cLos salarios hace meses que est\u00e1n perdiendo contra la inflaci\u00f3n\u201d"},"content":{"rendered":"<p><\/p>\n<div id=\"article-content\">\n<p>La <strong>evoluci\u00f3n de los salarios<\/strong> en Argentina volvi\u00f3 a encender se\u00f1ales de alerta tras varios meses en los que los <a target=\"_blank\" href=\"https:\/\/www.perfil.com\/noticias\/canal-e\/comunicacion-politica-en-la-era-de-la-inteligencia-artificial-que-cambio.phtml\">ingresos<\/a> quedaron por detr\u00e1s de la <a target=\"_blank\" href=\"https:\/\/www.perfil.com\/noticias\/canal-e\/martin-burgos-si-toda-la-energia-va-a-aumentar-de-precio-va-a-afectar-a-toda-la-economia.phtml\">inflaci\u00f3n<\/a>. El economista,<strong> Iv\u00e1n Cachanosky<\/strong>, describi\u00f3 un escenario complejo, aunque con perspectivas de mejora si se consolida la desaceleraci\u00f3n de precios.<\/p>\n<p>\u201c<strong>Los salarios hace tres, cuatro meses que est\u00e1n perdiendo contra la inflaci\u00f3n<\/strong>\u201d, afirm\u00f3, al tiempo que detall\u00f3 que el fen\u00f3meno afecta tanto al sector privado registrado como al no registrado y al empleo p\u00fablico. Incluso, remarc\u00f3 que \u201clos informales\u2026 que eran los que ven\u00edan recuperando m\u00e1s, tambi\u00e9n ya est\u00e1n perdiendo contra la inflaci\u00f3n\u201d.<\/p>\n<p>El economista explic\u00f3 que esta din\u00e1mica responde al fuerte aumento de precios de los \u00faltimos meses: \u201c<strong>La inflaci\u00f3n fue bastante alta\u2026 los \u00faltimos meses fueron los m\u00e1s duros<\/strong>\u201d, lo que gener\u00f3 una p\u00e9rdida generalizada del poder adquisitivo.<\/p>\n<h2><strong>Se\u00f1ales de desaceleraci\u00f3n y posible recuperaci\u00f3n<\/strong><\/h2>\n<p>A pesar del escenario reciente, <strong>Cachanosky <\/strong>proyect\u00f3 un cambio de tendencia en el corto plazo: \u201c<strong>Creo que esto empieza ahora a revertirse<\/strong>\u201d, sostuvo. Seg\u00fan indic\u00f3, las estimaciones de inflaci\u00f3n para abril muestran una desaceleraci\u00f3n: \u201c<strong>Va a estar por debajo del 3%<\/strong>\u201d.<\/p>\n<p>Este proceso, explic\u00f3, est\u00e1 vinculado a la pol\u00edtica monetaria: \u201c<strong>El Banco Central no est\u00e1 emitiendo pesos<\/strong>\u201d, lo que hist\u00f3ricamente fue uno de los principales motores de la inflaci\u00f3n en Argentina. Sin embargo, aclar\u00f3 que los efectos no son inmediatos: \u201c<strong>Los efectos siempre vienen con alg\u00fan retardo, no es instant\u00e1neo<\/strong>\u201d.<\/p>\n<p>Adem\u00e1s, destac\u00f3 factores estacionales que podr\u00edan contribuir a estabilizar la econom\u00eda: \u201c<strong>Entr\u00e1s en un momento que el campo liquida los d\u00f3lares<\/strong>\u201d, lo que reduce presiones sobre el tipo de cambio y, por ende, sobre los precios.<\/p>\n<p><iframe id=\"vrudo\" class=\"vrudo\" src=\"https:\/\/rudo.video\/vod\/yiMNo8O4d7g?volume=0\" width=\"100%\" height=\"100%\" allowscriptaccess=\"always\" allowfullscreen=\"true\" webkitallowfullscreen=\"true\" frameborder=\"0\" scrolling=\"no\" allow=\"autoplay; fullscreen\" loading=\"lazy\" title=\"Contenido embebido\"><\/iframe><\/p>\n<h2><strong>Consumo, cr\u00e9dito y el rol clave de la inflaci\u00f3n<\/strong><\/h2>\n<p>El especialista insisti\u00f3 en que la inflaci\u00f3n es el eje central para cualquier recuperaci\u00f3n: \u201c<strong>Si la inflaci\u00f3n baja, te permite que el resto funcione<\/strong>\u201d. En ese sentido, explic\u00f3 que una menor inflaci\u00f3n facilita la baja de tasas de inter\u00e9s y mejora el acceso al cr\u00e9dito para empresas y consumidores.<\/p>\n<p>\u201c<strong>Eso es lo que ayuda tambi\u00e9n a las pymes, para que tomen cr\u00e9dito<\/strong>\u201d, se\u00f1al\u00f3, al tiempo que anticip\u00f3 un posible repunte moderado de la actividad: \u201c<strong>Va a haber una recuperaci\u00f3n moderada, no brutal, de la econom\u00eda<\/strong>\u201d.<\/p>\n<p>Cachanosky tambi\u00e9n se refiri\u00f3 al comportamiento de los precios en un contexto de ca\u00edda del consumo: \u201c<strong>Parte le va a tocar al empresario<\/strong>\u201d, indic\u00f3, explicando que muchas empresas no pueden trasladar completamente los aumentos debido a la p\u00e9rdida de poder adquisitivo de la poblaci\u00f3n.<\/p>\n<p>En esa l\u00ednea, sostuvo que el freno en algunos precios responde a l\u00edmites del mercado: \u201c<strong>Todo llega a un l\u00edmite y ah\u00ed empieza a estabilizarse<\/strong>\u201d.<\/p>\n<p>Finalmente, descart\u00f3 que una eventual recuperaci\u00f3n econ\u00f3mica implique necesariamente un rebrote inflacionario: \u201c<strong>Si la inflaci\u00f3n empieza a bajar\u2026 es menor el ajuste que puede hacer la empresa<\/strong>\u201d, concluy\u00f3, subrayando la importancia de sostener la desaceleraci\u00f3n para consolidar la mejora en salarios y consumo.<br \/>&#13;\n <\/p>\n<\/p><\/div>\n<p><script>\n                !function(f,b,e,v,n,t,s)\n                {if(f.fbq)return;n=f.fbq=function(){n.callMethod?\n                    n.callMethod.apply(n,arguments):n.queue.push(arguments)};\n                    if(!f._fbq)f._fbq=n;n.push=n;n.loaded=!0;n.version='2.0';\n                    n.queue=[];t=b.createElement(e);t.async=!0;\n                    t.src=v;s=b.getElementsByTagName(e)[0];\n                    s.parentNode.insertBefore(t,s)}(window, document,'script',\n                    'https:\/\/connect.facebook.net\/en_US\/fbevents.js');\n                window.paywallConfig.facebook_pixel=\"1000228364089342\"\n            <\/script><\/p>\n","protected":false},"excerpt":{"rendered":"<p>La evoluci\u00f3n de los salarios en Argentina volvi\u00f3 a encender se\u00f1ales de alerta tras varios meses en los que los ingresos quedaron por detr\u00e1s de la inflaci\u00f3n. El economista, Iv\u00e1n Cachanosky, describi\u00f3 un escenario complejo, aunque con perspectivas de mejora si se consolida la desaceleraci\u00f3n de precios. \u201cLos salarios hace tres, cuatro meses que est\u00e1n [&hellip;]<\/p>\n","protected":false},"author":2,"featured_media":192410,"comment_status":"closed","ping_status":"closed","sticky":false,"template":"","format":"standard","meta":{"footnotes":""},"categories":[25],"tags":[],"class_list":["post-192409","post","type-post","status-publish","format-standard","has-post-thumbnail","hentry","category-nacionales"],"yoast_head":"<!-- This site is optimized with the Yoast SEO plugin v24.4 - https:\/\/yoast.com\/wordpress\/plugins\/seo\/ -->\n<title>Iv\u00e1n Cachanosky: \u201cLos salarios hace meses que est\u00e1n perdiendo contra la inflaci\u00f3n\u201d - GYS NOTICIAS |<\/title>\n<meta name=\"robots\" content=\"index, follow, max-snippet:-1, max-image-preview:large, max-video-preview:-1\" \/>\n<link rel=\"canonical\" href=\"https:\/\/gysfm.com.ar\/inicio\/ivan-cachanosky-los-salarios-hace-meses-que-estan-perdiendo-contra-la-inflacion\/\" \/>\n<meta property=\"og:locale\" content=\"es_ES\" \/>\n<meta property=\"og:type\" content=\"article\" \/>\n<meta property=\"og:title\" content=\"Iv\u00e1n Cachanosky: \u201cLos salarios hace meses que est\u00e1n perdiendo contra la inflaci\u00f3n\u201d - GYS NOTICIAS |\" \/>\n<meta property=\"og:description\" content=\"La evoluci\u00f3n de los salarios en Argentina volvi\u00f3 a encender se\u00f1ales de alerta tras varios meses en los que los ingresos quedaron por detr\u00e1s de la inflaci\u00f3n. El economista, Iv\u00e1n Cachanosky, describi\u00f3 un escenario complejo, aunque con perspectivas de mejora si se consolida la desaceleraci\u00f3n de precios. \u201cLos salarios hace tres, cuatro meses que est\u00e1n [&hellip;]\" \/>\n<meta property=\"og:url\" content=\"https:\/\/gysfm.com.ar\/inicio\/ivan-cachanosky-los-salarios-hace-meses-que-estan-perdiendo-contra-la-inflacion\/\" \/>\n<meta property=\"og:site_name\" content=\"GYS NOTICIAS |\" \/>\n<meta property=\"article:published_time\" content=\"2026-04-23T00:59:07+00:00\" \/>\n<meta name=\"author\" content=\"Prensa G&amp;S FM\" \/>\n<meta name=\"twitter:card\" content=\"summary_large_image\" \/>\n<meta name=\"twitter:label1\" content=\"Escrito por\" \/>\n\t<meta name=\"twitter:data1\" content=\"Prensa G&amp;S FM\" \/>\n\t<meta name=\"twitter:label2\" content=\"Tiempo de lectura\" \/>\n\t<meta name=\"twitter:data2\" content=\"3 minutos\" \/>\n<script type=\"application\/ld+json\" class=\"yoast-schema-graph\">{\"@context\":\"https:\/\/schema.org\",\"@graph\":[{\"@type\":\"Article\",\"@id\":\"https:\/\/gysfm.com.ar\/inicio\/ivan-cachanosky-los-salarios-hace-meses-que-estan-perdiendo-contra-la-inflacion\/#article\",\"isPartOf\":{\"@id\":\"https:\/\/gysfm.com.ar\/inicio\/ivan-cachanosky-los-salarios-hace-meses-que-estan-perdiendo-contra-la-inflacion\/\"},\"author\":{\"name\":\"Prensa G&amp;S FM\",\"@id\":\"https:\/\/gysfm.com.ar\/inicio\/#\/schema\/person\/3abba7593ef2ad19e1be221d54383dc5\"},\"headline\":\"Iv\u00e1n Cachanosky: \u201cLos salarios hace meses que est\u00e1n perdiendo contra la inflaci\u00f3n\u201d\",\"datePublished\":\"2026-04-23T00:59:07+00:00\",\"mainEntityOfPage\":{\"@id\":\"https:\/\/gysfm.com.ar\/inicio\/ivan-cachanosky-los-salarios-hace-meses-que-estan-perdiendo-contra-la-inflacion\/\"},\"wordCount\":548,\"publisher\":{\"@id\":\"https:\/\/gysfm.com.ar\/inicio\/#organization\"},\"image\":{\"@id\":\"https:\/\/gysfm.com.ar\/inicio\/ivan-cachanosky-los-salarios-hace-meses-que-estan-perdiendo-contra-la-inflacion\/#primaryimage\"},\"thumbnailUrl\":\"https:\/\/gysfm.com.ar\/inicio\/wp-content\/uploads\/2026\/04\/pesos-argentinos-2225043.jpg\",\"articleSection\":[\"NACIONALES\"],\"inLanguage\":\"es\"},{\"@type\":\"WebPage\",\"@id\":\"https:\/\/gysfm.com.ar\/inicio\/ivan-cachanosky-los-salarios-hace-meses-que-estan-perdiendo-contra-la-inflacion\/\",\"url\":\"https:\/\/gysfm.com.ar\/inicio\/ivan-cachanosky-los-salarios-hace-meses-que-estan-perdiendo-contra-la-inflacion\/\",\"name\":\"Iv\u00e1n Cachanosky: \u201cLos salarios hace meses que est\u00e1n perdiendo contra la inflaci\u00f3n\u201d - GYS NOTICIAS |\",\"isPartOf\":{\"@id\":\"https:\/\/gysfm.com.ar\/inicio\/#website\"},\"primaryImageOfPage\":{\"@id\":\"https:\/\/gysfm.com.ar\/inicio\/ivan-cachanosky-los-salarios-hace-meses-que-estan-perdiendo-contra-la-inflacion\/#primaryimage\"},\"image\":{\"@id\":\"https:\/\/gysfm.com.ar\/inicio\/ivan-cachanosky-los-salarios-hace-meses-que-estan-perdiendo-contra-la-inflacion\/#primaryimage\"},\"thumbnailUrl\":\"https:\/\/gysfm.com.ar\/inicio\/wp-content\/uploads\/2026\/04\/pesos-argentinos-2225043.jpg\",\"datePublished\":\"2026-04-23T00:59:07+00:00\",\"breadcrumb\":{\"@id\":\"https:\/\/gysfm.com.ar\/inicio\/ivan-cachanosky-los-salarios-hace-meses-que-estan-perdiendo-contra-la-inflacion\/#breadcrumb\"},\"inLanguage\":\"es\",\"potentialAction\":[{\"@type\":\"ReadAction\",\"target\":[\"https:\/\/gysfm.com.ar\/inicio\/ivan-cachanosky-los-salarios-hace-meses-que-estan-perdiendo-contra-la-inflacion\/\"]}]},{\"@type\":\"ImageObject\",\"inLanguage\":\"es\",\"@id\":\"https:\/\/gysfm.com.ar\/inicio\/ivan-cachanosky-los-salarios-hace-meses-que-estan-perdiendo-contra-la-inflacion\/#primaryimage\",\"url\":\"https:\/\/gysfm.com.ar\/inicio\/wp-content\/uploads\/2026\/04\/pesos-argentinos-2225043.jpg\",\"contentUrl\":\"https:\/\/gysfm.com.ar\/inicio\/wp-content\/uploads\/2026\/04\/pesos-argentinos-2225043.jpg\",\"width\":1140,\"height\":641},{\"@type\":\"BreadcrumbList\",\"@id\":\"https:\/\/gysfm.com.ar\/inicio\/ivan-cachanosky-los-salarios-hace-meses-que-estan-perdiendo-contra-la-inflacion\/#breadcrumb\",\"itemListElement\":[{\"@type\":\"ListItem\",\"position\":1,\"name\":\"Portada\",\"item\":\"https:\/\/gysfm.com.ar\/inicio\/\"},{\"@type\":\"ListItem\",\"position\":2,\"name\":\"Iv\u00e1n Cachanosky: \u201cLos salarios hace meses que est\u00e1n perdiendo contra la inflaci\u00f3n\u201d\"}]},{\"@type\":\"WebSite\",\"@id\":\"https:\/\/gysfm.com.ar\/inicio\/#website\",\"url\":\"https:\/\/gysfm.com.ar\/inicio\/\",\"name\":\"GYS NOTICIAS |\",\"description\":\"DIARIO - RADIO ONLINE SAN JUAN ARGENTINA\",\"publisher\":{\"@id\":\"https:\/\/gysfm.com.ar\/inicio\/#organization\"},\"potentialAction\":[{\"@type\":\"SearchAction\",\"target\":{\"@type\":\"EntryPoint\",\"urlTemplate\":\"https:\/\/gysfm.com.ar\/inicio\/?s={search_term_string}\"},\"query-input\":{\"@type\":\"PropertyValueSpecification\",\"valueRequired\":true,\"valueName\":\"search_term_string\"}}],\"inLanguage\":\"es\"},{\"@type\":\"Organization\",\"@id\":\"https:\/\/gysfm.com.ar\/inicio\/#organization\",\"name\":\"GYS NOTICIAS |\",\"url\":\"https:\/\/gysfm.com.ar\/inicio\/\",\"logo\":{\"@type\":\"ImageObject\",\"inLanguage\":\"es\",\"@id\":\"https:\/\/gysfm.com.ar\/inicio\/#\/schema\/logo\/image\/\",\"url\":\"https:\/\/gysfm.com.ar\/inicio\/wp-content\/uploads\/2023\/07\/LOGOGYS-OK.png\",\"contentUrl\":\"https:\/\/gysfm.com.ar\/inicio\/wp-content\/uploads\/2023\/07\/LOGOGYS-OK.png\",\"width\":1170,\"height\":872,\"caption\":\"GYS NOTICIAS |\"},\"image\":{\"@id\":\"https:\/\/gysfm.com.ar\/inicio\/#\/schema\/logo\/image\/\"}},{\"@type\":\"Person\",\"@id\":\"https:\/\/gysfm.com.ar\/inicio\/#\/schema\/person\/3abba7593ef2ad19e1be221d54383dc5\",\"name\":\"Prensa G&amp;S FM\",\"image\":{\"@type\":\"ImageObject\",\"inLanguage\":\"es\",\"@id\":\"https:\/\/gysfm.com.ar\/inicio\/#\/schema\/person\/image\/\",\"url\":\"https:\/\/secure.gravatar.com\/avatar\/096ec78df02049ab018702bb4ccedf659377fa92a26540b5247612077a0dbd29?s=96&d=mm&r=g\",\"contentUrl\":\"https:\/\/secure.gravatar.com\/avatar\/096ec78df02049ab018702bb4ccedf659377fa92a26540b5247612077a0dbd29?s=96&d=mm&r=g\",\"caption\":\"Prensa G&amp;S FM\"},\"sameAs\":[\"https:\/\/gysfm.com.ar\/\"],\"url\":\"https:\/\/gysfm.com.ar\/inicio\/author\/lucasm\/\"}]}<\/script>\n<!-- \/ Yoast SEO plugin. -->","yoast_head_json":{"title":"Iv\u00e1n Cachanosky: \u201cLos salarios hace meses que est\u00e1n perdiendo contra la inflaci\u00f3n\u201d - GYS NOTICIAS |","robots":{"index":"index","follow":"follow","max-snippet":"max-snippet:-1","max-image-preview":"max-image-preview:large","max-video-preview":"max-video-preview:-1"},"canonical":"https:\/\/gysfm.com.ar\/inicio\/ivan-cachanosky-los-salarios-hace-meses-que-estan-perdiendo-contra-la-inflacion\/","og_locale":"es_ES","og_type":"article","og_title":"Iv\u00e1n Cachanosky: \u201cLos salarios hace meses que est\u00e1n perdiendo contra la inflaci\u00f3n\u201d - GYS NOTICIAS |","og_description":"La evoluci\u00f3n de los salarios en Argentina volvi\u00f3 a encender se\u00f1ales de alerta tras varios meses en los que los ingresos quedaron por detr\u00e1s de la inflaci\u00f3n. El economista, Iv\u00e1n Cachanosky, describi\u00f3 un escenario complejo, aunque con perspectivas de mejora si se consolida la desaceleraci\u00f3n de precios. \u201cLos salarios hace tres, cuatro meses que est\u00e1n [&hellip;]","og_url":"https:\/\/gysfm.com.ar\/inicio\/ivan-cachanosky-los-salarios-hace-meses-que-estan-perdiendo-contra-la-inflacion\/","og_site_name":"GYS NOTICIAS |","article_published_time":"2026-04-23T00:59:07+00:00","author":"Prensa G&amp;S FM","twitter_card":"summary_large_image","twitter_misc":{"Escrito por":"Prensa G&amp;S FM","Tiempo de lectura":"3 minutos"},"schema":{"@context":"https:\/\/schema.org","@graph":[{"@type":"Article","@id":"https:\/\/gysfm.com.ar\/inicio\/ivan-cachanosky-los-salarios-hace-meses-que-estan-perdiendo-contra-la-inflacion\/#article","isPartOf":{"@id":"https:\/\/gysfm.com.ar\/inicio\/ivan-cachanosky-los-salarios-hace-meses-que-estan-perdiendo-contra-la-inflacion\/"},"author":{"name":"Prensa G&amp;S FM","@id":"https:\/\/gysfm.com.ar\/inicio\/#\/schema\/person\/3abba7593ef2ad19e1be221d54383dc5"},"headline":"Iv\u00e1n Cachanosky: \u201cLos salarios hace meses que est\u00e1n perdiendo contra la inflaci\u00f3n\u201d","datePublished":"2026-04-23T00:59:07+00:00","mainEntityOfPage":{"@id":"https:\/\/gysfm.com.ar\/inicio\/ivan-cachanosky-los-salarios-hace-meses-que-estan-perdiendo-contra-la-inflacion\/"},"wordCount":548,"publisher":{"@id":"https:\/\/gysfm.com.ar\/inicio\/#organization"},"image":{"@id":"https:\/\/gysfm.com.ar\/inicio\/ivan-cachanosky-los-salarios-hace-meses-que-estan-perdiendo-contra-la-inflacion\/#primaryimage"},"thumbnailUrl":"https:\/\/gysfm.com.ar\/inicio\/wp-content\/uploads\/2026\/04\/pesos-argentinos-2225043.jpg","articleSection":["NACIONALES"],"inLanguage":"es"},{"@type":"WebPage","@id":"https:\/\/gysfm.com.ar\/inicio\/ivan-cachanosky-los-salarios-hace-meses-que-estan-perdiendo-contra-la-inflacion\/","url":"https:\/\/gysfm.com.ar\/inicio\/ivan-cachanosky-los-salarios-hace-meses-que-estan-perdiendo-contra-la-inflacion\/","name":"Iv\u00e1n Cachanosky: \u201cLos salarios hace meses que est\u00e1n perdiendo contra la inflaci\u00f3n\u201d - GYS NOTICIAS |","isPartOf":{"@id":"https:\/\/gysfm.com.ar\/inicio\/#website"},"primaryImageOfPage":{"@id":"https:\/\/gysfm.com.ar\/inicio\/ivan-cachanosky-los-salarios-hace-meses-que-estan-perdiendo-contra-la-inflacion\/#primaryimage"},"image":{"@id":"https:\/\/gysfm.com.ar\/inicio\/ivan-cachanosky-los-salarios-hace-meses-que-estan-perdiendo-contra-la-inflacion\/#primaryimage"},"thumbnailUrl":"https:\/\/gysfm.com.ar\/inicio\/wp-content\/uploads\/2026\/04\/pesos-argentinos-2225043.jpg","datePublished":"2026-04-23T00:59:07+00:00","breadcrumb":{"@id":"https:\/\/gysfm.com.ar\/inicio\/ivan-cachanosky-los-salarios-hace-meses-que-estan-perdiendo-contra-la-inflacion\/#breadcrumb"},"inLanguage":"es","potentialAction":[{"@type":"ReadAction","target":["https:\/\/gysfm.com.ar\/inicio\/ivan-cachanosky-los-salarios-hace-meses-que-estan-perdiendo-contra-la-inflacion\/"]}]},{"@type":"ImageObject","inLanguage":"es","@id":"https:\/\/gysfm.com.ar\/inicio\/ivan-cachanosky-los-salarios-hace-meses-que-estan-perdiendo-contra-la-inflacion\/#primaryimage","url":"https:\/\/gysfm.com.ar\/inicio\/wp-content\/uploads\/2026\/04\/pesos-argentinos-2225043.jpg","contentUrl":"https:\/\/gysfm.com.ar\/inicio\/wp-content\/uploads\/2026\/04\/pesos-argentinos-2225043.jpg","width":1140,"height":641},{"@type":"BreadcrumbList","@id":"https:\/\/gysfm.com.ar\/inicio\/ivan-cachanosky-los-salarios-hace-meses-que-estan-perdiendo-contra-la-inflacion\/#breadcrumb","itemListElement":[{"@type":"ListItem","position":1,"name":"Portada","item":"https:\/\/gysfm.com.ar\/inicio\/"},{"@type":"ListItem","position":2,"name":"Iv\u00e1n Cachanosky: \u201cLos salarios hace meses que est\u00e1n perdiendo contra la inflaci\u00f3n\u201d"}]},{"@type":"WebSite","@id":"https:\/\/gysfm.com.ar\/inicio\/#website","url":"https:\/\/gysfm.com.ar\/inicio\/","name":"GYS NOTICIAS |","description":"DIARIO - RADIO ONLINE SAN JUAN ARGENTINA","publisher":{"@id":"https:\/\/gysfm.com.ar\/inicio\/#organization"},"potentialAction":[{"@type":"SearchAction","target":{"@type":"EntryPoint","urlTemplate":"https:\/\/gysfm.com.ar\/inicio\/?s={search_term_string}"},"query-input":{"@type":"PropertyValueSpecification","valueRequired":true,"valueName":"search_term_string"}}],"inLanguage":"es"},{"@type":"Organization","@id":"https:\/\/gysfm.com.ar\/inicio\/#organization","name":"GYS NOTICIAS |","url":"https:\/\/gysfm.com.ar\/inicio\/","logo":{"@type":"ImageObject","inLanguage":"es","@id":"https:\/\/gysfm.com.ar\/inicio\/#\/schema\/logo\/image\/","url":"https:\/\/gysfm.com.ar\/inicio\/wp-content\/uploads\/2023\/07\/LOGOGYS-OK.png","contentUrl":"https:\/\/gysfm.com.ar\/inicio\/wp-content\/uploads\/2023\/07\/LOGOGYS-OK.png","width":1170,"height":872,"caption":"GYS NOTICIAS |"},"image":{"@id":"https:\/\/gysfm.com.ar\/inicio\/#\/schema\/logo\/image\/"}},{"@type":"Person","@id":"https:\/\/gysfm.com.ar\/inicio\/#\/schema\/person\/3abba7593ef2ad19e1be221d54383dc5","name":"Prensa G&amp;S FM","image":{"@type":"ImageObject","inLanguage":"es","@id":"https:\/\/gysfm.com.ar\/inicio\/#\/schema\/person\/image\/","url":"https:\/\/secure.gravatar.com\/avatar\/096ec78df02049ab018702bb4ccedf659377fa92a26540b5247612077a0dbd29?s=96&d=mm&r=g","contentUrl":"https:\/\/secure.gravatar.com\/avatar\/096ec78df02049ab018702bb4ccedf659377fa92a26540b5247612077a0dbd29?s=96&d=mm&r=g","caption":"Prensa G&amp;S FM"},"sameAs":["https:\/\/gysfm.com.ar\/"],"url":"https:\/\/gysfm.com.ar\/inicio\/author\/lucasm\/"}]}},"_links":{"self":[{"href":"https:\/\/gysfm.com.ar\/inicio\/wp-json\/wp\/v2\/posts\/192409","targetHints":{"allow":["GET"]}}],"collection":[{"href":"https:\/\/gysfm.com.ar\/inicio\/wp-json\/wp\/v2\/posts"}],"about":[{"href":"https:\/\/gysfm.com.ar\/inicio\/wp-json\/wp\/v2\/types\/post"}],"author":[{"embeddable":true,"href":"https:\/\/gysfm.com.ar\/inicio\/wp-json\/wp\/v2\/users\/2"}],"replies":[{"embeddable":true,"href":"https:\/\/gysfm.com.ar\/inicio\/wp-json\/wp\/v2\/comments?post=192409"}],"version-history":[{"count":0,"href":"https:\/\/gysfm.com.ar\/inicio\/wp-json\/wp\/v2\/posts\/192409\/revisions"}],"wp:featuredmedia":[{"embeddable":true,"href":"https:\/\/gysfm.com.ar\/inicio\/wp-json\/wp\/v2\/media\/192410"}],"wp:attachment":[{"href":"https:\/\/gysfm.com.ar\/inicio\/wp-json\/wp\/v2\/media?parent=192409"}],"wp:term":[{"taxonomy":"category","embeddable":true,"href":"https:\/\/gysfm.com.ar\/inicio\/wp-json\/wp\/v2\/categories?post=192409"},{"taxonomy":"post_tag","embeddable":true,"href":"https:\/\/gysfm.com.ar\/inicio\/wp-json\/wp\/v2\/tags?post=192409"}],"curies":[{"name":"wp","href":"https:\/\/api.w.org\/{rel}","templated":true}]}}