{"id":192400,"date":"2026-04-22T20:57:06","date_gmt":"2026-04-22T23:57:06","guid":{"rendered":"https:\/\/gysfm.com.ar\/inicio\/varias-pistas-dicen-que-el-papa-francisco-no-se-fue\/"},"modified":"2026-04-22T20:57:06","modified_gmt":"2026-04-22T23:57:06","slug":"varias-pistas-dicen-que-el-papa-francisco-no-se-fue","status":"publish","type":"post","link":"https:\/\/gysfm.com.ar\/inicio\/varias-pistas-dicen-que-el-papa-francisco-no-se-fue\/","title":{"rendered":"Varias pistas dicen que el Papa Francisco no se fue"},"content":{"rendered":"<p><\/p>\n<div id=\"article-content\">\n<p>Hace exactamente un a\u00f1o, el mundo entero se despert\u00f3 con <a target=\"_blank\" href=\"https:\/\/www.perfil.com\/noticias\/actualidad\/murio-el-papa-francisco-a-sus-88-anos.phtml\">la muerte del <strong>Papa Francisco<\/strong><\/a>. Ten\u00eda 88 a\u00f1os de edad y hab\u00eda logrado gambetear varias veces la pleures\u00eda que a los 21 le perdon\u00f3 la vida, pero no fue gratis: le hab\u00eda pedido a cambio el pulm\u00f3n derecho.<\/p>\n<p>Su <strong>historial m\u00e9dico<\/strong> hab\u00eda sido bastante voluminoso: pie plano, renguera, contracciones del nervio ci\u00e1tico, lumbalgia, cirug\u00eda de ves\u00edcula, intestino grueso y cataratas, hernia abdominal y varios achaques respiratorios durante los crudos inviernos it\u00e1licos. Aun as\u00ed, de todo se hab\u00eda recuperado. <\/p>\n<p>Todo el 2024 hab\u00eda transcurrido con una <strong>neumon\u00eda recurrente <\/strong>que preocupaba, pero las cadenas de oraci\u00f3n y los rezos inclaudicables lo sostuvieron. Hab\u00eda podido incluso abandonar el Hospital Universitario Gemelli y regresar a su estancia en Santa Marta. Hasta que Dios, que ten\u00eda otros planes, lo llev\u00f3 a su lado y \u00e9l acept\u00f3 ser la ofrenda.<\/p>\n<div class=\"subscription\">\n<p>\n        Esto no les gusta a los autoritarios\n    <\/p>\n<div class=\"subscription__container\">\n<div class=\"subscription__text-wrapper\">\n<p>\n                El ejercicio del periodismo profesional y cr\u00edtico es un pilar fundamental de la democracia. Por eso molesta a quienes creen ser los due\u00f1os de la verdad.\n            <\/p>\n<\/p><\/div><\/div>\n<\/div>\n<p>Las l\u00e1grimas y la congoja inundaron el mundo que hab\u00eda logrado ver que <strong><a target=\"_blank\" href=\"https:\/\/www.perfil.com\/noticias\/protagonistas\/como-el-de-asis-el-francisco-sudamericano-tambien-se-desnudo-frente-a-la-gente.phtml\">el Papa argentino era diferente<\/a><\/strong>. En 2013, la revista <em>Time <\/em>lo hab\u00eda nombrado \u201cPersonalidad del a\u00f1o\u201d.<\/p>\n<div style=\"text-align:center\">\n<figure class=\"image\" style=\"display:inline-block\"><picture><source media=\"(max-width: 440px)\" srcset=\"https:\/\/fotos.perfil.com\/\/2026\/04\/08\/440\/0\/papa-francisco-08042026-2216993.jpg?webp\"\/><source media=\"(max-width: 1019px)\" srcset=\"https:\/\/fotos.perfil.com\/\/2026\/04\/08\/712\/0\/papa-francisco-08042026-2216993.jpg?webp\"\/><img decoding=\"async\" style=\"max-width: 100%; width: 100%;\" alt=\"Papa Francisco saluda a multitud 08042026\" src=\"https:\/\/fotos.perfil.com\/\/2026\/04\/08\/900\/0\/papa-francisco-08042026-2216993.jpg?webp\" loading=\"lazy\"\/><\/picture><figcaption><strong>Papa Francisco no se fue<\/strong>. Saluda a una multitud de argentinos que lo ovacionan.<\/figcaption><\/figure>\n<\/p><\/div>\n<h2>Pistas para encontrar al Papa Francisco<\/h2>\n<p>Como siempre sucede, el llanto ces\u00f3, el sol sigui\u00f3 saliendo, lleg\u00f3<strong> Le\u00f3n XIV <\/strong>y en los \u00faltimos 12 meses San Lorenzo gan\u00f3 un total de 15 partidos en todos los torneos mientras Buenos Aires se dedic\u00f3 a acrecentar <strong>la leyenda del argentino m\u00e1s citado<\/strong> en todo el planeta. <\/p>\n<p>Y mientras los fren\u00e9ticos vaivenes de Argentina y el mundo nos tuvieron en vilo a locales y visitantes, Buenos Aires se prepar\u00f3 para recibir a los turistas \u00e1vidos de leyenda, la del porte\u00f1o que de Flores lleg\u00f3 hasta la cima cat\u00f3lica de las siete colinas de Roma, el 13 de marzo de 2013, cuando sucedi\u00f3 a Benedicto XVI, en el <strong>Vaticano<\/strong>. Y bien que<strong> hizo l\u00edo<\/strong>, a su manera.<\/p>\n<p>Si nos ponemos estrictos, una <a target=\"_blank\" href=\"https:\/\/www.perfil.com\/noticias\/sociedad\/papa-francisco-que-lugares-de-buenos-aires-lo-inspiraron-para-hacer-lio-y-desatar-nudos.phtml\">veintena de t\u00f3picos bonaerenses<\/a> ser\u00edan ineludibles para reconstruir la vida y obra de <strong>Jorge Bergoglio<\/strong>, el Papa argentino.<\/p>\n<p>Desde que falleci\u00f3 el a\u00f1o pasado, la empresa Civitatis lanz\u00f3 un <strong>tour para recorrer los espacios que vieron crecer al Papa <\/strong>argentino, la demanda no par\u00f3 de crecer y debieron sumar recorridas durante s\u00e1bados y domingos para dar respuestas a la Papaman\u00eda.<\/p>\n<p>Como merece cualquier historia de inmigrantes, el recorrido \u201cfranciscano\u201d ata cabos sueltos arrancando por la semilla italiana. Y una an\u00e9cdota, que el mismo Bergoglio sol\u00eda contar, confirma que su destino estaba marcado. <\/p>\n<p>Huyendo de la Italia empobrecida de Mussolini, los abuelos de Bergoglio (Giovanni Angel Bergoglio y Rosa Margherita Vasallo) hab\u00edan comprado boletos para zarpar de G\u00e9nova en octubre de 1927 y llegar a Buenos Aires, con su hijo menor, el <strong>piamont\u00e9s Mario Giuseppe Bergoglio<\/strong>, el futuro padre del Papa.<\/p>\n<p>Sin embargo, como todav\u00eda no hab\u00edan terminado de vender sus bienes, cambiaron el pasaje por uno en otra compa\u00f1\u00eda y para dos a\u00f1os m\u00e1s tarde y <a target=\"_blank\" href=\"https:\/\/www.perfil.com\/noticias\/actualidad\/que-paso-con-titanic-italiano-que-traeria-familia-papa-francisco-a-buenos-aires.phtml\">se salvaron de morir en el hundimiento frente a la costa de Brasil.<\/a><\/p>\n<p>Tres t\u00edos de Mario Jos\u00e9 (Lorenzo, Eugenio y Vittorio) ya viv\u00edan en<strong> Entre R\u00edos<\/strong>, en donde hab\u00edan puesto una empresa de pavimento. Aunque el plan inicial era venir a hacer su Am\u00e9rica en Entre R\u00edos, la <strong>crisis del 30<\/strong> desplum\u00f3 a los pioneros, la pavimentera vol\u00f3 por el aire y los Bergoglio tuvieron que reprogramar la ruta hacia <strong>Almagro<\/strong>, a metros de la intersecci\u00f3n de M\u00e9xico y Quintino Bocayuva, en la ciudad de Buenos Aires. <\/p>\n<p class=\"destacadoNota\"><a target=\"_blank\" href=\"https:\/\/www.perfil.com\/noticias\/sociedad\/la-huella-de-los-salesianos-en-argentina-llega-hasta-el-papa-francisco.phtml\">La huella de los Salesianos en Argentina llega hasta el Papa Francisco<\/a><\/p>\n<p>Ni siquiera sab\u00edan d\u00f3nde estaban parados, pero un papelito estrujado en el bolsillo de don Giovanni lo dec\u00eda clarito: \u201c<strong>Casa Salesiana San Antonio<\/strong>, preguntar por Enrique Pozzoli\u201d. Ten\u00edan que llegar hasta all\u00ed, justo por donde hoy pasa el 56 y hab\u00eda una comunidad de salesianos (el abuelo paterno del Papa era de Tur\u00edn, la ciudad piamontesa que fue la cuna de la congregaci\u00f3n que lleva el nombre de San Francisco de Sales).<\/p>\n<p>Precisamente ah\u00ed, en <strong>M\u00e9xico 4040<\/strong> hace la primera parada el tour porte\u00f1o del Papa cuando solo era Jorge Bergolgio. All\u00ed, a ocho cuadras del transitado Parque Rivadavia, todav\u00eda hoy funciona la<strong> Casa Salesiana de Almagro<\/strong>, fundada por el Reverendo Padre <strong>Lorenzo Massa<\/strong>, \u201csacerdote, misionero, ap\u00f3stol, docente, historiador\u201d \u2026 \u00a1y futbolero hasta la muerte! <\/p>\n<p>Fue ese cura salesiano el fundador del <strong>Club Atl\u00e9tico San Lorenzo de Almagro <\/strong>all\u00ed donde fue su primer campito, hasta que se mudaron a Boedo y luego a Bajo Flores. <\/p>\n<p>El Padre Enrique Pozzoli recibi\u00f3 a Giovanni Bergoglio y su familia con los brazos abiertos cuando llegaron sin nada. Los ayud\u00f3 a instalarse y fue \u201cel cura de la familia\u201d durante d\u00e9cadas. Fue \u00e9l quien dio <strong>la misa en la que el padre del Papa<\/strong>, ya empleado del ferrocarril, <strong>conoci\u00f3 a<\/strong> <strong>Regina Mar\u00eda S\u00edvori Gogna<\/strong> (1911-1981), una argentina hija de compadres. Se casaron en 1934 y poco despu\u00e9s, el <strong>17 de diciembre de 1936 naci\u00f3 Jorge Mario Bergoglio<\/strong>, el primog\u00e9nito entre cinco hijos argentinos. <\/p>\n<p>Una semana despu\u00e9s, en Navidad, Pozzoli lo bautizaba en esa misma iglesia salesiana que no deja lugar a dudas de la gen\u00e9tica cuerva del Papa. <\/p>\n<p style=\"text-align:center\"><picture><source media=\"(max-width: 440px)\" srcset=\"https:\/\/fotos.perfil.com\/\/2026\/04\/20\/440\/0\/papa-francisco-20042026-2224258.jpg?webp\"\/><source media=\"(max-width: 1019px)\" srcset=\"https:\/\/fotos.perfil.com\/\/2026\/04\/20\/712\/0\/papa-francisco-20042026-2224258.jpg?webp\"\/><img decoding=\"async\" style=\"max-width: 100%; width: 100%;\" alt=\"Papa Francisco 20042026\" src=\"https:\/\/fotos.perfil.com\/\/2026\/04\/20\/900\/0\/papa-francisco-20042026-2224258.jpg?webp\" loading=\"lazy\"\/><\/picture><\/p>\n<p>Era el destino, ya lo dijimos: su familia alimentaba su vida infantil con el c\u00f3digo salesiano y \u00e9l no contradec\u00eda esa devoci\u00f3n: procesiones en el Mar\u00eda Auxiliadora o en el San Antonio de la calle M\u00e9xico; visita cantada al Oratorio de San Francisco de Sales, con la abuela devota; un sexto grado (<strong>1949<\/strong>) experimental como alumno pupilo en el <strong>Colegio Wilfrid Bar\u00f3n de los Santos \u00c1ngeles, en Ramos Mej\u00eda<\/strong>. <\/p>\n<p>Es claro: si no hubiera sido jesuita, el Papa Francisco hubiera sido salesiano o, en el peor de los casos, futbolista entre los \u201ccuervos\u201d. <strong>Sus amores fueron una p\u00e1gina marcada.<\/strong><\/p>\n<blockquote>\n<p><a target=\"_blank\" href=\"https:\/\/www.perfil.com\/noticias\/actualidad\/la-sobrina-nieta-del-papa-francisco-pidio-que-muerte-sea-un-nuevo-capitulo-de-conciencia-colectiva-y-universa.phtml\">Con la abuela pasaban largas tardes juntos mientras se hund\u00edan en la nostalgia de los recuerdos de la madre patria piamonte; con la madre escuchaban m\u00fasica cl\u00e1sica en Radio Nacional\u00bb<\/a><\/p>\n<\/blockquote>\n<p>La tercera escala del tour es ah\u00ed nom\u00e1s, la <strong>casa natal de Bergoglio<\/strong>, en <strong>Varela 268<\/strong>, <strong>Flores<\/strong>. Una sencilla placa de m\u00e1rmol veteado recuerda la estirpe del sitio con una leyenda simb\u00f3lica: \u201cRezamos por vos\u201d. <\/p>\n<p>Una puerta de hierro gris con doble hoja vidriada cierra un zagu\u00e1n profundo, apenas reverdecido por unas macetas que se reparten una \u201clengua de suegra\u201d, una calathea y una palmerita que lucha para no perder su vieja dignidad. <\/p>\n<p>En este PH de dos casas, el Santo Padre vino al mundo a las 21 en punto. Aqu\u00ed aprendi\u00f3 a decir \u201cmam\u00e1\u201d y caminar dando tumbos por el peque\u00f1o patio central. Todo parece detenido en el tiempo, como era a fines del 30, con los pisos de madera original, las nobles aberturas de entonces, la escalera de m\u00e1rmol que lleva al entrepiso y la terraza abierta al celeste porte\u00f1o.<\/p>\n<p>En 2021 el lugar estuvo en venta, pero hoy est\u00e1 vac\u00edo. <\/p>\n<h2>El Papa que no se fue<\/h2>\n<p>En <strong>Varela 268<\/strong>, los Bergoglio vivieron hasta que Jorge cumpli\u00f3 los cinco a\u00f1os. La <strong>familia <\/strong>crec\u00eda: llegaron Oscar, Marta, Alberto y Mar\u00eda Elena, la menor de todos, de quien la separaban 12 a\u00f1os.<\/p>\n<p>Fue entonces en 1940 cuando se mudaron a la fresca casa con ancha vereda arbolada de <strong>Membrillar 531<\/strong>, m\u00e1s fresca a\u00fan gracias a la <strong>Plaza Herminia Brumana<\/strong>, a 50 metros, en donde Jorgito aprendi\u00f3 a pintarse las rodillas con moretones mientras recib\u00eda la educaci\u00f3n primaria laica, en la Escuela Nro. 8 Coronel Ingeniero Ignacio Pedro Antonio Cervi\u00f1o (Varela 358), otra de las paradas del tour. <\/p>\n<p>El nivel secundario llev\u00f3 al fan de San Lorenzo hasta Nuestra Se\u00f1ora de la Misericordia, Colegio Incorporado Normal y Liceo (<strong>Av. Directorio 2138<\/strong>). En ese mismo lugar tambi\u00e9n convergen los recuerdos argentinos de su Primera Comuni\u00f3n, meci\u00e9ndose al ritmo de las arboledas de la <strong>Plaza Varela<\/strong>, en la esquina de Camacu\u00e1. <\/p>\n<div style=\"text-align:center\">\n<figure class=\"image\" style=\"display:inline-block\"><picture><source media=\"(max-width: 440px)\" srcset=\"https:\/\/fotos.perfil.com\/\/2026\/04\/20\/440\/0\/papa-francisco-20042026-2224217.jpg?webp\"\/><source media=\"(max-width: 1019px)\" srcset=\"https:\/\/fotos.perfil.com\/\/2026\/04\/20\/712\/0\/papa-francisco-20042026-2224217.jpg?webp\"\/><img decoding=\"async\" style=\"max-width: 100%; width: 100%;\" alt=\"Papa Francisco tomando mate 20042026\" src=\"https:\/\/fotos.perfil.com\/\/2026\/04\/20\/900\/0\/papa-francisco-20042026-2224217.jpg?webp\" loading=\"lazy\"\/><\/picture><figcaption><strong>Papa Francisco nunca se fue<\/strong>. Toma el mate que le ofrecen los fieles en medio de la multitud.<\/figcaption><\/figure>\n<\/p><\/div>\n<p>El secundario de Bergoglio concluy\u00f3 en la Escuela t\u00e9cnica Hip\u00f3lito Yrigoyen, de <strong>Monte Castro<\/strong>, de donde se gradu\u00f3<strong> <\/strong>de <strong>t\u00e9cnico qu\u00edmico<\/strong>. Ese t\u00edtulo le permiti\u00f3 trabajar en Laboratorios Hickethier y Bachmann (<strong>Azcu\u00e9naga 1183<\/strong>), <a target=\"_blank\" href=\"https:\/\/www.perfil.com\/noticias\/protagonistas\/la-ninez-y-juventud-portenas-del-papa-francisco-un-padre-ferroviario-y-la-sagrada-influencia-de-la-abuela.phtml\">yendo y viniendo de Flores a Barrio Norte durante casi tres a\u00f1os<\/a>. <\/p>\n<p>Jorge Bergoglio tuvo siempre un v\u00ednculo especial con su <strong>abuela Rosa Vasallo<\/strong>, cat\u00f3lica ferviente. Y as\u00ed fue hasta el d\u00eda de 1974 en que falleci\u00f3 en el Sanatorio San Camilo, sobre la calle \u00c1ngel Gallardo. Ella fue la mujer que m\u00e1s influy\u00f3 en su personalidad, en principio porque pasaron largas tardes juntos mientras se hund\u00edan en la nostalgia de los recuerdos de la madre patria piamontesa, cuando hac\u00eda obras ben\u00e9ficas para los m\u00e1s pobres. <\/p>\n<p>De su madre, en cambio, se le peg\u00f3 el amor por la m\u00fasica. El la acompa\u00f1aba con el o\u00eddo adherido a Radio Nacional, para escuchar <strong>m\u00fasica cl\u00e1sica.<\/strong> <\/p>\n<div style=\"text-align:center\">\n<figure class=\"image\" style=\"display:inline-block\"><picture><source media=\"(max-width: 440px)\" srcset=\"https:\/\/fotos.perfil.com\/\/2026\/04\/08\/440\/0\/papa-francisco-08042026-2216997.jpg?webp\"\/><source media=\"(max-width: 1019px)\" srcset=\"https:\/\/fotos.perfil.com\/\/2026\/04\/08\/712\/0\/papa-francisco-08042026-2216997.jpg?webp\"\/><img decoding=\"async\" style=\"max-width: 100%; width: 100%;\" alt=\"Papa Francisco visita a pueblos originarios de Tailandia\" src=\"https:\/\/fotos.perfil.com\/\/2026\/04\/08\/900\/0\/papa-francisco-08042026-2216997.jpg?webp\" loading=\"lazy\"\/><\/picture><figcaption>El<strong> Papa Francisco <\/strong>visita pueblos originales de Tailandia, en <strong>2019<\/strong>, y disfruta del momento.<\/figcaption><\/figure>\n<\/p><\/div>\n<p>De ah\u00ed vendr\u00e1 esa imperiosa necesidad del Sumo Pont\u00edfice de perderse, entre mate y mate, con Johann Sebastian Bach cuando necesitaba poner en orden sus preocupaciones. Y gracias a las dos, madre y abuela, <strong>su italiano fue fluido desde el primer d\u00eda <\/strong>en que su sotana y su vocaci\u00f3n lo llevaron a la ciudad de San Pedro, a pesar de que \u2014cuando chico\u2014 odiaba que en su casa se hablara piamont\u00e9s.<\/p>\n<p>Por la calle Pedernera se alcanza la Avenida Rivadavia 6950, parada esencial en este circuito porte\u00f1o de homenaje al Papa. All\u00ed, justo enfrente de la Plaza Gral Pueyrred\u00f3n (Plaza Flores), est\u00e1 la <strong>Bas\u00edlica San Jos\u00e9 de Flores<\/strong>, \u201csucursal del Vaticano\u201d seg\u00fan los vecinos, y para los cultores de la <em>papaman\u00eda<\/em>, punto exacto de la <strong>epifan\u00eda <\/strong>en la vida de Bergoglio. <\/p>\n<blockquote>\n<p><a target=\"_blank\" href=\"https:\/\/www.perfil.com\/noticias\/sociedad\/papa-francisco-que-lugares-de-buenos-aires-lo-inspiraron-para-hacer-lio-y-desatar-nudos.phtml\">En Flores, un hermoso retrato del <strong>Santo Padre<\/strong> escolta el almohad\u00f3n bord\u00f3 del confesionario de madera lustrada\u00bb<\/a><\/p>\n<\/blockquote>\n<p>Fue el 21 de septiembre de<strong> 1953<\/strong>, cuando Jorge Bergoglio ten\u00eda <strong>17 a\u00f1os<\/strong>. Iba a festejar el d\u00eda del estudiante con compa\u00f1eros de la Acci\u00f3n Cat\u00f3lica, grupo en el que militaba con amigos. Lleg\u00f3 primero y, mientras esperaba al resto, pint\u00f3<strong> confesarse.<\/strong> Arrodillado frente al sacerdote, hizo luz en \u00e9l algo que ven\u00eda titilando.<\/p>\n<p>All\u00ed <strong>\u201cDios lo llam\u00f3\u201d<\/strong>, explic\u00f3 despu\u00e9s y una placa recordatoria, una l\u00e1mpara votiva y un San Jos\u00e9 yacente visten el escenario basilical del confesionario en el que Jorge Bergoglio decidi\u00f3 ser <strong>cura<\/strong>. <\/p>\n<p style=\"text-align:center\"><picture><source media=\"(max-width: 440px)\" srcset=\"https:\/\/fotos.perfil.com\/\/2026\/04\/21\/440\/0\/el-papa-francisco-20260420-2224430.jpg?webp\"\/><source media=\"(max-width: 1019px)\" srcset=\"https:\/\/fotos.perfil.com\/\/2026\/04\/21\/712\/0\/el-papa-francisco-20260420-2224430.jpg?webp\"\/><img decoding=\"async\" style=\"max-width: 100%; width: 100%;\" alt=\"El Papa Francisco 20260420\" src=\"https:\/\/fotos.perfil.com\/\/2026\/04\/21\/900\/0\/el-papa-francisco-20260420-2224430.jpg?webp\" loading=\"lazy\"\/><\/picture><\/p>\n<p>Un hermoso retrato del Santo Padre escolta el almohad\u00f3n bord\u00f3 del confesionario de madera lustrada, en donde el cura del barrio perdon\u00f3 los pecados de Bergoglio hace 73 a\u00f1os. As\u00ed, arrodillado frente a \u00e9l, se arrepinti\u00f3 de todos sus l\u00edos. En nombre de Dios, el p\u00e1rroco lo perdon\u00f3, lo bendijo y \u00e9l acept\u00f3 su vocaci\u00f3n.<\/p>\n<blockquote>\n<p><a target=\"_blank\" href=\"https:\/\/www.perfil.com\/noticias\/sociedad\/la-intimidad-del-dialogo-entre-bergoglio-y-su-familia-20130317-0089.phtml\">Regina sinti\u00f3 que el alma se le ca\u00eda al centro de la Tierra para luego regresar. Rosa, la abuela, quebr\u00f3 el silencio sepulcral: &#8216;si cambi\u00e1s de idea, siempre podr\u00e1s volver a casa&#8217;\u201d<\/a><\/p>\n<\/blockquote>\n<p>Pese a su determinaci\u00f3n, ese fue un secreto durante dos a\u00f1os y eligi\u00f3 revelarlo en el restaurante de la esquina, ah\u00ed nom\u00e1s, en <strong>Rivadavia y Rivera Indarte<\/strong>, cuando la familia se reuni\u00f3 para celebrar los 20 a\u00f1os del matrimonio de sus padres, oficiado por el padre Enrique Pozzoli, tambi\u00e9n presente. Antes de que llegaran los postres, larg\u00f3 sin m\u00e1s que no iba a estudiar medicina, como todos esperaban, sino que ser\u00eda <strong>\u201cm\u00e9dico de las almas\u201d,<\/strong> cura.<\/p>\n<p>A Jorge Mario se le cort\u00f3 la digesti\u00f3n y, en segundos, Regina sinti\u00f3 que el alma se le ca\u00eda al centro de la Tierra para luego regresar. Rosa, la abuela, quebr\u00f3 el silencio sepulcral: \u201cSi cambi\u00e1s de idea, siempre podr\u00e1s volver a casa\u201d, dijo previendo que su hijo le har\u00eda la cruz, y no se habl\u00f3 m\u00e1s. Pero finalmente todos lo aceptaron. <\/p>\n<h2>Las pistas del Papa<\/h2>\n<p>Bergoglio se intern\u00f3 en el <strong>Seminario<\/strong> Metropolitano Inmaculada Concepci\u00f3n de Villa Devoto y fue un camino de ida. Esas inmensas cuatro manzanas que guardan el susurro de miles de padrenuestros desde fines del 1800 fueron su hogar durante dos a\u00f1os. Fue all\u00ed donde debi\u00f3 sortear otro golpe del destino: la<strong> infecci\u00f3n pulmonar <\/strong>que casi lo llev\u00f3 a la tumba, pero sobrevivi\u00f3. <\/p>\n<p>Todo indicaba que su fe lo orientaba de forma natural hacia la orden salesiana. Sin embargo, a los 23 a\u00f1os <strong>eligi\u00f3 la misi\u00f3n jesu\u00edtica. <\/strong><br \/>Una vez recuperado, a fines de marzo de 1960 parti\u00f3 a Chile para hacer un \u201cjuniorado\u201d en la Comuna Hurtado de la Compa\u00f1\u00eda de Jes\u00fas, a 25 kil\u00f3metros de <strong>Santiago de Chile<\/strong>. <\/p>\n<p>En ese paraje inh\u00f3spito accesible solamente en carro tirado por caballos, Bergoglio confirm\u00f3 su preferencia por el silencio, las voces del mundo interior, la sed de saber, la camareder\u00eda, y su completa entrega al coraz\u00f3n de Cristo. <\/p>\n<p>Y a sus compa\u00f1eros de la Casa Loyola les dej\u00f3 el mejor de los recuerdos como <strong>hombre que <a target=\"_blank\" href=\"https:\/\/www.perfil.com\/noticias\/internacional\/no-lo-van-a-estructurar-dice-la-hermana-del-papa-20130319-0007.phtml\">\u201chac\u00eda l\u00edo\u201d<\/a>,<\/strong> si esa era una buena herramienta para evangelizar. Y fue por eso que acept\u00f3 ser actor en la pieza teatral <em>A la hora und\u00e9cima<\/em>.<\/p>\n<p>\u201cSiempre contabas con \u00e9l, adem\u00e1s de ser muy inteligente, por sobre la media. Cuando alguno ten\u00eda dificultad con lo que pasaba en el curso, t\u00fa hablabas con \u00e9l y te destrababa el problema\u201d, cont\u00f3 Luis Bresciani, quien luego lleg\u00f3 a ser presidente del Tribunal de \u00c9tica del Colegio de Arquitectos de <strong>Chile<\/strong>. <strong>Bergoglio desataba nudos.<\/strong><\/p>\n<p>Bergoglio regres\u00f3 a Buenos Aires en febrero de 1961 y fue profesor de Literatura y Teolog\u00eda en el <strong>Colegio del Salvador<\/strong>, (<strong>Callao 542<\/strong>), que pertenece a la<strong> Compa\u00f1\u00eda de Jes\u00fas.<\/strong> Entre 1964 y 1965, dio clases de <strong>Literatura y Psicolog\u00eda <\/strong>a la escuela jesuita Inmaculada Concepci\u00f3n, en Santa Fe. <\/p>\n<p>Se orden\u00f3 <strong>cura en 1969 <\/strong>y lo primero que hizo fue<strong> bendecir a su madre Regina. <\/strong>En la <a target=\"_blank\" href=\"https:\/\/www.perfil.com\/noticias\/sociedad\/carlos-mugica-el-cura-villero-que-vivio-en-carne-propia-el-final-amargo-de-los-70.phtml\">d\u00e9cada del 70<\/a>, fue superior provincial de los jesuitas en Argentina; entre 1980 y 1986, estuvo en el rectorado del <strong>Colegio M\u00e1ximo<\/strong> y en la Facultad de Filosof\u00eda y Teolog\u00eda de San Miguel. Siguieron seis a\u00f1os en <strong>C\u00f3rdoba<\/strong>.<\/p>\n<p>En 1992, lo nombraron<strong> obispo de la di\u00f3cesis de Oca<\/strong> y, en simult\u00e1neo, obispo auxiliar de Buenos Aires, con derecho a suceder a Antonio Quarrachino, cosa que sucedi\u00f3 en 1998, cuando su mentor falleci\u00f3 y Bergoglio hered\u00f3 el cargo de <strong>Arzobispo de Buenos Aires<\/strong>, en la Catedral Metropolitana, parada obligada que del tour papal, que recibe a los visitantes desde el atrio con videos alusivos de valor hist\u00f3rico.<\/p>\n<div style=\"text-align:center\">\n<figure class=\"image\" style=\"display:inline-block\"><picture><source media=\"(max-width: 440px)\" srcset=\"https:\/\/fotos.perfil.com\/\/2026\/04\/20\/440\/0\/papa-francisco-20042026-2224216.jpg?webp\"\/><source media=\"(max-width: 1019px)\" srcset=\"https:\/\/fotos.perfil.com\/\/2026\/04\/20\/712\/0\/papa-francisco-20042026-2224216.jpg?webp\"\/><img decoding=\"async\" style=\"max-width: 100%; width: 100%;\" alt=\"Papa Francisco y su fanatismo por el Club San Lorenzo20042026\" src=\"https:\/\/fotos.perfil.com\/\/2026\/04\/20\/900\/0\/papa-francisco-20042026-2224216.jpg?webp\" loading=\"lazy\"\/><\/picture><figcaption>El <strong>Papa Francisco<\/strong> y su fanatismo por el <strong>Club San Lorenzo de Almagro<\/strong>, de los <strong>cuervos<\/strong>.<\/figcaption><\/figure>\n<\/p><\/div>\n<p>All\u00ed estuvo, hasta que la fumata blanca del deber lo llam\u00f3 en 2013, desde la <strong>Capilla Sixtina.<\/strong> Y mientras tanto, como si tuviera tiempo libre, fue Gran Canciller de la Universidad Cat\u00f3lica Argentina. <\/p>\n<p>Hasta ese d\u00eda, sal\u00eda todos los d\u00edas a <strong>caminar <\/strong>y se perd\u00eda entre los porte\u00f1os para<strong> comprar su peri\u00f3dico <\/strong>en el puesto de diarios de Hip\u00f3lito Yrigoyen y Bol\u00edvar, otra de las paradas, junto con la cancha de San Lorenzo.<\/p>\n<p>Faltar\u00eda sumar la Parroquia San Jos\u00e9 del Talar, en el barrio de Agronom\u00eda,<strong> Villa Devoto<\/strong>, donde se exhibe una pintura donada por el Papa con la imagen de la <strong>Virgen Destanudos<\/strong>, su versi\u00f3n mariana favorita. La hizo Ana Mar\u00eda Betta de Berti, a partir de una estampita que hab\u00eda comprado el mismo Bergoglio, mucho antes de llegar al Vaticano. <\/p>\n<p>De manera simb\u00f3lica, todas las visitas guiadas concluyen sobre la vereda de Bol\u00edvar 225, frente a la <a target=\"_blank\" href=\"https:\/\/www.perfil.com\/noticias\/sociedad\/la-vida-del-jesuita-argentino-antes-de-llegar-a-lo-mas-alto-de-la-iglesia-catolica-20130320-0043.phtml\">Iglesia San Ignacio de Loyola<\/a>, fundador de la orden de los jesuitas. <\/p>\n<p>En total son m\u00e1s de dos decenas los rincones porte\u00f1os y del Gran Buenos Aires que reclaman centimetraje y patria potestad en la <em>road movie<\/em> del primer Papa argentino, el primer Papa jesuita de la historia, el primer Papa americano e, incluso, el primer Papa \u201cno europeo\u201d desde Gegorio III. Todo el planeta lo recordar\u00e1 y sobre todo los argentinos, que desde un a\u00f1o vienen extra\u00f1\u00e1ndolo.<\/p>\n<p><em>ML<\/em><\/p>\n<\/p><\/div>\n<p><script>\n                !function(f,b,e,v,n,t,s)\n                {if(f.fbq)return;n=f.fbq=function(){n.callMethod?\n                    n.callMethod.apply(n,arguments):n.queue.push(arguments)};\n                    if(!f._fbq)f._fbq=n;n.push=n;n.loaded=!0;n.version='2.0';\n                    n.queue=[];t=b.createElement(e);t.async=!0;\n                    t.src=v;s=b.getElementsByTagName(e)[0];\n                    s.parentNode.insertBefore(t,s)}(window, document,'script',\n                    'https:\/\/connect.facebook.net\/en_US\/fbevents.js');\n                window.paywallConfig.facebook_pixel=\"1000228364089342\"\n            <\/script><\/p>\n","protected":false},"excerpt":{"rendered":"<p>Hace exactamente un a\u00f1o, el mundo entero se despert\u00f3 con la muerte del Papa Francisco. Ten\u00eda 88 a\u00f1os de edad y hab\u00eda logrado gambetear varias veces la pleures\u00eda que a los 21 le perdon\u00f3 la vida, pero no fue gratis: le hab\u00eda pedido a cambio el pulm\u00f3n derecho. Su historial m\u00e9dico hab\u00eda sido bastante voluminoso: [&hellip;]<\/p>\n","protected":false},"author":2,"featured_media":192401,"comment_status":"closed","ping_status":"closed","sticky":false,"template":"","format":"standard","meta":{"footnotes":""},"categories":[25],"tags":[],"class_list":["post-192400","post","type-post","status-publish","format-standard","has-post-thumbnail","hentry","category-nacionales"],"yoast_head":"<!-- This site is optimized with the Yoast SEO plugin v24.4 - https:\/\/yoast.com\/wordpress\/plugins\/seo\/ -->\n<title>Varias pistas dicen que el Papa Francisco no se fue - GYS NOTICIAS |<\/title>\n<meta name=\"robots\" content=\"index, follow, max-snippet:-1, max-image-preview:large, max-video-preview:-1\" \/>\n<link rel=\"canonical\" href=\"https:\/\/gysfm.com.ar\/inicio\/varias-pistas-dicen-que-el-papa-francisco-no-se-fue\/\" \/>\n<meta property=\"og:locale\" content=\"es_ES\" \/>\n<meta property=\"og:type\" content=\"article\" \/>\n<meta property=\"og:title\" content=\"Varias pistas dicen que el Papa Francisco no se fue - GYS NOTICIAS |\" \/>\n<meta property=\"og:description\" content=\"Hace exactamente un a\u00f1o, el mundo entero se despert\u00f3 con la muerte del Papa Francisco. Ten\u00eda 88 a\u00f1os de edad y hab\u00eda logrado gambetear varias veces la pleures\u00eda que a los 21 le perdon\u00f3 la vida, pero no fue gratis: le hab\u00eda pedido a cambio el pulm\u00f3n derecho. Su historial m\u00e9dico hab\u00eda sido bastante voluminoso: [&hellip;]\" \/>\n<meta property=\"og:url\" content=\"https:\/\/gysfm.com.ar\/inicio\/varias-pistas-dicen-que-el-papa-francisco-no-se-fue\/\" \/>\n<meta property=\"og:site_name\" content=\"GYS NOTICIAS |\" \/>\n<meta property=\"article:published_time\" content=\"2026-04-22T23:57:06+00:00\" \/>\n<meta property=\"og:image\" content=\"https:\/\/fotos.perfil.com\/\/2026\/04\/08\/900\/0\/papa-francisco-08042026-2216993.jpg?webp\" \/>\n<meta name=\"author\" content=\"Prensa G&amp;S FM\" \/>\n<meta name=\"twitter:card\" content=\"summary_large_image\" \/>\n<meta name=\"twitter:label1\" content=\"Escrito por\" \/>\n\t<meta name=\"twitter:data1\" content=\"Prensa G&amp;S FM\" \/>\n\t<meta name=\"twitter:label2\" content=\"Tiempo de lectura\" \/>\n\t<meta name=\"twitter:data2\" content=\"14 minutos\" \/>\n<script type=\"application\/ld+json\" class=\"yoast-schema-graph\">{\"@context\":\"https:\/\/schema.org\",\"@graph\":[{\"@type\":\"Article\",\"@id\":\"https:\/\/gysfm.com.ar\/inicio\/varias-pistas-dicen-que-el-papa-francisco-no-se-fue\/#article\",\"isPartOf\":{\"@id\":\"https:\/\/gysfm.com.ar\/inicio\/varias-pistas-dicen-que-el-papa-francisco-no-se-fue\/\"},\"author\":{\"name\":\"Prensa G&amp;S FM\",\"@id\":\"https:\/\/gysfm.com.ar\/inicio\/#\/schema\/person\/3abba7593ef2ad19e1be221d54383dc5\"},\"headline\":\"Varias pistas dicen que el Papa Francisco no se fue\",\"datePublished\":\"2026-04-22T23:57:06+00:00\",\"mainEntityOfPage\":{\"@id\":\"https:\/\/gysfm.com.ar\/inicio\/varias-pistas-dicen-que-el-papa-francisco-no-se-fue\/\"},\"wordCount\":2801,\"publisher\":{\"@id\":\"https:\/\/gysfm.com.ar\/inicio\/#organization\"},\"image\":{\"@id\":\"https:\/\/gysfm.com.ar\/inicio\/varias-pistas-dicen-que-el-papa-francisco-no-se-fue\/#primaryimage\"},\"thumbnailUrl\":\"https:\/\/gysfm.com.ar\/inicio\/wp-content\/uploads\/2026\/04\/el-papa-francisco-soltando-un-cuervo-2224649.jpg\",\"articleSection\":[\"NACIONALES\"],\"inLanguage\":\"es\"},{\"@type\":\"WebPage\",\"@id\":\"https:\/\/gysfm.com.ar\/inicio\/varias-pistas-dicen-que-el-papa-francisco-no-se-fue\/\",\"url\":\"https:\/\/gysfm.com.ar\/inicio\/varias-pistas-dicen-que-el-papa-francisco-no-se-fue\/\",\"name\":\"Varias pistas dicen que el Papa Francisco no se fue - GYS NOTICIAS |\",\"isPartOf\":{\"@id\":\"https:\/\/gysfm.com.ar\/inicio\/#website\"},\"primaryImageOfPage\":{\"@id\":\"https:\/\/gysfm.com.ar\/inicio\/varias-pistas-dicen-que-el-papa-francisco-no-se-fue\/#primaryimage\"},\"image\":{\"@id\":\"https:\/\/gysfm.com.ar\/inicio\/varias-pistas-dicen-que-el-papa-francisco-no-se-fue\/#primaryimage\"},\"thumbnailUrl\":\"https:\/\/gysfm.com.ar\/inicio\/wp-content\/uploads\/2026\/04\/el-papa-francisco-soltando-un-cuervo-2224649.jpg\",\"datePublished\":\"2026-04-22T23:57:06+00:00\",\"breadcrumb\":{\"@id\":\"https:\/\/gysfm.com.ar\/inicio\/varias-pistas-dicen-que-el-papa-francisco-no-se-fue\/#breadcrumb\"},\"inLanguage\":\"es\",\"potentialAction\":[{\"@type\":\"ReadAction\",\"target\":[\"https:\/\/gysfm.com.ar\/inicio\/varias-pistas-dicen-que-el-papa-francisco-no-se-fue\/\"]}]},{\"@type\":\"ImageObject\",\"inLanguage\":\"es\",\"@id\":\"https:\/\/gysfm.com.ar\/inicio\/varias-pistas-dicen-que-el-papa-francisco-no-se-fue\/#primaryimage\",\"url\":\"https:\/\/gysfm.com.ar\/inicio\/wp-content\/uploads\/2026\/04\/el-papa-francisco-soltando-un-cuervo-2224649.jpg\",\"contentUrl\":\"https:\/\/gysfm.com.ar\/inicio\/wp-content\/uploads\/2026\/04\/el-papa-francisco-soltando-un-cuervo-2224649.jpg\",\"width\":1140,\"height\":641},{\"@type\":\"BreadcrumbList\",\"@id\":\"https:\/\/gysfm.com.ar\/inicio\/varias-pistas-dicen-que-el-papa-francisco-no-se-fue\/#breadcrumb\",\"itemListElement\":[{\"@type\":\"ListItem\",\"position\":1,\"name\":\"Portada\",\"item\":\"https:\/\/gysfm.com.ar\/inicio\/\"},{\"@type\":\"ListItem\",\"position\":2,\"name\":\"Varias pistas dicen que el Papa Francisco no se fue\"}]},{\"@type\":\"WebSite\",\"@id\":\"https:\/\/gysfm.com.ar\/inicio\/#website\",\"url\":\"https:\/\/gysfm.com.ar\/inicio\/\",\"name\":\"GYS NOTICIAS |\",\"description\":\"DIARIO - RADIO ONLINE SAN JUAN ARGENTINA\",\"publisher\":{\"@id\":\"https:\/\/gysfm.com.ar\/inicio\/#organization\"},\"potentialAction\":[{\"@type\":\"SearchAction\",\"target\":{\"@type\":\"EntryPoint\",\"urlTemplate\":\"https:\/\/gysfm.com.ar\/inicio\/?s={search_term_string}\"},\"query-input\":{\"@type\":\"PropertyValueSpecification\",\"valueRequired\":true,\"valueName\":\"search_term_string\"}}],\"inLanguage\":\"es\"},{\"@type\":\"Organization\",\"@id\":\"https:\/\/gysfm.com.ar\/inicio\/#organization\",\"name\":\"GYS NOTICIAS |\",\"url\":\"https:\/\/gysfm.com.ar\/inicio\/\",\"logo\":{\"@type\":\"ImageObject\",\"inLanguage\":\"es\",\"@id\":\"https:\/\/gysfm.com.ar\/inicio\/#\/schema\/logo\/image\/\",\"url\":\"https:\/\/gysfm.com.ar\/inicio\/wp-content\/uploads\/2023\/07\/LOGOGYS-OK.png\",\"contentUrl\":\"https:\/\/gysfm.com.ar\/inicio\/wp-content\/uploads\/2023\/07\/LOGOGYS-OK.png\",\"width\":1170,\"height\":872,\"caption\":\"GYS NOTICIAS |\"},\"image\":{\"@id\":\"https:\/\/gysfm.com.ar\/inicio\/#\/schema\/logo\/image\/\"}},{\"@type\":\"Person\",\"@id\":\"https:\/\/gysfm.com.ar\/inicio\/#\/schema\/person\/3abba7593ef2ad19e1be221d54383dc5\",\"name\":\"Prensa G&amp;S FM\",\"image\":{\"@type\":\"ImageObject\",\"inLanguage\":\"es\",\"@id\":\"https:\/\/gysfm.com.ar\/inicio\/#\/schema\/person\/image\/\",\"url\":\"https:\/\/secure.gravatar.com\/avatar\/096ec78df02049ab018702bb4ccedf659377fa92a26540b5247612077a0dbd29?s=96&d=mm&r=g\",\"contentUrl\":\"https:\/\/secure.gravatar.com\/avatar\/096ec78df02049ab018702bb4ccedf659377fa92a26540b5247612077a0dbd29?s=96&d=mm&r=g\",\"caption\":\"Prensa G&amp;S FM\"},\"sameAs\":[\"https:\/\/gysfm.com.ar\/\"],\"url\":\"https:\/\/gysfm.com.ar\/inicio\/author\/lucasm\/\"}]}<\/script>\n<!-- \/ Yoast SEO plugin. -->","yoast_head_json":{"title":"Varias pistas dicen que el Papa Francisco no se fue - GYS NOTICIAS |","robots":{"index":"index","follow":"follow","max-snippet":"max-snippet:-1","max-image-preview":"max-image-preview:large","max-video-preview":"max-video-preview:-1"},"canonical":"https:\/\/gysfm.com.ar\/inicio\/varias-pistas-dicen-que-el-papa-francisco-no-se-fue\/","og_locale":"es_ES","og_type":"article","og_title":"Varias pistas dicen que el Papa Francisco no se fue - GYS NOTICIAS |","og_description":"Hace exactamente un a\u00f1o, el mundo entero se despert\u00f3 con la muerte del Papa Francisco. Ten\u00eda 88 a\u00f1os de edad y hab\u00eda logrado gambetear varias veces la pleures\u00eda que a los 21 le perdon\u00f3 la vida, pero no fue gratis: le hab\u00eda pedido a cambio el pulm\u00f3n derecho. Su historial m\u00e9dico hab\u00eda sido bastante voluminoso: [&hellip;]","og_url":"https:\/\/gysfm.com.ar\/inicio\/varias-pistas-dicen-que-el-papa-francisco-no-se-fue\/","og_site_name":"GYS NOTICIAS |","article_published_time":"2026-04-22T23:57:06+00:00","og_image":[{"url":"https:\/\/fotos.perfil.com\/\/2026\/04\/08\/900\/0\/papa-francisco-08042026-2216993.jpg?webp","type":"","width":"","height":""}],"author":"Prensa G&amp;S FM","twitter_card":"summary_large_image","twitter_misc":{"Escrito por":"Prensa G&amp;S FM","Tiempo de lectura":"14 minutos"},"schema":{"@context":"https:\/\/schema.org","@graph":[{"@type":"Article","@id":"https:\/\/gysfm.com.ar\/inicio\/varias-pistas-dicen-que-el-papa-francisco-no-se-fue\/#article","isPartOf":{"@id":"https:\/\/gysfm.com.ar\/inicio\/varias-pistas-dicen-que-el-papa-francisco-no-se-fue\/"},"author":{"name":"Prensa G&amp;S FM","@id":"https:\/\/gysfm.com.ar\/inicio\/#\/schema\/person\/3abba7593ef2ad19e1be221d54383dc5"},"headline":"Varias pistas dicen que el Papa Francisco no se fue","datePublished":"2026-04-22T23:57:06+00:00","mainEntityOfPage":{"@id":"https:\/\/gysfm.com.ar\/inicio\/varias-pistas-dicen-que-el-papa-francisco-no-se-fue\/"},"wordCount":2801,"publisher":{"@id":"https:\/\/gysfm.com.ar\/inicio\/#organization"},"image":{"@id":"https:\/\/gysfm.com.ar\/inicio\/varias-pistas-dicen-que-el-papa-francisco-no-se-fue\/#primaryimage"},"thumbnailUrl":"https:\/\/gysfm.com.ar\/inicio\/wp-content\/uploads\/2026\/04\/el-papa-francisco-soltando-un-cuervo-2224649.jpg","articleSection":["NACIONALES"],"inLanguage":"es"},{"@type":"WebPage","@id":"https:\/\/gysfm.com.ar\/inicio\/varias-pistas-dicen-que-el-papa-francisco-no-se-fue\/","url":"https:\/\/gysfm.com.ar\/inicio\/varias-pistas-dicen-que-el-papa-francisco-no-se-fue\/","name":"Varias pistas dicen que el Papa Francisco no se fue - GYS NOTICIAS |","isPartOf":{"@id":"https:\/\/gysfm.com.ar\/inicio\/#website"},"primaryImageOfPage":{"@id":"https:\/\/gysfm.com.ar\/inicio\/varias-pistas-dicen-que-el-papa-francisco-no-se-fue\/#primaryimage"},"image":{"@id":"https:\/\/gysfm.com.ar\/inicio\/varias-pistas-dicen-que-el-papa-francisco-no-se-fue\/#primaryimage"},"thumbnailUrl":"https:\/\/gysfm.com.ar\/inicio\/wp-content\/uploads\/2026\/04\/el-papa-francisco-soltando-un-cuervo-2224649.jpg","datePublished":"2026-04-22T23:57:06+00:00","breadcrumb":{"@id":"https:\/\/gysfm.com.ar\/inicio\/varias-pistas-dicen-que-el-papa-francisco-no-se-fue\/#breadcrumb"},"inLanguage":"es","potentialAction":[{"@type":"ReadAction","target":["https:\/\/gysfm.com.ar\/inicio\/varias-pistas-dicen-que-el-papa-francisco-no-se-fue\/"]}]},{"@type":"ImageObject","inLanguage":"es","@id":"https:\/\/gysfm.com.ar\/inicio\/varias-pistas-dicen-que-el-papa-francisco-no-se-fue\/#primaryimage","url":"https:\/\/gysfm.com.ar\/inicio\/wp-content\/uploads\/2026\/04\/el-papa-francisco-soltando-un-cuervo-2224649.jpg","contentUrl":"https:\/\/gysfm.com.ar\/inicio\/wp-content\/uploads\/2026\/04\/el-papa-francisco-soltando-un-cuervo-2224649.jpg","width":1140,"height":641},{"@type":"BreadcrumbList","@id":"https:\/\/gysfm.com.ar\/inicio\/varias-pistas-dicen-que-el-papa-francisco-no-se-fue\/#breadcrumb","itemListElement":[{"@type":"ListItem","position":1,"name":"Portada","item":"https:\/\/gysfm.com.ar\/inicio\/"},{"@type":"ListItem","position":2,"name":"Varias pistas dicen que el Papa Francisco no se fue"}]},{"@type":"WebSite","@id":"https:\/\/gysfm.com.ar\/inicio\/#website","url":"https:\/\/gysfm.com.ar\/inicio\/","name":"GYS NOTICIAS |","description":"DIARIO - RADIO ONLINE SAN JUAN ARGENTINA","publisher":{"@id":"https:\/\/gysfm.com.ar\/inicio\/#organization"},"potentialAction":[{"@type":"SearchAction","target":{"@type":"EntryPoint","urlTemplate":"https:\/\/gysfm.com.ar\/inicio\/?s={search_term_string}"},"query-input":{"@type":"PropertyValueSpecification","valueRequired":true,"valueName":"search_term_string"}}],"inLanguage":"es"},{"@type":"Organization","@id":"https:\/\/gysfm.com.ar\/inicio\/#organization","name":"GYS NOTICIAS |","url":"https:\/\/gysfm.com.ar\/inicio\/","logo":{"@type":"ImageObject","inLanguage":"es","@id":"https:\/\/gysfm.com.ar\/inicio\/#\/schema\/logo\/image\/","url":"https:\/\/gysfm.com.ar\/inicio\/wp-content\/uploads\/2023\/07\/LOGOGYS-OK.png","contentUrl":"https:\/\/gysfm.com.ar\/inicio\/wp-content\/uploads\/2023\/07\/LOGOGYS-OK.png","width":1170,"height":872,"caption":"GYS NOTICIAS |"},"image":{"@id":"https:\/\/gysfm.com.ar\/inicio\/#\/schema\/logo\/image\/"}},{"@type":"Person","@id":"https:\/\/gysfm.com.ar\/inicio\/#\/schema\/person\/3abba7593ef2ad19e1be221d54383dc5","name":"Prensa G&amp;S FM","image":{"@type":"ImageObject","inLanguage":"es","@id":"https:\/\/gysfm.com.ar\/inicio\/#\/schema\/person\/image\/","url":"https:\/\/secure.gravatar.com\/avatar\/096ec78df02049ab018702bb4ccedf659377fa92a26540b5247612077a0dbd29?s=96&d=mm&r=g","contentUrl":"https:\/\/secure.gravatar.com\/avatar\/096ec78df02049ab018702bb4ccedf659377fa92a26540b5247612077a0dbd29?s=96&d=mm&r=g","caption":"Prensa G&amp;S FM"},"sameAs":["https:\/\/gysfm.com.ar\/"],"url":"https:\/\/gysfm.com.ar\/inicio\/author\/lucasm\/"}]}},"_links":{"self":[{"href":"https:\/\/gysfm.com.ar\/inicio\/wp-json\/wp\/v2\/posts\/192400","targetHints":{"allow":["GET"]}}],"collection":[{"href":"https:\/\/gysfm.com.ar\/inicio\/wp-json\/wp\/v2\/posts"}],"about":[{"href":"https:\/\/gysfm.com.ar\/inicio\/wp-json\/wp\/v2\/types\/post"}],"author":[{"embeddable":true,"href":"https:\/\/gysfm.com.ar\/inicio\/wp-json\/wp\/v2\/users\/2"}],"replies":[{"embeddable":true,"href":"https:\/\/gysfm.com.ar\/inicio\/wp-json\/wp\/v2\/comments?post=192400"}],"version-history":[{"count":0,"href":"https:\/\/gysfm.com.ar\/inicio\/wp-json\/wp\/v2\/posts\/192400\/revisions"}],"wp:featuredmedia":[{"embeddable":true,"href":"https:\/\/gysfm.com.ar\/inicio\/wp-json\/wp\/v2\/media\/192401"}],"wp:attachment":[{"href":"https:\/\/gysfm.com.ar\/inicio\/wp-json\/wp\/v2\/media?parent=192400"}],"wp:term":[{"taxonomy":"category","embeddable":true,"href":"https:\/\/gysfm.com.ar\/inicio\/wp-json\/wp\/v2\/categories?post=192400"},{"taxonomy":"post_tag","embeddable":true,"href":"https:\/\/gysfm.com.ar\/inicio\/wp-json\/wp\/v2\/tags?post=192400"}],"curies":[{"name":"wp","href":"https:\/\/api.w.org\/{rel}","templated":true}]}}