{"id":192398,"date":"2026-04-22T20:38:09","date_gmt":"2026-04-22T23:38:09","guid":{"rendered":"https:\/\/gysfm.com.ar\/inicio\/river-era-mas-pero-se-quedo-con-10-en-el-super-de-reserva-por-un-patadon-a-gelini-ole\/"},"modified":"2026-04-22T20:38:09","modified_gmt":"2026-04-22T23:38:09","slug":"river-era-mas-pero-se-quedo-con-10-en-el-super-de-reserva-por-un-patadon-a-gelini-ole","status":"publish","type":"post","link":"https:\/\/gysfm.com.ar\/inicio\/river-era-mas-pero-se-quedo-con-10-en-el-super-de-reserva-por-un-patadon-a-gelini-ole\/","title":{"rendered":"River era m\u00e1s, pero se qued\u00f3 con 10 en el S\u00faper de Reserva por un patad\u00f3n a Gelini :: Ol\u00e9"},"content":{"rendered":"<p> <br \/>\n<\/p>\n<p><span class=\"createDate\">22\/04\/2026 18:39hs.<\/span><time class=\"modificatedDate\" datetime=\"2026-04-22T20:34:08-03:00\"> Actualizado al 22\/04\/2026 20:34hs.<\/time><\/p>\n<div id=\"storyBody\">\n<div id=\"element-body-0\" class=\"sc-136cd478-0 ekTCfV\">\n<p>Se lo anunci\u00f3 como un eslab\u00f3n m\u00e1s de la cadena de supercl\u00e1sicos de la semana, antes de que se jugaran el del Futsal (el s\u00e1bado pasado) y el m\u00e1s importante de todos, el que el <strong>Boca<\/strong> de Claudio Ubeda le gan\u00f3 a <strong>River<\/strong> en el Monumental con un gol de penal de Leandro Paredes. <strong>Pero el que falta es el de Reserva, que este mi\u00e9rcoles se jugar\u00e1 en Boca Predio y que lo vas a poder seguir al instante por Ol\u00e9.<\/strong><\/p>\n<\/div>\n<div id=\"element-body-1\" class=\"sc-136cd478-0 ekTCfV\">\n<p>Se enfrentar\u00e1n <strong>el equipo de Mariano Herr\u00f3n, que puede recuperar -de ganar- la punta de la zona B, con el de Marcelo Escudero, algo m\u00e1s relegado<\/strong> pero con chances de colarse entre los clasificados moment\u00e1neos a los cuartos de final del Torneo Proyecci\u00f3n. <\/p>\n<\/div>\n<p><h2><strong>Promesa de partidazo<\/strong><\/h2>\n<\/p>\n<div id=\"element-body-3\" class=\"sc-136cd478-0 ekTCfV\">\n<p>Con muchos de los pibes que ya tuvieron rodaje en Primera (en Boca, por ejemplo jugar\u00e1n <strong>Dylan Gorosito, Camilo Rey Domenech y Gonzalo Gelini<\/strong>, mientras que en el visitante lo har\u00e1 <strong>Cristian Jaime<\/strong>), <strong>el partido promete ser atractivo como todo cl\u00e1sico. Y con tan poca distancia del que volvi\u00f3 a ver ganador al Xeneize, esa promesa queda potenciada al m\u00e1ximo.<\/strong><\/p>\n<\/div>\n<p><h2><strong>El 11 de Boca<\/strong><\/h2>\n<\/p>\n<div id=\"element-body-5\" class=\"sc-136cd478-0 ekTCfV\">\n<p>Fernando Rodr\u00edguez; Dylan Gorosito, Gadiel Paoli, Mat\u00edas Satas, Santiago Zampieri; Lautaro Mendieta, Camilo Rey Domenech, Tom\u00e1s M\u00e1rquez; Gonzalo Gelini, Rodrigo Bacidalupe y Joaqu\u00edn Ruiz.<\/p>\n<\/div>\n<p><h2><strong>El 11 de River<\/strong><\/h2>\n<\/p>\n<div id=\"element-body-7\" class=\"sc-136cd478-0 ekTCfV\">\n<p>Franco Jaroszewicz; Agust\u00edn Obreg\u00f3n, Juan Miretti, Cirilo Pereyra, Valent\u00edn Lucero; Agust\u00edn De la Cuesta, Maximiliano Soria, Felipe Esquivel; Thiago Acosta, Leonel Jaime, Jonathan Spiff.<\/p>\n<\/div>\n<div id=\"element-body-8\" class=\"sc-a7166897-0 eoLsBE\"><a href=\"https:\/\/www.ole.com.ar\/boca-juniors\/boca-ubeda-delgado-chelo-zeballos-contrato-renovacion_0_lZeSzFDahT.html\" aria-label=\"Qu\u00e9 dijo el Chelo Delgado de las renovaciones de Ubeda y del Changuito Zeballos\" class=\"sc-3c11979e-0 dqpgzy\"\/><\/p>\n<section><picture><img alt=\"Qu\u00e9 dijo el Chelo Delgado de las renovaciones de Ubeda y del Changuito Zeballos\" loading=\"lazy\" width=\"290\" height=\"290\" decoding=\"async\" data-nimg=\"1\" style=\"color:transparent\" src=\"https:\/\/www.ole.com.ar\/images\/2025\/12\/31\/DtFbUFMvo_290x290__1.jpg\"\/><\/picture>\n<p><span>Mir\u00e1 tambi\u00e9n<\/span><\/p>\n<hr\/>\n<h3>Qu\u00e9 dijo el Chelo Delgado de las renovaciones de Ubeda y del Changuito Zeballos<\/h3>\n<\/p>\n<\/section>\n<\/div>\n<div id=\"element-body-9\" class=\"sc-a7166897-0 eoLsBE\"><a href=\"https:\/\/www.ole.com.ar\/boca-juniors\/boca-leandro-paredes-recuperado-banco-suplente-defensa_0_RRaBthmn2O.html\" aria-label=\"La buena noticia que recibi\u00f3 Boca con la situaci\u00f3n f\u00edsica de Paredes\" class=\"sc-3c11979e-0 dqpgzy\"\/><\/p>\n<section><picture><img alt=\"La buena noticia que recibi\u00f3 Boca con la situaci\u00f3n f\u00edsica de Paredes\" loading=\"lazy\" width=\"290\" height=\"290\" decoding=\"async\" data-nimg=\"1\" style=\"color:transparent\" src=\"https:\/\/www.ole.com.ar\/images\/2026\/04\/21\/EZt5dT4Sr_290x290__1.jpg\"\/><\/picture>\n<p><span>Mir\u00e1 tambi\u00e9n<\/span><\/p>\n<hr\/>\n<h3>La buena noticia que recibi\u00f3 Boca con la situaci\u00f3n f\u00edsica de Paredes<\/h3>\n<\/p>\n<\/section>\n<\/div>\n<div id=\"element-body-10\" class=\"sc-a7166897-0 eoLsBE\"><a href=\"https:\/\/www.ole.com.ar\/boca-juniors\/boca-ubeda-renovacion-comparacion-scaloni_0_9qnx3WJJN6.html\" aria-label=\"Qu\u00e9 dijo Ubeda de su renovaci\u00f3n en Boca y de la comparaci\u00f3n con Scaloni\" class=\"sc-3c11979e-0 dqpgzy\"\/><\/p>\n<section><picture><img alt=\"Qu\u00e9 dijo Ubeda de su renovaci\u00f3n en Boca y de la comparaci\u00f3n con Scaloni\" loading=\"lazy\" width=\"290\" height=\"290\" decoding=\"async\" data-nimg=\"1\" style=\"color:transparent\" src=\"https:\/\/www.ole.com.ar\/images\/2026\/04\/15\/m54qwVGbL_290x290__1.jpg\"\/><\/picture>\n<p><span>Mir\u00e1 tambi\u00e9n<\/span><\/p>\n<hr\/>\n<h3>Qu\u00e9 dijo Ubeda de su renovaci\u00f3n en Boca y de la comparaci\u00f3n con Scaloni<\/h3>\n<\/p>\n<\/section>\n<\/div>\n<div id=\"element-body-11\" class=\"sc-a7166897-0 eoLsBE\"><a href=\"https:\/\/www.ole.com.ar\/ecuador\/internacional\/lapidaria-critica-reinaldo-carlos-mostaza-merlo-kendry-paez-titular-river-boca-superclasico-vi-blandito_0_cIJk3DnSjp.html\" aria-label=\"Lapidaria cr\u00edtica de un hist\u00f3rico de River Plate a Kendry P\u00e1ez tras el Supercl\u00e1sico\" class=\"sc-3c11979e-0 dqpgzy\"\/><\/p>\n<section><picture><img alt=\"Lapidaria cr\u00edtica de un hist\u00f3rico de River Plate a Kendry P\u00e1ez tras el Supercl\u00e1sico\" loading=\"lazy\" width=\"290\" height=\"290\" decoding=\"async\" data-nimg=\"1\" style=\"color:transparent\" src=\"https:\/\/www.ole.com.ar\/images\/2026\/04\/19\/A837H81yk_290x290__1.jpg\"\/><\/picture>\n<p><span>Mir\u00e1 tambi\u00e9n<\/span><\/p>\n<hr\/>\n<h3>Lapidaria cr\u00edtica de un hist\u00f3rico de River Plate a Kendry P\u00e1ez tras el Supercl\u00e1sico<\/h3>\n<\/p>\n<\/section>\n<\/div>\n<div id=\"element-body-12\" class=\"sc-a7166897-0 eoLsBE\"><a href=\"https:\/\/www.ole.com.ar\/boca-juniors\/boca-williams-alarcon-titular-defensa-rotacion_0_p9UUCc3gyt.html\" aria-label=\"La chance de un volante de Boca de volver a ser titular despu\u00e9s de dos meses\" class=\"sc-3c11979e-0 dqpgzy\"\/><\/p>\n<section><picture><img alt=\"La chance de un volante de Boca de volver a ser titular despu\u00e9s de dos meses\" loading=\"lazy\" width=\"290\" height=\"290\" decoding=\"async\" data-nimg=\"1\" style=\"color:transparent\" src=\"https:\/\/www.ole.com.ar\/images\/2025\/11\/21\/6UKejmzBf_290x290__1.jpg\"\/><\/picture>\n<p><span>Mir\u00e1 tambi\u00e9n<\/span><\/p>\n<hr\/>\n<h3>La chance de un volante de Boca de volver a ser titular despu\u00e9s de dos meses<\/h3>\n<\/p>\n<\/section>\n<\/div>\n<\/div>\n\n","protected":false},"excerpt":{"rendered":"<p>22\/04\/2026 18:39hs. Actualizado al 22\/04\/2026 20:34hs. Se lo anunci\u00f3 como un eslab\u00f3n m\u00e1s de la cadena de supercl\u00e1sicos de la semana, antes de que se jugaran el del Futsal (el s\u00e1bado pasado) y el m\u00e1s importante de todos, el que el Boca de Claudio Ubeda le gan\u00f3 a River en el Monumental con un gol [&hellip;]<\/p>\n","protected":false},"author":1,"featured_media":192399,"comment_status":"closed","ping_status":"closed","sticky":false,"template":"","format":"standard","meta":{"footnotes":""},"categories":[27],"tags":[],"class_list":["post-192398","post","type-post","status-publish","format-standard","has-post-thumbnail","hentry","category-deportes"],"yoast_head":"<!-- This site is optimized with the Yoast SEO plugin v24.4 - https:\/\/yoast.com\/wordpress\/plugins\/seo\/ -->\n<title>River era m\u00e1s, pero se qued\u00f3 con 10 en el S\u00faper de Reserva por un patad\u00f3n a Gelini :: Ol\u00e9 - GYS NOTICIAS |<\/title>\n<meta name=\"robots\" content=\"index, follow, max-snippet:-1, max-image-preview:large, max-video-preview:-1\" \/>\n<link rel=\"canonical\" href=\"https:\/\/gysfm.com.ar\/inicio\/river-era-mas-pero-se-quedo-con-10-en-el-super-de-reserva-por-un-patadon-a-gelini-ole\/\" \/>\n<meta property=\"og:locale\" content=\"es_ES\" \/>\n<meta property=\"og:type\" content=\"article\" \/>\n<meta property=\"og:title\" content=\"River era m\u00e1s, pero se qued\u00f3 con 10 en el S\u00faper de Reserva por un patad\u00f3n a Gelini :: Ol\u00e9 - GYS NOTICIAS |\" \/>\n<meta property=\"og:description\" content=\"22\/04\/2026 18:39hs. Actualizado al 22\/04\/2026 20:34hs. Se lo anunci\u00f3 como un eslab\u00f3n m\u00e1s de la cadena de supercl\u00e1sicos de la semana, antes de que se jugaran el del Futsal (el s\u00e1bado pasado) y el m\u00e1s importante de todos, el que el Boca de Claudio Ubeda le gan\u00f3 a River en el Monumental con un gol [&hellip;]\" \/>\n<meta property=\"og:url\" content=\"https:\/\/gysfm.com.ar\/inicio\/river-era-mas-pero-se-quedo-con-10-en-el-super-de-reserva-por-un-patadon-a-gelini-ole\/\" \/>\n<meta property=\"og:site_name\" content=\"GYS NOTICIAS |\" \/>\n<meta property=\"article:published_time\" content=\"2026-04-22T23:38:09+00:00\" \/>\n<meta property=\"og:image\" content=\"https:\/\/www.ole.com.ar\/images\/2025\/12\/31\/DtFbUFMvo_290x290__1.jpg\" \/>\n<meta name=\"author\" content=\"admin\" \/>\n<meta name=\"twitter:card\" content=\"summary_large_image\" \/>\n<meta name=\"twitter:label1\" content=\"Escrito por\" \/>\n\t<meta name=\"twitter:data1\" content=\"admin\" \/>\n\t<meta name=\"twitter:label2\" content=\"Tiempo de lectura\" \/>\n\t<meta name=\"twitter:data2\" content=\"2 minutos\" \/>\n<script type=\"application\/ld+json\" class=\"yoast-schema-graph\">{\"@context\":\"https:\/\/schema.org\",\"@graph\":[{\"@type\":\"Article\",\"@id\":\"https:\/\/gysfm.com.ar\/inicio\/river-era-mas-pero-se-quedo-con-10-en-el-super-de-reserva-por-un-patadon-a-gelini-ole\/#article\",\"isPartOf\":{\"@id\":\"https:\/\/gysfm.com.ar\/inicio\/river-era-mas-pero-se-quedo-con-10-en-el-super-de-reserva-por-un-patadon-a-gelini-ole\/\"},\"author\":{\"name\":\"admin\",\"@id\":\"https:\/\/gysfm.com.ar\/inicio\/#\/schema\/person\/5bedd7ecd35cc35548d89effafa23696\"},\"headline\":\"River era m\u00e1s, pero se qued\u00f3 con 10 en el S\u00faper de Reserva por un patad\u00f3n a Gelini :: Ol\u00e9\",\"datePublished\":\"2026-04-22T23:38:09+00:00\",\"mainEntityOfPage\":{\"@id\":\"https:\/\/gysfm.com.ar\/inicio\/river-era-mas-pero-se-quedo-con-10-en-el-super-de-reserva-por-un-patadon-a-gelini-ole\/\"},\"wordCount\":385,\"publisher\":{\"@id\":\"https:\/\/gysfm.com.ar\/inicio\/#organization\"},\"image\":{\"@id\":\"https:\/\/gysfm.com.ar\/inicio\/river-era-mas-pero-se-quedo-con-10-en-el-super-de-reserva-por-un-patadon-a-gelini-ole\/#primaryimage\"},\"thumbnailUrl\":\"https:\/\/gysfm.com.ar\/inicio\/wp-content\/uploads\/2026\/04\/g2zZl6tkL_2000x1500__1.jpg\",\"articleSection\":[\"DEPORTES\"],\"inLanguage\":\"es\"},{\"@type\":\"WebPage\",\"@id\":\"https:\/\/gysfm.com.ar\/inicio\/river-era-mas-pero-se-quedo-con-10-en-el-super-de-reserva-por-un-patadon-a-gelini-ole\/\",\"url\":\"https:\/\/gysfm.com.ar\/inicio\/river-era-mas-pero-se-quedo-con-10-en-el-super-de-reserva-por-un-patadon-a-gelini-ole\/\",\"name\":\"River era m\u00e1s, pero se qued\u00f3 con 10 en el S\u00faper de Reserva por un patad\u00f3n a Gelini :: Ol\u00e9 - GYS NOTICIAS |\",\"isPartOf\":{\"@id\":\"https:\/\/gysfm.com.ar\/inicio\/#website\"},\"primaryImageOfPage\":{\"@id\":\"https:\/\/gysfm.com.ar\/inicio\/river-era-mas-pero-se-quedo-con-10-en-el-super-de-reserva-por-un-patadon-a-gelini-ole\/#primaryimage\"},\"image\":{\"@id\":\"https:\/\/gysfm.com.ar\/inicio\/river-era-mas-pero-se-quedo-con-10-en-el-super-de-reserva-por-un-patadon-a-gelini-ole\/#primaryimage\"},\"thumbnailUrl\":\"https:\/\/gysfm.com.ar\/inicio\/wp-content\/uploads\/2026\/04\/g2zZl6tkL_2000x1500__1.jpg\",\"datePublished\":\"2026-04-22T23:38:09+00:00\",\"breadcrumb\":{\"@id\":\"https:\/\/gysfm.com.ar\/inicio\/river-era-mas-pero-se-quedo-con-10-en-el-super-de-reserva-por-un-patadon-a-gelini-ole\/#breadcrumb\"},\"inLanguage\":\"es\",\"potentialAction\":[{\"@type\":\"ReadAction\",\"target\":[\"https:\/\/gysfm.com.ar\/inicio\/river-era-mas-pero-se-quedo-con-10-en-el-super-de-reserva-por-un-patadon-a-gelini-ole\/\"]}]},{\"@type\":\"ImageObject\",\"inLanguage\":\"es\",\"@id\":\"https:\/\/gysfm.com.ar\/inicio\/river-era-mas-pero-se-quedo-con-10-en-el-super-de-reserva-por-un-patadon-a-gelini-ole\/#primaryimage\",\"url\":\"https:\/\/gysfm.com.ar\/inicio\/wp-content\/uploads\/2026\/04\/g2zZl6tkL_2000x1500__1.jpg\",\"contentUrl\":\"https:\/\/gysfm.com.ar\/inicio\/wp-content\/uploads\/2026\/04\/g2zZl6tkL_2000x1500__1.jpg\",\"width\":2000,\"height\":1500},{\"@type\":\"BreadcrumbList\",\"@id\":\"https:\/\/gysfm.com.ar\/inicio\/river-era-mas-pero-se-quedo-con-10-en-el-super-de-reserva-por-un-patadon-a-gelini-ole\/#breadcrumb\",\"itemListElement\":[{\"@type\":\"ListItem\",\"position\":1,\"name\":\"Portada\",\"item\":\"https:\/\/gysfm.com.ar\/inicio\/\"},{\"@type\":\"ListItem\",\"position\":2,\"name\":\"River era m\u00e1s, pero se qued\u00f3 con 10 en el S\u00faper de Reserva por un patad\u00f3n a Gelini :: Ol\u00e9\"}]},{\"@type\":\"WebSite\",\"@id\":\"https:\/\/gysfm.com.ar\/inicio\/#website\",\"url\":\"https:\/\/gysfm.com.ar\/inicio\/\",\"name\":\"GYS NOTICIAS |\",\"description\":\"DIARIO - RADIO ONLINE SAN JUAN ARGENTINA\",\"publisher\":{\"@id\":\"https:\/\/gysfm.com.ar\/inicio\/#organization\"},\"potentialAction\":[{\"@type\":\"SearchAction\",\"target\":{\"@type\":\"EntryPoint\",\"urlTemplate\":\"https:\/\/gysfm.com.ar\/inicio\/?s={search_term_string}\"},\"query-input\":{\"@type\":\"PropertyValueSpecification\",\"valueRequired\":true,\"valueName\":\"search_term_string\"}}],\"inLanguage\":\"es\"},{\"@type\":\"Organization\",\"@id\":\"https:\/\/gysfm.com.ar\/inicio\/#organization\",\"name\":\"GYS NOTICIAS |\",\"url\":\"https:\/\/gysfm.com.ar\/inicio\/\",\"logo\":{\"@type\":\"ImageObject\",\"inLanguage\":\"es\",\"@id\":\"https:\/\/gysfm.com.ar\/inicio\/#\/schema\/logo\/image\/\",\"url\":\"https:\/\/gysfm.com.ar\/inicio\/wp-content\/uploads\/2023\/07\/LOGOGYS-OK.png\",\"contentUrl\":\"https:\/\/gysfm.com.ar\/inicio\/wp-content\/uploads\/2023\/07\/LOGOGYS-OK.png\",\"width\":1170,\"height\":872,\"caption\":\"GYS NOTICIAS |\"},\"image\":{\"@id\":\"https:\/\/gysfm.com.ar\/inicio\/#\/schema\/logo\/image\/\"}},{\"@type\":\"Person\",\"@id\":\"https:\/\/gysfm.com.ar\/inicio\/#\/schema\/person\/5bedd7ecd35cc35548d89effafa23696\",\"name\":\"admin\",\"image\":{\"@type\":\"ImageObject\",\"inLanguage\":\"es\",\"@id\":\"https:\/\/gysfm.com.ar\/inicio\/#\/schema\/person\/image\/\",\"url\":\"https:\/\/secure.gravatar.com\/avatar\/c331d312b5243fb64d5ba28108a447b27c925295129a363082c9ea52c28d32c2?s=96&d=mm&r=g\",\"contentUrl\":\"https:\/\/secure.gravatar.com\/avatar\/c331d312b5243fb64d5ba28108a447b27c925295129a363082c9ea52c28d32c2?s=96&d=mm&r=g\",\"caption\":\"admin\"},\"sameAs\":[\"https:\/\/gysfm.com.ar\/inicio\"],\"url\":\"https:\/\/gysfm.com.ar\/inicio\/author\/admin\/\"}]}<\/script>\n<!-- \/ Yoast SEO plugin. -->","yoast_head_json":{"title":"River era m\u00e1s, pero se qued\u00f3 con 10 en el S\u00faper de Reserva por un patad\u00f3n a Gelini :: Ol\u00e9 - GYS NOTICIAS |","robots":{"index":"index","follow":"follow","max-snippet":"max-snippet:-1","max-image-preview":"max-image-preview:large","max-video-preview":"max-video-preview:-1"},"canonical":"https:\/\/gysfm.com.ar\/inicio\/river-era-mas-pero-se-quedo-con-10-en-el-super-de-reserva-por-un-patadon-a-gelini-ole\/","og_locale":"es_ES","og_type":"article","og_title":"River era m\u00e1s, pero se qued\u00f3 con 10 en el S\u00faper de Reserva por un patad\u00f3n a Gelini :: Ol\u00e9 - GYS NOTICIAS |","og_description":"22\/04\/2026 18:39hs. Actualizado al 22\/04\/2026 20:34hs. Se lo anunci\u00f3 como un eslab\u00f3n m\u00e1s de la cadena de supercl\u00e1sicos de la semana, antes de que se jugaran el del Futsal (el s\u00e1bado pasado) y el m\u00e1s importante de todos, el que el Boca de Claudio Ubeda le gan\u00f3 a River en el Monumental con un gol [&hellip;]","og_url":"https:\/\/gysfm.com.ar\/inicio\/river-era-mas-pero-se-quedo-con-10-en-el-super-de-reserva-por-un-patadon-a-gelini-ole\/","og_site_name":"GYS NOTICIAS |","article_published_time":"2026-04-22T23:38:09+00:00","og_image":[{"url":"https:\/\/www.ole.com.ar\/images\/2025\/12\/31\/DtFbUFMvo_290x290__1.jpg","type":"","width":"","height":""}],"author":"admin","twitter_card":"summary_large_image","twitter_misc":{"Escrito por":"admin","Tiempo de lectura":"2 minutos"},"schema":{"@context":"https:\/\/schema.org","@graph":[{"@type":"Article","@id":"https:\/\/gysfm.com.ar\/inicio\/river-era-mas-pero-se-quedo-con-10-en-el-super-de-reserva-por-un-patadon-a-gelini-ole\/#article","isPartOf":{"@id":"https:\/\/gysfm.com.ar\/inicio\/river-era-mas-pero-se-quedo-con-10-en-el-super-de-reserva-por-un-patadon-a-gelini-ole\/"},"author":{"name":"admin","@id":"https:\/\/gysfm.com.ar\/inicio\/#\/schema\/person\/5bedd7ecd35cc35548d89effafa23696"},"headline":"River era m\u00e1s, pero se qued\u00f3 con 10 en el S\u00faper de Reserva por un patad\u00f3n a Gelini :: Ol\u00e9","datePublished":"2026-04-22T23:38:09+00:00","mainEntityOfPage":{"@id":"https:\/\/gysfm.com.ar\/inicio\/river-era-mas-pero-se-quedo-con-10-en-el-super-de-reserva-por-un-patadon-a-gelini-ole\/"},"wordCount":385,"publisher":{"@id":"https:\/\/gysfm.com.ar\/inicio\/#organization"},"image":{"@id":"https:\/\/gysfm.com.ar\/inicio\/river-era-mas-pero-se-quedo-con-10-en-el-super-de-reserva-por-un-patadon-a-gelini-ole\/#primaryimage"},"thumbnailUrl":"https:\/\/gysfm.com.ar\/inicio\/wp-content\/uploads\/2026\/04\/g2zZl6tkL_2000x1500__1.jpg","articleSection":["DEPORTES"],"inLanguage":"es"},{"@type":"WebPage","@id":"https:\/\/gysfm.com.ar\/inicio\/river-era-mas-pero-se-quedo-con-10-en-el-super-de-reserva-por-un-patadon-a-gelini-ole\/","url":"https:\/\/gysfm.com.ar\/inicio\/river-era-mas-pero-se-quedo-con-10-en-el-super-de-reserva-por-un-patadon-a-gelini-ole\/","name":"River era m\u00e1s, pero se qued\u00f3 con 10 en el S\u00faper de Reserva por un patad\u00f3n a Gelini :: Ol\u00e9 - GYS NOTICIAS |","isPartOf":{"@id":"https:\/\/gysfm.com.ar\/inicio\/#website"},"primaryImageOfPage":{"@id":"https:\/\/gysfm.com.ar\/inicio\/river-era-mas-pero-se-quedo-con-10-en-el-super-de-reserva-por-un-patadon-a-gelini-ole\/#primaryimage"},"image":{"@id":"https:\/\/gysfm.com.ar\/inicio\/river-era-mas-pero-se-quedo-con-10-en-el-super-de-reserva-por-un-patadon-a-gelini-ole\/#primaryimage"},"thumbnailUrl":"https:\/\/gysfm.com.ar\/inicio\/wp-content\/uploads\/2026\/04\/g2zZl6tkL_2000x1500__1.jpg","datePublished":"2026-04-22T23:38:09+00:00","breadcrumb":{"@id":"https:\/\/gysfm.com.ar\/inicio\/river-era-mas-pero-se-quedo-con-10-en-el-super-de-reserva-por-un-patadon-a-gelini-ole\/#breadcrumb"},"inLanguage":"es","potentialAction":[{"@type":"ReadAction","target":["https:\/\/gysfm.com.ar\/inicio\/river-era-mas-pero-se-quedo-con-10-en-el-super-de-reserva-por-un-patadon-a-gelini-ole\/"]}]},{"@type":"ImageObject","inLanguage":"es","@id":"https:\/\/gysfm.com.ar\/inicio\/river-era-mas-pero-se-quedo-con-10-en-el-super-de-reserva-por-un-patadon-a-gelini-ole\/#primaryimage","url":"https:\/\/gysfm.com.ar\/inicio\/wp-content\/uploads\/2026\/04\/g2zZl6tkL_2000x1500__1.jpg","contentUrl":"https:\/\/gysfm.com.ar\/inicio\/wp-content\/uploads\/2026\/04\/g2zZl6tkL_2000x1500__1.jpg","width":2000,"height":1500},{"@type":"BreadcrumbList","@id":"https:\/\/gysfm.com.ar\/inicio\/river-era-mas-pero-se-quedo-con-10-en-el-super-de-reserva-por-un-patadon-a-gelini-ole\/#breadcrumb","itemListElement":[{"@type":"ListItem","position":1,"name":"Portada","item":"https:\/\/gysfm.com.ar\/inicio\/"},{"@type":"ListItem","position":2,"name":"River era m\u00e1s, pero se qued\u00f3 con 10 en el S\u00faper de Reserva por un patad\u00f3n a Gelini :: Ol\u00e9"}]},{"@type":"WebSite","@id":"https:\/\/gysfm.com.ar\/inicio\/#website","url":"https:\/\/gysfm.com.ar\/inicio\/","name":"GYS NOTICIAS |","description":"DIARIO - RADIO ONLINE SAN JUAN ARGENTINA","publisher":{"@id":"https:\/\/gysfm.com.ar\/inicio\/#organization"},"potentialAction":[{"@type":"SearchAction","target":{"@type":"EntryPoint","urlTemplate":"https:\/\/gysfm.com.ar\/inicio\/?s={search_term_string}"},"query-input":{"@type":"PropertyValueSpecification","valueRequired":true,"valueName":"search_term_string"}}],"inLanguage":"es"},{"@type":"Organization","@id":"https:\/\/gysfm.com.ar\/inicio\/#organization","name":"GYS NOTICIAS |","url":"https:\/\/gysfm.com.ar\/inicio\/","logo":{"@type":"ImageObject","inLanguage":"es","@id":"https:\/\/gysfm.com.ar\/inicio\/#\/schema\/logo\/image\/","url":"https:\/\/gysfm.com.ar\/inicio\/wp-content\/uploads\/2023\/07\/LOGOGYS-OK.png","contentUrl":"https:\/\/gysfm.com.ar\/inicio\/wp-content\/uploads\/2023\/07\/LOGOGYS-OK.png","width":1170,"height":872,"caption":"GYS NOTICIAS |"},"image":{"@id":"https:\/\/gysfm.com.ar\/inicio\/#\/schema\/logo\/image\/"}},{"@type":"Person","@id":"https:\/\/gysfm.com.ar\/inicio\/#\/schema\/person\/5bedd7ecd35cc35548d89effafa23696","name":"admin","image":{"@type":"ImageObject","inLanguage":"es","@id":"https:\/\/gysfm.com.ar\/inicio\/#\/schema\/person\/image\/","url":"https:\/\/secure.gravatar.com\/avatar\/c331d312b5243fb64d5ba28108a447b27c925295129a363082c9ea52c28d32c2?s=96&d=mm&r=g","contentUrl":"https:\/\/secure.gravatar.com\/avatar\/c331d312b5243fb64d5ba28108a447b27c925295129a363082c9ea52c28d32c2?s=96&d=mm&r=g","caption":"admin"},"sameAs":["https:\/\/gysfm.com.ar\/inicio"],"url":"https:\/\/gysfm.com.ar\/inicio\/author\/admin\/"}]}},"_links":{"self":[{"href":"https:\/\/gysfm.com.ar\/inicio\/wp-json\/wp\/v2\/posts\/192398","targetHints":{"allow":["GET"]}}],"collection":[{"href":"https:\/\/gysfm.com.ar\/inicio\/wp-json\/wp\/v2\/posts"}],"about":[{"href":"https:\/\/gysfm.com.ar\/inicio\/wp-json\/wp\/v2\/types\/post"}],"author":[{"embeddable":true,"href":"https:\/\/gysfm.com.ar\/inicio\/wp-json\/wp\/v2\/users\/1"}],"replies":[{"embeddable":true,"href":"https:\/\/gysfm.com.ar\/inicio\/wp-json\/wp\/v2\/comments?post=192398"}],"version-history":[{"count":0,"href":"https:\/\/gysfm.com.ar\/inicio\/wp-json\/wp\/v2\/posts\/192398\/revisions"}],"wp:featuredmedia":[{"embeddable":true,"href":"https:\/\/gysfm.com.ar\/inicio\/wp-json\/wp\/v2\/media\/192399"}],"wp:attachment":[{"href":"https:\/\/gysfm.com.ar\/inicio\/wp-json\/wp\/v2\/media?parent=192398"}],"wp:term":[{"taxonomy":"category","embeddable":true,"href":"https:\/\/gysfm.com.ar\/inicio\/wp-json\/wp\/v2\/categories?post=192398"},{"taxonomy":"post_tag","embeddable":true,"href":"https:\/\/gysfm.com.ar\/inicio\/wp-json\/wp\/v2\/tags?post=192398"}],"curies":[{"name":"wp","href":"https:\/\/api.w.org\/{rel}","templated":true}]}}