{"id":192396,"date":"2026-04-22T20:33:15","date_gmt":"2026-04-22T23:33:15","guid":{"rendered":"https:\/\/gysfm.com.ar\/inicio\/el-indice-lider-mejoro-pero-aun-hay-un-85-de-chances-que-en-los-proximos-meses-la-economia-entre-en-recesion\/"},"modified":"2026-04-22T20:33:15","modified_gmt":"2026-04-22T23:33:15","slug":"el-indice-lider-mejoro-pero-aun-hay-un-85-de-chances-que-en-los-proximos-meses-la-economia-entre-en-recesion","status":"publish","type":"post","link":"https:\/\/gysfm.com.ar\/inicio\/el-indice-lider-mejoro-pero-aun-hay-un-85-de-chances-que-en-los-proximos-meses-la-economia-entre-en-recesion\/","title":{"rendered":"El \u00edndice l\u00edder mejor\u00f3 pero a\u00fan hay un 85% de chances que en los pr\u00f3ximos meses la econom\u00eda entre en recesi\u00f3n"},"content":{"rendered":"<p> <br \/>\n<\/p>\n<div>\t\t<!-- { REGION4 --> <\/p>\n<header class=\"news-headline\">\n<h2 class=\"news-headline__article-summary\">\t\t<\/h2>\n<p id=\"p-1776869691570-50919\" class=\"ignore-parser\">El \u00cdndice L\u00edder (IL) crece 0,83% en su versi\u00f3n desestacionalizada durante marzo pero en t\u00e9rminos interanuales, el \u00cdndice L\u00edder decrece 4,93% con respecto a febrero de 2025.<\/p>\n<\/header>\n<div class=\"detail-highlighted-multimedia content-protected-false\">\n<figure class=\"detail-highlighted-multimedia__figure\">  <img decoding=\"async\" src=\"https:\/\/media.ambito.com\/p\/3fae7c0092c2acef74d51be157e8e8e7\/adjuntos\/239\/imagenes\/042\/996\/0042996453\/655x368\/smart\/yanina-economia.jpg\" class=\"detail-highlighted-multimedia__figure-img img-fluid\" alt=\"La econom\u00eda podr\u00eda entra en recesi\u00f3n, seg\u00fan adelantan algunos indicadores.\" width=\"1500\" height=\"800\" crossorigin=\"anonymous\" fetchpriority=\"high\" decode=\"async\"\/><figcaption class=\"detail-highlighted-multimedia__figcaption\">  <\/figcaption><\/figure>\n<\/p><\/div>\n<article class=\"article-body article-body--first-paragraph content-protected-false\" data-td-script-src=\"https:\/\/www.ambito.com\/td\/modulos\/encuestas\/js\/function-embeds-min-version-1776830893.js\">\n<p id=\"p-1776869500487-15179\">El <strong>\u00cdndice L\u00edder (IL)<\/strong>, elaborado por el<strong> Centro de Investigaci\u00f3n en Finanzas (CIF) de la Universidad Torcuato Di Tella<\/strong>, que busca anticipar cambios en el ciclo de actividad econ\u00f3mica con meses de antelaci\u00f3n, revel\u00f3 en marzo que <strong> hay un 85% de probabilidad de que la econom\u00eda deje de crecer en los pr\u00f3ximos meses.<\/strong> De esta forma este indicador predice puntos de giro en el Estimador Mensual de Actividad Econ\u00f3mica (EMAE).<\/p>\n<\/article>\n<section class=\"suscription-false printed-edition\" style=\"display:none\">\n<p> El contenido al que quiere acceder es exclusivo para suscriptores.<\/p>\n<p>  <span> <button type=\"button\" name=\"button\" class=\"subscribe-btn mercadopago-btn\">suscribirse<\/button><\/span>  <span class=\"btns\"><button type=\"button\" name=\"button\" class=\"subscribe-btn reload-login\"> ya estoy suscripto<\/button><\/span>  <\/p>\n<\/section>\n<article class=\"article-body article-body--second-paragraph content-protected-false\">\n<p id=\"p-1776869848309-45042\"><strong>El ILCIF crece 0,83% en el mes de marzo con respecto a la medici\u00f3n del mes anterior, y se ubica en 125.53 puntos.<\/strong> El indicador, por su parte, <strong>presenta una disminuci\u00f3n de 2,91% con respecto a marzo de 2025.<\/strong> A su vez, la serie de referencia, el Estimador Mensual de Actividad Econ\u00f3mica (EMAE), en su versi\u00f3n desestacionalizada, mostr\u00f3 un incremento de 0,42% durante enero de 2026.<\/p>\n<\/article>\n<section class=\"related-news\">\t\t<span class=\"related-news__title\">Informate m\u00e1s<\/span>\t\t<\/p>\n<div class=\"row row--eq-height\">\n<div class=\"col-12 col-md-6\">\n<article class=\"news-article news-article--landscape-news news-article--landscape-news\">\n<figure class=\"news-article__figure figure\">\n\t\t\t\t\t\t\t\t\t\t\t<img loading=\"lazy\" decoding=\"async\" src=\"https:\/\/media.ambito.com\/p\/7fe22006d140cb14aa32359bd4709810\/adjuntos\/351\/imagenes\/043\/049\/0043049104\/93x52\/smart\/economia-monedas-1.jpg\" alt=\"Uruguay aparece entre los primeros en el ranking de prosperidad regional.\" title=\"Uruguay aparece entre los primeros en el ranking de prosperidad regional.\" width=\"93\" height=\"52\" class=\"news-article__figure-img figure-img img-fluid\"\/>\t\t<\/figure>\n<\/article><\/div>\n<div class=\"col-12 col-md-6\">\n<article class=\"news-article news-article--landscape-news news-article--landscape-news\">\n<figure class=\"news-article__figure figure\">\n\t\t\t\t\t\t\t\t\t\t\t<img loading=\"lazy\" decoding=\"async\" src=\"https:\/\/media.ambito.com\/p\/6a9ee41084932ab7274d358c56f0a7b0\/adjuntos\/351\/imagenes\/043\/101\/0043101138\/93x52\/smart\/monedas-inversion-vecteezy.jpg\" alt=\"Los economistas coinciden en que sin un salto en la tasa de inversi\u00f3n, los sectores din\u00e1micos no alcanzar\u00e1n para mover el total del PIB.\" title=\"Los economistas coinciden en que sin un salto en la tasa de inversi\u00f3n, los sectores din\u00e1micos no alcanzar\u00e1n para mover el total del PIB.\" width=\"93\" height=\"52\" class=\"news-article__figure-img figure-img img-fluid\"\/>\t\t<\/figure>\n<\/article><\/div>\n<\/div>\n<\/section>\n<article class=\"article-body article-body--third-paragraph content-protected-false\">\n<p id=\"p-1776869927196-12632\">En marzo de 2026, el \u00cdndice de Difusi\u00f3n (IDCIF) se encuentra en 60%. E<strong>sto quiere decir que de las diez series que componen el \u00cdndice L\u00edder, seis presentan variaciones positivas significativas<\/strong>: precio Despachos de cemento, los \u00cdndices Burs\u00e1tiles en t\u00e9rminos reales, los \u00cdndices de Producci\u00f3n de minerales no met\u00e1licos y siderurgia y el precio FOB de la soja.<\/p>\n<\/article>\n<article class=\"article-body article-body--fourth-paragraph content-protected-false\">\n<h2 id=\"p-1776870064549-18724\">\u00bfLa econom\u00eda dejar\u00e1 de crecer?<\/h2>\n<p id=\"p-1776869970106-65193\">Por \u00faltimo, en marzo de 2026,<strong> la probabilidad de salir de la fase expansiva de la actividad econ\u00f3mica durante los pr\u00f3ximos <\/strong><strong>meses se ubica en 85%.<\/strong><\/p>\n<\/article>\n<article class=\"article-body article-body--fifth-paragraph content-protected-false\">\n<p id=\"p-1776869970106-33318\"> \u00abEl IL define una recesi\u00f3n cuando la serie de tendencia ciclo del EMAE tiene seis ca\u00eddas consecutivas. Es decir, dos trimestres de ca\u00edda. Tanto la serie de TC como la serie desestacionalizada se calculan con filtros que en las puntas de la serie son asim\u00e9tricos por lo que, para confirmar el dato de los \u00faltimos meses tienen que pasar algunos meses hacia adelante. Hasta febrero el EMAE mostraba ca\u00eddas consecutivas desde mayo hasta octubre, lo que produc\u00eda una probabilidad muy alta de ingresar en una recesi\u00f3n\u00bb, relevaron desde la Di Tella.<\/p>\n<\/article>\n<article class=\"article-body article-body--remaining-paragraph content-protected-false\">\n<p id=\"p-1776870005641-51393\">Posteriormente indicaron que los datos del mes de diciembre revirtieron la evoluci\u00f3n de la serie de TC del EMAE que ahora muestra cuatro ca\u00eddas consecutivas de mayo a agosto. \u00abLas ca\u00eddas se revierten desde el mes de septiembre de 2025 por lo que la probabilidad de entrar en recesi\u00f3n disminuye con respecto a la del mes anterior. Como las probabilidades se calculan sobre la base de las probabilidades del mes anterior la ca\u00edda en la probabilidad de salir de la expansi\u00f3n cambian lentamente en el tiempo\u00bb, a\u00f1adieron.<\/p>\n<\/article>\n<p>\t\t\t\t<!-- REGION4 } -->\n\t\t\t\t\t\t<\/div>\n<p><script>\n!function(f,b,e,v,n,t,s)\n{if(f.fbq)return;n=f.fbq=function(){n.callMethod?\nn.callMethod.apply(n,arguments):n.queue.push(arguments)};\nif(!f._fbq)f._fbq=n;n.push=n;n.loaded=!0;n.version='2.0';\nn.queue=[];t=b.createElement(e);t.async=!0;\nt.src=v;s=b.getElementsByTagName(e)[0];\ns.parentNode.insertBefore(t,s)}(window,document,'script',\n'https:\/\/connect.facebook.net\/en_US\/fbevents.js');\nfbq('init', '2047048335588113');\nfbq('track', 'PageView');\n<\/script><br \/>\n<br \/><\/p>\n","protected":false},"excerpt":{"rendered":"<p>El \u00cdndice L\u00edder (IL) crece 0,83% en su versi\u00f3n desestacionalizada durante marzo pero en t\u00e9rminos interanuales, el \u00cdndice L\u00edder decrece 4,93% con respecto a febrero de 2025. El \u00cdndice L\u00edder (IL), elaborado por el Centro de Investigaci\u00f3n en Finanzas (CIF) de la Universidad Torcuato Di Tella, que busca anticipar cambios en el ciclo de actividad [&hellip;]<\/p>\n","protected":false},"author":1,"featured_media":192397,"comment_status":"closed","ping_status":"closed","sticky":false,"template":"","format":"standard","meta":{"footnotes":""},"categories":[28],"tags":[],"class_list":["post-192396","post","type-post","status-publish","format-standard","has-post-thumbnail","hentry","category-economia"],"yoast_head":"<!-- This site is optimized with the Yoast SEO plugin v24.4 - https:\/\/yoast.com\/wordpress\/plugins\/seo\/ -->\n<title>El \u00edndice l\u00edder mejor\u00f3 pero a\u00fan hay un 85% de chances que en los pr\u00f3ximos meses la econom\u00eda entre en recesi\u00f3n - GYS NOTICIAS |<\/title>\n<meta name=\"robots\" content=\"index, follow, max-snippet:-1, max-image-preview:large, max-video-preview:-1\" \/>\n<link rel=\"canonical\" href=\"https:\/\/gysfm.com.ar\/inicio\/el-indice-lider-mejoro-pero-aun-hay-un-85-de-chances-que-en-los-proximos-meses-la-economia-entre-en-recesion\/\" \/>\n<meta property=\"og:locale\" content=\"es_ES\" \/>\n<meta property=\"og:type\" content=\"article\" \/>\n<meta property=\"og:title\" content=\"El \u00edndice l\u00edder mejor\u00f3 pero a\u00fan hay un 85% de chances que en los pr\u00f3ximos meses la econom\u00eda entre en recesi\u00f3n - GYS NOTICIAS |\" \/>\n<meta property=\"og:description\" content=\"El \u00cdndice L\u00edder (IL) crece 0,83% en su versi\u00f3n desestacionalizada durante marzo pero en t\u00e9rminos interanuales, el \u00cdndice L\u00edder decrece 4,93% con respecto a febrero de 2025. El \u00cdndice L\u00edder (IL), elaborado por el Centro de Investigaci\u00f3n en Finanzas (CIF) de la Universidad Torcuato Di Tella, que busca anticipar cambios en el ciclo de actividad [&hellip;]\" \/>\n<meta property=\"og:url\" content=\"https:\/\/gysfm.com.ar\/inicio\/el-indice-lider-mejoro-pero-aun-hay-un-85-de-chances-que-en-los-proximos-meses-la-economia-entre-en-recesion\/\" \/>\n<meta property=\"og:site_name\" content=\"GYS NOTICIAS |\" \/>\n<meta property=\"article:published_time\" content=\"2026-04-22T23:33:15+00:00\" \/>\n<meta property=\"og:image\" content=\"https:\/\/media.ambito.com\/p\/3fae7c0092c2acef74d51be157e8e8e7\/adjuntos\/239\/imagenes\/042\/996\/0042996453\/655x368\/smart\/yanina-economia.jpg\" \/>\n<meta name=\"author\" content=\"admin\" \/>\n<meta name=\"twitter:card\" content=\"summary_large_image\" \/>\n<meta name=\"twitter:label1\" content=\"Escrito por\" \/>\n\t<meta name=\"twitter:data1\" content=\"admin\" \/>\n\t<meta name=\"twitter:label2\" content=\"Tiempo de lectura\" \/>\n\t<meta name=\"twitter:data2\" content=\"2 minutos\" \/>\n<script type=\"application\/ld+json\" class=\"yoast-schema-graph\">{\"@context\":\"https:\/\/schema.org\",\"@graph\":[{\"@type\":\"Article\",\"@id\":\"https:\/\/gysfm.com.ar\/inicio\/el-indice-lider-mejoro-pero-aun-hay-un-85-de-chances-que-en-los-proximos-meses-la-economia-entre-en-recesion\/#article\",\"isPartOf\":{\"@id\":\"https:\/\/gysfm.com.ar\/inicio\/el-indice-lider-mejoro-pero-aun-hay-un-85-de-chances-que-en-los-proximos-meses-la-economia-entre-en-recesion\/\"},\"author\":{\"name\":\"admin\",\"@id\":\"https:\/\/gysfm.com.ar\/inicio\/#\/schema\/person\/5bedd7ecd35cc35548d89effafa23696\"},\"headline\":\"El \u00edndice l\u00edder mejor\u00f3 pero a\u00fan hay un 85% de chances que en los pr\u00f3ximos meses la econom\u00eda entre en recesi\u00f3n\",\"datePublished\":\"2026-04-22T23:33:15+00:00\",\"mainEntityOfPage\":{\"@id\":\"https:\/\/gysfm.com.ar\/inicio\/el-indice-lider-mejoro-pero-aun-hay-un-85-de-chances-que-en-los-proximos-meses-la-economia-entre-en-recesion\/\"},\"wordCount\":497,\"publisher\":{\"@id\":\"https:\/\/gysfm.com.ar\/inicio\/#organization\"},\"image\":{\"@id\":\"https:\/\/gysfm.com.ar\/inicio\/el-indice-lider-mejoro-pero-aun-hay-un-85-de-chances-que-en-los-proximos-meses-la-economia-entre-en-recesion\/#primaryimage\"},\"thumbnailUrl\":\"https:\/\/gysfm.com.ar\/inicio\/wp-content\/uploads\/2026\/04\/yanina-economia.jpg\",\"articleSection\":[\"ECONOMIA\"],\"inLanguage\":\"es\"},{\"@type\":\"WebPage\",\"@id\":\"https:\/\/gysfm.com.ar\/inicio\/el-indice-lider-mejoro-pero-aun-hay-un-85-de-chances-que-en-los-proximos-meses-la-economia-entre-en-recesion\/\",\"url\":\"https:\/\/gysfm.com.ar\/inicio\/el-indice-lider-mejoro-pero-aun-hay-un-85-de-chances-que-en-los-proximos-meses-la-economia-entre-en-recesion\/\",\"name\":\"El \u00edndice l\u00edder mejor\u00f3 pero a\u00fan hay un 85% de chances que en los pr\u00f3ximos meses la econom\u00eda entre en recesi\u00f3n - GYS NOTICIAS |\",\"isPartOf\":{\"@id\":\"https:\/\/gysfm.com.ar\/inicio\/#website\"},\"primaryImageOfPage\":{\"@id\":\"https:\/\/gysfm.com.ar\/inicio\/el-indice-lider-mejoro-pero-aun-hay-un-85-de-chances-que-en-los-proximos-meses-la-economia-entre-en-recesion\/#primaryimage\"},\"image\":{\"@id\":\"https:\/\/gysfm.com.ar\/inicio\/el-indice-lider-mejoro-pero-aun-hay-un-85-de-chances-que-en-los-proximos-meses-la-economia-entre-en-recesion\/#primaryimage\"},\"thumbnailUrl\":\"https:\/\/gysfm.com.ar\/inicio\/wp-content\/uploads\/2026\/04\/yanina-economia.jpg\",\"datePublished\":\"2026-04-22T23:33:15+00:00\",\"breadcrumb\":{\"@id\":\"https:\/\/gysfm.com.ar\/inicio\/el-indice-lider-mejoro-pero-aun-hay-un-85-de-chances-que-en-los-proximos-meses-la-economia-entre-en-recesion\/#breadcrumb\"},\"inLanguage\":\"es\",\"potentialAction\":[{\"@type\":\"ReadAction\",\"target\":[\"https:\/\/gysfm.com.ar\/inicio\/el-indice-lider-mejoro-pero-aun-hay-un-85-de-chances-que-en-los-proximos-meses-la-economia-entre-en-recesion\/\"]}]},{\"@type\":\"ImageObject\",\"inLanguage\":\"es\",\"@id\":\"https:\/\/gysfm.com.ar\/inicio\/el-indice-lider-mejoro-pero-aun-hay-un-85-de-chances-que-en-los-proximos-meses-la-economia-entre-en-recesion\/#primaryimage\",\"url\":\"https:\/\/gysfm.com.ar\/inicio\/wp-content\/uploads\/2026\/04\/yanina-economia.jpg\",\"contentUrl\":\"https:\/\/gysfm.com.ar\/inicio\/wp-content\/uploads\/2026\/04\/yanina-economia.jpg\",\"width\":1200,\"height\":675},{\"@type\":\"BreadcrumbList\",\"@id\":\"https:\/\/gysfm.com.ar\/inicio\/el-indice-lider-mejoro-pero-aun-hay-un-85-de-chances-que-en-los-proximos-meses-la-economia-entre-en-recesion\/#breadcrumb\",\"itemListElement\":[{\"@type\":\"ListItem\",\"position\":1,\"name\":\"Portada\",\"item\":\"https:\/\/gysfm.com.ar\/inicio\/\"},{\"@type\":\"ListItem\",\"position\":2,\"name\":\"El \u00edndice l\u00edder mejor\u00f3 pero a\u00fan hay un 85% de chances que en los pr\u00f3ximos meses la econom\u00eda entre en recesi\u00f3n\"}]},{\"@type\":\"WebSite\",\"@id\":\"https:\/\/gysfm.com.ar\/inicio\/#website\",\"url\":\"https:\/\/gysfm.com.ar\/inicio\/\",\"name\":\"GYS NOTICIAS |\",\"description\":\"DIARIO - RADIO ONLINE SAN JUAN ARGENTINA\",\"publisher\":{\"@id\":\"https:\/\/gysfm.com.ar\/inicio\/#organization\"},\"potentialAction\":[{\"@type\":\"SearchAction\",\"target\":{\"@type\":\"EntryPoint\",\"urlTemplate\":\"https:\/\/gysfm.com.ar\/inicio\/?s={search_term_string}\"},\"query-input\":{\"@type\":\"PropertyValueSpecification\",\"valueRequired\":true,\"valueName\":\"search_term_string\"}}],\"inLanguage\":\"es\"},{\"@type\":\"Organization\",\"@id\":\"https:\/\/gysfm.com.ar\/inicio\/#organization\",\"name\":\"GYS NOTICIAS |\",\"url\":\"https:\/\/gysfm.com.ar\/inicio\/\",\"logo\":{\"@type\":\"ImageObject\",\"inLanguage\":\"es\",\"@id\":\"https:\/\/gysfm.com.ar\/inicio\/#\/schema\/logo\/image\/\",\"url\":\"https:\/\/gysfm.com.ar\/inicio\/wp-content\/uploads\/2023\/07\/LOGOGYS-OK.png\",\"contentUrl\":\"https:\/\/gysfm.com.ar\/inicio\/wp-content\/uploads\/2023\/07\/LOGOGYS-OK.png\",\"width\":1170,\"height\":872,\"caption\":\"GYS NOTICIAS |\"},\"image\":{\"@id\":\"https:\/\/gysfm.com.ar\/inicio\/#\/schema\/logo\/image\/\"}},{\"@type\":\"Person\",\"@id\":\"https:\/\/gysfm.com.ar\/inicio\/#\/schema\/person\/5bedd7ecd35cc35548d89effafa23696\",\"name\":\"admin\",\"image\":{\"@type\":\"ImageObject\",\"inLanguage\":\"es\",\"@id\":\"https:\/\/gysfm.com.ar\/inicio\/#\/schema\/person\/image\/\",\"url\":\"https:\/\/secure.gravatar.com\/avatar\/c331d312b5243fb64d5ba28108a447b27c925295129a363082c9ea52c28d32c2?s=96&d=mm&r=g\",\"contentUrl\":\"https:\/\/secure.gravatar.com\/avatar\/c331d312b5243fb64d5ba28108a447b27c925295129a363082c9ea52c28d32c2?s=96&d=mm&r=g\",\"caption\":\"admin\"},\"sameAs\":[\"https:\/\/gysfm.com.ar\/inicio\"],\"url\":\"https:\/\/gysfm.com.ar\/inicio\/author\/admin\/\"}]}<\/script>\n<!-- \/ Yoast SEO plugin. -->","yoast_head_json":{"title":"El \u00edndice l\u00edder mejor\u00f3 pero a\u00fan hay un 85% de chances que en los pr\u00f3ximos meses la econom\u00eda entre en recesi\u00f3n - GYS NOTICIAS |","robots":{"index":"index","follow":"follow","max-snippet":"max-snippet:-1","max-image-preview":"max-image-preview:large","max-video-preview":"max-video-preview:-1"},"canonical":"https:\/\/gysfm.com.ar\/inicio\/el-indice-lider-mejoro-pero-aun-hay-un-85-de-chances-que-en-los-proximos-meses-la-economia-entre-en-recesion\/","og_locale":"es_ES","og_type":"article","og_title":"El \u00edndice l\u00edder mejor\u00f3 pero a\u00fan hay un 85% de chances que en los pr\u00f3ximos meses la econom\u00eda entre en recesi\u00f3n - GYS NOTICIAS |","og_description":"El \u00cdndice L\u00edder (IL) crece 0,83% en su versi\u00f3n desestacionalizada durante marzo pero en t\u00e9rminos interanuales, el \u00cdndice L\u00edder decrece 4,93% con respecto a febrero de 2025. El \u00cdndice L\u00edder (IL), elaborado por el Centro de Investigaci\u00f3n en Finanzas (CIF) de la Universidad Torcuato Di Tella, que busca anticipar cambios en el ciclo de actividad [&hellip;]","og_url":"https:\/\/gysfm.com.ar\/inicio\/el-indice-lider-mejoro-pero-aun-hay-un-85-de-chances-que-en-los-proximos-meses-la-economia-entre-en-recesion\/","og_site_name":"GYS NOTICIAS |","article_published_time":"2026-04-22T23:33:15+00:00","og_image":[{"url":"https:\/\/media.ambito.com\/p\/3fae7c0092c2acef74d51be157e8e8e7\/adjuntos\/239\/imagenes\/042\/996\/0042996453\/655x368\/smart\/yanina-economia.jpg","type":"","width":"","height":""}],"author":"admin","twitter_card":"summary_large_image","twitter_misc":{"Escrito por":"admin","Tiempo de lectura":"2 minutos"},"schema":{"@context":"https:\/\/schema.org","@graph":[{"@type":"Article","@id":"https:\/\/gysfm.com.ar\/inicio\/el-indice-lider-mejoro-pero-aun-hay-un-85-de-chances-que-en-los-proximos-meses-la-economia-entre-en-recesion\/#article","isPartOf":{"@id":"https:\/\/gysfm.com.ar\/inicio\/el-indice-lider-mejoro-pero-aun-hay-un-85-de-chances-que-en-los-proximos-meses-la-economia-entre-en-recesion\/"},"author":{"name":"admin","@id":"https:\/\/gysfm.com.ar\/inicio\/#\/schema\/person\/5bedd7ecd35cc35548d89effafa23696"},"headline":"El \u00edndice l\u00edder mejor\u00f3 pero a\u00fan hay un 85% de chances que en los pr\u00f3ximos meses la econom\u00eda entre en recesi\u00f3n","datePublished":"2026-04-22T23:33:15+00:00","mainEntityOfPage":{"@id":"https:\/\/gysfm.com.ar\/inicio\/el-indice-lider-mejoro-pero-aun-hay-un-85-de-chances-que-en-los-proximos-meses-la-economia-entre-en-recesion\/"},"wordCount":497,"publisher":{"@id":"https:\/\/gysfm.com.ar\/inicio\/#organization"},"image":{"@id":"https:\/\/gysfm.com.ar\/inicio\/el-indice-lider-mejoro-pero-aun-hay-un-85-de-chances-que-en-los-proximos-meses-la-economia-entre-en-recesion\/#primaryimage"},"thumbnailUrl":"https:\/\/gysfm.com.ar\/inicio\/wp-content\/uploads\/2026\/04\/yanina-economia.jpg","articleSection":["ECONOMIA"],"inLanguage":"es"},{"@type":"WebPage","@id":"https:\/\/gysfm.com.ar\/inicio\/el-indice-lider-mejoro-pero-aun-hay-un-85-de-chances-que-en-los-proximos-meses-la-economia-entre-en-recesion\/","url":"https:\/\/gysfm.com.ar\/inicio\/el-indice-lider-mejoro-pero-aun-hay-un-85-de-chances-que-en-los-proximos-meses-la-economia-entre-en-recesion\/","name":"El \u00edndice l\u00edder mejor\u00f3 pero a\u00fan hay un 85% de chances que en los pr\u00f3ximos meses la econom\u00eda entre en recesi\u00f3n - GYS NOTICIAS |","isPartOf":{"@id":"https:\/\/gysfm.com.ar\/inicio\/#website"},"primaryImageOfPage":{"@id":"https:\/\/gysfm.com.ar\/inicio\/el-indice-lider-mejoro-pero-aun-hay-un-85-de-chances-que-en-los-proximos-meses-la-economia-entre-en-recesion\/#primaryimage"},"image":{"@id":"https:\/\/gysfm.com.ar\/inicio\/el-indice-lider-mejoro-pero-aun-hay-un-85-de-chances-que-en-los-proximos-meses-la-economia-entre-en-recesion\/#primaryimage"},"thumbnailUrl":"https:\/\/gysfm.com.ar\/inicio\/wp-content\/uploads\/2026\/04\/yanina-economia.jpg","datePublished":"2026-04-22T23:33:15+00:00","breadcrumb":{"@id":"https:\/\/gysfm.com.ar\/inicio\/el-indice-lider-mejoro-pero-aun-hay-un-85-de-chances-que-en-los-proximos-meses-la-economia-entre-en-recesion\/#breadcrumb"},"inLanguage":"es","potentialAction":[{"@type":"ReadAction","target":["https:\/\/gysfm.com.ar\/inicio\/el-indice-lider-mejoro-pero-aun-hay-un-85-de-chances-que-en-los-proximos-meses-la-economia-entre-en-recesion\/"]}]},{"@type":"ImageObject","inLanguage":"es","@id":"https:\/\/gysfm.com.ar\/inicio\/el-indice-lider-mejoro-pero-aun-hay-un-85-de-chances-que-en-los-proximos-meses-la-economia-entre-en-recesion\/#primaryimage","url":"https:\/\/gysfm.com.ar\/inicio\/wp-content\/uploads\/2026\/04\/yanina-economia.jpg","contentUrl":"https:\/\/gysfm.com.ar\/inicio\/wp-content\/uploads\/2026\/04\/yanina-economia.jpg","width":1200,"height":675},{"@type":"BreadcrumbList","@id":"https:\/\/gysfm.com.ar\/inicio\/el-indice-lider-mejoro-pero-aun-hay-un-85-de-chances-que-en-los-proximos-meses-la-economia-entre-en-recesion\/#breadcrumb","itemListElement":[{"@type":"ListItem","position":1,"name":"Portada","item":"https:\/\/gysfm.com.ar\/inicio\/"},{"@type":"ListItem","position":2,"name":"El \u00edndice l\u00edder mejor\u00f3 pero a\u00fan hay un 85% de chances que en los pr\u00f3ximos meses la econom\u00eda entre en recesi\u00f3n"}]},{"@type":"WebSite","@id":"https:\/\/gysfm.com.ar\/inicio\/#website","url":"https:\/\/gysfm.com.ar\/inicio\/","name":"GYS NOTICIAS |","description":"DIARIO - RADIO ONLINE SAN JUAN ARGENTINA","publisher":{"@id":"https:\/\/gysfm.com.ar\/inicio\/#organization"},"potentialAction":[{"@type":"SearchAction","target":{"@type":"EntryPoint","urlTemplate":"https:\/\/gysfm.com.ar\/inicio\/?s={search_term_string}"},"query-input":{"@type":"PropertyValueSpecification","valueRequired":true,"valueName":"search_term_string"}}],"inLanguage":"es"},{"@type":"Organization","@id":"https:\/\/gysfm.com.ar\/inicio\/#organization","name":"GYS NOTICIAS |","url":"https:\/\/gysfm.com.ar\/inicio\/","logo":{"@type":"ImageObject","inLanguage":"es","@id":"https:\/\/gysfm.com.ar\/inicio\/#\/schema\/logo\/image\/","url":"https:\/\/gysfm.com.ar\/inicio\/wp-content\/uploads\/2023\/07\/LOGOGYS-OK.png","contentUrl":"https:\/\/gysfm.com.ar\/inicio\/wp-content\/uploads\/2023\/07\/LOGOGYS-OK.png","width":1170,"height":872,"caption":"GYS NOTICIAS |"},"image":{"@id":"https:\/\/gysfm.com.ar\/inicio\/#\/schema\/logo\/image\/"}},{"@type":"Person","@id":"https:\/\/gysfm.com.ar\/inicio\/#\/schema\/person\/5bedd7ecd35cc35548d89effafa23696","name":"admin","image":{"@type":"ImageObject","inLanguage":"es","@id":"https:\/\/gysfm.com.ar\/inicio\/#\/schema\/person\/image\/","url":"https:\/\/secure.gravatar.com\/avatar\/c331d312b5243fb64d5ba28108a447b27c925295129a363082c9ea52c28d32c2?s=96&d=mm&r=g","contentUrl":"https:\/\/secure.gravatar.com\/avatar\/c331d312b5243fb64d5ba28108a447b27c925295129a363082c9ea52c28d32c2?s=96&d=mm&r=g","caption":"admin"},"sameAs":["https:\/\/gysfm.com.ar\/inicio"],"url":"https:\/\/gysfm.com.ar\/inicio\/author\/admin\/"}]}},"_links":{"self":[{"href":"https:\/\/gysfm.com.ar\/inicio\/wp-json\/wp\/v2\/posts\/192396","targetHints":{"allow":["GET"]}}],"collection":[{"href":"https:\/\/gysfm.com.ar\/inicio\/wp-json\/wp\/v2\/posts"}],"about":[{"href":"https:\/\/gysfm.com.ar\/inicio\/wp-json\/wp\/v2\/types\/post"}],"author":[{"embeddable":true,"href":"https:\/\/gysfm.com.ar\/inicio\/wp-json\/wp\/v2\/users\/1"}],"replies":[{"embeddable":true,"href":"https:\/\/gysfm.com.ar\/inicio\/wp-json\/wp\/v2\/comments?post=192396"}],"version-history":[{"count":0,"href":"https:\/\/gysfm.com.ar\/inicio\/wp-json\/wp\/v2\/posts\/192396\/revisions"}],"wp:featuredmedia":[{"embeddable":true,"href":"https:\/\/gysfm.com.ar\/inicio\/wp-json\/wp\/v2\/media\/192397"}],"wp:attachment":[{"href":"https:\/\/gysfm.com.ar\/inicio\/wp-json\/wp\/v2\/media?parent=192396"}],"wp:term":[{"taxonomy":"category","embeddable":true,"href":"https:\/\/gysfm.com.ar\/inicio\/wp-json\/wp\/v2\/categories?post=192396"},{"taxonomy":"post_tag","embeddable":true,"href":"https:\/\/gysfm.com.ar\/inicio\/wp-json\/wp\/v2\/tags?post=192396"}],"curies":[{"name":"wp","href":"https:\/\/api.w.org\/{rel}","templated":true}]}}