{"id":192386,"date":"2026-04-22T19:55:08","date_gmt":"2026-04-22T22:55:08","guid":{"rendered":"https:\/\/gysfm.com.ar\/inicio\/dia-de-la-tierra-un-dia-para-defender-nuestras-conquistas-ambientales\/"},"modified":"2026-04-22T19:55:08","modified_gmt":"2026-04-22T22:55:08","slug":"dia-de-la-tierra-un-dia-para-defender-nuestras-conquistas-ambientales","status":"publish","type":"post","link":"https:\/\/gysfm.com.ar\/inicio\/dia-de-la-tierra-un-dia-para-defender-nuestras-conquistas-ambientales\/","title":{"rendered":"D\u00eda de la Tierra, un d\u00eda para defender nuestras conquistas ambientales"},"content":{"rendered":"<p><\/p>\n<div id=\"article-content\">\n<p>El <strong>D\u00eda de la Tierra<\/strong> nos convoca a reflexionar sobre nuestro v\u00ednculo con el <a target=\"_blank\" href=\"https:\/\/www.perfil.com\/noticias\/opinion\/opinion-fernando-miranda-la-poderosa-energia-de-la-tierra.phtml\">planeta<\/a>. Sin embargo, en la Argentina de hoy, esta fecha no puede limitarse a una celebraci\u00f3n simb\u00f3lica; nos encuentra en un momento cr\u00edtico, con los pilares de nuestra protecci\u00f3n ambiental bajo asedio. Hoy, el D\u00eda de la Tierra debe ser una jornada de resistencia.<\/p>\n<p>Durante d\u00e9cadas han intentado convencernos de una falsa dicotom\u00eda: debemos elegir entre el desarrollo econ\u00f3mico y el cuidado del ambiente. Bajo esta premisa, la naturaleza es vista como una zona de sacrificio disponible para ser explotada. Pero la historia reciente nos ha demostrado el poder de la movilizaci\u00f3n ciudadana para proteger nuestros bienes comunes.<\/p>\n<p>Basta mirar hacia atr\u00e1s para recordar c\u00f3mo logramos nuestras leyes ambientales. No fueron concesiones pol\u00edticas, sino conquistas de la participaci\u00f3n de la gente en todo el pa\u00eds.<\/p>\n<div class=\"subscription\">\n<p>\n        Esto no les gusta a los autoritarios\n    <\/p>\n<div class=\"subscription__container\">\n<div class=\"subscription__text-wrapper\">\n<p>\n                El ejercicio del periodismo profesional y cr\u00edtico es un pilar fundamental de la democracia. Por eso molesta a quienes creen ser los due\u00f1os de la verdad.\n            <\/p>\n<\/p><\/div><\/div>\n<\/div>\n<blockquote>\n<p><a target=\"_blank\" href=\"https:\/\/www.perfil.com\/noticias\/opinion\/ley-de-glaciares-el-congreso-le-dio-la-espalda-al-agua-pero-la-ciudadania-ira-a-la-justicia.phtml\">El ambiente periglacial es un \u00e1rea que funciona como regulador h\u00eddrico vital para los ecosistemas \u00e1ridos; la nueva <strong>ley de glaciares <\/strong>abre la puerta a m\u00e1s de 40 proyectos mineros , entregando nuestra seguridad h\u00eddrica a cambio de extractivismo\u00bb<\/a><\/p>\n<\/blockquote>\n<p>La <strong>Ley de Bosques 26.331<\/strong> es el ejemplo perfecto. Naci\u00f3 impulsada por m\u00e1s de un mill\u00f3n y medio de firmas para poner un freno a las topadoras. Sin embargo, hoy est\u00e1 amenazada. En lugar de ser fortalecida, enfrenta intentos constantes de desfinanciamiento y flexibilizaci\u00f3n. Los n\u00fameros son alarmantes: solo durante 2025, la deforestaci\u00f3n en el norte de nuestro pa\u00eds super\u00f3 las 94.000 hect\u00e1reas. Peor a\u00fan, gran parte de estos desmontes se ejecutaron de manera ilegal, en \u00e1reas donde la propia ley lo proh\u00edbe expresamente. A esto hay que sumarle las m\u00e1s de 116.000 que fueron afectadas por incendios en estas mismas provincias, Salta, Formosa, Chaco y Santiago del Estero.<\/p>\n<p class=\"destacadoNota\"><a target=\"_blank\" href=\"https:\/\/www.perfil.com\/noticias\/ciencia\/la-tierra-podria-tener-una-extincion-masiva-de-animales-y-plantas-hacia-2100.phtml\">La Tierra podr\u00eda sufrir una extinci\u00f3n masiva de flora y fauna dentro de 80 a\u00f1os<\/a><\/p>\n<p>Una situaci\u00f3n similar enfrentamos con la <strong>Ley de Protecci\u00f3n de Glaciares<\/strong>. Esta normativa fue concebida para resguardar nuestras reservas de agua dulce. Las recientes modificaciones aprobadas por el Congreso Nacional apuntan directamente a desproteger el ambiente periglacial, un \u00e1rea que funciona como un regulador h\u00eddrico vital para los ecosistemas \u00e1ridos y abren la puerta a m\u00e1s de 40 proyectos mineros que hoy est\u00e1n condicionados para avanzar sobre estas zonas, entregando nuestra seguridad h\u00eddrica a cambio de un extractivismo a corto plazo. Sin embargo, la ciudadan\u00eda no se rinde y <strong>en solo 10 d\u00edas se sumaron 900 mil personas<\/strong> a la demanda colectiva en defensa de los glaciares.<\/p>\n<blockquote>\n<p><a target=\"_blank\" href=\"https:\/\/www.perfil.com\/noticias\/actualidad\/perder-la-vida-silvestre-seria-el-peor-de-los-negocios.phtml\">Las <strong>sequ\u00edas<\/strong>, las <strong>inundaciones <\/strong>y las olas de <strong>calor <\/strong>cada vez m\u00e1s frecuentes e intensas son la factura que ya estamos pagando\u00bb<\/a><\/p>\n<\/blockquote>\n<p>Desde <em>Greenpeace<\/em>, nuestra postura es clara: la <strong>protecci\u00f3n ambiental <\/strong>no se negocia. Los retrocesos que estamos presenciando son inconstitucionales, violan el principio de no regresi\u00f3n ambiental e ignoran la voluntad popular que ya se expres\u00f3 al consagrar estas leyes.<\/p>\n<p>Este D\u00eda de la Tierra no necesitamos que los gobiernos planten un \u00e1rbol para la foto. Necesitamos que cumplan la normativa vigente.<br \/>La crisis clim\u00e1tica global no nos da margen de error, y Argentina ya sufre sus consecuencias. Las sequ\u00edas, las inundaciones y las olas de calor cada vez m\u00e1s frecuentes e intensas son la factura que ya estamos pagando. Desproteger nuestros ecosistemas en este contexto agrava de manera directa los impactos que sufrimos todos.<\/p>\n<p>A los ciudadanos, el llamado es a no bajar los brazos. Las conquistas que logramos ayer son las que debemos defender hoy. Somos nosotros, movilizados, la \u00fanica garant\u00eda real para la protecci\u00f3n de nuestro pa\u00eds.<\/p>\n<p><em>*Director de Programas de Greenpeace<\/em><\/p>\n<\/p><\/div>\n<p><script>\n                !function(f,b,e,v,n,t,s)\n                {if(f.fbq)return;n=f.fbq=function(){n.callMethod?\n                    n.callMethod.apply(n,arguments):n.queue.push(arguments)};\n                    if(!f._fbq)f._fbq=n;n.push=n;n.loaded=!0;n.version='2.0';\n                    n.queue=[];t=b.createElement(e);t.async=!0;\n                    t.src=v;s=b.getElementsByTagName(e)[0];\n                    s.parentNode.insertBefore(t,s)}(window, document,'script',\n                    'https:\/\/connect.facebook.net\/en_US\/fbevents.js');\n                window.paywallConfig.facebook_pixel=\"1000228364089342\"\n            <\/script><\/p>\n","protected":false},"excerpt":{"rendered":"<p>El D\u00eda de la Tierra nos convoca a reflexionar sobre nuestro v\u00ednculo con el planeta. Sin embargo, en la Argentina de hoy, esta fecha no puede limitarse a una celebraci\u00f3n simb\u00f3lica; nos encuentra en un momento cr\u00edtico, con los pilares de nuestra protecci\u00f3n ambiental bajo asedio. Hoy, el D\u00eda de la Tierra debe ser una [&hellip;]<\/p>\n","protected":false},"author":2,"featured_media":192387,"comment_status":"closed","ping_status":"closed","sticky":false,"template":"","format":"standard","meta":{"footnotes":""},"categories":[25],"tags":[],"class_list":["post-192386","post","type-post","status-publish","format-standard","has-post-thumbnail","hentry","category-nacionales"],"yoast_head":"<!-- This site is optimized with the Yoast SEO plugin v24.4 - https:\/\/yoast.com\/wordpress\/plugins\/seo\/ -->\n<title>D\u00eda de la Tierra, un d\u00eda para defender nuestras conquistas ambientales - GYS NOTICIAS |<\/title>\n<meta name=\"robots\" content=\"index, follow, max-snippet:-1, max-image-preview:large, max-video-preview:-1\" \/>\n<link rel=\"canonical\" href=\"https:\/\/gysfm.com.ar\/inicio\/dia-de-la-tierra-un-dia-para-defender-nuestras-conquistas-ambientales\/\" \/>\n<meta property=\"og:locale\" content=\"es_ES\" \/>\n<meta property=\"og:type\" content=\"article\" \/>\n<meta property=\"og:title\" content=\"D\u00eda de la Tierra, un d\u00eda para defender nuestras conquistas ambientales - GYS NOTICIAS |\" \/>\n<meta property=\"og:description\" content=\"El D\u00eda de la Tierra nos convoca a reflexionar sobre nuestro v\u00ednculo con el planeta. Sin embargo, en la Argentina de hoy, esta fecha no puede limitarse a una celebraci\u00f3n simb\u00f3lica; nos encuentra en un momento cr\u00edtico, con los pilares de nuestra protecci\u00f3n ambiental bajo asedio. Hoy, el D\u00eda de la Tierra debe ser una [&hellip;]\" \/>\n<meta property=\"og:url\" content=\"https:\/\/gysfm.com.ar\/inicio\/dia-de-la-tierra-un-dia-para-defender-nuestras-conquistas-ambientales\/\" \/>\n<meta property=\"og:site_name\" content=\"GYS NOTICIAS |\" \/>\n<meta property=\"article:published_time\" content=\"2026-04-22T22:55:08+00:00\" \/>\n<meta name=\"author\" content=\"Prensa G&amp;S FM\" \/>\n<meta name=\"twitter:card\" content=\"summary_large_image\" \/>\n<meta name=\"twitter:label1\" content=\"Escrito por\" \/>\n\t<meta name=\"twitter:data1\" content=\"Prensa G&amp;S FM\" \/>\n\t<meta name=\"twitter:label2\" content=\"Tiempo de lectura\" \/>\n\t<meta name=\"twitter:data2\" content=\"3 minutos\" \/>\n<script type=\"application\/ld+json\" class=\"yoast-schema-graph\">{\"@context\":\"https:\/\/schema.org\",\"@graph\":[{\"@type\":\"Article\",\"@id\":\"https:\/\/gysfm.com.ar\/inicio\/dia-de-la-tierra-un-dia-para-defender-nuestras-conquistas-ambientales\/#article\",\"isPartOf\":{\"@id\":\"https:\/\/gysfm.com.ar\/inicio\/dia-de-la-tierra-un-dia-para-defender-nuestras-conquistas-ambientales\/\"},\"author\":{\"name\":\"Prensa G&amp;S FM\",\"@id\":\"https:\/\/gysfm.com.ar\/inicio\/#\/schema\/person\/3abba7593ef2ad19e1be221d54383dc5\"},\"headline\":\"D\u00eda de la Tierra, un d\u00eda para defender nuestras conquistas ambientales\",\"datePublished\":\"2026-04-22T22:55:08+00:00\",\"mainEntityOfPage\":{\"@id\":\"https:\/\/gysfm.com.ar\/inicio\/dia-de-la-tierra-un-dia-para-defender-nuestras-conquistas-ambientales\/\"},\"wordCount\":674,\"publisher\":{\"@id\":\"https:\/\/gysfm.com.ar\/inicio\/#organization\"},\"image\":{\"@id\":\"https:\/\/gysfm.com.ar\/inicio\/dia-de-la-tierra-un-dia-para-defender-nuestras-conquistas-ambientales\/#primaryimage\"},\"thumbnailUrl\":\"https:\/\/gysfm.com.ar\/inicio\/wp-content\/uploads\/2026\/04\/la-tierra-redujo-su-velocidad-por-la-accion-humana-2208019.jpg\",\"articleSection\":[\"NACIONALES\"],\"inLanguage\":\"es\"},{\"@type\":\"WebPage\",\"@id\":\"https:\/\/gysfm.com.ar\/inicio\/dia-de-la-tierra-un-dia-para-defender-nuestras-conquistas-ambientales\/\",\"url\":\"https:\/\/gysfm.com.ar\/inicio\/dia-de-la-tierra-un-dia-para-defender-nuestras-conquistas-ambientales\/\",\"name\":\"D\u00eda de la Tierra, un d\u00eda para defender nuestras conquistas ambientales - GYS NOTICIAS |\",\"isPartOf\":{\"@id\":\"https:\/\/gysfm.com.ar\/inicio\/#website\"},\"primaryImageOfPage\":{\"@id\":\"https:\/\/gysfm.com.ar\/inicio\/dia-de-la-tierra-un-dia-para-defender-nuestras-conquistas-ambientales\/#primaryimage\"},\"image\":{\"@id\":\"https:\/\/gysfm.com.ar\/inicio\/dia-de-la-tierra-un-dia-para-defender-nuestras-conquistas-ambientales\/#primaryimage\"},\"thumbnailUrl\":\"https:\/\/gysfm.com.ar\/inicio\/wp-content\/uploads\/2026\/04\/la-tierra-redujo-su-velocidad-por-la-accion-humana-2208019.jpg\",\"datePublished\":\"2026-04-22T22:55:08+00:00\",\"breadcrumb\":{\"@id\":\"https:\/\/gysfm.com.ar\/inicio\/dia-de-la-tierra-un-dia-para-defender-nuestras-conquistas-ambientales\/#breadcrumb\"},\"inLanguage\":\"es\",\"potentialAction\":[{\"@type\":\"ReadAction\",\"target\":[\"https:\/\/gysfm.com.ar\/inicio\/dia-de-la-tierra-un-dia-para-defender-nuestras-conquistas-ambientales\/\"]}]},{\"@type\":\"ImageObject\",\"inLanguage\":\"es\",\"@id\":\"https:\/\/gysfm.com.ar\/inicio\/dia-de-la-tierra-un-dia-para-defender-nuestras-conquistas-ambientales\/#primaryimage\",\"url\":\"https:\/\/gysfm.com.ar\/inicio\/wp-content\/uploads\/2026\/04\/la-tierra-redujo-su-velocidad-por-la-accion-humana-2208019.jpg\",\"contentUrl\":\"https:\/\/gysfm.com.ar\/inicio\/wp-content\/uploads\/2026\/04\/la-tierra-redujo-su-velocidad-por-la-accion-humana-2208019.jpg\",\"width\":1140,\"height\":641},{\"@type\":\"BreadcrumbList\",\"@id\":\"https:\/\/gysfm.com.ar\/inicio\/dia-de-la-tierra-un-dia-para-defender-nuestras-conquistas-ambientales\/#breadcrumb\",\"itemListElement\":[{\"@type\":\"ListItem\",\"position\":1,\"name\":\"Portada\",\"item\":\"https:\/\/gysfm.com.ar\/inicio\/\"},{\"@type\":\"ListItem\",\"position\":2,\"name\":\"D\u00eda de la Tierra, un d\u00eda para defender nuestras conquistas ambientales\"}]},{\"@type\":\"WebSite\",\"@id\":\"https:\/\/gysfm.com.ar\/inicio\/#website\",\"url\":\"https:\/\/gysfm.com.ar\/inicio\/\",\"name\":\"GYS NOTICIAS |\",\"description\":\"DIARIO - RADIO ONLINE SAN JUAN ARGENTINA\",\"publisher\":{\"@id\":\"https:\/\/gysfm.com.ar\/inicio\/#organization\"},\"potentialAction\":[{\"@type\":\"SearchAction\",\"target\":{\"@type\":\"EntryPoint\",\"urlTemplate\":\"https:\/\/gysfm.com.ar\/inicio\/?s={search_term_string}\"},\"query-input\":{\"@type\":\"PropertyValueSpecification\",\"valueRequired\":true,\"valueName\":\"search_term_string\"}}],\"inLanguage\":\"es\"},{\"@type\":\"Organization\",\"@id\":\"https:\/\/gysfm.com.ar\/inicio\/#organization\",\"name\":\"GYS NOTICIAS |\",\"url\":\"https:\/\/gysfm.com.ar\/inicio\/\",\"logo\":{\"@type\":\"ImageObject\",\"inLanguage\":\"es\",\"@id\":\"https:\/\/gysfm.com.ar\/inicio\/#\/schema\/logo\/image\/\",\"url\":\"https:\/\/gysfm.com.ar\/inicio\/wp-content\/uploads\/2023\/07\/LOGOGYS-OK.png\",\"contentUrl\":\"https:\/\/gysfm.com.ar\/inicio\/wp-content\/uploads\/2023\/07\/LOGOGYS-OK.png\",\"width\":1170,\"height\":872,\"caption\":\"GYS NOTICIAS |\"},\"image\":{\"@id\":\"https:\/\/gysfm.com.ar\/inicio\/#\/schema\/logo\/image\/\"}},{\"@type\":\"Person\",\"@id\":\"https:\/\/gysfm.com.ar\/inicio\/#\/schema\/person\/3abba7593ef2ad19e1be221d54383dc5\",\"name\":\"Prensa G&amp;S FM\",\"image\":{\"@type\":\"ImageObject\",\"inLanguage\":\"es\",\"@id\":\"https:\/\/gysfm.com.ar\/inicio\/#\/schema\/person\/image\/\",\"url\":\"https:\/\/secure.gravatar.com\/avatar\/096ec78df02049ab018702bb4ccedf659377fa92a26540b5247612077a0dbd29?s=96&d=mm&r=g\",\"contentUrl\":\"https:\/\/secure.gravatar.com\/avatar\/096ec78df02049ab018702bb4ccedf659377fa92a26540b5247612077a0dbd29?s=96&d=mm&r=g\",\"caption\":\"Prensa G&amp;S FM\"},\"sameAs\":[\"https:\/\/gysfm.com.ar\/\"],\"url\":\"https:\/\/gysfm.com.ar\/inicio\/author\/lucasm\/\"}]}<\/script>\n<!-- \/ Yoast SEO plugin. -->","yoast_head_json":{"title":"D\u00eda de la Tierra, un d\u00eda para defender nuestras conquistas ambientales - GYS NOTICIAS |","robots":{"index":"index","follow":"follow","max-snippet":"max-snippet:-1","max-image-preview":"max-image-preview:large","max-video-preview":"max-video-preview:-1"},"canonical":"https:\/\/gysfm.com.ar\/inicio\/dia-de-la-tierra-un-dia-para-defender-nuestras-conquistas-ambientales\/","og_locale":"es_ES","og_type":"article","og_title":"D\u00eda de la Tierra, un d\u00eda para defender nuestras conquistas ambientales - GYS NOTICIAS |","og_description":"El D\u00eda de la Tierra nos convoca a reflexionar sobre nuestro v\u00ednculo con el planeta. Sin embargo, en la Argentina de hoy, esta fecha no puede limitarse a una celebraci\u00f3n simb\u00f3lica; nos encuentra en un momento cr\u00edtico, con los pilares de nuestra protecci\u00f3n ambiental bajo asedio. Hoy, el D\u00eda de la Tierra debe ser una [&hellip;]","og_url":"https:\/\/gysfm.com.ar\/inicio\/dia-de-la-tierra-un-dia-para-defender-nuestras-conquistas-ambientales\/","og_site_name":"GYS NOTICIAS |","article_published_time":"2026-04-22T22:55:08+00:00","author":"Prensa G&amp;S FM","twitter_card":"summary_large_image","twitter_misc":{"Escrito por":"Prensa G&amp;S FM","Tiempo de lectura":"3 minutos"},"schema":{"@context":"https:\/\/schema.org","@graph":[{"@type":"Article","@id":"https:\/\/gysfm.com.ar\/inicio\/dia-de-la-tierra-un-dia-para-defender-nuestras-conquistas-ambientales\/#article","isPartOf":{"@id":"https:\/\/gysfm.com.ar\/inicio\/dia-de-la-tierra-un-dia-para-defender-nuestras-conquistas-ambientales\/"},"author":{"name":"Prensa G&amp;S FM","@id":"https:\/\/gysfm.com.ar\/inicio\/#\/schema\/person\/3abba7593ef2ad19e1be221d54383dc5"},"headline":"D\u00eda de la Tierra, un d\u00eda para defender nuestras conquistas ambientales","datePublished":"2026-04-22T22:55:08+00:00","mainEntityOfPage":{"@id":"https:\/\/gysfm.com.ar\/inicio\/dia-de-la-tierra-un-dia-para-defender-nuestras-conquistas-ambientales\/"},"wordCount":674,"publisher":{"@id":"https:\/\/gysfm.com.ar\/inicio\/#organization"},"image":{"@id":"https:\/\/gysfm.com.ar\/inicio\/dia-de-la-tierra-un-dia-para-defender-nuestras-conquistas-ambientales\/#primaryimage"},"thumbnailUrl":"https:\/\/gysfm.com.ar\/inicio\/wp-content\/uploads\/2026\/04\/la-tierra-redujo-su-velocidad-por-la-accion-humana-2208019.jpg","articleSection":["NACIONALES"],"inLanguage":"es"},{"@type":"WebPage","@id":"https:\/\/gysfm.com.ar\/inicio\/dia-de-la-tierra-un-dia-para-defender-nuestras-conquistas-ambientales\/","url":"https:\/\/gysfm.com.ar\/inicio\/dia-de-la-tierra-un-dia-para-defender-nuestras-conquistas-ambientales\/","name":"D\u00eda de la Tierra, un d\u00eda para defender nuestras conquistas ambientales - GYS NOTICIAS |","isPartOf":{"@id":"https:\/\/gysfm.com.ar\/inicio\/#website"},"primaryImageOfPage":{"@id":"https:\/\/gysfm.com.ar\/inicio\/dia-de-la-tierra-un-dia-para-defender-nuestras-conquistas-ambientales\/#primaryimage"},"image":{"@id":"https:\/\/gysfm.com.ar\/inicio\/dia-de-la-tierra-un-dia-para-defender-nuestras-conquistas-ambientales\/#primaryimage"},"thumbnailUrl":"https:\/\/gysfm.com.ar\/inicio\/wp-content\/uploads\/2026\/04\/la-tierra-redujo-su-velocidad-por-la-accion-humana-2208019.jpg","datePublished":"2026-04-22T22:55:08+00:00","breadcrumb":{"@id":"https:\/\/gysfm.com.ar\/inicio\/dia-de-la-tierra-un-dia-para-defender-nuestras-conquistas-ambientales\/#breadcrumb"},"inLanguage":"es","potentialAction":[{"@type":"ReadAction","target":["https:\/\/gysfm.com.ar\/inicio\/dia-de-la-tierra-un-dia-para-defender-nuestras-conquistas-ambientales\/"]}]},{"@type":"ImageObject","inLanguage":"es","@id":"https:\/\/gysfm.com.ar\/inicio\/dia-de-la-tierra-un-dia-para-defender-nuestras-conquistas-ambientales\/#primaryimage","url":"https:\/\/gysfm.com.ar\/inicio\/wp-content\/uploads\/2026\/04\/la-tierra-redujo-su-velocidad-por-la-accion-humana-2208019.jpg","contentUrl":"https:\/\/gysfm.com.ar\/inicio\/wp-content\/uploads\/2026\/04\/la-tierra-redujo-su-velocidad-por-la-accion-humana-2208019.jpg","width":1140,"height":641},{"@type":"BreadcrumbList","@id":"https:\/\/gysfm.com.ar\/inicio\/dia-de-la-tierra-un-dia-para-defender-nuestras-conquistas-ambientales\/#breadcrumb","itemListElement":[{"@type":"ListItem","position":1,"name":"Portada","item":"https:\/\/gysfm.com.ar\/inicio\/"},{"@type":"ListItem","position":2,"name":"D\u00eda de la Tierra, un d\u00eda para defender nuestras conquistas ambientales"}]},{"@type":"WebSite","@id":"https:\/\/gysfm.com.ar\/inicio\/#website","url":"https:\/\/gysfm.com.ar\/inicio\/","name":"GYS NOTICIAS |","description":"DIARIO - RADIO ONLINE SAN JUAN ARGENTINA","publisher":{"@id":"https:\/\/gysfm.com.ar\/inicio\/#organization"},"potentialAction":[{"@type":"SearchAction","target":{"@type":"EntryPoint","urlTemplate":"https:\/\/gysfm.com.ar\/inicio\/?s={search_term_string}"},"query-input":{"@type":"PropertyValueSpecification","valueRequired":true,"valueName":"search_term_string"}}],"inLanguage":"es"},{"@type":"Organization","@id":"https:\/\/gysfm.com.ar\/inicio\/#organization","name":"GYS NOTICIAS |","url":"https:\/\/gysfm.com.ar\/inicio\/","logo":{"@type":"ImageObject","inLanguage":"es","@id":"https:\/\/gysfm.com.ar\/inicio\/#\/schema\/logo\/image\/","url":"https:\/\/gysfm.com.ar\/inicio\/wp-content\/uploads\/2023\/07\/LOGOGYS-OK.png","contentUrl":"https:\/\/gysfm.com.ar\/inicio\/wp-content\/uploads\/2023\/07\/LOGOGYS-OK.png","width":1170,"height":872,"caption":"GYS NOTICIAS |"},"image":{"@id":"https:\/\/gysfm.com.ar\/inicio\/#\/schema\/logo\/image\/"}},{"@type":"Person","@id":"https:\/\/gysfm.com.ar\/inicio\/#\/schema\/person\/3abba7593ef2ad19e1be221d54383dc5","name":"Prensa G&amp;S FM","image":{"@type":"ImageObject","inLanguage":"es","@id":"https:\/\/gysfm.com.ar\/inicio\/#\/schema\/person\/image\/","url":"https:\/\/secure.gravatar.com\/avatar\/096ec78df02049ab018702bb4ccedf659377fa92a26540b5247612077a0dbd29?s=96&d=mm&r=g","contentUrl":"https:\/\/secure.gravatar.com\/avatar\/096ec78df02049ab018702bb4ccedf659377fa92a26540b5247612077a0dbd29?s=96&d=mm&r=g","caption":"Prensa G&amp;S FM"},"sameAs":["https:\/\/gysfm.com.ar\/"],"url":"https:\/\/gysfm.com.ar\/inicio\/author\/lucasm\/"}]}},"_links":{"self":[{"href":"https:\/\/gysfm.com.ar\/inicio\/wp-json\/wp\/v2\/posts\/192386","targetHints":{"allow":["GET"]}}],"collection":[{"href":"https:\/\/gysfm.com.ar\/inicio\/wp-json\/wp\/v2\/posts"}],"about":[{"href":"https:\/\/gysfm.com.ar\/inicio\/wp-json\/wp\/v2\/types\/post"}],"author":[{"embeddable":true,"href":"https:\/\/gysfm.com.ar\/inicio\/wp-json\/wp\/v2\/users\/2"}],"replies":[{"embeddable":true,"href":"https:\/\/gysfm.com.ar\/inicio\/wp-json\/wp\/v2\/comments?post=192386"}],"version-history":[{"count":0,"href":"https:\/\/gysfm.com.ar\/inicio\/wp-json\/wp\/v2\/posts\/192386\/revisions"}],"wp:featuredmedia":[{"embeddable":true,"href":"https:\/\/gysfm.com.ar\/inicio\/wp-json\/wp\/v2\/media\/192387"}],"wp:attachment":[{"href":"https:\/\/gysfm.com.ar\/inicio\/wp-json\/wp\/v2\/media?parent=192386"}],"wp:term":[{"taxonomy":"category","embeddable":true,"href":"https:\/\/gysfm.com.ar\/inicio\/wp-json\/wp\/v2\/categories?post=192386"},{"taxonomy":"post_tag","embeddable":true,"href":"https:\/\/gysfm.com.ar\/inicio\/wp-json\/wp\/v2\/tags?post=192386"}],"curies":[{"name":"wp","href":"https:\/\/api.w.org\/{rel}","templated":true}]}}