{"id":192203,"date":"2026-04-21T20:39:24","date_gmt":"2026-04-21T23:39:24","guid":{"rendered":"https:\/\/gysfm.com.ar\/inicio\/la-suprema-corte-de-mendoza-confirmo-que-manaos-debera-pagar-una-indemnizacion-de-800-millones-a-un-exempleado\/"},"modified":"2026-04-21T20:39:25","modified_gmt":"2026-04-21T23:39:25","slug":"la-suprema-corte-de-mendoza-confirmo-que-manaos-debera-pagar-una-indemnizacion-de-800-millones-a-un-exempleado","status":"publish","type":"post","link":"https:\/\/gysfm.com.ar\/inicio\/la-suprema-corte-de-mendoza-confirmo-que-manaos-debera-pagar-una-indemnizacion-de-800-millones-a-un-exempleado\/","title":{"rendered":"La Suprema Corte de Mendoza confirm\u00f3 que Manaos deber\u00e1 pagar una indemnizaci\u00f3n de $800 millones a un exempleado"},"content":{"rendered":"<p><\/p>\n<div>\n<p class=\"com-paragraph  --capital --s\">La Suprema Corte de Justicia de Mendoza confirm\u00f3 una condena millonaria por irregularidades laborales contra la empresa Refres Now, fabricante de las bebidas Manaos. El m\u00e1ximo tribunal provincial determin\u00f3 que <strong>la firma incurri\u00f3 en \u201cmaniobras fraudulentas\u201d en la registraci\u00f3n de un trabajador y fij\u00f3 una <\/strong><a href=\"https:\/\/www.lanacion.com.ar\/economia\/negocios\/la-justicia-ordeno-a-manaos-a-pagar-mas-de-800-millones-a-un-exempleado-nid13022026\/\" target=\"_self\" title=\"https:\/\/www.lanacion.com.ar\/economia\/negocios\/la-justicia-ordeno-a-manaos-a-pagar-mas-de-800-millones-a-un-exempleado-nid13022026\/\" class=\"com-link break-word\" data-mrf-recirculation=\"n_link_parrafo\"><strong>indemnizaci\u00f3n final de $807 millones.<\/strong><\/a><\/p>\n<p class=\"com-paragraph   --s\">El caso se inici\u00f3 a partir de la denuncia del empleado, quien aleg\u00f3 haber sido forzado a un \u201cdespido indirecto\u201d tras a\u00f1os de una relaci\u00f3n laboral signada por presuntas irregularidades registrales. Seg\u00fan la sentencia, la compa\u00f1\u00eda utiliz\u00f3 en 2018 un acuerdo de desvinculaci\u00f3n ante el Seclo como un \u201cartilugio\u201d para modificar la categor\u00eda del trabajador: de Viajante de Comercio \u2014bajo la Ley 14.546\u2014 a \u201cPromotor\u201d, encuadrado en el convenio de Aguas y Gaseosas, <strong>una figura menos favorable en t\u00e9rminos salariales y de derechos.<\/strong><\/p>\n<p class=\"com-paragraph   --s\">Los jueces aplicaron el principio de \u201cprimac\u00eda de la realidad\u201d y concluyeron que el v\u00ednculo laboral nunca se interrumpi\u00f3. En ese sentido, consideraron probado que <strong>la maniobra buscaba reducir costos y ocultar la verdadera antig\u00fcedad del empleado, que se remontaba a octubre de 2013.<\/strong><\/p>\n<p class=\"com-paragraph   --s\">Despu\u00e9s, <strong>la empresa intent\u00f3 llevar el caso a la Corte Suprema de la Naci\u00f3n mediante un recurso extraordinario federal,<\/strong> argumentando que el fallo de la justicia mendocina era arbitrario y violaba garant\u00edas constitucionales como el debido proceso, la propiedad y el equilibrio en la protecci\u00f3n laboral.<\/p>\n<p class=\"com-paragraph   --s\">Sus planteos centrales fueron dos: por un lado, cuestion\u00f3 la nulidad del acuerdo firmado en el Seclo en 2018, sosteniendo que deb\u00eda considerarse v\u00e1lido; por otro, consider\u00f3 insuficiente la reducci\u00f3n de los intereses y pidi\u00f3 que se aplicaran tasas m\u00e1s bajas.<\/p>\n<p class=\"com-paragraph   --s\"><strong>Sin embargo, se conoci\u00f3 hoy que la Suprema Corte de Mendoza rechaz\u00f3 el recurso<\/strong>. Se\u00f1al\u00f3 que no exist\u00eda una \u201ccuesti\u00f3n federal\u201d suficiente que justificara la intervenci\u00f3n de la Corte nacional, ya que el caso se basa principalmente en hechos, pruebas y normas de derecho com\u00fan, materias que no habilitan esa instancia.<\/p>\n<p class=\"com-paragraph   --s\">Adem\u00e1s, el tribunal indic\u00f3 que <strong>la empresa se limit\u00f3 a reiterar argumentos ya analizados y a expresar desacuerdos con la interpretaci\u00f3n judicial, sin demostrar arbitrariedad.<\/strong> Tambi\u00e9n remarc\u00f3 que algunos planteos fueron introducidos fuera de tiempo y que la supuesta cuesti\u00f3n federal no fue correctamente planteada durante el proceso.<\/p>\n<p class=\"com-paragraph   --s\">Despu\u00e9s del primer fallo de la Corte provincial, consultado por LA NACION, Orlando Canido, titular de la empresa, cuestion\u00f3 la sentencia. <strong>\u201cEs una desproporci\u00f3n total. <\/strong>No puede ser que una persona trabaje seis a\u00f1os con un sueldo de $2,5 millones y tenga que pagar $800 millones de indemnizaci\u00f3n. As\u00ed nadie va a contratar a nadie. Pero bueno, es lo que resolvi\u00f3 la Justicia. \u00c9l tiene derecho a hacer el juicio y lo manejar\u00e1n los abogados; y si no, pagar\u00e9, qu\u00e9 voy a hacer. Pero no tiene ning\u00fan sentido\u201d, hab\u00eda dicho.<\/p>\n<p class=\"com-paragraph   --s\">Uno de los puntos m\u00e1s sensibles del expediente fue el c\u00e1lculo de los intereses. <strong>En la sentencia de c\u00e1mara, los accesorios superaban los $1235 millones.<\/strong> Sin embargo, la Suprema Corte \u2014con los votos de los jueces Omar Palermo y Norma Llatser\u2014 decidi\u00f3 aplicar la facultad prevista en el art\u00edculo 771 del C\u00f3digo Civil y Comercial para morigerar esas tasas.<\/p>\n<p class=\"com-paragraph   --s\">El tribunal argument\u00f3 que el demandante no encuadraba dentro de la figura de \u201ctrabajador vulnerable\u201d. Seg\u00fan destac\u00f3, se trata de un empresario con experiencia en la actividad comercial, fundador y propietario de la cadena de supermercados \u201cLa Yunta\u201d, con base en San Rafael. Adem\u00e1s, percib\u00eda una remuneraci\u00f3n que superaba en m\u00e1s de 24 veces el \u00edndice Ripte de la \u00e9poca.<\/p>\n<p class=\"com-paragraph   --s\">Bajo este criterio, los magistrados consideraron que la aplicaci\u00f3n autom\u00e1tica de las tasas provinciales generaba una \u201cdesproporci\u00f3n econ\u00f3mica\u201d que no se ajustaba a la realidad del demandante. De este modo, recalcularon los intereses y redujeron significativamente el monto final de la condena.<\/p>\n<p class=\"com-paragraph   --s\">La liquidaci\u00f3n qued\u00f3 establecida en $223,4 millones en concepto de capital y $584,2 millones por intereses moratorios \u2014casi un 50% menos que el c\u00e1lculo previo\u2014, lo que arroj\u00f3 un total de $807,6 millones.<\/p>\n<p class=\"com-paragraph   --s\">Por otro lado, <strong>la Corte rechaz\u00f3 el pedido de Refres Now de abonar la indemnizaci\u00f3n en cuotas<\/strong>. Argument\u00f3 que esa instancia de negociaci\u00f3n ya hab\u00eda sido transitada sin \u00e9xito entre las partes durante el proceso judicial.<\/p>\n<p class=\"com-paragraph   --s\">Orlando Canido fund\u00f3 Manaos en 2004, aunque su trayectoria en el negocio de las bebidas se remonta a m\u00e1s de cinco d\u00e9cadas. Antes de crear Refres Now, se desempe\u00f1\u00f3 como distribuidor de la cerveza Bieckert y el vino Crespi, y trabaj\u00f3 con compa\u00f1\u00edas como Coca-Cola y Pepsi, hoy sus principales competidores. Tambi\u00e9n particip\u00f3 en la comercializaci\u00f3n de Sao, una l\u00ednea de gaseosas de bajo costo elaborada por San Isidro Refrescos, un antiguo embotellador de Coca-Cola.<\/p>\n<section class=\"container-center-100 mb-40 border border-bottom border-thin border-neutral-light-700\">\n<hr\/>\n<\/section>\n<\/div>\n<p><script id=\"facebookpixel\" defer=\"\" type=\"text\/javascript\">\n        !function(f,b,e,v,n,t,s)\n        {if(f.fbq)return;n=f.fbq=function(){n.callMethod?\n        n.callMethod.apply(n,arguments):n.queue.push(arguments)};\n        if(!f._fbq)f._fbq=n;n.push=n;n.loaded=!0;n.version='2.0';\n        n.queue=[];t=b.createElement(e);t.async=!0;\n        t.src=v;s=b.getElementsByTagName(e)[0];\n        s.parentNode.insertBefore(t,s)}(window, document,'script',\n        'https:\/\/connect.facebook.net\/en_US\/fbevents.js');\n        fbq('init', '492459597522335');\n        fbq('track', 'PageView');\n    <\/script><\/p>\n","protected":false},"excerpt":{"rendered":"<p>La Suprema Corte de Justicia de Mendoza confirm\u00f3 una condena millonaria por irregularidades laborales contra la empresa Refres Now, fabricante de las bebidas Manaos. El m\u00e1ximo tribunal provincial determin\u00f3 que la firma incurri\u00f3 en \u201cmaniobras fraudulentas\u201d en la registraci\u00f3n de un trabajador y fij\u00f3 una indemnizaci\u00f3n final de $807 millones. El caso se inici\u00f3 a [&hellip;]<\/p>\n","protected":false},"author":1,"featured_media":192204,"comment_status":"closed","ping_status":"closed","sticky":false,"template":"","format":"standard","meta":{"footnotes":""},"categories":[28],"tags":[],"class_list":["post-192203","post","type-post","status-publish","format-standard","has-post-thumbnail","hentry","category-economia"],"yoast_head":"<!-- This site is optimized with the Yoast SEO plugin v24.4 - https:\/\/yoast.com\/wordpress\/plugins\/seo\/ -->\n<title>La Suprema Corte de Mendoza confirm\u00f3 que Manaos deber\u00e1 pagar una indemnizaci\u00f3n de $800 millones a un exempleado - GYS NOTICIAS |<\/title>\n<meta name=\"robots\" content=\"index, follow, max-snippet:-1, max-image-preview:large, max-video-preview:-1\" \/>\n<link rel=\"canonical\" href=\"https:\/\/gysfm.com.ar\/inicio\/la-suprema-corte-de-mendoza-confirmo-que-manaos-debera-pagar-una-indemnizacion-de-800-millones-a-un-exempleado\/\" \/>\n<meta property=\"og:locale\" content=\"es_ES\" \/>\n<meta property=\"og:type\" content=\"article\" \/>\n<meta property=\"og:title\" content=\"La Suprema Corte de Mendoza confirm\u00f3 que Manaos deber\u00e1 pagar una indemnizaci\u00f3n de $800 millones a un exempleado - GYS NOTICIAS |\" \/>\n<meta property=\"og:description\" content=\"La Suprema Corte de Justicia de Mendoza confirm\u00f3 una condena millonaria por irregularidades laborales contra la empresa Refres Now, fabricante de las bebidas Manaos. El m\u00e1ximo tribunal provincial determin\u00f3 que la firma incurri\u00f3 en \u201cmaniobras fraudulentas\u201d en la registraci\u00f3n de un trabajador y fij\u00f3 una indemnizaci\u00f3n final de $807 millones. El caso se inici\u00f3 a [&hellip;]\" \/>\n<meta property=\"og:url\" content=\"https:\/\/gysfm.com.ar\/inicio\/la-suprema-corte-de-mendoza-confirmo-que-manaos-debera-pagar-una-indemnizacion-de-800-millones-a-un-exempleado\/\" \/>\n<meta property=\"og:site_name\" content=\"GYS NOTICIAS |\" \/>\n<meta property=\"article:published_time\" content=\"2026-04-21T23:39:24+00:00\" \/>\n<meta property=\"article:modified_time\" content=\"2026-04-21T23:39:25+00:00\" \/>\n<meta property=\"og:image\" content=\"https:\/\/gysfm.com.ar\/inicio\/wp-content\/uploads\/2026\/04\/la-suprema-corte-de-justicia-de-mendoza-confirmo-HZECTDNGLBEMHOQ3UCJMMEKPPE.jpg\" \/>\n\t<meta property=\"og:image:width\" content=\"1200\" \/>\n\t<meta property=\"og:image:height\" content=\"800\" \/>\n\t<meta property=\"og:image:type\" content=\"image\/jpeg\" \/>\n<meta name=\"author\" content=\"admin\" \/>\n<meta name=\"twitter:card\" content=\"summary_large_image\" \/>\n<meta name=\"twitter:label1\" content=\"Escrito por\" \/>\n\t<meta name=\"twitter:data1\" content=\"admin\" \/>\n\t<meta name=\"twitter:label2\" content=\"Tiempo de lectura\" \/>\n\t<meta name=\"twitter:data2\" content=\"4 minutos\" \/>\n<script type=\"application\/ld+json\" class=\"yoast-schema-graph\">{\"@context\":\"https:\/\/schema.org\",\"@graph\":[{\"@type\":\"Article\",\"@id\":\"https:\/\/gysfm.com.ar\/inicio\/la-suprema-corte-de-mendoza-confirmo-que-manaos-debera-pagar-una-indemnizacion-de-800-millones-a-un-exempleado\/#article\",\"isPartOf\":{\"@id\":\"https:\/\/gysfm.com.ar\/inicio\/la-suprema-corte-de-mendoza-confirmo-que-manaos-debera-pagar-una-indemnizacion-de-800-millones-a-un-exempleado\/\"},\"author\":{\"name\":\"admin\",\"@id\":\"https:\/\/gysfm.com.ar\/inicio\/#\/schema\/person\/5bedd7ecd35cc35548d89effafa23696\"},\"headline\":\"La Suprema Corte de Mendoza confirm\u00f3 que Manaos deber\u00e1 pagar una indemnizaci\u00f3n de $800 millones a un exempleado\",\"datePublished\":\"2026-04-21T23:39:24+00:00\",\"dateModified\":\"2026-04-21T23:39:25+00:00\",\"mainEntityOfPage\":{\"@id\":\"https:\/\/gysfm.com.ar\/inicio\/la-suprema-corte-de-mendoza-confirmo-que-manaos-debera-pagar-una-indemnizacion-de-800-millones-a-un-exempleado\/\"},\"wordCount\":823,\"publisher\":{\"@id\":\"https:\/\/gysfm.com.ar\/inicio\/#organization\"},\"image\":{\"@id\":\"https:\/\/gysfm.com.ar\/inicio\/la-suprema-corte-de-mendoza-confirmo-que-manaos-debera-pagar-una-indemnizacion-de-800-millones-a-un-exempleado\/#primaryimage\"},\"thumbnailUrl\":\"https:\/\/gysfm.com.ar\/inicio\/wp-content\/uploads\/2026\/04\/la-suprema-corte-de-justicia-de-mendoza-confirmo-HZECTDNGLBEMHOQ3UCJMMEKPPE.jpg\",\"articleSection\":[\"ECONOMIA\"],\"inLanguage\":\"es\"},{\"@type\":\"WebPage\",\"@id\":\"https:\/\/gysfm.com.ar\/inicio\/la-suprema-corte-de-mendoza-confirmo-que-manaos-debera-pagar-una-indemnizacion-de-800-millones-a-un-exempleado\/\",\"url\":\"https:\/\/gysfm.com.ar\/inicio\/la-suprema-corte-de-mendoza-confirmo-que-manaos-debera-pagar-una-indemnizacion-de-800-millones-a-un-exempleado\/\",\"name\":\"La Suprema Corte de Mendoza confirm\u00f3 que Manaos deber\u00e1 pagar una indemnizaci\u00f3n de $800 millones a un exempleado - GYS NOTICIAS |\",\"isPartOf\":{\"@id\":\"https:\/\/gysfm.com.ar\/inicio\/#website\"},\"primaryImageOfPage\":{\"@id\":\"https:\/\/gysfm.com.ar\/inicio\/la-suprema-corte-de-mendoza-confirmo-que-manaos-debera-pagar-una-indemnizacion-de-800-millones-a-un-exempleado\/#primaryimage\"},\"image\":{\"@id\":\"https:\/\/gysfm.com.ar\/inicio\/la-suprema-corte-de-mendoza-confirmo-que-manaos-debera-pagar-una-indemnizacion-de-800-millones-a-un-exempleado\/#primaryimage\"},\"thumbnailUrl\":\"https:\/\/gysfm.com.ar\/inicio\/wp-content\/uploads\/2026\/04\/la-suprema-corte-de-justicia-de-mendoza-confirmo-HZECTDNGLBEMHOQ3UCJMMEKPPE.jpg\",\"datePublished\":\"2026-04-21T23:39:24+00:00\",\"dateModified\":\"2026-04-21T23:39:25+00:00\",\"breadcrumb\":{\"@id\":\"https:\/\/gysfm.com.ar\/inicio\/la-suprema-corte-de-mendoza-confirmo-que-manaos-debera-pagar-una-indemnizacion-de-800-millones-a-un-exempleado\/#breadcrumb\"},\"inLanguage\":\"es\",\"potentialAction\":[{\"@type\":\"ReadAction\",\"target\":[\"https:\/\/gysfm.com.ar\/inicio\/la-suprema-corte-de-mendoza-confirmo-que-manaos-debera-pagar-una-indemnizacion-de-800-millones-a-un-exempleado\/\"]}]},{\"@type\":\"ImageObject\",\"inLanguage\":\"es\",\"@id\":\"https:\/\/gysfm.com.ar\/inicio\/la-suprema-corte-de-mendoza-confirmo-que-manaos-debera-pagar-una-indemnizacion-de-800-millones-a-un-exempleado\/#primaryimage\",\"url\":\"https:\/\/gysfm.com.ar\/inicio\/wp-content\/uploads\/2026\/04\/la-suprema-corte-de-justicia-de-mendoza-confirmo-HZECTDNGLBEMHOQ3UCJMMEKPPE.jpg\",\"contentUrl\":\"https:\/\/gysfm.com.ar\/inicio\/wp-content\/uploads\/2026\/04\/la-suprema-corte-de-justicia-de-mendoza-confirmo-HZECTDNGLBEMHOQ3UCJMMEKPPE.jpg\",\"width\":1200,\"height\":800},{\"@type\":\"BreadcrumbList\",\"@id\":\"https:\/\/gysfm.com.ar\/inicio\/la-suprema-corte-de-mendoza-confirmo-que-manaos-debera-pagar-una-indemnizacion-de-800-millones-a-un-exempleado\/#breadcrumb\",\"itemListElement\":[{\"@type\":\"ListItem\",\"position\":1,\"name\":\"Portada\",\"item\":\"https:\/\/gysfm.com.ar\/inicio\/\"},{\"@type\":\"ListItem\",\"position\":2,\"name\":\"La Suprema Corte de Mendoza confirm\u00f3 que Manaos deber\u00e1 pagar una indemnizaci\u00f3n de $800 millones a un exempleado\"}]},{\"@type\":\"WebSite\",\"@id\":\"https:\/\/gysfm.com.ar\/inicio\/#website\",\"url\":\"https:\/\/gysfm.com.ar\/inicio\/\",\"name\":\"GYS NOTICIAS |\",\"description\":\"DIARIO - RADIO ONLINE SAN JUAN ARGENTINA\",\"publisher\":{\"@id\":\"https:\/\/gysfm.com.ar\/inicio\/#organization\"},\"potentialAction\":[{\"@type\":\"SearchAction\",\"target\":{\"@type\":\"EntryPoint\",\"urlTemplate\":\"https:\/\/gysfm.com.ar\/inicio\/?s={search_term_string}\"},\"query-input\":{\"@type\":\"PropertyValueSpecification\",\"valueRequired\":true,\"valueName\":\"search_term_string\"}}],\"inLanguage\":\"es\"},{\"@type\":\"Organization\",\"@id\":\"https:\/\/gysfm.com.ar\/inicio\/#organization\",\"name\":\"GYS NOTICIAS |\",\"url\":\"https:\/\/gysfm.com.ar\/inicio\/\",\"logo\":{\"@type\":\"ImageObject\",\"inLanguage\":\"es\",\"@id\":\"https:\/\/gysfm.com.ar\/inicio\/#\/schema\/logo\/image\/\",\"url\":\"https:\/\/gysfm.com.ar\/inicio\/wp-content\/uploads\/2023\/07\/LOGOGYS-OK.png\",\"contentUrl\":\"https:\/\/gysfm.com.ar\/inicio\/wp-content\/uploads\/2023\/07\/LOGOGYS-OK.png\",\"width\":1170,\"height\":872,\"caption\":\"GYS NOTICIAS |\"},\"image\":{\"@id\":\"https:\/\/gysfm.com.ar\/inicio\/#\/schema\/logo\/image\/\"}},{\"@type\":\"Person\",\"@id\":\"https:\/\/gysfm.com.ar\/inicio\/#\/schema\/person\/5bedd7ecd35cc35548d89effafa23696\",\"name\":\"admin\",\"image\":{\"@type\":\"ImageObject\",\"inLanguage\":\"es\",\"@id\":\"https:\/\/gysfm.com.ar\/inicio\/#\/schema\/person\/image\/\",\"url\":\"https:\/\/secure.gravatar.com\/avatar\/c331d312b5243fb64d5ba28108a447b27c925295129a363082c9ea52c28d32c2?s=96&d=mm&r=g\",\"contentUrl\":\"https:\/\/secure.gravatar.com\/avatar\/c331d312b5243fb64d5ba28108a447b27c925295129a363082c9ea52c28d32c2?s=96&d=mm&r=g\",\"caption\":\"admin\"},\"sameAs\":[\"https:\/\/gysfm.com.ar\/inicio\"],\"url\":\"https:\/\/gysfm.com.ar\/inicio\/author\/admin\/\"}]}<\/script>\n<!-- \/ Yoast SEO plugin. -->","yoast_head_json":{"title":"La Suprema Corte de Mendoza confirm\u00f3 que Manaos deber\u00e1 pagar una indemnizaci\u00f3n de $800 millones a un exempleado - GYS NOTICIAS |","robots":{"index":"index","follow":"follow","max-snippet":"max-snippet:-1","max-image-preview":"max-image-preview:large","max-video-preview":"max-video-preview:-1"},"canonical":"https:\/\/gysfm.com.ar\/inicio\/la-suprema-corte-de-mendoza-confirmo-que-manaos-debera-pagar-una-indemnizacion-de-800-millones-a-un-exempleado\/","og_locale":"es_ES","og_type":"article","og_title":"La Suprema Corte de Mendoza confirm\u00f3 que Manaos deber\u00e1 pagar una indemnizaci\u00f3n de $800 millones a un exempleado - GYS NOTICIAS |","og_description":"La Suprema Corte de Justicia de Mendoza confirm\u00f3 una condena millonaria por irregularidades laborales contra la empresa Refres Now, fabricante de las bebidas Manaos. El m\u00e1ximo tribunal provincial determin\u00f3 que la firma incurri\u00f3 en \u201cmaniobras fraudulentas\u201d en la registraci\u00f3n de un trabajador y fij\u00f3 una indemnizaci\u00f3n final de $807 millones. El caso se inici\u00f3 a [&hellip;]","og_url":"https:\/\/gysfm.com.ar\/inicio\/la-suprema-corte-de-mendoza-confirmo-que-manaos-debera-pagar-una-indemnizacion-de-800-millones-a-un-exempleado\/","og_site_name":"GYS NOTICIAS |","article_published_time":"2026-04-21T23:39:24+00:00","article_modified_time":"2026-04-21T23:39:25+00:00","og_image":[{"width":1200,"height":800,"url":"https:\/\/gysfm.com.ar\/inicio\/wp-content\/uploads\/2026\/04\/la-suprema-corte-de-justicia-de-mendoza-confirmo-HZECTDNGLBEMHOQ3UCJMMEKPPE.jpg","type":"image\/jpeg"}],"author":"admin","twitter_card":"summary_large_image","twitter_misc":{"Escrito por":"admin","Tiempo de lectura":"4 minutos"},"schema":{"@context":"https:\/\/schema.org","@graph":[{"@type":"Article","@id":"https:\/\/gysfm.com.ar\/inicio\/la-suprema-corte-de-mendoza-confirmo-que-manaos-debera-pagar-una-indemnizacion-de-800-millones-a-un-exempleado\/#article","isPartOf":{"@id":"https:\/\/gysfm.com.ar\/inicio\/la-suprema-corte-de-mendoza-confirmo-que-manaos-debera-pagar-una-indemnizacion-de-800-millones-a-un-exempleado\/"},"author":{"name":"admin","@id":"https:\/\/gysfm.com.ar\/inicio\/#\/schema\/person\/5bedd7ecd35cc35548d89effafa23696"},"headline":"La Suprema Corte de Mendoza confirm\u00f3 que Manaos deber\u00e1 pagar una indemnizaci\u00f3n de $800 millones a un exempleado","datePublished":"2026-04-21T23:39:24+00:00","dateModified":"2026-04-21T23:39:25+00:00","mainEntityOfPage":{"@id":"https:\/\/gysfm.com.ar\/inicio\/la-suprema-corte-de-mendoza-confirmo-que-manaos-debera-pagar-una-indemnizacion-de-800-millones-a-un-exempleado\/"},"wordCount":823,"publisher":{"@id":"https:\/\/gysfm.com.ar\/inicio\/#organization"},"image":{"@id":"https:\/\/gysfm.com.ar\/inicio\/la-suprema-corte-de-mendoza-confirmo-que-manaos-debera-pagar-una-indemnizacion-de-800-millones-a-un-exempleado\/#primaryimage"},"thumbnailUrl":"https:\/\/gysfm.com.ar\/inicio\/wp-content\/uploads\/2026\/04\/la-suprema-corte-de-justicia-de-mendoza-confirmo-HZECTDNGLBEMHOQ3UCJMMEKPPE.jpg","articleSection":["ECONOMIA"],"inLanguage":"es"},{"@type":"WebPage","@id":"https:\/\/gysfm.com.ar\/inicio\/la-suprema-corte-de-mendoza-confirmo-que-manaos-debera-pagar-una-indemnizacion-de-800-millones-a-un-exempleado\/","url":"https:\/\/gysfm.com.ar\/inicio\/la-suprema-corte-de-mendoza-confirmo-que-manaos-debera-pagar-una-indemnizacion-de-800-millones-a-un-exempleado\/","name":"La Suprema Corte de Mendoza confirm\u00f3 que Manaos deber\u00e1 pagar una indemnizaci\u00f3n de $800 millones a un exempleado - GYS NOTICIAS |","isPartOf":{"@id":"https:\/\/gysfm.com.ar\/inicio\/#website"},"primaryImageOfPage":{"@id":"https:\/\/gysfm.com.ar\/inicio\/la-suprema-corte-de-mendoza-confirmo-que-manaos-debera-pagar-una-indemnizacion-de-800-millones-a-un-exempleado\/#primaryimage"},"image":{"@id":"https:\/\/gysfm.com.ar\/inicio\/la-suprema-corte-de-mendoza-confirmo-que-manaos-debera-pagar-una-indemnizacion-de-800-millones-a-un-exempleado\/#primaryimage"},"thumbnailUrl":"https:\/\/gysfm.com.ar\/inicio\/wp-content\/uploads\/2026\/04\/la-suprema-corte-de-justicia-de-mendoza-confirmo-HZECTDNGLBEMHOQ3UCJMMEKPPE.jpg","datePublished":"2026-04-21T23:39:24+00:00","dateModified":"2026-04-21T23:39:25+00:00","breadcrumb":{"@id":"https:\/\/gysfm.com.ar\/inicio\/la-suprema-corte-de-mendoza-confirmo-que-manaos-debera-pagar-una-indemnizacion-de-800-millones-a-un-exempleado\/#breadcrumb"},"inLanguage":"es","potentialAction":[{"@type":"ReadAction","target":["https:\/\/gysfm.com.ar\/inicio\/la-suprema-corte-de-mendoza-confirmo-que-manaos-debera-pagar-una-indemnizacion-de-800-millones-a-un-exempleado\/"]}]},{"@type":"ImageObject","inLanguage":"es","@id":"https:\/\/gysfm.com.ar\/inicio\/la-suprema-corte-de-mendoza-confirmo-que-manaos-debera-pagar-una-indemnizacion-de-800-millones-a-un-exempleado\/#primaryimage","url":"https:\/\/gysfm.com.ar\/inicio\/wp-content\/uploads\/2026\/04\/la-suprema-corte-de-justicia-de-mendoza-confirmo-HZECTDNGLBEMHOQ3UCJMMEKPPE.jpg","contentUrl":"https:\/\/gysfm.com.ar\/inicio\/wp-content\/uploads\/2026\/04\/la-suprema-corte-de-justicia-de-mendoza-confirmo-HZECTDNGLBEMHOQ3UCJMMEKPPE.jpg","width":1200,"height":800},{"@type":"BreadcrumbList","@id":"https:\/\/gysfm.com.ar\/inicio\/la-suprema-corte-de-mendoza-confirmo-que-manaos-debera-pagar-una-indemnizacion-de-800-millones-a-un-exempleado\/#breadcrumb","itemListElement":[{"@type":"ListItem","position":1,"name":"Portada","item":"https:\/\/gysfm.com.ar\/inicio\/"},{"@type":"ListItem","position":2,"name":"La Suprema Corte de Mendoza confirm\u00f3 que Manaos deber\u00e1 pagar una indemnizaci\u00f3n de $800 millones a un exempleado"}]},{"@type":"WebSite","@id":"https:\/\/gysfm.com.ar\/inicio\/#website","url":"https:\/\/gysfm.com.ar\/inicio\/","name":"GYS NOTICIAS |","description":"DIARIO - RADIO ONLINE SAN JUAN ARGENTINA","publisher":{"@id":"https:\/\/gysfm.com.ar\/inicio\/#organization"},"potentialAction":[{"@type":"SearchAction","target":{"@type":"EntryPoint","urlTemplate":"https:\/\/gysfm.com.ar\/inicio\/?s={search_term_string}"},"query-input":{"@type":"PropertyValueSpecification","valueRequired":true,"valueName":"search_term_string"}}],"inLanguage":"es"},{"@type":"Organization","@id":"https:\/\/gysfm.com.ar\/inicio\/#organization","name":"GYS NOTICIAS |","url":"https:\/\/gysfm.com.ar\/inicio\/","logo":{"@type":"ImageObject","inLanguage":"es","@id":"https:\/\/gysfm.com.ar\/inicio\/#\/schema\/logo\/image\/","url":"https:\/\/gysfm.com.ar\/inicio\/wp-content\/uploads\/2023\/07\/LOGOGYS-OK.png","contentUrl":"https:\/\/gysfm.com.ar\/inicio\/wp-content\/uploads\/2023\/07\/LOGOGYS-OK.png","width":1170,"height":872,"caption":"GYS NOTICIAS |"},"image":{"@id":"https:\/\/gysfm.com.ar\/inicio\/#\/schema\/logo\/image\/"}},{"@type":"Person","@id":"https:\/\/gysfm.com.ar\/inicio\/#\/schema\/person\/5bedd7ecd35cc35548d89effafa23696","name":"admin","image":{"@type":"ImageObject","inLanguage":"es","@id":"https:\/\/gysfm.com.ar\/inicio\/#\/schema\/person\/image\/","url":"https:\/\/secure.gravatar.com\/avatar\/c331d312b5243fb64d5ba28108a447b27c925295129a363082c9ea52c28d32c2?s=96&d=mm&r=g","contentUrl":"https:\/\/secure.gravatar.com\/avatar\/c331d312b5243fb64d5ba28108a447b27c925295129a363082c9ea52c28d32c2?s=96&d=mm&r=g","caption":"admin"},"sameAs":["https:\/\/gysfm.com.ar\/inicio"],"url":"https:\/\/gysfm.com.ar\/inicio\/author\/admin\/"}]}},"_links":{"self":[{"href":"https:\/\/gysfm.com.ar\/inicio\/wp-json\/wp\/v2\/posts\/192203","targetHints":{"allow":["GET"]}}],"collection":[{"href":"https:\/\/gysfm.com.ar\/inicio\/wp-json\/wp\/v2\/posts"}],"about":[{"href":"https:\/\/gysfm.com.ar\/inicio\/wp-json\/wp\/v2\/types\/post"}],"author":[{"embeddable":true,"href":"https:\/\/gysfm.com.ar\/inicio\/wp-json\/wp\/v2\/users\/1"}],"replies":[{"embeddable":true,"href":"https:\/\/gysfm.com.ar\/inicio\/wp-json\/wp\/v2\/comments?post=192203"}],"version-history":[{"count":1,"href":"https:\/\/gysfm.com.ar\/inicio\/wp-json\/wp\/v2\/posts\/192203\/revisions"}],"predecessor-version":[{"id":192205,"href":"https:\/\/gysfm.com.ar\/inicio\/wp-json\/wp\/v2\/posts\/192203\/revisions\/192205"}],"wp:featuredmedia":[{"embeddable":true,"href":"https:\/\/gysfm.com.ar\/inicio\/wp-json\/wp\/v2\/media\/192204"}],"wp:attachment":[{"href":"https:\/\/gysfm.com.ar\/inicio\/wp-json\/wp\/v2\/media?parent=192203"}],"wp:term":[{"taxonomy":"category","embeddable":true,"href":"https:\/\/gysfm.com.ar\/inicio\/wp-json\/wp\/v2\/categories?post=192203"},{"taxonomy":"post_tag","embeddable":true,"href":"https:\/\/gysfm.com.ar\/inicio\/wp-json\/wp\/v2\/tags?post=192203"}],"curies":[{"name":"wp","href":"https:\/\/api.w.org\/{rel}","templated":true}]}}