{"id":192164,"date":"2026-04-21T17:19:06","date_gmt":"2026-04-21T20:19:06","guid":{"rendered":"https:\/\/gysfm.com.ar\/inicio\/guerra-de-egos-y-poder-el-mapa-de-las-fracturas-internas-en-el-gabinete-de-javier-milei\/"},"modified":"2026-04-21T17:19:06","modified_gmt":"2026-04-21T20:19:06","slug":"guerra-de-egos-y-poder-el-mapa-de-las-fracturas-internas-en-el-gabinete-de-javier-milei","status":"publish","type":"post","link":"https:\/\/gysfm.com.ar\/inicio\/guerra-de-egos-y-poder-el-mapa-de-las-fracturas-internas-en-el-gabinete-de-javier-milei\/","title":{"rendered":"Guerra de egos y poder: el mapa de las fracturas internas en el gabinete de Javier Milei"},"content":{"rendered":"<p><\/p>\n<div id=\"article-content\">\n<p>El mundo lo vio <a target=\"_blank\" href=\"https:\/\/www.perfil.com\/noticias\/politica\/javier-milei-sorprendio-al-cantar-libre-en-los-ensayos-del-dia-de-la-independencia-de-israel.phtml\"><strong>bailando y cantando a Javier Milei<\/strong><\/a>. Asi se exhibe en escenarios internacionales, como en el caso de <strong>Israel<\/strong> este fin de semana, mientras en casa, el <strong>oficialismo<\/strong> se lastima y autoagrede en una <strong>interna feroz<\/strong>.<\/p>\n<p>No es una exageraci\u00f3n: es una <strong>din\u00e1mica<\/strong> que ya dej\u00f3 de ser ruido para convertirse en una <strong>constante<\/strong>. La pelea no es solo arriba. Es <strong>transversal<\/strong>. Por un lado, la confrontaci\u00f3n p\u00fablica entre <strong>Lilia Lemoine<\/strong> y <strong>Daniel Parisini<\/strong> expone un nivel de desorden que trasciende lo anecd\u00f3tico. No es una discusi\u00f3n ideol\u00f3gica. Es una disputa por <strong>visibilidad<\/strong>, por <strong>influencia<\/strong> y por cercan\u00eda al <strong>poder real<\/strong>. En paralelo, el <strong>n\u00facleo de tensi\u00f3n<\/strong> se da en la cima: <strong>Karina Milei<\/strong> y <strong>Santiago Caputo<\/strong> protagonizan una pulseada silenciosa pero determinante. No compiten por cargos formales, compiten por algo m\u00e1s importante: el <strong>control del acceso al Presidente<\/strong> y la definici\u00f3n de la <strong>estrategia pol\u00edtica<\/strong>.<\/p>\n<p>Esa tensi\u00f3n se proyecta hacia abajo, como para nombrar otro caso delicado, la disputa entre <strong>Federico Sturzenegger<\/strong> y <strong>Luis \u201cToto\u201d Caputo<\/strong> ya no puede leerse solo en clave t\u00e9cnica. Es <strong>poder puro<\/strong>. Es qui\u00e9n define el <strong>rumbo econ\u00f3mico<\/strong>\u2026 y qui\u00e9n administra sus costos.<\/p>\n<div class=\"subscription\">\n<p>\n        Esto no les gusta a los autoritarios\n    <\/p>\n<div class=\"subscription__container\">\n<div class=\"subscription__text-wrapper\">\n<p>\n                El ejercicio del periodismo profesional y cr\u00edtico es un pilar fundamental de la democracia. Por eso molesta a quienes creen ser los due\u00f1os de la verdad.\n            <\/p>\n<\/p><\/div><\/div>\n<\/div>\n<p>A ese mapa se suma otro frente menos visible pero igual de relevante: el conflicto permanente entre legisladores y armadores pol\u00edticos con <strong>Sebasti\u00e1n Pareja<\/strong>, encargado de ordenar o intentar ordenar un espacio que naci\u00f3 <strong>sin estructura<\/strong> y hoy paga ese <strong>pecado de origen<\/strong>.<\/p>\n<p>Y en el medio de todo eso, aparece una figura que empieza a mostrar signos de aislamiento: <strong>Manuel Adorni<\/strong>. Su rol como <strong>jefe de gabinete<\/strong> es solo apoyado por <strong>Karina<\/strong> y su grupo, en un escenario que convive con <strong>tensiones internas<\/strong> y <strong>conflictos judiciales<\/strong> que lo dejan cada vez m\u00e1s expuesto y, parad\u00f3jicamente, m\u00e1s solo dentro del <strong>esquema de poder<\/strong>.<\/p>\n<p>Este no es un gobierno en debate. Es un <strong>gobierno en disputa<\/strong>.<\/p>\n<p>Y mientras esa interna acontece, la <strong>econom\u00eda real<\/strong> queda en segundo plano. La <strong>inflaci\u00f3n<\/strong> puede desacelerarse en los n\u00fameros, pero la <strong>percepci\u00f3n social<\/strong> sigue marcada por la <strong>incertidumbre<\/strong>, la <strong>fragilidad<\/strong> y la <strong>falta de certezas<\/strong>. El pa\u00eds no est\u00e1 bien ordenado, est\u00e1 \u201c<strong>contenido<\/strong>\u201d.<\/p>\n<p>En ese contexto aparece una herramienta silenciosa para el gran p\u00fablico pero muy efectiva para el poder, como es la disputa entre <strong>gobierno<\/strong>, <strong>provincias<\/strong> y acreedores de la <strong>deuda flotante<\/strong>.<\/p>\n<p>El <strong>Gobierno nacional<\/strong> encontr\u00f3 en ella algo m\u00e1s que un recurso administrativo. Encontr\u00f3 un <strong>mecanismo de poder<\/strong>.<\/p>\n<p><strong>No pagar<\/strong>. <strong>Postergar<\/strong>. <strong>Acumular<\/strong>. No es un accidente. Es una <strong>decisi\u00f3n<\/strong>.<\/p>\n<p>Cuando la <strong>Naci\u00f3n<\/strong> dej\u00f3 de cumplir el fallo de la <strong>Corte Suprema<\/strong>, el v\u00ednculo con las <strong>provincias<\/strong> dej\u00f3 de ser coordinaci\u00f3n para convertirse en <strong>subordinaci\u00f3n<\/strong>. La <strong>deuda<\/strong> ya no es solo deuda: es <strong>palanca salvadora<\/strong>.<\/p>\n<p>Los n\u00fameros ayudan, pero no alcanzan. M\u00e1s de <strong>$5,6 billones<\/strong> en <strong>gastos devengados y no pagados<\/strong> en lo que va de <strong>2026<\/strong>. Unos <strong>4.000 millones de d\u00f3lares<\/strong>. El <strong>3,6% del presupuesto<\/strong>.<\/p>\n<p>Pero lo relevante no es el volumen. Es el <strong>mecanismo<\/strong>.<\/p>\n<p>El Gobierno no paga porque no puede\u2026 pero tambi\u00e9n porque <strong>no quiere pagar todav\u00eda<\/strong>.<\/p>\n<p>Cada <strong>peso retenido<\/strong> cumple dos funciones simult\u00e1neas.<\/p>\n<p>Primero, fortalece la <strong>narrativa econ\u00f3mica<\/strong>. No desembolsar cifras millonarias permite sostener un <strong>equilibrio fiscal<\/strong> que, en parte, es <strong>contable<\/strong>. La foto cierra\u2026  porque hay obligaciones que se corren fuera del cuadro.<\/p>\n<p>Segundo y muy importante, construye <strong>dependencia<\/strong>.<\/p>\n<p>Cuando una <strong>provincia<\/strong> acumula acreencias millonarias, deja de discutir pol\u00edtica y empieza a <strong>negociar supervivencia<\/strong>. Ya no es <strong>federalismo<\/strong>: es <strong>liquidez<\/strong>. En ese terreno, el <strong>poder cambia de manos<\/strong>. Porque hay un movimiento de reparto con <strong>manejo selectivo del grifo<\/strong>, se retienen pagos, se liberan fondos de manera <strong>quir\u00fargica<\/strong> y eso no es casual. Es <strong>estrategia<\/strong>.<\/p>\n<p>Se abre la <strong>caja<\/strong> para algunos. Se cierra para otros.<\/p>\n<p>Las <strong>provincias<\/strong> que reciben alivio no conforman un mapa fiscal, sino pol\u00edtico. <strong>Gobernadores oficialistas<\/strong>, <strong>dialoguistas<\/strong> y <strong>opositores<\/strong> conviven en ese esquema. No importa la identidad. Importa la <strong>utilidad<\/strong>.<\/p>\n<p>Claramente los <strong>recursos<\/strong> aparecen cuando los <strong>votos<\/strong> hacen falta.<\/p>\n<p>As\u00ed, el <strong>presupuesto<\/strong> deja de ser planificaci\u00f3n y se convierte en <strong>negociaci\u00f3n<\/strong>. El <strong>federalismo<\/strong> se vuelve <strong>transaccional<\/strong>.<\/p>\n<p>No hay <strong>reglas autom\u00e1ticas<\/strong>. Hay <strong>administraci\u00f3n estrat\u00e9gica<\/strong>. Y tambi\u00e9n hay <strong>castigo pol\u00edtico<\/strong>.<\/p>\n<p>Se <strong>retienen fondos<\/strong> para generar necesidad, y se <strong>liberan fondos<\/strong> para construir <strong>alineamiento<\/strong>. No es solo <strong>ajuste<\/strong>. Es <strong>arquitectura solo de poder<\/strong>.<\/p>\n<p>En paralelo, aparecen intentos aislados de discutir lo estructural, como los planteos de <strong>Rogelio Frigerio<\/strong> sobre <strong>coparticipaci\u00f3n<\/strong> y <strong>orden fiscal<\/strong>. Pero esa discusi\u00f3n queda subordinada a la <strong>urgencia<\/strong>.<\/p>\n<p>Porque cuando hay que pagar sueldos o sostener servicios, no hay teor\u00eda que valga. Se negocia y esa <strong>negociaci\u00f3n desigual<\/strong>, el <strong>Gobierno<\/strong> deja de ser coordinador para convertirse en el <strong>centro del sistema<\/strong>. No confronta administrar el <strong>flujo<\/strong>. El <strong>ajuste<\/strong> ya no es solo un <strong>programa econ\u00f3mico<\/strong>. Es una <strong>herramienta de ordenamiento pol\u00edtico<\/strong>. Mientras arriba se pelean por poder, influencia y cargos, abajo se redefine algo mucho m\u00e1s profundo.<\/p>\n<p class=\"destacadoNota\"><a target=\"_blank\" href=\"https:\/\/www.perfil.com\/noticias\/politica\/new-york-times-milei-quiere-reprogramar-mente-argentinos.phtml\">Para el New York Times, Milei quiere \u00abreprogramar la mente de los argentinos\u00bb<\/a><\/p>\n<p>Asistimos asi a una verdadera <strong>reconfiguraci\u00f3n del federalismo<\/strong> por <strong>v\u00eda financiera<\/strong>.<\/p>\n<p>Cuando la <strong>pol\u00edtica<\/strong> se financia con <strong>dependencia<\/strong>, el <strong>federalismo<\/strong> deja de ser un sistema, se convierte en una <strong>concesi\u00f3n<\/strong>.<\/p>\n<p>MV CP<\/p>\n<\/p><\/div>\n<p><script>\n                !function(f,b,e,v,n,t,s)\n                {if(f.fbq)return;n=f.fbq=function(){n.callMethod?\n                    n.callMethod.apply(n,arguments):n.queue.push(arguments)};\n                    if(!f._fbq)f._fbq=n;n.push=n;n.loaded=!0;n.version='2.0';\n                    n.queue=[];t=b.createElement(e);t.async=!0;\n                    t.src=v;s=b.getElementsByTagName(e)[0];\n                    s.parentNode.insertBefore(t,s)}(window, document,'script',\n                    'https:\/\/connect.facebook.net\/en_US\/fbevents.js');\n                window.paywallConfig.facebook_pixel=\"1000228364089342\"\n            <\/script><\/p>\n","protected":false},"excerpt":{"rendered":"<p>El mundo lo vio bailando y cantando a Javier Milei. Asi se exhibe en escenarios internacionales, como en el caso de Israel este fin de semana, mientras en casa, el oficialismo se lastima y autoagrede en una interna feroz. No es una exageraci\u00f3n: es una din\u00e1mica que ya dej\u00f3 de ser ruido para convertirse en [&hellip;]<\/p>\n","protected":false},"author":2,"featured_media":192165,"comment_status":"closed","ping_status":"closed","sticky":false,"template":"","format":"standard","meta":{"footnotes":""},"categories":[25],"tags":[],"class_list":["post-192164","post","type-post","status-publish","format-standard","has-post-thumbnail","hentry","category-nacionales"],"yoast_head":"<!-- This site is optimized with the Yoast SEO plugin v24.4 - https:\/\/yoast.com\/wordpress\/plugins\/seo\/ -->\n<title>Guerra de egos y poder: el mapa de las fracturas internas en el gabinete de Javier Milei - GYS NOTICIAS |<\/title>\n<meta name=\"robots\" content=\"index, follow, max-snippet:-1, max-image-preview:large, max-video-preview:-1\" \/>\n<link rel=\"canonical\" href=\"https:\/\/gysfm.com.ar\/inicio\/guerra-de-egos-y-poder-el-mapa-de-las-fracturas-internas-en-el-gabinete-de-javier-milei\/\" \/>\n<meta property=\"og:locale\" content=\"es_ES\" \/>\n<meta property=\"og:type\" content=\"article\" \/>\n<meta property=\"og:title\" content=\"Guerra de egos y poder: el mapa de las fracturas internas en el gabinete de Javier Milei - GYS NOTICIAS |\" \/>\n<meta property=\"og:description\" content=\"El mundo lo vio bailando y cantando a Javier Milei. Asi se exhibe en escenarios internacionales, como en el caso de Israel este fin de semana, mientras en casa, el oficialismo se lastima y autoagrede en una interna feroz. No es una exageraci\u00f3n: es una din\u00e1mica que ya dej\u00f3 de ser ruido para convertirse en [&hellip;]\" \/>\n<meta property=\"og:url\" content=\"https:\/\/gysfm.com.ar\/inicio\/guerra-de-egos-y-poder-el-mapa-de-las-fracturas-internas-en-el-gabinete-de-javier-milei\/\" \/>\n<meta property=\"og:site_name\" content=\"GYS NOTICIAS |\" \/>\n<meta property=\"article:published_time\" content=\"2026-04-21T20:19:06+00:00\" \/>\n<meta name=\"author\" content=\"Prensa G&amp;S FM\" \/>\n<meta name=\"twitter:card\" content=\"summary_large_image\" \/>\n<meta name=\"twitter:label1\" content=\"Escrito por\" \/>\n\t<meta name=\"twitter:data1\" content=\"Prensa G&amp;S FM\" \/>\n\t<meta name=\"twitter:label2\" content=\"Tiempo de lectura\" \/>\n\t<meta name=\"twitter:data2\" content=\"5 minutos\" \/>\n<script type=\"application\/ld+json\" class=\"yoast-schema-graph\">{\"@context\":\"https:\/\/schema.org\",\"@graph\":[{\"@type\":\"Article\",\"@id\":\"https:\/\/gysfm.com.ar\/inicio\/guerra-de-egos-y-poder-el-mapa-de-las-fracturas-internas-en-el-gabinete-de-javier-milei\/#article\",\"isPartOf\":{\"@id\":\"https:\/\/gysfm.com.ar\/inicio\/guerra-de-egos-y-poder-el-mapa-de-las-fracturas-internas-en-el-gabinete-de-javier-milei\/\"},\"author\":{\"name\":\"Prensa G&amp;S FM\",\"@id\":\"https:\/\/gysfm.com.ar\/inicio\/#\/schema\/person\/3abba7593ef2ad19e1be221d54383dc5\"},\"headline\":\"Guerra de egos y poder: el mapa de las fracturas internas en el gabinete de Javier Milei\",\"datePublished\":\"2026-04-21T20:19:06+00:00\",\"mainEntityOfPage\":{\"@id\":\"https:\/\/gysfm.com.ar\/inicio\/guerra-de-egos-y-poder-el-mapa-de-las-fracturas-internas-en-el-gabinete-de-javier-milei\/\"},\"wordCount\":949,\"publisher\":{\"@id\":\"https:\/\/gysfm.com.ar\/inicio\/#organization\"},\"image\":{\"@id\":\"https:\/\/gysfm.com.ar\/inicio\/guerra-de-egos-y-poder-el-mapa-de-las-fracturas-internas-en-el-gabinete-de-javier-milei\/#primaryimage\"},\"thumbnailUrl\":\"https:\/\/gysfm.com.ar\/inicio\/wp-content\/uploads\/2026\/04\/la-interna-y-el-ecosistema-de-poder-de-la-libertad-avanza-2224236.jpg\",\"articleSection\":[\"NACIONALES\"],\"inLanguage\":\"es\"},{\"@type\":\"WebPage\",\"@id\":\"https:\/\/gysfm.com.ar\/inicio\/guerra-de-egos-y-poder-el-mapa-de-las-fracturas-internas-en-el-gabinete-de-javier-milei\/\",\"url\":\"https:\/\/gysfm.com.ar\/inicio\/guerra-de-egos-y-poder-el-mapa-de-las-fracturas-internas-en-el-gabinete-de-javier-milei\/\",\"name\":\"Guerra de egos y poder: el mapa de las fracturas internas en el gabinete de Javier Milei - GYS NOTICIAS |\",\"isPartOf\":{\"@id\":\"https:\/\/gysfm.com.ar\/inicio\/#website\"},\"primaryImageOfPage\":{\"@id\":\"https:\/\/gysfm.com.ar\/inicio\/guerra-de-egos-y-poder-el-mapa-de-las-fracturas-internas-en-el-gabinete-de-javier-milei\/#primaryimage\"},\"image\":{\"@id\":\"https:\/\/gysfm.com.ar\/inicio\/guerra-de-egos-y-poder-el-mapa-de-las-fracturas-internas-en-el-gabinete-de-javier-milei\/#primaryimage\"},\"thumbnailUrl\":\"https:\/\/gysfm.com.ar\/inicio\/wp-content\/uploads\/2026\/04\/la-interna-y-el-ecosistema-de-poder-de-la-libertad-avanza-2224236.jpg\",\"datePublished\":\"2026-04-21T20:19:06+00:00\",\"breadcrumb\":{\"@id\":\"https:\/\/gysfm.com.ar\/inicio\/guerra-de-egos-y-poder-el-mapa-de-las-fracturas-internas-en-el-gabinete-de-javier-milei\/#breadcrumb\"},\"inLanguage\":\"es\",\"potentialAction\":[{\"@type\":\"ReadAction\",\"target\":[\"https:\/\/gysfm.com.ar\/inicio\/guerra-de-egos-y-poder-el-mapa-de-las-fracturas-internas-en-el-gabinete-de-javier-milei\/\"]}]},{\"@type\":\"ImageObject\",\"inLanguage\":\"es\",\"@id\":\"https:\/\/gysfm.com.ar\/inicio\/guerra-de-egos-y-poder-el-mapa-de-las-fracturas-internas-en-el-gabinete-de-javier-milei\/#primaryimage\",\"url\":\"https:\/\/gysfm.com.ar\/inicio\/wp-content\/uploads\/2026\/04\/la-interna-y-el-ecosistema-de-poder-de-la-libertad-avanza-2224236.jpg\",\"contentUrl\":\"https:\/\/gysfm.com.ar\/inicio\/wp-content\/uploads\/2026\/04\/la-interna-y-el-ecosistema-de-poder-de-la-libertad-avanza-2224236.jpg\",\"width\":1140,\"height\":641},{\"@type\":\"BreadcrumbList\",\"@id\":\"https:\/\/gysfm.com.ar\/inicio\/guerra-de-egos-y-poder-el-mapa-de-las-fracturas-internas-en-el-gabinete-de-javier-milei\/#breadcrumb\",\"itemListElement\":[{\"@type\":\"ListItem\",\"position\":1,\"name\":\"Portada\",\"item\":\"https:\/\/gysfm.com.ar\/inicio\/\"},{\"@type\":\"ListItem\",\"position\":2,\"name\":\"Guerra de egos y poder: el mapa de las fracturas internas en el gabinete de Javier Milei\"}]},{\"@type\":\"WebSite\",\"@id\":\"https:\/\/gysfm.com.ar\/inicio\/#website\",\"url\":\"https:\/\/gysfm.com.ar\/inicio\/\",\"name\":\"GYS NOTICIAS |\",\"description\":\"DIARIO - RADIO ONLINE SAN JUAN ARGENTINA\",\"publisher\":{\"@id\":\"https:\/\/gysfm.com.ar\/inicio\/#organization\"},\"potentialAction\":[{\"@type\":\"SearchAction\",\"target\":{\"@type\":\"EntryPoint\",\"urlTemplate\":\"https:\/\/gysfm.com.ar\/inicio\/?s={search_term_string}\"},\"query-input\":{\"@type\":\"PropertyValueSpecification\",\"valueRequired\":true,\"valueName\":\"search_term_string\"}}],\"inLanguage\":\"es\"},{\"@type\":\"Organization\",\"@id\":\"https:\/\/gysfm.com.ar\/inicio\/#organization\",\"name\":\"GYS NOTICIAS |\",\"url\":\"https:\/\/gysfm.com.ar\/inicio\/\",\"logo\":{\"@type\":\"ImageObject\",\"inLanguage\":\"es\",\"@id\":\"https:\/\/gysfm.com.ar\/inicio\/#\/schema\/logo\/image\/\",\"url\":\"https:\/\/gysfm.com.ar\/inicio\/wp-content\/uploads\/2023\/07\/LOGOGYS-OK.png\",\"contentUrl\":\"https:\/\/gysfm.com.ar\/inicio\/wp-content\/uploads\/2023\/07\/LOGOGYS-OK.png\",\"width\":1170,\"height\":872,\"caption\":\"GYS NOTICIAS |\"},\"image\":{\"@id\":\"https:\/\/gysfm.com.ar\/inicio\/#\/schema\/logo\/image\/\"}},{\"@type\":\"Person\",\"@id\":\"https:\/\/gysfm.com.ar\/inicio\/#\/schema\/person\/3abba7593ef2ad19e1be221d54383dc5\",\"name\":\"Prensa G&amp;S FM\",\"image\":{\"@type\":\"ImageObject\",\"inLanguage\":\"es\",\"@id\":\"https:\/\/gysfm.com.ar\/inicio\/#\/schema\/person\/image\/\",\"url\":\"https:\/\/secure.gravatar.com\/avatar\/096ec78df02049ab018702bb4ccedf659377fa92a26540b5247612077a0dbd29?s=96&d=mm&r=g\",\"contentUrl\":\"https:\/\/secure.gravatar.com\/avatar\/096ec78df02049ab018702bb4ccedf659377fa92a26540b5247612077a0dbd29?s=96&d=mm&r=g\",\"caption\":\"Prensa G&amp;S FM\"},\"sameAs\":[\"https:\/\/gysfm.com.ar\/\"],\"url\":\"https:\/\/gysfm.com.ar\/inicio\/author\/lucasm\/\"}]}<\/script>\n<!-- \/ Yoast SEO plugin. -->","yoast_head_json":{"title":"Guerra de egos y poder: el mapa de las fracturas internas en el gabinete de Javier Milei - GYS NOTICIAS |","robots":{"index":"index","follow":"follow","max-snippet":"max-snippet:-1","max-image-preview":"max-image-preview:large","max-video-preview":"max-video-preview:-1"},"canonical":"https:\/\/gysfm.com.ar\/inicio\/guerra-de-egos-y-poder-el-mapa-de-las-fracturas-internas-en-el-gabinete-de-javier-milei\/","og_locale":"es_ES","og_type":"article","og_title":"Guerra de egos y poder: el mapa de las fracturas internas en el gabinete de Javier Milei - GYS NOTICIAS |","og_description":"El mundo lo vio bailando y cantando a Javier Milei. Asi se exhibe en escenarios internacionales, como en el caso de Israel este fin de semana, mientras en casa, el oficialismo se lastima y autoagrede en una interna feroz. No es una exageraci\u00f3n: es una din\u00e1mica que ya dej\u00f3 de ser ruido para convertirse en [&hellip;]","og_url":"https:\/\/gysfm.com.ar\/inicio\/guerra-de-egos-y-poder-el-mapa-de-las-fracturas-internas-en-el-gabinete-de-javier-milei\/","og_site_name":"GYS NOTICIAS |","article_published_time":"2026-04-21T20:19:06+00:00","author":"Prensa G&amp;S FM","twitter_card":"summary_large_image","twitter_misc":{"Escrito por":"Prensa G&amp;S FM","Tiempo de lectura":"5 minutos"},"schema":{"@context":"https:\/\/schema.org","@graph":[{"@type":"Article","@id":"https:\/\/gysfm.com.ar\/inicio\/guerra-de-egos-y-poder-el-mapa-de-las-fracturas-internas-en-el-gabinete-de-javier-milei\/#article","isPartOf":{"@id":"https:\/\/gysfm.com.ar\/inicio\/guerra-de-egos-y-poder-el-mapa-de-las-fracturas-internas-en-el-gabinete-de-javier-milei\/"},"author":{"name":"Prensa G&amp;S FM","@id":"https:\/\/gysfm.com.ar\/inicio\/#\/schema\/person\/3abba7593ef2ad19e1be221d54383dc5"},"headline":"Guerra de egos y poder: el mapa de las fracturas internas en el gabinete de Javier Milei","datePublished":"2026-04-21T20:19:06+00:00","mainEntityOfPage":{"@id":"https:\/\/gysfm.com.ar\/inicio\/guerra-de-egos-y-poder-el-mapa-de-las-fracturas-internas-en-el-gabinete-de-javier-milei\/"},"wordCount":949,"publisher":{"@id":"https:\/\/gysfm.com.ar\/inicio\/#organization"},"image":{"@id":"https:\/\/gysfm.com.ar\/inicio\/guerra-de-egos-y-poder-el-mapa-de-las-fracturas-internas-en-el-gabinete-de-javier-milei\/#primaryimage"},"thumbnailUrl":"https:\/\/gysfm.com.ar\/inicio\/wp-content\/uploads\/2026\/04\/la-interna-y-el-ecosistema-de-poder-de-la-libertad-avanza-2224236.jpg","articleSection":["NACIONALES"],"inLanguage":"es"},{"@type":"WebPage","@id":"https:\/\/gysfm.com.ar\/inicio\/guerra-de-egos-y-poder-el-mapa-de-las-fracturas-internas-en-el-gabinete-de-javier-milei\/","url":"https:\/\/gysfm.com.ar\/inicio\/guerra-de-egos-y-poder-el-mapa-de-las-fracturas-internas-en-el-gabinete-de-javier-milei\/","name":"Guerra de egos y poder: el mapa de las fracturas internas en el gabinete de Javier Milei - GYS NOTICIAS |","isPartOf":{"@id":"https:\/\/gysfm.com.ar\/inicio\/#website"},"primaryImageOfPage":{"@id":"https:\/\/gysfm.com.ar\/inicio\/guerra-de-egos-y-poder-el-mapa-de-las-fracturas-internas-en-el-gabinete-de-javier-milei\/#primaryimage"},"image":{"@id":"https:\/\/gysfm.com.ar\/inicio\/guerra-de-egos-y-poder-el-mapa-de-las-fracturas-internas-en-el-gabinete-de-javier-milei\/#primaryimage"},"thumbnailUrl":"https:\/\/gysfm.com.ar\/inicio\/wp-content\/uploads\/2026\/04\/la-interna-y-el-ecosistema-de-poder-de-la-libertad-avanza-2224236.jpg","datePublished":"2026-04-21T20:19:06+00:00","breadcrumb":{"@id":"https:\/\/gysfm.com.ar\/inicio\/guerra-de-egos-y-poder-el-mapa-de-las-fracturas-internas-en-el-gabinete-de-javier-milei\/#breadcrumb"},"inLanguage":"es","potentialAction":[{"@type":"ReadAction","target":["https:\/\/gysfm.com.ar\/inicio\/guerra-de-egos-y-poder-el-mapa-de-las-fracturas-internas-en-el-gabinete-de-javier-milei\/"]}]},{"@type":"ImageObject","inLanguage":"es","@id":"https:\/\/gysfm.com.ar\/inicio\/guerra-de-egos-y-poder-el-mapa-de-las-fracturas-internas-en-el-gabinete-de-javier-milei\/#primaryimage","url":"https:\/\/gysfm.com.ar\/inicio\/wp-content\/uploads\/2026\/04\/la-interna-y-el-ecosistema-de-poder-de-la-libertad-avanza-2224236.jpg","contentUrl":"https:\/\/gysfm.com.ar\/inicio\/wp-content\/uploads\/2026\/04\/la-interna-y-el-ecosistema-de-poder-de-la-libertad-avanza-2224236.jpg","width":1140,"height":641},{"@type":"BreadcrumbList","@id":"https:\/\/gysfm.com.ar\/inicio\/guerra-de-egos-y-poder-el-mapa-de-las-fracturas-internas-en-el-gabinete-de-javier-milei\/#breadcrumb","itemListElement":[{"@type":"ListItem","position":1,"name":"Portada","item":"https:\/\/gysfm.com.ar\/inicio\/"},{"@type":"ListItem","position":2,"name":"Guerra de egos y poder: el mapa de las fracturas internas en el gabinete de Javier Milei"}]},{"@type":"WebSite","@id":"https:\/\/gysfm.com.ar\/inicio\/#website","url":"https:\/\/gysfm.com.ar\/inicio\/","name":"GYS NOTICIAS |","description":"DIARIO - RADIO ONLINE SAN JUAN ARGENTINA","publisher":{"@id":"https:\/\/gysfm.com.ar\/inicio\/#organization"},"potentialAction":[{"@type":"SearchAction","target":{"@type":"EntryPoint","urlTemplate":"https:\/\/gysfm.com.ar\/inicio\/?s={search_term_string}"},"query-input":{"@type":"PropertyValueSpecification","valueRequired":true,"valueName":"search_term_string"}}],"inLanguage":"es"},{"@type":"Organization","@id":"https:\/\/gysfm.com.ar\/inicio\/#organization","name":"GYS NOTICIAS |","url":"https:\/\/gysfm.com.ar\/inicio\/","logo":{"@type":"ImageObject","inLanguage":"es","@id":"https:\/\/gysfm.com.ar\/inicio\/#\/schema\/logo\/image\/","url":"https:\/\/gysfm.com.ar\/inicio\/wp-content\/uploads\/2023\/07\/LOGOGYS-OK.png","contentUrl":"https:\/\/gysfm.com.ar\/inicio\/wp-content\/uploads\/2023\/07\/LOGOGYS-OK.png","width":1170,"height":872,"caption":"GYS NOTICIAS |"},"image":{"@id":"https:\/\/gysfm.com.ar\/inicio\/#\/schema\/logo\/image\/"}},{"@type":"Person","@id":"https:\/\/gysfm.com.ar\/inicio\/#\/schema\/person\/3abba7593ef2ad19e1be221d54383dc5","name":"Prensa G&amp;S FM","image":{"@type":"ImageObject","inLanguage":"es","@id":"https:\/\/gysfm.com.ar\/inicio\/#\/schema\/person\/image\/","url":"https:\/\/secure.gravatar.com\/avatar\/096ec78df02049ab018702bb4ccedf659377fa92a26540b5247612077a0dbd29?s=96&d=mm&r=g","contentUrl":"https:\/\/secure.gravatar.com\/avatar\/096ec78df02049ab018702bb4ccedf659377fa92a26540b5247612077a0dbd29?s=96&d=mm&r=g","caption":"Prensa G&amp;S FM"},"sameAs":["https:\/\/gysfm.com.ar\/"],"url":"https:\/\/gysfm.com.ar\/inicio\/author\/lucasm\/"}]}},"_links":{"self":[{"href":"https:\/\/gysfm.com.ar\/inicio\/wp-json\/wp\/v2\/posts\/192164","targetHints":{"allow":["GET"]}}],"collection":[{"href":"https:\/\/gysfm.com.ar\/inicio\/wp-json\/wp\/v2\/posts"}],"about":[{"href":"https:\/\/gysfm.com.ar\/inicio\/wp-json\/wp\/v2\/types\/post"}],"author":[{"embeddable":true,"href":"https:\/\/gysfm.com.ar\/inicio\/wp-json\/wp\/v2\/users\/2"}],"replies":[{"embeddable":true,"href":"https:\/\/gysfm.com.ar\/inicio\/wp-json\/wp\/v2\/comments?post=192164"}],"version-history":[{"count":0,"href":"https:\/\/gysfm.com.ar\/inicio\/wp-json\/wp\/v2\/posts\/192164\/revisions"}],"wp:featuredmedia":[{"embeddable":true,"href":"https:\/\/gysfm.com.ar\/inicio\/wp-json\/wp\/v2\/media\/192165"}],"wp:attachment":[{"href":"https:\/\/gysfm.com.ar\/inicio\/wp-json\/wp\/v2\/media?parent=192164"}],"wp:term":[{"taxonomy":"category","embeddable":true,"href":"https:\/\/gysfm.com.ar\/inicio\/wp-json\/wp\/v2\/categories?post=192164"},{"taxonomy":"post_tag","embeddable":true,"href":"https:\/\/gysfm.com.ar\/inicio\/wp-json\/wp\/v2\/tags?post=192164"}],"curies":[{"name":"wp","href":"https:\/\/api.w.org\/{rel}","templated":true}]}}