{"id":192162,"date":"2026-04-21T16:48:15","date_gmt":"2026-04-21T19:48:15","guid":{"rendered":"https:\/\/gysfm.com.ar\/inicio\/milei-recibio-la-medalla-presidencial-de-honor-que-hara-en-su-ultimo-dia-en-israel\/"},"modified":"2026-04-21T16:48:15","modified_gmt":"2026-04-21T19:48:15","slug":"milei-recibio-la-medalla-presidencial-de-honor-que-hara-en-su-ultimo-dia-en-israel","status":"publish","type":"post","link":"https:\/\/gysfm.com.ar\/inicio\/milei-recibio-la-medalla-presidencial-de-honor-que-hara-en-su-ultimo-dia-en-israel\/","title":{"rendered":"Milei recibi\u00f3 la Medalla Presidencial de Honor: qu\u00e9 har\u00e1 en su \u00faltimo d\u00eda en Israel"},"content":{"rendered":"<p><\/p>\n<div id=\"article-content\">\n<p>El presidente <a target=\"_blank\" href=\"https:\/\/https:\/\/www.perfil.com\/noticias\/actualidad\/milei-llego-a-israel-y-su-primera-actividad-fue-la-visita-al-muro-de-los-lamentos-en-jerusalen.phtml\"><strong>Javier Milei<\/strong><\/a> recibi\u00f3 la Medalla Presidencial del Honor de Israel de manos de su par <strong>Isaac Herzog<\/strong>, en una ceremonia en la que el mandatario israel\u00ed destac\u00f3 que la distinci\u00f3n constituye un s\u00edmbolo de gratitud por la \u201cclaridad moral\u201d del jefe de Estado argentino, as\u00ed como por la \u201chumanidad, valores y visi\u00f3n compartida por un futuro mejor\u201d entre ambos pa\u00edses.<\/p>\n<p>Durante el acto, que cont\u00f3 con la presencia de m\u00e1s de un centenar de asistentes, Herzog afirm\u00f3: \u201ctu mensaje traspas\u00f3 fronteras y reson\u00f3 a trav\u00e9s de las generaciones: <strong>un mensaje de moralidad, de humanidad<\/strong>, de alinear la br\u00fajula moral de cada uno, de reconocer la profundidad del dolor y de ofrecer consuelo\u201d.<\/p>\n<p class=\"destacadoNota\"><a target=\"_blank\" href=\"https:\/\/www.perfil.com\/noticias\/politica\/en-israel-milei-dijo-que-con-determinadas-culturas-no-se-puede-convivir.phtml\">En Israel, Milei atac\u00f3 al periodismo y dijo que con \u201cdeterminadas culturas\u201d no se puede \u201cconvivir\u201d<\/a><\/p>\n<div class=\"subscription\">\n<p>\n        Esto no les gusta a los autoritarios\n    <\/p>\n<div class=\"subscription__container\">\n<div class=\"subscription__text-wrapper\">\n<p>\n                El ejercicio del periodismo profesional y cr\u00edtico es un pilar fundamental de la democracia. Por eso molesta a quienes creen ser los due\u00f1os de la verdad.\n            <\/p>\n<\/p><\/div><\/div>\n<\/div>\n<p>Entre los asistentes se encontraban autoridades gubernamentales, como el ministro de Exteriores de Israel, <strong>Gideon Sa&#8217;ar<\/strong>; representantes diplom\u00e1ticos, entre ellos el embajador argentino en Israel, <strong>Axel Wahnish<\/strong>; y ciudadanos argentinos residentes en ese pa\u00eds, como <strong>Luis Har <\/strong>y <strong>Clara Marman<\/strong>, quienes hab\u00edan sido rehenes en Gaza.<\/p>\n<p>Durante su intervenci\u00f3n, el presidente israel\u00ed Isaac Herzog subray\u00f3 que se trata de la tercera visita de Javier Milei a Israel y vincul\u00f3 ese dato con la tradici\u00f3n jud\u00eda. \u201cLa tercera vez que llevas a cabo una pr\u00e1ctica se llama \u2018jazakah\u2019, y la \u2018jazakah\u2019 pone punto final a un momento que ahora se convierte en algo duradero, permanente. Y, de hecho, querido hermano, no hay duda de que tu lugar en nuestro coraz\u00f3n colectivo jud\u00edo e israel\u00ed es permanente\u201d, afirm\u00f3.<\/p>\n<p class=\"destacadoNota\"><a target=\"_blank\" href=\"https:\/\/https:\/\/www.perfil.com\/noticias\/politica\/milei-firmo-tres-memorandos-de-entendimiento-con-israel-y-sostuvo-que-la-guerra-contra-iran-es-lo-correcto.phtml\">Milei firm\u00f3 tres memorandos de entendimiento con Israel y sostuvo que la guerra contra Ir\u00e1n es \u00ablo correcto\u00bb<\/a><\/p>\n<h2><strong>La sgenda de Milei este martes en Israel<\/strong><\/h2>\n<p>La \u00faltima jornada completa del presidente Javier Milei en Israel se desarrollar\u00e1 el martes, con una agenda que comenzar\u00e1 a las 10.30 (hora local) con un encuentro con rabinos. Por la tarde, a las 16, el mandatario visitar\u00e1 la Iglesia del Santo Sepulcro.<\/p>\n<p>En tanto, a partir de las 21, Milei participar\u00e1 en el encendido de antorchas en el Monte Herzl, en el marco de la <strong>ceremonia oficial por el D\u00eda de la Independencia<\/strong> de Israel, que este a\u00f1o conmemora su 78\u00b0 aniversario.<\/p>\n<p>LT<\/p>\n<\/p><\/div>\n<p><script>\n                !function(f,b,e,v,n,t,s)\n                {if(f.fbq)return;n=f.fbq=function(){n.callMethod?\n                    n.callMethod.apply(n,arguments):n.queue.push(arguments)};\n                    if(!f._fbq)f._fbq=n;n.push=n;n.loaded=!0;n.version='2.0';\n                    n.queue=[];t=b.createElement(e);t.async=!0;\n                    t.src=v;s=b.getElementsByTagName(e)[0];\n                    s.parentNode.insertBefore(t,s)}(window, document,'script',\n                    'https:\/\/connect.facebook.net\/en_US\/fbevents.js');\n                window.paywallConfig.facebook_pixel=\"1000228364089342\"\n            <\/script><\/p>\n","protected":false},"excerpt":{"rendered":"<p>El presidente Javier Milei recibi\u00f3 la Medalla Presidencial del Honor de Israel de manos de su par Isaac Herzog, en una ceremonia en la que el mandatario israel\u00ed destac\u00f3 que la distinci\u00f3n constituye un s\u00edmbolo de gratitud por la \u201cclaridad moral\u201d del jefe de Estado argentino, as\u00ed como por la \u201chumanidad, valores y visi\u00f3n compartida [&hellip;]<\/p>\n","protected":false},"author":2,"featured_media":192163,"comment_status":"closed","ping_status":"closed","sticky":false,"template":"","format":"standard","meta":{"footnotes":""},"categories":[25],"tags":[],"class_list":["post-192162","post","type-post","status-publish","format-standard","has-post-thumbnail","hentry","category-nacionales"],"yoast_head":"<!-- This site is optimized with the Yoast SEO plugin v24.4 - https:\/\/yoast.com\/wordpress\/plugins\/seo\/ -->\n<title>Milei recibi\u00f3 la Medalla Presidencial de Honor: qu\u00e9 har\u00e1 en su \u00faltimo d\u00eda en Israel - GYS NOTICIAS |<\/title>\n<meta name=\"robots\" content=\"index, follow, max-snippet:-1, max-image-preview:large, max-video-preview:-1\" \/>\n<link rel=\"canonical\" href=\"https:\/\/gysfm.com.ar\/inicio\/milei-recibio-la-medalla-presidencial-de-honor-que-hara-en-su-ultimo-dia-en-israel\/\" \/>\n<meta property=\"og:locale\" content=\"es_ES\" \/>\n<meta property=\"og:type\" content=\"article\" \/>\n<meta property=\"og:title\" content=\"Milei recibi\u00f3 la Medalla Presidencial de Honor: qu\u00e9 har\u00e1 en su \u00faltimo d\u00eda en Israel - GYS NOTICIAS |\" \/>\n<meta property=\"og:description\" content=\"El presidente Javier Milei recibi\u00f3 la Medalla Presidencial del Honor de Israel de manos de su par Isaac Herzog, en una ceremonia en la que el mandatario israel\u00ed destac\u00f3 que la distinci\u00f3n constituye un s\u00edmbolo de gratitud por la \u201cclaridad moral\u201d del jefe de Estado argentino, as\u00ed como por la \u201chumanidad, valores y visi\u00f3n compartida [&hellip;]\" \/>\n<meta property=\"og:url\" content=\"https:\/\/gysfm.com.ar\/inicio\/milei-recibio-la-medalla-presidencial-de-honor-que-hara-en-su-ultimo-dia-en-israel\/\" \/>\n<meta property=\"og:site_name\" content=\"GYS NOTICIAS |\" \/>\n<meta property=\"article:published_time\" content=\"2026-04-21T19:48:15+00:00\" \/>\n<meta name=\"author\" content=\"Prensa G&amp;S FM\" \/>\n<meta name=\"twitter:card\" content=\"summary_large_image\" \/>\n<meta name=\"twitter:label1\" content=\"Escrito por\" \/>\n\t<meta name=\"twitter:data1\" content=\"Prensa G&amp;S FM\" \/>\n\t<meta name=\"twitter:label2\" content=\"Tiempo de lectura\" \/>\n\t<meta name=\"twitter:data2\" content=\"2 minutos\" \/>\n<script type=\"application\/ld+json\" class=\"yoast-schema-graph\">{\"@context\":\"https:\/\/schema.org\",\"@graph\":[{\"@type\":\"Article\",\"@id\":\"https:\/\/gysfm.com.ar\/inicio\/milei-recibio-la-medalla-presidencial-de-honor-que-hara-en-su-ultimo-dia-en-israel\/#article\",\"isPartOf\":{\"@id\":\"https:\/\/gysfm.com.ar\/inicio\/milei-recibio-la-medalla-presidencial-de-honor-que-hara-en-su-ultimo-dia-en-israel\/\"},\"author\":{\"name\":\"Prensa G&amp;S FM\",\"@id\":\"https:\/\/gysfm.com.ar\/inicio\/#\/schema\/person\/3abba7593ef2ad19e1be221d54383dc5\"},\"headline\":\"Milei recibi\u00f3 la Medalla Presidencial de Honor: qu\u00e9 har\u00e1 en su \u00faltimo d\u00eda en Israel\",\"datePublished\":\"2026-04-21T19:48:15+00:00\",\"mainEntityOfPage\":{\"@id\":\"https:\/\/gysfm.com.ar\/inicio\/milei-recibio-la-medalla-presidencial-de-honor-que-hara-en-su-ultimo-dia-en-israel\/\"},\"wordCount\":433,\"publisher\":{\"@id\":\"https:\/\/gysfm.com.ar\/inicio\/#organization\"},\"image\":{\"@id\":\"https:\/\/gysfm.com.ar\/inicio\/milei-recibio-la-medalla-presidencial-de-honor-que-hara-en-su-ultimo-dia-en-israel\/#primaryimage\"},\"thumbnailUrl\":\"https:\/\/gysfm.com.ar\/inicio\/wp-content\/uploads\/2026\/04\/milei-en-israel-2224527.jpg\",\"articleSection\":[\"NACIONALES\"],\"inLanguage\":\"es\"},{\"@type\":\"WebPage\",\"@id\":\"https:\/\/gysfm.com.ar\/inicio\/milei-recibio-la-medalla-presidencial-de-honor-que-hara-en-su-ultimo-dia-en-israel\/\",\"url\":\"https:\/\/gysfm.com.ar\/inicio\/milei-recibio-la-medalla-presidencial-de-honor-que-hara-en-su-ultimo-dia-en-israel\/\",\"name\":\"Milei recibi\u00f3 la Medalla Presidencial de Honor: qu\u00e9 har\u00e1 en su \u00faltimo d\u00eda en Israel - GYS NOTICIAS |\",\"isPartOf\":{\"@id\":\"https:\/\/gysfm.com.ar\/inicio\/#website\"},\"primaryImageOfPage\":{\"@id\":\"https:\/\/gysfm.com.ar\/inicio\/milei-recibio-la-medalla-presidencial-de-honor-que-hara-en-su-ultimo-dia-en-israel\/#primaryimage\"},\"image\":{\"@id\":\"https:\/\/gysfm.com.ar\/inicio\/milei-recibio-la-medalla-presidencial-de-honor-que-hara-en-su-ultimo-dia-en-israel\/#primaryimage\"},\"thumbnailUrl\":\"https:\/\/gysfm.com.ar\/inicio\/wp-content\/uploads\/2026\/04\/milei-en-israel-2224527.jpg\",\"datePublished\":\"2026-04-21T19:48:15+00:00\",\"breadcrumb\":{\"@id\":\"https:\/\/gysfm.com.ar\/inicio\/milei-recibio-la-medalla-presidencial-de-honor-que-hara-en-su-ultimo-dia-en-israel\/#breadcrumb\"},\"inLanguage\":\"es\",\"potentialAction\":[{\"@type\":\"ReadAction\",\"target\":[\"https:\/\/gysfm.com.ar\/inicio\/milei-recibio-la-medalla-presidencial-de-honor-que-hara-en-su-ultimo-dia-en-israel\/\"]}]},{\"@type\":\"ImageObject\",\"inLanguage\":\"es\",\"@id\":\"https:\/\/gysfm.com.ar\/inicio\/milei-recibio-la-medalla-presidencial-de-honor-que-hara-en-su-ultimo-dia-en-israel\/#primaryimage\",\"url\":\"https:\/\/gysfm.com.ar\/inicio\/wp-content\/uploads\/2026\/04\/milei-en-israel-2224527.jpg\",\"contentUrl\":\"https:\/\/gysfm.com.ar\/inicio\/wp-content\/uploads\/2026\/04\/milei-en-israel-2224527.jpg\",\"width\":1140,\"height\":641},{\"@type\":\"BreadcrumbList\",\"@id\":\"https:\/\/gysfm.com.ar\/inicio\/milei-recibio-la-medalla-presidencial-de-honor-que-hara-en-su-ultimo-dia-en-israel\/#breadcrumb\",\"itemListElement\":[{\"@type\":\"ListItem\",\"position\":1,\"name\":\"Portada\",\"item\":\"https:\/\/gysfm.com.ar\/inicio\/\"},{\"@type\":\"ListItem\",\"position\":2,\"name\":\"Milei recibi\u00f3 la Medalla Presidencial de Honor: qu\u00e9 har\u00e1 en su \u00faltimo d\u00eda en Israel\"}]},{\"@type\":\"WebSite\",\"@id\":\"https:\/\/gysfm.com.ar\/inicio\/#website\",\"url\":\"https:\/\/gysfm.com.ar\/inicio\/\",\"name\":\"GYS NOTICIAS |\",\"description\":\"DIARIO - RADIO ONLINE SAN JUAN ARGENTINA\",\"publisher\":{\"@id\":\"https:\/\/gysfm.com.ar\/inicio\/#organization\"},\"potentialAction\":[{\"@type\":\"SearchAction\",\"target\":{\"@type\":\"EntryPoint\",\"urlTemplate\":\"https:\/\/gysfm.com.ar\/inicio\/?s={search_term_string}\"},\"query-input\":{\"@type\":\"PropertyValueSpecification\",\"valueRequired\":true,\"valueName\":\"search_term_string\"}}],\"inLanguage\":\"es\"},{\"@type\":\"Organization\",\"@id\":\"https:\/\/gysfm.com.ar\/inicio\/#organization\",\"name\":\"GYS NOTICIAS |\",\"url\":\"https:\/\/gysfm.com.ar\/inicio\/\",\"logo\":{\"@type\":\"ImageObject\",\"inLanguage\":\"es\",\"@id\":\"https:\/\/gysfm.com.ar\/inicio\/#\/schema\/logo\/image\/\",\"url\":\"https:\/\/gysfm.com.ar\/inicio\/wp-content\/uploads\/2023\/07\/LOGOGYS-OK.png\",\"contentUrl\":\"https:\/\/gysfm.com.ar\/inicio\/wp-content\/uploads\/2023\/07\/LOGOGYS-OK.png\",\"width\":1170,\"height\":872,\"caption\":\"GYS NOTICIAS |\"},\"image\":{\"@id\":\"https:\/\/gysfm.com.ar\/inicio\/#\/schema\/logo\/image\/\"}},{\"@type\":\"Person\",\"@id\":\"https:\/\/gysfm.com.ar\/inicio\/#\/schema\/person\/3abba7593ef2ad19e1be221d54383dc5\",\"name\":\"Prensa G&amp;S FM\",\"image\":{\"@type\":\"ImageObject\",\"inLanguage\":\"es\",\"@id\":\"https:\/\/gysfm.com.ar\/inicio\/#\/schema\/person\/image\/\",\"url\":\"https:\/\/secure.gravatar.com\/avatar\/096ec78df02049ab018702bb4ccedf659377fa92a26540b5247612077a0dbd29?s=96&d=mm&r=g\",\"contentUrl\":\"https:\/\/secure.gravatar.com\/avatar\/096ec78df02049ab018702bb4ccedf659377fa92a26540b5247612077a0dbd29?s=96&d=mm&r=g\",\"caption\":\"Prensa G&amp;S FM\"},\"sameAs\":[\"https:\/\/gysfm.com.ar\/\"],\"url\":\"https:\/\/gysfm.com.ar\/inicio\/author\/lucasm\/\"}]}<\/script>\n<!-- \/ Yoast SEO plugin. -->","yoast_head_json":{"title":"Milei recibi\u00f3 la Medalla Presidencial de Honor: qu\u00e9 har\u00e1 en su \u00faltimo d\u00eda en Israel - GYS NOTICIAS |","robots":{"index":"index","follow":"follow","max-snippet":"max-snippet:-1","max-image-preview":"max-image-preview:large","max-video-preview":"max-video-preview:-1"},"canonical":"https:\/\/gysfm.com.ar\/inicio\/milei-recibio-la-medalla-presidencial-de-honor-que-hara-en-su-ultimo-dia-en-israel\/","og_locale":"es_ES","og_type":"article","og_title":"Milei recibi\u00f3 la Medalla Presidencial de Honor: qu\u00e9 har\u00e1 en su \u00faltimo d\u00eda en Israel - GYS NOTICIAS |","og_description":"El presidente Javier Milei recibi\u00f3 la Medalla Presidencial del Honor de Israel de manos de su par Isaac Herzog, en una ceremonia en la que el mandatario israel\u00ed destac\u00f3 que la distinci\u00f3n constituye un s\u00edmbolo de gratitud por la \u201cclaridad moral\u201d del jefe de Estado argentino, as\u00ed como por la \u201chumanidad, valores y visi\u00f3n compartida [&hellip;]","og_url":"https:\/\/gysfm.com.ar\/inicio\/milei-recibio-la-medalla-presidencial-de-honor-que-hara-en-su-ultimo-dia-en-israel\/","og_site_name":"GYS NOTICIAS |","article_published_time":"2026-04-21T19:48:15+00:00","author":"Prensa G&amp;S FM","twitter_card":"summary_large_image","twitter_misc":{"Escrito por":"Prensa G&amp;S FM","Tiempo de lectura":"2 minutos"},"schema":{"@context":"https:\/\/schema.org","@graph":[{"@type":"Article","@id":"https:\/\/gysfm.com.ar\/inicio\/milei-recibio-la-medalla-presidencial-de-honor-que-hara-en-su-ultimo-dia-en-israel\/#article","isPartOf":{"@id":"https:\/\/gysfm.com.ar\/inicio\/milei-recibio-la-medalla-presidencial-de-honor-que-hara-en-su-ultimo-dia-en-israel\/"},"author":{"name":"Prensa G&amp;S FM","@id":"https:\/\/gysfm.com.ar\/inicio\/#\/schema\/person\/3abba7593ef2ad19e1be221d54383dc5"},"headline":"Milei recibi\u00f3 la Medalla Presidencial de Honor: qu\u00e9 har\u00e1 en su \u00faltimo d\u00eda en Israel","datePublished":"2026-04-21T19:48:15+00:00","mainEntityOfPage":{"@id":"https:\/\/gysfm.com.ar\/inicio\/milei-recibio-la-medalla-presidencial-de-honor-que-hara-en-su-ultimo-dia-en-israel\/"},"wordCount":433,"publisher":{"@id":"https:\/\/gysfm.com.ar\/inicio\/#organization"},"image":{"@id":"https:\/\/gysfm.com.ar\/inicio\/milei-recibio-la-medalla-presidencial-de-honor-que-hara-en-su-ultimo-dia-en-israel\/#primaryimage"},"thumbnailUrl":"https:\/\/gysfm.com.ar\/inicio\/wp-content\/uploads\/2026\/04\/milei-en-israel-2224527.jpg","articleSection":["NACIONALES"],"inLanguage":"es"},{"@type":"WebPage","@id":"https:\/\/gysfm.com.ar\/inicio\/milei-recibio-la-medalla-presidencial-de-honor-que-hara-en-su-ultimo-dia-en-israel\/","url":"https:\/\/gysfm.com.ar\/inicio\/milei-recibio-la-medalla-presidencial-de-honor-que-hara-en-su-ultimo-dia-en-israel\/","name":"Milei recibi\u00f3 la Medalla Presidencial de Honor: qu\u00e9 har\u00e1 en su \u00faltimo d\u00eda en Israel - GYS NOTICIAS |","isPartOf":{"@id":"https:\/\/gysfm.com.ar\/inicio\/#website"},"primaryImageOfPage":{"@id":"https:\/\/gysfm.com.ar\/inicio\/milei-recibio-la-medalla-presidencial-de-honor-que-hara-en-su-ultimo-dia-en-israel\/#primaryimage"},"image":{"@id":"https:\/\/gysfm.com.ar\/inicio\/milei-recibio-la-medalla-presidencial-de-honor-que-hara-en-su-ultimo-dia-en-israel\/#primaryimage"},"thumbnailUrl":"https:\/\/gysfm.com.ar\/inicio\/wp-content\/uploads\/2026\/04\/milei-en-israel-2224527.jpg","datePublished":"2026-04-21T19:48:15+00:00","breadcrumb":{"@id":"https:\/\/gysfm.com.ar\/inicio\/milei-recibio-la-medalla-presidencial-de-honor-que-hara-en-su-ultimo-dia-en-israel\/#breadcrumb"},"inLanguage":"es","potentialAction":[{"@type":"ReadAction","target":["https:\/\/gysfm.com.ar\/inicio\/milei-recibio-la-medalla-presidencial-de-honor-que-hara-en-su-ultimo-dia-en-israel\/"]}]},{"@type":"ImageObject","inLanguage":"es","@id":"https:\/\/gysfm.com.ar\/inicio\/milei-recibio-la-medalla-presidencial-de-honor-que-hara-en-su-ultimo-dia-en-israel\/#primaryimage","url":"https:\/\/gysfm.com.ar\/inicio\/wp-content\/uploads\/2026\/04\/milei-en-israel-2224527.jpg","contentUrl":"https:\/\/gysfm.com.ar\/inicio\/wp-content\/uploads\/2026\/04\/milei-en-israel-2224527.jpg","width":1140,"height":641},{"@type":"BreadcrumbList","@id":"https:\/\/gysfm.com.ar\/inicio\/milei-recibio-la-medalla-presidencial-de-honor-que-hara-en-su-ultimo-dia-en-israel\/#breadcrumb","itemListElement":[{"@type":"ListItem","position":1,"name":"Portada","item":"https:\/\/gysfm.com.ar\/inicio\/"},{"@type":"ListItem","position":2,"name":"Milei recibi\u00f3 la Medalla Presidencial de Honor: qu\u00e9 har\u00e1 en su \u00faltimo d\u00eda en Israel"}]},{"@type":"WebSite","@id":"https:\/\/gysfm.com.ar\/inicio\/#website","url":"https:\/\/gysfm.com.ar\/inicio\/","name":"GYS NOTICIAS |","description":"DIARIO - RADIO ONLINE SAN JUAN ARGENTINA","publisher":{"@id":"https:\/\/gysfm.com.ar\/inicio\/#organization"},"potentialAction":[{"@type":"SearchAction","target":{"@type":"EntryPoint","urlTemplate":"https:\/\/gysfm.com.ar\/inicio\/?s={search_term_string}"},"query-input":{"@type":"PropertyValueSpecification","valueRequired":true,"valueName":"search_term_string"}}],"inLanguage":"es"},{"@type":"Organization","@id":"https:\/\/gysfm.com.ar\/inicio\/#organization","name":"GYS NOTICIAS |","url":"https:\/\/gysfm.com.ar\/inicio\/","logo":{"@type":"ImageObject","inLanguage":"es","@id":"https:\/\/gysfm.com.ar\/inicio\/#\/schema\/logo\/image\/","url":"https:\/\/gysfm.com.ar\/inicio\/wp-content\/uploads\/2023\/07\/LOGOGYS-OK.png","contentUrl":"https:\/\/gysfm.com.ar\/inicio\/wp-content\/uploads\/2023\/07\/LOGOGYS-OK.png","width":1170,"height":872,"caption":"GYS NOTICIAS |"},"image":{"@id":"https:\/\/gysfm.com.ar\/inicio\/#\/schema\/logo\/image\/"}},{"@type":"Person","@id":"https:\/\/gysfm.com.ar\/inicio\/#\/schema\/person\/3abba7593ef2ad19e1be221d54383dc5","name":"Prensa G&amp;S FM","image":{"@type":"ImageObject","inLanguage":"es","@id":"https:\/\/gysfm.com.ar\/inicio\/#\/schema\/person\/image\/","url":"https:\/\/secure.gravatar.com\/avatar\/096ec78df02049ab018702bb4ccedf659377fa92a26540b5247612077a0dbd29?s=96&d=mm&r=g","contentUrl":"https:\/\/secure.gravatar.com\/avatar\/096ec78df02049ab018702bb4ccedf659377fa92a26540b5247612077a0dbd29?s=96&d=mm&r=g","caption":"Prensa G&amp;S FM"},"sameAs":["https:\/\/gysfm.com.ar\/"],"url":"https:\/\/gysfm.com.ar\/inicio\/author\/lucasm\/"}]}},"_links":{"self":[{"href":"https:\/\/gysfm.com.ar\/inicio\/wp-json\/wp\/v2\/posts\/192162","targetHints":{"allow":["GET"]}}],"collection":[{"href":"https:\/\/gysfm.com.ar\/inicio\/wp-json\/wp\/v2\/posts"}],"about":[{"href":"https:\/\/gysfm.com.ar\/inicio\/wp-json\/wp\/v2\/types\/post"}],"author":[{"embeddable":true,"href":"https:\/\/gysfm.com.ar\/inicio\/wp-json\/wp\/v2\/users\/2"}],"replies":[{"embeddable":true,"href":"https:\/\/gysfm.com.ar\/inicio\/wp-json\/wp\/v2\/comments?post=192162"}],"version-history":[{"count":0,"href":"https:\/\/gysfm.com.ar\/inicio\/wp-json\/wp\/v2\/posts\/192162\/revisions"}],"wp:featuredmedia":[{"embeddable":true,"href":"https:\/\/gysfm.com.ar\/inicio\/wp-json\/wp\/v2\/media\/192163"}],"wp:attachment":[{"href":"https:\/\/gysfm.com.ar\/inicio\/wp-json\/wp\/v2\/media?parent=192162"}],"wp:term":[{"taxonomy":"category","embeddable":true,"href":"https:\/\/gysfm.com.ar\/inicio\/wp-json\/wp\/v2\/categories?post=192162"},{"taxonomy":"post_tag","embeddable":true,"href":"https:\/\/gysfm.com.ar\/inicio\/wp-json\/wp\/v2\/tags?post=192162"}],"curies":[{"name":"wp","href":"https:\/\/api.w.org\/{rel}","templated":true}]}}