{"id":192159,"date":"2026-04-21T16:30:45","date_gmt":"2026-04-21T19:30:45","guid":{"rendered":"https:\/\/gysfm.com.ar\/inicio\/mauro-sergio-pidio-concurso-preventivo-que-pasa-con-la-fabrica-y-la-produccion\/"},"modified":"2026-04-21T16:30:46","modified_gmt":"2026-04-21T19:30:46","slug":"mauro-sergio-pidio-concurso-preventivo-que-pasa-con-la-fabrica-y-la-produccion","status":"publish","type":"post","link":"https:\/\/gysfm.com.ar\/inicio\/mauro-sergio-pidio-concurso-preventivo-que-pasa-con-la-fabrica-y-la-produccion\/","title":{"rendered":"Mauro Sergio pidi\u00f3 concurso preventivo: qu\u00e9 pasa con la f\u00e1brica y la producci\u00f3n"},"content":{"rendered":"<p><\/p>\n<div>\n<p class=\"com-paragraph   --s\"><strong>La f\u00e1brica marplatense Textilana -propiedad de la familia Todisco y conocida por su marca Mauro Sergio- solicit\u00f3 esta semana la apertura de su concurso preventivo<\/strong>. La decisi\u00f3n apunta a reordenar sus pasivos que ascienden a m\u00e1s de $2400 millones y a sostener la \u201cplena operatividad\u201d.<\/p>\n<p class=\"com-paragraph   --s\">\u201cEsta medida, tomada con la m\u00e1xima responsabilidad institucional, <mark class=\"hl_underline\">busca garantizar la plena operatividad de nuestra estructura industrial y proteger el valor de nuestra marca<\/mark>. Con esta finalidad, se busca asegurar el pleno abastecimiento de mercader\u00eda a todos nuestros clientes\u201d, aseguraron desde la empresa en un comunicado.<\/p>\n<p class=\"com-paragraph   --s\">La decisi\u00f3n -indicaron- fue tomada en \u201cel marco de la transformaci\u00f3n que atraviesa la econom\u00eda argentina y ante la <strong>contracci\u00f3n generalizada del consumo <\/strong>que afecta al sector productivo nacional\u201d. \u201cEntendemos que el contexto macroecon\u00f3mico actual exige decisiones firmes para asegurar la sostenibilidad a largo plazo\u201d, enfatizaron.<\/p>\n<div class=\"content-media\">\n<section role=\"button\" class=\"mod-media   \">\n<figure role=\"button\" tabindex=\"0\" class=\"mod-figure \"><figcaption class=\"mod-figcaption\"><span class=\"com-text --caption --twoxs\">\u201cEntendemos que el contexto macroecon\u00f3mico actual exige decisiones firmes\u00bb, explican desde la empresa en el comunicdao<\/span><\/figcaption><\/figure>\n<\/section>\n<\/div>\n<p class=\"com-paragraph   --s\">El pedido de concurso llega tras meses de reordenamiento en la planta ubicada en Mar del Plata. En noviembre de 2025, la compa\u00f1\u00eda acord\u00f3 la <strong>suspensi\u00f3n de 170 trabajadores<\/strong> -cerca del 50% del personal activo en ese momento- por un plazo que se extend\u00eda hasta el 31 de marzo. El personal afectado fue reincorporado el 1 de abril y, desde entonces, la firma retom\u00f3 progresivamente la producci\u00f3n hasta un 60% de la capacidad instalada aproximadamente.<\/p>\n<p class=\"com-paragraph   --s\">Seg\u00fan los registros del Banco Central,<strong> Textilana no presenta cheques rechazados ni atrasos en sus pagos dentro del sistema financiero<\/strong>: a la fecha, la firma solo registra deudas con diferentes entidades bancarias por $2400 millones. Una vez que el expediente ingrese formalmente en la Justicia, se habilitar\u00e1 la instancia de negociaci\u00f3n con los acreedores bajo supervisi\u00f3n.<\/p>\n<p class=\"com-paragraph   --s\">Desde la compa\u00f1\u00eda atribuyen esta situaci\u00f3n a un \u201ccombo complejo\u201d que incluye la <strong>p\u00e9rdida del poder adquisitivo<\/strong> de la poblaci\u00f3n y una feroz <strong>competencia de productos<\/strong> importados, particularmente de plataformas chinas como Temu y Shein.<\/p>\n<p class=\"com-paragraph   --s\">\u201cLas ventas bajaron no solo por las importaciones, sino tambi\u00e9n por la ca\u00edda en el poder adquisitivo de la poblaci\u00f3n, que impacta especialmente en el rubro textil.<strong> Esto nos oblig\u00f3 a hacer una reestructuraci\u00f3n y bajar los niveles productivos un 18% por la falta de demanda<\/strong>\u201d, <a href=\"https:\/\/www.lanacion.com.ar\/economia\/negocios\/el-plan-de-una-historica-fabrica-marplatense-de-sweaters-frente-a-la-avalancha-de-marcas-chinas-nid31072025\/\" target=\"_self\" title=\"https:\/\/www.lanacion.com.ar\/economia\/negocios\/el-plan-de-una-historica-fabrica-marplatense-de-sweaters-frente-a-la-avalancha-de-marcas-chinas-nid31072025\/\" class=\"com-link break-word\" data-mrf-recirculation=\"n_link_parrafo\">aseguraron a LA NACION<\/a> fuentes cercanas a la compa\u00f1\u00eda, en agosto del a\u00f1o pasado.<\/p>\n<div class=\"content-media\">\n<section role=\"button\" class=\"mod-media   \">\n<figure role=\"button\" tabindex=\"0\" class=\"mod-figure \"><figcaption class=\"mod-figcaption\"><span class=\"com-text --caption --twoxs\">Mauro Sergio fue fundada en la d\u00e9cada de 1970 por Mauro Sergio Todisco<\/span><\/figcaption><\/figure>\n<\/section>\n<\/div>\n<p class=\"com-paragraph   --s\">Para entonces, la empresa empleaba a 350 personas, contra las 400 que ten\u00eda a comienzos de 2024. Y fabricaba cerca de 4800 prendas por d\u00eda, que representaban en torno del 80% de su capacidad productiva. Fuentes cercanas tanto a la empresa como al gremio hab\u00edan negado en ese momento la existencia de despidos masivos que circularon en otros medios.<\/p>\n<p class=\"com-paragraph   --s\"><strong>Fundada en la d\u00e9cada de 1970 por Mauro Sergio Todisco<\/strong>, la empresa comenz\u00f3 con una m\u00e1quina de tejer manual y se encargaba de trabajos a \u201cfas\u00f3n\u201d, es decir, de la manufacturaci\u00f3n del hilado para terceros. Con el paso del tiempo, la empresa se expandi\u00f3 y mont\u00f3 dos talleres productivos, adem\u00e1s de un primer local de venta directa al p\u00fablico en Mar del Plata. Y a esto le sigui\u00f3 la creaci\u00f3n de dos naves productivas: una dedicada a la producci\u00f3n de hilado y la otra, a la de <em>sweaters<\/em>.<\/p>\n<p class=\"com-paragraph   --s\">Para quienes conocen bien la compa\u00f1\u00eda, la integraci\u00f3n vertical es su principal fortaleza: \u201cSomos una empresa vertical: <strong>hilamos, tejemos y confeccionamos nuestros productos<\/strong>, lo que nos permite ser competitivos\u201d. Tras el fallecimiento de su fundador en 2016, hoy es gestionada por sus hijos y nietos.<\/p>\n<section class=\"container-center-100 mb-40 border border-bottom border-thin border-neutral-light-700\">\n<hr\/>\n<\/section>\n<\/div>\n<p><script id=\"facebookpixel\" defer=\"\" type=\"text\/javascript\">\n        !function(f,b,e,v,n,t,s)\n        {if(f.fbq)return;n=f.fbq=function(){n.callMethod?\n        n.callMethod.apply(n,arguments):n.queue.push(arguments)};\n        if(!f._fbq)f._fbq=n;n.push=n;n.loaded=!0;n.version='2.0';\n        n.queue=[];t=b.createElement(e);t.async=!0;\n        t.src=v;s=b.getElementsByTagName(e)[0];\n        s.parentNode.insertBefore(t,s)}(window, document,'script',\n        'https:\/\/connect.facebook.net\/en_US\/fbevents.js');\n        fbq('init', '492459597522335');\n        fbq('track', 'PageView');\n    <\/script><\/p>\n","protected":false},"excerpt":{"rendered":"<p>La f\u00e1brica marplatense Textilana -propiedad de la familia Todisco y conocida por su marca Mauro Sergio- solicit\u00f3 esta semana la apertura de su concurso preventivo. La decisi\u00f3n apunta a reordenar sus pasivos que ascienden a m\u00e1s de $2400 millones y a sostener la \u201cplena operatividad\u201d. \u201cEsta medida, tomada con la m\u00e1xima responsabilidad institucional, busca garantizar [&hellip;]<\/p>\n","protected":false},"author":1,"featured_media":192160,"comment_status":"closed","ping_status":"closed","sticky":false,"template":"","format":"standard","meta":{"footnotes":""},"categories":[28],"tags":[],"class_list":["post-192159","post","type-post","status-publish","format-standard","has-post-thumbnail","hentry","category-economia"],"yoast_head":"<!-- This site is optimized with the Yoast SEO plugin v24.4 - https:\/\/yoast.com\/wordpress\/plugins\/seo\/ -->\n<title>Mauro Sergio pidi\u00f3 concurso preventivo: qu\u00e9 pasa con la f\u00e1brica y la producci\u00f3n - GYS NOTICIAS |<\/title>\n<meta name=\"robots\" content=\"index, follow, max-snippet:-1, max-image-preview:large, max-video-preview:-1\" \/>\n<link rel=\"canonical\" href=\"https:\/\/gysfm.com.ar\/inicio\/mauro-sergio-pidio-concurso-preventivo-que-pasa-con-la-fabrica-y-la-produccion\/\" \/>\n<meta property=\"og:locale\" content=\"es_ES\" \/>\n<meta property=\"og:type\" content=\"article\" \/>\n<meta property=\"og:title\" content=\"Mauro Sergio pidi\u00f3 concurso preventivo: qu\u00e9 pasa con la f\u00e1brica y la producci\u00f3n - GYS NOTICIAS |\" \/>\n<meta property=\"og:description\" content=\"La f\u00e1brica marplatense Textilana -propiedad de la familia Todisco y conocida por su marca Mauro Sergio- solicit\u00f3 esta semana la apertura de su concurso preventivo. La decisi\u00f3n apunta a reordenar sus pasivos que ascienden a m\u00e1s de $2400 millones y a sostener la \u201cplena operatividad\u201d. \u201cEsta medida, tomada con la m\u00e1xima responsabilidad institucional, busca garantizar [&hellip;]\" \/>\n<meta property=\"og:url\" content=\"https:\/\/gysfm.com.ar\/inicio\/mauro-sergio-pidio-concurso-preventivo-que-pasa-con-la-fabrica-y-la-produccion\/\" \/>\n<meta property=\"og:site_name\" content=\"GYS NOTICIAS |\" \/>\n<meta property=\"article:published_time\" content=\"2026-04-21T19:30:45+00:00\" \/>\n<meta property=\"article:modified_time\" content=\"2026-04-21T19:30:46+00:00\" \/>\n<meta property=\"og:image\" content=\"https:\/\/gysfm.com.ar\/inicio\/wp-content\/uploads\/2026\/04\/mauro-sergio-solicito-la-apertura-de-concurso-EPM6KYZK6BD43OZSKZRPCHOA4I.png\" \/>\n\t<meta property=\"og:image:width\" content=\"1200\" \/>\n\t<meta property=\"og:image:height\" content=\"800\" \/>\n\t<meta property=\"og:image:type\" content=\"image\/png\" \/>\n<meta name=\"author\" content=\"admin\" \/>\n<meta name=\"twitter:card\" content=\"summary_large_image\" \/>\n<meta name=\"twitter:label1\" content=\"Escrito por\" \/>\n\t<meta name=\"twitter:data1\" content=\"admin\" \/>\n\t<meta name=\"twitter:label2\" content=\"Tiempo de lectura\" \/>\n\t<meta name=\"twitter:data2\" content=\"3 minutos\" \/>\n<script type=\"application\/ld+json\" class=\"yoast-schema-graph\">{\"@context\":\"https:\/\/schema.org\",\"@graph\":[{\"@type\":\"Article\",\"@id\":\"https:\/\/gysfm.com.ar\/inicio\/mauro-sergio-pidio-concurso-preventivo-que-pasa-con-la-fabrica-y-la-produccion\/#article\",\"isPartOf\":{\"@id\":\"https:\/\/gysfm.com.ar\/inicio\/mauro-sergio-pidio-concurso-preventivo-que-pasa-con-la-fabrica-y-la-produccion\/\"},\"author\":{\"name\":\"admin\",\"@id\":\"https:\/\/gysfm.com.ar\/inicio\/#\/schema\/person\/5bedd7ecd35cc35548d89effafa23696\"},\"headline\":\"Mauro Sergio pidi\u00f3 concurso preventivo: qu\u00e9 pasa con la f\u00e1brica y la producci\u00f3n\",\"datePublished\":\"2026-04-21T19:30:45+00:00\",\"dateModified\":\"2026-04-21T19:30:46+00:00\",\"mainEntityOfPage\":{\"@id\":\"https:\/\/gysfm.com.ar\/inicio\/mauro-sergio-pidio-concurso-preventivo-que-pasa-con-la-fabrica-y-la-produccion\/\"},\"wordCount\":624,\"publisher\":{\"@id\":\"https:\/\/gysfm.com.ar\/inicio\/#organization\"},\"image\":{\"@id\":\"https:\/\/gysfm.com.ar\/inicio\/mauro-sergio-pidio-concurso-preventivo-que-pasa-con-la-fabrica-y-la-produccion\/#primaryimage\"},\"thumbnailUrl\":\"https:\/\/gysfm.com.ar\/inicio\/wp-content\/uploads\/2026\/04\/mauro-sergio-solicito-la-apertura-de-concurso-EPM6KYZK6BD43OZSKZRPCHOA4I.png\",\"articleSection\":[\"ECONOMIA\"],\"inLanguage\":\"es\"},{\"@type\":\"WebPage\",\"@id\":\"https:\/\/gysfm.com.ar\/inicio\/mauro-sergio-pidio-concurso-preventivo-que-pasa-con-la-fabrica-y-la-produccion\/\",\"url\":\"https:\/\/gysfm.com.ar\/inicio\/mauro-sergio-pidio-concurso-preventivo-que-pasa-con-la-fabrica-y-la-produccion\/\",\"name\":\"Mauro Sergio pidi\u00f3 concurso preventivo: qu\u00e9 pasa con la f\u00e1brica y la producci\u00f3n - GYS NOTICIAS |\",\"isPartOf\":{\"@id\":\"https:\/\/gysfm.com.ar\/inicio\/#website\"},\"primaryImageOfPage\":{\"@id\":\"https:\/\/gysfm.com.ar\/inicio\/mauro-sergio-pidio-concurso-preventivo-que-pasa-con-la-fabrica-y-la-produccion\/#primaryimage\"},\"image\":{\"@id\":\"https:\/\/gysfm.com.ar\/inicio\/mauro-sergio-pidio-concurso-preventivo-que-pasa-con-la-fabrica-y-la-produccion\/#primaryimage\"},\"thumbnailUrl\":\"https:\/\/gysfm.com.ar\/inicio\/wp-content\/uploads\/2026\/04\/mauro-sergio-solicito-la-apertura-de-concurso-EPM6KYZK6BD43OZSKZRPCHOA4I.png\",\"datePublished\":\"2026-04-21T19:30:45+00:00\",\"dateModified\":\"2026-04-21T19:30:46+00:00\",\"breadcrumb\":{\"@id\":\"https:\/\/gysfm.com.ar\/inicio\/mauro-sergio-pidio-concurso-preventivo-que-pasa-con-la-fabrica-y-la-produccion\/#breadcrumb\"},\"inLanguage\":\"es\",\"potentialAction\":[{\"@type\":\"ReadAction\",\"target\":[\"https:\/\/gysfm.com.ar\/inicio\/mauro-sergio-pidio-concurso-preventivo-que-pasa-con-la-fabrica-y-la-produccion\/\"]}]},{\"@type\":\"ImageObject\",\"inLanguage\":\"es\",\"@id\":\"https:\/\/gysfm.com.ar\/inicio\/mauro-sergio-pidio-concurso-preventivo-que-pasa-con-la-fabrica-y-la-produccion\/#primaryimage\",\"url\":\"https:\/\/gysfm.com.ar\/inicio\/wp-content\/uploads\/2026\/04\/mauro-sergio-solicito-la-apertura-de-concurso-EPM6KYZK6BD43OZSKZRPCHOA4I.png\",\"contentUrl\":\"https:\/\/gysfm.com.ar\/inicio\/wp-content\/uploads\/2026\/04\/mauro-sergio-solicito-la-apertura-de-concurso-EPM6KYZK6BD43OZSKZRPCHOA4I.png\",\"width\":1200,\"height\":800},{\"@type\":\"BreadcrumbList\",\"@id\":\"https:\/\/gysfm.com.ar\/inicio\/mauro-sergio-pidio-concurso-preventivo-que-pasa-con-la-fabrica-y-la-produccion\/#breadcrumb\",\"itemListElement\":[{\"@type\":\"ListItem\",\"position\":1,\"name\":\"Portada\",\"item\":\"https:\/\/gysfm.com.ar\/inicio\/\"},{\"@type\":\"ListItem\",\"position\":2,\"name\":\"Mauro Sergio pidi\u00f3 concurso preventivo: qu\u00e9 pasa con la f\u00e1brica y la producci\u00f3n\"}]},{\"@type\":\"WebSite\",\"@id\":\"https:\/\/gysfm.com.ar\/inicio\/#website\",\"url\":\"https:\/\/gysfm.com.ar\/inicio\/\",\"name\":\"GYS NOTICIAS |\",\"description\":\"DIARIO - RADIO ONLINE SAN JUAN ARGENTINA\",\"publisher\":{\"@id\":\"https:\/\/gysfm.com.ar\/inicio\/#organization\"},\"potentialAction\":[{\"@type\":\"SearchAction\",\"target\":{\"@type\":\"EntryPoint\",\"urlTemplate\":\"https:\/\/gysfm.com.ar\/inicio\/?s={search_term_string}\"},\"query-input\":{\"@type\":\"PropertyValueSpecification\",\"valueRequired\":true,\"valueName\":\"search_term_string\"}}],\"inLanguage\":\"es\"},{\"@type\":\"Organization\",\"@id\":\"https:\/\/gysfm.com.ar\/inicio\/#organization\",\"name\":\"GYS NOTICIAS |\",\"url\":\"https:\/\/gysfm.com.ar\/inicio\/\",\"logo\":{\"@type\":\"ImageObject\",\"inLanguage\":\"es\",\"@id\":\"https:\/\/gysfm.com.ar\/inicio\/#\/schema\/logo\/image\/\",\"url\":\"https:\/\/gysfm.com.ar\/inicio\/wp-content\/uploads\/2023\/07\/LOGOGYS-OK.png\",\"contentUrl\":\"https:\/\/gysfm.com.ar\/inicio\/wp-content\/uploads\/2023\/07\/LOGOGYS-OK.png\",\"width\":1170,\"height\":872,\"caption\":\"GYS NOTICIAS |\"},\"image\":{\"@id\":\"https:\/\/gysfm.com.ar\/inicio\/#\/schema\/logo\/image\/\"}},{\"@type\":\"Person\",\"@id\":\"https:\/\/gysfm.com.ar\/inicio\/#\/schema\/person\/5bedd7ecd35cc35548d89effafa23696\",\"name\":\"admin\",\"image\":{\"@type\":\"ImageObject\",\"inLanguage\":\"es\",\"@id\":\"https:\/\/gysfm.com.ar\/inicio\/#\/schema\/person\/image\/\",\"url\":\"https:\/\/secure.gravatar.com\/avatar\/c331d312b5243fb64d5ba28108a447b27c925295129a363082c9ea52c28d32c2?s=96&d=mm&r=g\",\"contentUrl\":\"https:\/\/secure.gravatar.com\/avatar\/c331d312b5243fb64d5ba28108a447b27c925295129a363082c9ea52c28d32c2?s=96&d=mm&r=g\",\"caption\":\"admin\"},\"sameAs\":[\"https:\/\/gysfm.com.ar\/inicio\"],\"url\":\"https:\/\/gysfm.com.ar\/inicio\/author\/admin\/\"}]}<\/script>\n<!-- \/ Yoast SEO plugin. -->","yoast_head_json":{"title":"Mauro Sergio pidi\u00f3 concurso preventivo: qu\u00e9 pasa con la f\u00e1brica y la producci\u00f3n - GYS NOTICIAS |","robots":{"index":"index","follow":"follow","max-snippet":"max-snippet:-1","max-image-preview":"max-image-preview:large","max-video-preview":"max-video-preview:-1"},"canonical":"https:\/\/gysfm.com.ar\/inicio\/mauro-sergio-pidio-concurso-preventivo-que-pasa-con-la-fabrica-y-la-produccion\/","og_locale":"es_ES","og_type":"article","og_title":"Mauro Sergio pidi\u00f3 concurso preventivo: qu\u00e9 pasa con la f\u00e1brica y la producci\u00f3n - GYS NOTICIAS |","og_description":"La f\u00e1brica marplatense Textilana -propiedad de la familia Todisco y conocida por su marca Mauro Sergio- solicit\u00f3 esta semana la apertura de su concurso preventivo. La decisi\u00f3n apunta a reordenar sus pasivos que ascienden a m\u00e1s de $2400 millones y a sostener la \u201cplena operatividad\u201d. \u201cEsta medida, tomada con la m\u00e1xima responsabilidad institucional, busca garantizar [&hellip;]","og_url":"https:\/\/gysfm.com.ar\/inicio\/mauro-sergio-pidio-concurso-preventivo-que-pasa-con-la-fabrica-y-la-produccion\/","og_site_name":"GYS NOTICIAS |","article_published_time":"2026-04-21T19:30:45+00:00","article_modified_time":"2026-04-21T19:30:46+00:00","og_image":[{"width":1200,"height":800,"url":"https:\/\/gysfm.com.ar\/inicio\/wp-content\/uploads\/2026\/04\/mauro-sergio-solicito-la-apertura-de-concurso-EPM6KYZK6BD43OZSKZRPCHOA4I.png","type":"image\/png"}],"author":"admin","twitter_card":"summary_large_image","twitter_misc":{"Escrito por":"admin","Tiempo de lectura":"3 minutos"},"schema":{"@context":"https:\/\/schema.org","@graph":[{"@type":"Article","@id":"https:\/\/gysfm.com.ar\/inicio\/mauro-sergio-pidio-concurso-preventivo-que-pasa-con-la-fabrica-y-la-produccion\/#article","isPartOf":{"@id":"https:\/\/gysfm.com.ar\/inicio\/mauro-sergio-pidio-concurso-preventivo-que-pasa-con-la-fabrica-y-la-produccion\/"},"author":{"name":"admin","@id":"https:\/\/gysfm.com.ar\/inicio\/#\/schema\/person\/5bedd7ecd35cc35548d89effafa23696"},"headline":"Mauro Sergio pidi\u00f3 concurso preventivo: qu\u00e9 pasa con la f\u00e1brica y la producci\u00f3n","datePublished":"2026-04-21T19:30:45+00:00","dateModified":"2026-04-21T19:30:46+00:00","mainEntityOfPage":{"@id":"https:\/\/gysfm.com.ar\/inicio\/mauro-sergio-pidio-concurso-preventivo-que-pasa-con-la-fabrica-y-la-produccion\/"},"wordCount":624,"publisher":{"@id":"https:\/\/gysfm.com.ar\/inicio\/#organization"},"image":{"@id":"https:\/\/gysfm.com.ar\/inicio\/mauro-sergio-pidio-concurso-preventivo-que-pasa-con-la-fabrica-y-la-produccion\/#primaryimage"},"thumbnailUrl":"https:\/\/gysfm.com.ar\/inicio\/wp-content\/uploads\/2026\/04\/mauro-sergio-solicito-la-apertura-de-concurso-EPM6KYZK6BD43OZSKZRPCHOA4I.png","articleSection":["ECONOMIA"],"inLanguage":"es"},{"@type":"WebPage","@id":"https:\/\/gysfm.com.ar\/inicio\/mauro-sergio-pidio-concurso-preventivo-que-pasa-con-la-fabrica-y-la-produccion\/","url":"https:\/\/gysfm.com.ar\/inicio\/mauro-sergio-pidio-concurso-preventivo-que-pasa-con-la-fabrica-y-la-produccion\/","name":"Mauro Sergio pidi\u00f3 concurso preventivo: qu\u00e9 pasa con la f\u00e1brica y la producci\u00f3n - GYS NOTICIAS |","isPartOf":{"@id":"https:\/\/gysfm.com.ar\/inicio\/#website"},"primaryImageOfPage":{"@id":"https:\/\/gysfm.com.ar\/inicio\/mauro-sergio-pidio-concurso-preventivo-que-pasa-con-la-fabrica-y-la-produccion\/#primaryimage"},"image":{"@id":"https:\/\/gysfm.com.ar\/inicio\/mauro-sergio-pidio-concurso-preventivo-que-pasa-con-la-fabrica-y-la-produccion\/#primaryimage"},"thumbnailUrl":"https:\/\/gysfm.com.ar\/inicio\/wp-content\/uploads\/2026\/04\/mauro-sergio-solicito-la-apertura-de-concurso-EPM6KYZK6BD43OZSKZRPCHOA4I.png","datePublished":"2026-04-21T19:30:45+00:00","dateModified":"2026-04-21T19:30:46+00:00","breadcrumb":{"@id":"https:\/\/gysfm.com.ar\/inicio\/mauro-sergio-pidio-concurso-preventivo-que-pasa-con-la-fabrica-y-la-produccion\/#breadcrumb"},"inLanguage":"es","potentialAction":[{"@type":"ReadAction","target":["https:\/\/gysfm.com.ar\/inicio\/mauro-sergio-pidio-concurso-preventivo-que-pasa-con-la-fabrica-y-la-produccion\/"]}]},{"@type":"ImageObject","inLanguage":"es","@id":"https:\/\/gysfm.com.ar\/inicio\/mauro-sergio-pidio-concurso-preventivo-que-pasa-con-la-fabrica-y-la-produccion\/#primaryimage","url":"https:\/\/gysfm.com.ar\/inicio\/wp-content\/uploads\/2026\/04\/mauro-sergio-solicito-la-apertura-de-concurso-EPM6KYZK6BD43OZSKZRPCHOA4I.png","contentUrl":"https:\/\/gysfm.com.ar\/inicio\/wp-content\/uploads\/2026\/04\/mauro-sergio-solicito-la-apertura-de-concurso-EPM6KYZK6BD43OZSKZRPCHOA4I.png","width":1200,"height":800},{"@type":"BreadcrumbList","@id":"https:\/\/gysfm.com.ar\/inicio\/mauro-sergio-pidio-concurso-preventivo-que-pasa-con-la-fabrica-y-la-produccion\/#breadcrumb","itemListElement":[{"@type":"ListItem","position":1,"name":"Portada","item":"https:\/\/gysfm.com.ar\/inicio\/"},{"@type":"ListItem","position":2,"name":"Mauro Sergio pidi\u00f3 concurso preventivo: qu\u00e9 pasa con la f\u00e1brica y la producci\u00f3n"}]},{"@type":"WebSite","@id":"https:\/\/gysfm.com.ar\/inicio\/#website","url":"https:\/\/gysfm.com.ar\/inicio\/","name":"GYS NOTICIAS |","description":"DIARIO - RADIO ONLINE SAN JUAN ARGENTINA","publisher":{"@id":"https:\/\/gysfm.com.ar\/inicio\/#organization"},"potentialAction":[{"@type":"SearchAction","target":{"@type":"EntryPoint","urlTemplate":"https:\/\/gysfm.com.ar\/inicio\/?s={search_term_string}"},"query-input":{"@type":"PropertyValueSpecification","valueRequired":true,"valueName":"search_term_string"}}],"inLanguage":"es"},{"@type":"Organization","@id":"https:\/\/gysfm.com.ar\/inicio\/#organization","name":"GYS NOTICIAS |","url":"https:\/\/gysfm.com.ar\/inicio\/","logo":{"@type":"ImageObject","inLanguage":"es","@id":"https:\/\/gysfm.com.ar\/inicio\/#\/schema\/logo\/image\/","url":"https:\/\/gysfm.com.ar\/inicio\/wp-content\/uploads\/2023\/07\/LOGOGYS-OK.png","contentUrl":"https:\/\/gysfm.com.ar\/inicio\/wp-content\/uploads\/2023\/07\/LOGOGYS-OK.png","width":1170,"height":872,"caption":"GYS NOTICIAS |"},"image":{"@id":"https:\/\/gysfm.com.ar\/inicio\/#\/schema\/logo\/image\/"}},{"@type":"Person","@id":"https:\/\/gysfm.com.ar\/inicio\/#\/schema\/person\/5bedd7ecd35cc35548d89effafa23696","name":"admin","image":{"@type":"ImageObject","inLanguage":"es","@id":"https:\/\/gysfm.com.ar\/inicio\/#\/schema\/person\/image\/","url":"https:\/\/secure.gravatar.com\/avatar\/c331d312b5243fb64d5ba28108a447b27c925295129a363082c9ea52c28d32c2?s=96&d=mm&r=g","contentUrl":"https:\/\/secure.gravatar.com\/avatar\/c331d312b5243fb64d5ba28108a447b27c925295129a363082c9ea52c28d32c2?s=96&d=mm&r=g","caption":"admin"},"sameAs":["https:\/\/gysfm.com.ar\/inicio"],"url":"https:\/\/gysfm.com.ar\/inicio\/author\/admin\/"}]}},"_links":{"self":[{"href":"https:\/\/gysfm.com.ar\/inicio\/wp-json\/wp\/v2\/posts\/192159","targetHints":{"allow":["GET"]}}],"collection":[{"href":"https:\/\/gysfm.com.ar\/inicio\/wp-json\/wp\/v2\/posts"}],"about":[{"href":"https:\/\/gysfm.com.ar\/inicio\/wp-json\/wp\/v2\/types\/post"}],"author":[{"embeddable":true,"href":"https:\/\/gysfm.com.ar\/inicio\/wp-json\/wp\/v2\/users\/1"}],"replies":[{"embeddable":true,"href":"https:\/\/gysfm.com.ar\/inicio\/wp-json\/wp\/v2\/comments?post=192159"}],"version-history":[{"count":1,"href":"https:\/\/gysfm.com.ar\/inicio\/wp-json\/wp\/v2\/posts\/192159\/revisions"}],"predecessor-version":[{"id":192161,"href":"https:\/\/gysfm.com.ar\/inicio\/wp-json\/wp\/v2\/posts\/192159\/revisions\/192161"}],"wp:featuredmedia":[{"embeddable":true,"href":"https:\/\/gysfm.com.ar\/inicio\/wp-json\/wp\/v2\/media\/192160"}],"wp:attachment":[{"href":"https:\/\/gysfm.com.ar\/inicio\/wp-json\/wp\/v2\/media?parent=192159"}],"wp:term":[{"taxonomy":"category","embeddable":true,"href":"https:\/\/gysfm.com.ar\/inicio\/wp-json\/wp\/v2\/categories?post=192159"},{"taxonomy":"post_tag","embeddable":true,"href":"https:\/\/gysfm.com.ar\/inicio\/wp-json\/wp\/v2\/tags?post=192159"}],"curies":[{"name":"wp","href":"https:\/\/api.w.org\/{rel}","templated":true}]}}