{"id":192154,"date":"2026-04-21T16:26:26","date_gmt":"2026-04-21T19:26:26","guid":{"rendered":"https:\/\/gysfm.com.ar\/inicio\/la-devaluacion-de-river-como-y-por-que-se-achico-la-cantidad-y-la-calidad-del-plantel-ole\/"},"modified":"2026-04-21T16:26:26","modified_gmt":"2026-04-21T19:26:26","slug":"la-devaluacion-de-river-como-y-por-que-se-achico-la-cantidad-y-la-calidad-del-plantel-ole","status":"publish","type":"post","link":"https:\/\/gysfm.com.ar\/inicio\/la-devaluacion-de-river-como-y-por-que-se-achico-la-cantidad-y-la-calidad-del-plantel-ole\/","title":{"rendered":"La devaluaci\u00f3n de River: c\u00f3mo y por qu\u00e9 se achic\u00f3 la cantidad y la calidad del plantel :: Ol\u00e9"},"content":{"rendered":"<p> <br \/>\n<\/p>\n<p><time class=\"createDate\" datetime=\"2026-04-20T22:03:21-03:00\">20\/04\/2026 22:03hs.<\/time><\/p>\n<div id=\"storyBody\">\n<div id=\"element-body-0\" class=\"sc-136cd478-0 ekTCfV\">\n<p>Es dif\u00edcil cuando ten\u00e9s que cambiar la ecuaci\u00f3n en un cl\u00e1sico y mirar para atr\u00e1s y tener cuatro o cinco chicos de 20 a\u00f1os\u201d. No se trat\u00f3 de una explicaci\u00f3n impulsiva esta frase de <strong>Eduardo Coudet<\/strong> tras la derrota en el supercl\u00e1sico. Tampoco fue una excusa para eludir su responsabilidad y, menos a\u00fan, una cr\u00edtica para los juveniles. <strong>Lo que hizo el Chacho fue exponer una realidad que el equipo ya ven\u00eda sufriendo con Gallardo<\/strong>: <strong>River<\/strong> cuenta con un plantel con muchos chicos que a\u00fan necesitan madurar para dar el salto y\/o consolidarse en la Primera y con un cupo limitado de futbolistas de jerarqu\u00eda por una evidente devaluaci\u00f3n del staff de profesionales desde el \u00faltimo equipo campe\u00f3n all\u00e1 por 2023 hasta este que perdi\u00f3 el S\u00faper.<\/p>\n<\/div>\n<div id=\"element-body-1\" class=\"sc-136cd478-0 ekTCfV\">\n<p><strong>El River de Demichelis que gan\u00f3 la Liga Profesional 2023 y el Trofeo de Campeones ten\u00eda<\/strong>, por ejemplo, <strong>a<\/strong> un <strong> Lucas Beltr\u00e1n<\/strong> con nivel de elite m\u00e1s <strong>Miguel Borja<\/strong> pidiendo pista y <strong>Salom\u00f3n Rond\u00f3n como recambio<\/strong>, mientras que <strong>hoy Coudet cuenta con Driussi solamente en ese puesto<\/strong>. Un Driussi que ya suma cuatro desgarros desde su regreso, m\u00e1s la lesi\u00f3n en el tobillo que sufri\u00f3 en el Mundial de Clubes, y que no cuenta con un reemplazante natural en esa posici\u00f3n que el Gordo incluso cumple <strong>sin ser un cl\u00e1sico 9 cl\u00e1sico<\/strong>. El domingo debi\u00f3 entrar <strong>Salas<\/strong>, quien <strong>re\u00fane m\u00e1s cualidades de segunda punta<\/strong> (como jugaba en Racing con Maravilla Mart\u00ednez) que de centrodelantero.<\/p>\n<\/div>\n<div id=\"element-body-2\" class=\"sc-136cd478-0 ekTCfV\">\n<p>Esta misma devaluaci\u00f3n de jerarqu\u00eda se produjo en varios puestos. Aquel River campe\u00f3n de Micho, que se fue desintegrando a partir del conflicto del DT con Enzo P\u00e9rez, ten\u00eda un medio con el propio Enzo como referente, voz de mando y l\u00edder absoluto m\u00e1s un Nacho Fern\u00e1ndez vigente, un De la Cruz catalogado como uno de los mejores volantes del f\u00fatbol sudamericano, m\u00e1s un Barco con experiencia y desequilibrio. Como opci\u00f3n estaba nada menos que una joyita como el Diablito Echeverri, que se ir\u00eda al City por varios millones de euros.<\/p>\n<\/div>\n<p><h2>Pasado y presente del plantel de River<\/h2>\n<\/p>\n<div class=\"sc-e7b891c4-0 ifHnQL image-embed\" id=\"element-body-4\"><img alt=\"La comparaci\u00f3n en los planteles de River: desde el equipo campe\u00f3n de Demichelis al de Coudet.\" loading=\"lazy\" width=\"720\" height=\"100\" decoding=\"async\" data-nimg=\"1\" style=\"color:transparent\" src=\"https:\/\/www.ole.com.ar\/images\/2026\/04\/20\/s3xReo2n__720x0__1.jpg\"\/><span class=\"epigraphe\">La comparaci\u00f3n en los planteles de River: desde el equipo campe\u00f3n de Demichelis al de Coudet.<\/span><\/div>\n<div id=\"element-body-5\" class=\"sc-136cd478-0 ekTCfV\">\n<p>Hoy justamente es en esa mitad de cancha donde las falencias son muy marcadas. La lesi\u00f3n de Vera no hizo m\u00e1s que dejar esto al descubierto: con Galoppo con poco ritmo y sin ganarse un lugar desde que lleg\u00f3, el Chacho debi\u00f3 recurrir a otro pibe como Juan Cruz Meza. Y la zona de gestaci\u00f3n la completaron Tom\u00e1s Galv\u00e1n, que volvi\u00f3 de varios pr\u00e9stamos y reci\u00e9n est\u00e1 afirm\u00e1ndose, y otro joven como el ecuatoriano Kendry P\u00e1ez (18 a\u00f1os), una inc\u00f3gnita que lleva apenas d\u00edas en River.<\/p>\n<\/div>\n<div id=\"element-body-6\" class=\"sc-136cd478-0 ekTCfV\">\n<p>El regreso del Mu\u00f1eco Gallardo en 2024 movi\u00f3 los cimientos con una profunda renovaci\u00f3n y refuerzos millonarios, muchos de los cuales estuvieron lejos de funcionar: ah\u00ed el nombre que sobresale es el de Kevin Casta\u00f1o, que lleg\u00f3 por casi 13 millones de euros y el domingo vio el S\u00faper por TV al quedar fuera de la lista.<\/p>\n<\/div>\n<div id=\"element-body-7\" class=\"sc-136cd478-0 ekTCfV\">\n<p>En esa lista tambi\u00e9n entran Maxi Salas, otra gran apuesta que est\u00e1 en el debe, m\u00e1s los ex Talleres, Portillo y Galarza (ya dej\u00f3 el club).<\/p>\n<\/div>\n<div id=\"element-body-8\" class=\"sc-136cd478-0 ekTCfV\">\n<p>En el medio, adem\u00e1s, estuvo la venta de Mastantuono, el pibe que hac\u00eda la diferencia:el \u00faltimo S\u00faper que River le gan\u00f3 a Boca fue justamente con un golazo suyo de tiro libre.<\/p>\n<\/div>\n<div id=\"element-body-9\" class=\"sc-136cd478-0 ekTCfV\">\n<p>La mayor evidencia de la devaluaci\u00f3n generada por estos errores de mercado se refleja en un dato contundente: de la lista de 50 inscriptos para la Sudamericana, hoy el Chacho ni siquiera llega a completar el banco con futbolistas de experiencia. Tiene disponibles al arquero Centuri\u00f3n (28) m\u00e1s 16 jugadores de campo que incluyen a Paulo D\u00edaz y el mismo Casta\u00f1o, ambos ya con el boleto picado.<\/p>\n<\/div>\n<div id=\"element-body-10\" class=\"sc-136cd478-0 ekTCfV\">\n<p>As\u00ed, aunque parezca incre\u00edble, tras gastar unos 80 millones de d\u00f3lares en cuatro mercados, River hoy tiene un plantel tasado, seg\u00fan transfermarkt, en u$s 99.400.000 y repleto de juveniles, mientras que el del 2023 de Micho val\u00eda 135.850.000.<\/p>\n<\/div>\n<p><h2>El uno por uno de los mercados de pases<\/h2>\n<\/p>\n<div id=\"element-body-12\" class=\"sc-136cd478-0 ekTCfV\">\n<p><strong>Mercado Micho-Gallardo, u$s 16,9 millones: <\/strong> Invierno del 2024. Demichelis hab\u00eda tra\u00eddo a Ledesma, Gattoni, Bareiro y Carboni. Cuando volvi\u00f3 el Mu\u00f1eco, puli\u00f3 ese primer mercado: gast\u00f3 u$s 16,9M. Llegaron, adem\u00e1s, Pezzella, Meza, Bustos y Acu\u00f1a. Bajas: E. Centuri\u00f3n, Palavecino, Barco, Herrera, Carboni, Felipe Pe\u00f1a, Boselli, Batalla, Ferreira.<\/p>\n<\/div>\n<div id=\"element-body-13\" class=\"sc-136cd478-0 ekTCfV\">\n<p><strong>Casta\u00f1o, Driussi y m\u00e1s, u$s 35 millones: <\/strong> En el verano del 2025, tras su primera pretemporada, Gallardo gast\u00f3 alrededor de 35.610.000 millones de d\u00f3lares. Llegaron Casta\u00f1o, Driussi, Mart\u00ednez Quarta, Montiel, Tapia, Enzo P\u00e9rez, Galoppo, Mat\u00edas Rojas. Bajas: Echeverri, Enzo D\u00edaz, Fonseca, Rojas, Solari, SantAnna, Galv\u00e1n, Alfonso, Zabala.<\/p>\n<\/div>\n<div id=\"element-body-14\" class=\"sc-136cd478-0 ekTCfV\">\n<p><strong>Salas, Portillo, Galarza, otros u$s 19 millones: <\/strong> Se invirti\u00f3 otra vez fuerte pensando en la Libertadores y el Mundial de Clubes. Se gastaron unos 19 millones. Altas: Maxi Salas, Juanfer, Portillo, Galarza&#8230; M\u00e1s Lautaro Rivero, Boselli y Woiski. Bajas: Mastan, Lanzini, Aliendro, Herrera, Tapia, Gonz\u00e1lez Pirez, Lavagnino, D. Mart\u00ednez.<\/p>\n<\/div>\n<div id=\"element-body-15\" class=\"sc-136cd478-0 ekTCfV\">\n<p><strong>Con Di Carlo, el presupuesto se acort\u00f3: <\/strong> Para el \u00faltimo verano, River proyect\u00f3 gastar <strong>no m\u00e1s de u$s 20M<\/strong>. Hubo <strong>m\u00e1s pr\u00e9stamos y repesca que compras<\/strong>. En total gast\u00f3 u$s 8M (sin contar Ram\u00edrez, refuerzo de Coudet). Altas: Vera, Moreno, Galv\u00e1n, Centuri\u00f3n, P\u00e1ez, Ram\u00edrez y Vi\u00f1a. Bajas: P\u00e9rez, Casco, Fern\u00e1ndez, Pity, Borja, Gattoni, Ledesma, Boselli.<\/p>\n<\/div>\n<div id=\"element-body-16\" class=\"sc-a7166897-0 eoLsBE\"><a href=\"https:\/\/www.ole.com.ar\/river-plate\/river-eduardo-coudet-superclasico-plantel-armado-jovenes-pibes-volantes-indirecta-critica-gallardo_0_oNY9mo65wq.html\" aria-label=\"La indirecta de Coudet sobre el armado del plantel de River\" class=\"sc-3c11979e-0 dqpgzy\"\/><\/p>\n<section><picture><img alt=\"La indirecta de Coudet sobre el armado del plantel de River\" loading=\"lazy\" width=\"290\" height=\"290\" decoding=\"async\" data-nimg=\"1\" style=\"color:transparent\" src=\"https:\/\/www.ole.com.ar\/images\/2026\/04\/19\/o_WskFC5p_290x290__1.jpg\"\/><\/picture>\n<p><span>Mir\u00e1 tambi\u00e9n<\/span><\/p>\n<hr\/>\n<h3>La indirecta de Coudet sobre el armado del plantel de River<\/h3>\n<\/p>\n<\/section>\n<\/div>\n<\/div>\n\n","protected":false},"excerpt":{"rendered":"<p>20\/04\/2026 22:03hs. Es dif\u00edcil cuando ten\u00e9s que cambiar la ecuaci\u00f3n en un cl\u00e1sico y mirar para atr\u00e1s y tener cuatro o cinco chicos de 20 a\u00f1os\u201d. No se trat\u00f3 de una explicaci\u00f3n impulsiva esta frase de Eduardo Coudet tras la derrota en el supercl\u00e1sico. Tampoco fue una excusa para eludir su responsabilidad y, menos a\u00fan, [&hellip;]<\/p>\n","protected":false},"author":1,"featured_media":192155,"comment_status":"closed","ping_status":"closed","sticky":false,"template":"","format":"standard","meta":{"footnotes":""},"categories":[27],"tags":[],"class_list":["post-192154","post","type-post","status-publish","format-standard","has-post-thumbnail","hentry","category-deportes"],"yoast_head":"<!-- This site is optimized with the Yoast SEO plugin v24.4 - https:\/\/yoast.com\/wordpress\/plugins\/seo\/ -->\n<title>La devaluaci\u00f3n de River: c\u00f3mo y por qu\u00e9 se achic\u00f3 la cantidad y la calidad del plantel :: Ol\u00e9 - GYS NOTICIAS |<\/title>\n<meta name=\"robots\" content=\"index, follow, max-snippet:-1, max-image-preview:large, max-video-preview:-1\" \/>\n<link rel=\"canonical\" href=\"https:\/\/gysfm.com.ar\/inicio\/la-devaluacion-de-river-como-y-por-que-se-achico-la-cantidad-y-la-calidad-del-plantel-ole\/\" \/>\n<meta property=\"og:locale\" content=\"es_ES\" \/>\n<meta property=\"og:type\" content=\"article\" \/>\n<meta property=\"og:title\" content=\"La devaluaci\u00f3n de River: c\u00f3mo y por qu\u00e9 se achic\u00f3 la cantidad y la calidad del plantel :: Ol\u00e9 - GYS NOTICIAS |\" \/>\n<meta property=\"og:description\" content=\"20\/04\/2026 22:03hs. Es dif\u00edcil cuando ten\u00e9s que cambiar la ecuaci\u00f3n en un cl\u00e1sico y mirar para atr\u00e1s y tener cuatro o cinco chicos de 20 a\u00f1os\u201d. No se trat\u00f3 de una explicaci\u00f3n impulsiva esta frase de Eduardo Coudet tras la derrota en el supercl\u00e1sico. Tampoco fue una excusa para eludir su responsabilidad y, menos a\u00fan, [&hellip;]\" \/>\n<meta property=\"og:url\" content=\"https:\/\/gysfm.com.ar\/inicio\/la-devaluacion-de-river-como-y-por-que-se-achico-la-cantidad-y-la-calidad-del-plantel-ole\/\" \/>\n<meta property=\"og:site_name\" content=\"GYS NOTICIAS |\" \/>\n<meta property=\"article:published_time\" content=\"2026-04-21T19:26:26+00:00\" \/>\n<meta property=\"og:image\" content=\"https:\/\/www.ole.com.ar\/images\/2026\/04\/20\/s3xReo2n__720x0__1.jpg\" \/>\n<meta name=\"author\" content=\"admin\" \/>\n<meta name=\"twitter:card\" content=\"summary_large_image\" \/>\n<meta name=\"twitter:label1\" content=\"Escrito por\" \/>\n\t<meta name=\"twitter:data1\" content=\"admin\" \/>\n\t<meta name=\"twitter:label2\" content=\"Tiempo de lectura\" \/>\n\t<meta name=\"twitter:data2\" content=\"5 minutos\" \/>\n<script type=\"application\/ld+json\" class=\"yoast-schema-graph\">{\"@context\":\"https:\/\/schema.org\",\"@graph\":[{\"@type\":\"Article\",\"@id\":\"https:\/\/gysfm.com.ar\/inicio\/la-devaluacion-de-river-como-y-por-que-se-achico-la-cantidad-y-la-calidad-del-plantel-ole\/#article\",\"isPartOf\":{\"@id\":\"https:\/\/gysfm.com.ar\/inicio\/la-devaluacion-de-river-como-y-por-que-se-achico-la-cantidad-y-la-calidad-del-plantel-ole\/\"},\"author\":{\"name\":\"admin\",\"@id\":\"https:\/\/gysfm.com.ar\/inicio\/#\/schema\/person\/5bedd7ecd35cc35548d89effafa23696\"},\"headline\":\"La devaluaci\u00f3n de River: c\u00f3mo y por qu\u00e9 se achic\u00f3 la cantidad y la calidad del plantel :: Ol\u00e9\",\"datePublished\":\"2026-04-21T19:26:26+00:00\",\"mainEntityOfPage\":{\"@id\":\"https:\/\/gysfm.com.ar\/inicio\/la-devaluacion-de-river-como-y-por-que-se-achico-la-cantidad-y-la-calidad-del-plantel-ole\/\"},\"wordCount\":996,\"publisher\":{\"@id\":\"https:\/\/gysfm.com.ar\/inicio\/#organization\"},\"image\":{\"@id\":\"https:\/\/gysfm.com.ar\/inicio\/la-devaluacion-de-river-como-y-por-que-se-achico-la-cantidad-y-la-calidad-del-plantel-ole\/#primaryimage\"},\"thumbnailUrl\":\"https:\/\/gysfm.com.ar\/inicio\/wp-content\/uploads\/2026\/04\/yWhqfNABt_2000x1500__1.jpg\",\"articleSection\":[\"DEPORTES\"],\"inLanguage\":\"es\"},{\"@type\":\"WebPage\",\"@id\":\"https:\/\/gysfm.com.ar\/inicio\/la-devaluacion-de-river-como-y-por-que-se-achico-la-cantidad-y-la-calidad-del-plantel-ole\/\",\"url\":\"https:\/\/gysfm.com.ar\/inicio\/la-devaluacion-de-river-como-y-por-que-se-achico-la-cantidad-y-la-calidad-del-plantel-ole\/\",\"name\":\"La devaluaci\u00f3n de River: c\u00f3mo y por qu\u00e9 se achic\u00f3 la cantidad y la calidad del plantel :: Ol\u00e9 - GYS NOTICIAS |\",\"isPartOf\":{\"@id\":\"https:\/\/gysfm.com.ar\/inicio\/#website\"},\"primaryImageOfPage\":{\"@id\":\"https:\/\/gysfm.com.ar\/inicio\/la-devaluacion-de-river-como-y-por-que-se-achico-la-cantidad-y-la-calidad-del-plantel-ole\/#primaryimage\"},\"image\":{\"@id\":\"https:\/\/gysfm.com.ar\/inicio\/la-devaluacion-de-river-como-y-por-que-se-achico-la-cantidad-y-la-calidad-del-plantel-ole\/#primaryimage\"},\"thumbnailUrl\":\"https:\/\/gysfm.com.ar\/inicio\/wp-content\/uploads\/2026\/04\/yWhqfNABt_2000x1500__1.jpg\",\"datePublished\":\"2026-04-21T19:26:26+00:00\",\"breadcrumb\":{\"@id\":\"https:\/\/gysfm.com.ar\/inicio\/la-devaluacion-de-river-como-y-por-que-se-achico-la-cantidad-y-la-calidad-del-plantel-ole\/#breadcrumb\"},\"inLanguage\":\"es\",\"potentialAction\":[{\"@type\":\"ReadAction\",\"target\":[\"https:\/\/gysfm.com.ar\/inicio\/la-devaluacion-de-river-como-y-por-que-se-achico-la-cantidad-y-la-calidad-del-plantel-ole\/\"]}]},{\"@type\":\"ImageObject\",\"inLanguage\":\"es\",\"@id\":\"https:\/\/gysfm.com.ar\/inicio\/la-devaluacion-de-river-como-y-por-que-se-achico-la-cantidad-y-la-calidad-del-plantel-ole\/#primaryimage\",\"url\":\"https:\/\/gysfm.com.ar\/inicio\/wp-content\/uploads\/2026\/04\/yWhqfNABt_2000x1500__1.jpg\",\"contentUrl\":\"https:\/\/gysfm.com.ar\/inicio\/wp-content\/uploads\/2026\/04\/yWhqfNABt_2000x1500__1.jpg\",\"width\":2000,\"height\":1500},{\"@type\":\"BreadcrumbList\",\"@id\":\"https:\/\/gysfm.com.ar\/inicio\/la-devaluacion-de-river-como-y-por-que-se-achico-la-cantidad-y-la-calidad-del-plantel-ole\/#breadcrumb\",\"itemListElement\":[{\"@type\":\"ListItem\",\"position\":1,\"name\":\"Portada\",\"item\":\"https:\/\/gysfm.com.ar\/inicio\/\"},{\"@type\":\"ListItem\",\"position\":2,\"name\":\"La devaluaci\u00f3n de River: c\u00f3mo y por qu\u00e9 se achic\u00f3 la cantidad y la calidad del plantel :: Ol\u00e9\"}]},{\"@type\":\"WebSite\",\"@id\":\"https:\/\/gysfm.com.ar\/inicio\/#website\",\"url\":\"https:\/\/gysfm.com.ar\/inicio\/\",\"name\":\"GYS NOTICIAS |\",\"description\":\"DIARIO - RADIO ONLINE SAN JUAN ARGENTINA\",\"publisher\":{\"@id\":\"https:\/\/gysfm.com.ar\/inicio\/#organization\"},\"potentialAction\":[{\"@type\":\"SearchAction\",\"target\":{\"@type\":\"EntryPoint\",\"urlTemplate\":\"https:\/\/gysfm.com.ar\/inicio\/?s={search_term_string}\"},\"query-input\":{\"@type\":\"PropertyValueSpecification\",\"valueRequired\":true,\"valueName\":\"search_term_string\"}}],\"inLanguage\":\"es\"},{\"@type\":\"Organization\",\"@id\":\"https:\/\/gysfm.com.ar\/inicio\/#organization\",\"name\":\"GYS NOTICIAS |\",\"url\":\"https:\/\/gysfm.com.ar\/inicio\/\",\"logo\":{\"@type\":\"ImageObject\",\"inLanguage\":\"es\",\"@id\":\"https:\/\/gysfm.com.ar\/inicio\/#\/schema\/logo\/image\/\",\"url\":\"https:\/\/gysfm.com.ar\/inicio\/wp-content\/uploads\/2023\/07\/LOGOGYS-OK.png\",\"contentUrl\":\"https:\/\/gysfm.com.ar\/inicio\/wp-content\/uploads\/2023\/07\/LOGOGYS-OK.png\",\"width\":1170,\"height\":872,\"caption\":\"GYS NOTICIAS |\"},\"image\":{\"@id\":\"https:\/\/gysfm.com.ar\/inicio\/#\/schema\/logo\/image\/\"}},{\"@type\":\"Person\",\"@id\":\"https:\/\/gysfm.com.ar\/inicio\/#\/schema\/person\/5bedd7ecd35cc35548d89effafa23696\",\"name\":\"admin\",\"image\":{\"@type\":\"ImageObject\",\"inLanguage\":\"es\",\"@id\":\"https:\/\/gysfm.com.ar\/inicio\/#\/schema\/person\/image\/\",\"url\":\"https:\/\/secure.gravatar.com\/avatar\/c331d312b5243fb64d5ba28108a447b27c925295129a363082c9ea52c28d32c2?s=96&d=mm&r=g\",\"contentUrl\":\"https:\/\/secure.gravatar.com\/avatar\/c331d312b5243fb64d5ba28108a447b27c925295129a363082c9ea52c28d32c2?s=96&d=mm&r=g\",\"caption\":\"admin\"},\"sameAs\":[\"https:\/\/gysfm.com.ar\/inicio\"],\"url\":\"https:\/\/gysfm.com.ar\/inicio\/author\/admin\/\"}]}<\/script>\n<!-- \/ Yoast SEO plugin. -->","yoast_head_json":{"title":"La devaluaci\u00f3n de River: c\u00f3mo y por qu\u00e9 se achic\u00f3 la cantidad y la calidad del plantel :: Ol\u00e9 - GYS NOTICIAS |","robots":{"index":"index","follow":"follow","max-snippet":"max-snippet:-1","max-image-preview":"max-image-preview:large","max-video-preview":"max-video-preview:-1"},"canonical":"https:\/\/gysfm.com.ar\/inicio\/la-devaluacion-de-river-como-y-por-que-se-achico-la-cantidad-y-la-calidad-del-plantel-ole\/","og_locale":"es_ES","og_type":"article","og_title":"La devaluaci\u00f3n de River: c\u00f3mo y por qu\u00e9 se achic\u00f3 la cantidad y la calidad del plantel :: Ol\u00e9 - GYS NOTICIAS |","og_description":"20\/04\/2026 22:03hs. Es dif\u00edcil cuando ten\u00e9s que cambiar la ecuaci\u00f3n en un cl\u00e1sico y mirar para atr\u00e1s y tener cuatro o cinco chicos de 20 a\u00f1os\u201d. No se trat\u00f3 de una explicaci\u00f3n impulsiva esta frase de Eduardo Coudet tras la derrota en el supercl\u00e1sico. Tampoco fue una excusa para eludir su responsabilidad y, menos a\u00fan, [&hellip;]","og_url":"https:\/\/gysfm.com.ar\/inicio\/la-devaluacion-de-river-como-y-por-que-se-achico-la-cantidad-y-la-calidad-del-plantel-ole\/","og_site_name":"GYS NOTICIAS |","article_published_time":"2026-04-21T19:26:26+00:00","og_image":[{"url":"https:\/\/www.ole.com.ar\/images\/2026\/04\/20\/s3xReo2n__720x0__1.jpg","type":"","width":"","height":""}],"author":"admin","twitter_card":"summary_large_image","twitter_misc":{"Escrito por":"admin","Tiempo de lectura":"5 minutos"},"schema":{"@context":"https:\/\/schema.org","@graph":[{"@type":"Article","@id":"https:\/\/gysfm.com.ar\/inicio\/la-devaluacion-de-river-como-y-por-que-se-achico-la-cantidad-y-la-calidad-del-plantel-ole\/#article","isPartOf":{"@id":"https:\/\/gysfm.com.ar\/inicio\/la-devaluacion-de-river-como-y-por-que-se-achico-la-cantidad-y-la-calidad-del-plantel-ole\/"},"author":{"name":"admin","@id":"https:\/\/gysfm.com.ar\/inicio\/#\/schema\/person\/5bedd7ecd35cc35548d89effafa23696"},"headline":"La devaluaci\u00f3n de River: c\u00f3mo y por qu\u00e9 se achic\u00f3 la cantidad y la calidad del plantel :: Ol\u00e9","datePublished":"2026-04-21T19:26:26+00:00","mainEntityOfPage":{"@id":"https:\/\/gysfm.com.ar\/inicio\/la-devaluacion-de-river-como-y-por-que-se-achico-la-cantidad-y-la-calidad-del-plantel-ole\/"},"wordCount":996,"publisher":{"@id":"https:\/\/gysfm.com.ar\/inicio\/#organization"},"image":{"@id":"https:\/\/gysfm.com.ar\/inicio\/la-devaluacion-de-river-como-y-por-que-se-achico-la-cantidad-y-la-calidad-del-plantel-ole\/#primaryimage"},"thumbnailUrl":"https:\/\/gysfm.com.ar\/inicio\/wp-content\/uploads\/2026\/04\/yWhqfNABt_2000x1500__1.jpg","articleSection":["DEPORTES"],"inLanguage":"es"},{"@type":"WebPage","@id":"https:\/\/gysfm.com.ar\/inicio\/la-devaluacion-de-river-como-y-por-que-se-achico-la-cantidad-y-la-calidad-del-plantel-ole\/","url":"https:\/\/gysfm.com.ar\/inicio\/la-devaluacion-de-river-como-y-por-que-se-achico-la-cantidad-y-la-calidad-del-plantel-ole\/","name":"La devaluaci\u00f3n de River: c\u00f3mo y por qu\u00e9 se achic\u00f3 la cantidad y la calidad del plantel :: Ol\u00e9 - GYS NOTICIAS |","isPartOf":{"@id":"https:\/\/gysfm.com.ar\/inicio\/#website"},"primaryImageOfPage":{"@id":"https:\/\/gysfm.com.ar\/inicio\/la-devaluacion-de-river-como-y-por-que-se-achico-la-cantidad-y-la-calidad-del-plantel-ole\/#primaryimage"},"image":{"@id":"https:\/\/gysfm.com.ar\/inicio\/la-devaluacion-de-river-como-y-por-que-se-achico-la-cantidad-y-la-calidad-del-plantel-ole\/#primaryimage"},"thumbnailUrl":"https:\/\/gysfm.com.ar\/inicio\/wp-content\/uploads\/2026\/04\/yWhqfNABt_2000x1500__1.jpg","datePublished":"2026-04-21T19:26:26+00:00","breadcrumb":{"@id":"https:\/\/gysfm.com.ar\/inicio\/la-devaluacion-de-river-como-y-por-que-se-achico-la-cantidad-y-la-calidad-del-plantel-ole\/#breadcrumb"},"inLanguage":"es","potentialAction":[{"@type":"ReadAction","target":["https:\/\/gysfm.com.ar\/inicio\/la-devaluacion-de-river-como-y-por-que-se-achico-la-cantidad-y-la-calidad-del-plantel-ole\/"]}]},{"@type":"ImageObject","inLanguage":"es","@id":"https:\/\/gysfm.com.ar\/inicio\/la-devaluacion-de-river-como-y-por-que-se-achico-la-cantidad-y-la-calidad-del-plantel-ole\/#primaryimage","url":"https:\/\/gysfm.com.ar\/inicio\/wp-content\/uploads\/2026\/04\/yWhqfNABt_2000x1500__1.jpg","contentUrl":"https:\/\/gysfm.com.ar\/inicio\/wp-content\/uploads\/2026\/04\/yWhqfNABt_2000x1500__1.jpg","width":2000,"height":1500},{"@type":"BreadcrumbList","@id":"https:\/\/gysfm.com.ar\/inicio\/la-devaluacion-de-river-como-y-por-que-se-achico-la-cantidad-y-la-calidad-del-plantel-ole\/#breadcrumb","itemListElement":[{"@type":"ListItem","position":1,"name":"Portada","item":"https:\/\/gysfm.com.ar\/inicio\/"},{"@type":"ListItem","position":2,"name":"La devaluaci\u00f3n de River: c\u00f3mo y por qu\u00e9 se achic\u00f3 la cantidad y la calidad del plantel :: Ol\u00e9"}]},{"@type":"WebSite","@id":"https:\/\/gysfm.com.ar\/inicio\/#website","url":"https:\/\/gysfm.com.ar\/inicio\/","name":"GYS NOTICIAS |","description":"DIARIO - RADIO ONLINE SAN JUAN ARGENTINA","publisher":{"@id":"https:\/\/gysfm.com.ar\/inicio\/#organization"},"potentialAction":[{"@type":"SearchAction","target":{"@type":"EntryPoint","urlTemplate":"https:\/\/gysfm.com.ar\/inicio\/?s={search_term_string}"},"query-input":{"@type":"PropertyValueSpecification","valueRequired":true,"valueName":"search_term_string"}}],"inLanguage":"es"},{"@type":"Organization","@id":"https:\/\/gysfm.com.ar\/inicio\/#organization","name":"GYS NOTICIAS |","url":"https:\/\/gysfm.com.ar\/inicio\/","logo":{"@type":"ImageObject","inLanguage":"es","@id":"https:\/\/gysfm.com.ar\/inicio\/#\/schema\/logo\/image\/","url":"https:\/\/gysfm.com.ar\/inicio\/wp-content\/uploads\/2023\/07\/LOGOGYS-OK.png","contentUrl":"https:\/\/gysfm.com.ar\/inicio\/wp-content\/uploads\/2023\/07\/LOGOGYS-OK.png","width":1170,"height":872,"caption":"GYS NOTICIAS |"},"image":{"@id":"https:\/\/gysfm.com.ar\/inicio\/#\/schema\/logo\/image\/"}},{"@type":"Person","@id":"https:\/\/gysfm.com.ar\/inicio\/#\/schema\/person\/5bedd7ecd35cc35548d89effafa23696","name":"admin","image":{"@type":"ImageObject","inLanguage":"es","@id":"https:\/\/gysfm.com.ar\/inicio\/#\/schema\/person\/image\/","url":"https:\/\/secure.gravatar.com\/avatar\/c331d312b5243fb64d5ba28108a447b27c925295129a363082c9ea52c28d32c2?s=96&d=mm&r=g","contentUrl":"https:\/\/secure.gravatar.com\/avatar\/c331d312b5243fb64d5ba28108a447b27c925295129a363082c9ea52c28d32c2?s=96&d=mm&r=g","caption":"admin"},"sameAs":["https:\/\/gysfm.com.ar\/inicio"],"url":"https:\/\/gysfm.com.ar\/inicio\/author\/admin\/"}]}},"_links":{"self":[{"href":"https:\/\/gysfm.com.ar\/inicio\/wp-json\/wp\/v2\/posts\/192154","targetHints":{"allow":["GET"]}}],"collection":[{"href":"https:\/\/gysfm.com.ar\/inicio\/wp-json\/wp\/v2\/posts"}],"about":[{"href":"https:\/\/gysfm.com.ar\/inicio\/wp-json\/wp\/v2\/types\/post"}],"author":[{"embeddable":true,"href":"https:\/\/gysfm.com.ar\/inicio\/wp-json\/wp\/v2\/users\/1"}],"replies":[{"embeddable":true,"href":"https:\/\/gysfm.com.ar\/inicio\/wp-json\/wp\/v2\/comments?post=192154"}],"version-history":[{"count":0,"href":"https:\/\/gysfm.com.ar\/inicio\/wp-json\/wp\/v2\/posts\/192154\/revisions"}],"wp:featuredmedia":[{"embeddable":true,"href":"https:\/\/gysfm.com.ar\/inicio\/wp-json\/wp\/v2\/media\/192155"}],"wp:attachment":[{"href":"https:\/\/gysfm.com.ar\/inicio\/wp-json\/wp\/v2\/media?parent=192154"}],"wp:term":[{"taxonomy":"category","embeddable":true,"href":"https:\/\/gysfm.com.ar\/inicio\/wp-json\/wp\/v2\/categories?post=192154"},{"taxonomy":"post_tag","embeddable":true,"href":"https:\/\/gysfm.com.ar\/inicio\/wp-json\/wp\/v2\/tags?post=192154"}],"curies":[{"name":"wp","href":"https:\/\/api.w.org\/{rel}","templated":true}]}}