{"id":192151,"date":"2026-04-21T16:17:05","date_gmt":"2026-04-21T19:17:05","guid":{"rendered":"https:\/\/gysfm.com.ar\/inicio\/ahora-viene-lo-mejor-pero-el-que-no-viene-mas-es-el-bondi\/"},"modified":"2026-04-21T16:17:05","modified_gmt":"2026-04-21T19:17:05","slug":"ahora-viene-lo-mejor-pero-el-que-no-viene-mas-es-el-bondi","status":"publish","type":"post","link":"https:\/\/gysfm.com.ar\/inicio\/ahora-viene-lo-mejor-pero-el-que-no-viene-mas-es-el-bondi\/","title":{"rendered":"Ahora viene lo mejor, pero el que no viene m\u00e1s es el bondi"},"content":{"rendered":"<p><\/p>\n<div id=\"article-content\">\n<p>Se vienen los <a target=\"_blank\" href=\"https:\/\/www.perfil.com\/noticias\/economia\/amcham-summit-2026-luis-caputo-abre-la-agenda-economica-ante-empresarios.phtml\">mejores 18 meses<\/a> de las \u00faltimas d\u00e9cadas. Pero <a target=\"_blank\" href=\"https:\/\/www.perfil.com\/noticias\/economia\/el-gobierno-y-las-camaras-avanzan-en-negociaciones-mientras-los-colectivos-mejoran-el-servicio-pero-siguen-con-demoras-a40.phtml\"><strong>el que no viene nunca es el bondi.<\/strong><\/a><\/p>\n<p>Un informe de la Asociaci\u00f3n Argentina de Empresarios del Transporte Automotor conocido este lunes muestra que en lo que va de abril <strong>cayeron un 18% los kil\u00f3metros promedio recorridos por colectivos<\/strong> en d\u00edas h\u00e1biles en el \u00c1rea Metropolitana de Buenos Aires, respecto al mismo per\u00edodo de 2025. Caen adem\u00e1s 21% los pasajeros transportados en la comparaci\u00f3n interanual: 9,2 millones en abril de 2025, contra 7,2 millones este mes. En el pa\u00eds la ca\u00edda promedia el<strong> 20%<\/strong>, y en la provincia de Buenos Aires alcanza el <strong>25%.<\/strong><\/p>\n<p>El fen\u00f3meno ya se hab\u00eda producido en marzo, pero se agudiz\u00f3 este mes. En declaraciones a <em>El Destape<\/em>, Luciano Fusaro, titular de la entidad, dijo que los datos reflejan tanto la <strong>ca\u00edda de la actividad vinculada al transporte<\/strong> \u2014industria, comercio, construcci\u00f3n, sectores que lejos de mejorar, retroceden o permanecen estancados\u2014, <strong>como a una mayor incidencia de la tarifa en el salario.<\/strong><\/p>\n<div class=\"subscription\">\n<p>\n        Esto no les gusta a los autoritarios\n    <\/p>\n<div class=\"subscription__container\">\n<div class=\"subscription__text-wrapper\">\n<p>\n                El ejercicio del periodismo profesional y cr\u00edtico es un pilar fundamental de la democracia. Por eso molesta a quienes creen ser los due\u00f1os de la verdad.\n            <\/p>\n<\/p><\/div><\/div>\n<\/div>\n<p class=\"destacadoNota\"><a target=\"_blank\" href=\"https:\/\/www.perfil.com\/noticias\/columnistas\/dios-nos-libre-como-el-fanatismo-religioso-tomo-de-rehen-a-la-politica.phtml\">Dios nos libre: c\u00f3mo el fanatismo religioso tom\u00f3 de reh\u00e9n a la pol\u00edtica<\/a><\/p>\n<p>La situaci\u00f3n del transporte en el AMBA aparece de esta manera dominada por <strong>atrasos en el pago de subsidios y salarios<\/strong>, paros parciales, reducciones en la frecuencia y un contexto de ca\u00edda de la demanda del servicio tras los aumentos de tarifas desde comienzos de a\u00f1o, que superan la inflaci\u00f3n acumulada. Para mayo se espera una nueva actualizaci\u00f3n, del <strong>5,4%.<\/strong><\/p>\n<p>El combo se traduce en largas colas en las paradas, un pronunciado deterioro en las condiciones del viaje y<strong> una indignaci\u00f3n creciente en los usuarios.<\/strong><\/p>\n<p>La frase del comienzo pertenece al ministro de Econom\u00eda <strong>Luis Caputo<\/strong>. La pronunci\u00f3 una semana atr\u00e1s, durante su exposici\u00f3n ante la <em>AmCham Summit<\/em> 2026, el encuentro anual de la C\u00e1mara de Comercio de los Estados Unidos en la Argentina, previo a su viaje a Washington.<\/p>\n<p class=\"destacadoNota\"><a target=\"_blank\" href=\"https:\/\/www.perfil.com\/noticias\/economia\/las-empresas-nacen-y-mueren-la-resignacion-del-establishment-ante-la-asfixia-impositiva-y-la-unica-puerta-de-salida-del-gobierno-a40.phtml\">\u201cLas empresas nacen y mueren\u201d: la resignaci\u00f3n del establishment ante la asfixia impositiva y la \u00fanica puerta de salida del Gobierno<\/a><\/p>\n<p>\u201cLos pr\u00f3ximos 18 meses van a ser los mejores que Argentina haya visto en las \u00faltimas d\u00e9cadas\u201d, dijo all\u00ed Caputo. Alud\u00eda as\u00ed a la expectativa de crecimiento de la econom\u00eda de aqu\u00ed al final del mandato del presidente Milei. Pero tambi\u00e9n a la que generan sus negociaciones con organismos multilaterales de cr\u00e9dito en Washington, la baja de la inflaci\u00f3n estimada y, m\u00e1s que nada, <strong>el ingreso de d\u00f3lares por exportaciones del agro, energ\u00eda y miner\u00eda.<\/strong><\/p>\n<p>Se estima que en ese plazo entrar\u00e1n a la Argentina <strong>entre 80 y 90 mil millones de d\u00f3lares<\/strong>, con el campo a\u00fan como principal fuente de las exportaciones, aunque con una producci\u00f3n proyectada de un mill\u00f3n de barriles diarios de petr\u00f3leo, lo que romper\u00eda el techo hist\u00f3rico en hidrocarburos. Para el cuatrienio 2028\/32 se anticipa el cambio sist\u00e9mico del complejo exportador de la Argentina, con la energ\u00eda y la miner\u00eda como ejes dominantes.<\/p>\n<p>Con un panorama en el que los motores del crecimiento se concentran en actividades de bajo impacto en la generaci\u00f3n de empleo en \u00e1reas metropolitanas, <strong>la crisis del transporte en el AMBA podr\u00eda no ser coyuntural, sino de car\u00e1cter estructural.<\/strong> Todo indica que lleg\u00f3 para quedarse.<\/p>\n<h2>Zona de riesgo<\/h2>\n<p>En una recomendable <a target=\"_blank\" href=\"https:\/\/www.youtube.com\/watch?v=rht36Encq5k&amp;t=2s\">entrevista<\/a> con Hern\u00e1n Iglesias Illia en el canal <em>Se\u00fal<\/em>, Juan Carlos Torre advirti\u00f3 sobre la <strong>\u201czona de riesgo\u201d<\/strong> que se configura detr\u00e1s del conflicto entre las empresas de transporte y el Gobierno nacional.<\/p>\n<p>Torre, autor del elogiado <em>Diario de una temporada en el Quinto Piso<\/em> es un <strong>observador agudo de los procesos sociales <\/strong>y ha tenido varios hallazgos recientes (como que la pobreza es una \u201cplaya de estacionamiento de dos o tres generaciones\u201d o sus reflexiones sobre \u201cla pasi\u00f3n igualitaria en la Argentina\u201d). <\/p>\n<p>En esa charla dice que su \u00faltima obsesi\u00f3n es el transporte. \u201cNo puedo soportar cuando me doy cuenta de que <strong>la gente est\u00e1 dos, tres horas; tres colectivos, dos trenes&#8230; <\/strong>All\u00ed hay una zona de riesgo. Una zona de riesgo que Chile conoci\u00f3 dram\u00e1ticamente. <strong>Ah\u00ed se dio vuelta la tortilla en un pa\u00eds estable<\/strong>\u201d. La suba del boleto del transporte urbano fue el chispazo que encendi\u00f3 la pradera de la <strong>revuelta chilena en octubre de 2019<\/strong>, en el \u00faltimo gobierno de Sebasti\u00e1n Pi\u00f1era.  <\/p>\n<div style=\"text-align:center\">\n<figure class=\"image\" style=\"display:inline-block\"><picture><source media=\"(max-width: 440px)\" srcset=\"https:\/\/fotos.perfil.com\/\/2026\/03\/03\/440\/0\/nuevo-aumento-de-colectivos-en-marzo-de-2026-03033036-2195615.jpg?webp\"\/><source media=\"(max-width: 1019px)\" srcset=\"https:\/\/fotos.perfil.com\/\/2026\/03\/03\/712\/0\/nuevo-aumento-de-colectivos-en-marzo-de-2026-03033036-2195615.jpg?webp\"\/><img decoding=\"async\" style=\"max-width: 100%; width: 100%;\" alt=\"Nuevo aumento de colectivos en marzo de 2026 03033036\" src=\"https:\/\/fotos.perfil.com\/\/2026\/03\/03\/900\/0\/nuevo-aumento-de-colectivos-en-marzo-de-2026-03033036-2195615.jpg?webp\" loading=\"lazy\"\/><\/picture><figcaption>Seg\u00fan el soci\u00f3lo, la gente del Conurbano \u00abno puede soportar\u00bb la situaci\u00f3n cr\u00edtica del transporte p\u00fablico <\/figcaption><\/figure>\n<\/p><\/div>\n<p>Torre extiende la idea y detecta \u201czonas de riesgo de <strong>desintegraci\u00f3n social<\/strong>\u201d en distritos del Conurbano bonaerense donde han permeado la delincuencia organizada y el narcotr\u00e1fico. Sin embargo, insiste en la cuesti\u00f3n del transporte: \u201cLa gente en el Conurbano se las rebusca para llegar a fin de mes.<strong> Pero lo que no puede soportar es eso. Ah\u00ed el Gobierno tiene un tal\u00f3n de Aquiles, muy vulnerable\u201d. <\/strong><\/p>\n<p>Lo que est\u00e1 viendo Torre es un <strong>s\u00edntoma<\/strong>.<\/p>\n<p>Vale mencionar dos observaciones, el fin de semana, de<strong> Ricardo Arriazu<\/strong>, un economista que bascula entre apoyos al rumbo econ\u00f3mico y advertencias sobre la implementaci\u00f3n del programa. <\/p>\n<p class=\"destacadoNota\"><a target=\"_blank\" href=\"https:\/\/www.perfil.com\/noticias\/economia\/ni-recuperacion-ni-alivio-el-indice-de-vulnerabilidad-familiar-expone-el-deterioro-del-empleo-y-el-salario.phtml\">Ni recuperaci\u00f3n ni alivio: el \u00cdndice de Vulnerabilidad Familiar expone el deterioro del empleo y el salario<\/a><\/p>\n<p>Arriazu uni\u00f3 los dos mundos. Observ\u00f3 que el proceso de cambio de modelo produce<strong> mayor destrucci\u00f3n que creaci\u00f3n de empleo <\/strong>y dijo que eso puede reflejarse en las pr\u00f3ximas elecciones en el conurbano. <strong>\u201cEs el principal problema que enfrenta el Gobierno.<\/strong> Su desaf\u00edo es la elecci\u00f3n en el Gran Buenos Aires el pr\u00f3ximo a\u00f1o\u00bb. <\/p>\n<p>En efecto, la tasa de desempleo fue de 7,5% en los 31 conglomerados urbanos en el cuarto trimestre de 2025, seg\u00fan la medici\u00f3n del Indec. Pero trep\u00f3 al 9,5% en el Conurbano bonaerense en el mismo per\u00edodo.<\/p>\n<p>Lo m\u00e1s interesante de Arriazu fue, sin embargo, su asombro ante la mec\u00e1nica que presenta este proceso de reconversi\u00f3n econ\u00f3mica en la Argentina. \u201cEn mi vida nunca vi esta nueva din\u00e1mica de sectores de <strong>capital intensivo<\/strong> como la energ\u00eda, la miner\u00eda y el agro que generan una gran cantidad de divisas, pero <strong>absorben poca mano de obra<\/strong>\u201d. <\/p>\n<p>Estamos frente a un <strong>nuevo experimento social.<\/strong><\/p>\n<p><em>ML<\/em><\/p>\n<\/p><\/div>\n<p><script>\n                !function(f,b,e,v,n,t,s)\n                {if(f.fbq)return;n=f.fbq=function(){n.callMethod?\n                    n.callMethod.apply(n,arguments):n.queue.push(arguments)};\n                    if(!f._fbq)f._fbq=n;n.push=n;n.loaded=!0;n.version='2.0';\n                    n.queue=[];t=b.createElement(e);t.async=!0;\n                    t.src=v;s=b.getElementsByTagName(e)[0];\n                    s.parentNode.insertBefore(t,s)}(window, document,'script',\n                    'https:\/\/connect.facebook.net\/en_US\/fbevents.js');\n                window.paywallConfig.facebook_pixel=\"1000228364089342\"\n            <\/script><\/p>\n","protected":false},"excerpt":{"rendered":"<p>Se vienen los mejores 18 meses de las \u00faltimas d\u00e9cadas. Pero el que no viene nunca es el bondi. Un informe de la Asociaci\u00f3n Argentina de Empresarios del Transporte Automotor conocido este lunes muestra que en lo que va de abril cayeron un 18% los kil\u00f3metros promedio recorridos por colectivos en d\u00edas h\u00e1biles en el [&hellip;]<\/p>\n","protected":false},"author":2,"featured_media":192152,"comment_status":"closed","ping_status":"closed","sticky":false,"template":"","format":"standard","meta":{"footnotes":""},"categories":[25],"tags":[],"class_list":["post-192151","post","type-post","status-publish","format-standard","has-post-thumbnail","hentry","category-nacionales"],"yoast_head":"<!-- This site is optimized with the Yoast SEO plugin v24.4 - https:\/\/yoast.com\/wordpress\/plugins\/seo\/ -->\n<title>Ahora viene lo mejor, pero el que no viene m\u00e1s es el bondi - GYS NOTICIAS |<\/title>\n<meta name=\"robots\" content=\"index, follow, max-snippet:-1, max-image-preview:large, max-video-preview:-1\" \/>\n<link rel=\"canonical\" href=\"https:\/\/gysfm.com.ar\/inicio\/ahora-viene-lo-mejor-pero-el-que-no-viene-mas-es-el-bondi\/\" \/>\n<meta property=\"og:locale\" content=\"es_ES\" \/>\n<meta property=\"og:type\" content=\"article\" \/>\n<meta property=\"og:title\" content=\"Ahora viene lo mejor, pero el que no viene m\u00e1s es el bondi - GYS NOTICIAS |\" \/>\n<meta property=\"og:description\" content=\"Se vienen los mejores 18 meses de las \u00faltimas d\u00e9cadas. Pero el que no viene nunca es el bondi. Un informe de la Asociaci\u00f3n Argentina de Empresarios del Transporte Automotor conocido este lunes muestra que en lo que va de abril cayeron un 18% los kil\u00f3metros promedio recorridos por colectivos en d\u00edas h\u00e1biles en el [&hellip;]\" \/>\n<meta property=\"og:url\" content=\"https:\/\/gysfm.com.ar\/inicio\/ahora-viene-lo-mejor-pero-el-que-no-viene-mas-es-el-bondi\/\" \/>\n<meta property=\"og:site_name\" content=\"GYS NOTICIAS |\" \/>\n<meta property=\"article:published_time\" content=\"2026-04-21T19:17:05+00:00\" \/>\n<meta property=\"og:image\" content=\"https:\/\/fotos.perfil.com\/\/2026\/03\/03\/900\/0\/nuevo-aumento-de-colectivos-en-marzo-de-2026-03033036-2195615.jpg?webp\" \/>\n<meta name=\"author\" content=\"Prensa G&amp;S FM\" \/>\n<meta name=\"twitter:card\" content=\"summary_large_image\" \/>\n<meta name=\"twitter:label1\" content=\"Escrito por\" \/>\n\t<meta name=\"twitter:data1\" content=\"Prensa G&amp;S FM\" \/>\n\t<meta name=\"twitter:label2\" content=\"Tiempo de lectura\" \/>\n\t<meta name=\"twitter:data2\" content=\"5 minutos\" \/>\n<script type=\"application\/ld+json\" class=\"yoast-schema-graph\">{\"@context\":\"https:\/\/schema.org\",\"@graph\":[{\"@type\":\"Article\",\"@id\":\"https:\/\/gysfm.com.ar\/inicio\/ahora-viene-lo-mejor-pero-el-que-no-viene-mas-es-el-bondi\/#article\",\"isPartOf\":{\"@id\":\"https:\/\/gysfm.com.ar\/inicio\/ahora-viene-lo-mejor-pero-el-que-no-viene-mas-es-el-bondi\/\"},\"author\":{\"name\":\"Prensa G&amp;S FM\",\"@id\":\"https:\/\/gysfm.com.ar\/inicio\/#\/schema\/person\/3abba7593ef2ad19e1be221d54383dc5\"},\"headline\":\"Ahora viene lo mejor, pero el que no viene m\u00e1s es el bondi\",\"datePublished\":\"2026-04-21T19:17:05+00:00\",\"mainEntityOfPage\":{\"@id\":\"https:\/\/gysfm.com.ar\/inicio\/ahora-viene-lo-mejor-pero-el-que-no-viene-mas-es-el-bondi\/\"},\"wordCount\":1107,\"publisher\":{\"@id\":\"https:\/\/gysfm.com.ar\/inicio\/#organization\"},\"image\":{\"@id\":\"https:\/\/gysfm.com.ar\/inicio\/ahora-viene-lo-mejor-pero-el-que-no-viene-mas-es-el-bondi\/#primaryimage\"},\"thumbnailUrl\":\"https:\/\/gysfm.com.ar\/inicio\/wp-content\/uploads\/2026\/04\/luis-caputo-en-amcham-summit-2026-14042026-2219995.jpg\",\"articleSection\":[\"NACIONALES\"],\"inLanguage\":\"es\"},{\"@type\":\"WebPage\",\"@id\":\"https:\/\/gysfm.com.ar\/inicio\/ahora-viene-lo-mejor-pero-el-que-no-viene-mas-es-el-bondi\/\",\"url\":\"https:\/\/gysfm.com.ar\/inicio\/ahora-viene-lo-mejor-pero-el-que-no-viene-mas-es-el-bondi\/\",\"name\":\"Ahora viene lo mejor, pero el que no viene m\u00e1s es el bondi - GYS NOTICIAS |\",\"isPartOf\":{\"@id\":\"https:\/\/gysfm.com.ar\/inicio\/#website\"},\"primaryImageOfPage\":{\"@id\":\"https:\/\/gysfm.com.ar\/inicio\/ahora-viene-lo-mejor-pero-el-que-no-viene-mas-es-el-bondi\/#primaryimage\"},\"image\":{\"@id\":\"https:\/\/gysfm.com.ar\/inicio\/ahora-viene-lo-mejor-pero-el-que-no-viene-mas-es-el-bondi\/#primaryimage\"},\"thumbnailUrl\":\"https:\/\/gysfm.com.ar\/inicio\/wp-content\/uploads\/2026\/04\/luis-caputo-en-amcham-summit-2026-14042026-2219995.jpg\",\"datePublished\":\"2026-04-21T19:17:05+00:00\",\"breadcrumb\":{\"@id\":\"https:\/\/gysfm.com.ar\/inicio\/ahora-viene-lo-mejor-pero-el-que-no-viene-mas-es-el-bondi\/#breadcrumb\"},\"inLanguage\":\"es\",\"potentialAction\":[{\"@type\":\"ReadAction\",\"target\":[\"https:\/\/gysfm.com.ar\/inicio\/ahora-viene-lo-mejor-pero-el-que-no-viene-mas-es-el-bondi\/\"]}]},{\"@type\":\"ImageObject\",\"inLanguage\":\"es\",\"@id\":\"https:\/\/gysfm.com.ar\/inicio\/ahora-viene-lo-mejor-pero-el-que-no-viene-mas-es-el-bondi\/#primaryimage\",\"url\":\"https:\/\/gysfm.com.ar\/inicio\/wp-content\/uploads\/2026\/04\/luis-caputo-en-amcham-summit-2026-14042026-2219995.jpg\",\"contentUrl\":\"https:\/\/gysfm.com.ar\/inicio\/wp-content\/uploads\/2026\/04\/luis-caputo-en-amcham-summit-2026-14042026-2219995.jpg\",\"width\":1140,\"height\":641},{\"@type\":\"BreadcrumbList\",\"@id\":\"https:\/\/gysfm.com.ar\/inicio\/ahora-viene-lo-mejor-pero-el-que-no-viene-mas-es-el-bondi\/#breadcrumb\",\"itemListElement\":[{\"@type\":\"ListItem\",\"position\":1,\"name\":\"Portada\",\"item\":\"https:\/\/gysfm.com.ar\/inicio\/\"},{\"@type\":\"ListItem\",\"position\":2,\"name\":\"Ahora viene lo mejor, pero el que no viene m\u00e1s es el bondi\"}]},{\"@type\":\"WebSite\",\"@id\":\"https:\/\/gysfm.com.ar\/inicio\/#website\",\"url\":\"https:\/\/gysfm.com.ar\/inicio\/\",\"name\":\"GYS NOTICIAS |\",\"description\":\"DIARIO - RADIO ONLINE SAN JUAN ARGENTINA\",\"publisher\":{\"@id\":\"https:\/\/gysfm.com.ar\/inicio\/#organization\"},\"potentialAction\":[{\"@type\":\"SearchAction\",\"target\":{\"@type\":\"EntryPoint\",\"urlTemplate\":\"https:\/\/gysfm.com.ar\/inicio\/?s={search_term_string}\"},\"query-input\":{\"@type\":\"PropertyValueSpecification\",\"valueRequired\":true,\"valueName\":\"search_term_string\"}}],\"inLanguage\":\"es\"},{\"@type\":\"Organization\",\"@id\":\"https:\/\/gysfm.com.ar\/inicio\/#organization\",\"name\":\"GYS NOTICIAS |\",\"url\":\"https:\/\/gysfm.com.ar\/inicio\/\",\"logo\":{\"@type\":\"ImageObject\",\"inLanguage\":\"es\",\"@id\":\"https:\/\/gysfm.com.ar\/inicio\/#\/schema\/logo\/image\/\",\"url\":\"https:\/\/gysfm.com.ar\/inicio\/wp-content\/uploads\/2023\/07\/LOGOGYS-OK.png\",\"contentUrl\":\"https:\/\/gysfm.com.ar\/inicio\/wp-content\/uploads\/2023\/07\/LOGOGYS-OK.png\",\"width\":1170,\"height\":872,\"caption\":\"GYS NOTICIAS |\"},\"image\":{\"@id\":\"https:\/\/gysfm.com.ar\/inicio\/#\/schema\/logo\/image\/\"}},{\"@type\":\"Person\",\"@id\":\"https:\/\/gysfm.com.ar\/inicio\/#\/schema\/person\/3abba7593ef2ad19e1be221d54383dc5\",\"name\":\"Prensa G&amp;S FM\",\"image\":{\"@type\":\"ImageObject\",\"inLanguage\":\"es\",\"@id\":\"https:\/\/gysfm.com.ar\/inicio\/#\/schema\/person\/image\/\",\"url\":\"https:\/\/secure.gravatar.com\/avatar\/096ec78df02049ab018702bb4ccedf659377fa92a26540b5247612077a0dbd29?s=96&d=mm&r=g\",\"contentUrl\":\"https:\/\/secure.gravatar.com\/avatar\/096ec78df02049ab018702bb4ccedf659377fa92a26540b5247612077a0dbd29?s=96&d=mm&r=g\",\"caption\":\"Prensa G&amp;S FM\"},\"sameAs\":[\"https:\/\/gysfm.com.ar\/\"],\"url\":\"https:\/\/gysfm.com.ar\/inicio\/author\/lucasm\/\"}]}<\/script>\n<!-- \/ Yoast SEO plugin. -->","yoast_head_json":{"title":"Ahora viene lo mejor, pero el que no viene m\u00e1s es el bondi - GYS NOTICIAS |","robots":{"index":"index","follow":"follow","max-snippet":"max-snippet:-1","max-image-preview":"max-image-preview:large","max-video-preview":"max-video-preview:-1"},"canonical":"https:\/\/gysfm.com.ar\/inicio\/ahora-viene-lo-mejor-pero-el-que-no-viene-mas-es-el-bondi\/","og_locale":"es_ES","og_type":"article","og_title":"Ahora viene lo mejor, pero el que no viene m\u00e1s es el bondi - GYS NOTICIAS |","og_description":"Se vienen los mejores 18 meses de las \u00faltimas d\u00e9cadas. Pero el que no viene nunca es el bondi. Un informe de la Asociaci\u00f3n Argentina de Empresarios del Transporte Automotor conocido este lunes muestra que en lo que va de abril cayeron un 18% los kil\u00f3metros promedio recorridos por colectivos en d\u00edas h\u00e1biles en el [&hellip;]","og_url":"https:\/\/gysfm.com.ar\/inicio\/ahora-viene-lo-mejor-pero-el-que-no-viene-mas-es-el-bondi\/","og_site_name":"GYS NOTICIAS |","article_published_time":"2026-04-21T19:17:05+00:00","og_image":[{"url":"https:\/\/fotos.perfil.com\/\/2026\/03\/03\/900\/0\/nuevo-aumento-de-colectivos-en-marzo-de-2026-03033036-2195615.jpg?webp","type":"","width":"","height":""}],"author":"Prensa G&amp;S FM","twitter_card":"summary_large_image","twitter_misc":{"Escrito por":"Prensa G&amp;S FM","Tiempo de lectura":"5 minutos"},"schema":{"@context":"https:\/\/schema.org","@graph":[{"@type":"Article","@id":"https:\/\/gysfm.com.ar\/inicio\/ahora-viene-lo-mejor-pero-el-que-no-viene-mas-es-el-bondi\/#article","isPartOf":{"@id":"https:\/\/gysfm.com.ar\/inicio\/ahora-viene-lo-mejor-pero-el-que-no-viene-mas-es-el-bondi\/"},"author":{"name":"Prensa G&amp;S FM","@id":"https:\/\/gysfm.com.ar\/inicio\/#\/schema\/person\/3abba7593ef2ad19e1be221d54383dc5"},"headline":"Ahora viene lo mejor, pero el que no viene m\u00e1s es el bondi","datePublished":"2026-04-21T19:17:05+00:00","mainEntityOfPage":{"@id":"https:\/\/gysfm.com.ar\/inicio\/ahora-viene-lo-mejor-pero-el-que-no-viene-mas-es-el-bondi\/"},"wordCount":1107,"publisher":{"@id":"https:\/\/gysfm.com.ar\/inicio\/#organization"},"image":{"@id":"https:\/\/gysfm.com.ar\/inicio\/ahora-viene-lo-mejor-pero-el-que-no-viene-mas-es-el-bondi\/#primaryimage"},"thumbnailUrl":"https:\/\/gysfm.com.ar\/inicio\/wp-content\/uploads\/2026\/04\/luis-caputo-en-amcham-summit-2026-14042026-2219995.jpg","articleSection":["NACIONALES"],"inLanguage":"es"},{"@type":"WebPage","@id":"https:\/\/gysfm.com.ar\/inicio\/ahora-viene-lo-mejor-pero-el-que-no-viene-mas-es-el-bondi\/","url":"https:\/\/gysfm.com.ar\/inicio\/ahora-viene-lo-mejor-pero-el-que-no-viene-mas-es-el-bondi\/","name":"Ahora viene lo mejor, pero el que no viene m\u00e1s es el bondi - GYS NOTICIAS |","isPartOf":{"@id":"https:\/\/gysfm.com.ar\/inicio\/#website"},"primaryImageOfPage":{"@id":"https:\/\/gysfm.com.ar\/inicio\/ahora-viene-lo-mejor-pero-el-que-no-viene-mas-es-el-bondi\/#primaryimage"},"image":{"@id":"https:\/\/gysfm.com.ar\/inicio\/ahora-viene-lo-mejor-pero-el-que-no-viene-mas-es-el-bondi\/#primaryimage"},"thumbnailUrl":"https:\/\/gysfm.com.ar\/inicio\/wp-content\/uploads\/2026\/04\/luis-caputo-en-amcham-summit-2026-14042026-2219995.jpg","datePublished":"2026-04-21T19:17:05+00:00","breadcrumb":{"@id":"https:\/\/gysfm.com.ar\/inicio\/ahora-viene-lo-mejor-pero-el-que-no-viene-mas-es-el-bondi\/#breadcrumb"},"inLanguage":"es","potentialAction":[{"@type":"ReadAction","target":["https:\/\/gysfm.com.ar\/inicio\/ahora-viene-lo-mejor-pero-el-que-no-viene-mas-es-el-bondi\/"]}]},{"@type":"ImageObject","inLanguage":"es","@id":"https:\/\/gysfm.com.ar\/inicio\/ahora-viene-lo-mejor-pero-el-que-no-viene-mas-es-el-bondi\/#primaryimage","url":"https:\/\/gysfm.com.ar\/inicio\/wp-content\/uploads\/2026\/04\/luis-caputo-en-amcham-summit-2026-14042026-2219995.jpg","contentUrl":"https:\/\/gysfm.com.ar\/inicio\/wp-content\/uploads\/2026\/04\/luis-caputo-en-amcham-summit-2026-14042026-2219995.jpg","width":1140,"height":641},{"@type":"BreadcrumbList","@id":"https:\/\/gysfm.com.ar\/inicio\/ahora-viene-lo-mejor-pero-el-que-no-viene-mas-es-el-bondi\/#breadcrumb","itemListElement":[{"@type":"ListItem","position":1,"name":"Portada","item":"https:\/\/gysfm.com.ar\/inicio\/"},{"@type":"ListItem","position":2,"name":"Ahora viene lo mejor, pero el que no viene m\u00e1s es el bondi"}]},{"@type":"WebSite","@id":"https:\/\/gysfm.com.ar\/inicio\/#website","url":"https:\/\/gysfm.com.ar\/inicio\/","name":"GYS NOTICIAS |","description":"DIARIO - RADIO ONLINE SAN JUAN ARGENTINA","publisher":{"@id":"https:\/\/gysfm.com.ar\/inicio\/#organization"},"potentialAction":[{"@type":"SearchAction","target":{"@type":"EntryPoint","urlTemplate":"https:\/\/gysfm.com.ar\/inicio\/?s={search_term_string}"},"query-input":{"@type":"PropertyValueSpecification","valueRequired":true,"valueName":"search_term_string"}}],"inLanguage":"es"},{"@type":"Organization","@id":"https:\/\/gysfm.com.ar\/inicio\/#organization","name":"GYS NOTICIAS |","url":"https:\/\/gysfm.com.ar\/inicio\/","logo":{"@type":"ImageObject","inLanguage":"es","@id":"https:\/\/gysfm.com.ar\/inicio\/#\/schema\/logo\/image\/","url":"https:\/\/gysfm.com.ar\/inicio\/wp-content\/uploads\/2023\/07\/LOGOGYS-OK.png","contentUrl":"https:\/\/gysfm.com.ar\/inicio\/wp-content\/uploads\/2023\/07\/LOGOGYS-OK.png","width":1170,"height":872,"caption":"GYS NOTICIAS |"},"image":{"@id":"https:\/\/gysfm.com.ar\/inicio\/#\/schema\/logo\/image\/"}},{"@type":"Person","@id":"https:\/\/gysfm.com.ar\/inicio\/#\/schema\/person\/3abba7593ef2ad19e1be221d54383dc5","name":"Prensa G&amp;S FM","image":{"@type":"ImageObject","inLanguage":"es","@id":"https:\/\/gysfm.com.ar\/inicio\/#\/schema\/person\/image\/","url":"https:\/\/secure.gravatar.com\/avatar\/096ec78df02049ab018702bb4ccedf659377fa92a26540b5247612077a0dbd29?s=96&d=mm&r=g","contentUrl":"https:\/\/secure.gravatar.com\/avatar\/096ec78df02049ab018702bb4ccedf659377fa92a26540b5247612077a0dbd29?s=96&d=mm&r=g","caption":"Prensa G&amp;S FM"},"sameAs":["https:\/\/gysfm.com.ar\/"],"url":"https:\/\/gysfm.com.ar\/inicio\/author\/lucasm\/"}]}},"_links":{"self":[{"href":"https:\/\/gysfm.com.ar\/inicio\/wp-json\/wp\/v2\/posts\/192151","targetHints":{"allow":["GET"]}}],"collection":[{"href":"https:\/\/gysfm.com.ar\/inicio\/wp-json\/wp\/v2\/posts"}],"about":[{"href":"https:\/\/gysfm.com.ar\/inicio\/wp-json\/wp\/v2\/types\/post"}],"author":[{"embeddable":true,"href":"https:\/\/gysfm.com.ar\/inicio\/wp-json\/wp\/v2\/users\/2"}],"replies":[{"embeddable":true,"href":"https:\/\/gysfm.com.ar\/inicio\/wp-json\/wp\/v2\/comments?post=192151"}],"version-history":[{"count":0,"href":"https:\/\/gysfm.com.ar\/inicio\/wp-json\/wp\/v2\/posts\/192151\/revisions"}],"wp:featuredmedia":[{"embeddable":true,"href":"https:\/\/gysfm.com.ar\/inicio\/wp-json\/wp\/v2\/media\/192152"}],"wp:attachment":[{"href":"https:\/\/gysfm.com.ar\/inicio\/wp-json\/wp\/v2\/media?parent=192151"}],"wp:term":[{"taxonomy":"category","embeddable":true,"href":"https:\/\/gysfm.com.ar\/inicio\/wp-json\/wp\/v2\/categories?post=192151"},{"taxonomy":"post_tag","embeddable":true,"href":"https:\/\/gysfm.com.ar\/inicio\/wp-json\/wp\/v2\/tags?post=192151"}],"curies":[{"name":"wp","href":"https:\/\/api.w.org\/{rel}","templated":true}]}}